{"id":963833,"date":"2017-12-19T11:43:47","date_gmt":"2017-12-19T11:43:47","guid":{"rendered":"http:\/\/www.eldigitaldeasturias.com\/noticias\/?p=963833"},"modified":"2017-12-19T11:43:47","modified_gmt":"2017-12-19T11:43:47","slug":"tejerina-el-desperdicio-alimentario-es-un-grave-problema-para-la-humanidad","status":"publish","type":"post","link":"https:\/\/www.eldigitaldeasturias.com\/noticias\/tejerina-el-desperdicio-alimentario-es-un-grave-problema-para-la-humanidad\/","title":{"rendered":"Tejerina: \u201cEl desperdicio alimentario es un grave problema para la humanidad\u201d"},"content":{"rendered":"<p><img loading=\"lazy\" decoding=\"async\" class=\"alignleft size-medium wp-image-963834\" src=\"https:\/\/www.eldigitaldeasturias.com\/noticias\/wp-content\/uploads\/2017\/12\/181217-tejerina-360x239.jpg\" alt=\"\" width=\"360\" height=\"239\" \/>La ministra de Agricultura y Pesca, Alimentaci\u00f3n y Medio Ambiente, Isabel Garcia Tejerina, ha calificado el desperdicio alimentario como un grave problema para la humanidad, que reclama la necesidad de adoptar medidas para su correcci\u00f3n.<\/p>\n<p>En esa l\u00ednea, ha asegurado que la Estrategia \u00abM\u00e1s alimento, menos desperdicio\u00bb, elaborada y puesta en marcha por el Ministerio en 2013, canaliza las iniciativas de todas las partes comprometidas e implicadas en la reducci\u00f3n del desperdicio.<\/p>\n<p>Garc\u00eda Tejerina que ha inaugurado hoy la presentaci\u00f3n de la nueva etapa de esta Estrategia para el periodo 2017- 2020, ha recordado que seg\u00fan las \u00faltimas estimaciones se desperdicia un tercio de la producci\u00f3n mundial de alimentos, 1300 millones de toneladas. Una situaci\u00f3n, ha se\u00f1alado, que tiene importantes repercusiones econ\u00f3micas, sociales y medioambientales, ya que las p\u00e9rdidas y desperdicio alimentarios representan un coste para la econom\u00eda global de cerca de un bill\u00f3n de d\u00f3lares al a\u00f1o y agravan la inseguridad alimentaria y la malnutrici\u00f3n Y es que, ha a\u00f1adido, se estima que, con una cuarta parte de los alimentos que se pierden o desperdician, podr\u00eda alimentarse a la poblaci\u00f3n que pasa hambre en el mundo.<\/p>\n<p>En este \u00e1mbito ha destacado la situaci\u00f3n de Espa\u00f1a, el s\u00e9ptimo Estado miembro que m\u00e1s alimentos desperdicia en cifras absolutas, 7,7 millones de toneladas al a\u00f1o, que suponen un coste de 3.000 millones de euros anuales.<\/p>\n<p>Un problema, ha indicado, que ha movido al Ministerio a elaborar y poner en pr\u00e1ctica la Estrategia \u00abMas alimento, menos desperdicio\u00bb, trabajando, junto a muchas organizaciones y empresas, en el desarrollo de un importante n\u00famero de iniciativas que est\u00e1n dando sus frutos.<\/p>\n<p>De hecho, ha explicado la ministra, hemos cumplido gran parte de los objetivos que se plantearon en el documento inicial, especialmente en la generaci\u00f3n de conocimiento, divulgaci\u00f3n y promoci\u00f3n de buenas pr\u00e1cticas, y colaboraci\u00f3n con otros agentes.<\/p>\n<p><strong>Nuevo periodo 2017-2020<\/strong><\/p>\n<p>Tal como ha explicado la ministra, esta Estrategia ha sido objeto de revisi\u00f3n para su aplicaci\u00f3n durante el periodo 2017 &#8211; 2020, con ocho \u00e1reas de actuaci\u00f3n con las que se quiere cubrir todos los aspectos necesarios para abordar el problema del desperdicio alimentario.<\/p>\n<p>Para ello, ha apuntado Garc\u00eda Tejerina, se incide en la necesidad de continuar cuantificando el desperdicio alimentario, en todos los eslabones de la cadena alimentaria, como primer elemento para establecer las actuaciones, y en intensificar la labor de formaci\u00f3n y sensibilizaci\u00f3n, investigaci\u00f3n e innovaci\u00f3n.<\/p>\n<p>Cara a ese nuevo periodo, ha insistido en la necesidad de contar con la colaboraci\u00f3n de entidades, asociaciones, empresas, productores y consumidores ya que, ha afirmado, la solidaridad es hoy, m\u00e1s que nunca, un pilar clave para avanzar.<\/p>\n<p>Tambi\u00e9n ha resaltado la importancia de contar con el compromiso pol\u00edtico. Un apoyo, ha subrayado, que no va a faltar. En este sentido ha explicado que se vienen impulsando iniciativas desde el Grupo Parlamentario Popular y en coordinaci\u00f3n con el Ministerio, que constituir\u00e1n, ha asegurado, un avance decisivo en la lucha contra el desperdicio alimentario.<\/p>\n<p>Adem\u00e1s, ha destacado la iniciativa de la Comisi\u00f3n de Agricultura y Alimentaci\u00f3n del Senado, que ha constituido una Ponencia de Estudio, que desde el mes de junio viene trabajando para conocer y valorar el alcance del problema y proponer la adopci\u00f3n de medidas para reducirlo.<\/p>\n<p>Garc\u00eda Tejerina ha finalizado su intervenci\u00f3n resaltando la importante relaci\u00f3n existente entre el desperdicio alimentario y el medio ambiente y cambio clim\u00e1tico, que se incluyen en la Estrategia, recordando que se est\u00e1 elaborando una Ley de cambio clim\u00e1tico y transici\u00f3n energ\u00e9tica que permita a la econom\u00eda espa\u00f1ola un desarrollo bajo en emisiones. Un proceso en el que la Estrategia ser\u00e1 un instrumento eficaz de apoyo.<\/p>\n<p>Pondremos, ha concluido la ministra, toda nuestra ilusi\u00f3n y capacidad de trabajo, para seguir avanzando en la Estrategia \u00abM\u00e1s alimento, menos desperdicio\u00bb, que est\u00e1 incardinada con nuestras pol\u00edticas de sostenibilidad y est\u00e1 en l\u00ednea con las iniciativas comunitarias y mundiales en favor de la sostenibilidad y el desarrollo, encuadr\u00e1ndose en las actuaciones del Paquete de Econom\u00eda Circular y del cumplimiento de los Objetivos de Desarrollo Sostenible.<\/p>\n","protected":false},"excerpt":{"rendered":"<p>La ministra de Agricultura y Pesca, Alimentaci\u00f3n y Medio Ambiente, Isabel Garcia Tejerina, ha calificado el desperdicio alimentario como un grave problema para la humanidad, que reclama la necesidad de adoptar medidas para su correcci\u00f3n. En esa l\u00ednea, ha asegurado que la Estrategia \u00abM\u00e1s alimento, menos desperdicio\u00bb, elaborada y puesta en marcha por el Ministerio [&hellip;]<\/p>\n","protected":false},"author":1,"featured_media":963834,"comment_status":"closed","ping_status":"closed","sticky":false,"template":"","format":"standard","meta":{"footnotes":""},"categories":[1],"tags":[],"class_list":["post-963833","post","type-post","status-publish","format-standard","has-post-thumbnail","hentry","category-actualidad"],"aioseo_notices":[],"aioseo_head":"\n\t\t<!-- All in One SEO Pro 5.0.1 - aioseo.com -->\n\t<meta name=\"description\" content=\"La ministra de Agricultura y Pesca, Alimentaci\u00f3n y Medio Ambiente, Isabel Garcia Tejerina, ha calificado el desperdicio alimentario como un grave problema para la humanidad, que reclama la necesidad de adoptar medidas para su correcci\u00f3n. En esa l\u00ednea, ha asegurado que la Estrategia &quot;M\u00e1s alimento, menos desperdicio&quot;, elaborada y puesta en marcha por el Ministerio\" \/>\n\t<meta name=\"robots\" content=\"max-image-preview:large\" \/>\n\t<meta name=\"author\" content=\"El Digital de Asturias\"\/>\n\t<meta name=\"google-site-verification\" content=\"UA-38556648-1\" \/>\n\t<meta name=\"msvalidate.01\" content=\"7dfe9f3f1b24437ab69f4f2559babe99\" \/>\n\t<meta name=\"keywords\" content=\"actualidad\" \/>\n\t<link rel=\"canonical\" href=\"https:\/\/www.eldigitaldeasturias.com\/noticias\/tejerina-el-desperdicio-alimentario-es-un-grave-problema-para-la-humanidad\/\" \/>\n\t<meta name=\"generator\" content=\"All in One SEO Pro (AIOSEO) 5.0.1\" \/>\n\t\t<meta property=\"og:locale\" content=\"es_ES\" \/>\n\t\t<meta property=\"og:site_name\" content=\"El Digital de Asturias\" \/>\n\t\t<meta property=\"og:type\" content=\"article\" \/>\n\t\t<meta property=\"og:title\" content=\"Tejerina: \u201cEl desperdicio alimentario es un grave problema para la humanidad\u201d - El Digital de Asturias\" \/>\n\t\t<meta property=\"og:description\" content=\"La ministra de Agricultura y Pesca, Alimentaci\u00f3n y Medio Ambiente, Isabel Garcia Tejerina, ha calificado el desperdicio alimentario como un grave problema para la humanidad, que reclama la necesidad de adoptar medidas para su correcci\u00f3n. En esa l\u00ednea, ha asegurado que la Estrategia &quot;M\u00e1s alimento, menos desperdicio&quot;, elaborada y puesta en marcha por el Ministerio\" \/>\n\t\t<meta property=\"og:url\" content=\"https:\/\/www.eldigitaldeasturias.com\/noticias\/tejerina-el-desperdicio-alimentario-es-un-grave-problema-para-la-humanidad\/\" \/>\n\t\t<meta property=\"article:tag\" content=\"actualidad\" \/>\n\t\t<meta property=\"article:published_time\" content=\"2017-12-19T11:43:47+00:00\" \/>\n\t\t<meta property=\"article:modified_time\" content=\"2017-12-19T11:43:47+00:00\" \/>\n\t\t<meta property=\"article:publisher\" content=\"https:\/\/facebook.com\/eldigitaldeasturias\" \/>\n\t\t<meta name=\"twitter:card\" content=\"summary_large_image\" \/>\n\t\t<meta name=\"twitter:title\" content=\"Tejerina: \u201cEl desperdicio alimentario es un grave problema para la humanidad\u201d - El Digital de Asturias\" \/>\n\t\t<meta name=\"twitter:description\" content=\"La ministra de Agricultura y Pesca, Alimentaci\u00f3n y Medio Ambiente, Isabel Garcia Tejerina, ha calificado el desperdicio alimentario como un grave problema para la humanidad, que reclama la necesidad de adoptar medidas para su correcci\u00f3n. En esa l\u00ednea, ha asegurado que la Estrategia &quot;M\u00e1s alimento, menos desperdicio&quot;, elaborada y puesta en marcha por el Ministerio\" \/>\n\t\t<meta name=\"twitter:image\" content=\"https:\/\/www.eldigitaldeasturias.com\/noticias\/wp-content\/uploads\/2020\/12\/EDA-1.jpg\" \/>\n\t\t<meta name=\"twitter:label1\" content=\"Escrito por\" \/>\n\t\t<meta name=\"twitter:data1\" content=\"El Digital de Asturias\" \/>\n\t\t<meta name=\"twitter:label2\" content=\"Tiempo de lectura estimado\" \/>\n\t\t<meta name=\"twitter:data2\" content=\"4 minutos\" \/>\n\t\t<script type=\"application\/ld+json\" class=\"aioseo-schema\">\n\t\t\t{\"@context\":\"https:\\\/\\\/schema.org\",\"@graph\":[{\"@type\":\"BlogPosting\",\"@id\":\"https:\\\/\\\/www.eldigitaldeasturias.com\\\/noticias\\\/tejerina-el-desperdicio-alimentario-es-un-grave-problema-para-la-humanidad\\\/#blogposting\",\"name\":\"Tejerina: \\u201cEl desperdicio alimentario es un grave problema para la humanidad\\u201d - El Digital de Asturias\",\"headline\":\"Tejerina: \\u201cEl desperdicio alimentario es un grave problema para la humanidad\\u201d\",\"author\":{\"@id\":\"https:\\\/\\\/www.eldigitaldeasturias.com\\\/noticias\\\/author\\\/admin\\\/#author\"},\"publisher\":{\"@id\":\"https:\\\/\\\/www.eldigitaldeasturias.com\\\/noticias\\\/#organization\"},\"image\":{\"@type\":\"ImageObject\",\"url\":963834},\"datePublished\":\"2017-12-19T11:43:47+01:00\",\"dateModified\":\"2017-12-19T11:43:47+01:00\",\"inLanguage\":\"es-ES\",\"mainEntityOfPage\":{\"@id\":\"https:\\\/\\\/www.eldigitaldeasturias.com\\\/noticias\\\/tejerina-el-desperdicio-alimentario-es-un-grave-problema-para-la-humanidad\\\/#webpage\"},\"isPartOf\":{\"@id\":\"https:\\\/\\\/www.eldigitaldeasturias.com\\\/noticias\\\/tejerina-el-desperdicio-alimentario-es-un-grave-problema-para-la-humanidad\\\/#webpage\"},\"articleSection\":\"Actualidad\"},{\"@type\":\"BreadcrumbList\",\"@id\":\"https:\\\/\\\/www.eldigitaldeasturias.com\\\/noticias\\\/tejerina-el-desperdicio-alimentario-es-un-grave-problema-para-la-humanidad\\\/#breadcrumblist\",\"itemListElement\":[{\"@type\":\"ListItem\",\"@id\":\"https:\\\/\\\/www.eldigitaldeasturias.com\\\/noticias#listItem\",\"position\":1,\"name\":\"Home\",\"item\":\"https:\\\/\\\/www.eldigitaldeasturias.com\\\/noticias\",\"nextItem\":{\"@type\":\"ListItem\",\"@id\":\"https:\\\/\\\/www.eldigitaldeasturias.com\\\/noticias\\\/category\\\/actualidad\\\/#listItem\",\"name\":\"Actualidad\"}},{\"@type\":\"ListItem\",\"@id\":\"https:\\\/\\\/www.eldigitaldeasturias.com\\\/noticias\\\/category\\\/actualidad\\\/#listItem\",\"position\":2,\"name\":\"Actualidad\",\"item\":\"https:\\\/\\\/www.eldigitaldeasturias.com\\\/noticias\\\/category\\\/actualidad\\\/\",\"nextItem\":{\"@type\":\"ListItem\",\"@id\":\"https:\\\/\\\/www.eldigitaldeasturias.com\\\/noticias\\\/tejerina-el-desperdicio-alimentario-es-un-grave-problema-para-la-humanidad\\\/#listItem\",\"name\":\"Tejerina: \\u201cEl desperdicio alimentario es un grave problema para la humanidad\\u201d\"},\"previousItem\":{\"@type\":\"ListItem\",\"@id\":\"https:\\\/\\\/www.eldigitaldeasturias.com\\\/noticias#listItem\",\"name\":\"Home\"}},{\"@type\":\"ListItem\",\"@id\":\"https:\\\/\\\/www.eldigitaldeasturias.com\\\/noticias\\\/tejerina-el-desperdicio-alimentario-es-un-grave-problema-para-la-humanidad\\\/#listItem\",\"position\":3,\"name\":\"Tejerina: \\u201cEl desperdicio alimentario es un grave problema para la humanidad\\u201d\",\"previousItem\":{\"@type\":\"ListItem\",\"@id\":\"https:\\\/\\\/www.eldigitaldeasturias.com\\\/noticias\\\/category\\\/actualidad\\\/#listItem\",\"name\":\"Actualidad\"}}]},{\"@type\":\"Organization\",\"@id\":\"https:\\\/\\\/www.eldigitaldeasturias.com\\\/noticias\\\/#organization\",\"name\":\"El Digital de Asturias\",\"description\":\"Hemeroteca\",\"url\":\"https:\\\/\\\/www.eldigitaldeasturias.com\\\/noticias\\\/\",\"email\":\"info@eldigitaldeasturias.com\",\"telephone\":\"+34652131393\",\"logo\":{\"@type\":\"ImageObject\",\"url\":\"https:\\\/\\\/www.eldigitaldeasturias.com\\\/noticias\\\/wp-content\\\/uploads\\\/2020\\\/12\\\/EDA.jpg\",\"@id\":\"https:\\\/\\\/www.eldigitaldeasturias.com\\\/noticias\\\/tejerina-el-desperdicio-alimentario-es-un-grave-problema-para-la-humanidad\\\/#organizationLogo\"},\"image\":{\"@id\":\"https:\\\/\\\/www.eldigitaldeasturias.com\\\/noticias\\\/tejerina-el-desperdicio-alimentario-es-un-grave-problema-para-la-humanidad\\\/#organizationLogo\"},\"sameAs\":[\"https:\\\/\\\/facebook.com\\\/eldigitaldeasturias\",\"https:\\\/\\\/www.youtube.com\\\/channel\\\/UCZP-2wLEB9Rv6erhFmqVnvg\"],\"address\":{\"@id\":\"https:\\\/\\\/www.eldigitaldeasturias.com\\\/noticias\\\/#postaladdress\",\"@type\":\"PostalAddress\",\"streetAddress\":\"san antonio 4\",\"postalCode\":\"33430\",\"addressLocality\":\"Cand\\u00e1s\",\"addressRegion\":\"Asturias\",\"addressCountry\":\"ES\"}},{\"@type\":\"Person\",\"@id\":\"https:\\\/\\\/www.eldigitaldeasturias.com\\\/noticias\\\/author\\\/admin\\\/#author\",\"url\":\"https:\\\/\\\/www.eldigitaldeasturias.com\\\/noticias\\\/author\\\/admin\\\/\",\"name\":\"El Digital de Asturias\",\"image\":{\"@type\":\"ImageObject\",\"@id\":\"https:\\\/\\\/www.eldigitaldeasturias.com\\\/noticias\\\/tejerina-el-desperdicio-alimentario-es-un-grave-problema-para-la-humanidad\\\/#authorImage\",\"url\":\"https:\\\/\\\/secure.gravatar.com\\\/avatar\\\/df2aeffc32bcd13f8d26072ef8a91b623d677766deac7f97ca815868cd41bf5e?s=96&d=mm&r=g\",\"width\":96,\"height\":96,\"caption\":\"El Digital de Asturias\"}},{\"@type\":\"WebPage\",\"@id\":\"https:\\\/\\\/www.eldigitaldeasturias.com\\\/noticias\\\/tejerina-el-desperdicio-alimentario-es-un-grave-problema-para-la-humanidad\\\/#webpage\",\"url\":\"https:\\\/\\\/www.eldigitaldeasturias.com\\\/noticias\\\/tejerina-el-desperdicio-alimentario-es-un-grave-problema-para-la-humanidad\\\/\",\"name\":\"Tejerina: \\u201cEl desperdicio alimentario es un grave problema para la humanidad\\u201d - El Digital de Asturias\",\"description\":\"La ministra de Agricultura y Pesca, Alimentaci\\u00f3n y Medio Ambiente, Isabel Garcia Tejerina, ha calificado el desperdicio alimentario como un grave problema para la humanidad, que reclama la necesidad de adoptar medidas para su correcci\\u00f3n. En esa l\\u00ednea, ha asegurado que la Estrategia \\\"M\\u00e1s alimento, menos desperdicio\\\", elaborada y puesta en marcha por el Ministerio\",\"inLanguage\":\"es-ES\",\"isPartOf\":{\"@id\":\"https:\\\/\\\/www.eldigitaldeasturias.com\\\/noticias\\\/#website\"},\"breadcrumb\":{\"@id\":\"https:\\\/\\\/www.eldigitaldeasturias.com\\\/noticias\\\/tejerina-el-desperdicio-alimentario-es-un-grave-problema-para-la-humanidad\\\/#breadcrumblist\"},\"author\":{\"@id\":\"https:\\\/\\\/www.eldigitaldeasturias.com\\\/noticias\\\/author\\\/admin\\\/#author\"},\"creator\":{\"@id\":\"https:\\\/\\\/www.eldigitaldeasturias.com\\\/noticias\\\/author\\\/admin\\\/#author\"},\"image\":{\"@type\":\"ImageObject\",\"url\":963834,\"@id\":\"https:\\\/\\\/www.eldigitaldeasturias.com\\\/noticias\\\/tejerina-el-desperdicio-alimentario-es-un-grave-problema-para-la-humanidad\\\/#mainImage\"},\"primaryImageOfPage\":{\"@id\":\"https:\\\/\\\/www.eldigitaldeasturias.com\\\/noticias\\\/tejerina-el-desperdicio-alimentario-es-un-grave-problema-para-la-humanidad\\\/#mainImage\"},\"datePublished\":\"2017-12-19T11:43:47+01:00\",\"dateModified\":\"2017-12-19T11:43:47+01:00\"},{\"@type\":\"WebSite\",\"@id\":\"https:\\\/\\\/www.eldigitaldeasturias.com\\\/noticias\\\/#website\",\"url\":\"https:\\\/\\\/www.eldigitaldeasturias.com\\\/noticias\\\/\",\"name\":\"El Digital de Asturias - Diario de actualidad y noticias\",\"alternateName\":\"El Digital de Asturias - Diario de actualidad y noticias\",\"description\":\"Hemeroteca\",\"inLanguage\":\"es-ES\",\"publisher\":{\"@id\":\"https:\\\/\\\/www.eldigitaldeasturias.com\\\/noticias\\\/#organization\"}}]}\n\t\t<\/script>\n\t\t<!-- All in One SEO Pro -->\r\n\t\t<title>Tejerina: \u201cEl desperdicio alimentario es un grave problema para la humanidad\u201d - El Digital de Asturias<\/title>\n\n","aioseo_head_json":{"title":"Tejerina: \u201cEl desperdicio alimentario es un grave problema para la humanidad\u201d - El Digital de Asturias","description":"La ministra de Agricultura y Pesca, Alimentaci\u00f3n y Medio Ambiente, Isabel Garcia Tejerina, ha calificado el desperdicio alimentario como un grave problema para la humanidad, que reclama la necesidad de adoptar medidas para su correcci\u00f3n. En esa l\u00ednea, ha asegurado que la Estrategia \"M\u00e1s alimento, menos desperdicio\", elaborada y puesta en marcha por el Ministerio","canonical_url":"https:\/\/www.eldigitaldeasturias.com\/noticias\/tejerina-el-desperdicio-alimentario-es-un-grave-problema-para-la-humanidad\/","robots":"max-image-preview:large","keywords":"actualidad","webmasterTools":{"google-site-verification":"UA-38556648-1","msvalidate.01":"7dfe9f3f1b24437ab69f4f2559babe99","miscellaneous":""},"schema":{"@context":"https:\/\/schema.org","@graph":[{"@type":"BlogPosting","@id":"https:\/\/www.eldigitaldeasturias.com\/noticias\/tejerina-el-desperdicio-alimentario-es-un-grave-problema-para-la-humanidad\/#blogposting","name":"Tejerina: \u201cEl desperdicio alimentario es un grave problema para la humanidad\u201d - El Digital de Asturias","headline":"Tejerina: \u201cEl desperdicio alimentario es un grave problema para la humanidad\u201d","author":{"@id":"https:\/\/www.eldigitaldeasturias.com\/noticias\/author\/admin\/#author"},"publisher":{"@id":"https:\/\/www.eldigitaldeasturias.com\/noticias\/#organization"},"image":{"@type":"ImageObject","url":963834},"datePublished":"2017-12-19T11:43:47+01:00","dateModified":"2017-12-19T11:43:47+01:00","inLanguage":"es-ES","mainEntityOfPage":{"@id":"https:\/\/www.eldigitaldeasturias.com\/noticias\/tejerina-el-desperdicio-alimentario-es-un-grave-problema-para-la-humanidad\/#webpage"},"isPartOf":{"@id":"https:\/\/www.eldigitaldeasturias.com\/noticias\/tejerina-el-desperdicio-alimentario-es-un-grave-problema-para-la-humanidad\/#webpage"},"articleSection":"Actualidad"},{"@type":"BreadcrumbList","@id":"https:\/\/www.eldigitaldeasturias.com\/noticias\/tejerina-el-desperdicio-alimentario-es-un-grave-problema-para-la-humanidad\/#breadcrumblist","itemListElement":[{"@type":"ListItem","@id":"https:\/\/www.eldigitaldeasturias.com\/noticias#listItem","position":1,"name":"Home","item":"https:\/\/www.eldigitaldeasturias.com\/noticias","nextItem":{"@type":"ListItem","@id":"https:\/\/www.eldigitaldeasturias.com\/noticias\/category\/actualidad\/#listItem","name":"Actualidad"}},{"@type":"ListItem","@id":"https:\/\/www.eldigitaldeasturias.com\/noticias\/category\/actualidad\/#listItem","position":2,"name":"Actualidad","item":"https:\/\/www.eldigitaldeasturias.com\/noticias\/category\/actualidad\/","nextItem":{"@type":"ListItem","@id":"https:\/\/www.eldigitaldeasturias.com\/noticias\/tejerina-el-desperdicio-alimentario-es-un-grave-problema-para-la-humanidad\/#listItem","name":"Tejerina: \u201cEl desperdicio alimentario es un grave problema para la humanidad\u201d"},"previousItem":{"@type":"ListItem","@id":"https:\/\/www.eldigitaldeasturias.com\/noticias#listItem","name":"Home"}},{"@type":"ListItem","@id":"https:\/\/www.eldigitaldeasturias.com\/noticias\/tejerina-el-desperdicio-alimentario-es-un-grave-problema-para-la-humanidad\/#listItem","position":3,"name":"Tejerina: \u201cEl desperdicio alimentario es un grave problema para la humanidad\u201d","previousItem":{"@type":"ListItem","@id":"https:\/\/www.eldigitaldeasturias.com\/noticias\/category\/actualidad\/#listItem","name":"Actualidad"}}]},{"@type":"Organization","@id":"https:\/\/www.eldigitaldeasturias.com\/noticias\/#organization","name":"El Digital de Asturias","description":"Hemeroteca","url":"https:\/\/www.eldigitaldeasturias.com\/noticias\/","email":"info@eldigitaldeasturias.com","telephone":"+34652131393","logo":{"@type":"ImageObject","url":"https:\/\/www.eldigitaldeasturias.com\/noticias\/wp-content\/uploads\/2020\/12\/EDA.jpg","@id":"https:\/\/www.eldigitaldeasturias.com\/noticias\/tejerina-el-desperdicio-alimentario-es-un-grave-problema-para-la-humanidad\/#organizationLogo"},"image":{"@id":"https:\/\/www.eldigitaldeasturias.com\/noticias\/tejerina-el-desperdicio-alimentario-es-un-grave-problema-para-la-humanidad\/#organizationLogo"},"sameAs":["https:\/\/facebook.com\/eldigitaldeasturias","https:\/\/www.youtube.com\/channel\/UCZP-2wLEB9Rv6erhFmqVnvg"],"address":{"@id":"https:\/\/www.eldigitaldeasturias.com\/noticias\/#postaladdress","@type":"PostalAddress","streetAddress":"san antonio 4","postalCode":"33430","addressLocality":"Cand\u00e1s","addressRegion":"Asturias","addressCountry":"ES"}},{"@type":"Person","@id":"https:\/\/www.eldigitaldeasturias.com\/noticias\/author\/admin\/#author","url":"https:\/\/www.eldigitaldeasturias.com\/noticias\/author\/admin\/","name":"El Digital de Asturias","image":{"@type":"ImageObject","@id":"https:\/\/www.eldigitaldeasturias.com\/noticias\/tejerina-el-desperdicio-alimentario-es-un-grave-problema-para-la-humanidad\/#authorImage","url":"https:\/\/secure.gravatar.com\/avatar\/df2aeffc32bcd13f8d26072ef8a91b623d677766deac7f97ca815868cd41bf5e?s=96&d=mm&r=g","width":96,"height":96,"caption":"El Digital de Asturias"}},{"@type":"WebPage","@id":"https:\/\/www.eldigitaldeasturias.com\/noticias\/tejerina-el-desperdicio-alimentario-es-un-grave-problema-para-la-humanidad\/#webpage","url":"https:\/\/www.eldigitaldeasturias.com\/noticias\/tejerina-el-desperdicio-alimentario-es-un-grave-problema-para-la-humanidad\/","name":"Tejerina: \u201cEl desperdicio alimentario es un grave problema para la humanidad\u201d - El Digital de Asturias","description":"La ministra de Agricultura y Pesca, Alimentaci\u00f3n y Medio Ambiente, Isabel Garcia Tejerina, ha calificado el desperdicio alimentario como un grave problema para la humanidad, que reclama la necesidad de adoptar medidas para su correcci\u00f3n. En esa l\u00ednea, ha asegurado que la Estrategia \"M\u00e1s alimento, menos desperdicio\", elaborada y puesta en marcha por el Ministerio","inLanguage":"es-ES","isPartOf":{"@id":"https:\/\/www.eldigitaldeasturias.com\/noticias\/#website"},"breadcrumb":{"@id":"https:\/\/www.eldigitaldeasturias.com\/noticias\/tejerina-el-desperdicio-alimentario-es-un-grave-problema-para-la-humanidad\/#breadcrumblist"},"author":{"@id":"https:\/\/www.eldigitaldeasturias.com\/noticias\/author\/admin\/#author"},"creator":{"@id":"https:\/\/www.eldigitaldeasturias.com\/noticias\/author\/admin\/#author"},"image":{"@type":"ImageObject","url":963834,"@id":"https:\/\/www.eldigitaldeasturias.com\/noticias\/tejerina-el-desperdicio-alimentario-es-un-grave-problema-para-la-humanidad\/#mainImage"},"primaryImageOfPage":{"@id":"https:\/\/www.eldigitaldeasturias.com\/noticias\/tejerina-el-desperdicio-alimentario-es-un-grave-problema-para-la-humanidad\/#mainImage"},"datePublished":"2017-12-19T11:43:47+01:00","dateModified":"2017-12-19T11:43:47+01:00"},{"@type":"WebSite","@id":"https:\/\/www.eldigitaldeasturias.com\/noticias\/#website","url":"https:\/\/www.eldigitaldeasturias.com\/noticias\/","name":"El Digital de Asturias - Diario de actualidad y noticias","alternateName":"El Digital de Asturias - Diario de actualidad y noticias","description":"Hemeroteca","inLanguage":"es-ES","publisher":{"@id":"https:\/\/www.eldigitaldeasturias.com\/noticias\/#organization"}}]},"og:locale":"es_ES","og:site_name":"El Digital de Asturias","og:type":"article","og:title":"Tejerina: \u201cEl desperdicio alimentario es un grave problema para la humanidad\u201d - El Digital de Asturias","og:description":"La ministra de Agricultura y Pesca, Alimentaci\u00f3n y Medio Ambiente, Isabel Garcia Tejerina, ha calificado el desperdicio alimentario como un grave problema para la humanidad, que reclama la necesidad de adoptar medidas para su correcci\u00f3n. En esa l\u00ednea, ha asegurado que la Estrategia &quot;M\u00e1s alimento, menos desperdicio&quot;, elaborada y puesta en marcha por el Ministerio","og:url":"https:\/\/www.eldigitaldeasturias.com\/noticias\/tejerina-el-desperdicio-alimentario-es-un-grave-problema-para-la-humanidad\/","article:tag":["actualidad"],"article:published_time":"2017-12-19T11:43:47+00:00","article:modified_time":"2017-12-19T11:43:47+00:00","article:publisher":"https:\/\/facebook.com\/eldigitaldeasturias","twitter:card":"summary_large_image","twitter:title":"Tejerina: \u201cEl desperdicio alimentario es un grave problema para la humanidad\u201d - El Digital de Asturias","twitter:description":"La ministra de Agricultura y Pesca, Alimentaci\u00f3n y Medio Ambiente, Isabel Garcia Tejerina, ha calificado el desperdicio alimentario como un grave problema para la humanidad, que reclama la necesidad de adoptar medidas para su correcci\u00f3n. En esa l\u00ednea, ha asegurado que la Estrategia &quot;M\u00e1s alimento, menos desperdicio&quot;, elaborada y puesta en marcha por el Ministerio","twitter:image":"https:\/\/www.eldigitaldeasturias.com\/noticias\/wp-content\/uploads\/2020\/12\/EDA-1.jpg","twitter:label1":"Escrito por","twitter:data1":"El Digital de Asturias","twitter:label2":"Tiempo de lectura estimado","twitter:data2":"4 minutos"},"aioseo_meta_data":{"post_id":"963833","title":null,"description":null,"keywords":null,"keyphrases":null,"primary_term":null,"canonical_url":null,"og_title":null,"og_description":null,"og_object_type":"default","og_image_type":"default","og_image_url":null,"og_image_width":null,"og_image_height":null,"og_image_custom_url":null,"og_image_custom_fields":null,"og_video":null,"og_custom_url":null,"og_article_section":null,"og_article_tags":null,"twitter_use_og":false,"twitter_card":"default","twitter_image_type":"default","twitter_image_url":null,"twitter_image_custom_url":null,"twitter_image_custom_fields":null,"twitter_title":null,"twitter_description":null,"schema":{"blockGraphs":[],"customGraphs":[],"default":{"data":{"Article":[],"Course":[],"Dataset":[],"FAQPage":[],"Movie":[],"Person":[],"Product":[],"ProductReview":[],"Car":[],"Recipe":[],"Service":[],"SoftwareApplication":[],"WebPage":[]},"graphName":"","isEnabled":true},"graphs":[],"defaultGraph":"","defaultPostTypeGraph":""},"schema_type":null,"schema_type_options":null,"pillar_content":false,"robots_default":true,"robots_noindex":false,"robots_noarchive":false,"robots_nosnippet":false,"robots_nofollow":false,"robots_noimageindex":false,"robots_noodp":false,"robots_notranslate":false,"robots_max_snippet":null,"robots_max_videopreview":null,"robots_max_imagepreview":"large","priority":null,"frequency":null,"local_seo":null,"seo_analyzer_scan_date":"2025-12-07 17:41:07","breadcrumb_settings":null,"limit_modified_date":false,"open_ai":null,"ai":null,"created":"2020-12-21 12:42:37","updated":"2025-12-07 17:41:07","focus_keyword":null,"additional_keywords":null,"truseo_locale":null},"aioseo_breadcrumb":"<div class=\"aioseo-breadcrumbs\"><span class=\"aioseo-breadcrumb\">\n\t<a href=\"https:\/\/www.eldigitaldeasturias.com\/noticias\" title=\"Home\">Home<\/a>\n<\/span><span class=\"aioseo-breadcrumb-separator\">\u2013<\/span><span class=\"aioseo-breadcrumb\">\n\t<a href=\"https:\/\/www.eldigitaldeasturias.com\/noticias\/category\/actualidad\/\" title=\"Actualidad\">Actualidad<\/a>\n<\/span><span class=\"aioseo-breadcrumb-separator\">\u2013<\/span><span class=\"aioseo-breadcrumb\">\n\t<a href=\"https:\/\/www.eldigitaldeasturias.com\/noticias\/tejerina-el-desperdicio-alimentario-es-un-grave-problema-para-la-humanidad\/\" title=\"Tejerina: \u201cEl desperdicio alimentario es un grave problema para la humanidad\u201d\">Tejerina: \u201cEl desperdicio alimentario es un grave problema para la humanidad\u201d<\/a>\n<\/span><\/div>","aioseo_breadcrumb_json":[{"label":"Home","link":"https:\/\/www.eldigitaldeasturias.com\/noticias"},{"label":"Actualidad","link":"https:\/\/www.eldigitaldeasturias.com\/noticias\/category\/actualidad\/"},{"label":"Tejerina: \u201cEl desperdicio alimentario es un grave problema para la humanidad\u201d","link":"https:\/\/www.eldigitaldeasturias.com\/noticias\/tejerina-el-desperdicio-alimentario-es-un-grave-problema-para-la-humanidad\/"}],"_links":{"self":[{"href":"https:\/\/www.eldigitaldeasturias.com\/noticias\/wp-json\/wp\/v2\/posts\/963833","targetHints":{"allow":["GET"]}}],"collection":[{"href":"https:\/\/www.eldigitaldeasturias.com\/noticias\/wp-json\/wp\/v2\/posts"}],"about":[{"href":"https:\/\/www.eldigitaldeasturias.com\/noticias\/wp-json\/wp\/v2\/types\/post"}],"author":[{"embeddable":true,"href":"https:\/\/www.eldigitaldeasturias.com\/noticias\/wp-json\/wp\/v2\/users\/1"}],"replies":[{"embeddable":true,"href":"https:\/\/www.eldigitaldeasturias.com\/noticias\/wp-json\/wp\/v2\/comments?post=963833"}],"version-history":[{"count":0,"href":"https:\/\/www.eldigitaldeasturias.com\/noticias\/wp-json\/wp\/v2\/posts\/963833\/revisions"}],"wp:attachment":[{"href":"https:\/\/www.eldigitaldeasturias.com\/noticias\/wp-json\/wp\/v2\/media?parent=963833"}],"wp:term":[{"taxonomy":"category","embeddable":true,"href":"https:\/\/www.eldigitaldeasturias.com\/noticias\/wp-json\/wp\/v2\/categories?post=963833"},{"taxonomy":"post_tag","embeddable":true,"href":"https:\/\/www.eldigitaldeasturias.com\/noticias\/wp-json\/wp\/v2\/tags?post=963833"}],"curies":[{"name":"wp","href":"https:\/\/api.w.org\/{rel}","templated":true}]}}