{"id":963785,"date":"2017-12-19T09:25:08","date_gmt":"2017-12-19T09:25:08","guid":{"rendered":"http:\/\/www.eldigitaldeasturias.com\/noticias\/?p=963785"},"modified":"2017-12-19T09:25:08","modified_gmt":"2017-12-19T09:25:08","slug":"mas-de-3600-participantes-en-la-campana-ayudanos-el-fuego-no-perdona-de-aragon","status":"publish","type":"post","link":"https:\/\/www.eldigitaldeasturias.com\/noticias\/mas-de-3600-participantes-en-la-campana-ayudanos-el-fuego-no-perdona-de-aragon\/","title":{"rendered":"M\u00e1s de 3600 participantes en la campa\u00f1a \u201cAy\u00fadanos, el fuego no perdona\u201d, de Arag\u00f3n"},"content":{"rendered":"<p><img loading=\"lazy\" decoding=\"async\" class=\"alignleft size-medium wp-image-963786\" src=\"https:\/\/www.eldigitaldeasturias.com\/noticias\/wp-content\/uploads\/2017\/12\/IMG_3544_287efd2-360x159.jpg\" alt=\"\" width=\"360\" height=\"159\" \/>Desde el a\u00f1o 2015, el Gobierno de Arag\u00f3n ha dado un importante impulso a las acciones de sensibilizaci\u00f3n y concienciaci\u00f3n en la lucha contra los incendios forestales, con la realizaci\u00f3n de diferentes actuaciones encaminadas a la dinamizaci\u00f3n de campa\u00f1as escolares, as\u00ed como las dirigidas a los colectivos agrario, ganadero y otros trabajadores del entorno rural.<\/p>\n<p>Asimismo, en la presente campa\u00f1a destacan como novedad, los cursos de formaci\u00f3n dirigidos a los Agentes de Protecci\u00f3n de la Naturaleza que se han realizado en las diferentes provincias con el fin de formar en pautas y procedimientos b\u00e1sicos, as\u00ed como para unificar y armonizar el mensaje institucional en la educaci\u00f3n ambiental sobre los incendios forestales.<\/p>\n<p>En este contexto, el Departamento de Desarrollo Rural y Sostenibilidad ha invertido en acciones de sensibilizaci\u00f3n y concienciaci\u00f3n 41.700 euros en 2017, de los cuales Red El\u00e9ctrica de Espa\u00f1a ha aportado 20.000 euros a trav\u00e9s de un convenio de colaboraci\u00f3n. De esta forma, se han conseguido realizar 249 actividades, que han contado con la participaci\u00f3n de 3.610 personas.<\/p>\n<p>Entre las actividades escolares llevadas a cabo destacan los cuentacuentos infantiles, las charlas, juegos (trivincendios, match, roll) y las salidas al campo formativas; con el colectivo agroganadero se han realizado charlas informativas, al igual que con empresas que trabajan en el medio rural y los Agentes para la Protecci\u00f3n de la Naturaleza han realizado cursos de formaci\u00f3n espec\u00edficos.<\/p>\n<p>Las negligencias y los accidentes entre las principales causas de los incendios forestales<\/p>\n<p>Entre las diversas causas que provocan los incendios forestales en Arag\u00f3n, destacan las negligencias y accidentes en su mayor\u00eda relacionadas con actividades que realiza el hombre y que, debido a descuidos, accidentes, o mal uso de herramientas; producen un n\u00famero de incendios considerable.<\/p>\n<p>En la \u00faltima d\u00e9cada, alrededor del 70% de los incendios que se han producido en Arag\u00f3n son debidos a factores antr\u00f3picos y m\u00e1s de la mitad son debidas a actividades relacionadas con la agricultura y la ganader\u00eda, sectores que de forma tradicional usan el fuego como herramienta de manejo del medio, no consider\u00e1ndolo en muchas ocasiones como algo peligroso.<\/p>\n<p>Los trabajos que realizan otros colectivos en zonas rurales, para el mantenimiento de infraestructuras (ferrocarril, e\u00f3licas, el\u00e9ctricas, etc.) empresas de construcci\u00f3n, trabajos de soldadura, utilizaci\u00f3n de radiales etc., tambi\u00e9n son el origen de muchos de los incendios que se producen en el medio rural.<\/p>\n<p>Para tratar de concienciar a estos colectivos, desconocedores en muchas ocasiones de las consecuencias y repercusiones legales que puede tener originar un incendio, se han realizado estas jornadas que tendr\u00e1n continuidad en 2018. De esta manera, \u201cse podr\u00e1 seguir concienciando de la necesidad de reducir riesgos, provocando cambios en los h\u00e1bitos, a trav\u00e9s de un manejo cuidadoso y eficaz de la maquinaria que se utiliza, as\u00ed como ense\u00f1ar a prevenir riesgos dentro de las diferentes actividades que estos colectivos realizan\u201d, tal y como ha se\u00f1alado el director general de Gesti\u00f3n Forestal, Caza y Pesca, \u00c1ngel Berzosa.<\/p>\n<p>Por otro lado, la educaci\u00f3n ambiental se concibe como una herramienta fundamental para concienciar de la necesidad de conocer los riesgos y la peligrosidad de los incendios forestales en edad escolar. \u201cLa campa\u00f1a escolar es fundamental para concienciar sobre los h\u00e1bitos que pueden ayudar a mejorar el medio natural y ayuden a corregir conductas negligentes que incluso se han ido heredando de una generaci\u00f3n a otra\u201d, considera Berzosa, quien ha agradecido la colaboraci\u00f3n de REE para llevar a cabo la campa\u00f1a. El director adem\u00e1s ha afirmado que \u201cpoco a poco se est\u00e1n recogiendo frutos en los lugares donde ha llegado la campa\u00f1a y se han mejorado los datos de superficie quemada\u201d.<\/p>\n<p>Asimismo, se ha producido un repunte de incendios intencionados en las \u00faltimas semanas, que ha supuesto la realizaci\u00f3n de un sobre esfuerzo del personal del Departamento para lograr determinar el origen de estos incendios y tratar de reducir las causas.<\/p>\n<p>Concursos de dibujo y fotograf\u00eda<\/p>\n<p>La 1\u00aa edici\u00f3n del concurso de dibujo \u201cPrevenimos los incendios\u201d se ha desarrollado dentro de la campa\u00f1a de sensibilizaci\u00f3n \u201c\u00a1Ay\u00fadanos! El fuego no perdona\u201d. El objetivo es premiar la labor de concienciaci\u00f3n sobre la prevenci\u00f3n de incendios forestales a trav\u00e9s de los dibujos realizados por los alumnos participantes en dicha campa\u00f1a.<\/p>\n<p>El concurso ha estado dirigido a los escolares de Primero, Segundo y Tercer Ciclo de Educaci\u00f3n Primaria que adem\u00e1s han participado las actividades de la campa\u00f1a. En total se han recibido 176 dibujos.<\/p>\n<p>Por su parte el concurso de fotograf\u00eda est\u00e1 todav\u00eda abierto y tiene por objetivo premiar las buenas pr\u00e1cticas y el esfuerzo que llevan a cabo todas aquellas personas en materia de prevenci\u00f3n de incendios forestales en todas las actividades donde se hace uso del fuego o se utiliza maquinaria con riesgo de producir un incendio forestal. El tema de la campa\u00f1a es la prevenci\u00f3n de los incendios forestales en Arag\u00f3n, incluyendo:<\/p>\n<p>\u00b7 Las buenas pr\u00e1cticas realizadas en materia de prevenci\u00f3n de incendios forestales.<\/p>\n<p>\u00b7 El correcto uso del fuego por parte de las personas que lo utilizan como herramienta de trabajo.<\/p>\n<p>El plazo la presentaci\u00f3n de fotograf\u00edas finaliza el pr\u00f3ximo 15 de mayo de 2018.<\/p>\n","protected":false},"excerpt":{"rendered":"<p>Desde el a\u00f1o 2015, el Gobierno de Arag\u00f3n ha dado un importante impulso a las acciones de sensibilizaci\u00f3n y concienciaci\u00f3n en la lucha contra los incendios forestales, con la realizaci\u00f3n de diferentes actuaciones encaminadas a la dinamizaci\u00f3n de campa\u00f1as escolares, as\u00ed como las dirigidas a los colectivos agrario, ganadero y otros trabajadores del entorno rural. [&hellip;]<\/p>\n","protected":false},"author":1,"featured_media":963786,"comment_status":"closed","ping_status":"closed","sticky":false,"template":"","format":"standard","meta":{"footnotes":""},"categories":[1],"tags":[],"class_list":["post-963785","post","type-post","status-publish","format-standard","has-post-thumbnail","hentry","category-actualidad"],"aioseo_notices":[],"aioseo_head":"\n\t\t<!-- All in One SEO Pro 5.0.1 - aioseo.com -->\n\t<meta name=\"description\" content=\"Desde el a\u00f1o 2015, el Gobierno de Arag\u00f3n ha dado un importante impulso a las acciones de sensibilizaci\u00f3n y concienciaci\u00f3n en la lucha contra los incendios forestales, con la realizaci\u00f3n de diferentes actuaciones encaminadas a la dinamizaci\u00f3n de campa\u00f1as escolares, as\u00ed como las dirigidas a los colectivos agrario, ganadero y otros trabajadores del entorno rural.\" \/>\n\t<meta name=\"robots\" content=\"max-image-preview:large\" \/>\n\t<meta name=\"author\" content=\"El Digital de Asturias\"\/>\n\t<meta name=\"google-site-verification\" content=\"UA-38556648-1\" \/>\n\t<meta name=\"msvalidate.01\" content=\"7dfe9f3f1b24437ab69f4f2559babe99\" \/>\n\t<meta name=\"keywords\" content=\"actualidad\" \/>\n\t<link rel=\"canonical\" href=\"https:\/\/www.eldigitaldeasturias.com\/noticias\/mas-de-3600-participantes-en-la-campana-ayudanos-el-fuego-no-perdona-de-aragon\/\" \/>\n\t<meta name=\"generator\" content=\"All in One SEO Pro (AIOSEO) 5.0.1\" \/>\n\t\t<meta property=\"og:locale\" content=\"es_ES\" \/>\n\t\t<meta property=\"og:site_name\" content=\"El Digital de Asturias\" \/>\n\t\t<meta property=\"og:type\" content=\"article\" \/>\n\t\t<meta property=\"og:title\" content=\"M\u00e1s de 3600 participantes en la campa\u00f1a \u201cAy\u00fadanos, el fuego no perdona\u201d, de Arag\u00f3n - El Digital de Asturias\" \/>\n\t\t<meta property=\"og:description\" content=\"Desde el a\u00f1o 2015, el Gobierno de Arag\u00f3n ha dado un importante impulso a las acciones de sensibilizaci\u00f3n y concienciaci\u00f3n en la lucha contra los incendios forestales, con la realizaci\u00f3n de diferentes actuaciones encaminadas a la dinamizaci\u00f3n de campa\u00f1as escolares, as\u00ed como las dirigidas a los colectivos agrario, ganadero y otros trabajadores del entorno rural.\" \/>\n\t\t<meta property=\"og:url\" content=\"https:\/\/www.eldigitaldeasturias.com\/noticias\/mas-de-3600-participantes-en-la-campana-ayudanos-el-fuego-no-perdona-de-aragon\/\" \/>\n\t\t<meta property=\"article:tag\" content=\"actualidad\" \/>\n\t\t<meta property=\"article:published_time\" content=\"2017-12-19T09:25:08+00:00\" \/>\n\t\t<meta property=\"article:modified_time\" content=\"2017-12-19T09:25:08+00:00\" \/>\n\t\t<meta property=\"article:publisher\" content=\"https:\/\/facebook.com\/eldigitaldeasturias\" \/>\n\t\t<meta name=\"twitter:card\" content=\"summary_large_image\" \/>\n\t\t<meta name=\"twitter:title\" content=\"M\u00e1s de 3600 participantes en la campa\u00f1a \u201cAy\u00fadanos, el fuego no perdona\u201d, de Arag\u00f3n - El Digital de Asturias\" \/>\n\t\t<meta name=\"twitter:description\" content=\"Desde el a\u00f1o 2015, el Gobierno de Arag\u00f3n ha dado un importante impulso a las acciones de sensibilizaci\u00f3n y concienciaci\u00f3n en la lucha contra los incendios forestales, con la realizaci\u00f3n de diferentes actuaciones encaminadas a la dinamizaci\u00f3n de campa\u00f1as escolares, as\u00ed como las dirigidas a los colectivos agrario, ganadero y otros trabajadores del entorno rural.\" \/>\n\t\t<meta name=\"twitter:image\" content=\"https:\/\/www.eldigitaldeasturias.com\/noticias\/wp-content\/uploads\/2020\/12\/EDA-1.jpg\" \/>\n\t\t<meta name=\"twitter:label1\" content=\"Escrito por\" \/>\n\t\t<meta name=\"twitter:data1\" content=\"El Digital de Asturias\" \/>\n\t\t<meta name=\"twitter:label2\" content=\"Tiempo de lectura estimado\" \/>\n\t\t<meta name=\"twitter:data2\" content=\"4 minutos\" \/>\n\t\t<script type=\"application\/ld+json\" class=\"aioseo-schema\">\n\t\t\t{\"@context\":\"https:\\\/\\\/schema.org\",\"@graph\":[{\"@type\":\"BlogPosting\",\"@id\":\"https:\\\/\\\/www.eldigitaldeasturias.com\\\/noticias\\\/mas-de-3600-participantes-en-la-campana-ayudanos-el-fuego-no-perdona-de-aragon\\\/#blogposting\",\"name\":\"M\\u00e1s de 3600 participantes en la campa\\u00f1a \\u201cAy\\u00fadanos, el fuego no perdona\\u201d, de Arag\\u00f3n - El Digital de Asturias\",\"headline\":\"M\\u00e1s de 3600 participantes en la campa\\u00f1a \\u201cAy\\u00fadanos, el fuego no perdona\\u201d, de Arag\\u00f3n\",\"author\":{\"@id\":\"https:\\\/\\\/www.eldigitaldeasturias.com\\\/noticias\\\/author\\\/admin\\\/#author\"},\"publisher\":{\"@id\":\"https:\\\/\\\/www.eldigitaldeasturias.com\\\/noticias\\\/#organization\"},\"image\":{\"@type\":\"ImageObject\",\"url\":963786},\"datePublished\":\"2017-12-19T09:25:08+01:00\",\"dateModified\":\"2017-12-19T09:25:08+01:00\",\"inLanguage\":\"es-ES\",\"mainEntityOfPage\":{\"@id\":\"https:\\\/\\\/www.eldigitaldeasturias.com\\\/noticias\\\/mas-de-3600-participantes-en-la-campana-ayudanos-el-fuego-no-perdona-de-aragon\\\/#webpage\"},\"isPartOf\":{\"@id\":\"https:\\\/\\\/www.eldigitaldeasturias.com\\\/noticias\\\/mas-de-3600-participantes-en-la-campana-ayudanos-el-fuego-no-perdona-de-aragon\\\/#webpage\"},\"articleSection\":\"Actualidad\"},{\"@type\":\"BreadcrumbList\",\"@id\":\"https:\\\/\\\/www.eldigitaldeasturias.com\\\/noticias\\\/mas-de-3600-participantes-en-la-campana-ayudanos-el-fuego-no-perdona-de-aragon\\\/#breadcrumblist\",\"itemListElement\":[{\"@type\":\"ListItem\",\"@id\":\"https:\\\/\\\/www.eldigitaldeasturias.com\\\/noticias#listItem\",\"position\":1,\"name\":\"Home\",\"item\":\"https:\\\/\\\/www.eldigitaldeasturias.com\\\/noticias\",\"nextItem\":{\"@type\":\"ListItem\",\"@id\":\"https:\\\/\\\/www.eldigitaldeasturias.com\\\/noticias\\\/category\\\/actualidad\\\/#listItem\",\"name\":\"Actualidad\"}},{\"@type\":\"ListItem\",\"@id\":\"https:\\\/\\\/www.eldigitaldeasturias.com\\\/noticias\\\/category\\\/actualidad\\\/#listItem\",\"position\":2,\"name\":\"Actualidad\",\"item\":\"https:\\\/\\\/www.eldigitaldeasturias.com\\\/noticias\\\/category\\\/actualidad\\\/\",\"nextItem\":{\"@type\":\"ListItem\",\"@id\":\"https:\\\/\\\/www.eldigitaldeasturias.com\\\/noticias\\\/mas-de-3600-participantes-en-la-campana-ayudanos-el-fuego-no-perdona-de-aragon\\\/#listItem\",\"name\":\"M\\u00e1s de 3600 participantes en la campa\\u00f1a \\u201cAy\\u00fadanos, el fuego no perdona\\u201d, de Arag\\u00f3n\"},\"previousItem\":{\"@type\":\"ListItem\",\"@id\":\"https:\\\/\\\/www.eldigitaldeasturias.com\\\/noticias#listItem\",\"name\":\"Home\"}},{\"@type\":\"ListItem\",\"@id\":\"https:\\\/\\\/www.eldigitaldeasturias.com\\\/noticias\\\/mas-de-3600-participantes-en-la-campana-ayudanos-el-fuego-no-perdona-de-aragon\\\/#listItem\",\"position\":3,\"name\":\"M\\u00e1s de 3600 participantes en la campa\\u00f1a \\u201cAy\\u00fadanos, el fuego no perdona\\u201d, de Arag\\u00f3n\",\"previousItem\":{\"@type\":\"ListItem\",\"@id\":\"https:\\\/\\\/www.eldigitaldeasturias.com\\\/noticias\\\/category\\\/actualidad\\\/#listItem\",\"name\":\"Actualidad\"}}]},{\"@type\":\"Organization\",\"@id\":\"https:\\\/\\\/www.eldigitaldeasturias.com\\\/noticias\\\/#organization\",\"name\":\"El Digital de Asturias\",\"description\":\"Hemeroteca\",\"url\":\"https:\\\/\\\/www.eldigitaldeasturias.com\\\/noticias\\\/\",\"email\":\"info@eldigitaldeasturias.com\",\"telephone\":\"+34652131393\",\"logo\":{\"@type\":\"ImageObject\",\"url\":\"https:\\\/\\\/www.eldigitaldeasturias.com\\\/noticias\\\/wp-content\\\/uploads\\\/2020\\\/12\\\/EDA.jpg\",\"@id\":\"https:\\\/\\\/www.eldigitaldeasturias.com\\\/noticias\\\/mas-de-3600-participantes-en-la-campana-ayudanos-el-fuego-no-perdona-de-aragon\\\/#organizationLogo\"},\"image\":{\"@id\":\"https:\\\/\\\/www.eldigitaldeasturias.com\\\/noticias\\\/mas-de-3600-participantes-en-la-campana-ayudanos-el-fuego-no-perdona-de-aragon\\\/#organizationLogo\"},\"sameAs\":[\"https:\\\/\\\/facebook.com\\\/eldigitaldeasturias\",\"https:\\\/\\\/www.youtube.com\\\/channel\\\/UCZP-2wLEB9Rv6erhFmqVnvg\"],\"address\":{\"@id\":\"https:\\\/\\\/www.eldigitaldeasturias.com\\\/noticias\\\/#postaladdress\",\"@type\":\"PostalAddress\",\"streetAddress\":\"san antonio 4\",\"postalCode\":\"33430\",\"addressLocality\":\"Cand\\u00e1s\",\"addressRegion\":\"Asturias\",\"addressCountry\":\"ES\"}},{\"@type\":\"Person\",\"@id\":\"https:\\\/\\\/www.eldigitaldeasturias.com\\\/noticias\\\/author\\\/admin\\\/#author\",\"url\":\"https:\\\/\\\/www.eldigitaldeasturias.com\\\/noticias\\\/author\\\/admin\\\/\",\"name\":\"El Digital de Asturias\",\"image\":{\"@type\":\"ImageObject\",\"@id\":\"https:\\\/\\\/www.eldigitaldeasturias.com\\\/noticias\\\/mas-de-3600-participantes-en-la-campana-ayudanos-el-fuego-no-perdona-de-aragon\\\/#authorImage\",\"url\":\"https:\\\/\\\/secure.gravatar.com\\\/avatar\\\/df2aeffc32bcd13f8d26072ef8a91b623d677766deac7f97ca815868cd41bf5e?s=96&d=mm&r=g\",\"width\":96,\"height\":96,\"caption\":\"El Digital de Asturias\"}},{\"@type\":\"WebPage\",\"@id\":\"https:\\\/\\\/www.eldigitaldeasturias.com\\\/noticias\\\/mas-de-3600-participantes-en-la-campana-ayudanos-el-fuego-no-perdona-de-aragon\\\/#webpage\",\"url\":\"https:\\\/\\\/www.eldigitaldeasturias.com\\\/noticias\\\/mas-de-3600-participantes-en-la-campana-ayudanos-el-fuego-no-perdona-de-aragon\\\/\",\"name\":\"M\\u00e1s de 3600 participantes en la campa\\u00f1a \\u201cAy\\u00fadanos, el fuego no perdona\\u201d, de Arag\\u00f3n - El Digital de Asturias\",\"description\":\"Desde el a\\u00f1o 2015, el Gobierno de Arag\\u00f3n ha dado un importante impulso a las acciones de sensibilizaci\\u00f3n y concienciaci\\u00f3n en la lucha contra los incendios forestales, con la realizaci\\u00f3n de diferentes actuaciones encaminadas a la dinamizaci\\u00f3n de campa\\u00f1as escolares, as\\u00ed como las dirigidas a los colectivos agrario, ganadero y otros trabajadores del entorno rural.\",\"inLanguage\":\"es-ES\",\"isPartOf\":{\"@id\":\"https:\\\/\\\/www.eldigitaldeasturias.com\\\/noticias\\\/#website\"},\"breadcrumb\":{\"@id\":\"https:\\\/\\\/www.eldigitaldeasturias.com\\\/noticias\\\/mas-de-3600-participantes-en-la-campana-ayudanos-el-fuego-no-perdona-de-aragon\\\/#breadcrumblist\"},\"author\":{\"@id\":\"https:\\\/\\\/www.eldigitaldeasturias.com\\\/noticias\\\/author\\\/admin\\\/#author\"},\"creator\":{\"@id\":\"https:\\\/\\\/www.eldigitaldeasturias.com\\\/noticias\\\/author\\\/admin\\\/#author\"},\"image\":{\"@type\":\"ImageObject\",\"url\":963786,\"@id\":\"https:\\\/\\\/www.eldigitaldeasturias.com\\\/noticias\\\/mas-de-3600-participantes-en-la-campana-ayudanos-el-fuego-no-perdona-de-aragon\\\/#mainImage\"},\"primaryImageOfPage\":{\"@id\":\"https:\\\/\\\/www.eldigitaldeasturias.com\\\/noticias\\\/mas-de-3600-participantes-en-la-campana-ayudanos-el-fuego-no-perdona-de-aragon\\\/#mainImage\"},\"datePublished\":\"2017-12-19T09:25:08+01:00\",\"dateModified\":\"2017-12-19T09:25:08+01:00\"},{\"@type\":\"WebSite\",\"@id\":\"https:\\\/\\\/www.eldigitaldeasturias.com\\\/noticias\\\/#website\",\"url\":\"https:\\\/\\\/www.eldigitaldeasturias.com\\\/noticias\\\/\",\"name\":\"El Digital de Asturias - Diario de actualidad y noticias\",\"alternateName\":\"El Digital de Asturias - Diario de actualidad y noticias\",\"description\":\"Hemeroteca\",\"inLanguage\":\"es-ES\",\"publisher\":{\"@id\":\"https:\\\/\\\/www.eldigitaldeasturias.com\\\/noticias\\\/#organization\"}}]}\n\t\t<\/script>\n\t\t<!-- All in One SEO Pro -->\r\n\t\t<title>M\u00e1s de 3600 participantes en la campa\u00f1a \u201cAy\u00fadanos, el fuego no perdona\u201d, de Arag\u00f3n - El Digital de Asturias<\/title>\n\n","aioseo_head_json":{"title":"M\u00e1s de 3600 participantes en la campa\u00f1a \u201cAy\u00fadanos, el fuego no perdona\u201d, de Arag\u00f3n - El Digital de Asturias","description":"Desde el a\u00f1o 2015, el Gobierno de Arag\u00f3n ha dado un importante impulso a las acciones de sensibilizaci\u00f3n y concienciaci\u00f3n en la lucha contra los incendios forestales, con la realizaci\u00f3n de diferentes actuaciones encaminadas a la dinamizaci\u00f3n de campa\u00f1as escolares, as\u00ed como las dirigidas a los colectivos agrario, ganadero y otros trabajadores del entorno rural.","canonical_url":"https:\/\/www.eldigitaldeasturias.com\/noticias\/mas-de-3600-participantes-en-la-campana-ayudanos-el-fuego-no-perdona-de-aragon\/","robots":"max-image-preview:large","keywords":"actualidad","webmasterTools":{"google-site-verification":"UA-38556648-1","msvalidate.01":"7dfe9f3f1b24437ab69f4f2559babe99","miscellaneous":""},"schema":{"@context":"https:\/\/schema.org","@graph":[{"@type":"BlogPosting","@id":"https:\/\/www.eldigitaldeasturias.com\/noticias\/mas-de-3600-participantes-en-la-campana-ayudanos-el-fuego-no-perdona-de-aragon\/#blogposting","name":"M\u00e1s de 3600 participantes en la campa\u00f1a \u201cAy\u00fadanos, el fuego no perdona\u201d, de Arag\u00f3n - El Digital de Asturias","headline":"M\u00e1s de 3600 participantes en la campa\u00f1a \u201cAy\u00fadanos, el fuego no perdona\u201d, de Arag\u00f3n","author":{"@id":"https:\/\/www.eldigitaldeasturias.com\/noticias\/author\/admin\/#author"},"publisher":{"@id":"https:\/\/www.eldigitaldeasturias.com\/noticias\/#organization"},"image":{"@type":"ImageObject","url":963786},"datePublished":"2017-12-19T09:25:08+01:00","dateModified":"2017-12-19T09:25:08+01:00","inLanguage":"es-ES","mainEntityOfPage":{"@id":"https:\/\/www.eldigitaldeasturias.com\/noticias\/mas-de-3600-participantes-en-la-campana-ayudanos-el-fuego-no-perdona-de-aragon\/#webpage"},"isPartOf":{"@id":"https:\/\/www.eldigitaldeasturias.com\/noticias\/mas-de-3600-participantes-en-la-campana-ayudanos-el-fuego-no-perdona-de-aragon\/#webpage"},"articleSection":"Actualidad"},{"@type":"BreadcrumbList","@id":"https:\/\/www.eldigitaldeasturias.com\/noticias\/mas-de-3600-participantes-en-la-campana-ayudanos-el-fuego-no-perdona-de-aragon\/#breadcrumblist","itemListElement":[{"@type":"ListItem","@id":"https:\/\/www.eldigitaldeasturias.com\/noticias#listItem","position":1,"name":"Home","item":"https:\/\/www.eldigitaldeasturias.com\/noticias","nextItem":{"@type":"ListItem","@id":"https:\/\/www.eldigitaldeasturias.com\/noticias\/category\/actualidad\/#listItem","name":"Actualidad"}},{"@type":"ListItem","@id":"https:\/\/www.eldigitaldeasturias.com\/noticias\/category\/actualidad\/#listItem","position":2,"name":"Actualidad","item":"https:\/\/www.eldigitaldeasturias.com\/noticias\/category\/actualidad\/","nextItem":{"@type":"ListItem","@id":"https:\/\/www.eldigitaldeasturias.com\/noticias\/mas-de-3600-participantes-en-la-campana-ayudanos-el-fuego-no-perdona-de-aragon\/#listItem","name":"M\u00e1s de 3600 participantes en la campa\u00f1a \u201cAy\u00fadanos, el fuego no perdona\u201d, de Arag\u00f3n"},"previousItem":{"@type":"ListItem","@id":"https:\/\/www.eldigitaldeasturias.com\/noticias#listItem","name":"Home"}},{"@type":"ListItem","@id":"https:\/\/www.eldigitaldeasturias.com\/noticias\/mas-de-3600-participantes-en-la-campana-ayudanos-el-fuego-no-perdona-de-aragon\/#listItem","position":3,"name":"M\u00e1s de 3600 participantes en la campa\u00f1a \u201cAy\u00fadanos, el fuego no perdona\u201d, de Arag\u00f3n","previousItem":{"@type":"ListItem","@id":"https:\/\/www.eldigitaldeasturias.com\/noticias\/category\/actualidad\/#listItem","name":"Actualidad"}}]},{"@type":"Organization","@id":"https:\/\/www.eldigitaldeasturias.com\/noticias\/#organization","name":"El Digital de Asturias","description":"Hemeroteca","url":"https:\/\/www.eldigitaldeasturias.com\/noticias\/","email":"info@eldigitaldeasturias.com","telephone":"+34652131393","logo":{"@type":"ImageObject","url":"https:\/\/www.eldigitaldeasturias.com\/noticias\/wp-content\/uploads\/2020\/12\/EDA.jpg","@id":"https:\/\/www.eldigitaldeasturias.com\/noticias\/mas-de-3600-participantes-en-la-campana-ayudanos-el-fuego-no-perdona-de-aragon\/#organizationLogo"},"image":{"@id":"https:\/\/www.eldigitaldeasturias.com\/noticias\/mas-de-3600-participantes-en-la-campana-ayudanos-el-fuego-no-perdona-de-aragon\/#organizationLogo"},"sameAs":["https:\/\/facebook.com\/eldigitaldeasturias","https:\/\/www.youtube.com\/channel\/UCZP-2wLEB9Rv6erhFmqVnvg"],"address":{"@id":"https:\/\/www.eldigitaldeasturias.com\/noticias\/#postaladdress","@type":"PostalAddress","streetAddress":"san antonio 4","postalCode":"33430","addressLocality":"Cand\u00e1s","addressRegion":"Asturias","addressCountry":"ES"}},{"@type":"Person","@id":"https:\/\/www.eldigitaldeasturias.com\/noticias\/author\/admin\/#author","url":"https:\/\/www.eldigitaldeasturias.com\/noticias\/author\/admin\/","name":"El Digital de Asturias","image":{"@type":"ImageObject","@id":"https:\/\/www.eldigitaldeasturias.com\/noticias\/mas-de-3600-participantes-en-la-campana-ayudanos-el-fuego-no-perdona-de-aragon\/#authorImage","url":"https:\/\/secure.gravatar.com\/avatar\/df2aeffc32bcd13f8d26072ef8a91b623d677766deac7f97ca815868cd41bf5e?s=96&d=mm&r=g","width":96,"height":96,"caption":"El Digital de Asturias"}},{"@type":"WebPage","@id":"https:\/\/www.eldigitaldeasturias.com\/noticias\/mas-de-3600-participantes-en-la-campana-ayudanos-el-fuego-no-perdona-de-aragon\/#webpage","url":"https:\/\/www.eldigitaldeasturias.com\/noticias\/mas-de-3600-participantes-en-la-campana-ayudanos-el-fuego-no-perdona-de-aragon\/","name":"M\u00e1s de 3600 participantes en la campa\u00f1a \u201cAy\u00fadanos, el fuego no perdona\u201d, de Arag\u00f3n - El Digital de Asturias","description":"Desde el a\u00f1o 2015, el Gobierno de Arag\u00f3n ha dado un importante impulso a las acciones de sensibilizaci\u00f3n y concienciaci\u00f3n en la lucha contra los incendios forestales, con la realizaci\u00f3n de diferentes actuaciones encaminadas a la dinamizaci\u00f3n de campa\u00f1as escolares, as\u00ed como las dirigidas a los colectivos agrario, ganadero y otros trabajadores del entorno rural.","inLanguage":"es-ES","isPartOf":{"@id":"https:\/\/www.eldigitaldeasturias.com\/noticias\/#website"},"breadcrumb":{"@id":"https:\/\/www.eldigitaldeasturias.com\/noticias\/mas-de-3600-participantes-en-la-campana-ayudanos-el-fuego-no-perdona-de-aragon\/#breadcrumblist"},"author":{"@id":"https:\/\/www.eldigitaldeasturias.com\/noticias\/author\/admin\/#author"},"creator":{"@id":"https:\/\/www.eldigitaldeasturias.com\/noticias\/author\/admin\/#author"},"image":{"@type":"ImageObject","url":963786,"@id":"https:\/\/www.eldigitaldeasturias.com\/noticias\/mas-de-3600-participantes-en-la-campana-ayudanos-el-fuego-no-perdona-de-aragon\/#mainImage"},"primaryImageOfPage":{"@id":"https:\/\/www.eldigitaldeasturias.com\/noticias\/mas-de-3600-participantes-en-la-campana-ayudanos-el-fuego-no-perdona-de-aragon\/#mainImage"},"datePublished":"2017-12-19T09:25:08+01:00","dateModified":"2017-12-19T09:25:08+01:00"},{"@type":"WebSite","@id":"https:\/\/www.eldigitaldeasturias.com\/noticias\/#website","url":"https:\/\/www.eldigitaldeasturias.com\/noticias\/","name":"El Digital de Asturias - Diario de actualidad y noticias","alternateName":"El Digital de Asturias - Diario de actualidad y noticias","description":"Hemeroteca","inLanguage":"es-ES","publisher":{"@id":"https:\/\/www.eldigitaldeasturias.com\/noticias\/#organization"}}]},"og:locale":"es_ES","og:site_name":"El Digital de Asturias","og:type":"article","og:title":"M\u00e1s de 3600 participantes en la campa\u00f1a \u201cAy\u00fadanos, el fuego no perdona\u201d, de Arag\u00f3n - El Digital de Asturias","og:description":"Desde el a\u00f1o 2015, el Gobierno de Arag\u00f3n ha dado un importante impulso a las acciones de sensibilizaci\u00f3n y concienciaci\u00f3n en la lucha contra los incendios forestales, con la realizaci\u00f3n de diferentes actuaciones encaminadas a la dinamizaci\u00f3n de campa\u00f1as escolares, as\u00ed como las dirigidas a los colectivos agrario, ganadero y otros trabajadores del entorno rural.","og:url":"https:\/\/www.eldigitaldeasturias.com\/noticias\/mas-de-3600-participantes-en-la-campana-ayudanos-el-fuego-no-perdona-de-aragon\/","article:tag":["actualidad"],"article:published_time":"2017-12-19T09:25:08+00:00","article:modified_time":"2017-12-19T09:25:08+00:00","article:publisher":"https:\/\/facebook.com\/eldigitaldeasturias","twitter:card":"summary_large_image","twitter:title":"M\u00e1s de 3600 participantes en la campa\u00f1a \u201cAy\u00fadanos, el fuego no perdona\u201d, de Arag\u00f3n - El Digital de Asturias","twitter:description":"Desde el a\u00f1o 2015, el Gobierno de Arag\u00f3n ha dado un importante impulso a las acciones de sensibilizaci\u00f3n y concienciaci\u00f3n en la lucha contra los incendios forestales, con la realizaci\u00f3n de diferentes actuaciones encaminadas a la dinamizaci\u00f3n de campa\u00f1as escolares, as\u00ed como las dirigidas a los colectivos agrario, ganadero y otros trabajadores del entorno rural.","twitter:image":"https:\/\/www.eldigitaldeasturias.com\/noticias\/wp-content\/uploads\/2020\/12\/EDA-1.jpg","twitter:label1":"Escrito por","twitter:data1":"El Digital de Asturias","twitter:label2":"Tiempo de lectura estimado","twitter:data2":"4 minutos"},"aioseo_meta_data":{"post_id":"963785","title":null,"description":null,"keywords":null,"keyphrases":null,"primary_term":null,"canonical_url":null,"og_title":null,"og_description":null,"og_object_type":"default","og_image_type":"default","og_image_url":null,"og_image_width":null,"og_image_height":null,"og_image_custom_url":null,"og_image_custom_fields":null,"og_video":null,"og_custom_url":null,"og_article_section":null,"og_article_tags":null,"twitter_use_og":false,"twitter_card":"default","twitter_image_type":"default","twitter_image_url":null,"twitter_image_custom_url":null,"twitter_image_custom_fields":null,"twitter_title":null,"twitter_description":null,"schema":{"blockGraphs":[],"customGraphs":[],"default":{"data":{"Article":[],"Course":[],"Dataset":[],"FAQPage":[],"Movie":[],"Person":[],"Product":[],"ProductReview":[],"Car":[],"Recipe":[],"Service":[],"SoftwareApplication":[],"WebPage":[]},"graphName":"","isEnabled":true},"graphs":[],"defaultGraph":"","defaultPostTypeGraph":""},"schema_type":null,"schema_type_options":null,"pillar_content":false,"robots_default":true,"robots_noindex":false,"robots_noarchive":false,"robots_nosnippet":false,"robots_nofollow":false,"robots_noimageindex":false,"robots_noodp":false,"robots_notranslate":false,"robots_max_snippet":null,"robots_max_videopreview":null,"robots_max_imagepreview":"large","priority":null,"frequency":null,"local_seo":null,"seo_analyzer_scan_date":"2025-12-07 17:32:20","breadcrumb_settings":null,"limit_modified_date":false,"open_ai":null,"ai":null,"created":"2020-12-21 12:42:38","updated":"2025-12-07 17:32:20","focus_keyword":null,"additional_keywords":null,"truseo_locale":null},"aioseo_breadcrumb":"<div class=\"aioseo-breadcrumbs\"><span class=\"aioseo-breadcrumb\">\n\t<a href=\"https:\/\/www.eldigitaldeasturias.com\/noticias\" title=\"Home\">Home<\/a>\n<\/span><span class=\"aioseo-breadcrumb-separator\">\u2013<\/span><span class=\"aioseo-breadcrumb\">\n\t<a href=\"https:\/\/www.eldigitaldeasturias.com\/noticias\/category\/actualidad\/\" title=\"Actualidad\">Actualidad<\/a>\n<\/span><span class=\"aioseo-breadcrumb-separator\">\u2013<\/span><span class=\"aioseo-breadcrumb\">\n\t<a href=\"https:\/\/www.eldigitaldeasturias.com\/noticias\/mas-de-3600-participantes-en-la-campana-ayudanos-el-fuego-no-perdona-de-aragon\/\" title=\"M\u00e1s de 3600 participantes en la campa\u00f1a \u201cAy\u00fadanos, el fuego no perdona\u201d, de Arag\u00f3n\">M\u00e1s de 3600 participantes en la campa\u00f1a \u201cAy\u00fadanos, el fuego no perdona\u201d, de Arag\u00f3n<\/a>\n<\/span><\/div>","aioseo_breadcrumb_json":[{"label":"Home","link":"https:\/\/www.eldigitaldeasturias.com\/noticias"},{"label":"Actualidad","link":"https:\/\/www.eldigitaldeasturias.com\/noticias\/category\/actualidad\/"},{"label":"M\u00e1s de 3600 participantes en la campa\u00f1a \u201cAy\u00fadanos, el fuego no perdona\u201d, de Arag\u00f3n","link":"https:\/\/www.eldigitaldeasturias.com\/noticias\/mas-de-3600-participantes-en-la-campana-ayudanos-el-fuego-no-perdona-de-aragon\/"}],"_links":{"self":[{"href":"https:\/\/www.eldigitaldeasturias.com\/noticias\/wp-json\/wp\/v2\/posts\/963785","targetHints":{"allow":["GET"]}}],"collection":[{"href":"https:\/\/www.eldigitaldeasturias.com\/noticias\/wp-json\/wp\/v2\/posts"}],"about":[{"href":"https:\/\/www.eldigitaldeasturias.com\/noticias\/wp-json\/wp\/v2\/types\/post"}],"author":[{"embeddable":true,"href":"https:\/\/www.eldigitaldeasturias.com\/noticias\/wp-json\/wp\/v2\/users\/1"}],"replies":[{"embeddable":true,"href":"https:\/\/www.eldigitaldeasturias.com\/noticias\/wp-json\/wp\/v2\/comments?post=963785"}],"version-history":[{"count":0,"href":"https:\/\/www.eldigitaldeasturias.com\/noticias\/wp-json\/wp\/v2\/posts\/963785\/revisions"}],"wp:attachment":[{"href":"https:\/\/www.eldigitaldeasturias.com\/noticias\/wp-json\/wp\/v2\/media?parent=963785"}],"wp:term":[{"taxonomy":"category","embeddable":true,"href":"https:\/\/www.eldigitaldeasturias.com\/noticias\/wp-json\/wp\/v2\/categories?post=963785"},{"taxonomy":"post_tag","embeddable":true,"href":"https:\/\/www.eldigitaldeasturias.com\/noticias\/wp-json\/wp\/v2\/tags?post=963785"}],"curies":[{"name":"wp","href":"https:\/\/api.w.org\/{rel}","templated":true}]}}