{"id":963775,"date":"2017-12-19T00:54:29","date_gmt":"2017-12-19T00:54:29","guid":{"rendered":"http:\/\/www.eldigitaldeasturias.com\/noticias\/?p=963775"},"modified":"2017-12-19T00:54:29","modified_gmt":"2017-12-19T00:54:29","slug":"eurowings-amplia-su-oferta-laboral","status":"publish","type":"post","link":"https:\/\/www.eldigitaldeasturias.com\/noticias\/eurowings-amplia-su-oferta-laboral\/","title":{"rendered":"Eurowings ampl\u00eda su oferta laboral"},"content":{"rendered":"<p><span style=\"color: #ff6600;\"><strong><img loading=\"lazy\" decoding=\"async\" class=\"alignleft size-medium wp-image-963776\" src=\"https:\/\/www.eldigitaldeasturias.com\/noticias\/wp-content\/uploads\/2017\/12\/1513604606_eurowings-360x241.jpg\" alt=\"\" width=\"360\" height=\"241\" srcset=\"https:\/\/www.eldigitaldeasturias.com\/noticias\/wp-content\/uploads\/2017\/12\/1513604606_eurowings-360x241.jpg 360w, https:\/\/www.eldigitaldeasturias.com\/noticias\/wp-content\/uploads\/2017\/12\/1513604606_eurowings.jpg 476w\" sizes=\"auto, (max-width: 360px) 100vw, 360px\" \/>Eurowings<\/strong><\/span>\u00a0contin\u00faa su proceso de crecimiento con la ampliaci\u00f3n de 500 nuevos puestos de trabajo para pilotos y azafatas. La formaci\u00f3n de estos empleados, procedentes de Air Berlin, se llevar\u00e1 a cabo hasta finales de febrero.<\/p>\n<p>El traspaso de la compa\u00f1\u00eda a<span style=\"color: #ff6600;\"><strong>\u00a0Eurowing<a style=\"color: #ff6600;\" href=\"https:\/\/www.eurowings.com\/\" rel=\"nofollow\">s<\/a>\u00a0<\/strong><\/span>se est\u00e1 realizando con \u00e9xito, como as\u00ed lo confirman ex-trabajadores de Air Berlin. La compa\u00f1\u00eda alemana reclutar\u00e1, adem\u00e1s, nuevos empleados (pilotos, azafatas y personal de tierra) en sus sedes de Alemania (D\u00fcsseldorf, Colonia, Stuttgart, Munich), Austria (Viena y Salzburgo) y Espa\u00f1a (Palma de Mallorca).<\/p>\n<p><span style=\"color: #ff6600;\"><strong>Eurowings<\/strong><\/span>\u00a0ofrecer\u00e1 tambi\u00e9n tres jornadas informativas para poder optar a estos puestos. Ser\u00e1n los d\u00edas 19 y 20 de diciembre en Viena y el 21 de diciembre en D\u00fcsseldorf.<\/p>\n<p>Adem\u00e1s,<span style=\"color: #ff6600;\"><strong>\u00a0Eurowing<\/strong><\/span>s\u00a0sigue pendiente de la adquisici\u00f3n de la aerol\u00ednea Walter (LGW). \u00abEstamos pendientes de la aprobaci\u00f3n de la Comisi\u00f3n Europea para la adquisici\u00f3n de LGW, tras las modificaciones pertinentes que nos exig\u00edan desde Bruselas la Uni\u00f3n Europea. Una vez realizada esta operaci\u00f3n, los 870 empleados provenientes de esta compa\u00f1\u00eda, llegar\u00e1n con los contratos de trabajos existentes a\u00a0<span style=\"color: #ff6600;\"><strong>Eurowings<\/strong><\/span>\u00ab, comenta Thorsten Dirks, CEO de la compa\u00f1\u00eda.<\/p>\n<p><strong>Sobre Eurowings<\/strong><\/p>\n<p>Eurowings es una aerol\u00ednea\u00a0<em>low cost\u00a0<\/em>perteneciente al Grupo Lufthansa que\u00a0<strong>comenz\u00f3 sus operaciones en octubre de 2002<\/strong>\u00a0y cuya sede central se encuentra en Colonia. Desde sus cinco emplazamientos en Colonia\/Bonn, Stuttgart, Berl\u00edn-Sch\u00f6nefeld, Hannover y Dortmund, ofrece vuelos a precios econ\u00f3micos a\u00a0<strong>destinos de toda Europa, \u00c1frica, Sudam\u00e9rica e Israel.<\/strong><\/p>\n<p><strong>Eurowings, compa\u00f1\u00eda que absorbi\u00f3 a Germanwings durante 2015, ofrece a precios econ\u00f3micos m\u00e1s de 140 destinos del continente europeo y de regiones tur\u00edsticas de todo el mundo<\/strong>\u00a0que conectan entre s\u00ed los aeropuertos de Londres, Colonia, Stuttgart, Barcelona, Palma de Mallorca, Jerez de la Frontera, M\u00e1laga, Hannover, Viena, Manchester, Budapest, Viena, Edimburgo, Budapest, Estocolmo, Zagreb, Bucarest y Verona, entre otros muchos.<\/p>\n","protected":false},"excerpt":{"rendered":"<p>Eurowings\u00a0contin\u00faa su proceso de crecimiento con la ampliaci\u00f3n de 500 nuevos puestos de trabajo para pilotos y azafatas. La formaci\u00f3n de estos empleados, procedentes de Air Berlin, se llevar\u00e1 a cabo hasta finales de febrero. El traspaso de la compa\u00f1\u00eda a\u00a0Eurowings\u00a0se est\u00e1 realizando con \u00e9xito, como as\u00ed lo confirman ex-trabajadores de Air Berlin. La compa\u00f1\u00eda [&hellip;]<\/p>\n","protected":false},"author":1,"featured_media":963776,"comment_status":"closed","ping_status":"closed","sticky":false,"template":"","format":"standard","meta":{"footnotes":""},"categories":[187],"tags":[],"class_list":["post-963775","post","type-post","status-publish","format-standard","has-post-thumbnail","hentry","category-economia"],"aioseo_notices":[],"aioseo_head":"\n\t\t<!-- All in One SEO Pro 4.9.6.2 - aioseo.com -->\n\t<meta name=\"description\" content=\"Eurowings contin\u00faa su proceso de crecimiento con la ampliaci\u00f3n de 500 nuevos puestos de trabajo para pilotos y azafatas. La formaci\u00f3n de estos empleados, procedentes de Air Berlin, se llevar\u00e1 a cabo hasta finales de febrero. El traspaso de la compa\u00f1\u00eda a Eurowings se est\u00e1 realizando con \u00e9xito, como as\u00ed lo confirman ex-trabajadores de Air Berlin. La compa\u00f1\u00eda\" \/>\n\t<meta name=\"robots\" content=\"max-image-preview:large\" \/>\n\t<meta name=\"author\" content=\"El Digital de Asturias\"\/>\n\t<meta name=\"google-site-verification\" content=\"UA-38556648-1\" \/>\n\t<meta name=\"msvalidate.01\" content=\"7dfe9f3f1b24437ab69f4f2559babe99\" \/>\n\t<meta name=\"keywords\" content=\"econom\u00eda\" \/>\n\t<link rel=\"canonical\" href=\"https:\/\/www.eldigitaldeasturias.com\/noticias\/eurowings-amplia-su-oferta-laboral\/\" \/>\n\t<meta name=\"generator\" content=\"All in One SEO Pro (AIOSEO) 4.9.6.2\" \/>\n\t\t<meta property=\"og:locale\" content=\"es_ES\" \/>\n\t\t<meta property=\"og:site_name\" content=\"El Digital de Asturias\" \/>\n\t\t<meta property=\"og:type\" content=\"article\" \/>\n\t\t<meta property=\"og:title\" content=\"Eurowings ampl\u00eda su oferta laboral - El Digital de Asturias\" \/>\n\t\t<meta property=\"og:description\" content=\"Eurowings contin\u00faa su proceso de crecimiento con la ampliaci\u00f3n de 500 nuevos puestos de trabajo para pilotos y azafatas. La formaci\u00f3n de estos empleados, procedentes de Air Berlin, se llevar\u00e1 a cabo hasta finales de febrero. El traspaso de la compa\u00f1\u00eda a Eurowings se est\u00e1 realizando con \u00e9xito, como as\u00ed lo confirman ex-trabajadores de Air Berlin. La compa\u00f1\u00eda\" \/>\n\t\t<meta property=\"og:url\" content=\"https:\/\/www.eldigitaldeasturias.com\/noticias\/eurowings-amplia-su-oferta-laboral\/\" \/>\n\t\t<meta property=\"og:image\" content=\"https:\/\/www.eldigitaldeasturias.com\/noticias\/wp-content\/uploads\/2017\/12\/1513604606_eurowings.jpg\" \/>\n\t\t<meta property=\"og:image:secure_url\" content=\"https:\/\/www.eldigitaldeasturias.com\/noticias\/wp-content\/uploads\/2017\/12\/1513604606_eurowings.jpg\" \/>\n\t\t<meta property=\"og:image:width\" content=\"476\" \/>\n\t\t<meta property=\"og:image:height\" content=\"318\" \/>\n\t\t<meta property=\"article:tag\" content=\"econom\u00eda\" \/>\n\t\t<meta property=\"article:published_time\" content=\"2017-12-19T00:54:29+00:00\" \/>\n\t\t<meta property=\"article:modified_time\" content=\"2017-12-19T00:54:29+00:00\" \/>\n\t\t<meta property=\"article:publisher\" content=\"https:\/\/facebook.com\/eldigitaldeasturias\" \/>\n\t\t<meta name=\"twitter:card\" content=\"summary_large_image\" \/>\n\t\t<meta name=\"twitter:title\" content=\"Eurowings ampl\u00eda su oferta laboral - El Digital de Asturias\" \/>\n\t\t<meta name=\"twitter:description\" content=\"Eurowings contin\u00faa su proceso de crecimiento con la ampliaci\u00f3n de 500 nuevos puestos de trabajo para pilotos y azafatas. La formaci\u00f3n de estos empleados, procedentes de Air Berlin, se llevar\u00e1 a cabo hasta finales de febrero. El traspaso de la compa\u00f1\u00eda a Eurowings se est\u00e1 realizando con \u00e9xito, como as\u00ed lo confirman ex-trabajadores de Air Berlin. La compa\u00f1\u00eda\" \/>\n\t\t<meta name=\"twitter:image\" content=\"https:\/\/www.eldigitaldeasturias.com\/noticias\/wp-content\/uploads\/2017\/12\/1513604606_eurowings.jpg\" \/>\n\t\t<meta name=\"twitter:label1\" content=\"Escrito por\" \/>\n\t\t<meta name=\"twitter:data1\" content=\"El Digital de Asturias\" \/>\n\t\t<meta name=\"twitter:label2\" content=\"Tiempo de lectura estimado\" \/>\n\t\t<meta name=\"twitter:data2\" content=\"2 minutos\" \/>\n\t\t<script type=\"application\/ld+json\" class=\"aioseo-schema\">\n\t\t\t{\"@context\":\"https:\\\/\\\/schema.org\",\"@graph\":[{\"@type\":\"BlogPosting\",\"@id\":\"https:\\\/\\\/www.eldigitaldeasturias.com\\\/noticias\\\/eurowings-amplia-su-oferta-laboral\\\/#blogposting\",\"name\":\"Eurowings ampl\\u00eda su oferta laboral - El Digital de Asturias\",\"headline\":\"Eurowings ampl\\u00eda su oferta laboral\",\"author\":{\"@id\":\"https:\\\/\\\/www.eldigitaldeasturias.com\\\/noticias\\\/author\\\/admin\\\/#author\"},\"publisher\":{\"@id\":\"https:\\\/\\\/www.eldigitaldeasturias.com\\\/noticias\\\/#organization\"},\"image\":{\"@type\":\"ImageObject\",\"url\":\"https:\\\/\\\/www.eldigitaldeasturias.com\\\/noticias\\\/wp-content\\\/uploads\\\/2017\\\/12\\\/1513604606_eurowings.jpg\",\"width\":476,\"height\":318},\"datePublished\":\"2017-12-19T00:54:29+01:00\",\"dateModified\":\"2017-12-19T00:54:29+01:00\",\"inLanguage\":\"es-ES\",\"mainEntityOfPage\":{\"@id\":\"https:\\\/\\\/www.eldigitaldeasturias.com\\\/noticias\\\/eurowings-amplia-su-oferta-laboral\\\/#webpage\"},\"isPartOf\":{\"@id\":\"https:\\\/\\\/www.eldigitaldeasturias.com\\\/noticias\\\/eurowings-amplia-su-oferta-laboral\\\/#webpage\"},\"articleSection\":\"Econom\\u00eda\"},{\"@type\":\"BreadcrumbList\",\"@id\":\"https:\\\/\\\/www.eldigitaldeasturias.com\\\/noticias\\\/eurowings-amplia-su-oferta-laboral\\\/#breadcrumblist\",\"itemListElement\":[{\"@type\":\"ListItem\",\"@id\":\"https:\\\/\\\/www.eldigitaldeasturias.com\\\/noticias#listItem\",\"position\":1,\"name\":\"Home\",\"item\":\"https:\\\/\\\/www.eldigitaldeasturias.com\\\/noticias\",\"nextItem\":{\"@type\":\"ListItem\",\"@id\":\"https:\\\/\\\/www.eldigitaldeasturias.com\\\/noticias\\\/category\\\/economia\\\/#listItem\",\"name\":\"Econom\\u00eda\"}},{\"@type\":\"ListItem\",\"@id\":\"https:\\\/\\\/www.eldigitaldeasturias.com\\\/noticias\\\/category\\\/economia\\\/#listItem\",\"position\":2,\"name\":\"Econom\\u00eda\",\"item\":\"https:\\\/\\\/www.eldigitaldeasturias.com\\\/noticias\\\/category\\\/economia\\\/\",\"nextItem\":{\"@type\":\"ListItem\",\"@id\":\"https:\\\/\\\/www.eldigitaldeasturias.com\\\/noticias\\\/eurowings-amplia-su-oferta-laboral\\\/#listItem\",\"name\":\"Eurowings ampl\\u00eda su oferta laboral\"},\"previousItem\":{\"@type\":\"ListItem\",\"@id\":\"https:\\\/\\\/www.eldigitaldeasturias.com\\\/noticias#listItem\",\"name\":\"Home\"}},{\"@type\":\"ListItem\",\"@id\":\"https:\\\/\\\/www.eldigitaldeasturias.com\\\/noticias\\\/eurowings-amplia-su-oferta-laboral\\\/#listItem\",\"position\":3,\"name\":\"Eurowings ampl\\u00eda su oferta laboral\",\"previousItem\":{\"@type\":\"ListItem\",\"@id\":\"https:\\\/\\\/www.eldigitaldeasturias.com\\\/noticias\\\/category\\\/economia\\\/#listItem\",\"name\":\"Econom\\u00eda\"}}]},{\"@type\":\"Organization\",\"@id\":\"https:\\\/\\\/www.eldigitaldeasturias.com\\\/noticias\\\/#organization\",\"name\":\"El Digital de Asturias\",\"description\":\"Hemeroteca\",\"url\":\"https:\\\/\\\/www.eldigitaldeasturias.com\\\/noticias\\\/\",\"email\":\"info@eldigitaldeasturias.com\",\"telephone\":\"+34652131393\",\"logo\":{\"@type\":\"ImageObject\",\"url\":\"https:\\\/\\\/www.eldigitaldeasturias.com\\\/noticias\\\/wp-content\\\/uploads\\\/2020\\\/12\\\/EDA.jpg\",\"@id\":\"https:\\\/\\\/www.eldigitaldeasturias.com\\\/noticias\\\/eurowings-amplia-su-oferta-laboral\\\/#organizationLogo\",\"width\":649,\"height\":297},\"image\":{\"@id\":\"https:\\\/\\\/www.eldigitaldeasturias.com\\\/noticias\\\/eurowings-amplia-su-oferta-laboral\\\/#organizationLogo\"},\"sameAs\":[\"https:\\\/\\\/facebook.com\\\/eldigitaldeasturias\",\"https:\\\/\\\/www.youtube.com\\\/channel\\\/UCZP-2wLEB9Rv6erhFmqVnvg\"],\"address\":{\"@id\":\"https:\\\/\\\/www.eldigitaldeasturias.com\\\/noticias\\\/#postaladdress\",\"@type\":\"PostalAddress\",\"streetAddress\":\"san antonio 4,\",\"postalCode\":\"33430\",\"addressLocality\":\"Cand\\u00e1s\",\"addressRegion\":\"Asturias\",\"addressCountry\":\"ES\"}},{\"@type\":\"Person\",\"@id\":\"https:\\\/\\\/www.eldigitaldeasturias.com\\\/noticias\\\/author\\\/admin\\\/#author\",\"url\":\"https:\\\/\\\/www.eldigitaldeasturias.com\\\/noticias\\\/author\\\/admin\\\/\",\"name\":\"El Digital de Asturias\",\"image\":{\"@type\":\"ImageObject\",\"@id\":\"https:\\\/\\\/www.eldigitaldeasturias.com\\\/noticias\\\/eurowings-amplia-su-oferta-laboral\\\/#authorImage\",\"url\":\"https:\\\/\\\/www.eldigitaldeasturias.com\\\/noticias\\\/wp-content\\\/litespeed\\\/avatar\\\/18677e78aa0546b92d9dbf31ec7d7668.jpg?ver=1777290358\",\"width\":96,\"height\":96,\"caption\":\"El Digital de Asturias\"}},{\"@type\":\"WebPage\",\"@id\":\"https:\\\/\\\/www.eldigitaldeasturias.com\\\/noticias\\\/eurowings-amplia-su-oferta-laboral\\\/#webpage\",\"url\":\"https:\\\/\\\/www.eldigitaldeasturias.com\\\/noticias\\\/eurowings-amplia-su-oferta-laboral\\\/\",\"name\":\"Eurowings ampl\\u00eda su oferta laboral - El Digital de Asturias\",\"description\":\"Eurowings contin\\u00faa su proceso de crecimiento con la ampliaci\\u00f3n de 500 nuevos puestos de trabajo para pilotos y azafatas. La formaci\\u00f3n de estos empleados, procedentes de Air Berlin, se llevar\\u00e1 a cabo hasta finales de febrero. El traspaso de la compa\\u00f1\\u00eda a Eurowings se est\\u00e1 realizando con \\u00e9xito, como as\\u00ed lo confirman ex-trabajadores de Air Berlin. La compa\\u00f1\\u00eda\",\"inLanguage\":\"es-ES\",\"isPartOf\":{\"@id\":\"https:\\\/\\\/www.eldigitaldeasturias.com\\\/noticias\\\/#website\"},\"breadcrumb\":{\"@id\":\"https:\\\/\\\/www.eldigitaldeasturias.com\\\/noticias\\\/eurowings-amplia-su-oferta-laboral\\\/#breadcrumblist\"},\"author\":{\"@id\":\"https:\\\/\\\/www.eldigitaldeasturias.com\\\/noticias\\\/author\\\/admin\\\/#author\"},\"creator\":{\"@id\":\"https:\\\/\\\/www.eldigitaldeasturias.com\\\/noticias\\\/author\\\/admin\\\/#author\"},\"image\":{\"@type\":\"ImageObject\",\"url\":\"https:\\\/\\\/www.eldigitaldeasturias.com\\\/noticias\\\/wp-content\\\/uploads\\\/2017\\\/12\\\/1513604606_eurowings.jpg\",\"@id\":\"https:\\\/\\\/www.eldigitaldeasturias.com\\\/noticias\\\/eurowings-amplia-su-oferta-laboral\\\/#mainImage\",\"width\":476,\"height\":318},\"primaryImageOfPage\":{\"@id\":\"https:\\\/\\\/www.eldigitaldeasturias.com\\\/noticias\\\/eurowings-amplia-su-oferta-laboral\\\/#mainImage\"},\"datePublished\":\"2017-12-19T00:54:29+01:00\",\"dateModified\":\"2017-12-19T00:54:29+01:00\"},{\"@type\":\"WebSite\",\"@id\":\"https:\\\/\\\/www.eldigitaldeasturias.com\\\/noticias\\\/#website\",\"url\":\"https:\\\/\\\/www.eldigitaldeasturias.com\\\/noticias\\\/\",\"name\":\"El Digital de Asturias - Diario de actualidad y noticias\",\"alternateName\":\"El Digital de Asturias - Diario de actualidad y noticias\",\"description\":\"Hemeroteca\",\"inLanguage\":\"es-ES\",\"publisher\":{\"@id\":\"https:\\\/\\\/www.eldigitaldeasturias.com\\\/noticias\\\/#organization\"}}]}\n\t\t<\/script>\n\t\t<!-- All in One SEO Pro -->\r\n\t\t<title>Eurowings ampl\u00eda su oferta laboral - El Digital de Asturias<\/title>\n\n","aioseo_head_json":{"title":"Eurowings ampl\u00eda su oferta laboral - El Digital de Asturias","description":"Eurowings contin\u00faa su proceso de crecimiento con la ampliaci\u00f3n de 500 nuevos puestos de trabajo para pilotos y azafatas. La formaci\u00f3n de estos empleados, procedentes de Air Berlin, se llevar\u00e1 a cabo hasta finales de febrero. El traspaso de la compa\u00f1\u00eda a Eurowings se est\u00e1 realizando con \u00e9xito, como as\u00ed lo confirman ex-trabajadores de Air Berlin. La compa\u00f1\u00eda","canonical_url":"https:\/\/www.eldigitaldeasturias.com\/noticias\/eurowings-amplia-su-oferta-laboral\/","robots":"max-image-preview:large","keywords":"econom\u00eda","webmasterTools":{"google-site-verification":"UA-38556648-1","msvalidate.01":"7dfe9f3f1b24437ab69f4f2559babe99","miscellaneous":""},"schema":{"@context":"https:\/\/schema.org","@graph":[{"@type":"BlogPosting","@id":"https:\/\/www.eldigitaldeasturias.com\/noticias\/eurowings-amplia-su-oferta-laboral\/#blogposting","name":"Eurowings ampl\u00eda su oferta laboral - El Digital de Asturias","headline":"Eurowings ampl\u00eda su oferta laboral","author":{"@id":"https:\/\/www.eldigitaldeasturias.com\/noticias\/author\/admin\/#author"},"publisher":{"@id":"https:\/\/www.eldigitaldeasturias.com\/noticias\/#organization"},"image":{"@type":"ImageObject","url":"https:\/\/www.eldigitaldeasturias.com\/noticias\/wp-content\/uploads\/2017\/12\/1513604606_eurowings.jpg","width":476,"height":318},"datePublished":"2017-12-19T00:54:29+01:00","dateModified":"2017-12-19T00:54:29+01:00","inLanguage":"es-ES","mainEntityOfPage":{"@id":"https:\/\/www.eldigitaldeasturias.com\/noticias\/eurowings-amplia-su-oferta-laboral\/#webpage"},"isPartOf":{"@id":"https:\/\/www.eldigitaldeasturias.com\/noticias\/eurowings-amplia-su-oferta-laboral\/#webpage"},"articleSection":"Econom\u00eda"},{"@type":"BreadcrumbList","@id":"https:\/\/www.eldigitaldeasturias.com\/noticias\/eurowings-amplia-su-oferta-laboral\/#breadcrumblist","itemListElement":[{"@type":"ListItem","@id":"https:\/\/www.eldigitaldeasturias.com\/noticias#listItem","position":1,"name":"Home","item":"https:\/\/www.eldigitaldeasturias.com\/noticias","nextItem":{"@type":"ListItem","@id":"https:\/\/www.eldigitaldeasturias.com\/noticias\/category\/economia\/#listItem","name":"Econom\u00eda"}},{"@type":"ListItem","@id":"https:\/\/www.eldigitaldeasturias.com\/noticias\/category\/economia\/#listItem","position":2,"name":"Econom\u00eda","item":"https:\/\/www.eldigitaldeasturias.com\/noticias\/category\/economia\/","nextItem":{"@type":"ListItem","@id":"https:\/\/www.eldigitaldeasturias.com\/noticias\/eurowings-amplia-su-oferta-laboral\/#listItem","name":"Eurowings ampl\u00eda su oferta laboral"},"previousItem":{"@type":"ListItem","@id":"https:\/\/www.eldigitaldeasturias.com\/noticias#listItem","name":"Home"}},{"@type":"ListItem","@id":"https:\/\/www.eldigitaldeasturias.com\/noticias\/eurowings-amplia-su-oferta-laboral\/#listItem","position":3,"name":"Eurowings ampl\u00eda su oferta laboral","previousItem":{"@type":"ListItem","@id":"https:\/\/www.eldigitaldeasturias.com\/noticias\/category\/economia\/#listItem","name":"Econom\u00eda"}}]},{"@type":"Organization","@id":"https:\/\/www.eldigitaldeasturias.com\/noticias\/#organization","name":"El Digital de Asturias","description":"Hemeroteca","url":"https:\/\/www.eldigitaldeasturias.com\/noticias\/","email":"info@eldigitaldeasturias.com","telephone":"+34652131393","logo":{"@type":"ImageObject","url":"https:\/\/www.eldigitaldeasturias.com\/noticias\/wp-content\/uploads\/2020\/12\/EDA.jpg","@id":"https:\/\/www.eldigitaldeasturias.com\/noticias\/eurowings-amplia-su-oferta-laboral\/#organizationLogo","width":649,"height":297},"image":{"@id":"https:\/\/www.eldigitaldeasturias.com\/noticias\/eurowings-amplia-su-oferta-laboral\/#organizationLogo"},"sameAs":["https:\/\/facebook.com\/eldigitaldeasturias","https:\/\/www.youtube.com\/channel\/UCZP-2wLEB9Rv6erhFmqVnvg"],"address":{"@id":"https:\/\/www.eldigitaldeasturias.com\/noticias\/#postaladdress","@type":"PostalAddress","streetAddress":"san antonio 4,","postalCode":"33430","addressLocality":"Cand\u00e1s","addressRegion":"Asturias","addressCountry":"ES"}},{"@type":"Person","@id":"https:\/\/www.eldigitaldeasturias.com\/noticias\/author\/admin\/#author","url":"https:\/\/www.eldigitaldeasturias.com\/noticias\/author\/admin\/","name":"El Digital de Asturias","image":{"@type":"ImageObject","@id":"https:\/\/www.eldigitaldeasturias.com\/noticias\/eurowings-amplia-su-oferta-laboral\/#authorImage","url":"https:\/\/www.eldigitaldeasturias.com\/noticias\/wp-content\/litespeed\/avatar\/18677e78aa0546b92d9dbf31ec7d7668.jpg?ver=1777290358","width":96,"height":96,"caption":"El Digital de Asturias"}},{"@type":"WebPage","@id":"https:\/\/www.eldigitaldeasturias.com\/noticias\/eurowings-amplia-su-oferta-laboral\/#webpage","url":"https:\/\/www.eldigitaldeasturias.com\/noticias\/eurowings-amplia-su-oferta-laboral\/","name":"Eurowings ampl\u00eda su oferta laboral - El Digital de Asturias","description":"Eurowings contin\u00faa su proceso de crecimiento con la ampliaci\u00f3n de 500 nuevos puestos de trabajo para pilotos y azafatas. La formaci\u00f3n de estos empleados, procedentes de Air Berlin, se llevar\u00e1 a cabo hasta finales de febrero. El traspaso de la compa\u00f1\u00eda a Eurowings se est\u00e1 realizando con \u00e9xito, como as\u00ed lo confirman ex-trabajadores de Air Berlin. La compa\u00f1\u00eda","inLanguage":"es-ES","isPartOf":{"@id":"https:\/\/www.eldigitaldeasturias.com\/noticias\/#website"},"breadcrumb":{"@id":"https:\/\/www.eldigitaldeasturias.com\/noticias\/eurowings-amplia-su-oferta-laboral\/#breadcrumblist"},"author":{"@id":"https:\/\/www.eldigitaldeasturias.com\/noticias\/author\/admin\/#author"},"creator":{"@id":"https:\/\/www.eldigitaldeasturias.com\/noticias\/author\/admin\/#author"},"image":{"@type":"ImageObject","url":"https:\/\/www.eldigitaldeasturias.com\/noticias\/wp-content\/uploads\/2017\/12\/1513604606_eurowings.jpg","@id":"https:\/\/www.eldigitaldeasturias.com\/noticias\/eurowings-amplia-su-oferta-laboral\/#mainImage","width":476,"height":318},"primaryImageOfPage":{"@id":"https:\/\/www.eldigitaldeasturias.com\/noticias\/eurowings-amplia-su-oferta-laboral\/#mainImage"},"datePublished":"2017-12-19T00:54:29+01:00","dateModified":"2017-12-19T00:54:29+01:00"},{"@type":"WebSite","@id":"https:\/\/www.eldigitaldeasturias.com\/noticias\/#website","url":"https:\/\/www.eldigitaldeasturias.com\/noticias\/","name":"El Digital de Asturias - Diario de actualidad y noticias","alternateName":"El Digital de Asturias - Diario de actualidad y noticias","description":"Hemeroteca","inLanguage":"es-ES","publisher":{"@id":"https:\/\/www.eldigitaldeasturias.com\/noticias\/#organization"}}]},"og:locale":"es_ES","og:site_name":"El Digital de Asturias","og:type":"article","og:title":"Eurowings ampl\u00eda su oferta laboral - El Digital de Asturias","og:description":"Eurowings contin\u00faa su proceso de crecimiento con la ampliaci\u00f3n de 500 nuevos puestos de trabajo para pilotos y azafatas. La formaci\u00f3n de estos empleados, procedentes de Air Berlin, se llevar\u00e1 a cabo hasta finales de febrero. El traspaso de la compa\u00f1\u00eda a Eurowings se est\u00e1 realizando con \u00e9xito, como as\u00ed lo confirman ex-trabajadores de Air Berlin. La compa\u00f1\u00eda","og:url":"https:\/\/www.eldigitaldeasturias.com\/noticias\/eurowings-amplia-su-oferta-laboral\/","og:image":"https:\/\/www.eldigitaldeasturias.com\/noticias\/wp-content\/uploads\/2017\/12\/1513604606_eurowings.jpg","og:image:secure_url":"https:\/\/www.eldigitaldeasturias.com\/noticias\/wp-content\/uploads\/2017\/12\/1513604606_eurowings.jpg","og:image:width":476,"og:image:height":318,"article:tag":["econom\u00eda"],"article:published_time":"2017-12-19T00:54:29+00:00","article:modified_time":"2017-12-19T00:54:29+00:00","article:publisher":"https:\/\/facebook.com\/eldigitaldeasturias","twitter:card":"summary_large_image","twitter:title":"Eurowings ampl\u00eda su oferta laboral - El Digital de Asturias","twitter:description":"Eurowings contin\u00faa su proceso de crecimiento con la ampliaci\u00f3n de 500 nuevos puestos de trabajo para pilotos y azafatas. La formaci\u00f3n de estos empleados, procedentes de Air Berlin, se llevar\u00e1 a cabo hasta finales de febrero. El traspaso de la compa\u00f1\u00eda a Eurowings se est\u00e1 realizando con \u00e9xito, como as\u00ed lo confirman ex-trabajadores de Air Berlin. La compa\u00f1\u00eda","twitter:image":"https:\/\/www.eldigitaldeasturias.com\/noticias\/wp-content\/uploads\/2017\/12\/1513604606_eurowings.jpg","twitter:label1":"Escrito por","twitter:data1":"El Digital de Asturias","twitter:label2":"Tiempo de lectura estimado","twitter:data2":"2 minutos"},"aioseo_meta_data":{"post_id":"963775","title":null,"description":null,"keywords":null,"keyphrases":null,"primary_term":null,"canonical_url":null,"og_title":null,"og_description":null,"og_object_type":"default","og_image_type":"default","og_image_url":null,"og_image_width":null,"og_image_height":null,"og_image_custom_url":null,"og_image_custom_fields":null,"og_video":null,"og_custom_url":null,"og_article_section":null,"og_article_tags":null,"twitter_use_og":false,"twitter_card":"default","twitter_image_type":"default","twitter_image_url":null,"twitter_image_custom_url":null,"twitter_image_custom_fields":null,"twitter_title":null,"twitter_description":null,"schema":{"blockGraphs":[],"customGraphs":[],"default":{"data":{"Article":[],"Course":[],"Dataset":[],"FAQPage":[],"Movie":[],"Person":[],"Product":[],"ProductReview":[],"Car":[],"Recipe":[],"Service":[],"SoftwareApplication":[],"WebPage":[]},"graphName":"","isEnabled":true},"graphs":[],"defaultGraph":"","defaultPostTypeGraph":""},"schema_type":null,"schema_type_options":null,"pillar_content":false,"robots_default":true,"robots_noindex":false,"robots_noarchive":false,"robots_nosnippet":false,"robots_nofollow":false,"robots_noimageindex":false,"robots_noodp":false,"robots_notranslate":false,"robots_max_snippet":null,"robots_max_videopreview":null,"robots_max_imagepreview":"large","priority":null,"frequency":null,"local_seo":null,"seo_analyzer_scan_date":"2025-12-07 17:30:53","breadcrumb_settings":null,"limit_modified_date":false,"open_ai":null,"ai":null,"created":"2020-12-21 12:42:38","updated":"2025-12-07 17:30:53"},"aioseo_breadcrumb":"<div class=\"aioseo-breadcrumbs\"><span class=\"aioseo-breadcrumb\">\n\t<a href=\"https:\/\/www.eldigitaldeasturias.com\/noticias\" title=\"Home\">Home<\/a>\n<\/span><span class=\"aioseo-breadcrumb-separator\">\u2013<\/span><span class=\"aioseo-breadcrumb\">\n\t<a href=\"https:\/\/www.eldigitaldeasturias.com\/noticias\/category\/economia\/\" title=\"Econom\u00eda\">Econom\u00eda<\/a>\n<\/span><span class=\"aioseo-breadcrumb-separator\">\u2013<\/span><span class=\"aioseo-breadcrumb\">\n\t<a href=\"https:\/\/www.eldigitaldeasturias.com\/noticias\/eurowings-amplia-su-oferta-laboral\/\" title=\"Eurowings ampl\u00eda su oferta laboral\">Eurowings ampl\u00eda su oferta laboral<\/a>\n<\/span><\/div>","aioseo_breadcrumb_json":[{"label":"Home","link":"https:\/\/www.eldigitaldeasturias.com\/noticias"},{"label":"Econom\u00eda","link":"https:\/\/www.eldigitaldeasturias.com\/noticias\/category\/economia\/"},{"label":"Eurowings ampl\u00eda su oferta laboral","link":"https:\/\/www.eldigitaldeasturias.com\/noticias\/eurowings-amplia-su-oferta-laboral\/"}],"_links":{"self":[{"href":"https:\/\/www.eldigitaldeasturias.com\/noticias\/wp-json\/wp\/v2\/posts\/963775","targetHints":{"allow":["GET"]}}],"collection":[{"href":"https:\/\/www.eldigitaldeasturias.com\/noticias\/wp-json\/wp\/v2\/posts"}],"about":[{"href":"https:\/\/www.eldigitaldeasturias.com\/noticias\/wp-json\/wp\/v2\/types\/post"}],"author":[{"embeddable":true,"href":"https:\/\/www.eldigitaldeasturias.com\/noticias\/wp-json\/wp\/v2\/users\/1"}],"replies":[{"embeddable":true,"href":"https:\/\/www.eldigitaldeasturias.com\/noticias\/wp-json\/wp\/v2\/comments?post=963775"}],"version-history":[{"count":0,"href":"https:\/\/www.eldigitaldeasturias.com\/noticias\/wp-json\/wp\/v2\/posts\/963775\/revisions"}],"wp:featuredmedia":[{"embeddable":true,"href":"https:\/\/www.eldigitaldeasturias.com\/noticias\/wp-json\/wp\/v2\/media\/963776"}],"wp:attachment":[{"href":"https:\/\/www.eldigitaldeasturias.com\/noticias\/wp-json\/wp\/v2\/media?parent=963775"}],"wp:term":[{"taxonomy":"category","embeddable":true,"href":"https:\/\/www.eldigitaldeasturias.com\/noticias\/wp-json\/wp\/v2\/categories?post=963775"},{"taxonomy":"post_tag","embeddable":true,"href":"https:\/\/www.eldigitaldeasturias.com\/noticias\/wp-json\/wp\/v2\/tags?post=963775"}],"curies":[{"name":"wp","href":"https:\/\/api.w.org\/{rel}","templated":true}]}}