{"id":963765,"date":"2017-12-19T00:29:05","date_gmt":"2017-12-19T00:29:05","guid":{"rendered":"http:\/\/www.eldigitaldeasturias.com\/noticias\/?p=963765"},"modified":"2017-12-19T00:29:05","modified_gmt":"2017-12-19T00:29:05","slug":"ontruck-incorpora-a-alejandro-penas-como-managing-director-de-espana","status":"publish","type":"post","link":"https:\/\/www.eldigitaldeasturias.com\/noticias\/ontruck-incorpora-a-alejandro-penas-como-managing-director-de-espana\/","title":{"rendered":"OnTruck incorpora a Alejandro Pe\u00f1as como Managing Director de Espa\u00f1a"},"content":{"rendered":"<p><span style=\"color: #ff6600;\"><strong><img loading=\"lazy\" decoding=\"async\" class=\"alignleft size-medium wp-image-963766\" src=\"https:\/\/www.eldigitaldeasturias.com\/noticias\/wp-content\/uploads\/2017\/12\/1513595246_Alejandro_Pe_as_Managing_Director_Espa_a_OnTruck-294x320.jpg\" alt=\"\" width=\"294\" height=\"320\" srcset=\"https:\/\/www.eldigitaldeasturias.com\/noticias\/wp-content\/uploads\/2017\/12\/1513595246_Alejandro_Pe_as_Managing_Director_Espa_a_OnTruck-294x320.jpg 294w, https:\/\/www.eldigitaldeasturias.com\/noticias\/wp-content\/uploads\/2017\/12\/1513595246_Alejandro_Pe_as_Managing_Director_Espa_a_OnTruck-768x836.jpg 768w, https:\/\/www.eldigitaldeasturias.com\/noticias\/wp-content\/uploads\/2017\/12\/1513595246_Alejandro_Pe_as_Managing_Director_Espa_a_OnTruck-441x480.jpg 441w, https:\/\/www.eldigitaldeasturias.com\/noticias\/wp-content\/uploads\/2017\/12\/1513595246_Alejandro_Pe_as_Managing_Director_Espa_a_OnTruck.jpg 1640w\" sizes=\"auto, (max-width: 294px) 100vw, 294px\" \/>OnTruck<\/strong><\/span>, compa\u00f1\u00eda pionera en el transporte de mercanc\u00edas por carretera, contin\u00faa creciendo en el mercado nacional. Por ello, la startup espa\u00f1ola refuerza su equipo directivo con la incorporaci\u00f3n de Alejandro Pe\u00f1as, nuevo Managing Director de Espa\u00f1a de la compa\u00f1\u00eda. Ingeniero de telecomunicaciones y ex director regional de Centro Am\u00e9rica y Caribe de TMF Group, Alejandro se une al equipo de OnTruck con el objetivo de liderar el crecimiento y asegurar su consolidaci\u00f3n en el mercado espa\u00f1ol.<\/p>\n<p>Esta incorporaci\u00f3n forma parte de la estrategia de expansi\u00f3n y crecimiento de la compa\u00f1\u00eda, que ya cuenta con servicio en Madrid y provincias lim\u00edtrofes, Catalu\u00f1a, Comunidad Valenciana y Murcia; y que llegar\u00e1 en 2018 a Pa\u00eds Vasco y Galicia. Adem\u00e1s, la compa\u00f1\u00eda se prepara para su expansi\u00f3n internacional.<\/p>\n<p>Por todo ello, la trayectoria profesional de Alejandro le convierte en el candidato perfecto para liderar la consolidaci\u00f3n de la startup espa\u00f1ola en el mercado nacional, con una alta experiencia en gesti\u00f3n de grandes equipos y coordinaci\u00f3n entre delegaciones.<\/p>\n<p>\u201cEsta nueva etapa en mi carrera se presenta como un reto personal. Quiero dar lo mejor de m\u00ed para seguir creciendo junto a la compa\u00f1\u00eda, que promete grandes resultados en vista a las \u00faltimas cifras de cierre de a\u00f1o\u201d, apunta\u00a0<strong>Alejandro Pe\u00f1as<\/strong>, quien, adem\u00e1s, a\u00f1ade que \u201cliderar\u00e9 la consolidaci\u00f3n de OnTruck en territorio nacional con la intenci\u00f3n de que cada vez m\u00e1s compa\u00f1\u00edas y transportistas se beneficien de los servicios que ofrecemos\u201d.<\/p>\n<p>OnTruck, conocida por utilizar la conectividad de las nuevas tecnolog\u00edas para aumentar la flexibilidad, eficiencia y calidad del transporte de mercanc\u00edas por carretera, ha presentado este \u00faltimo mes los resultados del a\u00f1o, que consolidan a la compa\u00f1\u00eda en el mercado espa\u00f1ol con una fuerte acogida del sector y un crecimiento medio mensual del 30% en 2017.<\/p>\n","protected":false},"excerpt":{"rendered":"<p>OnTruck, compa\u00f1\u00eda pionera en el transporte de mercanc\u00edas por carretera, contin\u00faa creciendo en el mercado nacional. Por ello, la startup espa\u00f1ola refuerza su equipo directivo con la incorporaci\u00f3n de Alejandro Pe\u00f1as, nuevo Managing Director de Espa\u00f1a de la compa\u00f1\u00eda. Ingeniero de telecomunicaciones y ex director regional de Centro Am\u00e9rica y Caribe de TMF Group, Alejandro [&hellip;]<\/p>\n","protected":false},"author":1,"featured_media":963766,"comment_status":"closed","ping_status":"closed","sticky":false,"template":"","format":"standard","meta":{"footnotes":""},"categories":[187],"tags":[],"class_list":["post-963765","post","type-post","status-publish","format-standard","has-post-thumbnail","hentry","category-economia"],"aioseo_notices":[],"aioseo_head":"\n\t\t<!-- All in One SEO Pro 4.9.6.2 - aioseo.com -->\n\t<meta name=\"description\" content=\"OnTruck, compa\u00f1\u00eda pionera en el transporte de mercanc\u00edas por carretera, contin\u00faa creciendo en el mercado nacional. Por ello, la startup espa\u00f1ola refuerza su equipo directivo con la incorporaci\u00f3n de Alejandro Pe\u00f1as, nuevo Managing Director de Espa\u00f1a de la compa\u00f1\u00eda. Ingeniero de telecomunicaciones y ex director regional de Centro Am\u00e9rica y Caribe de TMF Group, Alejandro\" \/>\n\t<meta name=\"robots\" content=\"max-image-preview:large\" \/>\n\t<meta name=\"author\" content=\"El Digital de Asturias\"\/>\n\t<meta name=\"google-site-verification\" content=\"UA-38556648-1\" \/>\n\t<meta name=\"msvalidate.01\" content=\"7dfe9f3f1b24437ab69f4f2559babe99\" \/>\n\t<meta name=\"keywords\" content=\"econom\u00eda\" \/>\n\t<link rel=\"canonical\" href=\"https:\/\/www.eldigitaldeasturias.com\/noticias\/ontruck-incorpora-a-alejandro-penas-como-managing-director-de-espana\/\" \/>\n\t<meta name=\"generator\" content=\"All in One SEO Pro (AIOSEO) 4.9.6.2\" \/>\n\t\t<meta property=\"og:locale\" content=\"es_ES\" \/>\n\t\t<meta property=\"og:site_name\" content=\"El Digital de Asturias\" \/>\n\t\t<meta property=\"og:type\" content=\"article\" \/>\n\t\t<meta property=\"og:title\" content=\"OnTruck incorpora a Alejandro Pe\u00f1as como Managing Director de Espa\u00f1a - El Digital de Asturias\" \/>\n\t\t<meta property=\"og:description\" content=\"OnTruck, compa\u00f1\u00eda pionera en el transporte de mercanc\u00edas por carretera, contin\u00faa creciendo en el mercado nacional. Por ello, la startup espa\u00f1ola refuerza su equipo directivo con la incorporaci\u00f3n de Alejandro Pe\u00f1as, nuevo Managing Director de Espa\u00f1a de la compa\u00f1\u00eda. Ingeniero de telecomunicaciones y ex director regional de Centro Am\u00e9rica y Caribe de TMF Group, Alejandro\" \/>\n\t\t<meta property=\"og:url\" content=\"https:\/\/www.eldigitaldeasturias.com\/noticias\/ontruck-incorpora-a-alejandro-penas-como-managing-director-de-espana\/\" \/>\n\t\t<meta property=\"og:image\" content=\"https:\/\/www.eldigitaldeasturias.com\/noticias\/wp-content\/uploads\/2017\/12\/1513595246_Alejandro_Pe_as_Managing_Director_Espa_a_OnTruck.jpg\" \/>\n\t\t<meta property=\"og:image:secure_url\" content=\"https:\/\/www.eldigitaldeasturias.com\/noticias\/wp-content\/uploads\/2017\/12\/1513595246_Alejandro_Pe_as_Managing_Director_Espa_a_OnTruck.jpg\" \/>\n\t\t<meta property=\"og:image:width\" content=\"1640\" \/>\n\t\t<meta property=\"og:image:height\" content=\"1786\" \/>\n\t\t<meta property=\"article:tag\" content=\"econom\u00eda\" \/>\n\t\t<meta property=\"article:published_time\" content=\"2017-12-19T00:29:05+00:00\" \/>\n\t\t<meta property=\"article:modified_time\" content=\"2017-12-19T00:29:05+00:00\" \/>\n\t\t<meta property=\"article:publisher\" content=\"https:\/\/facebook.com\/eldigitaldeasturias\" \/>\n\t\t<meta name=\"twitter:card\" content=\"summary_large_image\" \/>\n\t\t<meta name=\"twitter:title\" content=\"OnTruck incorpora a Alejandro Pe\u00f1as como Managing Director de Espa\u00f1a - El Digital de Asturias\" \/>\n\t\t<meta name=\"twitter:description\" content=\"OnTruck, compa\u00f1\u00eda pionera en el transporte de mercanc\u00edas por carretera, contin\u00faa creciendo en el mercado nacional. Por ello, la startup espa\u00f1ola refuerza su equipo directivo con la incorporaci\u00f3n de Alejandro Pe\u00f1as, nuevo Managing Director de Espa\u00f1a de la compa\u00f1\u00eda. Ingeniero de telecomunicaciones y ex director regional de Centro Am\u00e9rica y Caribe de TMF Group, Alejandro\" \/>\n\t\t<meta name=\"twitter:image\" content=\"https:\/\/www.eldigitaldeasturias.com\/noticias\/wp-content\/uploads\/2017\/12\/1513595246_Alejandro_Pe_as_Managing_Director_Espa_a_OnTruck.jpg\" \/>\n\t\t<meta name=\"twitter:label1\" content=\"Escrito por\" \/>\n\t\t<meta name=\"twitter:data1\" content=\"El Digital de Asturias\" \/>\n\t\t<meta name=\"twitter:label2\" content=\"Tiempo de lectura estimado\" \/>\n\t\t<meta name=\"twitter:data2\" content=\"2 minutos\" \/>\n\t\t<script type=\"application\/ld+json\" class=\"aioseo-schema\">\n\t\t\t{\"@context\":\"https:\\\/\\\/schema.org\",\"@graph\":[{\"@type\":\"BlogPosting\",\"@id\":\"https:\\\/\\\/www.eldigitaldeasturias.com\\\/noticias\\\/ontruck-incorpora-a-alejandro-penas-como-managing-director-de-espana\\\/#blogposting\",\"name\":\"OnTruck incorpora a Alejandro Pe\\u00f1as como Managing Director de Espa\\u00f1a - El Digital de Asturias\",\"headline\":\"OnTruck incorpora a Alejandro Pe\\u00f1as como Managing Director de Espa\\u00f1a\",\"author\":{\"@id\":\"https:\\\/\\\/www.eldigitaldeasturias.com\\\/noticias\\\/author\\\/admin\\\/#author\"},\"publisher\":{\"@id\":\"https:\\\/\\\/www.eldigitaldeasturias.com\\\/noticias\\\/#organization\"},\"image\":{\"@type\":\"ImageObject\",\"url\":\"https:\\\/\\\/www.eldigitaldeasturias.com\\\/noticias\\\/wp-content\\\/uploads\\\/2017\\\/12\\\/1513595246_Alejandro_Pe_as_Managing_Director_Espa_a_OnTruck.jpg\",\"width\":1640,\"height\":1786},\"datePublished\":\"2017-12-19T00:29:05+01:00\",\"dateModified\":\"2017-12-19T00:29:05+01:00\",\"inLanguage\":\"es-ES\",\"mainEntityOfPage\":{\"@id\":\"https:\\\/\\\/www.eldigitaldeasturias.com\\\/noticias\\\/ontruck-incorpora-a-alejandro-penas-como-managing-director-de-espana\\\/#webpage\"},\"isPartOf\":{\"@id\":\"https:\\\/\\\/www.eldigitaldeasturias.com\\\/noticias\\\/ontruck-incorpora-a-alejandro-penas-como-managing-director-de-espana\\\/#webpage\"},\"articleSection\":\"Econom\\u00eda\"},{\"@type\":\"BreadcrumbList\",\"@id\":\"https:\\\/\\\/www.eldigitaldeasturias.com\\\/noticias\\\/ontruck-incorpora-a-alejandro-penas-como-managing-director-de-espana\\\/#breadcrumblist\",\"itemListElement\":[{\"@type\":\"ListItem\",\"@id\":\"https:\\\/\\\/www.eldigitaldeasturias.com\\\/noticias#listItem\",\"position\":1,\"name\":\"Home\",\"item\":\"https:\\\/\\\/www.eldigitaldeasturias.com\\\/noticias\",\"nextItem\":{\"@type\":\"ListItem\",\"@id\":\"https:\\\/\\\/www.eldigitaldeasturias.com\\\/noticias\\\/category\\\/economia\\\/#listItem\",\"name\":\"Econom\\u00eda\"}},{\"@type\":\"ListItem\",\"@id\":\"https:\\\/\\\/www.eldigitaldeasturias.com\\\/noticias\\\/category\\\/economia\\\/#listItem\",\"position\":2,\"name\":\"Econom\\u00eda\",\"item\":\"https:\\\/\\\/www.eldigitaldeasturias.com\\\/noticias\\\/category\\\/economia\\\/\",\"nextItem\":{\"@type\":\"ListItem\",\"@id\":\"https:\\\/\\\/www.eldigitaldeasturias.com\\\/noticias\\\/ontruck-incorpora-a-alejandro-penas-como-managing-director-de-espana\\\/#listItem\",\"name\":\"OnTruck incorpora a Alejandro Pe\\u00f1as como Managing Director de Espa\\u00f1a\"},\"previousItem\":{\"@type\":\"ListItem\",\"@id\":\"https:\\\/\\\/www.eldigitaldeasturias.com\\\/noticias#listItem\",\"name\":\"Home\"}},{\"@type\":\"ListItem\",\"@id\":\"https:\\\/\\\/www.eldigitaldeasturias.com\\\/noticias\\\/ontruck-incorpora-a-alejandro-penas-como-managing-director-de-espana\\\/#listItem\",\"position\":3,\"name\":\"OnTruck incorpora a Alejandro Pe\\u00f1as como Managing Director de Espa\\u00f1a\",\"previousItem\":{\"@type\":\"ListItem\",\"@id\":\"https:\\\/\\\/www.eldigitaldeasturias.com\\\/noticias\\\/category\\\/economia\\\/#listItem\",\"name\":\"Econom\\u00eda\"}}]},{\"@type\":\"Organization\",\"@id\":\"https:\\\/\\\/www.eldigitaldeasturias.com\\\/noticias\\\/#organization\",\"name\":\"El Digital de Asturias\",\"description\":\"Hemeroteca\",\"url\":\"https:\\\/\\\/www.eldigitaldeasturias.com\\\/noticias\\\/\",\"email\":\"info@eldigitaldeasturias.com\",\"telephone\":\"+34652131393\",\"logo\":{\"@type\":\"ImageObject\",\"url\":\"https:\\\/\\\/www.eldigitaldeasturias.com\\\/noticias\\\/wp-content\\\/uploads\\\/2020\\\/12\\\/EDA.jpg\",\"@id\":\"https:\\\/\\\/www.eldigitaldeasturias.com\\\/noticias\\\/ontruck-incorpora-a-alejandro-penas-como-managing-director-de-espana\\\/#organizationLogo\",\"width\":649,\"height\":297},\"image\":{\"@id\":\"https:\\\/\\\/www.eldigitaldeasturias.com\\\/noticias\\\/ontruck-incorpora-a-alejandro-penas-como-managing-director-de-espana\\\/#organizationLogo\"},\"sameAs\":[\"https:\\\/\\\/facebook.com\\\/eldigitaldeasturias\",\"https:\\\/\\\/www.youtube.com\\\/channel\\\/UCZP-2wLEB9Rv6erhFmqVnvg\"],\"address\":{\"@id\":\"https:\\\/\\\/www.eldigitaldeasturias.com\\\/noticias\\\/#postaladdress\",\"@type\":\"PostalAddress\",\"streetAddress\":\"san antonio 4,\",\"postalCode\":\"33430\",\"addressLocality\":\"Cand\\u00e1s\",\"addressRegion\":\"Asturias\",\"addressCountry\":\"ES\"}},{\"@type\":\"Person\",\"@id\":\"https:\\\/\\\/www.eldigitaldeasturias.com\\\/noticias\\\/author\\\/admin\\\/#author\",\"url\":\"https:\\\/\\\/www.eldigitaldeasturias.com\\\/noticias\\\/author\\\/admin\\\/\",\"name\":\"El Digital de Asturias\",\"image\":{\"@type\":\"ImageObject\",\"@id\":\"https:\\\/\\\/www.eldigitaldeasturias.com\\\/noticias\\\/ontruck-incorpora-a-alejandro-penas-como-managing-director-de-espana\\\/#authorImage\",\"url\":\"https:\\\/\\\/www.eldigitaldeasturias.com\\\/noticias\\\/wp-content\\\/litespeed\\\/avatar\\\/18677e78aa0546b92d9dbf31ec7d7668.jpg?ver=1777290358\",\"width\":96,\"height\":96,\"caption\":\"El Digital de Asturias\"}},{\"@type\":\"WebPage\",\"@id\":\"https:\\\/\\\/www.eldigitaldeasturias.com\\\/noticias\\\/ontruck-incorpora-a-alejandro-penas-como-managing-director-de-espana\\\/#webpage\",\"url\":\"https:\\\/\\\/www.eldigitaldeasturias.com\\\/noticias\\\/ontruck-incorpora-a-alejandro-penas-como-managing-director-de-espana\\\/\",\"name\":\"OnTruck incorpora a Alejandro Pe\\u00f1as como Managing Director de Espa\\u00f1a - El Digital de Asturias\",\"description\":\"OnTruck, compa\\u00f1\\u00eda pionera en el transporte de mercanc\\u00edas por carretera, contin\\u00faa creciendo en el mercado nacional. Por ello, la startup espa\\u00f1ola refuerza su equipo directivo con la incorporaci\\u00f3n de Alejandro Pe\\u00f1as, nuevo Managing Director de Espa\\u00f1a de la compa\\u00f1\\u00eda. Ingeniero de telecomunicaciones y ex director regional de Centro Am\\u00e9rica y Caribe de TMF Group, Alejandro\",\"inLanguage\":\"es-ES\",\"isPartOf\":{\"@id\":\"https:\\\/\\\/www.eldigitaldeasturias.com\\\/noticias\\\/#website\"},\"breadcrumb\":{\"@id\":\"https:\\\/\\\/www.eldigitaldeasturias.com\\\/noticias\\\/ontruck-incorpora-a-alejandro-penas-como-managing-director-de-espana\\\/#breadcrumblist\"},\"author\":{\"@id\":\"https:\\\/\\\/www.eldigitaldeasturias.com\\\/noticias\\\/author\\\/admin\\\/#author\"},\"creator\":{\"@id\":\"https:\\\/\\\/www.eldigitaldeasturias.com\\\/noticias\\\/author\\\/admin\\\/#author\"},\"image\":{\"@type\":\"ImageObject\",\"url\":\"https:\\\/\\\/www.eldigitaldeasturias.com\\\/noticias\\\/wp-content\\\/uploads\\\/2017\\\/12\\\/1513595246_Alejandro_Pe_as_Managing_Director_Espa_a_OnTruck.jpg\",\"@id\":\"https:\\\/\\\/www.eldigitaldeasturias.com\\\/noticias\\\/ontruck-incorpora-a-alejandro-penas-como-managing-director-de-espana\\\/#mainImage\",\"width\":1640,\"height\":1786},\"primaryImageOfPage\":{\"@id\":\"https:\\\/\\\/www.eldigitaldeasturias.com\\\/noticias\\\/ontruck-incorpora-a-alejandro-penas-como-managing-director-de-espana\\\/#mainImage\"},\"datePublished\":\"2017-12-19T00:29:05+01:00\",\"dateModified\":\"2017-12-19T00:29:05+01:00\"},{\"@type\":\"WebSite\",\"@id\":\"https:\\\/\\\/www.eldigitaldeasturias.com\\\/noticias\\\/#website\",\"url\":\"https:\\\/\\\/www.eldigitaldeasturias.com\\\/noticias\\\/\",\"name\":\"El Digital de Asturias - Diario de actualidad y noticias\",\"alternateName\":\"El Digital de Asturias - Diario de actualidad y noticias\",\"description\":\"Hemeroteca\",\"inLanguage\":\"es-ES\",\"publisher\":{\"@id\":\"https:\\\/\\\/www.eldigitaldeasturias.com\\\/noticias\\\/#organization\"}}]}\n\t\t<\/script>\n\t\t<!-- All in One SEO Pro -->\r\n\t\t<title>OnTruck incorpora a Alejandro Pe\u00f1as como Managing Director de Espa\u00f1a - El Digital de Asturias<\/title>\n\n","aioseo_head_json":{"title":"OnTruck incorpora a Alejandro Pe\u00f1as como Managing Director de Espa\u00f1a - El Digital de Asturias","description":"OnTruck, compa\u00f1\u00eda pionera en el transporte de mercanc\u00edas por carretera, contin\u00faa creciendo en el mercado nacional. Por ello, la startup espa\u00f1ola refuerza su equipo directivo con la incorporaci\u00f3n de Alejandro Pe\u00f1as, nuevo Managing Director de Espa\u00f1a de la compa\u00f1\u00eda. Ingeniero de telecomunicaciones y ex director regional de Centro Am\u00e9rica y Caribe de TMF Group, Alejandro","canonical_url":"https:\/\/www.eldigitaldeasturias.com\/noticias\/ontruck-incorpora-a-alejandro-penas-como-managing-director-de-espana\/","robots":"max-image-preview:large","keywords":"econom\u00eda","webmasterTools":{"google-site-verification":"UA-38556648-1","msvalidate.01":"7dfe9f3f1b24437ab69f4f2559babe99","miscellaneous":""},"schema":{"@context":"https:\/\/schema.org","@graph":[{"@type":"BlogPosting","@id":"https:\/\/www.eldigitaldeasturias.com\/noticias\/ontruck-incorpora-a-alejandro-penas-como-managing-director-de-espana\/#blogposting","name":"OnTruck incorpora a Alejandro Pe\u00f1as como Managing Director de Espa\u00f1a - El Digital de Asturias","headline":"OnTruck incorpora a Alejandro Pe\u00f1as como Managing Director de Espa\u00f1a","author":{"@id":"https:\/\/www.eldigitaldeasturias.com\/noticias\/author\/admin\/#author"},"publisher":{"@id":"https:\/\/www.eldigitaldeasturias.com\/noticias\/#organization"},"image":{"@type":"ImageObject","url":"https:\/\/www.eldigitaldeasturias.com\/noticias\/wp-content\/uploads\/2017\/12\/1513595246_Alejandro_Pe_as_Managing_Director_Espa_a_OnTruck.jpg","width":1640,"height":1786},"datePublished":"2017-12-19T00:29:05+01:00","dateModified":"2017-12-19T00:29:05+01:00","inLanguage":"es-ES","mainEntityOfPage":{"@id":"https:\/\/www.eldigitaldeasturias.com\/noticias\/ontruck-incorpora-a-alejandro-penas-como-managing-director-de-espana\/#webpage"},"isPartOf":{"@id":"https:\/\/www.eldigitaldeasturias.com\/noticias\/ontruck-incorpora-a-alejandro-penas-como-managing-director-de-espana\/#webpage"},"articleSection":"Econom\u00eda"},{"@type":"BreadcrumbList","@id":"https:\/\/www.eldigitaldeasturias.com\/noticias\/ontruck-incorpora-a-alejandro-penas-como-managing-director-de-espana\/#breadcrumblist","itemListElement":[{"@type":"ListItem","@id":"https:\/\/www.eldigitaldeasturias.com\/noticias#listItem","position":1,"name":"Home","item":"https:\/\/www.eldigitaldeasturias.com\/noticias","nextItem":{"@type":"ListItem","@id":"https:\/\/www.eldigitaldeasturias.com\/noticias\/category\/economia\/#listItem","name":"Econom\u00eda"}},{"@type":"ListItem","@id":"https:\/\/www.eldigitaldeasturias.com\/noticias\/category\/economia\/#listItem","position":2,"name":"Econom\u00eda","item":"https:\/\/www.eldigitaldeasturias.com\/noticias\/category\/economia\/","nextItem":{"@type":"ListItem","@id":"https:\/\/www.eldigitaldeasturias.com\/noticias\/ontruck-incorpora-a-alejandro-penas-como-managing-director-de-espana\/#listItem","name":"OnTruck incorpora a Alejandro Pe\u00f1as como Managing Director de Espa\u00f1a"},"previousItem":{"@type":"ListItem","@id":"https:\/\/www.eldigitaldeasturias.com\/noticias#listItem","name":"Home"}},{"@type":"ListItem","@id":"https:\/\/www.eldigitaldeasturias.com\/noticias\/ontruck-incorpora-a-alejandro-penas-como-managing-director-de-espana\/#listItem","position":3,"name":"OnTruck incorpora a Alejandro Pe\u00f1as como Managing Director de Espa\u00f1a","previousItem":{"@type":"ListItem","@id":"https:\/\/www.eldigitaldeasturias.com\/noticias\/category\/economia\/#listItem","name":"Econom\u00eda"}}]},{"@type":"Organization","@id":"https:\/\/www.eldigitaldeasturias.com\/noticias\/#organization","name":"El Digital de Asturias","description":"Hemeroteca","url":"https:\/\/www.eldigitaldeasturias.com\/noticias\/","email":"info@eldigitaldeasturias.com","telephone":"+34652131393","logo":{"@type":"ImageObject","url":"https:\/\/www.eldigitaldeasturias.com\/noticias\/wp-content\/uploads\/2020\/12\/EDA.jpg","@id":"https:\/\/www.eldigitaldeasturias.com\/noticias\/ontruck-incorpora-a-alejandro-penas-como-managing-director-de-espana\/#organizationLogo","width":649,"height":297},"image":{"@id":"https:\/\/www.eldigitaldeasturias.com\/noticias\/ontruck-incorpora-a-alejandro-penas-como-managing-director-de-espana\/#organizationLogo"},"sameAs":["https:\/\/facebook.com\/eldigitaldeasturias","https:\/\/www.youtube.com\/channel\/UCZP-2wLEB9Rv6erhFmqVnvg"],"address":{"@id":"https:\/\/www.eldigitaldeasturias.com\/noticias\/#postaladdress","@type":"PostalAddress","streetAddress":"san antonio 4,","postalCode":"33430","addressLocality":"Cand\u00e1s","addressRegion":"Asturias","addressCountry":"ES"}},{"@type":"Person","@id":"https:\/\/www.eldigitaldeasturias.com\/noticias\/author\/admin\/#author","url":"https:\/\/www.eldigitaldeasturias.com\/noticias\/author\/admin\/","name":"El Digital de Asturias","image":{"@type":"ImageObject","@id":"https:\/\/www.eldigitaldeasturias.com\/noticias\/ontruck-incorpora-a-alejandro-penas-como-managing-director-de-espana\/#authorImage","url":"https:\/\/www.eldigitaldeasturias.com\/noticias\/wp-content\/litespeed\/avatar\/18677e78aa0546b92d9dbf31ec7d7668.jpg?ver=1777290358","width":96,"height":96,"caption":"El Digital de Asturias"}},{"@type":"WebPage","@id":"https:\/\/www.eldigitaldeasturias.com\/noticias\/ontruck-incorpora-a-alejandro-penas-como-managing-director-de-espana\/#webpage","url":"https:\/\/www.eldigitaldeasturias.com\/noticias\/ontruck-incorpora-a-alejandro-penas-como-managing-director-de-espana\/","name":"OnTruck incorpora a Alejandro Pe\u00f1as como Managing Director de Espa\u00f1a - El Digital de Asturias","description":"OnTruck, compa\u00f1\u00eda pionera en el transporte de mercanc\u00edas por carretera, contin\u00faa creciendo en el mercado nacional. Por ello, la startup espa\u00f1ola refuerza su equipo directivo con la incorporaci\u00f3n de Alejandro Pe\u00f1as, nuevo Managing Director de Espa\u00f1a de la compa\u00f1\u00eda. Ingeniero de telecomunicaciones y ex director regional de Centro Am\u00e9rica y Caribe de TMF Group, Alejandro","inLanguage":"es-ES","isPartOf":{"@id":"https:\/\/www.eldigitaldeasturias.com\/noticias\/#website"},"breadcrumb":{"@id":"https:\/\/www.eldigitaldeasturias.com\/noticias\/ontruck-incorpora-a-alejandro-penas-como-managing-director-de-espana\/#breadcrumblist"},"author":{"@id":"https:\/\/www.eldigitaldeasturias.com\/noticias\/author\/admin\/#author"},"creator":{"@id":"https:\/\/www.eldigitaldeasturias.com\/noticias\/author\/admin\/#author"},"image":{"@type":"ImageObject","url":"https:\/\/www.eldigitaldeasturias.com\/noticias\/wp-content\/uploads\/2017\/12\/1513595246_Alejandro_Pe_as_Managing_Director_Espa_a_OnTruck.jpg","@id":"https:\/\/www.eldigitaldeasturias.com\/noticias\/ontruck-incorpora-a-alejandro-penas-como-managing-director-de-espana\/#mainImage","width":1640,"height":1786},"primaryImageOfPage":{"@id":"https:\/\/www.eldigitaldeasturias.com\/noticias\/ontruck-incorpora-a-alejandro-penas-como-managing-director-de-espana\/#mainImage"},"datePublished":"2017-12-19T00:29:05+01:00","dateModified":"2017-12-19T00:29:05+01:00"},{"@type":"WebSite","@id":"https:\/\/www.eldigitaldeasturias.com\/noticias\/#website","url":"https:\/\/www.eldigitaldeasturias.com\/noticias\/","name":"El Digital de Asturias - Diario de actualidad y noticias","alternateName":"El Digital de Asturias - Diario de actualidad y noticias","description":"Hemeroteca","inLanguage":"es-ES","publisher":{"@id":"https:\/\/www.eldigitaldeasturias.com\/noticias\/#organization"}}]},"og:locale":"es_ES","og:site_name":"El Digital de Asturias","og:type":"article","og:title":"OnTruck incorpora a Alejandro Pe\u00f1as como Managing Director de Espa\u00f1a - El Digital de Asturias","og:description":"OnTruck, compa\u00f1\u00eda pionera en el transporte de mercanc\u00edas por carretera, contin\u00faa creciendo en el mercado nacional. Por ello, la startup espa\u00f1ola refuerza su equipo directivo con la incorporaci\u00f3n de Alejandro Pe\u00f1as, nuevo Managing Director de Espa\u00f1a de la compa\u00f1\u00eda. Ingeniero de telecomunicaciones y ex director regional de Centro Am\u00e9rica y Caribe de TMF Group, Alejandro","og:url":"https:\/\/www.eldigitaldeasturias.com\/noticias\/ontruck-incorpora-a-alejandro-penas-como-managing-director-de-espana\/","og:image":"https:\/\/www.eldigitaldeasturias.com\/noticias\/wp-content\/uploads\/2017\/12\/1513595246_Alejandro_Pe_as_Managing_Director_Espa_a_OnTruck.jpg","og:image:secure_url":"https:\/\/www.eldigitaldeasturias.com\/noticias\/wp-content\/uploads\/2017\/12\/1513595246_Alejandro_Pe_as_Managing_Director_Espa_a_OnTruck.jpg","og:image:width":1640,"og:image:height":1786,"article:tag":["econom\u00eda"],"article:published_time":"2017-12-19T00:29:05+00:00","article:modified_time":"2017-12-19T00:29:05+00:00","article:publisher":"https:\/\/facebook.com\/eldigitaldeasturias","twitter:card":"summary_large_image","twitter:title":"OnTruck incorpora a Alejandro Pe\u00f1as como Managing Director de Espa\u00f1a - El Digital de Asturias","twitter:description":"OnTruck, compa\u00f1\u00eda pionera en el transporte de mercanc\u00edas por carretera, contin\u00faa creciendo en el mercado nacional. Por ello, la startup espa\u00f1ola refuerza su equipo directivo con la incorporaci\u00f3n de Alejandro Pe\u00f1as, nuevo Managing Director de Espa\u00f1a de la compa\u00f1\u00eda. Ingeniero de telecomunicaciones y ex director regional de Centro Am\u00e9rica y Caribe de TMF Group, Alejandro","twitter:image":"https:\/\/www.eldigitaldeasturias.com\/noticias\/wp-content\/uploads\/2017\/12\/1513595246_Alejandro_Pe_as_Managing_Director_Espa_a_OnTruck.jpg","twitter:label1":"Escrito por","twitter:data1":"El Digital de Asturias","twitter:label2":"Tiempo de lectura estimado","twitter:data2":"2 minutos"},"aioseo_meta_data":{"post_id":"963765","title":null,"description":null,"keywords":null,"keyphrases":null,"primary_term":null,"canonical_url":null,"og_title":null,"og_description":null,"og_object_type":"default","og_image_type":"default","og_image_url":null,"og_image_width":null,"og_image_height":null,"og_image_custom_url":null,"og_image_custom_fields":null,"og_video":null,"og_custom_url":null,"og_article_section":null,"og_article_tags":null,"twitter_use_og":false,"twitter_card":"default","twitter_image_type":"default","twitter_image_url":null,"twitter_image_custom_url":null,"twitter_image_custom_fields":null,"twitter_title":null,"twitter_description":null,"schema":{"blockGraphs":[],"customGraphs":[],"default":{"data":{"Article":[],"Course":[],"Dataset":[],"FAQPage":[],"Movie":[],"Person":[],"Product":[],"ProductReview":[],"Car":[],"Recipe":[],"Service":[],"SoftwareApplication":[],"WebPage":[]},"graphName":"","isEnabled":true},"graphs":[],"defaultGraph":"","defaultPostTypeGraph":""},"schema_type":null,"schema_type_options":null,"pillar_content":false,"robots_default":true,"robots_noindex":false,"robots_noarchive":false,"robots_nosnippet":false,"robots_nofollow":false,"robots_noimageindex":false,"robots_noodp":false,"robots_notranslate":false,"robots_max_snippet":null,"robots_max_videopreview":null,"robots_max_imagepreview":"large","priority":null,"frequency":null,"local_seo":null,"seo_analyzer_scan_date":"2025-12-07 17:27:50","breadcrumb_settings":null,"limit_modified_date":false,"open_ai":null,"ai":null,"created":"2020-12-21 12:42:38","updated":"2025-12-07 17:27:50"},"aioseo_breadcrumb":"<div class=\"aioseo-breadcrumbs\"><span class=\"aioseo-breadcrumb\">\n\t<a href=\"https:\/\/www.eldigitaldeasturias.com\/noticias\" title=\"Home\">Home<\/a>\n<\/span><span class=\"aioseo-breadcrumb-separator\">\u2013<\/span><span class=\"aioseo-breadcrumb\">\n\t<a href=\"https:\/\/www.eldigitaldeasturias.com\/noticias\/category\/economia\/\" title=\"Econom\u00eda\">Econom\u00eda<\/a>\n<\/span><span class=\"aioseo-breadcrumb-separator\">\u2013<\/span><span class=\"aioseo-breadcrumb\">\n\t<a href=\"https:\/\/www.eldigitaldeasturias.com\/noticias\/ontruck-incorpora-a-alejandro-penas-como-managing-director-de-espana\/\" title=\"OnTruck incorpora a Alejandro Pe\u00f1as como Managing Director de Espa\u00f1a\">OnTruck incorpora a Alejandro Pe\u00f1as como Managing Director de Espa\u00f1a<\/a>\n<\/span><\/div>","aioseo_breadcrumb_json":[{"label":"Home","link":"https:\/\/www.eldigitaldeasturias.com\/noticias"},{"label":"Econom\u00eda","link":"https:\/\/www.eldigitaldeasturias.com\/noticias\/category\/economia\/"},{"label":"OnTruck incorpora a Alejandro Pe\u00f1as como Managing Director de Espa\u00f1a","link":"https:\/\/www.eldigitaldeasturias.com\/noticias\/ontruck-incorpora-a-alejandro-penas-como-managing-director-de-espana\/"}],"_links":{"self":[{"href":"https:\/\/www.eldigitaldeasturias.com\/noticias\/wp-json\/wp\/v2\/posts\/963765","targetHints":{"allow":["GET"]}}],"collection":[{"href":"https:\/\/www.eldigitaldeasturias.com\/noticias\/wp-json\/wp\/v2\/posts"}],"about":[{"href":"https:\/\/www.eldigitaldeasturias.com\/noticias\/wp-json\/wp\/v2\/types\/post"}],"author":[{"embeddable":true,"href":"https:\/\/www.eldigitaldeasturias.com\/noticias\/wp-json\/wp\/v2\/users\/1"}],"replies":[{"embeddable":true,"href":"https:\/\/www.eldigitaldeasturias.com\/noticias\/wp-json\/wp\/v2\/comments?post=963765"}],"version-history":[{"count":0,"href":"https:\/\/www.eldigitaldeasturias.com\/noticias\/wp-json\/wp\/v2\/posts\/963765\/revisions"}],"wp:featuredmedia":[{"embeddable":true,"href":"https:\/\/www.eldigitaldeasturias.com\/noticias\/wp-json\/wp\/v2\/media\/963766"}],"wp:attachment":[{"href":"https:\/\/www.eldigitaldeasturias.com\/noticias\/wp-json\/wp\/v2\/media?parent=963765"}],"wp:term":[{"taxonomy":"category","embeddable":true,"href":"https:\/\/www.eldigitaldeasturias.com\/noticias\/wp-json\/wp\/v2\/categories?post=963765"},{"taxonomy":"post_tag","embeddable":true,"href":"https:\/\/www.eldigitaldeasturias.com\/noticias\/wp-json\/wp\/v2\/tags?post=963765"}],"curies":[{"name":"wp","href":"https:\/\/api.w.org\/{rel}","templated":true}]}}