{"id":963744,"date":"2017-12-18T23:20:43","date_gmt":"2017-12-18T23:20:43","guid":{"rendered":"http:\/\/www.eldigitaldeasturias.com\/noticias\/?p=963744"},"modified":"2017-12-18T23:20:43","modified_gmt":"2017-12-18T23:20:43","slug":"gaston-las-personas-en-situacion-o-riesgo-de-exclusion-son-prioritarias-para-el-inaem","status":"publish","type":"post","link":"https:\/\/www.eldigitaldeasturias.com\/noticias\/gaston-las-personas-en-situacion-o-riesgo-de-exclusion-son-prioritarias-para-el-inaem\/","title":{"rendered":"Gast\u00f3n: \u201cLas personas en situaci\u00f3n o riesgo de exclusi\u00f3n son prioritarias para el INAEM\u201d"},"content":{"rendered":"<p><img loading=\"lazy\" decoding=\"async\" class=\"alignleft size-medium wp-image-963745\" src=\"https:\/\/www.eldigitaldeasturias.com\/noticias\/wp-content\/uploads\/2017\/12\/6897510f-360x159.jpg\" alt=\"\" width=\"360\" height=\"159\" srcset=\"https:\/\/www.eldigitaldeasturias.com\/noticias\/wp-content\/uploads\/2017\/12\/6897510f-360x159.jpg 360w, https:\/\/www.eldigitaldeasturias.com\/noticias\/wp-content\/uploads\/2017\/12\/6897510f-650x288.jpg 650w, https:\/\/www.eldigitaldeasturias.com\/noticias\/wp-content\/uploads\/2017\/12\/6897510f-250x110.jpg 250w, https:\/\/www.eldigitaldeasturias.com\/noticias\/wp-content\/uploads\/2017\/12\/6897510f.jpg 700w\" sizes=\"auto, (max-width: 360px) 100vw, 360px\" \/>La consejera de Econom\u00eda, Industria y Empleo, Marta Gast\u00f3n, ha subrayado este lunes, en la entrega de los Premios Pe\u00f3n 2017 de la Fundaci\u00f3n Rey Ardid, que \u201clas personas con discapacidad y las que est\u00e1n en situaci\u00f3n o riesgo de exclusi\u00f3n son colectivos prioritarios para el INAEM\u201d. Gast\u00f3n ha recogido el premio otorgado al Instituto Aragon\u00e9s de Empleo como reconocimiento a su labor en el impulso y el desarrollo de pol\u00edticas de empleo, y al apoyo que ha prestado a los proyectos de Formaci\u00f3n y Empleo de la Fundaci\u00f3n Ram\u00f3n Rey Ardid.<\/p>\n<p>La consejera ha indicado que este galard\u00f3n es \u201cun aliciente\u201d para seguir trabajando por la integraci\u00f3n laboral a trav\u00e9s de la formaci\u00f3n, orientaci\u00f3n y fomento del empleo de las personas que m\u00e1s dificultades tienen para acceder a un puesto de trabajo. Gast\u00f3n ha calificado a la Fundaci\u00f3n Rey Ardid de \u201caliado imprescindible\u201d en esta l\u00ednea de trabajo, y ha destacado que el Gobierno de Arag\u00f3n y la Fundaci\u00f3n Rey Ardid comparten el objetivo de que esa integraci\u00f3n social y laboral sea plena.<\/p>\n<p><strong>Formaci\u00f3n e integraci\u00f3n<\/strong><\/p>\n<p>La Fundaci\u00f3n Ram\u00f3n Rey Ardid colabora con el INAEM desde 2007 en el desarrollo de programas para la inserci\u00f3n laboral de las personas desempleadas y para la mejora de su empleabilidad, destinado a personas con especiales dificultades de inserci\u00f3n en el mercado de trabajo.<\/p>\n<p>Durante el a\u00f1o 2017, la colaboraci\u00f3n entre el INAEM y la Fundaci\u00f3n Rey Ardid ha permitido atender a 90 personas a trav\u00e9s de su programa de inserci\u00f3n. Entre los a\u00f1os 2015 y 2016, en el seno de estas iniciativas conjuntas, se atendieron a 150 personas en todo Arag\u00f3n y se logr\u00f3 integrar laboralmente a 69 de ellas. En lo que a cursos de formaci\u00f3n se refiere, desde 2015 se han realizado 15. Una oferta formativa que ha permitido formar a 208 alumnos.<\/p>\n<p>Las Escuelas Taller y Talleres de Empleo son otro de los instrumentos principales de colaboraci\u00f3n entre la Fundaci\u00f3n Rey Ardid y el INAEM. El a\u00f1o pasado, se desarroll\u00f3 uno de estos proyectos y en 2017 se han concedido subvenciones a esta Fundaci\u00f3n para llevar a cabo dos nuevas Talleres de Empleo. Con estos proyectos que combinan formaci\u00f3n y empleo se van forman un total de 85 alumnos en diversas especialidades.<\/p>\n<p>Por \u00faltimo, en el \u00e1mbito de la promoci\u00f3n de empleo y de la integraci\u00f3n laboral de las personas con discapacidad, el INAEM destina recursos a la Fundaci\u00f3n Ram\u00f3n Rey Ardid a trav\u00e9s de dos centros especiales de empleo: Rey Ardid, S.L. y Cierzo Gesti\u00f3n, S.L. Adem\u00e1s, presta ayuda econ\u00f3mica en la contrataci\u00f3n de t\u00e9cnicos de inserci\u00f3n en la empresa de inserci\u00f3n de la fundaci\u00f3n, INTEGRAARDID, S.L., que cuenta con 94 trabajadores, de los que 58 (el 61%) pertenecen a colectivos en situaci\u00f3n o riesgo de exclusi\u00f3n social.<\/p>\n<p><strong>Premiados<\/strong><\/p>\n<p>Adem\u00e1s del Instituto Aragon\u00e9s de Empleo, en esta XI edici\u00f3n de los Premios Pe\u00f3n ha sido galardonada la Fundaci\u00f3n Banco de Alimentos de Zaragoza como ejemplo de solidaridad, compromiso y sensibilidad con las personas m\u00e1s desfavorecidas, que ha recibido el reconocimiento de manos del consejero de Sanidad, Sebasti\u00e1n Celaya; el Coro Arcadia de la Fundaci\u00f3n Agust\u00edn Serrate, como ejemplo de integraci\u00f3n art\u00edstica y sociolaboral de personas con discapacidad asociada a una enfermedad mental grave, al que ha entregado el galard\u00f3n la consejera de Ciudadan\u00eda y Derechos Sociales, Mar\u00eda Victoria Broto; y la empresa HMY Group Yudigar, por su labor en la integraci\u00f3n laboral de personas vulnerables y su apoyo concreto a proyectos de integraci\u00f3n laboral de la Fundaci\u00f3n Rey Ardid.<\/p>\n","protected":false},"excerpt":{"rendered":"<p>La consejera de Econom\u00eda, Industria y Empleo, Marta Gast\u00f3n, ha subrayado este lunes, en la entrega de los Premios Pe\u00f3n 2017 de la Fundaci\u00f3n Rey Ardid, que \u201clas personas con discapacidad y las que est\u00e1n en situaci\u00f3n o riesgo de exclusi\u00f3n son colectivos prioritarios para el INAEM\u201d. Gast\u00f3n ha recogido el premio otorgado al Instituto [&hellip;]<\/p>\n","protected":false},"author":1,"featured_media":963745,"comment_status":"closed","ping_status":"closed","sticky":false,"template":"","format":"standard","meta":{"footnotes":""},"categories":[187],"tags":[],"class_list":["post-963744","post","type-post","status-publish","format-standard","has-post-thumbnail","hentry","category-economia"],"aioseo_notices":[],"aioseo_head":"\n\t\t<!-- All in One SEO Pro 4.9.6.2 - aioseo.com -->\n\t<meta name=\"description\" content=\"La consejera de Econom\u00eda, Industria y Empleo, Marta Gast\u00f3n, ha subrayado este lunes, en la entrega de los Premios Pe\u00f3n 2017 de la Fundaci\u00f3n Rey Ardid, que \u201clas personas con discapacidad y las que est\u00e1n en situaci\u00f3n o riesgo de exclusi\u00f3n son colectivos prioritarios para el INAEM\u201d. Gast\u00f3n ha recogido el premio otorgado al Instituto\" \/>\n\t<meta name=\"robots\" content=\"max-image-preview:large\" \/>\n\t<meta name=\"author\" content=\"El Digital de Asturias\"\/>\n\t<meta name=\"google-site-verification\" content=\"UA-38556648-1\" \/>\n\t<meta name=\"msvalidate.01\" content=\"7dfe9f3f1b24437ab69f4f2559babe99\" \/>\n\t<meta name=\"keywords\" content=\"econom\u00eda\" \/>\n\t<link rel=\"canonical\" href=\"https:\/\/www.eldigitaldeasturias.com\/noticias\/gaston-las-personas-en-situacion-o-riesgo-de-exclusion-son-prioritarias-para-el-inaem\/\" \/>\n\t<meta name=\"generator\" content=\"All in One SEO Pro (AIOSEO) 4.9.6.2\" \/>\n\t\t<meta property=\"og:locale\" content=\"es_ES\" \/>\n\t\t<meta property=\"og:site_name\" content=\"El Digital de Asturias\" \/>\n\t\t<meta property=\"og:type\" content=\"article\" \/>\n\t\t<meta property=\"og:title\" content=\"Gast\u00f3n: \u201cLas personas en situaci\u00f3n o riesgo de exclusi\u00f3n son prioritarias para el INAEM\u201d - El Digital de Asturias\" \/>\n\t\t<meta property=\"og:description\" content=\"La consejera de Econom\u00eda, Industria y Empleo, Marta Gast\u00f3n, ha subrayado este lunes, en la entrega de los Premios Pe\u00f3n 2017 de la Fundaci\u00f3n Rey Ardid, que \u201clas personas con discapacidad y las que est\u00e1n en situaci\u00f3n o riesgo de exclusi\u00f3n son colectivos prioritarios para el INAEM\u201d. Gast\u00f3n ha recogido el premio otorgado al Instituto\" \/>\n\t\t<meta property=\"og:url\" content=\"https:\/\/www.eldigitaldeasturias.com\/noticias\/gaston-las-personas-en-situacion-o-riesgo-de-exclusion-son-prioritarias-para-el-inaem\/\" \/>\n\t\t<meta property=\"og:image\" content=\"https:\/\/www.eldigitaldeasturias.com\/noticias\/wp-content\/uploads\/2017\/12\/6897510f.jpg\" \/>\n\t\t<meta property=\"og:image:secure_url\" content=\"https:\/\/www.eldigitaldeasturias.com\/noticias\/wp-content\/uploads\/2017\/12\/6897510f.jpg\" \/>\n\t\t<meta property=\"og:image:width\" content=\"700\" \/>\n\t\t<meta property=\"og:image:height\" content=\"310\" \/>\n\t\t<meta property=\"article:tag\" content=\"econom\u00eda\" \/>\n\t\t<meta property=\"article:published_time\" content=\"2017-12-18T23:20:43+00:00\" \/>\n\t\t<meta property=\"article:modified_time\" content=\"2017-12-18T23:20:43+00:00\" \/>\n\t\t<meta property=\"article:publisher\" content=\"https:\/\/facebook.com\/eldigitaldeasturias\" \/>\n\t\t<meta name=\"twitter:card\" content=\"summary_large_image\" \/>\n\t\t<meta name=\"twitter:title\" content=\"Gast\u00f3n: \u201cLas personas en situaci\u00f3n o riesgo de exclusi\u00f3n son prioritarias para el INAEM\u201d - El Digital de Asturias\" \/>\n\t\t<meta name=\"twitter:description\" content=\"La consejera de Econom\u00eda, Industria y Empleo, Marta Gast\u00f3n, ha subrayado este lunes, en la entrega de los Premios Pe\u00f3n 2017 de la Fundaci\u00f3n Rey Ardid, que \u201clas personas con discapacidad y las que est\u00e1n en situaci\u00f3n o riesgo de exclusi\u00f3n son colectivos prioritarios para el INAEM\u201d. Gast\u00f3n ha recogido el premio otorgado al Instituto\" \/>\n\t\t<meta name=\"twitter:image\" content=\"https:\/\/www.eldigitaldeasturias.com\/noticias\/wp-content\/uploads\/2017\/12\/6897510f.jpg\" \/>\n\t\t<meta name=\"twitter:label1\" content=\"Escrito por\" \/>\n\t\t<meta name=\"twitter:data1\" content=\"El Digital de Asturias\" \/>\n\t\t<meta name=\"twitter:label2\" content=\"Tiempo de lectura estimado\" \/>\n\t\t<meta name=\"twitter:data2\" content=\"3 minutos\" \/>\n\t\t<script type=\"application\/ld+json\" class=\"aioseo-schema\">\n\t\t\t{\"@context\":\"https:\\\/\\\/schema.org\",\"@graph\":[{\"@type\":\"BlogPosting\",\"@id\":\"https:\\\/\\\/www.eldigitaldeasturias.com\\\/noticias\\\/gaston-las-personas-en-situacion-o-riesgo-de-exclusion-son-prioritarias-para-el-inaem\\\/#blogposting\",\"name\":\"Gast\\u00f3n: \\u201cLas personas en situaci\\u00f3n o riesgo de exclusi\\u00f3n son prioritarias para el INAEM\\u201d - El Digital de Asturias\",\"headline\":\"Gast\\u00f3n: \\u201cLas personas en situaci\\u00f3n o riesgo de exclusi\\u00f3n son prioritarias para el INAEM\\u201d\",\"author\":{\"@id\":\"https:\\\/\\\/www.eldigitaldeasturias.com\\\/noticias\\\/author\\\/admin\\\/#author\"},\"publisher\":{\"@id\":\"https:\\\/\\\/www.eldigitaldeasturias.com\\\/noticias\\\/#organization\"},\"image\":{\"@type\":\"ImageObject\",\"url\":\"https:\\\/\\\/www.eldigitaldeasturias.com\\\/noticias\\\/wp-content\\\/uploads\\\/2017\\\/12\\\/6897510f.jpg\",\"width\":700,\"height\":310},\"datePublished\":\"2017-12-18T23:20:43+01:00\",\"dateModified\":\"2017-12-18T23:20:43+01:00\",\"inLanguage\":\"es-ES\",\"mainEntityOfPage\":{\"@id\":\"https:\\\/\\\/www.eldigitaldeasturias.com\\\/noticias\\\/gaston-las-personas-en-situacion-o-riesgo-de-exclusion-son-prioritarias-para-el-inaem\\\/#webpage\"},\"isPartOf\":{\"@id\":\"https:\\\/\\\/www.eldigitaldeasturias.com\\\/noticias\\\/gaston-las-personas-en-situacion-o-riesgo-de-exclusion-son-prioritarias-para-el-inaem\\\/#webpage\"},\"articleSection\":\"Econom\\u00eda\"},{\"@type\":\"BreadcrumbList\",\"@id\":\"https:\\\/\\\/www.eldigitaldeasturias.com\\\/noticias\\\/gaston-las-personas-en-situacion-o-riesgo-de-exclusion-son-prioritarias-para-el-inaem\\\/#breadcrumblist\",\"itemListElement\":[{\"@type\":\"ListItem\",\"@id\":\"https:\\\/\\\/www.eldigitaldeasturias.com\\\/noticias#listItem\",\"position\":1,\"name\":\"Home\",\"item\":\"https:\\\/\\\/www.eldigitaldeasturias.com\\\/noticias\",\"nextItem\":{\"@type\":\"ListItem\",\"@id\":\"https:\\\/\\\/www.eldigitaldeasturias.com\\\/noticias\\\/category\\\/economia\\\/#listItem\",\"name\":\"Econom\\u00eda\"}},{\"@type\":\"ListItem\",\"@id\":\"https:\\\/\\\/www.eldigitaldeasturias.com\\\/noticias\\\/category\\\/economia\\\/#listItem\",\"position\":2,\"name\":\"Econom\\u00eda\",\"item\":\"https:\\\/\\\/www.eldigitaldeasturias.com\\\/noticias\\\/category\\\/economia\\\/\",\"nextItem\":{\"@type\":\"ListItem\",\"@id\":\"https:\\\/\\\/www.eldigitaldeasturias.com\\\/noticias\\\/gaston-las-personas-en-situacion-o-riesgo-de-exclusion-son-prioritarias-para-el-inaem\\\/#listItem\",\"name\":\"Gast\\u00f3n: \\u201cLas personas en situaci\\u00f3n o riesgo de exclusi\\u00f3n son prioritarias para el INAEM\\u201d\"},\"previousItem\":{\"@type\":\"ListItem\",\"@id\":\"https:\\\/\\\/www.eldigitaldeasturias.com\\\/noticias#listItem\",\"name\":\"Home\"}},{\"@type\":\"ListItem\",\"@id\":\"https:\\\/\\\/www.eldigitaldeasturias.com\\\/noticias\\\/gaston-las-personas-en-situacion-o-riesgo-de-exclusion-son-prioritarias-para-el-inaem\\\/#listItem\",\"position\":3,\"name\":\"Gast\\u00f3n: \\u201cLas personas en situaci\\u00f3n o riesgo de exclusi\\u00f3n son prioritarias para el INAEM\\u201d\",\"previousItem\":{\"@type\":\"ListItem\",\"@id\":\"https:\\\/\\\/www.eldigitaldeasturias.com\\\/noticias\\\/category\\\/economia\\\/#listItem\",\"name\":\"Econom\\u00eda\"}}]},{\"@type\":\"Organization\",\"@id\":\"https:\\\/\\\/www.eldigitaldeasturias.com\\\/noticias\\\/#organization\",\"name\":\"El Digital de Asturias\",\"description\":\"Hemeroteca\",\"url\":\"https:\\\/\\\/www.eldigitaldeasturias.com\\\/noticias\\\/\",\"email\":\"info@eldigitaldeasturias.com\",\"telephone\":\"+34652131393\",\"logo\":{\"@type\":\"ImageObject\",\"url\":\"https:\\\/\\\/www.eldigitaldeasturias.com\\\/noticias\\\/wp-content\\\/uploads\\\/2020\\\/12\\\/EDA.jpg\",\"@id\":\"https:\\\/\\\/www.eldigitaldeasturias.com\\\/noticias\\\/gaston-las-personas-en-situacion-o-riesgo-de-exclusion-son-prioritarias-para-el-inaem\\\/#organizationLogo\",\"width\":649,\"height\":297},\"image\":{\"@id\":\"https:\\\/\\\/www.eldigitaldeasturias.com\\\/noticias\\\/gaston-las-personas-en-situacion-o-riesgo-de-exclusion-son-prioritarias-para-el-inaem\\\/#organizationLogo\"},\"sameAs\":[\"https:\\\/\\\/facebook.com\\\/eldigitaldeasturias\",\"https:\\\/\\\/www.youtube.com\\\/channel\\\/UCZP-2wLEB9Rv6erhFmqVnvg\"],\"address\":{\"@id\":\"https:\\\/\\\/www.eldigitaldeasturias.com\\\/noticias\\\/#postaladdress\",\"@type\":\"PostalAddress\",\"streetAddress\":\"san antonio 4,\",\"postalCode\":\"33430\",\"addressLocality\":\"Cand\\u00e1s\",\"addressRegion\":\"Asturias\",\"addressCountry\":\"ES\"}},{\"@type\":\"Person\",\"@id\":\"https:\\\/\\\/www.eldigitaldeasturias.com\\\/noticias\\\/author\\\/admin\\\/#author\",\"url\":\"https:\\\/\\\/www.eldigitaldeasturias.com\\\/noticias\\\/author\\\/admin\\\/\",\"name\":\"El Digital de Asturias\",\"image\":{\"@type\":\"ImageObject\",\"@id\":\"https:\\\/\\\/www.eldigitaldeasturias.com\\\/noticias\\\/gaston-las-personas-en-situacion-o-riesgo-de-exclusion-son-prioritarias-para-el-inaem\\\/#authorImage\",\"url\":\"https:\\\/\\\/www.eldigitaldeasturias.com\\\/noticias\\\/wp-content\\\/litespeed\\\/avatar\\\/18677e78aa0546b92d9dbf31ec7d7668.jpg?ver=1777290358\",\"width\":96,\"height\":96,\"caption\":\"El Digital de Asturias\"}},{\"@type\":\"WebPage\",\"@id\":\"https:\\\/\\\/www.eldigitaldeasturias.com\\\/noticias\\\/gaston-las-personas-en-situacion-o-riesgo-de-exclusion-son-prioritarias-para-el-inaem\\\/#webpage\",\"url\":\"https:\\\/\\\/www.eldigitaldeasturias.com\\\/noticias\\\/gaston-las-personas-en-situacion-o-riesgo-de-exclusion-son-prioritarias-para-el-inaem\\\/\",\"name\":\"Gast\\u00f3n: \\u201cLas personas en situaci\\u00f3n o riesgo de exclusi\\u00f3n son prioritarias para el INAEM\\u201d - El Digital de Asturias\",\"description\":\"La consejera de Econom\\u00eda, Industria y Empleo, Marta Gast\\u00f3n, ha subrayado este lunes, en la entrega de los Premios Pe\\u00f3n 2017 de la Fundaci\\u00f3n Rey Ardid, que \\u201clas personas con discapacidad y las que est\\u00e1n en situaci\\u00f3n o riesgo de exclusi\\u00f3n son colectivos prioritarios para el INAEM\\u201d. Gast\\u00f3n ha recogido el premio otorgado al Instituto\",\"inLanguage\":\"es-ES\",\"isPartOf\":{\"@id\":\"https:\\\/\\\/www.eldigitaldeasturias.com\\\/noticias\\\/#website\"},\"breadcrumb\":{\"@id\":\"https:\\\/\\\/www.eldigitaldeasturias.com\\\/noticias\\\/gaston-las-personas-en-situacion-o-riesgo-de-exclusion-son-prioritarias-para-el-inaem\\\/#breadcrumblist\"},\"author\":{\"@id\":\"https:\\\/\\\/www.eldigitaldeasturias.com\\\/noticias\\\/author\\\/admin\\\/#author\"},\"creator\":{\"@id\":\"https:\\\/\\\/www.eldigitaldeasturias.com\\\/noticias\\\/author\\\/admin\\\/#author\"},\"image\":{\"@type\":\"ImageObject\",\"url\":\"https:\\\/\\\/www.eldigitaldeasturias.com\\\/noticias\\\/wp-content\\\/uploads\\\/2017\\\/12\\\/6897510f.jpg\",\"@id\":\"https:\\\/\\\/www.eldigitaldeasturias.com\\\/noticias\\\/gaston-las-personas-en-situacion-o-riesgo-de-exclusion-son-prioritarias-para-el-inaem\\\/#mainImage\",\"width\":700,\"height\":310},\"primaryImageOfPage\":{\"@id\":\"https:\\\/\\\/www.eldigitaldeasturias.com\\\/noticias\\\/gaston-las-personas-en-situacion-o-riesgo-de-exclusion-son-prioritarias-para-el-inaem\\\/#mainImage\"},\"datePublished\":\"2017-12-18T23:20:43+01:00\",\"dateModified\":\"2017-12-18T23:20:43+01:00\"},{\"@type\":\"WebSite\",\"@id\":\"https:\\\/\\\/www.eldigitaldeasturias.com\\\/noticias\\\/#website\",\"url\":\"https:\\\/\\\/www.eldigitaldeasturias.com\\\/noticias\\\/\",\"name\":\"El Digital de Asturias - Diario de actualidad y noticias\",\"alternateName\":\"El Digital de Asturias - Diario de actualidad y noticias\",\"description\":\"Hemeroteca\",\"inLanguage\":\"es-ES\",\"publisher\":{\"@id\":\"https:\\\/\\\/www.eldigitaldeasturias.com\\\/noticias\\\/#organization\"}}]}\n\t\t<\/script>\n\t\t<!-- All in One SEO Pro -->\r\n\t\t<title>Gast\u00f3n: \u201cLas personas en situaci\u00f3n o riesgo de exclusi\u00f3n son prioritarias para el INAEM\u201d - El Digital de Asturias<\/title>\n\n","aioseo_head_json":{"title":"Gast\u00f3n: \u201cLas personas en situaci\u00f3n o riesgo de exclusi\u00f3n son prioritarias para el INAEM\u201d - El Digital de Asturias","description":"La consejera de Econom\u00eda, Industria y Empleo, Marta Gast\u00f3n, ha subrayado este lunes, en la entrega de los Premios Pe\u00f3n 2017 de la Fundaci\u00f3n Rey Ardid, que \u201clas personas con discapacidad y las que est\u00e1n en situaci\u00f3n o riesgo de exclusi\u00f3n son colectivos prioritarios para el INAEM\u201d. Gast\u00f3n ha recogido el premio otorgado al Instituto","canonical_url":"https:\/\/www.eldigitaldeasturias.com\/noticias\/gaston-las-personas-en-situacion-o-riesgo-de-exclusion-son-prioritarias-para-el-inaem\/","robots":"max-image-preview:large","keywords":"econom\u00eda","webmasterTools":{"google-site-verification":"UA-38556648-1","msvalidate.01":"7dfe9f3f1b24437ab69f4f2559babe99","miscellaneous":""},"schema":{"@context":"https:\/\/schema.org","@graph":[{"@type":"BlogPosting","@id":"https:\/\/www.eldigitaldeasturias.com\/noticias\/gaston-las-personas-en-situacion-o-riesgo-de-exclusion-son-prioritarias-para-el-inaem\/#blogposting","name":"Gast\u00f3n: \u201cLas personas en situaci\u00f3n o riesgo de exclusi\u00f3n son prioritarias para el INAEM\u201d - El Digital de Asturias","headline":"Gast\u00f3n: \u201cLas personas en situaci\u00f3n o riesgo de exclusi\u00f3n son prioritarias para el INAEM\u201d","author":{"@id":"https:\/\/www.eldigitaldeasturias.com\/noticias\/author\/admin\/#author"},"publisher":{"@id":"https:\/\/www.eldigitaldeasturias.com\/noticias\/#organization"},"image":{"@type":"ImageObject","url":"https:\/\/www.eldigitaldeasturias.com\/noticias\/wp-content\/uploads\/2017\/12\/6897510f.jpg","width":700,"height":310},"datePublished":"2017-12-18T23:20:43+01:00","dateModified":"2017-12-18T23:20:43+01:00","inLanguage":"es-ES","mainEntityOfPage":{"@id":"https:\/\/www.eldigitaldeasturias.com\/noticias\/gaston-las-personas-en-situacion-o-riesgo-de-exclusion-son-prioritarias-para-el-inaem\/#webpage"},"isPartOf":{"@id":"https:\/\/www.eldigitaldeasturias.com\/noticias\/gaston-las-personas-en-situacion-o-riesgo-de-exclusion-son-prioritarias-para-el-inaem\/#webpage"},"articleSection":"Econom\u00eda"},{"@type":"BreadcrumbList","@id":"https:\/\/www.eldigitaldeasturias.com\/noticias\/gaston-las-personas-en-situacion-o-riesgo-de-exclusion-son-prioritarias-para-el-inaem\/#breadcrumblist","itemListElement":[{"@type":"ListItem","@id":"https:\/\/www.eldigitaldeasturias.com\/noticias#listItem","position":1,"name":"Home","item":"https:\/\/www.eldigitaldeasturias.com\/noticias","nextItem":{"@type":"ListItem","@id":"https:\/\/www.eldigitaldeasturias.com\/noticias\/category\/economia\/#listItem","name":"Econom\u00eda"}},{"@type":"ListItem","@id":"https:\/\/www.eldigitaldeasturias.com\/noticias\/category\/economia\/#listItem","position":2,"name":"Econom\u00eda","item":"https:\/\/www.eldigitaldeasturias.com\/noticias\/category\/economia\/","nextItem":{"@type":"ListItem","@id":"https:\/\/www.eldigitaldeasturias.com\/noticias\/gaston-las-personas-en-situacion-o-riesgo-de-exclusion-son-prioritarias-para-el-inaem\/#listItem","name":"Gast\u00f3n: \u201cLas personas en situaci\u00f3n o riesgo de exclusi\u00f3n son prioritarias para el INAEM\u201d"},"previousItem":{"@type":"ListItem","@id":"https:\/\/www.eldigitaldeasturias.com\/noticias#listItem","name":"Home"}},{"@type":"ListItem","@id":"https:\/\/www.eldigitaldeasturias.com\/noticias\/gaston-las-personas-en-situacion-o-riesgo-de-exclusion-son-prioritarias-para-el-inaem\/#listItem","position":3,"name":"Gast\u00f3n: \u201cLas personas en situaci\u00f3n o riesgo de exclusi\u00f3n son prioritarias para el INAEM\u201d","previousItem":{"@type":"ListItem","@id":"https:\/\/www.eldigitaldeasturias.com\/noticias\/category\/economia\/#listItem","name":"Econom\u00eda"}}]},{"@type":"Organization","@id":"https:\/\/www.eldigitaldeasturias.com\/noticias\/#organization","name":"El Digital de Asturias","description":"Hemeroteca","url":"https:\/\/www.eldigitaldeasturias.com\/noticias\/","email":"info@eldigitaldeasturias.com","telephone":"+34652131393","logo":{"@type":"ImageObject","url":"https:\/\/www.eldigitaldeasturias.com\/noticias\/wp-content\/uploads\/2020\/12\/EDA.jpg","@id":"https:\/\/www.eldigitaldeasturias.com\/noticias\/gaston-las-personas-en-situacion-o-riesgo-de-exclusion-son-prioritarias-para-el-inaem\/#organizationLogo","width":649,"height":297},"image":{"@id":"https:\/\/www.eldigitaldeasturias.com\/noticias\/gaston-las-personas-en-situacion-o-riesgo-de-exclusion-son-prioritarias-para-el-inaem\/#organizationLogo"},"sameAs":["https:\/\/facebook.com\/eldigitaldeasturias","https:\/\/www.youtube.com\/channel\/UCZP-2wLEB9Rv6erhFmqVnvg"],"address":{"@id":"https:\/\/www.eldigitaldeasturias.com\/noticias\/#postaladdress","@type":"PostalAddress","streetAddress":"san antonio 4,","postalCode":"33430","addressLocality":"Cand\u00e1s","addressRegion":"Asturias","addressCountry":"ES"}},{"@type":"Person","@id":"https:\/\/www.eldigitaldeasturias.com\/noticias\/author\/admin\/#author","url":"https:\/\/www.eldigitaldeasturias.com\/noticias\/author\/admin\/","name":"El Digital de Asturias","image":{"@type":"ImageObject","@id":"https:\/\/www.eldigitaldeasturias.com\/noticias\/gaston-las-personas-en-situacion-o-riesgo-de-exclusion-son-prioritarias-para-el-inaem\/#authorImage","url":"https:\/\/www.eldigitaldeasturias.com\/noticias\/wp-content\/litespeed\/avatar\/18677e78aa0546b92d9dbf31ec7d7668.jpg?ver=1777290358","width":96,"height":96,"caption":"El Digital de Asturias"}},{"@type":"WebPage","@id":"https:\/\/www.eldigitaldeasturias.com\/noticias\/gaston-las-personas-en-situacion-o-riesgo-de-exclusion-son-prioritarias-para-el-inaem\/#webpage","url":"https:\/\/www.eldigitaldeasturias.com\/noticias\/gaston-las-personas-en-situacion-o-riesgo-de-exclusion-son-prioritarias-para-el-inaem\/","name":"Gast\u00f3n: \u201cLas personas en situaci\u00f3n o riesgo de exclusi\u00f3n son prioritarias para el INAEM\u201d - El Digital de Asturias","description":"La consejera de Econom\u00eda, Industria y Empleo, Marta Gast\u00f3n, ha subrayado este lunes, en la entrega de los Premios Pe\u00f3n 2017 de la Fundaci\u00f3n Rey Ardid, que \u201clas personas con discapacidad y las que est\u00e1n en situaci\u00f3n o riesgo de exclusi\u00f3n son colectivos prioritarios para el INAEM\u201d. Gast\u00f3n ha recogido el premio otorgado al Instituto","inLanguage":"es-ES","isPartOf":{"@id":"https:\/\/www.eldigitaldeasturias.com\/noticias\/#website"},"breadcrumb":{"@id":"https:\/\/www.eldigitaldeasturias.com\/noticias\/gaston-las-personas-en-situacion-o-riesgo-de-exclusion-son-prioritarias-para-el-inaem\/#breadcrumblist"},"author":{"@id":"https:\/\/www.eldigitaldeasturias.com\/noticias\/author\/admin\/#author"},"creator":{"@id":"https:\/\/www.eldigitaldeasturias.com\/noticias\/author\/admin\/#author"},"image":{"@type":"ImageObject","url":"https:\/\/www.eldigitaldeasturias.com\/noticias\/wp-content\/uploads\/2017\/12\/6897510f.jpg","@id":"https:\/\/www.eldigitaldeasturias.com\/noticias\/gaston-las-personas-en-situacion-o-riesgo-de-exclusion-son-prioritarias-para-el-inaem\/#mainImage","width":700,"height":310},"primaryImageOfPage":{"@id":"https:\/\/www.eldigitaldeasturias.com\/noticias\/gaston-las-personas-en-situacion-o-riesgo-de-exclusion-son-prioritarias-para-el-inaem\/#mainImage"},"datePublished":"2017-12-18T23:20:43+01:00","dateModified":"2017-12-18T23:20:43+01:00"},{"@type":"WebSite","@id":"https:\/\/www.eldigitaldeasturias.com\/noticias\/#website","url":"https:\/\/www.eldigitaldeasturias.com\/noticias\/","name":"El Digital de Asturias - Diario de actualidad y noticias","alternateName":"El Digital de Asturias - Diario de actualidad y noticias","description":"Hemeroteca","inLanguage":"es-ES","publisher":{"@id":"https:\/\/www.eldigitaldeasturias.com\/noticias\/#organization"}}]},"og:locale":"es_ES","og:site_name":"El Digital de Asturias","og:type":"article","og:title":"Gast\u00f3n: \u201cLas personas en situaci\u00f3n o riesgo de exclusi\u00f3n son prioritarias para el INAEM\u201d - El Digital de Asturias","og:description":"La consejera de Econom\u00eda, Industria y Empleo, Marta Gast\u00f3n, ha subrayado este lunes, en la entrega de los Premios Pe\u00f3n 2017 de la Fundaci\u00f3n Rey Ardid, que \u201clas personas con discapacidad y las que est\u00e1n en situaci\u00f3n o riesgo de exclusi\u00f3n son colectivos prioritarios para el INAEM\u201d. Gast\u00f3n ha recogido el premio otorgado al Instituto","og:url":"https:\/\/www.eldigitaldeasturias.com\/noticias\/gaston-las-personas-en-situacion-o-riesgo-de-exclusion-son-prioritarias-para-el-inaem\/","og:image":"https:\/\/www.eldigitaldeasturias.com\/noticias\/wp-content\/uploads\/2017\/12\/6897510f.jpg","og:image:secure_url":"https:\/\/www.eldigitaldeasturias.com\/noticias\/wp-content\/uploads\/2017\/12\/6897510f.jpg","og:image:width":700,"og:image:height":310,"article:tag":["econom\u00eda"],"article:published_time":"2017-12-18T23:20:43+00:00","article:modified_time":"2017-12-18T23:20:43+00:00","article:publisher":"https:\/\/facebook.com\/eldigitaldeasturias","twitter:card":"summary_large_image","twitter:title":"Gast\u00f3n: \u201cLas personas en situaci\u00f3n o riesgo de exclusi\u00f3n son prioritarias para el INAEM\u201d - El Digital de Asturias","twitter:description":"La consejera de Econom\u00eda, Industria y Empleo, Marta Gast\u00f3n, ha subrayado este lunes, en la entrega de los Premios Pe\u00f3n 2017 de la Fundaci\u00f3n Rey Ardid, que \u201clas personas con discapacidad y las que est\u00e1n en situaci\u00f3n o riesgo de exclusi\u00f3n son colectivos prioritarios para el INAEM\u201d. Gast\u00f3n ha recogido el premio otorgado al Instituto","twitter:image":"https:\/\/www.eldigitaldeasturias.com\/noticias\/wp-content\/uploads\/2017\/12\/6897510f.jpg","twitter:label1":"Escrito por","twitter:data1":"El Digital de Asturias","twitter:label2":"Tiempo de lectura estimado","twitter:data2":"3 minutos"},"aioseo_meta_data":{"post_id":"963744","title":null,"description":null,"keywords":null,"keyphrases":null,"primary_term":null,"canonical_url":null,"og_title":null,"og_description":null,"og_object_type":"default","og_image_type":"default","og_image_url":null,"og_image_width":null,"og_image_height":null,"og_image_custom_url":null,"og_image_custom_fields":null,"og_video":null,"og_custom_url":null,"og_article_section":null,"og_article_tags":null,"twitter_use_og":false,"twitter_card":"default","twitter_image_type":"default","twitter_image_url":null,"twitter_image_custom_url":null,"twitter_image_custom_fields":null,"twitter_title":null,"twitter_description":null,"schema":{"blockGraphs":[],"customGraphs":[],"default":{"data":{"Article":[],"Course":[],"Dataset":[],"FAQPage":[],"Movie":[],"Person":[],"Product":[],"ProductReview":[],"Car":[],"Recipe":[],"Service":[],"SoftwareApplication":[],"WebPage":[]},"graphName":"","isEnabled":true},"graphs":[],"defaultGraph":"","defaultPostTypeGraph":""},"schema_type":null,"schema_type_options":null,"pillar_content":false,"robots_default":true,"robots_noindex":false,"robots_noarchive":false,"robots_nosnippet":false,"robots_nofollow":false,"robots_noimageindex":false,"robots_noodp":false,"robots_notranslate":false,"robots_max_snippet":null,"robots_max_videopreview":null,"robots_max_imagepreview":"large","priority":null,"frequency":null,"local_seo":null,"seo_analyzer_scan_date":"2025-12-07 17:16:14","breadcrumb_settings":null,"limit_modified_date":false,"open_ai":null,"ai":null,"created":"2020-12-21 12:42:38","updated":"2025-12-07 17:16:14"},"aioseo_breadcrumb":"<div class=\"aioseo-breadcrumbs\"><span class=\"aioseo-breadcrumb\">\n\t<a href=\"https:\/\/www.eldigitaldeasturias.com\/noticias\" title=\"Home\">Home<\/a>\n<\/span><span class=\"aioseo-breadcrumb-separator\">\u2013<\/span><span class=\"aioseo-breadcrumb\">\n\t<a href=\"https:\/\/www.eldigitaldeasturias.com\/noticias\/category\/economia\/\" title=\"Econom\u00eda\">Econom\u00eda<\/a>\n<\/span><span class=\"aioseo-breadcrumb-separator\">\u2013<\/span><span class=\"aioseo-breadcrumb\">\n\t<a href=\"https:\/\/www.eldigitaldeasturias.com\/noticias\/gaston-las-personas-en-situacion-o-riesgo-de-exclusion-son-prioritarias-para-el-inaem\/\" title=\"Gast\u00f3n: \u201cLas personas en situaci\u00f3n o riesgo de exclusi\u00f3n son prioritarias para el INAEM\u201d\">Gast\u00f3n: \u201cLas personas en situaci\u00f3n o riesgo de exclusi\u00f3n son prioritarias para el INAEM\u201d<\/a>\n<\/span><\/div>","aioseo_breadcrumb_json":[{"label":"Home","link":"https:\/\/www.eldigitaldeasturias.com\/noticias"},{"label":"Econom\u00eda","link":"https:\/\/www.eldigitaldeasturias.com\/noticias\/category\/economia\/"},{"label":"Gast\u00f3n: \u201cLas personas en situaci\u00f3n o riesgo de exclusi\u00f3n son prioritarias para el INAEM\u201d","link":"https:\/\/www.eldigitaldeasturias.com\/noticias\/gaston-las-personas-en-situacion-o-riesgo-de-exclusion-son-prioritarias-para-el-inaem\/"}],"_links":{"self":[{"href":"https:\/\/www.eldigitaldeasturias.com\/noticias\/wp-json\/wp\/v2\/posts\/963744","targetHints":{"allow":["GET"]}}],"collection":[{"href":"https:\/\/www.eldigitaldeasturias.com\/noticias\/wp-json\/wp\/v2\/posts"}],"about":[{"href":"https:\/\/www.eldigitaldeasturias.com\/noticias\/wp-json\/wp\/v2\/types\/post"}],"author":[{"embeddable":true,"href":"https:\/\/www.eldigitaldeasturias.com\/noticias\/wp-json\/wp\/v2\/users\/1"}],"replies":[{"embeddable":true,"href":"https:\/\/www.eldigitaldeasturias.com\/noticias\/wp-json\/wp\/v2\/comments?post=963744"}],"version-history":[{"count":0,"href":"https:\/\/www.eldigitaldeasturias.com\/noticias\/wp-json\/wp\/v2\/posts\/963744\/revisions"}],"wp:featuredmedia":[{"embeddable":true,"href":"https:\/\/www.eldigitaldeasturias.com\/noticias\/wp-json\/wp\/v2\/media\/963745"}],"wp:attachment":[{"href":"https:\/\/www.eldigitaldeasturias.com\/noticias\/wp-json\/wp\/v2\/media?parent=963744"}],"wp:term":[{"taxonomy":"category","embeddable":true,"href":"https:\/\/www.eldigitaldeasturias.com\/noticias\/wp-json\/wp\/v2\/categories?post=963744"},{"taxonomy":"post_tag","embeddable":true,"href":"https:\/\/www.eldigitaldeasturias.com\/noticias\/wp-json\/wp\/v2\/tags?post=963744"}],"curies":[{"name":"wp","href":"https:\/\/api.w.org\/{rel}","templated":true}]}}