{"id":963688,"date":"2017-12-18T18:17:57","date_gmt":"2017-12-18T18:17:57","guid":{"rendered":"http:\/\/www.eldigitaldeasturias.com\/noticias\/?p=963688"},"modified":"2017-12-18T18:17:57","modified_gmt":"2017-12-18T18:17:57","slug":"paco-frutos-pide-el-voto-para-recortes-cero-grupo-verde","status":"publish","type":"post","link":"https:\/\/www.eldigitaldeasturias.com\/noticias\/paco-frutos-pide-el-voto-para-recortes-cero-grupo-verde\/","title":{"rendered":"Paco Frutos pide el voto para Recortes Cero-Grupo Verde"},"content":{"rendered":"<p><img loading=\"lazy\" decoding=\"async\" class=\"alignleft size-medium wp-image-963689\" src=\"https:\/\/www.eldigitaldeasturias.com\/noticias\/wp-content\/uploads\/2017\/12\/thumbnail_R0-Paco-Frutos-360x203.jpg\" alt=\"\" width=\"360\" height=\"203\" \/>El exsecretario del Partido Comunista define a Recortes Cero-Grupo Verde como los que luchan por los derechos de la clase obrera sin fracturar la\u00a0unidad de Espa\u00f1a.<\/p>\n<p>\u00abNadie defiende taxativamente, con claridad y concreci\u00f3n la lucha por\u00a0los derechos de la clase obrera como los defiende Recortes Cero-Grupo\u00a0Verde\u00bb. Es la opini\u00f3n de Paco Frutos, exsecretario general del PCE, que\u00a0ha protagonizado un v\u00eddeo con la candidata a la presidencia de la\u00a0Generalitat, Nuria Su\u00e1rez, para pedir el voto para Recortes Cero-Grupo\u00a0Verde.<\/p>\n<p>\u201cLo ten\u00e9is dif\u00edcil para entrar en el Parlament, pero deber\u00edais entrar y\u00a0yo me alegrar\u00eda mucho\u201d, asegura Frutos en el audiovisual. Porque, en su\u00a0opini\u00f3n, la formaci\u00f3n representa a los que se reclaman de izquierda m\u00e1s\u00a0o menos moderada: \u201cDefend\u00e9is proyectos econ\u00f3micos, sociales, reformas\u00a0profundas en todo el territorio, en el terreno de los derechos. Est\u00e1is\u00a0contra las guerras, por la paz\u201d.<\/p>\n<p>El exsecretario del PCE sostiene que, actualmente, quien defiende la\u00a0unidad de Espa\u00f1a de todos los trabajadores contra la fragmentaci\u00f3n y la\u00a0independencia es acusado de traidor. \u201cYo defiendo esta Catalu\u00f1a unitaria\u00a0y lo primero que hay que defender es c\u00f3mo vive la gente que vive en las\u00a0barriadas obreras. Que conoc\u00ed yo en aquellos momentos y a sus padres,\u00a0con los que coincid\u00eda en las grandes luchas sociales\u201d.<\/p>\n<p>Por su parte, la candidata Nuria Su\u00e1rez afirma que Recortes Cero-Grupo\u00a0Verde no es ambigua: \u201cEstamos contra la independencia\u201d y por ello no\u00a0muestran dudas sobre su rechazo a la divisi\u00f3n. \u201cEstoy de acuerdo en que\u00a0si queremos entrar al Parlament es porque el centro pol\u00edtico est\u00e9 en la\u00a0mejora de condiciones de vida, trabajo, pensiones y sanidad\u201d, concluye.<\/p>\n<p>Nuria Su\u00e1rez destaca especialmente que Paco Frutos participara en la\u00a0movilizaci\u00f3n convocada por Sociedad Civil Catalana (SCC) el pasado 29 de\u00a0octubre en Barcelona: \u201cTu presencia en la manifestaci\u00f3n fue importante,\u00a0me sent\u00ed identificada y representada\u201d.<\/p>\n","protected":false},"excerpt":{"rendered":"<p>El exsecretario del Partido Comunista define a Recortes Cero-Grupo Verde como los que luchan por los derechos de la clase obrera sin fracturar la\u00a0unidad de Espa\u00f1a. \u00abNadie defiende taxativamente, con claridad y concreci\u00f3n la lucha por\u00a0los derechos de la clase obrera como los defiende Recortes Cero-Grupo\u00a0Verde\u00bb. Es la opini\u00f3n de Paco Frutos, exsecretario general del [&hellip;]<\/p>\n","protected":false},"author":1,"featured_media":963689,"comment_status":"closed","ping_status":"closed","sticky":false,"template":"","format":"standard","meta":{"footnotes":""},"categories":[1],"tags":[],"class_list":["post-963688","post","type-post","status-publish","format-standard","has-post-thumbnail","hentry","category-actualidad"],"aioseo_notices":[],"aioseo_head":"\n\t\t<!-- All in One SEO Pro 5.0.1 - aioseo.com -->\n\t<meta name=\"description\" content=\"El exsecretario del Partido Comunista define a Recortes Cero-Grupo Verde como los que luchan por los derechos de la clase obrera sin fracturar la unidad de Espa\u00f1a. &quot;Nadie defiende taxativamente, con claridad y concreci\u00f3n la lucha por los derechos de la clase obrera como los defiende Recortes Cero-Grupo Verde&quot;. Es la opini\u00f3n de Paco Frutos, exsecretario general del\" \/>\n\t<meta name=\"robots\" content=\"max-image-preview:large\" \/>\n\t<meta name=\"author\" content=\"El Digital de Asturias\"\/>\n\t<meta name=\"google-site-verification\" content=\"UA-38556648-1\" \/>\n\t<meta name=\"msvalidate.01\" content=\"7dfe9f3f1b24437ab69f4f2559babe99\" \/>\n\t<meta name=\"keywords\" content=\"actualidad\" \/>\n\t<link rel=\"canonical\" href=\"https:\/\/www.eldigitaldeasturias.com\/noticias\/paco-frutos-pide-el-voto-para-recortes-cero-grupo-verde\/\" \/>\n\t<meta name=\"generator\" content=\"All in One SEO Pro (AIOSEO) 5.0.1\" \/>\n\t\t<meta property=\"og:locale\" content=\"es_ES\" \/>\n\t\t<meta property=\"og:site_name\" content=\"El Digital de Asturias\" \/>\n\t\t<meta property=\"og:type\" content=\"article\" \/>\n\t\t<meta property=\"og:title\" content=\"Paco Frutos pide el voto para Recortes Cero-Grupo Verde - El Digital de Asturias\" \/>\n\t\t<meta property=\"og:description\" content=\"El exsecretario del Partido Comunista define a Recortes Cero-Grupo Verde como los que luchan por los derechos de la clase obrera sin fracturar la unidad de Espa\u00f1a. &quot;Nadie defiende taxativamente, con claridad y concreci\u00f3n la lucha por los derechos de la clase obrera como los defiende Recortes Cero-Grupo Verde&quot;. Es la opini\u00f3n de Paco Frutos, exsecretario general del\" \/>\n\t\t<meta property=\"og:url\" content=\"https:\/\/www.eldigitaldeasturias.com\/noticias\/paco-frutos-pide-el-voto-para-recortes-cero-grupo-verde\/\" \/>\n\t\t<meta property=\"article:tag\" content=\"actualidad\" \/>\n\t\t<meta property=\"article:published_time\" content=\"2017-12-18T18:17:57+00:00\" \/>\n\t\t<meta property=\"article:modified_time\" content=\"2017-12-18T18:17:57+00:00\" \/>\n\t\t<meta property=\"article:publisher\" content=\"https:\/\/facebook.com\/eldigitaldeasturias\" \/>\n\t\t<meta name=\"twitter:card\" content=\"summary_large_image\" \/>\n\t\t<meta name=\"twitter:title\" content=\"Paco Frutos pide el voto para Recortes Cero-Grupo Verde - El Digital de Asturias\" \/>\n\t\t<meta name=\"twitter:description\" content=\"El exsecretario del Partido Comunista define a Recortes Cero-Grupo Verde como los que luchan por los derechos de la clase obrera sin fracturar la unidad de Espa\u00f1a. &quot;Nadie defiende taxativamente, con claridad y concreci\u00f3n la lucha por los derechos de la clase obrera como los defiende Recortes Cero-Grupo Verde&quot;. Es la opini\u00f3n de Paco Frutos, exsecretario general del\" \/>\n\t\t<meta name=\"twitter:image\" content=\"https:\/\/www.eldigitaldeasturias.com\/noticias\/wp-content\/uploads\/2020\/12\/EDA-1.jpg\" \/>\n\t\t<meta name=\"twitter:label1\" content=\"Escrito por\" \/>\n\t\t<meta name=\"twitter:data1\" content=\"El Digital de Asturias\" \/>\n\t\t<meta name=\"twitter:label2\" content=\"Tiempo de lectura estimado\" \/>\n\t\t<meta name=\"twitter:data2\" content=\"2 minutos\" \/>\n\t\t<script type=\"application\/ld+json\" class=\"aioseo-schema\">\n\t\t\t{\"@context\":\"https:\\\/\\\/schema.org\",\"@graph\":[{\"@type\":\"BlogPosting\",\"@id\":\"https:\\\/\\\/www.eldigitaldeasturias.com\\\/noticias\\\/paco-frutos-pide-el-voto-para-recortes-cero-grupo-verde\\\/#blogposting\",\"name\":\"Paco Frutos pide el voto para Recortes Cero-Grupo Verde - El Digital de Asturias\",\"headline\":\"Paco Frutos pide el voto para Recortes Cero-Grupo Verde\",\"author\":{\"@id\":\"https:\\\/\\\/www.eldigitaldeasturias.com\\\/noticias\\\/author\\\/admin\\\/#author\"},\"publisher\":{\"@id\":\"https:\\\/\\\/www.eldigitaldeasturias.com\\\/noticias\\\/#organization\"},\"image\":{\"@type\":\"ImageObject\",\"url\":963689},\"datePublished\":\"2017-12-18T18:17:57+01:00\",\"dateModified\":\"2017-12-18T18:17:57+01:00\",\"inLanguage\":\"es-ES\",\"mainEntityOfPage\":{\"@id\":\"https:\\\/\\\/www.eldigitaldeasturias.com\\\/noticias\\\/paco-frutos-pide-el-voto-para-recortes-cero-grupo-verde\\\/#webpage\"},\"isPartOf\":{\"@id\":\"https:\\\/\\\/www.eldigitaldeasturias.com\\\/noticias\\\/paco-frutos-pide-el-voto-para-recortes-cero-grupo-verde\\\/#webpage\"},\"articleSection\":\"Actualidad\"},{\"@type\":\"BreadcrumbList\",\"@id\":\"https:\\\/\\\/www.eldigitaldeasturias.com\\\/noticias\\\/paco-frutos-pide-el-voto-para-recortes-cero-grupo-verde\\\/#breadcrumblist\",\"itemListElement\":[{\"@type\":\"ListItem\",\"@id\":\"https:\\\/\\\/www.eldigitaldeasturias.com\\\/noticias#listItem\",\"position\":1,\"name\":\"Home\",\"item\":\"https:\\\/\\\/www.eldigitaldeasturias.com\\\/noticias\",\"nextItem\":{\"@type\":\"ListItem\",\"@id\":\"https:\\\/\\\/www.eldigitaldeasturias.com\\\/noticias\\\/category\\\/actualidad\\\/#listItem\",\"name\":\"Actualidad\"}},{\"@type\":\"ListItem\",\"@id\":\"https:\\\/\\\/www.eldigitaldeasturias.com\\\/noticias\\\/category\\\/actualidad\\\/#listItem\",\"position\":2,\"name\":\"Actualidad\",\"item\":\"https:\\\/\\\/www.eldigitaldeasturias.com\\\/noticias\\\/category\\\/actualidad\\\/\",\"nextItem\":{\"@type\":\"ListItem\",\"@id\":\"https:\\\/\\\/www.eldigitaldeasturias.com\\\/noticias\\\/paco-frutos-pide-el-voto-para-recortes-cero-grupo-verde\\\/#listItem\",\"name\":\"Paco Frutos pide el voto para Recortes Cero-Grupo Verde\"},\"previousItem\":{\"@type\":\"ListItem\",\"@id\":\"https:\\\/\\\/www.eldigitaldeasturias.com\\\/noticias#listItem\",\"name\":\"Home\"}},{\"@type\":\"ListItem\",\"@id\":\"https:\\\/\\\/www.eldigitaldeasturias.com\\\/noticias\\\/paco-frutos-pide-el-voto-para-recortes-cero-grupo-verde\\\/#listItem\",\"position\":3,\"name\":\"Paco Frutos pide el voto para Recortes Cero-Grupo Verde\",\"previousItem\":{\"@type\":\"ListItem\",\"@id\":\"https:\\\/\\\/www.eldigitaldeasturias.com\\\/noticias\\\/category\\\/actualidad\\\/#listItem\",\"name\":\"Actualidad\"}}]},{\"@type\":\"Organization\",\"@id\":\"https:\\\/\\\/www.eldigitaldeasturias.com\\\/noticias\\\/#organization\",\"name\":\"El Digital de Asturias\",\"description\":\"Hemeroteca\",\"url\":\"https:\\\/\\\/www.eldigitaldeasturias.com\\\/noticias\\\/\",\"email\":\"info@eldigitaldeasturias.com\",\"telephone\":\"+34652131393\",\"logo\":{\"@type\":\"ImageObject\",\"url\":\"https:\\\/\\\/www.eldigitaldeasturias.com\\\/noticias\\\/wp-content\\\/uploads\\\/2020\\\/12\\\/EDA.jpg\",\"@id\":\"https:\\\/\\\/www.eldigitaldeasturias.com\\\/noticias\\\/paco-frutos-pide-el-voto-para-recortes-cero-grupo-verde\\\/#organizationLogo\"},\"image\":{\"@id\":\"https:\\\/\\\/www.eldigitaldeasturias.com\\\/noticias\\\/paco-frutos-pide-el-voto-para-recortes-cero-grupo-verde\\\/#organizationLogo\"},\"sameAs\":[\"https:\\\/\\\/facebook.com\\\/eldigitaldeasturias\",\"https:\\\/\\\/www.youtube.com\\\/channel\\\/UCZP-2wLEB9Rv6erhFmqVnvg\"],\"address\":{\"@id\":\"https:\\\/\\\/www.eldigitaldeasturias.com\\\/noticias\\\/#postaladdress\",\"@type\":\"PostalAddress\",\"streetAddress\":\"san antonio 4\",\"postalCode\":\"33430\",\"addressLocality\":\"Cand\\u00e1s\",\"addressRegion\":\"Asturias\",\"addressCountry\":\"ES\"}},{\"@type\":\"Person\",\"@id\":\"https:\\\/\\\/www.eldigitaldeasturias.com\\\/noticias\\\/author\\\/admin\\\/#author\",\"url\":\"https:\\\/\\\/www.eldigitaldeasturias.com\\\/noticias\\\/author\\\/admin\\\/\",\"name\":\"El Digital de Asturias\",\"image\":{\"@type\":\"ImageObject\",\"@id\":\"https:\\\/\\\/www.eldigitaldeasturias.com\\\/noticias\\\/paco-frutos-pide-el-voto-para-recortes-cero-grupo-verde\\\/#authorImage\",\"url\":\"https:\\\/\\\/secure.gravatar.com\\\/avatar\\\/df2aeffc32bcd13f8d26072ef8a91b623d677766deac7f97ca815868cd41bf5e?s=96&d=mm&r=g\",\"width\":96,\"height\":96,\"caption\":\"El Digital de Asturias\"}},{\"@type\":\"WebPage\",\"@id\":\"https:\\\/\\\/www.eldigitaldeasturias.com\\\/noticias\\\/paco-frutos-pide-el-voto-para-recortes-cero-grupo-verde\\\/#webpage\",\"url\":\"https:\\\/\\\/www.eldigitaldeasturias.com\\\/noticias\\\/paco-frutos-pide-el-voto-para-recortes-cero-grupo-verde\\\/\",\"name\":\"Paco Frutos pide el voto para Recortes Cero-Grupo Verde - El Digital de Asturias\",\"description\":\"El exsecretario del Partido Comunista define a Recortes Cero-Grupo Verde como los que luchan por los derechos de la clase obrera sin fracturar la unidad de Espa\\u00f1a. \\\"Nadie defiende taxativamente, con claridad y concreci\\u00f3n la lucha por los derechos de la clase obrera como los defiende Recortes Cero-Grupo Verde\\\". Es la opini\\u00f3n de Paco Frutos, exsecretario general del\",\"inLanguage\":\"es-ES\",\"isPartOf\":{\"@id\":\"https:\\\/\\\/www.eldigitaldeasturias.com\\\/noticias\\\/#website\"},\"breadcrumb\":{\"@id\":\"https:\\\/\\\/www.eldigitaldeasturias.com\\\/noticias\\\/paco-frutos-pide-el-voto-para-recortes-cero-grupo-verde\\\/#breadcrumblist\"},\"author\":{\"@id\":\"https:\\\/\\\/www.eldigitaldeasturias.com\\\/noticias\\\/author\\\/admin\\\/#author\"},\"creator\":{\"@id\":\"https:\\\/\\\/www.eldigitaldeasturias.com\\\/noticias\\\/author\\\/admin\\\/#author\"},\"image\":{\"@type\":\"ImageObject\",\"url\":963689,\"@id\":\"https:\\\/\\\/www.eldigitaldeasturias.com\\\/noticias\\\/paco-frutos-pide-el-voto-para-recortes-cero-grupo-verde\\\/#mainImage\"},\"primaryImageOfPage\":{\"@id\":\"https:\\\/\\\/www.eldigitaldeasturias.com\\\/noticias\\\/paco-frutos-pide-el-voto-para-recortes-cero-grupo-verde\\\/#mainImage\"},\"datePublished\":\"2017-12-18T18:17:57+01:00\",\"dateModified\":\"2017-12-18T18:17:57+01:00\"},{\"@type\":\"WebSite\",\"@id\":\"https:\\\/\\\/www.eldigitaldeasturias.com\\\/noticias\\\/#website\",\"url\":\"https:\\\/\\\/www.eldigitaldeasturias.com\\\/noticias\\\/\",\"name\":\"El Digital de Asturias - Diario de actualidad y noticias\",\"alternateName\":\"El Digital de Asturias - Diario de actualidad y noticias\",\"description\":\"Hemeroteca\",\"inLanguage\":\"es-ES\",\"publisher\":{\"@id\":\"https:\\\/\\\/www.eldigitaldeasturias.com\\\/noticias\\\/#organization\"}}]}\n\t\t<\/script>\n\t\t<!-- All in One SEO Pro -->\r\n\t\t<title>Paco Frutos pide el voto para Recortes Cero-Grupo Verde - El Digital de Asturias<\/title>\n\n","aioseo_head_json":{"title":"Paco Frutos pide el voto para Recortes Cero-Grupo Verde - El Digital de Asturias","description":"El exsecretario del Partido Comunista define a Recortes Cero-Grupo Verde como los que luchan por los derechos de la clase obrera sin fracturar la unidad de Espa\u00f1a. \"Nadie defiende taxativamente, con claridad y concreci\u00f3n la lucha por los derechos de la clase obrera como los defiende Recortes Cero-Grupo Verde\". Es la opini\u00f3n de Paco Frutos, exsecretario general del","canonical_url":"https:\/\/www.eldigitaldeasturias.com\/noticias\/paco-frutos-pide-el-voto-para-recortes-cero-grupo-verde\/","robots":"max-image-preview:large","keywords":"actualidad","webmasterTools":{"google-site-verification":"UA-38556648-1","msvalidate.01":"7dfe9f3f1b24437ab69f4f2559babe99","miscellaneous":""},"schema":{"@context":"https:\/\/schema.org","@graph":[{"@type":"BlogPosting","@id":"https:\/\/www.eldigitaldeasturias.com\/noticias\/paco-frutos-pide-el-voto-para-recortes-cero-grupo-verde\/#blogposting","name":"Paco Frutos pide el voto para Recortes Cero-Grupo Verde - El Digital de Asturias","headline":"Paco Frutos pide el voto para Recortes Cero-Grupo Verde","author":{"@id":"https:\/\/www.eldigitaldeasturias.com\/noticias\/author\/admin\/#author"},"publisher":{"@id":"https:\/\/www.eldigitaldeasturias.com\/noticias\/#organization"},"image":{"@type":"ImageObject","url":963689},"datePublished":"2017-12-18T18:17:57+01:00","dateModified":"2017-12-18T18:17:57+01:00","inLanguage":"es-ES","mainEntityOfPage":{"@id":"https:\/\/www.eldigitaldeasturias.com\/noticias\/paco-frutos-pide-el-voto-para-recortes-cero-grupo-verde\/#webpage"},"isPartOf":{"@id":"https:\/\/www.eldigitaldeasturias.com\/noticias\/paco-frutos-pide-el-voto-para-recortes-cero-grupo-verde\/#webpage"},"articleSection":"Actualidad"},{"@type":"BreadcrumbList","@id":"https:\/\/www.eldigitaldeasturias.com\/noticias\/paco-frutos-pide-el-voto-para-recortes-cero-grupo-verde\/#breadcrumblist","itemListElement":[{"@type":"ListItem","@id":"https:\/\/www.eldigitaldeasturias.com\/noticias#listItem","position":1,"name":"Home","item":"https:\/\/www.eldigitaldeasturias.com\/noticias","nextItem":{"@type":"ListItem","@id":"https:\/\/www.eldigitaldeasturias.com\/noticias\/category\/actualidad\/#listItem","name":"Actualidad"}},{"@type":"ListItem","@id":"https:\/\/www.eldigitaldeasturias.com\/noticias\/category\/actualidad\/#listItem","position":2,"name":"Actualidad","item":"https:\/\/www.eldigitaldeasturias.com\/noticias\/category\/actualidad\/","nextItem":{"@type":"ListItem","@id":"https:\/\/www.eldigitaldeasturias.com\/noticias\/paco-frutos-pide-el-voto-para-recortes-cero-grupo-verde\/#listItem","name":"Paco Frutos pide el voto para Recortes Cero-Grupo Verde"},"previousItem":{"@type":"ListItem","@id":"https:\/\/www.eldigitaldeasturias.com\/noticias#listItem","name":"Home"}},{"@type":"ListItem","@id":"https:\/\/www.eldigitaldeasturias.com\/noticias\/paco-frutos-pide-el-voto-para-recortes-cero-grupo-verde\/#listItem","position":3,"name":"Paco Frutos pide el voto para Recortes Cero-Grupo Verde","previousItem":{"@type":"ListItem","@id":"https:\/\/www.eldigitaldeasturias.com\/noticias\/category\/actualidad\/#listItem","name":"Actualidad"}}]},{"@type":"Organization","@id":"https:\/\/www.eldigitaldeasturias.com\/noticias\/#organization","name":"El Digital de Asturias","description":"Hemeroteca","url":"https:\/\/www.eldigitaldeasturias.com\/noticias\/","email":"info@eldigitaldeasturias.com","telephone":"+34652131393","logo":{"@type":"ImageObject","url":"https:\/\/www.eldigitaldeasturias.com\/noticias\/wp-content\/uploads\/2020\/12\/EDA.jpg","@id":"https:\/\/www.eldigitaldeasturias.com\/noticias\/paco-frutos-pide-el-voto-para-recortes-cero-grupo-verde\/#organizationLogo"},"image":{"@id":"https:\/\/www.eldigitaldeasturias.com\/noticias\/paco-frutos-pide-el-voto-para-recortes-cero-grupo-verde\/#organizationLogo"},"sameAs":["https:\/\/facebook.com\/eldigitaldeasturias","https:\/\/www.youtube.com\/channel\/UCZP-2wLEB9Rv6erhFmqVnvg"],"address":{"@id":"https:\/\/www.eldigitaldeasturias.com\/noticias\/#postaladdress","@type":"PostalAddress","streetAddress":"san antonio 4","postalCode":"33430","addressLocality":"Cand\u00e1s","addressRegion":"Asturias","addressCountry":"ES"}},{"@type":"Person","@id":"https:\/\/www.eldigitaldeasturias.com\/noticias\/author\/admin\/#author","url":"https:\/\/www.eldigitaldeasturias.com\/noticias\/author\/admin\/","name":"El Digital de Asturias","image":{"@type":"ImageObject","@id":"https:\/\/www.eldigitaldeasturias.com\/noticias\/paco-frutos-pide-el-voto-para-recortes-cero-grupo-verde\/#authorImage","url":"https:\/\/secure.gravatar.com\/avatar\/df2aeffc32bcd13f8d26072ef8a91b623d677766deac7f97ca815868cd41bf5e?s=96&d=mm&r=g","width":96,"height":96,"caption":"El Digital de Asturias"}},{"@type":"WebPage","@id":"https:\/\/www.eldigitaldeasturias.com\/noticias\/paco-frutos-pide-el-voto-para-recortes-cero-grupo-verde\/#webpage","url":"https:\/\/www.eldigitaldeasturias.com\/noticias\/paco-frutos-pide-el-voto-para-recortes-cero-grupo-verde\/","name":"Paco Frutos pide el voto para Recortes Cero-Grupo Verde - El Digital de Asturias","description":"El exsecretario del Partido Comunista define a Recortes Cero-Grupo Verde como los que luchan por los derechos de la clase obrera sin fracturar la unidad de Espa\u00f1a. \"Nadie defiende taxativamente, con claridad y concreci\u00f3n la lucha por los derechos de la clase obrera como los defiende Recortes Cero-Grupo Verde\". Es la opini\u00f3n de Paco Frutos, exsecretario general del","inLanguage":"es-ES","isPartOf":{"@id":"https:\/\/www.eldigitaldeasturias.com\/noticias\/#website"},"breadcrumb":{"@id":"https:\/\/www.eldigitaldeasturias.com\/noticias\/paco-frutos-pide-el-voto-para-recortes-cero-grupo-verde\/#breadcrumblist"},"author":{"@id":"https:\/\/www.eldigitaldeasturias.com\/noticias\/author\/admin\/#author"},"creator":{"@id":"https:\/\/www.eldigitaldeasturias.com\/noticias\/author\/admin\/#author"},"image":{"@type":"ImageObject","url":963689,"@id":"https:\/\/www.eldigitaldeasturias.com\/noticias\/paco-frutos-pide-el-voto-para-recortes-cero-grupo-verde\/#mainImage"},"primaryImageOfPage":{"@id":"https:\/\/www.eldigitaldeasturias.com\/noticias\/paco-frutos-pide-el-voto-para-recortes-cero-grupo-verde\/#mainImage"},"datePublished":"2017-12-18T18:17:57+01:00","dateModified":"2017-12-18T18:17:57+01:00"},{"@type":"WebSite","@id":"https:\/\/www.eldigitaldeasturias.com\/noticias\/#website","url":"https:\/\/www.eldigitaldeasturias.com\/noticias\/","name":"El Digital de Asturias - Diario de actualidad y noticias","alternateName":"El Digital de Asturias - Diario de actualidad y noticias","description":"Hemeroteca","inLanguage":"es-ES","publisher":{"@id":"https:\/\/www.eldigitaldeasturias.com\/noticias\/#organization"}}]},"og:locale":"es_ES","og:site_name":"El Digital de Asturias","og:type":"article","og:title":"Paco Frutos pide el voto para Recortes Cero-Grupo Verde - El Digital de Asturias","og:description":"El exsecretario del Partido Comunista define a Recortes Cero-Grupo Verde como los que luchan por los derechos de la clase obrera sin fracturar la unidad de Espa\u00f1a. &quot;Nadie defiende taxativamente, con claridad y concreci\u00f3n la lucha por los derechos de la clase obrera como los defiende Recortes Cero-Grupo Verde&quot;. Es la opini\u00f3n de Paco Frutos, exsecretario general del","og:url":"https:\/\/www.eldigitaldeasturias.com\/noticias\/paco-frutos-pide-el-voto-para-recortes-cero-grupo-verde\/","article:tag":["actualidad"],"article:published_time":"2017-12-18T18:17:57+00:00","article:modified_time":"2017-12-18T18:17:57+00:00","article:publisher":"https:\/\/facebook.com\/eldigitaldeasturias","twitter:card":"summary_large_image","twitter:title":"Paco Frutos pide el voto para Recortes Cero-Grupo Verde - El Digital de Asturias","twitter:description":"El exsecretario del Partido Comunista define a Recortes Cero-Grupo Verde como los que luchan por los derechos de la clase obrera sin fracturar la unidad de Espa\u00f1a. &quot;Nadie defiende taxativamente, con claridad y concreci\u00f3n la lucha por los derechos de la clase obrera como los defiende Recortes Cero-Grupo Verde&quot;. Es la opini\u00f3n de Paco Frutos, exsecretario general del","twitter:image":"https:\/\/www.eldigitaldeasturias.com\/noticias\/wp-content\/uploads\/2020\/12\/EDA-1.jpg","twitter:label1":"Escrito por","twitter:data1":"El Digital de Asturias","twitter:label2":"Tiempo de lectura estimado","twitter:data2":"2 minutos"},"aioseo_meta_data":{"post_id":"963688","title":null,"description":null,"keywords":null,"keyphrases":null,"primary_term":null,"canonical_url":null,"og_title":null,"og_description":null,"og_object_type":"default","og_image_type":"default","og_image_url":null,"og_image_width":null,"og_image_height":null,"og_image_custom_url":null,"og_image_custom_fields":null,"og_video":null,"og_custom_url":null,"og_article_section":null,"og_article_tags":null,"twitter_use_og":false,"twitter_card":"default","twitter_image_type":"default","twitter_image_url":null,"twitter_image_custom_url":null,"twitter_image_custom_fields":null,"twitter_title":null,"twitter_description":null,"schema":{"blockGraphs":[],"customGraphs":[],"default":{"data":{"Article":[],"Course":[],"Dataset":[],"FAQPage":[],"Movie":[],"Person":[],"Product":[],"ProductReview":[],"Car":[],"Recipe":[],"Service":[],"SoftwareApplication":[],"WebPage":[]},"graphName":"","isEnabled":true},"graphs":[],"defaultGraph":"","defaultPostTypeGraph":""},"schema_type":null,"schema_type_options":null,"pillar_content":false,"robots_default":true,"robots_noindex":false,"robots_noarchive":false,"robots_nosnippet":false,"robots_nofollow":false,"robots_noimageindex":false,"robots_noodp":false,"robots_notranslate":false,"robots_max_snippet":null,"robots_max_videopreview":null,"robots_max_imagepreview":"large","priority":null,"frequency":null,"local_seo":null,"seo_analyzer_scan_date":"2025-12-07 17:05:13","breadcrumb_settings":null,"limit_modified_date":false,"open_ai":null,"ai":null,"created":"2020-12-21 12:42:38","updated":"2025-12-07 17:05:13","focus_keyword":null,"additional_keywords":null,"truseo_locale":null},"aioseo_breadcrumb":"<div class=\"aioseo-breadcrumbs\"><span class=\"aioseo-breadcrumb\">\n\t<a href=\"https:\/\/www.eldigitaldeasturias.com\/noticias\" title=\"Home\">Home<\/a>\n<\/span><span class=\"aioseo-breadcrumb-separator\">\u2013<\/span><span class=\"aioseo-breadcrumb\">\n\t<a href=\"https:\/\/www.eldigitaldeasturias.com\/noticias\/category\/actualidad\/\" title=\"Actualidad\">Actualidad<\/a>\n<\/span><span class=\"aioseo-breadcrumb-separator\">\u2013<\/span><span class=\"aioseo-breadcrumb\">\n\t<a href=\"https:\/\/www.eldigitaldeasturias.com\/noticias\/paco-frutos-pide-el-voto-para-recortes-cero-grupo-verde\/\" title=\"Paco Frutos pide el voto para Recortes Cero-Grupo Verde\">Paco Frutos pide el voto para Recortes Cero-Grupo Verde<\/a>\n<\/span><\/div>","aioseo_breadcrumb_json":[{"label":"Home","link":"https:\/\/www.eldigitaldeasturias.com\/noticias"},{"label":"Actualidad","link":"https:\/\/www.eldigitaldeasturias.com\/noticias\/category\/actualidad\/"},{"label":"Paco Frutos pide el voto para Recortes Cero-Grupo Verde","link":"https:\/\/www.eldigitaldeasturias.com\/noticias\/paco-frutos-pide-el-voto-para-recortes-cero-grupo-verde\/"}],"_links":{"self":[{"href":"https:\/\/www.eldigitaldeasturias.com\/noticias\/wp-json\/wp\/v2\/posts\/963688","targetHints":{"allow":["GET"]}}],"collection":[{"href":"https:\/\/www.eldigitaldeasturias.com\/noticias\/wp-json\/wp\/v2\/posts"}],"about":[{"href":"https:\/\/www.eldigitaldeasturias.com\/noticias\/wp-json\/wp\/v2\/types\/post"}],"author":[{"embeddable":true,"href":"https:\/\/www.eldigitaldeasturias.com\/noticias\/wp-json\/wp\/v2\/users\/1"}],"replies":[{"embeddable":true,"href":"https:\/\/www.eldigitaldeasturias.com\/noticias\/wp-json\/wp\/v2\/comments?post=963688"}],"version-history":[{"count":0,"href":"https:\/\/www.eldigitaldeasturias.com\/noticias\/wp-json\/wp\/v2\/posts\/963688\/revisions"}],"wp:attachment":[{"href":"https:\/\/www.eldigitaldeasturias.com\/noticias\/wp-json\/wp\/v2\/media?parent=963688"}],"wp:term":[{"taxonomy":"category","embeddable":true,"href":"https:\/\/www.eldigitaldeasturias.com\/noticias\/wp-json\/wp\/v2\/categories?post=963688"},{"taxonomy":"post_tag","embeddable":true,"href":"https:\/\/www.eldigitaldeasturias.com\/noticias\/wp-json\/wp\/v2\/tags?post=963688"}],"curies":[{"name":"wp","href":"https:\/\/api.w.org\/{rel}","templated":true}]}}