{"id":963685,"date":"2017-12-18T18:06:01","date_gmt":"2017-12-18T18:06:01","guid":{"rendered":"http:\/\/www.eldigitaldeasturias.com\/noticias\/?p=963685"},"modified":"2017-12-18T18:06:01","modified_gmt":"2017-12-18T18:06:01","slug":"guillen-firma-la-adhesion-de-aragon-a-la-alianza-europea-por-la-cohesion","status":"publish","type":"post","link":"https:\/\/www.eldigitaldeasturias.com\/noticias\/guillen-firma-la-adhesion-de-aragon-a-la-alianza-europea-por-la-cohesion\/","title":{"rendered":"Guill\u00e9n firma la adhesi\u00f3n de Arag\u00f3n a la Alianza Europea por la Cohesi\u00f3n"},"content":{"rendered":"<p><img loading=\"lazy\" decoding=\"async\" class=\"alignleft size-medium wp-image-963686\" src=\"https:\/\/www.eldigitaldeasturias.com\/noticias\/wp-content\/uploads\/2017\/12\/20171218_113045-360x159.jpg\" alt=\"\" width=\"360\" height=\"159\" \/>El Consejero de Presidencia, Vicente Guill\u00e9n, ha firmado esta ma\u00f1nana la declaraci\u00f3n de apoyo a la denominada Alianza por la Cohesi\u00f3n (#CohesionAlliance). Esta iniciativa europea defiende que la pol\u00edtica de cohesi\u00f3n siga siendo un pilar importante en el presupuesto de la UE despu\u00e9s de 2020.<\/p>\n<p>A trav\u00e9s de este documento, el Comit\u00e9 Europeo de las Regiones est\u00e1 recogiendo el apoyo de presidentes de regiones y l\u00edderes locales de toda Europa, adem\u00e1s de diputados del Parlamento Europeo, sociedad civil, empresas, ONGs y universidades.<\/p>\n<p>Entre las diversas reivindicaciones que este texto hace est\u00e1 la defensa de la pol\u00edtica de cohesi\u00f3n como \u201cexpresi\u00f3n de la solidaridad europea para superar la brecha econ\u00f3mica, social y territorial proporcionando a todos los ciudadanos, donde quiera que vivan en Europa, una oportunidad tangible de experimentar las ventajas de vivir en la Uni\u00f3n Europea\u201d.<\/p>\n<p>En este sentido, el Consejero de Presidencia ha explicado que se adhiere a esta Alianza europea porque est\u00e1 convencido de la necesidad de una pol\u00edtica de cohesi\u00f3n fuerte para que se produzca un progreso equilibrado de las regiones europeas. \u201cEn Arag\u00f3n las zonas que se enfrentan a la despoblaci\u00f3n padecen una serie de problemas estructurales que constituyen un gran reto para su desarrollo y no s\u00f3lo el Gobierno de Arag\u00f3n y el de Espa\u00f1a tenemos que apostar por crear marcos legales que las beneficien; tambi\u00e9n la UE debe apoyar estas zonas con herramientas, como la pol\u00edtica de cohesi\u00f3n, que les permitan prosperar en igualdad de condiciones\u201d.<\/p>\n<p>En la declaraci\u00f3n que ha firmado hoy Vicente Guill\u00e9n tambi\u00e9n se defiende que, como fruto de la pol\u00edtica de cohesi\u00f3n, tiene que producirse una inversi\u00f3n a largo plazo que promueva la cooperaci\u00f3n transfronteriza, transnacional e interregional en Europa. Un buen ejemplo de esto son las conexiones transfronterizas, ya que en muchas ocasiones necesitan de un apoyo pol\u00edtico e inversi\u00f3n sostenido para que se puedan llegar a concretar.<\/p>\n<p>\u201cCreemos que la escasez de financiaci\u00f3n para las conexiones entre regiones europeas puede no s\u00f3lo mermar la movilidad de personas y mercanc\u00edas; tambi\u00e9n puede suponer un h\u00e1ndicap para la integraci\u00f3n europea\u201d, ha explicado.<\/p>\n<p>Hasta el momento, la Alianza por la Cohesi\u00f3n ha recibido un gran apoyo por parte del conjunto de la sociedad europea con una adhesi\u00f3n que ha vivido un gran crecimiento desde que fue presentada p\u00fablicamente. \u201cCreo que hay razones m\u00e1s que evidentes para apoyar la Alianza por la Cohesi\u00f3n. Por eso invito a todos los ciudadanos, a mis hom\u00f3logos y compa\u00f1eros a que firmen la declaraci\u00f3n como yo he hecho. A veces un gesto como \u00e9ste puede significar mucho para nuestro futuro\u201d, ha concluido el consejero de Presidencia.<\/p>\n","protected":false},"excerpt":{"rendered":"<p>El Consejero de Presidencia, Vicente Guill\u00e9n, ha firmado esta ma\u00f1nana la declaraci\u00f3n de apoyo a la denominada Alianza por la Cohesi\u00f3n (#CohesionAlliance). Esta iniciativa europea defiende que la pol\u00edtica de cohesi\u00f3n siga siendo un pilar importante en el presupuesto de la UE despu\u00e9s de 2020. A trav\u00e9s de este documento, el Comit\u00e9 Europeo de las [&hellip;]<\/p>\n","protected":false},"author":1,"featured_media":963686,"comment_status":"closed","ping_status":"closed","sticky":false,"template":"","format":"standard","meta":{"footnotes":""},"categories":[1],"tags":[],"class_list":["post-963685","post","type-post","status-publish","format-standard","has-post-thumbnail","hentry","category-actualidad"],"aioseo_notices":[],"aioseo_head":"\n\t\t<!-- All in One SEO Pro 5.0.1 - aioseo.com -->\n\t<meta name=\"description\" content=\"El Consejero de Presidencia, Vicente Guill\u00e9n, ha firmado esta ma\u00f1nana la declaraci\u00f3n de apoyo a la denominada Alianza por la Cohesi\u00f3n (#CohesionAlliance). Esta iniciativa europea defiende que la pol\u00edtica de cohesi\u00f3n siga siendo un pilar importante en el presupuesto de la UE despu\u00e9s de 2020. A trav\u00e9s de este documento, el Comit\u00e9 Europeo de las\" \/>\n\t<meta name=\"robots\" content=\"max-image-preview:large\" \/>\n\t<meta name=\"author\" content=\"El Digital de Asturias\"\/>\n\t<meta name=\"google-site-verification\" content=\"UA-38556648-1\" \/>\n\t<meta name=\"msvalidate.01\" content=\"7dfe9f3f1b24437ab69f4f2559babe99\" \/>\n\t<meta name=\"keywords\" content=\"actualidad\" \/>\n\t<link rel=\"canonical\" href=\"https:\/\/www.eldigitaldeasturias.com\/noticias\/guillen-firma-la-adhesion-de-aragon-a-la-alianza-europea-por-la-cohesion\/\" \/>\n\t<meta name=\"generator\" content=\"All in One SEO Pro (AIOSEO) 5.0.1\" \/>\n\t\t<meta property=\"og:locale\" content=\"es_ES\" \/>\n\t\t<meta property=\"og:site_name\" content=\"El Digital de Asturias\" \/>\n\t\t<meta property=\"og:type\" content=\"article\" \/>\n\t\t<meta property=\"og:title\" content=\"Guill\u00e9n firma la adhesi\u00f3n de Arag\u00f3n a la Alianza Europea por la Cohesi\u00f3n - El Digital de Asturias\" \/>\n\t\t<meta property=\"og:description\" content=\"El Consejero de Presidencia, Vicente Guill\u00e9n, ha firmado esta ma\u00f1nana la declaraci\u00f3n de apoyo a la denominada Alianza por la Cohesi\u00f3n (#CohesionAlliance). Esta iniciativa europea defiende que la pol\u00edtica de cohesi\u00f3n siga siendo un pilar importante en el presupuesto de la UE despu\u00e9s de 2020. A trav\u00e9s de este documento, el Comit\u00e9 Europeo de las\" \/>\n\t\t<meta property=\"og:url\" content=\"https:\/\/www.eldigitaldeasturias.com\/noticias\/guillen-firma-la-adhesion-de-aragon-a-la-alianza-europea-por-la-cohesion\/\" \/>\n\t\t<meta property=\"article:tag\" content=\"actualidad\" \/>\n\t\t<meta property=\"article:published_time\" content=\"2017-12-18T18:06:01+00:00\" \/>\n\t\t<meta property=\"article:modified_time\" content=\"2017-12-18T18:06:01+00:00\" \/>\n\t\t<meta property=\"article:publisher\" content=\"https:\/\/facebook.com\/eldigitaldeasturias\" \/>\n\t\t<meta name=\"twitter:card\" content=\"summary_large_image\" \/>\n\t\t<meta name=\"twitter:title\" content=\"Guill\u00e9n firma la adhesi\u00f3n de Arag\u00f3n a la Alianza Europea por la Cohesi\u00f3n - El Digital de Asturias\" \/>\n\t\t<meta name=\"twitter:description\" content=\"El Consejero de Presidencia, Vicente Guill\u00e9n, ha firmado esta ma\u00f1nana la declaraci\u00f3n de apoyo a la denominada Alianza por la Cohesi\u00f3n (#CohesionAlliance). Esta iniciativa europea defiende que la pol\u00edtica de cohesi\u00f3n siga siendo un pilar importante en el presupuesto de la UE despu\u00e9s de 2020. A trav\u00e9s de este documento, el Comit\u00e9 Europeo de las\" \/>\n\t\t<meta name=\"twitter:image\" content=\"https:\/\/www.eldigitaldeasturias.com\/noticias\/wp-content\/uploads\/2020\/12\/EDA-1.jpg\" \/>\n\t\t<meta name=\"twitter:label1\" content=\"Escrito por\" \/>\n\t\t<meta name=\"twitter:data1\" content=\"El Digital de Asturias\" \/>\n\t\t<meta name=\"twitter:label2\" content=\"Tiempo de lectura estimado\" \/>\n\t\t<meta name=\"twitter:data2\" content=\"2 minutos\" \/>\n\t\t<script type=\"application\/ld+json\" class=\"aioseo-schema\">\n\t\t\t{\"@context\":\"https:\\\/\\\/schema.org\",\"@graph\":[{\"@type\":\"BlogPosting\",\"@id\":\"https:\\\/\\\/www.eldigitaldeasturias.com\\\/noticias\\\/guillen-firma-la-adhesion-de-aragon-a-la-alianza-europea-por-la-cohesion\\\/#blogposting\",\"name\":\"Guill\\u00e9n firma la adhesi\\u00f3n de Arag\\u00f3n a la Alianza Europea por la Cohesi\\u00f3n - El Digital de Asturias\",\"headline\":\"Guill\\u00e9n firma la adhesi\\u00f3n de Arag\\u00f3n a la Alianza Europea por la Cohesi\\u00f3n\",\"author\":{\"@id\":\"https:\\\/\\\/www.eldigitaldeasturias.com\\\/noticias\\\/author\\\/admin\\\/#author\"},\"publisher\":{\"@id\":\"https:\\\/\\\/www.eldigitaldeasturias.com\\\/noticias\\\/#organization\"},\"image\":{\"@type\":\"ImageObject\",\"url\":963686},\"datePublished\":\"2017-12-18T18:06:01+01:00\",\"dateModified\":\"2017-12-18T18:06:01+01:00\",\"inLanguage\":\"es-ES\",\"mainEntityOfPage\":{\"@id\":\"https:\\\/\\\/www.eldigitaldeasturias.com\\\/noticias\\\/guillen-firma-la-adhesion-de-aragon-a-la-alianza-europea-por-la-cohesion\\\/#webpage\"},\"isPartOf\":{\"@id\":\"https:\\\/\\\/www.eldigitaldeasturias.com\\\/noticias\\\/guillen-firma-la-adhesion-de-aragon-a-la-alianza-europea-por-la-cohesion\\\/#webpage\"},\"articleSection\":\"Actualidad\"},{\"@type\":\"BreadcrumbList\",\"@id\":\"https:\\\/\\\/www.eldigitaldeasturias.com\\\/noticias\\\/guillen-firma-la-adhesion-de-aragon-a-la-alianza-europea-por-la-cohesion\\\/#breadcrumblist\",\"itemListElement\":[{\"@type\":\"ListItem\",\"@id\":\"https:\\\/\\\/www.eldigitaldeasturias.com\\\/noticias#listItem\",\"position\":1,\"name\":\"Home\",\"item\":\"https:\\\/\\\/www.eldigitaldeasturias.com\\\/noticias\",\"nextItem\":{\"@type\":\"ListItem\",\"@id\":\"https:\\\/\\\/www.eldigitaldeasturias.com\\\/noticias\\\/category\\\/actualidad\\\/#listItem\",\"name\":\"Actualidad\"}},{\"@type\":\"ListItem\",\"@id\":\"https:\\\/\\\/www.eldigitaldeasturias.com\\\/noticias\\\/category\\\/actualidad\\\/#listItem\",\"position\":2,\"name\":\"Actualidad\",\"item\":\"https:\\\/\\\/www.eldigitaldeasturias.com\\\/noticias\\\/category\\\/actualidad\\\/\",\"nextItem\":{\"@type\":\"ListItem\",\"@id\":\"https:\\\/\\\/www.eldigitaldeasturias.com\\\/noticias\\\/guillen-firma-la-adhesion-de-aragon-a-la-alianza-europea-por-la-cohesion\\\/#listItem\",\"name\":\"Guill\\u00e9n firma la adhesi\\u00f3n de Arag\\u00f3n a la Alianza Europea por la Cohesi\\u00f3n\"},\"previousItem\":{\"@type\":\"ListItem\",\"@id\":\"https:\\\/\\\/www.eldigitaldeasturias.com\\\/noticias#listItem\",\"name\":\"Home\"}},{\"@type\":\"ListItem\",\"@id\":\"https:\\\/\\\/www.eldigitaldeasturias.com\\\/noticias\\\/guillen-firma-la-adhesion-de-aragon-a-la-alianza-europea-por-la-cohesion\\\/#listItem\",\"position\":3,\"name\":\"Guill\\u00e9n firma la adhesi\\u00f3n de Arag\\u00f3n a la Alianza Europea por la Cohesi\\u00f3n\",\"previousItem\":{\"@type\":\"ListItem\",\"@id\":\"https:\\\/\\\/www.eldigitaldeasturias.com\\\/noticias\\\/category\\\/actualidad\\\/#listItem\",\"name\":\"Actualidad\"}}]},{\"@type\":\"Organization\",\"@id\":\"https:\\\/\\\/www.eldigitaldeasturias.com\\\/noticias\\\/#organization\",\"name\":\"El Digital de Asturias\",\"description\":\"Hemeroteca\",\"url\":\"https:\\\/\\\/www.eldigitaldeasturias.com\\\/noticias\\\/\",\"email\":\"info@eldigitaldeasturias.com\",\"telephone\":\"+34652131393\",\"logo\":{\"@type\":\"ImageObject\",\"url\":\"https:\\\/\\\/www.eldigitaldeasturias.com\\\/noticias\\\/wp-content\\\/uploads\\\/2020\\\/12\\\/EDA.jpg\",\"@id\":\"https:\\\/\\\/www.eldigitaldeasturias.com\\\/noticias\\\/guillen-firma-la-adhesion-de-aragon-a-la-alianza-europea-por-la-cohesion\\\/#organizationLogo\"},\"image\":{\"@id\":\"https:\\\/\\\/www.eldigitaldeasturias.com\\\/noticias\\\/guillen-firma-la-adhesion-de-aragon-a-la-alianza-europea-por-la-cohesion\\\/#organizationLogo\"},\"sameAs\":[\"https:\\\/\\\/facebook.com\\\/eldigitaldeasturias\",\"https:\\\/\\\/www.youtube.com\\\/channel\\\/UCZP-2wLEB9Rv6erhFmqVnvg\"],\"address\":{\"@id\":\"https:\\\/\\\/www.eldigitaldeasturias.com\\\/noticias\\\/#postaladdress\",\"@type\":\"PostalAddress\",\"streetAddress\":\"san antonio 4\",\"postalCode\":\"33430\",\"addressLocality\":\"Cand\\u00e1s\",\"addressRegion\":\"Asturias\",\"addressCountry\":\"ES\"}},{\"@type\":\"Person\",\"@id\":\"https:\\\/\\\/www.eldigitaldeasturias.com\\\/noticias\\\/author\\\/admin\\\/#author\",\"url\":\"https:\\\/\\\/www.eldigitaldeasturias.com\\\/noticias\\\/author\\\/admin\\\/\",\"name\":\"El Digital de Asturias\",\"image\":{\"@type\":\"ImageObject\",\"@id\":\"https:\\\/\\\/www.eldigitaldeasturias.com\\\/noticias\\\/guillen-firma-la-adhesion-de-aragon-a-la-alianza-europea-por-la-cohesion\\\/#authorImage\",\"url\":\"https:\\\/\\\/secure.gravatar.com\\\/avatar\\\/df2aeffc32bcd13f8d26072ef8a91b623d677766deac7f97ca815868cd41bf5e?s=96&d=mm&r=g\",\"width\":96,\"height\":96,\"caption\":\"El Digital de Asturias\"}},{\"@type\":\"WebPage\",\"@id\":\"https:\\\/\\\/www.eldigitaldeasturias.com\\\/noticias\\\/guillen-firma-la-adhesion-de-aragon-a-la-alianza-europea-por-la-cohesion\\\/#webpage\",\"url\":\"https:\\\/\\\/www.eldigitaldeasturias.com\\\/noticias\\\/guillen-firma-la-adhesion-de-aragon-a-la-alianza-europea-por-la-cohesion\\\/\",\"name\":\"Guill\\u00e9n firma la adhesi\\u00f3n de Arag\\u00f3n a la Alianza Europea por la Cohesi\\u00f3n - El Digital de Asturias\",\"description\":\"El Consejero de Presidencia, Vicente Guill\\u00e9n, ha firmado esta ma\\u00f1nana la declaraci\\u00f3n de apoyo a la denominada Alianza por la Cohesi\\u00f3n (#CohesionAlliance). Esta iniciativa europea defiende que la pol\\u00edtica de cohesi\\u00f3n siga siendo un pilar importante en el presupuesto de la UE despu\\u00e9s de 2020. A trav\\u00e9s de este documento, el Comit\\u00e9 Europeo de las\",\"inLanguage\":\"es-ES\",\"isPartOf\":{\"@id\":\"https:\\\/\\\/www.eldigitaldeasturias.com\\\/noticias\\\/#website\"},\"breadcrumb\":{\"@id\":\"https:\\\/\\\/www.eldigitaldeasturias.com\\\/noticias\\\/guillen-firma-la-adhesion-de-aragon-a-la-alianza-europea-por-la-cohesion\\\/#breadcrumblist\"},\"author\":{\"@id\":\"https:\\\/\\\/www.eldigitaldeasturias.com\\\/noticias\\\/author\\\/admin\\\/#author\"},\"creator\":{\"@id\":\"https:\\\/\\\/www.eldigitaldeasturias.com\\\/noticias\\\/author\\\/admin\\\/#author\"},\"image\":{\"@type\":\"ImageObject\",\"url\":963686,\"@id\":\"https:\\\/\\\/www.eldigitaldeasturias.com\\\/noticias\\\/guillen-firma-la-adhesion-de-aragon-a-la-alianza-europea-por-la-cohesion\\\/#mainImage\"},\"primaryImageOfPage\":{\"@id\":\"https:\\\/\\\/www.eldigitaldeasturias.com\\\/noticias\\\/guillen-firma-la-adhesion-de-aragon-a-la-alianza-europea-por-la-cohesion\\\/#mainImage\"},\"datePublished\":\"2017-12-18T18:06:01+01:00\",\"dateModified\":\"2017-12-18T18:06:01+01:00\"},{\"@type\":\"WebSite\",\"@id\":\"https:\\\/\\\/www.eldigitaldeasturias.com\\\/noticias\\\/#website\",\"url\":\"https:\\\/\\\/www.eldigitaldeasturias.com\\\/noticias\\\/\",\"name\":\"El Digital de Asturias - Diario de actualidad y noticias\",\"alternateName\":\"El Digital de Asturias - Diario de actualidad y noticias\",\"description\":\"Hemeroteca\",\"inLanguage\":\"es-ES\",\"publisher\":{\"@id\":\"https:\\\/\\\/www.eldigitaldeasturias.com\\\/noticias\\\/#organization\"}}]}\n\t\t<\/script>\n\t\t<!-- All in One SEO Pro -->\r\n\t\t<title>Guill\u00e9n firma la adhesi\u00f3n de Arag\u00f3n a la Alianza Europea por la Cohesi\u00f3n - El Digital de Asturias<\/title>\n\n","aioseo_head_json":{"title":"Guill\u00e9n firma la adhesi\u00f3n de Arag\u00f3n a la Alianza Europea por la Cohesi\u00f3n - El Digital de Asturias","description":"El Consejero de Presidencia, Vicente Guill\u00e9n, ha firmado esta ma\u00f1nana la declaraci\u00f3n de apoyo a la denominada Alianza por la Cohesi\u00f3n (#CohesionAlliance). Esta iniciativa europea defiende que la pol\u00edtica de cohesi\u00f3n siga siendo un pilar importante en el presupuesto de la UE despu\u00e9s de 2020. A trav\u00e9s de este documento, el Comit\u00e9 Europeo de las","canonical_url":"https:\/\/www.eldigitaldeasturias.com\/noticias\/guillen-firma-la-adhesion-de-aragon-a-la-alianza-europea-por-la-cohesion\/","robots":"max-image-preview:large","keywords":"actualidad","webmasterTools":{"google-site-verification":"UA-38556648-1","msvalidate.01":"7dfe9f3f1b24437ab69f4f2559babe99","miscellaneous":""},"schema":{"@context":"https:\/\/schema.org","@graph":[{"@type":"BlogPosting","@id":"https:\/\/www.eldigitaldeasturias.com\/noticias\/guillen-firma-la-adhesion-de-aragon-a-la-alianza-europea-por-la-cohesion\/#blogposting","name":"Guill\u00e9n firma la adhesi\u00f3n de Arag\u00f3n a la Alianza Europea por la Cohesi\u00f3n - El Digital de Asturias","headline":"Guill\u00e9n firma la adhesi\u00f3n de Arag\u00f3n a la Alianza Europea por la Cohesi\u00f3n","author":{"@id":"https:\/\/www.eldigitaldeasturias.com\/noticias\/author\/admin\/#author"},"publisher":{"@id":"https:\/\/www.eldigitaldeasturias.com\/noticias\/#organization"},"image":{"@type":"ImageObject","url":963686},"datePublished":"2017-12-18T18:06:01+01:00","dateModified":"2017-12-18T18:06:01+01:00","inLanguage":"es-ES","mainEntityOfPage":{"@id":"https:\/\/www.eldigitaldeasturias.com\/noticias\/guillen-firma-la-adhesion-de-aragon-a-la-alianza-europea-por-la-cohesion\/#webpage"},"isPartOf":{"@id":"https:\/\/www.eldigitaldeasturias.com\/noticias\/guillen-firma-la-adhesion-de-aragon-a-la-alianza-europea-por-la-cohesion\/#webpage"},"articleSection":"Actualidad"},{"@type":"BreadcrumbList","@id":"https:\/\/www.eldigitaldeasturias.com\/noticias\/guillen-firma-la-adhesion-de-aragon-a-la-alianza-europea-por-la-cohesion\/#breadcrumblist","itemListElement":[{"@type":"ListItem","@id":"https:\/\/www.eldigitaldeasturias.com\/noticias#listItem","position":1,"name":"Home","item":"https:\/\/www.eldigitaldeasturias.com\/noticias","nextItem":{"@type":"ListItem","@id":"https:\/\/www.eldigitaldeasturias.com\/noticias\/category\/actualidad\/#listItem","name":"Actualidad"}},{"@type":"ListItem","@id":"https:\/\/www.eldigitaldeasturias.com\/noticias\/category\/actualidad\/#listItem","position":2,"name":"Actualidad","item":"https:\/\/www.eldigitaldeasturias.com\/noticias\/category\/actualidad\/","nextItem":{"@type":"ListItem","@id":"https:\/\/www.eldigitaldeasturias.com\/noticias\/guillen-firma-la-adhesion-de-aragon-a-la-alianza-europea-por-la-cohesion\/#listItem","name":"Guill\u00e9n firma la adhesi\u00f3n de Arag\u00f3n a la Alianza Europea por la Cohesi\u00f3n"},"previousItem":{"@type":"ListItem","@id":"https:\/\/www.eldigitaldeasturias.com\/noticias#listItem","name":"Home"}},{"@type":"ListItem","@id":"https:\/\/www.eldigitaldeasturias.com\/noticias\/guillen-firma-la-adhesion-de-aragon-a-la-alianza-europea-por-la-cohesion\/#listItem","position":3,"name":"Guill\u00e9n firma la adhesi\u00f3n de Arag\u00f3n a la Alianza Europea por la Cohesi\u00f3n","previousItem":{"@type":"ListItem","@id":"https:\/\/www.eldigitaldeasturias.com\/noticias\/category\/actualidad\/#listItem","name":"Actualidad"}}]},{"@type":"Organization","@id":"https:\/\/www.eldigitaldeasturias.com\/noticias\/#organization","name":"El Digital de Asturias","description":"Hemeroteca","url":"https:\/\/www.eldigitaldeasturias.com\/noticias\/","email":"info@eldigitaldeasturias.com","telephone":"+34652131393","logo":{"@type":"ImageObject","url":"https:\/\/www.eldigitaldeasturias.com\/noticias\/wp-content\/uploads\/2020\/12\/EDA.jpg","@id":"https:\/\/www.eldigitaldeasturias.com\/noticias\/guillen-firma-la-adhesion-de-aragon-a-la-alianza-europea-por-la-cohesion\/#organizationLogo"},"image":{"@id":"https:\/\/www.eldigitaldeasturias.com\/noticias\/guillen-firma-la-adhesion-de-aragon-a-la-alianza-europea-por-la-cohesion\/#organizationLogo"},"sameAs":["https:\/\/facebook.com\/eldigitaldeasturias","https:\/\/www.youtube.com\/channel\/UCZP-2wLEB9Rv6erhFmqVnvg"],"address":{"@id":"https:\/\/www.eldigitaldeasturias.com\/noticias\/#postaladdress","@type":"PostalAddress","streetAddress":"san antonio 4","postalCode":"33430","addressLocality":"Cand\u00e1s","addressRegion":"Asturias","addressCountry":"ES"}},{"@type":"Person","@id":"https:\/\/www.eldigitaldeasturias.com\/noticias\/author\/admin\/#author","url":"https:\/\/www.eldigitaldeasturias.com\/noticias\/author\/admin\/","name":"El Digital de Asturias","image":{"@type":"ImageObject","@id":"https:\/\/www.eldigitaldeasturias.com\/noticias\/guillen-firma-la-adhesion-de-aragon-a-la-alianza-europea-por-la-cohesion\/#authorImage","url":"https:\/\/secure.gravatar.com\/avatar\/df2aeffc32bcd13f8d26072ef8a91b623d677766deac7f97ca815868cd41bf5e?s=96&d=mm&r=g","width":96,"height":96,"caption":"El Digital de Asturias"}},{"@type":"WebPage","@id":"https:\/\/www.eldigitaldeasturias.com\/noticias\/guillen-firma-la-adhesion-de-aragon-a-la-alianza-europea-por-la-cohesion\/#webpage","url":"https:\/\/www.eldigitaldeasturias.com\/noticias\/guillen-firma-la-adhesion-de-aragon-a-la-alianza-europea-por-la-cohesion\/","name":"Guill\u00e9n firma la adhesi\u00f3n de Arag\u00f3n a la Alianza Europea por la Cohesi\u00f3n - El Digital de Asturias","description":"El Consejero de Presidencia, Vicente Guill\u00e9n, ha firmado esta ma\u00f1nana la declaraci\u00f3n de apoyo a la denominada Alianza por la Cohesi\u00f3n (#CohesionAlliance). Esta iniciativa europea defiende que la pol\u00edtica de cohesi\u00f3n siga siendo un pilar importante en el presupuesto de la UE despu\u00e9s de 2020. A trav\u00e9s de este documento, el Comit\u00e9 Europeo de las","inLanguage":"es-ES","isPartOf":{"@id":"https:\/\/www.eldigitaldeasturias.com\/noticias\/#website"},"breadcrumb":{"@id":"https:\/\/www.eldigitaldeasturias.com\/noticias\/guillen-firma-la-adhesion-de-aragon-a-la-alianza-europea-por-la-cohesion\/#breadcrumblist"},"author":{"@id":"https:\/\/www.eldigitaldeasturias.com\/noticias\/author\/admin\/#author"},"creator":{"@id":"https:\/\/www.eldigitaldeasturias.com\/noticias\/author\/admin\/#author"},"image":{"@type":"ImageObject","url":963686,"@id":"https:\/\/www.eldigitaldeasturias.com\/noticias\/guillen-firma-la-adhesion-de-aragon-a-la-alianza-europea-por-la-cohesion\/#mainImage"},"primaryImageOfPage":{"@id":"https:\/\/www.eldigitaldeasturias.com\/noticias\/guillen-firma-la-adhesion-de-aragon-a-la-alianza-europea-por-la-cohesion\/#mainImage"},"datePublished":"2017-12-18T18:06:01+01:00","dateModified":"2017-12-18T18:06:01+01:00"},{"@type":"WebSite","@id":"https:\/\/www.eldigitaldeasturias.com\/noticias\/#website","url":"https:\/\/www.eldigitaldeasturias.com\/noticias\/","name":"El Digital de Asturias - Diario de actualidad y noticias","alternateName":"El Digital de Asturias - Diario de actualidad y noticias","description":"Hemeroteca","inLanguage":"es-ES","publisher":{"@id":"https:\/\/www.eldigitaldeasturias.com\/noticias\/#organization"}}]},"og:locale":"es_ES","og:site_name":"El Digital de Asturias","og:type":"article","og:title":"Guill\u00e9n firma la adhesi\u00f3n de Arag\u00f3n a la Alianza Europea por la Cohesi\u00f3n - El Digital de Asturias","og:description":"El Consejero de Presidencia, Vicente Guill\u00e9n, ha firmado esta ma\u00f1nana la declaraci\u00f3n de apoyo a la denominada Alianza por la Cohesi\u00f3n (#CohesionAlliance). Esta iniciativa europea defiende que la pol\u00edtica de cohesi\u00f3n siga siendo un pilar importante en el presupuesto de la UE despu\u00e9s de 2020. A trav\u00e9s de este documento, el Comit\u00e9 Europeo de las","og:url":"https:\/\/www.eldigitaldeasturias.com\/noticias\/guillen-firma-la-adhesion-de-aragon-a-la-alianza-europea-por-la-cohesion\/","article:tag":["actualidad"],"article:published_time":"2017-12-18T18:06:01+00:00","article:modified_time":"2017-12-18T18:06:01+00:00","article:publisher":"https:\/\/facebook.com\/eldigitaldeasturias","twitter:card":"summary_large_image","twitter:title":"Guill\u00e9n firma la adhesi\u00f3n de Arag\u00f3n a la Alianza Europea por la Cohesi\u00f3n - El Digital de Asturias","twitter:description":"El Consejero de Presidencia, Vicente Guill\u00e9n, ha firmado esta ma\u00f1nana la declaraci\u00f3n de apoyo a la denominada Alianza por la Cohesi\u00f3n (#CohesionAlliance). Esta iniciativa europea defiende que la pol\u00edtica de cohesi\u00f3n siga siendo un pilar importante en el presupuesto de la UE despu\u00e9s de 2020. A trav\u00e9s de este documento, el Comit\u00e9 Europeo de las","twitter:image":"https:\/\/www.eldigitaldeasturias.com\/noticias\/wp-content\/uploads\/2020\/12\/EDA-1.jpg","twitter:label1":"Escrito por","twitter:data1":"El Digital de Asturias","twitter:label2":"Tiempo de lectura estimado","twitter:data2":"2 minutos"},"aioseo_meta_data":{"post_id":"963685","title":null,"description":null,"keywords":null,"keyphrases":null,"primary_term":null,"canonical_url":null,"og_title":null,"og_description":null,"og_object_type":"default","og_image_type":"default","og_image_url":null,"og_image_width":null,"og_image_height":null,"og_image_custom_url":null,"og_image_custom_fields":null,"og_video":null,"og_custom_url":null,"og_article_section":null,"og_article_tags":null,"twitter_use_og":false,"twitter_card":"default","twitter_image_type":"default","twitter_image_url":null,"twitter_image_custom_url":null,"twitter_image_custom_fields":null,"twitter_title":null,"twitter_description":null,"schema":{"blockGraphs":[],"customGraphs":[],"default":{"data":{"Article":[],"Course":[],"Dataset":[],"FAQPage":[],"Movie":[],"Person":[],"Product":[],"ProductReview":[],"Car":[],"Recipe":[],"Service":[],"SoftwareApplication":[],"WebPage":[]},"graphName":"","isEnabled":true},"graphs":[],"defaultGraph":"","defaultPostTypeGraph":""},"schema_type":null,"schema_type_options":null,"pillar_content":false,"robots_default":true,"robots_noindex":false,"robots_noarchive":false,"robots_nosnippet":false,"robots_nofollow":false,"robots_noimageindex":false,"robots_noodp":false,"robots_notranslate":false,"robots_max_snippet":null,"robots_max_videopreview":null,"robots_max_imagepreview":"large","priority":null,"frequency":null,"local_seo":null,"seo_analyzer_scan_date":"2025-12-07 17:05:12","breadcrumb_settings":null,"limit_modified_date":false,"open_ai":null,"ai":null,"created":"2020-12-21 12:42:38","updated":"2025-12-07 17:05:12","focus_keyword":null,"additional_keywords":null,"truseo_locale":null},"aioseo_breadcrumb":"<div class=\"aioseo-breadcrumbs\"><span class=\"aioseo-breadcrumb\">\n\t<a href=\"https:\/\/www.eldigitaldeasturias.com\/noticias\" title=\"Home\">Home<\/a>\n<\/span><span class=\"aioseo-breadcrumb-separator\">\u2013<\/span><span class=\"aioseo-breadcrumb\">\n\t<a href=\"https:\/\/www.eldigitaldeasturias.com\/noticias\/category\/actualidad\/\" title=\"Actualidad\">Actualidad<\/a>\n<\/span><span class=\"aioseo-breadcrumb-separator\">\u2013<\/span><span class=\"aioseo-breadcrumb\">\n\t<a href=\"https:\/\/www.eldigitaldeasturias.com\/noticias\/guillen-firma-la-adhesion-de-aragon-a-la-alianza-europea-por-la-cohesion\/\" title=\"Guill\u00e9n firma la adhesi\u00f3n de Arag\u00f3n a la Alianza Europea por la Cohesi\u00f3n\">Guill\u00e9n firma la adhesi\u00f3n de Arag\u00f3n a la Alianza Europea por la Cohesi\u00f3n<\/a>\n<\/span><\/div>","aioseo_breadcrumb_json":[{"label":"Home","link":"https:\/\/www.eldigitaldeasturias.com\/noticias"},{"label":"Actualidad","link":"https:\/\/www.eldigitaldeasturias.com\/noticias\/category\/actualidad\/"},{"label":"Guill\u00e9n firma la adhesi\u00f3n de Arag\u00f3n a la Alianza Europea por la Cohesi\u00f3n","link":"https:\/\/www.eldigitaldeasturias.com\/noticias\/guillen-firma-la-adhesion-de-aragon-a-la-alianza-europea-por-la-cohesion\/"}],"_links":{"self":[{"href":"https:\/\/www.eldigitaldeasturias.com\/noticias\/wp-json\/wp\/v2\/posts\/963685","targetHints":{"allow":["GET"]}}],"collection":[{"href":"https:\/\/www.eldigitaldeasturias.com\/noticias\/wp-json\/wp\/v2\/posts"}],"about":[{"href":"https:\/\/www.eldigitaldeasturias.com\/noticias\/wp-json\/wp\/v2\/types\/post"}],"author":[{"embeddable":true,"href":"https:\/\/www.eldigitaldeasturias.com\/noticias\/wp-json\/wp\/v2\/users\/1"}],"replies":[{"embeddable":true,"href":"https:\/\/www.eldigitaldeasturias.com\/noticias\/wp-json\/wp\/v2\/comments?post=963685"}],"version-history":[{"count":0,"href":"https:\/\/www.eldigitaldeasturias.com\/noticias\/wp-json\/wp\/v2\/posts\/963685\/revisions"}],"wp:attachment":[{"href":"https:\/\/www.eldigitaldeasturias.com\/noticias\/wp-json\/wp\/v2\/media?parent=963685"}],"wp:term":[{"taxonomy":"category","embeddable":true,"href":"https:\/\/www.eldigitaldeasturias.com\/noticias\/wp-json\/wp\/v2\/categories?post=963685"},{"taxonomy":"post_tag","embeddable":true,"href":"https:\/\/www.eldigitaldeasturias.com\/noticias\/wp-json\/wp\/v2\/tags?post=963685"}],"curies":[{"name":"wp","href":"https:\/\/api.w.org\/{rel}","templated":true}]}}