{"id":963680,"date":"2017-12-18T17:42:20","date_gmt":"2017-12-18T17:42:20","guid":{"rendered":"http:\/\/www.eldigitaldeasturias.com\/noticias\/?p=963680"},"modified":"2017-12-18T17:42:20","modified_gmt":"2017-12-18T17:42:20","slug":"opciones-laborales-para-personas-en-paro","status":"publish","type":"post","link":"https:\/\/www.eldigitaldeasturias.com\/noticias\/opciones-laborales-para-personas-en-paro\/","title":{"rendered":"Opciones laborales para personas en paro"},"content":{"rendered":"<p><img loading=\"lazy\" decoding=\"async\" class=\"alignleft size-medium wp-image-963681\" src=\"https:\/\/www.eldigitaldeasturias.com\/noticias\/wp-content\/uploads\/2017\/12\/trabajo-360x177.jpg\" alt=\"\" width=\"360\" height=\"177\" srcset=\"https:\/\/www.eldigitaldeasturias.com\/noticias\/wp-content\/uploads\/2017\/12\/trabajo-360x177.jpg 360w, https:\/\/www.eldigitaldeasturias.com\/noticias\/wp-content\/uploads\/2017\/12\/trabajo-650x320.jpg 650w, https:\/\/www.eldigitaldeasturias.com\/noticias\/wp-content\/uploads\/2017\/12\/trabajo.jpg 712w\" sizes=\"auto, (max-width: 360px) 100vw, 360px\" \/>Las cifras de ciudadanos que se encuentran en paro siguen siendo tema principal en Espa\u00f1a. La Oficina de Empleo, que forma parte del Ministerio de Empleo y Seguridad Social, inform\u00f3 que <strong>en noviembre del 2017 se increment\u00f3 la cantidad de personas en paro en 7.255<\/strong> con respecto al mes de octubre, llegando a un total de 3.474.281.<\/p>\n<p>Sin embargo, a pesar de que estos n\u00fameros pueden considerarse altos, lo cierto es que han menguado en relaci\u00f3n con el mes de noviembre del a\u00f1o pasado, cuando se apuntaron 24.841 individuos al paro. En cifras porcentuales significa una ca\u00edda del 8,3%.<\/p>\n<p>Seg\u00fan el SEPE, esta tasa ha venido experimentando una ca\u00edda desde el a\u00f1o 2013. Este \u00faltimo a\u00f1o, por ejemplo, el paro disminuy\u00f3 en 315.542 personas.<\/p>\n<p>Seg\u00fan la informaci\u00f3n del organismo de empleo, Las Islas Baleares y Catalu\u00f1a son las dos comunidades aut\u00f3nomas en las que m\u00e1s se registra un incremento del paro, mientras que Madrid, Andaluc\u00eda y la Comunidad Valenciana son las que muestran una mayor disminuci\u00f3n del mismo.<\/p>\n<p>Este fen\u00f3meno de recuperaci\u00f3n econ\u00f3mica se debe, en parte, a que muchos ciudadanos se aventuraron a emprender proyectos personales. <strong>Las oficinas auton\u00f3micas de empleo ofrecen ayuda a peque\u00f1as y medianas empresas para emprender proyectos<\/strong> que puedan consolidarse y generar empleos en un futuro, desde una tienda de dulces, de s\u00e1banas, de ropa o cualquier otro negocio productivo.<\/p>\n<p><strong>Estar en paro no significa no producir<\/strong><\/p>\n<p>Aunque, en t\u00e9rminos generales, la tasa de ciudadanos en paro baj\u00f3 en Espa\u00f1a, todav\u00eda hay un elemento que causa alarma, y es que la tasa juvenil fue la m\u00e1s alta de la OCDE (Organizaci\u00f3n para la Cooperaci\u00f3n y el Desarrollo Econ\u00f3micos) en el mes de octubre. Por lo menos un 38,2% de los j\u00f3venes entre 15 y 24 a\u00f1os se encuentran sin desarrollar ninguna actividad econ\u00f3mica estable.<\/p>\n<p>Los economistas recomiendan a los j\u00f3venes, y a la poblaci\u00f3n en general, recurrir a proyectos propios con financiaci\u00f3n de las oficinas de empleo. Para solicitar estas ayudas es necesario<span style=\"color: #ff6600;\"><strong> <a style=\"color: #ff6600;\" href=\"https:\/\/pedircitaeninem.es\/\" target=\"_blank\" rel=\"noopener\">pedir cita en el INEM<\/a><\/strong><\/span>, que <strong>actualmente se denomina SEPE<\/strong>.<\/p>\n<p>Tal como comentan en la web pedircitaeninem.es, este proceso se puede realizar <strong>por tel\u00e9fono o Internet<\/strong>.<\/p>\n<p>El INEM ofrece ayudas para emprendedores o aut\u00f3nomos y tambi\u00e9n para Pymes. Cualquier ciudadano espa\u00f1ol puede solicitarlas, pues no en vano es uno de los pa\u00edses que ofrece m\u00e1s subvenciones a sus habitantes para estimular el autoempleo.<\/p>\n<p>En su web, este organismo de gobierno brinda toda la informaci\u00f3n necesaria para que un emprendedor pueda montar su propia empresa. Asimismo, destacan que las Pymes y aut\u00f3nomos \u201cconstituyen uno de los principales motores para dinamizar la econom\u00eda espa\u00f1ola\u201d.<\/p>\n<p>Los tr\u00e1mites pueden realizarse online y cuentan con diversas opciones. Si el individuo cumple con los requisitos, puede optar por esta ayuda y encontrar el plan que m\u00e1s se adapte a sus necesidades inmediatas y futuras.<\/p>\n<p><strong>Algunas ideas de negocios<\/strong><\/p>\n<p>La econom\u00eda actual ha diversificado los comercios en gran medida. <strong>Las tiendas en l\u00ednea son las m\u00e1s populares en la actualidad<\/strong>, y por esa raz\u00f3n las Pymes y aut\u00f3nomos apuestan por estos comercios en Internet que, adem\u00e1s de abaratar los costes, tambi\u00e9n resultan m\u00e1s sencillos de constituir.<\/p>\n<p>Hoy en d\u00eda se pueden montar negocios online como tiendas de outlet, que \u00faltimamente est\u00e1n en auge en la red. Un ejemplo de negocio bien constituido es la web de Outlethf, un <strong>outlet de s\u00e1banas<\/strong> online que ofrece cientos de productos de este tipo a sus usuarios.<\/p>\n<p>M\u00e1s all\u00e1 de las <a href=\"https:\/\/outlethf.com\/articulos-de-cama\/juegos-de-sabanas.html\" target=\"_blank\" rel=\"noopener\"><span style=\"color: #ff6600;\"><strong>s\u00e1banas<\/strong><\/span><\/a> y los outlet, tambi\u00e9n es posible centrarse en la <strong>venta de ropa<\/strong> en l\u00ednea, pues el mundo de Internet ofrece miles de posibilidades a los emprendedores. Otras opciones de posibles negocios online son: tiendas de regalos, tiendas de art\u00edculos para el hogar, tiendas de zapatos, tienda de electr\u00f3nica y tienda de accesorios para las mujeres, entre otros que son muy buscados.<\/p>\n<p><strong>Internet ofrece la libertad que no tiene ning\u00fan otro tipo de negocio<\/strong>. Se puede montar una tienda en l\u00ednea y tener clientes en Espa\u00f1a, M\u00e9xico y en todo el mundo. Gracias al <em>dropshipping<\/em>, o triangulaci\u00f3n de env\u00edos, los comercios tienen la posibilidad de enviar los productos desde la f\u00e1brica y no es necesario disponer de grandes almacenes.<\/p>\n<p>En concreto son 11 los pasos a seguir para hacerse aut\u00f3nomo: tener una idea, estudiar a la competencia, hacer un plan de negocio, preguntarse si ser aut\u00f3nomo, formarse, buscar financiaci\u00f3n, conseguir proveedores y un lugar donde trabajar, ocuparse de las obligaciones, conseguir personal, vender y facturar.<\/p>\n<p>Este tipo de decisiones no deben ser tomadas a la ligera. Es necesario hacer una amplia evaluaci\u00f3n del mercado y no lanzarse al agua sin tener conocimientos en el \u00e1rea en que se quiera incursionar. Internet incluso cuenta con muchos foros y p\u00e1ginas de informaci\u00f3n para personas que quieren adentrarse en el mundo de las Pymes o aut\u00f3nomos.<\/p>\n","protected":false},"excerpt":{"rendered":"<p>Las cifras de ciudadanos que se encuentran en paro siguen siendo tema principal en Espa\u00f1a. La Oficina de Empleo, que forma parte del Ministerio de Empleo y Seguridad Social, inform\u00f3 que en noviembre del 2017 se increment\u00f3 la cantidad de personas en paro en 7.255 con respecto al mes de octubre, llegando a un total [&hellip;]<\/p>\n","protected":false},"author":1,"featured_media":963681,"comment_status":"closed","ping_status":"closed","sticky":false,"template":"","format":"standard","meta":{"footnotes":""},"categories":[187],"tags":[],"class_list":["post-963680","post","type-post","status-publish","format-standard","has-post-thumbnail","hentry","category-economia"],"aioseo_notices":[],"aioseo_head":"\n\t\t<!-- All in One SEO Pro 4.9.6.2 - aioseo.com -->\n\t<meta name=\"description\" content=\"Las cifras de ciudadanos que se encuentran en paro siguen siendo tema principal en Espa\u00f1a. La Oficina de Empleo, que forma parte del Ministerio de Empleo y Seguridad Social, inform\u00f3 que en noviembre del 2017 se increment\u00f3 la cantidad de personas en paro en 7.255 con respecto al mes de octubre, llegando a un total\" \/>\n\t<meta name=\"robots\" content=\"max-image-preview:large\" \/>\n\t<meta name=\"author\" content=\"El Digital de Asturias\"\/>\n\t<meta name=\"google-site-verification\" content=\"UA-38556648-1\" \/>\n\t<meta name=\"msvalidate.01\" content=\"7dfe9f3f1b24437ab69f4f2559babe99\" \/>\n\t<meta name=\"keywords\" content=\"econom\u00eda\" \/>\n\t<link rel=\"canonical\" href=\"https:\/\/www.eldigitaldeasturias.com\/noticias\/opciones-laborales-para-personas-en-paro\/\" \/>\n\t<meta name=\"generator\" content=\"All in One SEO Pro (AIOSEO) 4.9.6.2\" \/>\n\t\t<meta property=\"og:locale\" content=\"es_ES\" \/>\n\t\t<meta property=\"og:site_name\" content=\"El Digital de Asturias\" \/>\n\t\t<meta property=\"og:type\" content=\"article\" \/>\n\t\t<meta property=\"og:title\" content=\"Opciones laborales para personas en paro - El Digital de Asturias\" \/>\n\t\t<meta property=\"og:description\" content=\"Las cifras de ciudadanos que se encuentran en paro siguen siendo tema principal en Espa\u00f1a. La Oficina de Empleo, que forma parte del Ministerio de Empleo y Seguridad Social, inform\u00f3 que en noviembre del 2017 se increment\u00f3 la cantidad de personas en paro en 7.255 con respecto al mes de octubre, llegando a un total\" \/>\n\t\t<meta property=\"og:url\" content=\"https:\/\/www.eldigitaldeasturias.com\/noticias\/opciones-laborales-para-personas-en-paro\/\" \/>\n\t\t<meta property=\"og:image\" content=\"https:\/\/www.eldigitaldeasturias.com\/noticias\/wp-content\/uploads\/2017\/12\/trabajo.jpg\" \/>\n\t\t<meta property=\"og:image:secure_url\" content=\"https:\/\/www.eldigitaldeasturias.com\/noticias\/wp-content\/uploads\/2017\/12\/trabajo.jpg\" \/>\n\t\t<meta property=\"og:image:width\" content=\"712\" \/>\n\t\t<meta property=\"og:image:height\" content=\"350\" \/>\n\t\t<meta property=\"article:tag\" content=\"econom\u00eda\" \/>\n\t\t<meta property=\"article:published_time\" content=\"2017-12-18T17:42:20+00:00\" \/>\n\t\t<meta property=\"article:modified_time\" content=\"2017-12-18T17:42:20+00:00\" \/>\n\t\t<meta property=\"article:publisher\" content=\"https:\/\/facebook.com\/eldigitaldeasturias\" \/>\n\t\t<meta name=\"twitter:card\" content=\"summary_large_image\" \/>\n\t\t<meta name=\"twitter:title\" content=\"Opciones laborales para personas en paro - El Digital de Asturias\" \/>\n\t\t<meta name=\"twitter:description\" content=\"Las cifras de ciudadanos que se encuentran en paro siguen siendo tema principal en Espa\u00f1a. La Oficina de Empleo, que forma parte del Ministerio de Empleo y Seguridad Social, inform\u00f3 que en noviembre del 2017 se increment\u00f3 la cantidad de personas en paro en 7.255 con respecto al mes de octubre, llegando a un total\" \/>\n\t\t<meta name=\"twitter:image\" content=\"https:\/\/www.eldigitaldeasturias.com\/noticias\/wp-content\/uploads\/2017\/12\/trabajo.jpg\" \/>\n\t\t<meta name=\"twitter:label1\" content=\"Escrito por\" \/>\n\t\t<meta name=\"twitter:data1\" content=\"El Digital de Asturias\" \/>\n\t\t<meta name=\"twitter:label2\" content=\"Tiempo de lectura estimado\" \/>\n\t\t<meta name=\"twitter:data2\" content=\"4 minutos\" \/>\n\t\t<script type=\"application\/ld+json\" class=\"aioseo-schema\">\n\t\t\t{\"@context\":\"https:\\\/\\\/schema.org\",\"@graph\":[{\"@type\":\"BlogPosting\",\"@id\":\"https:\\\/\\\/www.eldigitaldeasturias.com\\\/noticias\\\/opciones-laborales-para-personas-en-paro\\\/#blogposting\",\"name\":\"Opciones laborales para personas en paro - El Digital de Asturias\",\"headline\":\"Opciones laborales para personas en paro\",\"author\":{\"@id\":\"https:\\\/\\\/www.eldigitaldeasturias.com\\\/noticias\\\/author\\\/admin\\\/#author\"},\"publisher\":{\"@id\":\"https:\\\/\\\/www.eldigitaldeasturias.com\\\/noticias\\\/#organization\"},\"image\":{\"@type\":\"ImageObject\",\"url\":\"https:\\\/\\\/www.eldigitaldeasturias.com\\\/noticias\\\/wp-content\\\/uploads\\\/2017\\\/12\\\/trabajo.jpg\",\"width\":712,\"height\":350},\"datePublished\":\"2017-12-18T17:42:20+01:00\",\"dateModified\":\"2017-12-18T17:42:20+01:00\",\"inLanguage\":\"es-ES\",\"mainEntityOfPage\":{\"@id\":\"https:\\\/\\\/www.eldigitaldeasturias.com\\\/noticias\\\/opciones-laborales-para-personas-en-paro\\\/#webpage\"},\"isPartOf\":{\"@id\":\"https:\\\/\\\/www.eldigitaldeasturias.com\\\/noticias\\\/opciones-laborales-para-personas-en-paro\\\/#webpage\"},\"articleSection\":\"Econom\\u00eda\"},{\"@type\":\"BreadcrumbList\",\"@id\":\"https:\\\/\\\/www.eldigitaldeasturias.com\\\/noticias\\\/opciones-laborales-para-personas-en-paro\\\/#breadcrumblist\",\"itemListElement\":[{\"@type\":\"ListItem\",\"@id\":\"https:\\\/\\\/www.eldigitaldeasturias.com\\\/noticias#listItem\",\"position\":1,\"name\":\"Home\",\"item\":\"https:\\\/\\\/www.eldigitaldeasturias.com\\\/noticias\",\"nextItem\":{\"@type\":\"ListItem\",\"@id\":\"https:\\\/\\\/www.eldigitaldeasturias.com\\\/noticias\\\/category\\\/economia\\\/#listItem\",\"name\":\"Econom\\u00eda\"}},{\"@type\":\"ListItem\",\"@id\":\"https:\\\/\\\/www.eldigitaldeasturias.com\\\/noticias\\\/category\\\/economia\\\/#listItem\",\"position\":2,\"name\":\"Econom\\u00eda\",\"item\":\"https:\\\/\\\/www.eldigitaldeasturias.com\\\/noticias\\\/category\\\/economia\\\/\",\"nextItem\":{\"@type\":\"ListItem\",\"@id\":\"https:\\\/\\\/www.eldigitaldeasturias.com\\\/noticias\\\/opciones-laborales-para-personas-en-paro\\\/#listItem\",\"name\":\"Opciones laborales para personas en paro\"},\"previousItem\":{\"@type\":\"ListItem\",\"@id\":\"https:\\\/\\\/www.eldigitaldeasturias.com\\\/noticias#listItem\",\"name\":\"Home\"}},{\"@type\":\"ListItem\",\"@id\":\"https:\\\/\\\/www.eldigitaldeasturias.com\\\/noticias\\\/opciones-laborales-para-personas-en-paro\\\/#listItem\",\"position\":3,\"name\":\"Opciones laborales para personas en paro\",\"previousItem\":{\"@type\":\"ListItem\",\"@id\":\"https:\\\/\\\/www.eldigitaldeasturias.com\\\/noticias\\\/category\\\/economia\\\/#listItem\",\"name\":\"Econom\\u00eda\"}}]},{\"@type\":\"Organization\",\"@id\":\"https:\\\/\\\/www.eldigitaldeasturias.com\\\/noticias\\\/#organization\",\"name\":\"El Digital de Asturias\",\"description\":\"Hemeroteca\",\"url\":\"https:\\\/\\\/www.eldigitaldeasturias.com\\\/noticias\\\/\",\"email\":\"info@eldigitaldeasturias.com\",\"telephone\":\"+34652131393\",\"logo\":{\"@type\":\"ImageObject\",\"url\":\"https:\\\/\\\/www.eldigitaldeasturias.com\\\/noticias\\\/wp-content\\\/uploads\\\/2020\\\/12\\\/EDA.jpg\",\"@id\":\"https:\\\/\\\/www.eldigitaldeasturias.com\\\/noticias\\\/opciones-laborales-para-personas-en-paro\\\/#organizationLogo\",\"width\":649,\"height\":297},\"image\":{\"@id\":\"https:\\\/\\\/www.eldigitaldeasturias.com\\\/noticias\\\/opciones-laborales-para-personas-en-paro\\\/#organizationLogo\"},\"sameAs\":[\"https:\\\/\\\/facebook.com\\\/eldigitaldeasturias\",\"https:\\\/\\\/www.youtube.com\\\/channel\\\/UCZP-2wLEB9Rv6erhFmqVnvg\"],\"address\":{\"@id\":\"https:\\\/\\\/www.eldigitaldeasturias.com\\\/noticias\\\/#postaladdress\",\"@type\":\"PostalAddress\",\"streetAddress\":\"san antonio 4,\",\"postalCode\":\"33430\",\"addressLocality\":\"Cand\\u00e1s\",\"addressRegion\":\"Asturias\",\"addressCountry\":\"ES\"}},{\"@type\":\"Person\",\"@id\":\"https:\\\/\\\/www.eldigitaldeasturias.com\\\/noticias\\\/author\\\/admin\\\/#author\",\"url\":\"https:\\\/\\\/www.eldigitaldeasturias.com\\\/noticias\\\/author\\\/admin\\\/\",\"name\":\"El Digital de Asturias\",\"image\":{\"@type\":\"ImageObject\",\"@id\":\"https:\\\/\\\/www.eldigitaldeasturias.com\\\/noticias\\\/opciones-laborales-para-personas-en-paro\\\/#authorImage\",\"url\":\"https:\\\/\\\/www.eldigitaldeasturias.com\\\/noticias\\\/wp-content\\\/litespeed\\\/avatar\\\/18677e78aa0546b92d9dbf31ec7d7668.jpg?ver=1777290358\",\"width\":96,\"height\":96,\"caption\":\"El Digital de Asturias\"}},{\"@type\":\"WebPage\",\"@id\":\"https:\\\/\\\/www.eldigitaldeasturias.com\\\/noticias\\\/opciones-laborales-para-personas-en-paro\\\/#webpage\",\"url\":\"https:\\\/\\\/www.eldigitaldeasturias.com\\\/noticias\\\/opciones-laborales-para-personas-en-paro\\\/\",\"name\":\"Opciones laborales para personas en paro - El Digital de Asturias\",\"description\":\"Las cifras de ciudadanos que se encuentran en paro siguen siendo tema principal en Espa\\u00f1a. La Oficina de Empleo, que forma parte del Ministerio de Empleo y Seguridad Social, inform\\u00f3 que en noviembre del 2017 se increment\\u00f3 la cantidad de personas en paro en 7.255 con respecto al mes de octubre, llegando a un total\",\"inLanguage\":\"es-ES\",\"isPartOf\":{\"@id\":\"https:\\\/\\\/www.eldigitaldeasturias.com\\\/noticias\\\/#website\"},\"breadcrumb\":{\"@id\":\"https:\\\/\\\/www.eldigitaldeasturias.com\\\/noticias\\\/opciones-laborales-para-personas-en-paro\\\/#breadcrumblist\"},\"author\":{\"@id\":\"https:\\\/\\\/www.eldigitaldeasturias.com\\\/noticias\\\/author\\\/admin\\\/#author\"},\"creator\":{\"@id\":\"https:\\\/\\\/www.eldigitaldeasturias.com\\\/noticias\\\/author\\\/admin\\\/#author\"},\"image\":{\"@type\":\"ImageObject\",\"url\":\"https:\\\/\\\/www.eldigitaldeasturias.com\\\/noticias\\\/wp-content\\\/uploads\\\/2017\\\/12\\\/trabajo.jpg\",\"@id\":\"https:\\\/\\\/www.eldigitaldeasturias.com\\\/noticias\\\/opciones-laborales-para-personas-en-paro\\\/#mainImage\",\"width\":712,\"height\":350},\"primaryImageOfPage\":{\"@id\":\"https:\\\/\\\/www.eldigitaldeasturias.com\\\/noticias\\\/opciones-laborales-para-personas-en-paro\\\/#mainImage\"},\"datePublished\":\"2017-12-18T17:42:20+01:00\",\"dateModified\":\"2017-12-18T17:42:20+01:00\"},{\"@type\":\"WebSite\",\"@id\":\"https:\\\/\\\/www.eldigitaldeasturias.com\\\/noticias\\\/#website\",\"url\":\"https:\\\/\\\/www.eldigitaldeasturias.com\\\/noticias\\\/\",\"name\":\"El Digital de Asturias - Diario de actualidad y noticias\",\"alternateName\":\"El Digital de Asturias - Diario de actualidad y noticias\",\"description\":\"Hemeroteca\",\"inLanguage\":\"es-ES\",\"publisher\":{\"@id\":\"https:\\\/\\\/www.eldigitaldeasturias.com\\\/noticias\\\/#organization\"}}]}\n\t\t<\/script>\n\t\t<!-- All in One SEO Pro -->\r\n\t\t<title>Opciones laborales para personas en paro - El Digital de Asturias<\/title>\n\n","aioseo_head_json":{"title":"Opciones laborales para personas en paro - El Digital de Asturias","description":"Las cifras de ciudadanos que se encuentran en paro siguen siendo tema principal en Espa\u00f1a. La Oficina de Empleo, que forma parte del Ministerio de Empleo y Seguridad Social, inform\u00f3 que en noviembre del 2017 se increment\u00f3 la cantidad de personas en paro en 7.255 con respecto al mes de octubre, llegando a un total","canonical_url":"https:\/\/www.eldigitaldeasturias.com\/noticias\/opciones-laborales-para-personas-en-paro\/","robots":"max-image-preview:large","keywords":"econom\u00eda","webmasterTools":{"google-site-verification":"UA-38556648-1","msvalidate.01":"7dfe9f3f1b24437ab69f4f2559babe99","miscellaneous":""},"schema":{"@context":"https:\/\/schema.org","@graph":[{"@type":"BlogPosting","@id":"https:\/\/www.eldigitaldeasturias.com\/noticias\/opciones-laborales-para-personas-en-paro\/#blogposting","name":"Opciones laborales para personas en paro - El Digital de Asturias","headline":"Opciones laborales para personas en paro","author":{"@id":"https:\/\/www.eldigitaldeasturias.com\/noticias\/author\/admin\/#author"},"publisher":{"@id":"https:\/\/www.eldigitaldeasturias.com\/noticias\/#organization"},"image":{"@type":"ImageObject","url":"https:\/\/www.eldigitaldeasturias.com\/noticias\/wp-content\/uploads\/2017\/12\/trabajo.jpg","width":712,"height":350},"datePublished":"2017-12-18T17:42:20+01:00","dateModified":"2017-12-18T17:42:20+01:00","inLanguage":"es-ES","mainEntityOfPage":{"@id":"https:\/\/www.eldigitaldeasturias.com\/noticias\/opciones-laborales-para-personas-en-paro\/#webpage"},"isPartOf":{"@id":"https:\/\/www.eldigitaldeasturias.com\/noticias\/opciones-laborales-para-personas-en-paro\/#webpage"},"articleSection":"Econom\u00eda"},{"@type":"BreadcrumbList","@id":"https:\/\/www.eldigitaldeasturias.com\/noticias\/opciones-laborales-para-personas-en-paro\/#breadcrumblist","itemListElement":[{"@type":"ListItem","@id":"https:\/\/www.eldigitaldeasturias.com\/noticias#listItem","position":1,"name":"Home","item":"https:\/\/www.eldigitaldeasturias.com\/noticias","nextItem":{"@type":"ListItem","@id":"https:\/\/www.eldigitaldeasturias.com\/noticias\/category\/economia\/#listItem","name":"Econom\u00eda"}},{"@type":"ListItem","@id":"https:\/\/www.eldigitaldeasturias.com\/noticias\/category\/economia\/#listItem","position":2,"name":"Econom\u00eda","item":"https:\/\/www.eldigitaldeasturias.com\/noticias\/category\/economia\/","nextItem":{"@type":"ListItem","@id":"https:\/\/www.eldigitaldeasturias.com\/noticias\/opciones-laborales-para-personas-en-paro\/#listItem","name":"Opciones laborales para personas en paro"},"previousItem":{"@type":"ListItem","@id":"https:\/\/www.eldigitaldeasturias.com\/noticias#listItem","name":"Home"}},{"@type":"ListItem","@id":"https:\/\/www.eldigitaldeasturias.com\/noticias\/opciones-laborales-para-personas-en-paro\/#listItem","position":3,"name":"Opciones laborales para personas en paro","previousItem":{"@type":"ListItem","@id":"https:\/\/www.eldigitaldeasturias.com\/noticias\/category\/economia\/#listItem","name":"Econom\u00eda"}}]},{"@type":"Organization","@id":"https:\/\/www.eldigitaldeasturias.com\/noticias\/#organization","name":"El Digital de Asturias","description":"Hemeroteca","url":"https:\/\/www.eldigitaldeasturias.com\/noticias\/","email":"info@eldigitaldeasturias.com","telephone":"+34652131393","logo":{"@type":"ImageObject","url":"https:\/\/www.eldigitaldeasturias.com\/noticias\/wp-content\/uploads\/2020\/12\/EDA.jpg","@id":"https:\/\/www.eldigitaldeasturias.com\/noticias\/opciones-laborales-para-personas-en-paro\/#organizationLogo","width":649,"height":297},"image":{"@id":"https:\/\/www.eldigitaldeasturias.com\/noticias\/opciones-laborales-para-personas-en-paro\/#organizationLogo"},"sameAs":["https:\/\/facebook.com\/eldigitaldeasturias","https:\/\/www.youtube.com\/channel\/UCZP-2wLEB9Rv6erhFmqVnvg"],"address":{"@id":"https:\/\/www.eldigitaldeasturias.com\/noticias\/#postaladdress","@type":"PostalAddress","streetAddress":"san antonio 4,","postalCode":"33430","addressLocality":"Cand\u00e1s","addressRegion":"Asturias","addressCountry":"ES"}},{"@type":"Person","@id":"https:\/\/www.eldigitaldeasturias.com\/noticias\/author\/admin\/#author","url":"https:\/\/www.eldigitaldeasturias.com\/noticias\/author\/admin\/","name":"El Digital de Asturias","image":{"@type":"ImageObject","@id":"https:\/\/www.eldigitaldeasturias.com\/noticias\/opciones-laborales-para-personas-en-paro\/#authorImage","url":"https:\/\/www.eldigitaldeasturias.com\/noticias\/wp-content\/litespeed\/avatar\/18677e78aa0546b92d9dbf31ec7d7668.jpg?ver=1777290358","width":96,"height":96,"caption":"El Digital de Asturias"}},{"@type":"WebPage","@id":"https:\/\/www.eldigitaldeasturias.com\/noticias\/opciones-laborales-para-personas-en-paro\/#webpage","url":"https:\/\/www.eldigitaldeasturias.com\/noticias\/opciones-laborales-para-personas-en-paro\/","name":"Opciones laborales para personas en paro - El Digital de Asturias","description":"Las cifras de ciudadanos que se encuentran en paro siguen siendo tema principal en Espa\u00f1a. La Oficina de Empleo, que forma parte del Ministerio de Empleo y Seguridad Social, inform\u00f3 que en noviembre del 2017 se increment\u00f3 la cantidad de personas en paro en 7.255 con respecto al mes de octubre, llegando a un total","inLanguage":"es-ES","isPartOf":{"@id":"https:\/\/www.eldigitaldeasturias.com\/noticias\/#website"},"breadcrumb":{"@id":"https:\/\/www.eldigitaldeasturias.com\/noticias\/opciones-laborales-para-personas-en-paro\/#breadcrumblist"},"author":{"@id":"https:\/\/www.eldigitaldeasturias.com\/noticias\/author\/admin\/#author"},"creator":{"@id":"https:\/\/www.eldigitaldeasturias.com\/noticias\/author\/admin\/#author"},"image":{"@type":"ImageObject","url":"https:\/\/www.eldigitaldeasturias.com\/noticias\/wp-content\/uploads\/2017\/12\/trabajo.jpg","@id":"https:\/\/www.eldigitaldeasturias.com\/noticias\/opciones-laborales-para-personas-en-paro\/#mainImage","width":712,"height":350},"primaryImageOfPage":{"@id":"https:\/\/www.eldigitaldeasturias.com\/noticias\/opciones-laborales-para-personas-en-paro\/#mainImage"},"datePublished":"2017-12-18T17:42:20+01:00","dateModified":"2017-12-18T17:42:20+01:00"},{"@type":"WebSite","@id":"https:\/\/www.eldigitaldeasturias.com\/noticias\/#website","url":"https:\/\/www.eldigitaldeasturias.com\/noticias\/","name":"El Digital de Asturias - Diario de actualidad y noticias","alternateName":"El Digital de Asturias - Diario de actualidad y noticias","description":"Hemeroteca","inLanguage":"es-ES","publisher":{"@id":"https:\/\/www.eldigitaldeasturias.com\/noticias\/#organization"}}]},"og:locale":"es_ES","og:site_name":"El Digital de Asturias","og:type":"article","og:title":"Opciones laborales para personas en paro - El Digital de Asturias","og:description":"Las cifras de ciudadanos que se encuentran en paro siguen siendo tema principal en Espa\u00f1a. La Oficina de Empleo, que forma parte del Ministerio de Empleo y Seguridad Social, inform\u00f3 que en noviembre del 2017 se increment\u00f3 la cantidad de personas en paro en 7.255 con respecto al mes de octubre, llegando a un total","og:url":"https:\/\/www.eldigitaldeasturias.com\/noticias\/opciones-laborales-para-personas-en-paro\/","og:image":"https:\/\/www.eldigitaldeasturias.com\/noticias\/wp-content\/uploads\/2017\/12\/trabajo.jpg","og:image:secure_url":"https:\/\/www.eldigitaldeasturias.com\/noticias\/wp-content\/uploads\/2017\/12\/trabajo.jpg","og:image:width":712,"og:image:height":350,"article:tag":["econom\u00eda"],"article:published_time":"2017-12-18T17:42:20+00:00","article:modified_time":"2017-12-18T17:42:20+00:00","article:publisher":"https:\/\/facebook.com\/eldigitaldeasturias","twitter:card":"summary_large_image","twitter:title":"Opciones laborales para personas en paro - El Digital de Asturias","twitter:description":"Las cifras de ciudadanos que se encuentran en paro siguen siendo tema principal en Espa\u00f1a. La Oficina de Empleo, que forma parte del Ministerio de Empleo y Seguridad Social, inform\u00f3 que en noviembre del 2017 se increment\u00f3 la cantidad de personas en paro en 7.255 con respecto al mes de octubre, llegando a un total","twitter:image":"https:\/\/www.eldigitaldeasturias.com\/noticias\/wp-content\/uploads\/2017\/12\/trabajo.jpg","twitter:label1":"Escrito por","twitter:data1":"El Digital de Asturias","twitter:label2":"Tiempo de lectura estimado","twitter:data2":"4 minutos"},"aioseo_meta_data":{"post_id":"963680","title":null,"description":null,"keywords":null,"keyphrases":null,"primary_term":null,"canonical_url":null,"og_title":null,"og_description":null,"og_object_type":"default","og_image_type":"default","og_image_url":null,"og_image_width":null,"og_image_height":null,"og_image_custom_url":null,"og_image_custom_fields":null,"og_video":null,"og_custom_url":null,"og_article_section":null,"og_article_tags":null,"twitter_use_og":false,"twitter_card":"default","twitter_image_type":"default","twitter_image_url":null,"twitter_image_custom_url":null,"twitter_image_custom_fields":null,"twitter_title":null,"twitter_description":null,"schema":{"blockGraphs":[],"customGraphs":[],"default":{"data":{"Article":[],"Course":[],"Dataset":[],"FAQPage":[],"Movie":[],"Person":[],"Product":[],"ProductReview":[],"Car":[],"Recipe":[],"Service":[],"SoftwareApplication":[],"WebPage":[]},"graphName":"","isEnabled":true},"graphs":[],"defaultGraph":"","defaultPostTypeGraph":""},"schema_type":null,"schema_type_options":null,"pillar_content":false,"robots_default":true,"robots_noindex":false,"robots_noarchive":false,"robots_nosnippet":false,"robots_nofollow":false,"robots_noimageindex":false,"robots_noodp":false,"robots_notranslate":false,"robots_max_snippet":null,"robots_max_videopreview":null,"robots_max_imagepreview":"large","priority":null,"frequency":null,"local_seo":null,"seo_analyzer_scan_date":"2025-12-07 17:03:41","breadcrumb_settings":null,"limit_modified_date":false,"open_ai":null,"ai":null,"created":"2020-12-21 12:42:38","updated":"2025-12-07 17:03:41"},"aioseo_breadcrumb":"<div class=\"aioseo-breadcrumbs\"><span class=\"aioseo-breadcrumb\">\n\t<a href=\"https:\/\/www.eldigitaldeasturias.com\/noticias\" title=\"Home\">Home<\/a>\n<\/span><span class=\"aioseo-breadcrumb-separator\">\u2013<\/span><span class=\"aioseo-breadcrumb\">\n\t<a href=\"https:\/\/www.eldigitaldeasturias.com\/noticias\/category\/economia\/\" title=\"Econom\u00eda\">Econom\u00eda<\/a>\n<\/span><span class=\"aioseo-breadcrumb-separator\">\u2013<\/span><span class=\"aioseo-breadcrumb\">\n\t<a href=\"https:\/\/www.eldigitaldeasturias.com\/noticias\/opciones-laborales-para-personas-en-paro\/\" title=\"Opciones laborales para personas en paro\">Opciones laborales para personas en paro<\/a>\n<\/span><\/div>","aioseo_breadcrumb_json":[{"label":"Home","link":"https:\/\/www.eldigitaldeasturias.com\/noticias"},{"label":"Econom\u00eda","link":"https:\/\/www.eldigitaldeasturias.com\/noticias\/category\/economia\/"},{"label":"Opciones laborales para personas en paro","link":"https:\/\/www.eldigitaldeasturias.com\/noticias\/opciones-laborales-para-personas-en-paro\/"}],"_links":{"self":[{"href":"https:\/\/www.eldigitaldeasturias.com\/noticias\/wp-json\/wp\/v2\/posts\/963680","targetHints":{"allow":["GET"]}}],"collection":[{"href":"https:\/\/www.eldigitaldeasturias.com\/noticias\/wp-json\/wp\/v2\/posts"}],"about":[{"href":"https:\/\/www.eldigitaldeasturias.com\/noticias\/wp-json\/wp\/v2\/types\/post"}],"author":[{"embeddable":true,"href":"https:\/\/www.eldigitaldeasturias.com\/noticias\/wp-json\/wp\/v2\/users\/1"}],"replies":[{"embeddable":true,"href":"https:\/\/www.eldigitaldeasturias.com\/noticias\/wp-json\/wp\/v2\/comments?post=963680"}],"version-history":[{"count":0,"href":"https:\/\/www.eldigitaldeasturias.com\/noticias\/wp-json\/wp\/v2\/posts\/963680\/revisions"}],"wp:featuredmedia":[{"embeddable":true,"href":"https:\/\/www.eldigitaldeasturias.com\/noticias\/wp-json\/wp\/v2\/media\/963681"}],"wp:attachment":[{"href":"https:\/\/www.eldigitaldeasturias.com\/noticias\/wp-json\/wp\/v2\/media?parent=963680"}],"wp:term":[{"taxonomy":"category","embeddable":true,"href":"https:\/\/www.eldigitaldeasturias.com\/noticias\/wp-json\/wp\/v2\/categories?post=963680"},{"taxonomy":"post_tag","embeddable":true,"href":"https:\/\/www.eldigitaldeasturias.com\/noticias\/wp-json\/wp\/v2\/tags?post=963680"}],"curies":[{"name":"wp","href":"https:\/\/api.w.org\/{rel}","templated":true}]}}