{"id":963616,"date":"2017-12-16T22:23:50","date_gmt":"2017-12-16T22:23:50","guid":{"rendered":"http:\/\/www.eldigitaldeasturias.com\/noticias\/?p=963616"},"modified":"2017-12-16T22:23:50","modified_gmt":"2017-12-16T22:23:50","slug":"adolfo-suarez-y-pablo-casado-se-suman-a-la-campana-de-albiol","status":"publish","type":"post","link":"https:\/\/www.eldigitaldeasturias.com\/noticias\/adolfo-suarez-y-pablo-casado-se-suman-a-la-campana-de-albiol\/","title":{"rendered":"Adolfo Su\u00e1rez y Pablo Casado se suman a la campa\u00f1a de Albiol"},"content":{"rendered":"<p><img loading=\"lazy\" decoding=\"async\" class=\"alignleft size-medium wp-image-963617\" src=\"https:\/\/www.eldigitaldeasturias.com\/noticias\/wp-content\/uploads\/2017\/12\/20171215__mjm5267-360x163.jpg\" alt=\"\" width=\"360\" height=\"163\" \/>El candidato del PP a la Generalitat y presidente del Partido Popular Catal\u00e1n, Xavier Garc\u00eda Albiol, se ha mostrado orgulloso de formar parte de un partido que defiende la Espa\u00f1a constitucional\u201d. \u201cFrente a un Ciudadanos que dice ser federalista, y las propuestas inadmisibles del PSC, nosotros apostamos por un gobierno constitucionalista y democr\u00e1tico que permita recuperar la normalidad y la confianza en Catalu\u00f1a\u201d, ha manifestado.<\/p>\n<p>Garc\u00eda Albiol ha realizado estas declaraciones en un acto celebrado hoy en Barcelona junto a Adolfo Su\u00e1rez Illana y el vicesecretario de Comunicaci\u00f3n del PP, Pablo Casado. Ya casi en la recta final de campa\u00f1a, el candidato del PPC se ha mostrado convencido de que \u201cel 21 D ser\u00e1n muchos los catalanes que, en silencio y desde el anonimato y la discreci\u00f3n ante la presi\u00f3n nacionalista, van a votar a la candidatura del PP\u201d porque \u201csomos un partido previsible, con las ideas muy claras y que ha demostrado tener la experiencia para poder sacar a Catalu\u00f1a de la peor crisis que hemos vivido\u201d<\/p>\n<p>Asimismo, el dirigente popular ha asegurado que ese nuevo gobierno se ha de basar en unos principios b\u00e1sicos que pasan por no aceptar una propuesta de reforma constitucional \u201cque implique la voladura de nuestro marco de convivencia durante los \u00faltimos cuarenta a\u00f1os\u201d ni \u201cel perd\u00f3n de aquellos que nos han tra\u00eddo hasta aqu\u00ed\u201d<\/p>\n<p>\u201cNosotros defendemos la unidad de Espa\u00f1a porque lo dice la constituci\u00f3n y las leyes pero sobre todo porque es un proyecto desde hace 500 a\u00f1os que nos ha permitido ser un pa\u00eds referente de Europa del cual nos sentimos profundamente orgullosos\u201d, ha a\u00f1adido.<\/p>\n<p>Durante el acto, celebrado como homenaje a los 40 a\u00f1os del restablecimiento del gobierno de la Generalitat por el expresidente Adolfo Su\u00e1rez, Garc\u00eda Albiol tambi\u00e9n ha querido enaltecer su figura \u201cporque entendi\u00f3 que sin el respeto a las leyes y a la pluralidad, un pa\u00eds no puede avanzar\u201d. As\u00ed, ha contrapuesto su legado a los l\u00edderes independentistas, Puigdemont y Junqueras que, \u201ca pesar de haber sido elegidos democr\u00e1ticamente, han actuado como aut\u00e9nticos dictadores creyendo que su elecci\u00f3n les permit\u00eda actuar saltando la legalidad\u201d, ha afirmado.<\/p>\n","protected":false},"excerpt":{"rendered":"<p>El candidato del PP a la Generalitat y presidente del Partido Popular Catal\u00e1n, Xavier Garc\u00eda Albiol, se ha mostrado orgulloso de formar parte de un partido que defiende la Espa\u00f1a constitucional\u201d. \u201cFrente a un Ciudadanos que dice ser federalista, y las propuestas inadmisibles del PSC, nosotros apostamos por un gobierno constitucionalista y democr\u00e1tico que permita [&hellip;]<\/p>\n","protected":false},"author":1,"featured_media":963617,"comment_status":"closed","ping_status":"closed","sticky":false,"template":"","format":"standard","meta":{"footnotes":""},"categories":[1],"tags":[],"class_list":["post-963616","post","type-post","status-publish","format-standard","has-post-thumbnail","hentry","category-actualidad"],"aioseo_notices":[],"aioseo_head":"\n\t\t<!-- All in One SEO Pro 5.0.1 - aioseo.com -->\n\t<meta name=\"description\" content=\"El candidato del PP a la Generalitat y presidente del Partido Popular Catal\u00e1n, Xavier Garc\u00eda Albiol, se ha mostrado orgulloso de formar parte de un partido que defiende la Espa\u00f1a constitucional\u201d. \u201cFrente a un Ciudadanos que dice ser federalista, y las propuestas inadmisibles del PSC, nosotros apostamos por un gobierno constitucionalista y democr\u00e1tico que permita\" \/>\n\t<meta name=\"robots\" content=\"max-image-preview:large\" \/>\n\t<meta name=\"author\" content=\"El Digital de Asturias\"\/>\n\t<meta name=\"google-site-verification\" content=\"UA-38556648-1\" \/>\n\t<meta name=\"msvalidate.01\" content=\"7dfe9f3f1b24437ab69f4f2559babe99\" \/>\n\t<meta name=\"keywords\" content=\"actualidad\" \/>\n\t<link rel=\"canonical\" href=\"https:\/\/www.eldigitaldeasturias.com\/noticias\/adolfo-suarez-y-pablo-casado-se-suman-a-la-campana-de-albiol\/\" \/>\n\t<meta name=\"generator\" content=\"All in One SEO Pro (AIOSEO) 5.0.1\" \/>\n\t\t<meta property=\"og:locale\" content=\"es_ES\" \/>\n\t\t<meta property=\"og:site_name\" content=\"El Digital de Asturias\" \/>\n\t\t<meta property=\"og:type\" content=\"article\" \/>\n\t\t<meta property=\"og:title\" content=\"Adolfo Su\u00e1rez y Pablo Casado se suman a la campa\u00f1a de Albiol - El Digital de Asturias\" \/>\n\t\t<meta property=\"og:description\" content=\"El candidato del PP a la Generalitat y presidente del Partido Popular Catal\u00e1n, Xavier Garc\u00eda Albiol, se ha mostrado orgulloso de formar parte de un partido que defiende la Espa\u00f1a constitucional\u201d. \u201cFrente a un Ciudadanos que dice ser federalista, y las propuestas inadmisibles del PSC, nosotros apostamos por un gobierno constitucionalista y democr\u00e1tico que permita\" \/>\n\t\t<meta property=\"og:url\" content=\"https:\/\/www.eldigitaldeasturias.com\/noticias\/adolfo-suarez-y-pablo-casado-se-suman-a-la-campana-de-albiol\/\" \/>\n\t\t<meta property=\"article:tag\" content=\"actualidad\" \/>\n\t\t<meta property=\"article:published_time\" content=\"2017-12-16T22:23:50+00:00\" \/>\n\t\t<meta property=\"article:modified_time\" content=\"2017-12-16T22:23:50+00:00\" \/>\n\t\t<meta property=\"article:publisher\" content=\"https:\/\/facebook.com\/eldigitaldeasturias\" \/>\n\t\t<meta name=\"twitter:card\" content=\"summary_large_image\" \/>\n\t\t<meta name=\"twitter:title\" content=\"Adolfo Su\u00e1rez y Pablo Casado se suman a la campa\u00f1a de Albiol - El Digital de Asturias\" \/>\n\t\t<meta name=\"twitter:description\" content=\"El candidato del PP a la Generalitat y presidente del Partido Popular Catal\u00e1n, Xavier Garc\u00eda Albiol, se ha mostrado orgulloso de formar parte de un partido que defiende la Espa\u00f1a constitucional\u201d. \u201cFrente a un Ciudadanos que dice ser federalista, y las propuestas inadmisibles del PSC, nosotros apostamos por un gobierno constitucionalista y democr\u00e1tico que permita\" \/>\n\t\t<meta name=\"twitter:image\" content=\"https:\/\/www.eldigitaldeasturias.com\/noticias\/wp-content\/uploads\/2020\/12\/EDA-1.jpg\" \/>\n\t\t<meta name=\"twitter:label1\" content=\"Escrito por\" \/>\n\t\t<meta name=\"twitter:data1\" content=\"El Digital de Asturias\" \/>\n\t\t<meta name=\"twitter:label2\" content=\"Tiempo de lectura estimado\" \/>\n\t\t<meta name=\"twitter:data2\" content=\"2 minutos\" \/>\n\t\t<script type=\"application\/ld+json\" class=\"aioseo-schema\">\n\t\t\t{\"@context\":\"https:\\\/\\\/schema.org\",\"@graph\":[{\"@type\":\"BlogPosting\",\"@id\":\"https:\\\/\\\/www.eldigitaldeasturias.com\\\/noticias\\\/adolfo-suarez-y-pablo-casado-se-suman-a-la-campana-de-albiol\\\/#blogposting\",\"name\":\"Adolfo Su\\u00e1rez y Pablo Casado se suman a la campa\\u00f1a de Albiol - El Digital de Asturias\",\"headline\":\"Adolfo Su\\u00e1rez y Pablo Casado se suman a la campa\\u00f1a de Albiol\",\"author\":{\"@id\":\"https:\\\/\\\/www.eldigitaldeasturias.com\\\/noticias\\\/author\\\/admin\\\/#author\"},\"publisher\":{\"@id\":\"https:\\\/\\\/www.eldigitaldeasturias.com\\\/noticias\\\/#organization\"},\"image\":{\"@type\":\"ImageObject\",\"url\":963617},\"datePublished\":\"2017-12-16T22:23:50+01:00\",\"dateModified\":\"2017-12-16T22:23:50+01:00\",\"inLanguage\":\"es-ES\",\"mainEntityOfPage\":{\"@id\":\"https:\\\/\\\/www.eldigitaldeasturias.com\\\/noticias\\\/adolfo-suarez-y-pablo-casado-se-suman-a-la-campana-de-albiol\\\/#webpage\"},\"isPartOf\":{\"@id\":\"https:\\\/\\\/www.eldigitaldeasturias.com\\\/noticias\\\/adolfo-suarez-y-pablo-casado-se-suman-a-la-campana-de-albiol\\\/#webpage\"},\"articleSection\":\"Actualidad\"},{\"@type\":\"BreadcrumbList\",\"@id\":\"https:\\\/\\\/www.eldigitaldeasturias.com\\\/noticias\\\/adolfo-suarez-y-pablo-casado-se-suman-a-la-campana-de-albiol\\\/#breadcrumblist\",\"itemListElement\":[{\"@type\":\"ListItem\",\"@id\":\"https:\\\/\\\/www.eldigitaldeasturias.com\\\/noticias#listItem\",\"position\":1,\"name\":\"Home\",\"item\":\"https:\\\/\\\/www.eldigitaldeasturias.com\\\/noticias\",\"nextItem\":{\"@type\":\"ListItem\",\"@id\":\"https:\\\/\\\/www.eldigitaldeasturias.com\\\/noticias\\\/category\\\/actualidad\\\/#listItem\",\"name\":\"Actualidad\"}},{\"@type\":\"ListItem\",\"@id\":\"https:\\\/\\\/www.eldigitaldeasturias.com\\\/noticias\\\/category\\\/actualidad\\\/#listItem\",\"position\":2,\"name\":\"Actualidad\",\"item\":\"https:\\\/\\\/www.eldigitaldeasturias.com\\\/noticias\\\/category\\\/actualidad\\\/\",\"nextItem\":{\"@type\":\"ListItem\",\"@id\":\"https:\\\/\\\/www.eldigitaldeasturias.com\\\/noticias\\\/adolfo-suarez-y-pablo-casado-se-suman-a-la-campana-de-albiol\\\/#listItem\",\"name\":\"Adolfo Su\\u00e1rez y Pablo Casado se suman a la campa\\u00f1a de Albiol\"},\"previousItem\":{\"@type\":\"ListItem\",\"@id\":\"https:\\\/\\\/www.eldigitaldeasturias.com\\\/noticias#listItem\",\"name\":\"Home\"}},{\"@type\":\"ListItem\",\"@id\":\"https:\\\/\\\/www.eldigitaldeasturias.com\\\/noticias\\\/adolfo-suarez-y-pablo-casado-se-suman-a-la-campana-de-albiol\\\/#listItem\",\"position\":3,\"name\":\"Adolfo Su\\u00e1rez y Pablo Casado se suman a la campa\\u00f1a de Albiol\",\"previousItem\":{\"@type\":\"ListItem\",\"@id\":\"https:\\\/\\\/www.eldigitaldeasturias.com\\\/noticias\\\/category\\\/actualidad\\\/#listItem\",\"name\":\"Actualidad\"}}]},{\"@type\":\"Organization\",\"@id\":\"https:\\\/\\\/www.eldigitaldeasturias.com\\\/noticias\\\/#organization\",\"name\":\"El Digital de Asturias\",\"description\":\"Hemeroteca\",\"url\":\"https:\\\/\\\/www.eldigitaldeasturias.com\\\/noticias\\\/\",\"email\":\"info@eldigitaldeasturias.com\",\"telephone\":\"+34652131393\",\"logo\":{\"@type\":\"ImageObject\",\"url\":\"https:\\\/\\\/www.eldigitaldeasturias.com\\\/noticias\\\/wp-content\\\/uploads\\\/2020\\\/12\\\/EDA.jpg\",\"@id\":\"https:\\\/\\\/www.eldigitaldeasturias.com\\\/noticias\\\/adolfo-suarez-y-pablo-casado-se-suman-a-la-campana-de-albiol\\\/#organizationLogo\"},\"image\":{\"@id\":\"https:\\\/\\\/www.eldigitaldeasturias.com\\\/noticias\\\/adolfo-suarez-y-pablo-casado-se-suman-a-la-campana-de-albiol\\\/#organizationLogo\"},\"sameAs\":[\"https:\\\/\\\/facebook.com\\\/eldigitaldeasturias\",\"https:\\\/\\\/www.youtube.com\\\/channel\\\/UCZP-2wLEB9Rv6erhFmqVnvg\"],\"address\":{\"@id\":\"https:\\\/\\\/www.eldigitaldeasturias.com\\\/noticias\\\/#postaladdress\",\"@type\":\"PostalAddress\",\"streetAddress\":\"san antonio 4\",\"postalCode\":\"33430\",\"addressLocality\":\"Cand\\u00e1s\",\"addressRegion\":\"Asturias\",\"addressCountry\":\"ES\"}},{\"@type\":\"Person\",\"@id\":\"https:\\\/\\\/www.eldigitaldeasturias.com\\\/noticias\\\/author\\\/admin\\\/#author\",\"url\":\"https:\\\/\\\/www.eldigitaldeasturias.com\\\/noticias\\\/author\\\/admin\\\/\",\"name\":\"El Digital de Asturias\",\"image\":{\"@type\":\"ImageObject\",\"@id\":\"https:\\\/\\\/www.eldigitaldeasturias.com\\\/noticias\\\/adolfo-suarez-y-pablo-casado-se-suman-a-la-campana-de-albiol\\\/#authorImage\",\"url\":\"https:\\\/\\\/secure.gravatar.com\\\/avatar\\\/df2aeffc32bcd13f8d26072ef8a91b623d677766deac7f97ca815868cd41bf5e?s=96&d=mm&r=g\",\"width\":96,\"height\":96,\"caption\":\"El Digital de Asturias\"}},{\"@type\":\"WebPage\",\"@id\":\"https:\\\/\\\/www.eldigitaldeasturias.com\\\/noticias\\\/adolfo-suarez-y-pablo-casado-se-suman-a-la-campana-de-albiol\\\/#webpage\",\"url\":\"https:\\\/\\\/www.eldigitaldeasturias.com\\\/noticias\\\/adolfo-suarez-y-pablo-casado-se-suman-a-la-campana-de-albiol\\\/\",\"name\":\"Adolfo Su\\u00e1rez y Pablo Casado se suman a la campa\\u00f1a de Albiol - El Digital de Asturias\",\"description\":\"El candidato del PP a la Generalitat y presidente del Partido Popular Catal\\u00e1n, Xavier Garc\\u00eda Albiol, se ha mostrado orgulloso de formar parte de un partido que defiende la Espa\\u00f1a constitucional\\u201d. \\u201cFrente a un Ciudadanos que dice ser federalista, y las propuestas inadmisibles del PSC, nosotros apostamos por un gobierno constitucionalista y democr\\u00e1tico que permita\",\"inLanguage\":\"es-ES\",\"isPartOf\":{\"@id\":\"https:\\\/\\\/www.eldigitaldeasturias.com\\\/noticias\\\/#website\"},\"breadcrumb\":{\"@id\":\"https:\\\/\\\/www.eldigitaldeasturias.com\\\/noticias\\\/adolfo-suarez-y-pablo-casado-se-suman-a-la-campana-de-albiol\\\/#breadcrumblist\"},\"author\":{\"@id\":\"https:\\\/\\\/www.eldigitaldeasturias.com\\\/noticias\\\/author\\\/admin\\\/#author\"},\"creator\":{\"@id\":\"https:\\\/\\\/www.eldigitaldeasturias.com\\\/noticias\\\/author\\\/admin\\\/#author\"},\"image\":{\"@type\":\"ImageObject\",\"url\":963617,\"@id\":\"https:\\\/\\\/www.eldigitaldeasturias.com\\\/noticias\\\/adolfo-suarez-y-pablo-casado-se-suman-a-la-campana-de-albiol\\\/#mainImage\"},\"primaryImageOfPage\":{\"@id\":\"https:\\\/\\\/www.eldigitaldeasturias.com\\\/noticias\\\/adolfo-suarez-y-pablo-casado-se-suman-a-la-campana-de-albiol\\\/#mainImage\"},\"datePublished\":\"2017-12-16T22:23:50+01:00\",\"dateModified\":\"2017-12-16T22:23:50+01:00\"},{\"@type\":\"WebSite\",\"@id\":\"https:\\\/\\\/www.eldigitaldeasturias.com\\\/noticias\\\/#website\",\"url\":\"https:\\\/\\\/www.eldigitaldeasturias.com\\\/noticias\\\/\",\"name\":\"El Digital de Asturias - Diario de actualidad y noticias\",\"alternateName\":\"El Digital de Asturias - Diario de actualidad y noticias\",\"description\":\"Hemeroteca\",\"inLanguage\":\"es-ES\",\"publisher\":{\"@id\":\"https:\\\/\\\/www.eldigitaldeasturias.com\\\/noticias\\\/#organization\"}}]}\n\t\t<\/script>\n\t\t<!-- All in One SEO Pro -->\r\n\t\t<title>Adolfo Su\u00e1rez y Pablo Casado se suman a la campa\u00f1a de Albiol - El Digital de Asturias<\/title>\n\n","aioseo_head_json":{"title":"Adolfo Su\u00e1rez y Pablo Casado se suman a la campa\u00f1a de Albiol - El Digital de Asturias","description":"El candidato del PP a la Generalitat y presidente del Partido Popular Catal\u00e1n, Xavier Garc\u00eda Albiol, se ha mostrado orgulloso de formar parte de un partido que defiende la Espa\u00f1a constitucional\u201d. \u201cFrente a un Ciudadanos que dice ser federalista, y las propuestas inadmisibles del PSC, nosotros apostamos por un gobierno constitucionalista y democr\u00e1tico que permita","canonical_url":"https:\/\/www.eldigitaldeasturias.com\/noticias\/adolfo-suarez-y-pablo-casado-se-suman-a-la-campana-de-albiol\/","robots":"max-image-preview:large","keywords":"actualidad","webmasterTools":{"google-site-verification":"UA-38556648-1","msvalidate.01":"7dfe9f3f1b24437ab69f4f2559babe99","miscellaneous":""},"schema":{"@context":"https:\/\/schema.org","@graph":[{"@type":"BlogPosting","@id":"https:\/\/www.eldigitaldeasturias.com\/noticias\/adolfo-suarez-y-pablo-casado-se-suman-a-la-campana-de-albiol\/#blogposting","name":"Adolfo Su\u00e1rez y Pablo Casado se suman a la campa\u00f1a de Albiol - El Digital de Asturias","headline":"Adolfo Su\u00e1rez y Pablo Casado se suman a la campa\u00f1a de Albiol","author":{"@id":"https:\/\/www.eldigitaldeasturias.com\/noticias\/author\/admin\/#author"},"publisher":{"@id":"https:\/\/www.eldigitaldeasturias.com\/noticias\/#organization"},"image":{"@type":"ImageObject","url":963617},"datePublished":"2017-12-16T22:23:50+01:00","dateModified":"2017-12-16T22:23:50+01:00","inLanguage":"es-ES","mainEntityOfPage":{"@id":"https:\/\/www.eldigitaldeasturias.com\/noticias\/adolfo-suarez-y-pablo-casado-se-suman-a-la-campana-de-albiol\/#webpage"},"isPartOf":{"@id":"https:\/\/www.eldigitaldeasturias.com\/noticias\/adolfo-suarez-y-pablo-casado-se-suman-a-la-campana-de-albiol\/#webpage"},"articleSection":"Actualidad"},{"@type":"BreadcrumbList","@id":"https:\/\/www.eldigitaldeasturias.com\/noticias\/adolfo-suarez-y-pablo-casado-se-suman-a-la-campana-de-albiol\/#breadcrumblist","itemListElement":[{"@type":"ListItem","@id":"https:\/\/www.eldigitaldeasturias.com\/noticias#listItem","position":1,"name":"Home","item":"https:\/\/www.eldigitaldeasturias.com\/noticias","nextItem":{"@type":"ListItem","@id":"https:\/\/www.eldigitaldeasturias.com\/noticias\/category\/actualidad\/#listItem","name":"Actualidad"}},{"@type":"ListItem","@id":"https:\/\/www.eldigitaldeasturias.com\/noticias\/category\/actualidad\/#listItem","position":2,"name":"Actualidad","item":"https:\/\/www.eldigitaldeasturias.com\/noticias\/category\/actualidad\/","nextItem":{"@type":"ListItem","@id":"https:\/\/www.eldigitaldeasturias.com\/noticias\/adolfo-suarez-y-pablo-casado-se-suman-a-la-campana-de-albiol\/#listItem","name":"Adolfo Su\u00e1rez y Pablo Casado se suman a la campa\u00f1a de Albiol"},"previousItem":{"@type":"ListItem","@id":"https:\/\/www.eldigitaldeasturias.com\/noticias#listItem","name":"Home"}},{"@type":"ListItem","@id":"https:\/\/www.eldigitaldeasturias.com\/noticias\/adolfo-suarez-y-pablo-casado-se-suman-a-la-campana-de-albiol\/#listItem","position":3,"name":"Adolfo Su\u00e1rez y Pablo Casado se suman a la campa\u00f1a de Albiol","previousItem":{"@type":"ListItem","@id":"https:\/\/www.eldigitaldeasturias.com\/noticias\/category\/actualidad\/#listItem","name":"Actualidad"}}]},{"@type":"Organization","@id":"https:\/\/www.eldigitaldeasturias.com\/noticias\/#organization","name":"El Digital de Asturias","description":"Hemeroteca","url":"https:\/\/www.eldigitaldeasturias.com\/noticias\/","email":"info@eldigitaldeasturias.com","telephone":"+34652131393","logo":{"@type":"ImageObject","url":"https:\/\/www.eldigitaldeasturias.com\/noticias\/wp-content\/uploads\/2020\/12\/EDA.jpg","@id":"https:\/\/www.eldigitaldeasturias.com\/noticias\/adolfo-suarez-y-pablo-casado-se-suman-a-la-campana-de-albiol\/#organizationLogo"},"image":{"@id":"https:\/\/www.eldigitaldeasturias.com\/noticias\/adolfo-suarez-y-pablo-casado-se-suman-a-la-campana-de-albiol\/#organizationLogo"},"sameAs":["https:\/\/facebook.com\/eldigitaldeasturias","https:\/\/www.youtube.com\/channel\/UCZP-2wLEB9Rv6erhFmqVnvg"],"address":{"@id":"https:\/\/www.eldigitaldeasturias.com\/noticias\/#postaladdress","@type":"PostalAddress","streetAddress":"san antonio 4","postalCode":"33430","addressLocality":"Cand\u00e1s","addressRegion":"Asturias","addressCountry":"ES"}},{"@type":"Person","@id":"https:\/\/www.eldigitaldeasturias.com\/noticias\/author\/admin\/#author","url":"https:\/\/www.eldigitaldeasturias.com\/noticias\/author\/admin\/","name":"El Digital de Asturias","image":{"@type":"ImageObject","@id":"https:\/\/www.eldigitaldeasturias.com\/noticias\/adolfo-suarez-y-pablo-casado-se-suman-a-la-campana-de-albiol\/#authorImage","url":"https:\/\/secure.gravatar.com\/avatar\/df2aeffc32bcd13f8d26072ef8a91b623d677766deac7f97ca815868cd41bf5e?s=96&d=mm&r=g","width":96,"height":96,"caption":"El Digital de Asturias"}},{"@type":"WebPage","@id":"https:\/\/www.eldigitaldeasturias.com\/noticias\/adolfo-suarez-y-pablo-casado-se-suman-a-la-campana-de-albiol\/#webpage","url":"https:\/\/www.eldigitaldeasturias.com\/noticias\/adolfo-suarez-y-pablo-casado-se-suman-a-la-campana-de-albiol\/","name":"Adolfo Su\u00e1rez y Pablo Casado se suman a la campa\u00f1a de Albiol - El Digital de Asturias","description":"El candidato del PP a la Generalitat y presidente del Partido Popular Catal\u00e1n, Xavier Garc\u00eda Albiol, se ha mostrado orgulloso de formar parte de un partido que defiende la Espa\u00f1a constitucional\u201d. \u201cFrente a un Ciudadanos que dice ser federalista, y las propuestas inadmisibles del PSC, nosotros apostamos por un gobierno constitucionalista y democr\u00e1tico que permita","inLanguage":"es-ES","isPartOf":{"@id":"https:\/\/www.eldigitaldeasturias.com\/noticias\/#website"},"breadcrumb":{"@id":"https:\/\/www.eldigitaldeasturias.com\/noticias\/adolfo-suarez-y-pablo-casado-se-suman-a-la-campana-de-albiol\/#breadcrumblist"},"author":{"@id":"https:\/\/www.eldigitaldeasturias.com\/noticias\/author\/admin\/#author"},"creator":{"@id":"https:\/\/www.eldigitaldeasturias.com\/noticias\/author\/admin\/#author"},"image":{"@type":"ImageObject","url":963617,"@id":"https:\/\/www.eldigitaldeasturias.com\/noticias\/adolfo-suarez-y-pablo-casado-se-suman-a-la-campana-de-albiol\/#mainImage"},"primaryImageOfPage":{"@id":"https:\/\/www.eldigitaldeasturias.com\/noticias\/adolfo-suarez-y-pablo-casado-se-suman-a-la-campana-de-albiol\/#mainImage"},"datePublished":"2017-12-16T22:23:50+01:00","dateModified":"2017-12-16T22:23:50+01:00"},{"@type":"WebSite","@id":"https:\/\/www.eldigitaldeasturias.com\/noticias\/#website","url":"https:\/\/www.eldigitaldeasturias.com\/noticias\/","name":"El Digital de Asturias - Diario de actualidad y noticias","alternateName":"El Digital de Asturias - Diario de actualidad y noticias","description":"Hemeroteca","inLanguage":"es-ES","publisher":{"@id":"https:\/\/www.eldigitaldeasturias.com\/noticias\/#organization"}}]},"og:locale":"es_ES","og:site_name":"El Digital de Asturias","og:type":"article","og:title":"Adolfo Su\u00e1rez y Pablo Casado se suman a la campa\u00f1a de Albiol - El Digital de Asturias","og:description":"El candidato del PP a la Generalitat y presidente del Partido Popular Catal\u00e1n, Xavier Garc\u00eda Albiol, se ha mostrado orgulloso de formar parte de un partido que defiende la Espa\u00f1a constitucional\u201d. \u201cFrente a un Ciudadanos que dice ser federalista, y las propuestas inadmisibles del PSC, nosotros apostamos por un gobierno constitucionalista y democr\u00e1tico que permita","og:url":"https:\/\/www.eldigitaldeasturias.com\/noticias\/adolfo-suarez-y-pablo-casado-se-suman-a-la-campana-de-albiol\/","article:tag":["actualidad"],"article:published_time":"2017-12-16T22:23:50+00:00","article:modified_time":"2017-12-16T22:23:50+00:00","article:publisher":"https:\/\/facebook.com\/eldigitaldeasturias","twitter:card":"summary_large_image","twitter:title":"Adolfo Su\u00e1rez y Pablo Casado se suman a la campa\u00f1a de Albiol - El Digital de Asturias","twitter:description":"El candidato del PP a la Generalitat y presidente del Partido Popular Catal\u00e1n, Xavier Garc\u00eda Albiol, se ha mostrado orgulloso de formar parte de un partido que defiende la Espa\u00f1a constitucional\u201d. \u201cFrente a un Ciudadanos que dice ser federalista, y las propuestas inadmisibles del PSC, nosotros apostamos por un gobierno constitucionalista y democr\u00e1tico que permita","twitter:image":"https:\/\/www.eldigitaldeasturias.com\/noticias\/wp-content\/uploads\/2020\/12\/EDA-1.jpg","twitter:label1":"Escrito por","twitter:data1":"El Digital de Asturias","twitter:label2":"Tiempo de lectura estimado","twitter:data2":"2 minutos"},"aioseo_meta_data":{"post_id":"963616","title":null,"description":null,"keywords":null,"keyphrases":null,"primary_term":null,"canonical_url":null,"og_title":null,"og_description":null,"og_object_type":"default","og_image_type":"default","og_image_url":null,"og_image_width":null,"og_image_height":null,"og_image_custom_url":null,"og_image_custom_fields":null,"og_video":null,"og_custom_url":null,"og_article_section":null,"og_article_tags":null,"twitter_use_og":false,"twitter_card":"default","twitter_image_type":"default","twitter_image_url":null,"twitter_image_custom_url":null,"twitter_image_custom_fields":null,"twitter_title":null,"twitter_description":null,"schema":{"blockGraphs":[],"customGraphs":[],"default":{"data":{"Article":[],"Course":[],"Dataset":[],"FAQPage":[],"Movie":[],"Person":[],"Product":[],"ProductReview":[],"Car":[],"Recipe":[],"Service":[],"SoftwareApplication":[],"WebPage":[]},"graphName":"","isEnabled":true},"graphs":[],"defaultGraph":"","defaultPostTypeGraph":""},"schema_type":null,"schema_type_options":null,"pillar_content":false,"robots_default":true,"robots_noindex":false,"robots_noarchive":false,"robots_nosnippet":false,"robots_nofollow":false,"robots_noimageindex":false,"robots_noodp":false,"robots_notranslate":false,"robots_max_snippet":null,"robots_max_videopreview":null,"robots_max_imagepreview":"large","priority":null,"frequency":null,"local_seo":null,"seo_analyzer_scan_date":"2025-12-07 16:47:15","breadcrumb_settings":null,"limit_modified_date":false,"open_ai":null,"ai":null,"created":"2020-12-21 12:43:39","updated":"2025-12-07 16:47:15","focus_keyword":null,"additional_keywords":null,"truseo_locale":null},"aioseo_breadcrumb":"<div class=\"aioseo-breadcrumbs\"><span class=\"aioseo-breadcrumb\">\n\t<a href=\"https:\/\/www.eldigitaldeasturias.com\/noticias\" title=\"Home\">Home<\/a>\n<\/span><span class=\"aioseo-breadcrumb-separator\">\u2013<\/span><span class=\"aioseo-breadcrumb\">\n\t<a href=\"https:\/\/www.eldigitaldeasturias.com\/noticias\/category\/actualidad\/\" title=\"Actualidad\">Actualidad<\/a>\n<\/span><span class=\"aioseo-breadcrumb-separator\">\u2013<\/span><span class=\"aioseo-breadcrumb\">\n\t<a href=\"https:\/\/www.eldigitaldeasturias.com\/noticias\/adolfo-suarez-y-pablo-casado-se-suman-a-la-campana-de-albiol\/\" title=\"Adolfo Su\u00e1rez y Pablo Casado se suman a la campa\u00f1a de Albiol\">Adolfo Su\u00e1rez y Pablo Casado se suman a la campa\u00f1a de Albiol<\/a>\n<\/span><\/div>","aioseo_breadcrumb_json":[{"label":"Home","link":"https:\/\/www.eldigitaldeasturias.com\/noticias"},{"label":"Actualidad","link":"https:\/\/www.eldigitaldeasturias.com\/noticias\/category\/actualidad\/"},{"label":"Adolfo Su\u00e1rez y Pablo Casado se suman a la campa\u00f1a de Albiol","link":"https:\/\/www.eldigitaldeasturias.com\/noticias\/adolfo-suarez-y-pablo-casado-se-suman-a-la-campana-de-albiol\/"}],"_links":{"self":[{"href":"https:\/\/www.eldigitaldeasturias.com\/noticias\/wp-json\/wp\/v2\/posts\/963616","targetHints":{"allow":["GET"]}}],"collection":[{"href":"https:\/\/www.eldigitaldeasturias.com\/noticias\/wp-json\/wp\/v2\/posts"}],"about":[{"href":"https:\/\/www.eldigitaldeasturias.com\/noticias\/wp-json\/wp\/v2\/types\/post"}],"author":[{"embeddable":true,"href":"https:\/\/www.eldigitaldeasturias.com\/noticias\/wp-json\/wp\/v2\/users\/1"}],"replies":[{"embeddable":true,"href":"https:\/\/www.eldigitaldeasturias.com\/noticias\/wp-json\/wp\/v2\/comments?post=963616"}],"version-history":[{"count":0,"href":"https:\/\/www.eldigitaldeasturias.com\/noticias\/wp-json\/wp\/v2\/posts\/963616\/revisions"}],"wp:attachment":[{"href":"https:\/\/www.eldigitaldeasturias.com\/noticias\/wp-json\/wp\/v2\/media?parent=963616"}],"wp:term":[{"taxonomy":"category","embeddable":true,"href":"https:\/\/www.eldigitaldeasturias.com\/noticias\/wp-json\/wp\/v2\/categories?post=963616"},{"taxonomy":"post_tag","embeddable":true,"href":"https:\/\/www.eldigitaldeasturias.com\/noticias\/wp-json\/wp\/v2\/tags?post=963616"}],"curies":[{"name":"wp","href":"https:\/\/api.w.org\/{rel}","templated":true}]}}