{"id":963608,"date":"2017-12-16T22:12:01","date_gmt":"2017-12-16T22:12:01","guid":{"rendered":"http:\/\/www.eldigitaldeasturias.com\/noticias\/?p=963608"},"modified":"2017-12-16T22:12:01","modified_gmt":"2017-12-16T22:12:01","slug":"saenz-de-santamaria-el-voto-al-pp-tiene-valor-doble-el-21-d","status":"publish","type":"post","link":"https:\/\/www.eldigitaldeasturias.com\/noticias\/saenz-de-santamaria-el-voto-al-pp-tiene-valor-doble-el-21-d\/","title":{"rendered":"S\u00e1enz de Santamar\u00eda: \u201cEl voto al PP tiene valor doble el 21-D\u201d"},"content":{"rendered":"<p><img loading=\"lazy\" decoding=\"async\" class=\"alignleft size-medium wp-image-963609\" src=\"https:\/\/www.eldigitaldeasturias.com\/noticias\/wp-content\/uploads\/2017\/12\/ch8i1349baja-360x163.jpg\" alt=\"\" width=\"360\" height=\"163\" \/>La vicepresidenta del Gobierno, Soraya S\u00e1enz de Santamar\u00eda, ha reclamado el voto al PP, este s\u00e1bado en Gerona, porque son el PP y Mariano Rajoy quienes \u201cmerecen los votos para seguir liquidando al independentismo\u201d y superar, de esta manera, la fractura social y econ\u00f3mica que han generado sus pol\u00edticas.<\/p>\n<p>En la clausura de una comida-mitin del PP en Gerona, la vicepresidenta del Gobierno ha lanzado una serie de preguntas a los asistentes, que muestran a las claras que las pol\u00edticas adoptadas por el presidente Rajoy, tras aplicar el 155 a petici\u00f3n del Senado, han servido para contribuir al inter\u00e9s general de los catalanes y superar progresivamente la espiral de ruptura secesionista: \u201c\u00bfQui\u00e9n ha conseguido que por primera vez estemos leyendo que los independentistas pueden dejar de sumar en unas elecciones? -se ha preguntado-, pues Mariano Rajoy y el PP \u2013se ha respondido-\u201d.<\/p>\n<p>Y ha continuado pregunt\u00e1ndose -siempre con el mismo denominador com\u00fan en las respuestas (\u201cMariano Rajoy y el PP\u201d, ha ido contestando respectivamente)-, lo siguiente: \u201c\u00bfQui\u00e9n ha hecho que, hoy por hoy, ERC y el PdCAT no tengan l\u00edderes porque est\u00e1n descabezados? \u00bfQui\u00e9n ha conseguido que la Generalitat est\u00e9 al servicio de todos los catalanes y no de los que votan exclusivamente al independentismo? \u00bfQui\u00e9n ha puesto fin a los desmanes incumpliendo la ley y ninguneando a m\u00e1s de la mitad de los catalanes? \u00bfQui\u00e9n ha cerrado las embajadas? \u00bfQui\u00e9n est\u00e1 mandando a la liquidaci\u00f3n al independentismo, y qui\u00e9n se merece los votos para seguir liquidando al independentismo? \u00bfY sab\u00e9is c\u00f3mo se llama ahora el Diplocat?, pues se llama Diplocat en liquidaci\u00f3\u201d.<\/p>\n<p>Para S\u00e1enz de Santamar\u00eda, la aplicaci\u00f3n del 155, como ponen de manifiesto todas las pol\u00edticas puestas en marcha desde su entrada en funcionamiento, \u201chan cambiado las cosas\u201d con un giro de 180 grados, pues \u201cquienes han llevado a la ruina a Catalu\u00f1a han salido ya de la Generalitat y, en segundo lugar, a quienes gobiernan en la Generalitat, que son los empleados p\u00fablicos, se les deja trabajar en lo que tienen que trabajar: en mejorar la educaci\u00f3n o pagar al tercer sector\u201d.<\/p>\n<p>Y ante \u201cla incapacidad\u201d para gobernar Catalu\u00f1a de los dirigentes independentistas, a lo que se suma la constante de \u201cmentiras\u201d del proc\u00e9s, la vicepresidenta del Gobierno ha se\u00f1alado que han sido Rajoy y el PP quienes \u201cles han puesto coto, porque se pensaron que todo el monte era or\u00e9gano\u201d. \u201cPensaban que el Estado de derecho no funcionaba en Espa\u00f1a, pensaban que no iban a tener arrestos para aplicar el Estado de derecho, pensaban que pod\u00edan seguir utilizando en su propio beneficio la Generalitat sin que nadie les pusiera freno, y les hemos puesto freno \u2013ha precisado-, pero ahora hay que seguir asentando todo lo que se ha hecho en estas \u00faltimas semanas: devolver la libertad, parar la salida de empresas y que estas vuelvan, que Catalu\u00f1a vuelva a ser respetada, reconocida y admirada, y que pod\u00e1is celebrar las Navidades hablando de pol\u00edtica sin que haya ni cismas ni divisiones\u201d.<\/p>\n<p>\u201cHa llegado el tiempo de que en Catalu\u00f1a quienes gobiernan se dediquen a los catalanes y no a sus propias mentiras\u201d, ha insistido, porque el programa electoral del independentismo es \u00fanicamente \u201cla agenda negra del se\u00f1or Jov\u00e9: mentir a todo el mundo, incumplir con quienes les creyeron y, entretanto, triturar la libertad del conjunto de los catalanes\u201d.<\/p>\n<p>\u201cY como ha llegado ese tiempo\u201d de cambio en Catalu\u00f1a, ha explicado S\u00e1enz de Santamar\u00eda, \u201ces fundamental que ese apoyo al PP sirva para defender el inter\u00e9s general y para que haya \u00e9pica\u201d, porque hay pocos partidos \u201cdotados para la \u00e9pica\u201d, y el PP es uno de ellos.<\/p>\n<p>La pol\u00edtica, ha concluido, \u201cno solo consiste en hablar muy bien, sino en gobernar muy bien\u201d, y en eso el PP presenta el mejor de los avales posibles al electorado catal\u00e1n, ahora que, adem\u00e1s, el voto al PP en estas pr\u00f3ximas elecciones tiene un valor doble: \u201cA veces queremos votar una cosa y acabamos d\u00e1ndole el esca\u00f1o a otro, a la peor opci\u00f3n, y el voto al PP en estos comicios sirve para que gane el PP y para que pierda la CUP\u201d.<\/p>\n","protected":false},"excerpt":{"rendered":"<p>La vicepresidenta del Gobierno, Soraya S\u00e1enz de Santamar\u00eda, ha reclamado el voto al PP, este s\u00e1bado en Gerona, porque son el PP y Mariano Rajoy quienes \u201cmerecen los votos para seguir liquidando al independentismo\u201d y superar, de esta manera, la fractura social y econ\u00f3mica que han generado sus pol\u00edticas. En la clausura de una comida-mitin [&hellip;]<\/p>\n","protected":false},"author":1,"featured_media":963609,"comment_status":"closed","ping_status":"closed","sticky":false,"template":"","format":"standard","meta":{"footnotes":""},"categories":[1],"tags":[],"class_list":["post-963608","post","type-post","status-publish","format-standard","has-post-thumbnail","hentry","category-actualidad"],"aioseo_notices":[],"aioseo_head":"\n\t\t<!-- All in One SEO Pro 5.0.1 - aioseo.com -->\n\t<meta name=\"description\" content=\"La vicepresidenta del Gobierno, Soraya S\u00e1enz de Santamar\u00eda, ha reclamado el voto al PP, este s\u00e1bado en Gerona, porque son el PP y Mariano Rajoy quienes \u201cmerecen los votos para seguir liquidando al independentismo\u201d y superar, de esta manera, la fractura social y econ\u00f3mica que han generado sus pol\u00edticas. En la clausura de una comida-mitin\" \/>\n\t<meta name=\"robots\" content=\"max-image-preview:large\" \/>\n\t<meta name=\"author\" content=\"El Digital de Asturias\"\/>\n\t<meta name=\"google-site-verification\" content=\"UA-38556648-1\" \/>\n\t<meta name=\"msvalidate.01\" content=\"7dfe9f3f1b24437ab69f4f2559babe99\" \/>\n\t<meta name=\"keywords\" content=\"actualidad\" \/>\n\t<link rel=\"canonical\" href=\"https:\/\/www.eldigitaldeasturias.com\/noticias\/saenz-de-santamaria-el-voto-al-pp-tiene-valor-doble-el-21-d\/\" \/>\n\t<meta name=\"generator\" content=\"All in One SEO Pro (AIOSEO) 5.0.1\" \/>\n\t\t<meta property=\"og:locale\" content=\"es_ES\" \/>\n\t\t<meta property=\"og:site_name\" content=\"El Digital de Asturias\" \/>\n\t\t<meta property=\"og:type\" content=\"article\" \/>\n\t\t<meta property=\"og:title\" content=\"S\u00e1enz de Santamar\u00eda: \u201cEl voto al PP tiene valor doble el 21-D\u201d - El Digital de Asturias\" \/>\n\t\t<meta property=\"og:description\" content=\"La vicepresidenta del Gobierno, Soraya S\u00e1enz de Santamar\u00eda, ha reclamado el voto al PP, este s\u00e1bado en Gerona, porque son el PP y Mariano Rajoy quienes \u201cmerecen los votos para seguir liquidando al independentismo\u201d y superar, de esta manera, la fractura social y econ\u00f3mica que han generado sus pol\u00edticas. En la clausura de una comida-mitin\" \/>\n\t\t<meta property=\"og:url\" content=\"https:\/\/www.eldigitaldeasturias.com\/noticias\/saenz-de-santamaria-el-voto-al-pp-tiene-valor-doble-el-21-d\/\" \/>\n\t\t<meta property=\"article:tag\" content=\"actualidad\" \/>\n\t\t<meta property=\"article:published_time\" content=\"2017-12-16T22:12:01+00:00\" \/>\n\t\t<meta property=\"article:modified_time\" content=\"2017-12-16T22:12:01+00:00\" \/>\n\t\t<meta property=\"article:publisher\" content=\"https:\/\/facebook.com\/eldigitaldeasturias\" \/>\n\t\t<meta name=\"twitter:card\" content=\"summary_large_image\" \/>\n\t\t<meta name=\"twitter:title\" content=\"S\u00e1enz de Santamar\u00eda: \u201cEl voto al PP tiene valor doble el 21-D\u201d - El Digital de Asturias\" \/>\n\t\t<meta name=\"twitter:description\" content=\"La vicepresidenta del Gobierno, Soraya S\u00e1enz de Santamar\u00eda, ha reclamado el voto al PP, este s\u00e1bado en Gerona, porque son el PP y Mariano Rajoy quienes \u201cmerecen los votos para seguir liquidando al independentismo\u201d y superar, de esta manera, la fractura social y econ\u00f3mica que han generado sus pol\u00edticas. En la clausura de una comida-mitin\" \/>\n\t\t<meta name=\"twitter:image\" content=\"https:\/\/www.eldigitaldeasturias.com\/noticias\/wp-content\/uploads\/2020\/12\/EDA-1.jpg\" \/>\n\t\t<meta name=\"twitter:label1\" content=\"Escrito por\" \/>\n\t\t<meta name=\"twitter:data1\" content=\"El Digital de Asturias\" \/>\n\t\t<meta name=\"twitter:label2\" content=\"Tiempo de lectura estimado\" \/>\n\t\t<meta name=\"twitter:data2\" content=\"4 minutos\" \/>\n\t\t<script type=\"application\/ld+json\" class=\"aioseo-schema\">\n\t\t\t{\"@context\":\"https:\\\/\\\/schema.org\",\"@graph\":[{\"@type\":\"BlogPosting\",\"@id\":\"https:\\\/\\\/www.eldigitaldeasturias.com\\\/noticias\\\/saenz-de-santamaria-el-voto-al-pp-tiene-valor-doble-el-21-d\\\/#blogposting\",\"name\":\"S\\u00e1enz de Santamar\\u00eda: \\u201cEl voto al PP tiene valor doble el 21-D\\u201d - El Digital de Asturias\",\"headline\":\"S\\u00e1enz de Santamar\\u00eda: \\u201cEl voto al PP tiene valor doble el 21-D\\u201d\",\"author\":{\"@id\":\"https:\\\/\\\/www.eldigitaldeasturias.com\\\/noticias\\\/author\\\/admin\\\/#author\"},\"publisher\":{\"@id\":\"https:\\\/\\\/www.eldigitaldeasturias.com\\\/noticias\\\/#organization\"},\"image\":{\"@type\":\"ImageObject\",\"url\":963609},\"datePublished\":\"2017-12-16T22:12:01+01:00\",\"dateModified\":\"2017-12-16T22:12:01+01:00\",\"inLanguage\":\"es-ES\",\"mainEntityOfPage\":{\"@id\":\"https:\\\/\\\/www.eldigitaldeasturias.com\\\/noticias\\\/saenz-de-santamaria-el-voto-al-pp-tiene-valor-doble-el-21-d\\\/#webpage\"},\"isPartOf\":{\"@id\":\"https:\\\/\\\/www.eldigitaldeasturias.com\\\/noticias\\\/saenz-de-santamaria-el-voto-al-pp-tiene-valor-doble-el-21-d\\\/#webpage\"},\"articleSection\":\"Actualidad\"},{\"@type\":\"BreadcrumbList\",\"@id\":\"https:\\\/\\\/www.eldigitaldeasturias.com\\\/noticias\\\/saenz-de-santamaria-el-voto-al-pp-tiene-valor-doble-el-21-d\\\/#breadcrumblist\",\"itemListElement\":[{\"@type\":\"ListItem\",\"@id\":\"https:\\\/\\\/www.eldigitaldeasturias.com\\\/noticias#listItem\",\"position\":1,\"name\":\"Home\",\"item\":\"https:\\\/\\\/www.eldigitaldeasturias.com\\\/noticias\",\"nextItem\":{\"@type\":\"ListItem\",\"@id\":\"https:\\\/\\\/www.eldigitaldeasturias.com\\\/noticias\\\/category\\\/actualidad\\\/#listItem\",\"name\":\"Actualidad\"}},{\"@type\":\"ListItem\",\"@id\":\"https:\\\/\\\/www.eldigitaldeasturias.com\\\/noticias\\\/category\\\/actualidad\\\/#listItem\",\"position\":2,\"name\":\"Actualidad\",\"item\":\"https:\\\/\\\/www.eldigitaldeasturias.com\\\/noticias\\\/category\\\/actualidad\\\/\",\"nextItem\":{\"@type\":\"ListItem\",\"@id\":\"https:\\\/\\\/www.eldigitaldeasturias.com\\\/noticias\\\/saenz-de-santamaria-el-voto-al-pp-tiene-valor-doble-el-21-d\\\/#listItem\",\"name\":\"S\\u00e1enz de Santamar\\u00eda: \\u201cEl voto al PP tiene valor doble el 21-D\\u201d\"},\"previousItem\":{\"@type\":\"ListItem\",\"@id\":\"https:\\\/\\\/www.eldigitaldeasturias.com\\\/noticias#listItem\",\"name\":\"Home\"}},{\"@type\":\"ListItem\",\"@id\":\"https:\\\/\\\/www.eldigitaldeasturias.com\\\/noticias\\\/saenz-de-santamaria-el-voto-al-pp-tiene-valor-doble-el-21-d\\\/#listItem\",\"position\":3,\"name\":\"S\\u00e1enz de Santamar\\u00eda: \\u201cEl voto al PP tiene valor doble el 21-D\\u201d\",\"previousItem\":{\"@type\":\"ListItem\",\"@id\":\"https:\\\/\\\/www.eldigitaldeasturias.com\\\/noticias\\\/category\\\/actualidad\\\/#listItem\",\"name\":\"Actualidad\"}}]},{\"@type\":\"Organization\",\"@id\":\"https:\\\/\\\/www.eldigitaldeasturias.com\\\/noticias\\\/#organization\",\"name\":\"El Digital de Asturias\",\"description\":\"Hemeroteca\",\"url\":\"https:\\\/\\\/www.eldigitaldeasturias.com\\\/noticias\\\/\",\"email\":\"info@eldigitaldeasturias.com\",\"telephone\":\"+34652131393\",\"logo\":{\"@type\":\"ImageObject\",\"url\":\"https:\\\/\\\/www.eldigitaldeasturias.com\\\/noticias\\\/wp-content\\\/uploads\\\/2020\\\/12\\\/EDA.jpg\",\"@id\":\"https:\\\/\\\/www.eldigitaldeasturias.com\\\/noticias\\\/saenz-de-santamaria-el-voto-al-pp-tiene-valor-doble-el-21-d\\\/#organizationLogo\"},\"image\":{\"@id\":\"https:\\\/\\\/www.eldigitaldeasturias.com\\\/noticias\\\/saenz-de-santamaria-el-voto-al-pp-tiene-valor-doble-el-21-d\\\/#organizationLogo\"},\"sameAs\":[\"https:\\\/\\\/facebook.com\\\/eldigitaldeasturias\",\"https:\\\/\\\/www.youtube.com\\\/channel\\\/UCZP-2wLEB9Rv6erhFmqVnvg\"],\"address\":{\"@id\":\"https:\\\/\\\/www.eldigitaldeasturias.com\\\/noticias\\\/#postaladdress\",\"@type\":\"PostalAddress\",\"streetAddress\":\"san antonio 4\",\"postalCode\":\"33430\",\"addressLocality\":\"Cand\\u00e1s\",\"addressRegion\":\"Asturias\",\"addressCountry\":\"ES\"}},{\"@type\":\"Person\",\"@id\":\"https:\\\/\\\/www.eldigitaldeasturias.com\\\/noticias\\\/author\\\/admin\\\/#author\",\"url\":\"https:\\\/\\\/www.eldigitaldeasturias.com\\\/noticias\\\/author\\\/admin\\\/\",\"name\":\"El Digital de Asturias\",\"image\":{\"@type\":\"ImageObject\",\"@id\":\"https:\\\/\\\/www.eldigitaldeasturias.com\\\/noticias\\\/saenz-de-santamaria-el-voto-al-pp-tiene-valor-doble-el-21-d\\\/#authorImage\",\"url\":\"https:\\\/\\\/secure.gravatar.com\\\/avatar\\\/df2aeffc32bcd13f8d26072ef8a91b623d677766deac7f97ca815868cd41bf5e?s=96&d=mm&r=g\",\"width\":96,\"height\":96,\"caption\":\"El Digital de Asturias\"}},{\"@type\":\"WebPage\",\"@id\":\"https:\\\/\\\/www.eldigitaldeasturias.com\\\/noticias\\\/saenz-de-santamaria-el-voto-al-pp-tiene-valor-doble-el-21-d\\\/#webpage\",\"url\":\"https:\\\/\\\/www.eldigitaldeasturias.com\\\/noticias\\\/saenz-de-santamaria-el-voto-al-pp-tiene-valor-doble-el-21-d\\\/\",\"name\":\"S\\u00e1enz de Santamar\\u00eda: \\u201cEl voto al PP tiene valor doble el 21-D\\u201d - El Digital de Asturias\",\"description\":\"La vicepresidenta del Gobierno, Soraya S\\u00e1enz de Santamar\\u00eda, ha reclamado el voto al PP, este s\\u00e1bado en Gerona, porque son el PP y Mariano Rajoy quienes \\u201cmerecen los votos para seguir liquidando al independentismo\\u201d y superar, de esta manera, la fractura social y econ\\u00f3mica que han generado sus pol\\u00edticas. En la clausura de una comida-mitin\",\"inLanguage\":\"es-ES\",\"isPartOf\":{\"@id\":\"https:\\\/\\\/www.eldigitaldeasturias.com\\\/noticias\\\/#website\"},\"breadcrumb\":{\"@id\":\"https:\\\/\\\/www.eldigitaldeasturias.com\\\/noticias\\\/saenz-de-santamaria-el-voto-al-pp-tiene-valor-doble-el-21-d\\\/#breadcrumblist\"},\"author\":{\"@id\":\"https:\\\/\\\/www.eldigitaldeasturias.com\\\/noticias\\\/author\\\/admin\\\/#author\"},\"creator\":{\"@id\":\"https:\\\/\\\/www.eldigitaldeasturias.com\\\/noticias\\\/author\\\/admin\\\/#author\"},\"image\":{\"@type\":\"ImageObject\",\"url\":963609,\"@id\":\"https:\\\/\\\/www.eldigitaldeasturias.com\\\/noticias\\\/saenz-de-santamaria-el-voto-al-pp-tiene-valor-doble-el-21-d\\\/#mainImage\"},\"primaryImageOfPage\":{\"@id\":\"https:\\\/\\\/www.eldigitaldeasturias.com\\\/noticias\\\/saenz-de-santamaria-el-voto-al-pp-tiene-valor-doble-el-21-d\\\/#mainImage\"},\"datePublished\":\"2017-12-16T22:12:01+01:00\",\"dateModified\":\"2017-12-16T22:12:01+01:00\"},{\"@type\":\"WebSite\",\"@id\":\"https:\\\/\\\/www.eldigitaldeasturias.com\\\/noticias\\\/#website\",\"url\":\"https:\\\/\\\/www.eldigitaldeasturias.com\\\/noticias\\\/\",\"name\":\"El Digital de Asturias - Diario de actualidad y noticias\",\"alternateName\":\"El Digital de Asturias - Diario de actualidad y noticias\",\"description\":\"Hemeroteca\",\"inLanguage\":\"es-ES\",\"publisher\":{\"@id\":\"https:\\\/\\\/www.eldigitaldeasturias.com\\\/noticias\\\/#organization\"}}]}\n\t\t<\/script>\n\t\t<!-- All in One SEO Pro -->\r\n\t\t<title>S\u00e1enz de Santamar\u00eda: \u201cEl voto al PP tiene valor doble el 21-D\u201d - El Digital de Asturias<\/title>\n\n","aioseo_head_json":{"title":"S\u00e1enz de Santamar\u00eda: \u201cEl voto al PP tiene valor doble el 21-D\u201d - El Digital de Asturias","description":"La vicepresidenta del Gobierno, Soraya S\u00e1enz de Santamar\u00eda, ha reclamado el voto al PP, este s\u00e1bado en Gerona, porque son el PP y Mariano Rajoy quienes \u201cmerecen los votos para seguir liquidando al independentismo\u201d y superar, de esta manera, la fractura social y econ\u00f3mica que han generado sus pol\u00edticas. En la clausura de una comida-mitin","canonical_url":"https:\/\/www.eldigitaldeasturias.com\/noticias\/saenz-de-santamaria-el-voto-al-pp-tiene-valor-doble-el-21-d\/","robots":"max-image-preview:large","keywords":"actualidad","webmasterTools":{"google-site-verification":"UA-38556648-1","msvalidate.01":"7dfe9f3f1b24437ab69f4f2559babe99","miscellaneous":""},"schema":{"@context":"https:\/\/schema.org","@graph":[{"@type":"BlogPosting","@id":"https:\/\/www.eldigitaldeasturias.com\/noticias\/saenz-de-santamaria-el-voto-al-pp-tiene-valor-doble-el-21-d\/#blogposting","name":"S\u00e1enz de Santamar\u00eda: \u201cEl voto al PP tiene valor doble el 21-D\u201d - El Digital de Asturias","headline":"S\u00e1enz de Santamar\u00eda: \u201cEl voto al PP tiene valor doble el 21-D\u201d","author":{"@id":"https:\/\/www.eldigitaldeasturias.com\/noticias\/author\/admin\/#author"},"publisher":{"@id":"https:\/\/www.eldigitaldeasturias.com\/noticias\/#organization"},"image":{"@type":"ImageObject","url":963609},"datePublished":"2017-12-16T22:12:01+01:00","dateModified":"2017-12-16T22:12:01+01:00","inLanguage":"es-ES","mainEntityOfPage":{"@id":"https:\/\/www.eldigitaldeasturias.com\/noticias\/saenz-de-santamaria-el-voto-al-pp-tiene-valor-doble-el-21-d\/#webpage"},"isPartOf":{"@id":"https:\/\/www.eldigitaldeasturias.com\/noticias\/saenz-de-santamaria-el-voto-al-pp-tiene-valor-doble-el-21-d\/#webpage"},"articleSection":"Actualidad"},{"@type":"BreadcrumbList","@id":"https:\/\/www.eldigitaldeasturias.com\/noticias\/saenz-de-santamaria-el-voto-al-pp-tiene-valor-doble-el-21-d\/#breadcrumblist","itemListElement":[{"@type":"ListItem","@id":"https:\/\/www.eldigitaldeasturias.com\/noticias#listItem","position":1,"name":"Home","item":"https:\/\/www.eldigitaldeasturias.com\/noticias","nextItem":{"@type":"ListItem","@id":"https:\/\/www.eldigitaldeasturias.com\/noticias\/category\/actualidad\/#listItem","name":"Actualidad"}},{"@type":"ListItem","@id":"https:\/\/www.eldigitaldeasturias.com\/noticias\/category\/actualidad\/#listItem","position":2,"name":"Actualidad","item":"https:\/\/www.eldigitaldeasturias.com\/noticias\/category\/actualidad\/","nextItem":{"@type":"ListItem","@id":"https:\/\/www.eldigitaldeasturias.com\/noticias\/saenz-de-santamaria-el-voto-al-pp-tiene-valor-doble-el-21-d\/#listItem","name":"S\u00e1enz de Santamar\u00eda: \u201cEl voto al PP tiene valor doble el 21-D\u201d"},"previousItem":{"@type":"ListItem","@id":"https:\/\/www.eldigitaldeasturias.com\/noticias#listItem","name":"Home"}},{"@type":"ListItem","@id":"https:\/\/www.eldigitaldeasturias.com\/noticias\/saenz-de-santamaria-el-voto-al-pp-tiene-valor-doble-el-21-d\/#listItem","position":3,"name":"S\u00e1enz de Santamar\u00eda: \u201cEl voto al PP tiene valor doble el 21-D\u201d","previousItem":{"@type":"ListItem","@id":"https:\/\/www.eldigitaldeasturias.com\/noticias\/category\/actualidad\/#listItem","name":"Actualidad"}}]},{"@type":"Organization","@id":"https:\/\/www.eldigitaldeasturias.com\/noticias\/#organization","name":"El Digital de Asturias","description":"Hemeroteca","url":"https:\/\/www.eldigitaldeasturias.com\/noticias\/","email":"info@eldigitaldeasturias.com","telephone":"+34652131393","logo":{"@type":"ImageObject","url":"https:\/\/www.eldigitaldeasturias.com\/noticias\/wp-content\/uploads\/2020\/12\/EDA.jpg","@id":"https:\/\/www.eldigitaldeasturias.com\/noticias\/saenz-de-santamaria-el-voto-al-pp-tiene-valor-doble-el-21-d\/#organizationLogo"},"image":{"@id":"https:\/\/www.eldigitaldeasturias.com\/noticias\/saenz-de-santamaria-el-voto-al-pp-tiene-valor-doble-el-21-d\/#organizationLogo"},"sameAs":["https:\/\/facebook.com\/eldigitaldeasturias","https:\/\/www.youtube.com\/channel\/UCZP-2wLEB9Rv6erhFmqVnvg"],"address":{"@id":"https:\/\/www.eldigitaldeasturias.com\/noticias\/#postaladdress","@type":"PostalAddress","streetAddress":"san antonio 4","postalCode":"33430","addressLocality":"Cand\u00e1s","addressRegion":"Asturias","addressCountry":"ES"}},{"@type":"Person","@id":"https:\/\/www.eldigitaldeasturias.com\/noticias\/author\/admin\/#author","url":"https:\/\/www.eldigitaldeasturias.com\/noticias\/author\/admin\/","name":"El Digital de Asturias","image":{"@type":"ImageObject","@id":"https:\/\/www.eldigitaldeasturias.com\/noticias\/saenz-de-santamaria-el-voto-al-pp-tiene-valor-doble-el-21-d\/#authorImage","url":"https:\/\/secure.gravatar.com\/avatar\/df2aeffc32bcd13f8d26072ef8a91b623d677766deac7f97ca815868cd41bf5e?s=96&d=mm&r=g","width":96,"height":96,"caption":"El Digital de Asturias"}},{"@type":"WebPage","@id":"https:\/\/www.eldigitaldeasturias.com\/noticias\/saenz-de-santamaria-el-voto-al-pp-tiene-valor-doble-el-21-d\/#webpage","url":"https:\/\/www.eldigitaldeasturias.com\/noticias\/saenz-de-santamaria-el-voto-al-pp-tiene-valor-doble-el-21-d\/","name":"S\u00e1enz de Santamar\u00eda: \u201cEl voto al PP tiene valor doble el 21-D\u201d - El Digital de Asturias","description":"La vicepresidenta del Gobierno, Soraya S\u00e1enz de Santamar\u00eda, ha reclamado el voto al PP, este s\u00e1bado en Gerona, porque son el PP y Mariano Rajoy quienes \u201cmerecen los votos para seguir liquidando al independentismo\u201d y superar, de esta manera, la fractura social y econ\u00f3mica que han generado sus pol\u00edticas. En la clausura de una comida-mitin","inLanguage":"es-ES","isPartOf":{"@id":"https:\/\/www.eldigitaldeasturias.com\/noticias\/#website"},"breadcrumb":{"@id":"https:\/\/www.eldigitaldeasturias.com\/noticias\/saenz-de-santamaria-el-voto-al-pp-tiene-valor-doble-el-21-d\/#breadcrumblist"},"author":{"@id":"https:\/\/www.eldigitaldeasturias.com\/noticias\/author\/admin\/#author"},"creator":{"@id":"https:\/\/www.eldigitaldeasturias.com\/noticias\/author\/admin\/#author"},"image":{"@type":"ImageObject","url":963609,"@id":"https:\/\/www.eldigitaldeasturias.com\/noticias\/saenz-de-santamaria-el-voto-al-pp-tiene-valor-doble-el-21-d\/#mainImage"},"primaryImageOfPage":{"@id":"https:\/\/www.eldigitaldeasturias.com\/noticias\/saenz-de-santamaria-el-voto-al-pp-tiene-valor-doble-el-21-d\/#mainImage"},"datePublished":"2017-12-16T22:12:01+01:00","dateModified":"2017-12-16T22:12:01+01:00"},{"@type":"WebSite","@id":"https:\/\/www.eldigitaldeasturias.com\/noticias\/#website","url":"https:\/\/www.eldigitaldeasturias.com\/noticias\/","name":"El Digital de Asturias - Diario de actualidad y noticias","alternateName":"El Digital de Asturias - Diario de actualidad y noticias","description":"Hemeroteca","inLanguage":"es-ES","publisher":{"@id":"https:\/\/www.eldigitaldeasturias.com\/noticias\/#organization"}}]},"og:locale":"es_ES","og:site_name":"El Digital de Asturias","og:type":"article","og:title":"S\u00e1enz de Santamar\u00eda: \u201cEl voto al PP tiene valor doble el 21-D\u201d - El Digital de Asturias","og:description":"La vicepresidenta del Gobierno, Soraya S\u00e1enz de Santamar\u00eda, ha reclamado el voto al PP, este s\u00e1bado en Gerona, porque son el PP y Mariano Rajoy quienes \u201cmerecen los votos para seguir liquidando al independentismo\u201d y superar, de esta manera, la fractura social y econ\u00f3mica que han generado sus pol\u00edticas. En la clausura de una comida-mitin","og:url":"https:\/\/www.eldigitaldeasturias.com\/noticias\/saenz-de-santamaria-el-voto-al-pp-tiene-valor-doble-el-21-d\/","article:tag":["actualidad"],"article:published_time":"2017-12-16T22:12:01+00:00","article:modified_time":"2017-12-16T22:12:01+00:00","article:publisher":"https:\/\/facebook.com\/eldigitaldeasturias","twitter:card":"summary_large_image","twitter:title":"S\u00e1enz de Santamar\u00eda: \u201cEl voto al PP tiene valor doble el 21-D\u201d - El Digital de Asturias","twitter:description":"La vicepresidenta del Gobierno, Soraya S\u00e1enz de Santamar\u00eda, ha reclamado el voto al PP, este s\u00e1bado en Gerona, porque son el PP y Mariano Rajoy quienes \u201cmerecen los votos para seguir liquidando al independentismo\u201d y superar, de esta manera, la fractura social y econ\u00f3mica que han generado sus pol\u00edticas. En la clausura de una comida-mitin","twitter:image":"https:\/\/www.eldigitaldeasturias.com\/noticias\/wp-content\/uploads\/2020\/12\/EDA-1.jpg","twitter:label1":"Escrito por","twitter:data1":"El Digital de Asturias","twitter:label2":"Tiempo de lectura estimado","twitter:data2":"4 minutos"},"aioseo_meta_data":{"post_id":"963608","title":null,"description":null,"keywords":null,"keyphrases":null,"primary_term":null,"canonical_url":null,"og_title":null,"og_description":null,"og_object_type":"default","og_image_type":"default","og_image_url":null,"og_image_width":null,"og_image_height":null,"og_image_custom_url":null,"og_image_custom_fields":null,"og_video":null,"og_custom_url":null,"og_article_section":null,"og_article_tags":null,"twitter_use_og":false,"twitter_card":"default","twitter_image_type":"default","twitter_image_url":null,"twitter_image_custom_url":null,"twitter_image_custom_fields":null,"twitter_title":null,"twitter_description":null,"schema":{"blockGraphs":[],"customGraphs":[],"default":{"data":{"Article":[],"Course":[],"Dataset":[],"FAQPage":[],"Movie":[],"Person":[],"Product":[],"ProductReview":[],"Car":[],"Recipe":[],"Service":[],"SoftwareApplication":[],"WebPage":[]},"graphName":"","isEnabled":true},"graphs":[],"defaultGraph":"","defaultPostTypeGraph":""},"schema_type":null,"schema_type_options":null,"pillar_content":false,"robots_default":true,"robots_noindex":false,"robots_noarchive":false,"robots_nosnippet":false,"robots_nofollow":false,"robots_noimageindex":false,"robots_noodp":false,"robots_notranslate":false,"robots_max_snippet":null,"robots_max_videopreview":null,"robots_max_imagepreview":"large","priority":null,"frequency":null,"local_seo":null,"seo_analyzer_scan_date":"2025-12-07 16:42:19","breadcrumb_settings":null,"limit_modified_date":false,"open_ai":null,"ai":null,"created":"2020-12-21 12:43:39","updated":"2025-12-07 16:42:19","focus_keyword":null,"additional_keywords":null,"truseo_locale":null},"aioseo_breadcrumb":"<div class=\"aioseo-breadcrumbs\"><span class=\"aioseo-breadcrumb\">\n\t<a href=\"https:\/\/www.eldigitaldeasturias.com\/noticias\" title=\"Home\">Home<\/a>\n<\/span><span class=\"aioseo-breadcrumb-separator\">\u2013<\/span><span class=\"aioseo-breadcrumb\">\n\t<a href=\"https:\/\/www.eldigitaldeasturias.com\/noticias\/category\/actualidad\/\" title=\"Actualidad\">Actualidad<\/a>\n<\/span><span class=\"aioseo-breadcrumb-separator\">\u2013<\/span><span class=\"aioseo-breadcrumb\">\n\t<a href=\"https:\/\/www.eldigitaldeasturias.com\/noticias\/saenz-de-santamaria-el-voto-al-pp-tiene-valor-doble-el-21-d\/\" title=\"S\u00e1enz de Santamar\u00eda: \u201cEl voto al PP tiene valor doble el 21-D\u201d\">S\u00e1enz de Santamar\u00eda: \u201cEl voto al PP tiene valor doble el 21-D\u201d<\/a>\n<\/span><\/div>","aioseo_breadcrumb_json":[{"label":"Home","link":"https:\/\/www.eldigitaldeasturias.com\/noticias"},{"label":"Actualidad","link":"https:\/\/www.eldigitaldeasturias.com\/noticias\/category\/actualidad\/"},{"label":"S\u00e1enz de Santamar\u00eda: \u201cEl voto al PP tiene valor doble el 21-D\u201d","link":"https:\/\/www.eldigitaldeasturias.com\/noticias\/saenz-de-santamaria-el-voto-al-pp-tiene-valor-doble-el-21-d\/"}],"_links":{"self":[{"href":"https:\/\/www.eldigitaldeasturias.com\/noticias\/wp-json\/wp\/v2\/posts\/963608","targetHints":{"allow":["GET"]}}],"collection":[{"href":"https:\/\/www.eldigitaldeasturias.com\/noticias\/wp-json\/wp\/v2\/posts"}],"about":[{"href":"https:\/\/www.eldigitaldeasturias.com\/noticias\/wp-json\/wp\/v2\/types\/post"}],"author":[{"embeddable":true,"href":"https:\/\/www.eldigitaldeasturias.com\/noticias\/wp-json\/wp\/v2\/users\/1"}],"replies":[{"embeddable":true,"href":"https:\/\/www.eldigitaldeasturias.com\/noticias\/wp-json\/wp\/v2\/comments?post=963608"}],"version-history":[{"count":0,"href":"https:\/\/www.eldigitaldeasturias.com\/noticias\/wp-json\/wp\/v2\/posts\/963608\/revisions"}],"wp:attachment":[{"href":"https:\/\/www.eldigitaldeasturias.com\/noticias\/wp-json\/wp\/v2\/media?parent=963608"}],"wp:term":[{"taxonomy":"category","embeddable":true,"href":"https:\/\/www.eldigitaldeasturias.com\/noticias\/wp-json\/wp\/v2\/categories?post=963608"},{"taxonomy":"post_tag","embeddable":true,"href":"https:\/\/www.eldigitaldeasturias.com\/noticias\/wp-json\/wp\/v2\/tags?post=963608"}],"curies":[{"name":"wp","href":"https:\/\/api.w.org\/{rel}","templated":true}]}}