{"id":963482,"date":"2017-12-14T22:23:58","date_gmt":"2017-12-14T22:23:58","guid":{"rendered":"http:\/\/www.eldigitaldeasturias.com\/noticias\/?p=963482"},"modified":"2017-12-14T22:23:58","modified_gmt":"2017-12-14T22:23:58","slug":"zoido-asegura-que-solo-el-imperio-de-la-ley-es-garantia-de-convivencia","status":"publish","type":"post","link":"https:\/\/www.eldigitaldeasturias.com\/noticias\/zoido-asegura-que-solo-el-imperio-de-la-ley-es-garantia-de-convivencia\/","title":{"rendered":"Zoido asegura que solo el imperio de la ley \u00abes garant\u00eda de convivencia\u00bb"},"content":{"rendered":"<p><img loading=\"lazy\" decoding=\"async\" class=\"alignleft size-medium wp-image-963483\" src=\"https:\/\/www.eldigitaldeasturias.com\/noticias\/wp-content\/uploads\/2017\/12\/141217Eurogendfor-360x239.jpg\" alt=\"\" width=\"360\" height=\"239\" \/>El ministro del Interior, Juan Ignacio Zoido, ha asegurado que solo el imperio de la ley \u00abes garant\u00eda de convivencia, de tranquilidad y seguridad\u00bb en el ejercicio de los \u00abderechos y libertades\u00bb de los ciudadanos \u00abpara afrontar las amenazas\u00bb que tiene nuestra sociedad.<\/p>\n<p>El titular de la cartera de Interior se pronunci\u00f3 as\u00ed en Aranjuez (Madrid) durante la reuni\u00f3n que puso fin a la presidencia de Espa\u00f1a en la Fuerza de Gendarmer\u00eda Europea (EUROGENDFOR), una estructura policial y de naturaleza militar que durante los diez a\u00f1os de constituci\u00f3n ha realizado importantes misiones internacionales de \u00e1mbito humanitario, gesti\u00f3n de cat\u00e1strofes y de asesoramiento a polic\u00edas locales.<\/p>\n<p>Zoido, que traspas\u00f3 la presidencia espa\u00f1ola a Portugal tras haberla ejercido en el \u00faltimo a\u00f1o, rindi\u00f3 un tributo \u00abpor su entrega y valent\u00eda\u00bb a los guardias civiles Jos\u00e9 Mar\u00eda Galera y Abraham Leoncio Bravo, as\u00ed como al traductor Ataola Taefik y al carabineri Manuel Braj que murieron en Afganist\u00e1n como consecuencia de sendos atentados terroristas ocurridos en 2010 y 2012.<\/p>\n<p><strong>Per\u00edodo de madurez<\/strong><\/p>\n<p>El ministro, acompa\u00f1ado del director general de la Guardia Civil, Jos\u00e9 Manuel Holgado, se\u00f1al\u00f3 que la Eurogendfor inicia ahora un per\u00edodo de madurez tras cumplirse precisamente el d\u00e9cimo aniversario del Tratado de su nacimiento que rubricaron, adem\u00e1s de Espa\u00f1a, Francia, Portugal, Holanda e Italia. En estos 10 a\u00f1os la organizaci\u00f3n ha ampliado su estructura acogiendo tambi\u00e9n como miembros a Ruman\u00eda y Polonia, integrando como socio a Lituania y favoreciendo la presencia de Turqu\u00eda como observador. Pa\u00edses todos ellos que participan a trav\u00e9s de sus respectivos cuerpos policiales de naturaleza militar y que, en el caso de Espa\u00f1a, corresponde a la Guardia Civil.<\/p>\n<p>Precisamente durante la presidencia espa\u00f1ola, seg\u00fan apunt\u00f3 Zoido, se ha establecido la estrategia que guiar\u00e1 a este Cuerpo de Seguridad durante los pr\u00f3ximos a\u00f1os teniendo en cuenta c\u00f3mo se ha ido respondiendo a los retos y expectativas que se formularon en el momento de su creaci\u00f3n. \u00abEsto le ha permitido (a Eurogendfor) mejorar considerablemente su funcionamiento y demostrar su val\u00eda en operaciones militares y misiones civiles bajo el paraguas de diferentes organizaciones internacionales, incrementando as\u00ed su reconocimiento internacional\u00bb, indic\u00f3.<\/p>\n<p>Esa estrategia permitir\u00e1 a la Fuerza de Gendarmer\u00eda Europea, a juicio de Zoido, ser un referente permanente en la gesti\u00f3n internacional de crisis y en la preparaci\u00f3n de la organizaci\u00f3n para el desarrollo de misiones y operaciones en beneficio de la paz y seguridad mundial.<\/p>\n<p><strong>Garantizar el Estado de Derecho<\/strong><\/p>\n<p>De hecho, Eurogendfor est\u00e1 constituida para participar en zonas y \u00e1reas de conflicto fuera de la UE donde contribuye a la protecci\u00f3n de la poblaci\u00f3n, trabaja en la consecuci\u00f3n del Estado de Derecho en esos lugares y en el respeto a los Derechos Humanos. Igualmente tiene como objetivo contribuir a garantizar un espacio de libertad, seguridad y justicia en el \u00e1mbito de la UE mitigando las amenazas y riesgos del terrorismo internacional, el crimen organizado o el tr\u00e1fico de seres humanos. Esta organizaci\u00f3n ha desarrollado su actividad en la denominada Operaci\u00f3n Althea en Bosnia, un despliegue al que luego siguieron otras actuaciones en Hait\u00ed, Mali, Afganist\u00e1n, Rep\u00fablica Centroafricana o Libia.<\/p>\n<p>La Fuerza de Gendarmer\u00eda Europea puede actuar bajo las \u00f3rdenes de una autoridad civil o militar, y est\u00e1n a disposici\u00f3n de la UE, Naciones Unidas (ONU), la Organizaci\u00f3n para la Seguridad y la Cooperaci\u00f3n en Europa (OSCE), la Organizaci\u00f3n del Tratado del Atl\u00e1ntico Norte (OTAN) y otras organizaciones internacionales.<\/p>\n","protected":false},"excerpt":{"rendered":"<p>El ministro del Interior, Juan Ignacio Zoido, ha asegurado que solo el imperio de la ley \u00abes garant\u00eda de convivencia, de tranquilidad y seguridad\u00bb en el ejercicio de los \u00abderechos y libertades\u00bb de los ciudadanos \u00abpara afrontar las amenazas\u00bb que tiene nuestra sociedad. El titular de la cartera de Interior se pronunci\u00f3 as\u00ed en Aranjuez [&hellip;]<\/p>\n","protected":false},"author":1,"featured_media":963483,"comment_status":"closed","ping_status":"closed","sticky":false,"template":"","format":"standard","meta":{"footnotes":""},"categories":[1],"tags":[],"class_list":["post-963482","post","type-post","status-publish","format-standard","has-post-thumbnail","hentry","category-actualidad"],"aioseo_notices":[],"aioseo_head":"\n\t\t<!-- All in One SEO Pro 5.0.1 - aioseo.com -->\n\t<meta name=\"description\" content=\"El ministro del Interior, Juan Ignacio Zoido, ha asegurado que solo el imperio de la ley &quot;es garant\u00eda de convivencia, de tranquilidad y seguridad&quot; en el ejercicio de los &quot;derechos y libertades&quot; de los ciudadanos &quot;para afrontar las amenazas&quot; que tiene nuestra sociedad. El titular de la cartera de Interior se pronunci\u00f3 as\u00ed en Aranjuez\" \/>\n\t<meta name=\"robots\" content=\"max-image-preview:large\" \/>\n\t<meta name=\"author\" content=\"El Digital de Asturias\"\/>\n\t<meta name=\"google-site-verification\" content=\"UA-38556648-1\" \/>\n\t<meta name=\"msvalidate.01\" content=\"7dfe9f3f1b24437ab69f4f2559babe99\" \/>\n\t<meta name=\"keywords\" content=\"actualidad\" \/>\n\t<link rel=\"canonical\" href=\"https:\/\/www.eldigitaldeasturias.com\/noticias\/zoido-asegura-que-solo-el-imperio-de-la-ley-es-garantia-de-convivencia\/\" \/>\n\t<meta name=\"generator\" content=\"All in One SEO Pro (AIOSEO) 5.0.1\" \/>\n\t\t<meta property=\"og:locale\" content=\"es_ES\" \/>\n\t\t<meta property=\"og:site_name\" content=\"El Digital de Asturias\" \/>\n\t\t<meta property=\"og:type\" content=\"article\" \/>\n\t\t<meta property=\"og:title\" content=\"Zoido asegura que solo el imperio de la ley \u00abes garant\u00eda de convivencia\u00bb - El Digital de Asturias\" \/>\n\t\t<meta property=\"og:description\" content=\"El ministro del Interior, Juan Ignacio Zoido, ha asegurado que solo el imperio de la ley &quot;es garant\u00eda de convivencia, de tranquilidad y seguridad&quot; en el ejercicio de los &quot;derechos y libertades&quot; de los ciudadanos &quot;para afrontar las amenazas&quot; que tiene nuestra sociedad. El titular de la cartera de Interior se pronunci\u00f3 as\u00ed en Aranjuez\" \/>\n\t\t<meta property=\"og:url\" content=\"https:\/\/www.eldigitaldeasturias.com\/noticias\/zoido-asegura-que-solo-el-imperio-de-la-ley-es-garantia-de-convivencia\/\" \/>\n\t\t<meta property=\"article:tag\" content=\"actualidad\" \/>\n\t\t<meta property=\"article:published_time\" content=\"2017-12-14T22:23:58+00:00\" \/>\n\t\t<meta property=\"article:modified_time\" content=\"2017-12-14T22:23:58+00:00\" \/>\n\t\t<meta property=\"article:publisher\" content=\"https:\/\/facebook.com\/eldigitaldeasturias\" \/>\n\t\t<meta name=\"twitter:card\" content=\"summary_large_image\" \/>\n\t\t<meta name=\"twitter:title\" content=\"Zoido asegura que solo el imperio de la ley \u00abes garant\u00eda de convivencia\u00bb - El Digital de Asturias\" \/>\n\t\t<meta name=\"twitter:description\" content=\"El ministro del Interior, Juan Ignacio Zoido, ha asegurado que solo el imperio de la ley &quot;es garant\u00eda de convivencia, de tranquilidad y seguridad&quot; en el ejercicio de los &quot;derechos y libertades&quot; de los ciudadanos &quot;para afrontar las amenazas&quot; que tiene nuestra sociedad. El titular de la cartera de Interior se pronunci\u00f3 as\u00ed en Aranjuez\" \/>\n\t\t<meta name=\"twitter:image\" content=\"https:\/\/www.eldigitaldeasturias.com\/noticias\/wp-content\/uploads\/2020\/12\/EDA-1.jpg\" \/>\n\t\t<meta name=\"twitter:label1\" content=\"Escrito por\" \/>\n\t\t<meta name=\"twitter:data1\" content=\"El Digital de Asturias\" \/>\n\t\t<meta name=\"twitter:label2\" content=\"Tiempo de lectura estimado\" \/>\n\t\t<meta name=\"twitter:data2\" content=\"3 minutos\" \/>\n\t\t<script type=\"application\/ld+json\" class=\"aioseo-schema\">\n\t\t\t{\"@context\":\"https:\\\/\\\/schema.org\",\"@graph\":[{\"@type\":\"BlogPosting\",\"@id\":\"https:\\\/\\\/www.eldigitaldeasturias.com\\\/noticias\\\/zoido-asegura-que-solo-el-imperio-de-la-ley-es-garantia-de-convivencia\\\/#blogposting\",\"name\":\"Zoido asegura que solo el imperio de la ley \\u00abes garant\\u00eda de convivencia\\u00bb - El Digital de Asturias\",\"headline\":\"Zoido asegura que solo el imperio de la ley \\u00abes garant\\u00eda de convivencia\\u00bb\",\"author\":{\"@id\":\"https:\\\/\\\/www.eldigitaldeasturias.com\\\/noticias\\\/author\\\/admin\\\/#author\"},\"publisher\":{\"@id\":\"https:\\\/\\\/www.eldigitaldeasturias.com\\\/noticias\\\/#organization\"},\"image\":{\"@type\":\"ImageObject\",\"url\":963483},\"datePublished\":\"2017-12-14T22:23:58+01:00\",\"dateModified\":\"2017-12-14T22:23:58+01:00\",\"inLanguage\":\"es-ES\",\"mainEntityOfPage\":{\"@id\":\"https:\\\/\\\/www.eldigitaldeasturias.com\\\/noticias\\\/zoido-asegura-que-solo-el-imperio-de-la-ley-es-garantia-de-convivencia\\\/#webpage\"},\"isPartOf\":{\"@id\":\"https:\\\/\\\/www.eldigitaldeasturias.com\\\/noticias\\\/zoido-asegura-que-solo-el-imperio-de-la-ley-es-garantia-de-convivencia\\\/#webpage\"},\"articleSection\":\"Actualidad\"},{\"@type\":\"BreadcrumbList\",\"@id\":\"https:\\\/\\\/www.eldigitaldeasturias.com\\\/noticias\\\/zoido-asegura-que-solo-el-imperio-de-la-ley-es-garantia-de-convivencia\\\/#breadcrumblist\",\"itemListElement\":[{\"@type\":\"ListItem\",\"@id\":\"https:\\\/\\\/www.eldigitaldeasturias.com\\\/noticias#listItem\",\"position\":1,\"name\":\"Home\",\"item\":\"https:\\\/\\\/www.eldigitaldeasturias.com\\\/noticias\",\"nextItem\":{\"@type\":\"ListItem\",\"@id\":\"https:\\\/\\\/www.eldigitaldeasturias.com\\\/noticias\\\/category\\\/actualidad\\\/#listItem\",\"name\":\"Actualidad\"}},{\"@type\":\"ListItem\",\"@id\":\"https:\\\/\\\/www.eldigitaldeasturias.com\\\/noticias\\\/category\\\/actualidad\\\/#listItem\",\"position\":2,\"name\":\"Actualidad\",\"item\":\"https:\\\/\\\/www.eldigitaldeasturias.com\\\/noticias\\\/category\\\/actualidad\\\/\",\"nextItem\":{\"@type\":\"ListItem\",\"@id\":\"https:\\\/\\\/www.eldigitaldeasturias.com\\\/noticias\\\/zoido-asegura-que-solo-el-imperio-de-la-ley-es-garantia-de-convivencia\\\/#listItem\",\"name\":\"Zoido asegura que solo el imperio de la ley \\u00abes garant\\u00eda de convivencia\\u00bb\"},\"previousItem\":{\"@type\":\"ListItem\",\"@id\":\"https:\\\/\\\/www.eldigitaldeasturias.com\\\/noticias#listItem\",\"name\":\"Home\"}},{\"@type\":\"ListItem\",\"@id\":\"https:\\\/\\\/www.eldigitaldeasturias.com\\\/noticias\\\/zoido-asegura-que-solo-el-imperio-de-la-ley-es-garantia-de-convivencia\\\/#listItem\",\"position\":3,\"name\":\"Zoido asegura que solo el imperio de la ley \\u00abes garant\\u00eda de convivencia\\u00bb\",\"previousItem\":{\"@type\":\"ListItem\",\"@id\":\"https:\\\/\\\/www.eldigitaldeasturias.com\\\/noticias\\\/category\\\/actualidad\\\/#listItem\",\"name\":\"Actualidad\"}}]},{\"@type\":\"Organization\",\"@id\":\"https:\\\/\\\/www.eldigitaldeasturias.com\\\/noticias\\\/#organization\",\"name\":\"El Digital de Asturias\",\"description\":\"Hemeroteca\",\"url\":\"https:\\\/\\\/www.eldigitaldeasturias.com\\\/noticias\\\/\",\"email\":\"info@eldigitaldeasturias.com\",\"telephone\":\"+34652131393\",\"logo\":{\"@type\":\"ImageObject\",\"url\":\"https:\\\/\\\/www.eldigitaldeasturias.com\\\/noticias\\\/wp-content\\\/uploads\\\/2020\\\/12\\\/EDA.jpg\",\"@id\":\"https:\\\/\\\/www.eldigitaldeasturias.com\\\/noticias\\\/zoido-asegura-que-solo-el-imperio-de-la-ley-es-garantia-de-convivencia\\\/#organizationLogo\"},\"image\":{\"@id\":\"https:\\\/\\\/www.eldigitaldeasturias.com\\\/noticias\\\/zoido-asegura-que-solo-el-imperio-de-la-ley-es-garantia-de-convivencia\\\/#organizationLogo\"},\"sameAs\":[\"https:\\\/\\\/facebook.com\\\/eldigitaldeasturias\",\"https:\\\/\\\/www.youtube.com\\\/channel\\\/UCZP-2wLEB9Rv6erhFmqVnvg\"],\"address\":{\"@id\":\"https:\\\/\\\/www.eldigitaldeasturias.com\\\/noticias\\\/#postaladdress\",\"@type\":\"PostalAddress\",\"streetAddress\":\"san antonio 4\",\"postalCode\":\"33430\",\"addressLocality\":\"Cand\\u00e1s\",\"addressRegion\":\"Asturias\",\"addressCountry\":\"ES\"}},{\"@type\":\"Person\",\"@id\":\"https:\\\/\\\/www.eldigitaldeasturias.com\\\/noticias\\\/author\\\/admin\\\/#author\",\"url\":\"https:\\\/\\\/www.eldigitaldeasturias.com\\\/noticias\\\/author\\\/admin\\\/\",\"name\":\"El Digital de Asturias\",\"image\":{\"@type\":\"ImageObject\",\"@id\":\"https:\\\/\\\/www.eldigitaldeasturias.com\\\/noticias\\\/zoido-asegura-que-solo-el-imperio-de-la-ley-es-garantia-de-convivencia\\\/#authorImage\",\"url\":\"https:\\\/\\\/secure.gravatar.com\\\/avatar\\\/df2aeffc32bcd13f8d26072ef8a91b623d677766deac7f97ca815868cd41bf5e?s=96&d=mm&r=g\",\"width\":96,\"height\":96,\"caption\":\"El Digital de Asturias\"}},{\"@type\":\"WebPage\",\"@id\":\"https:\\\/\\\/www.eldigitaldeasturias.com\\\/noticias\\\/zoido-asegura-que-solo-el-imperio-de-la-ley-es-garantia-de-convivencia\\\/#webpage\",\"url\":\"https:\\\/\\\/www.eldigitaldeasturias.com\\\/noticias\\\/zoido-asegura-que-solo-el-imperio-de-la-ley-es-garantia-de-convivencia\\\/\",\"name\":\"Zoido asegura que solo el imperio de la ley \\u00abes garant\\u00eda de convivencia\\u00bb - El Digital de Asturias\",\"description\":\"El ministro del Interior, Juan Ignacio Zoido, ha asegurado que solo el imperio de la ley \\\"es garant\\u00eda de convivencia, de tranquilidad y seguridad\\\" en el ejercicio de los \\\"derechos y libertades\\\" de los ciudadanos \\\"para afrontar las amenazas\\\" que tiene nuestra sociedad. El titular de la cartera de Interior se pronunci\\u00f3 as\\u00ed en Aranjuez\",\"inLanguage\":\"es-ES\",\"isPartOf\":{\"@id\":\"https:\\\/\\\/www.eldigitaldeasturias.com\\\/noticias\\\/#website\"},\"breadcrumb\":{\"@id\":\"https:\\\/\\\/www.eldigitaldeasturias.com\\\/noticias\\\/zoido-asegura-que-solo-el-imperio-de-la-ley-es-garantia-de-convivencia\\\/#breadcrumblist\"},\"author\":{\"@id\":\"https:\\\/\\\/www.eldigitaldeasturias.com\\\/noticias\\\/author\\\/admin\\\/#author\"},\"creator\":{\"@id\":\"https:\\\/\\\/www.eldigitaldeasturias.com\\\/noticias\\\/author\\\/admin\\\/#author\"},\"image\":{\"@type\":\"ImageObject\",\"url\":963483,\"@id\":\"https:\\\/\\\/www.eldigitaldeasturias.com\\\/noticias\\\/zoido-asegura-que-solo-el-imperio-de-la-ley-es-garantia-de-convivencia\\\/#mainImage\"},\"primaryImageOfPage\":{\"@id\":\"https:\\\/\\\/www.eldigitaldeasturias.com\\\/noticias\\\/zoido-asegura-que-solo-el-imperio-de-la-ley-es-garantia-de-convivencia\\\/#mainImage\"},\"datePublished\":\"2017-12-14T22:23:58+01:00\",\"dateModified\":\"2017-12-14T22:23:58+01:00\"},{\"@type\":\"WebSite\",\"@id\":\"https:\\\/\\\/www.eldigitaldeasturias.com\\\/noticias\\\/#website\",\"url\":\"https:\\\/\\\/www.eldigitaldeasturias.com\\\/noticias\\\/\",\"name\":\"El Digital de Asturias - Diario de actualidad y noticias\",\"alternateName\":\"El Digital de Asturias - Diario de actualidad y noticias\",\"description\":\"Hemeroteca\",\"inLanguage\":\"es-ES\",\"publisher\":{\"@id\":\"https:\\\/\\\/www.eldigitaldeasturias.com\\\/noticias\\\/#organization\"}}]}\n\t\t<\/script>\n\t\t<!-- All in One SEO Pro -->\r\n\t\t<title>Zoido asegura que solo el imperio de la ley \u00abes garant\u00eda de convivencia\u00bb - El Digital de Asturias<\/title>\n\n","aioseo_head_json":{"title":"Zoido asegura que solo el imperio de la ley \u00abes garant\u00eda de convivencia\u00bb - El Digital de Asturias","description":"El ministro del Interior, Juan Ignacio Zoido, ha asegurado que solo el imperio de la ley \"es garant\u00eda de convivencia, de tranquilidad y seguridad\" en el ejercicio de los \"derechos y libertades\" de los ciudadanos \"para afrontar las amenazas\" que tiene nuestra sociedad. El titular de la cartera de Interior se pronunci\u00f3 as\u00ed en Aranjuez","canonical_url":"https:\/\/www.eldigitaldeasturias.com\/noticias\/zoido-asegura-que-solo-el-imperio-de-la-ley-es-garantia-de-convivencia\/","robots":"max-image-preview:large","keywords":"actualidad","webmasterTools":{"google-site-verification":"UA-38556648-1","msvalidate.01":"7dfe9f3f1b24437ab69f4f2559babe99","miscellaneous":""},"schema":{"@context":"https:\/\/schema.org","@graph":[{"@type":"BlogPosting","@id":"https:\/\/www.eldigitaldeasturias.com\/noticias\/zoido-asegura-que-solo-el-imperio-de-la-ley-es-garantia-de-convivencia\/#blogposting","name":"Zoido asegura que solo el imperio de la ley \u00abes garant\u00eda de convivencia\u00bb - El Digital de Asturias","headline":"Zoido asegura que solo el imperio de la ley \u00abes garant\u00eda de convivencia\u00bb","author":{"@id":"https:\/\/www.eldigitaldeasturias.com\/noticias\/author\/admin\/#author"},"publisher":{"@id":"https:\/\/www.eldigitaldeasturias.com\/noticias\/#organization"},"image":{"@type":"ImageObject","url":963483},"datePublished":"2017-12-14T22:23:58+01:00","dateModified":"2017-12-14T22:23:58+01:00","inLanguage":"es-ES","mainEntityOfPage":{"@id":"https:\/\/www.eldigitaldeasturias.com\/noticias\/zoido-asegura-que-solo-el-imperio-de-la-ley-es-garantia-de-convivencia\/#webpage"},"isPartOf":{"@id":"https:\/\/www.eldigitaldeasturias.com\/noticias\/zoido-asegura-que-solo-el-imperio-de-la-ley-es-garantia-de-convivencia\/#webpage"},"articleSection":"Actualidad"},{"@type":"BreadcrumbList","@id":"https:\/\/www.eldigitaldeasturias.com\/noticias\/zoido-asegura-que-solo-el-imperio-de-la-ley-es-garantia-de-convivencia\/#breadcrumblist","itemListElement":[{"@type":"ListItem","@id":"https:\/\/www.eldigitaldeasturias.com\/noticias#listItem","position":1,"name":"Home","item":"https:\/\/www.eldigitaldeasturias.com\/noticias","nextItem":{"@type":"ListItem","@id":"https:\/\/www.eldigitaldeasturias.com\/noticias\/category\/actualidad\/#listItem","name":"Actualidad"}},{"@type":"ListItem","@id":"https:\/\/www.eldigitaldeasturias.com\/noticias\/category\/actualidad\/#listItem","position":2,"name":"Actualidad","item":"https:\/\/www.eldigitaldeasturias.com\/noticias\/category\/actualidad\/","nextItem":{"@type":"ListItem","@id":"https:\/\/www.eldigitaldeasturias.com\/noticias\/zoido-asegura-que-solo-el-imperio-de-la-ley-es-garantia-de-convivencia\/#listItem","name":"Zoido asegura que solo el imperio de la ley \u00abes garant\u00eda de convivencia\u00bb"},"previousItem":{"@type":"ListItem","@id":"https:\/\/www.eldigitaldeasturias.com\/noticias#listItem","name":"Home"}},{"@type":"ListItem","@id":"https:\/\/www.eldigitaldeasturias.com\/noticias\/zoido-asegura-que-solo-el-imperio-de-la-ley-es-garantia-de-convivencia\/#listItem","position":3,"name":"Zoido asegura que solo el imperio de la ley \u00abes garant\u00eda de convivencia\u00bb","previousItem":{"@type":"ListItem","@id":"https:\/\/www.eldigitaldeasturias.com\/noticias\/category\/actualidad\/#listItem","name":"Actualidad"}}]},{"@type":"Organization","@id":"https:\/\/www.eldigitaldeasturias.com\/noticias\/#organization","name":"El Digital de Asturias","description":"Hemeroteca","url":"https:\/\/www.eldigitaldeasturias.com\/noticias\/","email":"info@eldigitaldeasturias.com","telephone":"+34652131393","logo":{"@type":"ImageObject","url":"https:\/\/www.eldigitaldeasturias.com\/noticias\/wp-content\/uploads\/2020\/12\/EDA.jpg","@id":"https:\/\/www.eldigitaldeasturias.com\/noticias\/zoido-asegura-que-solo-el-imperio-de-la-ley-es-garantia-de-convivencia\/#organizationLogo"},"image":{"@id":"https:\/\/www.eldigitaldeasturias.com\/noticias\/zoido-asegura-que-solo-el-imperio-de-la-ley-es-garantia-de-convivencia\/#organizationLogo"},"sameAs":["https:\/\/facebook.com\/eldigitaldeasturias","https:\/\/www.youtube.com\/channel\/UCZP-2wLEB9Rv6erhFmqVnvg"],"address":{"@id":"https:\/\/www.eldigitaldeasturias.com\/noticias\/#postaladdress","@type":"PostalAddress","streetAddress":"san antonio 4","postalCode":"33430","addressLocality":"Cand\u00e1s","addressRegion":"Asturias","addressCountry":"ES"}},{"@type":"Person","@id":"https:\/\/www.eldigitaldeasturias.com\/noticias\/author\/admin\/#author","url":"https:\/\/www.eldigitaldeasturias.com\/noticias\/author\/admin\/","name":"El Digital de Asturias","image":{"@type":"ImageObject","@id":"https:\/\/www.eldigitaldeasturias.com\/noticias\/zoido-asegura-que-solo-el-imperio-de-la-ley-es-garantia-de-convivencia\/#authorImage","url":"https:\/\/secure.gravatar.com\/avatar\/df2aeffc32bcd13f8d26072ef8a91b623d677766deac7f97ca815868cd41bf5e?s=96&d=mm&r=g","width":96,"height":96,"caption":"El Digital de Asturias"}},{"@type":"WebPage","@id":"https:\/\/www.eldigitaldeasturias.com\/noticias\/zoido-asegura-que-solo-el-imperio-de-la-ley-es-garantia-de-convivencia\/#webpage","url":"https:\/\/www.eldigitaldeasturias.com\/noticias\/zoido-asegura-que-solo-el-imperio-de-la-ley-es-garantia-de-convivencia\/","name":"Zoido asegura que solo el imperio de la ley \u00abes garant\u00eda de convivencia\u00bb - El Digital de Asturias","description":"El ministro del Interior, Juan Ignacio Zoido, ha asegurado que solo el imperio de la ley \"es garant\u00eda de convivencia, de tranquilidad y seguridad\" en el ejercicio de los \"derechos y libertades\" de los ciudadanos \"para afrontar las amenazas\" que tiene nuestra sociedad. El titular de la cartera de Interior se pronunci\u00f3 as\u00ed en Aranjuez","inLanguage":"es-ES","isPartOf":{"@id":"https:\/\/www.eldigitaldeasturias.com\/noticias\/#website"},"breadcrumb":{"@id":"https:\/\/www.eldigitaldeasturias.com\/noticias\/zoido-asegura-que-solo-el-imperio-de-la-ley-es-garantia-de-convivencia\/#breadcrumblist"},"author":{"@id":"https:\/\/www.eldigitaldeasturias.com\/noticias\/author\/admin\/#author"},"creator":{"@id":"https:\/\/www.eldigitaldeasturias.com\/noticias\/author\/admin\/#author"},"image":{"@type":"ImageObject","url":963483,"@id":"https:\/\/www.eldigitaldeasturias.com\/noticias\/zoido-asegura-que-solo-el-imperio-de-la-ley-es-garantia-de-convivencia\/#mainImage"},"primaryImageOfPage":{"@id":"https:\/\/www.eldigitaldeasturias.com\/noticias\/zoido-asegura-que-solo-el-imperio-de-la-ley-es-garantia-de-convivencia\/#mainImage"},"datePublished":"2017-12-14T22:23:58+01:00","dateModified":"2017-12-14T22:23:58+01:00"},{"@type":"WebSite","@id":"https:\/\/www.eldigitaldeasturias.com\/noticias\/#website","url":"https:\/\/www.eldigitaldeasturias.com\/noticias\/","name":"El Digital de Asturias - Diario de actualidad y noticias","alternateName":"El Digital de Asturias - Diario de actualidad y noticias","description":"Hemeroteca","inLanguage":"es-ES","publisher":{"@id":"https:\/\/www.eldigitaldeasturias.com\/noticias\/#organization"}}]},"og:locale":"es_ES","og:site_name":"El Digital de Asturias","og:type":"article","og:title":"Zoido asegura que solo el imperio de la ley \u00abes garant\u00eda de convivencia\u00bb - El Digital de Asturias","og:description":"El ministro del Interior, Juan Ignacio Zoido, ha asegurado que solo el imperio de la ley &quot;es garant\u00eda de convivencia, de tranquilidad y seguridad&quot; en el ejercicio de los &quot;derechos y libertades&quot; de los ciudadanos &quot;para afrontar las amenazas&quot; que tiene nuestra sociedad. El titular de la cartera de Interior se pronunci\u00f3 as\u00ed en Aranjuez","og:url":"https:\/\/www.eldigitaldeasturias.com\/noticias\/zoido-asegura-que-solo-el-imperio-de-la-ley-es-garantia-de-convivencia\/","article:tag":["actualidad"],"article:published_time":"2017-12-14T22:23:58+00:00","article:modified_time":"2017-12-14T22:23:58+00:00","article:publisher":"https:\/\/facebook.com\/eldigitaldeasturias","twitter:card":"summary_large_image","twitter:title":"Zoido asegura que solo el imperio de la ley \u00abes garant\u00eda de convivencia\u00bb - El Digital de Asturias","twitter:description":"El ministro del Interior, Juan Ignacio Zoido, ha asegurado que solo el imperio de la ley &quot;es garant\u00eda de convivencia, de tranquilidad y seguridad&quot; en el ejercicio de los &quot;derechos y libertades&quot; de los ciudadanos &quot;para afrontar las amenazas&quot; que tiene nuestra sociedad. El titular de la cartera de Interior se pronunci\u00f3 as\u00ed en Aranjuez","twitter:image":"https:\/\/www.eldigitaldeasturias.com\/noticias\/wp-content\/uploads\/2020\/12\/EDA-1.jpg","twitter:label1":"Escrito por","twitter:data1":"El Digital de Asturias","twitter:label2":"Tiempo de lectura estimado","twitter:data2":"3 minutos"},"aioseo_meta_data":{"post_id":"963482","title":null,"description":null,"keywords":null,"keyphrases":null,"primary_term":null,"canonical_url":null,"og_title":null,"og_description":null,"og_object_type":"default","og_image_type":"default","og_image_url":null,"og_image_width":null,"og_image_height":null,"og_image_custom_url":null,"og_image_custom_fields":null,"og_video":null,"og_custom_url":null,"og_article_section":null,"og_article_tags":null,"twitter_use_og":false,"twitter_card":"default","twitter_image_type":"default","twitter_image_url":null,"twitter_image_custom_url":null,"twitter_image_custom_fields":null,"twitter_title":null,"twitter_description":null,"schema":{"blockGraphs":[],"customGraphs":[],"default":{"data":{"Article":[],"Course":[],"Dataset":[],"FAQPage":[],"Movie":[],"Person":[],"Product":[],"ProductReview":[],"Car":[],"Recipe":[],"Service":[],"SoftwareApplication":[],"WebPage":[]},"graphName":"","isEnabled":true},"graphs":[],"defaultGraph":"","defaultPostTypeGraph":""},"schema_type":null,"schema_type_options":null,"pillar_content":false,"robots_default":true,"robots_noindex":false,"robots_noarchive":false,"robots_nosnippet":false,"robots_nofollow":false,"robots_noimageindex":false,"robots_noodp":false,"robots_notranslate":false,"robots_max_snippet":null,"robots_max_videopreview":null,"robots_max_imagepreview":"large","priority":null,"frequency":null,"local_seo":null,"seo_analyzer_scan_date":"2025-12-07 16:16:07","breadcrumb_settings":null,"limit_modified_date":false,"open_ai":null,"ai":null,"created":"2020-12-21 12:43:39","updated":"2025-12-07 16:16:07","focus_keyword":null,"additional_keywords":null,"truseo_locale":null},"aioseo_breadcrumb":"<div class=\"aioseo-breadcrumbs\"><span class=\"aioseo-breadcrumb\">\n\t<a href=\"https:\/\/www.eldigitaldeasturias.com\/noticias\" title=\"Home\">Home<\/a>\n<\/span><span class=\"aioseo-breadcrumb-separator\">\u2013<\/span><span class=\"aioseo-breadcrumb\">\n\t<a href=\"https:\/\/www.eldigitaldeasturias.com\/noticias\/category\/actualidad\/\" title=\"Actualidad\">Actualidad<\/a>\n<\/span><span class=\"aioseo-breadcrumb-separator\">\u2013<\/span><span class=\"aioseo-breadcrumb\">\n\t<a href=\"https:\/\/www.eldigitaldeasturias.com\/noticias\/zoido-asegura-que-solo-el-imperio-de-la-ley-es-garantia-de-convivencia\/\" title=\"Zoido asegura que solo el imperio de la ley \u00abes garant\u00eda de convivencia\u00bb\">Zoido asegura que solo el imperio de la ley \u00abes garant\u00eda de convivencia\u00bb<\/a>\n<\/span><\/div>","aioseo_breadcrumb_json":[{"label":"Home","link":"https:\/\/www.eldigitaldeasturias.com\/noticias"},{"label":"Actualidad","link":"https:\/\/www.eldigitaldeasturias.com\/noticias\/category\/actualidad\/"},{"label":"Zoido asegura que solo el imperio de la ley \u00abes garant\u00eda de convivencia\u00bb","link":"https:\/\/www.eldigitaldeasturias.com\/noticias\/zoido-asegura-que-solo-el-imperio-de-la-ley-es-garantia-de-convivencia\/"}],"_links":{"self":[{"href":"https:\/\/www.eldigitaldeasturias.com\/noticias\/wp-json\/wp\/v2\/posts\/963482","targetHints":{"allow":["GET"]}}],"collection":[{"href":"https:\/\/www.eldigitaldeasturias.com\/noticias\/wp-json\/wp\/v2\/posts"}],"about":[{"href":"https:\/\/www.eldigitaldeasturias.com\/noticias\/wp-json\/wp\/v2\/types\/post"}],"author":[{"embeddable":true,"href":"https:\/\/www.eldigitaldeasturias.com\/noticias\/wp-json\/wp\/v2\/users\/1"}],"replies":[{"embeddable":true,"href":"https:\/\/www.eldigitaldeasturias.com\/noticias\/wp-json\/wp\/v2\/comments?post=963482"}],"version-history":[{"count":0,"href":"https:\/\/www.eldigitaldeasturias.com\/noticias\/wp-json\/wp\/v2\/posts\/963482\/revisions"}],"wp:attachment":[{"href":"https:\/\/www.eldigitaldeasturias.com\/noticias\/wp-json\/wp\/v2\/media?parent=963482"}],"wp:term":[{"taxonomy":"category","embeddable":true,"href":"https:\/\/www.eldigitaldeasturias.com\/noticias\/wp-json\/wp\/v2\/categories?post=963482"},{"taxonomy":"post_tag","embeddable":true,"href":"https:\/\/www.eldigitaldeasturias.com\/noticias\/wp-json\/wp\/v2\/tags?post=963482"}],"curies":[{"name":"wp","href":"https:\/\/api.w.org\/{rel}","templated":true}]}}