{"id":963479,"date":"2017-12-14T22:20:58","date_gmt":"2017-12-14T22:20:58","guid":{"rendered":"http:\/\/www.eldigitaldeasturias.com\/noticias\/?p=963479"},"modified":"2017-12-14T22:20:58","modified_gmt":"2017-12-14T22:20:58","slug":"el-ministro-de-fomento-presenta-un-plan-para-impulsar-el-transporte-de-mercancias-por-ferrocarril","status":"publish","type":"post","link":"https:\/\/www.eldigitaldeasturias.com\/noticias\/el-ministro-de-fomento-presenta-un-plan-para-impulsar-el-transporte-de-mercancias-por-ferrocarril\/","title":{"rendered":"El ministro de Fomento presenta un plan para impulsar el transporte de mercanc\u00edas por ferrocarril"},"content":{"rendered":"<p><img loading=\"lazy\" decoding=\"async\" class=\"alignleft size-medium wp-image-963480\" src=\"https:\/\/www.eldigitaldeasturias.com\/noticias\/wp-content\/uploads\/2017\/12\/141217-DeLaSerna-360x239.jpg\" alt=\"\" width=\"360\" height=\"239\" srcset=\"https:\/\/www.eldigitaldeasturias.com\/noticias\/wp-content\/uploads\/2017\/12\/141217-DeLaSerna-360x239.jpg 360w, https:\/\/www.eldigitaldeasturias.com\/noticias\/wp-content\/uploads\/2017\/12\/141217-DeLaSerna.jpg 496w\" sizes=\"auto, (max-width: 360px) 100vw, 360px\" \/>El ministro de Fomento, \u00cd\u00f1igo de la Serna, ha presentado en Madrid en un acto con representantes del sector el Plan de Impulso del Transporte de Mercanc\u00edas por Ferrocarril 2017-2023, que recoge una serie de medidas orientadas a impulsar este modo de transporte.<\/p>\n<p>Entre las actuaciones previstas, destaca el apoyo al Plan de Gesti\u00f3n 2017-2019 elaborado por Renfe Mercanc\u00edas (RM) para mejorar su eficiencia, as\u00ed como la b\u00fasqueda de un socio estrat\u00e9gico para el operador p\u00fablico o la adquisici\u00f3n de nuevas locomotoras.<\/p>\n<p>Para impulsar el transporte de mercanc\u00edas por ferrocarril, el Gobierno implantar\u00e1, adem\u00e1s, medidas de apoyo a la operaci\u00f3n ferroviaria en coherencia con la normativa comunitaria y las pr\u00e1cticas que se realizan de forma similar en otros pa\u00edses de la Uni\u00f3n Europea. Tambi\u00e9n apoyar\u00e1 el desarrollo de autopistas ferroviarias, para lo que ya ha iniciado el proceso de implantaci\u00f3n.<\/p>\n<p><strong>Plan de Gesti\u00f3n de Renfe Mercanc\u00edas<\/strong><\/p>\n<p>La necesidad de establecer pol\u00edticas espec\u00edficas sobre el transporte de mercanc\u00edas por ferrocarril pasa, en primer lugar, por mejorar la eficiencia del operador p\u00fablico, a lo que responde el Plan de Gesti\u00f3n 2017-2019 que Renfe Mercanc\u00edas puso en marcha en enero de 2017 para lograr el saneamiento general de la sociedad.<\/p>\n<p>El redise\u00f1o de su actividad comercial, el impulso de los tr\u00e1ficos internacionales, la identificaci\u00f3n y gesti\u00f3n de los excedentes de material o la adecuaci\u00f3n de la plantilla a las necesidades reales del negocio son las actuaciones sobre las que se asienta el plan y que est\u00e1n permitiendo alcanzar los objetivos comprometidos.<\/p>\n<p>As\u00ed, los datos acumulados constatan que en los diez meses del ejercicio 2017 la cuenta de resultados se ha mejorado en un 38,7% y se ha invertido la tendencia del EBITDA, con una variaci\u00f3n del +88,8%, lo que significa, en la pr\u00e1ctica, que se ha alcanzado el equilibrio.<\/p>\n<p>Por lo que respecta a la actividad comercial de Renfe Mercanc\u00edas, la tendencia tambi\u00e9n ha cambiado y en el periodo comprendido entre enero y octubre el volumen de mercanc\u00edas transportadas por el operador p\u00fablico ha sido un 8,06% mayor al del mismo periodo del a\u00f1o anterior.<\/p>\n<p>Otra de las medidas emprendidas por Renfe Mercanc\u00edas es la revisi\u00f3n del parque de vagones y locomotoras a fin de eliminar los excedentes y adecuarlo a las necesidades reales del negocio. Hasta el momento se han valorado 72 locomotoras y 1.600 vagones, que est\u00e1 previsto que se enajenen pr\u00f3ximamente.<\/p>\n<p>Tambi\u00e9n se est\u00e1 adecuando la plantilla a las necesidades reales del negocio mediante un proceso de reasignaci\u00f3n al que hasta ahora se han sumado 296 trabajadores.<\/p>\n<p>La racionalizaci\u00f3n de las inversiones financieras es otra de las medidas que Renfe Mercanc\u00edas tiene previstas para el saneamiento de la sociedad y, en este sentido, ya se ha iniciado el proceso de venta de las participaciones del operador p\u00fablico en las sociedades Transfesa y en Semat, ambas dedicadas al transporte de autom\u00f3viles.<\/p>\n<p>El Plan de Gesti\u00f3n supone, por otra parte, el redise\u00f1o de la capacidad de producci\u00f3n mediante la dotaci\u00f3n de sistemas de gesti\u00f3n que permitan su planificaci\u00f3n y el control de la ejecuci\u00f3n del transporte, lo que ya ha incidido en la puntualidad del servicio, que se ha incrementado en 10 puntos.<\/p>\n<p>Los datos reflejan que, en t\u00e9rminos generales, se est\u00e1n alcanzando los objetivos del Plan de Gesti\u00f3n de Renfe Mercanc\u00edas que, tras una primera fase de saneamiento, debe iniciar un proceso de recapitalizaci\u00f3n con un Plan de Inversi\u00f3n en Material adaptado a los nuevos escenarios de la infraestructura ferroviaria.<\/p>\n<p><strong>Adquisici\u00f3n de nuevas locomotoras para la divisi\u00f3n de Mercanc\u00edas<\/strong><\/p>\n<p>En la actualidad, el parque de locomotoras y tractores de Renfe Mercanc\u00edas est\u00e1 compuesto por 329 unidades de las que, seg\u00fan lo previsto en el Plan de Gesti\u00f3n, se van a enajenar 72 locomotoras.<\/p>\n<p>Las caracter\u00edsticas de este parque resultan insuficientes para abordar el desarrollo de la operaci\u00f3n en los nuevos escenarios que se van a desarrollar, por lo que se dise\u00f1ar\u00e1 un plan de ampliaci\u00f3n, ya que el material de tracci\u00f3n es determinante para la competitividad de la oferta ferroviaria.<\/p>\n<p>Para la extensi\u00f3n del parque de locomotoras, Renfe tendr\u00e1 en cuenta condicionantes como la extensi\u00f3n del ancho de v\u00eda UIC, que deber\u00e1 hacerse compatible para la explotaci\u00f3n en el ancho ib\u00e9rico; la expansi\u00f3n de la electrificaci\u00f3n de la red en coherencia con el objetivo de descarbonizaci\u00f3n del sistema de transporte y con tensiones de 3.000 y 25.000 voltios, as\u00ed como con la necesidad de hacer frente a la orograf\u00eda espa\u00f1ola.<\/p>\n<p>Tambi\u00e9n ser\u00e1 requisito imprescindible la necesidad de combinar la capacidad de arrastre con prestaciones de adherencia, velocidad, aceleraci\u00f3n y otras que respondan a las exigencias comerciales de los clientes. Los diferentes sistemas de se\u00f1alizaci\u00f3n que conviven en la red, algunos de ellos con tecnolog\u00edas muy avanzadas o la capacidad de operar en redes internacionales, son asimismo elementos determinantes para Renfe Mercanc\u00edas a la hora de dimensionar su parque de tracci\u00f3n.<\/p>\n<p>As\u00ed, en funci\u00f3n de estos condicionantes, y en especial de las previsiones de los escenarios de la infraestructura, el n\u00famero de nuevas locomotoras que el operador p\u00fablico necesitar\u00eda se sit\u00faa entre 30 y 45, de las que 15 ser\u00edan de tecnolog\u00eda h\u00edbrida.<\/p>\n<p>La adquisici\u00f3n de estos veh\u00edculos, cuya licitaci\u00f3n se iniciar\u00e1 en 2018, puede suponer una inversi\u00f3n superior a los 100 millones de euros.<\/p>\n<p><strong>B\u00fasqueda de un socio estrat\u00e9gico en el negocio de Mercanc\u00edas<\/strong><\/p>\n<p>El fortalecimiento empresarial con nuevos aliados que aporten valor al negocio, es el objetivo que persigue Renfe en su b\u00fasqueda de un socio estrat\u00e9gico para su divisi\u00f3n de Mercanc\u00edas, un proceso que est\u00e1 previsto que se inicie en 2017 y se desarrolle en paralelo al Plan de Gesti\u00f3n 2017-2019.<\/p>\n<p>La b\u00fasqueda de socio se enmarca en un escenario de crecimiento e internacionalizaci\u00f3n del negocio, lo que requiere de una estrategia de fortalecimiento empresarial para lo que es necesario explorar diferentes modelos de alianzas y potenciales aliados.<\/p>\n<p>El procedimiento de b\u00fasqueda de socio se iniciar\u00e1 con la licitaci\u00f3n de un pliego de condiciones para la contrataci\u00f3n de un asesor que proporcione apoyo en el proceso de reconfiguraci\u00f3n y valoraci\u00f3n de la sociedad Renfe Mercanc\u00edas y en el dise\u00f1o de soluciones para el aseguramiento de su viabilidad futura.<\/p>\n<p>Tambi\u00e9n facilitar\u00e1 asesoramiento estrat\u00e9gico, financiero y legal y colaborar\u00e1 en la ejecuci\u00f3n de la operaci\u00f3n corporativa relacionada con la identificaci\u00f3n del futuro aliado estrat\u00e9gico con aportaci\u00f3n de valor para la constituci\u00f3n de un grupo log\u00edstico integral.<\/p>\n<p>El procedimiento concluir\u00e1 en 2019 con la creaci\u00f3n de una sociedad mixta participada por Renfe Mercanc\u00edas y el socio estrat\u00e9gico surgido del proceso, que podr\u00e1 participar hasta en un 50% del capital final de la nueva compa\u00f1\u00eda y que podr\u00e1 ser otro operador ferroviario, log\u00edstico o una naviera. La posibilidad de ofrecer una operativa log\u00edstica global a los clientes y favorecer el posicionamiento internacional son los factores determinantes que facilitar\u00e1n la expansi\u00f3n de la sociedad.<\/p>\n<p><strong>Ayudas para incentivar el uso del ferrocarril en el transporte de mercanc\u00edas<\/strong><\/p>\n<p>Por otro lado, entre las medidas a implantar, destaca un plan de ayudas compatible con la legislaci\u00f3n comunitaria destinado a incentivar el uso del ferrocarril en el transporte de mercanc\u00edas que se situar\u00e1 en el entorno de los 25 millones de euros al a\u00f1o durante un periodo de 5 a\u00f1os.<\/p>\n<p>El importe de dichas ayudas ser\u00e1 del 50% de los costes externos evitados por el ferrocarril de mercanc\u00edas, con el l\u00edmite del 30% de los costes totales del sistema.<\/p>\n<p><strong>Transporte de mercanc\u00edas sostenible y seguro<\/strong><\/p>\n<p>El apoyo de Fomento a las medidas que el operador p\u00fablico esta adoptando se completar\u00e1 con otras actuaciones que el Ministerio analiza para aumentar la cuota modal del transporte de mercanc\u00edas por ferrocarril en Espa\u00f1a que, seg\u00fan datos de 2015, es de un 5% mientras que la media de la Uni\u00f3n Europea fue del 17,3%.<\/p>\n<p>El posicionamiento estrat\u00e9gico y las caracter\u00edsticas de nuestro pa\u00eds, que dispone de una excelente plataforma log\u00edstica y portuaria con orientaci\u00f3n internacional, hacen necesario el reequilibrio del reparto modal a fin de equiparar nuestra situaci\u00f3n a la del resto de pa\u00edses de la Uni\u00f3n Europea. En base a esta necesidad de reequilibrio, est\u00e1 establecer un sistema de transporte sostenible que contribuya a la descarbonizaci\u00f3n del propio sistema para alcanzar el objetivo de reducci\u00f3n de emisiones de gases de efecto invernadero marcado por la Uni\u00f3n Europea.<\/p>\n<p>El Libro Blanco del Transporte, que se redact\u00f3 en 2011, ya avanzaba esta necesidad. Entonces se establec\u00eda el objetivo de transferir al modo ferroviario en 2030 el 30% del transporte terrestre de mercanc\u00edas. Para 2050 el objetivo fijado es del 50%.<\/p>\n<p>De acuerdo con la metodolog\u00eda aceptada por la Uni\u00f3n Europea, en Espa\u00f1a el transporte de mercanc\u00edas evita al conjunto de la sociedad costes relacionados con la contaminaci\u00f3n atmosf\u00e9rica, la accidentalidad, la congesti\u00f3n o el ruido valorados en 28,37 euros por cada 1.000 toneladas-kil\u00f3metro transportadas, lo que en 2016 supuso un ahorro total de 428,97 millones de euros.<\/p>\n<p><strong>Desarrollo de las Autopistas Ferroviarias (AF)<\/strong><\/p>\n<p>El Ministerio de Fomento ya ha iniciado el proceso de implantaci\u00f3n de las autopistas ferroviarias en Espa\u00f1a, que se desarrollar\u00e1 en varias fases.<\/p>\n<p>La primera fase del proceso se ha concretado en las manifestaciones de inter\u00e9s expresadas por parte de dise\u00f1adores y fabricantes de material, que se ha concretado en cinco propuestas realizadas por empresas espa\u00f1olas, francesas y alemanas.<\/p>\n<p>La segunda fase se centra en las manifestaciones de inter\u00e9s que puedan expresar los potenciales prestadores de servicios de las futuras autopistas ferroviarias. Esta fase se iniciar\u00e1 con la correspondiente licitaci\u00f3n por parte del Ministerio de Fomento, que decidir\u00e1 sobre la implantaci\u00f3n del servicio una vez que analice y valore las propuestas recibidas.<\/p>\n","protected":false},"excerpt":{"rendered":"<p>El ministro de Fomento, \u00cd\u00f1igo de la Serna, ha presentado en Madrid en un acto con representantes del sector el Plan de Impulso del Transporte de Mercanc\u00edas por Ferrocarril 2017-2023, que recoge una serie de medidas orientadas a impulsar este modo de transporte. Entre las actuaciones previstas, destaca el apoyo al Plan de Gesti\u00f3n 2017-2019 [&hellip;]<\/p>\n","protected":false},"author":1,"featured_media":963480,"comment_status":"closed","ping_status":"closed","sticky":false,"template":"","format":"standard","meta":{"footnotes":""},"categories":[187],"tags":[],"class_list":["post-963479","post","type-post","status-publish","format-standard","has-post-thumbnail","hentry","category-economia"],"aioseo_notices":[],"aioseo_head":"\n\t\t<!-- All in One SEO Pro 4.9.6.2 - aioseo.com -->\n\t<meta name=\"description\" content=\"El ministro de Fomento, \u00cd\u00f1igo de la Serna, ha presentado en Madrid en un acto con representantes del sector el Plan de Impulso del Transporte de Mercanc\u00edas por Ferrocarril 2017-2023, que recoge una serie de medidas orientadas a impulsar este modo de transporte. Entre las actuaciones previstas, destaca el apoyo al Plan de Gesti\u00f3n 2017-2019\" \/>\n\t<meta name=\"robots\" content=\"max-image-preview:large\" \/>\n\t<meta name=\"author\" content=\"El Digital de Asturias\"\/>\n\t<meta name=\"google-site-verification\" content=\"UA-38556648-1\" \/>\n\t<meta name=\"msvalidate.01\" content=\"7dfe9f3f1b24437ab69f4f2559babe99\" \/>\n\t<meta name=\"keywords\" content=\"econom\u00eda\" \/>\n\t<link rel=\"canonical\" href=\"https:\/\/www.eldigitaldeasturias.com\/noticias\/el-ministro-de-fomento-presenta-un-plan-para-impulsar-el-transporte-de-mercancias-por-ferrocarril\/\" \/>\n\t<meta name=\"generator\" content=\"All in One SEO Pro (AIOSEO) 4.9.6.2\" \/>\n\t\t<meta property=\"og:locale\" content=\"es_ES\" \/>\n\t\t<meta property=\"og:site_name\" content=\"El Digital de Asturias\" \/>\n\t\t<meta property=\"og:type\" content=\"article\" \/>\n\t\t<meta property=\"og:title\" content=\"El ministro de Fomento presenta un plan para impulsar el transporte de mercanc\u00edas por ferrocarril - El Digital de Asturias\" \/>\n\t\t<meta property=\"og:description\" content=\"El ministro de Fomento, \u00cd\u00f1igo de la Serna, ha presentado en Madrid en un acto con representantes del sector el Plan de Impulso del Transporte de Mercanc\u00edas por Ferrocarril 2017-2023, que recoge una serie de medidas orientadas a impulsar este modo de transporte. Entre las actuaciones previstas, destaca el apoyo al Plan de Gesti\u00f3n 2017-2019\" \/>\n\t\t<meta property=\"og:url\" content=\"https:\/\/www.eldigitaldeasturias.com\/noticias\/el-ministro-de-fomento-presenta-un-plan-para-impulsar-el-transporte-de-mercancias-por-ferrocarril\/\" \/>\n\t\t<meta property=\"og:image\" content=\"https:\/\/www.eldigitaldeasturias.com\/noticias\/wp-content\/uploads\/2017\/12\/141217-DeLaSerna.jpg\" \/>\n\t\t<meta property=\"og:image:secure_url\" content=\"https:\/\/www.eldigitaldeasturias.com\/noticias\/wp-content\/uploads\/2017\/12\/141217-DeLaSerna.jpg\" \/>\n\t\t<meta property=\"og:image:width\" content=\"496\" \/>\n\t\t<meta property=\"og:image:height\" content=\"329\" \/>\n\t\t<meta property=\"article:tag\" content=\"econom\u00eda\" \/>\n\t\t<meta property=\"article:published_time\" content=\"2017-12-14T22:20:58+00:00\" \/>\n\t\t<meta property=\"article:modified_time\" content=\"2017-12-14T22:20:58+00:00\" \/>\n\t\t<meta property=\"article:publisher\" content=\"https:\/\/facebook.com\/eldigitaldeasturias\" \/>\n\t\t<meta name=\"twitter:card\" content=\"summary_large_image\" \/>\n\t\t<meta name=\"twitter:title\" content=\"El ministro de Fomento presenta un plan para impulsar el transporte de mercanc\u00edas por ferrocarril - El Digital de Asturias\" \/>\n\t\t<meta name=\"twitter:description\" content=\"El ministro de Fomento, \u00cd\u00f1igo de la Serna, ha presentado en Madrid en un acto con representantes del sector el Plan de Impulso del Transporte de Mercanc\u00edas por Ferrocarril 2017-2023, que recoge una serie de medidas orientadas a impulsar este modo de transporte. Entre las actuaciones previstas, destaca el apoyo al Plan de Gesti\u00f3n 2017-2019\" \/>\n\t\t<meta name=\"twitter:image\" content=\"https:\/\/www.eldigitaldeasturias.com\/noticias\/wp-content\/uploads\/2017\/12\/141217-DeLaSerna.jpg\" \/>\n\t\t<meta name=\"twitter:label1\" content=\"Escrito por\" \/>\n\t\t<meta name=\"twitter:data1\" content=\"El Digital de Asturias\" \/>\n\t\t<meta name=\"twitter:label2\" content=\"Tiempo de lectura estimado\" \/>\n\t\t<meta name=\"twitter:data2\" content=\"9 minutos\" \/>\n\t\t<script type=\"application\/ld+json\" class=\"aioseo-schema\">\n\t\t\t{\"@context\":\"https:\\\/\\\/schema.org\",\"@graph\":[{\"@type\":\"BlogPosting\",\"@id\":\"https:\\\/\\\/www.eldigitaldeasturias.com\\\/noticias\\\/el-ministro-de-fomento-presenta-un-plan-para-impulsar-el-transporte-de-mercancias-por-ferrocarril\\\/#blogposting\",\"name\":\"El ministro de Fomento presenta un plan para impulsar el transporte de mercanc\\u00edas por ferrocarril - El Digital de Asturias\",\"headline\":\"El ministro de Fomento presenta un plan para impulsar el transporte de mercanc\\u00edas por ferrocarril\",\"author\":{\"@id\":\"https:\\\/\\\/www.eldigitaldeasturias.com\\\/noticias\\\/author\\\/admin\\\/#author\"},\"publisher\":{\"@id\":\"https:\\\/\\\/www.eldigitaldeasturias.com\\\/noticias\\\/#organization\"},\"image\":{\"@type\":\"ImageObject\",\"url\":\"https:\\\/\\\/www.eldigitaldeasturias.com\\\/noticias\\\/wp-content\\\/uploads\\\/2017\\\/12\\\/141217-DeLaSerna.jpg\",\"width\":496,\"height\":329},\"datePublished\":\"2017-12-14T22:20:58+01:00\",\"dateModified\":\"2017-12-14T22:20:58+01:00\",\"inLanguage\":\"es-ES\",\"mainEntityOfPage\":{\"@id\":\"https:\\\/\\\/www.eldigitaldeasturias.com\\\/noticias\\\/el-ministro-de-fomento-presenta-un-plan-para-impulsar-el-transporte-de-mercancias-por-ferrocarril\\\/#webpage\"},\"isPartOf\":{\"@id\":\"https:\\\/\\\/www.eldigitaldeasturias.com\\\/noticias\\\/el-ministro-de-fomento-presenta-un-plan-para-impulsar-el-transporte-de-mercancias-por-ferrocarril\\\/#webpage\"},\"articleSection\":\"Econom\\u00eda\"},{\"@type\":\"BreadcrumbList\",\"@id\":\"https:\\\/\\\/www.eldigitaldeasturias.com\\\/noticias\\\/el-ministro-de-fomento-presenta-un-plan-para-impulsar-el-transporte-de-mercancias-por-ferrocarril\\\/#breadcrumblist\",\"itemListElement\":[{\"@type\":\"ListItem\",\"@id\":\"https:\\\/\\\/www.eldigitaldeasturias.com\\\/noticias#listItem\",\"position\":1,\"name\":\"Home\",\"item\":\"https:\\\/\\\/www.eldigitaldeasturias.com\\\/noticias\",\"nextItem\":{\"@type\":\"ListItem\",\"@id\":\"https:\\\/\\\/www.eldigitaldeasturias.com\\\/noticias\\\/category\\\/economia\\\/#listItem\",\"name\":\"Econom\\u00eda\"}},{\"@type\":\"ListItem\",\"@id\":\"https:\\\/\\\/www.eldigitaldeasturias.com\\\/noticias\\\/category\\\/economia\\\/#listItem\",\"position\":2,\"name\":\"Econom\\u00eda\",\"item\":\"https:\\\/\\\/www.eldigitaldeasturias.com\\\/noticias\\\/category\\\/economia\\\/\",\"nextItem\":{\"@type\":\"ListItem\",\"@id\":\"https:\\\/\\\/www.eldigitaldeasturias.com\\\/noticias\\\/el-ministro-de-fomento-presenta-un-plan-para-impulsar-el-transporte-de-mercancias-por-ferrocarril\\\/#listItem\",\"name\":\"El ministro de Fomento presenta un plan para impulsar el transporte de mercanc\\u00edas por ferrocarril\"},\"previousItem\":{\"@type\":\"ListItem\",\"@id\":\"https:\\\/\\\/www.eldigitaldeasturias.com\\\/noticias#listItem\",\"name\":\"Home\"}},{\"@type\":\"ListItem\",\"@id\":\"https:\\\/\\\/www.eldigitaldeasturias.com\\\/noticias\\\/el-ministro-de-fomento-presenta-un-plan-para-impulsar-el-transporte-de-mercancias-por-ferrocarril\\\/#listItem\",\"position\":3,\"name\":\"El ministro de Fomento presenta un plan para impulsar el transporte de mercanc\\u00edas por ferrocarril\",\"previousItem\":{\"@type\":\"ListItem\",\"@id\":\"https:\\\/\\\/www.eldigitaldeasturias.com\\\/noticias\\\/category\\\/economia\\\/#listItem\",\"name\":\"Econom\\u00eda\"}}]},{\"@type\":\"Organization\",\"@id\":\"https:\\\/\\\/www.eldigitaldeasturias.com\\\/noticias\\\/#organization\",\"name\":\"El Digital de Asturias\",\"description\":\"Hemeroteca\",\"url\":\"https:\\\/\\\/www.eldigitaldeasturias.com\\\/noticias\\\/\",\"email\":\"info@eldigitaldeasturias.com\",\"telephone\":\"+34652131393\",\"logo\":{\"@type\":\"ImageObject\",\"url\":\"https:\\\/\\\/www.eldigitaldeasturias.com\\\/noticias\\\/wp-content\\\/uploads\\\/2020\\\/12\\\/EDA.jpg\",\"@id\":\"https:\\\/\\\/www.eldigitaldeasturias.com\\\/noticias\\\/el-ministro-de-fomento-presenta-un-plan-para-impulsar-el-transporte-de-mercancias-por-ferrocarril\\\/#organizationLogo\",\"width\":649,\"height\":297},\"image\":{\"@id\":\"https:\\\/\\\/www.eldigitaldeasturias.com\\\/noticias\\\/el-ministro-de-fomento-presenta-un-plan-para-impulsar-el-transporte-de-mercancias-por-ferrocarril\\\/#organizationLogo\"},\"sameAs\":[\"https:\\\/\\\/facebook.com\\\/eldigitaldeasturias\",\"https:\\\/\\\/www.youtube.com\\\/channel\\\/UCZP-2wLEB9Rv6erhFmqVnvg\"],\"address\":{\"@id\":\"https:\\\/\\\/www.eldigitaldeasturias.com\\\/noticias\\\/#postaladdress\",\"@type\":\"PostalAddress\",\"streetAddress\":\"san antonio 4,\",\"postalCode\":\"33430\",\"addressLocality\":\"Cand\\u00e1s\",\"addressRegion\":\"Asturias\",\"addressCountry\":\"ES\"}},{\"@type\":\"Person\",\"@id\":\"https:\\\/\\\/www.eldigitaldeasturias.com\\\/noticias\\\/author\\\/admin\\\/#author\",\"url\":\"https:\\\/\\\/www.eldigitaldeasturias.com\\\/noticias\\\/author\\\/admin\\\/\",\"name\":\"El Digital de Asturias\",\"image\":{\"@type\":\"ImageObject\",\"@id\":\"https:\\\/\\\/www.eldigitaldeasturias.com\\\/noticias\\\/el-ministro-de-fomento-presenta-un-plan-para-impulsar-el-transporte-de-mercancias-por-ferrocarril\\\/#authorImage\",\"url\":\"https:\\\/\\\/www.eldigitaldeasturias.com\\\/noticias\\\/wp-content\\\/litespeed\\\/avatar\\\/18677e78aa0546b92d9dbf31ec7d7668.jpg?ver=1777290358\",\"width\":96,\"height\":96,\"caption\":\"El Digital de Asturias\"}},{\"@type\":\"WebPage\",\"@id\":\"https:\\\/\\\/www.eldigitaldeasturias.com\\\/noticias\\\/el-ministro-de-fomento-presenta-un-plan-para-impulsar-el-transporte-de-mercancias-por-ferrocarril\\\/#webpage\",\"url\":\"https:\\\/\\\/www.eldigitaldeasturias.com\\\/noticias\\\/el-ministro-de-fomento-presenta-un-plan-para-impulsar-el-transporte-de-mercancias-por-ferrocarril\\\/\",\"name\":\"El ministro de Fomento presenta un plan para impulsar el transporte de mercanc\\u00edas por ferrocarril - El Digital de Asturias\",\"description\":\"El ministro de Fomento, \\u00cd\\u00f1igo de la Serna, ha presentado en Madrid en un acto con representantes del sector el Plan de Impulso del Transporte de Mercanc\\u00edas por Ferrocarril 2017-2023, que recoge una serie de medidas orientadas a impulsar este modo de transporte. Entre las actuaciones previstas, destaca el apoyo al Plan de Gesti\\u00f3n 2017-2019\",\"inLanguage\":\"es-ES\",\"isPartOf\":{\"@id\":\"https:\\\/\\\/www.eldigitaldeasturias.com\\\/noticias\\\/#website\"},\"breadcrumb\":{\"@id\":\"https:\\\/\\\/www.eldigitaldeasturias.com\\\/noticias\\\/el-ministro-de-fomento-presenta-un-plan-para-impulsar-el-transporte-de-mercancias-por-ferrocarril\\\/#breadcrumblist\"},\"author\":{\"@id\":\"https:\\\/\\\/www.eldigitaldeasturias.com\\\/noticias\\\/author\\\/admin\\\/#author\"},\"creator\":{\"@id\":\"https:\\\/\\\/www.eldigitaldeasturias.com\\\/noticias\\\/author\\\/admin\\\/#author\"},\"image\":{\"@type\":\"ImageObject\",\"url\":\"https:\\\/\\\/www.eldigitaldeasturias.com\\\/noticias\\\/wp-content\\\/uploads\\\/2017\\\/12\\\/141217-DeLaSerna.jpg\",\"@id\":\"https:\\\/\\\/www.eldigitaldeasturias.com\\\/noticias\\\/el-ministro-de-fomento-presenta-un-plan-para-impulsar-el-transporte-de-mercancias-por-ferrocarril\\\/#mainImage\",\"width\":496,\"height\":329},\"primaryImageOfPage\":{\"@id\":\"https:\\\/\\\/www.eldigitaldeasturias.com\\\/noticias\\\/el-ministro-de-fomento-presenta-un-plan-para-impulsar-el-transporte-de-mercancias-por-ferrocarril\\\/#mainImage\"},\"datePublished\":\"2017-12-14T22:20:58+01:00\",\"dateModified\":\"2017-12-14T22:20:58+01:00\"},{\"@type\":\"WebSite\",\"@id\":\"https:\\\/\\\/www.eldigitaldeasturias.com\\\/noticias\\\/#website\",\"url\":\"https:\\\/\\\/www.eldigitaldeasturias.com\\\/noticias\\\/\",\"name\":\"El Digital de Asturias - Diario de actualidad y noticias\",\"alternateName\":\"El Digital de Asturias - Diario de actualidad y noticias\",\"description\":\"Hemeroteca\",\"inLanguage\":\"es-ES\",\"publisher\":{\"@id\":\"https:\\\/\\\/www.eldigitaldeasturias.com\\\/noticias\\\/#organization\"}}]}\n\t\t<\/script>\n\t\t<!-- All in One SEO Pro -->\r\n\t\t<title>El ministro de Fomento presenta un plan para impulsar el transporte de mercanc\u00edas por ferrocarril - El Digital de Asturias<\/title>\n\n","aioseo_head_json":{"title":"El ministro de Fomento presenta un plan para impulsar el transporte de mercanc\u00edas por ferrocarril - El Digital de Asturias","description":"El ministro de Fomento, \u00cd\u00f1igo de la Serna, ha presentado en Madrid en un acto con representantes del sector el Plan de Impulso del Transporte de Mercanc\u00edas por Ferrocarril 2017-2023, que recoge una serie de medidas orientadas a impulsar este modo de transporte. Entre las actuaciones previstas, destaca el apoyo al Plan de Gesti\u00f3n 2017-2019","canonical_url":"https:\/\/www.eldigitaldeasturias.com\/noticias\/el-ministro-de-fomento-presenta-un-plan-para-impulsar-el-transporte-de-mercancias-por-ferrocarril\/","robots":"max-image-preview:large","keywords":"econom\u00eda","webmasterTools":{"google-site-verification":"UA-38556648-1","msvalidate.01":"7dfe9f3f1b24437ab69f4f2559babe99","miscellaneous":""},"schema":{"@context":"https:\/\/schema.org","@graph":[{"@type":"BlogPosting","@id":"https:\/\/www.eldigitaldeasturias.com\/noticias\/el-ministro-de-fomento-presenta-un-plan-para-impulsar-el-transporte-de-mercancias-por-ferrocarril\/#blogposting","name":"El ministro de Fomento presenta un plan para impulsar el transporte de mercanc\u00edas por ferrocarril - El Digital de Asturias","headline":"El ministro de Fomento presenta un plan para impulsar el transporte de mercanc\u00edas por ferrocarril","author":{"@id":"https:\/\/www.eldigitaldeasturias.com\/noticias\/author\/admin\/#author"},"publisher":{"@id":"https:\/\/www.eldigitaldeasturias.com\/noticias\/#organization"},"image":{"@type":"ImageObject","url":"https:\/\/www.eldigitaldeasturias.com\/noticias\/wp-content\/uploads\/2017\/12\/141217-DeLaSerna.jpg","width":496,"height":329},"datePublished":"2017-12-14T22:20:58+01:00","dateModified":"2017-12-14T22:20:58+01:00","inLanguage":"es-ES","mainEntityOfPage":{"@id":"https:\/\/www.eldigitaldeasturias.com\/noticias\/el-ministro-de-fomento-presenta-un-plan-para-impulsar-el-transporte-de-mercancias-por-ferrocarril\/#webpage"},"isPartOf":{"@id":"https:\/\/www.eldigitaldeasturias.com\/noticias\/el-ministro-de-fomento-presenta-un-plan-para-impulsar-el-transporte-de-mercancias-por-ferrocarril\/#webpage"},"articleSection":"Econom\u00eda"},{"@type":"BreadcrumbList","@id":"https:\/\/www.eldigitaldeasturias.com\/noticias\/el-ministro-de-fomento-presenta-un-plan-para-impulsar-el-transporte-de-mercancias-por-ferrocarril\/#breadcrumblist","itemListElement":[{"@type":"ListItem","@id":"https:\/\/www.eldigitaldeasturias.com\/noticias#listItem","position":1,"name":"Home","item":"https:\/\/www.eldigitaldeasturias.com\/noticias","nextItem":{"@type":"ListItem","@id":"https:\/\/www.eldigitaldeasturias.com\/noticias\/category\/economia\/#listItem","name":"Econom\u00eda"}},{"@type":"ListItem","@id":"https:\/\/www.eldigitaldeasturias.com\/noticias\/category\/economia\/#listItem","position":2,"name":"Econom\u00eda","item":"https:\/\/www.eldigitaldeasturias.com\/noticias\/category\/economia\/","nextItem":{"@type":"ListItem","@id":"https:\/\/www.eldigitaldeasturias.com\/noticias\/el-ministro-de-fomento-presenta-un-plan-para-impulsar-el-transporte-de-mercancias-por-ferrocarril\/#listItem","name":"El ministro de Fomento presenta un plan para impulsar el transporte de mercanc\u00edas por ferrocarril"},"previousItem":{"@type":"ListItem","@id":"https:\/\/www.eldigitaldeasturias.com\/noticias#listItem","name":"Home"}},{"@type":"ListItem","@id":"https:\/\/www.eldigitaldeasturias.com\/noticias\/el-ministro-de-fomento-presenta-un-plan-para-impulsar-el-transporte-de-mercancias-por-ferrocarril\/#listItem","position":3,"name":"El ministro de Fomento presenta un plan para impulsar el transporte de mercanc\u00edas por ferrocarril","previousItem":{"@type":"ListItem","@id":"https:\/\/www.eldigitaldeasturias.com\/noticias\/category\/economia\/#listItem","name":"Econom\u00eda"}}]},{"@type":"Organization","@id":"https:\/\/www.eldigitaldeasturias.com\/noticias\/#organization","name":"El Digital de Asturias","description":"Hemeroteca","url":"https:\/\/www.eldigitaldeasturias.com\/noticias\/","email":"info@eldigitaldeasturias.com","telephone":"+34652131393","logo":{"@type":"ImageObject","url":"https:\/\/www.eldigitaldeasturias.com\/noticias\/wp-content\/uploads\/2020\/12\/EDA.jpg","@id":"https:\/\/www.eldigitaldeasturias.com\/noticias\/el-ministro-de-fomento-presenta-un-plan-para-impulsar-el-transporte-de-mercancias-por-ferrocarril\/#organizationLogo","width":649,"height":297},"image":{"@id":"https:\/\/www.eldigitaldeasturias.com\/noticias\/el-ministro-de-fomento-presenta-un-plan-para-impulsar-el-transporte-de-mercancias-por-ferrocarril\/#organizationLogo"},"sameAs":["https:\/\/facebook.com\/eldigitaldeasturias","https:\/\/www.youtube.com\/channel\/UCZP-2wLEB9Rv6erhFmqVnvg"],"address":{"@id":"https:\/\/www.eldigitaldeasturias.com\/noticias\/#postaladdress","@type":"PostalAddress","streetAddress":"san antonio 4,","postalCode":"33430","addressLocality":"Cand\u00e1s","addressRegion":"Asturias","addressCountry":"ES"}},{"@type":"Person","@id":"https:\/\/www.eldigitaldeasturias.com\/noticias\/author\/admin\/#author","url":"https:\/\/www.eldigitaldeasturias.com\/noticias\/author\/admin\/","name":"El Digital de Asturias","image":{"@type":"ImageObject","@id":"https:\/\/www.eldigitaldeasturias.com\/noticias\/el-ministro-de-fomento-presenta-un-plan-para-impulsar-el-transporte-de-mercancias-por-ferrocarril\/#authorImage","url":"https:\/\/www.eldigitaldeasturias.com\/noticias\/wp-content\/litespeed\/avatar\/18677e78aa0546b92d9dbf31ec7d7668.jpg?ver=1777290358","width":96,"height":96,"caption":"El Digital de Asturias"}},{"@type":"WebPage","@id":"https:\/\/www.eldigitaldeasturias.com\/noticias\/el-ministro-de-fomento-presenta-un-plan-para-impulsar-el-transporte-de-mercancias-por-ferrocarril\/#webpage","url":"https:\/\/www.eldigitaldeasturias.com\/noticias\/el-ministro-de-fomento-presenta-un-plan-para-impulsar-el-transporte-de-mercancias-por-ferrocarril\/","name":"El ministro de Fomento presenta un plan para impulsar el transporte de mercanc\u00edas por ferrocarril - El Digital de Asturias","description":"El ministro de Fomento, \u00cd\u00f1igo de la Serna, ha presentado en Madrid en un acto con representantes del sector el Plan de Impulso del Transporte de Mercanc\u00edas por Ferrocarril 2017-2023, que recoge una serie de medidas orientadas a impulsar este modo de transporte. Entre las actuaciones previstas, destaca el apoyo al Plan de Gesti\u00f3n 2017-2019","inLanguage":"es-ES","isPartOf":{"@id":"https:\/\/www.eldigitaldeasturias.com\/noticias\/#website"},"breadcrumb":{"@id":"https:\/\/www.eldigitaldeasturias.com\/noticias\/el-ministro-de-fomento-presenta-un-plan-para-impulsar-el-transporte-de-mercancias-por-ferrocarril\/#breadcrumblist"},"author":{"@id":"https:\/\/www.eldigitaldeasturias.com\/noticias\/author\/admin\/#author"},"creator":{"@id":"https:\/\/www.eldigitaldeasturias.com\/noticias\/author\/admin\/#author"},"image":{"@type":"ImageObject","url":"https:\/\/www.eldigitaldeasturias.com\/noticias\/wp-content\/uploads\/2017\/12\/141217-DeLaSerna.jpg","@id":"https:\/\/www.eldigitaldeasturias.com\/noticias\/el-ministro-de-fomento-presenta-un-plan-para-impulsar-el-transporte-de-mercancias-por-ferrocarril\/#mainImage","width":496,"height":329},"primaryImageOfPage":{"@id":"https:\/\/www.eldigitaldeasturias.com\/noticias\/el-ministro-de-fomento-presenta-un-plan-para-impulsar-el-transporte-de-mercancias-por-ferrocarril\/#mainImage"},"datePublished":"2017-12-14T22:20:58+01:00","dateModified":"2017-12-14T22:20:58+01:00"},{"@type":"WebSite","@id":"https:\/\/www.eldigitaldeasturias.com\/noticias\/#website","url":"https:\/\/www.eldigitaldeasturias.com\/noticias\/","name":"El Digital de Asturias - Diario de actualidad y noticias","alternateName":"El Digital de Asturias - Diario de actualidad y noticias","description":"Hemeroteca","inLanguage":"es-ES","publisher":{"@id":"https:\/\/www.eldigitaldeasturias.com\/noticias\/#organization"}}]},"og:locale":"es_ES","og:site_name":"El Digital de Asturias","og:type":"article","og:title":"El ministro de Fomento presenta un plan para impulsar el transporte de mercanc\u00edas por ferrocarril - El Digital de Asturias","og:description":"El ministro de Fomento, \u00cd\u00f1igo de la Serna, ha presentado en Madrid en un acto con representantes del sector el Plan de Impulso del Transporte de Mercanc\u00edas por Ferrocarril 2017-2023, que recoge una serie de medidas orientadas a impulsar este modo de transporte. Entre las actuaciones previstas, destaca el apoyo al Plan de Gesti\u00f3n 2017-2019","og:url":"https:\/\/www.eldigitaldeasturias.com\/noticias\/el-ministro-de-fomento-presenta-un-plan-para-impulsar-el-transporte-de-mercancias-por-ferrocarril\/","og:image":"https:\/\/www.eldigitaldeasturias.com\/noticias\/wp-content\/uploads\/2017\/12\/141217-DeLaSerna.jpg","og:image:secure_url":"https:\/\/www.eldigitaldeasturias.com\/noticias\/wp-content\/uploads\/2017\/12\/141217-DeLaSerna.jpg","og:image:width":496,"og:image:height":329,"article:tag":["econom\u00eda"],"article:published_time":"2017-12-14T22:20:58+00:00","article:modified_time":"2017-12-14T22:20:58+00:00","article:publisher":"https:\/\/facebook.com\/eldigitaldeasturias","twitter:card":"summary_large_image","twitter:title":"El ministro de Fomento presenta un plan para impulsar el transporte de mercanc\u00edas por ferrocarril - El Digital de Asturias","twitter:description":"El ministro de Fomento, \u00cd\u00f1igo de la Serna, ha presentado en Madrid en un acto con representantes del sector el Plan de Impulso del Transporte de Mercanc\u00edas por Ferrocarril 2017-2023, que recoge una serie de medidas orientadas a impulsar este modo de transporte. Entre las actuaciones previstas, destaca el apoyo al Plan de Gesti\u00f3n 2017-2019","twitter:image":"https:\/\/www.eldigitaldeasturias.com\/noticias\/wp-content\/uploads\/2017\/12\/141217-DeLaSerna.jpg","twitter:label1":"Escrito por","twitter:data1":"El Digital de Asturias","twitter:label2":"Tiempo de lectura estimado","twitter:data2":"9 minutos"},"aioseo_meta_data":{"post_id":"963479","title":null,"description":null,"keywords":null,"keyphrases":null,"primary_term":null,"canonical_url":null,"og_title":null,"og_description":null,"og_object_type":"default","og_image_type":"default","og_image_url":null,"og_image_width":null,"og_image_height":null,"og_image_custom_url":null,"og_image_custom_fields":null,"og_video":null,"og_custom_url":null,"og_article_section":null,"og_article_tags":null,"twitter_use_og":false,"twitter_card":"default","twitter_image_type":"default","twitter_image_url":null,"twitter_image_custom_url":null,"twitter_image_custom_fields":null,"twitter_title":null,"twitter_description":null,"schema":{"blockGraphs":[],"customGraphs":[],"default":{"data":{"Article":[],"Course":[],"Dataset":[],"FAQPage":[],"Movie":[],"Person":[],"Product":[],"ProductReview":[],"Car":[],"Recipe":[],"Service":[],"SoftwareApplication":[],"WebPage":[]},"graphName":"","isEnabled":true},"graphs":[],"defaultGraph":"","defaultPostTypeGraph":""},"schema_type":null,"schema_type_options":null,"pillar_content":false,"robots_default":true,"robots_noindex":false,"robots_noarchive":false,"robots_nosnippet":false,"robots_nofollow":false,"robots_noimageindex":false,"robots_noodp":false,"robots_notranslate":false,"robots_max_snippet":null,"robots_max_videopreview":null,"robots_max_imagepreview":"large","priority":null,"frequency":null,"local_seo":null,"seo_analyzer_scan_date":"2025-12-07 16:13:08","breadcrumb_settings":null,"limit_modified_date":false,"open_ai":null,"ai":null,"created":"2020-12-21 12:43:39","updated":"2025-12-07 16:13:08"},"aioseo_breadcrumb":"<div class=\"aioseo-breadcrumbs\"><span class=\"aioseo-breadcrumb\">\n\t<a href=\"https:\/\/www.eldigitaldeasturias.com\/noticias\" title=\"Home\">Home<\/a>\n<\/span><span class=\"aioseo-breadcrumb-separator\">\u2013<\/span><span class=\"aioseo-breadcrumb\">\n\t<a href=\"https:\/\/www.eldigitaldeasturias.com\/noticias\/category\/economia\/\" title=\"Econom\u00eda\">Econom\u00eda<\/a>\n<\/span><span class=\"aioseo-breadcrumb-separator\">\u2013<\/span><span class=\"aioseo-breadcrumb\">\n\t<a href=\"https:\/\/www.eldigitaldeasturias.com\/noticias\/el-ministro-de-fomento-presenta-un-plan-para-impulsar-el-transporte-de-mercancias-por-ferrocarril\/\" title=\"El ministro de Fomento presenta un plan para impulsar el transporte de mercanc\u00edas por ferrocarril\">El ministro de Fomento presenta un plan para impulsar el transporte de mercanc\u00edas por ferrocarril<\/a>\n<\/span><\/div>","aioseo_breadcrumb_json":[{"label":"Home","link":"https:\/\/www.eldigitaldeasturias.com\/noticias"},{"label":"Econom\u00eda","link":"https:\/\/www.eldigitaldeasturias.com\/noticias\/category\/economia\/"},{"label":"El ministro de Fomento presenta un plan para impulsar el transporte de mercanc\u00edas por ferrocarril","link":"https:\/\/www.eldigitaldeasturias.com\/noticias\/el-ministro-de-fomento-presenta-un-plan-para-impulsar-el-transporte-de-mercancias-por-ferrocarril\/"}],"_links":{"self":[{"href":"https:\/\/www.eldigitaldeasturias.com\/noticias\/wp-json\/wp\/v2\/posts\/963479","targetHints":{"allow":["GET"]}}],"collection":[{"href":"https:\/\/www.eldigitaldeasturias.com\/noticias\/wp-json\/wp\/v2\/posts"}],"about":[{"href":"https:\/\/www.eldigitaldeasturias.com\/noticias\/wp-json\/wp\/v2\/types\/post"}],"author":[{"embeddable":true,"href":"https:\/\/www.eldigitaldeasturias.com\/noticias\/wp-json\/wp\/v2\/users\/1"}],"replies":[{"embeddable":true,"href":"https:\/\/www.eldigitaldeasturias.com\/noticias\/wp-json\/wp\/v2\/comments?post=963479"}],"version-history":[{"count":0,"href":"https:\/\/www.eldigitaldeasturias.com\/noticias\/wp-json\/wp\/v2\/posts\/963479\/revisions"}],"wp:featuredmedia":[{"embeddable":true,"href":"https:\/\/www.eldigitaldeasturias.com\/noticias\/wp-json\/wp\/v2\/media\/963480"}],"wp:attachment":[{"href":"https:\/\/www.eldigitaldeasturias.com\/noticias\/wp-json\/wp\/v2\/media?parent=963479"}],"wp:term":[{"taxonomy":"category","embeddable":true,"href":"https:\/\/www.eldigitaldeasturias.com\/noticias\/wp-json\/wp\/v2\/categories?post=963479"},{"taxonomy":"post_tag","embeddable":true,"href":"https:\/\/www.eldigitaldeasturias.com\/noticias\/wp-json\/wp\/v2\/tags?post=963479"}],"curies":[{"name":"wp","href":"https:\/\/api.w.org\/{rel}","templated":true}]}}