{"id":963407,"date":"2017-12-14T18:31:55","date_gmt":"2017-12-14T18:31:55","guid":{"rendered":"http:\/\/www.eldigitaldeasturias.com\/noticias\/?p=963407"},"modified":"2017-12-14T18:31:55","modified_gmt":"2017-12-14T18:31:55","slug":"como-afecta-a-las-empresas-el-nuevo-reglamento-general-de-proteccion-de-datos","status":"publish","type":"post","link":"https:\/\/www.eldigitaldeasturias.com\/noticias\/como-afecta-a-las-empresas-el-nuevo-reglamento-general-de-proteccion-de-datos\/","title":{"rendered":"\u00bfC\u00f3mo afecta a las empresas el nuevo Reglamento General de Protecci\u00f3n de Datos?"},"content":{"rendered":"<p><img loading=\"lazy\" decoding=\"async\" class=\"alignleft size-medium wp-image-963408\" src=\"https:\/\/www.eldigitaldeasturias.com\/noticias\/wp-content\/uploads\/2017\/12\/macbook-577758_1280-360x239.jpg\" alt=\"\" width=\"360\" height=\"239\" srcset=\"https:\/\/www.eldigitaldeasturias.com\/noticias\/wp-content\/uploads\/2017\/12\/macbook-577758_1280-360x239.jpg 360w, https:\/\/www.eldigitaldeasturias.com\/noticias\/wp-content\/uploads\/2017\/12\/macbook-577758_1280-768x510.jpg 768w, https:\/\/www.eldigitaldeasturias.com\/noticias\/wp-content\/uploads\/2017\/12\/macbook-577758_1280-650x432.jpg 650w, https:\/\/www.eldigitaldeasturias.com\/noticias\/wp-content\/uploads\/2017\/12\/macbook-577758_1280.jpg 1280w\" sizes=\"auto, (max-width: 360px) 100vw, 360px\" \/>El pr\u00f3ximo a\u00f1o, en concreto, el 25 de mayo de 2018, se establecer\u00e1 un relevante cambio normativo en el conjunto de la Uni\u00f3n Europea, que afectar\u00e1 a todo lo relacionado con los negocios realizados en Internet. Por un lado, entrar\u00e1 en vigor el nuevo Reglamento General de Protecci\u00f3n de Datos (RGPD) y, por otro, es probable que ese mismo d\u00eda se aplique el nuevo reglamento de\u00a0<em>e-Privacy<\/em>.\u00a0<a href=\"http:\/\/www.sumate.eu\/\" target=\"_blank\" rel=\"nofollow noopener\"><span style=\"color: #ff6600;\"><strong>S\u00famate<\/strong><\/span><\/a>\u00a0Marketing Online, empresa internacional de consultor\u00eda y agencia de marketing online, analiza las cuestiones m\u00e1s relevantes que plantea el RGPD y lo que implicar\u00e1 para los negocios online.<\/p>\n<p><strong>\u00bfC\u00f3mo se ampl\u00eda la protecci\u00f3n de los datos personales?<\/strong><\/p>\n<p>El RGPD dedica gran parte de su contenido a establecer derechos de protecci\u00f3n para los datos de los usuarios. Esos derechos tambi\u00e9n constituyen numerosas obligaciones para todas las empresas con las que interact\u00faen dichos usuarios a trav\u00e9s de Internet. Se ampl\u00eda la protecci\u00f3n de todos los datos que puedan servir para identificar a una persona, lo que incluye adem\u00e1s de los datos personales ordinarios, su direcci\u00f3n tanto f\u00edsica como electr\u00f3nica (la IP).<\/p>\n<p>Es decir, el uso y el almacenamiento de cada IP pasa a regularse de manera precisa. Obviamente, esto afecta tambi\u00e9n a las cookies destinadas a identificar clientes. Por otro lado, todos los datos relacionados con la informaci\u00f3n gen\u00e9tica de una persona, sus creencias religiosas e ideas pol\u00edticas, su orientaci\u00f3n sexual, etc., siguen siendo sometidos a una mayor protecci\u00f3n.<\/p>\n<p><strong>\u00bfQu\u00e9 aspectos hay que tener en cuenta?<\/strong><\/p>\n<p>Quien tenga una tienda online o cualquier sitio web que recoja datos sometidos a protecci\u00f3n, debe tener en cuenta que desde mayo en adelante se endurecer\u00e1 el control de la Administraci\u00f3n. Entre otras cosas, el RGPD establece un nuevo r\u00e9gimen sancionador y, las multas por incumplimiento pueden llegar a ser cuantiosas. En general, las penalizaciones pueden ser hasta el 4% de la cifra de negocio de la empresa sancionada o veinte millones de euros, lo que resulte m\u00e1s elevado.<\/p>\n<p>Por otro lado, los usuarios van a tenerlo m\u00e1s f\u00e1cil para denunciar el mal uso de sus datos. Podr\u00e1n acceder con mayor facilidad a conocer qu\u00e9 tipo de informaci\u00f3n posee sobre ellos una empresa y exigir su rectificaci\u00f3n o borrado. Toda empresa va a estar sometida a la obligaci\u00f3n de responder a cualquier particular sobre la tenencia de datos personales ajenos.<\/p>\n<p><strong>\u00bfQui\u00e9nes est\u00e1n sujetos a responsabilidad?<\/strong><\/p>\n<p>Seg\u00fan el RGPD, los responsables ser\u00e1n los controladores de datos, es decir, las personas que toman datos sometidos a protecci\u00f3n, y decide su prop\u00f3sito y su forma de emplearlos dentro del marco permitido por el reglamento. A su vez, aquellas personas que procesen los datos, lo que incluye: obtenerlos, grabarlos, adaptarlos y mantenerlos, tambi\u00e9n pasan a tener una fuerte responsabilidad personal.<\/p>\n<p><strong>\u00bfLas pymes digitales se ver\u00e1n particularmente afectadas?<\/strong><\/p>\n<p>Las nuevas obligaciones afectan sobre todo a las compa\u00f1\u00edas nuevas o peque\u00f1as, al disponer normalmente de menor presupuesto para asesoramiento jur\u00eddico. Para las pymes digitales es importante: publicar los datos de contacto efectivo con la empresa para cuestiones de protecci\u00f3n de datos y las personas responsables. El RGPD refuerza el mecanismo de consentimiento expl\u00edcito, desde esta nueva normativa, ya no valdr\u00e1n pr\u00e1cticas como las casillas premarcadas con links, y tendr\u00e1 que se\u00f1alarse con un lenguaje claro y directo. Establecer procedimientos internos sencillos para la modificaci\u00f3n o borrado de datos de los individuos que lo exijan. Disponer de un buen documento de pol\u00edticas de protecci\u00f3n de datos, publicarlo y tener mecanismos adecuados para la detecci\u00f3n de fallos de seguridad. Tener especial cuidado, en los casos oportunos, respecto a los datos recogidos de personas menores de edad, estableciendo mecanismos de control y autorizaci\u00f3n parental.<\/p>\n<p><strong>\u00bfQu\u00e9 ocurre si los servidores o la empresa est\u00e1n en otro pa\u00eds?<\/strong><\/p>\n<p>Se prev\u00e9 expresamente la aplicaci\u00f3n extraterritorial a todos los sitios web que operen en Europa, es decir, que comercialicen con clientes europeos, sin importar d\u00f3nde est\u00e9 inscrita la sociedad mercantil o d\u00f3nde se encuentren los servidores. Ya se habla del posible bloqueo europeo a los sitios web que incumplan el reglamento desde el exterior, y se establecer\u00e1 un importante comit\u00e9 europeo compuesto por representantes de las autoridades nacionales de protecci\u00f3n de datos.<\/p>\n<p>En este sentido, Juan Pina, director de Comunicaci\u00f3n y Marketing en S\u00famate Marketing Online comenta que \u201cel nuevo reglamento se aplicar\u00e1 al conjunto de la Uni\u00f3n Europea, incluido el Reino Unido a pesar de su actual proceso de salida de la UE. Adem\u00e1s, y a diferencia de otras normas, entrar\u00e1 en vigor al mismo tiempo para todos los pa\u00edses miembros\u00bb.<\/p>\n<p><strong>Sobre S\u00famate<\/strong><\/p>\n<p>S\u00famate es una agencia de marketing online multinacional con sede en Salamanca. Orientada a resultados medibles, fue fundada en 2011 en Salamanca por Roald Schoenmakers, Miguel de Reina (ex director general de Google Espa\u00f1a) y Germ\u00e1n Mart\u00ednez (ex director comercial de Facebook Espa\u00f1a). Ofrece servicios de SEO, SEM, publicidad en redes sociales, Inbound Marketing, Comparison shopping management y Real Time Bidding; todos ellos adaptados a mercados europeos e internacionales. Para ello, cuenta con una plantilla de m\u00e1s de 50 trabajadores que prestan sus servicios en 23 idiomas, lo que la convierte en una agencia de car\u00e1cter internacional. S\u00famate, adem\u00e1s, es una empresa certificada como PYME innovadora por el Ministerio de Econom\u00eda y Competitividad para el periodo 2015-2018.<\/p>\n","protected":false},"excerpt":{"rendered":"<p>El pr\u00f3ximo a\u00f1o, en concreto, el 25 de mayo de 2018, se establecer\u00e1 un relevante cambio normativo en el conjunto de la Uni\u00f3n Europea, que afectar\u00e1 a todo lo relacionado con los negocios realizados en Internet. Por un lado, entrar\u00e1 en vigor el nuevo Reglamento General de Protecci\u00f3n de Datos (RGPD) y, por otro, es [&hellip;]<\/p>\n","protected":false},"author":1,"featured_media":963408,"comment_status":"closed","ping_status":"closed","sticky":false,"template":"","format":"standard","meta":{"footnotes":""},"categories":[187],"tags":[],"class_list":["post-963407","post","type-post","status-publish","format-standard","has-post-thumbnail","hentry","category-economia"],"aioseo_notices":[],"aioseo_head":"\n\t\t<!-- All in One SEO Pro 4.9.6.2 - aioseo.com -->\n\t<meta name=\"description\" content=\"El pr\u00f3ximo a\u00f1o, en concreto, el 25 de mayo de 2018, se establecer\u00e1 un relevante cambio normativo en el conjunto de la Uni\u00f3n Europea, que afectar\u00e1 a todo lo relacionado con los negocios realizados en Internet. Por un lado, entrar\u00e1 en vigor el nuevo Reglamento General de Protecci\u00f3n de Datos (RGPD) y, por otro, es\" \/>\n\t<meta name=\"robots\" content=\"max-image-preview:large\" \/>\n\t<meta name=\"author\" content=\"El Digital de Asturias\"\/>\n\t<meta name=\"google-site-verification\" content=\"UA-38556648-1\" \/>\n\t<meta name=\"msvalidate.01\" content=\"7dfe9f3f1b24437ab69f4f2559babe99\" \/>\n\t<meta name=\"keywords\" content=\"econom\u00eda\" \/>\n\t<link rel=\"canonical\" href=\"https:\/\/www.eldigitaldeasturias.com\/noticias\/como-afecta-a-las-empresas-el-nuevo-reglamento-general-de-proteccion-de-datos\/\" \/>\n\t<meta name=\"generator\" content=\"All in One SEO Pro (AIOSEO) 4.9.6.2\" \/>\n\t\t<meta property=\"og:locale\" content=\"es_ES\" \/>\n\t\t<meta property=\"og:site_name\" content=\"El Digital de Asturias\" \/>\n\t\t<meta property=\"og:type\" content=\"article\" \/>\n\t\t<meta property=\"og:title\" content=\"\u00bfC\u00f3mo afecta a las empresas el nuevo Reglamento General de Protecci\u00f3n de Datos? - El Digital de Asturias\" \/>\n\t\t<meta property=\"og:description\" content=\"El pr\u00f3ximo a\u00f1o, en concreto, el 25 de mayo de 2018, se establecer\u00e1 un relevante cambio normativo en el conjunto de la Uni\u00f3n Europea, que afectar\u00e1 a todo lo relacionado con los negocios realizados en Internet. Por un lado, entrar\u00e1 en vigor el nuevo Reglamento General de Protecci\u00f3n de Datos (RGPD) y, por otro, es\" \/>\n\t\t<meta property=\"og:url\" content=\"https:\/\/www.eldigitaldeasturias.com\/noticias\/como-afecta-a-las-empresas-el-nuevo-reglamento-general-de-proteccion-de-datos\/\" \/>\n\t\t<meta property=\"og:image\" content=\"https:\/\/www.eldigitaldeasturias.com\/noticias\/wp-content\/uploads\/2017\/12\/macbook-577758_1280.jpg\" \/>\n\t\t<meta property=\"og:image:secure_url\" content=\"https:\/\/www.eldigitaldeasturias.com\/noticias\/wp-content\/uploads\/2017\/12\/macbook-577758_1280.jpg\" \/>\n\t\t<meta property=\"og:image:width\" content=\"1280\" \/>\n\t\t<meta property=\"og:image:height\" content=\"850\" \/>\n\t\t<meta property=\"article:tag\" content=\"econom\u00eda\" \/>\n\t\t<meta property=\"article:published_time\" content=\"2017-12-14T18:31:55+00:00\" \/>\n\t\t<meta property=\"article:modified_time\" content=\"2017-12-14T18:31:55+00:00\" \/>\n\t\t<meta property=\"article:publisher\" content=\"https:\/\/facebook.com\/eldigitaldeasturias\" \/>\n\t\t<meta name=\"twitter:card\" content=\"summary_large_image\" \/>\n\t\t<meta name=\"twitter:title\" content=\"\u00bfC\u00f3mo afecta a las empresas el nuevo Reglamento General de Protecci\u00f3n de Datos? - El Digital de Asturias\" \/>\n\t\t<meta name=\"twitter:description\" content=\"El pr\u00f3ximo a\u00f1o, en concreto, el 25 de mayo de 2018, se establecer\u00e1 un relevante cambio normativo en el conjunto de la Uni\u00f3n Europea, que afectar\u00e1 a todo lo relacionado con los negocios realizados en Internet. Por un lado, entrar\u00e1 en vigor el nuevo Reglamento General de Protecci\u00f3n de Datos (RGPD) y, por otro, es\" \/>\n\t\t<meta name=\"twitter:image\" content=\"https:\/\/www.eldigitaldeasturias.com\/noticias\/wp-content\/uploads\/2017\/12\/macbook-577758_1280.jpg\" \/>\n\t\t<meta name=\"twitter:label1\" content=\"Escrito por\" \/>\n\t\t<meta name=\"twitter:data1\" content=\"El Digital de Asturias\" \/>\n\t\t<meta name=\"twitter:label2\" content=\"Tiempo de lectura estimado\" \/>\n\t\t<meta name=\"twitter:data2\" content=\"5 minutos\" \/>\n\t\t<script type=\"application\/ld+json\" class=\"aioseo-schema\">\n\t\t\t{\"@context\":\"https:\\\/\\\/schema.org\",\"@graph\":[{\"@type\":\"BlogPosting\",\"@id\":\"https:\\\/\\\/www.eldigitaldeasturias.com\\\/noticias\\\/como-afecta-a-las-empresas-el-nuevo-reglamento-general-de-proteccion-de-datos\\\/#blogposting\",\"name\":\"\\u00bfC\\u00f3mo afecta a las empresas el nuevo Reglamento General de Protecci\\u00f3n de Datos? - El Digital de Asturias\",\"headline\":\"\\u00bfC\\u00f3mo afecta a las empresas el nuevo Reglamento General de Protecci\\u00f3n de Datos?\",\"author\":{\"@id\":\"https:\\\/\\\/www.eldigitaldeasturias.com\\\/noticias\\\/author\\\/admin\\\/#author\"},\"publisher\":{\"@id\":\"https:\\\/\\\/www.eldigitaldeasturias.com\\\/noticias\\\/#organization\"},\"image\":{\"@type\":\"ImageObject\",\"url\":\"https:\\\/\\\/www.eldigitaldeasturias.com\\\/noticias\\\/wp-content\\\/uploads\\\/2017\\\/12\\\/macbook-577758_1280.jpg\",\"width\":1280,\"height\":850},\"datePublished\":\"2017-12-14T18:31:55+01:00\",\"dateModified\":\"2017-12-14T18:31:55+01:00\",\"inLanguage\":\"es-ES\",\"mainEntityOfPage\":{\"@id\":\"https:\\\/\\\/www.eldigitaldeasturias.com\\\/noticias\\\/como-afecta-a-las-empresas-el-nuevo-reglamento-general-de-proteccion-de-datos\\\/#webpage\"},\"isPartOf\":{\"@id\":\"https:\\\/\\\/www.eldigitaldeasturias.com\\\/noticias\\\/como-afecta-a-las-empresas-el-nuevo-reglamento-general-de-proteccion-de-datos\\\/#webpage\"},\"articleSection\":\"Econom\\u00eda\"},{\"@type\":\"BreadcrumbList\",\"@id\":\"https:\\\/\\\/www.eldigitaldeasturias.com\\\/noticias\\\/como-afecta-a-las-empresas-el-nuevo-reglamento-general-de-proteccion-de-datos\\\/#breadcrumblist\",\"itemListElement\":[{\"@type\":\"ListItem\",\"@id\":\"https:\\\/\\\/www.eldigitaldeasturias.com\\\/noticias#listItem\",\"position\":1,\"name\":\"Home\",\"item\":\"https:\\\/\\\/www.eldigitaldeasturias.com\\\/noticias\",\"nextItem\":{\"@type\":\"ListItem\",\"@id\":\"https:\\\/\\\/www.eldigitaldeasturias.com\\\/noticias\\\/category\\\/economia\\\/#listItem\",\"name\":\"Econom\\u00eda\"}},{\"@type\":\"ListItem\",\"@id\":\"https:\\\/\\\/www.eldigitaldeasturias.com\\\/noticias\\\/category\\\/economia\\\/#listItem\",\"position\":2,\"name\":\"Econom\\u00eda\",\"item\":\"https:\\\/\\\/www.eldigitaldeasturias.com\\\/noticias\\\/category\\\/economia\\\/\",\"nextItem\":{\"@type\":\"ListItem\",\"@id\":\"https:\\\/\\\/www.eldigitaldeasturias.com\\\/noticias\\\/como-afecta-a-las-empresas-el-nuevo-reglamento-general-de-proteccion-de-datos\\\/#listItem\",\"name\":\"\\u00bfC\\u00f3mo afecta a las empresas el nuevo Reglamento General de Protecci\\u00f3n de Datos?\"},\"previousItem\":{\"@type\":\"ListItem\",\"@id\":\"https:\\\/\\\/www.eldigitaldeasturias.com\\\/noticias#listItem\",\"name\":\"Home\"}},{\"@type\":\"ListItem\",\"@id\":\"https:\\\/\\\/www.eldigitaldeasturias.com\\\/noticias\\\/como-afecta-a-las-empresas-el-nuevo-reglamento-general-de-proteccion-de-datos\\\/#listItem\",\"position\":3,\"name\":\"\\u00bfC\\u00f3mo afecta a las empresas el nuevo Reglamento General de Protecci\\u00f3n de Datos?\",\"previousItem\":{\"@type\":\"ListItem\",\"@id\":\"https:\\\/\\\/www.eldigitaldeasturias.com\\\/noticias\\\/category\\\/economia\\\/#listItem\",\"name\":\"Econom\\u00eda\"}}]},{\"@type\":\"Organization\",\"@id\":\"https:\\\/\\\/www.eldigitaldeasturias.com\\\/noticias\\\/#organization\",\"name\":\"El Digital de Asturias\",\"description\":\"Hemeroteca\",\"url\":\"https:\\\/\\\/www.eldigitaldeasturias.com\\\/noticias\\\/\",\"email\":\"info@eldigitaldeasturias.com\",\"telephone\":\"+34652131393\",\"logo\":{\"@type\":\"ImageObject\",\"url\":\"https:\\\/\\\/www.eldigitaldeasturias.com\\\/noticias\\\/wp-content\\\/uploads\\\/2020\\\/12\\\/EDA.jpg\",\"@id\":\"https:\\\/\\\/www.eldigitaldeasturias.com\\\/noticias\\\/como-afecta-a-las-empresas-el-nuevo-reglamento-general-de-proteccion-de-datos\\\/#organizationLogo\",\"width\":649,\"height\":297},\"image\":{\"@id\":\"https:\\\/\\\/www.eldigitaldeasturias.com\\\/noticias\\\/como-afecta-a-las-empresas-el-nuevo-reglamento-general-de-proteccion-de-datos\\\/#organizationLogo\"},\"sameAs\":[\"https:\\\/\\\/facebook.com\\\/eldigitaldeasturias\",\"https:\\\/\\\/www.youtube.com\\\/channel\\\/UCZP-2wLEB9Rv6erhFmqVnvg\"],\"address\":{\"@id\":\"https:\\\/\\\/www.eldigitaldeasturias.com\\\/noticias\\\/#postaladdress\",\"@type\":\"PostalAddress\",\"streetAddress\":\"san antonio 4,\",\"postalCode\":\"33430\",\"addressLocality\":\"Cand\\u00e1s\",\"addressRegion\":\"Asturias\",\"addressCountry\":\"ES\"}},{\"@type\":\"Person\",\"@id\":\"https:\\\/\\\/www.eldigitaldeasturias.com\\\/noticias\\\/author\\\/admin\\\/#author\",\"url\":\"https:\\\/\\\/www.eldigitaldeasturias.com\\\/noticias\\\/author\\\/admin\\\/\",\"name\":\"El Digital de Asturias\",\"image\":{\"@type\":\"ImageObject\",\"@id\":\"https:\\\/\\\/www.eldigitaldeasturias.com\\\/noticias\\\/como-afecta-a-las-empresas-el-nuevo-reglamento-general-de-proteccion-de-datos\\\/#authorImage\",\"url\":\"https:\\\/\\\/www.eldigitaldeasturias.com\\\/noticias\\\/wp-content\\\/litespeed\\\/avatar\\\/18677e78aa0546b92d9dbf31ec7d7668.jpg?ver=1777290358\",\"width\":96,\"height\":96,\"caption\":\"El Digital de Asturias\"}},{\"@type\":\"WebPage\",\"@id\":\"https:\\\/\\\/www.eldigitaldeasturias.com\\\/noticias\\\/como-afecta-a-las-empresas-el-nuevo-reglamento-general-de-proteccion-de-datos\\\/#webpage\",\"url\":\"https:\\\/\\\/www.eldigitaldeasturias.com\\\/noticias\\\/como-afecta-a-las-empresas-el-nuevo-reglamento-general-de-proteccion-de-datos\\\/\",\"name\":\"\\u00bfC\\u00f3mo afecta a las empresas el nuevo Reglamento General de Protecci\\u00f3n de Datos? - El Digital de Asturias\",\"description\":\"El pr\\u00f3ximo a\\u00f1o, en concreto, el 25 de mayo de 2018, se establecer\\u00e1 un relevante cambio normativo en el conjunto de la Uni\\u00f3n Europea, que afectar\\u00e1 a todo lo relacionado con los negocios realizados en Internet. Por un lado, entrar\\u00e1 en vigor el nuevo Reglamento General de Protecci\\u00f3n de Datos (RGPD) y, por otro, es\",\"inLanguage\":\"es-ES\",\"isPartOf\":{\"@id\":\"https:\\\/\\\/www.eldigitaldeasturias.com\\\/noticias\\\/#website\"},\"breadcrumb\":{\"@id\":\"https:\\\/\\\/www.eldigitaldeasturias.com\\\/noticias\\\/como-afecta-a-las-empresas-el-nuevo-reglamento-general-de-proteccion-de-datos\\\/#breadcrumblist\"},\"author\":{\"@id\":\"https:\\\/\\\/www.eldigitaldeasturias.com\\\/noticias\\\/author\\\/admin\\\/#author\"},\"creator\":{\"@id\":\"https:\\\/\\\/www.eldigitaldeasturias.com\\\/noticias\\\/author\\\/admin\\\/#author\"},\"image\":{\"@type\":\"ImageObject\",\"url\":\"https:\\\/\\\/www.eldigitaldeasturias.com\\\/noticias\\\/wp-content\\\/uploads\\\/2017\\\/12\\\/macbook-577758_1280.jpg\",\"@id\":\"https:\\\/\\\/www.eldigitaldeasturias.com\\\/noticias\\\/como-afecta-a-las-empresas-el-nuevo-reglamento-general-de-proteccion-de-datos\\\/#mainImage\",\"width\":1280,\"height\":850},\"primaryImageOfPage\":{\"@id\":\"https:\\\/\\\/www.eldigitaldeasturias.com\\\/noticias\\\/como-afecta-a-las-empresas-el-nuevo-reglamento-general-de-proteccion-de-datos\\\/#mainImage\"},\"datePublished\":\"2017-12-14T18:31:55+01:00\",\"dateModified\":\"2017-12-14T18:31:55+01:00\"},{\"@type\":\"WebSite\",\"@id\":\"https:\\\/\\\/www.eldigitaldeasturias.com\\\/noticias\\\/#website\",\"url\":\"https:\\\/\\\/www.eldigitaldeasturias.com\\\/noticias\\\/\",\"name\":\"El Digital de Asturias - Diario de actualidad y noticias\",\"alternateName\":\"El Digital de Asturias - Diario de actualidad y noticias\",\"description\":\"Hemeroteca\",\"inLanguage\":\"es-ES\",\"publisher\":{\"@id\":\"https:\\\/\\\/www.eldigitaldeasturias.com\\\/noticias\\\/#organization\"}}]}\n\t\t<\/script>\n\t\t<!-- All in One SEO Pro -->\r\n\t\t<title>\u00bfC\u00f3mo afecta a las empresas el nuevo Reglamento General de Protecci\u00f3n de Datos? - El Digital de Asturias<\/title>\n\n","aioseo_head_json":{"title":"\u00bfC\u00f3mo afecta a las empresas el nuevo Reglamento General de Protecci\u00f3n de Datos? - El Digital de Asturias","description":"El pr\u00f3ximo a\u00f1o, en concreto, el 25 de mayo de 2018, se establecer\u00e1 un relevante cambio normativo en el conjunto de la Uni\u00f3n Europea, que afectar\u00e1 a todo lo relacionado con los negocios realizados en Internet. Por un lado, entrar\u00e1 en vigor el nuevo Reglamento General de Protecci\u00f3n de Datos (RGPD) y, por otro, es","canonical_url":"https:\/\/www.eldigitaldeasturias.com\/noticias\/como-afecta-a-las-empresas-el-nuevo-reglamento-general-de-proteccion-de-datos\/","robots":"max-image-preview:large","keywords":"econom\u00eda","webmasterTools":{"google-site-verification":"UA-38556648-1","msvalidate.01":"7dfe9f3f1b24437ab69f4f2559babe99","miscellaneous":""},"schema":{"@context":"https:\/\/schema.org","@graph":[{"@type":"BlogPosting","@id":"https:\/\/www.eldigitaldeasturias.com\/noticias\/como-afecta-a-las-empresas-el-nuevo-reglamento-general-de-proteccion-de-datos\/#blogposting","name":"\u00bfC\u00f3mo afecta a las empresas el nuevo Reglamento General de Protecci\u00f3n de Datos? - El Digital de Asturias","headline":"\u00bfC\u00f3mo afecta a las empresas el nuevo Reglamento General de Protecci\u00f3n de Datos?","author":{"@id":"https:\/\/www.eldigitaldeasturias.com\/noticias\/author\/admin\/#author"},"publisher":{"@id":"https:\/\/www.eldigitaldeasturias.com\/noticias\/#organization"},"image":{"@type":"ImageObject","url":"https:\/\/www.eldigitaldeasturias.com\/noticias\/wp-content\/uploads\/2017\/12\/macbook-577758_1280.jpg","width":1280,"height":850},"datePublished":"2017-12-14T18:31:55+01:00","dateModified":"2017-12-14T18:31:55+01:00","inLanguage":"es-ES","mainEntityOfPage":{"@id":"https:\/\/www.eldigitaldeasturias.com\/noticias\/como-afecta-a-las-empresas-el-nuevo-reglamento-general-de-proteccion-de-datos\/#webpage"},"isPartOf":{"@id":"https:\/\/www.eldigitaldeasturias.com\/noticias\/como-afecta-a-las-empresas-el-nuevo-reglamento-general-de-proteccion-de-datos\/#webpage"},"articleSection":"Econom\u00eda"},{"@type":"BreadcrumbList","@id":"https:\/\/www.eldigitaldeasturias.com\/noticias\/como-afecta-a-las-empresas-el-nuevo-reglamento-general-de-proteccion-de-datos\/#breadcrumblist","itemListElement":[{"@type":"ListItem","@id":"https:\/\/www.eldigitaldeasturias.com\/noticias#listItem","position":1,"name":"Home","item":"https:\/\/www.eldigitaldeasturias.com\/noticias","nextItem":{"@type":"ListItem","@id":"https:\/\/www.eldigitaldeasturias.com\/noticias\/category\/economia\/#listItem","name":"Econom\u00eda"}},{"@type":"ListItem","@id":"https:\/\/www.eldigitaldeasturias.com\/noticias\/category\/economia\/#listItem","position":2,"name":"Econom\u00eda","item":"https:\/\/www.eldigitaldeasturias.com\/noticias\/category\/economia\/","nextItem":{"@type":"ListItem","@id":"https:\/\/www.eldigitaldeasturias.com\/noticias\/como-afecta-a-las-empresas-el-nuevo-reglamento-general-de-proteccion-de-datos\/#listItem","name":"\u00bfC\u00f3mo afecta a las empresas el nuevo Reglamento General de Protecci\u00f3n de Datos?"},"previousItem":{"@type":"ListItem","@id":"https:\/\/www.eldigitaldeasturias.com\/noticias#listItem","name":"Home"}},{"@type":"ListItem","@id":"https:\/\/www.eldigitaldeasturias.com\/noticias\/como-afecta-a-las-empresas-el-nuevo-reglamento-general-de-proteccion-de-datos\/#listItem","position":3,"name":"\u00bfC\u00f3mo afecta a las empresas el nuevo Reglamento General de Protecci\u00f3n de Datos?","previousItem":{"@type":"ListItem","@id":"https:\/\/www.eldigitaldeasturias.com\/noticias\/category\/economia\/#listItem","name":"Econom\u00eda"}}]},{"@type":"Organization","@id":"https:\/\/www.eldigitaldeasturias.com\/noticias\/#organization","name":"El Digital de Asturias","description":"Hemeroteca","url":"https:\/\/www.eldigitaldeasturias.com\/noticias\/","email":"info@eldigitaldeasturias.com","telephone":"+34652131393","logo":{"@type":"ImageObject","url":"https:\/\/www.eldigitaldeasturias.com\/noticias\/wp-content\/uploads\/2020\/12\/EDA.jpg","@id":"https:\/\/www.eldigitaldeasturias.com\/noticias\/como-afecta-a-las-empresas-el-nuevo-reglamento-general-de-proteccion-de-datos\/#organizationLogo","width":649,"height":297},"image":{"@id":"https:\/\/www.eldigitaldeasturias.com\/noticias\/como-afecta-a-las-empresas-el-nuevo-reglamento-general-de-proteccion-de-datos\/#organizationLogo"},"sameAs":["https:\/\/facebook.com\/eldigitaldeasturias","https:\/\/www.youtube.com\/channel\/UCZP-2wLEB9Rv6erhFmqVnvg"],"address":{"@id":"https:\/\/www.eldigitaldeasturias.com\/noticias\/#postaladdress","@type":"PostalAddress","streetAddress":"san antonio 4,","postalCode":"33430","addressLocality":"Cand\u00e1s","addressRegion":"Asturias","addressCountry":"ES"}},{"@type":"Person","@id":"https:\/\/www.eldigitaldeasturias.com\/noticias\/author\/admin\/#author","url":"https:\/\/www.eldigitaldeasturias.com\/noticias\/author\/admin\/","name":"El Digital de Asturias","image":{"@type":"ImageObject","@id":"https:\/\/www.eldigitaldeasturias.com\/noticias\/como-afecta-a-las-empresas-el-nuevo-reglamento-general-de-proteccion-de-datos\/#authorImage","url":"https:\/\/www.eldigitaldeasturias.com\/noticias\/wp-content\/litespeed\/avatar\/18677e78aa0546b92d9dbf31ec7d7668.jpg?ver=1777290358","width":96,"height":96,"caption":"El Digital de Asturias"}},{"@type":"WebPage","@id":"https:\/\/www.eldigitaldeasturias.com\/noticias\/como-afecta-a-las-empresas-el-nuevo-reglamento-general-de-proteccion-de-datos\/#webpage","url":"https:\/\/www.eldigitaldeasturias.com\/noticias\/como-afecta-a-las-empresas-el-nuevo-reglamento-general-de-proteccion-de-datos\/","name":"\u00bfC\u00f3mo afecta a las empresas el nuevo Reglamento General de Protecci\u00f3n de Datos? - El Digital de Asturias","description":"El pr\u00f3ximo a\u00f1o, en concreto, el 25 de mayo de 2018, se establecer\u00e1 un relevante cambio normativo en el conjunto de la Uni\u00f3n Europea, que afectar\u00e1 a todo lo relacionado con los negocios realizados en Internet. Por un lado, entrar\u00e1 en vigor el nuevo Reglamento General de Protecci\u00f3n de Datos (RGPD) y, por otro, es","inLanguage":"es-ES","isPartOf":{"@id":"https:\/\/www.eldigitaldeasturias.com\/noticias\/#website"},"breadcrumb":{"@id":"https:\/\/www.eldigitaldeasturias.com\/noticias\/como-afecta-a-las-empresas-el-nuevo-reglamento-general-de-proteccion-de-datos\/#breadcrumblist"},"author":{"@id":"https:\/\/www.eldigitaldeasturias.com\/noticias\/author\/admin\/#author"},"creator":{"@id":"https:\/\/www.eldigitaldeasturias.com\/noticias\/author\/admin\/#author"},"image":{"@type":"ImageObject","url":"https:\/\/www.eldigitaldeasturias.com\/noticias\/wp-content\/uploads\/2017\/12\/macbook-577758_1280.jpg","@id":"https:\/\/www.eldigitaldeasturias.com\/noticias\/como-afecta-a-las-empresas-el-nuevo-reglamento-general-de-proteccion-de-datos\/#mainImage","width":1280,"height":850},"primaryImageOfPage":{"@id":"https:\/\/www.eldigitaldeasturias.com\/noticias\/como-afecta-a-las-empresas-el-nuevo-reglamento-general-de-proteccion-de-datos\/#mainImage"},"datePublished":"2017-12-14T18:31:55+01:00","dateModified":"2017-12-14T18:31:55+01:00"},{"@type":"WebSite","@id":"https:\/\/www.eldigitaldeasturias.com\/noticias\/#website","url":"https:\/\/www.eldigitaldeasturias.com\/noticias\/","name":"El Digital de Asturias - Diario de actualidad y noticias","alternateName":"El Digital de Asturias - Diario de actualidad y noticias","description":"Hemeroteca","inLanguage":"es-ES","publisher":{"@id":"https:\/\/www.eldigitaldeasturias.com\/noticias\/#organization"}}]},"og:locale":"es_ES","og:site_name":"El Digital de Asturias","og:type":"article","og:title":"\u00bfC\u00f3mo afecta a las empresas el nuevo Reglamento General de Protecci\u00f3n de Datos? - El Digital de Asturias","og:description":"El pr\u00f3ximo a\u00f1o, en concreto, el 25 de mayo de 2018, se establecer\u00e1 un relevante cambio normativo en el conjunto de la Uni\u00f3n Europea, que afectar\u00e1 a todo lo relacionado con los negocios realizados en Internet. Por un lado, entrar\u00e1 en vigor el nuevo Reglamento General de Protecci\u00f3n de Datos (RGPD) y, por otro, es","og:url":"https:\/\/www.eldigitaldeasturias.com\/noticias\/como-afecta-a-las-empresas-el-nuevo-reglamento-general-de-proteccion-de-datos\/","og:image":"https:\/\/www.eldigitaldeasturias.com\/noticias\/wp-content\/uploads\/2017\/12\/macbook-577758_1280.jpg","og:image:secure_url":"https:\/\/www.eldigitaldeasturias.com\/noticias\/wp-content\/uploads\/2017\/12\/macbook-577758_1280.jpg","og:image:width":1280,"og:image:height":850,"article:tag":["econom\u00eda"],"article:published_time":"2017-12-14T18:31:55+00:00","article:modified_time":"2017-12-14T18:31:55+00:00","article:publisher":"https:\/\/facebook.com\/eldigitaldeasturias","twitter:card":"summary_large_image","twitter:title":"\u00bfC\u00f3mo afecta a las empresas el nuevo Reglamento General de Protecci\u00f3n de Datos? - El Digital de Asturias","twitter:description":"El pr\u00f3ximo a\u00f1o, en concreto, el 25 de mayo de 2018, se establecer\u00e1 un relevante cambio normativo en el conjunto de la Uni\u00f3n Europea, que afectar\u00e1 a todo lo relacionado con los negocios realizados en Internet. Por un lado, entrar\u00e1 en vigor el nuevo Reglamento General de Protecci\u00f3n de Datos (RGPD) y, por otro, es","twitter:image":"https:\/\/www.eldigitaldeasturias.com\/noticias\/wp-content\/uploads\/2017\/12\/macbook-577758_1280.jpg","twitter:label1":"Escrito por","twitter:data1":"El Digital de Asturias","twitter:label2":"Tiempo de lectura estimado","twitter:data2":"5 minutos"},"aioseo_meta_data":{"post_id":"963407","title":null,"description":null,"keywords":null,"keyphrases":null,"primary_term":null,"canonical_url":null,"og_title":null,"og_description":null,"og_object_type":"default","og_image_type":"default","og_image_url":null,"og_image_width":null,"og_image_height":null,"og_image_custom_url":null,"og_image_custom_fields":null,"og_video":null,"og_custom_url":null,"og_article_section":null,"og_article_tags":null,"twitter_use_og":false,"twitter_card":"default","twitter_image_type":"default","twitter_image_url":null,"twitter_image_custom_url":null,"twitter_image_custom_fields":null,"twitter_title":null,"twitter_description":null,"schema":{"blockGraphs":[],"customGraphs":[],"default":{"data":{"Article":[],"Course":[],"Dataset":[],"FAQPage":[],"Movie":[],"Person":[],"Product":[],"ProductReview":[],"Car":[],"Recipe":[],"Service":[],"SoftwareApplication":[],"WebPage":[]},"graphName":"","isEnabled":true},"graphs":[],"defaultGraph":"","defaultPostTypeGraph":""},"schema_type":null,"schema_type_options":null,"pillar_content":false,"robots_default":true,"robots_noindex":false,"robots_noarchive":false,"robots_nosnippet":false,"robots_nofollow":false,"robots_noimageindex":false,"robots_noodp":false,"robots_notranslate":false,"robots_max_snippet":null,"robots_max_videopreview":null,"robots_max_imagepreview":"large","priority":null,"frequency":null,"local_seo":null,"seo_analyzer_scan_date":"2025-12-07 15:58:37","breadcrumb_settings":null,"limit_modified_date":false,"open_ai":null,"ai":null,"created":"2020-12-21 12:43:42","updated":"2025-12-07 15:58:37"},"aioseo_breadcrumb":"<div class=\"aioseo-breadcrumbs\"><span class=\"aioseo-breadcrumb\">\n\t<a href=\"https:\/\/www.eldigitaldeasturias.com\/noticias\" title=\"Home\">Home<\/a>\n<\/span><span class=\"aioseo-breadcrumb-separator\">\u2013<\/span><span class=\"aioseo-breadcrumb\">\n\t<a href=\"https:\/\/www.eldigitaldeasturias.com\/noticias\/category\/economia\/\" title=\"Econom\u00eda\">Econom\u00eda<\/a>\n<\/span><span class=\"aioseo-breadcrumb-separator\">\u2013<\/span><span class=\"aioseo-breadcrumb\">\n\t<a href=\"https:\/\/www.eldigitaldeasturias.com\/noticias\/como-afecta-a-las-empresas-el-nuevo-reglamento-general-de-proteccion-de-datos\/\" title=\"\u00bfC\u00f3mo afecta a las empresas el nuevo Reglamento General de Protecci\u00f3n de Datos?\">\u00bfC\u00f3mo afecta a las empresas el nuevo Reglamento General de Protecci\u00f3n de Datos?<\/a>\n<\/span><\/div>","aioseo_breadcrumb_json":[{"label":"Home","link":"https:\/\/www.eldigitaldeasturias.com\/noticias"},{"label":"Econom\u00eda","link":"https:\/\/www.eldigitaldeasturias.com\/noticias\/category\/economia\/"},{"label":"\u00bfC\u00f3mo afecta a las empresas el nuevo Reglamento General de Protecci\u00f3n de Datos?","link":"https:\/\/www.eldigitaldeasturias.com\/noticias\/como-afecta-a-las-empresas-el-nuevo-reglamento-general-de-proteccion-de-datos\/"}],"_links":{"self":[{"href":"https:\/\/www.eldigitaldeasturias.com\/noticias\/wp-json\/wp\/v2\/posts\/963407","targetHints":{"allow":["GET"]}}],"collection":[{"href":"https:\/\/www.eldigitaldeasturias.com\/noticias\/wp-json\/wp\/v2\/posts"}],"about":[{"href":"https:\/\/www.eldigitaldeasturias.com\/noticias\/wp-json\/wp\/v2\/types\/post"}],"author":[{"embeddable":true,"href":"https:\/\/www.eldigitaldeasturias.com\/noticias\/wp-json\/wp\/v2\/users\/1"}],"replies":[{"embeddable":true,"href":"https:\/\/www.eldigitaldeasturias.com\/noticias\/wp-json\/wp\/v2\/comments?post=963407"}],"version-history":[{"count":0,"href":"https:\/\/www.eldigitaldeasturias.com\/noticias\/wp-json\/wp\/v2\/posts\/963407\/revisions"}],"wp:featuredmedia":[{"embeddable":true,"href":"https:\/\/www.eldigitaldeasturias.com\/noticias\/wp-json\/wp\/v2\/media\/963408"}],"wp:attachment":[{"href":"https:\/\/www.eldigitaldeasturias.com\/noticias\/wp-json\/wp\/v2\/media?parent=963407"}],"wp:term":[{"taxonomy":"category","embeddable":true,"href":"https:\/\/www.eldigitaldeasturias.com\/noticias\/wp-json\/wp\/v2\/categories?post=963407"},{"taxonomy":"post_tag","embeddable":true,"href":"https:\/\/www.eldigitaldeasturias.com\/noticias\/wp-json\/wp\/v2\/tags?post=963407"}],"curies":[{"name":"wp","href":"https:\/\/api.w.org\/{rel}","templated":true}]}}