{"id":963399,"date":"2017-12-14T18:18:35","date_gmt":"2017-12-14T18:18:35","guid":{"rendered":"http:\/\/www.eldigitaldeasturias.com\/noticias\/?p=963399"},"modified":"2017-12-14T18:18:35","modified_gmt":"2017-12-14T18:18:35","slug":"se-entregan-los-premios-laboral-kutxa-lorra-a-las-explotaciones-agrarias","status":"publish","type":"post","link":"https:\/\/www.eldigitaldeasturias.com\/noticias\/se-entregan-los-premios-laboral-kutxa-lorra-a-las-explotaciones-agrarias\/","title":{"rendered":"Se entregan los Premios LABORAL KUTXA-LORRA a las explotaciones agrarias"},"content":{"rendered":"<p><img loading=\"lazy\" decoding=\"async\" class=\"alignleft size-medium wp-image-963400\" src=\"https:\/\/www.eldigitaldeasturias.com\/noticias\/wp-content\/uploads\/2017\/12\/1513246702_MG7182webok-360x240.jpg\" alt=\"\" width=\"360\" height=\"240\" srcset=\"https:\/\/www.eldigitaldeasturias.com\/noticias\/wp-content\/uploads\/2017\/12\/1513246702_MG7182webok-360x240.jpg 360w, https:\/\/www.eldigitaldeasturias.com\/noticias\/wp-content\/uploads\/2017\/12\/1513246702_MG7182webok-768x512.jpg 768w, https:\/\/www.eldigitaldeasturias.com\/noticias\/wp-content\/uploads\/2017\/12\/1513246702_MG7182webok-650x433.jpg 650w, https:\/\/www.eldigitaldeasturias.com\/noticias\/wp-content\/uploads\/2017\/12\/1513246702_MG7182webok.jpg 1134w\" sizes=\"auto, (max-width: 360px) 100vw, 360px\" \/>El evento ha contado con la presencia de\u00a0<strong>Unai Rementeria<\/strong>, Diputado General de Bizkaia,\u00a0<strong>Elena Unzueta<\/strong>, Diputada Foral de Sostenibilidad y Medio Natural<strong>\u00a0y Lucia Isla<\/strong>, Directora General de Agricultura, que han estado acompa\u00f1ados por\u00a0<strong>Jon Lekerika<\/strong>, Presidente de\u00a0<span style=\"color: #ff6600;\"><strong><a style=\"color: #ff6600;\" href=\"http:\/\/www.lorra.eus\/es\/\" target=\"_blank\" rel=\"nofollow noopener\">LORRA<\/a><\/strong><\/span>, y\u00a0<strong>Jos\u00e9 M\u00aa P\u00e9rez<\/strong>, Director Oficina Soporte Especialista y Promotores Laboral Kutxa. Adem\u00e1s, ha contado con una nutrida asistencia de profesionales y representantes de las principales asociaciones que componen el mundo \u201cagro\u201d en Bizkaia, constituyendo una amplia reuni\u00f3n empresarial y social.<\/p>\n<p>Los premios anuales LABORAL KUTXA-LORRA quieren\u00a0<strong>sacar a la luz la cara m\u00e1s desconocida del trabajo en nuestros baserris; la faceta empresarial y especialista<\/strong>. Y es que el primer sector cuenta con un amplio plantel de empresas consolidadas que han modernizado sus procesos y su gesti\u00f3n con muy buenos resultados, siendo motor de la econom\u00eda local.\u00a0<strong>La entrega de premios ha sido todo un homenaje a estos profesionales que trabajan d\u00eda a d\u00eda<\/strong>,\u00a0<strong>representados en las 12 explotaciones seleccionadas<\/strong>\u00a0para optar a los premios, todas con criterios m\u00e1s que suficientes para haberlo obtenido, tal y como ha destacado el jurado, que ha remarcado \u201cel alto nivel de todas las explotaciones\u201d.<\/p>\n<p>El concurso tiene un\u00a0<strong>marcado car\u00e1cter profesional-t\u00e9cnico<\/strong>\u00a0e implica un estudio y valoraci\u00f3n de las instalaciones candidatas. As\u00ed, de los cerca de 30 candidatos presentados, de variados subsectores productivos, el jurado ha preseleccionado a 12 explotaciones, que ha visitado y valorado seg\u00fan criterios globales. La presentaci\u00f3n de estas explotaciones ha sido el contenido central del evento, nombrando a sus profesionales y destacando sus logros y avances.<\/p>\n<p>Entre estas,\u00a0<strong>se ha anunciado el fallo de 7 premios<\/strong>; dos finalistas y un primer premio en la\u00a0<strong>categor\u00eda de actividad agr\u00edcola<\/strong>; dos finalistas y un primer premio en la\u00a0<strong>categor\u00eda de actividad ganadera<\/strong>\u00a0y el\u00a0<strong>premio \u201cEkinaren Ekinez Saria\u201d, para reconocer la trayectoria profesional de una mujer<\/strong>\u00a0del sector. Las explotaciones premiadas destacan no s\u00f3lo por su nivel t\u00e9cnico y econ\u00f3mico, sino tambi\u00e9n por sus m\u00e9todos de producci\u00f3n orientados a una gesti\u00f3n sostenible de los recursos. Son, por lo tanto, los baserritarras y las baserritarras m\u00e1s profesionales de Bizkaia en 2017.<\/p>\n<p>En la secci\u00f3n de agricultura,\u00a0<strong>el premio a la explotaci\u00f3n del a\u00f1o ha sido para Bikandi Txakolina<\/strong>, la empresa familiar que este a\u00f1o celebra su 50 aniversario elaborando Txakoli de Bizkaia en Durango, con numerosos reconocimientos a sus caldos. Las explotaciones finalistas han sido Gorka Irazabal, con su explotaci\u00f3n ecol\u00f3gica Goreko ubicada en Gamiz-Fika, y Raul Rosas al frente de su explotaci\u00f3n familiar Hort\u00edcola en Arrankudiaga.<\/p>\n<p>En la secci\u00f3n de ganader\u00eda,\u00a0<strong>el premio a la explotaci\u00f3n del a\u00f1o ha sido para Ganaderia Artea SL<\/strong>, explotaci\u00f3n de ganado vacuno de raza limusina ubicada en Artea y propiedad de Patxi Atutxa, pionero en la introducci\u00f3n de la raza Limusina a nivel nacional en 1970. Las explotaciones finalistas han sido Jonathone Txertudi, que junto con su mujer dirige una explotaci\u00f3n de ganado lechero Fris\u00f3n en Kortezubi, fundada por su aita, y SC El Molino, explotaci\u00f3n de ganado lechero Fris\u00f3n ubicada en el Valle de Carranza que dirigen los hermanos Felix y Mikel Aras, desarrollando el negocio que iniciaron sus padres.<\/p>\n<p>El premio\u00a0<strong>\u201cEkinaren Ekinez Saria\u201d, ha reconocido la trayectoria profesional de Garbi\u00f1e Posturas,\u00a0<\/strong>que desde hace 30 a\u00f1os se dedica a la agricultura en Arrazu, junto a su marido, apostando siempre por el cultivo variado, realizando constantes inversiones y trabajando sin descansar. A pesar de estar jubilada, sigue acompa\u00f1ando diariamente a su hijo, recientemente incorporado a la explotaci\u00f3n familiar.<\/p>\n<p>Tras la entrega de premios, la gala ha finalizado con la foto de familia de los propietarios de las 12 explotaciones seleccionadas este a\u00f1o, acompa\u00f1ados de las autoridades presentes. La imagen de la enhorabuena a los premiados y, sobre todo, del reconocimiento colectivo de este a\u00f1o a todos los profesionales del campo.<\/p>\n<p>&nbsp;<\/p>\n","protected":false},"excerpt":{"rendered":"<p>El evento ha contado con la presencia de\u00a0Unai Rementeria, Diputado General de Bizkaia,\u00a0Elena Unzueta, Diputada Foral de Sostenibilidad y Medio Natural\u00a0y Lucia Isla, Directora General de Agricultura, que han estado acompa\u00f1ados por\u00a0Jon Lekerika, Presidente de\u00a0LORRA, y\u00a0Jos\u00e9 M\u00aa P\u00e9rez, Director Oficina Soporte Especialista y Promotores Laboral Kutxa. Adem\u00e1s, ha contado con una nutrida asistencia de profesionales [&hellip;]<\/p>\n","protected":false},"author":1,"featured_media":963400,"comment_status":"closed","ping_status":"closed","sticky":false,"template":"","format":"standard","meta":{"footnotes":""},"categories":[187],"tags":[],"class_list":["post-963399","post","type-post","status-publish","format-standard","has-post-thumbnail","hentry","category-economia"],"aioseo_notices":[],"aioseo_head":"\n\t\t<!-- All in One SEO Pro 4.9.6.2 - aioseo.com -->\n\t<meta name=\"description\" content=\"El evento ha contado con la presencia de Unai Rementeria, Diputado General de Bizkaia, Elena Unzueta, Diputada Foral de Sostenibilidad y Medio Natural y Lucia Isla, Directora General de Agricultura, que han estado acompa\u00f1ados por Jon Lekerika, Presidente de LORRA, y Jos\u00e9 M\u00aa P\u00e9rez, Director Oficina Soporte Especialista y Promotores Laboral Kutxa. Adem\u00e1s, ha contado con una nutrida asistencia de profesionales\" \/>\n\t<meta name=\"robots\" content=\"max-image-preview:large\" \/>\n\t<meta name=\"author\" content=\"El Digital de Asturias\"\/>\n\t<meta name=\"google-site-verification\" content=\"UA-38556648-1\" \/>\n\t<meta name=\"msvalidate.01\" content=\"7dfe9f3f1b24437ab69f4f2559babe99\" \/>\n\t<meta name=\"keywords\" content=\"econom\u00eda\" \/>\n\t<link rel=\"canonical\" href=\"https:\/\/www.eldigitaldeasturias.com\/noticias\/se-entregan-los-premios-laboral-kutxa-lorra-a-las-explotaciones-agrarias\/\" \/>\n\t<meta name=\"generator\" content=\"All in One SEO Pro (AIOSEO) 4.9.6.2\" \/>\n\t\t<meta property=\"og:locale\" content=\"es_ES\" \/>\n\t\t<meta property=\"og:site_name\" content=\"El Digital de Asturias\" \/>\n\t\t<meta property=\"og:type\" content=\"article\" \/>\n\t\t<meta property=\"og:title\" content=\"Se entregan los Premios LABORAL KUTXA-LORRA a las explotaciones agrarias - El Digital de Asturias\" \/>\n\t\t<meta property=\"og:description\" content=\"El evento ha contado con la presencia de Unai Rementeria, Diputado General de Bizkaia, Elena Unzueta, Diputada Foral de Sostenibilidad y Medio Natural y Lucia Isla, Directora General de Agricultura, que han estado acompa\u00f1ados por Jon Lekerika, Presidente de LORRA, y Jos\u00e9 M\u00aa P\u00e9rez, Director Oficina Soporte Especialista y Promotores Laboral Kutxa. Adem\u00e1s, ha contado con una nutrida asistencia de profesionales\" \/>\n\t\t<meta property=\"og:url\" content=\"https:\/\/www.eldigitaldeasturias.com\/noticias\/se-entregan-los-premios-laboral-kutxa-lorra-a-las-explotaciones-agrarias\/\" \/>\n\t\t<meta property=\"og:image\" content=\"https:\/\/www.eldigitaldeasturias.com\/noticias\/wp-content\/uploads\/2017\/12\/1513246702_MG7182webok.jpg\" \/>\n\t\t<meta property=\"og:image:secure_url\" content=\"https:\/\/www.eldigitaldeasturias.com\/noticias\/wp-content\/uploads\/2017\/12\/1513246702_MG7182webok.jpg\" \/>\n\t\t<meta property=\"og:image:width\" content=\"1134\" \/>\n\t\t<meta property=\"og:image:height\" content=\"756\" \/>\n\t\t<meta property=\"article:tag\" content=\"econom\u00eda\" \/>\n\t\t<meta property=\"article:published_time\" content=\"2017-12-14T18:18:35+00:00\" \/>\n\t\t<meta property=\"article:modified_time\" content=\"2017-12-14T18:18:35+00:00\" \/>\n\t\t<meta property=\"article:publisher\" content=\"https:\/\/facebook.com\/eldigitaldeasturias\" \/>\n\t\t<meta name=\"twitter:card\" content=\"summary_large_image\" \/>\n\t\t<meta name=\"twitter:title\" content=\"Se entregan los Premios LABORAL KUTXA-LORRA a las explotaciones agrarias - El Digital de Asturias\" \/>\n\t\t<meta name=\"twitter:description\" content=\"El evento ha contado con la presencia de Unai Rementeria, Diputado General de Bizkaia, Elena Unzueta, Diputada Foral de Sostenibilidad y Medio Natural y Lucia Isla, Directora General de Agricultura, que han estado acompa\u00f1ados por Jon Lekerika, Presidente de LORRA, y Jos\u00e9 M\u00aa P\u00e9rez, Director Oficina Soporte Especialista y Promotores Laboral Kutxa. Adem\u00e1s, ha contado con una nutrida asistencia de profesionales\" \/>\n\t\t<meta name=\"twitter:image\" content=\"https:\/\/www.eldigitaldeasturias.com\/noticias\/wp-content\/uploads\/2017\/12\/1513246702_MG7182webok.jpg\" \/>\n\t\t<meta name=\"twitter:label1\" content=\"Escrito por\" \/>\n\t\t<meta name=\"twitter:data1\" content=\"El Digital de Asturias\" \/>\n\t\t<meta name=\"twitter:label2\" content=\"Tiempo de lectura estimado\" \/>\n\t\t<meta name=\"twitter:data2\" content=\"3 minutos\" \/>\n\t\t<script type=\"application\/ld+json\" class=\"aioseo-schema\">\n\t\t\t{\"@context\":\"https:\\\/\\\/schema.org\",\"@graph\":[{\"@type\":\"BlogPosting\",\"@id\":\"https:\\\/\\\/www.eldigitaldeasturias.com\\\/noticias\\\/se-entregan-los-premios-laboral-kutxa-lorra-a-las-explotaciones-agrarias\\\/#blogposting\",\"name\":\"Se entregan los Premios LABORAL KUTXA-LORRA a las explotaciones agrarias - El Digital de Asturias\",\"headline\":\"Se entregan los Premios LABORAL KUTXA-LORRA a las explotaciones agrarias\",\"author\":{\"@id\":\"https:\\\/\\\/www.eldigitaldeasturias.com\\\/noticias\\\/author\\\/admin\\\/#author\"},\"publisher\":{\"@id\":\"https:\\\/\\\/www.eldigitaldeasturias.com\\\/noticias\\\/#organization\"},\"image\":{\"@type\":\"ImageObject\",\"url\":\"https:\\\/\\\/www.eldigitaldeasturias.com\\\/noticias\\\/wp-content\\\/uploads\\\/2017\\\/12\\\/1513246702_MG7182webok.jpg\",\"width\":1134,\"height\":756},\"datePublished\":\"2017-12-14T18:18:35+01:00\",\"dateModified\":\"2017-12-14T18:18:35+01:00\",\"inLanguage\":\"es-ES\",\"mainEntityOfPage\":{\"@id\":\"https:\\\/\\\/www.eldigitaldeasturias.com\\\/noticias\\\/se-entregan-los-premios-laboral-kutxa-lorra-a-las-explotaciones-agrarias\\\/#webpage\"},\"isPartOf\":{\"@id\":\"https:\\\/\\\/www.eldigitaldeasturias.com\\\/noticias\\\/se-entregan-los-premios-laboral-kutxa-lorra-a-las-explotaciones-agrarias\\\/#webpage\"},\"articleSection\":\"Econom\\u00eda\"},{\"@type\":\"BreadcrumbList\",\"@id\":\"https:\\\/\\\/www.eldigitaldeasturias.com\\\/noticias\\\/se-entregan-los-premios-laboral-kutxa-lorra-a-las-explotaciones-agrarias\\\/#breadcrumblist\",\"itemListElement\":[{\"@type\":\"ListItem\",\"@id\":\"https:\\\/\\\/www.eldigitaldeasturias.com\\\/noticias#listItem\",\"position\":1,\"name\":\"Home\",\"item\":\"https:\\\/\\\/www.eldigitaldeasturias.com\\\/noticias\",\"nextItem\":{\"@type\":\"ListItem\",\"@id\":\"https:\\\/\\\/www.eldigitaldeasturias.com\\\/noticias\\\/category\\\/economia\\\/#listItem\",\"name\":\"Econom\\u00eda\"}},{\"@type\":\"ListItem\",\"@id\":\"https:\\\/\\\/www.eldigitaldeasturias.com\\\/noticias\\\/category\\\/economia\\\/#listItem\",\"position\":2,\"name\":\"Econom\\u00eda\",\"item\":\"https:\\\/\\\/www.eldigitaldeasturias.com\\\/noticias\\\/category\\\/economia\\\/\",\"nextItem\":{\"@type\":\"ListItem\",\"@id\":\"https:\\\/\\\/www.eldigitaldeasturias.com\\\/noticias\\\/se-entregan-los-premios-laboral-kutxa-lorra-a-las-explotaciones-agrarias\\\/#listItem\",\"name\":\"Se entregan los Premios LABORAL KUTXA-LORRA a las explotaciones agrarias\"},\"previousItem\":{\"@type\":\"ListItem\",\"@id\":\"https:\\\/\\\/www.eldigitaldeasturias.com\\\/noticias#listItem\",\"name\":\"Home\"}},{\"@type\":\"ListItem\",\"@id\":\"https:\\\/\\\/www.eldigitaldeasturias.com\\\/noticias\\\/se-entregan-los-premios-laboral-kutxa-lorra-a-las-explotaciones-agrarias\\\/#listItem\",\"position\":3,\"name\":\"Se entregan los Premios LABORAL KUTXA-LORRA a las explotaciones agrarias\",\"previousItem\":{\"@type\":\"ListItem\",\"@id\":\"https:\\\/\\\/www.eldigitaldeasturias.com\\\/noticias\\\/category\\\/economia\\\/#listItem\",\"name\":\"Econom\\u00eda\"}}]},{\"@type\":\"Organization\",\"@id\":\"https:\\\/\\\/www.eldigitaldeasturias.com\\\/noticias\\\/#organization\",\"name\":\"El Digital de Asturias\",\"description\":\"Hemeroteca\",\"url\":\"https:\\\/\\\/www.eldigitaldeasturias.com\\\/noticias\\\/\",\"email\":\"info@eldigitaldeasturias.com\",\"telephone\":\"+34652131393\",\"logo\":{\"@type\":\"ImageObject\",\"url\":\"https:\\\/\\\/www.eldigitaldeasturias.com\\\/noticias\\\/wp-content\\\/uploads\\\/2020\\\/12\\\/EDA.jpg\",\"@id\":\"https:\\\/\\\/www.eldigitaldeasturias.com\\\/noticias\\\/se-entregan-los-premios-laboral-kutxa-lorra-a-las-explotaciones-agrarias\\\/#organizationLogo\",\"width\":649,\"height\":297},\"image\":{\"@id\":\"https:\\\/\\\/www.eldigitaldeasturias.com\\\/noticias\\\/se-entregan-los-premios-laboral-kutxa-lorra-a-las-explotaciones-agrarias\\\/#organizationLogo\"},\"sameAs\":[\"https:\\\/\\\/facebook.com\\\/eldigitaldeasturias\",\"https:\\\/\\\/www.youtube.com\\\/channel\\\/UCZP-2wLEB9Rv6erhFmqVnvg\"],\"address\":{\"@id\":\"https:\\\/\\\/www.eldigitaldeasturias.com\\\/noticias\\\/#postaladdress\",\"@type\":\"PostalAddress\",\"streetAddress\":\"san antonio 4,\",\"postalCode\":\"33430\",\"addressLocality\":\"Cand\\u00e1s\",\"addressRegion\":\"Asturias\",\"addressCountry\":\"ES\"}},{\"@type\":\"Person\",\"@id\":\"https:\\\/\\\/www.eldigitaldeasturias.com\\\/noticias\\\/author\\\/admin\\\/#author\",\"url\":\"https:\\\/\\\/www.eldigitaldeasturias.com\\\/noticias\\\/author\\\/admin\\\/\",\"name\":\"El Digital de Asturias\",\"image\":{\"@type\":\"ImageObject\",\"@id\":\"https:\\\/\\\/www.eldigitaldeasturias.com\\\/noticias\\\/se-entregan-los-premios-laboral-kutxa-lorra-a-las-explotaciones-agrarias\\\/#authorImage\",\"url\":\"https:\\\/\\\/www.eldigitaldeasturias.com\\\/noticias\\\/wp-content\\\/litespeed\\\/avatar\\\/18677e78aa0546b92d9dbf31ec7d7668.jpg?ver=1777290358\",\"width\":96,\"height\":96,\"caption\":\"El Digital de Asturias\"}},{\"@type\":\"WebPage\",\"@id\":\"https:\\\/\\\/www.eldigitaldeasturias.com\\\/noticias\\\/se-entregan-los-premios-laboral-kutxa-lorra-a-las-explotaciones-agrarias\\\/#webpage\",\"url\":\"https:\\\/\\\/www.eldigitaldeasturias.com\\\/noticias\\\/se-entregan-los-premios-laboral-kutxa-lorra-a-las-explotaciones-agrarias\\\/\",\"name\":\"Se entregan los Premios LABORAL KUTXA-LORRA a las explotaciones agrarias - El Digital de Asturias\",\"description\":\"El evento ha contado con la presencia de Unai Rementeria, Diputado General de Bizkaia, Elena Unzueta, Diputada Foral de Sostenibilidad y Medio Natural y Lucia Isla, Directora General de Agricultura, que han estado acompa\\u00f1ados por Jon Lekerika, Presidente de LORRA, y Jos\\u00e9 M\\u00aa P\\u00e9rez, Director Oficina Soporte Especialista y Promotores Laboral Kutxa. Adem\\u00e1s, ha contado con una nutrida asistencia de profesionales\",\"inLanguage\":\"es-ES\",\"isPartOf\":{\"@id\":\"https:\\\/\\\/www.eldigitaldeasturias.com\\\/noticias\\\/#website\"},\"breadcrumb\":{\"@id\":\"https:\\\/\\\/www.eldigitaldeasturias.com\\\/noticias\\\/se-entregan-los-premios-laboral-kutxa-lorra-a-las-explotaciones-agrarias\\\/#breadcrumblist\"},\"author\":{\"@id\":\"https:\\\/\\\/www.eldigitaldeasturias.com\\\/noticias\\\/author\\\/admin\\\/#author\"},\"creator\":{\"@id\":\"https:\\\/\\\/www.eldigitaldeasturias.com\\\/noticias\\\/author\\\/admin\\\/#author\"},\"image\":{\"@type\":\"ImageObject\",\"url\":\"https:\\\/\\\/www.eldigitaldeasturias.com\\\/noticias\\\/wp-content\\\/uploads\\\/2017\\\/12\\\/1513246702_MG7182webok.jpg\",\"@id\":\"https:\\\/\\\/www.eldigitaldeasturias.com\\\/noticias\\\/se-entregan-los-premios-laboral-kutxa-lorra-a-las-explotaciones-agrarias\\\/#mainImage\",\"width\":1134,\"height\":756},\"primaryImageOfPage\":{\"@id\":\"https:\\\/\\\/www.eldigitaldeasturias.com\\\/noticias\\\/se-entregan-los-premios-laboral-kutxa-lorra-a-las-explotaciones-agrarias\\\/#mainImage\"},\"datePublished\":\"2017-12-14T18:18:35+01:00\",\"dateModified\":\"2017-12-14T18:18:35+01:00\"},{\"@type\":\"WebSite\",\"@id\":\"https:\\\/\\\/www.eldigitaldeasturias.com\\\/noticias\\\/#website\",\"url\":\"https:\\\/\\\/www.eldigitaldeasturias.com\\\/noticias\\\/\",\"name\":\"El Digital de Asturias - Diario de actualidad y noticias\",\"alternateName\":\"El Digital de Asturias - Diario de actualidad y noticias\",\"description\":\"Hemeroteca\",\"inLanguage\":\"es-ES\",\"publisher\":{\"@id\":\"https:\\\/\\\/www.eldigitaldeasturias.com\\\/noticias\\\/#organization\"}}]}\n\t\t<\/script>\n\t\t<!-- All in One SEO Pro -->\r\n\t\t<title>Se entregan los Premios LABORAL KUTXA-LORRA a las explotaciones agrarias - El Digital de Asturias<\/title>\n\n","aioseo_head_json":{"title":"Se entregan los Premios LABORAL KUTXA-LORRA a las explotaciones agrarias - El Digital de Asturias","description":"El evento ha contado con la presencia de Unai Rementeria, Diputado General de Bizkaia, Elena Unzueta, Diputada Foral de Sostenibilidad y Medio Natural y Lucia Isla, Directora General de Agricultura, que han estado acompa\u00f1ados por Jon Lekerika, Presidente de LORRA, y Jos\u00e9 M\u00aa P\u00e9rez, Director Oficina Soporte Especialista y Promotores Laboral Kutxa. Adem\u00e1s, ha contado con una nutrida asistencia de profesionales","canonical_url":"https:\/\/www.eldigitaldeasturias.com\/noticias\/se-entregan-los-premios-laboral-kutxa-lorra-a-las-explotaciones-agrarias\/","robots":"max-image-preview:large","keywords":"econom\u00eda","webmasterTools":{"google-site-verification":"UA-38556648-1","msvalidate.01":"7dfe9f3f1b24437ab69f4f2559babe99","miscellaneous":""},"schema":{"@context":"https:\/\/schema.org","@graph":[{"@type":"BlogPosting","@id":"https:\/\/www.eldigitaldeasturias.com\/noticias\/se-entregan-los-premios-laboral-kutxa-lorra-a-las-explotaciones-agrarias\/#blogposting","name":"Se entregan los Premios LABORAL KUTXA-LORRA a las explotaciones agrarias - El Digital de Asturias","headline":"Se entregan los Premios LABORAL KUTXA-LORRA a las explotaciones agrarias","author":{"@id":"https:\/\/www.eldigitaldeasturias.com\/noticias\/author\/admin\/#author"},"publisher":{"@id":"https:\/\/www.eldigitaldeasturias.com\/noticias\/#organization"},"image":{"@type":"ImageObject","url":"https:\/\/www.eldigitaldeasturias.com\/noticias\/wp-content\/uploads\/2017\/12\/1513246702_MG7182webok.jpg","width":1134,"height":756},"datePublished":"2017-12-14T18:18:35+01:00","dateModified":"2017-12-14T18:18:35+01:00","inLanguage":"es-ES","mainEntityOfPage":{"@id":"https:\/\/www.eldigitaldeasturias.com\/noticias\/se-entregan-los-premios-laboral-kutxa-lorra-a-las-explotaciones-agrarias\/#webpage"},"isPartOf":{"@id":"https:\/\/www.eldigitaldeasturias.com\/noticias\/se-entregan-los-premios-laboral-kutxa-lorra-a-las-explotaciones-agrarias\/#webpage"},"articleSection":"Econom\u00eda"},{"@type":"BreadcrumbList","@id":"https:\/\/www.eldigitaldeasturias.com\/noticias\/se-entregan-los-premios-laboral-kutxa-lorra-a-las-explotaciones-agrarias\/#breadcrumblist","itemListElement":[{"@type":"ListItem","@id":"https:\/\/www.eldigitaldeasturias.com\/noticias#listItem","position":1,"name":"Home","item":"https:\/\/www.eldigitaldeasturias.com\/noticias","nextItem":{"@type":"ListItem","@id":"https:\/\/www.eldigitaldeasturias.com\/noticias\/category\/economia\/#listItem","name":"Econom\u00eda"}},{"@type":"ListItem","@id":"https:\/\/www.eldigitaldeasturias.com\/noticias\/category\/economia\/#listItem","position":2,"name":"Econom\u00eda","item":"https:\/\/www.eldigitaldeasturias.com\/noticias\/category\/economia\/","nextItem":{"@type":"ListItem","@id":"https:\/\/www.eldigitaldeasturias.com\/noticias\/se-entregan-los-premios-laboral-kutxa-lorra-a-las-explotaciones-agrarias\/#listItem","name":"Se entregan los Premios LABORAL KUTXA-LORRA a las explotaciones agrarias"},"previousItem":{"@type":"ListItem","@id":"https:\/\/www.eldigitaldeasturias.com\/noticias#listItem","name":"Home"}},{"@type":"ListItem","@id":"https:\/\/www.eldigitaldeasturias.com\/noticias\/se-entregan-los-premios-laboral-kutxa-lorra-a-las-explotaciones-agrarias\/#listItem","position":3,"name":"Se entregan los Premios LABORAL KUTXA-LORRA a las explotaciones agrarias","previousItem":{"@type":"ListItem","@id":"https:\/\/www.eldigitaldeasturias.com\/noticias\/category\/economia\/#listItem","name":"Econom\u00eda"}}]},{"@type":"Organization","@id":"https:\/\/www.eldigitaldeasturias.com\/noticias\/#organization","name":"El Digital de Asturias","description":"Hemeroteca","url":"https:\/\/www.eldigitaldeasturias.com\/noticias\/","email":"info@eldigitaldeasturias.com","telephone":"+34652131393","logo":{"@type":"ImageObject","url":"https:\/\/www.eldigitaldeasturias.com\/noticias\/wp-content\/uploads\/2020\/12\/EDA.jpg","@id":"https:\/\/www.eldigitaldeasturias.com\/noticias\/se-entregan-los-premios-laboral-kutxa-lorra-a-las-explotaciones-agrarias\/#organizationLogo","width":649,"height":297},"image":{"@id":"https:\/\/www.eldigitaldeasturias.com\/noticias\/se-entregan-los-premios-laboral-kutxa-lorra-a-las-explotaciones-agrarias\/#organizationLogo"},"sameAs":["https:\/\/facebook.com\/eldigitaldeasturias","https:\/\/www.youtube.com\/channel\/UCZP-2wLEB9Rv6erhFmqVnvg"],"address":{"@id":"https:\/\/www.eldigitaldeasturias.com\/noticias\/#postaladdress","@type":"PostalAddress","streetAddress":"san antonio 4,","postalCode":"33430","addressLocality":"Cand\u00e1s","addressRegion":"Asturias","addressCountry":"ES"}},{"@type":"Person","@id":"https:\/\/www.eldigitaldeasturias.com\/noticias\/author\/admin\/#author","url":"https:\/\/www.eldigitaldeasturias.com\/noticias\/author\/admin\/","name":"El Digital de Asturias","image":{"@type":"ImageObject","@id":"https:\/\/www.eldigitaldeasturias.com\/noticias\/se-entregan-los-premios-laboral-kutxa-lorra-a-las-explotaciones-agrarias\/#authorImage","url":"https:\/\/www.eldigitaldeasturias.com\/noticias\/wp-content\/litespeed\/avatar\/18677e78aa0546b92d9dbf31ec7d7668.jpg?ver=1777290358","width":96,"height":96,"caption":"El Digital de Asturias"}},{"@type":"WebPage","@id":"https:\/\/www.eldigitaldeasturias.com\/noticias\/se-entregan-los-premios-laboral-kutxa-lorra-a-las-explotaciones-agrarias\/#webpage","url":"https:\/\/www.eldigitaldeasturias.com\/noticias\/se-entregan-los-premios-laboral-kutxa-lorra-a-las-explotaciones-agrarias\/","name":"Se entregan los Premios LABORAL KUTXA-LORRA a las explotaciones agrarias - El Digital de Asturias","description":"El evento ha contado con la presencia de Unai Rementeria, Diputado General de Bizkaia, Elena Unzueta, Diputada Foral de Sostenibilidad y Medio Natural y Lucia Isla, Directora General de Agricultura, que han estado acompa\u00f1ados por Jon Lekerika, Presidente de LORRA, y Jos\u00e9 M\u00aa P\u00e9rez, Director Oficina Soporte Especialista y Promotores Laboral Kutxa. Adem\u00e1s, ha contado con una nutrida asistencia de profesionales","inLanguage":"es-ES","isPartOf":{"@id":"https:\/\/www.eldigitaldeasturias.com\/noticias\/#website"},"breadcrumb":{"@id":"https:\/\/www.eldigitaldeasturias.com\/noticias\/se-entregan-los-premios-laboral-kutxa-lorra-a-las-explotaciones-agrarias\/#breadcrumblist"},"author":{"@id":"https:\/\/www.eldigitaldeasturias.com\/noticias\/author\/admin\/#author"},"creator":{"@id":"https:\/\/www.eldigitaldeasturias.com\/noticias\/author\/admin\/#author"},"image":{"@type":"ImageObject","url":"https:\/\/www.eldigitaldeasturias.com\/noticias\/wp-content\/uploads\/2017\/12\/1513246702_MG7182webok.jpg","@id":"https:\/\/www.eldigitaldeasturias.com\/noticias\/se-entregan-los-premios-laboral-kutxa-lorra-a-las-explotaciones-agrarias\/#mainImage","width":1134,"height":756},"primaryImageOfPage":{"@id":"https:\/\/www.eldigitaldeasturias.com\/noticias\/se-entregan-los-premios-laboral-kutxa-lorra-a-las-explotaciones-agrarias\/#mainImage"},"datePublished":"2017-12-14T18:18:35+01:00","dateModified":"2017-12-14T18:18:35+01:00"},{"@type":"WebSite","@id":"https:\/\/www.eldigitaldeasturias.com\/noticias\/#website","url":"https:\/\/www.eldigitaldeasturias.com\/noticias\/","name":"El Digital de Asturias - Diario de actualidad y noticias","alternateName":"El Digital de Asturias - Diario de actualidad y noticias","description":"Hemeroteca","inLanguage":"es-ES","publisher":{"@id":"https:\/\/www.eldigitaldeasturias.com\/noticias\/#organization"}}]},"og:locale":"es_ES","og:site_name":"El Digital de Asturias","og:type":"article","og:title":"Se entregan los Premios LABORAL KUTXA-LORRA a las explotaciones agrarias - El Digital de Asturias","og:description":"El evento ha contado con la presencia de Unai Rementeria, Diputado General de Bizkaia, Elena Unzueta, Diputada Foral de Sostenibilidad y Medio Natural y Lucia Isla, Directora General de Agricultura, que han estado acompa\u00f1ados por Jon Lekerika, Presidente de LORRA, y Jos\u00e9 M\u00aa P\u00e9rez, Director Oficina Soporte Especialista y Promotores Laboral Kutxa. Adem\u00e1s, ha contado con una nutrida asistencia de profesionales","og:url":"https:\/\/www.eldigitaldeasturias.com\/noticias\/se-entregan-los-premios-laboral-kutxa-lorra-a-las-explotaciones-agrarias\/","og:image":"https:\/\/www.eldigitaldeasturias.com\/noticias\/wp-content\/uploads\/2017\/12\/1513246702_MG7182webok.jpg","og:image:secure_url":"https:\/\/www.eldigitaldeasturias.com\/noticias\/wp-content\/uploads\/2017\/12\/1513246702_MG7182webok.jpg","og:image:width":1134,"og:image:height":756,"article:tag":["econom\u00eda"],"article:published_time":"2017-12-14T18:18:35+00:00","article:modified_time":"2017-12-14T18:18:35+00:00","article:publisher":"https:\/\/facebook.com\/eldigitaldeasturias","twitter:card":"summary_large_image","twitter:title":"Se entregan los Premios LABORAL KUTXA-LORRA a las explotaciones agrarias - El Digital de Asturias","twitter:description":"El evento ha contado con la presencia de Unai Rementeria, Diputado General de Bizkaia, Elena Unzueta, Diputada Foral de Sostenibilidad y Medio Natural y Lucia Isla, Directora General de Agricultura, que han estado acompa\u00f1ados por Jon Lekerika, Presidente de LORRA, y Jos\u00e9 M\u00aa P\u00e9rez, Director Oficina Soporte Especialista y Promotores Laboral Kutxa. Adem\u00e1s, ha contado con una nutrida asistencia de profesionales","twitter:image":"https:\/\/www.eldigitaldeasturias.com\/noticias\/wp-content\/uploads\/2017\/12\/1513246702_MG7182webok.jpg","twitter:label1":"Escrito por","twitter:data1":"El Digital de Asturias","twitter:label2":"Tiempo de lectura estimado","twitter:data2":"3 minutos"},"aioseo_meta_data":{"post_id":"963399","title":null,"description":null,"keywords":null,"keyphrases":null,"primary_term":null,"canonical_url":null,"og_title":null,"og_description":null,"og_object_type":"default","og_image_type":"default","og_image_url":null,"og_image_width":null,"og_image_height":null,"og_image_custom_url":null,"og_image_custom_fields":null,"og_video":null,"og_custom_url":null,"og_article_section":null,"og_article_tags":null,"twitter_use_og":false,"twitter_card":"default","twitter_image_type":"default","twitter_image_url":null,"twitter_image_custom_url":null,"twitter_image_custom_fields":null,"twitter_title":null,"twitter_description":null,"schema":{"blockGraphs":[],"customGraphs":[],"default":{"data":{"Article":[],"Course":[],"Dataset":[],"FAQPage":[],"Movie":[],"Person":[],"Product":[],"ProductReview":[],"Car":[],"Recipe":[],"Service":[],"SoftwareApplication":[],"WebPage":[]},"graphName":"","isEnabled":true},"graphs":[],"defaultGraph":"","defaultPostTypeGraph":""},"schema_type":null,"schema_type_options":null,"pillar_content":false,"robots_default":true,"robots_noindex":false,"robots_noarchive":false,"robots_nosnippet":false,"robots_nofollow":false,"robots_noimageindex":false,"robots_noodp":false,"robots_notranslate":false,"robots_max_snippet":null,"robots_max_videopreview":null,"robots_max_imagepreview":"large","priority":null,"frequency":null,"local_seo":null,"seo_analyzer_scan_date":"2025-12-07 15:56:23","breadcrumb_settings":null,"limit_modified_date":false,"open_ai":null,"ai":null,"created":"2020-12-21 12:43:42","updated":"2025-12-07 15:56:23"},"aioseo_breadcrumb":"<div class=\"aioseo-breadcrumbs\"><span class=\"aioseo-breadcrumb\">\n\t<a href=\"https:\/\/www.eldigitaldeasturias.com\/noticias\" title=\"Home\">Home<\/a>\n<\/span><span class=\"aioseo-breadcrumb-separator\">\u2013<\/span><span class=\"aioseo-breadcrumb\">\n\t<a href=\"https:\/\/www.eldigitaldeasturias.com\/noticias\/category\/economia\/\" title=\"Econom\u00eda\">Econom\u00eda<\/a>\n<\/span><span class=\"aioseo-breadcrumb-separator\">\u2013<\/span><span class=\"aioseo-breadcrumb\">\n\t<a href=\"https:\/\/www.eldigitaldeasturias.com\/noticias\/se-entregan-los-premios-laboral-kutxa-lorra-a-las-explotaciones-agrarias\/\" title=\"Se entregan los Premios LABORAL KUTXA-LORRA a las explotaciones agrarias\">Se entregan los Premios LABORAL KUTXA-LORRA a las explotaciones agrarias<\/a>\n<\/span><\/div>","aioseo_breadcrumb_json":[{"label":"Home","link":"https:\/\/www.eldigitaldeasturias.com\/noticias"},{"label":"Econom\u00eda","link":"https:\/\/www.eldigitaldeasturias.com\/noticias\/category\/economia\/"},{"label":"Se entregan los Premios LABORAL KUTXA-LORRA a las explotaciones agrarias","link":"https:\/\/www.eldigitaldeasturias.com\/noticias\/se-entregan-los-premios-laboral-kutxa-lorra-a-las-explotaciones-agrarias\/"}],"_links":{"self":[{"href":"https:\/\/www.eldigitaldeasturias.com\/noticias\/wp-json\/wp\/v2\/posts\/963399","targetHints":{"allow":["GET"]}}],"collection":[{"href":"https:\/\/www.eldigitaldeasturias.com\/noticias\/wp-json\/wp\/v2\/posts"}],"about":[{"href":"https:\/\/www.eldigitaldeasturias.com\/noticias\/wp-json\/wp\/v2\/types\/post"}],"author":[{"embeddable":true,"href":"https:\/\/www.eldigitaldeasturias.com\/noticias\/wp-json\/wp\/v2\/users\/1"}],"replies":[{"embeddable":true,"href":"https:\/\/www.eldigitaldeasturias.com\/noticias\/wp-json\/wp\/v2\/comments?post=963399"}],"version-history":[{"count":0,"href":"https:\/\/www.eldigitaldeasturias.com\/noticias\/wp-json\/wp\/v2\/posts\/963399\/revisions"}],"wp:featuredmedia":[{"embeddable":true,"href":"https:\/\/www.eldigitaldeasturias.com\/noticias\/wp-json\/wp\/v2\/media\/963400"}],"wp:attachment":[{"href":"https:\/\/www.eldigitaldeasturias.com\/noticias\/wp-json\/wp\/v2\/media?parent=963399"}],"wp:term":[{"taxonomy":"category","embeddable":true,"href":"https:\/\/www.eldigitaldeasturias.com\/noticias\/wp-json\/wp\/v2\/categories?post=963399"},{"taxonomy":"post_tag","embeddable":true,"href":"https:\/\/www.eldigitaldeasturias.com\/noticias\/wp-json\/wp\/v2\/tags?post=963399"}],"curies":[{"name":"wp","href":"https:\/\/api.w.org\/{rel}","templated":true}]}}