{"id":963390,"date":"2017-12-14T17:49:21","date_gmt":"2017-12-14T17:49:21","guid":{"rendered":"http:\/\/www.eldigitaldeasturias.com\/noticias\/?p=963390"},"modified":"2017-12-14T17:49:21","modified_gmt":"2017-12-14T17:49:21","slug":"la-figura-del-community-manager-se-introduce-con-fuerza-en-las-pymes","status":"publish","type":"post","link":"https:\/\/www.eldigitaldeasturias.com\/noticias\/la-figura-del-community-manager-se-introduce-con-fuerza-en-las-pymes\/","title":{"rendered":"La figura del Community Manager se introduce con fuerza en las pymes"},"content":{"rendered":"<p><img loading=\"lazy\" decoding=\"async\" class=\"alignleft size-medium wp-image-963391\" src=\"https:\/\/www.eldigitaldeasturias.com\/noticias\/wp-content\/uploads\/2017\/12\/1513176674_community_manager_pamplona-360x240.jpg\" alt=\"\" width=\"360\" height=\"240\" srcset=\"https:\/\/www.eldigitaldeasturias.com\/noticias\/wp-content\/uploads\/2017\/12\/1513176674_community_manager_pamplona-360x240.jpg 360w, https:\/\/www.eldigitaldeasturias.com\/noticias\/wp-content\/uploads\/2017\/12\/1513176674_community_manager_pamplona-768x512.jpg 768w, https:\/\/www.eldigitaldeasturias.com\/noticias\/wp-content\/uploads\/2017\/12\/1513176674_community_manager_pamplona-650x433.jpg 650w, https:\/\/www.eldigitaldeasturias.com\/noticias\/wp-content\/uploads\/2017\/12\/1513176674_community_manager_pamplona.jpg 800w\" sizes=\"auto, (max-width: 360px) 100vw, 360px\" \/>Seg\u00fan el estudio \u2018P\u00e1ginas Amarillas\u00a0<a href=\"https:\/\/www.padigital.es\/captacion-clientes\/conoce-el-nivel-de-digitalizacion-de-las-pymes-espanolas-estudio-census-2016-de-paginas-amarillas.html\" target=\"_blank\" rel=\"nofollow noopener\"><span style=\"color: #ff6600;\"><strong>Soluciones Digitales Census 2016<\/strong><\/span><\/a>\u2019, el 66% de pymes cuentan con un perfil empresarial en redes sociales, de las cuales un 7% las gestiona un Community Manager. El a\u00f1o pasado, el 60% de pymes de nueva creaci\u00f3n han invertido en marketing digital, siendo las plataformas m\u00e1s importantes las redes sociales, Google Adwords y P\u00e1ginasamarillas.es respectivamente. \u00bfPor qu\u00e9 ese creciente inter\u00e9s de las peque\u00f1as empresas en el Community Management? \u00bfQu\u00e9 las lleva a decidirse por contratar los servicios de un experto en redes sociales?<\/p>\n<p>El papel del Community Manager no se basa \u00fanicamente en compartir publicaciones atractivamente visuales, es el encargado de construir, gestionar y dirigir la comunidad online de una entidad generando y perservando relaciones estables y s\u00f3lidas con los seguidores e internautas pertenecientes al p\u00fablico objetivo. Para ello, debe contar con un perfil claramente enfocado al marketing de contenidos.<\/p>\n<p>Unos a\u00f1os atr\u00e1s, la demanda era m\u00ednima. Las medianas y peque\u00f1as empresas encargaban este papel a un empleado, pensando que era un trabajo banal e irrelevante. Y por supuesto, el resultado final no era el esperado. La administraci\u00f3n de una marca en Internet requiere un conjunto de habilidades t\u00e9cnicas y creativas as\u00ed como aptitudes adquiridas a trav\u00e9s una preparaci\u00f3n y formaci\u00f3n id\u00f3neas.<\/p>\n<p><span style=\"color: #ff6600;\"><strong><a style=\"color: #ff6600;\" href=\"https:\/\/communitymanagerpamplona.com\/\" target=\"_blank\" rel=\"noopener\">Community Manager Pamplona<\/a><\/strong><\/span>, empresa de marketing digital afincada en la capital navarra, revela las cinco caracter\u00edsticas con las que todo profesional de las redes sociales debe contar: creatividad, conocimientos de neuromarketing y sociol\u00f3gicos, una perfecta ortograf\u00eda y l\u00e9xico para comunicar correctamente, actualizaci\u00f3n constante en los algoritmos de las diferentes redes sociales y, por supuesto, dominio de las plataformas y herramientas de gesti\u00f3n, dise\u00f1o y an\u00e1lisis.<\/p>\n<p>\u00abContar con un experto que genere contenidos relevantes en Internet alrededor de tu marca, mejorar\u00e1 tu imagen y te ayudar\u00e1 a construir branding profesional. Tener un perfil de empresa en redes sociales es f\u00e1cil, todos sabemos crear una p\u00e1gina de Facebook. Sin embargo, manejar cada red social en funci\u00f3n de los objetivos, tipo de empresa y segmento al que nos dirigimos no es tan sencillo\u00bb,\u00a0subraya el equipo de Community Manager Pamplona, a\u00f1adiendo: \u00abSi tu p\u00fablico objetivo son adolescentes de entre 13 y 16 a\u00f1os, tal vez dirigir recursos y tiempo a Facebook sea una inversi\u00f3n poco constructiva. Es importante saber d\u00f3nde, c\u00f3mo y cu\u00e1ndo estar presente\u00bb.<\/p>\n<p>De igual forma, se\u00f1alan otro elemento inalienable que todo profesional del Social Media debe manejar: la definici\u00f3n de un tono de voz e imagen \u00fanicos a mantener en todos los canales de la marca, que se establezcan en base a los objetivos, visi\u00f3n, misi\u00f3n y valores de la empresa. Aqu\u00ed entra en juego tambi\u00e9n la labor de atenci\u00f3n al cliente que administra el Community. Se han de fijar ciertas directrices con \u00e9ste para que act\u00fae en base a ellas en casos de crisis, comentarios negativos o difamaciones.<\/p>\n<p>Por otro lado, a la hora de crear y compartir contenidos, es primordial contar con un calendario de publicaciones en base a las diferentes secciones que previamente se hayan determinado. La improvisaci\u00f3n en este trabajo no es un buen compa\u00f1ero, al contrario de lo que muchas empresas piensan. Dicha programaci\u00f3n ha de fundamentarse en diferentes estudios y an\u00e1lisis, que puede ser modificada durante su transcurso si se detectase alg\u00fan cambio significativo en el micro o macroentorno de la empresa, al igual que si la consecuci\u00f3n de objetivos se est\u00e1 viendo perturbada.<\/p>\n<p>La asesor\u00eda legal relativa a redes sociales es una reciente funci\u00f3n que los Community han de manejar. Pocos conocen las bases legales que establecen las redes sociales a la hora de realizar concursos o sorteos utilizando las plataformas. Aqu\u00ed debemos mencionar la conocida Ley Org\u00e1nica de Protecci\u00f3n de Datos, la cual ha de ser conocedora por todos los profesionales del sector para evitar sanciones de hasta 300.000 euros.<\/p>\n<p>Para finalizar, Community Manager Pamplona destaca \u00absi el fin que estableces es \u00fanicamente promocionar tus productos o servicios en redes sociales, nunca conseguir\u00e1s tus objetivos. Hoy en d\u00eda los consumidores buscan historias con las que sentirse emocionados e identificados. Los Community Manager creamos y dotamos a los perfiles empresariales de historias congruentes y creativas que hacen de tu marca algo sustancial en la vida diaria de los consumidores. Creamos afinidad y fidelidad. Destruimos la barrera psicol\u00f3gica que existe entre los consumidores hacia una marca en internet, dentro de un contexto de ventas constantes. Y es que, actualmente, establecer v\u00ednculos con los consumidores ha de ser siempre una meta prioritaria\u00bb.<\/p>\n<p>&nbsp;<\/p>\n","protected":false},"excerpt":{"rendered":"<p>Seg\u00fan el estudio \u2018P\u00e1ginas Amarillas\u00a0Soluciones Digitales Census 2016\u2019, el 66% de pymes cuentan con un perfil empresarial en redes sociales, de las cuales un 7% las gestiona un Community Manager. El a\u00f1o pasado, el 60% de pymes de nueva creaci\u00f3n han invertido en marketing digital, siendo las plataformas m\u00e1s importantes las redes sociales, Google Adwords [&hellip;]<\/p>\n","protected":false},"author":1,"featured_media":963391,"comment_status":"closed","ping_status":"closed","sticky":false,"template":"","format":"standard","meta":{"footnotes":""},"categories":[187],"tags":[],"class_list":["post-963390","post","type-post","status-publish","format-standard","has-post-thumbnail","hentry","category-economia"],"aioseo_notices":[],"aioseo_head":"\n\t\t<!-- All in One SEO Pro 4.9.6.2 - aioseo.com -->\n\t<meta name=\"description\" content=\"Seg\u00fan el estudio \u2018P\u00e1ginas Amarillas Soluciones Digitales Census 2016\u2019, el 66% de pymes cuentan con un perfil empresarial en redes sociales, de las cuales un 7% las gestiona un Community Manager. El a\u00f1o pasado, el 60% de pymes de nueva creaci\u00f3n han invertido en marketing digital, siendo las plataformas m\u00e1s importantes las redes sociales, Google Adwords\" \/>\n\t<meta name=\"robots\" content=\"max-image-preview:large\" \/>\n\t<meta name=\"author\" content=\"El Digital de Asturias\"\/>\n\t<meta name=\"google-site-verification\" content=\"UA-38556648-1\" \/>\n\t<meta name=\"msvalidate.01\" content=\"7dfe9f3f1b24437ab69f4f2559babe99\" \/>\n\t<meta name=\"keywords\" content=\"econom\u00eda\" \/>\n\t<link rel=\"canonical\" href=\"https:\/\/www.eldigitaldeasturias.com\/noticias\/la-figura-del-community-manager-se-introduce-con-fuerza-en-las-pymes\/\" \/>\n\t<meta name=\"generator\" content=\"All in One SEO Pro (AIOSEO) 4.9.6.2\" \/>\n\t\t<meta property=\"og:locale\" content=\"es_ES\" \/>\n\t\t<meta property=\"og:site_name\" content=\"El Digital de Asturias\" \/>\n\t\t<meta property=\"og:type\" content=\"article\" \/>\n\t\t<meta property=\"og:title\" content=\"La figura del Community Manager se introduce con fuerza en las pymes - El Digital de Asturias\" \/>\n\t\t<meta property=\"og:description\" content=\"Seg\u00fan el estudio \u2018P\u00e1ginas Amarillas Soluciones Digitales Census 2016\u2019, el 66% de pymes cuentan con un perfil empresarial en redes sociales, de las cuales un 7% las gestiona un Community Manager. El a\u00f1o pasado, el 60% de pymes de nueva creaci\u00f3n han invertido en marketing digital, siendo las plataformas m\u00e1s importantes las redes sociales, Google Adwords\" \/>\n\t\t<meta property=\"og:url\" content=\"https:\/\/www.eldigitaldeasturias.com\/noticias\/la-figura-del-community-manager-se-introduce-con-fuerza-en-las-pymes\/\" \/>\n\t\t<meta property=\"og:image\" content=\"https:\/\/www.eldigitaldeasturias.com\/noticias\/wp-content\/uploads\/2017\/12\/1513176674_community_manager_pamplona.jpg\" \/>\n\t\t<meta property=\"og:image:secure_url\" content=\"https:\/\/www.eldigitaldeasturias.com\/noticias\/wp-content\/uploads\/2017\/12\/1513176674_community_manager_pamplona.jpg\" \/>\n\t\t<meta property=\"og:image:width\" content=\"800\" \/>\n\t\t<meta property=\"og:image:height\" content=\"533\" \/>\n\t\t<meta property=\"article:tag\" content=\"econom\u00eda\" \/>\n\t\t<meta property=\"article:published_time\" content=\"2017-12-14T17:49:21+00:00\" \/>\n\t\t<meta property=\"article:modified_time\" content=\"2017-12-14T17:49:21+00:00\" \/>\n\t\t<meta property=\"article:publisher\" content=\"https:\/\/facebook.com\/eldigitaldeasturias\" \/>\n\t\t<meta name=\"twitter:card\" content=\"summary_large_image\" \/>\n\t\t<meta name=\"twitter:title\" content=\"La figura del Community Manager se introduce con fuerza en las pymes - El Digital de Asturias\" \/>\n\t\t<meta name=\"twitter:description\" content=\"Seg\u00fan el estudio \u2018P\u00e1ginas Amarillas Soluciones Digitales Census 2016\u2019, el 66% de pymes cuentan con un perfil empresarial en redes sociales, de las cuales un 7% las gestiona un Community Manager. El a\u00f1o pasado, el 60% de pymes de nueva creaci\u00f3n han invertido en marketing digital, siendo las plataformas m\u00e1s importantes las redes sociales, Google Adwords\" \/>\n\t\t<meta name=\"twitter:image\" content=\"https:\/\/www.eldigitaldeasturias.com\/noticias\/wp-content\/uploads\/2017\/12\/1513176674_community_manager_pamplona.jpg\" \/>\n\t\t<meta name=\"twitter:label1\" content=\"Escrito por\" \/>\n\t\t<meta name=\"twitter:data1\" content=\"El Digital de Asturias\" \/>\n\t\t<meta name=\"twitter:label2\" content=\"Tiempo de lectura estimado\" \/>\n\t\t<meta name=\"twitter:data2\" content=\"4 minutos\" \/>\n\t\t<script type=\"application\/ld+json\" class=\"aioseo-schema\">\n\t\t\t{\"@context\":\"https:\\\/\\\/schema.org\",\"@graph\":[{\"@type\":\"BlogPosting\",\"@id\":\"https:\\\/\\\/www.eldigitaldeasturias.com\\\/noticias\\\/la-figura-del-community-manager-se-introduce-con-fuerza-en-las-pymes\\\/#blogposting\",\"name\":\"La figura del Community Manager se introduce con fuerza en las pymes - El Digital de Asturias\",\"headline\":\"La figura del Community Manager se introduce con fuerza en las pymes\",\"author\":{\"@id\":\"https:\\\/\\\/www.eldigitaldeasturias.com\\\/noticias\\\/author\\\/admin\\\/#author\"},\"publisher\":{\"@id\":\"https:\\\/\\\/www.eldigitaldeasturias.com\\\/noticias\\\/#organization\"},\"image\":{\"@type\":\"ImageObject\",\"url\":\"https:\\\/\\\/www.eldigitaldeasturias.com\\\/noticias\\\/wp-content\\\/uploads\\\/2017\\\/12\\\/1513176674_community_manager_pamplona.jpg\",\"width\":800,\"height\":533},\"datePublished\":\"2017-12-14T17:49:21+01:00\",\"dateModified\":\"2017-12-14T17:49:21+01:00\",\"inLanguage\":\"es-ES\",\"mainEntityOfPage\":{\"@id\":\"https:\\\/\\\/www.eldigitaldeasturias.com\\\/noticias\\\/la-figura-del-community-manager-se-introduce-con-fuerza-en-las-pymes\\\/#webpage\"},\"isPartOf\":{\"@id\":\"https:\\\/\\\/www.eldigitaldeasturias.com\\\/noticias\\\/la-figura-del-community-manager-se-introduce-con-fuerza-en-las-pymes\\\/#webpage\"},\"articleSection\":\"Econom\\u00eda\"},{\"@type\":\"BreadcrumbList\",\"@id\":\"https:\\\/\\\/www.eldigitaldeasturias.com\\\/noticias\\\/la-figura-del-community-manager-se-introduce-con-fuerza-en-las-pymes\\\/#breadcrumblist\",\"itemListElement\":[{\"@type\":\"ListItem\",\"@id\":\"https:\\\/\\\/www.eldigitaldeasturias.com\\\/noticias#listItem\",\"position\":1,\"name\":\"Home\",\"item\":\"https:\\\/\\\/www.eldigitaldeasturias.com\\\/noticias\",\"nextItem\":{\"@type\":\"ListItem\",\"@id\":\"https:\\\/\\\/www.eldigitaldeasturias.com\\\/noticias\\\/category\\\/economia\\\/#listItem\",\"name\":\"Econom\\u00eda\"}},{\"@type\":\"ListItem\",\"@id\":\"https:\\\/\\\/www.eldigitaldeasturias.com\\\/noticias\\\/category\\\/economia\\\/#listItem\",\"position\":2,\"name\":\"Econom\\u00eda\",\"item\":\"https:\\\/\\\/www.eldigitaldeasturias.com\\\/noticias\\\/category\\\/economia\\\/\",\"nextItem\":{\"@type\":\"ListItem\",\"@id\":\"https:\\\/\\\/www.eldigitaldeasturias.com\\\/noticias\\\/la-figura-del-community-manager-se-introduce-con-fuerza-en-las-pymes\\\/#listItem\",\"name\":\"La figura del Community Manager se introduce con fuerza en las pymes\"},\"previousItem\":{\"@type\":\"ListItem\",\"@id\":\"https:\\\/\\\/www.eldigitaldeasturias.com\\\/noticias#listItem\",\"name\":\"Home\"}},{\"@type\":\"ListItem\",\"@id\":\"https:\\\/\\\/www.eldigitaldeasturias.com\\\/noticias\\\/la-figura-del-community-manager-se-introduce-con-fuerza-en-las-pymes\\\/#listItem\",\"position\":3,\"name\":\"La figura del Community Manager se introduce con fuerza en las pymes\",\"previousItem\":{\"@type\":\"ListItem\",\"@id\":\"https:\\\/\\\/www.eldigitaldeasturias.com\\\/noticias\\\/category\\\/economia\\\/#listItem\",\"name\":\"Econom\\u00eda\"}}]},{\"@type\":\"Organization\",\"@id\":\"https:\\\/\\\/www.eldigitaldeasturias.com\\\/noticias\\\/#organization\",\"name\":\"El Digital de Asturias\",\"description\":\"Hemeroteca\",\"url\":\"https:\\\/\\\/www.eldigitaldeasturias.com\\\/noticias\\\/\",\"email\":\"info@eldigitaldeasturias.com\",\"telephone\":\"+34652131393\",\"logo\":{\"@type\":\"ImageObject\",\"url\":\"https:\\\/\\\/www.eldigitaldeasturias.com\\\/noticias\\\/wp-content\\\/uploads\\\/2020\\\/12\\\/EDA.jpg\",\"@id\":\"https:\\\/\\\/www.eldigitaldeasturias.com\\\/noticias\\\/la-figura-del-community-manager-se-introduce-con-fuerza-en-las-pymes\\\/#organizationLogo\",\"width\":649,\"height\":297},\"image\":{\"@id\":\"https:\\\/\\\/www.eldigitaldeasturias.com\\\/noticias\\\/la-figura-del-community-manager-se-introduce-con-fuerza-en-las-pymes\\\/#organizationLogo\"},\"sameAs\":[\"https:\\\/\\\/facebook.com\\\/eldigitaldeasturias\",\"https:\\\/\\\/www.youtube.com\\\/channel\\\/UCZP-2wLEB9Rv6erhFmqVnvg\"],\"address\":{\"@id\":\"https:\\\/\\\/www.eldigitaldeasturias.com\\\/noticias\\\/#postaladdress\",\"@type\":\"PostalAddress\",\"streetAddress\":\"san antonio 4,\",\"postalCode\":\"33430\",\"addressLocality\":\"Cand\\u00e1s\",\"addressRegion\":\"Asturias\",\"addressCountry\":\"ES\"}},{\"@type\":\"Person\",\"@id\":\"https:\\\/\\\/www.eldigitaldeasturias.com\\\/noticias\\\/author\\\/admin\\\/#author\",\"url\":\"https:\\\/\\\/www.eldigitaldeasturias.com\\\/noticias\\\/author\\\/admin\\\/\",\"name\":\"El Digital de Asturias\",\"image\":{\"@type\":\"ImageObject\",\"@id\":\"https:\\\/\\\/www.eldigitaldeasturias.com\\\/noticias\\\/la-figura-del-community-manager-se-introduce-con-fuerza-en-las-pymes\\\/#authorImage\",\"url\":\"https:\\\/\\\/www.eldigitaldeasturias.com\\\/noticias\\\/wp-content\\\/litespeed\\\/avatar\\\/18677e78aa0546b92d9dbf31ec7d7668.jpg?ver=1777290358\",\"width\":96,\"height\":96,\"caption\":\"El Digital de Asturias\"}},{\"@type\":\"WebPage\",\"@id\":\"https:\\\/\\\/www.eldigitaldeasturias.com\\\/noticias\\\/la-figura-del-community-manager-se-introduce-con-fuerza-en-las-pymes\\\/#webpage\",\"url\":\"https:\\\/\\\/www.eldigitaldeasturias.com\\\/noticias\\\/la-figura-del-community-manager-se-introduce-con-fuerza-en-las-pymes\\\/\",\"name\":\"La figura del Community Manager se introduce con fuerza en las pymes - El Digital de Asturias\",\"description\":\"Seg\\u00fan el estudio \\u2018P\\u00e1ginas Amarillas Soluciones Digitales Census 2016\\u2019, el 66% de pymes cuentan con un perfil empresarial en redes sociales, de las cuales un 7% las gestiona un Community Manager. El a\\u00f1o pasado, el 60% de pymes de nueva creaci\\u00f3n han invertido en marketing digital, siendo las plataformas m\\u00e1s importantes las redes sociales, Google Adwords\",\"inLanguage\":\"es-ES\",\"isPartOf\":{\"@id\":\"https:\\\/\\\/www.eldigitaldeasturias.com\\\/noticias\\\/#website\"},\"breadcrumb\":{\"@id\":\"https:\\\/\\\/www.eldigitaldeasturias.com\\\/noticias\\\/la-figura-del-community-manager-se-introduce-con-fuerza-en-las-pymes\\\/#breadcrumblist\"},\"author\":{\"@id\":\"https:\\\/\\\/www.eldigitaldeasturias.com\\\/noticias\\\/author\\\/admin\\\/#author\"},\"creator\":{\"@id\":\"https:\\\/\\\/www.eldigitaldeasturias.com\\\/noticias\\\/author\\\/admin\\\/#author\"},\"image\":{\"@type\":\"ImageObject\",\"url\":\"https:\\\/\\\/www.eldigitaldeasturias.com\\\/noticias\\\/wp-content\\\/uploads\\\/2017\\\/12\\\/1513176674_community_manager_pamplona.jpg\",\"@id\":\"https:\\\/\\\/www.eldigitaldeasturias.com\\\/noticias\\\/la-figura-del-community-manager-se-introduce-con-fuerza-en-las-pymes\\\/#mainImage\",\"width\":800,\"height\":533},\"primaryImageOfPage\":{\"@id\":\"https:\\\/\\\/www.eldigitaldeasturias.com\\\/noticias\\\/la-figura-del-community-manager-se-introduce-con-fuerza-en-las-pymes\\\/#mainImage\"},\"datePublished\":\"2017-12-14T17:49:21+01:00\",\"dateModified\":\"2017-12-14T17:49:21+01:00\"},{\"@type\":\"WebSite\",\"@id\":\"https:\\\/\\\/www.eldigitaldeasturias.com\\\/noticias\\\/#website\",\"url\":\"https:\\\/\\\/www.eldigitaldeasturias.com\\\/noticias\\\/\",\"name\":\"El Digital de Asturias - Diario de actualidad y noticias\",\"alternateName\":\"El Digital de Asturias - Diario de actualidad y noticias\",\"description\":\"Hemeroteca\",\"inLanguage\":\"es-ES\",\"publisher\":{\"@id\":\"https:\\\/\\\/www.eldigitaldeasturias.com\\\/noticias\\\/#organization\"}}]}\n\t\t<\/script>\n\t\t<!-- All in One SEO Pro -->\r\n\t\t<title>La figura del Community Manager se introduce con fuerza en las pymes - El Digital de Asturias<\/title>\n\n","aioseo_head_json":{"title":"La figura del Community Manager se introduce con fuerza en las pymes - El Digital de Asturias","description":"Seg\u00fan el estudio \u2018P\u00e1ginas Amarillas Soluciones Digitales Census 2016\u2019, el 66% de pymes cuentan con un perfil empresarial en redes sociales, de las cuales un 7% las gestiona un Community Manager. El a\u00f1o pasado, el 60% de pymes de nueva creaci\u00f3n han invertido en marketing digital, siendo las plataformas m\u00e1s importantes las redes sociales, Google Adwords","canonical_url":"https:\/\/www.eldigitaldeasturias.com\/noticias\/la-figura-del-community-manager-se-introduce-con-fuerza-en-las-pymes\/","robots":"max-image-preview:large","keywords":"econom\u00eda","webmasterTools":{"google-site-verification":"UA-38556648-1","msvalidate.01":"7dfe9f3f1b24437ab69f4f2559babe99","miscellaneous":""},"schema":{"@context":"https:\/\/schema.org","@graph":[{"@type":"BlogPosting","@id":"https:\/\/www.eldigitaldeasturias.com\/noticias\/la-figura-del-community-manager-se-introduce-con-fuerza-en-las-pymes\/#blogposting","name":"La figura del Community Manager se introduce con fuerza en las pymes - El Digital de Asturias","headline":"La figura del Community Manager se introduce con fuerza en las pymes","author":{"@id":"https:\/\/www.eldigitaldeasturias.com\/noticias\/author\/admin\/#author"},"publisher":{"@id":"https:\/\/www.eldigitaldeasturias.com\/noticias\/#organization"},"image":{"@type":"ImageObject","url":"https:\/\/www.eldigitaldeasturias.com\/noticias\/wp-content\/uploads\/2017\/12\/1513176674_community_manager_pamplona.jpg","width":800,"height":533},"datePublished":"2017-12-14T17:49:21+01:00","dateModified":"2017-12-14T17:49:21+01:00","inLanguage":"es-ES","mainEntityOfPage":{"@id":"https:\/\/www.eldigitaldeasturias.com\/noticias\/la-figura-del-community-manager-se-introduce-con-fuerza-en-las-pymes\/#webpage"},"isPartOf":{"@id":"https:\/\/www.eldigitaldeasturias.com\/noticias\/la-figura-del-community-manager-se-introduce-con-fuerza-en-las-pymes\/#webpage"},"articleSection":"Econom\u00eda"},{"@type":"BreadcrumbList","@id":"https:\/\/www.eldigitaldeasturias.com\/noticias\/la-figura-del-community-manager-se-introduce-con-fuerza-en-las-pymes\/#breadcrumblist","itemListElement":[{"@type":"ListItem","@id":"https:\/\/www.eldigitaldeasturias.com\/noticias#listItem","position":1,"name":"Home","item":"https:\/\/www.eldigitaldeasturias.com\/noticias","nextItem":{"@type":"ListItem","@id":"https:\/\/www.eldigitaldeasturias.com\/noticias\/category\/economia\/#listItem","name":"Econom\u00eda"}},{"@type":"ListItem","@id":"https:\/\/www.eldigitaldeasturias.com\/noticias\/category\/economia\/#listItem","position":2,"name":"Econom\u00eda","item":"https:\/\/www.eldigitaldeasturias.com\/noticias\/category\/economia\/","nextItem":{"@type":"ListItem","@id":"https:\/\/www.eldigitaldeasturias.com\/noticias\/la-figura-del-community-manager-se-introduce-con-fuerza-en-las-pymes\/#listItem","name":"La figura del Community Manager se introduce con fuerza en las pymes"},"previousItem":{"@type":"ListItem","@id":"https:\/\/www.eldigitaldeasturias.com\/noticias#listItem","name":"Home"}},{"@type":"ListItem","@id":"https:\/\/www.eldigitaldeasturias.com\/noticias\/la-figura-del-community-manager-se-introduce-con-fuerza-en-las-pymes\/#listItem","position":3,"name":"La figura del Community Manager se introduce con fuerza en las pymes","previousItem":{"@type":"ListItem","@id":"https:\/\/www.eldigitaldeasturias.com\/noticias\/category\/economia\/#listItem","name":"Econom\u00eda"}}]},{"@type":"Organization","@id":"https:\/\/www.eldigitaldeasturias.com\/noticias\/#organization","name":"El Digital de Asturias","description":"Hemeroteca","url":"https:\/\/www.eldigitaldeasturias.com\/noticias\/","email":"info@eldigitaldeasturias.com","telephone":"+34652131393","logo":{"@type":"ImageObject","url":"https:\/\/www.eldigitaldeasturias.com\/noticias\/wp-content\/uploads\/2020\/12\/EDA.jpg","@id":"https:\/\/www.eldigitaldeasturias.com\/noticias\/la-figura-del-community-manager-se-introduce-con-fuerza-en-las-pymes\/#organizationLogo","width":649,"height":297},"image":{"@id":"https:\/\/www.eldigitaldeasturias.com\/noticias\/la-figura-del-community-manager-se-introduce-con-fuerza-en-las-pymes\/#organizationLogo"},"sameAs":["https:\/\/facebook.com\/eldigitaldeasturias","https:\/\/www.youtube.com\/channel\/UCZP-2wLEB9Rv6erhFmqVnvg"],"address":{"@id":"https:\/\/www.eldigitaldeasturias.com\/noticias\/#postaladdress","@type":"PostalAddress","streetAddress":"san antonio 4,","postalCode":"33430","addressLocality":"Cand\u00e1s","addressRegion":"Asturias","addressCountry":"ES"}},{"@type":"Person","@id":"https:\/\/www.eldigitaldeasturias.com\/noticias\/author\/admin\/#author","url":"https:\/\/www.eldigitaldeasturias.com\/noticias\/author\/admin\/","name":"El Digital de Asturias","image":{"@type":"ImageObject","@id":"https:\/\/www.eldigitaldeasturias.com\/noticias\/la-figura-del-community-manager-se-introduce-con-fuerza-en-las-pymes\/#authorImage","url":"https:\/\/www.eldigitaldeasturias.com\/noticias\/wp-content\/litespeed\/avatar\/18677e78aa0546b92d9dbf31ec7d7668.jpg?ver=1777290358","width":96,"height":96,"caption":"El Digital de Asturias"}},{"@type":"WebPage","@id":"https:\/\/www.eldigitaldeasturias.com\/noticias\/la-figura-del-community-manager-se-introduce-con-fuerza-en-las-pymes\/#webpage","url":"https:\/\/www.eldigitaldeasturias.com\/noticias\/la-figura-del-community-manager-se-introduce-con-fuerza-en-las-pymes\/","name":"La figura del Community Manager se introduce con fuerza en las pymes - El Digital de Asturias","description":"Seg\u00fan el estudio \u2018P\u00e1ginas Amarillas Soluciones Digitales Census 2016\u2019, el 66% de pymes cuentan con un perfil empresarial en redes sociales, de las cuales un 7% las gestiona un Community Manager. El a\u00f1o pasado, el 60% de pymes de nueva creaci\u00f3n han invertido en marketing digital, siendo las plataformas m\u00e1s importantes las redes sociales, Google Adwords","inLanguage":"es-ES","isPartOf":{"@id":"https:\/\/www.eldigitaldeasturias.com\/noticias\/#website"},"breadcrumb":{"@id":"https:\/\/www.eldigitaldeasturias.com\/noticias\/la-figura-del-community-manager-se-introduce-con-fuerza-en-las-pymes\/#breadcrumblist"},"author":{"@id":"https:\/\/www.eldigitaldeasturias.com\/noticias\/author\/admin\/#author"},"creator":{"@id":"https:\/\/www.eldigitaldeasturias.com\/noticias\/author\/admin\/#author"},"image":{"@type":"ImageObject","url":"https:\/\/www.eldigitaldeasturias.com\/noticias\/wp-content\/uploads\/2017\/12\/1513176674_community_manager_pamplona.jpg","@id":"https:\/\/www.eldigitaldeasturias.com\/noticias\/la-figura-del-community-manager-se-introduce-con-fuerza-en-las-pymes\/#mainImage","width":800,"height":533},"primaryImageOfPage":{"@id":"https:\/\/www.eldigitaldeasturias.com\/noticias\/la-figura-del-community-manager-se-introduce-con-fuerza-en-las-pymes\/#mainImage"},"datePublished":"2017-12-14T17:49:21+01:00","dateModified":"2017-12-14T17:49:21+01:00"},{"@type":"WebSite","@id":"https:\/\/www.eldigitaldeasturias.com\/noticias\/#website","url":"https:\/\/www.eldigitaldeasturias.com\/noticias\/","name":"El Digital de Asturias - Diario de actualidad y noticias","alternateName":"El Digital de Asturias - Diario de actualidad y noticias","description":"Hemeroteca","inLanguage":"es-ES","publisher":{"@id":"https:\/\/www.eldigitaldeasturias.com\/noticias\/#organization"}}]},"og:locale":"es_ES","og:site_name":"El Digital de Asturias","og:type":"article","og:title":"La figura del Community Manager se introduce con fuerza en las pymes - El Digital de Asturias","og:description":"Seg\u00fan el estudio \u2018P\u00e1ginas Amarillas Soluciones Digitales Census 2016\u2019, el 66% de pymes cuentan con un perfil empresarial en redes sociales, de las cuales un 7% las gestiona un Community Manager. El a\u00f1o pasado, el 60% de pymes de nueva creaci\u00f3n han invertido en marketing digital, siendo las plataformas m\u00e1s importantes las redes sociales, Google Adwords","og:url":"https:\/\/www.eldigitaldeasturias.com\/noticias\/la-figura-del-community-manager-se-introduce-con-fuerza-en-las-pymes\/","og:image":"https:\/\/www.eldigitaldeasturias.com\/noticias\/wp-content\/uploads\/2017\/12\/1513176674_community_manager_pamplona.jpg","og:image:secure_url":"https:\/\/www.eldigitaldeasturias.com\/noticias\/wp-content\/uploads\/2017\/12\/1513176674_community_manager_pamplona.jpg","og:image:width":800,"og:image:height":533,"article:tag":["econom\u00eda"],"article:published_time":"2017-12-14T17:49:21+00:00","article:modified_time":"2017-12-14T17:49:21+00:00","article:publisher":"https:\/\/facebook.com\/eldigitaldeasturias","twitter:card":"summary_large_image","twitter:title":"La figura del Community Manager se introduce con fuerza en las pymes - El Digital de Asturias","twitter:description":"Seg\u00fan el estudio \u2018P\u00e1ginas Amarillas Soluciones Digitales Census 2016\u2019, el 66% de pymes cuentan con un perfil empresarial en redes sociales, de las cuales un 7% las gestiona un Community Manager. El a\u00f1o pasado, el 60% de pymes de nueva creaci\u00f3n han invertido en marketing digital, siendo las plataformas m\u00e1s importantes las redes sociales, Google Adwords","twitter:image":"https:\/\/www.eldigitaldeasturias.com\/noticias\/wp-content\/uploads\/2017\/12\/1513176674_community_manager_pamplona.jpg","twitter:label1":"Escrito por","twitter:data1":"El Digital de Asturias","twitter:label2":"Tiempo de lectura estimado","twitter:data2":"4 minutos"},"aioseo_meta_data":{"post_id":"963390","title":null,"description":null,"keywords":null,"keyphrases":null,"primary_term":null,"canonical_url":null,"og_title":null,"og_description":null,"og_object_type":"default","og_image_type":"default","og_image_url":null,"og_image_width":null,"og_image_height":null,"og_image_custom_url":null,"og_image_custom_fields":null,"og_video":null,"og_custom_url":null,"og_article_section":null,"og_article_tags":null,"twitter_use_og":false,"twitter_card":"default","twitter_image_type":"default","twitter_image_url":null,"twitter_image_custom_url":null,"twitter_image_custom_fields":null,"twitter_title":null,"twitter_description":null,"schema":{"blockGraphs":[],"customGraphs":[],"default":{"data":{"Article":[],"Course":[],"Dataset":[],"FAQPage":[],"Movie":[],"Person":[],"Product":[],"ProductReview":[],"Car":[],"Recipe":[],"Service":[],"SoftwareApplication":[],"WebPage":[]},"graphName":"","isEnabled":true},"graphs":[],"defaultGraph":"","defaultPostTypeGraph":""},"schema_type":null,"schema_type_options":null,"pillar_content":false,"robots_default":true,"robots_noindex":false,"robots_noarchive":false,"robots_nosnippet":false,"robots_nofollow":false,"robots_noimageindex":false,"robots_noodp":false,"robots_notranslate":false,"robots_max_snippet":null,"robots_max_videopreview":null,"robots_max_imagepreview":"large","priority":null,"frequency":null,"local_seo":null,"seo_analyzer_scan_date":"2025-12-07 15:56:21","breadcrumb_settings":null,"limit_modified_date":false,"open_ai":null,"ai":null,"created":"2020-12-21 12:43:42","updated":"2025-12-07 15:56:21"},"aioseo_breadcrumb":"<div class=\"aioseo-breadcrumbs\"><span class=\"aioseo-breadcrumb\">\n\t<a href=\"https:\/\/www.eldigitaldeasturias.com\/noticias\" title=\"Home\">Home<\/a>\n<\/span><span class=\"aioseo-breadcrumb-separator\">\u2013<\/span><span class=\"aioseo-breadcrumb\">\n\t<a href=\"https:\/\/www.eldigitaldeasturias.com\/noticias\/category\/economia\/\" title=\"Econom\u00eda\">Econom\u00eda<\/a>\n<\/span><span class=\"aioseo-breadcrumb-separator\">\u2013<\/span><span class=\"aioseo-breadcrumb\">\n\t<a href=\"https:\/\/www.eldigitaldeasturias.com\/noticias\/la-figura-del-community-manager-se-introduce-con-fuerza-en-las-pymes\/\" title=\"La figura del Community Manager se introduce con fuerza en las pymes\">La figura del Community Manager se introduce con fuerza en las pymes<\/a>\n<\/span><\/div>","aioseo_breadcrumb_json":[{"label":"Home","link":"https:\/\/www.eldigitaldeasturias.com\/noticias"},{"label":"Econom\u00eda","link":"https:\/\/www.eldigitaldeasturias.com\/noticias\/category\/economia\/"},{"label":"La figura del Community Manager se introduce con fuerza en las pymes","link":"https:\/\/www.eldigitaldeasturias.com\/noticias\/la-figura-del-community-manager-se-introduce-con-fuerza-en-las-pymes\/"}],"_links":{"self":[{"href":"https:\/\/www.eldigitaldeasturias.com\/noticias\/wp-json\/wp\/v2\/posts\/963390","targetHints":{"allow":["GET"]}}],"collection":[{"href":"https:\/\/www.eldigitaldeasturias.com\/noticias\/wp-json\/wp\/v2\/posts"}],"about":[{"href":"https:\/\/www.eldigitaldeasturias.com\/noticias\/wp-json\/wp\/v2\/types\/post"}],"author":[{"embeddable":true,"href":"https:\/\/www.eldigitaldeasturias.com\/noticias\/wp-json\/wp\/v2\/users\/1"}],"replies":[{"embeddable":true,"href":"https:\/\/www.eldigitaldeasturias.com\/noticias\/wp-json\/wp\/v2\/comments?post=963390"}],"version-history":[{"count":0,"href":"https:\/\/www.eldigitaldeasturias.com\/noticias\/wp-json\/wp\/v2\/posts\/963390\/revisions"}],"wp:featuredmedia":[{"embeddable":true,"href":"https:\/\/www.eldigitaldeasturias.com\/noticias\/wp-json\/wp\/v2\/media\/963391"}],"wp:attachment":[{"href":"https:\/\/www.eldigitaldeasturias.com\/noticias\/wp-json\/wp\/v2\/media?parent=963390"}],"wp:term":[{"taxonomy":"category","embeddable":true,"href":"https:\/\/www.eldigitaldeasturias.com\/noticias\/wp-json\/wp\/v2\/categories?post=963390"},{"taxonomy":"post_tag","embeddable":true,"href":"https:\/\/www.eldigitaldeasturias.com\/noticias\/wp-json\/wp\/v2\/tags?post=963390"}],"curies":[{"name":"wp","href":"https:\/\/api.w.org\/{rel}","templated":true}]}}