{"id":963387,"date":"2017-12-14T17:46:05","date_gmt":"2017-12-14T17:46:05","guid":{"rendered":"http:\/\/www.eldigitaldeasturias.com\/noticias\/?p=963387"},"modified":"2017-12-14T17:46:05","modified_gmt":"2017-12-14T17:46:05","slug":"el-futuro-de-la-agricultura-a-debate-en-foro-del-campo","status":"publish","type":"post","link":"https:\/\/www.eldigitaldeasturias.com\/noticias\/el-futuro-de-la-agricultura-a-debate-en-foro-del-campo\/","title":{"rendered":"El futuro de la agricultura a debate en Foro del Campo"},"content":{"rendered":"<p><img loading=\"lazy\" decoding=\"async\" class=\"alignleft size-medium wp-image-963388\" src=\"https:\/\/www.eldigitaldeasturias.com\/noticias\/wp-content\/uploads\/2017\/12\/1513242039_IMAGEN_POST_1-360x188.jpg\" alt=\"\" width=\"360\" height=\"188\" srcset=\"https:\/\/www.eldigitaldeasturias.com\/noticias\/wp-content\/uploads\/2017\/12\/1513242039_IMAGEN_POST_1-360x188.jpg 360w, https:\/\/www.eldigitaldeasturias.com\/noticias\/wp-content\/uploads\/2017\/12\/1513242039_IMAGEN_POST_1-768x402.jpg 768w, https:\/\/www.eldigitaldeasturias.com\/noticias\/wp-content\/uploads\/2017\/12\/1513242039_IMAGEN_POST_1-650x340.jpg 650w, https:\/\/www.eldigitaldeasturias.com\/noticias\/wp-content\/uploads\/2017\/12\/1513242039_IMAGEN_POST_1.jpg 1200w\" sizes=\"auto, (max-width: 360px) 100vw, 360px\" \/>Los \u00faltimos meses del a\u00f1o sirven, en buena medida, para hacer balance y replantearse el futuro. Por este motivo, Foro del Campo ha visto oportuno lanzar a debate El Futuro de la Alimentaci\u00f3n y la Agricultura, la nueva Comunicaci\u00f3n de la Comisi\u00f3n Europea. \u00abEl documento tiene como objetivo ser la base para la PAC\u00bb, explica Miguel Torrico, responsable de la web.<\/p>\n<p>Este nace como respuesta a los continuos cambios que han tenido lugar alrededor de la Pol\u00edtica Agraria Com\u00fan. El cambio clim\u00e1tico, la incertidumbre econ\u00f3mica, la importancia del comercio mundial etc.\u00a0Es responsabilidad de la UE dirigir la transici\u00f3n.<\/p>\n<p><strong>\u00bfC\u00f3mo puede iniciarse un debate sobre la pol\u00edtica revisada sin conocer el presupuesto ni el pr\u00f3ximo marco financiero plurianual (MFP)?<\/strong><\/p>\n<p>Sencillamente se estudia la manera de mejorar la rentabilidad de la PAC, para poder orientar el debate sin prejuzgar la propuesta prevista para mayo de 2018.<\/p>\n<p><strong>\u00bfPor qu\u00e9 no contiene la Comunicaci\u00f3n datos m\u00e1s precisos sobre algunas cuestiones?\u00a0<\/strong><\/p>\n<p>Se se\u00f1alan los desaf\u00edos y oportunidades que tenemos por delante y se formulan orientaciones. \u00abEs preciso profundizar en ellas a trav\u00e9s del di\u00e1logo\u00bb.<\/p>\n<p><strong>\u00bfCu\u00e1les son las pr\u00f3ximas etapas?<\/strong><\/p>\n<p>Durante los pr\u00f3ximos meses se debatir\u00e1 en torno a los objetivos, la arquitectura y el dise\u00f1o concretos de la futura pol\u00edtica. Esta labor consistir\u00e1 principalmente en una evaluaci\u00f3n de impacto, que examinar\u00e1 las distintas opciones.<\/p>\n<p><strong>\u00bfC\u00f3mo se simplificar\u00e1 la futura PAC para los agricultores y las administraciones de los Estados miembros?<\/strong><\/p>\n<p>La futura PAC tendr\u00e1 objetivos comunes y un conjunto de medidas para alcanzar esos objetivos. De este conjunto com\u00fan de medidas, los Estados miembros podr\u00e1n elegir el grupo de opciones que consideren m\u00e1s convenientes.<\/p>\n<p><strong>\u00bfC\u00f3mo se llevar\u00e1 a la pr\u00e1ctica este nuevo planteamiento?<\/strong><\/p>\n<p>La Uni\u00f3n deber\u00eda fijar par\u00e1metros estrat\u00e9gicos b\u00e1sicos, acordes con los objetivos de la PAC y que dieran cumplimiento a las obligaciones y objetivos ya fijados. Cada uno de los Estados miembros deber\u00e1 elaborar un \u00abplan estrat\u00e9gico de la PAC\u00bb. \u00abEsto implica much\u00edsima m\u00e1s responsabilidad\u00bb, comenta Miguel.<\/p>\n<p><strong>\u00bfEs este un primer paso hacia la renacionalizaci\u00f3n de la PAC?<\/strong><\/p>\n<p>Lo principal es reconocer la gran variedad que existe en la UE en lo que concierne a la agricultura, al potencial de producci\u00f3n agron\u00f3mica, y a las condiciones medioambientales, clim\u00e1ticas y socioecon\u00f3micas. Debe primar la diversidad frente a un modelo \u00fanico.<\/p>\n<p><strong>\u00bfPor qu\u00e9 es la PAC importante para el medio ambiente?<\/strong><\/p>\n<p>La agricultura abarca cerca de la mitad de la superficie terrestre de la UE y mantiene una estrecha relaci\u00f3n con el medio ambiente. La futura PAC debe fomentar y apoyar pr\u00e1cticas agr\u00edcolas adaptadas al cambio clim\u00e1tico.<\/p>\n<p><strong>\u00bfC\u00f3mo ayudar\u00e1 la futura PAC a los agricultores a proteger el medio ambiente?<\/strong><\/p>\n<p>Los agricultores que reciban ayudas a la renta de la PAC tendr\u00e1n que aplicar diversas pr\u00e1cticas respetuosas con el medio ambiente y el clima. \u00abTambi\u00e9n se premiar\u00e1 el respeto al entorno\u00bb.<\/p>\n<p><strong>Si se conf\u00edan compromisos medioambientales a los Estados miembros, \u00bfc\u00f3mo puede garantizarse la igualdad de condiciones entre los agricultores?<\/strong>\u00a0<strong>\u00bfAcabaremos teniendo 28 sistemas diferentes?<\/strong><br \/>\nLa Comisi\u00f3n tendr\u00e1 control sobre de los planes nacionales y regionales, lo que garantizar\u00e1 que las opciones elegidas no sean err\u00f3neas o inadecuadas para alcanzar los resultados previstos y cumplir los requisitos b\u00e1sicos de la UE.<\/p>\n<p><strong><span style=\"color: #ff6600;\"><a style=\"color: #ff6600;\" href=\"https:\/\/forodelcampo.com\/\" target=\"_blank\" rel=\"nofollow noopener\">Foro del Campo<\/a>\u00a0<\/span><\/strong>es una plataforma de debate e informaci\u00f3n, que funciona como punto de encuentro entre agricultores y ganaderos espa\u00f1oles. Para cualquier duda o sugerencia, recomiendan escribir a<strong><em>\u00a0(info@forodelcampo.com).<\/em><\/strong><\/p>\n","protected":false},"excerpt":{"rendered":"<p>Los \u00faltimos meses del a\u00f1o sirven, en buena medida, para hacer balance y replantearse el futuro. Por este motivo, Foro del Campo ha visto oportuno lanzar a debate El Futuro de la Alimentaci\u00f3n y la Agricultura, la nueva Comunicaci\u00f3n de la Comisi\u00f3n Europea. \u00abEl documento tiene como objetivo ser la base para la PAC\u00bb, explica [&hellip;]<\/p>\n","protected":false},"author":1,"featured_media":963388,"comment_status":"closed","ping_status":"closed","sticky":false,"template":"","format":"standard","meta":{"footnotes":""},"categories":[187],"tags":[],"class_list":["post-963387","post","type-post","status-publish","format-standard","has-post-thumbnail","hentry","category-economia"],"aioseo_notices":[],"aioseo_head":"\n\t\t<!-- All in One SEO Pro 4.9.6.2 - aioseo.com -->\n\t<meta name=\"description\" content=\"Los \u00faltimos meses del a\u00f1o sirven, en buena medida, para hacer balance y replantearse el futuro. Por este motivo, Foro del Campo ha visto oportuno lanzar a debate El Futuro de la Alimentaci\u00f3n y la Agricultura, la nueva Comunicaci\u00f3n de la Comisi\u00f3n Europea. &quot;El documento tiene como objetivo ser la base para la PAC&quot;, explica\" \/>\n\t<meta name=\"robots\" content=\"max-image-preview:large\" \/>\n\t<meta name=\"author\" content=\"El Digital de Asturias\"\/>\n\t<meta name=\"google-site-verification\" content=\"UA-38556648-1\" \/>\n\t<meta name=\"msvalidate.01\" content=\"7dfe9f3f1b24437ab69f4f2559babe99\" \/>\n\t<meta name=\"keywords\" content=\"econom\u00eda\" \/>\n\t<link rel=\"canonical\" href=\"https:\/\/www.eldigitaldeasturias.com\/noticias\/el-futuro-de-la-agricultura-a-debate-en-foro-del-campo\/\" \/>\n\t<meta name=\"generator\" content=\"All in One SEO Pro (AIOSEO) 4.9.6.2\" \/>\n\t\t<meta property=\"og:locale\" content=\"es_ES\" \/>\n\t\t<meta property=\"og:site_name\" content=\"El Digital de Asturias\" \/>\n\t\t<meta property=\"og:type\" content=\"article\" \/>\n\t\t<meta property=\"og:title\" content=\"El futuro de la agricultura a debate en Foro del Campo - El Digital de Asturias\" \/>\n\t\t<meta property=\"og:description\" content=\"Los \u00faltimos meses del a\u00f1o sirven, en buena medida, para hacer balance y replantearse el futuro. Por este motivo, Foro del Campo ha visto oportuno lanzar a debate El Futuro de la Alimentaci\u00f3n y la Agricultura, la nueva Comunicaci\u00f3n de la Comisi\u00f3n Europea. &quot;El documento tiene como objetivo ser la base para la PAC&quot;, explica\" \/>\n\t\t<meta property=\"og:url\" content=\"https:\/\/www.eldigitaldeasturias.com\/noticias\/el-futuro-de-la-agricultura-a-debate-en-foro-del-campo\/\" \/>\n\t\t<meta property=\"og:image\" content=\"https:\/\/www.eldigitaldeasturias.com\/noticias\/wp-content\/uploads\/2017\/12\/1513242039_IMAGEN_POST_1.jpg\" \/>\n\t\t<meta property=\"og:image:secure_url\" content=\"https:\/\/www.eldigitaldeasturias.com\/noticias\/wp-content\/uploads\/2017\/12\/1513242039_IMAGEN_POST_1.jpg\" \/>\n\t\t<meta property=\"og:image:width\" content=\"1200\" \/>\n\t\t<meta property=\"og:image:height\" content=\"628\" \/>\n\t\t<meta property=\"article:tag\" content=\"econom\u00eda\" \/>\n\t\t<meta property=\"article:published_time\" content=\"2017-12-14T17:46:05+00:00\" \/>\n\t\t<meta property=\"article:modified_time\" content=\"2017-12-14T17:46:05+00:00\" \/>\n\t\t<meta property=\"article:publisher\" content=\"https:\/\/facebook.com\/eldigitaldeasturias\" \/>\n\t\t<meta name=\"twitter:card\" content=\"summary_large_image\" \/>\n\t\t<meta name=\"twitter:title\" content=\"El futuro de la agricultura a debate en Foro del Campo - El Digital de Asturias\" \/>\n\t\t<meta name=\"twitter:description\" content=\"Los \u00faltimos meses del a\u00f1o sirven, en buena medida, para hacer balance y replantearse el futuro. Por este motivo, Foro del Campo ha visto oportuno lanzar a debate El Futuro de la Alimentaci\u00f3n y la Agricultura, la nueva Comunicaci\u00f3n de la Comisi\u00f3n Europea. &quot;El documento tiene como objetivo ser la base para la PAC&quot;, explica\" \/>\n\t\t<meta name=\"twitter:image\" content=\"https:\/\/www.eldigitaldeasturias.com\/noticias\/wp-content\/uploads\/2017\/12\/1513242039_IMAGEN_POST_1.jpg\" \/>\n\t\t<meta name=\"twitter:label1\" content=\"Escrito por\" \/>\n\t\t<meta name=\"twitter:data1\" content=\"El Digital de Asturias\" \/>\n\t\t<meta name=\"twitter:label2\" content=\"Tiempo de lectura estimado\" \/>\n\t\t<meta name=\"twitter:data2\" content=\"3 minutos\" \/>\n\t\t<script type=\"application\/ld+json\" class=\"aioseo-schema\">\n\t\t\t{\"@context\":\"https:\\\/\\\/schema.org\",\"@graph\":[{\"@type\":\"BlogPosting\",\"@id\":\"https:\\\/\\\/www.eldigitaldeasturias.com\\\/noticias\\\/el-futuro-de-la-agricultura-a-debate-en-foro-del-campo\\\/#blogposting\",\"name\":\"El futuro de la agricultura a debate en Foro del Campo - El Digital de Asturias\",\"headline\":\"El futuro de la agricultura a debate en Foro del Campo\",\"author\":{\"@id\":\"https:\\\/\\\/www.eldigitaldeasturias.com\\\/noticias\\\/author\\\/admin\\\/#author\"},\"publisher\":{\"@id\":\"https:\\\/\\\/www.eldigitaldeasturias.com\\\/noticias\\\/#organization\"},\"image\":{\"@type\":\"ImageObject\",\"url\":\"https:\\\/\\\/www.eldigitaldeasturias.com\\\/noticias\\\/wp-content\\\/uploads\\\/2017\\\/12\\\/1513242039_IMAGEN_POST_1.jpg\",\"width\":1200,\"height\":628},\"datePublished\":\"2017-12-14T17:46:05+01:00\",\"dateModified\":\"2017-12-14T17:46:05+01:00\",\"inLanguage\":\"es-ES\",\"mainEntityOfPage\":{\"@id\":\"https:\\\/\\\/www.eldigitaldeasturias.com\\\/noticias\\\/el-futuro-de-la-agricultura-a-debate-en-foro-del-campo\\\/#webpage\"},\"isPartOf\":{\"@id\":\"https:\\\/\\\/www.eldigitaldeasturias.com\\\/noticias\\\/el-futuro-de-la-agricultura-a-debate-en-foro-del-campo\\\/#webpage\"},\"articleSection\":\"Econom\\u00eda\"},{\"@type\":\"BreadcrumbList\",\"@id\":\"https:\\\/\\\/www.eldigitaldeasturias.com\\\/noticias\\\/el-futuro-de-la-agricultura-a-debate-en-foro-del-campo\\\/#breadcrumblist\",\"itemListElement\":[{\"@type\":\"ListItem\",\"@id\":\"https:\\\/\\\/www.eldigitaldeasturias.com\\\/noticias#listItem\",\"position\":1,\"name\":\"Home\",\"item\":\"https:\\\/\\\/www.eldigitaldeasturias.com\\\/noticias\",\"nextItem\":{\"@type\":\"ListItem\",\"@id\":\"https:\\\/\\\/www.eldigitaldeasturias.com\\\/noticias\\\/category\\\/economia\\\/#listItem\",\"name\":\"Econom\\u00eda\"}},{\"@type\":\"ListItem\",\"@id\":\"https:\\\/\\\/www.eldigitaldeasturias.com\\\/noticias\\\/category\\\/economia\\\/#listItem\",\"position\":2,\"name\":\"Econom\\u00eda\",\"item\":\"https:\\\/\\\/www.eldigitaldeasturias.com\\\/noticias\\\/category\\\/economia\\\/\",\"nextItem\":{\"@type\":\"ListItem\",\"@id\":\"https:\\\/\\\/www.eldigitaldeasturias.com\\\/noticias\\\/el-futuro-de-la-agricultura-a-debate-en-foro-del-campo\\\/#listItem\",\"name\":\"El futuro de la agricultura a debate en Foro del Campo\"},\"previousItem\":{\"@type\":\"ListItem\",\"@id\":\"https:\\\/\\\/www.eldigitaldeasturias.com\\\/noticias#listItem\",\"name\":\"Home\"}},{\"@type\":\"ListItem\",\"@id\":\"https:\\\/\\\/www.eldigitaldeasturias.com\\\/noticias\\\/el-futuro-de-la-agricultura-a-debate-en-foro-del-campo\\\/#listItem\",\"position\":3,\"name\":\"El futuro de la agricultura a debate en Foro del Campo\",\"previousItem\":{\"@type\":\"ListItem\",\"@id\":\"https:\\\/\\\/www.eldigitaldeasturias.com\\\/noticias\\\/category\\\/economia\\\/#listItem\",\"name\":\"Econom\\u00eda\"}}]},{\"@type\":\"Organization\",\"@id\":\"https:\\\/\\\/www.eldigitaldeasturias.com\\\/noticias\\\/#organization\",\"name\":\"El Digital de Asturias\",\"description\":\"Hemeroteca\",\"url\":\"https:\\\/\\\/www.eldigitaldeasturias.com\\\/noticias\\\/\",\"email\":\"info@eldigitaldeasturias.com\",\"telephone\":\"+34652131393\",\"logo\":{\"@type\":\"ImageObject\",\"url\":\"https:\\\/\\\/www.eldigitaldeasturias.com\\\/noticias\\\/wp-content\\\/uploads\\\/2020\\\/12\\\/EDA.jpg\",\"@id\":\"https:\\\/\\\/www.eldigitaldeasturias.com\\\/noticias\\\/el-futuro-de-la-agricultura-a-debate-en-foro-del-campo\\\/#organizationLogo\",\"width\":649,\"height\":297},\"image\":{\"@id\":\"https:\\\/\\\/www.eldigitaldeasturias.com\\\/noticias\\\/el-futuro-de-la-agricultura-a-debate-en-foro-del-campo\\\/#organizationLogo\"},\"sameAs\":[\"https:\\\/\\\/facebook.com\\\/eldigitaldeasturias\",\"https:\\\/\\\/www.youtube.com\\\/channel\\\/UCZP-2wLEB9Rv6erhFmqVnvg\"],\"address\":{\"@id\":\"https:\\\/\\\/www.eldigitaldeasturias.com\\\/noticias\\\/#postaladdress\",\"@type\":\"PostalAddress\",\"streetAddress\":\"san antonio 4,\",\"postalCode\":\"33430\",\"addressLocality\":\"Cand\\u00e1s\",\"addressRegion\":\"Asturias\",\"addressCountry\":\"ES\"}},{\"@type\":\"Person\",\"@id\":\"https:\\\/\\\/www.eldigitaldeasturias.com\\\/noticias\\\/author\\\/admin\\\/#author\",\"url\":\"https:\\\/\\\/www.eldigitaldeasturias.com\\\/noticias\\\/author\\\/admin\\\/\",\"name\":\"El Digital de Asturias\",\"image\":{\"@type\":\"ImageObject\",\"@id\":\"https:\\\/\\\/www.eldigitaldeasturias.com\\\/noticias\\\/el-futuro-de-la-agricultura-a-debate-en-foro-del-campo\\\/#authorImage\",\"url\":\"https:\\\/\\\/www.eldigitaldeasturias.com\\\/noticias\\\/wp-content\\\/litespeed\\\/avatar\\\/18677e78aa0546b92d9dbf31ec7d7668.jpg?ver=1777290358\",\"width\":96,\"height\":96,\"caption\":\"El Digital de Asturias\"}},{\"@type\":\"WebPage\",\"@id\":\"https:\\\/\\\/www.eldigitaldeasturias.com\\\/noticias\\\/el-futuro-de-la-agricultura-a-debate-en-foro-del-campo\\\/#webpage\",\"url\":\"https:\\\/\\\/www.eldigitaldeasturias.com\\\/noticias\\\/el-futuro-de-la-agricultura-a-debate-en-foro-del-campo\\\/\",\"name\":\"El futuro de la agricultura a debate en Foro del Campo - El Digital de Asturias\",\"description\":\"Los \\u00faltimos meses del a\\u00f1o sirven, en buena medida, para hacer balance y replantearse el futuro. Por este motivo, Foro del Campo ha visto oportuno lanzar a debate El Futuro de la Alimentaci\\u00f3n y la Agricultura, la nueva Comunicaci\\u00f3n de la Comisi\\u00f3n Europea. \\\"El documento tiene como objetivo ser la base para la PAC\\\", explica\",\"inLanguage\":\"es-ES\",\"isPartOf\":{\"@id\":\"https:\\\/\\\/www.eldigitaldeasturias.com\\\/noticias\\\/#website\"},\"breadcrumb\":{\"@id\":\"https:\\\/\\\/www.eldigitaldeasturias.com\\\/noticias\\\/el-futuro-de-la-agricultura-a-debate-en-foro-del-campo\\\/#breadcrumblist\"},\"author\":{\"@id\":\"https:\\\/\\\/www.eldigitaldeasturias.com\\\/noticias\\\/author\\\/admin\\\/#author\"},\"creator\":{\"@id\":\"https:\\\/\\\/www.eldigitaldeasturias.com\\\/noticias\\\/author\\\/admin\\\/#author\"},\"image\":{\"@type\":\"ImageObject\",\"url\":\"https:\\\/\\\/www.eldigitaldeasturias.com\\\/noticias\\\/wp-content\\\/uploads\\\/2017\\\/12\\\/1513242039_IMAGEN_POST_1.jpg\",\"@id\":\"https:\\\/\\\/www.eldigitaldeasturias.com\\\/noticias\\\/el-futuro-de-la-agricultura-a-debate-en-foro-del-campo\\\/#mainImage\",\"width\":1200,\"height\":628},\"primaryImageOfPage\":{\"@id\":\"https:\\\/\\\/www.eldigitaldeasturias.com\\\/noticias\\\/el-futuro-de-la-agricultura-a-debate-en-foro-del-campo\\\/#mainImage\"},\"datePublished\":\"2017-12-14T17:46:05+01:00\",\"dateModified\":\"2017-12-14T17:46:05+01:00\"},{\"@type\":\"WebSite\",\"@id\":\"https:\\\/\\\/www.eldigitaldeasturias.com\\\/noticias\\\/#website\",\"url\":\"https:\\\/\\\/www.eldigitaldeasturias.com\\\/noticias\\\/\",\"name\":\"El Digital de Asturias - Diario de actualidad y noticias\",\"alternateName\":\"El Digital de Asturias - Diario de actualidad y noticias\",\"description\":\"Hemeroteca\",\"inLanguage\":\"es-ES\",\"publisher\":{\"@id\":\"https:\\\/\\\/www.eldigitaldeasturias.com\\\/noticias\\\/#organization\"}}]}\n\t\t<\/script>\n\t\t<!-- All in One SEO Pro -->\r\n\t\t<title>El futuro de la agricultura a debate en Foro del Campo - El Digital de Asturias<\/title>\n\n","aioseo_head_json":{"title":"El futuro de la agricultura a debate en Foro del Campo - El Digital de Asturias","description":"Los \u00faltimos meses del a\u00f1o sirven, en buena medida, para hacer balance y replantearse el futuro. Por este motivo, Foro del Campo ha visto oportuno lanzar a debate El Futuro de la Alimentaci\u00f3n y la Agricultura, la nueva Comunicaci\u00f3n de la Comisi\u00f3n Europea. \"El documento tiene como objetivo ser la base para la PAC\", explica","canonical_url":"https:\/\/www.eldigitaldeasturias.com\/noticias\/el-futuro-de-la-agricultura-a-debate-en-foro-del-campo\/","robots":"max-image-preview:large","keywords":"econom\u00eda","webmasterTools":{"google-site-verification":"UA-38556648-1","msvalidate.01":"7dfe9f3f1b24437ab69f4f2559babe99","miscellaneous":""},"schema":{"@context":"https:\/\/schema.org","@graph":[{"@type":"BlogPosting","@id":"https:\/\/www.eldigitaldeasturias.com\/noticias\/el-futuro-de-la-agricultura-a-debate-en-foro-del-campo\/#blogposting","name":"El futuro de la agricultura a debate en Foro del Campo - El Digital de Asturias","headline":"El futuro de la agricultura a debate en Foro del Campo","author":{"@id":"https:\/\/www.eldigitaldeasturias.com\/noticias\/author\/admin\/#author"},"publisher":{"@id":"https:\/\/www.eldigitaldeasturias.com\/noticias\/#organization"},"image":{"@type":"ImageObject","url":"https:\/\/www.eldigitaldeasturias.com\/noticias\/wp-content\/uploads\/2017\/12\/1513242039_IMAGEN_POST_1.jpg","width":1200,"height":628},"datePublished":"2017-12-14T17:46:05+01:00","dateModified":"2017-12-14T17:46:05+01:00","inLanguage":"es-ES","mainEntityOfPage":{"@id":"https:\/\/www.eldigitaldeasturias.com\/noticias\/el-futuro-de-la-agricultura-a-debate-en-foro-del-campo\/#webpage"},"isPartOf":{"@id":"https:\/\/www.eldigitaldeasturias.com\/noticias\/el-futuro-de-la-agricultura-a-debate-en-foro-del-campo\/#webpage"},"articleSection":"Econom\u00eda"},{"@type":"BreadcrumbList","@id":"https:\/\/www.eldigitaldeasturias.com\/noticias\/el-futuro-de-la-agricultura-a-debate-en-foro-del-campo\/#breadcrumblist","itemListElement":[{"@type":"ListItem","@id":"https:\/\/www.eldigitaldeasturias.com\/noticias#listItem","position":1,"name":"Home","item":"https:\/\/www.eldigitaldeasturias.com\/noticias","nextItem":{"@type":"ListItem","@id":"https:\/\/www.eldigitaldeasturias.com\/noticias\/category\/economia\/#listItem","name":"Econom\u00eda"}},{"@type":"ListItem","@id":"https:\/\/www.eldigitaldeasturias.com\/noticias\/category\/economia\/#listItem","position":2,"name":"Econom\u00eda","item":"https:\/\/www.eldigitaldeasturias.com\/noticias\/category\/economia\/","nextItem":{"@type":"ListItem","@id":"https:\/\/www.eldigitaldeasturias.com\/noticias\/el-futuro-de-la-agricultura-a-debate-en-foro-del-campo\/#listItem","name":"El futuro de la agricultura a debate en Foro del Campo"},"previousItem":{"@type":"ListItem","@id":"https:\/\/www.eldigitaldeasturias.com\/noticias#listItem","name":"Home"}},{"@type":"ListItem","@id":"https:\/\/www.eldigitaldeasturias.com\/noticias\/el-futuro-de-la-agricultura-a-debate-en-foro-del-campo\/#listItem","position":3,"name":"El futuro de la agricultura a debate en Foro del Campo","previousItem":{"@type":"ListItem","@id":"https:\/\/www.eldigitaldeasturias.com\/noticias\/category\/economia\/#listItem","name":"Econom\u00eda"}}]},{"@type":"Organization","@id":"https:\/\/www.eldigitaldeasturias.com\/noticias\/#organization","name":"El Digital de Asturias","description":"Hemeroteca","url":"https:\/\/www.eldigitaldeasturias.com\/noticias\/","email":"info@eldigitaldeasturias.com","telephone":"+34652131393","logo":{"@type":"ImageObject","url":"https:\/\/www.eldigitaldeasturias.com\/noticias\/wp-content\/uploads\/2020\/12\/EDA.jpg","@id":"https:\/\/www.eldigitaldeasturias.com\/noticias\/el-futuro-de-la-agricultura-a-debate-en-foro-del-campo\/#organizationLogo","width":649,"height":297},"image":{"@id":"https:\/\/www.eldigitaldeasturias.com\/noticias\/el-futuro-de-la-agricultura-a-debate-en-foro-del-campo\/#organizationLogo"},"sameAs":["https:\/\/facebook.com\/eldigitaldeasturias","https:\/\/www.youtube.com\/channel\/UCZP-2wLEB9Rv6erhFmqVnvg"],"address":{"@id":"https:\/\/www.eldigitaldeasturias.com\/noticias\/#postaladdress","@type":"PostalAddress","streetAddress":"san antonio 4,","postalCode":"33430","addressLocality":"Cand\u00e1s","addressRegion":"Asturias","addressCountry":"ES"}},{"@type":"Person","@id":"https:\/\/www.eldigitaldeasturias.com\/noticias\/author\/admin\/#author","url":"https:\/\/www.eldigitaldeasturias.com\/noticias\/author\/admin\/","name":"El Digital de Asturias","image":{"@type":"ImageObject","@id":"https:\/\/www.eldigitaldeasturias.com\/noticias\/el-futuro-de-la-agricultura-a-debate-en-foro-del-campo\/#authorImage","url":"https:\/\/www.eldigitaldeasturias.com\/noticias\/wp-content\/litespeed\/avatar\/18677e78aa0546b92d9dbf31ec7d7668.jpg?ver=1777290358","width":96,"height":96,"caption":"El Digital de Asturias"}},{"@type":"WebPage","@id":"https:\/\/www.eldigitaldeasturias.com\/noticias\/el-futuro-de-la-agricultura-a-debate-en-foro-del-campo\/#webpage","url":"https:\/\/www.eldigitaldeasturias.com\/noticias\/el-futuro-de-la-agricultura-a-debate-en-foro-del-campo\/","name":"El futuro de la agricultura a debate en Foro del Campo - El Digital de Asturias","description":"Los \u00faltimos meses del a\u00f1o sirven, en buena medida, para hacer balance y replantearse el futuro. Por este motivo, Foro del Campo ha visto oportuno lanzar a debate El Futuro de la Alimentaci\u00f3n y la Agricultura, la nueva Comunicaci\u00f3n de la Comisi\u00f3n Europea. \"El documento tiene como objetivo ser la base para la PAC\", explica","inLanguage":"es-ES","isPartOf":{"@id":"https:\/\/www.eldigitaldeasturias.com\/noticias\/#website"},"breadcrumb":{"@id":"https:\/\/www.eldigitaldeasturias.com\/noticias\/el-futuro-de-la-agricultura-a-debate-en-foro-del-campo\/#breadcrumblist"},"author":{"@id":"https:\/\/www.eldigitaldeasturias.com\/noticias\/author\/admin\/#author"},"creator":{"@id":"https:\/\/www.eldigitaldeasturias.com\/noticias\/author\/admin\/#author"},"image":{"@type":"ImageObject","url":"https:\/\/www.eldigitaldeasturias.com\/noticias\/wp-content\/uploads\/2017\/12\/1513242039_IMAGEN_POST_1.jpg","@id":"https:\/\/www.eldigitaldeasturias.com\/noticias\/el-futuro-de-la-agricultura-a-debate-en-foro-del-campo\/#mainImage","width":1200,"height":628},"primaryImageOfPage":{"@id":"https:\/\/www.eldigitaldeasturias.com\/noticias\/el-futuro-de-la-agricultura-a-debate-en-foro-del-campo\/#mainImage"},"datePublished":"2017-12-14T17:46:05+01:00","dateModified":"2017-12-14T17:46:05+01:00"},{"@type":"WebSite","@id":"https:\/\/www.eldigitaldeasturias.com\/noticias\/#website","url":"https:\/\/www.eldigitaldeasturias.com\/noticias\/","name":"El Digital de Asturias - Diario de actualidad y noticias","alternateName":"El Digital de Asturias - Diario de actualidad y noticias","description":"Hemeroteca","inLanguage":"es-ES","publisher":{"@id":"https:\/\/www.eldigitaldeasturias.com\/noticias\/#organization"}}]},"og:locale":"es_ES","og:site_name":"El Digital de Asturias","og:type":"article","og:title":"El futuro de la agricultura a debate en Foro del Campo - El Digital de Asturias","og:description":"Los \u00faltimos meses del a\u00f1o sirven, en buena medida, para hacer balance y replantearse el futuro. Por este motivo, Foro del Campo ha visto oportuno lanzar a debate El Futuro de la Alimentaci\u00f3n y la Agricultura, la nueva Comunicaci\u00f3n de la Comisi\u00f3n Europea. &quot;El documento tiene como objetivo ser la base para la PAC&quot;, explica","og:url":"https:\/\/www.eldigitaldeasturias.com\/noticias\/el-futuro-de-la-agricultura-a-debate-en-foro-del-campo\/","og:image":"https:\/\/www.eldigitaldeasturias.com\/noticias\/wp-content\/uploads\/2017\/12\/1513242039_IMAGEN_POST_1.jpg","og:image:secure_url":"https:\/\/www.eldigitaldeasturias.com\/noticias\/wp-content\/uploads\/2017\/12\/1513242039_IMAGEN_POST_1.jpg","og:image:width":1200,"og:image:height":628,"article:tag":["econom\u00eda"],"article:published_time":"2017-12-14T17:46:05+00:00","article:modified_time":"2017-12-14T17:46:05+00:00","article:publisher":"https:\/\/facebook.com\/eldigitaldeasturias","twitter:card":"summary_large_image","twitter:title":"El futuro de la agricultura a debate en Foro del Campo - El Digital de Asturias","twitter:description":"Los \u00faltimos meses del a\u00f1o sirven, en buena medida, para hacer balance y replantearse el futuro. Por este motivo, Foro del Campo ha visto oportuno lanzar a debate El Futuro de la Alimentaci\u00f3n y la Agricultura, la nueva Comunicaci\u00f3n de la Comisi\u00f3n Europea. &quot;El documento tiene como objetivo ser la base para la PAC&quot;, explica","twitter:image":"https:\/\/www.eldigitaldeasturias.com\/noticias\/wp-content\/uploads\/2017\/12\/1513242039_IMAGEN_POST_1.jpg","twitter:label1":"Escrito por","twitter:data1":"El Digital de Asturias","twitter:label2":"Tiempo de lectura estimado","twitter:data2":"3 minutos"},"aioseo_meta_data":{"post_id":"963387","title":null,"description":null,"keywords":null,"keyphrases":null,"primary_term":null,"canonical_url":null,"og_title":null,"og_description":null,"og_object_type":"default","og_image_type":"default","og_image_url":null,"og_image_width":null,"og_image_height":null,"og_image_custom_url":null,"og_image_custom_fields":null,"og_video":null,"og_custom_url":null,"og_article_section":null,"og_article_tags":null,"twitter_use_og":false,"twitter_card":"default","twitter_image_type":"default","twitter_image_url":null,"twitter_image_custom_url":null,"twitter_image_custom_fields":null,"twitter_title":null,"twitter_description":null,"schema":{"blockGraphs":[],"customGraphs":[],"default":{"data":{"Article":[],"Course":[],"Dataset":[],"FAQPage":[],"Movie":[],"Person":[],"Product":[],"ProductReview":[],"Car":[],"Recipe":[],"Service":[],"SoftwareApplication":[],"WebPage":[]},"graphName":"","isEnabled":true},"graphs":[],"defaultGraph":"","defaultPostTypeGraph":""},"schema_type":null,"schema_type_options":null,"pillar_content":false,"robots_default":true,"robots_noindex":false,"robots_noarchive":false,"robots_nosnippet":false,"robots_nofollow":false,"robots_noimageindex":false,"robots_noodp":false,"robots_notranslate":false,"robots_max_snippet":null,"robots_max_videopreview":null,"robots_max_imagepreview":"large","priority":null,"frequency":null,"local_seo":null,"seo_analyzer_scan_date":"2025-12-07 15:54:33","breadcrumb_settings":null,"limit_modified_date":false,"open_ai":null,"ai":null,"created":"2020-12-21 12:43:42","updated":"2025-12-07 15:54:33"},"aioseo_breadcrumb":"<div class=\"aioseo-breadcrumbs\"><span class=\"aioseo-breadcrumb\">\n\t<a href=\"https:\/\/www.eldigitaldeasturias.com\/noticias\" title=\"Home\">Home<\/a>\n<\/span><span class=\"aioseo-breadcrumb-separator\">\u2013<\/span><span class=\"aioseo-breadcrumb\">\n\t<a href=\"https:\/\/www.eldigitaldeasturias.com\/noticias\/category\/economia\/\" title=\"Econom\u00eda\">Econom\u00eda<\/a>\n<\/span><span class=\"aioseo-breadcrumb-separator\">\u2013<\/span><span class=\"aioseo-breadcrumb\">\n\t<a href=\"https:\/\/www.eldigitaldeasturias.com\/noticias\/el-futuro-de-la-agricultura-a-debate-en-foro-del-campo\/\" title=\"El futuro de la agricultura a debate en Foro del Campo\">El futuro de la agricultura a debate en Foro del Campo<\/a>\n<\/span><\/div>","aioseo_breadcrumb_json":[{"label":"Home","link":"https:\/\/www.eldigitaldeasturias.com\/noticias"},{"label":"Econom\u00eda","link":"https:\/\/www.eldigitaldeasturias.com\/noticias\/category\/economia\/"},{"label":"El futuro de la agricultura a debate en Foro del Campo","link":"https:\/\/www.eldigitaldeasturias.com\/noticias\/el-futuro-de-la-agricultura-a-debate-en-foro-del-campo\/"}],"_links":{"self":[{"href":"https:\/\/www.eldigitaldeasturias.com\/noticias\/wp-json\/wp\/v2\/posts\/963387","targetHints":{"allow":["GET"]}}],"collection":[{"href":"https:\/\/www.eldigitaldeasturias.com\/noticias\/wp-json\/wp\/v2\/posts"}],"about":[{"href":"https:\/\/www.eldigitaldeasturias.com\/noticias\/wp-json\/wp\/v2\/types\/post"}],"author":[{"embeddable":true,"href":"https:\/\/www.eldigitaldeasturias.com\/noticias\/wp-json\/wp\/v2\/users\/1"}],"replies":[{"embeddable":true,"href":"https:\/\/www.eldigitaldeasturias.com\/noticias\/wp-json\/wp\/v2\/comments?post=963387"}],"version-history":[{"count":0,"href":"https:\/\/www.eldigitaldeasturias.com\/noticias\/wp-json\/wp\/v2\/posts\/963387\/revisions"}],"wp:featuredmedia":[{"embeddable":true,"href":"https:\/\/www.eldigitaldeasturias.com\/noticias\/wp-json\/wp\/v2\/media\/963388"}],"wp:attachment":[{"href":"https:\/\/www.eldigitaldeasturias.com\/noticias\/wp-json\/wp\/v2\/media?parent=963387"}],"wp:term":[{"taxonomy":"category","embeddable":true,"href":"https:\/\/www.eldigitaldeasturias.com\/noticias\/wp-json\/wp\/v2\/categories?post=963387"},{"taxonomy":"post_tag","embeddable":true,"href":"https:\/\/www.eldigitaldeasturias.com\/noticias\/wp-json\/wp\/v2\/tags?post=963387"}],"curies":[{"name":"wp","href":"https:\/\/api.w.org\/{rel}","templated":true}]}}