{"id":963348,"date":"2017-12-14T14:42:51","date_gmt":"2017-12-14T14:42:51","guid":{"rendered":"http:\/\/www.eldigitaldeasturias.com\/noticias\/?p=963348"},"modified":"2017-12-14T14:42:51","modified_gmt":"2017-12-14T14:42:51","slug":"las-demandas-por-despido-aumentan-un-117-por-ciento","status":"publish","type":"post","link":"https:\/\/www.eldigitaldeasturias.com\/noticias\/las-demandas-por-despido-aumentan-un-117-por-ciento\/","title":{"rendered":"Las demandas por despido aumentan un 11,7 por ciento"},"content":{"rendered":"<p><img loading=\"lazy\" decoding=\"async\" class=\"alignleft size-medium wp-image-778139\" src=\"https:\/\/www.eldigitaldeasturias.com\/noticias\/wp-content\/uploads\/2015\/04\/industria1-360x270.jpg\" alt=\"\" width=\"360\" height=\"270\" srcset=\"https:\/\/www.eldigitaldeasturias.com\/noticias\/wp-content\/uploads\/2015\/04\/industria1-360x270.jpg 360w, https:\/\/www.eldigitaldeasturias.com\/noticias\/wp-content\/uploads\/2015\/04\/industria1-400x300.jpg 400w, https:\/\/www.eldigitaldeasturias.com\/noticias\/wp-content\/uploads\/2015\/04\/industria1-768x576.jpg 768w, https:\/\/www.eldigitaldeasturias.com\/noticias\/wp-content\/uploads\/2015\/04\/industria1-640x480.jpg 640w, https:\/\/www.eldigitaldeasturias.com\/noticias\/wp-content\/uploads\/2015\/04\/industria1-20x15.jpg 20w, https:\/\/www.eldigitaldeasturias.com\/noticias\/wp-content\/uploads\/2015\/04\/industria1.jpg 800w\" sizes=\"auto, (max-width: 360px) 100vw, 360px\" \/>Entre los pasados 1 de junio y 30 de septiembre se presentaron 26.101 demandas por despido en los Juzgados de lo Social, un 11,7 por ciento m\u00e1s que en el tercer trimestre de 2016.<\/p>\n<p>Madrid \u2013con 5.205, el 19,9 por ciento del total nacional- fue la Comunidad Aut\u00f3noma en la que se registraron m\u00e1s demandas de este tipo. Le siguen Andaluc\u00eda \u2013con 4.370- y Catalu\u00f1a \u2013con 4.320-. Se han dado incrementos interanuales en todas las comunidades, salvo en Baleares, Canarias, Catalu\u00f1a y Murcia.<\/p>\n<p>Las demandas de reclamaciones de cantidad, 26.854, fueron un 10,9 por ciento m\u00e1s que las presentadas en igual periodo de 2016. El mayor n\u00famero se dio en Madrid, con 5.430, un 20,2 por ciento del total nacional; seguida por Andaluc\u00eda, con 4.648; y Catalu\u00f1a, con 3.015.<\/p>\n","protected":false},"excerpt":{"rendered":"<p>Entre los pasados 1 de junio y 30 de septiembre se presentaron 26.101 demandas por despido en los Juzgados de lo Social, un 11,7 por ciento m\u00e1s que en el tercer trimestre de 2016. Madrid \u2013con 5.205, el 19,9 por ciento del total nacional- fue la Comunidad Aut\u00f3noma en la que se registraron m\u00e1s demandas [&hellip;]<\/p>\n","protected":false},"author":1,"featured_media":778139,"comment_status":"closed","ping_status":"closed","sticky":false,"template":"","format":"standard","meta":{"footnotes":""},"categories":[187],"tags":[],"class_list":["post-963348","post","type-post","status-publish","format-standard","has-post-thumbnail","hentry","category-economia"],"aioseo_notices":[],"aioseo_head":"\n\t\t<!-- All in One SEO Pro 4.9.6.2 - aioseo.com -->\n\t<meta name=\"description\" content=\"Entre los pasados 1 de junio y 30 de septiembre se presentaron 26.101 demandas por despido en los Juzgados de lo Social, un 11,7 por ciento m\u00e1s que en el tercer trimestre de 2016. Madrid \u2013con 5.205, el 19,9 por ciento del total nacional- fue la Comunidad Aut\u00f3noma en la que se registraron m\u00e1s demandas\" \/>\n\t<meta name=\"robots\" content=\"max-image-preview:large\" \/>\n\t<meta name=\"author\" content=\"El Digital de Asturias\"\/>\n\t<meta name=\"google-site-verification\" content=\"UA-38556648-1\" \/>\n\t<meta name=\"msvalidate.01\" content=\"7dfe9f3f1b24437ab69f4f2559babe99\" \/>\n\t<meta name=\"keywords\" content=\"econom\u00eda\" \/>\n\t<link rel=\"canonical\" href=\"https:\/\/www.eldigitaldeasturias.com\/noticias\/las-demandas-por-despido-aumentan-un-117-por-ciento\/\" \/>\n\t<meta name=\"generator\" content=\"All in One SEO Pro (AIOSEO) 4.9.6.2\" \/>\n\t\t<meta property=\"og:locale\" content=\"es_ES\" \/>\n\t\t<meta property=\"og:site_name\" content=\"El Digital de Asturias\" \/>\n\t\t<meta property=\"og:type\" content=\"article\" \/>\n\t\t<meta property=\"og:title\" content=\"Las demandas por despido aumentan un 11,7 por ciento - El Digital de Asturias\" \/>\n\t\t<meta property=\"og:description\" content=\"Entre los pasados 1 de junio y 30 de septiembre se presentaron 26.101 demandas por despido en los Juzgados de lo Social, un 11,7 por ciento m\u00e1s que en el tercer trimestre de 2016. Madrid \u2013con 5.205, el 19,9 por ciento del total nacional- fue la Comunidad Aut\u00f3noma en la que se registraron m\u00e1s demandas\" \/>\n\t\t<meta property=\"og:url\" content=\"https:\/\/www.eldigitaldeasturias.com\/noticias\/las-demandas-por-despido-aumentan-un-117-por-ciento\/\" \/>\n\t\t<meta property=\"og:image\" content=\"https:\/\/www.eldigitaldeasturias.com\/noticias\/wp-content\/uploads\/2015\/04\/industria1.jpg\" \/>\n\t\t<meta property=\"og:image:secure_url\" content=\"https:\/\/www.eldigitaldeasturias.com\/noticias\/wp-content\/uploads\/2015\/04\/industria1.jpg\" \/>\n\t\t<meta property=\"og:image:width\" content=\"800\" \/>\n\t\t<meta property=\"og:image:height\" content=\"600\" \/>\n\t\t<meta property=\"article:tag\" content=\"econom\u00eda\" \/>\n\t\t<meta property=\"article:published_time\" content=\"2017-12-14T14:42:51+00:00\" \/>\n\t\t<meta property=\"article:modified_time\" content=\"2017-12-14T14:42:51+00:00\" \/>\n\t\t<meta property=\"article:publisher\" content=\"https:\/\/facebook.com\/eldigitaldeasturias\" \/>\n\t\t<meta name=\"twitter:card\" content=\"summary_large_image\" \/>\n\t\t<meta name=\"twitter:title\" content=\"Las demandas por despido aumentan un 11,7 por ciento - El Digital de Asturias\" \/>\n\t\t<meta name=\"twitter:description\" content=\"Entre los pasados 1 de junio y 30 de septiembre se presentaron 26.101 demandas por despido en los Juzgados de lo Social, un 11,7 por ciento m\u00e1s que en el tercer trimestre de 2016. Madrid \u2013con 5.205, el 19,9 por ciento del total nacional- fue la Comunidad Aut\u00f3noma en la que se registraron m\u00e1s demandas\" \/>\n\t\t<meta name=\"twitter:image\" content=\"https:\/\/www.eldigitaldeasturias.com\/noticias\/wp-content\/uploads\/2015\/04\/industria1.jpg\" \/>\n\t\t<meta name=\"twitter:label1\" content=\"Escrito por\" \/>\n\t\t<meta name=\"twitter:data1\" content=\"El Digital de Asturias\" \/>\n\t\t<meta name=\"twitter:label2\" content=\"Tiempo de lectura estimado\" \/>\n\t\t<meta name=\"twitter:data2\" content=\"1 minuto\" \/>\n\t\t<script type=\"application\/ld+json\" class=\"aioseo-schema\">\n\t\t\t{\"@context\":\"https:\\\/\\\/schema.org\",\"@graph\":[{\"@type\":\"BlogPosting\",\"@id\":\"https:\\\/\\\/www.eldigitaldeasturias.com\\\/noticias\\\/las-demandas-por-despido-aumentan-un-117-por-ciento\\\/#blogposting\",\"name\":\"Las demandas por despido aumentan un 11,7 por ciento - El Digital de Asturias\",\"headline\":\"Las demandas por despido aumentan un 11,7 por ciento\",\"author\":{\"@id\":\"https:\\\/\\\/www.eldigitaldeasturias.com\\\/noticias\\\/author\\\/admin\\\/#author\"},\"publisher\":{\"@id\":\"https:\\\/\\\/www.eldigitaldeasturias.com\\\/noticias\\\/#organization\"},\"image\":{\"@type\":\"ImageObject\",\"url\":\"https:\\\/\\\/www.eldigitaldeasturias.com\\\/noticias\\\/wp-content\\\/uploads\\\/2015\\\/04\\\/industria1.jpg\",\"width\":800,\"height\":600},\"datePublished\":\"2017-12-14T14:42:51+01:00\",\"dateModified\":\"2017-12-14T14:42:51+01:00\",\"inLanguage\":\"es-ES\",\"mainEntityOfPage\":{\"@id\":\"https:\\\/\\\/www.eldigitaldeasturias.com\\\/noticias\\\/las-demandas-por-despido-aumentan-un-117-por-ciento\\\/#webpage\"},\"isPartOf\":{\"@id\":\"https:\\\/\\\/www.eldigitaldeasturias.com\\\/noticias\\\/las-demandas-por-despido-aumentan-un-117-por-ciento\\\/#webpage\"},\"articleSection\":\"Econom\\u00eda\"},{\"@type\":\"BreadcrumbList\",\"@id\":\"https:\\\/\\\/www.eldigitaldeasturias.com\\\/noticias\\\/las-demandas-por-despido-aumentan-un-117-por-ciento\\\/#breadcrumblist\",\"itemListElement\":[{\"@type\":\"ListItem\",\"@id\":\"https:\\\/\\\/www.eldigitaldeasturias.com\\\/noticias#listItem\",\"position\":1,\"name\":\"Home\",\"item\":\"https:\\\/\\\/www.eldigitaldeasturias.com\\\/noticias\",\"nextItem\":{\"@type\":\"ListItem\",\"@id\":\"https:\\\/\\\/www.eldigitaldeasturias.com\\\/noticias\\\/category\\\/economia\\\/#listItem\",\"name\":\"Econom\\u00eda\"}},{\"@type\":\"ListItem\",\"@id\":\"https:\\\/\\\/www.eldigitaldeasturias.com\\\/noticias\\\/category\\\/economia\\\/#listItem\",\"position\":2,\"name\":\"Econom\\u00eda\",\"item\":\"https:\\\/\\\/www.eldigitaldeasturias.com\\\/noticias\\\/category\\\/economia\\\/\",\"nextItem\":{\"@type\":\"ListItem\",\"@id\":\"https:\\\/\\\/www.eldigitaldeasturias.com\\\/noticias\\\/las-demandas-por-despido-aumentan-un-117-por-ciento\\\/#listItem\",\"name\":\"Las demandas por despido aumentan un 11,7 por ciento\"},\"previousItem\":{\"@type\":\"ListItem\",\"@id\":\"https:\\\/\\\/www.eldigitaldeasturias.com\\\/noticias#listItem\",\"name\":\"Home\"}},{\"@type\":\"ListItem\",\"@id\":\"https:\\\/\\\/www.eldigitaldeasturias.com\\\/noticias\\\/las-demandas-por-despido-aumentan-un-117-por-ciento\\\/#listItem\",\"position\":3,\"name\":\"Las demandas por despido aumentan un 11,7 por ciento\",\"previousItem\":{\"@type\":\"ListItem\",\"@id\":\"https:\\\/\\\/www.eldigitaldeasturias.com\\\/noticias\\\/category\\\/economia\\\/#listItem\",\"name\":\"Econom\\u00eda\"}}]},{\"@type\":\"Organization\",\"@id\":\"https:\\\/\\\/www.eldigitaldeasturias.com\\\/noticias\\\/#organization\",\"name\":\"El Digital de Asturias\",\"description\":\"Hemeroteca\",\"url\":\"https:\\\/\\\/www.eldigitaldeasturias.com\\\/noticias\\\/\",\"email\":\"info@eldigitaldeasturias.com\",\"telephone\":\"+34652131393\",\"logo\":{\"@type\":\"ImageObject\",\"url\":\"https:\\\/\\\/www.eldigitaldeasturias.com\\\/noticias\\\/wp-content\\\/uploads\\\/2020\\\/12\\\/EDA.jpg\",\"@id\":\"https:\\\/\\\/www.eldigitaldeasturias.com\\\/noticias\\\/las-demandas-por-despido-aumentan-un-117-por-ciento\\\/#organizationLogo\",\"width\":649,\"height\":297},\"image\":{\"@id\":\"https:\\\/\\\/www.eldigitaldeasturias.com\\\/noticias\\\/las-demandas-por-despido-aumentan-un-117-por-ciento\\\/#organizationLogo\"},\"sameAs\":[\"https:\\\/\\\/facebook.com\\\/eldigitaldeasturias\",\"https:\\\/\\\/www.youtube.com\\\/channel\\\/UCZP-2wLEB9Rv6erhFmqVnvg\"],\"address\":{\"@id\":\"https:\\\/\\\/www.eldigitaldeasturias.com\\\/noticias\\\/#postaladdress\",\"@type\":\"PostalAddress\",\"streetAddress\":\"san antonio 4,\",\"postalCode\":\"33430\",\"addressLocality\":\"Cand\\u00e1s\",\"addressRegion\":\"Asturias\",\"addressCountry\":\"ES\"}},{\"@type\":\"Person\",\"@id\":\"https:\\\/\\\/www.eldigitaldeasturias.com\\\/noticias\\\/author\\\/admin\\\/#author\",\"url\":\"https:\\\/\\\/www.eldigitaldeasturias.com\\\/noticias\\\/author\\\/admin\\\/\",\"name\":\"El Digital de Asturias\",\"image\":{\"@type\":\"ImageObject\",\"@id\":\"https:\\\/\\\/www.eldigitaldeasturias.com\\\/noticias\\\/las-demandas-por-despido-aumentan-un-117-por-ciento\\\/#authorImage\",\"url\":\"https:\\\/\\\/www.eldigitaldeasturias.com\\\/noticias\\\/wp-content\\\/litespeed\\\/avatar\\\/18677e78aa0546b92d9dbf31ec7d7668.jpg?ver=1777290358\",\"width\":96,\"height\":96,\"caption\":\"El Digital de Asturias\"}},{\"@type\":\"WebPage\",\"@id\":\"https:\\\/\\\/www.eldigitaldeasturias.com\\\/noticias\\\/las-demandas-por-despido-aumentan-un-117-por-ciento\\\/#webpage\",\"url\":\"https:\\\/\\\/www.eldigitaldeasturias.com\\\/noticias\\\/las-demandas-por-despido-aumentan-un-117-por-ciento\\\/\",\"name\":\"Las demandas por despido aumentan un 11,7 por ciento - El Digital de Asturias\",\"description\":\"Entre los pasados 1 de junio y 30 de septiembre se presentaron 26.101 demandas por despido en los Juzgados de lo Social, un 11,7 por ciento m\\u00e1s que en el tercer trimestre de 2016. Madrid \\u2013con 5.205, el 19,9 por ciento del total nacional- fue la Comunidad Aut\\u00f3noma en la que se registraron m\\u00e1s demandas\",\"inLanguage\":\"es-ES\",\"isPartOf\":{\"@id\":\"https:\\\/\\\/www.eldigitaldeasturias.com\\\/noticias\\\/#website\"},\"breadcrumb\":{\"@id\":\"https:\\\/\\\/www.eldigitaldeasturias.com\\\/noticias\\\/las-demandas-por-despido-aumentan-un-117-por-ciento\\\/#breadcrumblist\"},\"author\":{\"@id\":\"https:\\\/\\\/www.eldigitaldeasturias.com\\\/noticias\\\/author\\\/admin\\\/#author\"},\"creator\":{\"@id\":\"https:\\\/\\\/www.eldigitaldeasturias.com\\\/noticias\\\/author\\\/admin\\\/#author\"},\"image\":{\"@type\":\"ImageObject\",\"url\":\"https:\\\/\\\/www.eldigitaldeasturias.com\\\/noticias\\\/wp-content\\\/uploads\\\/2015\\\/04\\\/industria1.jpg\",\"@id\":\"https:\\\/\\\/www.eldigitaldeasturias.com\\\/noticias\\\/las-demandas-por-despido-aumentan-un-117-por-ciento\\\/#mainImage\",\"width\":800,\"height\":600},\"primaryImageOfPage\":{\"@id\":\"https:\\\/\\\/www.eldigitaldeasturias.com\\\/noticias\\\/las-demandas-por-despido-aumentan-un-117-por-ciento\\\/#mainImage\"},\"datePublished\":\"2017-12-14T14:42:51+01:00\",\"dateModified\":\"2017-12-14T14:42:51+01:00\"},{\"@type\":\"WebSite\",\"@id\":\"https:\\\/\\\/www.eldigitaldeasturias.com\\\/noticias\\\/#website\",\"url\":\"https:\\\/\\\/www.eldigitaldeasturias.com\\\/noticias\\\/\",\"name\":\"El Digital de Asturias - Diario de actualidad y noticias\",\"alternateName\":\"El Digital de Asturias - Diario de actualidad y noticias\",\"description\":\"Hemeroteca\",\"inLanguage\":\"es-ES\",\"publisher\":{\"@id\":\"https:\\\/\\\/www.eldigitaldeasturias.com\\\/noticias\\\/#organization\"}}]}\n\t\t<\/script>\n\t\t<!-- All in One SEO Pro -->\r\n\t\t<title>Las demandas por despido aumentan un 11,7 por ciento - El Digital de Asturias<\/title>\n\n","aioseo_head_json":{"title":"Las demandas por despido aumentan un 11,7 por ciento - El Digital de Asturias","description":"Entre los pasados 1 de junio y 30 de septiembre se presentaron 26.101 demandas por despido en los Juzgados de lo Social, un 11,7 por ciento m\u00e1s que en el tercer trimestre de 2016. Madrid \u2013con 5.205, el 19,9 por ciento del total nacional- fue la Comunidad Aut\u00f3noma en la que se registraron m\u00e1s demandas","canonical_url":"https:\/\/www.eldigitaldeasturias.com\/noticias\/las-demandas-por-despido-aumentan-un-117-por-ciento\/","robots":"max-image-preview:large","keywords":"econom\u00eda","webmasterTools":{"google-site-verification":"UA-38556648-1","msvalidate.01":"7dfe9f3f1b24437ab69f4f2559babe99","miscellaneous":""},"schema":{"@context":"https:\/\/schema.org","@graph":[{"@type":"BlogPosting","@id":"https:\/\/www.eldigitaldeasturias.com\/noticias\/las-demandas-por-despido-aumentan-un-117-por-ciento\/#blogposting","name":"Las demandas por despido aumentan un 11,7 por ciento - El Digital de Asturias","headline":"Las demandas por despido aumentan un 11,7 por ciento","author":{"@id":"https:\/\/www.eldigitaldeasturias.com\/noticias\/author\/admin\/#author"},"publisher":{"@id":"https:\/\/www.eldigitaldeasturias.com\/noticias\/#organization"},"image":{"@type":"ImageObject","url":"https:\/\/www.eldigitaldeasturias.com\/noticias\/wp-content\/uploads\/2015\/04\/industria1.jpg","width":800,"height":600},"datePublished":"2017-12-14T14:42:51+01:00","dateModified":"2017-12-14T14:42:51+01:00","inLanguage":"es-ES","mainEntityOfPage":{"@id":"https:\/\/www.eldigitaldeasturias.com\/noticias\/las-demandas-por-despido-aumentan-un-117-por-ciento\/#webpage"},"isPartOf":{"@id":"https:\/\/www.eldigitaldeasturias.com\/noticias\/las-demandas-por-despido-aumentan-un-117-por-ciento\/#webpage"},"articleSection":"Econom\u00eda"},{"@type":"BreadcrumbList","@id":"https:\/\/www.eldigitaldeasturias.com\/noticias\/las-demandas-por-despido-aumentan-un-117-por-ciento\/#breadcrumblist","itemListElement":[{"@type":"ListItem","@id":"https:\/\/www.eldigitaldeasturias.com\/noticias#listItem","position":1,"name":"Home","item":"https:\/\/www.eldigitaldeasturias.com\/noticias","nextItem":{"@type":"ListItem","@id":"https:\/\/www.eldigitaldeasturias.com\/noticias\/category\/economia\/#listItem","name":"Econom\u00eda"}},{"@type":"ListItem","@id":"https:\/\/www.eldigitaldeasturias.com\/noticias\/category\/economia\/#listItem","position":2,"name":"Econom\u00eda","item":"https:\/\/www.eldigitaldeasturias.com\/noticias\/category\/economia\/","nextItem":{"@type":"ListItem","@id":"https:\/\/www.eldigitaldeasturias.com\/noticias\/las-demandas-por-despido-aumentan-un-117-por-ciento\/#listItem","name":"Las demandas por despido aumentan un 11,7 por ciento"},"previousItem":{"@type":"ListItem","@id":"https:\/\/www.eldigitaldeasturias.com\/noticias#listItem","name":"Home"}},{"@type":"ListItem","@id":"https:\/\/www.eldigitaldeasturias.com\/noticias\/las-demandas-por-despido-aumentan-un-117-por-ciento\/#listItem","position":3,"name":"Las demandas por despido aumentan un 11,7 por ciento","previousItem":{"@type":"ListItem","@id":"https:\/\/www.eldigitaldeasturias.com\/noticias\/category\/economia\/#listItem","name":"Econom\u00eda"}}]},{"@type":"Organization","@id":"https:\/\/www.eldigitaldeasturias.com\/noticias\/#organization","name":"El Digital de Asturias","description":"Hemeroteca","url":"https:\/\/www.eldigitaldeasturias.com\/noticias\/","email":"info@eldigitaldeasturias.com","telephone":"+34652131393","logo":{"@type":"ImageObject","url":"https:\/\/www.eldigitaldeasturias.com\/noticias\/wp-content\/uploads\/2020\/12\/EDA.jpg","@id":"https:\/\/www.eldigitaldeasturias.com\/noticias\/las-demandas-por-despido-aumentan-un-117-por-ciento\/#organizationLogo","width":649,"height":297},"image":{"@id":"https:\/\/www.eldigitaldeasturias.com\/noticias\/las-demandas-por-despido-aumentan-un-117-por-ciento\/#organizationLogo"},"sameAs":["https:\/\/facebook.com\/eldigitaldeasturias","https:\/\/www.youtube.com\/channel\/UCZP-2wLEB9Rv6erhFmqVnvg"],"address":{"@id":"https:\/\/www.eldigitaldeasturias.com\/noticias\/#postaladdress","@type":"PostalAddress","streetAddress":"san antonio 4,","postalCode":"33430","addressLocality":"Cand\u00e1s","addressRegion":"Asturias","addressCountry":"ES"}},{"@type":"Person","@id":"https:\/\/www.eldigitaldeasturias.com\/noticias\/author\/admin\/#author","url":"https:\/\/www.eldigitaldeasturias.com\/noticias\/author\/admin\/","name":"El Digital de Asturias","image":{"@type":"ImageObject","@id":"https:\/\/www.eldigitaldeasturias.com\/noticias\/las-demandas-por-despido-aumentan-un-117-por-ciento\/#authorImage","url":"https:\/\/www.eldigitaldeasturias.com\/noticias\/wp-content\/litespeed\/avatar\/18677e78aa0546b92d9dbf31ec7d7668.jpg?ver=1777290358","width":96,"height":96,"caption":"El Digital de Asturias"}},{"@type":"WebPage","@id":"https:\/\/www.eldigitaldeasturias.com\/noticias\/las-demandas-por-despido-aumentan-un-117-por-ciento\/#webpage","url":"https:\/\/www.eldigitaldeasturias.com\/noticias\/las-demandas-por-despido-aumentan-un-117-por-ciento\/","name":"Las demandas por despido aumentan un 11,7 por ciento - El Digital de Asturias","description":"Entre los pasados 1 de junio y 30 de septiembre se presentaron 26.101 demandas por despido en los Juzgados de lo Social, un 11,7 por ciento m\u00e1s que en el tercer trimestre de 2016. Madrid \u2013con 5.205, el 19,9 por ciento del total nacional- fue la Comunidad Aut\u00f3noma en la que se registraron m\u00e1s demandas","inLanguage":"es-ES","isPartOf":{"@id":"https:\/\/www.eldigitaldeasturias.com\/noticias\/#website"},"breadcrumb":{"@id":"https:\/\/www.eldigitaldeasturias.com\/noticias\/las-demandas-por-despido-aumentan-un-117-por-ciento\/#breadcrumblist"},"author":{"@id":"https:\/\/www.eldigitaldeasturias.com\/noticias\/author\/admin\/#author"},"creator":{"@id":"https:\/\/www.eldigitaldeasturias.com\/noticias\/author\/admin\/#author"},"image":{"@type":"ImageObject","url":"https:\/\/www.eldigitaldeasturias.com\/noticias\/wp-content\/uploads\/2015\/04\/industria1.jpg","@id":"https:\/\/www.eldigitaldeasturias.com\/noticias\/las-demandas-por-despido-aumentan-un-117-por-ciento\/#mainImage","width":800,"height":600},"primaryImageOfPage":{"@id":"https:\/\/www.eldigitaldeasturias.com\/noticias\/las-demandas-por-despido-aumentan-un-117-por-ciento\/#mainImage"},"datePublished":"2017-12-14T14:42:51+01:00","dateModified":"2017-12-14T14:42:51+01:00"},{"@type":"WebSite","@id":"https:\/\/www.eldigitaldeasturias.com\/noticias\/#website","url":"https:\/\/www.eldigitaldeasturias.com\/noticias\/","name":"El Digital de Asturias - Diario de actualidad y noticias","alternateName":"El Digital de Asturias - Diario de actualidad y noticias","description":"Hemeroteca","inLanguage":"es-ES","publisher":{"@id":"https:\/\/www.eldigitaldeasturias.com\/noticias\/#organization"}}]},"og:locale":"es_ES","og:site_name":"El Digital de Asturias","og:type":"article","og:title":"Las demandas por despido aumentan un 11,7 por ciento - El Digital de Asturias","og:description":"Entre los pasados 1 de junio y 30 de septiembre se presentaron 26.101 demandas por despido en los Juzgados de lo Social, un 11,7 por ciento m\u00e1s que en el tercer trimestre de 2016. Madrid \u2013con 5.205, el 19,9 por ciento del total nacional- fue la Comunidad Aut\u00f3noma en la que se registraron m\u00e1s demandas","og:url":"https:\/\/www.eldigitaldeasturias.com\/noticias\/las-demandas-por-despido-aumentan-un-117-por-ciento\/","og:image":"https:\/\/www.eldigitaldeasturias.com\/noticias\/wp-content\/uploads\/2015\/04\/industria1.jpg","og:image:secure_url":"https:\/\/www.eldigitaldeasturias.com\/noticias\/wp-content\/uploads\/2015\/04\/industria1.jpg","og:image:width":800,"og:image:height":600,"article:tag":["econom\u00eda"],"article:published_time":"2017-12-14T14:42:51+00:00","article:modified_time":"2017-12-14T14:42:51+00:00","article:publisher":"https:\/\/facebook.com\/eldigitaldeasturias","twitter:card":"summary_large_image","twitter:title":"Las demandas por despido aumentan un 11,7 por ciento - El Digital de Asturias","twitter:description":"Entre los pasados 1 de junio y 30 de septiembre se presentaron 26.101 demandas por despido en los Juzgados de lo Social, un 11,7 por ciento m\u00e1s que en el tercer trimestre de 2016. Madrid \u2013con 5.205, el 19,9 por ciento del total nacional- fue la Comunidad Aut\u00f3noma en la que se registraron m\u00e1s demandas","twitter:image":"https:\/\/www.eldigitaldeasturias.com\/noticias\/wp-content\/uploads\/2015\/04\/industria1.jpg","twitter:label1":"Escrito por","twitter:data1":"El Digital de Asturias","twitter:label2":"Tiempo de lectura estimado","twitter:data2":"1 minuto"},"aioseo_meta_data":{"post_id":"963348","title":null,"description":null,"keywords":null,"keyphrases":null,"primary_term":null,"canonical_url":null,"og_title":null,"og_description":null,"og_object_type":"default","og_image_type":"default","og_image_url":null,"og_image_width":null,"og_image_height":null,"og_image_custom_url":null,"og_image_custom_fields":null,"og_video":null,"og_custom_url":null,"og_article_section":null,"og_article_tags":null,"twitter_use_og":false,"twitter_card":"default","twitter_image_type":"default","twitter_image_url":null,"twitter_image_custom_url":null,"twitter_image_custom_fields":null,"twitter_title":null,"twitter_description":null,"schema":{"blockGraphs":[],"customGraphs":[],"default":{"data":{"Article":[],"Course":[],"Dataset":[],"FAQPage":[],"Movie":[],"Person":[],"Product":[],"ProductReview":[],"Car":[],"Recipe":[],"Service":[],"SoftwareApplication":[],"WebPage":[]},"graphName":"","isEnabled":true},"graphs":[],"defaultGraph":"","defaultPostTypeGraph":""},"schema_type":null,"schema_type_options":null,"pillar_content":false,"robots_default":true,"robots_noindex":false,"robots_noarchive":false,"robots_nosnippet":false,"robots_nofollow":false,"robots_noimageindex":false,"robots_noodp":false,"robots_notranslate":false,"robots_max_snippet":null,"robots_max_videopreview":null,"robots_max_imagepreview":"large","priority":null,"frequency":null,"local_seo":null,"seo_analyzer_scan_date":"2025-12-07 15:47:08","breadcrumb_settings":null,"limit_modified_date":false,"open_ai":null,"ai":null,"created":"2020-12-21 12:43:42","updated":"2025-12-07 15:47:08"},"aioseo_breadcrumb":"<div class=\"aioseo-breadcrumbs\"><span class=\"aioseo-breadcrumb\">\n\t<a href=\"https:\/\/www.eldigitaldeasturias.com\/noticias\" title=\"Home\">Home<\/a>\n<\/span><span class=\"aioseo-breadcrumb-separator\">\u2013<\/span><span class=\"aioseo-breadcrumb\">\n\t<a href=\"https:\/\/www.eldigitaldeasturias.com\/noticias\/category\/economia\/\" title=\"Econom\u00eda\">Econom\u00eda<\/a>\n<\/span><span class=\"aioseo-breadcrumb-separator\">\u2013<\/span><span class=\"aioseo-breadcrumb\">\n\t<a href=\"https:\/\/www.eldigitaldeasturias.com\/noticias\/las-demandas-por-despido-aumentan-un-117-por-ciento\/\" title=\"Las demandas por despido aumentan un 11,7 por ciento\">Las demandas por despido aumentan un 11,7 por ciento<\/a>\n<\/span><\/div>","aioseo_breadcrumb_json":[{"label":"Home","link":"https:\/\/www.eldigitaldeasturias.com\/noticias"},{"label":"Econom\u00eda","link":"https:\/\/www.eldigitaldeasturias.com\/noticias\/category\/economia\/"},{"label":"Las demandas por despido aumentan un 11,7 por ciento","link":"https:\/\/www.eldigitaldeasturias.com\/noticias\/las-demandas-por-despido-aumentan-un-117-por-ciento\/"}],"_links":{"self":[{"href":"https:\/\/www.eldigitaldeasturias.com\/noticias\/wp-json\/wp\/v2\/posts\/963348","targetHints":{"allow":["GET"]}}],"collection":[{"href":"https:\/\/www.eldigitaldeasturias.com\/noticias\/wp-json\/wp\/v2\/posts"}],"about":[{"href":"https:\/\/www.eldigitaldeasturias.com\/noticias\/wp-json\/wp\/v2\/types\/post"}],"author":[{"embeddable":true,"href":"https:\/\/www.eldigitaldeasturias.com\/noticias\/wp-json\/wp\/v2\/users\/1"}],"replies":[{"embeddable":true,"href":"https:\/\/www.eldigitaldeasturias.com\/noticias\/wp-json\/wp\/v2\/comments?post=963348"}],"version-history":[{"count":0,"href":"https:\/\/www.eldigitaldeasturias.com\/noticias\/wp-json\/wp\/v2\/posts\/963348\/revisions"}],"wp:featuredmedia":[{"embeddable":true,"href":"https:\/\/www.eldigitaldeasturias.com\/noticias\/wp-json\/wp\/v2\/media\/778139"}],"wp:attachment":[{"href":"https:\/\/www.eldigitaldeasturias.com\/noticias\/wp-json\/wp\/v2\/media?parent=963348"}],"wp:term":[{"taxonomy":"category","embeddable":true,"href":"https:\/\/www.eldigitaldeasturias.com\/noticias\/wp-json\/wp\/v2\/categories?post=963348"},{"taxonomy":"post_tag","embeddable":true,"href":"https:\/\/www.eldigitaldeasturias.com\/noticias\/wp-json\/wp\/v2\/tags?post=963348"}],"curies":[{"name":"wp","href":"https:\/\/api.w.org\/{rel}","templated":true}]}}