{"id":963315,"date":"2017-12-14T11:34:49","date_gmt":"2017-12-14T11:34:49","guid":{"rendered":"http:\/\/www.eldigitaldeasturias.com\/noticias\/?p=963315"},"modified":"2017-12-14T11:34:49","modified_gmt":"2017-12-14T11:34:49","slug":"el-alquiler-de-una-vivienda-en-la-nieve-repunta-un-14-frente-al-ano-pasado","status":"publish","type":"post","link":"https:\/\/www.eldigitaldeasturias.com\/noticias\/el-alquiler-de-una-vivienda-en-la-nieve-repunta-un-14-frente-al-ano-pasado\/","title":{"rendered":"El alquiler de una vivienda en la nieve repunta un 1,4% frente al a\u00f1o pasado"},"content":{"rendered":"<p><img loading=\"lazy\" decoding=\"async\" class=\"alignleft size-medium wp-image-963316\" src=\"https:\/\/www.eldigitaldeasturias.com\/noticias\/wp-content\/uploads\/2017\/12\/france-2243453_1280-360x240.jpg\" alt=\"\" width=\"360\" height=\"240\" srcset=\"https:\/\/www.eldigitaldeasturias.com\/noticias\/wp-content\/uploads\/2017\/12\/france-2243453_1280-360x240.jpg 360w, https:\/\/www.eldigitaldeasturias.com\/noticias\/wp-content\/uploads\/2017\/12\/france-2243453_1280-768x512.jpg 768w, https:\/\/www.eldigitaldeasturias.com\/noticias\/wp-content\/uploads\/2017\/12\/france-2243453_1280-650x433.jpg 650w, https:\/\/www.eldigitaldeasturias.com\/noticias\/wp-content\/uploads\/2017\/12\/france-2243453_1280.jpg 1280w\" sizes=\"auto, (max-width: 360px) 100vw, 360px\" \/>El pasado puente de diciembre supuso el pistoletazo de salida de la temporada para la mayor\u00eda de las estaciones de esqu\u00ed espa\u00f1olas. La \u00e9poca de deportes de invierno ha comenzado con buen pie, y se espera que la afluencia de p\u00fablico a las pistas supere los cinco millones de visitantes1. Aunque muchos aficionados siguen apostando por alojarse en hoteles durante su estancia en la nieve, el alquiler de viviendas particulares contin\u00faa ganado adeptos. Seg\u00fan el portal inmobiliario www.pisos.com, el alquiler semanal de una casa cerca de las pistas se sit\u00faa en los 570 euros semanales. La subida frente a 2016 es de un 1,4%, cuando la renta semanal fue de 562 euros. Por otro lado, el coste de este tipo de alquiler cae un -1,4% respecto a 2012, cuando una vivienda cerca de las pistas val\u00eda 578 euros a la semana.<\/p>\n<p>La apertura de las pistas es esperada con ilusi\u00f3n por muchos amantes de los deportes de invierno, que planifican una escapada con el fin de disfrutar de la pr\u00e1ctica del esqu\u00ed, del snowboard o, simplemente, de unos d\u00edas en la monta\u00f1a rodeados de nieve. \u201cUna vivienda tur\u00edstica cerca de las estaciones es un estupendo reclamo durante estas fechas\u201d, afirma Ferran Font, director de Estudios de pisos.com. El portavoz del portal inmobiliario asegura que \u201ccada vez son m\u00e1s los hu\u00e9spedes que prefieren alojarse en una casa porque ganan privacidad y se sienten m\u00e1s c\u00f3modos\u201d. El perfil de inquilino de este tipo de inmuebles es el de \u201cla familia con ni\u00f1os o el del grupo de amigos\u201d, indica Font, a\u00f1adiendo que \u201cla apuesta por la vivienda en alquiler en la monta\u00f1a se fundamenta sobre todo en el componente econ\u00f3mico, dado que suele ser m\u00e1s asequible que el hotel\u201d.<\/p>\n<p><strong>Suben interanualmente los alquileres de siete zonas<\/strong><\/p>\n<p>El Pirineo de Lleida, que alberga puntos de referencia como Baqueira Beret o Bo\u00ed Ta\u00fcll, sigue siendo el enclave m\u00e1s caro para pasar unos d\u00edas practicando esqu\u00ed. As\u00ed, los inquilinos pagar\u00e1n 1.022 euros por semana. Los que tengan el presupuesto m\u00e1s ajustado deber\u00e1n decantarse de nuevo por las pistas turolenses, donde el alquiler semanal es de 346 euros.<\/p>\n<p>El porcentaje de subida interanual m\u00e1s alto se ha registrado en las pistas granadinas de Sierra Nevada, donde las rentas se han incrementado un 5,5% y donde se sit\u00faa el segundo alquiler semanal m\u00e1s caro: 650 euros. Por otro lado, la ca\u00edda interanual m\u00e1s intensa se ha registrado en Cantabria (-2%), donde espera a los visitantes la estaci\u00f3n de Alto Campoo.<\/p>\n<p>El listado de zonas de esqu\u00ed que superan los 500 euros de renta semanal lo completan Girona (612 \u20ac\/semana), donde a los amantes de la nieve podr\u00e1n disfrutar de estaciones como La Molina o Masella; y Huesca (520 \u20ac\/semana), provincia en la que se hallan enclaves tan importantes como Formigal o Candanch\u00fa. Por debajo de los 400 euros, adem\u00e1s de Javalambre y Valdelinares, a los esquiadores les recibir\u00e1 La Pinilla, en Segovia (389 \u20ac\/semana); y Valdezcaray, en La Rioja (399 \u20ac\/semana). Completan la oferta Fuentes de Invierno y Valgrande-Pajares, en Asturias (400 \u20ac\/semana); y Alto Campoo, en Cantabria (487 \u20ac\/semana).<\/p>\n<p>Lleida (17,5%), Cantabria (8,2%), Girona (3,7%) y Granada (3,2%) son las provincias donde el alquiler de este tipo de propiedades ha subido con respecto a 2012. En cuanto a las ca\u00eddas, hay dos provincias donde se superan los dos d\u00edgitos de recorte frente a hace cinco a\u00f1os: La Rioja (-15,3%) y Teruel (-11,5%).<\/p>\n","protected":false},"excerpt":{"rendered":"<p>El pasado puente de diciembre supuso el pistoletazo de salida de la temporada para la mayor\u00eda de las estaciones de esqu\u00ed espa\u00f1olas. La \u00e9poca de deportes de invierno ha comenzado con buen pie, y se espera que la afluencia de p\u00fablico a las pistas supere los cinco millones de visitantes1. Aunque muchos aficionados siguen apostando [&hellip;]<\/p>\n","protected":false},"author":1,"featured_media":963316,"comment_status":"closed","ping_status":"closed","sticky":false,"template":"","format":"standard","meta":{"footnotes":""},"categories":[187],"tags":[],"class_list":["post-963315","post","type-post","status-publish","format-standard","has-post-thumbnail","hentry","category-economia"],"aioseo_notices":[],"aioseo_head":"\n\t\t<!-- All in One SEO Pro 4.9.6.2 - aioseo.com -->\n\t<meta name=\"description\" content=\"El pasado puente de diciembre supuso el pistoletazo de salida de la temporada para la mayor\u00eda de las estaciones de esqu\u00ed espa\u00f1olas. La \u00e9poca de deportes de invierno ha comenzado con buen pie, y se espera que la afluencia de p\u00fablico a las pistas supere los cinco millones de visitantes1. Aunque muchos aficionados siguen apostando\" \/>\n\t<meta name=\"robots\" content=\"max-image-preview:large\" \/>\n\t<meta name=\"author\" content=\"El Digital de Asturias\"\/>\n\t<meta name=\"google-site-verification\" content=\"UA-38556648-1\" \/>\n\t<meta name=\"msvalidate.01\" content=\"7dfe9f3f1b24437ab69f4f2559babe99\" \/>\n\t<meta name=\"keywords\" content=\"econom\u00eda\" \/>\n\t<link rel=\"canonical\" href=\"https:\/\/www.eldigitaldeasturias.com\/noticias\/el-alquiler-de-una-vivienda-en-la-nieve-repunta-un-14-frente-al-ano-pasado\/\" \/>\n\t<meta name=\"generator\" content=\"All in One SEO Pro (AIOSEO) 4.9.6.2\" \/>\n\t\t<meta property=\"og:locale\" content=\"es_ES\" \/>\n\t\t<meta property=\"og:site_name\" content=\"El Digital de Asturias\" \/>\n\t\t<meta property=\"og:type\" content=\"article\" \/>\n\t\t<meta property=\"og:title\" content=\"El alquiler de una vivienda en la nieve repunta un 1,4% frente al a\u00f1o pasado - El Digital de Asturias\" \/>\n\t\t<meta property=\"og:description\" content=\"El pasado puente de diciembre supuso el pistoletazo de salida de la temporada para la mayor\u00eda de las estaciones de esqu\u00ed espa\u00f1olas. La \u00e9poca de deportes de invierno ha comenzado con buen pie, y se espera que la afluencia de p\u00fablico a las pistas supere los cinco millones de visitantes1. Aunque muchos aficionados siguen apostando\" \/>\n\t\t<meta property=\"og:url\" content=\"https:\/\/www.eldigitaldeasturias.com\/noticias\/el-alquiler-de-una-vivienda-en-la-nieve-repunta-un-14-frente-al-ano-pasado\/\" \/>\n\t\t<meta property=\"og:image\" content=\"https:\/\/www.eldigitaldeasturias.com\/noticias\/wp-content\/uploads\/2017\/12\/france-2243453_1280.jpg\" \/>\n\t\t<meta property=\"og:image:secure_url\" content=\"https:\/\/www.eldigitaldeasturias.com\/noticias\/wp-content\/uploads\/2017\/12\/france-2243453_1280.jpg\" \/>\n\t\t<meta property=\"og:image:width\" content=\"1280\" \/>\n\t\t<meta property=\"og:image:height\" content=\"853\" \/>\n\t\t<meta property=\"article:tag\" content=\"econom\u00eda\" \/>\n\t\t<meta property=\"article:published_time\" content=\"2017-12-14T11:34:49+00:00\" \/>\n\t\t<meta property=\"article:modified_time\" content=\"2017-12-14T11:34:49+00:00\" \/>\n\t\t<meta property=\"article:publisher\" content=\"https:\/\/facebook.com\/eldigitaldeasturias\" \/>\n\t\t<meta name=\"twitter:card\" content=\"summary_large_image\" \/>\n\t\t<meta name=\"twitter:title\" content=\"El alquiler de una vivienda en la nieve repunta un 1,4% frente al a\u00f1o pasado - El Digital de Asturias\" \/>\n\t\t<meta name=\"twitter:description\" content=\"El pasado puente de diciembre supuso el pistoletazo de salida de la temporada para la mayor\u00eda de las estaciones de esqu\u00ed espa\u00f1olas. La \u00e9poca de deportes de invierno ha comenzado con buen pie, y se espera que la afluencia de p\u00fablico a las pistas supere los cinco millones de visitantes1. Aunque muchos aficionados siguen apostando\" \/>\n\t\t<meta name=\"twitter:image\" content=\"https:\/\/www.eldigitaldeasturias.com\/noticias\/wp-content\/uploads\/2017\/12\/france-2243453_1280.jpg\" \/>\n\t\t<meta name=\"twitter:label1\" content=\"Escrito por\" \/>\n\t\t<meta name=\"twitter:data1\" content=\"El Digital de Asturias\" \/>\n\t\t<meta name=\"twitter:label2\" content=\"Tiempo de lectura estimado\" \/>\n\t\t<meta name=\"twitter:data2\" content=\"3 minutos\" \/>\n\t\t<script type=\"application\/ld+json\" class=\"aioseo-schema\">\n\t\t\t{\"@context\":\"https:\\\/\\\/schema.org\",\"@graph\":[{\"@type\":\"BlogPosting\",\"@id\":\"https:\\\/\\\/www.eldigitaldeasturias.com\\\/noticias\\\/el-alquiler-de-una-vivienda-en-la-nieve-repunta-un-14-frente-al-ano-pasado\\\/#blogposting\",\"name\":\"El alquiler de una vivienda en la nieve repunta un 1,4% frente al a\\u00f1o pasado - El Digital de Asturias\",\"headline\":\"El alquiler de una vivienda en la nieve repunta un 1,4% frente al a\\u00f1o pasado\",\"author\":{\"@id\":\"https:\\\/\\\/www.eldigitaldeasturias.com\\\/noticias\\\/author\\\/admin\\\/#author\"},\"publisher\":{\"@id\":\"https:\\\/\\\/www.eldigitaldeasturias.com\\\/noticias\\\/#organization\"},\"image\":{\"@type\":\"ImageObject\",\"url\":\"https:\\\/\\\/www.eldigitaldeasturias.com\\\/noticias\\\/wp-content\\\/uploads\\\/2017\\\/12\\\/france-2243453_1280.jpg\",\"width\":1280,\"height\":853},\"datePublished\":\"2017-12-14T11:34:49+01:00\",\"dateModified\":\"2017-12-14T11:34:49+01:00\",\"inLanguage\":\"es-ES\",\"mainEntityOfPage\":{\"@id\":\"https:\\\/\\\/www.eldigitaldeasturias.com\\\/noticias\\\/el-alquiler-de-una-vivienda-en-la-nieve-repunta-un-14-frente-al-ano-pasado\\\/#webpage\"},\"isPartOf\":{\"@id\":\"https:\\\/\\\/www.eldigitaldeasturias.com\\\/noticias\\\/el-alquiler-de-una-vivienda-en-la-nieve-repunta-un-14-frente-al-ano-pasado\\\/#webpage\"},\"articleSection\":\"Econom\\u00eda\"},{\"@type\":\"BreadcrumbList\",\"@id\":\"https:\\\/\\\/www.eldigitaldeasturias.com\\\/noticias\\\/el-alquiler-de-una-vivienda-en-la-nieve-repunta-un-14-frente-al-ano-pasado\\\/#breadcrumblist\",\"itemListElement\":[{\"@type\":\"ListItem\",\"@id\":\"https:\\\/\\\/www.eldigitaldeasturias.com\\\/noticias#listItem\",\"position\":1,\"name\":\"Home\",\"item\":\"https:\\\/\\\/www.eldigitaldeasturias.com\\\/noticias\",\"nextItem\":{\"@type\":\"ListItem\",\"@id\":\"https:\\\/\\\/www.eldigitaldeasturias.com\\\/noticias\\\/category\\\/economia\\\/#listItem\",\"name\":\"Econom\\u00eda\"}},{\"@type\":\"ListItem\",\"@id\":\"https:\\\/\\\/www.eldigitaldeasturias.com\\\/noticias\\\/category\\\/economia\\\/#listItem\",\"position\":2,\"name\":\"Econom\\u00eda\",\"item\":\"https:\\\/\\\/www.eldigitaldeasturias.com\\\/noticias\\\/category\\\/economia\\\/\",\"nextItem\":{\"@type\":\"ListItem\",\"@id\":\"https:\\\/\\\/www.eldigitaldeasturias.com\\\/noticias\\\/el-alquiler-de-una-vivienda-en-la-nieve-repunta-un-14-frente-al-ano-pasado\\\/#listItem\",\"name\":\"El alquiler de una vivienda en la nieve repunta un 1,4% frente al a\\u00f1o pasado\"},\"previousItem\":{\"@type\":\"ListItem\",\"@id\":\"https:\\\/\\\/www.eldigitaldeasturias.com\\\/noticias#listItem\",\"name\":\"Home\"}},{\"@type\":\"ListItem\",\"@id\":\"https:\\\/\\\/www.eldigitaldeasturias.com\\\/noticias\\\/el-alquiler-de-una-vivienda-en-la-nieve-repunta-un-14-frente-al-ano-pasado\\\/#listItem\",\"position\":3,\"name\":\"El alquiler de una vivienda en la nieve repunta un 1,4% frente al a\\u00f1o pasado\",\"previousItem\":{\"@type\":\"ListItem\",\"@id\":\"https:\\\/\\\/www.eldigitaldeasturias.com\\\/noticias\\\/category\\\/economia\\\/#listItem\",\"name\":\"Econom\\u00eda\"}}]},{\"@type\":\"Organization\",\"@id\":\"https:\\\/\\\/www.eldigitaldeasturias.com\\\/noticias\\\/#organization\",\"name\":\"El Digital de Asturias\",\"description\":\"Hemeroteca\",\"url\":\"https:\\\/\\\/www.eldigitaldeasturias.com\\\/noticias\\\/\",\"email\":\"info@eldigitaldeasturias.com\",\"telephone\":\"+34652131393\",\"logo\":{\"@type\":\"ImageObject\",\"url\":\"https:\\\/\\\/www.eldigitaldeasturias.com\\\/noticias\\\/wp-content\\\/uploads\\\/2020\\\/12\\\/EDA.jpg\",\"@id\":\"https:\\\/\\\/www.eldigitaldeasturias.com\\\/noticias\\\/el-alquiler-de-una-vivienda-en-la-nieve-repunta-un-14-frente-al-ano-pasado\\\/#organizationLogo\",\"width\":649,\"height\":297},\"image\":{\"@id\":\"https:\\\/\\\/www.eldigitaldeasturias.com\\\/noticias\\\/el-alquiler-de-una-vivienda-en-la-nieve-repunta-un-14-frente-al-ano-pasado\\\/#organizationLogo\"},\"sameAs\":[\"https:\\\/\\\/facebook.com\\\/eldigitaldeasturias\",\"https:\\\/\\\/www.youtube.com\\\/channel\\\/UCZP-2wLEB9Rv6erhFmqVnvg\"],\"address\":{\"@id\":\"https:\\\/\\\/www.eldigitaldeasturias.com\\\/noticias\\\/#postaladdress\",\"@type\":\"PostalAddress\",\"streetAddress\":\"san antonio 4,\",\"postalCode\":\"33430\",\"addressLocality\":\"Cand\\u00e1s\",\"addressRegion\":\"Asturias\",\"addressCountry\":\"ES\"}},{\"@type\":\"Person\",\"@id\":\"https:\\\/\\\/www.eldigitaldeasturias.com\\\/noticias\\\/author\\\/admin\\\/#author\",\"url\":\"https:\\\/\\\/www.eldigitaldeasturias.com\\\/noticias\\\/author\\\/admin\\\/\",\"name\":\"El Digital de Asturias\",\"image\":{\"@type\":\"ImageObject\",\"@id\":\"https:\\\/\\\/www.eldigitaldeasturias.com\\\/noticias\\\/el-alquiler-de-una-vivienda-en-la-nieve-repunta-un-14-frente-al-ano-pasado\\\/#authorImage\",\"url\":\"https:\\\/\\\/www.eldigitaldeasturias.com\\\/noticias\\\/wp-content\\\/litespeed\\\/avatar\\\/18677e78aa0546b92d9dbf31ec7d7668.jpg?ver=1777290358\",\"width\":96,\"height\":96,\"caption\":\"El Digital de Asturias\"}},{\"@type\":\"WebPage\",\"@id\":\"https:\\\/\\\/www.eldigitaldeasturias.com\\\/noticias\\\/el-alquiler-de-una-vivienda-en-la-nieve-repunta-un-14-frente-al-ano-pasado\\\/#webpage\",\"url\":\"https:\\\/\\\/www.eldigitaldeasturias.com\\\/noticias\\\/el-alquiler-de-una-vivienda-en-la-nieve-repunta-un-14-frente-al-ano-pasado\\\/\",\"name\":\"El alquiler de una vivienda en la nieve repunta un 1,4% frente al a\\u00f1o pasado - El Digital de Asturias\",\"description\":\"El pasado puente de diciembre supuso el pistoletazo de salida de la temporada para la mayor\\u00eda de las estaciones de esqu\\u00ed espa\\u00f1olas. La \\u00e9poca de deportes de invierno ha comenzado con buen pie, y se espera que la afluencia de p\\u00fablico a las pistas supere los cinco millones de visitantes1. Aunque muchos aficionados siguen apostando\",\"inLanguage\":\"es-ES\",\"isPartOf\":{\"@id\":\"https:\\\/\\\/www.eldigitaldeasturias.com\\\/noticias\\\/#website\"},\"breadcrumb\":{\"@id\":\"https:\\\/\\\/www.eldigitaldeasturias.com\\\/noticias\\\/el-alquiler-de-una-vivienda-en-la-nieve-repunta-un-14-frente-al-ano-pasado\\\/#breadcrumblist\"},\"author\":{\"@id\":\"https:\\\/\\\/www.eldigitaldeasturias.com\\\/noticias\\\/author\\\/admin\\\/#author\"},\"creator\":{\"@id\":\"https:\\\/\\\/www.eldigitaldeasturias.com\\\/noticias\\\/author\\\/admin\\\/#author\"},\"image\":{\"@type\":\"ImageObject\",\"url\":\"https:\\\/\\\/www.eldigitaldeasturias.com\\\/noticias\\\/wp-content\\\/uploads\\\/2017\\\/12\\\/france-2243453_1280.jpg\",\"@id\":\"https:\\\/\\\/www.eldigitaldeasturias.com\\\/noticias\\\/el-alquiler-de-una-vivienda-en-la-nieve-repunta-un-14-frente-al-ano-pasado\\\/#mainImage\",\"width\":1280,\"height\":853},\"primaryImageOfPage\":{\"@id\":\"https:\\\/\\\/www.eldigitaldeasturias.com\\\/noticias\\\/el-alquiler-de-una-vivienda-en-la-nieve-repunta-un-14-frente-al-ano-pasado\\\/#mainImage\"},\"datePublished\":\"2017-12-14T11:34:49+01:00\",\"dateModified\":\"2017-12-14T11:34:49+01:00\"},{\"@type\":\"WebSite\",\"@id\":\"https:\\\/\\\/www.eldigitaldeasturias.com\\\/noticias\\\/#website\",\"url\":\"https:\\\/\\\/www.eldigitaldeasturias.com\\\/noticias\\\/\",\"name\":\"El Digital de Asturias - Diario de actualidad y noticias\",\"alternateName\":\"El Digital de Asturias - Diario de actualidad y noticias\",\"description\":\"Hemeroteca\",\"inLanguage\":\"es-ES\",\"publisher\":{\"@id\":\"https:\\\/\\\/www.eldigitaldeasturias.com\\\/noticias\\\/#organization\"}}]}\n\t\t<\/script>\n\t\t<!-- All in One SEO Pro -->\r\n\t\t<title>El alquiler de una vivienda en la nieve repunta un 1,4% frente al a\u00f1o pasado - El Digital de Asturias<\/title>\n\n","aioseo_head_json":{"title":"El alquiler de una vivienda en la nieve repunta un 1,4% frente al a\u00f1o pasado - El Digital de Asturias","description":"El pasado puente de diciembre supuso el pistoletazo de salida de la temporada para la mayor\u00eda de las estaciones de esqu\u00ed espa\u00f1olas. La \u00e9poca de deportes de invierno ha comenzado con buen pie, y se espera que la afluencia de p\u00fablico a las pistas supere los cinco millones de visitantes1. Aunque muchos aficionados siguen apostando","canonical_url":"https:\/\/www.eldigitaldeasturias.com\/noticias\/el-alquiler-de-una-vivienda-en-la-nieve-repunta-un-14-frente-al-ano-pasado\/","robots":"max-image-preview:large","keywords":"econom\u00eda","webmasterTools":{"google-site-verification":"UA-38556648-1","msvalidate.01":"7dfe9f3f1b24437ab69f4f2559babe99","miscellaneous":""},"schema":{"@context":"https:\/\/schema.org","@graph":[{"@type":"BlogPosting","@id":"https:\/\/www.eldigitaldeasturias.com\/noticias\/el-alquiler-de-una-vivienda-en-la-nieve-repunta-un-14-frente-al-ano-pasado\/#blogposting","name":"El alquiler de una vivienda en la nieve repunta un 1,4% frente al a\u00f1o pasado - El Digital de Asturias","headline":"El alquiler de una vivienda en la nieve repunta un 1,4% frente al a\u00f1o pasado","author":{"@id":"https:\/\/www.eldigitaldeasturias.com\/noticias\/author\/admin\/#author"},"publisher":{"@id":"https:\/\/www.eldigitaldeasturias.com\/noticias\/#organization"},"image":{"@type":"ImageObject","url":"https:\/\/www.eldigitaldeasturias.com\/noticias\/wp-content\/uploads\/2017\/12\/france-2243453_1280.jpg","width":1280,"height":853},"datePublished":"2017-12-14T11:34:49+01:00","dateModified":"2017-12-14T11:34:49+01:00","inLanguage":"es-ES","mainEntityOfPage":{"@id":"https:\/\/www.eldigitaldeasturias.com\/noticias\/el-alquiler-de-una-vivienda-en-la-nieve-repunta-un-14-frente-al-ano-pasado\/#webpage"},"isPartOf":{"@id":"https:\/\/www.eldigitaldeasturias.com\/noticias\/el-alquiler-de-una-vivienda-en-la-nieve-repunta-un-14-frente-al-ano-pasado\/#webpage"},"articleSection":"Econom\u00eda"},{"@type":"BreadcrumbList","@id":"https:\/\/www.eldigitaldeasturias.com\/noticias\/el-alquiler-de-una-vivienda-en-la-nieve-repunta-un-14-frente-al-ano-pasado\/#breadcrumblist","itemListElement":[{"@type":"ListItem","@id":"https:\/\/www.eldigitaldeasturias.com\/noticias#listItem","position":1,"name":"Home","item":"https:\/\/www.eldigitaldeasturias.com\/noticias","nextItem":{"@type":"ListItem","@id":"https:\/\/www.eldigitaldeasturias.com\/noticias\/category\/economia\/#listItem","name":"Econom\u00eda"}},{"@type":"ListItem","@id":"https:\/\/www.eldigitaldeasturias.com\/noticias\/category\/economia\/#listItem","position":2,"name":"Econom\u00eda","item":"https:\/\/www.eldigitaldeasturias.com\/noticias\/category\/economia\/","nextItem":{"@type":"ListItem","@id":"https:\/\/www.eldigitaldeasturias.com\/noticias\/el-alquiler-de-una-vivienda-en-la-nieve-repunta-un-14-frente-al-ano-pasado\/#listItem","name":"El alquiler de una vivienda en la nieve repunta un 1,4% frente al a\u00f1o pasado"},"previousItem":{"@type":"ListItem","@id":"https:\/\/www.eldigitaldeasturias.com\/noticias#listItem","name":"Home"}},{"@type":"ListItem","@id":"https:\/\/www.eldigitaldeasturias.com\/noticias\/el-alquiler-de-una-vivienda-en-la-nieve-repunta-un-14-frente-al-ano-pasado\/#listItem","position":3,"name":"El alquiler de una vivienda en la nieve repunta un 1,4% frente al a\u00f1o pasado","previousItem":{"@type":"ListItem","@id":"https:\/\/www.eldigitaldeasturias.com\/noticias\/category\/economia\/#listItem","name":"Econom\u00eda"}}]},{"@type":"Organization","@id":"https:\/\/www.eldigitaldeasturias.com\/noticias\/#organization","name":"El Digital de Asturias","description":"Hemeroteca","url":"https:\/\/www.eldigitaldeasturias.com\/noticias\/","email":"info@eldigitaldeasturias.com","telephone":"+34652131393","logo":{"@type":"ImageObject","url":"https:\/\/www.eldigitaldeasturias.com\/noticias\/wp-content\/uploads\/2020\/12\/EDA.jpg","@id":"https:\/\/www.eldigitaldeasturias.com\/noticias\/el-alquiler-de-una-vivienda-en-la-nieve-repunta-un-14-frente-al-ano-pasado\/#organizationLogo","width":649,"height":297},"image":{"@id":"https:\/\/www.eldigitaldeasturias.com\/noticias\/el-alquiler-de-una-vivienda-en-la-nieve-repunta-un-14-frente-al-ano-pasado\/#organizationLogo"},"sameAs":["https:\/\/facebook.com\/eldigitaldeasturias","https:\/\/www.youtube.com\/channel\/UCZP-2wLEB9Rv6erhFmqVnvg"],"address":{"@id":"https:\/\/www.eldigitaldeasturias.com\/noticias\/#postaladdress","@type":"PostalAddress","streetAddress":"san antonio 4,","postalCode":"33430","addressLocality":"Cand\u00e1s","addressRegion":"Asturias","addressCountry":"ES"}},{"@type":"Person","@id":"https:\/\/www.eldigitaldeasturias.com\/noticias\/author\/admin\/#author","url":"https:\/\/www.eldigitaldeasturias.com\/noticias\/author\/admin\/","name":"El Digital de Asturias","image":{"@type":"ImageObject","@id":"https:\/\/www.eldigitaldeasturias.com\/noticias\/el-alquiler-de-una-vivienda-en-la-nieve-repunta-un-14-frente-al-ano-pasado\/#authorImage","url":"https:\/\/www.eldigitaldeasturias.com\/noticias\/wp-content\/litespeed\/avatar\/18677e78aa0546b92d9dbf31ec7d7668.jpg?ver=1777290358","width":96,"height":96,"caption":"El Digital de Asturias"}},{"@type":"WebPage","@id":"https:\/\/www.eldigitaldeasturias.com\/noticias\/el-alquiler-de-una-vivienda-en-la-nieve-repunta-un-14-frente-al-ano-pasado\/#webpage","url":"https:\/\/www.eldigitaldeasturias.com\/noticias\/el-alquiler-de-una-vivienda-en-la-nieve-repunta-un-14-frente-al-ano-pasado\/","name":"El alquiler de una vivienda en la nieve repunta un 1,4% frente al a\u00f1o pasado - El Digital de Asturias","description":"El pasado puente de diciembre supuso el pistoletazo de salida de la temporada para la mayor\u00eda de las estaciones de esqu\u00ed espa\u00f1olas. La \u00e9poca de deportes de invierno ha comenzado con buen pie, y se espera que la afluencia de p\u00fablico a las pistas supere los cinco millones de visitantes1. Aunque muchos aficionados siguen apostando","inLanguage":"es-ES","isPartOf":{"@id":"https:\/\/www.eldigitaldeasturias.com\/noticias\/#website"},"breadcrumb":{"@id":"https:\/\/www.eldigitaldeasturias.com\/noticias\/el-alquiler-de-una-vivienda-en-la-nieve-repunta-un-14-frente-al-ano-pasado\/#breadcrumblist"},"author":{"@id":"https:\/\/www.eldigitaldeasturias.com\/noticias\/author\/admin\/#author"},"creator":{"@id":"https:\/\/www.eldigitaldeasturias.com\/noticias\/author\/admin\/#author"},"image":{"@type":"ImageObject","url":"https:\/\/www.eldigitaldeasturias.com\/noticias\/wp-content\/uploads\/2017\/12\/france-2243453_1280.jpg","@id":"https:\/\/www.eldigitaldeasturias.com\/noticias\/el-alquiler-de-una-vivienda-en-la-nieve-repunta-un-14-frente-al-ano-pasado\/#mainImage","width":1280,"height":853},"primaryImageOfPage":{"@id":"https:\/\/www.eldigitaldeasturias.com\/noticias\/el-alquiler-de-una-vivienda-en-la-nieve-repunta-un-14-frente-al-ano-pasado\/#mainImage"},"datePublished":"2017-12-14T11:34:49+01:00","dateModified":"2017-12-14T11:34:49+01:00"},{"@type":"WebSite","@id":"https:\/\/www.eldigitaldeasturias.com\/noticias\/#website","url":"https:\/\/www.eldigitaldeasturias.com\/noticias\/","name":"El Digital de Asturias - Diario de actualidad y noticias","alternateName":"El Digital de Asturias - Diario de actualidad y noticias","description":"Hemeroteca","inLanguage":"es-ES","publisher":{"@id":"https:\/\/www.eldigitaldeasturias.com\/noticias\/#organization"}}]},"og:locale":"es_ES","og:site_name":"El Digital de Asturias","og:type":"article","og:title":"El alquiler de una vivienda en la nieve repunta un 1,4% frente al a\u00f1o pasado - El Digital de Asturias","og:description":"El pasado puente de diciembre supuso el pistoletazo de salida de la temporada para la mayor\u00eda de las estaciones de esqu\u00ed espa\u00f1olas. La \u00e9poca de deportes de invierno ha comenzado con buen pie, y se espera que la afluencia de p\u00fablico a las pistas supere los cinco millones de visitantes1. Aunque muchos aficionados siguen apostando","og:url":"https:\/\/www.eldigitaldeasturias.com\/noticias\/el-alquiler-de-una-vivienda-en-la-nieve-repunta-un-14-frente-al-ano-pasado\/","og:image":"https:\/\/www.eldigitaldeasturias.com\/noticias\/wp-content\/uploads\/2017\/12\/france-2243453_1280.jpg","og:image:secure_url":"https:\/\/www.eldigitaldeasturias.com\/noticias\/wp-content\/uploads\/2017\/12\/france-2243453_1280.jpg","og:image:width":1280,"og:image:height":853,"article:tag":["econom\u00eda"],"article:published_time":"2017-12-14T11:34:49+00:00","article:modified_time":"2017-12-14T11:34:49+00:00","article:publisher":"https:\/\/facebook.com\/eldigitaldeasturias","twitter:card":"summary_large_image","twitter:title":"El alquiler de una vivienda en la nieve repunta un 1,4% frente al a\u00f1o pasado - El Digital de Asturias","twitter:description":"El pasado puente de diciembre supuso el pistoletazo de salida de la temporada para la mayor\u00eda de las estaciones de esqu\u00ed espa\u00f1olas. La \u00e9poca de deportes de invierno ha comenzado con buen pie, y se espera que la afluencia de p\u00fablico a las pistas supere los cinco millones de visitantes1. Aunque muchos aficionados siguen apostando","twitter:image":"https:\/\/www.eldigitaldeasturias.com\/noticias\/wp-content\/uploads\/2017\/12\/france-2243453_1280.jpg","twitter:label1":"Escrito por","twitter:data1":"El Digital de Asturias","twitter:label2":"Tiempo de lectura estimado","twitter:data2":"3 minutos"},"aioseo_meta_data":{"post_id":"963315","title":null,"description":null,"keywords":null,"keyphrases":null,"primary_term":null,"canonical_url":null,"og_title":null,"og_description":null,"og_object_type":"default","og_image_type":"default","og_image_url":null,"og_image_width":null,"og_image_height":null,"og_image_custom_url":null,"og_image_custom_fields":null,"og_video":null,"og_custom_url":null,"og_article_section":null,"og_article_tags":null,"twitter_use_og":false,"twitter_card":"default","twitter_image_type":"default","twitter_image_url":null,"twitter_image_custom_url":null,"twitter_image_custom_fields":null,"twitter_title":null,"twitter_description":null,"schema":{"blockGraphs":[],"customGraphs":[],"default":{"data":{"Article":[],"Course":[],"Dataset":[],"FAQPage":[],"Movie":[],"Person":[],"Product":[],"ProductReview":[],"Car":[],"Recipe":[],"Service":[],"SoftwareApplication":[],"WebPage":[]},"graphName":"","isEnabled":true},"graphs":[],"defaultGraph":"","defaultPostTypeGraph":""},"schema_type":null,"schema_type_options":null,"pillar_content":false,"robots_default":true,"robots_noindex":false,"robots_noarchive":false,"robots_nosnippet":false,"robots_nofollow":false,"robots_noimageindex":false,"robots_noodp":false,"robots_notranslate":false,"robots_max_snippet":null,"robots_max_videopreview":null,"robots_max_imagepreview":"large","priority":null,"frequency":null,"local_seo":null,"seo_analyzer_scan_date":"2025-12-07 15:39:23","breadcrumb_settings":null,"limit_modified_date":false,"open_ai":null,"ai":null,"created":"2020-12-21 12:43:42","updated":"2025-12-07 15:39:23"},"aioseo_breadcrumb":"<div class=\"aioseo-breadcrumbs\"><span class=\"aioseo-breadcrumb\">\n\t<a href=\"https:\/\/www.eldigitaldeasturias.com\/noticias\" title=\"Home\">Home<\/a>\n<\/span><span class=\"aioseo-breadcrumb-separator\">\u2013<\/span><span class=\"aioseo-breadcrumb\">\n\t<a href=\"https:\/\/www.eldigitaldeasturias.com\/noticias\/category\/economia\/\" title=\"Econom\u00eda\">Econom\u00eda<\/a>\n<\/span><span class=\"aioseo-breadcrumb-separator\">\u2013<\/span><span class=\"aioseo-breadcrumb\">\n\t<a href=\"https:\/\/www.eldigitaldeasturias.com\/noticias\/el-alquiler-de-una-vivienda-en-la-nieve-repunta-un-14-frente-al-ano-pasado\/\" title=\"El alquiler de una vivienda en la nieve repunta un 1,4% frente al a\u00f1o pasado\">El alquiler de una vivienda en la nieve repunta un 1,4% frente al a\u00f1o pasado<\/a>\n<\/span><\/div>","aioseo_breadcrumb_json":[{"label":"Home","link":"https:\/\/www.eldigitaldeasturias.com\/noticias"},{"label":"Econom\u00eda","link":"https:\/\/www.eldigitaldeasturias.com\/noticias\/category\/economia\/"},{"label":"El alquiler de una vivienda en la nieve repunta un 1,4% frente al a\u00f1o pasado","link":"https:\/\/www.eldigitaldeasturias.com\/noticias\/el-alquiler-de-una-vivienda-en-la-nieve-repunta-un-14-frente-al-ano-pasado\/"}],"_links":{"self":[{"href":"https:\/\/www.eldigitaldeasturias.com\/noticias\/wp-json\/wp\/v2\/posts\/963315","targetHints":{"allow":["GET"]}}],"collection":[{"href":"https:\/\/www.eldigitaldeasturias.com\/noticias\/wp-json\/wp\/v2\/posts"}],"about":[{"href":"https:\/\/www.eldigitaldeasturias.com\/noticias\/wp-json\/wp\/v2\/types\/post"}],"author":[{"embeddable":true,"href":"https:\/\/www.eldigitaldeasturias.com\/noticias\/wp-json\/wp\/v2\/users\/1"}],"replies":[{"embeddable":true,"href":"https:\/\/www.eldigitaldeasturias.com\/noticias\/wp-json\/wp\/v2\/comments?post=963315"}],"version-history":[{"count":0,"href":"https:\/\/www.eldigitaldeasturias.com\/noticias\/wp-json\/wp\/v2\/posts\/963315\/revisions"}],"wp:featuredmedia":[{"embeddable":true,"href":"https:\/\/www.eldigitaldeasturias.com\/noticias\/wp-json\/wp\/v2\/media\/963316"}],"wp:attachment":[{"href":"https:\/\/www.eldigitaldeasturias.com\/noticias\/wp-json\/wp\/v2\/media?parent=963315"}],"wp:term":[{"taxonomy":"category","embeddable":true,"href":"https:\/\/www.eldigitaldeasturias.com\/noticias\/wp-json\/wp\/v2\/categories?post=963315"},{"taxonomy":"post_tag","embeddable":true,"href":"https:\/\/www.eldigitaldeasturias.com\/noticias\/wp-json\/wp\/v2\/tags?post=963315"}],"curies":[{"name":"wp","href":"https:\/\/api.w.org\/{rel}","templated":true}]}}