{"id":963292,"date":"2017-12-13T20:02:16","date_gmt":"2017-12-13T20:02:16","guid":{"rendered":"http:\/\/www.eldigitaldeasturias.com\/noticias\/?p=963292"},"modified":"2017-12-13T20:02:16","modified_gmt":"2017-12-13T20:02:16","slug":"fomento-presenta-el-plan-de-internacionalizacion-del-transporte-y-las-infraestructuras-2018-2020","status":"publish","type":"post","link":"https:\/\/www.eldigitaldeasturias.com\/noticias\/fomento-presenta-el-plan-de-internacionalizacion-del-transporte-y-las-infraestructuras-2018-2020\/","title":{"rendered":"Fomento presenta el Plan de Internacionalizaci\u00f3n del Transporte y las Infraestructuras 2018-2020"},"content":{"rendered":"<p><img loading=\"lazy\" decoding=\"async\" class=\"alignleft size-medium wp-image-963293\" src=\"https:\/\/www.eldigitaldeasturias.com\/noticias\/wp-content\/uploads\/2017\/12\/131217-DeLaSerna-360x239.jpg\" alt=\"\" width=\"360\" height=\"239\" srcset=\"https:\/\/www.eldigitaldeasturias.com\/noticias\/wp-content\/uploads\/2017\/12\/131217-DeLaSerna-360x239.jpg 360w, https:\/\/www.eldigitaldeasturias.com\/noticias\/wp-content\/uploads\/2017\/12\/131217-DeLaSerna.jpg 496w\" sizes=\"auto, (max-width: 360px) 100vw, 360px\" \/>El ministro de Fomento, \u00cd\u00f1igo de la Serna, ha presentado el Plan de Internacionalizaci\u00f3n del Transporte y las Infraestructuras 2018-2020, que comparte e integra las actividades e iniciativas necesarias para la generaci\u00f3n de m\u00e1s y mejores oportunidades de negocio para las empresas espa\u00f1olas en el exterior, el refuerzo de su actividad internacional y de la imagen tecnol\u00f3gica, innovadora y empresarial de Espa\u00f1a.<\/p>\n<p>\u200bEste plan identifica las sinergias, tanto operativas como comerciales, entre las empresas del Grupo Fomento y el sector privado, favoreciendo, por una parte, las actividades de cooperaci\u00f3n y colaboraci\u00f3n entre los agentes involucrados y, por otra, la complementariedad de trabajos y servicios que redunden en una mayor competitividad internacional.<\/p>\n<p>Una estrategia que se articula sobre seis l\u00edneas de acci\u00f3n que persiguen la generaci\u00f3n de imagen del sector, el aprovechamiento de las capacidades integrales de la oferta espa\u00f1ola y la influencia institucional.<\/p>\n<p>El Plan de Internacionalizaci\u00f3n del Transporte y las Infraestructuras centrar\u00e1 sus esfuerzos en once mercados prioritarios: Arabia Saud\u00ed, Australia, Canad\u00e1, Colombia, Emiratos \u00c1rabes Unidos, Estados Unidos, M\u00e9xico, Noruega, Per\u00fa, Suecia y Reino Unido; y nueve de oportunidad: Argentina, Chile, Dinamarca, Egipto, India, Israel, Malasia, Marruecos y Singapur.<\/p>\n<p>Como complemento a los pa\u00edses citados, tambi\u00e9n se consideran prioritarios los proyectos con las instituciones europeas, puesto que existen, a nivel regional, necesidades en las que la oferta espa\u00f1ola puede aportar un valor diferencial.<\/p>\n<p><strong>Proyectos valorados en m\u00e1s de 2,5 billones de euros<\/strong><\/p>\n<p>Los planes de inversi\u00f3n en infraestructuras, solamente en los once mercados prioritarios, suponen un &#8216;pipeline&#8217; de proyectos valorado en m\u00e1s de 2,5 billones de euros en los pr\u00f3ximos diez a\u00f1os, entre los que destacan oportunidades como la alta velocidad de California (EEUU), Reino Unido y Suecia; proyectos a\u00e9reos como la ampliaci\u00f3n del aeropuerto Jorge Ch\u00e1vez en Lima (Per\u00fa); la renovaci\u00f3n de los aeropuertos JFK y San Diego (EEUU); o el nuevo aeropuerto de Sidney (Australia); o las relacionadas con los metros de Sidney (Australia), Bogot\u00e1 (Colombia) o Lima (Per\u00fa); sin olvidar la ampliaci\u00f3n del tren ligero de Calgary (Canad\u00e1) o el Crossrail2 (Reino Unido). En cuanto a las carreteras, destacan proyectos como las autopistas E-39 (Noruega) y WestConnex (Australia) o la King Hamad Causeway (Arabia Saud\u00ed).<\/p>\n<p><strong>Objetivos estrat\u00e9gicos:<\/strong><\/p>\n<p>Dise\u00f1ar una estrategia integral de pa\u00eds en materia de internacionalizaci\u00f3n en los sectores del transporte y las infraestructuras.<\/p>\n<p>Consolidar y reforzar la imagen internacional de las empresas del transporte y las infraestructuras.<\/p>\n<p>Crear, de la mano del sector privado, mecanismos que permitan el alumbramiento de una plataforma de internacionalizaci\u00f3n que acelere el desarrollo de negocio para aquellos actores que ya est\u00e1n presentes en los mercados internacionales y que genere v\u00edas de incorporaci\u00f3n para otros agentes.<\/p>\n<p>Maximizar y optimizar la alineaci\u00f3n del sector de las infraestructuras del transporte con las tendencias globales y consolidar a nuestros operadores como referentes globales en materia de internacionalizaci\u00f3n e innovaci\u00f3n.<\/p>\n<p>Dotar de mayor coherencia, coordinaci\u00f3n y complementariedad a las actuaciones internacionales de las empresas del Grupo Fomento y el Sector Privado con el fin de obtener un efecto multiplicador.<\/p>\n<p><strong>L\u00edneas de acci\u00f3n<\/strong><\/p>\n<p>El Plan define seis l\u00edneas de acci\u00f3n dirigidas a la consecuci\u00f3n de los objetivos del Plan de Internacionalizaci\u00f3n del Transporte y las Infraestructuras. Las cuatro primeras l\u00edneas aplicar\u00e1n principalmente a los pa\u00edses prioritarios, a trav\u00e9s de 66 iniciativas, mientras que las dos \u00faltimas l\u00edneas englobar\u00e1n todos los pa\u00edses, incluyendo los de oportunidad, y se concretar\u00e1n en 44 iniciativas. Un total de 110 iniciativas que permitir\u00e1n reforzar la capacidad del sector de las infraestructuras en el mercado exterior.<\/p>\n<p>La l\u00ednea Spain Transport Lab propone intensificar la participaci\u00f3n de las empresas de Fomento en los foros de car\u00e1cter t\u00e9cnico, normativo y regulatorio, de forma que puedan actuar como prescriptores de la oferta espa\u00f1ola y puedan influir sobre las tem\u00e1ticas en las que se trabajan.<\/p>\n<p>La segunda l\u00ednea de acci\u00f3n se basa en la organizaci\u00f3n de cumbres espec\u00edficas espa\u00f1olas en los pa\u00edses prioritarios en las que se presentar\u00e1n las capacidades espa\u00f1olas en infraestructuras con un fuerte componente de innovaci\u00f3n como elemento diferenciador, denominadas Spain Tech Transport Summit.<\/p>\n<p>Otra de las l\u00edneas dise\u00f1adas se enmarcar\u00e1 en la organizaci\u00f3n en Espa\u00f1a de sesiones sobre Innovaci\u00f3n en el Transporte o Innovation Bridge, en las que las empresas espa\u00f1olas puedan desplegar sus capacidades de innovaci\u00f3n ante los decisores en materia de infraestructuras del transporte de los pa\u00edses invitados.<\/p>\n<p>El cuarto eje es la presencia en medios de comunicaci\u00f3n de inter\u00e9s en cada pa\u00eds para dar a conocer el potencial de las empresas espa\u00f1olas en el \u00e1mbito de las infraestructuras.<\/p>\n<p>Se propone impulsar la colaboraci\u00f3n entre diferentes Ministerios a trav\u00e9s de un conjunto de iniciativas espec\u00edficas a fin de aprovechar las nuevas oportunidades que ofrecen los mercados.<\/p>\n<p>Finalmente, la \u00faltima l\u00ednea de acci\u00f3n es la creaci\u00f3n del Observatorio espa\u00f1ol del Transporte y las Infraestructuras. Una plataforma de encuentro del sector que tendr\u00e1 como objetivos valorar la evoluci\u00f3n de la coyuntura de los distintos mercados, monitorear las acciones llevadas a cabo en los pa\u00edses, aglutinar informaci\u00f3n y conocimiento de los diferentes agentes involucrados, as\u00ed como esbozar el apoyo institucional requerido. Todo ello contribuir\u00e1 a dotar de mayor coherencia, coordinaci\u00f3n y complementariedad las actuaciones internacionales de las empresas espa\u00f1olas.<\/p>\n<p><strong>Siguientes pasos<\/strong><\/p>\n<p>Actualmente, el Plan se encuentra en un proceso de consulta y participaci\u00f3n. Todos los interesados en aportar comentarios o propuestas de mejora podr\u00e1n hacerlo hasta el 30 de enero de 2018 mediante un formulario habilitado en la p\u00e1gina web del Ministerio.<\/p>\n<p>El objetivo es avanzar en la puesta en marcha del Plan y, en concreto, de las iniciativas cuyo lanzamiento est\u00e1 previsto para 2018, entre las que destacan la puesta en marcha del Observatorio Espa\u00f1ol del Transporte y las Infraestructuras; la participaci\u00f3n de empresas espa\u00f1olas en congresos de especial relevancia en el sector, dentro de la l\u00ednea de acci\u00f3n Spain Transport Lab; y la organizaci\u00f3n del primer Innovation Bridge (M\u00e9xico, Colombia, Per\u00fa y otros).<\/p>\n<p><strong>An\u00e1lisis de la oferta y de la demanda<\/strong><\/p>\n<p>El plan de Internacionalizaci\u00f3n del Transporte y las Infraestructuras analiza el posicionamiento internacional de las empresas del Grupo Fomento, identificando todos aquellos servicios que componen su oferta y que podr\u00eda constituir un cat\u00e1logo \u00fanico e integral. Tambi\u00e9n se realiza una descripci\u00f3n del posicionamiento del sector privado espa\u00f1ol en los mercados internacionales.<\/p>\n<p>Una vez analizada la oferta de servicios del sector espa\u00f1ol del transporte y las infraestructuras, el Plan estudia los mercados en los que la demanda se ajusta a la oferta espa\u00f1ola y por tanto proporciona oportunidades para un mejor posicionamiento estrat\u00e9gico.<\/p>\n<p>A continuaci\u00f3n, se plantea un an\u00e1lisis pormenorizado de aquellos pa\u00edses que arrojan un mayor potencial atendiendo a los intereses de las empresas y a unos par\u00e1metros objetivos de caracterizaci\u00f3n del mercado.<\/p>\n<p>El resultado obtenido de cruzar la oferta de servicios que ofrece el sector de las infraestructuras en Espa\u00f1a con la demanda existente en los diferentes mercados a nivel mundial lleva a la identificaci\u00f3n de una serie de mercados de especial inter\u00e9s.<\/p>\n<p><strong>Tendencias globales<\/strong><\/p>\n<p>En este proceso de constante evoluci\u00f3n, progreso y creaci\u00f3n de valor para los pa\u00edses, se observan algunas tendencias globales que van a transformar el sector de las infraestructuras en los pr\u00f3ximos a\u00f1os y representan oportunidades tanto para gobiernos como para empresas del sector e inversores.<\/p>\n<p>En este plan, se ha identificado una creciente concienciaci\u00f3n medioambiental, que hace surgir una nueva categor\u00eda de proyectos objetivo, asociados a las l\u00edneas de financiaci\u00f3n para proyectos sostenibles otorgadas por los organismos multilaterales.<\/p>\n<p>Adem\u00e1s, el desarrollo de marcos jur\u00eddicos s\u00f3lidos, estables y seguros incentiva la participaci\u00f3n del sector privado en la financiaci\u00f3n y en el desarrollo de nuevos proyectos de infraestructuras, a trav\u00e9s de mecanismos PPP en los que las empresas espa\u00f1olas son l\u00edderes mundiales. La necesidad de desarrollar l\u00edneas de negocio adicionales que incorporen tecnolog\u00edas disruptivas es otra de las tendencias que marcan la transformaci\u00f3n del sector y que debe permitir a las empresas espa\u00f1olas diferenciarse por su capacidad innovadora.<\/p>\n<p>Asimismo, las recientes exigencias en materia de seguridad crean nuevas oportunidades de desarrollar l\u00edneas de negocio relacionadas con las tecnolog\u00edas de la informaci\u00f3n, como puede ser el \u00e1mbito de la ciberseguridad en las infraestructuras del transporte. El fomento de la intermodalidad o las oportunidades de desarrollo internacional ligadas a la apertura del mercado de la operaci\u00f3n de infraestructuras ferroviarias en Europa, son tambi\u00e9n dos de las tendencias identificadas.<\/p>\n","protected":false},"excerpt":{"rendered":"<p>El ministro de Fomento, \u00cd\u00f1igo de la Serna, ha presentado el Plan de Internacionalizaci\u00f3n del Transporte y las Infraestructuras 2018-2020, que comparte e integra las actividades e iniciativas necesarias para la generaci\u00f3n de m\u00e1s y mejores oportunidades de negocio para las empresas espa\u00f1olas en el exterior, el refuerzo de su actividad internacional y de la [&hellip;]<\/p>\n","protected":false},"author":1,"featured_media":963293,"comment_status":"closed","ping_status":"closed","sticky":false,"template":"","format":"standard","meta":{"footnotes":""},"categories":[187],"tags":[],"class_list":["post-963292","post","type-post","status-publish","format-standard","has-post-thumbnail","hentry","category-economia"],"aioseo_notices":[],"aioseo_head":"\n\t\t<!-- All in One SEO Pro 4.9.6.2 - aioseo.com -->\n\t<meta name=\"description\" content=\"El ministro de Fomento, \u00cd\u00f1igo de la Serna, ha presentado el Plan de Internacionalizaci\u00f3n del Transporte y las Infraestructuras 2018-2020, que comparte e integra las actividades e iniciativas necesarias para la generaci\u00f3n de m\u00e1s y mejores oportunidades de negocio para las empresas espa\u00f1olas en el exterior, el refuerzo de su actividad internacional y de la\" \/>\n\t<meta name=\"robots\" content=\"max-image-preview:large\" \/>\n\t<meta name=\"author\" content=\"El Digital de Asturias\"\/>\n\t<meta name=\"google-site-verification\" content=\"UA-38556648-1\" \/>\n\t<meta name=\"msvalidate.01\" content=\"7dfe9f3f1b24437ab69f4f2559babe99\" \/>\n\t<meta name=\"keywords\" content=\"econom\u00eda\" \/>\n\t<link rel=\"canonical\" href=\"https:\/\/www.eldigitaldeasturias.com\/noticias\/fomento-presenta-el-plan-de-internacionalizacion-del-transporte-y-las-infraestructuras-2018-2020\/\" \/>\n\t<meta name=\"generator\" content=\"All in One SEO Pro (AIOSEO) 4.9.6.2\" \/>\n\t\t<meta property=\"og:locale\" content=\"es_ES\" \/>\n\t\t<meta property=\"og:site_name\" content=\"El Digital de Asturias\" \/>\n\t\t<meta property=\"og:type\" content=\"article\" \/>\n\t\t<meta property=\"og:title\" content=\"Fomento presenta el Plan de Internacionalizaci\u00f3n del Transporte y las Infraestructuras 2018-2020 - El Digital de Asturias\" \/>\n\t\t<meta property=\"og:description\" content=\"El ministro de Fomento, \u00cd\u00f1igo de la Serna, ha presentado el Plan de Internacionalizaci\u00f3n del Transporte y las Infraestructuras 2018-2020, que comparte e integra las actividades e iniciativas necesarias para la generaci\u00f3n de m\u00e1s y mejores oportunidades de negocio para las empresas espa\u00f1olas en el exterior, el refuerzo de su actividad internacional y de la\" \/>\n\t\t<meta property=\"og:url\" content=\"https:\/\/www.eldigitaldeasturias.com\/noticias\/fomento-presenta-el-plan-de-internacionalizacion-del-transporte-y-las-infraestructuras-2018-2020\/\" \/>\n\t\t<meta property=\"og:image\" content=\"https:\/\/www.eldigitaldeasturias.com\/noticias\/wp-content\/uploads\/2017\/12\/131217-DeLaSerna.jpg\" \/>\n\t\t<meta property=\"og:image:secure_url\" content=\"https:\/\/www.eldigitaldeasturias.com\/noticias\/wp-content\/uploads\/2017\/12\/131217-DeLaSerna.jpg\" \/>\n\t\t<meta property=\"og:image:width\" content=\"496\" \/>\n\t\t<meta property=\"og:image:height\" content=\"329\" \/>\n\t\t<meta property=\"article:tag\" content=\"econom\u00eda\" \/>\n\t\t<meta property=\"article:published_time\" content=\"2017-12-13T20:02:16+00:00\" \/>\n\t\t<meta property=\"article:modified_time\" content=\"2017-12-13T20:02:16+00:00\" \/>\n\t\t<meta property=\"article:publisher\" content=\"https:\/\/facebook.com\/eldigitaldeasturias\" \/>\n\t\t<meta name=\"twitter:card\" content=\"summary_large_image\" \/>\n\t\t<meta name=\"twitter:title\" content=\"Fomento presenta el Plan de Internacionalizaci\u00f3n del Transporte y las Infraestructuras 2018-2020 - El Digital de Asturias\" \/>\n\t\t<meta name=\"twitter:description\" content=\"El ministro de Fomento, \u00cd\u00f1igo de la Serna, ha presentado el Plan de Internacionalizaci\u00f3n del Transporte y las Infraestructuras 2018-2020, que comparte e integra las actividades e iniciativas necesarias para la generaci\u00f3n de m\u00e1s y mejores oportunidades de negocio para las empresas espa\u00f1olas en el exterior, el refuerzo de su actividad internacional y de la\" \/>\n\t\t<meta name=\"twitter:image\" content=\"https:\/\/www.eldigitaldeasturias.com\/noticias\/wp-content\/uploads\/2017\/12\/131217-DeLaSerna.jpg\" \/>\n\t\t<meta name=\"twitter:label1\" content=\"Escrito por\" \/>\n\t\t<meta name=\"twitter:data1\" content=\"El Digital de Asturias\" \/>\n\t\t<meta name=\"twitter:label2\" content=\"Tiempo de lectura estimado\" \/>\n\t\t<meta name=\"twitter:data2\" content=\"8 minutos\" \/>\n\t\t<script type=\"application\/ld+json\" class=\"aioseo-schema\">\n\t\t\t{\"@context\":\"https:\\\/\\\/schema.org\",\"@graph\":[{\"@type\":\"BlogPosting\",\"@id\":\"https:\\\/\\\/www.eldigitaldeasturias.com\\\/noticias\\\/fomento-presenta-el-plan-de-internacionalizacion-del-transporte-y-las-infraestructuras-2018-2020\\\/#blogposting\",\"name\":\"Fomento presenta el Plan de Internacionalizaci\\u00f3n del Transporte y las Infraestructuras 2018-2020 - El Digital de Asturias\",\"headline\":\"Fomento presenta el Plan de Internacionalizaci\\u00f3n del Transporte y las Infraestructuras 2018-2020\",\"author\":{\"@id\":\"https:\\\/\\\/www.eldigitaldeasturias.com\\\/noticias\\\/author\\\/admin\\\/#author\"},\"publisher\":{\"@id\":\"https:\\\/\\\/www.eldigitaldeasturias.com\\\/noticias\\\/#organization\"},\"image\":{\"@type\":\"ImageObject\",\"url\":\"https:\\\/\\\/www.eldigitaldeasturias.com\\\/noticias\\\/wp-content\\\/uploads\\\/2017\\\/12\\\/131217-DeLaSerna.jpg\",\"width\":496,\"height\":329},\"datePublished\":\"2017-12-13T20:02:16+01:00\",\"dateModified\":\"2017-12-13T20:02:16+01:00\",\"inLanguage\":\"es-ES\",\"mainEntityOfPage\":{\"@id\":\"https:\\\/\\\/www.eldigitaldeasturias.com\\\/noticias\\\/fomento-presenta-el-plan-de-internacionalizacion-del-transporte-y-las-infraestructuras-2018-2020\\\/#webpage\"},\"isPartOf\":{\"@id\":\"https:\\\/\\\/www.eldigitaldeasturias.com\\\/noticias\\\/fomento-presenta-el-plan-de-internacionalizacion-del-transporte-y-las-infraestructuras-2018-2020\\\/#webpage\"},\"articleSection\":\"Econom\\u00eda\"},{\"@type\":\"BreadcrumbList\",\"@id\":\"https:\\\/\\\/www.eldigitaldeasturias.com\\\/noticias\\\/fomento-presenta-el-plan-de-internacionalizacion-del-transporte-y-las-infraestructuras-2018-2020\\\/#breadcrumblist\",\"itemListElement\":[{\"@type\":\"ListItem\",\"@id\":\"https:\\\/\\\/www.eldigitaldeasturias.com\\\/noticias#listItem\",\"position\":1,\"name\":\"Home\",\"item\":\"https:\\\/\\\/www.eldigitaldeasturias.com\\\/noticias\",\"nextItem\":{\"@type\":\"ListItem\",\"@id\":\"https:\\\/\\\/www.eldigitaldeasturias.com\\\/noticias\\\/category\\\/economia\\\/#listItem\",\"name\":\"Econom\\u00eda\"}},{\"@type\":\"ListItem\",\"@id\":\"https:\\\/\\\/www.eldigitaldeasturias.com\\\/noticias\\\/category\\\/economia\\\/#listItem\",\"position\":2,\"name\":\"Econom\\u00eda\",\"item\":\"https:\\\/\\\/www.eldigitaldeasturias.com\\\/noticias\\\/category\\\/economia\\\/\",\"nextItem\":{\"@type\":\"ListItem\",\"@id\":\"https:\\\/\\\/www.eldigitaldeasturias.com\\\/noticias\\\/fomento-presenta-el-plan-de-internacionalizacion-del-transporte-y-las-infraestructuras-2018-2020\\\/#listItem\",\"name\":\"Fomento presenta el Plan de Internacionalizaci\\u00f3n del Transporte y las Infraestructuras 2018-2020\"},\"previousItem\":{\"@type\":\"ListItem\",\"@id\":\"https:\\\/\\\/www.eldigitaldeasturias.com\\\/noticias#listItem\",\"name\":\"Home\"}},{\"@type\":\"ListItem\",\"@id\":\"https:\\\/\\\/www.eldigitaldeasturias.com\\\/noticias\\\/fomento-presenta-el-plan-de-internacionalizacion-del-transporte-y-las-infraestructuras-2018-2020\\\/#listItem\",\"position\":3,\"name\":\"Fomento presenta el Plan de Internacionalizaci\\u00f3n del Transporte y las Infraestructuras 2018-2020\",\"previousItem\":{\"@type\":\"ListItem\",\"@id\":\"https:\\\/\\\/www.eldigitaldeasturias.com\\\/noticias\\\/category\\\/economia\\\/#listItem\",\"name\":\"Econom\\u00eda\"}}]},{\"@type\":\"Organization\",\"@id\":\"https:\\\/\\\/www.eldigitaldeasturias.com\\\/noticias\\\/#organization\",\"name\":\"El Digital de Asturias\",\"description\":\"Hemeroteca\",\"url\":\"https:\\\/\\\/www.eldigitaldeasturias.com\\\/noticias\\\/\",\"email\":\"info@eldigitaldeasturias.com\",\"telephone\":\"+34652131393\",\"logo\":{\"@type\":\"ImageObject\",\"url\":\"https:\\\/\\\/www.eldigitaldeasturias.com\\\/noticias\\\/wp-content\\\/uploads\\\/2020\\\/12\\\/EDA.jpg\",\"@id\":\"https:\\\/\\\/www.eldigitaldeasturias.com\\\/noticias\\\/fomento-presenta-el-plan-de-internacionalizacion-del-transporte-y-las-infraestructuras-2018-2020\\\/#organizationLogo\",\"width\":649,\"height\":297},\"image\":{\"@id\":\"https:\\\/\\\/www.eldigitaldeasturias.com\\\/noticias\\\/fomento-presenta-el-plan-de-internacionalizacion-del-transporte-y-las-infraestructuras-2018-2020\\\/#organizationLogo\"},\"sameAs\":[\"https:\\\/\\\/facebook.com\\\/eldigitaldeasturias\",\"https:\\\/\\\/www.youtube.com\\\/channel\\\/UCZP-2wLEB9Rv6erhFmqVnvg\"],\"address\":{\"@id\":\"https:\\\/\\\/www.eldigitaldeasturias.com\\\/noticias\\\/#postaladdress\",\"@type\":\"PostalAddress\",\"streetAddress\":\"san antonio 4,\",\"postalCode\":\"33430\",\"addressLocality\":\"Cand\\u00e1s\",\"addressRegion\":\"Asturias\",\"addressCountry\":\"ES\"}},{\"@type\":\"Person\",\"@id\":\"https:\\\/\\\/www.eldigitaldeasturias.com\\\/noticias\\\/author\\\/admin\\\/#author\",\"url\":\"https:\\\/\\\/www.eldigitaldeasturias.com\\\/noticias\\\/author\\\/admin\\\/\",\"name\":\"El Digital de Asturias\",\"image\":{\"@type\":\"ImageObject\",\"@id\":\"https:\\\/\\\/www.eldigitaldeasturias.com\\\/noticias\\\/fomento-presenta-el-plan-de-internacionalizacion-del-transporte-y-las-infraestructuras-2018-2020\\\/#authorImage\",\"url\":\"https:\\\/\\\/www.eldigitaldeasturias.com\\\/noticias\\\/wp-content\\\/litespeed\\\/avatar\\\/18677e78aa0546b92d9dbf31ec7d7668.jpg?ver=1777290358\",\"width\":96,\"height\":96,\"caption\":\"El Digital de Asturias\"}},{\"@type\":\"WebPage\",\"@id\":\"https:\\\/\\\/www.eldigitaldeasturias.com\\\/noticias\\\/fomento-presenta-el-plan-de-internacionalizacion-del-transporte-y-las-infraestructuras-2018-2020\\\/#webpage\",\"url\":\"https:\\\/\\\/www.eldigitaldeasturias.com\\\/noticias\\\/fomento-presenta-el-plan-de-internacionalizacion-del-transporte-y-las-infraestructuras-2018-2020\\\/\",\"name\":\"Fomento presenta el Plan de Internacionalizaci\\u00f3n del Transporte y las Infraestructuras 2018-2020 - El Digital de Asturias\",\"description\":\"El ministro de Fomento, \\u00cd\\u00f1igo de la Serna, ha presentado el Plan de Internacionalizaci\\u00f3n del Transporte y las Infraestructuras 2018-2020, que comparte e integra las actividades e iniciativas necesarias para la generaci\\u00f3n de m\\u00e1s y mejores oportunidades de negocio para las empresas espa\\u00f1olas en el exterior, el refuerzo de su actividad internacional y de la\",\"inLanguage\":\"es-ES\",\"isPartOf\":{\"@id\":\"https:\\\/\\\/www.eldigitaldeasturias.com\\\/noticias\\\/#website\"},\"breadcrumb\":{\"@id\":\"https:\\\/\\\/www.eldigitaldeasturias.com\\\/noticias\\\/fomento-presenta-el-plan-de-internacionalizacion-del-transporte-y-las-infraestructuras-2018-2020\\\/#breadcrumblist\"},\"author\":{\"@id\":\"https:\\\/\\\/www.eldigitaldeasturias.com\\\/noticias\\\/author\\\/admin\\\/#author\"},\"creator\":{\"@id\":\"https:\\\/\\\/www.eldigitaldeasturias.com\\\/noticias\\\/author\\\/admin\\\/#author\"},\"image\":{\"@type\":\"ImageObject\",\"url\":\"https:\\\/\\\/www.eldigitaldeasturias.com\\\/noticias\\\/wp-content\\\/uploads\\\/2017\\\/12\\\/131217-DeLaSerna.jpg\",\"@id\":\"https:\\\/\\\/www.eldigitaldeasturias.com\\\/noticias\\\/fomento-presenta-el-plan-de-internacionalizacion-del-transporte-y-las-infraestructuras-2018-2020\\\/#mainImage\",\"width\":496,\"height\":329},\"primaryImageOfPage\":{\"@id\":\"https:\\\/\\\/www.eldigitaldeasturias.com\\\/noticias\\\/fomento-presenta-el-plan-de-internacionalizacion-del-transporte-y-las-infraestructuras-2018-2020\\\/#mainImage\"},\"datePublished\":\"2017-12-13T20:02:16+01:00\",\"dateModified\":\"2017-12-13T20:02:16+01:00\"},{\"@type\":\"WebSite\",\"@id\":\"https:\\\/\\\/www.eldigitaldeasturias.com\\\/noticias\\\/#website\",\"url\":\"https:\\\/\\\/www.eldigitaldeasturias.com\\\/noticias\\\/\",\"name\":\"El Digital de Asturias - Diario de actualidad y noticias\",\"alternateName\":\"El Digital de Asturias - Diario de actualidad y noticias\",\"description\":\"Hemeroteca\",\"inLanguage\":\"es-ES\",\"publisher\":{\"@id\":\"https:\\\/\\\/www.eldigitaldeasturias.com\\\/noticias\\\/#organization\"}}]}\n\t\t<\/script>\n\t\t<!-- All in One SEO Pro -->\r\n\t\t<title>Fomento presenta el Plan de Internacionalizaci\u00f3n del Transporte y las Infraestructuras 2018-2020 - El Digital de Asturias<\/title>\n\n","aioseo_head_json":{"title":"Fomento presenta el Plan de Internacionalizaci\u00f3n del Transporte y las Infraestructuras 2018-2020 - El Digital de Asturias","description":"El ministro de Fomento, \u00cd\u00f1igo de la Serna, ha presentado el Plan de Internacionalizaci\u00f3n del Transporte y las Infraestructuras 2018-2020, que comparte e integra las actividades e iniciativas necesarias para la generaci\u00f3n de m\u00e1s y mejores oportunidades de negocio para las empresas espa\u00f1olas en el exterior, el refuerzo de su actividad internacional y de la","canonical_url":"https:\/\/www.eldigitaldeasturias.com\/noticias\/fomento-presenta-el-plan-de-internacionalizacion-del-transporte-y-las-infraestructuras-2018-2020\/","robots":"max-image-preview:large","keywords":"econom\u00eda","webmasterTools":{"google-site-verification":"UA-38556648-1","msvalidate.01":"7dfe9f3f1b24437ab69f4f2559babe99","miscellaneous":""},"schema":{"@context":"https:\/\/schema.org","@graph":[{"@type":"BlogPosting","@id":"https:\/\/www.eldigitaldeasturias.com\/noticias\/fomento-presenta-el-plan-de-internacionalizacion-del-transporte-y-las-infraestructuras-2018-2020\/#blogposting","name":"Fomento presenta el Plan de Internacionalizaci\u00f3n del Transporte y las Infraestructuras 2018-2020 - El Digital de Asturias","headline":"Fomento presenta el Plan de Internacionalizaci\u00f3n del Transporte y las Infraestructuras 2018-2020","author":{"@id":"https:\/\/www.eldigitaldeasturias.com\/noticias\/author\/admin\/#author"},"publisher":{"@id":"https:\/\/www.eldigitaldeasturias.com\/noticias\/#organization"},"image":{"@type":"ImageObject","url":"https:\/\/www.eldigitaldeasturias.com\/noticias\/wp-content\/uploads\/2017\/12\/131217-DeLaSerna.jpg","width":496,"height":329},"datePublished":"2017-12-13T20:02:16+01:00","dateModified":"2017-12-13T20:02:16+01:00","inLanguage":"es-ES","mainEntityOfPage":{"@id":"https:\/\/www.eldigitaldeasturias.com\/noticias\/fomento-presenta-el-plan-de-internacionalizacion-del-transporte-y-las-infraestructuras-2018-2020\/#webpage"},"isPartOf":{"@id":"https:\/\/www.eldigitaldeasturias.com\/noticias\/fomento-presenta-el-plan-de-internacionalizacion-del-transporte-y-las-infraestructuras-2018-2020\/#webpage"},"articleSection":"Econom\u00eda"},{"@type":"BreadcrumbList","@id":"https:\/\/www.eldigitaldeasturias.com\/noticias\/fomento-presenta-el-plan-de-internacionalizacion-del-transporte-y-las-infraestructuras-2018-2020\/#breadcrumblist","itemListElement":[{"@type":"ListItem","@id":"https:\/\/www.eldigitaldeasturias.com\/noticias#listItem","position":1,"name":"Home","item":"https:\/\/www.eldigitaldeasturias.com\/noticias","nextItem":{"@type":"ListItem","@id":"https:\/\/www.eldigitaldeasturias.com\/noticias\/category\/economia\/#listItem","name":"Econom\u00eda"}},{"@type":"ListItem","@id":"https:\/\/www.eldigitaldeasturias.com\/noticias\/category\/economia\/#listItem","position":2,"name":"Econom\u00eda","item":"https:\/\/www.eldigitaldeasturias.com\/noticias\/category\/economia\/","nextItem":{"@type":"ListItem","@id":"https:\/\/www.eldigitaldeasturias.com\/noticias\/fomento-presenta-el-plan-de-internacionalizacion-del-transporte-y-las-infraestructuras-2018-2020\/#listItem","name":"Fomento presenta el Plan de Internacionalizaci\u00f3n del Transporte y las Infraestructuras 2018-2020"},"previousItem":{"@type":"ListItem","@id":"https:\/\/www.eldigitaldeasturias.com\/noticias#listItem","name":"Home"}},{"@type":"ListItem","@id":"https:\/\/www.eldigitaldeasturias.com\/noticias\/fomento-presenta-el-plan-de-internacionalizacion-del-transporte-y-las-infraestructuras-2018-2020\/#listItem","position":3,"name":"Fomento presenta el Plan de Internacionalizaci\u00f3n del Transporte y las Infraestructuras 2018-2020","previousItem":{"@type":"ListItem","@id":"https:\/\/www.eldigitaldeasturias.com\/noticias\/category\/economia\/#listItem","name":"Econom\u00eda"}}]},{"@type":"Organization","@id":"https:\/\/www.eldigitaldeasturias.com\/noticias\/#organization","name":"El Digital de Asturias","description":"Hemeroteca","url":"https:\/\/www.eldigitaldeasturias.com\/noticias\/","email":"info@eldigitaldeasturias.com","telephone":"+34652131393","logo":{"@type":"ImageObject","url":"https:\/\/www.eldigitaldeasturias.com\/noticias\/wp-content\/uploads\/2020\/12\/EDA.jpg","@id":"https:\/\/www.eldigitaldeasturias.com\/noticias\/fomento-presenta-el-plan-de-internacionalizacion-del-transporte-y-las-infraestructuras-2018-2020\/#organizationLogo","width":649,"height":297},"image":{"@id":"https:\/\/www.eldigitaldeasturias.com\/noticias\/fomento-presenta-el-plan-de-internacionalizacion-del-transporte-y-las-infraestructuras-2018-2020\/#organizationLogo"},"sameAs":["https:\/\/facebook.com\/eldigitaldeasturias","https:\/\/www.youtube.com\/channel\/UCZP-2wLEB9Rv6erhFmqVnvg"],"address":{"@id":"https:\/\/www.eldigitaldeasturias.com\/noticias\/#postaladdress","@type":"PostalAddress","streetAddress":"san antonio 4,","postalCode":"33430","addressLocality":"Cand\u00e1s","addressRegion":"Asturias","addressCountry":"ES"}},{"@type":"Person","@id":"https:\/\/www.eldigitaldeasturias.com\/noticias\/author\/admin\/#author","url":"https:\/\/www.eldigitaldeasturias.com\/noticias\/author\/admin\/","name":"El Digital de Asturias","image":{"@type":"ImageObject","@id":"https:\/\/www.eldigitaldeasturias.com\/noticias\/fomento-presenta-el-plan-de-internacionalizacion-del-transporte-y-las-infraestructuras-2018-2020\/#authorImage","url":"https:\/\/www.eldigitaldeasturias.com\/noticias\/wp-content\/litespeed\/avatar\/18677e78aa0546b92d9dbf31ec7d7668.jpg?ver=1777290358","width":96,"height":96,"caption":"El Digital de Asturias"}},{"@type":"WebPage","@id":"https:\/\/www.eldigitaldeasturias.com\/noticias\/fomento-presenta-el-plan-de-internacionalizacion-del-transporte-y-las-infraestructuras-2018-2020\/#webpage","url":"https:\/\/www.eldigitaldeasturias.com\/noticias\/fomento-presenta-el-plan-de-internacionalizacion-del-transporte-y-las-infraestructuras-2018-2020\/","name":"Fomento presenta el Plan de Internacionalizaci\u00f3n del Transporte y las Infraestructuras 2018-2020 - El Digital de Asturias","description":"El ministro de Fomento, \u00cd\u00f1igo de la Serna, ha presentado el Plan de Internacionalizaci\u00f3n del Transporte y las Infraestructuras 2018-2020, que comparte e integra las actividades e iniciativas necesarias para la generaci\u00f3n de m\u00e1s y mejores oportunidades de negocio para las empresas espa\u00f1olas en el exterior, el refuerzo de su actividad internacional y de la","inLanguage":"es-ES","isPartOf":{"@id":"https:\/\/www.eldigitaldeasturias.com\/noticias\/#website"},"breadcrumb":{"@id":"https:\/\/www.eldigitaldeasturias.com\/noticias\/fomento-presenta-el-plan-de-internacionalizacion-del-transporte-y-las-infraestructuras-2018-2020\/#breadcrumblist"},"author":{"@id":"https:\/\/www.eldigitaldeasturias.com\/noticias\/author\/admin\/#author"},"creator":{"@id":"https:\/\/www.eldigitaldeasturias.com\/noticias\/author\/admin\/#author"},"image":{"@type":"ImageObject","url":"https:\/\/www.eldigitaldeasturias.com\/noticias\/wp-content\/uploads\/2017\/12\/131217-DeLaSerna.jpg","@id":"https:\/\/www.eldigitaldeasturias.com\/noticias\/fomento-presenta-el-plan-de-internacionalizacion-del-transporte-y-las-infraestructuras-2018-2020\/#mainImage","width":496,"height":329},"primaryImageOfPage":{"@id":"https:\/\/www.eldigitaldeasturias.com\/noticias\/fomento-presenta-el-plan-de-internacionalizacion-del-transporte-y-las-infraestructuras-2018-2020\/#mainImage"},"datePublished":"2017-12-13T20:02:16+01:00","dateModified":"2017-12-13T20:02:16+01:00"},{"@type":"WebSite","@id":"https:\/\/www.eldigitaldeasturias.com\/noticias\/#website","url":"https:\/\/www.eldigitaldeasturias.com\/noticias\/","name":"El Digital de Asturias - Diario de actualidad y noticias","alternateName":"El Digital de Asturias - Diario de actualidad y noticias","description":"Hemeroteca","inLanguage":"es-ES","publisher":{"@id":"https:\/\/www.eldigitaldeasturias.com\/noticias\/#organization"}}]},"og:locale":"es_ES","og:site_name":"El Digital de Asturias","og:type":"article","og:title":"Fomento presenta el Plan de Internacionalizaci\u00f3n del Transporte y las Infraestructuras 2018-2020 - El Digital de Asturias","og:description":"El ministro de Fomento, \u00cd\u00f1igo de la Serna, ha presentado el Plan de Internacionalizaci\u00f3n del Transporte y las Infraestructuras 2018-2020, que comparte e integra las actividades e iniciativas necesarias para la generaci\u00f3n de m\u00e1s y mejores oportunidades de negocio para las empresas espa\u00f1olas en el exterior, el refuerzo de su actividad internacional y de la","og:url":"https:\/\/www.eldigitaldeasturias.com\/noticias\/fomento-presenta-el-plan-de-internacionalizacion-del-transporte-y-las-infraestructuras-2018-2020\/","og:image":"https:\/\/www.eldigitaldeasturias.com\/noticias\/wp-content\/uploads\/2017\/12\/131217-DeLaSerna.jpg","og:image:secure_url":"https:\/\/www.eldigitaldeasturias.com\/noticias\/wp-content\/uploads\/2017\/12\/131217-DeLaSerna.jpg","og:image:width":496,"og:image:height":329,"article:tag":["econom\u00eda"],"article:published_time":"2017-12-13T20:02:16+00:00","article:modified_time":"2017-12-13T20:02:16+00:00","article:publisher":"https:\/\/facebook.com\/eldigitaldeasturias","twitter:card":"summary_large_image","twitter:title":"Fomento presenta el Plan de Internacionalizaci\u00f3n del Transporte y las Infraestructuras 2018-2020 - El Digital de Asturias","twitter:description":"El ministro de Fomento, \u00cd\u00f1igo de la Serna, ha presentado el Plan de Internacionalizaci\u00f3n del Transporte y las Infraestructuras 2018-2020, que comparte e integra las actividades e iniciativas necesarias para la generaci\u00f3n de m\u00e1s y mejores oportunidades de negocio para las empresas espa\u00f1olas en el exterior, el refuerzo de su actividad internacional y de la","twitter:image":"https:\/\/www.eldigitaldeasturias.com\/noticias\/wp-content\/uploads\/2017\/12\/131217-DeLaSerna.jpg","twitter:label1":"Escrito por","twitter:data1":"El Digital de Asturias","twitter:label2":"Tiempo de lectura estimado","twitter:data2":"8 minutos"},"aioseo_meta_data":{"post_id":"963292","title":null,"description":null,"keywords":null,"keyphrases":null,"primary_term":null,"canonical_url":null,"og_title":null,"og_description":null,"og_object_type":"default","og_image_type":"default","og_image_url":null,"og_image_width":null,"og_image_height":null,"og_image_custom_url":null,"og_image_custom_fields":null,"og_video":null,"og_custom_url":null,"og_article_section":null,"og_article_tags":null,"twitter_use_og":false,"twitter_card":"default","twitter_image_type":"default","twitter_image_url":null,"twitter_image_custom_url":null,"twitter_image_custom_fields":null,"twitter_title":null,"twitter_description":null,"schema":{"blockGraphs":[],"customGraphs":[],"default":{"data":{"Article":[],"Course":[],"Dataset":[],"FAQPage":[],"Movie":[],"Person":[],"Product":[],"ProductReview":[],"Car":[],"Recipe":[],"Service":[],"SoftwareApplication":[],"WebPage":[]},"graphName":"","isEnabled":true},"graphs":[],"defaultGraph":"","defaultPostTypeGraph":""},"schema_type":null,"schema_type_options":null,"pillar_content":false,"robots_default":true,"robots_noindex":false,"robots_noarchive":false,"robots_nosnippet":false,"robots_nofollow":false,"robots_noimageindex":false,"robots_noodp":false,"robots_notranslate":false,"robots_max_snippet":null,"robots_max_videopreview":null,"robots_max_imagepreview":"large","priority":null,"frequency":null,"local_seo":null,"seo_analyzer_scan_date":"2025-12-07 15:34:01","breadcrumb_settings":null,"limit_modified_date":false,"open_ai":null,"ai":null,"created":"2020-12-21 12:43:42","updated":"2025-12-07 15:34:01"},"aioseo_breadcrumb":"<div class=\"aioseo-breadcrumbs\"><span class=\"aioseo-breadcrumb\">\n\t<a href=\"https:\/\/www.eldigitaldeasturias.com\/noticias\" title=\"Home\">Home<\/a>\n<\/span><span class=\"aioseo-breadcrumb-separator\">\u2013<\/span><span class=\"aioseo-breadcrumb\">\n\t<a href=\"https:\/\/www.eldigitaldeasturias.com\/noticias\/category\/economia\/\" title=\"Econom\u00eda\">Econom\u00eda<\/a>\n<\/span><span class=\"aioseo-breadcrumb-separator\">\u2013<\/span><span class=\"aioseo-breadcrumb\">\n\t<a href=\"https:\/\/www.eldigitaldeasturias.com\/noticias\/fomento-presenta-el-plan-de-internacionalizacion-del-transporte-y-las-infraestructuras-2018-2020\/\" title=\"Fomento presenta el Plan de Internacionalizaci\u00f3n del Transporte y las Infraestructuras 2018-2020\">Fomento presenta el Plan de Internacionalizaci\u00f3n del Transporte y las Infraestructuras 2018-2020<\/a>\n<\/span><\/div>","aioseo_breadcrumb_json":[{"label":"Home","link":"https:\/\/www.eldigitaldeasturias.com\/noticias"},{"label":"Econom\u00eda","link":"https:\/\/www.eldigitaldeasturias.com\/noticias\/category\/economia\/"},{"label":"Fomento presenta el Plan de Internacionalizaci\u00f3n del Transporte y las Infraestructuras 2018-2020","link":"https:\/\/www.eldigitaldeasturias.com\/noticias\/fomento-presenta-el-plan-de-internacionalizacion-del-transporte-y-las-infraestructuras-2018-2020\/"}],"_links":{"self":[{"href":"https:\/\/www.eldigitaldeasturias.com\/noticias\/wp-json\/wp\/v2\/posts\/963292","targetHints":{"allow":["GET"]}}],"collection":[{"href":"https:\/\/www.eldigitaldeasturias.com\/noticias\/wp-json\/wp\/v2\/posts"}],"about":[{"href":"https:\/\/www.eldigitaldeasturias.com\/noticias\/wp-json\/wp\/v2\/types\/post"}],"author":[{"embeddable":true,"href":"https:\/\/www.eldigitaldeasturias.com\/noticias\/wp-json\/wp\/v2\/users\/1"}],"replies":[{"embeddable":true,"href":"https:\/\/www.eldigitaldeasturias.com\/noticias\/wp-json\/wp\/v2\/comments?post=963292"}],"version-history":[{"count":0,"href":"https:\/\/www.eldigitaldeasturias.com\/noticias\/wp-json\/wp\/v2\/posts\/963292\/revisions"}],"wp:featuredmedia":[{"embeddable":true,"href":"https:\/\/www.eldigitaldeasturias.com\/noticias\/wp-json\/wp\/v2\/media\/963293"}],"wp:attachment":[{"href":"https:\/\/www.eldigitaldeasturias.com\/noticias\/wp-json\/wp\/v2\/media?parent=963292"}],"wp:term":[{"taxonomy":"category","embeddable":true,"href":"https:\/\/www.eldigitaldeasturias.com\/noticias\/wp-json\/wp\/v2\/categories?post=963292"},{"taxonomy":"post_tag","embeddable":true,"href":"https:\/\/www.eldigitaldeasturias.com\/noticias\/wp-json\/wp\/v2\/tags?post=963292"}],"curies":[{"name":"wp","href":"https:\/\/api.w.org\/{rel}","templated":true}]}}