{"id":963265,"date":"2017-12-13T18:03:49","date_gmt":"2017-12-13T18:03:49","guid":{"rendered":"http:\/\/www.eldigitaldeasturias.com\/noticias\/?p=963265"},"modified":"2017-12-13T18:03:49","modified_gmt":"2017-12-13T18:03:49","slug":"aragon-lanzara-una-convocatoria-de-ayudas-para-empresas-y-grupos-de-investigacion","status":"publish","type":"post","link":"https:\/\/www.eldigitaldeasturias.com\/noticias\/aragon-lanzara-una-convocatoria-de-ayudas-para-empresas-y-grupos-de-investigacion\/","title":{"rendered":"Arag\u00f3n lanzar\u00e1 una convocatoria de ayudas para empresas y grupos de investigaci\u00f3n"},"content":{"rendered":"<p><img loading=\"lazy\" decoding=\"async\" class=\"alignleft size-medium wp-image-963266\" src=\"https:\/\/www.eldigitaldeasturias.com\/noticias\/wp-content\/uploads\/2017\/12\/imagenes_20171213_120317_aaafaa22-360x159.jpg\" alt=\"\" width=\"360\" height=\"159\" srcset=\"https:\/\/www.eldigitaldeasturias.com\/noticias\/wp-content\/uploads\/2017\/12\/imagenes_20171213_120317_aaafaa22-360x159.jpg 360w, https:\/\/www.eldigitaldeasturias.com\/noticias\/wp-content\/uploads\/2017\/12\/imagenes_20171213_120317_aaafaa22-650x288.jpg 650w, https:\/\/www.eldigitaldeasturias.com\/noticias\/wp-content\/uploads\/2017\/12\/imagenes_20171213_120317_aaafaa22-250x110.jpg 250w, https:\/\/www.eldigitaldeasturias.com\/noticias\/wp-content\/uploads\/2017\/12\/imagenes_20171213_120317_aaafaa22.jpg 700w\" sizes=\"auto, (max-width: 360px) 100vw, 360px\" \/>La consejera de Innovaci\u00f3n, Investigaci\u00f3n y Universidad, Pilar Alegr\u00eda, ha resaltado la importancia de que las empresas colaboren con los centros de conocimiento de la comunidad. As\u00ed lo ha explicado en la visita a las instalaciones del Grupo SAPHIR Parfums en Zaragoza donde ha anunciado que a finales de enero se lanzar\u00e1 una convocatoria de ayudas para l\u00edneas de trabajos realizadas entre empresas y grupos de investigaci\u00f3n de la Universidad de Zaragoza. Se trata de unas ayudas para proyectos de 2 a 3 a\u00f1os, con un presupuesto plurianual de 3\u00b44 millones. Pilar Alegr\u00eda ha destacado los proyectos de I+D+i de la empresa y la colaboraci\u00f3n que est\u00e1n estudiando, por ejemplo, con el Instituto Tecnol\u00f3gico de Arag\u00f3n para la colaboraci\u00f3n a futuro en dise\u00f1os de flujos. La consejera ha destacado de SAPHIR la apuesta por Arag\u00f3n y por el talento de la tierra.<\/p>\n<p>SAPHIR Parfums cuenta, adem\u00e1s, con un acuerdo de colaboraci\u00f3n con el Instituto de Ingenier\u00eda de Arag\u00f3n y el departamento de Qu\u00edmica Anal\u00edtica de la Universidad de Zaragoza que les ha permitido realizar un estudio sobre BISFENOL A. La investigaci\u00f3n ha concluido que no hay presencia en las muestras de fragancias de SAPHIR, garantizando la idoneidad de los productos testados desde el envase hasta la materia prima, pasando por el producto final. De esta manera, se demuestra la seguridad del producto, ya que el reglamento de cosm\u00e9ticos as\u00ed lo exige.<\/p>\n<p>Adem\u00e1s, la empresa tiene un compromiso fundamental por la calidad. Opera desde 1940 en el mercado de la perfumer\u00eda, su trabajo est\u00e1 avalado por las m\u00e1s de veinte millones de unidades producidas y puestas en mercado en 2016 a trav\u00e9s de los m\u00e1s exigentes canales de distribuci\u00f3n. Toda la producci\u00f3n del grupo se realiza en territorio nacional, concretamente en las instalaciones de Zaragoza, 18.000 metros cuadrados dotados del mejor equipamiento t\u00e9cnico y un equipo humano altamente cualificado.<\/p>\n<p>La consejera ha estado acompa\u00f1ada por Jorge Sierra e Ignacio Sierra, propietarios de SAPHIR, y por Carlos Calvera, su director general. As\u00ed mismo ha asistido al encuentro el director del Instituto Tecnol\u00f3gico de Arag\u00f3n, \u00c1ngel Fern\u00e1ndez.<\/p>\n","protected":false},"excerpt":{"rendered":"<p>La consejera de Innovaci\u00f3n, Investigaci\u00f3n y Universidad, Pilar Alegr\u00eda, ha resaltado la importancia de que las empresas colaboren con los centros de conocimiento de la comunidad. As\u00ed lo ha explicado en la visita a las instalaciones del Grupo SAPHIR Parfums en Zaragoza donde ha anunciado que a finales de enero se lanzar\u00e1 una convocatoria de [&hellip;]<\/p>\n","protected":false},"author":1,"featured_media":963266,"comment_status":"closed","ping_status":"closed","sticky":false,"template":"","format":"standard","meta":{"footnotes":""},"categories":[187],"tags":[],"class_list":["post-963265","post","type-post","status-publish","format-standard","has-post-thumbnail","hentry","category-economia"],"aioseo_notices":[],"aioseo_head":"\n\t\t<!-- All in One SEO Pro 4.9.6.2 - aioseo.com -->\n\t<meta name=\"description\" content=\"La consejera de Innovaci\u00f3n, Investigaci\u00f3n y Universidad, Pilar Alegr\u00eda, ha resaltado la importancia de que las empresas colaboren con los centros de conocimiento de la comunidad. As\u00ed lo ha explicado en la visita a las instalaciones del Grupo SAPHIR Parfums en Zaragoza donde ha anunciado que a finales de enero se lanzar\u00e1 una convocatoria de\" \/>\n\t<meta name=\"robots\" content=\"max-image-preview:large\" \/>\n\t<meta name=\"author\" content=\"El Digital de Asturias\"\/>\n\t<meta name=\"google-site-verification\" content=\"UA-38556648-1\" \/>\n\t<meta name=\"msvalidate.01\" content=\"7dfe9f3f1b24437ab69f4f2559babe99\" \/>\n\t<meta name=\"keywords\" content=\"econom\u00eda\" \/>\n\t<link rel=\"canonical\" href=\"https:\/\/www.eldigitaldeasturias.com\/noticias\/aragon-lanzara-una-convocatoria-de-ayudas-para-empresas-y-grupos-de-investigacion\/\" \/>\n\t<meta name=\"generator\" content=\"All in One SEO Pro (AIOSEO) 4.9.6.2\" \/>\n\t\t<meta property=\"og:locale\" content=\"es_ES\" \/>\n\t\t<meta property=\"og:site_name\" content=\"El Digital de Asturias\" \/>\n\t\t<meta property=\"og:type\" content=\"article\" \/>\n\t\t<meta property=\"og:title\" content=\"Arag\u00f3n lanzar\u00e1 una convocatoria de ayudas para empresas y grupos de investigaci\u00f3n - El Digital de Asturias\" \/>\n\t\t<meta property=\"og:description\" content=\"La consejera de Innovaci\u00f3n, Investigaci\u00f3n y Universidad, Pilar Alegr\u00eda, ha resaltado la importancia de que las empresas colaboren con los centros de conocimiento de la comunidad. As\u00ed lo ha explicado en la visita a las instalaciones del Grupo SAPHIR Parfums en Zaragoza donde ha anunciado que a finales de enero se lanzar\u00e1 una convocatoria de\" \/>\n\t\t<meta property=\"og:url\" content=\"https:\/\/www.eldigitaldeasturias.com\/noticias\/aragon-lanzara-una-convocatoria-de-ayudas-para-empresas-y-grupos-de-investigacion\/\" \/>\n\t\t<meta property=\"og:image\" content=\"https:\/\/www.eldigitaldeasturias.com\/noticias\/wp-content\/uploads\/2017\/12\/imagenes_20171213_120317_aaafaa22.jpg\" \/>\n\t\t<meta property=\"og:image:secure_url\" content=\"https:\/\/www.eldigitaldeasturias.com\/noticias\/wp-content\/uploads\/2017\/12\/imagenes_20171213_120317_aaafaa22.jpg\" \/>\n\t\t<meta property=\"og:image:width\" content=\"700\" \/>\n\t\t<meta property=\"og:image:height\" content=\"310\" \/>\n\t\t<meta property=\"article:tag\" content=\"econom\u00eda\" \/>\n\t\t<meta property=\"article:published_time\" content=\"2017-12-13T18:03:49+00:00\" \/>\n\t\t<meta property=\"article:modified_time\" content=\"2017-12-13T18:03:49+00:00\" \/>\n\t\t<meta property=\"article:publisher\" content=\"https:\/\/facebook.com\/eldigitaldeasturias\" \/>\n\t\t<meta name=\"twitter:card\" content=\"summary_large_image\" \/>\n\t\t<meta name=\"twitter:title\" content=\"Arag\u00f3n lanzar\u00e1 una convocatoria de ayudas para empresas y grupos de investigaci\u00f3n - El Digital de Asturias\" \/>\n\t\t<meta name=\"twitter:description\" content=\"La consejera de Innovaci\u00f3n, Investigaci\u00f3n y Universidad, Pilar Alegr\u00eda, ha resaltado la importancia de que las empresas colaboren con los centros de conocimiento de la comunidad. As\u00ed lo ha explicado en la visita a las instalaciones del Grupo SAPHIR Parfums en Zaragoza donde ha anunciado que a finales de enero se lanzar\u00e1 una convocatoria de\" \/>\n\t\t<meta name=\"twitter:image\" content=\"https:\/\/www.eldigitaldeasturias.com\/noticias\/wp-content\/uploads\/2017\/12\/imagenes_20171213_120317_aaafaa22.jpg\" \/>\n\t\t<meta name=\"twitter:label1\" content=\"Escrito por\" \/>\n\t\t<meta name=\"twitter:data1\" content=\"El Digital de Asturias\" \/>\n\t\t<meta name=\"twitter:label2\" content=\"Tiempo de lectura estimado\" \/>\n\t\t<meta name=\"twitter:data2\" content=\"2 minutos\" \/>\n\t\t<script type=\"application\/ld+json\" class=\"aioseo-schema\">\n\t\t\t{\"@context\":\"https:\\\/\\\/schema.org\",\"@graph\":[{\"@type\":\"BlogPosting\",\"@id\":\"https:\\\/\\\/www.eldigitaldeasturias.com\\\/noticias\\\/aragon-lanzara-una-convocatoria-de-ayudas-para-empresas-y-grupos-de-investigacion\\\/#blogposting\",\"name\":\"Arag\\u00f3n lanzar\\u00e1 una convocatoria de ayudas para empresas y grupos de investigaci\\u00f3n - El Digital de Asturias\",\"headline\":\"Arag\\u00f3n lanzar\\u00e1 una convocatoria de ayudas para empresas y grupos de investigaci\\u00f3n\",\"author\":{\"@id\":\"https:\\\/\\\/www.eldigitaldeasturias.com\\\/noticias\\\/author\\\/admin\\\/#author\"},\"publisher\":{\"@id\":\"https:\\\/\\\/www.eldigitaldeasturias.com\\\/noticias\\\/#organization\"},\"image\":{\"@type\":\"ImageObject\",\"url\":\"https:\\\/\\\/www.eldigitaldeasturias.com\\\/noticias\\\/wp-content\\\/uploads\\\/2017\\\/12\\\/imagenes_20171213_120317_aaafaa22.jpg\",\"width\":700,\"height\":310},\"datePublished\":\"2017-12-13T18:03:49+01:00\",\"dateModified\":\"2017-12-13T18:03:49+01:00\",\"inLanguage\":\"es-ES\",\"mainEntityOfPage\":{\"@id\":\"https:\\\/\\\/www.eldigitaldeasturias.com\\\/noticias\\\/aragon-lanzara-una-convocatoria-de-ayudas-para-empresas-y-grupos-de-investigacion\\\/#webpage\"},\"isPartOf\":{\"@id\":\"https:\\\/\\\/www.eldigitaldeasturias.com\\\/noticias\\\/aragon-lanzara-una-convocatoria-de-ayudas-para-empresas-y-grupos-de-investigacion\\\/#webpage\"},\"articleSection\":\"Econom\\u00eda\"},{\"@type\":\"BreadcrumbList\",\"@id\":\"https:\\\/\\\/www.eldigitaldeasturias.com\\\/noticias\\\/aragon-lanzara-una-convocatoria-de-ayudas-para-empresas-y-grupos-de-investigacion\\\/#breadcrumblist\",\"itemListElement\":[{\"@type\":\"ListItem\",\"@id\":\"https:\\\/\\\/www.eldigitaldeasturias.com\\\/noticias#listItem\",\"position\":1,\"name\":\"Home\",\"item\":\"https:\\\/\\\/www.eldigitaldeasturias.com\\\/noticias\",\"nextItem\":{\"@type\":\"ListItem\",\"@id\":\"https:\\\/\\\/www.eldigitaldeasturias.com\\\/noticias\\\/category\\\/economia\\\/#listItem\",\"name\":\"Econom\\u00eda\"}},{\"@type\":\"ListItem\",\"@id\":\"https:\\\/\\\/www.eldigitaldeasturias.com\\\/noticias\\\/category\\\/economia\\\/#listItem\",\"position\":2,\"name\":\"Econom\\u00eda\",\"item\":\"https:\\\/\\\/www.eldigitaldeasturias.com\\\/noticias\\\/category\\\/economia\\\/\",\"nextItem\":{\"@type\":\"ListItem\",\"@id\":\"https:\\\/\\\/www.eldigitaldeasturias.com\\\/noticias\\\/aragon-lanzara-una-convocatoria-de-ayudas-para-empresas-y-grupos-de-investigacion\\\/#listItem\",\"name\":\"Arag\\u00f3n lanzar\\u00e1 una convocatoria de ayudas para empresas y grupos de investigaci\\u00f3n\"},\"previousItem\":{\"@type\":\"ListItem\",\"@id\":\"https:\\\/\\\/www.eldigitaldeasturias.com\\\/noticias#listItem\",\"name\":\"Home\"}},{\"@type\":\"ListItem\",\"@id\":\"https:\\\/\\\/www.eldigitaldeasturias.com\\\/noticias\\\/aragon-lanzara-una-convocatoria-de-ayudas-para-empresas-y-grupos-de-investigacion\\\/#listItem\",\"position\":3,\"name\":\"Arag\\u00f3n lanzar\\u00e1 una convocatoria de ayudas para empresas y grupos de investigaci\\u00f3n\",\"previousItem\":{\"@type\":\"ListItem\",\"@id\":\"https:\\\/\\\/www.eldigitaldeasturias.com\\\/noticias\\\/category\\\/economia\\\/#listItem\",\"name\":\"Econom\\u00eda\"}}]},{\"@type\":\"Organization\",\"@id\":\"https:\\\/\\\/www.eldigitaldeasturias.com\\\/noticias\\\/#organization\",\"name\":\"El Digital de Asturias\",\"description\":\"Hemeroteca\",\"url\":\"https:\\\/\\\/www.eldigitaldeasturias.com\\\/noticias\\\/\",\"email\":\"info@eldigitaldeasturias.com\",\"telephone\":\"+34652131393\",\"logo\":{\"@type\":\"ImageObject\",\"url\":\"https:\\\/\\\/www.eldigitaldeasturias.com\\\/noticias\\\/wp-content\\\/uploads\\\/2020\\\/12\\\/EDA.jpg\",\"@id\":\"https:\\\/\\\/www.eldigitaldeasturias.com\\\/noticias\\\/aragon-lanzara-una-convocatoria-de-ayudas-para-empresas-y-grupos-de-investigacion\\\/#organizationLogo\",\"width\":649,\"height\":297},\"image\":{\"@id\":\"https:\\\/\\\/www.eldigitaldeasturias.com\\\/noticias\\\/aragon-lanzara-una-convocatoria-de-ayudas-para-empresas-y-grupos-de-investigacion\\\/#organizationLogo\"},\"sameAs\":[\"https:\\\/\\\/facebook.com\\\/eldigitaldeasturias\",\"https:\\\/\\\/www.youtube.com\\\/channel\\\/UCZP-2wLEB9Rv6erhFmqVnvg\"],\"address\":{\"@id\":\"https:\\\/\\\/www.eldigitaldeasturias.com\\\/noticias\\\/#postaladdress\",\"@type\":\"PostalAddress\",\"streetAddress\":\"san antonio 4,\",\"postalCode\":\"33430\",\"addressLocality\":\"Cand\\u00e1s\",\"addressRegion\":\"Asturias\",\"addressCountry\":\"ES\"}},{\"@type\":\"Person\",\"@id\":\"https:\\\/\\\/www.eldigitaldeasturias.com\\\/noticias\\\/author\\\/admin\\\/#author\",\"url\":\"https:\\\/\\\/www.eldigitaldeasturias.com\\\/noticias\\\/author\\\/admin\\\/\",\"name\":\"El Digital de Asturias\",\"image\":{\"@type\":\"ImageObject\",\"@id\":\"https:\\\/\\\/www.eldigitaldeasturias.com\\\/noticias\\\/aragon-lanzara-una-convocatoria-de-ayudas-para-empresas-y-grupos-de-investigacion\\\/#authorImage\",\"url\":\"https:\\\/\\\/www.eldigitaldeasturias.com\\\/noticias\\\/wp-content\\\/litespeed\\\/avatar\\\/18677e78aa0546b92d9dbf31ec7d7668.jpg?ver=1777290358\",\"width\":96,\"height\":96,\"caption\":\"El Digital de Asturias\"}},{\"@type\":\"WebPage\",\"@id\":\"https:\\\/\\\/www.eldigitaldeasturias.com\\\/noticias\\\/aragon-lanzara-una-convocatoria-de-ayudas-para-empresas-y-grupos-de-investigacion\\\/#webpage\",\"url\":\"https:\\\/\\\/www.eldigitaldeasturias.com\\\/noticias\\\/aragon-lanzara-una-convocatoria-de-ayudas-para-empresas-y-grupos-de-investigacion\\\/\",\"name\":\"Arag\\u00f3n lanzar\\u00e1 una convocatoria de ayudas para empresas y grupos de investigaci\\u00f3n - El Digital de Asturias\",\"description\":\"La consejera de Innovaci\\u00f3n, Investigaci\\u00f3n y Universidad, Pilar Alegr\\u00eda, ha resaltado la importancia de que las empresas colaboren con los centros de conocimiento de la comunidad. As\\u00ed lo ha explicado en la visita a las instalaciones del Grupo SAPHIR Parfums en Zaragoza donde ha anunciado que a finales de enero se lanzar\\u00e1 una convocatoria de\",\"inLanguage\":\"es-ES\",\"isPartOf\":{\"@id\":\"https:\\\/\\\/www.eldigitaldeasturias.com\\\/noticias\\\/#website\"},\"breadcrumb\":{\"@id\":\"https:\\\/\\\/www.eldigitaldeasturias.com\\\/noticias\\\/aragon-lanzara-una-convocatoria-de-ayudas-para-empresas-y-grupos-de-investigacion\\\/#breadcrumblist\"},\"author\":{\"@id\":\"https:\\\/\\\/www.eldigitaldeasturias.com\\\/noticias\\\/author\\\/admin\\\/#author\"},\"creator\":{\"@id\":\"https:\\\/\\\/www.eldigitaldeasturias.com\\\/noticias\\\/author\\\/admin\\\/#author\"},\"image\":{\"@type\":\"ImageObject\",\"url\":\"https:\\\/\\\/www.eldigitaldeasturias.com\\\/noticias\\\/wp-content\\\/uploads\\\/2017\\\/12\\\/imagenes_20171213_120317_aaafaa22.jpg\",\"@id\":\"https:\\\/\\\/www.eldigitaldeasturias.com\\\/noticias\\\/aragon-lanzara-una-convocatoria-de-ayudas-para-empresas-y-grupos-de-investigacion\\\/#mainImage\",\"width\":700,\"height\":310},\"primaryImageOfPage\":{\"@id\":\"https:\\\/\\\/www.eldigitaldeasturias.com\\\/noticias\\\/aragon-lanzara-una-convocatoria-de-ayudas-para-empresas-y-grupos-de-investigacion\\\/#mainImage\"},\"datePublished\":\"2017-12-13T18:03:49+01:00\",\"dateModified\":\"2017-12-13T18:03:49+01:00\"},{\"@type\":\"WebSite\",\"@id\":\"https:\\\/\\\/www.eldigitaldeasturias.com\\\/noticias\\\/#website\",\"url\":\"https:\\\/\\\/www.eldigitaldeasturias.com\\\/noticias\\\/\",\"name\":\"El Digital de Asturias - Diario de actualidad y noticias\",\"alternateName\":\"El Digital de Asturias - Diario de actualidad y noticias\",\"description\":\"Hemeroteca\",\"inLanguage\":\"es-ES\",\"publisher\":{\"@id\":\"https:\\\/\\\/www.eldigitaldeasturias.com\\\/noticias\\\/#organization\"}}]}\n\t\t<\/script>\n\t\t<!-- All in One SEO Pro -->\r\n\t\t<title>Arag\u00f3n lanzar\u00e1 una convocatoria de ayudas para empresas y grupos de investigaci\u00f3n - El Digital de Asturias<\/title>\n\n","aioseo_head_json":{"title":"Arag\u00f3n lanzar\u00e1 una convocatoria de ayudas para empresas y grupos de investigaci\u00f3n - El Digital de Asturias","description":"La consejera de Innovaci\u00f3n, Investigaci\u00f3n y Universidad, Pilar Alegr\u00eda, ha resaltado la importancia de que las empresas colaboren con los centros de conocimiento de la comunidad. As\u00ed lo ha explicado en la visita a las instalaciones del Grupo SAPHIR Parfums en Zaragoza donde ha anunciado que a finales de enero se lanzar\u00e1 una convocatoria de","canonical_url":"https:\/\/www.eldigitaldeasturias.com\/noticias\/aragon-lanzara-una-convocatoria-de-ayudas-para-empresas-y-grupos-de-investigacion\/","robots":"max-image-preview:large","keywords":"econom\u00eda","webmasterTools":{"google-site-verification":"UA-38556648-1","msvalidate.01":"7dfe9f3f1b24437ab69f4f2559babe99","miscellaneous":""},"schema":{"@context":"https:\/\/schema.org","@graph":[{"@type":"BlogPosting","@id":"https:\/\/www.eldigitaldeasturias.com\/noticias\/aragon-lanzara-una-convocatoria-de-ayudas-para-empresas-y-grupos-de-investigacion\/#blogposting","name":"Arag\u00f3n lanzar\u00e1 una convocatoria de ayudas para empresas y grupos de investigaci\u00f3n - El Digital de Asturias","headline":"Arag\u00f3n lanzar\u00e1 una convocatoria de ayudas para empresas y grupos de investigaci\u00f3n","author":{"@id":"https:\/\/www.eldigitaldeasturias.com\/noticias\/author\/admin\/#author"},"publisher":{"@id":"https:\/\/www.eldigitaldeasturias.com\/noticias\/#organization"},"image":{"@type":"ImageObject","url":"https:\/\/www.eldigitaldeasturias.com\/noticias\/wp-content\/uploads\/2017\/12\/imagenes_20171213_120317_aaafaa22.jpg","width":700,"height":310},"datePublished":"2017-12-13T18:03:49+01:00","dateModified":"2017-12-13T18:03:49+01:00","inLanguage":"es-ES","mainEntityOfPage":{"@id":"https:\/\/www.eldigitaldeasturias.com\/noticias\/aragon-lanzara-una-convocatoria-de-ayudas-para-empresas-y-grupos-de-investigacion\/#webpage"},"isPartOf":{"@id":"https:\/\/www.eldigitaldeasturias.com\/noticias\/aragon-lanzara-una-convocatoria-de-ayudas-para-empresas-y-grupos-de-investigacion\/#webpage"},"articleSection":"Econom\u00eda"},{"@type":"BreadcrumbList","@id":"https:\/\/www.eldigitaldeasturias.com\/noticias\/aragon-lanzara-una-convocatoria-de-ayudas-para-empresas-y-grupos-de-investigacion\/#breadcrumblist","itemListElement":[{"@type":"ListItem","@id":"https:\/\/www.eldigitaldeasturias.com\/noticias#listItem","position":1,"name":"Home","item":"https:\/\/www.eldigitaldeasturias.com\/noticias","nextItem":{"@type":"ListItem","@id":"https:\/\/www.eldigitaldeasturias.com\/noticias\/category\/economia\/#listItem","name":"Econom\u00eda"}},{"@type":"ListItem","@id":"https:\/\/www.eldigitaldeasturias.com\/noticias\/category\/economia\/#listItem","position":2,"name":"Econom\u00eda","item":"https:\/\/www.eldigitaldeasturias.com\/noticias\/category\/economia\/","nextItem":{"@type":"ListItem","@id":"https:\/\/www.eldigitaldeasturias.com\/noticias\/aragon-lanzara-una-convocatoria-de-ayudas-para-empresas-y-grupos-de-investigacion\/#listItem","name":"Arag\u00f3n lanzar\u00e1 una convocatoria de ayudas para empresas y grupos de investigaci\u00f3n"},"previousItem":{"@type":"ListItem","@id":"https:\/\/www.eldigitaldeasturias.com\/noticias#listItem","name":"Home"}},{"@type":"ListItem","@id":"https:\/\/www.eldigitaldeasturias.com\/noticias\/aragon-lanzara-una-convocatoria-de-ayudas-para-empresas-y-grupos-de-investigacion\/#listItem","position":3,"name":"Arag\u00f3n lanzar\u00e1 una convocatoria de ayudas para empresas y grupos de investigaci\u00f3n","previousItem":{"@type":"ListItem","@id":"https:\/\/www.eldigitaldeasturias.com\/noticias\/category\/economia\/#listItem","name":"Econom\u00eda"}}]},{"@type":"Organization","@id":"https:\/\/www.eldigitaldeasturias.com\/noticias\/#organization","name":"El Digital de Asturias","description":"Hemeroteca","url":"https:\/\/www.eldigitaldeasturias.com\/noticias\/","email":"info@eldigitaldeasturias.com","telephone":"+34652131393","logo":{"@type":"ImageObject","url":"https:\/\/www.eldigitaldeasturias.com\/noticias\/wp-content\/uploads\/2020\/12\/EDA.jpg","@id":"https:\/\/www.eldigitaldeasturias.com\/noticias\/aragon-lanzara-una-convocatoria-de-ayudas-para-empresas-y-grupos-de-investigacion\/#organizationLogo","width":649,"height":297},"image":{"@id":"https:\/\/www.eldigitaldeasturias.com\/noticias\/aragon-lanzara-una-convocatoria-de-ayudas-para-empresas-y-grupos-de-investigacion\/#organizationLogo"},"sameAs":["https:\/\/facebook.com\/eldigitaldeasturias","https:\/\/www.youtube.com\/channel\/UCZP-2wLEB9Rv6erhFmqVnvg"],"address":{"@id":"https:\/\/www.eldigitaldeasturias.com\/noticias\/#postaladdress","@type":"PostalAddress","streetAddress":"san antonio 4,","postalCode":"33430","addressLocality":"Cand\u00e1s","addressRegion":"Asturias","addressCountry":"ES"}},{"@type":"Person","@id":"https:\/\/www.eldigitaldeasturias.com\/noticias\/author\/admin\/#author","url":"https:\/\/www.eldigitaldeasturias.com\/noticias\/author\/admin\/","name":"El Digital de Asturias","image":{"@type":"ImageObject","@id":"https:\/\/www.eldigitaldeasturias.com\/noticias\/aragon-lanzara-una-convocatoria-de-ayudas-para-empresas-y-grupos-de-investigacion\/#authorImage","url":"https:\/\/www.eldigitaldeasturias.com\/noticias\/wp-content\/litespeed\/avatar\/18677e78aa0546b92d9dbf31ec7d7668.jpg?ver=1777290358","width":96,"height":96,"caption":"El Digital de Asturias"}},{"@type":"WebPage","@id":"https:\/\/www.eldigitaldeasturias.com\/noticias\/aragon-lanzara-una-convocatoria-de-ayudas-para-empresas-y-grupos-de-investigacion\/#webpage","url":"https:\/\/www.eldigitaldeasturias.com\/noticias\/aragon-lanzara-una-convocatoria-de-ayudas-para-empresas-y-grupos-de-investigacion\/","name":"Arag\u00f3n lanzar\u00e1 una convocatoria de ayudas para empresas y grupos de investigaci\u00f3n - El Digital de Asturias","description":"La consejera de Innovaci\u00f3n, Investigaci\u00f3n y Universidad, Pilar Alegr\u00eda, ha resaltado la importancia de que las empresas colaboren con los centros de conocimiento de la comunidad. As\u00ed lo ha explicado en la visita a las instalaciones del Grupo SAPHIR Parfums en Zaragoza donde ha anunciado que a finales de enero se lanzar\u00e1 una convocatoria de","inLanguage":"es-ES","isPartOf":{"@id":"https:\/\/www.eldigitaldeasturias.com\/noticias\/#website"},"breadcrumb":{"@id":"https:\/\/www.eldigitaldeasturias.com\/noticias\/aragon-lanzara-una-convocatoria-de-ayudas-para-empresas-y-grupos-de-investigacion\/#breadcrumblist"},"author":{"@id":"https:\/\/www.eldigitaldeasturias.com\/noticias\/author\/admin\/#author"},"creator":{"@id":"https:\/\/www.eldigitaldeasturias.com\/noticias\/author\/admin\/#author"},"image":{"@type":"ImageObject","url":"https:\/\/www.eldigitaldeasturias.com\/noticias\/wp-content\/uploads\/2017\/12\/imagenes_20171213_120317_aaafaa22.jpg","@id":"https:\/\/www.eldigitaldeasturias.com\/noticias\/aragon-lanzara-una-convocatoria-de-ayudas-para-empresas-y-grupos-de-investigacion\/#mainImage","width":700,"height":310},"primaryImageOfPage":{"@id":"https:\/\/www.eldigitaldeasturias.com\/noticias\/aragon-lanzara-una-convocatoria-de-ayudas-para-empresas-y-grupos-de-investigacion\/#mainImage"},"datePublished":"2017-12-13T18:03:49+01:00","dateModified":"2017-12-13T18:03:49+01:00"},{"@type":"WebSite","@id":"https:\/\/www.eldigitaldeasturias.com\/noticias\/#website","url":"https:\/\/www.eldigitaldeasturias.com\/noticias\/","name":"El Digital de Asturias - Diario de actualidad y noticias","alternateName":"El Digital de Asturias - Diario de actualidad y noticias","description":"Hemeroteca","inLanguage":"es-ES","publisher":{"@id":"https:\/\/www.eldigitaldeasturias.com\/noticias\/#organization"}}]},"og:locale":"es_ES","og:site_name":"El Digital de Asturias","og:type":"article","og:title":"Arag\u00f3n lanzar\u00e1 una convocatoria de ayudas para empresas y grupos de investigaci\u00f3n - El Digital de Asturias","og:description":"La consejera de Innovaci\u00f3n, Investigaci\u00f3n y Universidad, Pilar Alegr\u00eda, ha resaltado la importancia de que las empresas colaboren con los centros de conocimiento de la comunidad. As\u00ed lo ha explicado en la visita a las instalaciones del Grupo SAPHIR Parfums en Zaragoza donde ha anunciado que a finales de enero se lanzar\u00e1 una convocatoria de","og:url":"https:\/\/www.eldigitaldeasturias.com\/noticias\/aragon-lanzara-una-convocatoria-de-ayudas-para-empresas-y-grupos-de-investigacion\/","og:image":"https:\/\/www.eldigitaldeasturias.com\/noticias\/wp-content\/uploads\/2017\/12\/imagenes_20171213_120317_aaafaa22.jpg","og:image:secure_url":"https:\/\/www.eldigitaldeasturias.com\/noticias\/wp-content\/uploads\/2017\/12\/imagenes_20171213_120317_aaafaa22.jpg","og:image:width":700,"og:image:height":310,"article:tag":["econom\u00eda"],"article:published_time":"2017-12-13T18:03:49+00:00","article:modified_time":"2017-12-13T18:03:49+00:00","article:publisher":"https:\/\/facebook.com\/eldigitaldeasturias","twitter:card":"summary_large_image","twitter:title":"Arag\u00f3n lanzar\u00e1 una convocatoria de ayudas para empresas y grupos de investigaci\u00f3n - El Digital de Asturias","twitter:description":"La consejera de Innovaci\u00f3n, Investigaci\u00f3n y Universidad, Pilar Alegr\u00eda, ha resaltado la importancia de que las empresas colaboren con los centros de conocimiento de la comunidad. As\u00ed lo ha explicado en la visita a las instalaciones del Grupo SAPHIR Parfums en Zaragoza donde ha anunciado que a finales de enero se lanzar\u00e1 una convocatoria de","twitter:image":"https:\/\/www.eldigitaldeasturias.com\/noticias\/wp-content\/uploads\/2017\/12\/imagenes_20171213_120317_aaafaa22.jpg","twitter:label1":"Escrito por","twitter:data1":"El Digital de Asturias","twitter:label2":"Tiempo de lectura estimado","twitter:data2":"2 minutos"},"aioseo_meta_data":{"post_id":"963265","title":null,"description":null,"keywords":null,"keyphrases":null,"primary_term":null,"canonical_url":null,"og_title":null,"og_description":null,"og_object_type":"default","og_image_type":"default","og_image_url":null,"og_image_width":null,"og_image_height":null,"og_image_custom_url":null,"og_image_custom_fields":null,"og_video":null,"og_custom_url":null,"og_article_section":null,"og_article_tags":null,"twitter_use_og":false,"twitter_card":"default","twitter_image_type":"default","twitter_image_url":null,"twitter_image_custom_url":null,"twitter_image_custom_fields":null,"twitter_title":null,"twitter_description":null,"schema":{"blockGraphs":[],"customGraphs":[],"default":{"data":{"Article":[],"Course":[],"Dataset":[],"FAQPage":[],"Movie":[],"Person":[],"Product":[],"ProductReview":[],"Car":[],"Recipe":[],"Service":[],"SoftwareApplication":[],"WebPage":[]},"graphName":"","isEnabled":true},"graphs":[],"defaultGraph":"","defaultPostTypeGraph":""},"schema_type":null,"schema_type_options":null,"pillar_content":false,"robots_default":true,"robots_noindex":false,"robots_noarchive":false,"robots_nosnippet":false,"robots_nofollow":false,"robots_noimageindex":false,"robots_noodp":false,"robots_notranslate":false,"robots_max_snippet":null,"robots_max_videopreview":null,"robots_max_imagepreview":"large","priority":null,"frequency":null,"local_seo":null,"seo_analyzer_scan_date":"2025-12-07 15:28:09","breadcrumb_settings":null,"limit_modified_date":false,"open_ai":null,"ai":null,"created":"2020-12-21 12:43:42","updated":"2025-12-07 15:28:09"},"aioseo_breadcrumb":"<div class=\"aioseo-breadcrumbs\"><span class=\"aioseo-breadcrumb\">\n\t<a href=\"https:\/\/www.eldigitaldeasturias.com\/noticias\" title=\"Home\">Home<\/a>\n<\/span><span class=\"aioseo-breadcrumb-separator\">\u2013<\/span><span class=\"aioseo-breadcrumb\">\n\t<a href=\"https:\/\/www.eldigitaldeasturias.com\/noticias\/category\/economia\/\" title=\"Econom\u00eda\">Econom\u00eda<\/a>\n<\/span><span class=\"aioseo-breadcrumb-separator\">\u2013<\/span><span class=\"aioseo-breadcrumb\">\n\t<a href=\"https:\/\/www.eldigitaldeasturias.com\/noticias\/aragon-lanzara-una-convocatoria-de-ayudas-para-empresas-y-grupos-de-investigacion\/\" title=\"Arag\u00f3n lanzar\u00e1 una convocatoria de ayudas para empresas y grupos de investigaci\u00f3n\">Arag\u00f3n lanzar\u00e1 una convocatoria de ayudas para empresas y grupos de investigaci\u00f3n<\/a>\n<\/span><\/div>","aioseo_breadcrumb_json":[{"label":"Home","link":"https:\/\/www.eldigitaldeasturias.com\/noticias"},{"label":"Econom\u00eda","link":"https:\/\/www.eldigitaldeasturias.com\/noticias\/category\/economia\/"},{"label":"Arag\u00f3n lanzar\u00e1 una convocatoria de ayudas para empresas y grupos de investigaci\u00f3n","link":"https:\/\/www.eldigitaldeasturias.com\/noticias\/aragon-lanzara-una-convocatoria-de-ayudas-para-empresas-y-grupos-de-investigacion\/"}],"_links":{"self":[{"href":"https:\/\/www.eldigitaldeasturias.com\/noticias\/wp-json\/wp\/v2\/posts\/963265","targetHints":{"allow":["GET"]}}],"collection":[{"href":"https:\/\/www.eldigitaldeasturias.com\/noticias\/wp-json\/wp\/v2\/posts"}],"about":[{"href":"https:\/\/www.eldigitaldeasturias.com\/noticias\/wp-json\/wp\/v2\/types\/post"}],"author":[{"embeddable":true,"href":"https:\/\/www.eldigitaldeasturias.com\/noticias\/wp-json\/wp\/v2\/users\/1"}],"replies":[{"embeddable":true,"href":"https:\/\/www.eldigitaldeasturias.com\/noticias\/wp-json\/wp\/v2\/comments?post=963265"}],"version-history":[{"count":0,"href":"https:\/\/www.eldigitaldeasturias.com\/noticias\/wp-json\/wp\/v2\/posts\/963265\/revisions"}],"wp:featuredmedia":[{"embeddable":true,"href":"https:\/\/www.eldigitaldeasturias.com\/noticias\/wp-json\/wp\/v2\/media\/963266"}],"wp:attachment":[{"href":"https:\/\/www.eldigitaldeasturias.com\/noticias\/wp-json\/wp\/v2\/media?parent=963265"}],"wp:term":[{"taxonomy":"category","embeddable":true,"href":"https:\/\/www.eldigitaldeasturias.com\/noticias\/wp-json\/wp\/v2\/categories?post=963265"},{"taxonomy":"post_tag","embeddable":true,"href":"https:\/\/www.eldigitaldeasturias.com\/noticias\/wp-json\/wp\/v2\/tags?post=963265"}],"curies":[{"name":"wp","href":"https:\/\/api.w.org\/{rel}","templated":true}]}}