{"id":963227,"date":"2017-12-13T15:09:17","date_gmt":"2017-12-13T15:09:17","guid":{"rendered":"http:\/\/www.eldigitaldeasturias.com\/noticias\/?p=963227"},"modified":"2017-12-13T15:09:17","modified_gmt":"2017-12-13T15:09:17","slug":"tejerina-satisfecha-con-el-reparto-de-las-cuotas-pesqueras","status":"publish","type":"post","link":"https:\/\/www.eldigitaldeasturias.com\/noticias\/tejerina-satisfecha-con-el-reparto-de-las-cuotas-pesqueras\/","title":{"rendered":"Tejerina satisfecha con el reparto de las cuotas pesqueras"},"content":{"rendered":"<p><img loading=\"lazy\" decoding=\"async\" class=\"alignleft size-medium wp-image-963228\" src=\"https:\/\/www.eldigitaldeasturias.com\/noticias\/wp-content\/uploads\/2017\/12\/131217Tejerina-pesca-360x239.jpg\" alt=\"\" width=\"360\" height=\"239\" srcset=\"https:\/\/www.eldigitaldeasturias.com\/noticias\/wp-content\/uploads\/2017\/12\/131217Tejerina-pesca-360x239.jpg 360w, https:\/\/www.eldigitaldeasturias.com\/noticias\/wp-content\/uploads\/2017\/12\/131217Tejerina-pesca.jpg 496w\" sizes=\"auto, (max-width: 360px) 100vw, 360px\" \/>La ministra de Agricultura y Pesca, Alimentaci\u00f3n y Medio Ambiente, Isabel Garc\u00eda Tejerina, ha valorado positivamente los resultados obtenidos por Espa\u00f1a en las negociaciones para el reparto de totales admisibles de capturas (TAC) y cuotas para el a\u00f1o 2018, alcanzado por los ministros de Pesca de la Uni\u00f3n Europea, reunidos en Bruselas.<\/p>\n<p>\u200bAs\u00ed, gracias al rigor que ha mostrado la Administraci\u00f3n espa\u00f1ola en las negociaciones, sumado al ejercicio responsable de nuestra flota y los informes cient\u00edficos y socioecon\u00f3micos aportados, se han logrado mejoras sustanciales con respecto a las duras propuestas iniciales de la Comisi\u00f3n, para las especies de especial inter\u00e9s pesquero para Espa\u00f1a.<\/p>\n<p>De esta forma, se ha conseguido el mantenimiento de la cuota de boquer\u00f3n del Golfo de C\u00e1diz, lo que dar\u00e1 estabilidad a una flota altamente dependiente de este stock.<\/p>\n<p>Con respecto a la anchoa del Golfo de Vizcaya, los pescadores del Cant\u00e1brico dispondr\u00e1n de id\u00e9ntica cuota que en 2017, lo que refleja la plena recuperaci\u00f3n de este stock.<\/p>\n<p>Adem\u00e1s, las posibilidades de pesca del jurel del oeste suben un 21%, tanto en aguas del norte (Gran Sol) como en el Cant\u00e1brico, lo que permite su plena explotaci\u00f3n bajo rendimiento m\u00e1ximo sostenible. Gracias a este incremento, la pesquer\u00eda de jurel en su conjunto se ha mantenido, a pesar de la bajada del 24% del jurel sur, para adecuarlo al rendimiento m\u00e1ximo sostenible. Adem\u00e1s, Espa\u00f1a ha conseguido que se pueda aumentar la flexibilidad entre zonas del 5% al 15%, a expensas del informe del ICES (Consejo Internacional para la Explotaci\u00f3n del Mar), con lo que ambos stocks quedar\u00edan compensados.<\/p>\n<p>Mientras, el stock de merluza norte desciende un 7%, en l\u00ednea con el consejo de ICES, en contra de la propuesta inicial de la Comisi\u00f3n que situaba ese descenso en el 30%.<\/p>\n<p>En relaci\u00f3n a la merluza sur, Espa\u00f1a ha conseguido que la Comisi\u00f3n retrase la consecuci\u00f3n del rendimiento m\u00e1ximo sostenible a 2019. Ello implica una reducci\u00f3n del 12%, frente a la propuesta de bajada del 30% presentada por la Comisi\u00f3n.<\/p>\n<p>De igual forma, se ha conseguido mantener las cuotas de los rapes y gallos del norte, frente a las propuestas iniciales de recorte. Tambi\u00e9n se mantiene la cuota de rape sur, mientras que sube un 20% la de gallo sur.<\/p>\n<p>Por otra parte, destaca el incremento del 15% de la cuota de rayas, que permitir\u00e1 una mejor gesti\u00f3n de la actividad de esta pesquer\u00eda complementaria para numerosos barcos, en especial, para la flota artesanal en el Cant\u00e1brico noroeste. Otra de las especies que tambi\u00e9n mantiene su cuota son los abadejos.<\/p>\n<p>En cuanto a la cigala del Golfo de C\u00e1diz, adem\u00e1s de conseguirse una subida del 15% del TAC, se han construido las bases para una futura gesti\u00f3n por unidades funcionales, de acuerdo a las recomendaciones cient\u00edficas. Asimismo, para la cigala del Cant\u00e1brico, se ha logrado que ICES revise su propuesta para poder reabrir la pesquer\u00eda con fines cient\u00edficos, mediante campa\u00f1as con barcos comerciales.<\/p>\n<p>Por \u00faltimo, las medidas de emergencia propuestas para la gesti\u00f3n de la anguila se han materializado \u00fanicamente en un cierre temporal de la pesquer\u00eda, que no afectar\u00e1 a la actividad en Espa\u00f1a.<\/p>\n<p>Con estos resultados, Espa\u00f1a acredita su compromiso con los pilares ambiental, social y econ\u00f3mico de la sostenibilidad en la Pol\u00edtica Pesquera Com\u00fan.<\/p>\n","protected":false},"excerpt":{"rendered":"<p>La ministra de Agricultura y Pesca, Alimentaci\u00f3n y Medio Ambiente, Isabel Garc\u00eda Tejerina, ha valorado positivamente los resultados obtenidos por Espa\u00f1a en las negociaciones para el reparto de totales admisibles de capturas (TAC) y cuotas para el a\u00f1o 2018, alcanzado por los ministros de Pesca de la Uni\u00f3n Europea, reunidos en Bruselas. \u200bAs\u00ed, gracias al [&hellip;]<\/p>\n","protected":false},"author":1,"featured_media":963228,"comment_status":"closed","ping_status":"closed","sticky":false,"template":"","format":"standard","meta":{"footnotes":""},"categories":[187],"tags":[],"class_list":["post-963227","post","type-post","status-publish","format-standard","has-post-thumbnail","hentry","category-economia"],"aioseo_notices":[],"aioseo_head":"\n\t\t<!-- All in One SEO Pro 4.9.6.2 - aioseo.com -->\n\t<meta name=\"description\" content=\"La ministra de Agricultura y Pesca, Alimentaci\u00f3n y Medio Ambiente, Isabel Garc\u00eda Tejerina, ha valorado positivamente los resultados obtenidos por Espa\u00f1a en las negociaciones para el reparto de totales admisibles de capturas (TAC) y cuotas para el a\u00f1o 2018, alcanzado por los ministros de Pesca de la Uni\u00f3n Europea, reunidos en Bruselas. \u200bAs\u00ed, gracias al\" \/>\n\t<meta name=\"robots\" content=\"max-image-preview:large\" \/>\n\t<meta name=\"author\" content=\"El Digital de Asturias\"\/>\n\t<meta name=\"google-site-verification\" content=\"UA-38556648-1\" \/>\n\t<meta name=\"msvalidate.01\" content=\"7dfe9f3f1b24437ab69f4f2559babe99\" \/>\n\t<meta name=\"keywords\" content=\"econom\u00eda\" \/>\n\t<link rel=\"canonical\" href=\"https:\/\/www.eldigitaldeasturias.com\/noticias\/tejerina-satisfecha-con-el-reparto-de-las-cuotas-pesqueras\/\" \/>\n\t<meta name=\"generator\" content=\"All in One SEO Pro (AIOSEO) 4.9.6.2\" \/>\n\t\t<meta property=\"og:locale\" content=\"es_ES\" \/>\n\t\t<meta property=\"og:site_name\" content=\"El Digital de Asturias\" \/>\n\t\t<meta property=\"og:type\" content=\"article\" \/>\n\t\t<meta property=\"og:title\" content=\"Tejerina satisfecha con el reparto de las cuotas pesqueras - El Digital de Asturias\" \/>\n\t\t<meta property=\"og:description\" content=\"La ministra de Agricultura y Pesca, Alimentaci\u00f3n y Medio Ambiente, Isabel Garc\u00eda Tejerina, ha valorado positivamente los resultados obtenidos por Espa\u00f1a en las negociaciones para el reparto de totales admisibles de capturas (TAC) y cuotas para el a\u00f1o 2018, alcanzado por los ministros de Pesca de la Uni\u00f3n Europea, reunidos en Bruselas. \u200bAs\u00ed, gracias al\" \/>\n\t\t<meta property=\"og:url\" content=\"https:\/\/www.eldigitaldeasturias.com\/noticias\/tejerina-satisfecha-con-el-reparto-de-las-cuotas-pesqueras\/\" \/>\n\t\t<meta property=\"og:image\" content=\"https:\/\/www.eldigitaldeasturias.com\/noticias\/wp-content\/uploads\/2017\/12\/131217Tejerina-pesca.jpg\" \/>\n\t\t<meta property=\"og:image:secure_url\" content=\"https:\/\/www.eldigitaldeasturias.com\/noticias\/wp-content\/uploads\/2017\/12\/131217Tejerina-pesca.jpg\" \/>\n\t\t<meta property=\"og:image:width\" content=\"496\" \/>\n\t\t<meta property=\"og:image:height\" content=\"329\" \/>\n\t\t<meta property=\"article:tag\" content=\"econom\u00eda\" \/>\n\t\t<meta property=\"article:published_time\" content=\"2017-12-13T15:09:17+00:00\" \/>\n\t\t<meta property=\"article:modified_time\" content=\"2017-12-13T15:09:17+00:00\" \/>\n\t\t<meta property=\"article:publisher\" content=\"https:\/\/facebook.com\/eldigitaldeasturias\" \/>\n\t\t<meta name=\"twitter:card\" content=\"summary_large_image\" \/>\n\t\t<meta name=\"twitter:title\" content=\"Tejerina satisfecha con el reparto de las cuotas pesqueras - El Digital de Asturias\" \/>\n\t\t<meta name=\"twitter:description\" content=\"La ministra de Agricultura y Pesca, Alimentaci\u00f3n y Medio Ambiente, Isabel Garc\u00eda Tejerina, ha valorado positivamente los resultados obtenidos por Espa\u00f1a en las negociaciones para el reparto de totales admisibles de capturas (TAC) y cuotas para el a\u00f1o 2018, alcanzado por los ministros de Pesca de la Uni\u00f3n Europea, reunidos en Bruselas. \u200bAs\u00ed, gracias al\" \/>\n\t\t<meta name=\"twitter:image\" content=\"https:\/\/www.eldigitaldeasturias.com\/noticias\/wp-content\/uploads\/2017\/12\/131217Tejerina-pesca.jpg\" \/>\n\t\t<meta name=\"twitter:label1\" content=\"Escrito por\" \/>\n\t\t<meta name=\"twitter:data1\" content=\"El Digital de Asturias\" \/>\n\t\t<meta name=\"twitter:label2\" content=\"Tiempo de lectura estimado\" \/>\n\t\t<meta name=\"twitter:data2\" content=\"3 minutos\" \/>\n\t\t<script type=\"application\/ld+json\" class=\"aioseo-schema\">\n\t\t\t{\"@context\":\"https:\\\/\\\/schema.org\",\"@graph\":[{\"@type\":\"BlogPosting\",\"@id\":\"https:\\\/\\\/www.eldigitaldeasturias.com\\\/noticias\\\/tejerina-satisfecha-con-el-reparto-de-las-cuotas-pesqueras\\\/#blogposting\",\"name\":\"Tejerina satisfecha con el reparto de las cuotas pesqueras - El Digital de Asturias\",\"headline\":\"Tejerina satisfecha con el reparto de las cuotas pesqueras\",\"author\":{\"@id\":\"https:\\\/\\\/www.eldigitaldeasturias.com\\\/noticias\\\/author\\\/admin\\\/#author\"},\"publisher\":{\"@id\":\"https:\\\/\\\/www.eldigitaldeasturias.com\\\/noticias\\\/#organization\"},\"image\":{\"@type\":\"ImageObject\",\"url\":\"https:\\\/\\\/www.eldigitaldeasturias.com\\\/noticias\\\/wp-content\\\/uploads\\\/2017\\\/12\\\/131217Tejerina-pesca.jpg\",\"width\":496,\"height\":329},\"datePublished\":\"2017-12-13T15:09:17+01:00\",\"dateModified\":\"2017-12-13T15:09:17+01:00\",\"inLanguage\":\"es-ES\",\"mainEntityOfPage\":{\"@id\":\"https:\\\/\\\/www.eldigitaldeasturias.com\\\/noticias\\\/tejerina-satisfecha-con-el-reparto-de-las-cuotas-pesqueras\\\/#webpage\"},\"isPartOf\":{\"@id\":\"https:\\\/\\\/www.eldigitaldeasturias.com\\\/noticias\\\/tejerina-satisfecha-con-el-reparto-de-las-cuotas-pesqueras\\\/#webpage\"},\"articleSection\":\"Econom\\u00eda\"},{\"@type\":\"BreadcrumbList\",\"@id\":\"https:\\\/\\\/www.eldigitaldeasturias.com\\\/noticias\\\/tejerina-satisfecha-con-el-reparto-de-las-cuotas-pesqueras\\\/#breadcrumblist\",\"itemListElement\":[{\"@type\":\"ListItem\",\"@id\":\"https:\\\/\\\/www.eldigitaldeasturias.com\\\/noticias#listItem\",\"position\":1,\"name\":\"Home\",\"item\":\"https:\\\/\\\/www.eldigitaldeasturias.com\\\/noticias\",\"nextItem\":{\"@type\":\"ListItem\",\"@id\":\"https:\\\/\\\/www.eldigitaldeasturias.com\\\/noticias\\\/category\\\/economia\\\/#listItem\",\"name\":\"Econom\\u00eda\"}},{\"@type\":\"ListItem\",\"@id\":\"https:\\\/\\\/www.eldigitaldeasturias.com\\\/noticias\\\/category\\\/economia\\\/#listItem\",\"position\":2,\"name\":\"Econom\\u00eda\",\"item\":\"https:\\\/\\\/www.eldigitaldeasturias.com\\\/noticias\\\/category\\\/economia\\\/\",\"nextItem\":{\"@type\":\"ListItem\",\"@id\":\"https:\\\/\\\/www.eldigitaldeasturias.com\\\/noticias\\\/tejerina-satisfecha-con-el-reparto-de-las-cuotas-pesqueras\\\/#listItem\",\"name\":\"Tejerina satisfecha con el reparto de las cuotas pesqueras\"},\"previousItem\":{\"@type\":\"ListItem\",\"@id\":\"https:\\\/\\\/www.eldigitaldeasturias.com\\\/noticias#listItem\",\"name\":\"Home\"}},{\"@type\":\"ListItem\",\"@id\":\"https:\\\/\\\/www.eldigitaldeasturias.com\\\/noticias\\\/tejerina-satisfecha-con-el-reparto-de-las-cuotas-pesqueras\\\/#listItem\",\"position\":3,\"name\":\"Tejerina satisfecha con el reparto de las cuotas pesqueras\",\"previousItem\":{\"@type\":\"ListItem\",\"@id\":\"https:\\\/\\\/www.eldigitaldeasturias.com\\\/noticias\\\/category\\\/economia\\\/#listItem\",\"name\":\"Econom\\u00eda\"}}]},{\"@type\":\"Organization\",\"@id\":\"https:\\\/\\\/www.eldigitaldeasturias.com\\\/noticias\\\/#organization\",\"name\":\"El Digital de Asturias\",\"description\":\"Hemeroteca\",\"url\":\"https:\\\/\\\/www.eldigitaldeasturias.com\\\/noticias\\\/\",\"email\":\"info@eldigitaldeasturias.com\",\"telephone\":\"+34652131393\",\"logo\":{\"@type\":\"ImageObject\",\"url\":\"https:\\\/\\\/www.eldigitaldeasturias.com\\\/noticias\\\/wp-content\\\/uploads\\\/2020\\\/12\\\/EDA.jpg\",\"@id\":\"https:\\\/\\\/www.eldigitaldeasturias.com\\\/noticias\\\/tejerina-satisfecha-con-el-reparto-de-las-cuotas-pesqueras\\\/#organizationLogo\",\"width\":649,\"height\":297},\"image\":{\"@id\":\"https:\\\/\\\/www.eldigitaldeasturias.com\\\/noticias\\\/tejerina-satisfecha-con-el-reparto-de-las-cuotas-pesqueras\\\/#organizationLogo\"},\"sameAs\":[\"https:\\\/\\\/facebook.com\\\/eldigitaldeasturias\",\"https:\\\/\\\/www.youtube.com\\\/channel\\\/UCZP-2wLEB9Rv6erhFmqVnvg\"],\"address\":{\"@id\":\"https:\\\/\\\/www.eldigitaldeasturias.com\\\/noticias\\\/#postaladdress\",\"@type\":\"PostalAddress\",\"streetAddress\":\"san antonio 4,\",\"postalCode\":\"33430\",\"addressLocality\":\"Cand\\u00e1s\",\"addressRegion\":\"Asturias\",\"addressCountry\":\"ES\"}},{\"@type\":\"Person\",\"@id\":\"https:\\\/\\\/www.eldigitaldeasturias.com\\\/noticias\\\/author\\\/admin\\\/#author\",\"url\":\"https:\\\/\\\/www.eldigitaldeasturias.com\\\/noticias\\\/author\\\/admin\\\/\",\"name\":\"El Digital de Asturias\",\"image\":{\"@type\":\"ImageObject\",\"@id\":\"https:\\\/\\\/www.eldigitaldeasturias.com\\\/noticias\\\/tejerina-satisfecha-con-el-reparto-de-las-cuotas-pesqueras\\\/#authorImage\",\"url\":\"https:\\\/\\\/www.eldigitaldeasturias.com\\\/noticias\\\/wp-content\\\/litespeed\\\/avatar\\\/18677e78aa0546b92d9dbf31ec7d7668.jpg?ver=1777290358\",\"width\":96,\"height\":96,\"caption\":\"El Digital de Asturias\"}},{\"@type\":\"WebPage\",\"@id\":\"https:\\\/\\\/www.eldigitaldeasturias.com\\\/noticias\\\/tejerina-satisfecha-con-el-reparto-de-las-cuotas-pesqueras\\\/#webpage\",\"url\":\"https:\\\/\\\/www.eldigitaldeasturias.com\\\/noticias\\\/tejerina-satisfecha-con-el-reparto-de-las-cuotas-pesqueras\\\/\",\"name\":\"Tejerina satisfecha con el reparto de las cuotas pesqueras - El Digital de Asturias\",\"description\":\"La ministra de Agricultura y Pesca, Alimentaci\\u00f3n y Medio Ambiente, Isabel Garc\\u00eda Tejerina, ha valorado positivamente los resultados obtenidos por Espa\\u00f1a en las negociaciones para el reparto de totales admisibles de capturas (TAC) y cuotas para el a\\u00f1o 2018, alcanzado por los ministros de Pesca de la Uni\\u00f3n Europea, reunidos en Bruselas. \\u200bAs\\u00ed, gracias al\",\"inLanguage\":\"es-ES\",\"isPartOf\":{\"@id\":\"https:\\\/\\\/www.eldigitaldeasturias.com\\\/noticias\\\/#website\"},\"breadcrumb\":{\"@id\":\"https:\\\/\\\/www.eldigitaldeasturias.com\\\/noticias\\\/tejerina-satisfecha-con-el-reparto-de-las-cuotas-pesqueras\\\/#breadcrumblist\"},\"author\":{\"@id\":\"https:\\\/\\\/www.eldigitaldeasturias.com\\\/noticias\\\/author\\\/admin\\\/#author\"},\"creator\":{\"@id\":\"https:\\\/\\\/www.eldigitaldeasturias.com\\\/noticias\\\/author\\\/admin\\\/#author\"},\"image\":{\"@type\":\"ImageObject\",\"url\":\"https:\\\/\\\/www.eldigitaldeasturias.com\\\/noticias\\\/wp-content\\\/uploads\\\/2017\\\/12\\\/131217Tejerina-pesca.jpg\",\"@id\":\"https:\\\/\\\/www.eldigitaldeasturias.com\\\/noticias\\\/tejerina-satisfecha-con-el-reparto-de-las-cuotas-pesqueras\\\/#mainImage\",\"width\":496,\"height\":329},\"primaryImageOfPage\":{\"@id\":\"https:\\\/\\\/www.eldigitaldeasturias.com\\\/noticias\\\/tejerina-satisfecha-con-el-reparto-de-las-cuotas-pesqueras\\\/#mainImage\"},\"datePublished\":\"2017-12-13T15:09:17+01:00\",\"dateModified\":\"2017-12-13T15:09:17+01:00\"},{\"@type\":\"WebSite\",\"@id\":\"https:\\\/\\\/www.eldigitaldeasturias.com\\\/noticias\\\/#website\",\"url\":\"https:\\\/\\\/www.eldigitaldeasturias.com\\\/noticias\\\/\",\"name\":\"El Digital de Asturias - Diario de actualidad y noticias\",\"alternateName\":\"El Digital de Asturias - Diario de actualidad y noticias\",\"description\":\"Hemeroteca\",\"inLanguage\":\"es-ES\",\"publisher\":{\"@id\":\"https:\\\/\\\/www.eldigitaldeasturias.com\\\/noticias\\\/#organization\"}}]}\n\t\t<\/script>\n\t\t<!-- All in One SEO Pro -->\r\n\t\t<title>Tejerina satisfecha con el reparto de las cuotas pesqueras - El Digital de Asturias<\/title>\n\n","aioseo_head_json":{"title":"Tejerina satisfecha con el reparto de las cuotas pesqueras - El Digital de Asturias","description":"La ministra de Agricultura y Pesca, Alimentaci\u00f3n y Medio Ambiente, Isabel Garc\u00eda Tejerina, ha valorado positivamente los resultados obtenidos por Espa\u00f1a en las negociaciones para el reparto de totales admisibles de capturas (TAC) y cuotas para el a\u00f1o 2018, alcanzado por los ministros de Pesca de la Uni\u00f3n Europea, reunidos en Bruselas. \u200bAs\u00ed, gracias al","canonical_url":"https:\/\/www.eldigitaldeasturias.com\/noticias\/tejerina-satisfecha-con-el-reparto-de-las-cuotas-pesqueras\/","robots":"max-image-preview:large","keywords":"econom\u00eda","webmasterTools":{"google-site-verification":"UA-38556648-1","msvalidate.01":"7dfe9f3f1b24437ab69f4f2559babe99","miscellaneous":""},"schema":{"@context":"https:\/\/schema.org","@graph":[{"@type":"BlogPosting","@id":"https:\/\/www.eldigitaldeasturias.com\/noticias\/tejerina-satisfecha-con-el-reparto-de-las-cuotas-pesqueras\/#blogposting","name":"Tejerina satisfecha con el reparto de las cuotas pesqueras - El Digital de Asturias","headline":"Tejerina satisfecha con el reparto de las cuotas pesqueras","author":{"@id":"https:\/\/www.eldigitaldeasturias.com\/noticias\/author\/admin\/#author"},"publisher":{"@id":"https:\/\/www.eldigitaldeasturias.com\/noticias\/#organization"},"image":{"@type":"ImageObject","url":"https:\/\/www.eldigitaldeasturias.com\/noticias\/wp-content\/uploads\/2017\/12\/131217Tejerina-pesca.jpg","width":496,"height":329},"datePublished":"2017-12-13T15:09:17+01:00","dateModified":"2017-12-13T15:09:17+01:00","inLanguage":"es-ES","mainEntityOfPage":{"@id":"https:\/\/www.eldigitaldeasturias.com\/noticias\/tejerina-satisfecha-con-el-reparto-de-las-cuotas-pesqueras\/#webpage"},"isPartOf":{"@id":"https:\/\/www.eldigitaldeasturias.com\/noticias\/tejerina-satisfecha-con-el-reparto-de-las-cuotas-pesqueras\/#webpage"},"articleSection":"Econom\u00eda"},{"@type":"BreadcrumbList","@id":"https:\/\/www.eldigitaldeasturias.com\/noticias\/tejerina-satisfecha-con-el-reparto-de-las-cuotas-pesqueras\/#breadcrumblist","itemListElement":[{"@type":"ListItem","@id":"https:\/\/www.eldigitaldeasturias.com\/noticias#listItem","position":1,"name":"Home","item":"https:\/\/www.eldigitaldeasturias.com\/noticias","nextItem":{"@type":"ListItem","@id":"https:\/\/www.eldigitaldeasturias.com\/noticias\/category\/economia\/#listItem","name":"Econom\u00eda"}},{"@type":"ListItem","@id":"https:\/\/www.eldigitaldeasturias.com\/noticias\/category\/economia\/#listItem","position":2,"name":"Econom\u00eda","item":"https:\/\/www.eldigitaldeasturias.com\/noticias\/category\/economia\/","nextItem":{"@type":"ListItem","@id":"https:\/\/www.eldigitaldeasturias.com\/noticias\/tejerina-satisfecha-con-el-reparto-de-las-cuotas-pesqueras\/#listItem","name":"Tejerina satisfecha con el reparto de las cuotas pesqueras"},"previousItem":{"@type":"ListItem","@id":"https:\/\/www.eldigitaldeasturias.com\/noticias#listItem","name":"Home"}},{"@type":"ListItem","@id":"https:\/\/www.eldigitaldeasturias.com\/noticias\/tejerina-satisfecha-con-el-reparto-de-las-cuotas-pesqueras\/#listItem","position":3,"name":"Tejerina satisfecha con el reparto de las cuotas pesqueras","previousItem":{"@type":"ListItem","@id":"https:\/\/www.eldigitaldeasturias.com\/noticias\/category\/economia\/#listItem","name":"Econom\u00eda"}}]},{"@type":"Organization","@id":"https:\/\/www.eldigitaldeasturias.com\/noticias\/#organization","name":"El Digital de Asturias","description":"Hemeroteca","url":"https:\/\/www.eldigitaldeasturias.com\/noticias\/","email":"info@eldigitaldeasturias.com","telephone":"+34652131393","logo":{"@type":"ImageObject","url":"https:\/\/www.eldigitaldeasturias.com\/noticias\/wp-content\/uploads\/2020\/12\/EDA.jpg","@id":"https:\/\/www.eldigitaldeasturias.com\/noticias\/tejerina-satisfecha-con-el-reparto-de-las-cuotas-pesqueras\/#organizationLogo","width":649,"height":297},"image":{"@id":"https:\/\/www.eldigitaldeasturias.com\/noticias\/tejerina-satisfecha-con-el-reparto-de-las-cuotas-pesqueras\/#organizationLogo"},"sameAs":["https:\/\/facebook.com\/eldigitaldeasturias","https:\/\/www.youtube.com\/channel\/UCZP-2wLEB9Rv6erhFmqVnvg"],"address":{"@id":"https:\/\/www.eldigitaldeasturias.com\/noticias\/#postaladdress","@type":"PostalAddress","streetAddress":"san antonio 4,","postalCode":"33430","addressLocality":"Cand\u00e1s","addressRegion":"Asturias","addressCountry":"ES"}},{"@type":"Person","@id":"https:\/\/www.eldigitaldeasturias.com\/noticias\/author\/admin\/#author","url":"https:\/\/www.eldigitaldeasturias.com\/noticias\/author\/admin\/","name":"El Digital de Asturias","image":{"@type":"ImageObject","@id":"https:\/\/www.eldigitaldeasturias.com\/noticias\/tejerina-satisfecha-con-el-reparto-de-las-cuotas-pesqueras\/#authorImage","url":"https:\/\/www.eldigitaldeasturias.com\/noticias\/wp-content\/litespeed\/avatar\/18677e78aa0546b92d9dbf31ec7d7668.jpg?ver=1777290358","width":96,"height":96,"caption":"El Digital de Asturias"}},{"@type":"WebPage","@id":"https:\/\/www.eldigitaldeasturias.com\/noticias\/tejerina-satisfecha-con-el-reparto-de-las-cuotas-pesqueras\/#webpage","url":"https:\/\/www.eldigitaldeasturias.com\/noticias\/tejerina-satisfecha-con-el-reparto-de-las-cuotas-pesqueras\/","name":"Tejerina satisfecha con el reparto de las cuotas pesqueras - El Digital de Asturias","description":"La ministra de Agricultura y Pesca, Alimentaci\u00f3n y Medio Ambiente, Isabel Garc\u00eda Tejerina, ha valorado positivamente los resultados obtenidos por Espa\u00f1a en las negociaciones para el reparto de totales admisibles de capturas (TAC) y cuotas para el a\u00f1o 2018, alcanzado por los ministros de Pesca de la Uni\u00f3n Europea, reunidos en Bruselas. \u200bAs\u00ed, gracias al","inLanguage":"es-ES","isPartOf":{"@id":"https:\/\/www.eldigitaldeasturias.com\/noticias\/#website"},"breadcrumb":{"@id":"https:\/\/www.eldigitaldeasturias.com\/noticias\/tejerina-satisfecha-con-el-reparto-de-las-cuotas-pesqueras\/#breadcrumblist"},"author":{"@id":"https:\/\/www.eldigitaldeasturias.com\/noticias\/author\/admin\/#author"},"creator":{"@id":"https:\/\/www.eldigitaldeasturias.com\/noticias\/author\/admin\/#author"},"image":{"@type":"ImageObject","url":"https:\/\/www.eldigitaldeasturias.com\/noticias\/wp-content\/uploads\/2017\/12\/131217Tejerina-pesca.jpg","@id":"https:\/\/www.eldigitaldeasturias.com\/noticias\/tejerina-satisfecha-con-el-reparto-de-las-cuotas-pesqueras\/#mainImage","width":496,"height":329},"primaryImageOfPage":{"@id":"https:\/\/www.eldigitaldeasturias.com\/noticias\/tejerina-satisfecha-con-el-reparto-de-las-cuotas-pesqueras\/#mainImage"},"datePublished":"2017-12-13T15:09:17+01:00","dateModified":"2017-12-13T15:09:17+01:00"},{"@type":"WebSite","@id":"https:\/\/www.eldigitaldeasturias.com\/noticias\/#website","url":"https:\/\/www.eldigitaldeasturias.com\/noticias\/","name":"El Digital de Asturias - Diario de actualidad y noticias","alternateName":"El Digital de Asturias - Diario de actualidad y noticias","description":"Hemeroteca","inLanguage":"es-ES","publisher":{"@id":"https:\/\/www.eldigitaldeasturias.com\/noticias\/#organization"}}]},"og:locale":"es_ES","og:site_name":"El Digital de Asturias","og:type":"article","og:title":"Tejerina satisfecha con el reparto de las cuotas pesqueras - El Digital de Asturias","og:description":"La ministra de Agricultura y Pesca, Alimentaci\u00f3n y Medio Ambiente, Isabel Garc\u00eda Tejerina, ha valorado positivamente los resultados obtenidos por Espa\u00f1a en las negociaciones para el reparto de totales admisibles de capturas (TAC) y cuotas para el a\u00f1o 2018, alcanzado por los ministros de Pesca de la Uni\u00f3n Europea, reunidos en Bruselas. \u200bAs\u00ed, gracias al","og:url":"https:\/\/www.eldigitaldeasturias.com\/noticias\/tejerina-satisfecha-con-el-reparto-de-las-cuotas-pesqueras\/","og:image":"https:\/\/www.eldigitaldeasturias.com\/noticias\/wp-content\/uploads\/2017\/12\/131217Tejerina-pesca.jpg","og:image:secure_url":"https:\/\/www.eldigitaldeasturias.com\/noticias\/wp-content\/uploads\/2017\/12\/131217Tejerina-pesca.jpg","og:image:width":496,"og:image:height":329,"article:tag":["econom\u00eda"],"article:published_time":"2017-12-13T15:09:17+00:00","article:modified_time":"2017-12-13T15:09:17+00:00","article:publisher":"https:\/\/facebook.com\/eldigitaldeasturias","twitter:card":"summary_large_image","twitter:title":"Tejerina satisfecha con el reparto de las cuotas pesqueras - El Digital de Asturias","twitter:description":"La ministra de Agricultura y Pesca, Alimentaci\u00f3n y Medio Ambiente, Isabel Garc\u00eda Tejerina, ha valorado positivamente los resultados obtenidos por Espa\u00f1a en las negociaciones para el reparto de totales admisibles de capturas (TAC) y cuotas para el a\u00f1o 2018, alcanzado por los ministros de Pesca de la Uni\u00f3n Europea, reunidos en Bruselas. \u200bAs\u00ed, gracias al","twitter:image":"https:\/\/www.eldigitaldeasturias.com\/noticias\/wp-content\/uploads\/2017\/12\/131217Tejerina-pesca.jpg","twitter:label1":"Escrito por","twitter:data1":"El Digital de Asturias","twitter:label2":"Tiempo de lectura estimado","twitter:data2":"3 minutos"},"aioseo_meta_data":{"post_id":"963227","title":null,"description":null,"keywords":null,"keyphrases":null,"primary_term":null,"canonical_url":null,"og_title":null,"og_description":null,"og_object_type":"default","og_image_type":"default","og_image_url":null,"og_image_width":null,"og_image_height":null,"og_image_custom_url":null,"og_image_custom_fields":null,"og_video":null,"og_custom_url":null,"og_article_section":null,"og_article_tags":null,"twitter_use_og":false,"twitter_card":"default","twitter_image_type":"default","twitter_image_url":null,"twitter_image_custom_url":null,"twitter_image_custom_fields":null,"twitter_title":null,"twitter_description":null,"schema":{"blockGraphs":[],"customGraphs":[],"default":{"data":{"Article":[],"Course":[],"Dataset":[],"FAQPage":[],"Movie":[],"Person":[],"Product":[],"ProductReview":[],"Car":[],"Recipe":[],"Service":[],"SoftwareApplication":[],"WebPage":[]},"graphName":"","isEnabled":true},"graphs":[],"defaultGraph":"","defaultPostTypeGraph":""},"schema_type":null,"schema_type_options":null,"pillar_content":false,"robots_default":true,"robots_noindex":false,"robots_noarchive":false,"robots_nosnippet":false,"robots_nofollow":false,"robots_noimageindex":false,"robots_noodp":false,"robots_notranslate":false,"robots_max_snippet":null,"robots_max_videopreview":null,"robots_max_imagepreview":"large","priority":null,"frequency":null,"local_seo":null,"seo_analyzer_scan_date":"2025-12-07 15:19:10","breadcrumb_settings":null,"limit_modified_date":false,"open_ai":null,"ai":null,"created":"2020-12-21 12:44:40","updated":"2025-12-07 15:19:10"},"aioseo_breadcrumb":"<div class=\"aioseo-breadcrumbs\"><span class=\"aioseo-breadcrumb\">\n\t<a href=\"https:\/\/www.eldigitaldeasturias.com\/noticias\" title=\"Home\">Home<\/a>\n<\/span><span class=\"aioseo-breadcrumb-separator\">\u2013<\/span><span class=\"aioseo-breadcrumb\">\n\t<a href=\"https:\/\/www.eldigitaldeasturias.com\/noticias\/category\/economia\/\" title=\"Econom\u00eda\">Econom\u00eda<\/a>\n<\/span><span class=\"aioseo-breadcrumb-separator\">\u2013<\/span><span class=\"aioseo-breadcrumb\">\n\t<a href=\"https:\/\/www.eldigitaldeasturias.com\/noticias\/tejerina-satisfecha-con-el-reparto-de-las-cuotas-pesqueras\/\" title=\"Tejerina satisfecha con el reparto de las cuotas pesqueras\">Tejerina satisfecha con el reparto de las cuotas pesqueras<\/a>\n<\/span><\/div>","aioseo_breadcrumb_json":[{"label":"Home","link":"https:\/\/www.eldigitaldeasturias.com\/noticias"},{"label":"Econom\u00eda","link":"https:\/\/www.eldigitaldeasturias.com\/noticias\/category\/economia\/"},{"label":"Tejerina satisfecha con el reparto de las cuotas pesqueras","link":"https:\/\/www.eldigitaldeasturias.com\/noticias\/tejerina-satisfecha-con-el-reparto-de-las-cuotas-pesqueras\/"}],"_links":{"self":[{"href":"https:\/\/www.eldigitaldeasturias.com\/noticias\/wp-json\/wp\/v2\/posts\/963227","targetHints":{"allow":["GET"]}}],"collection":[{"href":"https:\/\/www.eldigitaldeasturias.com\/noticias\/wp-json\/wp\/v2\/posts"}],"about":[{"href":"https:\/\/www.eldigitaldeasturias.com\/noticias\/wp-json\/wp\/v2\/types\/post"}],"author":[{"embeddable":true,"href":"https:\/\/www.eldigitaldeasturias.com\/noticias\/wp-json\/wp\/v2\/users\/1"}],"replies":[{"embeddable":true,"href":"https:\/\/www.eldigitaldeasturias.com\/noticias\/wp-json\/wp\/v2\/comments?post=963227"}],"version-history":[{"count":0,"href":"https:\/\/www.eldigitaldeasturias.com\/noticias\/wp-json\/wp\/v2\/posts\/963227\/revisions"}],"wp:featuredmedia":[{"embeddable":true,"href":"https:\/\/www.eldigitaldeasturias.com\/noticias\/wp-json\/wp\/v2\/media\/963228"}],"wp:attachment":[{"href":"https:\/\/www.eldigitaldeasturias.com\/noticias\/wp-json\/wp\/v2\/media?parent=963227"}],"wp:term":[{"taxonomy":"category","embeddable":true,"href":"https:\/\/www.eldigitaldeasturias.com\/noticias\/wp-json\/wp\/v2\/categories?post=963227"},{"taxonomy":"post_tag","embeddable":true,"href":"https:\/\/www.eldigitaldeasturias.com\/noticias\/wp-json\/wp\/v2\/tags?post=963227"}],"curies":[{"name":"wp","href":"https:\/\/api.w.org\/{rel}","templated":true}]}}