{"id":963213,"date":"2017-12-13T03:08:54","date_gmt":"2017-12-13T03:08:54","guid":{"rendered":"http:\/\/www.eldigitaldeasturias.com\/noticias\/?p=963213"},"modified":"2017-12-13T03:08:54","modified_gmt":"2017-12-13T03:08:54","slug":"los-agentes-laborales-se-preparan-para-el-advenimiento-de-la-digitalizacion","status":"publish","type":"post","link":"https:\/\/www.eldigitaldeasturias.com\/noticias\/los-agentes-laborales-se-preparan-para-el-advenimiento-de-la-digitalizacion\/","title":{"rendered":"Los agentes laborales se preparan para el advenimiento de la digitalizaci\u00f3n"},"content":{"rendered":"<p><img loading=\"lazy\" decoding=\"async\" class=\"size-medium wp-image-963214 alignleft\" src=\"https:\/\/www.eldigitaldeasturias.com\/noticias\/wp-content\/uploads\/2017\/12\/1513083631_Curso_Primeros_Pasos_Sistema_Delta-360x210.jpg\" alt=\"\" width=\"360\" height=\"210\" srcset=\"https:\/\/www.eldigitaldeasturias.com\/noticias\/wp-content\/uploads\/2017\/12\/1513083631_Curso_Primeros_Pasos_Sistema_Delta-360x210.jpg 360w, https:\/\/www.eldigitaldeasturias.com\/noticias\/wp-content\/uploads\/2017\/12\/1513083631_Curso_Primeros_Pasos_Sistema_Delta-172x100.jpg 172w, https:\/\/www.eldigitaldeasturias.com\/noticias\/wp-content\/uploads\/2017\/12\/1513083631_Curso_Primeros_Pasos_Sistema_Delta.jpg 600w\" sizes=\"auto, (max-width: 360px) 100vw, 360px\" \/>En la era digital, los r\u00e1pidos avances tecnol\u00f3gicos y las amplias oportunidades que comportan, han encumbrado a las herramientas inform\u00e1ticas como las m\u00e1s eficientes y funcionales de cara al desarrollo de las distintas tareas en el \u00e1mbito laboral. La tendencia a sistematizar todas las labores, m\u00e1s o menos mec\u00e1nicas, tiene por objetivo liberar a las personas de este tipo de trabajos y poder as\u00ed, dedicarse a otras tareas de m\u00e1s valor y que requieran de un componente creativo mayor.<\/p>\n<p>De esta forma, adem\u00e1s de optimizar y rentabilizar el tiempo de los trabajadores, se asegura una reducci\u00f3n en los errores y fallos que, necesariamente, el ser humano tiende a cometer en trabajos de esta \u00edndole.<\/p>\n<p>Y es que, la incorporaci\u00f3n de programas inform\u00e1ticos al proceso de producci\u00f3n, independientemente del sector que se trate, incrementa la productividad al reducir intervalos de tiempo y costes, a la vez que le confiere mayores niveles de seguridad y certeza a los servicios brindados.<\/p>\n<p>M\u00e1s concretamente, en el sector de la gesti\u00f3n laboral, existen varios programas inform\u00e1ticos elaborados para tal fin,\u00a0<em>Contrat@, Cret@ y Siltra<\/em>, son algunos de ellos. No obstante, uno de los m\u00e1s aplicados por las organizaciones empresariales es el programa\u00a0<em>Delt@,\u00a0<\/em>puesto que se trata de los fundamentos sobre seguridad y salud en el trabajo.<\/p>\n<p>En este sentido, cabe destacar varios cursos formativos relacionados con esta tem\u00e1tica, los cuales se encarga de impartir\u00a0<strong>Euroinnova Business School,\u00a0<\/strong>uno de los centros de educaci\u00f3n online de referencia en este sector, entre otras razones, por el alto componente de innovaci\u00f3n en su programa formativo.<\/p>\n<p>En primer lugar, el Curso en\u00a0<span style=\"color: #ff6600;\"><strong><a style=\"color: #ff6600;\" href=\"https:\/\/www.euroinnova.edu.es\/curso-primeros-pasos-sistema-delta\" target=\"_blank\" rel=\"dofollow noopener\">Sistema Delta<\/a><\/strong><\/span>\u00a0ofrece una visi\u00f3n amplia respecto a la diferenciaci\u00f3n de los riesgos laborales as\u00ed, como las distintas acciones y m\u00e9todos para prevenirlos; adem\u00e1s de contener varias unidades destinadas, exclusivamente, a la contabilidad corporativa.<\/p>\n<p>En segundo lugar, la formaci\u00f3n en\u00a0<span style=\"color: #ff6600;\"><strong><a style=\"color: #ff6600;\" href=\"https:\/\/www.euroinnova.edu.es\/contrat-delt-cret-y-sistema-red-experto-en-gestion-laboral\" target=\"_blank\" rel=\"nofollow noopener\">Sistema en Red Online<\/a><\/strong><\/span>\u00a0impartido desde\u00a0<strong>Euroinnova,<\/strong>prioriza una visi\u00f3n integral del conjunto de programas inform\u00e1ticos que se citaban con anterioridad, los cuales abarcan m\u00e1s \u00e1reas departamentales de una organizaci\u00f3n.<\/p>\n","protected":false},"excerpt":{"rendered":"<p>En la era digital, los r\u00e1pidos avances tecnol\u00f3gicos y las amplias oportunidades que comportan, han encumbrado a las herramientas inform\u00e1ticas como las m\u00e1s eficientes y funcionales de cara al desarrollo de las distintas tareas en el \u00e1mbito laboral. La tendencia a sistematizar todas las labores, m\u00e1s o menos mec\u00e1nicas, tiene por objetivo liberar a las [&hellip;]<\/p>\n","protected":false},"author":1,"featured_media":963214,"comment_status":"closed","ping_status":"closed","sticky":false,"template":"","format":"standard","meta":{"footnotes":""},"categories":[187],"tags":[],"class_list":["post-963213","post","type-post","status-publish","format-standard","has-post-thumbnail","hentry","category-economia"],"aioseo_notices":[],"aioseo_head":"\n\t\t<!-- All in One SEO Pro 4.9.6.2 - aioseo.com -->\n\t<meta name=\"description\" content=\"En la era digital, los r\u00e1pidos avances tecnol\u00f3gicos y las amplias oportunidades que comportan, han encumbrado a las herramientas inform\u00e1ticas como las m\u00e1s eficientes y funcionales de cara al desarrollo de las distintas tareas en el \u00e1mbito laboral. La tendencia a sistematizar todas las labores, m\u00e1s o menos mec\u00e1nicas, tiene por objetivo liberar a las\" \/>\n\t<meta name=\"robots\" content=\"max-image-preview:large\" \/>\n\t<meta name=\"author\" content=\"El Digital de Asturias\"\/>\n\t<meta name=\"google-site-verification\" content=\"UA-38556648-1\" \/>\n\t<meta name=\"msvalidate.01\" content=\"7dfe9f3f1b24437ab69f4f2559babe99\" \/>\n\t<meta name=\"keywords\" content=\"econom\u00eda\" \/>\n\t<link rel=\"canonical\" href=\"https:\/\/www.eldigitaldeasturias.com\/noticias\/los-agentes-laborales-se-preparan-para-el-advenimiento-de-la-digitalizacion\/\" \/>\n\t<meta name=\"generator\" content=\"All in One SEO Pro (AIOSEO) 4.9.6.2\" \/>\n\t\t<meta property=\"og:locale\" content=\"es_ES\" \/>\n\t\t<meta property=\"og:site_name\" content=\"El Digital de Asturias\" \/>\n\t\t<meta property=\"og:type\" content=\"article\" \/>\n\t\t<meta property=\"og:title\" content=\"Los agentes laborales se preparan para el advenimiento de la digitalizaci\u00f3n - El Digital de Asturias\" \/>\n\t\t<meta property=\"og:description\" content=\"En la era digital, los r\u00e1pidos avances tecnol\u00f3gicos y las amplias oportunidades que comportan, han encumbrado a las herramientas inform\u00e1ticas como las m\u00e1s eficientes y funcionales de cara al desarrollo de las distintas tareas en el \u00e1mbito laboral. La tendencia a sistematizar todas las labores, m\u00e1s o menos mec\u00e1nicas, tiene por objetivo liberar a las\" \/>\n\t\t<meta property=\"og:url\" content=\"https:\/\/www.eldigitaldeasturias.com\/noticias\/los-agentes-laborales-se-preparan-para-el-advenimiento-de-la-digitalizacion\/\" \/>\n\t\t<meta property=\"og:image\" content=\"https:\/\/www.eldigitaldeasturias.com\/noticias\/wp-content\/uploads\/2017\/12\/1513083631_Curso_Primeros_Pasos_Sistema_Delta.jpg\" \/>\n\t\t<meta property=\"og:image:secure_url\" content=\"https:\/\/www.eldigitaldeasturias.com\/noticias\/wp-content\/uploads\/2017\/12\/1513083631_Curso_Primeros_Pasos_Sistema_Delta.jpg\" \/>\n\t\t<meta property=\"og:image:width\" content=\"600\" \/>\n\t\t<meta property=\"og:image:height\" content=\"350\" \/>\n\t\t<meta property=\"article:tag\" content=\"econom\u00eda\" \/>\n\t\t<meta property=\"article:published_time\" content=\"2017-12-13T03:08:54+00:00\" \/>\n\t\t<meta property=\"article:modified_time\" content=\"2017-12-13T03:08:54+00:00\" \/>\n\t\t<meta property=\"article:publisher\" content=\"https:\/\/facebook.com\/eldigitaldeasturias\" \/>\n\t\t<meta name=\"twitter:card\" content=\"summary_large_image\" \/>\n\t\t<meta name=\"twitter:title\" content=\"Los agentes laborales se preparan para el advenimiento de la digitalizaci\u00f3n - El Digital de Asturias\" \/>\n\t\t<meta name=\"twitter:description\" content=\"En la era digital, los r\u00e1pidos avances tecnol\u00f3gicos y las amplias oportunidades que comportan, han encumbrado a las herramientas inform\u00e1ticas como las m\u00e1s eficientes y funcionales de cara al desarrollo de las distintas tareas en el \u00e1mbito laboral. La tendencia a sistematizar todas las labores, m\u00e1s o menos mec\u00e1nicas, tiene por objetivo liberar a las\" \/>\n\t\t<meta name=\"twitter:image\" content=\"https:\/\/www.eldigitaldeasturias.com\/noticias\/wp-content\/uploads\/2017\/12\/1513083631_Curso_Primeros_Pasos_Sistema_Delta.jpg\" \/>\n\t\t<meta name=\"twitter:label1\" content=\"Escrito por\" \/>\n\t\t<meta name=\"twitter:data1\" content=\"El Digital de Asturias\" \/>\n\t\t<meta name=\"twitter:label2\" content=\"Tiempo de lectura estimado\" \/>\n\t\t<meta name=\"twitter:data2\" content=\"2 minutos\" \/>\n\t\t<script type=\"application\/ld+json\" class=\"aioseo-schema\">\n\t\t\t{\"@context\":\"https:\\\/\\\/schema.org\",\"@graph\":[{\"@type\":\"BlogPosting\",\"@id\":\"https:\\\/\\\/www.eldigitaldeasturias.com\\\/noticias\\\/los-agentes-laborales-se-preparan-para-el-advenimiento-de-la-digitalizacion\\\/#blogposting\",\"name\":\"Los agentes laborales se preparan para el advenimiento de la digitalizaci\\u00f3n - El Digital de Asturias\",\"headline\":\"Los agentes laborales se preparan para el advenimiento de la digitalizaci\\u00f3n\",\"author\":{\"@id\":\"https:\\\/\\\/www.eldigitaldeasturias.com\\\/noticias\\\/author\\\/admin\\\/#author\"},\"publisher\":{\"@id\":\"https:\\\/\\\/www.eldigitaldeasturias.com\\\/noticias\\\/#organization\"},\"image\":{\"@type\":\"ImageObject\",\"url\":\"https:\\\/\\\/www.eldigitaldeasturias.com\\\/noticias\\\/wp-content\\\/uploads\\\/2017\\\/12\\\/1513083631_Curso_Primeros_Pasos_Sistema_Delta.jpg\",\"width\":600,\"height\":350},\"datePublished\":\"2017-12-13T03:08:54+01:00\",\"dateModified\":\"2017-12-13T03:08:54+01:00\",\"inLanguage\":\"es-ES\",\"mainEntityOfPage\":{\"@id\":\"https:\\\/\\\/www.eldigitaldeasturias.com\\\/noticias\\\/los-agentes-laborales-se-preparan-para-el-advenimiento-de-la-digitalizacion\\\/#webpage\"},\"isPartOf\":{\"@id\":\"https:\\\/\\\/www.eldigitaldeasturias.com\\\/noticias\\\/los-agentes-laborales-se-preparan-para-el-advenimiento-de-la-digitalizacion\\\/#webpage\"},\"articleSection\":\"Econom\\u00eda\"},{\"@type\":\"BreadcrumbList\",\"@id\":\"https:\\\/\\\/www.eldigitaldeasturias.com\\\/noticias\\\/los-agentes-laborales-se-preparan-para-el-advenimiento-de-la-digitalizacion\\\/#breadcrumblist\",\"itemListElement\":[{\"@type\":\"ListItem\",\"@id\":\"https:\\\/\\\/www.eldigitaldeasturias.com\\\/noticias#listItem\",\"position\":1,\"name\":\"Home\",\"item\":\"https:\\\/\\\/www.eldigitaldeasturias.com\\\/noticias\",\"nextItem\":{\"@type\":\"ListItem\",\"@id\":\"https:\\\/\\\/www.eldigitaldeasturias.com\\\/noticias\\\/category\\\/economia\\\/#listItem\",\"name\":\"Econom\\u00eda\"}},{\"@type\":\"ListItem\",\"@id\":\"https:\\\/\\\/www.eldigitaldeasturias.com\\\/noticias\\\/category\\\/economia\\\/#listItem\",\"position\":2,\"name\":\"Econom\\u00eda\",\"item\":\"https:\\\/\\\/www.eldigitaldeasturias.com\\\/noticias\\\/category\\\/economia\\\/\",\"nextItem\":{\"@type\":\"ListItem\",\"@id\":\"https:\\\/\\\/www.eldigitaldeasturias.com\\\/noticias\\\/los-agentes-laborales-se-preparan-para-el-advenimiento-de-la-digitalizacion\\\/#listItem\",\"name\":\"Los agentes laborales se preparan para el advenimiento de la digitalizaci\\u00f3n\"},\"previousItem\":{\"@type\":\"ListItem\",\"@id\":\"https:\\\/\\\/www.eldigitaldeasturias.com\\\/noticias#listItem\",\"name\":\"Home\"}},{\"@type\":\"ListItem\",\"@id\":\"https:\\\/\\\/www.eldigitaldeasturias.com\\\/noticias\\\/los-agentes-laborales-se-preparan-para-el-advenimiento-de-la-digitalizacion\\\/#listItem\",\"position\":3,\"name\":\"Los agentes laborales se preparan para el advenimiento de la digitalizaci\\u00f3n\",\"previousItem\":{\"@type\":\"ListItem\",\"@id\":\"https:\\\/\\\/www.eldigitaldeasturias.com\\\/noticias\\\/category\\\/economia\\\/#listItem\",\"name\":\"Econom\\u00eda\"}}]},{\"@type\":\"Organization\",\"@id\":\"https:\\\/\\\/www.eldigitaldeasturias.com\\\/noticias\\\/#organization\",\"name\":\"El Digital de Asturias\",\"description\":\"Hemeroteca\",\"url\":\"https:\\\/\\\/www.eldigitaldeasturias.com\\\/noticias\\\/\",\"email\":\"info@eldigitaldeasturias.com\",\"telephone\":\"+34652131393\",\"logo\":{\"@type\":\"ImageObject\",\"url\":\"https:\\\/\\\/www.eldigitaldeasturias.com\\\/noticias\\\/wp-content\\\/uploads\\\/2020\\\/12\\\/EDA.jpg\",\"@id\":\"https:\\\/\\\/www.eldigitaldeasturias.com\\\/noticias\\\/los-agentes-laborales-se-preparan-para-el-advenimiento-de-la-digitalizacion\\\/#organizationLogo\",\"width\":649,\"height\":297},\"image\":{\"@id\":\"https:\\\/\\\/www.eldigitaldeasturias.com\\\/noticias\\\/los-agentes-laborales-se-preparan-para-el-advenimiento-de-la-digitalizacion\\\/#organizationLogo\"},\"sameAs\":[\"https:\\\/\\\/facebook.com\\\/eldigitaldeasturias\",\"https:\\\/\\\/www.youtube.com\\\/channel\\\/UCZP-2wLEB9Rv6erhFmqVnvg\"],\"address\":{\"@id\":\"https:\\\/\\\/www.eldigitaldeasturias.com\\\/noticias\\\/#postaladdress\",\"@type\":\"PostalAddress\",\"streetAddress\":\"san antonio 4,\",\"postalCode\":\"33430\",\"addressLocality\":\"Cand\\u00e1s\",\"addressRegion\":\"Asturias\",\"addressCountry\":\"ES\"}},{\"@type\":\"Person\",\"@id\":\"https:\\\/\\\/www.eldigitaldeasturias.com\\\/noticias\\\/author\\\/admin\\\/#author\",\"url\":\"https:\\\/\\\/www.eldigitaldeasturias.com\\\/noticias\\\/author\\\/admin\\\/\",\"name\":\"El Digital de Asturias\",\"image\":{\"@type\":\"ImageObject\",\"@id\":\"https:\\\/\\\/www.eldigitaldeasturias.com\\\/noticias\\\/los-agentes-laborales-se-preparan-para-el-advenimiento-de-la-digitalizacion\\\/#authorImage\",\"url\":\"https:\\\/\\\/www.eldigitaldeasturias.com\\\/noticias\\\/wp-content\\\/litespeed\\\/avatar\\\/18677e78aa0546b92d9dbf31ec7d7668.jpg?ver=1777290358\",\"width\":96,\"height\":96,\"caption\":\"El Digital de Asturias\"}},{\"@type\":\"WebPage\",\"@id\":\"https:\\\/\\\/www.eldigitaldeasturias.com\\\/noticias\\\/los-agentes-laborales-se-preparan-para-el-advenimiento-de-la-digitalizacion\\\/#webpage\",\"url\":\"https:\\\/\\\/www.eldigitaldeasturias.com\\\/noticias\\\/los-agentes-laborales-se-preparan-para-el-advenimiento-de-la-digitalizacion\\\/\",\"name\":\"Los agentes laborales se preparan para el advenimiento de la digitalizaci\\u00f3n - El Digital de Asturias\",\"description\":\"En la era digital, los r\\u00e1pidos avances tecnol\\u00f3gicos y las amplias oportunidades que comportan, han encumbrado a las herramientas inform\\u00e1ticas como las m\\u00e1s eficientes y funcionales de cara al desarrollo de las distintas tareas en el \\u00e1mbito laboral. La tendencia a sistematizar todas las labores, m\\u00e1s o menos mec\\u00e1nicas, tiene por objetivo liberar a las\",\"inLanguage\":\"es-ES\",\"isPartOf\":{\"@id\":\"https:\\\/\\\/www.eldigitaldeasturias.com\\\/noticias\\\/#website\"},\"breadcrumb\":{\"@id\":\"https:\\\/\\\/www.eldigitaldeasturias.com\\\/noticias\\\/los-agentes-laborales-se-preparan-para-el-advenimiento-de-la-digitalizacion\\\/#breadcrumblist\"},\"author\":{\"@id\":\"https:\\\/\\\/www.eldigitaldeasturias.com\\\/noticias\\\/author\\\/admin\\\/#author\"},\"creator\":{\"@id\":\"https:\\\/\\\/www.eldigitaldeasturias.com\\\/noticias\\\/author\\\/admin\\\/#author\"},\"image\":{\"@type\":\"ImageObject\",\"url\":\"https:\\\/\\\/www.eldigitaldeasturias.com\\\/noticias\\\/wp-content\\\/uploads\\\/2017\\\/12\\\/1513083631_Curso_Primeros_Pasos_Sistema_Delta.jpg\",\"@id\":\"https:\\\/\\\/www.eldigitaldeasturias.com\\\/noticias\\\/los-agentes-laborales-se-preparan-para-el-advenimiento-de-la-digitalizacion\\\/#mainImage\",\"width\":600,\"height\":350},\"primaryImageOfPage\":{\"@id\":\"https:\\\/\\\/www.eldigitaldeasturias.com\\\/noticias\\\/los-agentes-laborales-se-preparan-para-el-advenimiento-de-la-digitalizacion\\\/#mainImage\"},\"datePublished\":\"2017-12-13T03:08:54+01:00\",\"dateModified\":\"2017-12-13T03:08:54+01:00\"},{\"@type\":\"WebSite\",\"@id\":\"https:\\\/\\\/www.eldigitaldeasturias.com\\\/noticias\\\/#website\",\"url\":\"https:\\\/\\\/www.eldigitaldeasturias.com\\\/noticias\\\/\",\"name\":\"El Digital de Asturias - Diario de actualidad y noticias\",\"alternateName\":\"El Digital de Asturias - Diario de actualidad y noticias\",\"description\":\"Hemeroteca\",\"inLanguage\":\"es-ES\",\"publisher\":{\"@id\":\"https:\\\/\\\/www.eldigitaldeasturias.com\\\/noticias\\\/#organization\"}}]}\n\t\t<\/script>\n\t\t<!-- All in One SEO Pro -->\r\n\t\t<title>Los agentes laborales se preparan para el advenimiento de la digitalizaci\u00f3n - El Digital de Asturias<\/title>\n\n","aioseo_head_json":{"title":"Los agentes laborales se preparan para el advenimiento de la digitalizaci\u00f3n - El Digital de Asturias","description":"En la era digital, los r\u00e1pidos avances tecnol\u00f3gicos y las amplias oportunidades que comportan, han encumbrado a las herramientas inform\u00e1ticas como las m\u00e1s eficientes y funcionales de cara al desarrollo de las distintas tareas en el \u00e1mbito laboral. La tendencia a sistematizar todas las labores, m\u00e1s o menos mec\u00e1nicas, tiene por objetivo liberar a las","canonical_url":"https:\/\/www.eldigitaldeasturias.com\/noticias\/los-agentes-laborales-se-preparan-para-el-advenimiento-de-la-digitalizacion\/","robots":"max-image-preview:large","keywords":"econom\u00eda","webmasterTools":{"google-site-verification":"UA-38556648-1","msvalidate.01":"7dfe9f3f1b24437ab69f4f2559babe99","miscellaneous":""},"schema":{"@context":"https:\/\/schema.org","@graph":[{"@type":"BlogPosting","@id":"https:\/\/www.eldigitaldeasturias.com\/noticias\/los-agentes-laborales-se-preparan-para-el-advenimiento-de-la-digitalizacion\/#blogposting","name":"Los agentes laborales se preparan para el advenimiento de la digitalizaci\u00f3n - El Digital de Asturias","headline":"Los agentes laborales se preparan para el advenimiento de la digitalizaci\u00f3n","author":{"@id":"https:\/\/www.eldigitaldeasturias.com\/noticias\/author\/admin\/#author"},"publisher":{"@id":"https:\/\/www.eldigitaldeasturias.com\/noticias\/#organization"},"image":{"@type":"ImageObject","url":"https:\/\/www.eldigitaldeasturias.com\/noticias\/wp-content\/uploads\/2017\/12\/1513083631_Curso_Primeros_Pasos_Sistema_Delta.jpg","width":600,"height":350},"datePublished":"2017-12-13T03:08:54+01:00","dateModified":"2017-12-13T03:08:54+01:00","inLanguage":"es-ES","mainEntityOfPage":{"@id":"https:\/\/www.eldigitaldeasturias.com\/noticias\/los-agentes-laborales-se-preparan-para-el-advenimiento-de-la-digitalizacion\/#webpage"},"isPartOf":{"@id":"https:\/\/www.eldigitaldeasturias.com\/noticias\/los-agentes-laborales-se-preparan-para-el-advenimiento-de-la-digitalizacion\/#webpage"},"articleSection":"Econom\u00eda"},{"@type":"BreadcrumbList","@id":"https:\/\/www.eldigitaldeasturias.com\/noticias\/los-agentes-laborales-se-preparan-para-el-advenimiento-de-la-digitalizacion\/#breadcrumblist","itemListElement":[{"@type":"ListItem","@id":"https:\/\/www.eldigitaldeasturias.com\/noticias#listItem","position":1,"name":"Home","item":"https:\/\/www.eldigitaldeasturias.com\/noticias","nextItem":{"@type":"ListItem","@id":"https:\/\/www.eldigitaldeasturias.com\/noticias\/category\/economia\/#listItem","name":"Econom\u00eda"}},{"@type":"ListItem","@id":"https:\/\/www.eldigitaldeasturias.com\/noticias\/category\/economia\/#listItem","position":2,"name":"Econom\u00eda","item":"https:\/\/www.eldigitaldeasturias.com\/noticias\/category\/economia\/","nextItem":{"@type":"ListItem","@id":"https:\/\/www.eldigitaldeasturias.com\/noticias\/los-agentes-laborales-se-preparan-para-el-advenimiento-de-la-digitalizacion\/#listItem","name":"Los agentes laborales se preparan para el advenimiento de la digitalizaci\u00f3n"},"previousItem":{"@type":"ListItem","@id":"https:\/\/www.eldigitaldeasturias.com\/noticias#listItem","name":"Home"}},{"@type":"ListItem","@id":"https:\/\/www.eldigitaldeasturias.com\/noticias\/los-agentes-laborales-se-preparan-para-el-advenimiento-de-la-digitalizacion\/#listItem","position":3,"name":"Los agentes laborales se preparan para el advenimiento de la digitalizaci\u00f3n","previousItem":{"@type":"ListItem","@id":"https:\/\/www.eldigitaldeasturias.com\/noticias\/category\/economia\/#listItem","name":"Econom\u00eda"}}]},{"@type":"Organization","@id":"https:\/\/www.eldigitaldeasturias.com\/noticias\/#organization","name":"El Digital de Asturias","description":"Hemeroteca","url":"https:\/\/www.eldigitaldeasturias.com\/noticias\/","email":"info@eldigitaldeasturias.com","telephone":"+34652131393","logo":{"@type":"ImageObject","url":"https:\/\/www.eldigitaldeasturias.com\/noticias\/wp-content\/uploads\/2020\/12\/EDA.jpg","@id":"https:\/\/www.eldigitaldeasturias.com\/noticias\/los-agentes-laborales-se-preparan-para-el-advenimiento-de-la-digitalizacion\/#organizationLogo","width":649,"height":297},"image":{"@id":"https:\/\/www.eldigitaldeasturias.com\/noticias\/los-agentes-laborales-se-preparan-para-el-advenimiento-de-la-digitalizacion\/#organizationLogo"},"sameAs":["https:\/\/facebook.com\/eldigitaldeasturias","https:\/\/www.youtube.com\/channel\/UCZP-2wLEB9Rv6erhFmqVnvg"],"address":{"@id":"https:\/\/www.eldigitaldeasturias.com\/noticias\/#postaladdress","@type":"PostalAddress","streetAddress":"san antonio 4,","postalCode":"33430","addressLocality":"Cand\u00e1s","addressRegion":"Asturias","addressCountry":"ES"}},{"@type":"Person","@id":"https:\/\/www.eldigitaldeasturias.com\/noticias\/author\/admin\/#author","url":"https:\/\/www.eldigitaldeasturias.com\/noticias\/author\/admin\/","name":"El Digital de Asturias","image":{"@type":"ImageObject","@id":"https:\/\/www.eldigitaldeasturias.com\/noticias\/los-agentes-laborales-se-preparan-para-el-advenimiento-de-la-digitalizacion\/#authorImage","url":"https:\/\/www.eldigitaldeasturias.com\/noticias\/wp-content\/litespeed\/avatar\/18677e78aa0546b92d9dbf31ec7d7668.jpg?ver=1777290358","width":96,"height":96,"caption":"El Digital de Asturias"}},{"@type":"WebPage","@id":"https:\/\/www.eldigitaldeasturias.com\/noticias\/los-agentes-laborales-se-preparan-para-el-advenimiento-de-la-digitalizacion\/#webpage","url":"https:\/\/www.eldigitaldeasturias.com\/noticias\/los-agentes-laborales-se-preparan-para-el-advenimiento-de-la-digitalizacion\/","name":"Los agentes laborales se preparan para el advenimiento de la digitalizaci\u00f3n - El Digital de Asturias","description":"En la era digital, los r\u00e1pidos avances tecnol\u00f3gicos y las amplias oportunidades que comportan, han encumbrado a las herramientas inform\u00e1ticas como las m\u00e1s eficientes y funcionales de cara al desarrollo de las distintas tareas en el \u00e1mbito laboral. La tendencia a sistematizar todas las labores, m\u00e1s o menos mec\u00e1nicas, tiene por objetivo liberar a las","inLanguage":"es-ES","isPartOf":{"@id":"https:\/\/www.eldigitaldeasturias.com\/noticias\/#website"},"breadcrumb":{"@id":"https:\/\/www.eldigitaldeasturias.com\/noticias\/los-agentes-laborales-se-preparan-para-el-advenimiento-de-la-digitalizacion\/#breadcrumblist"},"author":{"@id":"https:\/\/www.eldigitaldeasturias.com\/noticias\/author\/admin\/#author"},"creator":{"@id":"https:\/\/www.eldigitaldeasturias.com\/noticias\/author\/admin\/#author"},"image":{"@type":"ImageObject","url":"https:\/\/www.eldigitaldeasturias.com\/noticias\/wp-content\/uploads\/2017\/12\/1513083631_Curso_Primeros_Pasos_Sistema_Delta.jpg","@id":"https:\/\/www.eldigitaldeasturias.com\/noticias\/los-agentes-laborales-se-preparan-para-el-advenimiento-de-la-digitalizacion\/#mainImage","width":600,"height":350},"primaryImageOfPage":{"@id":"https:\/\/www.eldigitaldeasturias.com\/noticias\/los-agentes-laborales-se-preparan-para-el-advenimiento-de-la-digitalizacion\/#mainImage"},"datePublished":"2017-12-13T03:08:54+01:00","dateModified":"2017-12-13T03:08:54+01:00"},{"@type":"WebSite","@id":"https:\/\/www.eldigitaldeasturias.com\/noticias\/#website","url":"https:\/\/www.eldigitaldeasturias.com\/noticias\/","name":"El Digital de Asturias - Diario de actualidad y noticias","alternateName":"El Digital de Asturias - Diario de actualidad y noticias","description":"Hemeroteca","inLanguage":"es-ES","publisher":{"@id":"https:\/\/www.eldigitaldeasturias.com\/noticias\/#organization"}}]},"og:locale":"es_ES","og:site_name":"El Digital de Asturias","og:type":"article","og:title":"Los agentes laborales se preparan para el advenimiento de la digitalizaci\u00f3n - El Digital de Asturias","og:description":"En la era digital, los r\u00e1pidos avances tecnol\u00f3gicos y las amplias oportunidades que comportan, han encumbrado a las herramientas inform\u00e1ticas como las m\u00e1s eficientes y funcionales de cara al desarrollo de las distintas tareas en el \u00e1mbito laboral. La tendencia a sistematizar todas las labores, m\u00e1s o menos mec\u00e1nicas, tiene por objetivo liberar a las","og:url":"https:\/\/www.eldigitaldeasturias.com\/noticias\/los-agentes-laborales-se-preparan-para-el-advenimiento-de-la-digitalizacion\/","og:image":"https:\/\/www.eldigitaldeasturias.com\/noticias\/wp-content\/uploads\/2017\/12\/1513083631_Curso_Primeros_Pasos_Sistema_Delta.jpg","og:image:secure_url":"https:\/\/www.eldigitaldeasturias.com\/noticias\/wp-content\/uploads\/2017\/12\/1513083631_Curso_Primeros_Pasos_Sistema_Delta.jpg","og:image:width":600,"og:image:height":350,"article:tag":["econom\u00eda"],"article:published_time":"2017-12-13T03:08:54+00:00","article:modified_time":"2017-12-13T03:08:54+00:00","article:publisher":"https:\/\/facebook.com\/eldigitaldeasturias","twitter:card":"summary_large_image","twitter:title":"Los agentes laborales se preparan para el advenimiento de la digitalizaci\u00f3n - El Digital de Asturias","twitter:description":"En la era digital, los r\u00e1pidos avances tecnol\u00f3gicos y las amplias oportunidades que comportan, han encumbrado a las herramientas inform\u00e1ticas como las m\u00e1s eficientes y funcionales de cara al desarrollo de las distintas tareas en el \u00e1mbito laboral. La tendencia a sistematizar todas las labores, m\u00e1s o menos mec\u00e1nicas, tiene por objetivo liberar a las","twitter:image":"https:\/\/www.eldigitaldeasturias.com\/noticias\/wp-content\/uploads\/2017\/12\/1513083631_Curso_Primeros_Pasos_Sistema_Delta.jpg","twitter:label1":"Escrito por","twitter:data1":"El Digital de Asturias","twitter:label2":"Tiempo de lectura estimado","twitter:data2":"2 minutos"},"aioseo_meta_data":{"post_id":"963213","title":null,"description":null,"keywords":null,"keyphrases":null,"primary_term":null,"canonical_url":null,"og_title":null,"og_description":null,"og_object_type":"default","og_image_type":"default","og_image_url":null,"og_image_width":null,"og_image_height":null,"og_image_custom_url":null,"og_image_custom_fields":null,"og_video":null,"og_custom_url":null,"og_article_section":null,"og_article_tags":null,"twitter_use_og":false,"twitter_card":"default","twitter_image_type":"default","twitter_image_url":null,"twitter_image_custom_url":null,"twitter_image_custom_fields":null,"twitter_title":null,"twitter_description":null,"schema":{"blockGraphs":[],"customGraphs":[],"default":{"data":{"Article":[],"Course":[],"Dataset":[],"FAQPage":[],"Movie":[],"Person":[],"Product":[],"ProductReview":[],"Car":[],"Recipe":[],"Service":[],"SoftwareApplication":[],"WebPage":[]},"graphName":"","isEnabled":true},"graphs":[],"defaultGraph":"","defaultPostTypeGraph":""},"schema_type":null,"schema_type_options":null,"pillar_content":false,"robots_default":true,"robots_noindex":false,"robots_noarchive":false,"robots_nosnippet":false,"robots_nofollow":false,"robots_noimageindex":false,"robots_noodp":false,"robots_notranslate":false,"robots_max_snippet":null,"robots_max_videopreview":null,"robots_max_imagepreview":"large","priority":null,"frequency":null,"local_seo":null,"seo_analyzer_scan_date":"2025-12-07 15:17:13","breadcrumb_settings":null,"limit_modified_date":false,"open_ai":null,"ai":null,"created":"2020-12-21 12:44:40","updated":"2025-12-07 15:17:13"},"aioseo_breadcrumb":"<div class=\"aioseo-breadcrumbs\"><span class=\"aioseo-breadcrumb\">\n\t<a href=\"https:\/\/www.eldigitaldeasturias.com\/noticias\" title=\"Home\">Home<\/a>\n<\/span><span class=\"aioseo-breadcrumb-separator\">\u2013<\/span><span class=\"aioseo-breadcrumb\">\n\t<a href=\"https:\/\/www.eldigitaldeasturias.com\/noticias\/category\/economia\/\" title=\"Econom\u00eda\">Econom\u00eda<\/a>\n<\/span><span class=\"aioseo-breadcrumb-separator\">\u2013<\/span><span class=\"aioseo-breadcrumb\">\n\t<a href=\"https:\/\/www.eldigitaldeasturias.com\/noticias\/los-agentes-laborales-se-preparan-para-el-advenimiento-de-la-digitalizacion\/\" title=\"Los agentes laborales se preparan para el advenimiento de la digitalizaci\u00f3n\">Los agentes laborales se preparan para el advenimiento de la digitalizaci\u00f3n<\/a>\n<\/span><\/div>","aioseo_breadcrumb_json":[{"label":"Home","link":"https:\/\/www.eldigitaldeasturias.com\/noticias"},{"label":"Econom\u00eda","link":"https:\/\/www.eldigitaldeasturias.com\/noticias\/category\/economia\/"},{"label":"Los agentes laborales se preparan para el advenimiento de la digitalizaci\u00f3n","link":"https:\/\/www.eldigitaldeasturias.com\/noticias\/los-agentes-laborales-se-preparan-para-el-advenimiento-de-la-digitalizacion\/"}],"_links":{"self":[{"href":"https:\/\/www.eldigitaldeasturias.com\/noticias\/wp-json\/wp\/v2\/posts\/963213","targetHints":{"allow":["GET"]}}],"collection":[{"href":"https:\/\/www.eldigitaldeasturias.com\/noticias\/wp-json\/wp\/v2\/posts"}],"about":[{"href":"https:\/\/www.eldigitaldeasturias.com\/noticias\/wp-json\/wp\/v2\/types\/post"}],"author":[{"embeddable":true,"href":"https:\/\/www.eldigitaldeasturias.com\/noticias\/wp-json\/wp\/v2\/users\/1"}],"replies":[{"embeddable":true,"href":"https:\/\/www.eldigitaldeasturias.com\/noticias\/wp-json\/wp\/v2\/comments?post=963213"}],"version-history":[{"count":0,"href":"https:\/\/www.eldigitaldeasturias.com\/noticias\/wp-json\/wp\/v2\/posts\/963213\/revisions"}],"wp:featuredmedia":[{"embeddable":true,"href":"https:\/\/www.eldigitaldeasturias.com\/noticias\/wp-json\/wp\/v2\/media\/963214"}],"wp:attachment":[{"href":"https:\/\/www.eldigitaldeasturias.com\/noticias\/wp-json\/wp\/v2\/media?parent=963213"}],"wp:term":[{"taxonomy":"category","embeddable":true,"href":"https:\/\/www.eldigitaldeasturias.com\/noticias\/wp-json\/wp\/v2\/categories?post=963213"},{"taxonomy":"post_tag","embeddable":true,"href":"https:\/\/www.eldigitaldeasturias.com\/noticias\/wp-json\/wp\/v2\/tags?post=963213"}],"curies":[{"name":"wp","href":"https:\/\/api.w.org\/{rel}","templated":true}]}}