{"id":963191,"date":"2017-12-13T00:16:39","date_gmt":"2017-12-13T00:16:39","guid":{"rendered":"http:\/\/www.eldigitaldeasturias.com\/noticias\/?p=963191"},"modified":"2017-12-13T00:16:39","modified_gmt":"2017-12-13T00:16:39","slug":"el-gobierno-da-un-impulso-a-las-rehabilitaciones-de-viviendas","status":"publish","type":"post","link":"https:\/\/www.eldigitaldeasturias.com\/noticias\/el-gobierno-da-un-impulso-a-las-rehabilitaciones-de-viviendas\/","title":{"rendered":"El Gobierno da un impulso a las rehabilitaciones de viviendas"},"content":{"rendered":"<p><img loading=\"lazy\" decoding=\"async\" class=\"size-medium wp-image-787689 alignleft\" src=\"https:\/\/www.eldigitaldeasturias.com\/noticias\/wp-content\/uploads\/2015\/06\/piso-360x270.jpg\" alt=\"\" width=\"360\" height=\"270\" srcset=\"https:\/\/www.eldigitaldeasturias.com\/noticias\/wp-content\/uploads\/2015\/06\/piso-360x270.jpg 360w, https:\/\/www.eldigitaldeasturias.com\/noticias\/wp-content\/uploads\/2015\/06\/piso-768x576.jpg 768w, https:\/\/www.eldigitaldeasturias.com\/noticias\/wp-content\/uploads\/2015\/06\/piso-650x488.jpg 650w, https:\/\/www.eldigitaldeasturias.com\/noticias\/wp-content\/uploads\/2015\/06\/piso-90x67.jpg 90w, https:\/\/www.eldigitaldeasturias.com\/noticias\/wp-content\/uploads\/2015\/06\/piso-100x75.jpg 100w, https:\/\/www.eldigitaldeasturias.com\/noticias\/wp-content\/uploads\/2015\/06\/piso.jpg 800w\" sizes=\"auto, (max-width: 360px) 100vw, 360px\" \/>Tanto la tipolog\u00eda como las cuant\u00edas para rehabilitar las casas de residencia habitual, aumentar\u00e1n en el llamado Plan 2018-2021 para as\u00ed hacer m\u00e1s accesible la mejora en la eficiencia energ\u00e9tica a los propietarios de viviendas. La gran novedad de este nuevo proyecto aprobado en mayo es la inclusi\u00f3n de las viviendas unifamiliares y el importe a recibir que podr\u00e1 llegar hasta los 12.000 euros en dichas viviendas y hasta 8.000 en las plurifamiliares, importes que crecen si el inmueble est\u00e1 considerado como Bien de Inter\u00e9s Cultural (BIC) en 1.000 euros m\u00e1s, siempre con un l\u00edmite del 40% de la inversi\u00f3n en el car\u00e1cter absoluto.<\/p>\n<p>En el caso de que se tuvieran ingresos tres veces menores al Indicador P\u00fablico de Renta de Efectos M\u00faltiples (IPREM), el l\u00edmite se aumenta al 75%, de igual modo esto se aplica en personas mayores de 65 a\u00f1os o con movilidad reducida si las obras tambi\u00e9n competen a trabajos de accesibilidad. Los inmuebles que son beneficiarios de esta ayuda deben haberse construido antes de 1996, en el plan actual, 1981, estar destinados a uso residencial en un 70% y el 50% de las casas ser domicilios habituales como se hab\u00eda indicado anteriormente.<\/p>\n<p>La empresa de\u00a0<a href=\"https:\/\/www.reparaciondetejadosmadrid.es\/\" target=\"_blank\" rel=\"nofollow noopener\"><span style=\"color: #ff6600;\"><strong>Tejados Antonio<\/strong><\/span><\/a>, una habitual en este tipo de rehabilitaciones, valora de manera m\u00e1s que positiva el Plan por la parte que le toca Antonio Lazaro, due\u00f1o de la empresa, y quien espera que las administraciones sean m\u00e1s r\u00e1pidas a la hora de dar este tipo de ayudas y que no haya problemas con las partidas presupuestarias que se dediquen a estos supuestos. Recordando las palabras de un compa\u00f1ero suyo de profesi\u00f3n, Lazaro comenta que &#8216;el aumento de las ayudas para la gente es muy buena y genial para incrementar la carga de trabajo sobre todo en una ciudad como Madrid, pero a ver si con la laxitud de los nuevos requisitos van a dejar a la mayor\u00eda de los que piden la ayuda sin un euro. Y es que ya ha pasado que las partidas presupuestarias no han dado para cubrir la total demanda de subvenciones.&#8217;<\/p>\n<p>Otro punto importante que resalta el empresario es que &#8216;la gesti\u00f3n de las subvenciones deber\u00eda ser la misma en todo el Territorio&#8217; y se\u00f1ala esto porque &#8216;en cada Comunidad Aut\u00f3noma la ejecuci\u00f3n del plan de vivienda es competencia del Gobierno Regional por lo que muchas veces los requisitos distan de una manera muy clara y a veces las subvenciones quedan desiertas y no son devueltas en su totalidad&#8217;. De igual modo opina que &#8216;se deber\u00eda hacer una convocatoria continua para este tipo de licencias ya que eso dar\u00eda m\u00e1s tranquilidad al ciudadano y no tendr\u00eda el miedo de verse metido en una rehabilitaci\u00f3n de este tipo&#8217;. Lazaro explica que &#8216;los bancos tambi\u00e9n han dado problemas a la hora de la concesi\u00f3n de pr\u00e9stamos; muchas obras no han salido por culpa de que no hay una regulaci\u00f3n para conceder el dinero, hemos tenido que parar obras con subvenci\u00f3n porque el resto del dinero el banco no lo ha querido dar.&#8217;<\/p>\n<p>En el tema de la conservaci\u00f3n y de las mejoras de accesibilidad a las viviendas, tanto unifamiliares como en bloques de vecinos, el Gobierno ha lanzado un nuevo programa de fomento con el que la compa\u00f1\u00eda de\u00a0<span style=\"color: #ff6600;\"><strong><a style=\"color: #ff6600;\" href=\"https:\/\/www.aislamientotermicomadrid.com\/\" target=\"_blank\" rel=\"nofollow noopener\">Aislamientos Antonio<\/a><\/strong><\/span>\u00a0ha mostrado su benepl\u00e1cito; &#8216;significa mucho m\u00e1s trabajo para nosotros&#8217; comenta uno de los trabajadores de esta empresa y es que los plazos aumentan de tres a cinco a\u00f1os para arremeter con las obras eficiencia energ\u00e9tica, de las que pueden beneficiarse desde particulares a comunidades de propietarios, al igual que las cooperativas o las empresas constructoras, etc. Se hacen m\u00e1s flexibles los requisitos. Por ejemplo, se rebaja la cifra m\u00ednima de viviendas el \u00e1mbito a renovar de 100 a 50. Seg\u00fan Lazaro, &#8216;esta regeneraci\u00f3n urbana habr\u00eda que asignarla con m\u00e1s contribuciones espec\u00edficas que permitan trabajar en \u00e1mbitos m\u00e1s amplios y con m\u00e1s criterios de recuperaci\u00f3n de la ciudad&#8217;. Tanto en el tema de la rehabilitaci\u00f3n, como en el de los trabajos de mejora de eficiencia energ\u00e9tica Lazaro insta a informarse bien de qu\u00e9 actuaciones est\u00e1n dentro de estos par\u00e1metros por lo que facilita dos direcciones web,\u00a0<span style=\"color: #ff6600;\"><strong>www.aislamientotermicomadrid.com<\/strong><\/span>\u00a0y\u00a0<span style=\"color: #ff6600;\"><strong>www.reparaciondetejadosmadrid.es<\/strong><\/span>, para poder ayudar al ciudadano con esta informaci\u00f3n y de m\u00e1s aclaraciones relacionadas con el sector y con las subvenciones, las cuales se encuentran en un \u00e1mbito delimitado, pero que disfrutar\u00e1n de un amplio paquete de asistencia para la renovaci\u00f3n, rehabilitaci\u00f3n, o nueva construcci\u00f3n, a la urbanizaci\u00f3n, al realojo, etc.<\/p>\n","protected":false},"excerpt":{"rendered":"<p>Tanto la tipolog\u00eda como las cuant\u00edas para rehabilitar las casas de residencia habitual, aumentar\u00e1n en el llamado Plan 2018-2021 para as\u00ed hacer m\u00e1s accesible la mejora en la eficiencia energ\u00e9tica a los propietarios de viviendas. La gran novedad de este nuevo proyecto aprobado en mayo es la inclusi\u00f3n de las viviendas unifamiliares y el importe [&hellip;]<\/p>\n","protected":false},"author":1,"featured_media":787689,"comment_status":"closed","ping_status":"closed","sticky":false,"template":"","format":"standard","meta":{"footnotes":""},"categories":[187],"tags":[],"class_list":["post-963191","post","type-post","status-publish","format-standard","has-post-thumbnail","hentry","category-economia"],"aioseo_notices":[],"aioseo_head":"\n\t\t<!-- All in One SEO Pro 4.9.6.2 - aioseo.com -->\n\t<meta name=\"description\" content=\"Tanto la tipolog\u00eda como las cuant\u00edas para rehabilitar las casas de residencia habitual, aumentar\u00e1n en el llamado Plan 2018-2021 para as\u00ed hacer m\u00e1s accesible la mejora en la eficiencia energ\u00e9tica a los propietarios de viviendas. La gran novedad de este nuevo proyecto aprobado en mayo es la inclusi\u00f3n de las viviendas unifamiliares y el importe\" \/>\n\t<meta name=\"robots\" content=\"max-image-preview:large\" \/>\n\t<meta name=\"author\" content=\"El Digital de Asturias\"\/>\n\t<meta name=\"google-site-verification\" content=\"UA-38556648-1\" \/>\n\t<meta name=\"msvalidate.01\" content=\"7dfe9f3f1b24437ab69f4f2559babe99\" \/>\n\t<meta name=\"keywords\" content=\"econom\u00eda\" \/>\n\t<link rel=\"canonical\" href=\"https:\/\/www.eldigitaldeasturias.com\/noticias\/el-gobierno-da-un-impulso-a-las-rehabilitaciones-de-viviendas\/\" \/>\n\t<meta name=\"generator\" content=\"All in One SEO Pro (AIOSEO) 4.9.6.2\" \/>\n\t\t<meta property=\"og:locale\" content=\"es_ES\" \/>\n\t\t<meta property=\"og:site_name\" content=\"El Digital de Asturias\" \/>\n\t\t<meta property=\"og:type\" content=\"article\" \/>\n\t\t<meta property=\"og:title\" content=\"El Gobierno da un impulso a las rehabilitaciones de viviendas - El Digital de Asturias\" \/>\n\t\t<meta property=\"og:description\" content=\"Tanto la tipolog\u00eda como las cuant\u00edas para rehabilitar las casas de residencia habitual, aumentar\u00e1n en el llamado Plan 2018-2021 para as\u00ed hacer m\u00e1s accesible la mejora en la eficiencia energ\u00e9tica a los propietarios de viviendas. La gran novedad de este nuevo proyecto aprobado en mayo es la inclusi\u00f3n de las viviendas unifamiliares y el importe\" \/>\n\t\t<meta property=\"og:url\" content=\"https:\/\/www.eldigitaldeasturias.com\/noticias\/el-gobierno-da-un-impulso-a-las-rehabilitaciones-de-viviendas\/\" \/>\n\t\t<meta property=\"og:image\" content=\"https:\/\/www.eldigitaldeasturias.com\/noticias\/wp-content\/uploads\/2015\/06\/piso.jpg\" \/>\n\t\t<meta property=\"og:image:secure_url\" content=\"https:\/\/www.eldigitaldeasturias.com\/noticias\/wp-content\/uploads\/2015\/06\/piso.jpg\" \/>\n\t\t<meta property=\"og:image:width\" content=\"800\" \/>\n\t\t<meta property=\"og:image:height\" content=\"600\" \/>\n\t\t<meta property=\"article:tag\" content=\"econom\u00eda\" \/>\n\t\t<meta property=\"article:published_time\" content=\"2017-12-13T00:16:39+00:00\" \/>\n\t\t<meta property=\"article:modified_time\" content=\"2017-12-13T00:16:39+00:00\" \/>\n\t\t<meta property=\"article:publisher\" content=\"https:\/\/facebook.com\/eldigitaldeasturias\" \/>\n\t\t<meta name=\"twitter:card\" content=\"summary_large_image\" \/>\n\t\t<meta name=\"twitter:title\" content=\"El Gobierno da un impulso a las rehabilitaciones de viviendas - El Digital de Asturias\" \/>\n\t\t<meta name=\"twitter:description\" content=\"Tanto la tipolog\u00eda como las cuant\u00edas para rehabilitar las casas de residencia habitual, aumentar\u00e1n en el llamado Plan 2018-2021 para as\u00ed hacer m\u00e1s accesible la mejora en la eficiencia energ\u00e9tica a los propietarios de viviendas. La gran novedad de este nuevo proyecto aprobado en mayo es la inclusi\u00f3n de las viviendas unifamiliares y el importe\" \/>\n\t\t<meta name=\"twitter:image\" content=\"https:\/\/www.eldigitaldeasturias.com\/noticias\/wp-content\/uploads\/2015\/06\/piso.jpg\" \/>\n\t\t<meta name=\"twitter:label1\" content=\"Escrito por\" \/>\n\t\t<meta name=\"twitter:data1\" content=\"El Digital de Asturias\" \/>\n\t\t<meta name=\"twitter:label2\" content=\"Tiempo de lectura estimado\" \/>\n\t\t<meta name=\"twitter:data2\" content=\"4 minutos\" \/>\n\t\t<script type=\"application\/ld+json\" class=\"aioseo-schema\">\n\t\t\t{\"@context\":\"https:\\\/\\\/schema.org\",\"@graph\":[{\"@type\":\"BlogPosting\",\"@id\":\"https:\\\/\\\/www.eldigitaldeasturias.com\\\/noticias\\\/el-gobierno-da-un-impulso-a-las-rehabilitaciones-de-viviendas\\\/#blogposting\",\"name\":\"El Gobierno da un impulso a las rehabilitaciones de viviendas - El Digital de Asturias\",\"headline\":\"El Gobierno da un impulso a las rehabilitaciones de viviendas\",\"author\":{\"@id\":\"https:\\\/\\\/www.eldigitaldeasturias.com\\\/noticias\\\/author\\\/admin\\\/#author\"},\"publisher\":{\"@id\":\"https:\\\/\\\/www.eldigitaldeasturias.com\\\/noticias\\\/#organization\"},\"image\":{\"@type\":\"ImageObject\",\"url\":\"https:\\\/\\\/www.eldigitaldeasturias.com\\\/noticias\\\/wp-content\\\/uploads\\\/2015\\\/06\\\/piso.jpg\",\"width\":800,\"height\":600},\"datePublished\":\"2017-12-13T00:16:39+01:00\",\"dateModified\":\"2017-12-13T00:16:39+01:00\",\"inLanguage\":\"es-ES\",\"mainEntityOfPage\":{\"@id\":\"https:\\\/\\\/www.eldigitaldeasturias.com\\\/noticias\\\/el-gobierno-da-un-impulso-a-las-rehabilitaciones-de-viviendas\\\/#webpage\"},\"isPartOf\":{\"@id\":\"https:\\\/\\\/www.eldigitaldeasturias.com\\\/noticias\\\/el-gobierno-da-un-impulso-a-las-rehabilitaciones-de-viviendas\\\/#webpage\"},\"articleSection\":\"Econom\\u00eda\"},{\"@type\":\"BreadcrumbList\",\"@id\":\"https:\\\/\\\/www.eldigitaldeasturias.com\\\/noticias\\\/el-gobierno-da-un-impulso-a-las-rehabilitaciones-de-viviendas\\\/#breadcrumblist\",\"itemListElement\":[{\"@type\":\"ListItem\",\"@id\":\"https:\\\/\\\/www.eldigitaldeasturias.com\\\/noticias#listItem\",\"position\":1,\"name\":\"Home\",\"item\":\"https:\\\/\\\/www.eldigitaldeasturias.com\\\/noticias\",\"nextItem\":{\"@type\":\"ListItem\",\"@id\":\"https:\\\/\\\/www.eldigitaldeasturias.com\\\/noticias\\\/category\\\/economia\\\/#listItem\",\"name\":\"Econom\\u00eda\"}},{\"@type\":\"ListItem\",\"@id\":\"https:\\\/\\\/www.eldigitaldeasturias.com\\\/noticias\\\/category\\\/economia\\\/#listItem\",\"position\":2,\"name\":\"Econom\\u00eda\",\"item\":\"https:\\\/\\\/www.eldigitaldeasturias.com\\\/noticias\\\/category\\\/economia\\\/\",\"nextItem\":{\"@type\":\"ListItem\",\"@id\":\"https:\\\/\\\/www.eldigitaldeasturias.com\\\/noticias\\\/el-gobierno-da-un-impulso-a-las-rehabilitaciones-de-viviendas\\\/#listItem\",\"name\":\"El Gobierno da un impulso a las rehabilitaciones de viviendas\"},\"previousItem\":{\"@type\":\"ListItem\",\"@id\":\"https:\\\/\\\/www.eldigitaldeasturias.com\\\/noticias#listItem\",\"name\":\"Home\"}},{\"@type\":\"ListItem\",\"@id\":\"https:\\\/\\\/www.eldigitaldeasturias.com\\\/noticias\\\/el-gobierno-da-un-impulso-a-las-rehabilitaciones-de-viviendas\\\/#listItem\",\"position\":3,\"name\":\"El Gobierno da un impulso a las rehabilitaciones de viviendas\",\"previousItem\":{\"@type\":\"ListItem\",\"@id\":\"https:\\\/\\\/www.eldigitaldeasturias.com\\\/noticias\\\/category\\\/economia\\\/#listItem\",\"name\":\"Econom\\u00eda\"}}]},{\"@type\":\"Organization\",\"@id\":\"https:\\\/\\\/www.eldigitaldeasturias.com\\\/noticias\\\/#organization\",\"name\":\"El Digital de Asturias\",\"description\":\"Hemeroteca\",\"url\":\"https:\\\/\\\/www.eldigitaldeasturias.com\\\/noticias\\\/\",\"email\":\"info@eldigitaldeasturias.com\",\"telephone\":\"+34652131393\",\"logo\":{\"@type\":\"ImageObject\",\"url\":\"https:\\\/\\\/www.eldigitaldeasturias.com\\\/noticias\\\/wp-content\\\/uploads\\\/2020\\\/12\\\/EDA.jpg\",\"@id\":\"https:\\\/\\\/www.eldigitaldeasturias.com\\\/noticias\\\/el-gobierno-da-un-impulso-a-las-rehabilitaciones-de-viviendas\\\/#organizationLogo\",\"width\":649,\"height\":297},\"image\":{\"@id\":\"https:\\\/\\\/www.eldigitaldeasturias.com\\\/noticias\\\/el-gobierno-da-un-impulso-a-las-rehabilitaciones-de-viviendas\\\/#organizationLogo\"},\"sameAs\":[\"https:\\\/\\\/facebook.com\\\/eldigitaldeasturias\",\"https:\\\/\\\/www.youtube.com\\\/channel\\\/UCZP-2wLEB9Rv6erhFmqVnvg\"],\"address\":{\"@id\":\"https:\\\/\\\/www.eldigitaldeasturias.com\\\/noticias\\\/#postaladdress\",\"@type\":\"PostalAddress\",\"streetAddress\":\"san antonio 4,\",\"postalCode\":\"33430\",\"addressLocality\":\"Cand\\u00e1s\",\"addressRegion\":\"Asturias\",\"addressCountry\":\"ES\"}},{\"@type\":\"Person\",\"@id\":\"https:\\\/\\\/www.eldigitaldeasturias.com\\\/noticias\\\/author\\\/admin\\\/#author\",\"url\":\"https:\\\/\\\/www.eldigitaldeasturias.com\\\/noticias\\\/author\\\/admin\\\/\",\"name\":\"El Digital de Asturias\",\"image\":{\"@type\":\"ImageObject\",\"@id\":\"https:\\\/\\\/www.eldigitaldeasturias.com\\\/noticias\\\/el-gobierno-da-un-impulso-a-las-rehabilitaciones-de-viviendas\\\/#authorImage\",\"url\":\"https:\\\/\\\/www.eldigitaldeasturias.com\\\/noticias\\\/wp-content\\\/litespeed\\\/avatar\\\/18677e78aa0546b92d9dbf31ec7d7668.jpg?ver=1777290358\",\"width\":96,\"height\":96,\"caption\":\"El Digital de Asturias\"}},{\"@type\":\"WebPage\",\"@id\":\"https:\\\/\\\/www.eldigitaldeasturias.com\\\/noticias\\\/el-gobierno-da-un-impulso-a-las-rehabilitaciones-de-viviendas\\\/#webpage\",\"url\":\"https:\\\/\\\/www.eldigitaldeasturias.com\\\/noticias\\\/el-gobierno-da-un-impulso-a-las-rehabilitaciones-de-viviendas\\\/\",\"name\":\"El Gobierno da un impulso a las rehabilitaciones de viviendas - El Digital de Asturias\",\"description\":\"Tanto la tipolog\\u00eda como las cuant\\u00edas para rehabilitar las casas de residencia habitual, aumentar\\u00e1n en el llamado Plan 2018-2021 para as\\u00ed hacer m\\u00e1s accesible la mejora en la eficiencia energ\\u00e9tica a los propietarios de viviendas. La gran novedad de este nuevo proyecto aprobado en mayo es la inclusi\\u00f3n de las viviendas unifamiliares y el importe\",\"inLanguage\":\"es-ES\",\"isPartOf\":{\"@id\":\"https:\\\/\\\/www.eldigitaldeasturias.com\\\/noticias\\\/#website\"},\"breadcrumb\":{\"@id\":\"https:\\\/\\\/www.eldigitaldeasturias.com\\\/noticias\\\/el-gobierno-da-un-impulso-a-las-rehabilitaciones-de-viviendas\\\/#breadcrumblist\"},\"author\":{\"@id\":\"https:\\\/\\\/www.eldigitaldeasturias.com\\\/noticias\\\/author\\\/admin\\\/#author\"},\"creator\":{\"@id\":\"https:\\\/\\\/www.eldigitaldeasturias.com\\\/noticias\\\/author\\\/admin\\\/#author\"},\"image\":{\"@type\":\"ImageObject\",\"url\":\"https:\\\/\\\/www.eldigitaldeasturias.com\\\/noticias\\\/wp-content\\\/uploads\\\/2015\\\/06\\\/piso.jpg\",\"@id\":\"https:\\\/\\\/www.eldigitaldeasturias.com\\\/noticias\\\/el-gobierno-da-un-impulso-a-las-rehabilitaciones-de-viviendas\\\/#mainImage\",\"width\":800,\"height\":600},\"primaryImageOfPage\":{\"@id\":\"https:\\\/\\\/www.eldigitaldeasturias.com\\\/noticias\\\/el-gobierno-da-un-impulso-a-las-rehabilitaciones-de-viviendas\\\/#mainImage\"},\"datePublished\":\"2017-12-13T00:16:39+01:00\",\"dateModified\":\"2017-12-13T00:16:39+01:00\"},{\"@type\":\"WebSite\",\"@id\":\"https:\\\/\\\/www.eldigitaldeasturias.com\\\/noticias\\\/#website\",\"url\":\"https:\\\/\\\/www.eldigitaldeasturias.com\\\/noticias\\\/\",\"name\":\"El Digital de Asturias - Diario de actualidad y noticias\",\"alternateName\":\"El Digital de Asturias - Diario de actualidad y noticias\",\"description\":\"Hemeroteca\",\"inLanguage\":\"es-ES\",\"publisher\":{\"@id\":\"https:\\\/\\\/www.eldigitaldeasturias.com\\\/noticias\\\/#organization\"}}]}\n\t\t<\/script>\n\t\t<!-- All in One SEO Pro -->\r\n\t\t<title>El Gobierno da un impulso a las rehabilitaciones de viviendas - El Digital de Asturias<\/title>\n\n","aioseo_head_json":{"title":"El Gobierno da un impulso a las rehabilitaciones de viviendas - El Digital de Asturias","description":"Tanto la tipolog\u00eda como las cuant\u00edas para rehabilitar las casas de residencia habitual, aumentar\u00e1n en el llamado Plan 2018-2021 para as\u00ed hacer m\u00e1s accesible la mejora en la eficiencia energ\u00e9tica a los propietarios de viviendas. La gran novedad de este nuevo proyecto aprobado en mayo es la inclusi\u00f3n de las viviendas unifamiliares y el importe","canonical_url":"https:\/\/www.eldigitaldeasturias.com\/noticias\/el-gobierno-da-un-impulso-a-las-rehabilitaciones-de-viviendas\/","robots":"max-image-preview:large","keywords":"econom\u00eda","webmasterTools":{"google-site-verification":"UA-38556648-1","msvalidate.01":"7dfe9f3f1b24437ab69f4f2559babe99","miscellaneous":""},"schema":{"@context":"https:\/\/schema.org","@graph":[{"@type":"BlogPosting","@id":"https:\/\/www.eldigitaldeasturias.com\/noticias\/el-gobierno-da-un-impulso-a-las-rehabilitaciones-de-viviendas\/#blogposting","name":"El Gobierno da un impulso a las rehabilitaciones de viviendas - El Digital de Asturias","headline":"El Gobierno da un impulso a las rehabilitaciones de viviendas","author":{"@id":"https:\/\/www.eldigitaldeasturias.com\/noticias\/author\/admin\/#author"},"publisher":{"@id":"https:\/\/www.eldigitaldeasturias.com\/noticias\/#organization"},"image":{"@type":"ImageObject","url":"https:\/\/www.eldigitaldeasturias.com\/noticias\/wp-content\/uploads\/2015\/06\/piso.jpg","width":800,"height":600},"datePublished":"2017-12-13T00:16:39+01:00","dateModified":"2017-12-13T00:16:39+01:00","inLanguage":"es-ES","mainEntityOfPage":{"@id":"https:\/\/www.eldigitaldeasturias.com\/noticias\/el-gobierno-da-un-impulso-a-las-rehabilitaciones-de-viviendas\/#webpage"},"isPartOf":{"@id":"https:\/\/www.eldigitaldeasturias.com\/noticias\/el-gobierno-da-un-impulso-a-las-rehabilitaciones-de-viviendas\/#webpage"},"articleSection":"Econom\u00eda"},{"@type":"BreadcrumbList","@id":"https:\/\/www.eldigitaldeasturias.com\/noticias\/el-gobierno-da-un-impulso-a-las-rehabilitaciones-de-viviendas\/#breadcrumblist","itemListElement":[{"@type":"ListItem","@id":"https:\/\/www.eldigitaldeasturias.com\/noticias#listItem","position":1,"name":"Home","item":"https:\/\/www.eldigitaldeasturias.com\/noticias","nextItem":{"@type":"ListItem","@id":"https:\/\/www.eldigitaldeasturias.com\/noticias\/category\/economia\/#listItem","name":"Econom\u00eda"}},{"@type":"ListItem","@id":"https:\/\/www.eldigitaldeasturias.com\/noticias\/category\/economia\/#listItem","position":2,"name":"Econom\u00eda","item":"https:\/\/www.eldigitaldeasturias.com\/noticias\/category\/economia\/","nextItem":{"@type":"ListItem","@id":"https:\/\/www.eldigitaldeasturias.com\/noticias\/el-gobierno-da-un-impulso-a-las-rehabilitaciones-de-viviendas\/#listItem","name":"El Gobierno da un impulso a las rehabilitaciones de viviendas"},"previousItem":{"@type":"ListItem","@id":"https:\/\/www.eldigitaldeasturias.com\/noticias#listItem","name":"Home"}},{"@type":"ListItem","@id":"https:\/\/www.eldigitaldeasturias.com\/noticias\/el-gobierno-da-un-impulso-a-las-rehabilitaciones-de-viviendas\/#listItem","position":3,"name":"El Gobierno da un impulso a las rehabilitaciones de viviendas","previousItem":{"@type":"ListItem","@id":"https:\/\/www.eldigitaldeasturias.com\/noticias\/category\/economia\/#listItem","name":"Econom\u00eda"}}]},{"@type":"Organization","@id":"https:\/\/www.eldigitaldeasturias.com\/noticias\/#organization","name":"El Digital de Asturias","description":"Hemeroteca","url":"https:\/\/www.eldigitaldeasturias.com\/noticias\/","email":"info@eldigitaldeasturias.com","telephone":"+34652131393","logo":{"@type":"ImageObject","url":"https:\/\/www.eldigitaldeasturias.com\/noticias\/wp-content\/uploads\/2020\/12\/EDA.jpg","@id":"https:\/\/www.eldigitaldeasturias.com\/noticias\/el-gobierno-da-un-impulso-a-las-rehabilitaciones-de-viviendas\/#organizationLogo","width":649,"height":297},"image":{"@id":"https:\/\/www.eldigitaldeasturias.com\/noticias\/el-gobierno-da-un-impulso-a-las-rehabilitaciones-de-viviendas\/#organizationLogo"},"sameAs":["https:\/\/facebook.com\/eldigitaldeasturias","https:\/\/www.youtube.com\/channel\/UCZP-2wLEB9Rv6erhFmqVnvg"],"address":{"@id":"https:\/\/www.eldigitaldeasturias.com\/noticias\/#postaladdress","@type":"PostalAddress","streetAddress":"san antonio 4,","postalCode":"33430","addressLocality":"Cand\u00e1s","addressRegion":"Asturias","addressCountry":"ES"}},{"@type":"Person","@id":"https:\/\/www.eldigitaldeasturias.com\/noticias\/author\/admin\/#author","url":"https:\/\/www.eldigitaldeasturias.com\/noticias\/author\/admin\/","name":"El Digital de Asturias","image":{"@type":"ImageObject","@id":"https:\/\/www.eldigitaldeasturias.com\/noticias\/el-gobierno-da-un-impulso-a-las-rehabilitaciones-de-viviendas\/#authorImage","url":"https:\/\/www.eldigitaldeasturias.com\/noticias\/wp-content\/litespeed\/avatar\/18677e78aa0546b92d9dbf31ec7d7668.jpg?ver=1777290358","width":96,"height":96,"caption":"El Digital de Asturias"}},{"@type":"WebPage","@id":"https:\/\/www.eldigitaldeasturias.com\/noticias\/el-gobierno-da-un-impulso-a-las-rehabilitaciones-de-viviendas\/#webpage","url":"https:\/\/www.eldigitaldeasturias.com\/noticias\/el-gobierno-da-un-impulso-a-las-rehabilitaciones-de-viviendas\/","name":"El Gobierno da un impulso a las rehabilitaciones de viviendas - El Digital de Asturias","description":"Tanto la tipolog\u00eda como las cuant\u00edas para rehabilitar las casas de residencia habitual, aumentar\u00e1n en el llamado Plan 2018-2021 para as\u00ed hacer m\u00e1s accesible la mejora en la eficiencia energ\u00e9tica a los propietarios de viviendas. La gran novedad de este nuevo proyecto aprobado en mayo es la inclusi\u00f3n de las viviendas unifamiliares y el importe","inLanguage":"es-ES","isPartOf":{"@id":"https:\/\/www.eldigitaldeasturias.com\/noticias\/#website"},"breadcrumb":{"@id":"https:\/\/www.eldigitaldeasturias.com\/noticias\/el-gobierno-da-un-impulso-a-las-rehabilitaciones-de-viviendas\/#breadcrumblist"},"author":{"@id":"https:\/\/www.eldigitaldeasturias.com\/noticias\/author\/admin\/#author"},"creator":{"@id":"https:\/\/www.eldigitaldeasturias.com\/noticias\/author\/admin\/#author"},"image":{"@type":"ImageObject","url":"https:\/\/www.eldigitaldeasturias.com\/noticias\/wp-content\/uploads\/2015\/06\/piso.jpg","@id":"https:\/\/www.eldigitaldeasturias.com\/noticias\/el-gobierno-da-un-impulso-a-las-rehabilitaciones-de-viviendas\/#mainImage","width":800,"height":600},"primaryImageOfPage":{"@id":"https:\/\/www.eldigitaldeasturias.com\/noticias\/el-gobierno-da-un-impulso-a-las-rehabilitaciones-de-viviendas\/#mainImage"},"datePublished":"2017-12-13T00:16:39+01:00","dateModified":"2017-12-13T00:16:39+01:00"},{"@type":"WebSite","@id":"https:\/\/www.eldigitaldeasturias.com\/noticias\/#website","url":"https:\/\/www.eldigitaldeasturias.com\/noticias\/","name":"El Digital de Asturias - Diario de actualidad y noticias","alternateName":"El Digital de Asturias - Diario de actualidad y noticias","description":"Hemeroteca","inLanguage":"es-ES","publisher":{"@id":"https:\/\/www.eldigitaldeasturias.com\/noticias\/#organization"}}]},"og:locale":"es_ES","og:site_name":"El Digital de Asturias","og:type":"article","og:title":"El Gobierno da un impulso a las rehabilitaciones de viviendas - El Digital de Asturias","og:description":"Tanto la tipolog\u00eda como las cuant\u00edas para rehabilitar las casas de residencia habitual, aumentar\u00e1n en el llamado Plan 2018-2021 para as\u00ed hacer m\u00e1s accesible la mejora en la eficiencia energ\u00e9tica a los propietarios de viviendas. La gran novedad de este nuevo proyecto aprobado en mayo es la inclusi\u00f3n de las viviendas unifamiliares y el importe","og:url":"https:\/\/www.eldigitaldeasturias.com\/noticias\/el-gobierno-da-un-impulso-a-las-rehabilitaciones-de-viviendas\/","og:image":"https:\/\/www.eldigitaldeasturias.com\/noticias\/wp-content\/uploads\/2015\/06\/piso.jpg","og:image:secure_url":"https:\/\/www.eldigitaldeasturias.com\/noticias\/wp-content\/uploads\/2015\/06\/piso.jpg","og:image:width":800,"og:image:height":600,"article:tag":["econom\u00eda"],"article:published_time":"2017-12-13T00:16:39+00:00","article:modified_time":"2017-12-13T00:16:39+00:00","article:publisher":"https:\/\/facebook.com\/eldigitaldeasturias","twitter:card":"summary_large_image","twitter:title":"El Gobierno da un impulso a las rehabilitaciones de viviendas - El Digital de Asturias","twitter:description":"Tanto la tipolog\u00eda como las cuant\u00edas para rehabilitar las casas de residencia habitual, aumentar\u00e1n en el llamado Plan 2018-2021 para as\u00ed hacer m\u00e1s accesible la mejora en la eficiencia energ\u00e9tica a los propietarios de viviendas. La gran novedad de este nuevo proyecto aprobado en mayo es la inclusi\u00f3n de las viviendas unifamiliares y el importe","twitter:image":"https:\/\/www.eldigitaldeasturias.com\/noticias\/wp-content\/uploads\/2015\/06\/piso.jpg","twitter:label1":"Escrito por","twitter:data1":"El Digital de Asturias","twitter:label2":"Tiempo de lectura estimado","twitter:data2":"4 minutos"},"aioseo_meta_data":{"post_id":"963191","title":null,"description":null,"keywords":null,"keyphrases":null,"primary_term":null,"canonical_url":null,"og_title":null,"og_description":null,"og_object_type":"default","og_image_type":"default","og_image_url":null,"og_image_width":null,"og_image_height":null,"og_image_custom_url":null,"og_image_custom_fields":null,"og_video":null,"og_custom_url":null,"og_article_section":null,"og_article_tags":null,"twitter_use_og":false,"twitter_card":"default","twitter_image_type":"default","twitter_image_url":null,"twitter_image_custom_url":null,"twitter_image_custom_fields":null,"twitter_title":null,"twitter_description":null,"schema":{"blockGraphs":[],"customGraphs":[],"default":{"data":{"Article":[],"Course":[],"Dataset":[],"FAQPage":[],"Movie":[],"Person":[],"Product":[],"ProductReview":[],"Car":[],"Recipe":[],"Service":[],"SoftwareApplication":[],"WebPage":[]},"graphName":"","isEnabled":true},"graphs":[]},"schema_type":null,"schema_type_options":null,"pillar_content":false,"robots_default":true,"robots_noindex":false,"robots_noarchive":false,"robots_nosnippet":false,"robots_nofollow":false,"robots_noimageindex":false,"robots_noodp":false,"robots_notranslate":false,"robots_max_snippet":null,"robots_max_videopreview":null,"robots_max_imagepreview":"large","priority":null,"frequency":null,"local_seo":null,"seo_analyzer_scan_date":"2025-12-07 15:12:07","breadcrumb_settings":null,"limit_modified_date":false,"open_ai":null,"ai":null,"created":"2020-12-21 12:44:40","updated":"2025-12-07 15:12:07"},"aioseo_breadcrumb":"<div class=\"aioseo-breadcrumbs\"><span class=\"aioseo-breadcrumb\">\n\t<a href=\"https:\/\/www.eldigitaldeasturias.com\/noticias\" title=\"Home\">Home<\/a>\n<\/span><span class=\"aioseo-breadcrumb-separator\">\u2013<\/span><span class=\"aioseo-breadcrumb\">\n\t<a href=\"https:\/\/www.eldigitaldeasturias.com\/noticias\/category\/economia\/\" title=\"Econom\u00eda\">Econom\u00eda<\/a>\n<\/span><span class=\"aioseo-breadcrumb-separator\">\u2013<\/span><span class=\"aioseo-breadcrumb\">\n\t<a href=\"https:\/\/www.eldigitaldeasturias.com\/noticias\/el-gobierno-da-un-impulso-a-las-rehabilitaciones-de-viviendas\/\" title=\"El Gobierno da un impulso a las rehabilitaciones de viviendas\">El Gobierno da un impulso a las rehabilitaciones de viviendas<\/a>\n<\/span><\/div>","aioseo_breadcrumb_json":[{"label":"Home","link":"https:\/\/www.eldigitaldeasturias.com\/noticias"},{"label":"Econom\u00eda","link":"https:\/\/www.eldigitaldeasturias.com\/noticias\/category\/economia\/"},{"label":"El Gobierno da un impulso a las rehabilitaciones de viviendas","link":"https:\/\/www.eldigitaldeasturias.com\/noticias\/el-gobierno-da-un-impulso-a-las-rehabilitaciones-de-viviendas\/"}],"_links":{"self":[{"href":"https:\/\/www.eldigitaldeasturias.com\/noticias\/wp-json\/wp\/v2\/posts\/963191","targetHints":{"allow":["GET"]}}],"collection":[{"href":"https:\/\/www.eldigitaldeasturias.com\/noticias\/wp-json\/wp\/v2\/posts"}],"about":[{"href":"https:\/\/www.eldigitaldeasturias.com\/noticias\/wp-json\/wp\/v2\/types\/post"}],"author":[{"embeddable":true,"href":"https:\/\/www.eldigitaldeasturias.com\/noticias\/wp-json\/wp\/v2\/users\/1"}],"replies":[{"embeddable":true,"href":"https:\/\/www.eldigitaldeasturias.com\/noticias\/wp-json\/wp\/v2\/comments?post=963191"}],"version-history":[{"count":0,"href":"https:\/\/www.eldigitaldeasturias.com\/noticias\/wp-json\/wp\/v2\/posts\/963191\/revisions"}],"wp:featuredmedia":[{"embeddable":true,"href":"https:\/\/www.eldigitaldeasturias.com\/noticias\/wp-json\/wp\/v2\/media\/787689"}],"wp:attachment":[{"href":"https:\/\/www.eldigitaldeasturias.com\/noticias\/wp-json\/wp\/v2\/media?parent=963191"}],"wp:term":[{"taxonomy":"category","embeddable":true,"href":"https:\/\/www.eldigitaldeasturias.com\/noticias\/wp-json\/wp\/v2\/categories?post=963191"},{"taxonomy":"post_tag","embeddable":true,"href":"https:\/\/www.eldigitaldeasturias.com\/noticias\/wp-json\/wp\/v2\/tags?post=963191"}],"curies":[{"name":"wp","href":"https:\/\/api.w.org\/{rel}","templated":true}]}}