{"id":963186,"date":"2017-12-13T00:00:57","date_gmt":"2017-12-13T00:00:57","guid":{"rendered":"http:\/\/www.eldigitaldeasturias.com\/noticias\/?p=963186"},"modified":"2017-12-13T00:00:57","modified_gmt":"2017-12-13T00:00:57","slug":"breaking-digital-walls-el-dia-19-en-valencia","status":"publish","type":"post","link":"https:\/\/www.eldigitaldeasturias.com\/noticias\/breaking-digital-walls-el-dia-19-en-valencia\/","title":{"rendered":"Breaking Digital Walls, el d\u00eda 19 en Valencia"},"content":{"rendered":"<div id=\"texto\" class=\"flex mb15\">\n<p><img loading=\"lazy\" decoding=\"async\" class=\"size-medium wp-image-963187 alignleft\" src=\"https:\/\/www.eldigitaldeasturias.com\/noticias\/wp-content\/uploads\/2017\/12\/1512994222_breaking_digital_walls-247x320.png\" alt=\"\" width=\"247\" height=\"320\" srcset=\"https:\/\/www.eldigitaldeasturias.com\/noticias\/wp-content\/uploads\/2017\/12\/1512994222_breaking_digital_walls-247x320.png 247w, https:\/\/www.eldigitaldeasturias.com\/noticias\/wp-content\/uploads\/2017\/12\/1512994222_breaking_digital_walls-371x480.png 371w, https:\/\/www.eldigitaldeasturias.com\/noticias\/wp-content\/uploads\/2017\/12\/1512994222_breaking_digital_walls.png 626w\" sizes=\"auto, (max-width: 247px) 100vw, 247px\" \/>El marketing digital se est\u00e1 convirtiendo, sin lugar a dudas, en una de las herramientas que m\u00e1s impacto est\u00e1 teniendo actualmente en lo que a promoci\u00f3n de empresas se refiere. De ah\u00ed la importancia que tienen eventos como\u00a0<span style=\"color: #ff6600;\"><strong><a style=\"color: #ff6600;\" href=\"http:\/\/www.camaravalencia.com\/es-es\/jornadas\/paginas\/pagina-evento.aspx?cod=6934&amp;utm_source=notaprensa&amp;utm_campaign=breakingdigital\" target=\"_blank\" rel=\"nofollow noopener\">Breaking Digital Walls<\/a>.<\/strong><\/span><\/p>\n<p>Este, encuentro tendr\u00e1 lugar el pr\u00f3ximo 19 de diciembre, desde las 9 a las 12 en la Sede Central de la C\u00e1mara de Comercio de Valencia. En \u00e9l se van a tratar los que se pueden considerar como los tres pilares fundamentales de esta disciplina: la creatividad, el posicionamiento y la digitalizaci\u00f3n. De la mano de\u00a0<strong>Blogestudio<\/strong>,\u00a0<strong>Bilnea<\/strong>,\u00a0<strong>AticSoft\u00a0<\/strong>y\u00a0<strong>StartGo Connection<\/strong>, todas ellas empresas homologadas por C\u00e1mara.<\/p>\n<p>Un evento<strong>\u00a0imprescindible para aquellos que quieren hacer del marketing digital una de sus estrategias competitivas para este nuevo a\u00f1o 2018<\/strong>. Esta jornada que organiza la C\u00e1mara de Valencia est\u00e1 dirigida a Gerentes, Directores Generales, Directores de Marketing, Directores y Responsables de Ventas as\u00ed como a los Responsables de los departamentos de Atenci\u00f3n al Cliente.<\/p>\n<p>Una empresa que tiene que pasar del concepto 2.0 al 3.0 para llegar de una manera mucho m\u00e1s din\u00e1mica a los que quieren que sean sus clientes y gracias a esta jornada,\u00a0<strong>se aclarar\u00e1n algunos conceptos como la creaci\u00f3n de contenidos y las estrategias para fidelizar<\/strong>\u00a0la cartera de clientes y aumentarla seduciendo al p\u00fablico objetivo, se revisar\u00e1\u00a0la cada vez mayor importancia que tiene actualmente el posicionamiento en internet, y la necesidad de\u00a0<strong>digitalizar la empresa del siglo XXI<\/strong>.<\/p>\n<p>Por otro lado, adem\u00e1s de las ponencias ya mencionadas, al finalizar la jornada, ser\u00e1 cuando tenga lugar el mejor\u00a0<strong>espacio para crear sinergias y establecer nuevas alianzas empresariales<\/strong>. El networking no es solo una moda pasajera sino que es ese lugar en el que se dan cita proveedores, empresas y aut\u00f3nomos. Personajes de un escenario en el que todos tienen necesidades y servicios y productos que aportar. Una ocasi\u00f3n \u00fanica para comenzar la expansi\u00f3n y el nuevo concepto de empresa que se necesita en el siglo XXI.<\/p>\n<p>&nbsp;<\/p>\n<\/div>\n<div id=\"datos_extra\" class=\"clearblock\">\n<div id=\"datos_contacto\" class=\"g6 flex\"><\/div>\n<\/div>\n","protected":false},"excerpt":{"rendered":"<p>El marketing digital se est\u00e1 convirtiendo, sin lugar a dudas, en una de las herramientas que m\u00e1s impacto est\u00e1 teniendo actualmente en lo que a promoci\u00f3n de empresas se refiere. De ah\u00ed la importancia que tienen eventos como\u00a0Breaking Digital Walls. Este, encuentro tendr\u00e1 lugar el pr\u00f3ximo 19 de diciembre, desde las 9 a las 12 [&hellip;]<\/p>\n","protected":false},"author":1,"featured_media":963187,"comment_status":"closed","ping_status":"closed","sticky":false,"template":"","format":"standard","meta":{"footnotes":""},"categories":[187],"tags":[],"class_list":["post-963186","post","type-post","status-publish","format-standard","has-post-thumbnail","hentry","category-economia"],"aioseo_notices":[],"aioseo_head":"\n\t\t<!-- All in One SEO Pro 4.9.6.2 - aioseo.com -->\n\t<meta name=\"description\" content=\"El marketing digital se est\u00e1 convirtiendo, sin lugar a dudas, en una de las herramientas que m\u00e1s impacto est\u00e1 teniendo actualmente en lo que a promoci\u00f3n de empresas se refiere. De ah\u00ed la importancia que tienen eventos como Breaking Digital Walls. Este, encuentro tendr\u00e1 lugar el pr\u00f3ximo 19 de diciembre, desde las 9 a las 12\" \/>\n\t<meta name=\"robots\" content=\"max-image-preview:large\" \/>\n\t<meta name=\"author\" content=\"El Digital de Asturias\"\/>\n\t<meta name=\"google-site-verification\" content=\"UA-38556648-1\" \/>\n\t<meta name=\"msvalidate.01\" content=\"7dfe9f3f1b24437ab69f4f2559babe99\" \/>\n\t<meta name=\"keywords\" content=\"econom\u00eda\" \/>\n\t<link rel=\"canonical\" href=\"https:\/\/www.eldigitaldeasturias.com\/noticias\/breaking-digital-walls-el-dia-19-en-valencia\/\" \/>\n\t<meta name=\"generator\" content=\"All in One SEO Pro (AIOSEO) 4.9.6.2\" \/>\n\t\t<meta property=\"og:locale\" content=\"es_ES\" \/>\n\t\t<meta property=\"og:site_name\" content=\"El Digital de Asturias\" \/>\n\t\t<meta property=\"og:type\" content=\"article\" \/>\n\t\t<meta property=\"og:title\" content=\"Breaking Digital Walls, el d\u00eda 19 en Valencia - El Digital de Asturias\" \/>\n\t\t<meta property=\"og:description\" content=\"El marketing digital se est\u00e1 convirtiendo, sin lugar a dudas, en una de las herramientas que m\u00e1s impacto est\u00e1 teniendo actualmente en lo que a promoci\u00f3n de empresas se refiere. De ah\u00ed la importancia que tienen eventos como Breaking Digital Walls. Este, encuentro tendr\u00e1 lugar el pr\u00f3ximo 19 de diciembre, desde las 9 a las 12\" \/>\n\t\t<meta property=\"og:url\" content=\"https:\/\/www.eldigitaldeasturias.com\/noticias\/breaking-digital-walls-el-dia-19-en-valencia\/\" \/>\n\t\t<meta property=\"og:image\" content=\"https:\/\/www.eldigitaldeasturias.com\/noticias\/wp-content\/uploads\/2017\/12\/1512994222_breaking_digital_walls.png\" \/>\n\t\t<meta property=\"og:image:secure_url\" content=\"https:\/\/www.eldigitaldeasturias.com\/noticias\/wp-content\/uploads\/2017\/12\/1512994222_breaking_digital_walls.png\" \/>\n\t\t<meta property=\"og:image:width\" content=\"626\" \/>\n\t\t<meta property=\"og:image:height\" content=\"811\" \/>\n\t\t<meta property=\"article:tag\" content=\"econom\u00eda\" \/>\n\t\t<meta property=\"article:published_time\" content=\"2017-12-13T00:00:57+00:00\" \/>\n\t\t<meta property=\"article:modified_time\" content=\"2017-12-13T00:00:57+00:00\" \/>\n\t\t<meta property=\"article:publisher\" content=\"https:\/\/facebook.com\/eldigitaldeasturias\" \/>\n\t\t<meta name=\"twitter:card\" content=\"summary_large_image\" \/>\n\t\t<meta name=\"twitter:title\" content=\"Breaking Digital Walls, el d\u00eda 19 en Valencia - El Digital de Asturias\" \/>\n\t\t<meta name=\"twitter:description\" content=\"El marketing digital se est\u00e1 convirtiendo, sin lugar a dudas, en una de las herramientas que m\u00e1s impacto est\u00e1 teniendo actualmente en lo que a promoci\u00f3n de empresas se refiere. De ah\u00ed la importancia que tienen eventos como Breaking Digital Walls. Este, encuentro tendr\u00e1 lugar el pr\u00f3ximo 19 de diciembre, desde las 9 a las 12\" \/>\n\t\t<meta name=\"twitter:image\" content=\"https:\/\/www.eldigitaldeasturias.com\/noticias\/wp-content\/uploads\/2017\/12\/1512994222_breaking_digital_walls.png\" \/>\n\t\t<meta name=\"twitter:label1\" content=\"Escrito por\" \/>\n\t\t<meta name=\"twitter:data1\" content=\"El Digital de Asturias\" \/>\n\t\t<meta name=\"twitter:label2\" content=\"Tiempo de lectura estimado\" \/>\n\t\t<meta name=\"twitter:data2\" content=\"2 minutos\" \/>\n\t\t<script type=\"application\/ld+json\" class=\"aioseo-schema\">\n\t\t\t{\"@context\":\"https:\\\/\\\/schema.org\",\"@graph\":[{\"@type\":\"BlogPosting\",\"@id\":\"https:\\\/\\\/www.eldigitaldeasturias.com\\\/noticias\\\/breaking-digital-walls-el-dia-19-en-valencia\\\/#blogposting\",\"name\":\"Breaking Digital Walls, el d\\u00eda 19 en Valencia - El Digital de Asturias\",\"headline\":\"Breaking Digital Walls, el d\\u00eda 19 en Valencia\",\"author\":{\"@id\":\"https:\\\/\\\/www.eldigitaldeasturias.com\\\/noticias\\\/author\\\/admin\\\/#author\"},\"publisher\":{\"@id\":\"https:\\\/\\\/www.eldigitaldeasturias.com\\\/noticias\\\/#organization\"},\"image\":{\"@type\":\"ImageObject\",\"url\":\"https:\\\/\\\/www.eldigitaldeasturias.com\\\/noticias\\\/wp-content\\\/uploads\\\/2017\\\/12\\\/1512994222_breaking_digital_walls.png\",\"width\":626,\"height\":811},\"datePublished\":\"2017-12-13T00:00:57+01:00\",\"dateModified\":\"2017-12-13T00:00:57+01:00\",\"inLanguage\":\"es-ES\",\"mainEntityOfPage\":{\"@id\":\"https:\\\/\\\/www.eldigitaldeasturias.com\\\/noticias\\\/breaking-digital-walls-el-dia-19-en-valencia\\\/#webpage\"},\"isPartOf\":{\"@id\":\"https:\\\/\\\/www.eldigitaldeasturias.com\\\/noticias\\\/breaking-digital-walls-el-dia-19-en-valencia\\\/#webpage\"},\"articleSection\":\"Econom\\u00eda\"},{\"@type\":\"BreadcrumbList\",\"@id\":\"https:\\\/\\\/www.eldigitaldeasturias.com\\\/noticias\\\/breaking-digital-walls-el-dia-19-en-valencia\\\/#breadcrumblist\",\"itemListElement\":[{\"@type\":\"ListItem\",\"@id\":\"https:\\\/\\\/www.eldigitaldeasturias.com\\\/noticias#listItem\",\"position\":1,\"name\":\"Home\",\"item\":\"https:\\\/\\\/www.eldigitaldeasturias.com\\\/noticias\",\"nextItem\":{\"@type\":\"ListItem\",\"@id\":\"https:\\\/\\\/www.eldigitaldeasturias.com\\\/noticias\\\/category\\\/economia\\\/#listItem\",\"name\":\"Econom\\u00eda\"}},{\"@type\":\"ListItem\",\"@id\":\"https:\\\/\\\/www.eldigitaldeasturias.com\\\/noticias\\\/category\\\/economia\\\/#listItem\",\"position\":2,\"name\":\"Econom\\u00eda\",\"item\":\"https:\\\/\\\/www.eldigitaldeasturias.com\\\/noticias\\\/category\\\/economia\\\/\",\"nextItem\":{\"@type\":\"ListItem\",\"@id\":\"https:\\\/\\\/www.eldigitaldeasturias.com\\\/noticias\\\/breaking-digital-walls-el-dia-19-en-valencia\\\/#listItem\",\"name\":\"Breaking Digital Walls, el d\\u00eda 19 en Valencia\"},\"previousItem\":{\"@type\":\"ListItem\",\"@id\":\"https:\\\/\\\/www.eldigitaldeasturias.com\\\/noticias#listItem\",\"name\":\"Home\"}},{\"@type\":\"ListItem\",\"@id\":\"https:\\\/\\\/www.eldigitaldeasturias.com\\\/noticias\\\/breaking-digital-walls-el-dia-19-en-valencia\\\/#listItem\",\"position\":3,\"name\":\"Breaking Digital Walls, el d\\u00eda 19 en Valencia\",\"previousItem\":{\"@type\":\"ListItem\",\"@id\":\"https:\\\/\\\/www.eldigitaldeasturias.com\\\/noticias\\\/category\\\/economia\\\/#listItem\",\"name\":\"Econom\\u00eda\"}}]},{\"@type\":\"Organization\",\"@id\":\"https:\\\/\\\/www.eldigitaldeasturias.com\\\/noticias\\\/#organization\",\"name\":\"El Digital de Asturias\",\"description\":\"Hemeroteca\",\"url\":\"https:\\\/\\\/www.eldigitaldeasturias.com\\\/noticias\\\/\",\"email\":\"info@eldigitaldeasturias.com\",\"telephone\":\"+34652131393\",\"logo\":{\"@type\":\"ImageObject\",\"url\":\"https:\\\/\\\/www.eldigitaldeasturias.com\\\/noticias\\\/wp-content\\\/uploads\\\/2020\\\/12\\\/EDA.jpg\",\"@id\":\"https:\\\/\\\/www.eldigitaldeasturias.com\\\/noticias\\\/breaking-digital-walls-el-dia-19-en-valencia\\\/#organizationLogo\",\"width\":649,\"height\":297},\"image\":{\"@id\":\"https:\\\/\\\/www.eldigitaldeasturias.com\\\/noticias\\\/breaking-digital-walls-el-dia-19-en-valencia\\\/#organizationLogo\"},\"sameAs\":[\"https:\\\/\\\/facebook.com\\\/eldigitaldeasturias\",\"https:\\\/\\\/www.youtube.com\\\/channel\\\/UCZP-2wLEB9Rv6erhFmqVnvg\"],\"address\":{\"@id\":\"https:\\\/\\\/www.eldigitaldeasturias.com\\\/noticias\\\/#postaladdress\",\"@type\":\"PostalAddress\",\"streetAddress\":\"san antonio 4,\",\"postalCode\":\"33430\",\"addressLocality\":\"Cand\\u00e1s\",\"addressRegion\":\"Asturias\",\"addressCountry\":\"ES\"}},{\"@type\":\"Person\",\"@id\":\"https:\\\/\\\/www.eldigitaldeasturias.com\\\/noticias\\\/author\\\/admin\\\/#author\",\"url\":\"https:\\\/\\\/www.eldigitaldeasturias.com\\\/noticias\\\/author\\\/admin\\\/\",\"name\":\"El Digital de Asturias\",\"image\":{\"@type\":\"ImageObject\",\"@id\":\"https:\\\/\\\/www.eldigitaldeasturias.com\\\/noticias\\\/breaking-digital-walls-el-dia-19-en-valencia\\\/#authorImage\",\"url\":\"https:\\\/\\\/www.eldigitaldeasturias.com\\\/noticias\\\/wp-content\\\/litespeed\\\/avatar\\\/18677e78aa0546b92d9dbf31ec7d7668.jpg?ver=1777290358\",\"width\":96,\"height\":96,\"caption\":\"El Digital de Asturias\"}},{\"@type\":\"WebPage\",\"@id\":\"https:\\\/\\\/www.eldigitaldeasturias.com\\\/noticias\\\/breaking-digital-walls-el-dia-19-en-valencia\\\/#webpage\",\"url\":\"https:\\\/\\\/www.eldigitaldeasturias.com\\\/noticias\\\/breaking-digital-walls-el-dia-19-en-valencia\\\/\",\"name\":\"Breaking Digital Walls, el d\\u00eda 19 en Valencia - El Digital de Asturias\",\"description\":\"El marketing digital se est\\u00e1 convirtiendo, sin lugar a dudas, en una de las herramientas que m\\u00e1s impacto est\\u00e1 teniendo actualmente en lo que a promoci\\u00f3n de empresas se refiere. De ah\\u00ed la importancia que tienen eventos como Breaking Digital Walls. Este, encuentro tendr\\u00e1 lugar el pr\\u00f3ximo 19 de diciembre, desde las 9 a las 12\",\"inLanguage\":\"es-ES\",\"isPartOf\":{\"@id\":\"https:\\\/\\\/www.eldigitaldeasturias.com\\\/noticias\\\/#website\"},\"breadcrumb\":{\"@id\":\"https:\\\/\\\/www.eldigitaldeasturias.com\\\/noticias\\\/breaking-digital-walls-el-dia-19-en-valencia\\\/#breadcrumblist\"},\"author\":{\"@id\":\"https:\\\/\\\/www.eldigitaldeasturias.com\\\/noticias\\\/author\\\/admin\\\/#author\"},\"creator\":{\"@id\":\"https:\\\/\\\/www.eldigitaldeasturias.com\\\/noticias\\\/author\\\/admin\\\/#author\"},\"image\":{\"@type\":\"ImageObject\",\"url\":\"https:\\\/\\\/www.eldigitaldeasturias.com\\\/noticias\\\/wp-content\\\/uploads\\\/2017\\\/12\\\/1512994222_breaking_digital_walls.png\",\"@id\":\"https:\\\/\\\/www.eldigitaldeasturias.com\\\/noticias\\\/breaking-digital-walls-el-dia-19-en-valencia\\\/#mainImage\",\"width\":626,\"height\":811},\"primaryImageOfPage\":{\"@id\":\"https:\\\/\\\/www.eldigitaldeasturias.com\\\/noticias\\\/breaking-digital-walls-el-dia-19-en-valencia\\\/#mainImage\"},\"datePublished\":\"2017-12-13T00:00:57+01:00\",\"dateModified\":\"2017-12-13T00:00:57+01:00\"},{\"@type\":\"WebSite\",\"@id\":\"https:\\\/\\\/www.eldigitaldeasturias.com\\\/noticias\\\/#website\",\"url\":\"https:\\\/\\\/www.eldigitaldeasturias.com\\\/noticias\\\/\",\"name\":\"El Digital de Asturias - Diario de actualidad y noticias\",\"alternateName\":\"El Digital de Asturias - Diario de actualidad y noticias\",\"description\":\"Hemeroteca\",\"inLanguage\":\"es-ES\",\"publisher\":{\"@id\":\"https:\\\/\\\/www.eldigitaldeasturias.com\\\/noticias\\\/#organization\"}}]}\n\t\t<\/script>\n\t\t<!-- All in One SEO Pro -->\r\n\t\t<title>Breaking Digital Walls, el d\u00eda 19 en Valencia - El Digital de Asturias<\/title>\n\n","aioseo_head_json":{"title":"Breaking Digital Walls, el d\u00eda 19 en Valencia - El Digital de Asturias","description":"El marketing digital se est\u00e1 convirtiendo, sin lugar a dudas, en una de las herramientas que m\u00e1s impacto est\u00e1 teniendo actualmente en lo que a promoci\u00f3n de empresas se refiere. De ah\u00ed la importancia que tienen eventos como Breaking Digital Walls. Este, encuentro tendr\u00e1 lugar el pr\u00f3ximo 19 de diciembre, desde las 9 a las 12","canonical_url":"https:\/\/www.eldigitaldeasturias.com\/noticias\/breaking-digital-walls-el-dia-19-en-valencia\/","robots":"max-image-preview:large","keywords":"econom\u00eda","webmasterTools":{"google-site-verification":"UA-38556648-1","msvalidate.01":"7dfe9f3f1b24437ab69f4f2559babe99","miscellaneous":""},"schema":{"@context":"https:\/\/schema.org","@graph":[{"@type":"BlogPosting","@id":"https:\/\/www.eldigitaldeasturias.com\/noticias\/breaking-digital-walls-el-dia-19-en-valencia\/#blogposting","name":"Breaking Digital Walls, el d\u00eda 19 en Valencia - El Digital de Asturias","headline":"Breaking Digital Walls, el d\u00eda 19 en Valencia","author":{"@id":"https:\/\/www.eldigitaldeasturias.com\/noticias\/author\/admin\/#author"},"publisher":{"@id":"https:\/\/www.eldigitaldeasturias.com\/noticias\/#organization"},"image":{"@type":"ImageObject","url":"https:\/\/www.eldigitaldeasturias.com\/noticias\/wp-content\/uploads\/2017\/12\/1512994222_breaking_digital_walls.png","width":626,"height":811},"datePublished":"2017-12-13T00:00:57+01:00","dateModified":"2017-12-13T00:00:57+01:00","inLanguage":"es-ES","mainEntityOfPage":{"@id":"https:\/\/www.eldigitaldeasturias.com\/noticias\/breaking-digital-walls-el-dia-19-en-valencia\/#webpage"},"isPartOf":{"@id":"https:\/\/www.eldigitaldeasturias.com\/noticias\/breaking-digital-walls-el-dia-19-en-valencia\/#webpage"},"articleSection":"Econom\u00eda"},{"@type":"BreadcrumbList","@id":"https:\/\/www.eldigitaldeasturias.com\/noticias\/breaking-digital-walls-el-dia-19-en-valencia\/#breadcrumblist","itemListElement":[{"@type":"ListItem","@id":"https:\/\/www.eldigitaldeasturias.com\/noticias#listItem","position":1,"name":"Home","item":"https:\/\/www.eldigitaldeasturias.com\/noticias","nextItem":{"@type":"ListItem","@id":"https:\/\/www.eldigitaldeasturias.com\/noticias\/category\/economia\/#listItem","name":"Econom\u00eda"}},{"@type":"ListItem","@id":"https:\/\/www.eldigitaldeasturias.com\/noticias\/category\/economia\/#listItem","position":2,"name":"Econom\u00eda","item":"https:\/\/www.eldigitaldeasturias.com\/noticias\/category\/economia\/","nextItem":{"@type":"ListItem","@id":"https:\/\/www.eldigitaldeasturias.com\/noticias\/breaking-digital-walls-el-dia-19-en-valencia\/#listItem","name":"Breaking Digital Walls, el d\u00eda 19 en Valencia"},"previousItem":{"@type":"ListItem","@id":"https:\/\/www.eldigitaldeasturias.com\/noticias#listItem","name":"Home"}},{"@type":"ListItem","@id":"https:\/\/www.eldigitaldeasturias.com\/noticias\/breaking-digital-walls-el-dia-19-en-valencia\/#listItem","position":3,"name":"Breaking Digital Walls, el d\u00eda 19 en Valencia","previousItem":{"@type":"ListItem","@id":"https:\/\/www.eldigitaldeasturias.com\/noticias\/category\/economia\/#listItem","name":"Econom\u00eda"}}]},{"@type":"Organization","@id":"https:\/\/www.eldigitaldeasturias.com\/noticias\/#organization","name":"El Digital de Asturias","description":"Hemeroteca","url":"https:\/\/www.eldigitaldeasturias.com\/noticias\/","email":"info@eldigitaldeasturias.com","telephone":"+34652131393","logo":{"@type":"ImageObject","url":"https:\/\/www.eldigitaldeasturias.com\/noticias\/wp-content\/uploads\/2020\/12\/EDA.jpg","@id":"https:\/\/www.eldigitaldeasturias.com\/noticias\/breaking-digital-walls-el-dia-19-en-valencia\/#organizationLogo","width":649,"height":297},"image":{"@id":"https:\/\/www.eldigitaldeasturias.com\/noticias\/breaking-digital-walls-el-dia-19-en-valencia\/#organizationLogo"},"sameAs":["https:\/\/facebook.com\/eldigitaldeasturias","https:\/\/www.youtube.com\/channel\/UCZP-2wLEB9Rv6erhFmqVnvg"],"address":{"@id":"https:\/\/www.eldigitaldeasturias.com\/noticias\/#postaladdress","@type":"PostalAddress","streetAddress":"san antonio 4,","postalCode":"33430","addressLocality":"Cand\u00e1s","addressRegion":"Asturias","addressCountry":"ES"}},{"@type":"Person","@id":"https:\/\/www.eldigitaldeasturias.com\/noticias\/author\/admin\/#author","url":"https:\/\/www.eldigitaldeasturias.com\/noticias\/author\/admin\/","name":"El Digital de Asturias","image":{"@type":"ImageObject","@id":"https:\/\/www.eldigitaldeasturias.com\/noticias\/breaking-digital-walls-el-dia-19-en-valencia\/#authorImage","url":"https:\/\/www.eldigitaldeasturias.com\/noticias\/wp-content\/litespeed\/avatar\/18677e78aa0546b92d9dbf31ec7d7668.jpg?ver=1777290358","width":96,"height":96,"caption":"El Digital de Asturias"}},{"@type":"WebPage","@id":"https:\/\/www.eldigitaldeasturias.com\/noticias\/breaking-digital-walls-el-dia-19-en-valencia\/#webpage","url":"https:\/\/www.eldigitaldeasturias.com\/noticias\/breaking-digital-walls-el-dia-19-en-valencia\/","name":"Breaking Digital Walls, el d\u00eda 19 en Valencia - El Digital de Asturias","description":"El marketing digital se est\u00e1 convirtiendo, sin lugar a dudas, en una de las herramientas que m\u00e1s impacto est\u00e1 teniendo actualmente en lo que a promoci\u00f3n de empresas se refiere. De ah\u00ed la importancia que tienen eventos como Breaking Digital Walls. Este, encuentro tendr\u00e1 lugar el pr\u00f3ximo 19 de diciembre, desde las 9 a las 12","inLanguage":"es-ES","isPartOf":{"@id":"https:\/\/www.eldigitaldeasturias.com\/noticias\/#website"},"breadcrumb":{"@id":"https:\/\/www.eldigitaldeasturias.com\/noticias\/breaking-digital-walls-el-dia-19-en-valencia\/#breadcrumblist"},"author":{"@id":"https:\/\/www.eldigitaldeasturias.com\/noticias\/author\/admin\/#author"},"creator":{"@id":"https:\/\/www.eldigitaldeasturias.com\/noticias\/author\/admin\/#author"},"image":{"@type":"ImageObject","url":"https:\/\/www.eldigitaldeasturias.com\/noticias\/wp-content\/uploads\/2017\/12\/1512994222_breaking_digital_walls.png","@id":"https:\/\/www.eldigitaldeasturias.com\/noticias\/breaking-digital-walls-el-dia-19-en-valencia\/#mainImage","width":626,"height":811},"primaryImageOfPage":{"@id":"https:\/\/www.eldigitaldeasturias.com\/noticias\/breaking-digital-walls-el-dia-19-en-valencia\/#mainImage"},"datePublished":"2017-12-13T00:00:57+01:00","dateModified":"2017-12-13T00:00:57+01:00"},{"@type":"WebSite","@id":"https:\/\/www.eldigitaldeasturias.com\/noticias\/#website","url":"https:\/\/www.eldigitaldeasturias.com\/noticias\/","name":"El Digital de Asturias - Diario de actualidad y noticias","alternateName":"El Digital de Asturias - Diario de actualidad y noticias","description":"Hemeroteca","inLanguage":"es-ES","publisher":{"@id":"https:\/\/www.eldigitaldeasturias.com\/noticias\/#organization"}}]},"og:locale":"es_ES","og:site_name":"El Digital de Asturias","og:type":"article","og:title":"Breaking Digital Walls, el d\u00eda 19 en Valencia - El Digital de Asturias","og:description":"El marketing digital se est\u00e1 convirtiendo, sin lugar a dudas, en una de las herramientas que m\u00e1s impacto est\u00e1 teniendo actualmente en lo que a promoci\u00f3n de empresas se refiere. De ah\u00ed la importancia que tienen eventos como Breaking Digital Walls. Este, encuentro tendr\u00e1 lugar el pr\u00f3ximo 19 de diciembre, desde las 9 a las 12","og:url":"https:\/\/www.eldigitaldeasturias.com\/noticias\/breaking-digital-walls-el-dia-19-en-valencia\/","og:image":"https:\/\/www.eldigitaldeasturias.com\/noticias\/wp-content\/uploads\/2017\/12\/1512994222_breaking_digital_walls.png","og:image:secure_url":"https:\/\/www.eldigitaldeasturias.com\/noticias\/wp-content\/uploads\/2017\/12\/1512994222_breaking_digital_walls.png","og:image:width":626,"og:image:height":811,"article:tag":["econom\u00eda"],"article:published_time":"2017-12-13T00:00:57+00:00","article:modified_time":"2017-12-13T00:00:57+00:00","article:publisher":"https:\/\/facebook.com\/eldigitaldeasturias","twitter:card":"summary_large_image","twitter:title":"Breaking Digital Walls, el d\u00eda 19 en Valencia - El Digital de Asturias","twitter:description":"El marketing digital se est\u00e1 convirtiendo, sin lugar a dudas, en una de las herramientas que m\u00e1s impacto est\u00e1 teniendo actualmente en lo que a promoci\u00f3n de empresas se refiere. De ah\u00ed la importancia que tienen eventos como Breaking Digital Walls. Este, encuentro tendr\u00e1 lugar el pr\u00f3ximo 19 de diciembre, desde las 9 a las 12","twitter:image":"https:\/\/www.eldigitaldeasturias.com\/noticias\/wp-content\/uploads\/2017\/12\/1512994222_breaking_digital_walls.png","twitter:label1":"Escrito por","twitter:data1":"El Digital de Asturias","twitter:label2":"Tiempo de lectura estimado","twitter:data2":"2 minutos"},"aioseo_meta_data":{"post_id":"963186","title":null,"description":null,"keywords":null,"keyphrases":null,"primary_term":null,"canonical_url":null,"og_title":null,"og_description":null,"og_object_type":"default","og_image_type":"default","og_image_url":null,"og_image_width":null,"og_image_height":null,"og_image_custom_url":null,"og_image_custom_fields":null,"og_video":null,"og_custom_url":null,"og_article_section":null,"og_article_tags":null,"twitter_use_og":false,"twitter_card":"default","twitter_image_type":"default","twitter_image_url":null,"twitter_image_custom_url":null,"twitter_image_custom_fields":null,"twitter_title":null,"twitter_description":null,"schema":{"blockGraphs":[],"customGraphs":[],"default":{"data":{"Article":[],"Course":[],"Dataset":[],"FAQPage":[],"Movie":[],"Person":[],"Product":[],"ProductReview":[],"Car":[],"Recipe":[],"Service":[],"SoftwareApplication":[],"WebPage":[]},"graphName":"","isEnabled":true},"graphs":[],"defaultGraph":"","defaultPostTypeGraph":""},"schema_type":null,"schema_type_options":null,"pillar_content":false,"robots_default":true,"robots_noindex":false,"robots_noarchive":false,"robots_nosnippet":false,"robots_nofollow":false,"robots_noimageindex":false,"robots_noodp":false,"robots_notranslate":false,"robots_max_snippet":null,"robots_max_videopreview":null,"robots_max_imagepreview":"large","priority":null,"frequency":null,"local_seo":null,"seo_analyzer_scan_date":"2025-12-07 15:10:10","breadcrumb_settings":null,"limit_modified_date":false,"open_ai":null,"ai":null,"created":"2020-12-21 12:44:40","updated":"2025-12-07 15:10:10"},"aioseo_breadcrumb":"<div class=\"aioseo-breadcrumbs\"><span class=\"aioseo-breadcrumb\">\n\t<a href=\"https:\/\/www.eldigitaldeasturias.com\/noticias\" title=\"Home\">Home<\/a>\n<\/span><span class=\"aioseo-breadcrumb-separator\">\u2013<\/span><span class=\"aioseo-breadcrumb\">\n\t<a href=\"https:\/\/www.eldigitaldeasturias.com\/noticias\/category\/economia\/\" title=\"Econom\u00eda\">Econom\u00eda<\/a>\n<\/span><span class=\"aioseo-breadcrumb-separator\">\u2013<\/span><span class=\"aioseo-breadcrumb\">\n\t<a href=\"https:\/\/www.eldigitaldeasturias.com\/noticias\/breaking-digital-walls-el-dia-19-en-valencia\/\" title=\"Breaking Digital Walls, el d\u00eda 19 en Valencia\">Breaking Digital Walls, el d\u00eda 19 en Valencia<\/a>\n<\/span><\/div>","aioseo_breadcrumb_json":[{"label":"Home","link":"https:\/\/www.eldigitaldeasturias.com\/noticias"},{"label":"Econom\u00eda","link":"https:\/\/www.eldigitaldeasturias.com\/noticias\/category\/economia\/"},{"label":"Breaking Digital Walls, el d\u00eda 19 en Valencia","link":"https:\/\/www.eldigitaldeasturias.com\/noticias\/breaking-digital-walls-el-dia-19-en-valencia\/"}],"_links":{"self":[{"href":"https:\/\/www.eldigitaldeasturias.com\/noticias\/wp-json\/wp\/v2\/posts\/963186","targetHints":{"allow":["GET"]}}],"collection":[{"href":"https:\/\/www.eldigitaldeasturias.com\/noticias\/wp-json\/wp\/v2\/posts"}],"about":[{"href":"https:\/\/www.eldigitaldeasturias.com\/noticias\/wp-json\/wp\/v2\/types\/post"}],"author":[{"embeddable":true,"href":"https:\/\/www.eldigitaldeasturias.com\/noticias\/wp-json\/wp\/v2\/users\/1"}],"replies":[{"embeddable":true,"href":"https:\/\/www.eldigitaldeasturias.com\/noticias\/wp-json\/wp\/v2\/comments?post=963186"}],"version-history":[{"count":0,"href":"https:\/\/www.eldigitaldeasturias.com\/noticias\/wp-json\/wp\/v2\/posts\/963186\/revisions"}],"wp:featuredmedia":[{"embeddable":true,"href":"https:\/\/www.eldigitaldeasturias.com\/noticias\/wp-json\/wp\/v2\/media\/963187"}],"wp:attachment":[{"href":"https:\/\/www.eldigitaldeasturias.com\/noticias\/wp-json\/wp\/v2\/media?parent=963186"}],"wp:term":[{"taxonomy":"category","embeddable":true,"href":"https:\/\/www.eldigitaldeasturias.com\/noticias\/wp-json\/wp\/v2\/categories?post=963186"},{"taxonomy":"post_tag","embeddable":true,"href":"https:\/\/www.eldigitaldeasturias.com\/noticias\/wp-json\/wp\/v2\/tags?post=963186"}],"curies":[{"name":"wp","href":"https:\/\/api.w.org\/{rel}","templated":true}]}}