{"id":963181,"date":"2017-12-12T23:04:58","date_gmt":"2017-12-12T23:04:58","guid":{"rendered":"http:\/\/www.eldigitaldeasturias.com\/noticias\/?p=963181"},"modified":"2017-12-12T23:04:58","modified_gmt":"2017-12-12T23:04:58","slug":"cospedal-destaca-la-iniciativa-55-defensa-como-una-referencia-para-la-promocion-del-dialogo-estrategico","status":"publish","type":"post","link":"https:\/\/www.eldigitaldeasturias.com\/noticias\/cospedal-destaca-la-iniciativa-55-defensa-como-una-referencia-para-la-promocion-del-dialogo-estrategico\/","title":{"rendered":"Cospedal destaca la Iniciativa 5+5 Defensa como una referencia para la promoci\u00f3n del di\u00e1logo estrat\u00e9gico"},"content":{"rendered":"<p><img loading=\"lazy\" decoding=\"async\" class=\"size-medium wp-image-962792 alignleft\" src=\"https:\/\/www.eldigitaldeasturias.com\/noticias\/wp-content\/uploads\/2017\/12\/04072017_CospedalArchivo-360x239.jpg\" alt=\"\" width=\"360\" height=\"239\" \/>La ministra de Defensa, Mar\u00eda Dolores de Cospedal, ha participado en Par\u00eds en la reuni\u00f3n de clausura de la presidencia francesa de la Iniciativa 5+5 Defensa, en la que ha destacado c\u00f3mo este grupo se ha convertido en un foro indispensable de di\u00e1logo estrat\u00e9gico para la seguridad y estabilidad del Mediterr\u00e1neo Occidental.<\/p>\n<p>Mar\u00eda Dolores de Cospedal ha resaltado el incremento de la cooperaci\u00f3n entre ambas orillas mediterr\u00e1neas y que ha conseguido el objetivo de mejorar la seguridad en esta zona, que es uno de los principales objetivos por el que se constituy\u00f3 este grupo hace m\u00e1s de una d\u00e9cada. Por su parte, el resto de ministros participantes han reafirmado que la Iniciativa sigue siendo un pilar fundamental para la cooperaci\u00f3n estrat\u00e9gica entre los pa\u00edses de la zona.<\/p>\n<p><strong>Desaf\u00edos y retos<\/strong><\/p>\n<p>Durante este a\u00f1o, la atenci\u00f3n del grupo compuesto por Argelia, Espa\u00f1a, Francia, Italia, Libia, Malta, Marruecos, Mauritania, Portugal y T\u00fanez ha estado centrada en las implicaciones que para la pol\u00edtica de defensa de los pa\u00edses miembros tienen los retos a la seguridad que pudieran derivarse de los cambios clim\u00e1ticos en el espacio 5+5.<\/p>\n<p>Igualmente, se ha avanzado en 2017 en campos relacionados con la seguridad mar\u00edtima, la seguridad a\u00e9rea, la contribuci\u00f3n de las Fuerzas Armadas a la gesti\u00f3n de cat\u00e1strofes y la formaci\u00f3n y la investigaci\u00f3n docente. En relaci\u00f3n a la amenaza terrorista, se han explorado acciones de cooperaci\u00f3n en ciberdefensa, operaciones especiales, lucha contra artefactos explosivos improvisados y veh\u00edculos a\u00e9reos pilotados remotamente.<\/p>\n<p>Para el pr\u00f3ximo a\u00f1o 2018, Espa\u00f1a organizar\u00e1 de nuevo un seminario internacional sobre ciberdefensa al que ser\u00e1n invitados, como en su primera edici\u00f3n hace dos a\u00f1os, todos los pa\u00edses del 5+5. Igualmente y, como una actividad espec\u00edfica dentro de este grupo, est\u00e1 previsto que se realice en Espa\u00f1a un ejercicio de b\u00fasqueda y rescate a\u00e9reo.<\/p>\n<p><strong>Seguridad en el Mediterr\u00e1neo Occidental<\/strong><\/p>\n<p>La Iniciativa 5+5 es un grupo de cooperaci\u00f3n en materia de seguridad y defensa creado en el a\u00f1o 2004. Su principal objetivo es favorecer el conocimiento mutuo de los pa\u00edses miembros, todos ellos ribere\u00f1os del Mediterr\u00e1neo Occidental, as\u00ed como reforzar el entendimiento y la confianza entre ellos y desarrollar la cooperaci\u00f3n multilateral, con la finalidad de promover la seguridad.<\/p>\n<p>Durante el a\u00f1o 2017 Francia ha ostentado la presidencia del grupo de ministros de Defensa y en el a\u00f1o pr\u00f3ximo dicha responsabilidad recaer\u00e1 en Italia.<\/p>\n","protected":false},"excerpt":{"rendered":"<p>La ministra de Defensa, Mar\u00eda Dolores de Cospedal, ha participado en Par\u00eds en la reuni\u00f3n de clausura de la presidencia francesa de la Iniciativa 5+5 Defensa, en la que ha destacado c\u00f3mo este grupo se ha convertido en un foro indispensable de di\u00e1logo estrat\u00e9gico para la seguridad y estabilidad del Mediterr\u00e1neo Occidental. Mar\u00eda Dolores de [&hellip;]<\/p>\n","protected":false},"author":1,"featured_media":962792,"comment_status":"closed","ping_status":"closed","sticky":false,"template":"","format":"standard","meta":{"footnotes":""},"categories":[1],"tags":[],"class_list":["post-963181","post","type-post","status-publish","format-standard","has-post-thumbnail","hentry","category-actualidad"],"aioseo_notices":[],"aioseo_head":"\n\t\t<!-- All in One SEO Pro 5.0.1 - aioseo.com -->\n\t<meta name=\"description\" content=\"La ministra de Defensa, Mar\u00eda Dolores de Cospedal, ha participado en Par\u00eds en la reuni\u00f3n de clausura de la presidencia francesa de la Iniciativa 5+5 Defensa, en la que ha destacado c\u00f3mo este grupo se ha convertido en un foro indispensable de di\u00e1logo estrat\u00e9gico para la seguridad y estabilidad del Mediterr\u00e1neo Occidental. Mar\u00eda Dolores de\" \/>\n\t<meta name=\"robots\" content=\"max-image-preview:large\" \/>\n\t<meta name=\"author\" content=\"El Digital de Asturias\"\/>\n\t<meta name=\"google-site-verification\" content=\"UA-38556648-1\" \/>\n\t<meta name=\"msvalidate.01\" content=\"7dfe9f3f1b24437ab69f4f2559babe99\" \/>\n\t<meta name=\"keywords\" content=\"actualidad\" \/>\n\t<link rel=\"canonical\" href=\"https:\/\/www.eldigitaldeasturias.com\/noticias\/cospedal-destaca-la-iniciativa-55-defensa-como-una-referencia-para-la-promocion-del-dialogo-estrategico\/\" \/>\n\t<meta name=\"generator\" content=\"All in One SEO Pro (AIOSEO) 5.0.1\" \/>\n\t\t<meta property=\"og:locale\" content=\"es_ES\" \/>\n\t\t<meta property=\"og:site_name\" content=\"El Digital de Asturias\" \/>\n\t\t<meta property=\"og:type\" content=\"article\" \/>\n\t\t<meta property=\"og:title\" content=\"Cospedal destaca la Iniciativa 5+5 Defensa como una referencia para la promoci\u00f3n del di\u00e1logo estrat\u00e9gico - El Digital de Asturias\" \/>\n\t\t<meta property=\"og:description\" content=\"La ministra de Defensa, Mar\u00eda Dolores de Cospedal, ha participado en Par\u00eds en la reuni\u00f3n de clausura de la presidencia francesa de la Iniciativa 5+5 Defensa, en la que ha destacado c\u00f3mo este grupo se ha convertido en un foro indispensable de di\u00e1logo estrat\u00e9gico para la seguridad y estabilidad del Mediterr\u00e1neo Occidental. Mar\u00eda Dolores de\" \/>\n\t\t<meta property=\"og:url\" content=\"https:\/\/www.eldigitaldeasturias.com\/noticias\/cospedal-destaca-la-iniciativa-55-defensa-como-una-referencia-para-la-promocion-del-dialogo-estrategico\/\" \/>\n\t\t<meta property=\"article:tag\" content=\"actualidad\" \/>\n\t\t<meta property=\"article:published_time\" content=\"2017-12-12T23:04:58+00:00\" \/>\n\t\t<meta property=\"article:modified_time\" content=\"2017-12-12T23:04:58+00:00\" \/>\n\t\t<meta property=\"article:publisher\" content=\"https:\/\/facebook.com\/eldigitaldeasturias\" \/>\n\t\t<meta name=\"twitter:card\" content=\"summary_large_image\" \/>\n\t\t<meta name=\"twitter:title\" content=\"Cospedal destaca la Iniciativa 5+5 Defensa como una referencia para la promoci\u00f3n del di\u00e1logo estrat\u00e9gico - El Digital de Asturias\" \/>\n\t\t<meta name=\"twitter:description\" content=\"La ministra de Defensa, Mar\u00eda Dolores de Cospedal, ha participado en Par\u00eds en la reuni\u00f3n de clausura de la presidencia francesa de la Iniciativa 5+5 Defensa, en la que ha destacado c\u00f3mo este grupo se ha convertido en un foro indispensable de di\u00e1logo estrat\u00e9gico para la seguridad y estabilidad del Mediterr\u00e1neo Occidental. Mar\u00eda Dolores de\" \/>\n\t\t<meta name=\"twitter:image\" content=\"https:\/\/www.eldigitaldeasturias.com\/noticias\/wp-content\/uploads\/2020\/12\/EDA-1.jpg\" \/>\n\t\t<meta name=\"twitter:label1\" content=\"Escrito por\" \/>\n\t\t<meta name=\"twitter:data1\" content=\"El Digital de Asturias\" \/>\n\t\t<meta name=\"twitter:label2\" content=\"Tiempo de lectura estimado\" \/>\n\t\t<meta name=\"twitter:data2\" content=\"2 minutos\" \/>\n\t\t<script type=\"application\/ld+json\" class=\"aioseo-schema\">\n\t\t\t{\"@context\":\"https:\\\/\\\/schema.org\",\"@graph\":[{\"@type\":\"BlogPosting\",\"@id\":\"https:\\\/\\\/www.eldigitaldeasturias.com\\\/noticias\\\/cospedal-destaca-la-iniciativa-55-defensa-como-una-referencia-para-la-promocion-del-dialogo-estrategico\\\/#blogposting\",\"name\":\"Cospedal destaca la Iniciativa 5+5 Defensa como una referencia para la promoci\\u00f3n del di\\u00e1logo estrat\\u00e9gico - El Digital de Asturias\",\"headline\":\"Cospedal destaca la Iniciativa 5+5 Defensa como una referencia para la promoci\\u00f3n del di\\u00e1logo estrat\\u00e9gico\",\"author\":{\"@id\":\"https:\\\/\\\/www.eldigitaldeasturias.com\\\/noticias\\\/author\\\/admin\\\/#author\"},\"publisher\":{\"@id\":\"https:\\\/\\\/www.eldigitaldeasturias.com\\\/noticias\\\/#organization\"},\"image\":{\"@type\":\"ImageObject\",\"url\":962792},\"datePublished\":\"2017-12-12T23:04:58+01:00\",\"dateModified\":\"2017-12-12T23:04:58+01:00\",\"inLanguage\":\"es-ES\",\"mainEntityOfPage\":{\"@id\":\"https:\\\/\\\/www.eldigitaldeasturias.com\\\/noticias\\\/cospedal-destaca-la-iniciativa-55-defensa-como-una-referencia-para-la-promocion-del-dialogo-estrategico\\\/#webpage\"},\"isPartOf\":{\"@id\":\"https:\\\/\\\/www.eldigitaldeasturias.com\\\/noticias\\\/cospedal-destaca-la-iniciativa-55-defensa-como-una-referencia-para-la-promocion-del-dialogo-estrategico\\\/#webpage\"},\"articleSection\":\"Actualidad\"},{\"@type\":\"BreadcrumbList\",\"@id\":\"https:\\\/\\\/www.eldigitaldeasturias.com\\\/noticias\\\/cospedal-destaca-la-iniciativa-55-defensa-como-una-referencia-para-la-promocion-del-dialogo-estrategico\\\/#breadcrumblist\",\"itemListElement\":[{\"@type\":\"ListItem\",\"@id\":\"https:\\\/\\\/www.eldigitaldeasturias.com\\\/noticias#listItem\",\"position\":1,\"name\":\"Home\",\"item\":\"https:\\\/\\\/www.eldigitaldeasturias.com\\\/noticias\",\"nextItem\":{\"@type\":\"ListItem\",\"@id\":\"https:\\\/\\\/www.eldigitaldeasturias.com\\\/noticias\\\/category\\\/actualidad\\\/#listItem\",\"name\":\"Actualidad\"}},{\"@type\":\"ListItem\",\"@id\":\"https:\\\/\\\/www.eldigitaldeasturias.com\\\/noticias\\\/category\\\/actualidad\\\/#listItem\",\"position\":2,\"name\":\"Actualidad\",\"item\":\"https:\\\/\\\/www.eldigitaldeasturias.com\\\/noticias\\\/category\\\/actualidad\\\/\",\"nextItem\":{\"@type\":\"ListItem\",\"@id\":\"https:\\\/\\\/www.eldigitaldeasturias.com\\\/noticias\\\/cospedal-destaca-la-iniciativa-55-defensa-como-una-referencia-para-la-promocion-del-dialogo-estrategico\\\/#listItem\",\"name\":\"Cospedal destaca la Iniciativa 5+5 Defensa como una referencia para la promoci\\u00f3n del di\\u00e1logo estrat\\u00e9gico\"},\"previousItem\":{\"@type\":\"ListItem\",\"@id\":\"https:\\\/\\\/www.eldigitaldeasturias.com\\\/noticias#listItem\",\"name\":\"Home\"}},{\"@type\":\"ListItem\",\"@id\":\"https:\\\/\\\/www.eldigitaldeasturias.com\\\/noticias\\\/cospedal-destaca-la-iniciativa-55-defensa-como-una-referencia-para-la-promocion-del-dialogo-estrategico\\\/#listItem\",\"position\":3,\"name\":\"Cospedal destaca la Iniciativa 5+5 Defensa como una referencia para la promoci\\u00f3n del di\\u00e1logo estrat\\u00e9gico\",\"previousItem\":{\"@type\":\"ListItem\",\"@id\":\"https:\\\/\\\/www.eldigitaldeasturias.com\\\/noticias\\\/category\\\/actualidad\\\/#listItem\",\"name\":\"Actualidad\"}}]},{\"@type\":\"Organization\",\"@id\":\"https:\\\/\\\/www.eldigitaldeasturias.com\\\/noticias\\\/#organization\",\"name\":\"El Digital de Asturias\",\"description\":\"Hemeroteca\",\"url\":\"https:\\\/\\\/www.eldigitaldeasturias.com\\\/noticias\\\/\",\"email\":\"info@eldigitaldeasturias.com\",\"telephone\":\"+34652131393\",\"logo\":{\"@type\":\"ImageObject\",\"url\":\"https:\\\/\\\/www.eldigitaldeasturias.com\\\/noticias\\\/wp-content\\\/uploads\\\/2020\\\/12\\\/EDA.jpg\",\"@id\":\"https:\\\/\\\/www.eldigitaldeasturias.com\\\/noticias\\\/cospedal-destaca-la-iniciativa-55-defensa-como-una-referencia-para-la-promocion-del-dialogo-estrategico\\\/#organizationLogo\"},\"image\":{\"@id\":\"https:\\\/\\\/www.eldigitaldeasturias.com\\\/noticias\\\/cospedal-destaca-la-iniciativa-55-defensa-como-una-referencia-para-la-promocion-del-dialogo-estrategico\\\/#organizationLogo\"},\"sameAs\":[\"https:\\\/\\\/facebook.com\\\/eldigitaldeasturias\",\"https:\\\/\\\/www.youtube.com\\\/channel\\\/UCZP-2wLEB9Rv6erhFmqVnvg\"],\"address\":{\"@id\":\"https:\\\/\\\/www.eldigitaldeasturias.com\\\/noticias\\\/#postaladdress\",\"@type\":\"PostalAddress\",\"streetAddress\":\"san antonio 4\",\"postalCode\":\"33430\",\"addressLocality\":\"Cand\\u00e1s\",\"addressRegion\":\"Asturias\",\"addressCountry\":\"ES\"}},{\"@type\":\"Person\",\"@id\":\"https:\\\/\\\/www.eldigitaldeasturias.com\\\/noticias\\\/author\\\/admin\\\/#author\",\"url\":\"https:\\\/\\\/www.eldigitaldeasturias.com\\\/noticias\\\/author\\\/admin\\\/\",\"name\":\"El Digital de Asturias\",\"image\":{\"@type\":\"ImageObject\",\"@id\":\"https:\\\/\\\/www.eldigitaldeasturias.com\\\/noticias\\\/cospedal-destaca-la-iniciativa-55-defensa-como-una-referencia-para-la-promocion-del-dialogo-estrategico\\\/#authorImage\",\"url\":\"https:\\\/\\\/secure.gravatar.com\\\/avatar\\\/df2aeffc32bcd13f8d26072ef8a91b623d677766deac7f97ca815868cd41bf5e?s=96&d=mm&r=g\",\"width\":96,\"height\":96,\"caption\":\"El Digital de Asturias\"}},{\"@type\":\"WebPage\",\"@id\":\"https:\\\/\\\/www.eldigitaldeasturias.com\\\/noticias\\\/cospedal-destaca-la-iniciativa-55-defensa-como-una-referencia-para-la-promocion-del-dialogo-estrategico\\\/#webpage\",\"url\":\"https:\\\/\\\/www.eldigitaldeasturias.com\\\/noticias\\\/cospedal-destaca-la-iniciativa-55-defensa-como-una-referencia-para-la-promocion-del-dialogo-estrategico\\\/\",\"name\":\"Cospedal destaca la Iniciativa 5+5 Defensa como una referencia para la promoci\\u00f3n del di\\u00e1logo estrat\\u00e9gico - El Digital de Asturias\",\"description\":\"La ministra de Defensa, Mar\\u00eda Dolores de Cospedal, ha participado en Par\\u00eds en la reuni\\u00f3n de clausura de la presidencia francesa de la Iniciativa 5+5 Defensa, en la que ha destacado c\\u00f3mo este grupo se ha convertido en un foro indispensable de di\\u00e1logo estrat\\u00e9gico para la seguridad y estabilidad del Mediterr\\u00e1neo Occidental. Mar\\u00eda Dolores de\",\"inLanguage\":\"es-ES\",\"isPartOf\":{\"@id\":\"https:\\\/\\\/www.eldigitaldeasturias.com\\\/noticias\\\/#website\"},\"breadcrumb\":{\"@id\":\"https:\\\/\\\/www.eldigitaldeasturias.com\\\/noticias\\\/cospedal-destaca-la-iniciativa-55-defensa-como-una-referencia-para-la-promocion-del-dialogo-estrategico\\\/#breadcrumblist\"},\"author\":{\"@id\":\"https:\\\/\\\/www.eldigitaldeasturias.com\\\/noticias\\\/author\\\/admin\\\/#author\"},\"creator\":{\"@id\":\"https:\\\/\\\/www.eldigitaldeasturias.com\\\/noticias\\\/author\\\/admin\\\/#author\"},\"image\":{\"@type\":\"ImageObject\",\"url\":962792,\"@id\":\"https:\\\/\\\/www.eldigitaldeasturias.com\\\/noticias\\\/cospedal-destaca-la-iniciativa-55-defensa-como-una-referencia-para-la-promocion-del-dialogo-estrategico\\\/#mainImage\"},\"primaryImageOfPage\":{\"@id\":\"https:\\\/\\\/www.eldigitaldeasturias.com\\\/noticias\\\/cospedal-destaca-la-iniciativa-55-defensa-como-una-referencia-para-la-promocion-del-dialogo-estrategico\\\/#mainImage\"},\"datePublished\":\"2017-12-12T23:04:58+01:00\",\"dateModified\":\"2017-12-12T23:04:58+01:00\"},{\"@type\":\"WebSite\",\"@id\":\"https:\\\/\\\/www.eldigitaldeasturias.com\\\/noticias\\\/#website\",\"url\":\"https:\\\/\\\/www.eldigitaldeasturias.com\\\/noticias\\\/\",\"name\":\"El Digital de Asturias - Diario de actualidad y noticias\",\"alternateName\":\"El Digital de Asturias - Diario de actualidad y noticias\",\"description\":\"Hemeroteca\",\"inLanguage\":\"es-ES\",\"publisher\":{\"@id\":\"https:\\\/\\\/www.eldigitaldeasturias.com\\\/noticias\\\/#organization\"}}]}\n\t\t<\/script>\n\t\t<!-- All in One SEO Pro -->\r\n\t\t<title>Cospedal destaca la Iniciativa 5+5 Defensa como una referencia para la promoci\u00f3n del di\u00e1logo estrat\u00e9gico - El Digital de Asturias<\/title>\n\n","aioseo_head_json":{"title":"Cospedal destaca la Iniciativa 5+5 Defensa como una referencia para la promoci\u00f3n del di\u00e1logo estrat\u00e9gico - El Digital de Asturias","description":"La ministra de Defensa, Mar\u00eda Dolores de Cospedal, ha participado en Par\u00eds en la reuni\u00f3n de clausura de la presidencia francesa de la Iniciativa 5+5 Defensa, en la que ha destacado c\u00f3mo este grupo se ha convertido en un foro indispensable de di\u00e1logo estrat\u00e9gico para la seguridad y estabilidad del Mediterr\u00e1neo Occidental. Mar\u00eda Dolores de","canonical_url":"https:\/\/www.eldigitaldeasturias.com\/noticias\/cospedal-destaca-la-iniciativa-55-defensa-como-una-referencia-para-la-promocion-del-dialogo-estrategico\/","robots":"max-image-preview:large","keywords":"actualidad","webmasterTools":{"google-site-verification":"UA-38556648-1","msvalidate.01":"7dfe9f3f1b24437ab69f4f2559babe99","miscellaneous":""},"schema":{"@context":"https:\/\/schema.org","@graph":[{"@type":"BlogPosting","@id":"https:\/\/www.eldigitaldeasturias.com\/noticias\/cospedal-destaca-la-iniciativa-55-defensa-como-una-referencia-para-la-promocion-del-dialogo-estrategico\/#blogposting","name":"Cospedal destaca la Iniciativa 5+5 Defensa como una referencia para la promoci\u00f3n del di\u00e1logo estrat\u00e9gico - El Digital de Asturias","headline":"Cospedal destaca la Iniciativa 5+5 Defensa como una referencia para la promoci\u00f3n del di\u00e1logo estrat\u00e9gico","author":{"@id":"https:\/\/www.eldigitaldeasturias.com\/noticias\/author\/admin\/#author"},"publisher":{"@id":"https:\/\/www.eldigitaldeasturias.com\/noticias\/#organization"},"image":{"@type":"ImageObject","url":962792},"datePublished":"2017-12-12T23:04:58+01:00","dateModified":"2017-12-12T23:04:58+01:00","inLanguage":"es-ES","mainEntityOfPage":{"@id":"https:\/\/www.eldigitaldeasturias.com\/noticias\/cospedal-destaca-la-iniciativa-55-defensa-como-una-referencia-para-la-promocion-del-dialogo-estrategico\/#webpage"},"isPartOf":{"@id":"https:\/\/www.eldigitaldeasturias.com\/noticias\/cospedal-destaca-la-iniciativa-55-defensa-como-una-referencia-para-la-promocion-del-dialogo-estrategico\/#webpage"},"articleSection":"Actualidad"},{"@type":"BreadcrumbList","@id":"https:\/\/www.eldigitaldeasturias.com\/noticias\/cospedal-destaca-la-iniciativa-55-defensa-como-una-referencia-para-la-promocion-del-dialogo-estrategico\/#breadcrumblist","itemListElement":[{"@type":"ListItem","@id":"https:\/\/www.eldigitaldeasturias.com\/noticias#listItem","position":1,"name":"Home","item":"https:\/\/www.eldigitaldeasturias.com\/noticias","nextItem":{"@type":"ListItem","@id":"https:\/\/www.eldigitaldeasturias.com\/noticias\/category\/actualidad\/#listItem","name":"Actualidad"}},{"@type":"ListItem","@id":"https:\/\/www.eldigitaldeasturias.com\/noticias\/category\/actualidad\/#listItem","position":2,"name":"Actualidad","item":"https:\/\/www.eldigitaldeasturias.com\/noticias\/category\/actualidad\/","nextItem":{"@type":"ListItem","@id":"https:\/\/www.eldigitaldeasturias.com\/noticias\/cospedal-destaca-la-iniciativa-55-defensa-como-una-referencia-para-la-promocion-del-dialogo-estrategico\/#listItem","name":"Cospedal destaca la Iniciativa 5+5 Defensa como una referencia para la promoci\u00f3n del di\u00e1logo estrat\u00e9gico"},"previousItem":{"@type":"ListItem","@id":"https:\/\/www.eldigitaldeasturias.com\/noticias#listItem","name":"Home"}},{"@type":"ListItem","@id":"https:\/\/www.eldigitaldeasturias.com\/noticias\/cospedal-destaca-la-iniciativa-55-defensa-como-una-referencia-para-la-promocion-del-dialogo-estrategico\/#listItem","position":3,"name":"Cospedal destaca la Iniciativa 5+5 Defensa como una referencia para la promoci\u00f3n del di\u00e1logo estrat\u00e9gico","previousItem":{"@type":"ListItem","@id":"https:\/\/www.eldigitaldeasturias.com\/noticias\/category\/actualidad\/#listItem","name":"Actualidad"}}]},{"@type":"Organization","@id":"https:\/\/www.eldigitaldeasturias.com\/noticias\/#organization","name":"El Digital de Asturias","description":"Hemeroteca","url":"https:\/\/www.eldigitaldeasturias.com\/noticias\/","email":"info@eldigitaldeasturias.com","telephone":"+34652131393","logo":{"@type":"ImageObject","url":"https:\/\/www.eldigitaldeasturias.com\/noticias\/wp-content\/uploads\/2020\/12\/EDA.jpg","@id":"https:\/\/www.eldigitaldeasturias.com\/noticias\/cospedal-destaca-la-iniciativa-55-defensa-como-una-referencia-para-la-promocion-del-dialogo-estrategico\/#organizationLogo"},"image":{"@id":"https:\/\/www.eldigitaldeasturias.com\/noticias\/cospedal-destaca-la-iniciativa-55-defensa-como-una-referencia-para-la-promocion-del-dialogo-estrategico\/#organizationLogo"},"sameAs":["https:\/\/facebook.com\/eldigitaldeasturias","https:\/\/www.youtube.com\/channel\/UCZP-2wLEB9Rv6erhFmqVnvg"],"address":{"@id":"https:\/\/www.eldigitaldeasturias.com\/noticias\/#postaladdress","@type":"PostalAddress","streetAddress":"san antonio 4","postalCode":"33430","addressLocality":"Cand\u00e1s","addressRegion":"Asturias","addressCountry":"ES"}},{"@type":"Person","@id":"https:\/\/www.eldigitaldeasturias.com\/noticias\/author\/admin\/#author","url":"https:\/\/www.eldigitaldeasturias.com\/noticias\/author\/admin\/","name":"El Digital de Asturias","image":{"@type":"ImageObject","@id":"https:\/\/www.eldigitaldeasturias.com\/noticias\/cospedal-destaca-la-iniciativa-55-defensa-como-una-referencia-para-la-promocion-del-dialogo-estrategico\/#authorImage","url":"https:\/\/secure.gravatar.com\/avatar\/df2aeffc32bcd13f8d26072ef8a91b623d677766deac7f97ca815868cd41bf5e?s=96&d=mm&r=g","width":96,"height":96,"caption":"El Digital de Asturias"}},{"@type":"WebPage","@id":"https:\/\/www.eldigitaldeasturias.com\/noticias\/cospedal-destaca-la-iniciativa-55-defensa-como-una-referencia-para-la-promocion-del-dialogo-estrategico\/#webpage","url":"https:\/\/www.eldigitaldeasturias.com\/noticias\/cospedal-destaca-la-iniciativa-55-defensa-como-una-referencia-para-la-promocion-del-dialogo-estrategico\/","name":"Cospedal destaca la Iniciativa 5+5 Defensa como una referencia para la promoci\u00f3n del di\u00e1logo estrat\u00e9gico - El Digital de Asturias","description":"La ministra de Defensa, Mar\u00eda Dolores de Cospedal, ha participado en Par\u00eds en la reuni\u00f3n de clausura de la presidencia francesa de la Iniciativa 5+5 Defensa, en la que ha destacado c\u00f3mo este grupo se ha convertido en un foro indispensable de di\u00e1logo estrat\u00e9gico para la seguridad y estabilidad del Mediterr\u00e1neo Occidental. Mar\u00eda Dolores de","inLanguage":"es-ES","isPartOf":{"@id":"https:\/\/www.eldigitaldeasturias.com\/noticias\/#website"},"breadcrumb":{"@id":"https:\/\/www.eldigitaldeasturias.com\/noticias\/cospedal-destaca-la-iniciativa-55-defensa-como-una-referencia-para-la-promocion-del-dialogo-estrategico\/#breadcrumblist"},"author":{"@id":"https:\/\/www.eldigitaldeasturias.com\/noticias\/author\/admin\/#author"},"creator":{"@id":"https:\/\/www.eldigitaldeasturias.com\/noticias\/author\/admin\/#author"},"image":{"@type":"ImageObject","url":962792,"@id":"https:\/\/www.eldigitaldeasturias.com\/noticias\/cospedal-destaca-la-iniciativa-55-defensa-como-una-referencia-para-la-promocion-del-dialogo-estrategico\/#mainImage"},"primaryImageOfPage":{"@id":"https:\/\/www.eldigitaldeasturias.com\/noticias\/cospedal-destaca-la-iniciativa-55-defensa-como-una-referencia-para-la-promocion-del-dialogo-estrategico\/#mainImage"},"datePublished":"2017-12-12T23:04:58+01:00","dateModified":"2017-12-12T23:04:58+01:00"},{"@type":"WebSite","@id":"https:\/\/www.eldigitaldeasturias.com\/noticias\/#website","url":"https:\/\/www.eldigitaldeasturias.com\/noticias\/","name":"El Digital de Asturias - Diario de actualidad y noticias","alternateName":"El Digital de Asturias - Diario de actualidad y noticias","description":"Hemeroteca","inLanguage":"es-ES","publisher":{"@id":"https:\/\/www.eldigitaldeasturias.com\/noticias\/#organization"}}]},"og:locale":"es_ES","og:site_name":"El Digital de Asturias","og:type":"article","og:title":"Cospedal destaca la Iniciativa 5+5 Defensa como una referencia para la promoci\u00f3n del di\u00e1logo estrat\u00e9gico - El Digital de Asturias","og:description":"La ministra de Defensa, Mar\u00eda Dolores de Cospedal, ha participado en Par\u00eds en la reuni\u00f3n de clausura de la presidencia francesa de la Iniciativa 5+5 Defensa, en la que ha destacado c\u00f3mo este grupo se ha convertido en un foro indispensable de di\u00e1logo estrat\u00e9gico para la seguridad y estabilidad del Mediterr\u00e1neo Occidental. Mar\u00eda Dolores de","og:url":"https:\/\/www.eldigitaldeasturias.com\/noticias\/cospedal-destaca-la-iniciativa-55-defensa-como-una-referencia-para-la-promocion-del-dialogo-estrategico\/","article:tag":["actualidad"],"article:published_time":"2017-12-12T23:04:58+00:00","article:modified_time":"2017-12-12T23:04:58+00:00","article:publisher":"https:\/\/facebook.com\/eldigitaldeasturias","twitter:card":"summary_large_image","twitter:title":"Cospedal destaca la Iniciativa 5+5 Defensa como una referencia para la promoci\u00f3n del di\u00e1logo estrat\u00e9gico - El Digital de Asturias","twitter:description":"La ministra de Defensa, Mar\u00eda Dolores de Cospedal, ha participado en Par\u00eds en la reuni\u00f3n de clausura de la presidencia francesa de la Iniciativa 5+5 Defensa, en la que ha destacado c\u00f3mo este grupo se ha convertido en un foro indispensable de di\u00e1logo estrat\u00e9gico para la seguridad y estabilidad del Mediterr\u00e1neo Occidental. Mar\u00eda Dolores de","twitter:image":"https:\/\/www.eldigitaldeasturias.com\/noticias\/wp-content\/uploads\/2020\/12\/EDA-1.jpg","twitter:label1":"Escrito por","twitter:data1":"El Digital de Asturias","twitter:label2":"Tiempo de lectura estimado","twitter:data2":"2 minutos"},"aioseo_meta_data":{"post_id":"963181","title":null,"description":null,"keywords":null,"keyphrases":null,"primary_term":null,"canonical_url":null,"og_title":null,"og_description":null,"og_object_type":"default","og_image_type":"default","og_image_url":null,"og_image_width":null,"og_image_height":null,"og_image_custom_url":null,"og_image_custom_fields":null,"og_video":null,"og_custom_url":null,"og_article_section":null,"og_article_tags":null,"twitter_use_og":false,"twitter_card":"default","twitter_image_type":"default","twitter_image_url":null,"twitter_image_custom_url":null,"twitter_image_custom_fields":null,"twitter_title":null,"twitter_description":null,"schema":{"blockGraphs":[],"customGraphs":[],"default":{"data":{"Article":[],"Course":[],"Dataset":[],"FAQPage":[],"Movie":[],"Person":[],"Product":[],"ProductReview":[],"Car":[],"Recipe":[],"Service":[],"SoftwareApplication":[],"WebPage":[]},"graphName":"","isEnabled":true},"graphs":[],"defaultGraph":"","defaultPostTypeGraph":""},"schema_type":null,"schema_type_options":null,"pillar_content":false,"robots_default":true,"robots_noindex":false,"robots_noarchive":false,"robots_nosnippet":false,"robots_nofollow":false,"robots_noimageindex":false,"robots_noodp":false,"robots_notranslate":false,"robots_max_snippet":null,"robots_max_videopreview":null,"robots_max_imagepreview":"large","priority":null,"frequency":null,"local_seo":null,"seo_analyzer_scan_date":"2025-12-07 15:10:08","breadcrumb_settings":null,"limit_modified_date":false,"open_ai":null,"ai":null,"created":"2020-12-21 12:44:40","updated":"2025-12-07 15:10:08","focus_keyword":null,"additional_keywords":null,"truseo_locale":null},"aioseo_breadcrumb":"<div class=\"aioseo-breadcrumbs\"><span class=\"aioseo-breadcrumb\">\n\t<a href=\"https:\/\/www.eldigitaldeasturias.com\/noticias\" title=\"Home\">Home<\/a>\n<\/span><span class=\"aioseo-breadcrumb-separator\">\u2013<\/span><span class=\"aioseo-breadcrumb\">\n\t<a href=\"https:\/\/www.eldigitaldeasturias.com\/noticias\/category\/actualidad\/\" title=\"Actualidad\">Actualidad<\/a>\n<\/span><span class=\"aioseo-breadcrumb-separator\">\u2013<\/span><span class=\"aioseo-breadcrumb\">\n\t<a href=\"https:\/\/www.eldigitaldeasturias.com\/noticias\/cospedal-destaca-la-iniciativa-55-defensa-como-una-referencia-para-la-promocion-del-dialogo-estrategico\/\" title=\"Cospedal destaca la Iniciativa 5+5 Defensa como una referencia para la promoci\u00f3n del di\u00e1logo estrat\u00e9gico\">Cospedal destaca la Iniciativa 5+5 Defensa como una referencia para la promoci\u00f3n del di\u00e1logo estrat\u00e9gico<\/a>\n<\/span><\/div>","aioseo_breadcrumb_json":[{"label":"Home","link":"https:\/\/www.eldigitaldeasturias.com\/noticias"},{"label":"Actualidad","link":"https:\/\/www.eldigitaldeasturias.com\/noticias\/category\/actualidad\/"},{"label":"Cospedal destaca la Iniciativa 5+5 Defensa como una referencia para la promoci\u00f3n del di\u00e1logo estrat\u00e9gico","link":"https:\/\/www.eldigitaldeasturias.com\/noticias\/cospedal-destaca-la-iniciativa-55-defensa-como-una-referencia-para-la-promocion-del-dialogo-estrategico\/"}],"_links":{"self":[{"href":"https:\/\/www.eldigitaldeasturias.com\/noticias\/wp-json\/wp\/v2\/posts\/963181","targetHints":{"allow":["GET"]}}],"collection":[{"href":"https:\/\/www.eldigitaldeasturias.com\/noticias\/wp-json\/wp\/v2\/posts"}],"about":[{"href":"https:\/\/www.eldigitaldeasturias.com\/noticias\/wp-json\/wp\/v2\/types\/post"}],"author":[{"embeddable":true,"href":"https:\/\/www.eldigitaldeasturias.com\/noticias\/wp-json\/wp\/v2\/users\/1"}],"replies":[{"embeddable":true,"href":"https:\/\/www.eldigitaldeasturias.com\/noticias\/wp-json\/wp\/v2\/comments?post=963181"}],"version-history":[{"count":0,"href":"https:\/\/www.eldigitaldeasturias.com\/noticias\/wp-json\/wp\/v2\/posts\/963181\/revisions"}],"wp:attachment":[{"href":"https:\/\/www.eldigitaldeasturias.com\/noticias\/wp-json\/wp\/v2\/media?parent=963181"}],"wp:term":[{"taxonomy":"category","embeddable":true,"href":"https:\/\/www.eldigitaldeasturias.com\/noticias\/wp-json\/wp\/v2\/categories?post=963181"},{"taxonomy":"post_tag","embeddable":true,"href":"https:\/\/www.eldigitaldeasturias.com\/noticias\/wp-json\/wp\/v2\/tags?post=963181"}],"curies":[{"name":"wp","href":"https:\/\/api.w.org\/{rel}","templated":true}]}}