{"id":963176,"date":"2017-12-12T22:57:36","date_gmt":"2017-12-12T22:57:36","guid":{"rendered":"http:\/\/www.eldigitaldeasturias.com\/noticias\/?p=963176"},"modified":"2017-12-12T22:57:36","modified_gmt":"2017-12-12T22:57:36","slug":"espana-y-japon-celebran-sus-150-anos-de-relaciones-diplomaticas","status":"publish","type":"post","link":"https:\/\/www.eldigitaldeasturias.com\/noticias\/espana-y-japon-celebran-sus-150-anos-de-relaciones-diplomaticas\/","title":{"rendered":"Espa\u00f1a y Jap\u00f3n celebran sus 150 a\u00f1os de relaciones diplom\u00e1ticas"},"content":{"rendered":"<p><img loading=\"lazy\" decoding=\"async\" class=\"size-medium wp-image-958670 alignleft\" src=\"https:\/\/www.eldigitaldeasturias.com\/noticias\/wp-content\/uploads\/2017\/11\/Exteriores2_Interior-360x239.jpg\" alt=\"\" width=\"360\" height=\"239\" \/>Espa\u00f1a y Jap\u00f3n celebrar\u00e1n el pr\u00f3ximo a\u00f1o el 150 aniversario del establecimiento de relaciones diplom\u00e1ticas.<\/p>\n<p>Aunque las relaciones hist\u00f3ricas entre ambos pa\u00edses se remontan al a\u00f1o 1549, con la llegada de San Francisco Javier a la isla de Kyushu, las relaciones diplom\u00e1ticas entre Espa\u00f1a y Jap\u00f3n se establecieron el 12 de noviembre de 1868, con la firma del Tratado hispano-japon\u00e9s de Amistad, Comercio y Navegaci\u00f3n, en un periodo hist\u00f3rico de profundos cambios en ambos pa\u00edses y aspiraciones compartidas de apertura internacional.<\/p>\n<p>Con motivo de esta efem\u00e9ride se ha previsto el desarrollo a lo largo de 2018 de un amplio programa de encuentros de alto nivel, actividades econ\u00f3micas, culturales y entre sociedades civiles, a trav\u00e9s de un gran n\u00famero de exposiciones, festivales, representaciones art\u00edsticas y seminarios en ambos pa\u00edses. Dentro del amplio programa de actividades previsto en Jap\u00f3n destaca la exposici\u00f3n \u00abVel\u00e1zquez y la celebraci\u00f3n de la pintura. El Siglo de Oro en el Museo del Prado\u00bb, que se inaugurar\u00e1 en Tokio en febrero del pr\u00f3ximo a\u00f1o. Jap\u00f3n presentar\u00e1 igualmente en 2018 un nutrido programa de actividades culturales en nuestro pa\u00eds.<\/p>\n<p>Las conmemoraciones del aniversario parten de una iniciativa conjunta hispano-japonesa, orientada a intensificar y revalorizar las relaciones bilaterales en todos los \u00e1mbitos. La ceremonia oficial de inauguraci\u00f3n del 150 aniversario en Espa\u00f1a tendr\u00e1 lugar el 16 de enero en Madrid y el 23 de enero en Tokio, con la participaci\u00f3n de autoridades espa\u00f1olas y japonesas y personalidades de la vida civil vinculadas al fomento de las relaciones bilaterales.<\/p>\n<p>Las conmemoraciones del 150 aniversario se producen en un momento muy destacado para las relaciones bilaterales tras el nuevo ciclo iniciado con el viaje de Estado de Sus Majestades los Reyes a Jap\u00f3n en abril de 2017, en el que se volvi\u00f3 a poner de manifiesto el alto grado de sinton\u00eda entre ambos pa\u00edses y la vinculaci\u00f3n cada vez m\u00e1s importante en materia econ\u00f3mica y comercial, de ciencia y tecnolog\u00eda y entre ambas sociedades civiles.<\/p>\n<p>Jap\u00f3n es en la actualidad el segundo socio comercial de Espa\u00f1a en Asia y Espa\u00f1a es el sexto suministrador a Jap\u00f3n entre los pa\u00edses de la UE. En 2016 se ha superado la cifra de 6.000 millones de euros en intercambios comerciales y el n\u00famero de visitantes japoneses a Espa\u00f1a alcanz\u00f3 los m\u00e1s de 473.000 turistas, situando a Jap\u00f3n como el principal mercado emisor de turistas asi\u00e1ticos a Espa\u00f1a. Cerca de 100.000 espa\u00f1oles visitaron Jap\u00f3n en el \u00faltimo a\u00f1o.<\/p>\n<p>Las actividades de los programas en Espa\u00f1a y Jap\u00f3n para el 150 aniversario vienen unificadas por un logo compartido que recoge los colores de ambos pa\u00edses y propone un puente de uni\u00f3n multidimensional entre ambas sociedades a trav\u00e9s del mar y del tiempo.<\/p>\n","protected":false},"excerpt":{"rendered":"<p>Espa\u00f1a y Jap\u00f3n celebrar\u00e1n el pr\u00f3ximo a\u00f1o el 150 aniversario del establecimiento de relaciones diplom\u00e1ticas. Aunque las relaciones hist\u00f3ricas entre ambos pa\u00edses se remontan al a\u00f1o 1549, con la llegada de San Francisco Javier a la isla de Kyushu, las relaciones diplom\u00e1ticas entre Espa\u00f1a y Jap\u00f3n se establecieron el 12 de noviembre de 1868, con [&hellip;]<\/p>\n","protected":false},"author":1,"featured_media":958670,"comment_status":"closed","ping_status":"closed","sticky":false,"template":"","format":"standard","meta":{"footnotes":""},"categories":[1],"tags":[],"class_list":["post-963176","post","type-post","status-publish","format-standard","has-post-thumbnail","hentry","category-actualidad"],"aioseo_notices":[],"aioseo_head":"\n\t\t<!-- All in One SEO Pro 5.0.1 - aioseo.com -->\n\t<meta name=\"description\" content=\"Espa\u00f1a y Jap\u00f3n celebrar\u00e1n el pr\u00f3ximo a\u00f1o el 150 aniversario del establecimiento de relaciones diplom\u00e1ticas. Aunque las relaciones hist\u00f3ricas entre ambos pa\u00edses se remontan al a\u00f1o 1549, con la llegada de San Francisco Javier a la isla de Kyushu, las relaciones diplom\u00e1ticas entre Espa\u00f1a y Jap\u00f3n se establecieron el 12 de noviembre de 1868, con\" \/>\n\t<meta name=\"robots\" content=\"max-image-preview:large\" \/>\n\t<meta name=\"author\" content=\"El Digital de Asturias\"\/>\n\t<meta name=\"google-site-verification\" content=\"UA-38556648-1\" \/>\n\t<meta name=\"msvalidate.01\" content=\"7dfe9f3f1b24437ab69f4f2559babe99\" \/>\n\t<meta name=\"keywords\" content=\"actualidad\" \/>\n\t<link rel=\"canonical\" href=\"https:\/\/www.eldigitaldeasturias.com\/noticias\/espana-y-japon-celebran-sus-150-anos-de-relaciones-diplomaticas\/\" \/>\n\t<meta name=\"generator\" content=\"All in One SEO Pro (AIOSEO) 5.0.1\" \/>\n\t\t<meta property=\"og:locale\" content=\"es_ES\" \/>\n\t\t<meta property=\"og:site_name\" content=\"El Digital de Asturias\" \/>\n\t\t<meta property=\"og:type\" content=\"article\" \/>\n\t\t<meta property=\"og:title\" content=\"Espa\u00f1a y Jap\u00f3n celebran sus 150 a\u00f1os de relaciones diplom\u00e1ticas - El Digital de Asturias\" \/>\n\t\t<meta property=\"og:description\" content=\"Espa\u00f1a y Jap\u00f3n celebrar\u00e1n el pr\u00f3ximo a\u00f1o el 150 aniversario del establecimiento de relaciones diplom\u00e1ticas. Aunque las relaciones hist\u00f3ricas entre ambos pa\u00edses se remontan al a\u00f1o 1549, con la llegada de San Francisco Javier a la isla de Kyushu, las relaciones diplom\u00e1ticas entre Espa\u00f1a y Jap\u00f3n se establecieron el 12 de noviembre de 1868, con\" \/>\n\t\t<meta property=\"og:url\" content=\"https:\/\/www.eldigitaldeasturias.com\/noticias\/espana-y-japon-celebran-sus-150-anos-de-relaciones-diplomaticas\/\" \/>\n\t\t<meta property=\"article:tag\" content=\"actualidad\" \/>\n\t\t<meta property=\"article:published_time\" content=\"2017-12-12T22:57:36+00:00\" \/>\n\t\t<meta property=\"article:modified_time\" content=\"2017-12-12T22:57:36+00:00\" \/>\n\t\t<meta property=\"article:publisher\" content=\"https:\/\/facebook.com\/eldigitaldeasturias\" \/>\n\t\t<meta name=\"twitter:card\" content=\"summary_large_image\" \/>\n\t\t<meta name=\"twitter:title\" content=\"Espa\u00f1a y Jap\u00f3n celebran sus 150 a\u00f1os de relaciones diplom\u00e1ticas - El Digital de Asturias\" \/>\n\t\t<meta name=\"twitter:description\" content=\"Espa\u00f1a y Jap\u00f3n celebrar\u00e1n el pr\u00f3ximo a\u00f1o el 150 aniversario del establecimiento de relaciones diplom\u00e1ticas. Aunque las relaciones hist\u00f3ricas entre ambos pa\u00edses se remontan al a\u00f1o 1549, con la llegada de San Francisco Javier a la isla de Kyushu, las relaciones diplom\u00e1ticas entre Espa\u00f1a y Jap\u00f3n se establecieron el 12 de noviembre de 1868, con\" \/>\n\t\t<meta name=\"twitter:image\" content=\"https:\/\/www.eldigitaldeasturias.com\/noticias\/wp-content\/uploads\/2020\/12\/EDA-1.jpg\" \/>\n\t\t<meta name=\"twitter:label1\" content=\"Escrito por\" \/>\n\t\t<meta name=\"twitter:data1\" content=\"El Digital de Asturias\" \/>\n\t\t<meta name=\"twitter:label2\" content=\"Tiempo de lectura estimado\" \/>\n\t\t<meta name=\"twitter:data2\" content=\"2 minutos\" \/>\n\t\t<script type=\"application\/ld+json\" class=\"aioseo-schema\">\n\t\t\t{\"@context\":\"https:\\\/\\\/schema.org\",\"@graph\":[{\"@type\":\"BlogPosting\",\"@id\":\"https:\\\/\\\/www.eldigitaldeasturias.com\\\/noticias\\\/espana-y-japon-celebran-sus-150-anos-de-relaciones-diplomaticas\\\/#blogposting\",\"name\":\"Espa\\u00f1a y Jap\\u00f3n celebran sus 150 a\\u00f1os de relaciones diplom\\u00e1ticas - El Digital de Asturias\",\"headline\":\"Espa\\u00f1a y Jap\\u00f3n celebran sus 150 a\\u00f1os de relaciones diplom\\u00e1ticas\",\"author\":{\"@id\":\"https:\\\/\\\/www.eldigitaldeasturias.com\\\/noticias\\\/author\\\/admin\\\/#author\"},\"publisher\":{\"@id\":\"https:\\\/\\\/www.eldigitaldeasturias.com\\\/noticias\\\/#organization\"},\"image\":{\"@type\":\"ImageObject\",\"url\":958670},\"datePublished\":\"2017-12-12T22:57:36+01:00\",\"dateModified\":\"2017-12-12T22:57:36+01:00\",\"inLanguage\":\"es-ES\",\"mainEntityOfPage\":{\"@id\":\"https:\\\/\\\/www.eldigitaldeasturias.com\\\/noticias\\\/espana-y-japon-celebran-sus-150-anos-de-relaciones-diplomaticas\\\/#webpage\"},\"isPartOf\":{\"@id\":\"https:\\\/\\\/www.eldigitaldeasturias.com\\\/noticias\\\/espana-y-japon-celebran-sus-150-anos-de-relaciones-diplomaticas\\\/#webpage\"},\"articleSection\":\"Actualidad\"},{\"@type\":\"BreadcrumbList\",\"@id\":\"https:\\\/\\\/www.eldigitaldeasturias.com\\\/noticias\\\/espana-y-japon-celebran-sus-150-anos-de-relaciones-diplomaticas\\\/#breadcrumblist\",\"itemListElement\":[{\"@type\":\"ListItem\",\"@id\":\"https:\\\/\\\/www.eldigitaldeasturias.com\\\/noticias#listItem\",\"position\":1,\"name\":\"Home\",\"item\":\"https:\\\/\\\/www.eldigitaldeasturias.com\\\/noticias\",\"nextItem\":{\"@type\":\"ListItem\",\"@id\":\"https:\\\/\\\/www.eldigitaldeasturias.com\\\/noticias\\\/category\\\/actualidad\\\/#listItem\",\"name\":\"Actualidad\"}},{\"@type\":\"ListItem\",\"@id\":\"https:\\\/\\\/www.eldigitaldeasturias.com\\\/noticias\\\/category\\\/actualidad\\\/#listItem\",\"position\":2,\"name\":\"Actualidad\",\"item\":\"https:\\\/\\\/www.eldigitaldeasturias.com\\\/noticias\\\/category\\\/actualidad\\\/\",\"nextItem\":{\"@type\":\"ListItem\",\"@id\":\"https:\\\/\\\/www.eldigitaldeasturias.com\\\/noticias\\\/espana-y-japon-celebran-sus-150-anos-de-relaciones-diplomaticas\\\/#listItem\",\"name\":\"Espa\\u00f1a y Jap\\u00f3n celebran sus 150 a\\u00f1os de relaciones diplom\\u00e1ticas\"},\"previousItem\":{\"@type\":\"ListItem\",\"@id\":\"https:\\\/\\\/www.eldigitaldeasturias.com\\\/noticias#listItem\",\"name\":\"Home\"}},{\"@type\":\"ListItem\",\"@id\":\"https:\\\/\\\/www.eldigitaldeasturias.com\\\/noticias\\\/espana-y-japon-celebran-sus-150-anos-de-relaciones-diplomaticas\\\/#listItem\",\"position\":3,\"name\":\"Espa\\u00f1a y Jap\\u00f3n celebran sus 150 a\\u00f1os de relaciones diplom\\u00e1ticas\",\"previousItem\":{\"@type\":\"ListItem\",\"@id\":\"https:\\\/\\\/www.eldigitaldeasturias.com\\\/noticias\\\/category\\\/actualidad\\\/#listItem\",\"name\":\"Actualidad\"}}]},{\"@type\":\"Organization\",\"@id\":\"https:\\\/\\\/www.eldigitaldeasturias.com\\\/noticias\\\/#organization\",\"name\":\"El Digital de Asturias\",\"description\":\"Hemeroteca\",\"url\":\"https:\\\/\\\/www.eldigitaldeasturias.com\\\/noticias\\\/\",\"email\":\"info@eldigitaldeasturias.com\",\"telephone\":\"+34652131393\",\"logo\":{\"@type\":\"ImageObject\",\"url\":\"https:\\\/\\\/www.eldigitaldeasturias.com\\\/noticias\\\/wp-content\\\/uploads\\\/2020\\\/12\\\/EDA.jpg\",\"@id\":\"https:\\\/\\\/www.eldigitaldeasturias.com\\\/noticias\\\/espana-y-japon-celebran-sus-150-anos-de-relaciones-diplomaticas\\\/#organizationLogo\"},\"image\":{\"@id\":\"https:\\\/\\\/www.eldigitaldeasturias.com\\\/noticias\\\/espana-y-japon-celebran-sus-150-anos-de-relaciones-diplomaticas\\\/#organizationLogo\"},\"sameAs\":[\"https:\\\/\\\/facebook.com\\\/eldigitaldeasturias\",\"https:\\\/\\\/www.youtube.com\\\/channel\\\/UCZP-2wLEB9Rv6erhFmqVnvg\"],\"address\":{\"@id\":\"https:\\\/\\\/www.eldigitaldeasturias.com\\\/noticias\\\/#postaladdress\",\"@type\":\"PostalAddress\",\"streetAddress\":\"san antonio 4\",\"postalCode\":\"33430\",\"addressLocality\":\"Cand\\u00e1s\",\"addressRegion\":\"Asturias\",\"addressCountry\":\"ES\"}},{\"@type\":\"Person\",\"@id\":\"https:\\\/\\\/www.eldigitaldeasturias.com\\\/noticias\\\/author\\\/admin\\\/#author\",\"url\":\"https:\\\/\\\/www.eldigitaldeasturias.com\\\/noticias\\\/author\\\/admin\\\/\",\"name\":\"El Digital de Asturias\",\"image\":{\"@type\":\"ImageObject\",\"@id\":\"https:\\\/\\\/www.eldigitaldeasturias.com\\\/noticias\\\/espana-y-japon-celebran-sus-150-anos-de-relaciones-diplomaticas\\\/#authorImage\",\"url\":\"https:\\\/\\\/secure.gravatar.com\\\/avatar\\\/df2aeffc32bcd13f8d26072ef8a91b623d677766deac7f97ca815868cd41bf5e?s=96&d=mm&r=g\",\"width\":96,\"height\":96,\"caption\":\"El Digital de Asturias\"}},{\"@type\":\"WebPage\",\"@id\":\"https:\\\/\\\/www.eldigitaldeasturias.com\\\/noticias\\\/espana-y-japon-celebran-sus-150-anos-de-relaciones-diplomaticas\\\/#webpage\",\"url\":\"https:\\\/\\\/www.eldigitaldeasturias.com\\\/noticias\\\/espana-y-japon-celebran-sus-150-anos-de-relaciones-diplomaticas\\\/\",\"name\":\"Espa\\u00f1a y Jap\\u00f3n celebran sus 150 a\\u00f1os de relaciones diplom\\u00e1ticas - El Digital de Asturias\",\"description\":\"Espa\\u00f1a y Jap\\u00f3n celebrar\\u00e1n el pr\\u00f3ximo a\\u00f1o el 150 aniversario del establecimiento de relaciones diplom\\u00e1ticas. Aunque las relaciones hist\\u00f3ricas entre ambos pa\\u00edses se remontan al a\\u00f1o 1549, con la llegada de San Francisco Javier a la isla de Kyushu, las relaciones diplom\\u00e1ticas entre Espa\\u00f1a y Jap\\u00f3n se establecieron el 12 de noviembre de 1868, con\",\"inLanguage\":\"es-ES\",\"isPartOf\":{\"@id\":\"https:\\\/\\\/www.eldigitaldeasturias.com\\\/noticias\\\/#website\"},\"breadcrumb\":{\"@id\":\"https:\\\/\\\/www.eldigitaldeasturias.com\\\/noticias\\\/espana-y-japon-celebran-sus-150-anos-de-relaciones-diplomaticas\\\/#breadcrumblist\"},\"author\":{\"@id\":\"https:\\\/\\\/www.eldigitaldeasturias.com\\\/noticias\\\/author\\\/admin\\\/#author\"},\"creator\":{\"@id\":\"https:\\\/\\\/www.eldigitaldeasturias.com\\\/noticias\\\/author\\\/admin\\\/#author\"},\"image\":{\"@type\":\"ImageObject\",\"url\":958670,\"@id\":\"https:\\\/\\\/www.eldigitaldeasturias.com\\\/noticias\\\/espana-y-japon-celebran-sus-150-anos-de-relaciones-diplomaticas\\\/#mainImage\"},\"primaryImageOfPage\":{\"@id\":\"https:\\\/\\\/www.eldigitaldeasturias.com\\\/noticias\\\/espana-y-japon-celebran-sus-150-anos-de-relaciones-diplomaticas\\\/#mainImage\"},\"datePublished\":\"2017-12-12T22:57:36+01:00\",\"dateModified\":\"2017-12-12T22:57:36+01:00\"},{\"@type\":\"WebSite\",\"@id\":\"https:\\\/\\\/www.eldigitaldeasturias.com\\\/noticias\\\/#website\",\"url\":\"https:\\\/\\\/www.eldigitaldeasturias.com\\\/noticias\\\/\",\"name\":\"El Digital de Asturias - Diario de actualidad y noticias\",\"alternateName\":\"El Digital de Asturias - Diario de actualidad y noticias\",\"description\":\"Hemeroteca\",\"inLanguage\":\"es-ES\",\"publisher\":{\"@id\":\"https:\\\/\\\/www.eldigitaldeasturias.com\\\/noticias\\\/#organization\"}}]}\n\t\t<\/script>\n\t\t<!-- All in One SEO Pro -->\r\n\t\t<title>Espa\u00f1a y Jap\u00f3n celebran sus 150 a\u00f1os de relaciones diplom\u00e1ticas - El Digital de Asturias<\/title>\n\n","aioseo_head_json":{"title":"Espa\u00f1a y Jap\u00f3n celebran sus 150 a\u00f1os de relaciones diplom\u00e1ticas - El Digital de Asturias","description":"Espa\u00f1a y Jap\u00f3n celebrar\u00e1n el pr\u00f3ximo a\u00f1o el 150 aniversario del establecimiento de relaciones diplom\u00e1ticas. Aunque las relaciones hist\u00f3ricas entre ambos pa\u00edses se remontan al a\u00f1o 1549, con la llegada de San Francisco Javier a la isla de Kyushu, las relaciones diplom\u00e1ticas entre Espa\u00f1a y Jap\u00f3n se establecieron el 12 de noviembre de 1868, con","canonical_url":"https:\/\/www.eldigitaldeasturias.com\/noticias\/espana-y-japon-celebran-sus-150-anos-de-relaciones-diplomaticas\/","robots":"max-image-preview:large","keywords":"actualidad","webmasterTools":{"google-site-verification":"UA-38556648-1","msvalidate.01":"7dfe9f3f1b24437ab69f4f2559babe99","miscellaneous":""},"schema":{"@context":"https:\/\/schema.org","@graph":[{"@type":"BlogPosting","@id":"https:\/\/www.eldigitaldeasturias.com\/noticias\/espana-y-japon-celebran-sus-150-anos-de-relaciones-diplomaticas\/#blogposting","name":"Espa\u00f1a y Jap\u00f3n celebran sus 150 a\u00f1os de relaciones diplom\u00e1ticas - El Digital de Asturias","headline":"Espa\u00f1a y Jap\u00f3n celebran sus 150 a\u00f1os de relaciones diplom\u00e1ticas","author":{"@id":"https:\/\/www.eldigitaldeasturias.com\/noticias\/author\/admin\/#author"},"publisher":{"@id":"https:\/\/www.eldigitaldeasturias.com\/noticias\/#organization"},"image":{"@type":"ImageObject","url":958670},"datePublished":"2017-12-12T22:57:36+01:00","dateModified":"2017-12-12T22:57:36+01:00","inLanguage":"es-ES","mainEntityOfPage":{"@id":"https:\/\/www.eldigitaldeasturias.com\/noticias\/espana-y-japon-celebran-sus-150-anos-de-relaciones-diplomaticas\/#webpage"},"isPartOf":{"@id":"https:\/\/www.eldigitaldeasturias.com\/noticias\/espana-y-japon-celebran-sus-150-anos-de-relaciones-diplomaticas\/#webpage"},"articleSection":"Actualidad"},{"@type":"BreadcrumbList","@id":"https:\/\/www.eldigitaldeasturias.com\/noticias\/espana-y-japon-celebran-sus-150-anos-de-relaciones-diplomaticas\/#breadcrumblist","itemListElement":[{"@type":"ListItem","@id":"https:\/\/www.eldigitaldeasturias.com\/noticias#listItem","position":1,"name":"Home","item":"https:\/\/www.eldigitaldeasturias.com\/noticias","nextItem":{"@type":"ListItem","@id":"https:\/\/www.eldigitaldeasturias.com\/noticias\/category\/actualidad\/#listItem","name":"Actualidad"}},{"@type":"ListItem","@id":"https:\/\/www.eldigitaldeasturias.com\/noticias\/category\/actualidad\/#listItem","position":2,"name":"Actualidad","item":"https:\/\/www.eldigitaldeasturias.com\/noticias\/category\/actualidad\/","nextItem":{"@type":"ListItem","@id":"https:\/\/www.eldigitaldeasturias.com\/noticias\/espana-y-japon-celebran-sus-150-anos-de-relaciones-diplomaticas\/#listItem","name":"Espa\u00f1a y Jap\u00f3n celebran sus 150 a\u00f1os de relaciones diplom\u00e1ticas"},"previousItem":{"@type":"ListItem","@id":"https:\/\/www.eldigitaldeasturias.com\/noticias#listItem","name":"Home"}},{"@type":"ListItem","@id":"https:\/\/www.eldigitaldeasturias.com\/noticias\/espana-y-japon-celebran-sus-150-anos-de-relaciones-diplomaticas\/#listItem","position":3,"name":"Espa\u00f1a y Jap\u00f3n celebran sus 150 a\u00f1os de relaciones diplom\u00e1ticas","previousItem":{"@type":"ListItem","@id":"https:\/\/www.eldigitaldeasturias.com\/noticias\/category\/actualidad\/#listItem","name":"Actualidad"}}]},{"@type":"Organization","@id":"https:\/\/www.eldigitaldeasturias.com\/noticias\/#organization","name":"El Digital de Asturias","description":"Hemeroteca","url":"https:\/\/www.eldigitaldeasturias.com\/noticias\/","email":"info@eldigitaldeasturias.com","telephone":"+34652131393","logo":{"@type":"ImageObject","url":"https:\/\/www.eldigitaldeasturias.com\/noticias\/wp-content\/uploads\/2020\/12\/EDA.jpg","@id":"https:\/\/www.eldigitaldeasturias.com\/noticias\/espana-y-japon-celebran-sus-150-anos-de-relaciones-diplomaticas\/#organizationLogo"},"image":{"@id":"https:\/\/www.eldigitaldeasturias.com\/noticias\/espana-y-japon-celebran-sus-150-anos-de-relaciones-diplomaticas\/#organizationLogo"},"sameAs":["https:\/\/facebook.com\/eldigitaldeasturias","https:\/\/www.youtube.com\/channel\/UCZP-2wLEB9Rv6erhFmqVnvg"],"address":{"@id":"https:\/\/www.eldigitaldeasturias.com\/noticias\/#postaladdress","@type":"PostalAddress","streetAddress":"san antonio 4","postalCode":"33430","addressLocality":"Cand\u00e1s","addressRegion":"Asturias","addressCountry":"ES"}},{"@type":"Person","@id":"https:\/\/www.eldigitaldeasturias.com\/noticias\/author\/admin\/#author","url":"https:\/\/www.eldigitaldeasturias.com\/noticias\/author\/admin\/","name":"El Digital de Asturias","image":{"@type":"ImageObject","@id":"https:\/\/www.eldigitaldeasturias.com\/noticias\/espana-y-japon-celebran-sus-150-anos-de-relaciones-diplomaticas\/#authorImage","url":"https:\/\/secure.gravatar.com\/avatar\/df2aeffc32bcd13f8d26072ef8a91b623d677766deac7f97ca815868cd41bf5e?s=96&d=mm&r=g","width":96,"height":96,"caption":"El Digital de Asturias"}},{"@type":"WebPage","@id":"https:\/\/www.eldigitaldeasturias.com\/noticias\/espana-y-japon-celebran-sus-150-anos-de-relaciones-diplomaticas\/#webpage","url":"https:\/\/www.eldigitaldeasturias.com\/noticias\/espana-y-japon-celebran-sus-150-anos-de-relaciones-diplomaticas\/","name":"Espa\u00f1a y Jap\u00f3n celebran sus 150 a\u00f1os de relaciones diplom\u00e1ticas - El Digital de Asturias","description":"Espa\u00f1a y Jap\u00f3n celebrar\u00e1n el pr\u00f3ximo a\u00f1o el 150 aniversario del establecimiento de relaciones diplom\u00e1ticas. Aunque las relaciones hist\u00f3ricas entre ambos pa\u00edses se remontan al a\u00f1o 1549, con la llegada de San Francisco Javier a la isla de Kyushu, las relaciones diplom\u00e1ticas entre Espa\u00f1a y Jap\u00f3n se establecieron el 12 de noviembre de 1868, con","inLanguage":"es-ES","isPartOf":{"@id":"https:\/\/www.eldigitaldeasturias.com\/noticias\/#website"},"breadcrumb":{"@id":"https:\/\/www.eldigitaldeasturias.com\/noticias\/espana-y-japon-celebran-sus-150-anos-de-relaciones-diplomaticas\/#breadcrumblist"},"author":{"@id":"https:\/\/www.eldigitaldeasturias.com\/noticias\/author\/admin\/#author"},"creator":{"@id":"https:\/\/www.eldigitaldeasturias.com\/noticias\/author\/admin\/#author"},"image":{"@type":"ImageObject","url":958670,"@id":"https:\/\/www.eldigitaldeasturias.com\/noticias\/espana-y-japon-celebran-sus-150-anos-de-relaciones-diplomaticas\/#mainImage"},"primaryImageOfPage":{"@id":"https:\/\/www.eldigitaldeasturias.com\/noticias\/espana-y-japon-celebran-sus-150-anos-de-relaciones-diplomaticas\/#mainImage"},"datePublished":"2017-12-12T22:57:36+01:00","dateModified":"2017-12-12T22:57:36+01:00"},{"@type":"WebSite","@id":"https:\/\/www.eldigitaldeasturias.com\/noticias\/#website","url":"https:\/\/www.eldigitaldeasturias.com\/noticias\/","name":"El Digital de Asturias - Diario de actualidad y noticias","alternateName":"El Digital de Asturias - Diario de actualidad y noticias","description":"Hemeroteca","inLanguage":"es-ES","publisher":{"@id":"https:\/\/www.eldigitaldeasturias.com\/noticias\/#organization"}}]},"og:locale":"es_ES","og:site_name":"El Digital de Asturias","og:type":"article","og:title":"Espa\u00f1a y Jap\u00f3n celebran sus 150 a\u00f1os de relaciones diplom\u00e1ticas - El Digital de Asturias","og:description":"Espa\u00f1a y Jap\u00f3n celebrar\u00e1n el pr\u00f3ximo a\u00f1o el 150 aniversario del establecimiento de relaciones diplom\u00e1ticas. Aunque las relaciones hist\u00f3ricas entre ambos pa\u00edses se remontan al a\u00f1o 1549, con la llegada de San Francisco Javier a la isla de Kyushu, las relaciones diplom\u00e1ticas entre Espa\u00f1a y Jap\u00f3n se establecieron el 12 de noviembre de 1868, con","og:url":"https:\/\/www.eldigitaldeasturias.com\/noticias\/espana-y-japon-celebran-sus-150-anos-de-relaciones-diplomaticas\/","article:tag":["actualidad"],"article:published_time":"2017-12-12T22:57:36+00:00","article:modified_time":"2017-12-12T22:57:36+00:00","article:publisher":"https:\/\/facebook.com\/eldigitaldeasturias","twitter:card":"summary_large_image","twitter:title":"Espa\u00f1a y Jap\u00f3n celebran sus 150 a\u00f1os de relaciones diplom\u00e1ticas - El Digital de Asturias","twitter:description":"Espa\u00f1a y Jap\u00f3n celebrar\u00e1n el pr\u00f3ximo a\u00f1o el 150 aniversario del establecimiento de relaciones diplom\u00e1ticas. Aunque las relaciones hist\u00f3ricas entre ambos pa\u00edses se remontan al a\u00f1o 1549, con la llegada de San Francisco Javier a la isla de Kyushu, las relaciones diplom\u00e1ticas entre Espa\u00f1a y Jap\u00f3n se establecieron el 12 de noviembre de 1868, con","twitter:image":"https:\/\/www.eldigitaldeasturias.com\/noticias\/wp-content\/uploads\/2020\/12\/EDA-1.jpg","twitter:label1":"Escrito por","twitter:data1":"El Digital de Asturias","twitter:label2":"Tiempo de lectura estimado","twitter:data2":"2 minutos"},"aioseo_meta_data":{"post_id":"963176","title":null,"description":null,"keywords":null,"keyphrases":null,"primary_term":null,"canonical_url":null,"og_title":null,"og_description":null,"og_object_type":"default","og_image_type":"default","og_image_url":null,"og_image_width":null,"og_image_height":null,"og_image_custom_url":null,"og_image_custom_fields":null,"og_video":null,"og_custom_url":null,"og_article_section":null,"og_article_tags":null,"twitter_use_og":false,"twitter_card":"default","twitter_image_type":"default","twitter_image_url":null,"twitter_image_custom_url":null,"twitter_image_custom_fields":null,"twitter_title":null,"twitter_description":null,"schema":{"blockGraphs":[],"customGraphs":[],"default":{"data":{"Article":[],"Course":[],"Dataset":[],"FAQPage":[],"Movie":[],"Person":[],"Product":[],"ProductReview":[],"Car":[],"Recipe":[],"Service":[],"SoftwareApplication":[],"WebPage":[]},"graphName":"","isEnabled":true},"graphs":[],"defaultGraph":"","defaultPostTypeGraph":""},"schema_type":null,"schema_type_options":null,"pillar_content":false,"robots_default":true,"robots_noindex":false,"robots_noarchive":false,"robots_nosnippet":false,"robots_nofollow":false,"robots_noimageindex":false,"robots_noodp":false,"robots_notranslate":false,"robots_max_snippet":null,"robots_max_videopreview":null,"robots_max_imagepreview":"large","priority":null,"frequency":null,"local_seo":null,"seo_analyzer_scan_date":"2025-12-07 15:08:12","breadcrumb_settings":null,"limit_modified_date":false,"open_ai":null,"ai":null,"created":"2020-12-21 12:44:40","updated":"2025-12-07 15:08:12","focus_keyword":null,"additional_keywords":null,"truseo_locale":null},"aioseo_breadcrumb":"<div class=\"aioseo-breadcrumbs\"><span class=\"aioseo-breadcrumb\">\n\t<a href=\"https:\/\/www.eldigitaldeasturias.com\/noticias\" title=\"Home\">Home<\/a>\n<\/span><span class=\"aioseo-breadcrumb-separator\">\u2013<\/span><span class=\"aioseo-breadcrumb\">\n\t<a href=\"https:\/\/www.eldigitaldeasturias.com\/noticias\/category\/actualidad\/\" title=\"Actualidad\">Actualidad<\/a>\n<\/span><span class=\"aioseo-breadcrumb-separator\">\u2013<\/span><span class=\"aioseo-breadcrumb\">\n\t<a href=\"https:\/\/www.eldigitaldeasturias.com\/noticias\/espana-y-japon-celebran-sus-150-anos-de-relaciones-diplomaticas\/\" title=\"Espa\u00f1a y Jap\u00f3n celebran sus 150 a\u00f1os de relaciones diplom\u00e1ticas\">Espa\u00f1a y Jap\u00f3n celebran sus 150 a\u00f1os de relaciones diplom\u00e1ticas<\/a>\n<\/span><\/div>","aioseo_breadcrumb_json":[{"label":"Home","link":"https:\/\/www.eldigitaldeasturias.com\/noticias"},{"label":"Actualidad","link":"https:\/\/www.eldigitaldeasturias.com\/noticias\/category\/actualidad\/"},{"label":"Espa\u00f1a y Jap\u00f3n celebran sus 150 a\u00f1os de relaciones diplom\u00e1ticas","link":"https:\/\/www.eldigitaldeasturias.com\/noticias\/espana-y-japon-celebran-sus-150-anos-de-relaciones-diplomaticas\/"}],"_links":{"self":[{"href":"https:\/\/www.eldigitaldeasturias.com\/noticias\/wp-json\/wp\/v2\/posts\/963176","targetHints":{"allow":["GET"]}}],"collection":[{"href":"https:\/\/www.eldigitaldeasturias.com\/noticias\/wp-json\/wp\/v2\/posts"}],"about":[{"href":"https:\/\/www.eldigitaldeasturias.com\/noticias\/wp-json\/wp\/v2\/types\/post"}],"author":[{"embeddable":true,"href":"https:\/\/www.eldigitaldeasturias.com\/noticias\/wp-json\/wp\/v2\/users\/1"}],"replies":[{"embeddable":true,"href":"https:\/\/www.eldigitaldeasturias.com\/noticias\/wp-json\/wp\/v2\/comments?post=963176"}],"version-history":[{"count":0,"href":"https:\/\/www.eldigitaldeasturias.com\/noticias\/wp-json\/wp\/v2\/posts\/963176\/revisions"}],"wp:attachment":[{"href":"https:\/\/www.eldigitaldeasturias.com\/noticias\/wp-json\/wp\/v2\/media?parent=963176"}],"wp:term":[{"taxonomy":"category","embeddable":true,"href":"https:\/\/www.eldigitaldeasturias.com\/noticias\/wp-json\/wp\/v2\/categories?post=963176"},{"taxonomy":"post_tag","embeddable":true,"href":"https:\/\/www.eldigitaldeasturias.com\/noticias\/wp-json\/wp\/v2\/tags?post=963176"}],"curies":[{"name":"wp","href":"https:\/\/api.w.org\/{rel}","templated":true}]}}