{"id":963166,"date":"2017-12-12T21:58:27","date_gmt":"2017-12-12T21:58:27","guid":{"rendered":"http:\/\/www.eldigitaldeasturias.com\/noticias\/?p=963166"},"modified":"2017-12-12T21:58:27","modified_gmt":"2017-12-12T21:58:27","slug":"el-gobierno-andaluz-modifica-la-ley-contra-la-violencia-de-genero","status":"publish","type":"post","link":"https:\/\/www.eldigitaldeasturias.com\/noticias\/el-gobierno-andaluz-modifica-la-ley-contra-la-violencia-de-genero\/","title":{"rendered":"El Gobierno andaluz modifica la Ley contra la Violencia de G\u00e9nero"},"content":{"rendered":"<p><img loading=\"lazy\" decoding=\"async\" class=\"alignleft size-medium wp-image-963167\" src=\"https:\/\/www.eldigitaldeasturias.com\/noticias\/wp-content\/uploads\/2017\/12\/1513078343382ViolenciaProteccionAmpliaci-360x240.jpg\" alt=\"\" width=\"360\" height=\"240\" \/>El Consejo de Gobierno ha aprobado el proyecto de reforma de la Ley de medidas de prevenci\u00f3n y protecci\u00f3n integral contra la Violencia de G\u00e9nero, vigente desde 2007, que ampl\u00eda el concepto de v\u00edctima e incluye la tipificaci\u00f3n de las diferentes formas de agresiones contra las mujeres. Con esta modificaci\u00f3n, Andaluc\u00eda adecuar\u00e1 su legislaci\u00f3n al convenio del Consejo de Europa de Estambul de 2011, primer instrumento vinculante de \u00e1mbito europeo en la materia. El texto, que afecta a 13 art\u00edculos de la actual norma y a\u00f1ade diez, tambi\u00e9n se adapta a los cambios de la regulaci\u00f3n estatal en aspectos como el estatuto de la v\u00edctima y la protecci\u00f3n de la infancia y la adolescencia.<\/p>\n<p>La principal novedad que se introduce es la ampliaci\u00f3n del concepto de v\u00edctima de violencia de g\u00e9nero. En este sentido, la norma andaluza resulta m\u00e1s ambiciosa que la estatal por cuanto que, adem\u00e1s de a los menores, incluye a otros colectivos como personas mayores, con discapacidad o dependientes que est\u00e9n sujetas a la tutela, guardia o custodia de la mujer v\u00edctima y que convivan en el entorno violento.<\/p>\n<p>Asimismo, y siguiendo las recomendaciones del Convenio de Estambul, el proyecto especifica los distintos actos de agresi\u00f3n y maltrato atendiendo a su &#8216;modus operandi&#8217; y al perjuicio causado, m\u00e1s all\u00e1 de la actual referencia gen\u00e9rica a las formas de la violencia (f\u00edsica, psicol\u00f3gica, econ\u00f3mica y sexual).<\/p>\n<p>De este modo, tendr\u00e1n la consideraci\u00f3n de actos de violencia de g\u00e9nero los que se producen en el \u00e1mbito de la pareja o expareja, con independencia de que exista o no convivencia; el feminicidio; las agresiones y abusos sexuales; el acoso sexual; el acoso por raz\u00f3n de sexo; la trata de mujeres y ni\u00f1as; la explotaci\u00f3n sexual; la mutilaci\u00f3n genital femenina; el matrimonio precoz o forzado; la violencia contra los derechos sexuales y reproductivos; la originada por la aplicaci\u00f3n de tradiciones culturales que atenten contra los derechos de las mujeres; la derivada de conflictos armados, y la &#8216;ciberviolencia&#8217;, as\u00ed como cualquier otra que lesione la dignidad, la integridad o la libertad de las v\u00edctimas (por ejemplo, ataques indirectos con intenci\u00f3n de da\u00f1ar o humillar).<\/p>\n<p>Respecto a la protecci\u00f3n, el proyecto de ley incorpora el derecho a recibir atenci\u00f3n adecuada sin necesidad de previa interposici\u00f3n de denuncia, una medida que ya se lleva a cabo en Andaluc\u00eda. De este modo, se garantiza el asesoramiento y el acompa\u00f1amiento a las v\u00edctimas por profesionales especializados durante el proceso judicial y, en casos de renuncia al mismo, son derivadas a los servicios especializados de la Administraci\u00f3n.<\/p>\n<p>Al plan de seguridad personal, la nueva ley a\u00f1adir\u00e1 el plan integral personal de car\u00e1cter social, que igualmente ya se realiza ofreciendo una respuesta individual a cada v\u00edctima a partir de la evaluaci\u00f3n de sus necesidades espec\u00edficas. De acuerdo con el proyecto, se elaborar\u00e1 de forma coordinada por las administraciones competentes en la materia. La actuaci\u00f3n de los servicios asistenciales y de apoyo se articula a trav\u00e9s del punto de coordinaci\u00f3n de las \u00f3rdenes de protecci\u00f3n de los \u00f3rganos judiciales.<\/p>\n<p><strong>Formaci\u00f3n y sensibilizaci\u00f3n<\/strong><\/p>\n<p>Respecto a la formaci\u00f3n, se otorga el car\u00e1cter de permanente y especializada la dirigida a profesionales y al personal de la Administraci\u00f3n auton\u00f3mica que trabaja en materia de violencia de g\u00e9nero, mientras que en el \u00e1mbito de la sensibilizaci\u00f3n se completa lo ya regulado en la actual ley al recogerse de forma expresa el compromiso de los medios de comunicaci\u00f3n de titularidad p\u00fablica de realizar campa\u00f1as de forma continuada, as\u00ed como de especificar el contenido de las mismas. Al impulso de manifestaciones culturales y art\u00edsticas ya previstas anteriormente, se a\u00f1ade ahora el de las actividades deportivas.<\/p>\n<p>En el marco de la coordinaci\u00f3n institucional, se reconocen los centros municipales de informaci\u00f3n a la mujer como unidades de referencia de atenci\u00f3n e informaci\u00f3n a las v\u00edctimas de violencia de g\u00e9nero y se establece la Ventanilla \u00fanica de violencia de g\u00e9nero como un sistema \u00fanico de atenci\u00f3n a las v\u00edctimas.<\/p>\n<p>Finalmente, la reforma aprobada regula con rango de ley el Observatorio Andaluz de la Violencia de G\u00e9nero, que funciona desde 2010. Este \u00f3rgano colegiado, en colaboraci\u00f3n con las unidades estad\u00edsticas y cartogr\u00e1ficas de las consejer\u00edas de Igualdad y Pol\u00edticas Sociales y de Justicia e Interior, se encarga de definir los indicadores necesarios para el an\u00e1lisis y la investigaci\u00f3n del problema.<\/p>\n<p>En lo que va de a\u00f1o, el Ministerio de Sanidad, Servicios Sociales e Igualdad ha contabilizado ya 46 v\u00edctimas mortales, siete de ellas en Andaluc\u00eda, y ocho menores, uno de ellos un beb\u00e9 de Arcos de la Frontera (C\u00e1diz). La violencia machista ha dejado tambi\u00e9n este a\u00f1o 23 ni\u00f1as y ni\u00f1os hu\u00e9rfanos (cuatro de ellos en Andaluc\u00eda). Desde que existen estad\u00edsticas (2003), un total de 917 mujeres han perdido la vida a manos de sus parejas o ex parejas en Espa\u00f1a (179 en Andaluc\u00eda).<\/p>\n","protected":false},"excerpt":{"rendered":"<p>El Consejo de Gobierno ha aprobado el proyecto de reforma de la Ley de medidas de prevenci\u00f3n y protecci\u00f3n integral contra la Violencia de G\u00e9nero, vigente desde 2007, que ampl\u00eda el concepto de v\u00edctima e incluye la tipificaci\u00f3n de las diferentes formas de agresiones contra las mujeres. Con esta modificaci\u00f3n, Andaluc\u00eda adecuar\u00e1 su legislaci\u00f3n al [&hellip;]<\/p>\n","protected":false},"author":1,"featured_media":963167,"comment_status":"closed","ping_status":"closed","sticky":false,"template":"","format":"standard","meta":{"footnotes":""},"categories":[1],"tags":[],"class_list":["post-963166","post","type-post","status-publish","format-standard","has-post-thumbnail","hentry","category-actualidad"],"aioseo_notices":[],"aioseo_head":"\n\t\t<!-- All in One SEO Pro 5.0.1 - aioseo.com -->\n\t<meta name=\"description\" content=\"El Consejo de Gobierno ha aprobado el proyecto de reforma de la Ley de medidas de prevenci\u00f3n y protecci\u00f3n integral contra la Violencia de G\u00e9nero, vigente desde 2007, que ampl\u00eda el concepto de v\u00edctima e incluye la tipificaci\u00f3n de las diferentes formas de agresiones contra las mujeres. Con esta modificaci\u00f3n, Andaluc\u00eda adecuar\u00e1 su legislaci\u00f3n al\" \/>\n\t<meta name=\"robots\" content=\"max-image-preview:large\" \/>\n\t<meta name=\"author\" content=\"El Digital de Asturias\"\/>\n\t<meta name=\"google-site-verification\" content=\"UA-38556648-1\" \/>\n\t<meta name=\"msvalidate.01\" content=\"7dfe9f3f1b24437ab69f4f2559babe99\" \/>\n\t<meta name=\"keywords\" content=\"actualidad\" \/>\n\t<link rel=\"canonical\" href=\"https:\/\/www.eldigitaldeasturias.com\/noticias\/el-gobierno-andaluz-modifica-la-ley-contra-la-violencia-de-genero\/\" \/>\n\t<meta name=\"generator\" content=\"All in One SEO Pro (AIOSEO) 5.0.1\" \/>\n\t\t<meta property=\"og:locale\" content=\"es_ES\" \/>\n\t\t<meta property=\"og:site_name\" content=\"El Digital de Asturias\" \/>\n\t\t<meta property=\"og:type\" content=\"article\" \/>\n\t\t<meta property=\"og:title\" content=\"El Gobierno andaluz modifica la Ley contra la Violencia de G\u00e9nero - El Digital de Asturias\" \/>\n\t\t<meta property=\"og:description\" content=\"El Consejo de Gobierno ha aprobado el proyecto de reforma de la Ley de medidas de prevenci\u00f3n y protecci\u00f3n integral contra la Violencia de G\u00e9nero, vigente desde 2007, que ampl\u00eda el concepto de v\u00edctima e incluye la tipificaci\u00f3n de las diferentes formas de agresiones contra las mujeres. Con esta modificaci\u00f3n, Andaluc\u00eda adecuar\u00e1 su legislaci\u00f3n al\" \/>\n\t\t<meta property=\"og:url\" content=\"https:\/\/www.eldigitaldeasturias.com\/noticias\/el-gobierno-andaluz-modifica-la-ley-contra-la-violencia-de-genero\/\" \/>\n\t\t<meta property=\"article:tag\" content=\"actualidad\" \/>\n\t\t<meta property=\"article:published_time\" content=\"2017-12-12T21:58:27+00:00\" \/>\n\t\t<meta property=\"article:modified_time\" content=\"2017-12-12T21:58:27+00:00\" \/>\n\t\t<meta property=\"article:publisher\" content=\"https:\/\/facebook.com\/eldigitaldeasturias\" \/>\n\t\t<meta name=\"twitter:card\" content=\"summary_large_image\" \/>\n\t\t<meta name=\"twitter:title\" content=\"El Gobierno andaluz modifica la Ley contra la Violencia de G\u00e9nero - El Digital de Asturias\" \/>\n\t\t<meta name=\"twitter:description\" content=\"El Consejo de Gobierno ha aprobado el proyecto de reforma de la Ley de medidas de prevenci\u00f3n y protecci\u00f3n integral contra la Violencia de G\u00e9nero, vigente desde 2007, que ampl\u00eda el concepto de v\u00edctima e incluye la tipificaci\u00f3n de las diferentes formas de agresiones contra las mujeres. Con esta modificaci\u00f3n, Andaluc\u00eda adecuar\u00e1 su legislaci\u00f3n al\" \/>\n\t\t<meta name=\"twitter:image\" content=\"https:\/\/www.eldigitaldeasturias.com\/noticias\/wp-content\/uploads\/2020\/12\/EDA-1.jpg\" \/>\n\t\t<meta name=\"twitter:label1\" content=\"Escrito por\" \/>\n\t\t<meta name=\"twitter:data1\" content=\"El Digital de Asturias\" \/>\n\t\t<meta name=\"twitter:label2\" content=\"Tiempo de lectura estimado\" \/>\n\t\t<meta name=\"twitter:data2\" content=\"4 minutos\" \/>\n\t\t<script type=\"application\/ld+json\" class=\"aioseo-schema\">\n\t\t\t{\"@context\":\"https:\\\/\\\/schema.org\",\"@graph\":[{\"@type\":\"BlogPosting\",\"@id\":\"https:\\\/\\\/www.eldigitaldeasturias.com\\\/noticias\\\/el-gobierno-andaluz-modifica-la-ley-contra-la-violencia-de-genero\\\/#blogposting\",\"name\":\"El Gobierno andaluz modifica la Ley contra la Violencia de G\\u00e9nero - El Digital de Asturias\",\"headline\":\"El Gobierno andaluz modifica la Ley contra la Violencia de G\\u00e9nero\",\"author\":{\"@id\":\"https:\\\/\\\/www.eldigitaldeasturias.com\\\/noticias\\\/author\\\/admin\\\/#author\"},\"publisher\":{\"@id\":\"https:\\\/\\\/www.eldigitaldeasturias.com\\\/noticias\\\/#organization\"},\"image\":{\"@type\":\"ImageObject\",\"url\":963167},\"datePublished\":\"2017-12-12T21:58:27+01:00\",\"dateModified\":\"2017-12-12T21:58:27+01:00\",\"inLanguage\":\"es-ES\",\"mainEntityOfPage\":{\"@id\":\"https:\\\/\\\/www.eldigitaldeasturias.com\\\/noticias\\\/el-gobierno-andaluz-modifica-la-ley-contra-la-violencia-de-genero\\\/#webpage\"},\"isPartOf\":{\"@id\":\"https:\\\/\\\/www.eldigitaldeasturias.com\\\/noticias\\\/el-gobierno-andaluz-modifica-la-ley-contra-la-violencia-de-genero\\\/#webpage\"},\"articleSection\":\"Actualidad\"},{\"@type\":\"BreadcrumbList\",\"@id\":\"https:\\\/\\\/www.eldigitaldeasturias.com\\\/noticias\\\/el-gobierno-andaluz-modifica-la-ley-contra-la-violencia-de-genero\\\/#breadcrumblist\",\"itemListElement\":[{\"@type\":\"ListItem\",\"@id\":\"https:\\\/\\\/www.eldigitaldeasturias.com\\\/noticias#listItem\",\"position\":1,\"name\":\"Home\",\"item\":\"https:\\\/\\\/www.eldigitaldeasturias.com\\\/noticias\",\"nextItem\":{\"@type\":\"ListItem\",\"@id\":\"https:\\\/\\\/www.eldigitaldeasturias.com\\\/noticias\\\/category\\\/actualidad\\\/#listItem\",\"name\":\"Actualidad\"}},{\"@type\":\"ListItem\",\"@id\":\"https:\\\/\\\/www.eldigitaldeasturias.com\\\/noticias\\\/category\\\/actualidad\\\/#listItem\",\"position\":2,\"name\":\"Actualidad\",\"item\":\"https:\\\/\\\/www.eldigitaldeasturias.com\\\/noticias\\\/category\\\/actualidad\\\/\",\"nextItem\":{\"@type\":\"ListItem\",\"@id\":\"https:\\\/\\\/www.eldigitaldeasturias.com\\\/noticias\\\/el-gobierno-andaluz-modifica-la-ley-contra-la-violencia-de-genero\\\/#listItem\",\"name\":\"El Gobierno andaluz modifica la Ley contra la Violencia de G\\u00e9nero\"},\"previousItem\":{\"@type\":\"ListItem\",\"@id\":\"https:\\\/\\\/www.eldigitaldeasturias.com\\\/noticias#listItem\",\"name\":\"Home\"}},{\"@type\":\"ListItem\",\"@id\":\"https:\\\/\\\/www.eldigitaldeasturias.com\\\/noticias\\\/el-gobierno-andaluz-modifica-la-ley-contra-la-violencia-de-genero\\\/#listItem\",\"position\":3,\"name\":\"El Gobierno andaluz modifica la Ley contra la Violencia de G\\u00e9nero\",\"previousItem\":{\"@type\":\"ListItem\",\"@id\":\"https:\\\/\\\/www.eldigitaldeasturias.com\\\/noticias\\\/category\\\/actualidad\\\/#listItem\",\"name\":\"Actualidad\"}}]},{\"@type\":\"Organization\",\"@id\":\"https:\\\/\\\/www.eldigitaldeasturias.com\\\/noticias\\\/#organization\",\"name\":\"El Digital de Asturias\",\"description\":\"Hemeroteca\",\"url\":\"https:\\\/\\\/www.eldigitaldeasturias.com\\\/noticias\\\/\",\"email\":\"info@eldigitaldeasturias.com\",\"telephone\":\"+34652131393\",\"logo\":{\"@type\":\"ImageObject\",\"url\":\"https:\\\/\\\/www.eldigitaldeasturias.com\\\/noticias\\\/wp-content\\\/uploads\\\/2020\\\/12\\\/EDA.jpg\",\"@id\":\"https:\\\/\\\/www.eldigitaldeasturias.com\\\/noticias\\\/el-gobierno-andaluz-modifica-la-ley-contra-la-violencia-de-genero\\\/#organizationLogo\"},\"image\":{\"@id\":\"https:\\\/\\\/www.eldigitaldeasturias.com\\\/noticias\\\/el-gobierno-andaluz-modifica-la-ley-contra-la-violencia-de-genero\\\/#organizationLogo\"},\"sameAs\":[\"https:\\\/\\\/facebook.com\\\/eldigitaldeasturias\",\"https:\\\/\\\/www.youtube.com\\\/channel\\\/UCZP-2wLEB9Rv6erhFmqVnvg\"],\"address\":{\"@id\":\"https:\\\/\\\/www.eldigitaldeasturias.com\\\/noticias\\\/#postaladdress\",\"@type\":\"PostalAddress\",\"streetAddress\":\"san antonio 4\",\"postalCode\":\"33430\",\"addressLocality\":\"Cand\\u00e1s\",\"addressRegion\":\"Asturias\",\"addressCountry\":\"ES\"}},{\"@type\":\"Person\",\"@id\":\"https:\\\/\\\/www.eldigitaldeasturias.com\\\/noticias\\\/author\\\/admin\\\/#author\",\"url\":\"https:\\\/\\\/www.eldigitaldeasturias.com\\\/noticias\\\/author\\\/admin\\\/\",\"name\":\"El Digital de Asturias\",\"image\":{\"@type\":\"ImageObject\",\"@id\":\"https:\\\/\\\/www.eldigitaldeasturias.com\\\/noticias\\\/el-gobierno-andaluz-modifica-la-ley-contra-la-violencia-de-genero\\\/#authorImage\",\"url\":\"https:\\\/\\\/secure.gravatar.com\\\/avatar\\\/df2aeffc32bcd13f8d26072ef8a91b623d677766deac7f97ca815868cd41bf5e?s=96&d=mm&r=g\",\"width\":96,\"height\":96,\"caption\":\"El Digital de Asturias\"}},{\"@type\":\"WebPage\",\"@id\":\"https:\\\/\\\/www.eldigitaldeasturias.com\\\/noticias\\\/el-gobierno-andaluz-modifica-la-ley-contra-la-violencia-de-genero\\\/#webpage\",\"url\":\"https:\\\/\\\/www.eldigitaldeasturias.com\\\/noticias\\\/el-gobierno-andaluz-modifica-la-ley-contra-la-violencia-de-genero\\\/\",\"name\":\"El Gobierno andaluz modifica la Ley contra la Violencia de G\\u00e9nero - El Digital de Asturias\",\"description\":\"El Consejo de Gobierno ha aprobado el proyecto de reforma de la Ley de medidas de prevenci\\u00f3n y protecci\\u00f3n integral contra la Violencia de G\\u00e9nero, vigente desde 2007, que ampl\\u00eda el concepto de v\\u00edctima e incluye la tipificaci\\u00f3n de las diferentes formas de agresiones contra las mujeres. Con esta modificaci\\u00f3n, Andaluc\\u00eda adecuar\\u00e1 su legislaci\\u00f3n al\",\"inLanguage\":\"es-ES\",\"isPartOf\":{\"@id\":\"https:\\\/\\\/www.eldigitaldeasturias.com\\\/noticias\\\/#website\"},\"breadcrumb\":{\"@id\":\"https:\\\/\\\/www.eldigitaldeasturias.com\\\/noticias\\\/el-gobierno-andaluz-modifica-la-ley-contra-la-violencia-de-genero\\\/#breadcrumblist\"},\"author\":{\"@id\":\"https:\\\/\\\/www.eldigitaldeasturias.com\\\/noticias\\\/author\\\/admin\\\/#author\"},\"creator\":{\"@id\":\"https:\\\/\\\/www.eldigitaldeasturias.com\\\/noticias\\\/author\\\/admin\\\/#author\"},\"image\":{\"@type\":\"ImageObject\",\"url\":963167,\"@id\":\"https:\\\/\\\/www.eldigitaldeasturias.com\\\/noticias\\\/el-gobierno-andaluz-modifica-la-ley-contra-la-violencia-de-genero\\\/#mainImage\"},\"primaryImageOfPage\":{\"@id\":\"https:\\\/\\\/www.eldigitaldeasturias.com\\\/noticias\\\/el-gobierno-andaluz-modifica-la-ley-contra-la-violencia-de-genero\\\/#mainImage\"},\"datePublished\":\"2017-12-12T21:58:27+01:00\",\"dateModified\":\"2017-12-12T21:58:27+01:00\"},{\"@type\":\"WebSite\",\"@id\":\"https:\\\/\\\/www.eldigitaldeasturias.com\\\/noticias\\\/#website\",\"url\":\"https:\\\/\\\/www.eldigitaldeasturias.com\\\/noticias\\\/\",\"name\":\"El Digital de Asturias - Diario de actualidad y noticias\",\"alternateName\":\"El Digital de Asturias - Diario de actualidad y noticias\",\"description\":\"Hemeroteca\",\"inLanguage\":\"es-ES\",\"publisher\":{\"@id\":\"https:\\\/\\\/www.eldigitaldeasturias.com\\\/noticias\\\/#organization\"}}]}\n\t\t<\/script>\n\t\t<!-- All in One SEO Pro -->\r\n\t\t<title>El Gobierno andaluz modifica la Ley contra la Violencia de G\u00e9nero - El Digital de Asturias<\/title>\n\n","aioseo_head_json":{"title":"El Gobierno andaluz modifica la Ley contra la Violencia de G\u00e9nero - El Digital de Asturias","description":"El Consejo de Gobierno ha aprobado el proyecto de reforma de la Ley de medidas de prevenci\u00f3n y protecci\u00f3n integral contra la Violencia de G\u00e9nero, vigente desde 2007, que ampl\u00eda el concepto de v\u00edctima e incluye la tipificaci\u00f3n de las diferentes formas de agresiones contra las mujeres. Con esta modificaci\u00f3n, Andaluc\u00eda adecuar\u00e1 su legislaci\u00f3n al","canonical_url":"https:\/\/www.eldigitaldeasturias.com\/noticias\/el-gobierno-andaluz-modifica-la-ley-contra-la-violencia-de-genero\/","robots":"max-image-preview:large","keywords":"actualidad","webmasterTools":{"google-site-verification":"UA-38556648-1","msvalidate.01":"7dfe9f3f1b24437ab69f4f2559babe99","miscellaneous":""},"schema":{"@context":"https:\/\/schema.org","@graph":[{"@type":"BlogPosting","@id":"https:\/\/www.eldigitaldeasturias.com\/noticias\/el-gobierno-andaluz-modifica-la-ley-contra-la-violencia-de-genero\/#blogposting","name":"El Gobierno andaluz modifica la Ley contra la Violencia de G\u00e9nero - El Digital de Asturias","headline":"El Gobierno andaluz modifica la Ley contra la Violencia de G\u00e9nero","author":{"@id":"https:\/\/www.eldigitaldeasturias.com\/noticias\/author\/admin\/#author"},"publisher":{"@id":"https:\/\/www.eldigitaldeasturias.com\/noticias\/#organization"},"image":{"@type":"ImageObject","url":963167},"datePublished":"2017-12-12T21:58:27+01:00","dateModified":"2017-12-12T21:58:27+01:00","inLanguage":"es-ES","mainEntityOfPage":{"@id":"https:\/\/www.eldigitaldeasturias.com\/noticias\/el-gobierno-andaluz-modifica-la-ley-contra-la-violencia-de-genero\/#webpage"},"isPartOf":{"@id":"https:\/\/www.eldigitaldeasturias.com\/noticias\/el-gobierno-andaluz-modifica-la-ley-contra-la-violencia-de-genero\/#webpage"},"articleSection":"Actualidad"},{"@type":"BreadcrumbList","@id":"https:\/\/www.eldigitaldeasturias.com\/noticias\/el-gobierno-andaluz-modifica-la-ley-contra-la-violencia-de-genero\/#breadcrumblist","itemListElement":[{"@type":"ListItem","@id":"https:\/\/www.eldigitaldeasturias.com\/noticias#listItem","position":1,"name":"Home","item":"https:\/\/www.eldigitaldeasturias.com\/noticias","nextItem":{"@type":"ListItem","@id":"https:\/\/www.eldigitaldeasturias.com\/noticias\/category\/actualidad\/#listItem","name":"Actualidad"}},{"@type":"ListItem","@id":"https:\/\/www.eldigitaldeasturias.com\/noticias\/category\/actualidad\/#listItem","position":2,"name":"Actualidad","item":"https:\/\/www.eldigitaldeasturias.com\/noticias\/category\/actualidad\/","nextItem":{"@type":"ListItem","@id":"https:\/\/www.eldigitaldeasturias.com\/noticias\/el-gobierno-andaluz-modifica-la-ley-contra-la-violencia-de-genero\/#listItem","name":"El Gobierno andaluz modifica la Ley contra la Violencia de G\u00e9nero"},"previousItem":{"@type":"ListItem","@id":"https:\/\/www.eldigitaldeasturias.com\/noticias#listItem","name":"Home"}},{"@type":"ListItem","@id":"https:\/\/www.eldigitaldeasturias.com\/noticias\/el-gobierno-andaluz-modifica-la-ley-contra-la-violencia-de-genero\/#listItem","position":3,"name":"El Gobierno andaluz modifica la Ley contra la Violencia de G\u00e9nero","previousItem":{"@type":"ListItem","@id":"https:\/\/www.eldigitaldeasturias.com\/noticias\/category\/actualidad\/#listItem","name":"Actualidad"}}]},{"@type":"Organization","@id":"https:\/\/www.eldigitaldeasturias.com\/noticias\/#organization","name":"El Digital de Asturias","description":"Hemeroteca","url":"https:\/\/www.eldigitaldeasturias.com\/noticias\/","email":"info@eldigitaldeasturias.com","telephone":"+34652131393","logo":{"@type":"ImageObject","url":"https:\/\/www.eldigitaldeasturias.com\/noticias\/wp-content\/uploads\/2020\/12\/EDA.jpg","@id":"https:\/\/www.eldigitaldeasturias.com\/noticias\/el-gobierno-andaluz-modifica-la-ley-contra-la-violencia-de-genero\/#organizationLogo"},"image":{"@id":"https:\/\/www.eldigitaldeasturias.com\/noticias\/el-gobierno-andaluz-modifica-la-ley-contra-la-violencia-de-genero\/#organizationLogo"},"sameAs":["https:\/\/facebook.com\/eldigitaldeasturias","https:\/\/www.youtube.com\/channel\/UCZP-2wLEB9Rv6erhFmqVnvg"],"address":{"@id":"https:\/\/www.eldigitaldeasturias.com\/noticias\/#postaladdress","@type":"PostalAddress","streetAddress":"san antonio 4","postalCode":"33430","addressLocality":"Cand\u00e1s","addressRegion":"Asturias","addressCountry":"ES"}},{"@type":"Person","@id":"https:\/\/www.eldigitaldeasturias.com\/noticias\/author\/admin\/#author","url":"https:\/\/www.eldigitaldeasturias.com\/noticias\/author\/admin\/","name":"El Digital de Asturias","image":{"@type":"ImageObject","@id":"https:\/\/www.eldigitaldeasturias.com\/noticias\/el-gobierno-andaluz-modifica-la-ley-contra-la-violencia-de-genero\/#authorImage","url":"https:\/\/secure.gravatar.com\/avatar\/df2aeffc32bcd13f8d26072ef8a91b623d677766deac7f97ca815868cd41bf5e?s=96&d=mm&r=g","width":96,"height":96,"caption":"El Digital de Asturias"}},{"@type":"WebPage","@id":"https:\/\/www.eldigitaldeasturias.com\/noticias\/el-gobierno-andaluz-modifica-la-ley-contra-la-violencia-de-genero\/#webpage","url":"https:\/\/www.eldigitaldeasturias.com\/noticias\/el-gobierno-andaluz-modifica-la-ley-contra-la-violencia-de-genero\/","name":"El Gobierno andaluz modifica la Ley contra la Violencia de G\u00e9nero - El Digital de Asturias","description":"El Consejo de Gobierno ha aprobado el proyecto de reforma de la Ley de medidas de prevenci\u00f3n y protecci\u00f3n integral contra la Violencia de G\u00e9nero, vigente desde 2007, que ampl\u00eda el concepto de v\u00edctima e incluye la tipificaci\u00f3n de las diferentes formas de agresiones contra las mujeres. Con esta modificaci\u00f3n, Andaluc\u00eda adecuar\u00e1 su legislaci\u00f3n al","inLanguage":"es-ES","isPartOf":{"@id":"https:\/\/www.eldigitaldeasturias.com\/noticias\/#website"},"breadcrumb":{"@id":"https:\/\/www.eldigitaldeasturias.com\/noticias\/el-gobierno-andaluz-modifica-la-ley-contra-la-violencia-de-genero\/#breadcrumblist"},"author":{"@id":"https:\/\/www.eldigitaldeasturias.com\/noticias\/author\/admin\/#author"},"creator":{"@id":"https:\/\/www.eldigitaldeasturias.com\/noticias\/author\/admin\/#author"},"image":{"@type":"ImageObject","url":963167,"@id":"https:\/\/www.eldigitaldeasturias.com\/noticias\/el-gobierno-andaluz-modifica-la-ley-contra-la-violencia-de-genero\/#mainImage"},"primaryImageOfPage":{"@id":"https:\/\/www.eldigitaldeasturias.com\/noticias\/el-gobierno-andaluz-modifica-la-ley-contra-la-violencia-de-genero\/#mainImage"},"datePublished":"2017-12-12T21:58:27+01:00","dateModified":"2017-12-12T21:58:27+01:00"},{"@type":"WebSite","@id":"https:\/\/www.eldigitaldeasturias.com\/noticias\/#website","url":"https:\/\/www.eldigitaldeasturias.com\/noticias\/","name":"El Digital de Asturias - Diario de actualidad y noticias","alternateName":"El Digital de Asturias - Diario de actualidad y noticias","description":"Hemeroteca","inLanguage":"es-ES","publisher":{"@id":"https:\/\/www.eldigitaldeasturias.com\/noticias\/#organization"}}]},"og:locale":"es_ES","og:site_name":"El Digital de Asturias","og:type":"article","og:title":"El Gobierno andaluz modifica la Ley contra la Violencia de G\u00e9nero - El Digital de Asturias","og:description":"El Consejo de Gobierno ha aprobado el proyecto de reforma de la Ley de medidas de prevenci\u00f3n y protecci\u00f3n integral contra la Violencia de G\u00e9nero, vigente desde 2007, que ampl\u00eda el concepto de v\u00edctima e incluye la tipificaci\u00f3n de las diferentes formas de agresiones contra las mujeres. Con esta modificaci\u00f3n, Andaluc\u00eda adecuar\u00e1 su legislaci\u00f3n al","og:url":"https:\/\/www.eldigitaldeasturias.com\/noticias\/el-gobierno-andaluz-modifica-la-ley-contra-la-violencia-de-genero\/","article:tag":["actualidad"],"article:published_time":"2017-12-12T21:58:27+00:00","article:modified_time":"2017-12-12T21:58:27+00:00","article:publisher":"https:\/\/facebook.com\/eldigitaldeasturias","twitter:card":"summary_large_image","twitter:title":"El Gobierno andaluz modifica la Ley contra la Violencia de G\u00e9nero - El Digital de Asturias","twitter:description":"El Consejo de Gobierno ha aprobado el proyecto de reforma de la Ley de medidas de prevenci\u00f3n y protecci\u00f3n integral contra la Violencia de G\u00e9nero, vigente desde 2007, que ampl\u00eda el concepto de v\u00edctima e incluye la tipificaci\u00f3n de las diferentes formas de agresiones contra las mujeres. Con esta modificaci\u00f3n, Andaluc\u00eda adecuar\u00e1 su legislaci\u00f3n al","twitter:image":"https:\/\/www.eldigitaldeasturias.com\/noticias\/wp-content\/uploads\/2020\/12\/EDA-1.jpg","twitter:label1":"Escrito por","twitter:data1":"El Digital de Asturias","twitter:label2":"Tiempo de lectura estimado","twitter:data2":"4 minutos"},"aioseo_meta_data":{"post_id":"963166","title":null,"description":null,"keywords":null,"keyphrases":null,"primary_term":null,"canonical_url":null,"og_title":null,"og_description":null,"og_object_type":"default","og_image_type":"default","og_image_url":null,"og_image_width":null,"og_image_height":null,"og_image_custom_url":null,"og_image_custom_fields":null,"og_video":null,"og_custom_url":null,"og_article_section":null,"og_article_tags":null,"twitter_use_og":false,"twitter_card":"default","twitter_image_type":"default","twitter_image_url":null,"twitter_image_custom_url":null,"twitter_image_custom_fields":null,"twitter_title":null,"twitter_description":null,"schema":{"blockGraphs":[],"customGraphs":[],"default":{"data":{"Article":[],"Course":[],"Dataset":[],"FAQPage":[],"Movie":[],"Person":[],"Product":[],"ProductReview":[],"Car":[],"Recipe":[],"Service":[],"SoftwareApplication":[],"WebPage":[]},"graphName":"","isEnabled":true},"graphs":[],"defaultGraph":"","defaultPostTypeGraph":""},"schema_type":null,"schema_type_options":null,"pillar_content":false,"robots_default":true,"robots_noindex":false,"robots_noarchive":false,"robots_nosnippet":false,"robots_nofollow":false,"robots_noimageindex":false,"robots_noodp":false,"robots_notranslate":false,"robots_max_snippet":null,"robots_max_videopreview":null,"robots_max_imagepreview":"large","priority":null,"frequency":null,"local_seo":null,"seo_analyzer_scan_date":"2025-12-07 15:08:09","breadcrumb_settings":null,"limit_modified_date":false,"open_ai":null,"ai":null,"created":"2020-12-21 12:44:40","updated":"2025-12-07 15:08:09","focus_keyword":null,"additional_keywords":null,"truseo_locale":null},"aioseo_breadcrumb":"<div class=\"aioseo-breadcrumbs\"><span class=\"aioseo-breadcrumb\">\n\t<a href=\"https:\/\/www.eldigitaldeasturias.com\/noticias\" title=\"Home\">Home<\/a>\n<\/span><span class=\"aioseo-breadcrumb-separator\">\u2013<\/span><span class=\"aioseo-breadcrumb\">\n\t<a href=\"https:\/\/www.eldigitaldeasturias.com\/noticias\/category\/actualidad\/\" title=\"Actualidad\">Actualidad<\/a>\n<\/span><span class=\"aioseo-breadcrumb-separator\">\u2013<\/span><span class=\"aioseo-breadcrumb\">\n\t<a href=\"https:\/\/www.eldigitaldeasturias.com\/noticias\/el-gobierno-andaluz-modifica-la-ley-contra-la-violencia-de-genero\/\" title=\"El Gobierno andaluz modifica la Ley contra la Violencia de G\u00e9nero\">El Gobierno andaluz modifica la Ley contra la Violencia de G\u00e9nero<\/a>\n<\/span><\/div>","aioseo_breadcrumb_json":[{"label":"Home","link":"https:\/\/www.eldigitaldeasturias.com\/noticias"},{"label":"Actualidad","link":"https:\/\/www.eldigitaldeasturias.com\/noticias\/category\/actualidad\/"},{"label":"El Gobierno andaluz modifica la Ley contra la Violencia de G\u00e9nero","link":"https:\/\/www.eldigitaldeasturias.com\/noticias\/el-gobierno-andaluz-modifica-la-ley-contra-la-violencia-de-genero\/"}],"_links":{"self":[{"href":"https:\/\/www.eldigitaldeasturias.com\/noticias\/wp-json\/wp\/v2\/posts\/963166","targetHints":{"allow":["GET"]}}],"collection":[{"href":"https:\/\/www.eldigitaldeasturias.com\/noticias\/wp-json\/wp\/v2\/posts"}],"about":[{"href":"https:\/\/www.eldigitaldeasturias.com\/noticias\/wp-json\/wp\/v2\/types\/post"}],"author":[{"embeddable":true,"href":"https:\/\/www.eldigitaldeasturias.com\/noticias\/wp-json\/wp\/v2\/users\/1"}],"replies":[{"embeddable":true,"href":"https:\/\/www.eldigitaldeasturias.com\/noticias\/wp-json\/wp\/v2\/comments?post=963166"}],"version-history":[{"count":0,"href":"https:\/\/www.eldigitaldeasturias.com\/noticias\/wp-json\/wp\/v2\/posts\/963166\/revisions"}],"wp:attachment":[{"href":"https:\/\/www.eldigitaldeasturias.com\/noticias\/wp-json\/wp\/v2\/media?parent=963166"}],"wp:term":[{"taxonomy":"category","embeddable":true,"href":"https:\/\/www.eldigitaldeasturias.com\/noticias\/wp-json\/wp\/v2\/categories?post=963166"},{"taxonomy":"post_tag","embeddable":true,"href":"https:\/\/www.eldigitaldeasturias.com\/noticias\/wp-json\/wp\/v2\/tags?post=963166"}],"curies":[{"name":"wp","href":"https:\/\/api.w.org\/{rel}","templated":true}]}}