{"id":963163,"date":"2017-12-12T21:56:09","date_gmt":"2017-12-12T21:56:09","guid":{"rendered":"http:\/\/www.eldigitaldeasturias.com\/noticias\/?p=963163"},"modified":"2017-12-12T21:56:09","modified_gmt":"2017-12-12T21:56:09","slug":"sanchez-haro-el-reparto-de-la-cuota-de-atun-rojo-se-queda-corto","status":"publish","type":"post","link":"https:\/\/www.eldigitaldeasturias.com\/noticias\/sanchez-haro-el-reparto-de-la-cuota-de-atun-rojo-se-queda-corto\/","title":{"rendered":"S\u00e1nchez Haro: \u00abEl reparto de la cuota de at\u00fan rojo se queda corto\u00bb"},"content":{"rendered":"<p><img loading=\"lazy\" decoding=\"async\" class=\"alignleft size-medium wp-image-963164\" src=\"https:\/\/www.eldigitaldeasturias.com\/noticias\/wp-content\/uploads\/2017\/12\/1513092382966-360x240.jpg\" alt=\"\" width=\"360\" height=\"240\" srcset=\"https:\/\/www.eldigitaldeasturias.com\/noticias\/wp-content\/uploads\/2017\/12\/1513092382966-360x240.jpg 360w, https:\/\/www.eldigitaldeasturias.com\/noticias\/wp-content\/uploads\/2017\/12\/1513092382966-768x513.jpg 768w, https:\/\/www.eldigitaldeasturias.com\/noticias\/wp-content\/uploads\/2017\/12\/1513092382966-650x434.jpg 650w, https:\/\/www.eldigitaldeasturias.com\/noticias\/wp-content\/uploads\/2017\/12\/1513092382966.jpg 800w\" sizes=\"auto, (max-width: 360px) 100vw, 360px\" \/>El consejero de Agricultura, Pesca y Desarrollo Rural, Rodrigo S\u00e1nchez Haro, ha mostrado su decepci\u00f3n por las resoluciones acordadas en la asamblea de la Comisi\u00f3n Internacional para la Conservaci\u00f3n del At\u00fan del Atl\u00e1ntico (Iccat) celebrada recientemente en Marrakech, ya que suponen un aumento de cuota de captura \u00abque se queda corto\u00bb. En concreto, se han otorgado a Espa\u00f1a 5.000 toneladas de capturas, una cantidad que supone un incremento de tan s\u00f3lo 750 toneladas y que, como ha comentado S\u00e1nchez Haro, \u00abest\u00e1 por debajo de la cuota de 2008 establecida con el plan de recuperaci\u00f3n\u00bb.<\/p>\n<p>Rodrigo S\u00e1nchez ha participado en la reuni\u00f3n de la &#8216;Mesa en defensa de la almadraba y de la flota artesanal del Estrecho&#8217; convocada por la Diputaci\u00f3n de C\u00e1diz, donde ha lamentado la \u00abdefensa insuficiente de los intereses de los pescadores europeos, espa\u00f1oles y andaluces por parte de la Comisi\u00f3n Europea en las \u00faltimas negociaciones de la Iccat\u00bb. El titular de Pesca ha recordado que desde Andaluc\u00eda se esperaba obtener una cuota mayor de capturas y \u00abpasar de un plan de recuperaci\u00f3n a un plan de ordenaci\u00f3n del at\u00fan rojo\u00bb, un cambio que desgraciadamente no se ha producido.<\/p>\n<p>Durante su encuentro con los representantes del sector del Estrecho, S\u00e1nchez Haro ha hecho hincapi\u00e9 tambi\u00e9n en el consenso existente en torno a que \u00abno es justo que los colectivos que han soportado hasta ahora las medidas dr\u00e1sticas del plan de recuperaci\u00f3n se vean perjudicados\u00bb. Una planificaci\u00f3n que ha logrado una recuperaci\u00f3n \u00abespectacular\u00bb del at\u00fan rojo, ya que \u00abel nivel actual de reproductores est\u00e1 en un m\u00e1ximo hist\u00f3rico\u00bb, ha apuntado.<\/p>\n<p>El titular de Pesca ha afirmado que, como consecuencia, \u00abes muy posible\u00bb que se haya alcanzado ya en el at\u00fan rojo del Atl\u00e1ntico el rendimiento m\u00e1ximo sostenible, es decir, el nivel m\u00e1ximo de capturas que no llega a da\u00f1ar a la poblaci\u00f3n de peces. \u00abDe tal modo que en la actualidad hay mucho m\u00e1s margen para incrementar la actual cuota de captura sin poner en riesgo la recuperaci\u00f3n de la poblaci\u00f3n de at\u00fan rojo\u00bb, ha resaltado. De hecho, el Instituto Cient\u00edfico de la Iccat hab\u00eda recomendado un aumento anual progresivo de las capturas hasta alcanzar las 36.000 toneladas en 2020 y la sustituci\u00f3n del plan de recuperaci\u00f3n por otro de ordenaci\u00f3n.<\/p>\n<p>El consejero ha recalcado que \u00abhasta que no se den las condiciones favorables\u00bb no contempla la aplicaci\u00f3n del Real Decreto en el que trabajaba el Ministerio. Estas circunstancias ser\u00edan \u00abpasar de un plan de recuperaci\u00f3n a un plan de gesti\u00f3n y ordenaci\u00f3n\u00bb y lograr un mayor aumento de cuota de captura de at\u00fan.<\/p>\n","protected":false},"excerpt":{"rendered":"<p>El consejero de Agricultura, Pesca y Desarrollo Rural, Rodrigo S\u00e1nchez Haro, ha mostrado su decepci\u00f3n por las resoluciones acordadas en la asamblea de la Comisi\u00f3n Internacional para la Conservaci\u00f3n del At\u00fan del Atl\u00e1ntico (Iccat) celebrada recientemente en Marrakech, ya que suponen un aumento de cuota de captura \u00abque se queda corto\u00bb. En concreto, se han [&hellip;]<\/p>\n","protected":false},"author":1,"featured_media":963164,"comment_status":"closed","ping_status":"closed","sticky":false,"template":"","format":"standard","meta":{"footnotes":""},"categories":[187],"tags":[],"class_list":["post-963163","post","type-post","status-publish","format-standard","has-post-thumbnail","hentry","category-economia"],"aioseo_notices":[],"aioseo_head":"\n\t\t<!-- All in One SEO Pro 4.9.6.2 - aioseo.com -->\n\t<meta name=\"description\" content=\"El consejero de Agricultura, Pesca y Desarrollo Rural, Rodrigo S\u00e1nchez Haro, ha mostrado su decepci\u00f3n por las resoluciones acordadas en la asamblea de la Comisi\u00f3n Internacional para la Conservaci\u00f3n del At\u00fan del Atl\u00e1ntico (Iccat) celebrada recientemente en Marrakech, ya que suponen un aumento de cuota de captura &quot;que se queda corto&quot;. En concreto, se han\" \/>\n\t<meta name=\"robots\" content=\"max-image-preview:large\" \/>\n\t<meta name=\"author\" content=\"El Digital de Asturias\"\/>\n\t<meta name=\"google-site-verification\" content=\"UA-38556648-1\" \/>\n\t<meta name=\"msvalidate.01\" content=\"7dfe9f3f1b24437ab69f4f2559babe99\" \/>\n\t<meta name=\"keywords\" content=\"econom\u00eda\" \/>\n\t<link rel=\"canonical\" href=\"https:\/\/www.eldigitaldeasturias.com\/noticias\/sanchez-haro-el-reparto-de-la-cuota-de-atun-rojo-se-queda-corto\/\" \/>\n\t<meta name=\"generator\" content=\"All in One SEO Pro (AIOSEO) 4.9.6.2\" \/>\n\t\t<meta property=\"og:locale\" content=\"es_ES\" \/>\n\t\t<meta property=\"og:site_name\" content=\"El Digital de Asturias\" \/>\n\t\t<meta property=\"og:type\" content=\"article\" \/>\n\t\t<meta property=\"og:title\" content=\"S\u00e1nchez Haro: \u00abEl reparto de la cuota de at\u00fan rojo se queda corto\u00bb - El Digital de Asturias\" \/>\n\t\t<meta property=\"og:description\" content=\"El consejero de Agricultura, Pesca y Desarrollo Rural, Rodrigo S\u00e1nchez Haro, ha mostrado su decepci\u00f3n por las resoluciones acordadas en la asamblea de la Comisi\u00f3n Internacional para la Conservaci\u00f3n del At\u00fan del Atl\u00e1ntico (Iccat) celebrada recientemente en Marrakech, ya que suponen un aumento de cuota de captura &quot;que se queda corto&quot;. En concreto, se han\" \/>\n\t\t<meta property=\"og:url\" content=\"https:\/\/www.eldigitaldeasturias.com\/noticias\/sanchez-haro-el-reparto-de-la-cuota-de-atun-rojo-se-queda-corto\/\" \/>\n\t\t<meta property=\"og:image\" content=\"https:\/\/www.eldigitaldeasturias.com\/noticias\/wp-content\/uploads\/2017\/12\/1513092382966.jpg\" \/>\n\t\t<meta property=\"og:image:secure_url\" content=\"https:\/\/www.eldigitaldeasturias.com\/noticias\/wp-content\/uploads\/2017\/12\/1513092382966.jpg\" \/>\n\t\t<meta property=\"og:image:width\" content=\"800\" \/>\n\t\t<meta property=\"og:image:height\" content=\"534\" \/>\n\t\t<meta property=\"article:tag\" content=\"econom\u00eda\" \/>\n\t\t<meta property=\"article:published_time\" content=\"2017-12-12T21:56:09+00:00\" \/>\n\t\t<meta property=\"article:modified_time\" content=\"2017-12-12T21:56:09+00:00\" \/>\n\t\t<meta property=\"article:publisher\" content=\"https:\/\/facebook.com\/eldigitaldeasturias\" \/>\n\t\t<meta name=\"twitter:card\" content=\"summary_large_image\" \/>\n\t\t<meta name=\"twitter:title\" content=\"S\u00e1nchez Haro: \u00abEl reparto de la cuota de at\u00fan rojo se queda corto\u00bb - El Digital de Asturias\" \/>\n\t\t<meta name=\"twitter:description\" content=\"El consejero de Agricultura, Pesca y Desarrollo Rural, Rodrigo S\u00e1nchez Haro, ha mostrado su decepci\u00f3n por las resoluciones acordadas en la asamblea de la Comisi\u00f3n Internacional para la Conservaci\u00f3n del At\u00fan del Atl\u00e1ntico (Iccat) celebrada recientemente en Marrakech, ya que suponen un aumento de cuota de captura &quot;que se queda corto&quot;. En concreto, se han\" \/>\n\t\t<meta name=\"twitter:image\" content=\"https:\/\/www.eldigitaldeasturias.com\/noticias\/wp-content\/uploads\/2017\/12\/1513092382966.jpg\" \/>\n\t\t<meta name=\"twitter:label1\" content=\"Escrito por\" \/>\n\t\t<meta name=\"twitter:data1\" content=\"El Digital de Asturias\" \/>\n\t\t<meta name=\"twitter:label2\" content=\"Tiempo de lectura estimado\" \/>\n\t\t<meta name=\"twitter:data2\" content=\"2 minutos\" \/>\n\t\t<script type=\"application\/ld+json\" class=\"aioseo-schema\">\n\t\t\t{\"@context\":\"https:\\\/\\\/schema.org\",\"@graph\":[{\"@type\":\"BlogPosting\",\"@id\":\"https:\\\/\\\/www.eldigitaldeasturias.com\\\/noticias\\\/sanchez-haro-el-reparto-de-la-cuota-de-atun-rojo-se-queda-corto\\\/#blogposting\",\"name\":\"S\\u00e1nchez Haro: \\u00abEl reparto de la cuota de at\\u00fan rojo se queda corto\\u00bb - El Digital de Asturias\",\"headline\":\"S\\u00e1nchez Haro: \\u00abEl reparto de la cuota de at\\u00fan rojo se queda corto\\u00bb\",\"author\":{\"@id\":\"https:\\\/\\\/www.eldigitaldeasturias.com\\\/noticias\\\/author\\\/admin\\\/#author\"},\"publisher\":{\"@id\":\"https:\\\/\\\/www.eldigitaldeasturias.com\\\/noticias\\\/#organization\"},\"image\":{\"@type\":\"ImageObject\",\"url\":\"https:\\\/\\\/www.eldigitaldeasturias.com\\\/noticias\\\/wp-content\\\/uploads\\\/2017\\\/12\\\/1513092382966.jpg\",\"width\":800,\"height\":534},\"datePublished\":\"2017-12-12T21:56:09+01:00\",\"dateModified\":\"2017-12-12T21:56:09+01:00\",\"inLanguage\":\"es-ES\",\"mainEntityOfPage\":{\"@id\":\"https:\\\/\\\/www.eldigitaldeasturias.com\\\/noticias\\\/sanchez-haro-el-reparto-de-la-cuota-de-atun-rojo-se-queda-corto\\\/#webpage\"},\"isPartOf\":{\"@id\":\"https:\\\/\\\/www.eldigitaldeasturias.com\\\/noticias\\\/sanchez-haro-el-reparto-de-la-cuota-de-atun-rojo-se-queda-corto\\\/#webpage\"},\"articleSection\":\"Econom\\u00eda\"},{\"@type\":\"BreadcrumbList\",\"@id\":\"https:\\\/\\\/www.eldigitaldeasturias.com\\\/noticias\\\/sanchez-haro-el-reparto-de-la-cuota-de-atun-rojo-se-queda-corto\\\/#breadcrumblist\",\"itemListElement\":[{\"@type\":\"ListItem\",\"@id\":\"https:\\\/\\\/www.eldigitaldeasturias.com\\\/noticias#listItem\",\"position\":1,\"name\":\"Home\",\"item\":\"https:\\\/\\\/www.eldigitaldeasturias.com\\\/noticias\",\"nextItem\":{\"@type\":\"ListItem\",\"@id\":\"https:\\\/\\\/www.eldigitaldeasturias.com\\\/noticias\\\/category\\\/economia\\\/#listItem\",\"name\":\"Econom\\u00eda\"}},{\"@type\":\"ListItem\",\"@id\":\"https:\\\/\\\/www.eldigitaldeasturias.com\\\/noticias\\\/category\\\/economia\\\/#listItem\",\"position\":2,\"name\":\"Econom\\u00eda\",\"item\":\"https:\\\/\\\/www.eldigitaldeasturias.com\\\/noticias\\\/category\\\/economia\\\/\",\"nextItem\":{\"@type\":\"ListItem\",\"@id\":\"https:\\\/\\\/www.eldigitaldeasturias.com\\\/noticias\\\/sanchez-haro-el-reparto-de-la-cuota-de-atun-rojo-se-queda-corto\\\/#listItem\",\"name\":\"S\\u00e1nchez Haro: \\u00abEl reparto de la cuota de at\\u00fan rojo se queda corto\\u00bb\"},\"previousItem\":{\"@type\":\"ListItem\",\"@id\":\"https:\\\/\\\/www.eldigitaldeasturias.com\\\/noticias#listItem\",\"name\":\"Home\"}},{\"@type\":\"ListItem\",\"@id\":\"https:\\\/\\\/www.eldigitaldeasturias.com\\\/noticias\\\/sanchez-haro-el-reparto-de-la-cuota-de-atun-rojo-se-queda-corto\\\/#listItem\",\"position\":3,\"name\":\"S\\u00e1nchez Haro: \\u00abEl reparto de la cuota de at\\u00fan rojo se queda corto\\u00bb\",\"previousItem\":{\"@type\":\"ListItem\",\"@id\":\"https:\\\/\\\/www.eldigitaldeasturias.com\\\/noticias\\\/category\\\/economia\\\/#listItem\",\"name\":\"Econom\\u00eda\"}}]},{\"@type\":\"Organization\",\"@id\":\"https:\\\/\\\/www.eldigitaldeasturias.com\\\/noticias\\\/#organization\",\"name\":\"El Digital de Asturias\",\"description\":\"Hemeroteca\",\"url\":\"https:\\\/\\\/www.eldigitaldeasturias.com\\\/noticias\\\/\",\"email\":\"info@eldigitaldeasturias.com\",\"telephone\":\"+34652131393\",\"logo\":{\"@type\":\"ImageObject\",\"url\":\"https:\\\/\\\/www.eldigitaldeasturias.com\\\/noticias\\\/wp-content\\\/uploads\\\/2020\\\/12\\\/EDA.jpg\",\"@id\":\"https:\\\/\\\/www.eldigitaldeasturias.com\\\/noticias\\\/sanchez-haro-el-reparto-de-la-cuota-de-atun-rojo-se-queda-corto\\\/#organizationLogo\",\"width\":649,\"height\":297},\"image\":{\"@id\":\"https:\\\/\\\/www.eldigitaldeasturias.com\\\/noticias\\\/sanchez-haro-el-reparto-de-la-cuota-de-atun-rojo-se-queda-corto\\\/#organizationLogo\"},\"sameAs\":[\"https:\\\/\\\/facebook.com\\\/eldigitaldeasturias\",\"https:\\\/\\\/www.youtube.com\\\/channel\\\/UCZP-2wLEB9Rv6erhFmqVnvg\"],\"address\":{\"@id\":\"https:\\\/\\\/www.eldigitaldeasturias.com\\\/noticias\\\/#postaladdress\",\"@type\":\"PostalAddress\",\"streetAddress\":\"san antonio 4,\",\"postalCode\":\"33430\",\"addressLocality\":\"Cand\\u00e1s\",\"addressRegion\":\"Asturias\",\"addressCountry\":\"ES\"}},{\"@type\":\"Person\",\"@id\":\"https:\\\/\\\/www.eldigitaldeasturias.com\\\/noticias\\\/author\\\/admin\\\/#author\",\"url\":\"https:\\\/\\\/www.eldigitaldeasturias.com\\\/noticias\\\/author\\\/admin\\\/\",\"name\":\"El Digital de Asturias\",\"image\":{\"@type\":\"ImageObject\",\"@id\":\"https:\\\/\\\/www.eldigitaldeasturias.com\\\/noticias\\\/sanchez-haro-el-reparto-de-la-cuota-de-atun-rojo-se-queda-corto\\\/#authorImage\",\"url\":\"https:\\\/\\\/www.eldigitaldeasturias.com\\\/noticias\\\/wp-content\\\/litespeed\\\/avatar\\\/18677e78aa0546b92d9dbf31ec7d7668.jpg?ver=1777290358\",\"width\":96,\"height\":96,\"caption\":\"El Digital de Asturias\"}},{\"@type\":\"WebPage\",\"@id\":\"https:\\\/\\\/www.eldigitaldeasturias.com\\\/noticias\\\/sanchez-haro-el-reparto-de-la-cuota-de-atun-rojo-se-queda-corto\\\/#webpage\",\"url\":\"https:\\\/\\\/www.eldigitaldeasturias.com\\\/noticias\\\/sanchez-haro-el-reparto-de-la-cuota-de-atun-rojo-se-queda-corto\\\/\",\"name\":\"S\\u00e1nchez Haro: \\u00abEl reparto de la cuota de at\\u00fan rojo se queda corto\\u00bb - El Digital de Asturias\",\"description\":\"El consejero de Agricultura, Pesca y Desarrollo Rural, Rodrigo S\\u00e1nchez Haro, ha mostrado su decepci\\u00f3n por las resoluciones acordadas en la asamblea de la Comisi\\u00f3n Internacional para la Conservaci\\u00f3n del At\\u00fan del Atl\\u00e1ntico (Iccat) celebrada recientemente en Marrakech, ya que suponen un aumento de cuota de captura \\\"que se queda corto\\\". En concreto, se han\",\"inLanguage\":\"es-ES\",\"isPartOf\":{\"@id\":\"https:\\\/\\\/www.eldigitaldeasturias.com\\\/noticias\\\/#website\"},\"breadcrumb\":{\"@id\":\"https:\\\/\\\/www.eldigitaldeasturias.com\\\/noticias\\\/sanchez-haro-el-reparto-de-la-cuota-de-atun-rojo-se-queda-corto\\\/#breadcrumblist\"},\"author\":{\"@id\":\"https:\\\/\\\/www.eldigitaldeasturias.com\\\/noticias\\\/author\\\/admin\\\/#author\"},\"creator\":{\"@id\":\"https:\\\/\\\/www.eldigitaldeasturias.com\\\/noticias\\\/author\\\/admin\\\/#author\"},\"image\":{\"@type\":\"ImageObject\",\"url\":\"https:\\\/\\\/www.eldigitaldeasturias.com\\\/noticias\\\/wp-content\\\/uploads\\\/2017\\\/12\\\/1513092382966.jpg\",\"@id\":\"https:\\\/\\\/www.eldigitaldeasturias.com\\\/noticias\\\/sanchez-haro-el-reparto-de-la-cuota-de-atun-rojo-se-queda-corto\\\/#mainImage\",\"width\":800,\"height\":534},\"primaryImageOfPage\":{\"@id\":\"https:\\\/\\\/www.eldigitaldeasturias.com\\\/noticias\\\/sanchez-haro-el-reparto-de-la-cuota-de-atun-rojo-se-queda-corto\\\/#mainImage\"},\"datePublished\":\"2017-12-12T21:56:09+01:00\",\"dateModified\":\"2017-12-12T21:56:09+01:00\"},{\"@type\":\"WebSite\",\"@id\":\"https:\\\/\\\/www.eldigitaldeasturias.com\\\/noticias\\\/#website\",\"url\":\"https:\\\/\\\/www.eldigitaldeasturias.com\\\/noticias\\\/\",\"name\":\"El Digital de Asturias - Diario de actualidad y noticias\",\"alternateName\":\"El Digital de Asturias - Diario de actualidad y noticias\",\"description\":\"Hemeroteca\",\"inLanguage\":\"es-ES\",\"publisher\":{\"@id\":\"https:\\\/\\\/www.eldigitaldeasturias.com\\\/noticias\\\/#organization\"}}]}\n\t\t<\/script>\n\t\t<!-- All in One SEO Pro -->\r\n\t\t<title>S\u00e1nchez Haro: \u00abEl reparto de la cuota de at\u00fan rojo se queda corto\u00bb - El Digital de Asturias<\/title>\n\n","aioseo_head_json":{"title":"S\u00e1nchez Haro: \u00abEl reparto de la cuota de at\u00fan rojo se queda corto\u00bb - El Digital de Asturias","description":"El consejero de Agricultura, Pesca y Desarrollo Rural, Rodrigo S\u00e1nchez Haro, ha mostrado su decepci\u00f3n por las resoluciones acordadas en la asamblea de la Comisi\u00f3n Internacional para la Conservaci\u00f3n del At\u00fan del Atl\u00e1ntico (Iccat) celebrada recientemente en Marrakech, ya que suponen un aumento de cuota de captura \"que se queda corto\". En concreto, se han","canonical_url":"https:\/\/www.eldigitaldeasturias.com\/noticias\/sanchez-haro-el-reparto-de-la-cuota-de-atun-rojo-se-queda-corto\/","robots":"max-image-preview:large","keywords":"econom\u00eda","webmasterTools":{"google-site-verification":"UA-38556648-1","msvalidate.01":"7dfe9f3f1b24437ab69f4f2559babe99","miscellaneous":""},"schema":{"@context":"https:\/\/schema.org","@graph":[{"@type":"BlogPosting","@id":"https:\/\/www.eldigitaldeasturias.com\/noticias\/sanchez-haro-el-reparto-de-la-cuota-de-atun-rojo-se-queda-corto\/#blogposting","name":"S\u00e1nchez Haro: \u00abEl reparto de la cuota de at\u00fan rojo se queda corto\u00bb - El Digital de Asturias","headline":"S\u00e1nchez Haro: \u00abEl reparto de la cuota de at\u00fan rojo se queda corto\u00bb","author":{"@id":"https:\/\/www.eldigitaldeasturias.com\/noticias\/author\/admin\/#author"},"publisher":{"@id":"https:\/\/www.eldigitaldeasturias.com\/noticias\/#organization"},"image":{"@type":"ImageObject","url":"https:\/\/www.eldigitaldeasturias.com\/noticias\/wp-content\/uploads\/2017\/12\/1513092382966.jpg","width":800,"height":534},"datePublished":"2017-12-12T21:56:09+01:00","dateModified":"2017-12-12T21:56:09+01:00","inLanguage":"es-ES","mainEntityOfPage":{"@id":"https:\/\/www.eldigitaldeasturias.com\/noticias\/sanchez-haro-el-reparto-de-la-cuota-de-atun-rojo-se-queda-corto\/#webpage"},"isPartOf":{"@id":"https:\/\/www.eldigitaldeasturias.com\/noticias\/sanchez-haro-el-reparto-de-la-cuota-de-atun-rojo-se-queda-corto\/#webpage"},"articleSection":"Econom\u00eda"},{"@type":"BreadcrumbList","@id":"https:\/\/www.eldigitaldeasturias.com\/noticias\/sanchez-haro-el-reparto-de-la-cuota-de-atun-rojo-se-queda-corto\/#breadcrumblist","itemListElement":[{"@type":"ListItem","@id":"https:\/\/www.eldigitaldeasturias.com\/noticias#listItem","position":1,"name":"Home","item":"https:\/\/www.eldigitaldeasturias.com\/noticias","nextItem":{"@type":"ListItem","@id":"https:\/\/www.eldigitaldeasturias.com\/noticias\/category\/economia\/#listItem","name":"Econom\u00eda"}},{"@type":"ListItem","@id":"https:\/\/www.eldigitaldeasturias.com\/noticias\/category\/economia\/#listItem","position":2,"name":"Econom\u00eda","item":"https:\/\/www.eldigitaldeasturias.com\/noticias\/category\/economia\/","nextItem":{"@type":"ListItem","@id":"https:\/\/www.eldigitaldeasturias.com\/noticias\/sanchez-haro-el-reparto-de-la-cuota-de-atun-rojo-se-queda-corto\/#listItem","name":"S\u00e1nchez Haro: \u00abEl reparto de la cuota de at\u00fan rojo se queda corto\u00bb"},"previousItem":{"@type":"ListItem","@id":"https:\/\/www.eldigitaldeasturias.com\/noticias#listItem","name":"Home"}},{"@type":"ListItem","@id":"https:\/\/www.eldigitaldeasturias.com\/noticias\/sanchez-haro-el-reparto-de-la-cuota-de-atun-rojo-se-queda-corto\/#listItem","position":3,"name":"S\u00e1nchez Haro: \u00abEl reparto de la cuota de at\u00fan rojo se queda corto\u00bb","previousItem":{"@type":"ListItem","@id":"https:\/\/www.eldigitaldeasturias.com\/noticias\/category\/economia\/#listItem","name":"Econom\u00eda"}}]},{"@type":"Organization","@id":"https:\/\/www.eldigitaldeasturias.com\/noticias\/#organization","name":"El Digital de Asturias","description":"Hemeroteca","url":"https:\/\/www.eldigitaldeasturias.com\/noticias\/","email":"info@eldigitaldeasturias.com","telephone":"+34652131393","logo":{"@type":"ImageObject","url":"https:\/\/www.eldigitaldeasturias.com\/noticias\/wp-content\/uploads\/2020\/12\/EDA.jpg","@id":"https:\/\/www.eldigitaldeasturias.com\/noticias\/sanchez-haro-el-reparto-de-la-cuota-de-atun-rojo-se-queda-corto\/#organizationLogo","width":649,"height":297},"image":{"@id":"https:\/\/www.eldigitaldeasturias.com\/noticias\/sanchez-haro-el-reparto-de-la-cuota-de-atun-rojo-se-queda-corto\/#organizationLogo"},"sameAs":["https:\/\/facebook.com\/eldigitaldeasturias","https:\/\/www.youtube.com\/channel\/UCZP-2wLEB9Rv6erhFmqVnvg"],"address":{"@id":"https:\/\/www.eldigitaldeasturias.com\/noticias\/#postaladdress","@type":"PostalAddress","streetAddress":"san antonio 4,","postalCode":"33430","addressLocality":"Cand\u00e1s","addressRegion":"Asturias","addressCountry":"ES"}},{"@type":"Person","@id":"https:\/\/www.eldigitaldeasturias.com\/noticias\/author\/admin\/#author","url":"https:\/\/www.eldigitaldeasturias.com\/noticias\/author\/admin\/","name":"El Digital de Asturias","image":{"@type":"ImageObject","@id":"https:\/\/www.eldigitaldeasturias.com\/noticias\/sanchez-haro-el-reparto-de-la-cuota-de-atun-rojo-se-queda-corto\/#authorImage","url":"https:\/\/www.eldigitaldeasturias.com\/noticias\/wp-content\/litespeed\/avatar\/18677e78aa0546b92d9dbf31ec7d7668.jpg?ver=1777290358","width":96,"height":96,"caption":"El Digital de Asturias"}},{"@type":"WebPage","@id":"https:\/\/www.eldigitaldeasturias.com\/noticias\/sanchez-haro-el-reparto-de-la-cuota-de-atun-rojo-se-queda-corto\/#webpage","url":"https:\/\/www.eldigitaldeasturias.com\/noticias\/sanchez-haro-el-reparto-de-la-cuota-de-atun-rojo-se-queda-corto\/","name":"S\u00e1nchez Haro: \u00abEl reparto de la cuota de at\u00fan rojo se queda corto\u00bb - El Digital de Asturias","description":"El consejero de Agricultura, Pesca y Desarrollo Rural, Rodrigo S\u00e1nchez Haro, ha mostrado su decepci\u00f3n por las resoluciones acordadas en la asamblea de la Comisi\u00f3n Internacional para la Conservaci\u00f3n del At\u00fan del Atl\u00e1ntico (Iccat) celebrada recientemente en Marrakech, ya que suponen un aumento de cuota de captura \"que se queda corto\". En concreto, se han","inLanguage":"es-ES","isPartOf":{"@id":"https:\/\/www.eldigitaldeasturias.com\/noticias\/#website"},"breadcrumb":{"@id":"https:\/\/www.eldigitaldeasturias.com\/noticias\/sanchez-haro-el-reparto-de-la-cuota-de-atun-rojo-se-queda-corto\/#breadcrumblist"},"author":{"@id":"https:\/\/www.eldigitaldeasturias.com\/noticias\/author\/admin\/#author"},"creator":{"@id":"https:\/\/www.eldigitaldeasturias.com\/noticias\/author\/admin\/#author"},"image":{"@type":"ImageObject","url":"https:\/\/www.eldigitaldeasturias.com\/noticias\/wp-content\/uploads\/2017\/12\/1513092382966.jpg","@id":"https:\/\/www.eldigitaldeasturias.com\/noticias\/sanchez-haro-el-reparto-de-la-cuota-de-atun-rojo-se-queda-corto\/#mainImage","width":800,"height":534},"primaryImageOfPage":{"@id":"https:\/\/www.eldigitaldeasturias.com\/noticias\/sanchez-haro-el-reparto-de-la-cuota-de-atun-rojo-se-queda-corto\/#mainImage"},"datePublished":"2017-12-12T21:56:09+01:00","dateModified":"2017-12-12T21:56:09+01:00"},{"@type":"WebSite","@id":"https:\/\/www.eldigitaldeasturias.com\/noticias\/#website","url":"https:\/\/www.eldigitaldeasturias.com\/noticias\/","name":"El Digital de Asturias - Diario de actualidad y noticias","alternateName":"El Digital de Asturias - Diario de actualidad y noticias","description":"Hemeroteca","inLanguage":"es-ES","publisher":{"@id":"https:\/\/www.eldigitaldeasturias.com\/noticias\/#organization"}}]},"og:locale":"es_ES","og:site_name":"El Digital de Asturias","og:type":"article","og:title":"S\u00e1nchez Haro: \u00abEl reparto de la cuota de at\u00fan rojo se queda corto\u00bb - El Digital de Asturias","og:description":"El consejero de Agricultura, Pesca y Desarrollo Rural, Rodrigo S\u00e1nchez Haro, ha mostrado su decepci\u00f3n por las resoluciones acordadas en la asamblea de la Comisi\u00f3n Internacional para la Conservaci\u00f3n del At\u00fan del Atl\u00e1ntico (Iccat) celebrada recientemente en Marrakech, ya que suponen un aumento de cuota de captura &quot;que se queda corto&quot;. En concreto, se han","og:url":"https:\/\/www.eldigitaldeasturias.com\/noticias\/sanchez-haro-el-reparto-de-la-cuota-de-atun-rojo-se-queda-corto\/","og:image":"https:\/\/www.eldigitaldeasturias.com\/noticias\/wp-content\/uploads\/2017\/12\/1513092382966.jpg","og:image:secure_url":"https:\/\/www.eldigitaldeasturias.com\/noticias\/wp-content\/uploads\/2017\/12\/1513092382966.jpg","og:image:width":800,"og:image:height":534,"article:tag":["econom\u00eda"],"article:published_time":"2017-12-12T21:56:09+00:00","article:modified_time":"2017-12-12T21:56:09+00:00","article:publisher":"https:\/\/facebook.com\/eldigitaldeasturias","twitter:card":"summary_large_image","twitter:title":"S\u00e1nchez Haro: \u00abEl reparto de la cuota de at\u00fan rojo se queda corto\u00bb - El Digital de Asturias","twitter:description":"El consejero de Agricultura, Pesca y Desarrollo Rural, Rodrigo S\u00e1nchez Haro, ha mostrado su decepci\u00f3n por las resoluciones acordadas en la asamblea de la Comisi\u00f3n Internacional para la Conservaci\u00f3n del At\u00fan del Atl\u00e1ntico (Iccat) celebrada recientemente en Marrakech, ya que suponen un aumento de cuota de captura &quot;que se queda corto&quot;. En concreto, se han","twitter:image":"https:\/\/www.eldigitaldeasturias.com\/noticias\/wp-content\/uploads\/2017\/12\/1513092382966.jpg","twitter:label1":"Escrito por","twitter:data1":"El Digital de Asturias","twitter:label2":"Tiempo de lectura estimado","twitter:data2":"2 minutos"},"aioseo_meta_data":{"post_id":"963163","title":null,"description":null,"keywords":null,"keyphrases":null,"primary_term":null,"canonical_url":null,"og_title":null,"og_description":null,"og_object_type":"default","og_image_type":"default","og_image_url":null,"og_image_width":null,"og_image_height":null,"og_image_custom_url":null,"og_image_custom_fields":null,"og_video":null,"og_custom_url":null,"og_article_section":null,"og_article_tags":null,"twitter_use_og":false,"twitter_card":"default","twitter_image_type":"default","twitter_image_url":null,"twitter_image_custom_url":null,"twitter_image_custom_fields":null,"twitter_title":null,"twitter_description":null,"schema":{"blockGraphs":[],"customGraphs":[],"default":{"data":{"Article":[],"Course":[],"Dataset":[],"FAQPage":[],"Movie":[],"Person":[],"Product":[],"ProductReview":[],"Car":[],"Recipe":[],"Service":[],"SoftwareApplication":[],"WebPage":[]},"graphName":"","isEnabled":true},"graphs":[],"defaultGraph":"","defaultPostTypeGraph":""},"schema_type":null,"schema_type_options":null,"pillar_content":false,"robots_default":true,"robots_noindex":false,"robots_noarchive":false,"robots_nosnippet":false,"robots_nofollow":false,"robots_noimageindex":false,"robots_noodp":false,"robots_notranslate":false,"robots_max_snippet":null,"robots_max_videopreview":null,"robots_max_imagepreview":"large","priority":null,"frequency":null,"local_seo":null,"seo_analyzer_scan_date":"2025-12-07 15:06:07","breadcrumb_settings":null,"limit_modified_date":false,"open_ai":null,"ai":null,"created":"2020-12-21 12:44:40","updated":"2025-12-07 15:06:07"},"aioseo_breadcrumb":"<div class=\"aioseo-breadcrumbs\"><span class=\"aioseo-breadcrumb\">\n\t<a href=\"https:\/\/www.eldigitaldeasturias.com\/noticias\" title=\"Home\">Home<\/a>\n<\/span><span class=\"aioseo-breadcrumb-separator\">\u2013<\/span><span class=\"aioseo-breadcrumb\">\n\t<a href=\"https:\/\/www.eldigitaldeasturias.com\/noticias\/category\/economia\/\" title=\"Econom\u00eda\">Econom\u00eda<\/a>\n<\/span><span class=\"aioseo-breadcrumb-separator\">\u2013<\/span><span class=\"aioseo-breadcrumb\">\n\t<a href=\"https:\/\/www.eldigitaldeasturias.com\/noticias\/sanchez-haro-el-reparto-de-la-cuota-de-atun-rojo-se-queda-corto\/\" title=\"S\u00e1nchez Haro: \u00abEl reparto de la cuota de at\u00fan rojo se queda corto\u00bb\">S\u00e1nchez Haro: \u00abEl reparto de la cuota de at\u00fan rojo se queda corto\u00bb<\/a>\n<\/span><\/div>","aioseo_breadcrumb_json":[{"label":"Home","link":"https:\/\/www.eldigitaldeasturias.com\/noticias"},{"label":"Econom\u00eda","link":"https:\/\/www.eldigitaldeasturias.com\/noticias\/category\/economia\/"},{"label":"S\u00e1nchez Haro: \u00abEl reparto de la cuota de at\u00fan rojo se queda corto\u00bb","link":"https:\/\/www.eldigitaldeasturias.com\/noticias\/sanchez-haro-el-reparto-de-la-cuota-de-atun-rojo-se-queda-corto\/"}],"_links":{"self":[{"href":"https:\/\/www.eldigitaldeasturias.com\/noticias\/wp-json\/wp\/v2\/posts\/963163","targetHints":{"allow":["GET"]}}],"collection":[{"href":"https:\/\/www.eldigitaldeasturias.com\/noticias\/wp-json\/wp\/v2\/posts"}],"about":[{"href":"https:\/\/www.eldigitaldeasturias.com\/noticias\/wp-json\/wp\/v2\/types\/post"}],"author":[{"embeddable":true,"href":"https:\/\/www.eldigitaldeasturias.com\/noticias\/wp-json\/wp\/v2\/users\/1"}],"replies":[{"embeddable":true,"href":"https:\/\/www.eldigitaldeasturias.com\/noticias\/wp-json\/wp\/v2\/comments?post=963163"}],"version-history":[{"count":0,"href":"https:\/\/www.eldigitaldeasturias.com\/noticias\/wp-json\/wp\/v2\/posts\/963163\/revisions"}],"wp:featuredmedia":[{"embeddable":true,"href":"https:\/\/www.eldigitaldeasturias.com\/noticias\/wp-json\/wp\/v2\/media\/963164"}],"wp:attachment":[{"href":"https:\/\/www.eldigitaldeasturias.com\/noticias\/wp-json\/wp\/v2\/media?parent=963163"}],"wp:term":[{"taxonomy":"category","embeddable":true,"href":"https:\/\/www.eldigitaldeasturias.com\/noticias\/wp-json\/wp\/v2\/categories?post=963163"},{"taxonomy":"post_tag","embeddable":true,"href":"https:\/\/www.eldigitaldeasturias.com\/noticias\/wp-json\/wp\/v2\/tags?post=963163"}],"curies":[{"name":"wp","href":"https:\/\/api.w.org\/{rel}","templated":true}]}}