{"id":963115,"date":"2017-12-12T15:38:24","date_gmt":"2017-12-12T15:38:24","guid":{"rendered":"http:\/\/www.eldigitaldeasturias.com\/noticias\/?p=963115"},"modified":"2017-12-12T15:38:24","modified_gmt":"2017-12-12T15:38:24","slug":"ahorro-energetico-claves-para-bajar-el-consumo-en-el-hogar","status":"publish","type":"post","link":"https:\/\/www.eldigitaldeasturias.com\/noticias\/ahorro-energetico-claves-para-bajar-el-consumo-en-el-hogar\/","title":{"rendered":"Ahorro energ\u00e9tico: claves para bajar el consumo en el hogar"},"content":{"rendered":"<p><img loading=\"lazy\" decoding=\"async\" class=\"alignleft size-medium wp-image-963116\" src=\"https:\/\/www.eldigitaldeasturias.com\/noticias\/wp-content\/uploads\/2017\/12\/instalacion-aires-360x251.jpg\" alt=\"\" width=\"360\" height=\"251\" srcset=\"https:\/\/www.eldigitaldeasturias.com\/noticias\/wp-content\/uploads\/2017\/12\/instalacion-aires-360x251.jpg 360w, https:\/\/www.eldigitaldeasturias.com\/noticias\/wp-content\/uploads\/2017\/12\/instalacion-aires-768x535.jpg 768w, https:\/\/www.eldigitaldeasturias.com\/noticias\/wp-content\/uploads\/2017\/12\/instalacion-aires-650x453.jpg 650w, https:\/\/www.eldigitaldeasturias.com\/noticias\/wp-content\/uploads\/2017\/12\/instalacion-aires.jpg 944w\" sizes=\"auto, (max-width: 360px) 100vw, 360px\" \/>Uno de los temas que m\u00e1s preocupa a la mayor\u00eda de los ciudadanos, sobre todo en las \u00e9pocas de verano, es el alto consumo energ\u00e9tico de algunos aparatos, como el aire acondicionado.<\/p>\n<p><strong>Espa\u00f1a, por ejemplo, es uno de los pa\u00edses de Europa con la electricidad m\u00e1s cara<\/strong>, concretamente el segundo, seg\u00fan los \u00faltimos sondeos. Esto hace que muchos se las ingenien y pongan en pr\u00e1ctica unos cuantos consejos para no gastar de m\u00e1s.<\/p>\n<p>Sin embargo, al contrario de lo que se puede pensar, <strong>en los hogares espa\u00f1oles solo el 1% de energ\u00eda se destina al aire acondicionado, mientras que al menos un 45% se lo lleva la calefacci\u00f3n.<\/strong> Por su parte, los electrodom\u00e9sticos gastan un 22%, el agua caliente un 19% y la iluminaci\u00f3n un 4%. Si se tratase de una competici\u00f3n, el aparato que genera el aire fr\u00edo saldr\u00eda ganando por un buen margen.<\/p>\n<p>Enfriar y calentar un hogar son dos acciones completamente diferentes y que tienen patrones energ\u00e9ticos distintos, pero lo m\u00e1s importante es que existen opciones para que, aparte de proteger el medio ambiente reduciendo en consumo, se cuide el bolsillo de gastos excesivos.<\/p>\n<p><strong>Sobre el aire acondicionado<\/strong><\/p>\n<p>Hay cientos de consejos que muchos expertos han recomendado durante a\u00f1os para no gastar de m\u00e1s con el aire acondicionado.<\/p>\n<p>Lo primero que hay que tener en cuenta es la elecci\u00f3n del aparato. En la comunidad de Madrid hay empresas como <a href=\"https:\/\/www.aireacondicionadohidalgas.com\/\" target=\"_blank\" rel=\"noopener\"><span style=\"color: #ff6600;\"><strong>HidalGas Aire<\/strong><\/span><\/a>, que se dedican a la <strong>instalaci\u00f3n de aire acondicionado<\/strong> y trabajan con marcas que han desarrollado tecnolog\u00edas que tienen un bajo consumo y <strong>son amigables con el medio ambiente<\/strong>.<\/p>\n<p>Siempre conviene acudir a los expertos en el \u00e1rea cuando hay que escoger la marca y el modelo que mejor se adapte a las caracter\u00edsticas de cada individuo o familia, pues cada uno tiene necesidades diferentes.<\/p>\n<p>Lo siguiente es entender que la instalaci\u00f3n es el tema m\u00e1s importante de este caso, pues es lo que va a garantizar el buen funcionamiento del aparato. Debe consistir en un servicio que, en un futuro, en el caso de alguna eventualidad, ofrezca ayuda t\u00e9cnica garantizada. Y es que <strong>el mal funcionamiento del compresor de un aire puede aumentar el amperaje del aparato<\/strong> (que es lo que determina el consumo el\u00e9ctrico), haciendo que aumente m\u00e1s de lo normal, porque estar\u00eda trabajando al l\u00edmite de su resistencia.<\/p>\n<p>Los entendidos en el \u00e1rea recomiendan <strong>mejorar el aislamiento t\u00e9rmico y sellar puertas y ventanas,<\/strong> sobre todo esas ranuras por las que se escapa el aire fr\u00edo. Esto har\u00e1 que el aparato no trabaje m\u00e1s de la cuenta y gaste m\u00e1s electricidad de la m\u00ednima requerida.<\/p>\n<p>Tambi\u00e9n ayuda instalar termostatos programables que encienden el aire a determinadas horas, justo cuando hace m\u00e1s calor. Los m\u00e1s modernos se pueden controlar incluso a trav\u00e9s de aplicaciones m\u00f3viles.<\/p>\n<p>Cerrar las persianas tambi\u00e9n es vital, pues si la luz del sol entra har\u00e1 que se accione el termostato, debido a que se calienta la habitaci\u00f3n. Tambi\u00e9n es necesario <strong>procurar no bajar mucho la temperatura.<\/strong><strong>\u00a0<\/strong><\/p>\n<p>Con una instalaci\u00f3n adecuada y teniendo en cuenta peque\u00f1os consejos en casa es posible reducir considerablemente el consumo de este aparato, que de por s\u00ed es el que menos derrocha electricidad en los hogares.<\/p>\n<p><strong>Agua caliente a bajo coste<\/strong><\/p>\n<p>Otro de los elementos a los que puede recurrir una persona para mejorar su consumo energ\u00e9tico, aparte de acabar con los malos h\u00e1bitos que gastan electricidad innecesaria, es optimizar las instalaciones y aparatos en el hogar.<\/p>\n<p><strong>El agua caliente representa por lo menos un 19% del gasto el\u00e9ctrico<\/strong> mensual de un hogar espa\u00f1ol. Es por ello que muchos prefieren optar por la <strong>instalaci\u00f3n de calderas de gas<\/strong>.<\/p>\n<p>Los expertos de HidalGas aseguran en su web que estas calderas suponen un gran ahorro econ\u00f3mico, compar\u00e1ndolas con otras, como las el\u00e9ctricas o las que utilizan gasoil o madera.<\/p>\n<p>Teniendo en cuenta el aumento en los precios de los combustibles para calentar el hogar, es normal que algunos piensen que no es una buena inversi\u00f3n, pero <strong>el precio del gas natural (el que usan este tipo de calderas) ha ido bajando cada vez m\u00e1s<\/strong> durante los \u00faltimos a\u00f1os.<\/p>\n<p>Hay varios tipos de calderas de gas (calderas de condensaci\u00f3n, calderas estancas, calderas bajo nox), y para escoger la mejor lo m\u00e1s recomendable es contar con la opini\u00f3n experta de quienes trabajan en el \u00e1rea. Se puede ampliar la informaci\u00f3n aqu\u00ed: <span style=\"color: #ff6600;\"><strong><a style=\"color: #ff6600;\" href=\"https:\/\/www.hidalgas.es\/\" target=\"_blank\" rel=\"noopener\">HidalGas Calderas<\/a><\/strong><\/span>.<\/p>\n<p>Nunca est\u00e1 de m\u00e1s recordar <strong>la importancia que tiene el ahorro de energ\u00eda<\/strong>. Adem\u00e1s de ser fundamental para el aprovechamiento de los recursos energ\u00e9ticos y reducir la emisi\u00f3n de gases contaminantes, es posible ahorrar en la factura mensual. Incluso muchas naciones est\u00e1n incluyendo en sus regulaciones una serie de normas que, m\u00e1s all\u00e1 de obligar, creen conciencia en la ciudadan\u00eda.<\/p>\n<p>&nbsp;<\/p>\n","protected":false},"excerpt":{"rendered":"<p>Uno de los temas que m\u00e1s preocupa a la mayor\u00eda de los ciudadanos, sobre todo en las \u00e9pocas de verano, es el alto consumo energ\u00e9tico de algunos aparatos, como el aire acondicionado. Espa\u00f1a, por ejemplo, es uno de los pa\u00edses de Europa con la electricidad m\u00e1s cara, concretamente el segundo, seg\u00fan los \u00faltimos sondeos. Esto [&hellip;]<\/p>\n","protected":false},"author":1,"featured_media":963116,"comment_status":"closed","ping_status":"closed","sticky":false,"template":"","format":"standard","meta":{"footnotes":""},"categories":[187],"tags":[],"class_list":["post-963115","post","type-post","status-publish","format-standard","has-post-thumbnail","hentry","category-economia"],"aioseo_notices":[],"aioseo_head":"\n\t\t<!-- All in One SEO Pro 4.9.6.2 - aioseo.com -->\n\t<meta name=\"description\" content=\"Uno de los temas que m\u00e1s preocupa a la mayor\u00eda de los ciudadanos, sobre todo en las \u00e9pocas de verano, es el alto consumo energ\u00e9tico de algunos aparatos, como el aire acondicionado. Espa\u00f1a, por ejemplo, es uno de los pa\u00edses de Europa con la electricidad m\u00e1s cara, concretamente el segundo, seg\u00fan los \u00faltimos sondeos. Esto\" \/>\n\t<meta name=\"robots\" content=\"max-image-preview:large\" \/>\n\t<meta name=\"author\" content=\"El Digital de Asturias\"\/>\n\t<meta name=\"google-site-verification\" content=\"UA-38556648-1\" \/>\n\t<meta name=\"msvalidate.01\" content=\"7dfe9f3f1b24437ab69f4f2559babe99\" \/>\n\t<meta name=\"keywords\" content=\"econom\u00eda\" \/>\n\t<link rel=\"canonical\" href=\"https:\/\/www.eldigitaldeasturias.com\/noticias\/ahorro-energetico-claves-para-bajar-el-consumo-en-el-hogar\/\" \/>\n\t<meta name=\"generator\" content=\"All in One SEO Pro (AIOSEO) 4.9.6.2\" \/>\n\t\t<meta property=\"og:locale\" content=\"es_ES\" \/>\n\t\t<meta property=\"og:site_name\" content=\"El Digital de Asturias\" \/>\n\t\t<meta property=\"og:type\" content=\"article\" \/>\n\t\t<meta property=\"og:title\" content=\"Ahorro energ\u00e9tico: claves para bajar el consumo en el hogar - El Digital de Asturias\" \/>\n\t\t<meta property=\"og:description\" content=\"Uno de los temas que m\u00e1s preocupa a la mayor\u00eda de los ciudadanos, sobre todo en las \u00e9pocas de verano, es el alto consumo energ\u00e9tico de algunos aparatos, como el aire acondicionado. Espa\u00f1a, por ejemplo, es uno de los pa\u00edses de Europa con la electricidad m\u00e1s cara, concretamente el segundo, seg\u00fan los \u00faltimos sondeos. Esto\" \/>\n\t\t<meta property=\"og:url\" content=\"https:\/\/www.eldigitaldeasturias.com\/noticias\/ahorro-energetico-claves-para-bajar-el-consumo-en-el-hogar\/\" \/>\n\t\t<meta property=\"og:image\" content=\"https:\/\/www.eldigitaldeasturias.com\/noticias\/wp-content\/uploads\/2017\/12\/instalacion-aires.jpg\" \/>\n\t\t<meta property=\"og:image:secure_url\" content=\"https:\/\/www.eldigitaldeasturias.com\/noticias\/wp-content\/uploads\/2017\/12\/instalacion-aires.jpg\" \/>\n\t\t<meta property=\"og:image:width\" content=\"944\" \/>\n\t\t<meta property=\"og:image:height\" content=\"658\" \/>\n\t\t<meta property=\"article:tag\" content=\"econom\u00eda\" \/>\n\t\t<meta property=\"article:published_time\" content=\"2017-12-12T15:38:24+00:00\" \/>\n\t\t<meta property=\"article:modified_time\" content=\"2017-12-12T15:38:24+00:00\" \/>\n\t\t<meta property=\"article:publisher\" content=\"https:\/\/facebook.com\/eldigitaldeasturias\" \/>\n\t\t<meta name=\"twitter:card\" content=\"summary_large_image\" \/>\n\t\t<meta name=\"twitter:title\" content=\"Ahorro energ\u00e9tico: claves para bajar el consumo en el hogar - El Digital de Asturias\" \/>\n\t\t<meta name=\"twitter:description\" content=\"Uno de los temas que m\u00e1s preocupa a la mayor\u00eda de los ciudadanos, sobre todo en las \u00e9pocas de verano, es el alto consumo energ\u00e9tico de algunos aparatos, como el aire acondicionado. Espa\u00f1a, por ejemplo, es uno de los pa\u00edses de Europa con la electricidad m\u00e1s cara, concretamente el segundo, seg\u00fan los \u00faltimos sondeos. Esto\" \/>\n\t\t<meta name=\"twitter:image\" content=\"https:\/\/www.eldigitaldeasturias.com\/noticias\/wp-content\/uploads\/2017\/12\/instalacion-aires.jpg\" \/>\n\t\t<meta name=\"twitter:label1\" content=\"Escrito por\" \/>\n\t\t<meta name=\"twitter:data1\" content=\"El Digital de Asturias\" \/>\n\t\t<meta name=\"twitter:label2\" content=\"Tiempo de lectura estimado\" \/>\n\t\t<meta name=\"twitter:data2\" content=\"4 minutos\" \/>\n\t\t<script type=\"application\/ld+json\" class=\"aioseo-schema\">\n\t\t\t{\"@context\":\"https:\\\/\\\/schema.org\",\"@graph\":[{\"@type\":\"BlogPosting\",\"@id\":\"https:\\\/\\\/www.eldigitaldeasturias.com\\\/noticias\\\/ahorro-energetico-claves-para-bajar-el-consumo-en-el-hogar\\\/#blogposting\",\"name\":\"Ahorro energ\\u00e9tico: claves para bajar el consumo en el hogar - El Digital de Asturias\",\"headline\":\"Ahorro energ\\u00e9tico: claves para bajar el consumo en el hogar\",\"author\":{\"@id\":\"https:\\\/\\\/www.eldigitaldeasturias.com\\\/noticias\\\/author\\\/admin\\\/#author\"},\"publisher\":{\"@id\":\"https:\\\/\\\/www.eldigitaldeasturias.com\\\/noticias\\\/#organization\"},\"image\":{\"@type\":\"ImageObject\",\"url\":\"https:\\\/\\\/www.eldigitaldeasturias.com\\\/noticias\\\/wp-content\\\/uploads\\\/2017\\\/12\\\/instalacion-aires.jpg\",\"width\":944,\"height\":658},\"datePublished\":\"2017-12-12T15:38:24+01:00\",\"dateModified\":\"2017-12-12T15:38:24+01:00\",\"inLanguage\":\"es-ES\",\"mainEntityOfPage\":{\"@id\":\"https:\\\/\\\/www.eldigitaldeasturias.com\\\/noticias\\\/ahorro-energetico-claves-para-bajar-el-consumo-en-el-hogar\\\/#webpage\"},\"isPartOf\":{\"@id\":\"https:\\\/\\\/www.eldigitaldeasturias.com\\\/noticias\\\/ahorro-energetico-claves-para-bajar-el-consumo-en-el-hogar\\\/#webpage\"},\"articleSection\":\"Econom\\u00eda\"},{\"@type\":\"BreadcrumbList\",\"@id\":\"https:\\\/\\\/www.eldigitaldeasturias.com\\\/noticias\\\/ahorro-energetico-claves-para-bajar-el-consumo-en-el-hogar\\\/#breadcrumblist\",\"itemListElement\":[{\"@type\":\"ListItem\",\"@id\":\"https:\\\/\\\/www.eldigitaldeasturias.com\\\/noticias#listItem\",\"position\":1,\"name\":\"Home\",\"item\":\"https:\\\/\\\/www.eldigitaldeasturias.com\\\/noticias\",\"nextItem\":{\"@type\":\"ListItem\",\"@id\":\"https:\\\/\\\/www.eldigitaldeasturias.com\\\/noticias\\\/category\\\/economia\\\/#listItem\",\"name\":\"Econom\\u00eda\"}},{\"@type\":\"ListItem\",\"@id\":\"https:\\\/\\\/www.eldigitaldeasturias.com\\\/noticias\\\/category\\\/economia\\\/#listItem\",\"position\":2,\"name\":\"Econom\\u00eda\",\"item\":\"https:\\\/\\\/www.eldigitaldeasturias.com\\\/noticias\\\/category\\\/economia\\\/\",\"nextItem\":{\"@type\":\"ListItem\",\"@id\":\"https:\\\/\\\/www.eldigitaldeasturias.com\\\/noticias\\\/ahorro-energetico-claves-para-bajar-el-consumo-en-el-hogar\\\/#listItem\",\"name\":\"Ahorro energ\\u00e9tico: claves para bajar el consumo en el hogar\"},\"previousItem\":{\"@type\":\"ListItem\",\"@id\":\"https:\\\/\\\/www.eldigitaldeasturias.com\\\/noticias#listItem\",\"name\":\"Home\"}},{\"@type\":\"ListItem\",\"@id\":\"https:\\\/\\\/www.eldigitaldeasturias.com\\\/noticias\\\/ahorro-energetico-claves-para-bajar-el-consumo-en-el-hogar\\\/#listItem\",\"position\":3,\"name\":\"Ahorro energ\\u00e9tico: claves para bajar el consumo en el hogar\",\"previousItem\":{\"@type\":\"ListItem\",\"@id\":\"https:\\\/\\\/www.eldigitaldeasturias.com\\\/noticias\\\/category\\\/economia\\\/#listItem\",\"name\":\"Econom\\u00eda\"}}]},{\"@type\":\"Organization\",\"@id\":\"https:\\\/\\\/www.eldigitaldeasturias.com\\\/noticias\\\/#organization\",\"name\":\"El Digital de Asturias\",\"description\":\"Hemeroteca\",\"url\":\"https:\\\/\\\/www.eldigitaldeasturias.com\\\/noticias\\\/\",\"email\":\"info@eldigitaldeasturias.com\",\"telephone\":\"+34652131393\",\"logo\":{\"@type\":\"ImageObject\",\"url\":\"https:\\\/\\\/www.eldigitaldeasturias.com\\\/noticias\\\/wp-content\\\/uploads\\\/2020\\\/12\\\/EDA.jpg\",\"@id\":\"https:\\\/\\\/www.eldigitaldeasturias.com\\\/noticias\\\/ahorro-energetico-claves-para-bajar-el-consumo-en-el-hogar\\\/#organizationLogo\",\"width\":649,\"height\":297},\"image\":{\"@id\":\"https:\\\/\\\/www.eldigitaldeasturias.com\\\/noticias\\\/ahorro-energetico-claves-para-bajar-el-consumo-en-el-hogar\\\/#organizationLogo\"},\"sameAs\":[\"https:\\\/\\\/facebook.com\\\/eldigitaldeasturias\",\"https:\\\/\\\/www.youtube.com\\\/channel\\\/UCZP-2wLEB9Rv6erhFmqVnvg\"],\"address\":{\"@id\":\"https:\\\/\\\/www.eldigitaldeasturias.com\\\/noticias\\\/#postaladdress\",\"@type\":\"PostalAddress\",\"streetAddress\":\"san antonio 4,\",\"postalCode\":\"33430\",\"addressLocality\":\"Cand\\u00e1s\",\"addressRegion\":\"Asturias\",\"addressCountry\":\"ES\"}},{\"@type\":\"Person\",\"@id\":\"https:\\\/\\\/www.eldigitaldeasturias.com\\\/noticias\\\/author\\\/admin\\\/#author\",\"url\":\"https:\\\/\\\/www.eldigitaldeasturias.com\\\/noticias\\\/author\\\/admin\\\/\",\"name\":\"El Digital de Asturias\",\"image\":{\"@type\":\"ImageObject\",\"@id\":\"https:\\\/\\\/www.eldigitaldeasturias.com\\\/noticias\\\/ahorro-energetico-claves-para-bajar-el-consumo-en-el-hogar\\\/#authorImage\",\"url\":\"https:\\\/\\\/www.eldigitaldeasturias.com\\\/noticias\\\/wp-content\\\/litespeed\\\/avatar\\\/18677e78aa0546b92d9dbf31ec7d7668.jpg?ver=1777290358\",\"width\":96,\"height\":96,\"caption\":\"El Digital de Asturias\"}},{\"@type\":\"WebPage\",\"@id\":\"https:\\\/\\\/www.eldigitaldeasturias.com\\\/noticias\\\/ahorro-energetico-claves-para-bajar-el-consumo-en-el-hogar\\\/#webpage\",\"url\":\"https:\\\/\\\/www.eldigitaldeasturias.com\\\/noticias\\\/ahorro-energetico-claves-para-bajar-el-consumo-en-el-hogar\\\/\",\"name\":\"Ahorro energ\\u00e9tico: claves para bajar el consumo en el hogar - El Digital de Asturias\",\"description\":\"Uno de los temas que m\\u00e1s preocupa a la mayor\\u00eda de los ciudadanos, sobre todo en las \\u00e9pocas de verano, es el alto consumo energ\\u00e9tico de algunos aparatos, como el aire acondicionado. Espa\\u00f1a, por ejemplo, es uno de los pa\\u00edses de Europa con la electricidad m\\u00e1s cara, concretamente el segundo, seg\\u00fan los \\u00faltimos sondeos. Esto\",\"inLanguage\":\"es-ES\",\"isPartOf\":{\"@id\":\"https:\\\/\\\/www.eldigitaldeasturias.com\\\/noticias\\\/#website\"},\"breadcrumb\":{\"@id\":\"https:\\\/\\\/www.eldigitaldeasturias.com\\\/noticias\\\/ahorro-energetico-claves-para-bajar-el-consumo-en-el-hogar\\\/#breadcrumblist\"},\"author\":{\"@id\":\"https:\\\/\\\/www.eldigitaldeasturias.com\\\/noticias\\\/author\\\/admin\\\/#author\"},\"creator\":{\"@id\":\"https:\\\/\\\/www.eldigitaldeasturias.com\\\/noticias\\\/author\\\/admin\\\/#author\"},\"image\":{\"@type\":\"ImageObject\",\"url\":\"https:\\\/\\\/www.eldigitaldeasturias.com\\\/noticias\\\/wp-content\\\/uploads\\\/2017\\\/12\\\/instalacion-aires.jpg\",\"@id\":\"https:\\\/\\\/www.eldigitaldeasturias.com\\\/noticias\\\/ahorro-energetico-claves-para-bajar-el-consumo-en-el-hogar\\\/#mainImage\",\"width\":944,\"height\":658},\"primaryImageOfPage\":{\"@id\":\"https:\\\/\\\/www.eldigitaldeasturias.com\\\/noticias\\\/ahorro-energetico-claves-para-bajar-el-consumo-en-el-hogar\\\/#mainImage\"},\"datePublished\":\"2017-12-12T15:38:24+01:00\",\"dateModified\":\"2017-12-12T15:38:24+01:00\"},{\"@type\":\"WebSite\",\"@id\":\"https:\\\/\\\/www.eldigitaldeasturias.com\\\/noticias\\\/#website\",\"url\":\"https:\\\/\\\/www.eldigitaldeasturias.com\\\/noticias\\\/\",\"name\":\"El Digital de Asturias - Diario de actualidad y noticias\",\"alternateName\":\"El Digital de Asturias - Diario de actualidad y noticias\",\"description\":\"Hemeroteca\",\"inLanguage\":\"es-ES\",\"publisher\":{\"@id\":\"https:\\\/\\\/www.eldigitaldeasturias.com\\\/noticias\\\/#organization\"}}]}\n\t\t<\/script>\n\t\t<!-- All in One SEO Pro -->\r\n\t\t<title>Ahorro energ\u00e9tico: claves para bajar el consumo en el hogar - El Digital de Asturias<\/title>\n\n","aioseo_head_json":{"title":"Ahorro energ\u00e9tico: claves para bajar el consumo en el hogar - El Digital de Asturias","description":"Uno de los temas que m\u00e1s preocupa a la mayor\u00eda de los ciudadanos, sobre todo en las \u00e9pocas de verano, es el alto consumo energ\u00e9tico de algunos aparatos, como el aire acondicionado. Espa\u00f1a, por ejemplo, es uno de los pa\u00edses de Europa con la electricidad m\u00e1s cara, concretamente el segundo, seg\u00fan los \u00faltimos sondeos. Esto","canonical_url":"https:\/\/www.eldigitaldeasturias.com\/noticias\/ahorro-energetico-claves-para-bajar-el-consumo-en-el-hogar\/","robots":"max-image-preview:large","keywords":"econom\u00eda","webmasterTools":{"google-site-verification":"UA-38556648-1","msvalidate.01":"7dfe9f3f1b24437ab69f4f2559babe99","miscellaneous":""},"schema":{"@context":"https:\/\/schema.org","@graph":[{"@type":"BlogPosting","@id":"https:\/\/www.eldigitaldeasturias.com\/noticias\/ahorro-energetico-claves-para-bajar-el-consumo-en-el-hogar\/#blogposting","name":"Ahorro energ\u00e9tico: claves para bajar el consumo en el hogar - El Digital de Asturias","headline":"Ahorro energ\u00e9tico: claves para bajar el consumo en el hogar","author":{"@id":"https:\/\/www.eldigitaldeasturias.com\/noticias\/author\/admin\/#author"},"publisher":{"@id":"https:\/\/www.eldigitaldeasturias.com\/noticias\/#organization"},"image":{"@type":"ImageObject","url":"https:\/\/www.eldigitaldeasturias.com\/noticias\/wp-content\/uploads\/2017\/12\/instalacion-aires.jpg","width":944,"height":658},"datePublished":"2017-12-12T15:38:24+01:00","dateModified":"2017-12-12T15:38:24+01:00","inLanguage":"es-ES","mainEntityOfPage":{"@id":"https:\/\/www.eldigitaldeasturias.com\/noticias\/ahorro-energetico-claves-para-bajar-el-consumo-en-el-hogar\/#webpage"},"isPartOf":{"@id":"https:\/\/www.eldigitaldeasturias.com\/noticias\/ahorro-energetico-claves-para-bajar-el-consumo-en-el-hogar\/#webpage"},"articleSection":"Econom\u00eda"},{"@type":"BreadcrumbList","@id":"https:\/\/www.eldigitaldeasturias.com\/noticias\/ahorro-energetico-claves-para-bajar-el-consumo-en-el-hogar\/#breadcrumblist","itemListElement":[{"@type":"ListItem","@id":"https:\/\/www.eldigitaldeasturias.com\/noticias#listItem","position":1,"name":"Home","item":"https:\/\/www.eldigitaldeasturias.com\/noticias","nextItem":{"@type":"ListItem","@id":"https:\/\/www.eldigitaldeasturias.com\/noticias\/category\/economia\/#listItem","name":"Econom\u00eda"}},{"@type":"ListItem","@id":"https:\/\/www.eldigitaldeasturias.com\/noticias\/category\/economia\/#listItem","position":2,"name":"Econom\u00eda","item":"https:\/\/www.eldigitaldeasturias.com\/noticias\/category\/economia\/","nextItem":{"@type":"ListItem","@id":"https:\/\/www.eldigitaldeasturias.com\/noticias\/ahorro-energetico-claves-para-bajar-el-consumo-en-el-hogar\/#listItem","name":"Ahorro energ\u00e9tico: claves para bajar el consumo en el hogar"},"previousItem":{"@type":"ListItem","@id":"https:\/\/www.eldigitaldeasturias.com\/noticias#listItem","name":"Home"}},{"@type":"ListItem","@id":"https:\/\/www.eldigitaldeasturias.com\/noticias\/ahorro-energetico-claves-para-bajar-el-consumo-en-el-hogar\/#listItem","position":3,"name":"Ahorro energ\u00e9tico: claves para bajar el consumo en el hogar","previousItem":{"@type":"ListItem","@id":"https:\/\/www.eldigitaldeasturias.com\/noticias\/category\/economia\/#listItem","name":"Econom\u00eda"}}]},{"@type":"Organization","@id":"https:\/\/www.eldigitaldeasturias.com\/noticias\/#organization","name":"El Digital de Asturias","description":"Hemeroteca","url":"https:\/\/www.eldigitaldeasturias.com\/noticias\/","email":"info@eldigitaldeasturias.com","telephone":"+34652131393","logo":{"@type":"ImageObject","url":"https:\/\/www.eldigitaldeasturias.com\/noticias\/wp-content\/uploads\/2020\/12\/EDA.jpg","@id":"https:\/\/www.eldigitaldeasturias.com\/noticias\/ahorro-energetico-claves-para-bajar-el-consumo-en-el-hogar\/#organizationLogo","width":649,"height":297},"image":{"@id":"https:\/\/www.eldigitaldeasturias.com\/noticias\/ahorro-energetico-claves-para-bajar-el-consumo-en-el-hogar\/#organizationLogo"},"sameAs":["https:\/\/facebook.com\/eldigitaldeasturias","https:\/\/www.youtube.com\/channel\/UCZP-2wLEB9Rv6erhFmqVnvg"],"address":{"@id":"https:\/\/www.eldigitaldeasturias.com\/noticias\/#postaladdress","@type":"PostalAddress","streetAddress":"san antonio 4,","postalCode":"33430","addressLocality":"Cand\u00e1s","addressRegion":"Asturias","addressCountry":"ES"}},{"@type":"Person","@id":"https:\/\/www.eldigitaldeasturias.com\/noticias\/author\/admin\/#author","url":"https:\/\/www.eldigitaldeasturias.com\/noticias\/author\/admin\/","name":"El Digital de Asturias","image":{"@type":"ImageObject","@id":"https:\/\/www.eldigitaldeasturias.com\/noticias\/ahorro-energetico-claves-para-bajar-el-consumo-en-el-hogar\/#authorImage","url":"https:\/\/www.eldigitaldeasturias.com\/noticias\/wp-content\/litespeed\/avatar\/18677e78aa0546b92d9dbf31ec7d7668.jpg?ver=1777290358","width":96,"height":96,"caption":"El Digital de Asturias"}},{"@type":"WebPage","@id":"https:\/\/www.eldigitaldeasturias.com\/noticias\/ahorro-energetico-claves-para-bajar-el-consumo-en-el-hogar\/#webpage","url":"https:\/\/www.eldigitaldeasturias.com\/noticias\/ahorro-energetico-claves-para-bajar-el-consumo-en-el-hogar\/","name":"Ahorro energ\u00e9tico: claves para bajar el consumo en el hogar - El Digital de Asturias","description":"Uno de los temas que m\u00e1s preocupa a la mayor\u00eda de los ciudadanos, sobre todo en las \u00e9pocas de verano, es el alto consumo energ\u00e9tico de algunos aparatos, como el aire acondicionado. Espa\u00f1a, por ejemplo, es uno de los pa\u00edses de Europa con la electricidad m\u00e1s cara, concretamente el segundo, seg\u00fan los \u00faltimos sondeos. Esto","inLanguage":"es-ES","isPartOf":{"@id":"https:\/\/www.eldigitaldeasturias.com\/noticias\/#website"},"breadcrumb":{"@id":"https:\/\/www.eldigitaldeasturias.com\/noticias\/ahorro-energetico-claves-para-bajar-el-consumo-en-el-hogar\/#breadcrumblist"},"author":{"@id":"https:\/\/www.eldigitaldeasturias.com\/noticias\/author\/admin\/#author"},"creator":{"@id":"https:\/\/www.eldigitaldeasturias.com\/noticias\/author\/admin\/#author"},"image":{"@type":"ImageObject","url":"https:\/\/www.eldigitaldeasturias.com\/noticias\/wp-content\/uploads\/2017\/12\/instalacion-aires.jpg","@id":"https:\/\/www.eldigitaldeasturias.com\/noticias\/ahorro-energetico-claves-para-bajar-el-consumo-en-el-hogar\/#mainImage","width":944,"height":658},"primaryImageOfPage":{"@id":"https:\/\/www.eldigitaldeasturias.com\/noticias\/ahorro-energetico-claves-para-bajar-el-consumo-en-el-hogar\/#mainImage"},"datePublished":"2017-12-12T15:38:24+01:00","dateModified":"2017-12-12T15:38:24+01:00"},{"@type":"WebSite","@id":"https:\/\/www.eldigitaldeasturias.com\/noticias\/#website","url":"https:\/\/www.eldigitaldeasturias.com\/noticias\/","name":"El Digital de Asturias - Diario de actualidad y noticias","alternateName":"El Digital de Asturias - Diario de actualidad y noticias","description":"Hemeroteca","inLanguage":"es-ES","publisher":{"@id":"https:\/\/www.eldigitaldeasturias.com\/noticias\/#organization"}}]},"og:locale":"es_ES","og:site_name":"El Digital de Asturias","og:type":"article","og:title":"Ahorro energ\u00e9tico: claves para bajar el consumo en el hogar - El Digital de Asturias","og:description":"Uno de los temas que m\u00e1s preocupa a la mayor\u00eda de los ciudadanos, sobre todo en las \u00e9pocas de verano, es el alto consumo energ\u00e9tico de algunos aparatos, como el aire acondicionado. Espa\u00f1a, por ejemplo, es uno de los pa\u00edses de Europa con la electricidad m\u00e1s cara, concretamente el segundo, seg\u00fan los \u00faltimos sondeos. Esto","og:url":"https:\/\/www.eldigitaldeasturias.com\/noticias\/ahorro-energetico-claves-para-bajar-el-consumo-en-el-hogar\/","og:image":"https:\/\/www.eldigitaldeasturias.com\/noticias\/wp-content\/uploads\/2017\/12\/instalacion-aires.jpg","og:image:secure_url":"https:\/\/www.eldigitaldeasturias.com\/noticias\/wp-content\/uploads\/2017\/12\/instalacion-aires.jpg","og:image:width":944,"og:image:height":658,"article:tag":["econom\u00eda"],"article:published_time":"2017-12-12T15:38:24+00:00","article:modified_time":"2017-12-12T15:38:24+00:00","article:publisher":"https:\/\/facebook.com\/eldigitaldeasturias","twitter:card":"summary_large_image","twitter:title":"Ahorro energ\u00e9tico: claves para bajar el consumo en el hogar - El Digital de Asturias","twitter:description":"Uno de los temas que m\u00e1s preocupa a la mayor\u00eda de los ciudadanos, sobre todo en las \u00e9pocas de verano, es el alto consumo energ\u00e9tico de algunos aparatos, como el aire acondicionado. Espa\u00f1a, por ejemplo, es uno de los pa\u00edses de Europa con la electricidad m\u00e1s cara, concretamente el segundo, seg\u00fan los \u00faltimos sondeos. Esto","twitter:image":"https:\/\/www.eldigitaldeasturias.com\/noticias\/wp-content\/uploads\/2017\/12\/instalacion-aires.jpg","twitter:label1":"Escrito por","twitter:data1":"El Digital de Asturias","twitter:label2":"Tiempo de lectura estimado","twitter:data2":"4 minutos"},"aioseo_meta_data":{"post_id":"963115","title":null,"description":null,"keywords":null,"keyphrases":null,"primary_term":null,"canonical_url":null,"og_title":null,"og_description":null,"og_object_type":"default","og_image_type":"default","og_image_url":null,"og_image_width":null,"og_image_height":null,"og_image_custom_url":null,"og_image_custom_fields":null,"og_video":null,"og_custom_url":null,"og_article_section":null,"og_article_tags":null,"twitter_use_og":false,"twitter_card":"default","twitter_image_type":"default","twitter_image_url":null,"twitter_image_custom_url":null,"twitter_image_custom_fields":null,"twitter_title":null,"twitter_description":null,"schema":{"blockGraphs":[],"customGraphs":[],"default":{"data":{"Article":[],"Course":[],"Dataset":[],"FAQPage":[],"Movie":[],"Person":[],"Product":[],"ProductReview":[],"Car":[],"Recipe":[],"Service":[],"SoftwareApplication":[],"WebPage":[]},"graphName":"","isEnabled":true},"graphs":[],"defaultGraph":"","defaultPostTypeGraph":""},"schema_type":null,"schema_type_options":null,"pillar_content":false,"robots_default":true,"robots_noindex":false,"robots_noarchive":false,"robots_nosnippet":false,"robots_nofollow":false,"robots_noimageindex":false,"robots_noodp":false,"robots_notranslate":false,"robots_max_snippet":null,"robots_max_videopreview":null,"robots_max_imagepreview":"large","priority":null,"frequency":null,"local_seo":null,"seo_analyzer_scan_date":"2025-12-07 14:54:09","breadcrumb_settings":null,"limit_modified_date":false,"open_ai":null,"ai":null,"created":"2020-12-21 12:44:41","updated":"2025-12-07 14:54:09"},"aioseo_breadcrumb":"<div class=\"aioseo-breadcrumbs\"><span class=\"aioseo-breadcrumb\">\n\t<a href=\"https:\/\/www.eldigitaldeasturias.com\/noticias\" title=\"Home\">Home<\/a>\n<\/span><span class=\"aioseo-breadcrumb-separator\">\u2013<\/span><span class=\"aioseo-breadcrumb\">\n\t<a href=\"https:\/\/www.eldigitaldeasturias.com\/noticias\/category\/economia\/\" title=\"Econom\u00eda\">Econom\u00eda<\/a>\n<\/span><span class=\"aioseo-breadcrumb-separator\">\u2013<\/span><span class=\"aioseo-breadcrumb\">\n\t<a href=\"https:\/\/www.eldigitaldeasturias.com\/noticias\/ahorro-energetico-claves-para-bajar-el-consumo-en-el-hogar\/\" title=\"Ahorro energ\u00e9tico: claves para bajar el consumo en el hogar\">Ahorro energ\u00e9tico: claves para bajar el consumo en el hogar<\/a>\n<\/span><\/div>","aioseo_breadcrumb_json":[{"label":"Home","link":"https:\/\/www.eldigitaldeasturias.com\/noticias"},{"label":"Econom\u00eda","link":"https:\/\/www.eldigitaldeasturias.com\/noticias\/category\/economia\/"},{"label":"Ahorro energ\u00e9tico: claves para bajar el consumo en el hogar","link":"https:\/\/www.eldigitaldeasturias.com\/noticias\/ahorro-energetico-claves-para-bajar-el-consumo-en-el-hogar\/"}],"_links":{"self":[{"href":"https:\/\/www.eldigitaldeasturias.com\/noticias\/wp-json\/wp\/v2\/posts\/963115","targetHints":{"allow":["GET"]}}],"collection":[{"href":"https:\/\/www.eldigitaldeasturias.com\/noticias\/wp-json\/wp\/v2\/posts"}],"about":[{"href":"https:\/\/www.eldigitaldeasturias.com\/noticias\/wp-json\/wp\/v2\/types\/post"}],"author":[{"embeddable":true,"href":"https:\/\/www.eldigitaldeasturias.com\/noticias\/wp-json\/wp\/v2\/users\/1"}],"replies":[{"embeddable":true,"href":"https:\/\/www.eldigitaldeasturias.com\/noticias\/wp-json\/wp\/v2\/comments?post=963115"}],"version-history":[{"count":0,"href":"https:\/\/www.eldigitaldeasturias.com\/noticias\/wp-json\/wp\/v2\/posts\/963115\/revisions"}],"wp:featuredmedia":[{"embeddable":true,"href":"https:\/\/www.eldigitaldeasturias.com\/noticias\/wp-json\/wp\/v2\/media\/963116"}],"wp:attachment":[{"href":"https:\/\/www.eldigitaldeasturias.com\/noticias\/wp-json\/wp\/v2\/media?parent=963115"}],"wp:term":[{"taxonomy":"category","embeddable":true,"href":"https:\/\/www.eldigitaldeasturias.com\/noticias\/wp-json\/wp\/v2\/categories?post=963115"},{"taxonomy":"post_tag","embeddable":true,"href":"https:\/\/www.eldigitaldeasturias.com\/noticias\/wp-json\/wp\/v2\/tags?post=963115"}],"curies":[{"name":"wp","href":"https:\/\/api.w.org\/{rel}","templated":true}]}}