{"id":963050,"date":"2017-12-12T03:28:10","date_gmt":"2017-12-12T03:28:10","guid":{"rendered":"http:\/\/www.eldigitaldeasturias.com\/noticias\/?p=963050"},"modified":"2017-12-12T03:28:10","modified_gmt":"2017-12-12T03:28:10","slug":"vicente-guillen-el-terrorismo-nos-hizo-sufrir-pero-tambien-nos-unio","status":"publish","type":"post","link":"https:\/\/www.eldigitaldeasturias.com\/noticias\/vicente-guillen-el-terrorismo-nos-hizo-sufrir-pero-tambien-nos-unio\/","title":{"rendered":"Vicente Guill\u00e9n: \u201cEl terrorismo nos hizo sufrir pero tambi\u00e9n nos uni\u00f3\u201d"},"content":{"rendered":"<p><img loading=\"lazy\" decoding=\"async\" class=\"alignleft size-medium wp-image-963051\" src=\"https:\/\/www.eldigitaldeasturias.com\/noticias\/wp-content\/uploads\/2017\/12\/pelicula_aragonesa-360x159.jpg\" alt=\"\" width=\"360\" height=\"159\" \/>\u201cEl terrorismo nos hizo sufrir pero tambi\u00e9n nos uni\u00f3\u201d, indic\u00f3 esta tarde el consejero de Presidencia del Gobierno de Arag\u00f3n, Vicente Guill\u00e9n, que asisti\u00f3 al pre-estreno de la pel\u00edcula 11-D. Una ma\u00f1ana de invierno, en la sede de la Corporaci\u00f3n Aragonesa de Radio y Televisi\u00f3n (CARTV).<\/p>\n<p>La pel\u00edcula est\u00e1 basada en hechos reales y rememora todo lo ocurrido en el atentado perpetrado por ETA en el Cuartel de la Avenida Catalu\u00f1a de Zaragoza en 1987 as\u00ed como las 24 horas anteriores y posteriores a su ejecuci\u00f3n.<\/p>\n<p>Vicente Guill\u00e9n indic\u00f3 que aquellos a\u00f1os, hasta la derrota de ETA, fueron los m\u00e1s duros de la Historia contempor\u00e1nea de Espa\u00f1a y que al final \u201cfrente al terror se impuso la Constituci\u00f3n y la convivencia\u201d.<\/p>\n<p>Indic\u00f3 el consejero de Presidencia que \u201cel terrorismo tiene muchas caras y en estos momentos no tiene fronteras, lo que hace m\u00e1s dif\u00edcil luchar contra \u00e9l\u201d.<\/p>\n<p>El film narra c\u00f3mo la banda terrorista ETA organiz\u00f3 y ejecut\u00f3 el atentado pero, sobre todo, se centra en las historias personales de algunas de las personas que viv\u00edan en la Casa Cuartel de la Guardia Civil.<\/p>\n<p>El rodaje comenz\u00f3 el pasado 13 de noviembre y se desarroll\u00f3 a lo largo de 11 jornadas.<\/p>\n<p>El director de cine Roberto Rold\u00e1n estuvo al frente de un equipo casi cien por cien aragon\u00e9s.<\/p>\n<p>Algunas de las localizaciones de 11-D. Una ma\u00f1ana de invierno se corresponden con el lugar en el que ocurrieron los hechos. De esta forma, se ha rodado en el edificio de Delegaci\u00f3n del Gobierno, en la misma sala donde se instal\u00f3 la capilla ardiente con los f\u00e9retros de las v\u00edctimas.<\/p>\n<p>Por otro lado, la producci\u00f3n viaj\u00f3 al sur de Francia para recrear el viaje que el comando etarra realiz\u00f3 hasta Zaragoza. En total, cerca de 20 localizaciones diferentes que van desde espacios interiores, donde se desarrolla la vida familiar de los protagonistas, hasta exteriores de enorme complejidad, necesarios para recrear el derrumbe de una parte importante de la antigua casa cuartel de la avenida de Catalu\u00f1a.<\/p>\n<p>El 11-D. Una ma\u00f1ana de invierno se estrena en Arag\u00f3n TV esta noche a las 21:35 horas. Tras la emisi\u00f3n de la pel\u00edcula, Arag\u00f3n TV ofrecer\u00e1 un documental que profundiza en la \u00e9poca en la que ocurri\u00f3 el atentado de la Casa Cuartel de la Avenida Catalu\u00f1a.<\/p>\n","protected":false},"excerpt":{"rendered":"<p>\u201cEl terrorismo nos hizo sufrir pero tambi\u00e9n nos uni\u00f3\u201d, indic\u00f3 esta tarde el consejero de Presidencia del Gobierno de Arag\u00f3n, Vicente Guill\u00e9n, que asisti\u00f3 al pre-estreno de la pel\u00edcula 11-D. Una ma\u00f1ana de invierno, en la sede de la Corporaci\u00f3n Aragonesa de Radio y Televisi\u00f3n (CARTV). La pel\u00edcula est\u00e1 basada en hechos reales y rememora [&hellip;]<\/p>\n","protected":false},"author":1,"featured_media":963051,"comment_status":"closed","ping_status":"closed","sticky":false,"template":"","format":"standard","meta":{"footnotes":""},"categories":[1],"tags":[],"class_list":["post-963050","post","type-post","status-publish","format-standard","has-post-thumbnail","hentry","category-actualidad"],"aioseo_notices":[],"aioseo_head":"\n\t\t<!-- All in One SEO Pro 5.0.1 - aioseo.com -->\n\t<meta name=\"description\" content=\"\u201cEl terrorismo nos hizo sufrir pero tambi\u00e9n nos uni\u00f3\u201d, indic\u00f3 esta tarde el consejero de Presidencia del Gobierno de Arag\u00f3n, Vicente Guill\u00e9n, que asisti\u00f3 al pre-estreno de la pel\u00edcula 11-D. Una ma\u00f1ana de invierno, en la sede de la Corporaci\u00f3n Aragonesa de Radio y Televisi\u00f3n (CARTV). La pel\u00edcula est\u00e1 basada en hechos reales y rememora\" \/>\n\t<meta name=\"robots\" content=\"max-image-preview:large\" \/>\n\t<meta name=\"author\" content=\"El Digital de Asturias\"\/>\n\t<meta name=\"google-site-verification\" content=\"UA-38556648-1\" \/>\n\t<meta name=\"msvalidate.01\" content=\"7dfe9f3f1b24437ab69f4f2559babe99\" \/>\n\t<meta name=\"keywords\" content=\"actualidad\" \/>\n\t<link rel=\"canonical\" href=\"https:\/\/www.eldigitaldeasturias.com\/noticias\/vicente-guillen-el-terrorismo-nos-hizo-sufrir-pero-tambien-nos-unio\/\" \/>\n\t<meta name=\"generator\" content=\"All in One SEO Pro (AIOSEO) 5.0.1\" \/>\n\t\t<meta property=\"og:locale\" content=\"es_ES\" \/>\n\t\t<meta property=\"og:site_name\" content=\"El Digital de Asturias\" \/>\n\t\t<meta property=\"og:type\" content=\"article\" \/>\n\t\t<meta property=\"og:title\" content=\"Vicente Guill\u00e9n: \u201cEl terrorismo nos hizo sufrir pero tambi\u00e9n nos uni\u00f3\u201d - El Digital de Asturias\" \/>\n\t\t<meta property=\"og:description\" content=\"\u201cEl terrorismo nos hizo sufrir pero tambi\u00e9n nos uni\u00f3\u201d, indic\u00f3 esta tarde el consejero de Presidencia del Gobierno de Arag\u00f3n, Vicente Guill\u00e9n, que asisti\u00f3 al pre-estreno de la pel\u00edcula 11-D. Una ma\u00f1ana de invierno, en la sede de la Corporaci\u00f3n Aragonesa de Radio y Televisi\u00f3n (CARTV). La pel\u00edcula est\u00e1 basada en hechos reales y rememora\" \/>\n\t\t<meta property=\"og:url\" content=\"https:\/\/www.eldigitaldeasturias.com\/noticias\/vicente-guillen-el-terrorismo-nos-hizo-sufrir-pero-tambien-nos-unio\/\" \/>\n\t\t<meta property=\"article:tag\" content=\"actualidad\" \/>\n\t\t<meta property=\"article:published_time\" content=\"2017-12-12T03:28:10+00:00\" \/>\n\t\t<meta property=\"article:modified_time\" content=\"2017-12-12T03:28:10+00:00\" \/>\n\t\t<meta property=\"article:publisher\" content=\"https:\/\/facebook.com\/eldigitaldeasturias\" \/>\n\t\t<meta name=\"twitter:card\" content=\"summary_large_image\" \/>\n\t\t<meta name=\"twitter:title\" content=\"Vicente Guill\u00e9n: \u201cEl terrorismo nos hizo sufrir pero tambi\u00e9n nos uni\u00f3\u201d - El Digital de Asturias\" \/>\n\t\t<meta name=\"twitter:description\" content=\"\u201cEl terrorismo nos hizo sufrir pero tambi\u00e9n nos uni\u00f3\u201d, indic\u00f3 esta tarde el consejero de Presidencia del Gobierno de Arag\u00f3n, Vicente Guill\u00e9n, que asisti\u00f3 al pre-estreno de la pel\u00edcula 11-D. Una ma\u00f1ana de invierno, en la sede de la Corporaci\u00f3n Aragonesa de Radio y Televisi\u00f3n (CARTV). La pel\u00edcula est\u00e1 basada en hechos reales y rememora\" \/>\n\t\t<meta name=\"twitter:image\" content=\"https:\/\/www.eldigitaldeasturias.com\/noticias\/wp-content\/uploads\/2020\/12\/EDA-1.jpg\" \/>\n\t\t<meta name=\"twitter:label1\" content=\"Escrito por\" \/>\n\t\t<meta name=\"twitter:data1\" content=\"El Digital de Asturias\" \/>\n\t\t<meta name=\"twitter:label2\" content=\"Tiempo de lectura estimado\" \/>\n\t\t<meta name=\"twitter:data2\" content=\"2 minutos\" \/>\n\t\t<script type=\"application\/ld+json\" class=\"aioseo-schema\">\n\t\t\t{\"@context\":\"https:\\\/\\\/schema.org\",\"@graph\":[{\"@type\":\"BlogPosting\",\"@id\":\"https:\\\/\\\/www.eldigitaldeasturias.com\\\/noticias\\\/vicente-guillen-el-terrorismo-nos-hizo-sufrir-pero-tambien-nos-unio\\\/#blogposting\",\"name\":\"Vicente Guill\\u00e9n: \\u201cEl terrorismo nos hizo sufrir pero tambi\\u00e9n nos uni\\u00f3\\u201d - El Digital de Asturias\",\"headline\":\"Vicente Guill\\u00e9n: \\u201cEl terrorismo nos hizo sufrir pero tambi\\u00e9n nos uni\\u00f3\\u201d\",\"author\":{\"@id\":\"https:\\\/\\\/www.eldigitaldeasturias.com\\\/noticias\\\/author\\\/admin\\\/#author\"},\"publisher\":{\"@id\":\"https:\\\/\\\/www.eldigitaldeasturias.com\\\/noticias\\\/#organization\"},\"image\":{\"@type\":\"ImageObject\",\"url\":963051},\"datePublished\":\"2017-12-12T03:28:10+01:00\",\"dateModified\":\"2017-12-12T03:28:10+01:00\",\"inLanguage\":\"es-ES\",\"mainEntityOfPage\":{\"@id\":\"https:\\\/\\\/www.eldigitaldeasturias.com\\\/noticias\\\/vicente-guillen-el-terrorismo-nos-hizo-sufrir-pero-tambien-nos-unio\\\/#webpage\"},\"isPartOf\":{\"@id\":\"https:\\\/\\\/www.eldigitaldeasturias.com\\\/noticias\\\/vicente-guillen-el-terrorismo-nos-hizo-sufrir-pero-tambien-nos-unio\\\/#webpage\"},\"articleSection\":\"Actualidad\"},{\"@type\":\"BreadcrumbList\",\"@id\":\"https:\\\/\\\/www.eldigitaldeasturias.com\\\/noticias\\\/vicente-guillen-el-terrorismo-nos-hizo-sufrir-pero-tambien-nos-unio\\\/#breadcrumblist\",\"itemListElement\":[{\"@type\":\"ListItem\",\"@id\":\"https:\\\/\\\/www.eldigitaldeasturias.com\\\/noticias#listItem\",\"position\":1,\"name\":\"Home\",\"item\":\"https:\\\/\\\/www.eldigitaldeasturias.com\\\/noticias\",\"nextItem\":{\"@type\":\"ListItem\",\"@id\":\"https:\\\/\\\/www.eldigitaldeasturias.com\\\/noticias\\\/category\\\/actualidad\\\/#listItem\",\"name\":\"Actualidad\"}},{\"@type\":\"ListItem\",\"@id\":\"https:\\\/\\\/www.eldigitaldeasturias.com\\\/noticias\\\/category\\\/actualidad\\\/#listItem\",\"position\":2,\"name\":\"Actualidad\",\"item\":\"https:\\\/\\\/www.eldigitaldeasturias.com\\\/noticias\\\/category\\\/actualidad\\\/\",\"nextItem\":{\"@type\":\"ListItem\",\"@id\":\"https:\\\/\\\/www.eldigitaldeasturias.com\\\/noticias\\\/vicente-guillen-el-terrorismo-nos-hizo-sufrir-pero-tambien-nos-unio\\\/#listItem\",\"name\":\"Vicente Guill\\u00e9n: \\u201cEl terrorismo nos hizo sufrir pero tambi\\u00e9n nos uni\\u00f3\\u201d\"},\"previousItem\":{\"@type\":\"ListItem\",\"@id\":\"https:\\\/\\\/www.eldigitaldeasturias.com\\\/noticias#listItem\",\"name\":\"Home\"}},{\"@type\":\"ListItem\",\"@id\":\"https:\\\/\\\/www.eldigitaldeasturias.com\\\/noticias\\\/vicente-guillen-el-terrorismo-nos-hizo-sufrir-pero-tambien-nos-unio\\\/#listItem\",\"position\":3,\"name\":\"Vicente Guill\\u00e9n: \\u201cEl terrorismo nos hizo sufrir pero tambi\\u00e9n nos uni\\u00f3\\u201d\",\"previousItem\":{\"@type\":\"ListItem\",\"@id\":\"https:\\\/\\\/www.eldigitaldeasturias.com\\\/noticias\\\/category\\\/actualidad\\\/#listItem\",\"name\":\"Actualidad\"}}]},{\"@type\":\"Organization\",\"@id\":\"https:\\\/\\\/www.eldigitaldeasturias.com\\\/noticias\\\/#organization\",\"name\":\"El Digital de Asturias\",\"description\":\"Hemeroteca\",\"url\":\"https:\\\/\\\/www.eldigitaldeasturias.com\\\/noticias\\\/\",\"email\":\"info@eldigitaldeasturias.com\",\"telephone\":\"+34652131393\",\"logo\":{\"@type\":\"ImageObject\",\"url\":\"https:\\\/\\\/www.eldigitaldeasturias.com\\\/noticias\\\/wp-content\\\/uploads\\\/2020\\\/12\\\/EDA.jpg\",\"@id\":\"https:\\\/\\\/www.eldigitaldeasturias.com\\\/noticias\\\/vicente-guillen-el-terrorismo-nos-hizo-sufrir-pero-tambien-nos-unio\\\/#organizationLogo\"},\"image\":{\"@id\":\"https:\\\/\\\/www.eldigitaldeasturias.com\\\/noticias\\\/vicente-guillen-el-terrorismo-nos-hizo-sufrir-pero-tambien-nos-unio\\\/#organizationLogo\"},\"sameAs\":[\"https:\\\/\\\/facebook.com\\\/eldigitaldeasturias\",\"https:\\\/\\\/www.youtube.com\\\/channel\\\/UCZP-2wLEB9Rv6erhFmqVnvg\"],\"address\":{\"@id\":\"https:\\\/\\\/www.eldigitaldeasturias.com\\\/noticias\\\/#postaladdress\",\"@type\":\"PostalAddress\",\"streetAddress\":\"san antonio 4\",\"postalCode\":\"33430\",\"addressLocality\":\"Cand\\u00e1s\",\"addressRegion\":\"Asturias\",\"addressCountry\":\"ES\"}},{\"@type\":\"Person\",\"@id\":\"https:\\\/\\\/www.eldigitaldeasturias.com\\\/noticias\\\/author\\\/admin\\\/#author\",\"url\":\"https:\\\/\\\/www.eldigitaldeasturias.com\\\/noticias\\\/author\\\/admin\\\/\",\"name\":\"El Digital de Asturias\",\"image\":{\"@type\":\"ImageObject\",\"@id\":\"https:\\\/\\\/www.eldigitaldeasturias.com\\\/noticias\\\/vicente-guillen-el-terrorismo-nos-hizo-sufrir-pero-tambien-nos-unio\\\/#authorImage\",\"url\":\"https:\\\/\\\/secure.gravatar.com\\\/avatar\\\/df2aeffc32bcd13f8d26072ef8a91b623d677766deac7f97ca815868cd41bf5e?s=96&d=mm&r=g\",\"width\":96,\"height\":96,\"caption\":\"El Digital de Asturias\"}},{\"@type\":\"WebPage\",\"@id\":\"https:\\\/\\\/www.eldigitaldeasturias.com\\\/noticias\\\/vicente-guillen-el-terrorismo-nos-hizo-sufrir-pero-tambien-nos-unio\\\/#webpage\",\"url\":\"https:\\\/\\\/www.eldigitaldeasturias.com\\\/noticias\\\/vicente-guillen-el-terrorismo-nos-hizo-sufrir-pero-tambien-nos-unio\\\/\",\"name\":\"Vicente Guill\\u00e9n: \\u201cEl terrorismo nos hizo sufrir pero tambi\\u00e9n nos uni\\u00f3\\u201d - El Digital de Asturias\",\"description\":\"\\u201cEl terrorismo nos hizo sufrir pero tambi\\u00e9n nos uni\\u00f3\\u201d, indic\\u00f3 esta tarde el consejero de Presidencia del Gobierno de Arag\\u00f3n, Vicente Guill\\u00e9n, que asisti\\u00f3 al pre-estreno de la pel\\u00edcula 11-D. Una ma\\u00f1ana de invierno, en la sede de la Corporaci\\u00f3n Aragonesa de Radio y Televisi\\u00f3n (CARTV). La pel\\u00edcula est\\u00e1 basada en hechos reales y rememora\",\"inLanguage\":\"es-ES\",\"isPartOf\":{\"@id\":\"https:\\\/\\\/www.eldigitaldeasturias.com\\\/noticias\\\/#website\"},\"breadcrumb\":{\"@id\":\"https:\\\/\\\/www.eldigitaldeasturias.com\\\/noticias\\\/vicente-guillen-el-terrorismo-nos-hizo-sufrir-pero-tambien-nos-unio\\\/#breadcrumblist\"},\"author\":{\"@id\":\"https:\\\/\\\/www.eldigitaldeasturias.com\\\/noticias\\\/author\\\/admin\\\/#author\"},\"creator\":{\"@id\":\"https:\\\/\\\/www.eldigitaldeasturias.com\\\/noticias\\\/author\\\/admin\\\/#author\"},\"image\":{\"@type\":\"ImageObject\",\"url\":963051,\"@id\":\"https:\\\/\\\/www.eldigitaldeasturias.com\\\/noticias\\\/vicente-guillen-el-terrorismo-nos-hizo-sufrir-pero-tambien-nos-unio\\\/#mainImage\"},\"primaryImageOfPage\":{\"@id\":\"https:\\\/\\\/www.eldigitaldeasturias.com\\\/noticias\\\/vicente-guillen-el-terrorismo-nos-hizo-sufrir-pero-tambien-nos-unio\\\/#mainImage\"},\"datePublished\":\"2017-12-12T03:28:10+01:00\",\"dateModified\":\"2017-12-12T03:28:10+01:00\"},{\"@type\":\"WebSite\",\"@id\":\"https:\\\/\\\/www.eldigitaldeasturias.com\\\/noticias\\\/#website\",\"url\":\"https:\\\/\\\/www.eldigitaldeasturias.com\\\/noticias\\\/\",\"name\":\"El Digital de Asturias - Diario de actualidad y noticias\",\"alternateName\":\"El Digital de Asturias - Diario de actualidad y noticias\",\"description\":\"Hemeroteca\",\"inLanguage\":\"es-ES\",\"publisher\":{\"@id\":\"https:\\\/\\\/www.eldigitaldeasturias.com\\\/noticias\\\/#organization\"}}]}\n\t\t<\/script>\n\t\t<!-- All in One SEO Pro -->\r\n\t\t<title>Vicente Guill\u00e9n: \u201cEl terrorismo nos hizo sufrir pero tambi\u00e9n nos uni\u00f3\u201d - El Digital de Asturias<\/title>\n\n","aioseo_head_json":{"title":"Vicente Guill\u00e9n: \u201cEl terrorismo nos hizo sufrir pero tambi\u00e9n nos uni\u00f3\u201d - El Digital de Asturias","description":"\u201cEl terrorismo nos hizo sufrir pero tambi\u00e9n nos uni\u00f3\u201d, indic\u00f3 esta tarde el consejero de Presidencia del Gobierno de Arag\u00f3n, Vicente Guill\u00e9n, que asisti\u00f3 al pre-estreno de la pel\u00edcula 11-D. Una ma\u00f1ana de invierno, en la sede de la Corporaci\u00f3n Aragonesa de Radio y Televisi\u00f3n (CARTV). La pel\u00edcula est\u00e1 basada en hechos reales y rememora","canonical_url":"https:\/\/www.eldigitaldeasturias.com\/noticias\/vicente-guillen-el-terrorismo-nos-hizo-sufrir-pero-tambien-nos-unio\/","robots":"max-image-preview:large","keywords":"actualidad","webmasterTools":{"google-site-verification":"UA-38556648-1","msvalidate.01":"7dfe9f3f1b24437ab69f4f2559babe99","miscellaneous":""},"schema":{"@context":"https:\/\/schema.org","@graph":[{"@type":"BlogPosting","@id":"https:\/\/www.eldigitaldeasturias.com\/noticias\/vicente-guillen-el-terrorismo-nos-hizo-sufrir-pero-tambien-nos-unio\/#blogposting","name":"Vicente Guill\u00e9n: \u201cEl terrorismo nos hizo sufrir pero tambi\u00e9n nos uni\u00f3\u201d - El Digital de Asturias","headline":"Vicente Guill\u00e9n: \u201cEl terrorismo nos hizo sufrir pero tambi\u00e9n nos uni\u00f3\u201d","author":{"@id":"https:\/\/www.eldigitaldeasturias.com\/noticias\/author\/admin\/#author"},"publisher":{"@id":"https:\/\/www.eldigitaldeasturias.com\/noticias\/#organization"},"image":{"@type":"ImageObject","url":963051},"datePublished":"2017-12-12T03:28:10+01:00","dateModified":"2017-12-12T03:28:10+01:00","inLanguage":"es-ES","mainEntityOfPage":{"@id":"https:\/\/www.eldigitaldeasturias.com\/noticias\/vicente-guillen-el-terrorismo-nos-hizo-sufrir-pero-tambien-nos-unio\/#webpage"},"isPartOf":{"@id":"https:\/\/www.eldigitaldeasturias.com\/noticias\/vicente-guillen-el-terrorismo-nos-hizo-sufrir-pero-tambien-nos-unio\/#webpage"},"articleSection":"Actualidad"},{"@type":"BreadcrumbList","@id":"https:\/\/www.eldigitaldeasturias.com\/noticias\/vicente-guillen-el-terrorismo-nos-hizo-sufrir-pero-tambien-nos-unio\/#breadcrumblist","itemListElement":[{"@type":"ListItem","@id":"https:\/\/www.eldigitaldeasturias.com\/noticias#listItem","position":1,"name":"Home","item":"https:\/\/www.eldigitaldeasturias.com\/noticias","nextItem":{"@type":"ListItem","@id":"https:\/\/www.eldigitaldeasturias.com\/noticias\/category\/actualidad\/#listItem","name":"Actualidad"}},{"@type":"ListItem","@id":"https:\/\/www.eldigitaldeasturias.com\/noticias\/category\/actualidad\/#listItem","position":2,"name":"Actualidad","item":"https:\/\/www.eldigitaldeasturias.com\/noticias\/category\/actualidad\/","nextItem":{"@type":"ListItem","@id":"https:\/\/www.eldigitaldeasturias.com\/noticias\/vicente-guillen-el-terrorismo-nos-hizo-sufrir-pero-tambien-nos-unio\/#listItem","name":"Vicente Guill\u00e9n: \u201cEl terrorismo nos hizo sufrir pero tambi\u00e9n nos uni\u00f3\u201d"},"previousItem":{"@type":"ListItem","@id":"https:\/\/www.eldigitaldeasturias.com\/noticias#listItem","name":"Home"}},{"@type":"ListItem","@id":"https:\/\/www.eldigitaldeasturias.com\/noticias\/vicente-guillen-el-terrorismo-nos-hizo-sufrir-pero-tambien-nos-unio\/#listItem","position":3,"name":"Vicente Guill\u00e9n: \u201cEl terrorismo nos hizo sufrir pero tambi\u00e9n nos uni\u00f3\u201d","previousItem":{"@type":"ListItem","@id":"https:\/\/www.eldigitaldeasturias.com\/noticias\/category\/actualidad\/#listItem","name":"Actualidad"}}]},{"@type":"Organization","@id":"https:\/\/www.eldigitaldeasturias.com\/noticias\/#organization","name":"El Digital de Asturias","description":"Hemeroteca","url":"https:\/\/www.eldigitaldeasturias.com\/noticias\/","email":"info@eldigitaldeasturias.com","telephone":"+34652131393","logo":{"@type":"ImageObject","url":"https:\/\/www.eldigitaldeasturias.com\/noticias\/wp-content\/uploads\/2020\/12\/EDA.jpg","@id":"https:\/\/www.eldigitaldeasturias.com\/noticias\/vicente-guillen-el-terrorismo-nos-hizo-sufrir-pero-tambien-nos-unio\/#organizationLogo"},"image":{"@id":"https:\/\/www.eldigitaldeasturias.com\/noticias\/vicente-guillen-el-terrorismo-nos-hizo-sufrir-pero-tambien-nos-unio\/#organizationLogo"},"sameAs":["https:\/\/facebook.com\/eldigitaldeasturias","https:\/\/www.youtube.com\/channel\/UCZP-2wLEB9Rv6erhFmqVnvg"],"address":{"@id":"https:\/\/www.eldigitaldeasturias.com\/noticias\/#postaladdress","@type":"PostalAddress","streetAddress":"san antonio 4","postalCode":"33430","addressLocality":"Cand\u00e1s","addressRegion":"Asturias","addressCountry":"ES"}},{"@type":"Person","@id":"https:\/\/www.eldigitaldeasturias.com\/noticias\/author\/admin\/#author","url":"https:\/\/www.eldigitaldeasturias.com\/noticias\/author\/admin\/","name":"El Digital de Asturias","image":{"@type":"ImageObject","@id":"https:\/\/www.eldigitaldeasturias.com\/noticias\/vicente-guillen-el-terrorismo-nos-hizo-sufrir-pero-tambien-nos-unio\/#authorImage","url":"https:\/\/secure.gravatar.com\/avatar\/df2aeffc32bcd13f8d26072ef8a91b623d677766deac7f97ca815868cd41bf5e?s=96&d=mm&r=g","width":96,"height":96,"caption":"El Digital de Asturias"}},{"@type":"WebPage","@id":"https:\/\/www.eldigitaldeasturias.com\/noticias\/vicente-guillen-el-terrorismo-nos-hizo-sufrir-pero-tambien-nos-unio\/#webpage","url":"https:\/\/www.eldigitaldeasturias.com\/noticias\/vicente-guillen-el-terrorismo-nos-hizo-sufrir-pero-tambien-nos-unio\/","name":"Vicente Guill\u00e9n: \u201cEl terrorismo nos hizo sufrir pero tambi\u00e9n nos uni\u00f3\u201d - El Digital de Asturias","description":"\u201cEl terrorismo nos hizo sufrir pero tambi\u00e9n nos uni\u00f3\u201d, indic\u00f3 esta tarde el consejero de Presidencia del Gobierno de Arag\u00f3n, Vicente Guill\u00e9n, que asisti\u00f3 al pre-estreno de la pel\u00edcula 11-D. Una ma\u00f1ana de invierno, en la sede de la Corporaci\u00f3n Aragonesa de Radio y Televisi\u00f3n (CARTV). La pel\u00edcula est\u00e1 basada en hechos reales y rememora","inLanguage":"es-ES","isPartOf":{"@id":"https:\/\/www.eldigitaldeasturias.com\/noticias\/#website"},"breadcrumb":{"@id":"https:\/\/www.eldigitaldeasturias.com\/noticias\/vicente-guillen-el-terrorismo-nos-hizo-sufrir-pero-tambien-nos-unio\/#breadcrumblist"},"author":{"@id":"https:\/\/www.eldigitaldeasturias.com\/noticias\/author\/admin\/#author"},"creator":{"@id":"https:\/\/www.eldigitaldeasturias.com\/noticias\/author\/admin\/#author"},"image":{"@type":"ImageObject","url":963051,"@id":"https:\/\/www.eldigitaldeasturias.com\/noticias\/vicente-guillen-el-terrorismo-nos-hizo-sufrir-pero-tambien-nos-unio\/#mainImage"},"primaryImageOfPage":{"@id":"https:\/\/www.eldigitaldeasturias.com\/noticias\/vicente-guillen-el-terrorismo-nos-hizo-sufrir-pero-tambien-nos-unio\/#mainImage"},"datePublished":"2017-12-12T03:28:10+01:00","dateModified":"2017-12-12T03:28:10+01:00"},{"@type":"WebSite","@id":"https:\/\/www.eldigitaldeasturias.com\/noticias\/#website","url":"https:\/\/www.eldigitaldeasturias.com\/noticias\/","name":"El Digital de Asturias - Diario de actualidad y noticias","alternateName":"El Digital de Asturias - Diario de actualidad y noticias","description":"Hemeroteca","inLanguage":"es-ES","publisher":{"@id":"https:\/\/www.eldigitaldeasturias.com\/noticias\/#organization"}}]},"og:locale":"es_ES","og:site_name":"El Digital de Asturias","og:type":"article","og:title":"Vicente Guill\u00e9n: \u201cEl terrorismo nos hizo sufrir pero tambi\u00e9n nos uni\u00f3\u201d - El Digital de Asturias","og:description":"\u201cEl terrorismo nos hizo sufrir pero tambi\u00e9n nos uni\u00f3\u201d, indic\u00f3 esta tarde el consejero de Presidencia del Gobierno de Arag\u00f3n, Vicente Guill\u00e9n, que asisti\u00f3 al pre-estreno de la pel\u00edcula 11-D. Una ma\u00f1ana de invierno, en la sede de la Corporaci\u00f3n Aragonesa de Radio y Televisi\u00f3n (CARTV). La pel\u00edcula est\u00e1 basada en hechos reales y rememora","og:url":"https:\/\/www.eldigitaldeasturias.com\/noticias\/vicente-guillen-el-terrorismo-nos-hizo-sufrir-pero-tambien-nos-unio\/","article:tag":["actualidad"],"article:published_time":"2017-12-12T03:28:10+00:00","article:modified_time":"2017-12-12T03:28:10+00:00","article:publisher":"https:\/\/facebook.com\/eldigitaldeasturias","twitter:card":"summary_large_image","twitter:title":"Vicente Guill\u00e9n: \u201cEl terrorismo nos hizo sufrir pero tambi\u00e9n nos uni\u00f3\u201d - El Digital de Asturias","twitter:description":"\u201cEl terrorismo nos hizo sufrir pero tambi\u00e9n nos uni\u00f3\u201d, indic\u00f3 esta tarde el consejero de Presidencia del Gobierno de Arag\u00f3n, Vicente Guill\u00e9n, que asisti\u00f3 al pre-estreno de la pel\u00edcula 11-D. Una ma\u00f1ana de invierno, en la sede de la Corporaci\u00f3n Aragonesa de Radio y Televisi\u00f3n (CARTV). La pel\u00edcula est\u00e1 basada en hechos reales y rememora","twitter:image":"https:\/\/www.eldigitaldeasturias.com\/noticias\/wp-content\/uploads\/2020\/12\/EDA-1.jpg","twitter:label1":"Escrito por","twitter:data1":"El Digital de Asturias","twitter:label2":"Tiempo de lectura estimado","twitter:data2":"2 minutos"},"aioseo_meta_data":{"post_id":"963050","title":null,"description":null,"keywords":null,"keyphrases":null,"primary_term":null,"canonical_url":null,"og_title":null,"og_description":null,"og_object_type":"default","og_image_type":"default","og_image_url":null,"og_image_width":null,"og_image_height":null,"og_image_custom_url":null,"og_image_custom_fields":null,"og_video":null,"og_custom_url":null,"og_article_section":null,"og_article_tags":null,"twitter_use_og":false,"twitter_card":"default","twitter_image_type":"default","twitter_image_url":null,"twitter_image_custom_url":null,"twitter_image_custom_fields":null,"twitter_title":null,"twitter_description":null,"schema":{"blockGraphs":[],"customGraphs":[],"default":{"data":{"Article":[],"Course":[],"Dataset":[],"FAQPage":[],"Movie":[],"Person":[],"Product":[],"ProductReview":[],"Car":[],"Recipe":[],"Service":[],"SoftwareApplication":[],"WebPage":[]},"graphName":"","isEnabled":true},"graphs":[],"defaultGraph":"","defaultPostTypeGraph":""},"schema_type":null,"schema_type_options":null,"pillar_content":false,"robots_default":true,"robots_noindex":false,"robots_noarchive":false,"robots_nosnippet":false,"robots_nofollow":false,"robots_noimageindex":false,"robots_noodp":false,"robots_notranslate":false,"robots_max_snippet":null,"robots_max_videopreview":null,"robots_max_imagepreview":"large","priority":null,"frequency":null,"local_seo":null,"seo_analyzer_scan_date":"2025-12-07 14:39:45","breadcrumb_settings":null,"limit_modified_date":false,"open_ai":null,"ai":null,"created":"2020-12-21 12:44:41","updated":"2025-12-07 14:39:45","focus_keyword":null,"additional_keywords":null,"truseo_locale":null},"aioseo_breadcrumb":"<div class=\"aioseo-breadcrumbs\"><span class=\"aioseo-breadcrumb\">\n\t<a href=\"https:\/\/www.eldigitaldeasturias.com\/noticias\" title=\"Home\">Home<\/a>\n<\/span><span class=\"aioseo-breadcrumb-separator\">\u2013<\/span><span class=\"aioseo-breadcrumb\">\n\t<a href=\"https:\/\/www.eldigitaldeasturias.com\/noticias\/category\/actualidad\/\" title=\"Actualidad\">Actualidad<\/a>\n<\/span><span class=\"aioseo-breadcrumb-separator\">\u2013<\/span><span class=\"aioseo-breadcrumb\">\n\t<a href=\"https:\/\/www.eldigitaldeasturias.com\/noticias\/vicente-guillen-el-terrorismo-nos-hizo-sufrir-pero-tambien-nos-unio\/\" title=\"Vicente Guill\u00e9n: \u201cEl terrorismo nos hizo sufrir pero tambi\u00e9n nos uni\u00f3\u201d\">Vicente Guill\u00e9n: \u201cEl terrorismo nos hizo sufrir pero tambi\u00e9n nos uni\u00f3\u201d<\/a>\n<\/span><\/div>","aioseo_breadcrumb_json":[{"label":"Home","link":"https:\/\/www.eldigitaldeasturias.com\/noticias"},{"label":"Actualidad","link":"https:\/\/www.eldigitaldeasturias.com\/noticias\/category\/actualidad\/"},{"label":"Vicente Guill\u00e9n: \u201cEl terrorismo nos hizo sufrir pero tambi\u00e9n nos uni\u00f3\u201d","link":"https:\/\/www.eldigitaldeasturias.com\/noticias\/vicente-guillen-el-terrorismo-nos-hizo-sufrir-pero-tambien-nos-unio\/"}],"_links":{"self":[{"href":"https:\/\/www.eldigitaldeasturias.com\/noticias\/wp-json\/wp\/v2\/posts\/963050","targetHints":{"allow":["GET"]}}],"collection":[{"href":"https:\/\/www.eldigitaldeasturias.com\/noticias\/wp-json\/wp\/v2\/posts"}],"about":[{"href":"https:\/\/www.eldigitaldeasturias.com\/noticias\/wp-json\/wp\/v2\/types\/post"}],"author":[{"embeddable":true,"href":"https:\/\/www.eldigitaldeasturias.com\/noticias\/wp-json\/wp\/v2\/users\/1"}],"replies":[{"embeddable":true,"href":"https:\/\/www.eldigitaldeasturias.com\/noticias\/wp-json\/wp\/v2\/comments?post=963050"}],"version-history":[{"count":0,"href":"https:\/\/www.eldigitaldeasturias.com\/noticias\/wp-json\/wp\/v2\/posts\/963050\/revisions"}],"wp:attachment":[{"href":"https:\/\/www.eldigitaldeasturias.com\/noticias\/wp-json\/wp\/v2\/media?parent=963050"}],"wp:term":[{"taxonomy":"category","embeddable":true,"href":"https:\/\/www.eldigitaldeasturias.com\/noticias\/wp-json\/wp\/v2\/categories?post=963050"},{"taxonomy":"post_tag","embeddable":true,"href":"https:\/\/www.eldigitaldeasturias.com\/noticias\/wp-json\/wp\/v2\/tags?post=963050"}],"curies":[{"name":"wp","href":"https:\/\/api.w.org\/{rel}","templated":true}]}}