{"id":963042,"date":"2017-12-12T02:54:16","date_gmt":"2017-12-12T02:54:16","guid":{"rendered":"http:\/\/www.eldigitaldeasturias.com\/noticias\/?p=963042"},"modified":"2017-12-12T02:54:16","modified_gmt":"2017-12-12T02:54:16","slug":"43-de-los-44-bienes-de-sijena-ya-se-encuentran-en-el-real-monasterio-de-sijena","status":"publish","type":"post","link":"https:\/\/www.eldigitaldeasturias.com\/noticias\/43-de-los-44-bienes-de-sijena-ya-se-encuentran-en-el-real-monasterio-de-sijena\/","title":{"rendered":"43 de los 44 bienes de Sijena ya se encuentran en el Real Monasterio de Sijena"},"content":{"rendered":"<p><img loading=\"lazy\" decoding=\"async\" class=\"alignleft size-medium wp-image-963043\" src=\"https:\/\/www.eldigitaldeasturias.com\/noticias\/wp-content\/uploads\/2017\/12\/IMG_2259_d0b18691-360x159.jpg\" alt=\"\" width=\"360\" height=\"159\" \/>43 de los 44 bienes de Sijena que la Justicia ha ordenado devolver a sus leg\u00edtimos due\u00f1os ya se encuentran en el Real Monasterio de Sijena, despu\u00e9s del trabajo que han realizado durante toda la noche y ma\u00f1ana en el Museo de L\u00e9rida los t\u00e9cnicos del Gobierno de Arag\u00f3n y la empresa contratada al efecto, escoltados por fuerzas de seguridad del Estado. Desde las 4.00 de la ma\u00f1ana, hora de entrada al centro expositivo, se han sucedido los trabajos de identificaci\u00f3n, embalaje y posterior carga y traslado, hasta su llegada a Sijena a las 15.00. Estas piezas se suman a las 51 que regresaron en verano de 2016 procedentes del Museo Nacional de Arte de Catalu\u00f1a y que desde entonces se pueden disfrutar en el Monasterio.<\/p>\n<p>Como en esa ocasi\u00f3n, cuando el MNAC reconoci\u00f3 haber extraviado dos de las 53 piezas que deb\u00eda devolver, tambi\u00e9n hay que lamentar en esta ocasi\u00f3n que el Museo de L\u00e9rida haya perdido una de las 20 pinturas que ten\u00edan que haber devuelto ya y que no localizan.<\/p>\n<p>Como hab\u00eda dispuesto el juez en su providencia, hoy, d\u00eda 11 de diciembre, era la fecha l\u00edmite para la devoluci\u00f3n de estos 44 bienes culturales procedentes del expolio que durante el siglo XX sufri\u00f3 el Monasterio de Sijena y cuyas ventas realizadas por la orden de San Juan han sido declaradas nulas de pleno derecho por el Juzgado de primera instancia e instrucci\u00f3n n\u00ba1 de Huesca.<\/p>\n<p>Entre las piezas que ahora retornan a su lugar de origen encontramos fondos de excepcional inter\u00e9s, como es el caso de tres cajas sepulcrales realizadas en madera policromada de la segunda mitad del siglo XV, uno de los escasos ejemplos conservados de este tipo de piezas. La m\u00e1s antigua de ellas es la Caja sepulcral de Sor Isabel de Arag\u00f3n, atribuida al taller de Blasco de Gra\u00f1\u00e9n, datada en torno a 1434. De hacia 1494 es el sepulcro de la Priora de Sijena, Sor Francisquina d&#8217;Erill y de Castro, atribuido a Miguel Xim\u00e9nez. Completa el conjunto la caja sepulcral en madera policromada de Sor Beatriz Cornel, de la segunda mitad del siglo XV. En todos los casos la representaci\u00f3n de las prioras yacentes se acompa\u00f1a de la her\u00e1ldica familiar.<\/p>\n<p>Tambi\u00e9n entre este grupo de piezas se encuentran cuatro alabastros policromados que pertenecieron al desaparecido Retablo de Santa Ana, c.1529-1530 y que son obra de Gabriel Joly, uno de los artistas m\u00e1s reputados de Arag\u00f3n de la primera mitad del siglo XVI, escultor franc\u00e9s afincado en Zaragoza y del que se tienen noticias documentales desde 1515 a 1538. Se trata de cuatro escenas: Nacimiento de la Virgen, Esponsales de la Virgen, Santa Ana con la Virgen y el ni\u00f1o, y Dios Padre con Jes\u00fas muerto. Se trata de cuatro delicados altorrelieves en alabastro que a\u00fan conservan parte de su policrom\u00eda. Adem\u00e1s de estos siete bienes, los \u00fanicos que han permanecido expuestos al p\u00fablico de los 44 que se encontraban retenidos en el Museo de L\u00e9rida, tambi\u00e9n se podr\u00e1n mostrar en su lugar de origen nueve alabastros procedentes del Retablo de la Infancia de Jes\u00fas, datado en torno a 1529-1530, tambi\u00e9n atribuidos a Joly y que se encuentran en desigual estado de conservaci\u00f3n: algunos son poco reconocibles, mientras que otros, como el Nacimiento de Cristo, conservan una lectura completa de la escena, por lo que puede apreciarse perfectamente el delicado trabajo del autor.<\/p>\n<p>Adem\u00e1s, se atribuye al Maestro de Sijena (1515-1521) la predela en madera policromada procedente del Retablo la Piedad con la representaci\u00f3n de los Siete Gozos de la Madre de Dios. Su reconocible estilo con la presencia de arquitecturas renacentistas, el original modo de componer y la paleta por \u00e9l utilizada vinculan a este artista con el arte centroeuropeo. Completan el listado de estos 44 bienes cuatro tablas policromadas con las representaciones de Santa Rosa de Lima, Santa Ubaldesca, Santa Teresa de Jes\u00fas y Santa Clara, datadas en el siglo XVIII, ejemplificaci\u00f3n de las virtudes cristianas y de los valores que las monjas de Sijena deb\u00edan seguir, y una veintena de \u00f3leos \u2013uno de ellos, el que el Museo no ha conseguido ubicar- sobre lienzo datados en su mayor\u00eda en los siglos XVII y XVIII.<\/p>\n<p>Todas ellas, que desde hoy se conservar\u00e1n en su lugar de origen, componen un conjunto patrimonial que nos ayuda a entender la trascendencia hist\u00f3rico-art\u00edstica del Monasterio de Santa Mar\u00eda de Sijena, que hoy recupera parte de su esplendor perdido. La llegada al Monasterio ha resultado muy emotiva y los bienes han sido acompa\u00f1ados de los aplausos de los presentes. Tras su recepci\u00f3n, la consejera de Educaci\u00f3n, Cultura y Deporte, Mayte P\u00e9rez, ha considerado que hoy \u201cse ha hecho Justicia en el amplio t\u00e9rmino de la palabra: en el sentido estrictamente jur\u00eddico y en el social\u201d. P\u00e9rez ha recordado que esto no tiene nada que ver con la aplicaci\u00f3n del art\u00edculo 155 y que el ministro \u201cno solo ha incumplido una sentencia, sino que ha tratado de impedir de manera subsidiria que los bienes volvieran a Arag\u00f3n\u201d.<\/p>\n<p>El Presidente de Arag\u00f3n, Javier Lamb\u00e1n, visitar\u00e1 el martes el Monasterio de Sijena, donde se podr\u00e1n ver expuestas ya algunas de las obras recuperadas. Al acto, en el que le acompa\u00f1ar\u00e1 la consejera de Educaci\u00f3n, Cultura y Deporte, han sido invitados los l\u00edderes pol\u00edticos de todas las formaciones de la Comunidad.<\/p>\n<p>Relaci\u00f3n de los bienes retornados a Sijena<\/p>\n<p>1.- Caja sepulcral de madera pintada de Sor Isabel de Arag\u00f3n, (n\u00ba inventario 126): atribuida al taller de Blasco de Gra\u00f1\u00e9n, datada en torno a 1434 y con unas dimensiones de 59 x 156 x 53 cm. (seg\u00fan el Cat\u00e1logo de Pulchra 59 x 157 x 54 cm.).<\/p>\n<p>2.- Caja sepulcral de madera pintada de Sor Beatriz Cornel, (n\u00ba inventario 128): datada en la segunda mitad del siglo XV y con unas dimensiones de 90 x 161 x 53 cm. (seg\u00fan el Cat\u00e1logo de Pulchra 75 x 161 x 55 cm.).<\/p>\n<p>3.- Caja sepulcral de madera pintada de la Priora de Sijena, Sor Francisquina d&#8217;Erill y de Castro (n\u00ba inventario 127): atribuida a Miguel Xim\u00e9nez, datada en torno a 1494 y con unas dimensiones de 70 x 169 x 53 cm.(seg\u00fan el Cat\u00e1logo de Pulchra 90 x 161 x 54 cm.).<\/p>\n<p>4.- Banco o predela en madera pintada del retablo de la Piedad con los Siete Gozos de la Madre de Dios (n\u00ba inventario 25.09): atribuido al Maestro de Sijena, datado en el siglo XVI y con unas dimensiones de 66 x 345 cm. (seg\u00fan el Cat\u00e1logo de Pulchra 66,5 x 343 cm.).<\/p>\n<p>5.- Santa Rosa de Lima (n\u00ba inventario 102): tabla policromada, datada en el siglo XVIII y con unas dimensiones de 50 x 23 cm. (seg\u00fan el Cat\u00e1logo de Pulchra 48 x 23 cm.).<\/p>\n<p>6.- Santa Ubaldesca o Gertrudis (n\u00ba inventario 99): tabla policromada, datada en el siglo XVIII y con unas dimensiones de 50 x 23 cm.<\/p>\n<p>7.- Santa Teresa de Jes\u00fas (n\u00ba inventario 100): tabla policromada, datada en el siglo XVIII y con unas dimensiones de 50 x 23 cm.<\/p>\n<p>8.- Santa Clara (n\u00ba inventario 101): tabla policromada, datada en el siglo XVIII y con unas dimensiones de 50 x 23 cm.<\/p>\n<p>9.- Remate con escudo en madera tallada y pintada del retablo de la Piedad (n\u00ba inventario 25.07): atribuido al Maestro de Sijena, datado en el siglo XVI y con unas dimensiones de 32 x 192 cm. (seg\u00fan el Cat\u00e1logo dePulchra 33,5 x 193 cm.).<\/p>\n<p>10.- Sa\u00fal intenta matar a David (n\u00ba inventario 246): pintura sobre tela perteneciente a la serie sobre la Historia del rey David, datada en el siglo XVIII y con unas dimensiones de 139 x 177 cm. (seg\u00fan el Cat\u00e1logo de Pulchra140,5 x 177 cm.).<\/p>\n<p>11.- El \u00e1ngel detiene la peste de Jerusal\u00e9n (n\u00ba inventario 247): pintura sobre tela perteneciente a la serie sobre la Historia del rey David, datada en el siglo XVIII y con unas dimensiones de 139 x 177 cm. (seg\u00fan el Cat\u00e1logo dePulchra 140 x 179 cm.).<\/p>\n<p>12.- David es ungido rey por Samuel (n\u00ba inventario 256): pintura sobre tela perteneciente a la serie sobre la Historia del rey David, datada en el siglo XVIII y con unas dimensiones de 139 x 177 cm. (seg\u00fan el Cat\u00e1logo dePulchra 116 x 150,5 cm.).<\/p>\n<p>13.- Regreso de David despu\u00e9s de la batalla contra Goliat (n\u00ba inventario 257): pintura sobre tela perteneciente a la serie sobre la Historia del rey David, datada en el siglo XVIII y con unas dimensiones de 139 x 177 cm. (seg\u00fan el Cat\u00e1logo de Pulchra 115 x 154 cm.).<\/p>\n<p>14.- David corta la orla del manto de Sa\u00fal (n\u00ba inventario 258): pintura sobre tela perteneciente a la serie sobre la Historia del rey David, datada en el siglo XVIII y con unas dimensiones de 139 x 177 cm. (seg\u00fan el Cat\u00e1logo de Pulchra 116 x 150,5 cm.).<\/p>\n<p>15.- David traslada el Arca de la Alianza (n\u00ba inventario 259): pintura sobre tela perteneciente a la serie sobre la Historia del rey David, datada en el siglo XVIII y con unas dimensiones de 139 x 177 cm. (seg\u00fan el Cat\u00e1logo de Pulchra 115,5 x 154 cm.).<\/p>\n<p>16.- David mata a un le\u00f3n (n\u00ba inventario 260): pintura sobre tela perteneciente a la serie sobre la Historia del rey David, datada en el siglo XVIII y con unas dimensiones de 139 x 177 cm. (seg\u00fan el Cat\u00e1logo de Pulchra 115 x 154 cm.).<\/p>\n<p>17.- Ecce Homo (n\u00ba inventario 245): pintura sobre tela atribuida a un pintor an\u00f3nimo aragon\u00e9s, datada en la primera mitad del siglo XVII y con unas dimensiones de 72 x 59 cm.<\/p>\n<p>18.- Cristo en la cruz o Crucifixi\u00f3n (n\u00ba inventario 251): pintura sobre tela, datada a finales del siglo XVII y con unas dimensiones de 108 x 95 cm. (seg\u00fan el Cat\u00e1logo de Pulchra 108 x 96 cm.).<\/p>\n<p>19.- Aparici\u00f3n de la \u00abNuestra Se\u00f1ora del Coro\u00bb en Sijena (inventario 248): pintura sobre tela, datada en la segunda mitad del siglo XVIII y con unas dimensiones de 131 x 118 cm.(seg\u00fan el Cat\u00e1logo de Pulchra 112 x 99 cm. m\u00e1s un marco original de 10 cm.).<\/p>\n<p>20.- La Princesa Dulce o Infanta Dulce de Sijena (n\u00ba inventario 241): pintura sobre tela, datada el siglo XVIII y con unas dimensiones de 226 x 126 cm.(seg\u00fan el Cat\u00e1logo de Pulchra 210 x 112 cm. m\u00e1s un marco original de 9 cm.).<\/p>\n<p>21.- Jes\u00fas con la cruz a cuestas o Nazareno (n\u00ba inventario 254): pintura sobre tela atribuida a un pintor an\u00f3nimo aragon\u00e9s, datada en los siglos XVII-XVIII y con unas dimensiones de 151 x 116 cm. (seg\u00fan el Cat\u00e1logo dePulchra 135 x 99 cm.).<\/p>\n<p>22. -La Dolorosa o Virgen de la Soledad (n\u00ba inventario 244): pintura sobre tela, datada en la primera mitad del siglo XVII y con unas dimensiones de 71 x 55 cm. (seg\u00fan el Cat\u00e1logo de Pulchra 55 x 39,5 cm. m\u00e1s un marco original de 7 cm.).<\/p>\n<p>23.- San Jos\u00e9 y el Ni\u00f1o (n\u00ba inventario 253): pintura sobre tela atribuida a un pintor an\u00f3nimo aragon\u00e9s, datada en los siglos XVII-XVIII y con unas dimensiones de 112 x 55 cm.(seg\u00fan el Cat\u00e1logo de Pulchra 90 x 65 cm.).<\/p>\n<p>24.- Crucifixi\u00f3n o Martirio de San Pedro (n\u00ba inventario 242): pintura sobre tela, datada en el siglo XVII y con unas dimensiones de 193 x 139 cm. (seg\u00fan el Cat\u00e1logo de Pulchra 169 x 116 cm. m\u00e1s un marco \u00bforiginal? de 13 cm.).<\/p>\n<p>25.- Aparici\u00f3n de la Virgen del Pilar a San Jaime \/ Santiago (n\u00ba inventario 250): pintura sobre tela, datada en la segunda mitad del siglo XVIII y con unas dimensiones de 123 X 110 cm.(seg\u00fan el Cat\u00e1logo de Pulchra 96 x 76 cm., m\u00e1s un marco original de 12,5 cm.).<\/p>\n<p>27.- Martirio de San Mam\u00e9s de Cesarea (n\u00ba inventario 243): pintura sobre tela atribuida a un pintor an\u00f3nimo aragon\u00e9s, datada en la primera mitad del siglo XVIII y con unas dimensiones de 68 x 101 cm. (seg\u00fan el Cat\u00e1logo de Pulchra 54,5 x 87,5 cm. m\u00e1s un marco de 9,5 cm.).<\/p>\n<p>28.- La Inmaculada Concepci\u00f3n con atributos marianos (n\u00ba inventario 252): pintura sobre tela, datada en el siglo XVIII y con unas dimensiones de 119 x 96 cm.<\/p>\n<p>29.- El Buen Pastor, Santo M\u00e1rtir o Sue\u00f1o de Jacob (n\u00ba inventario 249): pintura sobre tela, datada en el siglo XVII y con unas dimensiones de 90 x 145 cm. (seg\u00fan el Cat\u00e1logo de Pulchra 85 x 143 cm.).<\/p>\n<p>30.- Santa Ubaldesca o Santa Gertrudis con el ni\u00f1o Jes\u00fas (n\u00ba inventario 125.01): pintura sobre tabla, datada en torno a 1593-1608 y con unas dimensiones de 38 x 28 cm. (seg\u00fan el Cat\u00e1logo de Pulchra 38 x 28,3 cm.).<\/p>\n<p>31.- La adoraci\u00f3n de los pastores o Nacimiento (n\u00ba inventario 496): altorrelieve en alabastro procedente del retablo de Jes\u00fas, atribuido a Gabriel Joly, datado en torno a 1529-1530 y con unas dimensiones de 37 x 65 cm.(seg\u00fan el Cat\u00e1logo de Pulchra 36 x 65,5 x 18 cm.).<\/p>\n<p>32.- Nacimiento de la Virgen Mar\u00eda (n\u00ba inventario 478): altorrelieve en alabastro procedente del retablo de Santa Ana, atribuido a Gabriel Joly, datado en torno a 1529-1530 y con unas dimensiones de 46 x 37 cm.(seg\u00fan el Cat\u00e1logo de Pulchra 46 x 38 x 9cm.).<\/p>\n<p>33.- Esponsales de la Virgen Mar\u00eda y San Jos\u00e9 (n\u00ba inventario 479): altorrelieve en alabastro procedente del retablo de Santa Ana, atribuido a Gabriel Joly, datado en torno a 1529-1530 y con unas dimensiones de 33 x 48 cm. (seg\u00fan el Cat\u00e1logo de Pulchra 32 x 48 x 7 cm.).<\/p>\n<p>34.- Santa Ana, la Virgen Mar\u00eda y Jes\u00fas o Santa Generaci\u00f3n (n\u00ba inventario 481): escena central en altorrelieve en alabastro del retablo de Santa Ana, atribuido a Gabriel Joly, datada en torno a 1529-1530 y con unas dimensiones de 46 x 48 cm.(seg\u00fan el Cat\u00e1logo de Pulchra 47 x 47 x 9 cm.).<\/p>\n<p>35.- Dios Padre con Jes\u00fas muerto o Commiseratio Patris (n\u00ba inventario 480): altorrelieve en alabastro procedente del retablo de Santa Ana, atribuido a Gabriel Joly, datado en torno a 1529-1530 y con unas dimensiones de 28 x 40 cm. (seg\u00fan el Cat\u00e1logo de Pulchra 28,7 x 35 x 4,3 cm.).<\/p>\n<p>36.- Fragmentos de la escena de Jes\u00fas entre los Doctores (n\u00ba inventario 495): fragmentos de altorrelieve en alabastro procedentes del retablo de la Infancia de Jes\u00fas, atribuido a Gabriel Joly, datado en torno a 1529-1530 y con unas dimensiones de 75 x 65 cm.(seg\u00fan el Cat\u00e1logo de Pulchra 67 x 63 x 25 cm.).<\/p>\n<p>37.- San Agust\u00edn o San Gabriel (n\u00ba inventario 494): figura decapitada tallada en alabastro procedente del retablo de la Infancia de Jes\u00fas, datado en torno a 1529-1530 y con unas dimensiones de 53 x 25 cm. (seg\u00fan el Cat\u00e1logo de Pulchra 52 x 26 x 18 cm.).<\/p>\n<p>38.- Piedad con otras figuras o Llanto por Cristo muerto (n\u00ba inventario 500): conjunto tallado en alabastro, muy calcinado, procedente del retablo de la Infancia de Jes\u00fas, atribuido a Gabriel Joly, datado en torno a 1529-1530 y con unas dimensiones de 64 x 75 cm.(seg\u00fan el Cat\u00e1logo de Pulchra 62 x 72 x 25 cm.).<\/p>\n<p>39.- San Jer\u00f3nimo (n\u00ba inventario 501): figura tallada en alabastro, calcinada y mutilada, procedente del retablo de la Infancia de Jes\u00fas, atribuido a Gabriel Joly, datado en torno a 1529-1530 y con unas dimensiones de 48 x 25 cm. (seg\u00fan el Cat\u00e1logo de Pulchra 40 x 19 x 20 cm.).<\/p>\n<p>40.- San Juan Bautista (n\u00ba inventario 483): figura tallada en alabastro, calcinada y mutilada, procedente del retablo de la Infancia de Jes\u00fas, atribuido a Gabriel Joly, datado en torno a 1529-1530 y con unas dimensiones de 33 x 27 cm.(seg\u00fan el Cat\u00e1logo de Pulchra 34 x 27 x 9 cm.).<\/p>\n<p>41.- Manos (n\u00ba inventario 482): fragmento de figura tallada en alabastro, calcinada, probablemente procedente del retablo de la Infancia de Jes\u00fas, atribuido a Gabriel Joly, datado en torno a 1529-1530 y con unas dimensiones de 25 x 19 cm. (seg\u00fan el Cat\u00e1logo de Pulchra 13 x 17,5 x 10 cm.).<\/p>\n<p>42.- Torso de San Juan Evangelista (n\u00ba inventario 484): fragmento de figura tallada en alabastro, calcinada, procedente del retablo de la Infancia de Jes\u00fas, atribuido a Gabriel Joly, datado en torno a 1529-1530 y con unas dimensiones de 13 x 18 cm. (seg\u00fan el Cat\u00e1logo de Pulchra 25,5 x 14 x 9,5 cm.).<\/p>\n<p>43.- Cabeza de San Crist\u00f3bal (n\u00ba inventario 485): fragmento de figura tallada en alabastro, calcinada, procedente del retablo de la Infancia de Jes\u00fas, atribuido a Gabriel Joly, datado en torno a 1529-1530 y con unas dimensiones de 11 x 8 cm. (seg\u00fan el Cat\u00e1logo de Pulchra 12 x 8 x 9 cm.).<\/p>\n<p>44.- Figura exenta de San Juan Bautista (n\u00ba inventario 499): fragmento de figura tallada en alabastro, calcinada, procedente del retablo de la Infancia de Jes\u00fas, atribuido a Gabriel Joly, datado en torno a 1529-1530 y con unas dimensiones de 16 x 12 cm. (seg\u00fan el Cat\u00e1logo de Pulchra 49 x 28 x 20 cm.).<\/p>\n","protected":false},"excerpt":{"rendered":"<p>43 de los 44 bienes de Sijena que la Justicia ha ordenado devolver a sus leg\u00edtimos due\u00f1os ya se encuentran en el Real Monasterio de Sijena, despu\u00e9s del trabajo que han realizado durante toda la noche y ma\u00f1ana en el Museo de L\u00e9rida los t\u00e9cnicos del Gobierno de Arag\u00f3n y la empresa contratada al efecto, [&hellip;]<\/p>\n","protected":false},"author":1,"featured_media":963043,"comment_status":"closed","ping_status":"closed","sticky":false,"template":"","format":"standard","meta":{"footnotes":""},"categories":[1],"tags":[],"class_list":["post-963042","post","type-post","status-publish","format-standard","has-post-thumbnail","hentry","category-actualidad"],"aioseo_notices":[],"aioseo_head":"\n\t\t<!-- All in One SEO Pro 5.0.1 - aioseo.com -->\n\t<meta name=\"description\" content=\"43 de los 44 bienes de Sijena que la Justicia ha ordenado devolver a sus leg\u00edtimos due\u00f1os ya se encuentran en el Real Monasterio de Sijena, despu\u00e9s del trabajo que han realizado durante toda la noche y ma\u00f1ana en el Museo de L\u00e9rida los t\u00e9cnicos del Gobierno de Arag\u00f3n y la empresa contratada al efecto,\" \/>\n\t<meta name=\"robots\" content=\"max-image-preview:large\" \/>\n\t<meta name=\"author\" content=\"El Digital de Asturias\"\/>\n\t<meta name=\"google-site-verification\" content=\"UA-38556648-1\" \/>\n\t<meta name=\"msvalidate.01\" content=\"7dfe9f3f1b24437ab69f4f2559babe99\" \/>\n\t<meta name=\"keywords\" content=\"actualidad\" \/>\n\t<link rel=\"canonical\" href=\"https:\/\/www.eldigitaldeasturias.com\/noticias\/43-de-los-44-bienes-de-sijena-ya-se-encuentran-en-el-real-monasterio-de-sijena\/\" \/>\n\t<meta name=\"generator\" content=\"All in One SEO Pro (AIOSEO) 5.0.1\" \/>\n\t\t<meta property=\"og:locale\" content=\"es_ES\" \/>\n\t\t<meta property=\"og:site_name\" content=\"El Digital de Asturias\" \/>\n\t\t<meta property=\"og:type\" content=\"article\" \/>\n\t\t<meta property=\"og:title\" content=\"43 de los 44 bienes de Sijena ya se encuentran en el Real Monasterio de Sijena - El Digital de Asturias\" \/>\n\t\t<meta property=\"og:description\" content=\"43 de los 44 bienes de Sijena que la Justicia ha ordenado devolver a sus leg\u00edtimos due\u00f1os ya se encuentran en el Real Monasterio de Sijena, despu\u00e9s del trabajo que han realizado durante toda la noche y ma\u00f1ana en el Museo de L\u00e9rida los t\u00e9cnicos del Gobierno de Arag\u00f3n y la empresa contratada al efecto,\" \/>\n\t\t<meta property=\"og:url\" content=\"https:\/\/www.eldigitaldeasturias.com\/noticias\/43-de-los-44-bienes-de-sijena-ya-se-encuentran-en-el-real-monasterio-de-sijena\/\" \/>\n\t\t<meta property=\"article:tag\" content=\"actualidad\" \/>\n\t\t<meta property=\"article:published_time\" content=\"2017-12-12T02:54:16+00:00\" \/>\n\t\t<meta property=\"article:modified_time\" content=\"2017-12-12T02:54:16+00:00\" \/>\n\t\t<meta property=\"article:publisher\" content=\"https:\/\/facebook.com\/eldigitaldeasturias\" \/>\n\t\t<meta name=\"twitter:card\" content=\"summary_large_image\" \/>\n\t\t<meta name=\"twitter:title\" content=\"43 de los 44 bienes de Sijena ya se encuentran en el Real Monasterio de Sijena - El Digital de Asturias\" \/>\n\t\t<meta name=\"twitter:description\" content=\"43 de los 44 bienes de Sijena que la Justicia ha ordenado devolver a sus leg\u00edtimos due\u00f1os ya se encuentran en el Real Monasterio de Sijena, despu\u00e9s del trabajo que han realizado durante toda la noche y ma\u00f1ana en el Museo de L\u00e9rida los t\u00e9cnicos del Gobierno de Arag\u00f3n y la empresa contratada al efecto,\" \/>\n\t\t<meta name=\"twitter:image\" content=\"https:\/\/www.eldigitaldeasturias.com\/noticias\/wp-content\/uploads\/2020\/12\/EDA-1.jpg\" \/>\n\t\t<meta name=\"twitter:label1\" content=\"Escrito por\" \/>\n\t\t<meta name=\"twitter:data1\" content=\"El Digital de Asturias\" \/>\n\t\t<meta name=\"twitter:label2\" content=\"Tiempo de lectura estimado\" \/>\n\t\t<meta name=\"twitter:data2\" content=\"14 minutos\" \/>\n\t\t<script type=\"application\/ld+json\" class=\"aioseo-schema\">\n\t\t\t{\"@context\":\"https:\\\/\\\/schema.org\",\"@graph\":[{\"@type\":\"BlogPosting\",\"@id\":\"https:\\\/\\\/www.eldigitaldeasturias.com\\\/noticias\\\/43-de-los-44-bienes-de-sijena-ya-se-encuentran-en-el-real-monasterio-de-sijena\\\/#blogposting\",\"name\":\"43 de los 44 bienes de Sijena ya se encuentran en el Real Monasterio de Sijena - El Digital de Asturias\",\"headline\":\"43 de los 44 bienes de Sijena ya se encuentran en el Real Monasterio de Sijena\",\"author\":{\"@id\":\"https:\\\/\\\/www.eldigitaldeasturias.com\\\/noticias\\\/author\\\/admin\\\/#author\"},\"publisher\":{\"@id\":\"https:\\\/\\\/www.eldigitaldeasturias.com\\\/noticias\\\/#organization\"},\"image\":{\"@type\":\"ImageObject\",\"url\":963043},\"datePublished\":\"2017-12-12T02:54:16+01:00\",\"dateModified\":\"2017-12-12T02:54:16+01:00\",\"inLanguage\":\"es-ES\",\"mainEntityOfPage\":{\"@id\":\"https:\\\/\\\/www.eldigitaldeasturias.com\\\/noticias\\\/43-de-los-44-bienes-de-sijena-ya-se-encuentran-en-el-real-monasterio-de-sijena\\\/#webpage\"},\"isPartOf\":{\"@id\":\"https:\\\/\\\/www.eldigitaldeasturias.com\\\/noticias\\\/43-de-los-44-bienes-de-sijena-ya-se-encuentran-en-el-real-monasterio-de-sijena\\\/#webpage\"},\"articleSection\":\"Actualidad\"},{\"@type\":\"BreadcrumbList\",\"@id\":\"https:\\\/\\\/www.eldigitaldeasturias.com\\\/noticias\\\/43-de-los-44-bienes-de-sijena-ya-se-encuentran-en-el-real-monasterio-de-sijena\\\/#breadcrumblist\",\"itemListElement\":[{\"@type\":\"ListItem\",\"@id\":\"https:\\\/\\\/www.eldigitaldeasturias.com\\\/noticias#listItem\",\"position\":1,\"name\":\"Home\",\"item\":\"https:\\\/\\\/www.eldigitaldeasturias.com\\\/noticias\",\"nextItem\":{\"@type\":\"ListItem\",\"@id\":\"https:\\\/\\\/www.eldigitaldeasturias.com\\\/noticias\\\/category\\\/actualidad\\\/#listItem\",\"name\":\"Actualidad\"}},{\"@type\":\"ListItem\",\"@id\":\"https:\\\/\\\/www.eldigitaldeasturias.com\\\/noticias\\\/category\\\/actualidad\\\/#listItem\",\"position\":2,\"name\":\"Actualidad\",\"item\":\"https:\\\/\\\/www.eldigitaldeasturias.com\\\/noticias\\\/category\\\/actualidad\\\/\",\"nextItem\":{\"@type\":\"ListItem\",\"@id\":\"https:\\\/\\\/www.eldigitaldeasturias.com\\\/noticias\\\/43-de-los-44-bienes-de-sijena-ya-se-encuentran-en-el-real-monasterio-de-sijena\\\/#listItem\",\"name\":\"43 de los 44 bienes de Sijena ya se encuentran en el Real Monasterio de Sijena\"},\"previousItem\":{\"@type\":\"ListItem\",\"@id\":\"https:\\\/\\\/www.eldigitaldeasturias.com\\\/noticias#listItem\",\"name\":\"Home\"}},{\"@type\":\"ListItem\",\"@id\":\"https:\\\/\\\/www.eldigitaldeasturias.com\\\/noticias\\\/43-de-los-44-bienes-de-sijena-ya-se-encuentran-en-el-real-monasterio-de-sijena\\\/#listItem\",\"position\":3,\"name\":\"43 de los 44 bienes de Sijena ya se encuentran en el Real Monasterio de Sijena\",\"previousItem\":{\"@type\":\"ListItem\",\"@id\":\"https:\\\/\\\/www.eldigitaldeasturias.com\\\/noticias\\\/category\\\/actualidad\\\/#listItem\",\"name\":\"Actualidad\"}}]},{\"@type\":\"Organization\",\"@id\":\"https:\\\/\\\/www.eldigitaldeasturias.com\\\/noticias\\\/#organization\",\"name\":\"El Digital de Asturias\",\"description\":\"Hemeroteca\",\"url\":\"https:\\\/\\\/www.eldigitaldeasturias.com\\\/noticias\\\/\",\"email\":\"info@eldigitaldeasturias.com\",\"telephone\":\"+34652131393\",\"logo\":{\"@type\":\"ImageObject\",\"url\":\"https:\\\/\\\/www.eldigitaldeasturias.com\\\/noticias\\\/wp-content\\\/uploads\\\/2020\\\/12\\\/EDA.jpg\",\"@id\":\"https:\\\/\\\/www.eldigitaldeasturias.com\\\/noticias\\\/43-de-los-44-bienes-de-sijena-ya-se-encuentran-en-el-real-monasterio-de-sijena\\\/#organizationLogo\"},\"image\":{\"@id\":\"https:\\\/\\\/www.eldigitaldeasturias.com\\\/noticias\\\/43-de-los-44-bienes-de-sijena-ya-se-encuentran-en-el-real-monasterio-de-sijena\\\/#organizationLogo\"},\"sameAs\":[\"https:\\\/\\\/facebook.com\\\/eldigitaldeasturias\",\"https:\\\/\\\/www.youtube.com\\\/channel\\\/UCZP-2wLEB9Rv6erhFmqVnvg\"],\"address\":{\"@id\":\"https:\\\/\\\/www.eldigitaldeasturias.com\\\/noticias\\\/#postaladdress\",\"@type\":\"PostalAddress\",\"streetAddress\":\"san antonio 4\",\"postalCode\":\"33430\",\"addressLocality\":\"Cand\\u00e1s\",\"addressRegion\":\"Asturias\",\"addressCountry\":\"ES\"}},{\"@type\":\"Person\",\"@id\":\"https:\\\/\\\/www.eldigitaldeasturias.com\\\/noticias\\\/author\\\/admin\\\/#author\",\"url\":\"https:\\\/\\\/www.eldigitaldeasturias.com\\\/noticias\\\/author\\\/admin\\\/\",\"name\":\"El Digital de Asturias\",\"image\":{\"@type\":\"ImageObject\",\"@id\":\"https:\\\/\\\/www.eldigitaldeasturias.com\\\/noticias\\\/43-de-los-44-bienes-de-sijena-ya-se-encuentran-en-el-real-monasterio-de-sijena\\\/#authorImage\",\"url\":\"https:\\\/\\\/secure.gravatar.com\\\/avatar\\\/df2aeffc32bcd13f8d26072ef8a91b623d677766deac7f97ca815868cd41bf5e?s=96&d=mm&r=g\",\"width\":96,\"height\":96,\"caption\":\"El Digital de Asturias\"}},{\"@type\":\"WebPage\",\"@id\":\"https:\\\/\\\/www.eldigitaldeasturias.com\\\/noticias\\\/43-de-los-44-bienes-de-sijena-ya-se-encuentran-en-el-real-monasterio-de-sijena\\\/#webpage\",\"url\":\"https:\\\/\\\/www.eldigitaldeasturias.com\\\/noticias\\\/43-de-los-44-bienes-de-sijena-ya-se-encuentran-en-el-real-monasterio-de-sijena\\\/\",\"name\":\"43 de los 44 bienes de Sijena ya se encuentran en el Real Monasterio de Sijena - El Digital de Asturias\",\"description\":\"43 de los 44 bienes de Sijena que la Justicia ha ordenado devolver a sus leg\\u00edtimos due\\u00f1os ya se encuentran en el Real Monasterio de Sijena, despu\\u00e9s del trabajo que han realizado durante toda la noche y ma\\u00f1ana en el Museo de L\\u00e9rida los t\\u00e9cnicos del Gobierno de Arag\\u00f3n y la empresa contratada al efecto,\",\"inLanguage\":\"es-ES\",\"isPartOf\":{\"@id\":\"https:\\\/\\\/www.eldigitaldeasturias.com\\\/noticias\\\/#website\"},\"breadcrumb\":{\"@id\":\"https:\\\/\\\/www.eldigitaldeasturias.com\\\/noticias\\\/43-de-los-44-bienes-de-sijena-ya-se-encuentran-en-el-real-monasterio-de-sijena\\\/#breadcrumblist\"},\"author\":{\"@id\":\"https:\\\/\\\/www.eldigitaldeasturias.com\\\/noticias\\\/author\\\/admin\\\/#author\"},\"creator\":{\"@id\":\"https:\\\/\\\/www.eldigitaldeasturias.com\\\/noticias\\\/author\\\/admin\\\/#author\"},\"image\":{\"@type\":\"ImageObject\",\"url\":963043,\"@id\":\"https:\\\/\\\/www.eldigitaldeasturias.com\\\/noticias\\\/43-de-los-44-bienes-de-sijena-ya-se-encuentran-en-el-real-monasterio-de-sijena\\\/#mainImage\"},\"primaryImageOfPage\":{\"@id\":\"https:\\\/\\\/www.eldigitaldeasturias.com\\\/noticias\\\/43-de-los-44-bienes-de-sijena-ya-se-encuentran-en-el-real-monasterio-de-sijena\\\/#mainImage\"},\"datePublished\":\"2017-12-12T02:54:16+01:00\",\"dateModified\":\"2017-12-12T02:54:16+01:00\"},{\"@type\":\"WebSite\",\"@id\":\"https:\\\/\\\/www.eldigitaldeasturias.com\\\/noticias\\\/#website\",\"url\":\"https:\\\/\\\/www.eldigitaldeasturias.com\\\/noticias\\\/\",\"name\":\"El Digital de Asturias - Diario de actualidad y noticias\",\"alternateName\":\"El Digital de Asturias - Diario de actualidad y noticias\",\"description\":\"Hemeroteca\",\"inLanguage\":\"es-ES\",\"publisher\":{\"@id\":\"https:\\\/\\\/www.eldigitaldeasturias.com\\\/noticias\\\/#organization\"}}]}\n\t\t<\/script>\n\t\t<!-- All in One SEO Pro -->\r\n\t\t<title>43 de los 44 bienes de Sijena ya se encuentran en el Real Monasterio de Sijena - El Digital de Asturias<\/title>\n\n","aioseo_head_json":{"title":"43 de los 44 bienes de Sijena ya se encuentran en el Real Monasterio de Sijena - El Digital de Asturias","description":"43 de los 44 bienes de Sijena que la Justicia ha ordenado devolver a sus leg\u00edtimos due\u00f1os ya se encuentran en el Real Monasterio de Sijena, despu\u00e9s del trabajo que han realizado durante toda la noche y ma\u00f1ana en el Museo de L\u00e9rida los t\u00e9cnicos del Gobierno de Arag\u00f3n y la empresa contratada al efecto,","canonical_url":"https:\/\/www.eldigitaldeasturias.com\/noticias\/43-de-los-44-bienes-de-sijena-ya-se-encuentran-en-el-real-monasterio-de-sijena\/","robots":"max-image-preview:large","keywords":"actualidad","webmasterTools":{"google-site-verification":"UA-38556648-1","msvalidate.01":"7dfe9f3f1b24437ab69f4f2559babe99","miscellaneous":""},"schema":{"@context":"https:\/\/schema.org","@graph":[{"@type":"BlogPosting","@id":"https:\/\/www.eldigitaldeasturias.com\/noticias\/43-de-los-44-bienes-de-sijena-ya-se-encuentran-en-el-real-monasterio-de-sijena\/#blogposting","name":"43 de los 44 bienes de Sijena ya se encuentran en el Real Monasterio de Sijena - El Digital de Asturias","headline":"43 de los 44 bienes de Sijena ya se encuentran en el Real Monasterio de Sijena","author":{"@id":"https:\/\/www.eldigitaldeasturias.com\/noticias\/author\/admin\/#author"},"publisher":{"@id":"https:\/\/www.eldigitaldeasturias.com\/noticias\/#organization"},"image":{"@type":"ImageObject","url":963043},"datePublished":"2017-12-12T02:54:16+01:00","dateModified":"2017-12-12T02:54:16+01:00","inLanguage":"es-ES","mainEntityOfPage":{"@id":"https:\/\/www.eldigitaldeasturias.com\/noticias\/43-de-los-44-bienes-de-sijena-ya-se-encuentran-en-el-real-monasterio-de-sijena\/#webpage"},"isPartOf":{"@id":"https:\/\/www.eldigitaldeasturias.com\/noticias\/43-de-los-44-bienes-de-sijena-ya-se-encuentran-en-el-real-monasterio-de-sijena\/#webpage"},"articleSection":"Actualidad"},{"@type":"BreadcrumbList","@id":"https:\/\/www.eldigitaldeasturias.com\/noticias\/43-de-los-44-bienes-de-sijena-ya-se-encuentran-en-el-real-monasterio-de-sijena\/#breadcrumblist","itemListElement":[{"@type":"ListItem","@id":"https:\/\/www.eldigitaldeasturias.com\/noticias#listItem","position":1,"name":"Home","item":"https:\/\/www.eldigitaldeasturias.com\/noticias","nextItem":{"@type":"ListItem","@id":"https:\/\/www.eldigitaldeasturias.com\/noticias\/category\/actualidad\/#listItem","name":"Actualidad"}},{"@type":"ListItem","@id":"https:\/\/www.eldigitaldeasturias.com\/noticias\/category\/actualidad\/#listItem","position":2,"name":"Actualidad","item":"https:\/\/www.eldigitaldeasturias.com\/noticias\/category\/actualidad\/","nextItem":{"@type":"ListItem","@id":"https:\/\/www.eldigitaldeasturias.com\/noticias\/43-de-los-44-bienes-de-sijena-ya-se-encuentran-en-el-real-monasterio-de-sijena\/#listItem","name":"43 de los 44 bienes de Sijena ya se encuentran en el Real Monasterio de Sijena"},"previousItem":{"@type":"ListItem","@id":"https:\/\/www.eldigitaldeasturias.com\/noticias#listItem","name":"Home"}},{"@type":"ListItem","@id":"https:\/\/www.eldigitaldeasturias.com\/noticias\/43-de-los-44-bienes-de-sijena-ya-se-encuentran-en-el-real-monasterio-de-sijena\/#listItem","position":3,"name":"43 de los 44 bienes de Sijena ya se encuentran en el Real Monasterio de Sijena","previousItem":{"@type":"ListItem","@id":"https:\/\/www.eldigitaldeasturias.com\/noticias\/category\/actualidad\/#listItem","name":"Actualidad"}}]},{"@type":"Organization","@id":"https:\/\/www.eldigitaldeasturias.com\/noticias\/#organization","name":"El Digital de Asturias","description":"Hemeroteca","url":"https:\/\/www.eldigitaldeasturias.com\/noticias\/","email":"info@eldigitaldeasturias.com","telephone":"+34652131393","logo":{"@type":"ImageObject","url":"https:\/\/www.eldigitaldeasturias.com\/noticias\/wp-content\/uploads\/2020\/12\/EDA.jpg","@id":"https:\/\/www.eldigitaldeasturias.com\/noticias\/43-de-los-44-bienes-de-sijena-ya-se-encuentran-en-el-real-monasterio-de-sijena\/#organizationLogo"},"image":{"@id":"https:\/\/www.eldigitaldeasturias.com\/noticias\/43-de-los-44-bienes-de-sijena-ya-se-encuentran-en-el-real-monasterio-de-sijena\/#organizationLogo"},"sameAs":["https:\/\/facebook.com\/eldigitaldeasturias","https:\/\/www.youtube.com\/channel\/UCZP-2wLEB9Rv6erhFmqVnvg"],"address":{"@id":"https:\/\/www.eldigitaldeasturias.com\/noticias\/#postaladdress","@type":"PostalAddress","streetAddress":"san antonio 4","postalCode":"33430","addressLocality":"Cand\u00e1s","addressRegion":"Asturias","addressCountry":"ES"}},{"@type":"Person","@id":"https:\/\/www.eldigitaldeasturias.com\/noticias\/author\/admin\/#author","url":"https:\/\/www.eldigitaldeasturias.com\/noticias\/author\/admin\/","name":"El Digital de Asturias","image":{"@type":"ImageObject","@id":"https:\/\/www.eldigitaldeasturias.com\/noticias\/43-de-los-44-bienes-de-sijena-ya-se-encuentran-en-el-real-monasterio-de-sijena\/#authorImage","url":"https:\/\/secure.gravatar.com\/avatar\/df2aeffc32bcd13f8d26072ef8a91b623d677766deac7f97ca815868cd41bf5e?s=96&d=mm&r=g","width":96,"height":96,"caption":"El Digital de Asturias"}},{"@type":"WebPage","@id":"https:\/\/www.eldigitaldeasturias.com\/noticias\/43-de-los-44-bienes-de-sijena-ya-se-encuentran-en-el-real-monasterio-de-sijena\/#webpage","url":"https:\/\/www.eldigitaldeasturias.com\/noticias\/43-de-los-44-bienes-de-sijena-ya-se-encuentran-en-el-real-monasterio-de-sijena\/","name":"43 de los 44 bienes de Sijena ya se encuentran en el Real Monasterio de Sijena - El Digital de Asturias","description":"43 de los 44 bienes de Sijena que la Justicia ha ordenado devolver a sus leg\u00edtimos due\u00f1os ya se encuentran en el Real Monasterio de Sijena, despu\u00e9s del trabajo que han realizado durante toda la noche y ma\u00f1ana en el Museo de L\u00e9rida los t\u00e9cnicos del Gobierno de Arag\u00f3n y la empresa contratada al efecto,","inLanguage":"es-ES","isPartOf":{"@id":"https:\/\/www.eldigitaldeasturias.com\/noticias\/#website"},"breadcrumb":{"@id":"https:\/\/www.eldigitaldeasturias.com\/noticias\/43-de-los-44-bienes-de-sijena-ya-se-encuentran-en-el-real-monasterio-de-sijena\/#breadcrumblist"},"author":{"@id":"https:\/\/www.eldigitaldeasturias.com\/noticias\/author\/admin\/#author"},"creator":{"@id":"https:\/\/www.eldigitaldeasturias.com\/noticias\/author\/admin\/#author"},"image":{"@type":"ImageObject","url":963043,"@id":"https:\/\/www.eldigitaldeasturias.com\/noticias\/43-de-los-44-bienes-de-sijena-ya-se-encuentran-en-el-real-monasterio-de-sijena\/#mainImage"},"primaryImageOfPage":{"@id":"https:\/\/www.eldigitaldeasturias.com\/noticias\/43-de-los-44-bienes-de-sijena-ya-se-encuentran-en-el-real-monasterio-de-sijena\/#mainImage"},"datePublished":"2017-12-12T02:54:16+01:00","dateModified":"2017-12-12T02:54:16+01:00"},{"@type":"WebSite","@id":"https:\/\/www.eldigitaldeasturias.com\/noticias\/#website","url":"https:\/\/www.eldigitaldeasturias.com\/noticias\/","name":"El Digital de Asturias - Diario de actualidad y noticias","alternateName":"El Digital de Asturias - Diario de actualidad y noticias","description":"Hemeroteca","inLanguage":"es-ES","publisher":{"@id":"https:\/\/www.eldigitaldeasturias.com\/noticias\/#organization"}}]},"og:locale":"es_ES","og:site_name":"El Digital de Asturias","og:type":"article","og:title":"43 de los 44 bienes de Sijena ya se encuentran en el Real Monasterio de Sijena - El Digital de Asturias","og:description":"43 de los 44 bienes de Sijena que la Justicia ha ordenado devolver a sus leg\u00edtimos due\u00f1os ya se encuentran en el Real Monasterio de Sijena, despu\u00e9s del trabajo que han realizado durante toda la noche y ma\u00f1ana en el Museo de L\u00e9rida los t\u00e9cnicos del Gobierno de Arag\u00f3n y la empresa contratada al efecto,","og:url":"https:\/\/www.eldigitaldeasturias.com\/noticias\/43-de-los-44-bienes-de-sijena-ya-se-encuentran-en-el-real-monasterio-de-sijena\/","article:tag":["actualidad"],"article:published_time":"2017-12-12T02:54:16+00:00","article:modified_time":"2017-12-12T02:54:16+00:00","article:publisher":"https:\/\/facebook.com\/eldigitaldeasturias","twitter:card":"summary_large_image","twitter:title":"43 de los 44 bienes de Sijena ya se encuentran en el Real Monasterio de Sijena - El Digital de Asturias","twitter:description":"43 de los 44 bienes de Sijena que la Justicia ha ordenado devolver a sus leg\u00edtimos due\u00f1os ya se encuentran en el Real Monasterio de Sijena, despu\u00e9s del trabajo que han realizado durante toda la noche y ma\u00f1ana en el Museo de L\u00e9rida los t\u00e9cnicos del Gobierno de Arag\u00f3n y la empresa contratada al efecto,","twitter:image":"https:\/\/www.eldigitaldeasturias.com\/noticias\/wp-content\/uploads\/2020\/12\/EDA-1.jpg","twitter:label1":"Escrito por","twitter:data1":"El Digital de Asturias","twitter:label2":"Tiempo de lectura estimado","twitter:data2":"14 minutos"},"aioseo_meta_data":{"post_id":"963042","title":null,"description":null,"keywords":null,"keyphrases":null,"primary_term":null,"canonical_url":null,"og_title":null,"og_description":null,"og_object_type":"default","og_image_type":"default","og_image_url":null,"og_image_width":null,"og_image_height":null,"og_image_custom_url":null,"og_image_custom_fields":null,"og_video":null,"og_custom_url":null,"og_article_section":null,"og_article_tags":null,"twitter_use_og":false,"twitter_card":"default","twitter_image_type":"default","twitter_image_url":null,"twitter_image_custom_url":null,"twitter_image_custom_fields":null,"twitter_title":null,"twitter_description":null,"schema":{"blockGraphs":[],"customGraphs":[],"default":{"data":{"Article":[],"Course":[],"Dataset":[],"FAQPage":[],"Movie":[],"Person":[],"Product":[],"ProductReview":[],"Car":[],"Recipe":[],"Service":[],"SoftwareApplication":[],"WebPage":[]},"graphName":"","isEnabled":true},"graphs":[],"defaultGraph":"","defaultPostTypeGraph":""},"schema_type":null,"schema_type_options":null,"pillar_content":false,"robots_default":true,"robots_noindex":false,"robots_noarchive":false,"robots_nosnippet":false,"robots_nofollow":false,"robots_noimageindex":false,"robots_noodp":false,"robots_notranslate":false,"robots_max_snippet":null,"robots_max_videopreview":null,"robots_max_imagepreview":"large","priority":null,"frequency":null,"local_seo":null,"seo_analyzer_scan_date":"2025-12-07 14:37:12","breadcrumb_settings":null,"limit_modified_date":false,"open_ai":null,"ai":null,"created":"2020-12-21 12:44:41","updated":"2025-12-07 14:37:12","focus_keyword":null,"additional_keywords":null,"truseo_locale":null},"aioseo_breadcrumb":"<div class=\"aioseo-breadcrumbs\"><span class=\"aioseo-breadcrumb\">\n\t<a href=\"https:\/\/www.eldigitaldeasturias.com\/noticias\" title=\"Home\">Home<\/a>\n<\/span><span class=\"aioseo-breadcrumb-separator\">\u2013<\/span><span class=\"aioseo-breadcrumb\">\n\t<a href=\"https:\/\/www.eldigitaldeasturias.com\/noticias\/category\/actualidad\/\" title=\"Actualidad\">Actualidad<\/a>\n<\/span><span class=\"aioseo-breadcrumb-separator\">\u2013<\/span><span class=\"aioseo-breadcrumb\">\n\t<a href=\"https:\/\/www.eldigitaldeasturias.com\/noticias\/43-de-los-44-bienes-de-sijena-ya-se-encuentran-en-el-real-monasterio-de-sijena\/\" title=\"43 de los 44 bienes de Sijena ya se encuentran en el Real Monasterio de Sijena\">43 de los 44 bienes de Sijena ya se encuentran en el Real Monasterio de Sijena<\/a>\n<\/span><\/div>","aioseo_breadcrumb_json":[{"label":"Home","link":"https:\/\/www.eldigitaldeasturias.com\/noticias"},{"label":"Actualidad","link":"https:\/\/www.eldigitaldeasturias.com\/noticias\/category\/actualidad\/"},{"label":"43 de los 44 bienes de Sijena ya se encuentran en el Real Monasterio de Sijena","link":"https:\/\/www.eldigitaldeasturias.com\/noticias\/43-de-los-44-bienes-de-sijena-ya-se-encuentran-en-el-real-monasterio-de-sijena\/"}],"_links":{"self":[{"href":"https:\/\/www.eldigitaldeasturias.com\/noticias\/wp-json\/wp\/v2\/posts\/963042","targetHints":{"allow":["GET"]}}],"collection":[{"href":"https:\/\/www.eldigitaldeasturias.com\/noticias\/wp-json\/wp\/v2\/posts"}],"about":[{"href":"https:\/\/www.eldigitaldeasturias.com\/noticias\/wp-json\/wp\/v2\/types\/post"}],"author":[{"embeddable":true,"href":"https:\/\/www.eldigitaldeasturias.com\/noticias\/wp-json\/wp\/v2\/users\/1"}],"replies":[{"embeddable":true,"href":"https:\/\/www.eldigitaldeasturias.com\/noticias\/wp-json\/wp\/v2\/comments?post=963042"}],"version-history":[{"count":0,"href":"https:\/\/www.eldigitaldeasturias.com\/noticias\/wp-json\/wp\/v2\/posts\/963042\/revisions"}],"wp:attachment":[{"href":"https:\/\/www.eldigitaldeasturias.com\/noticias\/wp-json\/wp\/v2\/media?parent=963042"}],"wp:term":[{"taxonomy":"category","embeddable":true,"href":"https:\/\/www.eldigitaldeasturias.com\/noticias\/wp-json\/wp\/v2\/categories?post=963042"},{"taxonomy":"post_tag","embeddable":true,"href":"https:\/\/www.eldigitaldeasturias.com\/noticias\/wp-json\/wp\/v2\/tags?post=963042"}],"curies":[{"name":"wp","href":"https:\/\/api.w.org\/{rel}","templated":true}]}}