{"id":963036,"date":"2017-12-12T02:34:07","date_gmt":"2017-12-12T02:34:07","guid":{"rendered":"http:\/\/www.eldigitaldeasturias.com\/noticias\/?p=963036"},"modified":"2017-12-12T02:34:07","modified_gmt":"2017-12-12T02:34:07","slug":"homenaje-a-las-victimas-del-atentado-terrorista-contra-la-casa-cuartel-de-zaragoza","status":"publish","type":"post","link":"https:\/\/www.eldigitaldeasturias.com\/noticias\/homenaje-a-las-victimas-del-atentado-terrorista-contra-la-casa-cuartel-de-zaragoza\/","title":{"rendered":"Homenaje a las v\u00edctimas del atentado terrorista contra la Casa Cuartel de Zaragoza"},"content":{"rendered":"<p><img loading=\"lazy\" decoding=\"async\" class=\"alignleft size-medium wp-image-963037\" src=\"https:\/\/www.eldigitaldeasturias.com\/noticias\/wp-content\/uploads\/2017\/12\/111217-zoido-360x239.jpg\" alt=\"\" width=\"360\" height=\"239\" \/>El ministro del Interior, Juan Ignacio Zoido, ha presidido el acto de homenaje en recuerdo de las v\u00edctimas del atentado terrorista contra la Casa Cuartel de Zaragoza cuando se cumplen 30 a\u00f1os de la terrible masacre en la que murieron 11 personas, cinco de ellas ni\u00f1os.<\/p>\n<p>\u00abGracias al ejemplo \u00e9tico de las v\u00edctimas del terrorismo, Espa\u00f1a es hoy una sociedad madura que sabe distinguir perfectamente a las v\u00edctimas de los verdugos\u00bb, afirm\u00f3 el ministro del Interior durante el acto celebrado en la plaza de la Esperanza, lugar donde se encontraba en aquellos a\u00f1os la casa-cuartel de la Guardia Civil donde se produjo el atentado terrorista.<\/p>\n<p>Acompa\u00f1ado, entre otras autoridades, por el presidente del Gobierno de Arag\u00f3n, Javier Lamb\u00e1n; el delegado del Gobierno en Arag\u00f3n, Gustavo Alcalde; el alcalde de Zaragoza, Pedro Santisteve; el director general de la Guardia Civil, Jos\u00e9 Manuel Holgado; la presidenta de la Fundaci\u00f3n V\u00edctimas del Terrorismo, Marimar Blanco y la presidenta de honor de la Asociaci\u00f3n de V\u00edctimas del Terrorismo, \u00c1ngeles Pedraza, el ministro del Interior visit\u00f3 una exposici\u00f3n fotogr\u00e1fica sobre aquellos a\u00f1os y asisti\u00f3 a una misa en recuerdo de las v\u00edctimas de ese atentado en la iglesia parroquial de San P\u00edo X.<\/p>\n<p>Posteriormente la comitiva se traslad\u00f3 a la Plaza de la Esperanza, donde se ubicaba la casa cuartel de la capital aragonesa, para rendir tributo a las a las v\u00edctimas y heridos del atentado con una ofrenda floral que culmin\u00f3 con el Homenaje a los Ca\u00eddos.<\/p>\n<p><strong>En deuda con la Guardia Civil y la Polic\u00eda<\/strong><\/p>\n<p>En ese acto, Zoido tuvo palabras de reconocimiento a las v\u00edctimas del terrorismo, que siempre \u00abdan una lecci\u00f3n de dignidad y reclaman la proclamaci\u00f3n de la verdad de lo sucedido\u00bb. \u00abY gracias a su ejemplo, los espa\u00f1oles hemos sido capaces de afrontar de manera responsable los riesgos sin cambiar nuestro modo de vida ni los valores democr\u00e1ticos, esos que ETA no respet\u00f3 y que ahora amenaza el terrorismo yihadista\u00bb, apunt\u00f3.<\/p>\n<p>Para el ministro, la derrota de ETA fue posible gracias al ejemplo y al testimonio de las v\u00edctimas, al compromiso de jueces y fiscales, a la cooperaci\u00f3n internacional, y a la dedicaci\u00f3n y entrega de las Fuerzas y Cuerpos de Seguridad. \u00abEspa\u00f1a-a\u00f1adi\u00f3 Zoido-est\u00e1 en deuda con la Guardia Civil y el Cuerpo Nacional de Polic\u00eda, las instituciones m\u00e1s castigadas por la banda terrorista\u00bb.<\/p>\n<p>\u00abActos de homenaje y de recuerdo con \u00e9ste deben servirnos para renovar nuestro compromiso de seguir, como hasta ahora, trabajando todos juntos hasta conseguir que ETA se disuelva definitivamente, entregue las armas, termine de pagar lo que hizo, pida perd\u00f3n a las v\u00edctimas y se arrepienta de todo el sufrimiento causado. Y tambi\u00e9n-subray\u00f3 Zoido-para seguir firmes hasta conseguir derrotar al yihadismo como hicimos con ETA\u00bb.<\/p>\n<p><strong>Exposici\u00f3n en Museo Provincial de Zaragoza<\/strong><\/p>\n<p>El d\u00eda comenz\u00f3 con la inauguraci\u00f3n de una exposici\u00f3n sobre el atentado en el Museo Provincial de Zaragoza. La muestra tiene como objetivo honrar la memoria de las v\u00edctimas y mostrar la vileza de los asesinos y podr\u00e1 visitarse hasta el pr\u00f3ximo domingo, 17 de diciembre.<\/p>\n<p>Cuenta con una selecci\u00f3n de fotograf\u00edas de la Agencia EFE y del Heraldo de Arag\u00f3n sobre la devastaci\u00f3n, las labores de rescate, los funerales, las manifestaciones de protesta y los homenajes p\u00fablicos en los aniversarios. La muestra se completa con un In Memoriam por las 11 v\u00edctimas mortales, una reproducci\u00f3n del coche-bomba, un audiovisual con testimonios de diversos protagonistas y, finalmente, un espacio de documentaci\u00f3n con portadas de prensa de la \u00e9poca.<\/p>\n<p>\u00abDuele, pero tenemos que seguir recordando ese d\u00eda para que las nuevas generaciones sepan la verdad de lo que pas\u00f3. Porque gracias al ejemplo \u00e9tico de las v\u00edctimas del terrorismo Espa\u00f1a es hoy una sociedad madura que sabe distinguir perfectamente a las v\u00edctimas de los verdugos\u00bb, apunt\u00f3 el ministro.<\/p>\n<p><strong>Atentado contra la Casa Cuartel de Zaragoza<\/strong><\/p>\n<p>El viernes 11 de diciembre de 1987, a las 06:00 de la ma\u00f1ana, la banda terrorista ETA coloc\u00f3 un coche-bomba cargado con 250 kilos de amonal junto a la Casa Cuartel de la Guardia Civil de Zaragoza.<\/p>\n<p>La explosi\u00f3n derrumb\u00f3 parte del edificio y acab\u00f3 con la vida de 11 personas, entre ellos cinco ni\u00f1os y un adolescente, e hiri\u00f3 a otras 73, varias de ellas muy graves.<\/p>\n<p>Los autores del atentado fueron cuatro etarras del \u00abComando Argala\u00bb, formado por ciudadanos franceses dirigidos por Henri Parot, que fue detenido en Sevilla en 1990 y condenado por la Audiencia Nacional en 1994 a m\u00e1s de 1.800 a\u00f1os de prisi\u00f3n por su responsabilidad criminal. Su hermano Jean Parot, Jacques Esnal y Fr\u00e9deric Haramboure le acompa\u00f1aron en la ejecuci\u00f3n del atentado y fueron condenados a cadena perpetua por un Tribunal de Par\u00eds en 1997. Los jefes de ETA Francisco M\u00fagica Garmendia \u00abPakito\u00bb y Jos\u00e9 Mar\u00eda Arregui Erostabe \u00abFiti\u00bb, fueron sentenciados en 2003 a un total de 2.354 a\u00f1os de reclusi\u00f3n por haber dado la orden de atacar el acuartelamiento y por proporcionar la log\u00edstica necesaria.<\/p>\n","protected":false},"excerpt":{"rendered":"<p>El ministro del Interior, Juan Ignacio Zoido, ha presidido el acto de homenaje en recuerdo de las v\u00edctimas del atentado terrorista contra la Casa Cuartel de Zaragoza cuando se cumplen 30 a\u00f1os de la terrible masacre en la que murieron 11 personas, cinco de ellas ni\u00f1os. \u00abGracias al ejemplo \u00e9tico de las v\u00edctimas del terrorismo, [&hellip;]<\/p>\n","protected":false},"author":1,"featured_media":963037,"comment_status":"closed","ping_status":"closed","sticky":false,"template":"","format":"standard","meta":{"footnotes":""},"categories":[1],"tags":[],"class_list":["post-963036","post","type-post","status-publish","format-standard","has-post-thumbnail","hentry","category-actualidad"],"aioseo_notices":[],"aioseo_head":"\n\t\t<!-- All in One SEO Pro 5.0.1 - aioseo.com -->\n\t<meta name=\"description\" content=\"El ministro del Interior, Juan Ignacio Zoido, ha presidido el acto de homenaje en recuerdo de las v\u00edctimas del atentado terrorista contra la Casa Cuartel de Zaragoza cuando se cumplen 30 a\u00f1os de la terrible masacre en la que murieron 11 personas, cinco de ellas ni\u00f1os. &quot;Gracias al ejemplo \u00e9tico de las v\u00edctimas del terrorismo,\" \/>\n\t<meta name=\"robots\" content=\"max-image-preview:large\" \/>\n\t<meta name=\"author\" content=\"El Digital de Asturias\"\/>\n\t<meta name=\"google-site-verification\" content=\"UA-38556648-1\" \/>\n\t<meta name=\"msvalidate.01\" content=\"7dfe9f3f1b24437ab69f4f2559babe99\" \/>\n\t<meta name=\"keywords\" content=\"actualidad\" \/>\n\t<link rel=\"canonical\" href=\"https:\/\/www.eldigitaldeasturias.com\/noticias\/homenaje-a-las-victimas-del-atentado-terrorista-contra-la-casa-cuartel-de-zaragoza\/\" \/>\n\t<meta name=\"generator\" content=\"All in One SEO Pro (AIOSEO) 5.0.1\" \/>\n\t\t<meta property=\"og:locale\" content=\"es_ES\" \/>\n\t\t<meta property=\"og:site_name\" content=\"El Digital de Asturias\" \/>\n\t\t<meta property=\"og:type\" content=\"article\" \/>\n\t\t<meta property=\"og:title\" content=\"Homenaje a las v\u00edctimas del atentado terrorista contra la Casa Cuartel de Zaragoza - El Digital de Asturias\" \/>\n\t\t<meta property=\"og:description\" content=\"El ministro del Interior, Juan Ignacio Zoido, ha presidido el acto de homenaje en recuerdo de las v\u00edctimas del atentado terrorista contra la Casa Cuartel de Zaragoza cuando se cumplen 30 a\u00f1os de la terrible masacre en la que murieron 11 personas, cinco de ellas ni\u00f1os. &quot;Gracias al ejemplo \u00e9tico de las v\u00edctimas del terrorismo,\" \/>\n\t\t<meta property=\"og:url\" content=\"https:\/\/www.eldigitaldeasturias.com\/noticias\/homenaje-a-las-victimas-del-atentado-terrorista-contra-la-casa-cuartel-de-zaragoza\/\" \/>\n\t\t<meta property=\"article:tag\" content=\"actualidad\" \/>\n\t\t<meta property=\"article:published_time\" content=\"2017-12-12T02:34:07+00:00\" \/>\n\t\t<meta property=\"article:modified_time\" content=\"2017-12-12T02:34:07+00:00\" \/>\n\t\t<meta property=\"article:publisher\" content=\"https:\/\/facebook.com\/eldigitaldeasturias\" \/>\n\t\t<meta name=\"twitter:card\" content=\"summary_large_image\" \/>\n\t\t<meta name=\"twitter:title\" content=\"Homenaje a las v\u00edctimas del atentado terrorista contra la Casa Cuartel de Zaragoza - El Digital de Asturias\" \/>\n\t\t<meta name=\"twitter:description\" content=\"El ministro del Interior, Juan Ignacio Zoido, ha presidido el acto de homenaje en recuerdo de las v\u00edctimas del atentado terrorista contra la Casa Cuartel de Zaragoza cuando se cumplen 30 a\u00f1os de la terrible masacre en la que murieron 11 personas, cinco de ellas ni\u00f1os. &quot;Gracias al ejemplo \u00e9tico de las v\u00edctimas del terrorismo,\" \/>\n\t\t<meta name=\"twitter:image\" content=\"https:\/\/www.eldigitaldeasturias.com\/noticias\/wp-content\/uploads\/2020\/12\/EDA-1.jpg\" \/>\n\t\t<meta name=\"twitter:label1\" content=\"Escrito por\" \/>\n\t\t<meta name=\"twitter:data1\" content=\"El Digital de Asturias\" \/>\n\t\t<meta name=\"twitter:label2\" content=\"Tiempo de lectura estimado\" \/>\n\t\t<meta name=\"twitter:data2\" content=\"4 minutos\" \/>\n\t\t<script type=\"application\/ld+json\" class=\"aioseo-schema\">\n\t\t\t{\"@context\":\"https:\\\/\\\/schema.org\",\"@graph\":[{\"@type\":\"BlogPosting\",\"@id\":\"https:\\\/\\\/www.eldigitaldeasturias.com\\\/noticias\\\/homenaje-a-las-victimas-del-atentado-terrorista-contra-la-casa-cuartel-de-zaragoza\\\/#blogposting\",\"name\":\"Homenaje a las v\\u00edctimas del atentado terrorista contra la Casa Cuartel de Zaragoza - El Digital de Asturias\",\"headline\":\"Homenaje a las v\\u00edctimas del atentado terrorista contra la Casa Cuartel de Zaragoza\",\"author\":{\"@id\":\"https:\\\/\\\/www.eldigitaldeasturias.com\\\/noticias\\\/author\\\/admin\\\/#author\"},\"publisher\":{\"@id\":\"https:\\\/\\\/www.eldigitaldeasturias.com\\\/noticias\\\/#organization\"},\"image\":{\"@type\":\"ImageObject\",\"url\":963037},\"datePublished\":\"2017-12-12T02:34:07+01:00\",\"dateModified\":\"2017-12-12T02:34:07+01:00\",\"inLanguage\":\"es-ES\",\"mainEntityOfPage\":{\"@id\":\"https:\\\/\\\/www.eldigitaldeasturias.com\\\/noticias\\\/homenaje-a-las-victimas-del-atentado-terrorista-contra-la-casa-cuartel-de-zaragoza\\\/#webpage\"},\"isPartOf\":{\"@id\":\"https:\\\/\\\/www.eldigitaldeasturias.com\\\/noticias\\\/homenaje-a-las-victimas-del-atentado-terrorista-contra-la-casa-cuartel-de-zaragoza\\\/#webpage\"},\"articleSection\":\"Actualidad\"},{\"@type\":\"BreadcrumbList\",\"@id\":\"https:\\\/\\\/www.eldigitaldeasturias.com\\\/noticias\\\/homenaje-a-las-victimas-del-atentado-terrorista-contra-la-casa-cuartel-de-zaragoza\\\/#breadcrumblist\",\"itemListElement\":[{\"@type\":\"ListItem\",\"@id\":\"https:\\\/\\\/www.eldigitaldeasturias.com\\\/noticias#listItem\",\"position\":1,\"name\":\"Home\",\"item\":\"https:\\\/\\\/www.eldigitaldeasturias.com\\\/noticias\",\"nextItem\":{\"@type\":\"ListItem\",\"@id\":\"https:\\\/\\\/www.eldigitaldeasturias.com\\\/noticias\\\/category\\\/actualidad\\\/#listItem\",\"name\":\"Actualidad\"}},{\"@type\":\"ListItem\",\"@id\":\"https:\\\/\\\/www.eldigitaldeasturias.com\\\/noticias\\\/category\\\/actualidad\\\/#listItem\",\"position\":2,\"name\":\"Actualidad\",\"item\":\"https:\\\/\\\/www.eldigitaldeasturias.com\\\/noticias\\\/category\\\/actualidad\\\/\",\"nextItem\":{\"@type\":\"ListItem\",\"@id\":\"https:\\\/\\\/www.eldigitaldeasturias.com\\\/noticias\\\/homenaje-a-las-victimas-del-atentado-terrorista-contra-la-casa-cuartel-de-zaragoza\\\/#listItem\",\"name\":\"Homenaje a las v\\u00edctimas del atentado terrorista contra la Casa Cuartel de Zaragoza\"},\"previousItem\":{\"@type\":\"ListItem\",\"@id\":\"https:\\\/\\\/www.eldigitaldeasturias.com\\\/noticias#listItem\",\"name\":\"Home\"}},{\"@type\":\"ListItem\",\"@id\":\"https:\\\/\\\/www.eldigitaldeasturias.com\\\/noticias\\\/homenaje-a-las-victimas-del-atentado-terrorista-contra-la-casa-cuartel-de-zaragoza\\\/#listItem\",\"position\":3,\"name\":\"Homenaje a las v\\u00edctimas del atentado terrorista contra la Casa Cuartel de Zaragoza\",\"previousItem\":{\"@type\":\"ListItem\",\"@id\":\"https:\\\/\\\/www.eldigitaldeasturias.com\\\/noticias\\\/category\\\/actualidad\\\/#listItem\",\"name\":\"Actualidad\"}}]},{\"@type\":\"Organization\",\"@id\":\"https:\\\/\\\/www.eldigitaldeasturias.com\\\/noticias\\\/#organization\",\"name\":\"El Digital de Asturias\",\"description\":\"Hemeroteca\",\"url\":\"https:\\\/\\\/www.eldigitaldeasturias.com\\\/noticias\\\/\",\"email\":\"info@eldigitaldeasturias.com\",\"telephone\":\"+34652131393\",\"logo\":{\"@type\":\"ImageObject\",\"url\":\"https:\\\/\\\/www.eldigitaldeasturias.com\\\/noticias\\\/wp-content\\\/uploads\\\/2020\\\/12\\\/EDA.jpg\",\"@id\":\"https:\\\/\\\/www.eldigitaldeasturias.com\\\/noticias\\\/homenaje-a-las-victimas-del-atentado-terrorista-contra-la-casa-cuartel-de-zaragoza\\\/#organizationLogo\"},\"image\":{\"@id\":\"https:\\\/\\\/www.eldigitaldeasturias.com\\\/noticias\\\/homenaje-a-las-victimas-del-atentado-terrorista-contra-la-casa-cuartel-de-zaragoza\\\/#organizationLogo\"},\"sameAs\":[\"https:\\\/\\\/facebook.com\\\/eldigitaldeasturias\",\"https:\\\/\\\/www.youtube.com\\\/channel\\\/UCZP-2wLEB9Rv6erhFmqVnvg\"],\"address\":{\"@id\":\"https:\\\/\\\/www.eldigitaldeasturias.com\\\/noticias\\\/#postaladdress\",\"@type\":\"PostalAddress\",\"streetAddress\":\"san antonio 4\",\"postalCode\":\"33430\",\"addressLocality\":\"Cand\\u00e1s\",\"addressRegion\":\"Asturias\",\"addressCountry\":\"ES\"}},{\"@type\":\"Person\",\"@id\":\"https:\\\/\\\/www.eldigitaldeasturias.com\\\/noticias\\\/author\\\/admin\\\/#author\",\"url\":\"https:\\\/\\\/www.eldigitaldeasturias.com\\\/noticias\\\/author\\\/admin\\\/\",\"name\":\"El Digital de Asturias\",\"image\":{\"@type\":\"ImageObject\",\"@id\":\"https:\\\/\\\/www.eldigitaldeasturias.com\\\/noticias\\\/homenaje-a-las-victimas-del-atentado-terrorista-contra-la-casa-cuartel-de-zaragoza\\\/#authorImage\",\"url\":\"https:\\\/\\\/secure.gravatar.com\\\/avatar\\\/df2aeffc32bcd13f8d26072ef8a91b623d677766deac7f97ca815868cd41bf5e?s=96&d=mm&r=g\",\"width\":96,\"height\":96,\"caption\":\"El Digital de Asturias\"}},{\"@type\":\"WebPage\",\"@id\":\"https:\\\/\\\/www.eldigitaldeasturias.com\\\/noticias\\\/homenaje-a-las-victimas-del-atentado-terrorista-contra-la-casa-cuartel-de-zaragoza\\\/#webpage\",\"url\":\"https:\\\/\\\/www.eldigitaldeasturias.com\\\/noticias\\\/homenaje-a-las-victimas-del-atentado-terrorista-contra-la-casa-cuartel-de-zaragoza\\\/\",\"name\":\"Homenaje a las v\\u00edctimas del atentado terrorista contra la Casa Cuartel de Zaragoza - El Digital de Asturias\",\"description\":\"El ministro del Interior, Juan Ignacio Zoido, ha presidido el acto de homenaje en recuerdo de las v\\u00edctimas del atentado terrorista contra la Casa Cuartel de Zaragoza cuando se cumplen 30 a\\u00f1os de la terrible masacre en la que murieron 11 personas, cinco de ellas ni\\u00f1os. \\\"Gracias al ejemplo \\u00e9tico de las v\\u00edctimas del terrorismo,\",\"inLanguage\":\"es-ES\",\"isPartOf\":{\"@id\":\"https:\\\/\\\/www.eldigitaldeasturias.com\\\/noticias\\\/#website\"},\"breadcrumb\":{\"@id\":\"https:\\\/\\\/www.eldigitaldeasturias.com\\\/noticias\\\/homenaje-a-las-victimas-del-atentado-terrorista-contra-la-casa-cuartel-de-zaragoza\\\/#breadcrumblist\"},\"author\":{\"@id\":\"https:\\\/\\\/www.eldigitaldeasturias.com\\\/noticias\\\/author\\\/admin\\\/#author\"},\"creator\":{\"@id\":\"https:\\\/\\\/www.eldigitaldeasturias.com\\\/noticias\\\/author\\\/admin\\\/#author\"},\"image\":{\"@type\":\"ImageObject\",\"url\":963037,\"@id\":\"https:\\\/\\\/www.eldigitaldeasturias.com\\\/noticias\\\/homenaje-a-las-victimas-del-atentado-terrorista-contra-la-casa-cuartel-de-zaragoza\\\/#mainImage\"},\"primaryImageOfPage\":{\"@id\":\"https:\\\/\\\/www.eldigitaldeasturias.com\\\/noticias\\\/homenaje-a-las-victimas-del-atentado-terrorista-contra-la-casa-cuartel-de-zaragoza\\\/#mainImage\"},\"datePublished\":\"2017-12-12T02:34:07+01:00\",\"dateModified\":\"2017-12-12T02:34:07+01:00\"},{\"@type\":\"WebSite\",\"@id\":\"https:\\\/\\\/www.eldigitaldeasturias.com\\\/noticias\\\/#website\",\"url\":\"https:\\\/\\\/www.eldigitaldeasturias.com\\\/noticias\\\/\",\"name\":\"El Digital de Asturias - Diario de actualidad y noticias\",\"alternateName\":\"El Digital de Asturias - Diario de actualidad y noticias\",\"description\":\"Hemeroteca\",\"inLanguage\":\"es-ES\",\"publisher\":{\"@id\":\"https:\\\/\\\/www.eldigitaldeasturias.com\\\/noticias\\\/#organization\"}}]}\n\t\t<\/script>\n\t\t<!-- All in One SEO Pro -->\r\n\t\t<title>Homenaje a las v\u00edctimas del atentado terrorista contra la Casa Cuartel de Zaragoza - El Digital de Asturias<\/title>\n\n","aioseo_head_json":{"title":"Homenaje a las v\u00edctimas del atentado terrorista contra la Casa Cuartel de Zaragoza - El Digital de Asturias","description":"El ministro del Interior, Juan Ignacio Zoido, ha presidido el acto de homenaje en recuerdo de las v\u00edctimas del atentado terrorista contra la Casa Cuartel de Zaragoza cuando se cumplen 30 a\u00f1os de la terrible masacre en la que murieron 11 personas, cinco de ellas ni\u00f1os. \"Gracias al ejemplo \u00e9tico de las v\u00edctimas del terrorismo,","canonical_url":"https:\/\/www.eldigitaldeasturias.com\/noticias\/homenaje-a-las-victimas-del-atentado-terrorista-contra-la-casa-cuartel-de-zaragoza\/","robots":"max-image-preview:large","keywords":"actualidad","webmasterTools":{"google-site-verification":"UA-38556648-1","msvalidate.01":"7dfe9f3f1b24437ab69f4f2559babe99","miscellaneous":""},"schema":{"@context":"https:\/\/schema.org","@graph":[{"@type":"BlogPosting","@id":"https:\/\/www.eldigitaldeasturias.com\/noticias\/homenaje-a-las-victimas-del-atentado-terrorista-contra-la-casa-cuartel-de-zaragoza\/#blogposting","name":"Homenaje a las v\u00edctimas del atentado terrorista contra la Casa Cuartel de Zaragoza - El Digital de Asturias","headline":"Homenaje a las v\u00edctimas del atentado terrorista contra la Casa Cuartel de Zaragoza","author":{"@id":"https:\/\/www.eldigitaldeasturias.com\/noticias\/author\/admin\/#author"},"publisher":{"@id":"https:\/\/www.eldigitaldeasturias.com\/noticias\/#organization"},"image":{"@type":"ImageObject","url":963037},"datePublished":"2017-12-12T02:34:07+01:00","dateModified":"2017-12-12T02:34:07+01:00","inLanguage":"es-ES","mainEntityOfPage":{"@id":"https:\/\/www.eldigitaldeasturias.com\/noticias\/homenaje-a-las-victimas-del-atentado-terrorista-contra-la-casa-cuartel-de-zaragoza\/#webpage"},"isPartOf":{"@id":"https:\/\/www.eldigitaldeasturias.com\/noticias\/homenaje-a-las-victimas-del-atentado-terrorista-contra-la-casa-cuartel-de-zaragoza\/#webpage"},"articleSection":"Actualidad"},{"@type":"BreadcrumbList","@id":"https:\/\/www.eldigitaldeasturias.com\/noticias\/homenaje-a-las-victimas-del-atentado-terrorista-contra-la-casa-cuartel-de-zaragoza\/#breadcrumblist","itemListElement":[{"@type":"ListItem","@id":"https:\/\/www.eldigitaldeasturias.com\/noticias#listItem","position":1,"name":"Home","item":"https:\/\/www.eldigitaldeasturias.com\/noticias","nextItem":{"@type":"ListItem","@id":"https:\/\/www.eldigitaldeasturias.com\/noticias\/category\/actualidad\/#listItem","name":"Actualidad"}},{"@type":"ListItem","@id":"https:\/\/www.eldigitaldeasturias.com\/noticias\/category\/actualidad\/#listItem","position":2,"name":"Actualidad","item":"https:\/\/www.eldigitaldeasturias.com\/noticias\/category\/actualidad\/","nextItem":{"@type":"ListItem","@id":"https:\/\/www.eldigitaldeasturias.com\/noticias\/homenaje-a-las-victimas-del-atentado-terrorista-contra-la-casa-cuartel-de-zaragoza\/#listItem","name":"Homenaje a las v\u00edctimas del atentado terrorista contra la Casa Cuartel de Zaragoza"},"previousItem":{"@type":"ListItem","@id":"https:\/\/www.eldigitaldeasturias.com\/noticias#listItem","name":"Home"}},{"@type":"ListItem","@id":"https:\/\/www.eldigitaldeasturias.com\/noticias\/homenaje-a-las-victimas-del-atentado-terrorista-contra-la-casa-cuartel-de-zaragoza\/#listItem","position":3,"name":"Homenaje a las v\u00edctimas del atentado terrorista contra la Casa Cuartel de Zaragoza","previousItem":{"@type":"ListItem","@id":"https:\/\/www.eldigitaldeasturias.com\/noticias\/category\/actualidad\/#listItem","name":"Actualidad"}}]},{"@type":"Organization","@id":"https:\/\/www.eldigitaldeasturias.com\/noticias\/#organization","name":"El Digital de Asturias","description":"Hemeroteca","url":"https:\/\/www.eldigitaldeasturias.com\/noticias\/","email":"info@eldigitaldeasturias.com","telephone":"+34652131393","logo":{"@type":"ImageObject","url":"https:\/\/www.eldigitaldeasturias.com\/noticias\/wp-content\/uploads\/2020\/12\/EDA.jpg","@id":"https:\/\/www.eldigitaldeasturias.com\/noticias\/homenaje-a-las-victimas-del-atentado-terrorista-contra-la-casa-cuartel-de-zaragoza\/#organizationLogo"},"image":{"@id":"https:\/\/www.eldigitaldeasturias.com\/noticias\/homenaje-a-las-victimas-del-atentado-terrorista-contra-la-casa-cuartel-de-zaragoza\/#organizationLogo"},"sameAs":["https:\/\/facebook.com\/eldigitaldeasturias","https:\/\/www.youtube.com\/channel\/UCZP-2wLEB9Rv6erhFmqVnvg"],"address":{"@id":"https:\/\/www.eldigitaldeasturias.com\/noticias\/#postaladdress","@type":"PostalAddress","streetAddress":"san antonio 4","postalCode":"33430","addressLocality":"Cand\u00e1s","addressRegion":"Asturias","addressCountry":"ES"}},{"@type":"Person","@id":"https:\/\/www.eldigitaldeasturias.com\/noticias\/author\/admin\/#author","url":"https:\/\/www.eldigitaldeasturias.com\/noticias\/author\/admin\/","name":"El Digital de Asturias","image":{"@type":"ImageObject","@id":"https:\/\/www.eldigitaldeasturias.com\/noticias\/homenaje-a-las-victimas-del-atentado-terrorista-contra-la-casa-cuartel-de-zaragoza\/#authorImage","url":"https:\/\/secure.gravatar.com\/avatar\/df2aeffc32bcd13f8d26072ef8a91b623d677766deac7f97ca815868cd41bf5e?s=96&d=mm&r=g","width":96,"height":96,"caption":"El Digital de Asturias"}},{"@type":"WebPage","@id":"https:\/\/www.eldigitaldeasturias.com\/noticias\/homenaje-a-las-victimas-del-atentado-terrorista-contra-la-casa-cuartel-de-zaragoza\/#webpage","url":"https:\/\/www.eldigitaldeasturias.com\/noticias\/homenaje-a-las-victimas-del-atentado-terrorista-contra-la-casa-cuartel-de-zaragoza\/","name":"Homenaje a las v\u00edctimas del atentado terrorista contra la Casa Cuartel de Zaragoza - El Digital de Asturias","description":"El ministro del Interior, Juan Ignacio Zoido, ha presidido el acto de homenaje en recuerdo de las v\u00edctimas del atentado terrorista contra la Casa Cuartel de Zaragoza cuando se cumplen 30 a\u00f1os de la terrible masacre en la que murieron 11 personas, cinco de ellas ni\u00f1os. \"Gracias al ejemplo \u00e9tico de las v\u00edctimas del terrorismo,","inLanguage":"es-ES","isPartOf":{"@id":"https:\/\/www.eldigitaldeasturias.com\/noticias\/#website"},"breadcrumb":{"@id":"https:\/\/www.eldigitaldeasturias.com\/noticias\/homenaje-a-las-victimas-del-atentado-terrorista-contra-la-casa-cuartel-de-zaragoza\/#breadcrumblist"},"author":{"@id":"https:\/\/www.eldigitaldeasturias.com\/noticias\/author\/admin\/#author"},"creator":{"@id":"https:\/\/www.eldigitaldeasturias.com\/noticias\/author\/admin\/#author"},"image":{"@type":"ImageObject","url":963037,"@id":"https:\/\/www.eldigitaldeasturias.com\/noticias\/homenaje-a-las-victimas-del-atentado-terrorista-contra-la-casa-cuartel-de-zaragoza\/#mainImage"},"primaryImageOfPage":{"@id":"https:\/\/www.eldigitaldeasturias.com\/noticias\/homenaje-a-las-victimas-del-atentado-terrorista-contra-la-casa-cuartel-de-zaragoza\/#mainImage"},"datePublished":"2017-12-12T02:34:07+01:00","dateModified":"2017-12-12T02:34:07+01:00"},{"@type":"WebSite","@id":"https:\/\/www.eldigitaldeasturias.com\/noticias\/#website","url":"https:\/\/www.eldigitaldeasturias.com\/noticias\/","name":"El Digital de Asturias - Diario de actualidad y noticias","alternateName":"El Digital de Asturias - Diario de actualidad y noticias","description":"Hemeroteca","inLanguage":"es-ES","publisher":{"@id":"https:\/\/www.eldigitaldeasturias.com\/noticias\/#organization"}}]},"og:locale":"es_ES","og:site_name":"El Digital de Asturias","og:type":"article","og:title":"Homenaje a las v\u00edctimas del atentado terrorista contra la Casa Cuartel de Zaragoza - El Digital de Asturias","og:description":"El ministro del Interior, Juan Ignacio Zoido, ha presidido el acto de homenaje en recuerdo de las v\u00edctimas del atentado terrorista contra la Casa Cuartel de Zaragoza cuando se cumplen 30 a\u00f1os de la terrible masacre en la que murieron 11 personas, cinco de ellas ni\u00f1os. &quot;Gracias al ejemplo \u00e9tico de las v\u00edctimas del terrorismo,","og:url":"https:\/\/www.eldigitaldeasturias.com\/noticias\/homenaje-a-las-victimas-del-atentado-terrorista-contra-la-casa-cuartel-de-zaragoza\/","article:tag":["actualidad"],"article:published_time":"2017-12-12T02:34:07+00:00","article:modified_time":"2017-12-12T02:34:07+00:00","article:publisher":"https:\/\/facebook.com\/eldigitaldeasturias","twitter:card":"summary_large_image","twitter:title":"Homenaje a las v\u00edctimas del atentado terrorista contra la Casa Cuartel de Zaragoza - El Digital de Asturias","twitter:description":"El ministro del Interior, Juan Ignacio Zoido, ha presidido el acto de homenaje en recuerdo de las v\u00edctimas del atentado terrorista contra la Casa Cuartel de Zaragoza cuando se cumplen 30 a\u00f1os de la terrible masacre en la que murieron 11 personas, cinco de ellas ni\u00f1os. &quot;Gracias al ejemplo \u00e9tico de las v\u00edctimas del terrorismo,","twitter:image":"https:\/\/www.eldigitaldeasturias.com\/noticias\/wp-content\/uploads\/2020\/12\/EDA-1.jpg","twitter:label1":"Escrito por","twitter:data1":"El Digital de Asturias","twitter:label2":"Tiempo de lectura estimado","twitter:data2":"4 minutos"},"aioseo_meta_data":{"post_id":"963036","title":null,"description":null,"keywords":null,"keyphrases":null,"primary_term":null,"canonical_url":null,"og_title":null,"og_description":null,"og_object_type":"default","og_image_type":"default","og_image_url":null,"og_image_width":null,"og_image_height":null,"og_image_custom_url":null,"og_image_custom_fields":null,"og_video":null,"og_custom_url":null,"og_article_section":null,"og_article_tags":null,"twitter_use_og":false,"twitter_card":"default","twitter_image_type":"default","twitter_image_url":null,"twitter_image_custom_url":null,"twitter_image_custom_fields":null,"twitter_title":null,"twitter_description":null,"schema":{"blockGraphs":[],"customGraphs":[],"default":{"data":{"Article":[],"Course":[],"Dataset":[],"FAQPage":[],"Movie":[],"Person":[],"Product":[],"ProductReview":[],"Car":[],"Recipe":[],"Service":[],"SoftwareApplication":[],"WebPage":[]},"graphName":"","isEnabled":true},"graphs":[],"defaultGraph":"","defaultPostTypeGraph":""},"schema_type":null,"schema_type_options":null,"pillar_content":false,"robots_default":true,"robots_noindex":false,"robots_noarchive":false,"robots_nosnippet":false,"robots_nofollow":false,"robots_noimageindex":false,"robots_noodp":false,"robots_notranslate":false,"robots_max_snippet":null,"robots_max_videopreview":null,"robots_max_imagepreview":"large","priority":null,"frequency":null,"local_seo":null,"seo_analyzer_scan_date":"2025-12-07 14:37:11","breadcrumb_settings":null,"limit_modified_date":false,"open_ai":null,"ai":null,"created":"2020-12-21 12:44:41","updated":"2025-12-07 14:37:11","focus_keyword":null,"additional_keywords":null,"truseo_locale":null},"aioseo_breadcrumb":"<div class=\"aioseo-breadcrumbs\"><span class=\"aioseo-breadcrumb\">\n\t<a href=\"https:\/\/www.eldigitaldeasturias.com\/noticias\" title=\"Home\">Home<\/a>\n<\/span><span class=\"aioseo-breadcrumb-separator\">\u2013<\/span><span class=\"aioseo-breadcrumb\">\n\t<a href=\"https:\/\/www.eldigitaldeasturias.com\/noticias\/category\/actualidad\/\" title=\"Actualidad\">Actualidad<\/a>\n<\/span><span class=\"aioseo-breadcrumb-separator\">\u2013<\/span><span class=\"aioseo-breadcrumb\">\n\t<a href=\"https:\/\/www.eldigitaldeasturias.com\/noticias\/homenaje-a-las-victimas-del-atentado-terrorista-contra-la-casa-cuartel-de-zaragoza\/\" title=\"Homenaje a las v\u00edctimas del atentado terrorista contra la Casa Cuartel de Zaragoza\">Homenaje a las v\u00edctimas del atentado terrorista contra la Casa Cuartel de Zaragoza<\/a>\n<\/span><\/div>","aioseo_breadcrumb_json":[{"label":"Home","link":"https:\/\/www.eldigitaldeasturias.com\/noticias"},{"label":"Actualidad","link":"https:\/\/www.eldigitaldeasturias.com\/noticias\/category\/actualidad\/"},{"label":"Homenaje a las v\u00edctimas del atentado terrorista contra la Casa Cuartel de Zaragoza","link":"https:\/\/www.eldigitaldeasturias.com\/noticias\/homenaje-a-las-victimas-del-atentado-terrorista-contra-la-casa-cuartel-de-zaragoza\/"}],"_links":{"self":[{"href":"https:\/\/www.eldigitaldeasturias.com\/noticias\/wp-json\/wp\/v2\/posts\/963036","targetHints":{"allow":["GET"]}}],"collection":[{"href":"https:\/\/www.eldigitaldeasturias.com\/noticias\/wp-json\/wp\/v2\/posts"}],"about":[{"href":"https:\/\/www.eldigitaldeasturias.com\/noticias\/wp-json\/wp\/v2\/types\/post"}],"author":[{"embeddable":true,"href":"https:\/\/www.eldigitaldeasturias.com\/noticias\/wp-json\/wp\/v2\/users\/1"}],"replies":[{"embeddable":true,"href":"https:\/\/www.eldigitaldeasturias.com\/noticias\/wp-json\/wp\/v2\/comments?post=963036"}],"version-history":[{"count":0,"href":"https:\/\/www.eldigitaldeasturias.com\/noticias\/wp-json\/wp\/v2\/posts\/963036\/revisions"}],"wp:attachment":[{"href":"https:\/\/www.eldigitaldeasturias.com\/noticias\/wp-json\/wp\/v2\/media?parent=963036"}],"wp:term":[{"taxonomy":"category","embeddable":true,"href":"https:\/\/www.eldigitaldeasturias.com\/noticias\/wp-json\/wp\/v2\/categories?post=963036"},{"taxonomy":"post_tag","embeddable":true,"href":"https:\/\/www.eldigitaldeasturias.com\/noticias\/wp-json\/wp\/v2\/tags?post=963036"}],"curies":[{"name":"wp","href":"https:\/\/api.w.org\/{rel}","templated":true}]}}