{"id":963033,"date":"2017-12-11T18:44:55","date_gmt":"2017-12-11T18:44:55","guid":{"rendered":"http:\/\/www.eldigitaldeasturias.com\/noticias\/?p=963033"},"modified":"2017-12-11T18:44:55","modified_gmt":"2017-12-11T18:44:55","slug":"andalucia-contara-en-2018-con-29-nuevas-lanzaderas-de-empleo","status":"publish","type":"post","link":"https:\/\/www.eldigitaldeasturias.com\/noticias\/andalucia-contara-en-2018-con-29-nuevas-lanzaderas-de-empleo\/","title":{"rendered":"Andaluc\u00eda contar\u00e1 en 2018 con 29 nuevas lanzaderas de empleo"},"content":{"rendered":"<p><img loading=\"lazy\" decoding=\"async\" class=\"alignleft size-medium wp-image-963034\" src=\"https:\/\/www.eldigitaldeasturias.com\/noticias\/wp-content\/uploads\/2017\/12\/1501759870489LanzaderaVicarAmliacion-360x270.jpg\" alt=\"\" width=\"360\" height=\"270\" srcset=\"https:\/\/www.eldigitaldeasturias.com\/noticias\/wp-content\/uploads\/2017\/12\/1501759870489LanzaderaVicarAmliacion-360x270.jpg 360w, https:\/\/www.eldigitaldeasturias.com\/noticias\/wp-content\/uploads\/2017\/12\/1501759870489LanzaderaVicarAmliacion-768x576.jpg 768w, https:\/\/www.eldigitaldeasturias.com\/noticias\/wp-content\/uploads\/2017\/12\/1501759870489LanzaderaVicarAmliacion-640x480.jpg 640w, https:\/\/www.eldigitaldeasturias.com\/noticias\/wp-content\/uploads\/2017\/12\/1501759870489LanzaderaVicarAmliacion-90x67.jpg 90w, https:\/\/www.eldigitaldeasturias.com\/noticias\/wp-content\/uploads\/2017\/12\/1501759870489LanzaderaVicarAmliacion.jpg 800w\" sizes=\"auto, (max-width: 360px) 100vw, 360px\" \/>El consejero de Empleo, Empresa y Comercio, Javier Carnero; el director del Programa de lanzaderas de empleo en Fundaci\u00f3n Santa Mar\u00eda la Real, \u00c1lvaro Retortillo Osuna; y el director de Relaciones Institucionales de Fundaci\u00f3n Telef\u00f3nica, Joan Cruz, han anunciado la puesta en marcha de 29 nuevas lanzaderas de empleo en Andaluc\u00eda para el a\u00f1o 2018. En el acto tambi\u00e9n han participado, la directora territorial de Telef\u00f3nica Sur, Mar\u00eda Jes\u00fas Almazor, y el alcalde de V\u00e9lez-M\u00e1laga, Antonio Moreno.<\/p>\n<p>Estas nuevas lanzaderas se distribuir\u00e1n en tres rondas -febrero, marzo y octubre- por todas las provincias andaluzas y servir\u00e1n para ayudar a casi 600 personas desempleadas a entrenar una nueva b\u00fasqueda de trabajo en equipo, reforzar sus competencias profesionales, mejorar su empleabilidad y contar con nuevas posibilidades de inserci\u00f3n laboral.<\/p>\n<p><strong>Repartidas por las ocho provincias<\/strong><\/p>\n<p>Los nuevos equipos se distribuir\u00e1n del siguiente modo. En febrero comenzar\u00e1n a funcionar las lanzaderas de C\u00f3rdoba, Huelva, \u00c9cija, Granada, Ja\u00e9n, Almer\u00eda, El Ejido, M\u00e1laga, V\u00e9lez-M\u00e1laga y Torremolinos; mientras que en marzo ser\u00e1 el turno de C\u00e1diz, Sanl\u00facar de Barrameda, Rota y Puerto Real.<\/p>\n<p>Por su parte, en el mes de octubre arrancar\u00e1n otras 15 nuevas lanzaderas en las localidades de Castilleja de la Cuesta, Alcal\u00e1 de Guada\u00edra, Carmona, Utrera, Antequera, Mijas, Macarena, Guadix, Cuevas de Almazora, Lepe, Ayamonte, \u00dabeda, Alcal\u00e1 la Real, Montilla y Lucena.<\/p>\n<p>Cada lanzadera tendr\u00e1 20 participantes, que se reunir\u00e1n varios d\u00edas a la semana en locales cedidas por los ayuntamientos y contar\u00e1n con la ayuda, acompa\u00f1amiento y gu\u00eda de un t\u00e9cnico especializado. Llevar\u00e1n a cabo talleres de autoconocimiento e inteligencia emocional, din\u00e1micas de comunicaci\u00f3n, marca personal y b\u00fasqueda de empleo 2.0; entrenamiento de entrevistas personales; elaboraci\u00f3n de mapas de empleabilidad y visitas a empresas, entre otras actividades.<\/p>\n<p><strong>Abierto el plazo de inscripci\u00f3n para febrero<\/strong><\/p>\n<p>Los representantes de las tres entidades han anunciado que hoy mismo se abre el plazo de inscripci\u00f3n para las primeras lanzaderas de empleo, que arrancar\u00e1n en el mes de febrero en las localidades de C\u00f3rdoba, Huelva, \u00c9cija, Granada, Ja\u00e9n, Almer\u00eda, El Ejido, M\u00e1laga, V\u00e9lez-M\u00e1laga y Torremolinos.<\/p>\n<p>Los equipos estar\u00e1n formados mayoritariamente por j\u00f3venes menores de 35 a\u00f1os, aunque se reserva la posibilidad de que cinco plazas puedan destinarse a personas de mayor edad, hasta los 59 a\u00f1os. Podr\u00e1n tener cualquier nivel formativo y proceder de cualquier sector laboral, tengan o no experiencia previa.<\/p>\n<p>Las personas interesadas en participar en el programa, de car\u00e1cter gratuito y voluntario, disponen hasta el 7 de febrero para inscribirse a trav\u00e9s de la<a href=\"http:\/\/www.lanzaderasdeempleo.es\/formulario-de-inscripcion\" target=\"_blank\" rel=\"noopener\"><span style=\"color: #ff6600;\"><strong> web de lanzaderas<\/strong><\/span><\/a>.<\/p>\n<p><strong>La regi\u00f3n de Espa\u00f1a con m\u00e1s lanzaderas<\/strong><\/p>\n<p>Con este esquema, en los dos \u00faltimos a\u00f1os ya han operado casi 80 lanzaderas en Andaluc\u00eda, convirti\u00e9ndose as\u00ed en la regi\u00f3n del pa\u00eds con m\u00e1s Lanzaderas de Empleo. En concreto, han sido 55 lanzaderas en 2016 y 24 en 2017; de las cuales cinco -Algeciras, Lucena, Mairena del Aljarafe, Motril y Puente Genil- est\u00e1n ahora mismo en activo. La media de inserci\u00f3n de todas estas lanzaderas ronda el 50%.<\/p>\n<p>Con esos buenos antecedentes, se ha decidido poner en funcionamiento 29 nuevas lanzaderas el pr\u00f3ximo a\u00f1o, que se distribuir\u00e1n en distintos meses por las ocho provincias andaluzas y ayudar\u00e1n a casi 600 personas en situaci\u00f3n de desempleo a entrenar una b\u00fasqueda diferencial e innovadora de trabajo.<\/p>\n<p>\u00abLa lanzadera no es un mero curso para actualizar el curr\u00edculum. Tampoco es una agencia de colocaci\u00f3n donde damos trabajo a los participantes. Es un programa intensivo de cinco meses para ayudar a personas desempleadas a activar y optimizar su b\u00fasqueda de trabajo en el mercado actual, con nuevas t\u00e9cnicas que les permiten ganar confianza y seguridad en las entrevistas, y con nuevas actividades que les acercan al tejido empresarial\u00bb, ha explicado el director del programa, \u00c1lvaro Retortillo.<\/p>\n<p>El director de Relaciones Institucionales de Fundaci\u00f3n Telef\u00f3nica, Joan Cruz, ha a\u00f1adido que \u00ablas lanzaderas son un proyecto ilusionante e innovador en su enfoque y en su apuesta por entender el trabajo colectivo como una manera de superar la situaci\u00f3n de desempleo. Desde Fundaci\u00f3n Telef\u00f3nica apoyamos esta iniciativa buscando ser un agente multiplicador que potencien sus buenos resultados, ayudando a personas desempleadas a encontrar su camino laboral\u00bb.<\/p>\n<p>Por su parte, el consejero de Empleo, Empresa y Comercio, Javier Carnero, ha reafirmado la apuesta de la Junta por el programa que desarrolla la Fundaci\u00f3n Santa Mar\u00eda La Real, y ha destacado que las lanzaderas de empleo \u00abson una experiencia que plasma todas las t\u00e9cnicas m\u00e1s avanzadas de orientaci\u00f3n y motivaci\u00f3n a los desempleados, un concepto innovador que nos lleva no cejar en el intento de buscar nuevas experiencias que permitan ayudar a los desempleados a salir del siempre duro y dif\u00edcil bache del paro\u00bb.<\/p>\n<p>Carnero ha subrayado que, dos a\u00f1os despu\u00e9s de iniciarse en Andaluc\u00eda el programa, \u00abhoy podemos decir que los resultados avalan esta experiencia innovadora, con un nivel de inserci\u00f3n laboral de sus participantes muy cercano al 50%\u00bb, lo que sit\u00faa a las lanzaderas de empleo \u00aba la vanguardia de los programas de orientaci\u00f3n laboral que se desarrollan en nuestro pa\u00eds\u00bb.<\/p>\n","protected":false},"excerpt":{"rendered":"<p>El consejero de Empleo, Empresa y Comercio, Javier Carnero; el director del Programa de lanzaderas de empleo en Fundaci\u00f3n Santa Mar\u00eda la Real, \u00c1lvaro Retortillo Osuna; y el director de Relaciones Institucionales de Fundaci\u00f3n Telef\u00f3nica, Joan Cruz, han anunciado la puesta en marcha de 29 nuevas lanzaderas de empleo en Andaluc\u00eda para el a\u00f1o 2018. [&hellip;]<\/p>\n","protected":false},"author":1,"featured_media":963034,"comment_status":"closed","ping_status":"closed","sticky":false,"template":"","format":"standard","meta":{"footnotes":""},"categories":[187],"tags":[],"class_list":["post-963033","post","type-post","status-publish","format-standard","has-post-thumbnail","hentry","category-economia"],"aioseo_notices":[],"aioseo_head":"\n\t\t<!-- All in One SEO Pro 4.9.6.2 - aioseo.com -->\n\t<meta name=\"description\" content=\"El consejero de Empleo, Empresa y Comercio, Javier Carnero; el director del Programa de lanzaderas de empleo en Fundaci\u00f3n Santa Mar\u00eda la Real, \u00c1lvaro Retortillo Osuna; y el director de Relaciones Institucionales de Fundaci\u00f3n Telef\u00f3nica, Joan Cruz, han anunciado la puesta en marcha de 29 nuevas lanzaderas de empleo en Andaluc\u00eda para el a\u00f1o 2018.\" \/>\n\t<meta name=\"robots\" content=\"max-image-preview:large\" \/>\n\t<meta name=\"author\" content=\"El Digital de Asturias\"\/>\n\t<meta name=\"google-site-verification\" content=\"UA-38556648-1\" \/>\n\t<meta name=\"msvalidate.01\" content=\"7dfe9f3f1b24437ab69f4f2559babe99\" \/>\n\t<meta name=\"keywords\" content=\"econom\u00eda\" \/>\n\t<link rel=\"canonical\" href=\"https:\/\/www.eldigitaldeasturias.com\/noticias\/andalucia-contara-en-2018-con-29-nuevas-lanzaderas-de-empleo\/\" \/>\n\t<meta name=\"generator\" content=\"All in One SEO Pro (AIOSEO) 4.9.6.2\" \/>\n\t\t<meta property=\"og:locale\" content=\"es_ES\" \/>\n\t\t<meta property=\"og:site_name\" content=\"El Digital de Asturias\" \/>\n\t\t<meta property=\"og:type\" content=\"article\" \/>\n\t\t<meta property=\"og:title\" content=\"Andaluc\u00eda contar\u00e1 en 2018 con 29 nuevas lanzaderas de empleo - El Digital de Asturias\" \/>\n\t\t<meta property=\"og:description\" content=\"El consejero de Empleo, Empresa y Comercio, Javier Carnero; el director del Programa de lanzaderas de empleo en Fundaci\u00f3n Santa Mar\u00eda la Real, \u00c1lvaro Retortillo Osuna; y el director de Relaciones Institucionales de Fundaci\u00f3n Telef\u00f3nica, Joan Cruz, han anunciado la puesta en marcha de 29 nuevas lanzaderas de empleo en Andaluc\u00eda para el a\u00f1o 2018.\" \/>\n\t\t<meta property=\"og:url\" content=\"https:\/\/www.eldigitaldeasturias.com\/noticias\/andalucia-contara-en-2018-con-29-nuevas-lanzaderas-de-empleo\/\" \/>\n\t\t<meta property=\"og:image\" content=\"https:\/\/www.eldigitaldeasturias.com\/noticias\/wp-content\/uploads\/2017\/12\/1501759870489LanzaderaVicarAmliacion.jpg\" \/>\n\t\t<meta property=\"og:image:secure_url\" content=\"https:\/\/www.eldigitaldeasturias.com\/noticias\/wp-content\/uploads\/2017\/12\/1501759870489LanzaderaVicarAmliacion.jpg\" \/>\n\t\t<meta property=\"og:image:width\" content=\"800\" \/>\n\t\t<meta property=\"og:image:height\" content=\"600\" \/>\n\t\t<meta property=\"article:tag\" content=\"econom\u00eda\" \/>\n\t\t<meta property=\"article:published_time\" content=\"2017-12-11T18:44:55+00:00\" \/>\n\t\t<meta property=\"article:modified_time\" content=\"2017-12-11T18:44:55+00:00\" \/>\n\t\t<meta property=\"article:publisher\" content=\"https:\/\/facebook.com\/eldigitaldeasturias\" \/>\n\t\t<meta name=\"twitter:card\" content=\"summary_large_image\" \/>\n\t\t<meta name=\"twitter:title\" content=\"Andaluc\u00eda contar\u00e1 en 2018 con 29 nuevas lanzaderas de empleo - El Digital de Asturias\" \/>\n\t\t<meta name=\"twitter:description\" content=\"El consejero de Empleo, Empresa y Comercio, Javier Carnero; el director del Programa de lanzaderas de empleo en Fundaci\u00f3n Santa Mar\u00eda la Real, \u00c1lvaro Retortillo Osuna; y el director de Relaciones Institucionales de Fundaci\u00f3n Telef\u00f3nica, Joan Cruz, han anunciado la puesta en marcha de 29 nuevas lanzaderas de empleo en Andaluc\u00eda para el a\u00f1o 2018.\" \/>\n\t\t<meta name=\"twitter:image\" content=\"https:\/\/www.eldigitaldeasturias.com\/noticias\/wp-content\/uploads\/2017\/12\/1501759870489LanzaderaVicarAmliacion.jpg\" \/>\n\t\t<meta name=\"twitter:label1\" content=\"Escrito por\" \/>\n\t\t<meta name=\"twitter:data1\" content=\"El Digital de Asturias\" \/>\n\t\t<meta name=\"twitter:label2\" content=\"Tiempo de lectura estimado\" \/>\n\t\t<meta name=\"twitter:data2\" content=\"5 minutos\" \/>\n\t\t<script type=\"application\/ld+json\" class=\"aioseo-schema\">\n\t\t\t{\"@context\":\"https:\\\/\\\/schema.org\",\"@graph\":[{\"@type\":\"BlogPosting\",\"@id\":\"https:\\\/\\\/www.eldigitaldeasturias.com\\\/noticias\\\/andalucia-contara-en-2018-con-29-nuevas-lanzaderas-de-empleo\\\/#blogposting\",\"name\":\"Andaluc\\u00eda contar\\u00e1 en 2018 con 29 nuevas lanzaderas de empleo - El Digital de Asturias\",\"headline\":\"Andaluc\\u00eda contar\\u00e1 en 2018 con 29 nuevas lanzaderas de empleo\",\"author\":{\"@id\":\"https:\\\/\\\/www.eldigitaldeasturias.com\\\/noticias\\\/author\\\/admin\\\/#author\"},\"publisher\":{\"@id\":\"https:\\\/\\\/www.eldigitaldeasturias.com\\\/noticias\\\/#organization\"},\"image\":{\"@type\":\"ImageObject\",\"url\":\"https:\\\/\\\/www.eldigitaldeasturias.com\\\/noticias\\\/wp-content\\\/uploads\\\/2017\\\/12\\\/1501759870489LanzaderaVicarAmliacion.jpg\",\"width\":800,\"height\":600},\"datePublished\":\"2017-12-11T18:44:55+01:00\",\"dateModified\":\"2017-12-11T18:44:55+01:00\",\"inLanguage\":\"es-ES\",\"mainEntityOfPage\":{\"@id\":\"https:\\\/\\\/www.eldigitaldeasturias.com\\\/noticias\\\/andalucia-contara-en-2018-con-29-nuevas-lanzaderas-de-empleo\\\/#webpage\"},\"isPartOf\":{\"@id\":\"https:\\\/\\\/www.eldigitaldeasturias.com\\\/noticias\\\/andalucia-contara-en-2018-con-29-nuevas-lanzaderas-de-empleo\\\/#webpage\"},\"articleSection\":\"Econom\\u00eda\"},{\"@type\":\"BreadcrumbList\",\"@id\":\"https:\\\/\\\/www.eldigitaldeasturias.com\\\/noticias\\\/andalucia-contara-en-2018-con-29-nuevas-lanzaderas-de-empleo\\\/#breadcrumblist\",\"itemListElement\":[{\"@type\":\"ListItem\",\"@id\":\"https:\\\/\\\/www.eldigitaldeasturias.com\\\/noticias#listItem\",\"position\":1,\"name\":\"Home\",\"item\":\"https:\\\/\\\/www.eldigitaldeasturias.com\\\/noticias\",\"nextItem\":{\"@type\":\"ListItem\",\"@id\":\"https:\\\/\\\/www.eldigitaldeasturias.com\\\/noticias\\\/category\\\/economia\\\/#listItem\",\"name\":\"Econom\\u00eda\"}},{\"@type\":\"ListItem\",\"@id\":\"https:\\\/\\\/www.eldigitaldeasturias.com\\\/noticias\\\/category\\\/economia\\\/#listItem\",\"position\":2,\"name\":\"Econom\\u00eda\",\"item\":\"https:\\\/\\\/www.eldigitaldeasturias.com\\\/noticias\\\/category\\\/economia\\\/\",\"nextItem\":{\"@type\":\"ListItem\",\"@id\":\"https:\\\/\\\/www.eldigitaldeasturias.com\\\/noticias\\\/andalucia-contara-en-2018-con-29-nuevas-lanzaderas-de-empleo\\\/#listItem\",\"name\":\"Andaluc\\u00eda contar\\u00e1 en 2018 con 29 nuevas lanzaderas de empleo\"},\"previousItem\":{\"@type\":\"ListItem\",\"@id\":\"https:\\\/\\\/www.eldigitaldeasturias.com\\\/noticias#listItem\",\"name\":\"Home\"}},{\"@type\":\"ListItem\",\"@id\":\"https:\\\/\\\/www.eldigitaldeasturias.com\\\/noticias\\\/andalucia-contara-en-2018-con-29-nuevas-lanzaderas-de-empleo\\\/#listItem\",\"position\":3,\"name\":\"Andaluc\\u00eda contar\\u00e1 en 2018 con 29 nuevas lanzaderas de empleo\",\"previousItem\":{\"@type\":\"ListItem\",\"@id\":\"https:\\\/\\\/www.eldigitaldeasturias.com\\\/noticias\\\/category\\\/economia\\\/#listItem\",\"name\":\"Econom\\u00eda\"}}]},{\"@type\":\"Organization\",\"@id\":\"https:\\\/\\\/www.eldigitaldeasturias.com\\\/noticias\\\/#organization\",\"name\":\"El Digital de Asturias\",\"description\":\"Hemeroteca\",\"url\":\"https:\\\/\\\/www.eldigitaldeasturias.com\\\/noticias\\\/\",\"email\":\"info@eldigitaldeasturias.com\",\"telephone\":\"+34652131393\",\"logo\":{\"@type\":\"ImageObject\",\"url\":\"https:\\\/\\\/www.eldigitaldeasturias.com\\\/noticias\\\/wp-content\\\/uploads\\\/2020\\\/12\\\/EDA.jpg\",\"@id\":\"https:\\\/\\\/www.eldigitaldeasturias.com\\\/noticias\\\/andalucia-contara-en-2018-con-29-nuevas-lanzaderas-de-empleo\\\/#organizationLogo\",\"width\":649,\"height\":297},\"image\":{\"@id\":\"https:\\\/\\\/www.eldigitaldeasturias.com\\\/noticias\\\/andalucia-contara-en-2018-con-29-nuevas-lanzaderas-de-empleo\\\/#organizationLogo\"},\"sameAs\":[\"https:\\\/\\\/facebook.com\\\/eldigitaldeasturias\",\"https:\\\/\\\/www.youtube.com\\\/channel\\\/UCZP-2wLEB9Rv6erhFmqVnvg\"],\"address\":{\"@id\":\"https:\\\/\\\/www.eldigitaldeasturias.com\\\/noticias\\\/#postaladdress\",\"@type\":\"PostalAddress\",\"streetAddress\":\"san antonio 4,\",\"postalCode\":\"33430\",\"addressLocality\":\"Cand\\u00e1s\",\"addressRegion\":\"Asturias\",\"addressCountry\":\"ES\"}},{\"@type\":\"Person\",\"@id\":\"https:\\\/\\\/www.eldigitaldeasturias.com\\\/noticias\\\/author\\\/admin\\\/#author\",\"url\":\"https:\\\/\\\/www.eldigitaldeasturias.com\\\/noticias\\\/author\\\/admin\\\/\",\"name\":\"El Digital de Asturias\",\"image\":{\"@type\":\"ImageObject\",\"@id\":\"https:\\\/\\\/www.eldigitaldeasturias.com\\\/noticias\\\/andalucia-contara-en-2018-con-29-nuevas-lanzaderas-de-empleo\\\/#authorImage\",\"url\":\"https:\\\/\\\/www.eldigitaldeasturias.com\\\/noticias\\\/wp-content\\\/litespeed\\\/avatar\\\/18677e78aa0546b92d9dbf31ec7d7668.jpg?ver=1777290358\",\"width\":96,\"height\":96,\"caption\":\"El Digital de Asturias\"}},{\"@type\":\"WebPage\",\"@id\":\"https:\\\/\\\/www.eldigitaldeasturias.com\\\/noticias\\\/andalucia-contara-en-2018-con-29-nuevas-lanzaderas-de-empleo\\\/#webpage\",\"url\":\"https:\\\/\\\/www.eldigitaldeasturias.com\\\/noticias\\\/andalucia-contara-en-2018-con-29-nuevas-lanzaderas-de-empleo\\\/\",\"name\":\"Andaluc\\u00eda contar\\u00e1 en 2018 con 29 nuevas lanzaderas de empleo - El Digital de Asturias\",\"description\":\"El consejero de Empleo, Empresa y Comercio, Javier Carnero; el director del Programa de lanzaderas de empleo en Fundaci\\u00f3n Santa Mar\\u00eda la Real, \\u00c1lvaro Retortillo Osuna; y el director de Relaciones Institucionales de Fundaci\\u00f3n Telef\\u00f3nica, Joan Cruz, han anunciado la puesta en marcha de 29 nuevas lanzaderas de empleo en Andaluc\\u00eda para el a\\u00f1o 2018.\",\"inLanguage\":\"es-ES\",\"isPartOf\":{\"@id\":\"https:\\\/\\\/www.eldigitaldeasturias.com\\\/noticias\\\/#website\"},\"breadcrumb\":{\"@id\":\"https:\\\/\\\/www.eldigitaldeasturias.com\\\/noticias\\\/andalucia-contara-en-2018-con-29-nuevas-lanzaderas-de-empleo\\\/#breadcrumblist\"},\"author\":{\"@id\":\"https:\\\/\\\/www.eldigitaldeasturias.com\\\/noticias\\\/author\\\/admin\\\/#author\"},\"creator\":{\"@id\":\"https:\\\/\\\/www.eldigitaldeasturias.com\\\/noticias\\\/author\\\/admin\\\/#author\"},\"image\":{\"@type\":\"ImageObject\",\"url\":\"https:\\\/\\\/www.eldigitaldeasturias.com\\\/noticias\\\/wp-content\\\/uploads\\\/2017\\\/12\\\/1501759870489LanzaderaVicarAmliacion.jpg\",\"@id\":\"https:\\\/\\\/www.eldigitaldeasturias.com\\\/noticias\\\/andalucia-contara-en-2018-con-29-nuevas-lanzaderas-de-empleo\\\/#mainImage\",\"width\":800,\"height\":600},\"primaryImageOfPage\":{\"@id\":\"https:\\\/\\\/www.eldigitaldeasturias.com\\\/noticias\\\/andalucia-contara-en-2018-con-29-nuevas-lanzaderas-de-empleo\\\/#mainImage\"},\"datePublished\":\"2017-12-11T18:44:55+01:00\",\"dateModified\":\"2017-12-11T18:44:55+01:00\"},{\"@type\":\"WebSite\",\"@id\":\"https:\\\/\\\/www.eldigitaldeasturias.com\\\/noticias\\\/#website\",\"url\":\"https:\\\/\\\/www.eldigitaldeasturias.com\\\/noticias\\\/\",\"name\":\"El Digital de Asturias - Diario de actualidad y noticias\",\"alternateName\":\"El Digital de Asturias - Diario de actualidad y noticias\",\"description\":\"Hemeroteca\",\"inLanguage\":\"es-ES\",\"publisher\":{\"@id\":\"https:\\\/\\\/www.eldigitaldeasturias.com\\\/noticias\\\/#organization\"}}]}\n\t\t<\/script>\n\t\t<!-- All in One SEO Pro -->\r\n\t\t<title>Andaluc\u00eda contar\u00e1 en 2018 con 29 nuevas lanzaderas de empleo - El Digital de Asturias<\/title>\n\n","aioseo_head_json":{"title":"Andaluc\u00eda contar\u00e1 en 2018 con 29 nuevas lanzaderas de empleo - El Digital de Asturias","description":"El consejero de Empleo, Empresa y Comercio, Javier Carnero; el director del Programa de lanzaderas de empleo en Fundaci\u00f3n Santa Mar\u00eda la Real, \u00c1lvaro Retortillo Osuna; y el director de Relaciones Institucionales de Fundaci\u00f3n Telef\u00f3nica, Joan Cruz, han anunciado la puesta en marcha de 29 nuevas lanzaderas de empleo en Andaluc\u00eda para el a\u00f1o 2018.","canonical_url":"https:\/\/www.eldigitaldeasturias.com\/noticias\/andalucia-contara-en-2018-con-29-nuevas-lanzaderas-de-empleo\/","robots":"max-image-preview:large","keywords":"econom\u00eda","webmasterTools":{"google-site-verification":"UA-38556648-1","msvalidate.01":"7dfe9f3f1b24437ab69f4f2559babe99","miscellaneous":""},"schema":{"@context":"https:\/\/schema.org","@graph":[{"@type":"BlogPosting","@id":"https:\/\/www.eldigitaldeasturias.com\/noticias\/andalucia-contara-en-2018-con-29-nuevas-lanzaderas-de-empleo\/#blogposting","name":"Andaluc\u00eda contar\u00e1 en 2018 con 29 nuevas lanzaderas de empleo - El Digital de Asturias","headline":"Andaluc\u00eda contar\u00e1 en 2018 con 29 nuevas lanzaderas de empleo","author":{"@id":"https:\/\/www.eldigitaldeasturias.com\/noticias\/author\/admin\/#author"},"publisher":{"@id":"https:\/\/www.eldigitaldeasturias.com\/noticias\/#organization"},"image":{"@type":"ImageObject","url":"https:\/\/www.eldigitaldeasturias.com\/noticias\/wp-content\/uploads\/2017\/12\/1501759870489LanzaderaVicarAmliacion.jpg","width":800,"height":600},"datePublished":"2017-12-11T18:44:55+01:00","dateModified":"2017-12-11T18:44:55+01:00","inLanguage":"es-ES","mainEntityOfPage":{"@id":"https:\/\/www.eldigitaldeasturias.com\/noticias\/andalucia-contara-en-2018-con-29-nuevas-lanzaderas-de-empleo\/#webpage"},"isPartOf":{"@id":"https:\/\/www.eldigitaldeasturias.com\/noticias\/andalucia-contara-en-2018-con-29-nuevas-lanzaderas-de-empleo\/#webpage"},"articleSection":"Econom\u00eda"},{"@type":"BreadcrumbList","@id":"https:\/\/www.eldigitaldeasturias.com\/noticias\/andalucia-contara-en-2018-con-29-nuevas-lanzaderas-de-empleo\/#breadcrumblist","itemListElement":[{"@type":"ListItem","@id":"https:\/\/www.eldigitaldeasturias.com\/noticias#listItem","position":1,"name":"Home","item":"https:\/\/www.eldigitaldeasturias.com\/noticias","nextItem":{"@type":"ListItem","@id":"https:\/\/www.eldigitaldeasturias.com\/noticias\/category\/economia\/#listItem","name":"Econom\u00eda"}},{"@type":"ListItem","@id":"https:\/\/www.eldigitaldeasturias.com\/noticias\/category\/economia\/#listItem","position":2,"name":"Econom\u00eda","item":"https:\/\/www.eldigitaldeasturias.com\/noticias\/category\/economia\/","nextItem":{"@type":"ListItem","@id":"https:\/\/www.eldigitaldeasturias.com\/noticias\/andalucia-contara-en-2018-con-29-nuevas-lanzaderas-de-empleo\/#listItem","name":"Andaluc\u00eda contar\u00e1 en 2018 con 29 nuevas lanzaderas de empleo"},"previousItem":{"@type":"ListItem","@id":"https:\/\/www.eldigitaldeasturias.com\/noticias#listItem","name":"Home"}},{"@type":"ListItem","@id":"https:\/\/www.eldigitaldeasturias.com\/noticias\/andalucia-contara-en-2018-con-29-nuevas-lanzaderas-de-empleo\/#listItem","position":3,"name":"Andaluc\u00eda contar\u00e1 en 2018 con 29 nuevas lanzaderas de empleo","previousItem":{"@type":"ListItem","@id":"https:\/\/www.eldigitaldeasturias.com\/noticias\/category\/economia\/#listItem","name":"Econom\u00eda"}}]},{"@type":"Organization","@id":"https:\/\/www.eldigitaldeasturias.com\/noticias\/#organization","name":"El Digital de Asturias","description":"Hemeroteca","url":"https:\/\/www.eldigitaldeasturias.com\/noticias\/","email":"info@eldigitaldeasturias.com","telephone":"+34652131393","logo":{"@type":"ImageObject","url":"https:\/\/www.eldigitaldeasturias.com\/noticias\/wp-content\/uploads\/2020\/12\/EDA.jpg","@id":"https:\/\/www.eldigitaldeasturias.com\/noticias\/andalucia-contara-en-2018-con-29-nuevas-lanzaderas-de-empleo\/#organizationLogo","width":649,"height":297},"image":{"@id":"https:\/\/www.eldigitaldeasturias.com\/noticias\/andalucia-contara-en-2018-con-29-nuevas-lanzaderas-de-empleo\/#organizationLogo"},"sameAs":["https:\/\/facebook.com\/eldigitaldeasturias","https:\/\/www.youtube.com\/channel\/UCZP-2wLEB9Rv6erhFmqVnvg"],"address":{"@id":"https:\/\/www.eldigitaldeasturias.com\/noticias\/#postaladdress","@type":"PostalAddress","streetAddress":"san antonio 4,","postalCode":"33430","addressLocality":"Cand\u00e1s","addressRegion":"Asturias","addressCountry":"ES"}},{"@type":"Person","@id":"https:\/\/www.eldigitaldeasturias.com\/noticias\/author\/admin\/#author","url":"https:\/\/www.eldigitaldeasturias.com\/noticias\/author\/admin\/","name":"El Digital de Asturias","image":{"@type":"ImageObject","@id":"https:\/\/www.eldigitaldeasturias.com\/noticias\/andalucia-contara-en-2018-con-29-nuevas-lanzaderas-de-empleo\/#authorImage","url":"https:\/\/www.eldigitaldeasturias.com\/noticias\/wp-content\/litespeed\/avatar\/18677e78aa0546b92d9dbf31ec7d7668.jpg?ver=1777290358","width":96,"height":96,"caption":"El Digital de Asturias"}},{"@type":"WebPage","@id":"https:\/\/www.eldigitaldeasturias.com\/noticias\/andalucia-contara-en-2018-con-29-nuevas-lanzaderas-de-empleo\/#webpage","url":"https:\/\/www.eldigitaldeasturias.com\/noticias\/andalucia-contara-en-2018-con-29-nuevas-lanzaderas-de-empleo\/","name":"Andaluc\u00eda contar\u00e1 en 2018 con 29 nuevas lanzaderas de empleo - El Digital de Asturias","description":"El consejero de Empleo, Empresa y Comercio, Javier Carnero; el director del Programa de lanzaderas de empleo en Fundaci\u00f3n Santa Mar\u00eda la Real, \u00c1lvaro Retortillo Osuna; y el director de Relaciones Institucionales de Fundaci\u00f3n Telef\u00f3nica, Joan Cruz, han anunciado la puesta en marcha de 29 nuevas lanzaderas de empleo en Andaluc\u00eda para el a\u00f1o 2018.","inLanguage":"es-ES","isPartOf":{"@id":"https:\/\/www.eldigitaldeasturias.com\/noticias\/#website"},"breadcrumb":{"@id":"https:\/\/www.eldigitaldeasturias.com\/noticias\/andalucia-contara-en-2018-con-29-nuevas-lanzaderas-de-empleo\/#breadcrumblist"},"author":{"@id":"https:\/\/www.eldigitaldeasturias.com\/noticias\/author\/admin\/#author"},"creator":{"@id":"https:\/\/www.eldigitaldeasturias.com\/noticias\/author\/admin\/#author"},"image":{"@type":"ImageObject","url":"https:\/\/www.eldigitaldeasturias.com\/noticias\/wp-content\/uploads\/2017\/12\/1501759870489LanzaderaVicarAmliacion.jpg","@id":"https:\/\/www.eldigitaldeasturias.com\/noticias\/andalucia-contara-en-2018-con-29-nuevas-lanzaderas-de-empleo\/#mainImage","width":800,"height":600},"primaryImageOfPage":{"@id":"https:\/\/www.eldigitaldeasturias.com\/noticias\/andalucia-contara-en-2018-con-29-nuevas-lanzaderas-de-empleo\/#mainImage"},"datePublished":"2017-12-11T18:44:55+01:00","dateModified":"2017-12-11T18:44:55+01:00"},{"@type":"WebSite","@id":"https:\/\/www.eldigitaldeasturias.com\/noticias\/#website","url":"https:\/\/www.eldigitaldeasturias.com\/noticias\/","name":"El Digital de Asturias - Diario de actualidad y noticias","alternateName":"El Digital de Asturias - Diario de actualidad y noticias","description":"Hemeroteca","inLanguage":"es-ES","publisher":{"@id":"https:\/\/www.eldigitaldeasturias.com\/noticias\/#organization"}}]},"og:locale":"es_ES","og:site_name":"El Digital de Asturias","og:type":"article","og:title":"Andaluc\u00eda contar\u00e1 en 2018 con 29 nuevas lanzaderas de empleo - El Digital de Asturias","og:description":"El consejero de Empleo, Empresa y Comercio, Javier Carnero; el director del Programa de lanzaderas de empleo en Fundaci\u00f3n Santa Mar\u00eda la Real, \u00c1lvaro Retortillo Osuna; y el director de Relaciones Institucionales de Fundaci\u00f3n Telef\u00f3nica, Joan Cruz, han anunciado la puesta en marcha de 29 nuevas lanzaderas de empleo en Andaluc\u00eda para el a\u00f1o 2018.","og:url":"https:\/\/www.eldigitaldeasturias.com\/noticias\/andalucia-contara-en-2018-con-29-nuevas-lanzaderas-de-empleo\/","og:image":"https:\/\/www.eldigitaldeasturias.com\/noticias\/wp-content\/uploads\/2017\/12\/1501759870489LanzaderaVicarAmliacion.jpg","og:image:secure_url":"https:\/\/www.eldigitaldeasturias.com\/noticias\/wp-content\/uploads\/2017\/12\/1501759870489LanzaderaVicarAmliacion.jpg","og:image:width":800,"og:image:height":600,"article:tag":["econom\u00eda"],"article:published_time":"2017-12-11T18:44:55+00:00","article:modified_time":"2017-12-11T18:44:55+00:00","article:publisher":"https:\/\/facebook.com\/eldigitaldeasturias","twitter:card":"summary_large_image","twitter:title":"Andaluc\u00eda contar\u00e1 en 2018 con 29 nuevas lanzaderas de empleo - El Digital de Asturias","twitter:description":"El consejero de Empleo, Empresa y Comercio, Javier Carnero; el director del Programa de lanzaderas de empleo en Fundaci\u00f3n Santa Mar\u00eda la Real, \u00c1lvaro Retortillo Osuna; y el director de Relaciones Institucionales de Fundaci\u00f3n Telef\u00f3nica, Joan Cruz, han anunciado la puesta en marcha de 29 nuevas lanzaderas de empleo en Andaluc\u00eda para el a\u00f1o 2018.","twitter:image":"https:\/\/www.eldigitaldeasturias.com\/noticias\/wp-content\/uploads\/2017\/12\/1501759870489LanzaderaVicarAmliacion.jpg","twitter:label1":"Escrito por","twitter:data1":"El Digital de Asturias","twitter:label2":"Tiempo de lectura estimado","twitter:data2":"5 minutos"},"aioseo_meta_data":{"post_id":"963033","title":null,"description":null,"keywords":null,"keyphrases":null,"primary_term":null,"canonical_url":null,"og_title":null,"og_description":null,"og_object_type":"default","og_image_type":"default","og_image_url":null,"og_image_width":null,"og_image_height":null,"og_image_custom_url":null,"og_image_custom_fields":null,"og_video":null,"og_custom_url":null,"og_article_section":null,"og_article_tags":null,"twitter_use_og":false,"twitter_card":"default","twitter_image_type":"default","twitter_image_url":null,"twitter_image_custom_url":null,"twitter_image_custom_fields":null,"twitter_title":null,"twitter_description":null,"schema":{"blockGraphs":[],"customGraphs":[],"default":{"data":{"Article":[],"Course":[],"Dataset":[],"FAQPage":[],"Movie":[],"Person":[],"Product":[],"ProductReview":[],"Car":[],"Recipe":[],"Service":[],"SoftwareApplication":[],"WebPage":[]},"graphName":"","isEnabled":true},"graphs":[],"defaultGraph":"","defaultPostTypeGraph":""},"schema_type":null,"schema_type_options":null,"pillar_content":false,"robots_default":true,"robots_noindex":false,"robots_noarchive":false,"robots_nosnippet":false,"robots_nofollow":false,"robots_noimageindex":false,"robots_noodp":false,"robots_notranslate":false,"robots_max_snippet":null,"robots_max_videopreview":null,"robots_max_imagepreview":"large","priority":null,"frequency":null,"local_seo":null,"seo_analyzer_scan_date":"2025-12-07 14:35:07","breadcrumb_settings":null,"limit_modified_date":false,"open_ai":null,"ai":null,"created":"2020-12-21 12:44:41","updated":"2025-12-07 14:35:07"},"aioseo_breadcrumb":"<div class=\"aioseo-breadcrumbs\"><span class=\"aioseo-breadcrumb\">\n\t<a href=\"https:\/\/www.eldigitaldeasturias.com\/noticias\" title=\"Home\">Home<\/a>\n<\/span><span class=\"aioseo-breadcrumb-separator\">\u2013<\/span><span class=\"aioseo-breadcrumb\">\n\t<a href=\"https:\/\/www.eldigitaldeasturias.com\/noticias\/category\/economia\/\" title=\"Econom\u00eda\">Econom\u00eda<\/a>\n<\/span><span class=\"aioseo-breadcrumb-separator\">\u2013<\/span><span class=\"aioseo-breadcrumb\">\n\t<a href=\"https:\/\/www.eldigitaldeasturias.com\/noticias\/andalucia-contara-en-2018-con-29-nuevas-lanzaderas-de-empleo\/\" title=\"Andaluc\u00eda contar\u00e1 en 2018 con 29 nuevas lanzaderas de empleo\">Andaluc\u00eda contar\u00e1 en 2018 con 29 nuevas lanzaderas de empleo<\/a>\n<\/span><\/div>","aioseo_breadcrumb_json":[{"label":"Home","link":"https:\/\/www.eldigitaldeasturias.com\/noticias"},{"label":"Econom\u00eda","link":"https:\/\/www.eldigitaldeasturias.com\/noticias\/category\/economia\/"},{"label":"Andaluc\u00eda contar\u00e1 en 2018 con 29 nuevas lanzaderas de empleo","link":"https:\/\/www.eldigitaldeasturias.com\/noticias\/andalucia-contara-en-2018-con-29-nuevas-lanzaderas-de-empleo\/"}],"_links":{"self":[{"href":"https:\/\/www.eldigitaldeasturias.com\/noticias\/wp-json\/wp\/v2\/posts\/963033","targetHints":{"allow":["GET"]}}],"collection":[{"href":"https:\/\/www.eldigitaldeasturias.com\/noticias\/wp-json\/wp\/v2\/posts"}],"about":[{"href":"https:\/\/www.eldigitaldeasturias.com\/noticias\/wp-json\/wp\/v2\/types\/post"}],"author":[{"embeddable":true,"href":"https:\/\/www.eldigitaldeasturias.com\/noticias\/wp-json\/wp\/v2\/users\/1"}],"replies":[{"embeddable":true,"href":"https:\/\/www.eldigitaldeasturias.com\/noticias\/wp-json\/wp\/v2\/comments?post=963033"}],"version-history":[{"count":0,"href":"https:\/\/www.eldigitaldeasturias.com\/noticias\/wp-json\/wp\/v2\/posts\/963033\/revisions"}],"wp:featuredmedia":[{"embeddable":true,"href":"https:\/\/www.eldigitaldeasturias.com\/noticias\/wp-json\/wp\/v2\/media\/963034"}],"wp:attachment":[{"href":"https:\/\/www.eldigitaldeasturias.com\/noticias\/wp-json\/wp\/v2\/media?parent=963033"}],"wp:term":[{"taxonomy":"category","embeddable":true,"href":"https:\/\/www.eldigitaldeasturias.com\/noticias\/wp-json\/wp\/v2\/categories?post=963033"},{"taxonomy":"post_tag","embeddable":true,"href":"https:\/\/www.eldigitaldeasturias.com\/noticias\/wp-json\/wp\/v2\/tags?post=963033"}],"curies":[{"name":"wp","href":"https:\/\/api.w.org\/{rel}","templated":true}]}}