{"id":963030,"date":"2017-12-11T18:42:06","date_gmt":"2017-12-11T18:42:06","guid":{"rendered":"http:\/\/www.eldigitaldeasturias.com\/noticias\/?p=963030"},"modified":"2017-12-11T18:42:06","modified_gmt":"2017-12-11T18:42:06","slug":"el-rey-felipe-vi-inaugura-el-museo-ibero-de-jaen","status":"publish","type":"post","link":"https:\/\/www.eldigitaldeasturias.com\/noticias\/el-rey-felipe-vi-inaugura-el-museo-ibero-de-jaen\/","title":{"rendered":"El rey Felipe VI inaugura el Museo \u00cdbero de Ja\u00e9n"},"content":{"rendered":"<p><img loading=\"lazy\" decoding=\"async\" class=\"alignleft size-medium wp-image-963031\" src=\"https:\/\/www.eldigitaldeasturias.com\/noticias\/wp-content\/uploads\/2017\/12\/15129986127910DiazIberoAMPL-360x221.jpg\" alt=\"\" width=\"360\" height=\"221\" \/>El rey Felipe VI inaugura hoy el Museo \u00cdbero de Ja\u00e9n, en un acto en el que tambi\u00e9n participa la presidenta de la Junta de Andaluc\u00eda, Susana D\u00edaz. El centro cultural abrir\u00e1 sus puertas al p\u00fablico ma\u00f1ana, martes 12, con un horario ininterrumpido de 9 a 20 horas. El nuevo espacio de la Junta de Andaluc\u00eda tendr\u00e1 el mismo horario que el resto de los museos de la Consejer\u00eda de Cultura, de modo que los domingos, festivos y lunes v\u00edsperas de festivo abrir\u00e1 de 9 a 15 horas y los lunes permanecer\u00e1 cerrado.<\/p>\n<p>El mi\u00e9rcoles 13 de diciembre comenzar\u00e1n las visitas guiadas al Museo \u00cdbero. Habr\u00e1 dos diarias de mi\u00e9rcoles a s\u00e1bados en horario de ma\u00f1ana y tarde y dos m\u00e1s los domingos por la ma\u00f1ana, durante los meses de diciembre y enero. En febrero y marzo, habr\u00e1 visitas los martes y jueves por la tarde, y los mi\u00e9rcoles, viernes, s\u00e1bados y domingos, por la ma\u00f1ana. Adem\u00e1s, habr\u00e1 visitas teatralizadas los d\u00edas 26 y 28 de diciembre, 4, 14 y 20 de enero, y 4, 17, 27 y 28 de febrero, as\u00ed como visitas especializadas para t\u00e9cnicos y con motivo de efem\u00e9rides como el D\u00eda de la Mujer o el D\u00eda de los Monumentos.<\/p>\n<p>El Museo \u00cdbero de Ja\u00e9n tambi\u00e9n pondr\u00e1 en marcha actividades como una yincana \u00edbera y talleres como &#8216;El lobo como animal sagrado&#8217;, &#8216;La mujer ibera&#8217;, &#8216;La muerte en el mundo \u00edbero&#8217;, &#8216;V\u00edstete a la moda \u00edbera&#8217;, &#8216;Los mitos del mundo \u00edbero&#8217;. Tambi\u00e9n habr\u00e1 talleres inclusivos realizados en colaboraci\u00f3n con la ONCE y conferencias como &#8216;Damas\/Diosas&#8217;, impartida por Carmen Rueda (7 marzo) o &#8216;Equinoccio. Arqueoastronom\u00eda y arqueolog\u00eda&#8217; (21 marzo) y el seminario &#8216;Restauraci\u00f3n de la tumba del Cerro de los Vientos&#8217;, impartido por Gustavo P\u00e9rez Pulido (12 de abril).<\/p>\n<p><strong>Exposici\u00f3n inaugural<\/strong><\/p>\n<p>Quienes visiten el Museo \u00cdbero podr\u00e1n disfrutar de la exposici\u00f3n temporal &#8216;La Dama, el Pr\u00edncipe, el H\u00e9roe y la Diosa&#8217;, comisariada por Arturo Ruiz, catedr\u00e1tico de Prehistoria de la Universidad de Ja\u00e9n, y por Manuel Molinos, director del Instituto Universitario de Investigaci\u00f3n en Arqueolog\u00eda Ib\u00e9rica. La muestra, que incluye 352 piezas procedentes de distintos museos andaluces, tiene como objetivo mostrar c\u00f3mo el poder pol\u00edtico \u00edbero se respalda y legitima a trav\u00e9s de la simbolog\u00eda religiosa y heroica. El discurso de la exposici\u00f3n se basa en cuatro im\u00e1genes \u00edberas contextualizadas en sus paisajes f\u00f3siles: la Dama de Cerrillo Blanco (Porcuna), el Pr\u00edncipe, representado en el Guerrero de la doble armadura de Cerrillo Blanco, el H\u00e9roe de El Pajarillo (Huelma) y la Diosa de los Caprinos de Cerrillo Blanco.<\/p>\n","protected":false},"excerpt":{"rendered":"<p>El rey Felipe VI inaugura hoy el Museo \u00cdbero de Ja\u00e9n, en un acto en el que tambi\u00e9n participa la presidenta de la Junta de Andaluc\u00eda, Susana D\u00edaz. El centro cultural abrir\u00e1 sus puertas al p\u00fablico ma\u00f1ana, martes 12, con un horario ininterrumpido de 9 a 20 horas. El nuevo espacio de la Junta de [&hellip;]<\/p>\n","protected":false},"author":1,"featured_media":963031,"comment_status":"closed","ping_status":"closed","sticky":false,"template":"","format":"standard","meta":{"footnotes":""},"categories":[1],"tags":[],"class_list":["post-963030","post","type-post","status-publish","format-standard","has-post-thumbnail","hentry","category-actualidad"],"aioseo_notices":[],"aioseo_head":"\n\t\t<!-- All in One SEO Pro 5.0.1 - aioseo.com -->\n\t<meta name=\"description\" content=\"El rey Felipe VI inaugura hoy el Museo \u00cdbero de Ja\u00e9n, en un acto en el que tambi\u00e9n participa la presidenta de la Junta de Andaluc\u00eda, Susana D\u00edaz. El centro cultural abrir\u00e1 sus puertas al p\u00fablico ma\u00f1ana, martes 12, con un horario ininterrumpido de 9 a 20 horas. El nuevo espacio de la Junta de\" \/>\n\t<meta name=\"robots\" content=\"max-image-preview:large\" \/>\n\t<meta name=\"author\" content=\"El Digital de Asturias\"\/>\n\t<meta name=\"google-site-verification\" content=\"UA-38556648-1\" \/>\n\t<meta name=\"msvalidate.01\" content=\"7dfe9f3f1b24437ab69f4f2559babe99\" \/>\n\t<meta name=\"keywords\" content=\"actualidad\" \/>\n\t<link rel=\"canonical\" href=\"https:\/\/www.eldigitaldeasturias.com\/noticias\/el-rey-felipe-vi-inaugura-el-museo-ibero-de-jaen\/\" \/>\n\t<meta name=\"generator\" content=\"All in One SEO Pro (AIOSEO) 5.0.1\" \/>\n\t\t<meta property=\"og:locale\" content=\"es_ES\" \/>\n\t\t<meta property=\"og:site_name\" content=\"El Digital de Asturias\" \/>\n\t\t<meta property=\"og:type\" content=\"article\" \/>\n\t\t<meta property=\"og:title\" content=\"El rey Felipe VI inaugura el Museo \u00cdbero de Ja\u00e9n - El Digital de Asturias\" \/>\n\t\t<meta property=\"og:description\" content=\"El rey Felipe VI inaugura hoy el Museo \u00cdbero de Ja\u00e9n, en un acto en el que tambi\u00e9n participa la presidenta de la Junta de Andaluc\u00eda, Susana D\u00edaz. El centro cultural abrir\u00e1 sus puertas al p\u00fablico ma\u00f1ana, martes 12, con un horario ininterrumpido de 9 a 20 horas. El nuevo espacio de la Junta de\" \/>\n\t\t<meta property=\"og:url\" content=\"https:\/\/www.eldigitaldeasturias.com\/noticias\/el-rey-felipe-vi-inaugura-el-museo-ibero-de-jaen\/\" \/>\n\t\t<meta property=\"article:tag\" content=\"actualidad\" \/>\n\t\t<meta property=\"article:published_time\" content=\"2017-12-11T18:42:06+00:00\" \/>\n\t\t<meta property=\"article:modified_time\" content=\"2017-12-11T18:42:06+00:00\" \/>\n\t\t<meta property=\"article:publisher\" content=\"https:\/\/facebook.com\/eldigitaldeasturias\" \/>\n\t\t<meta name=\"twitter:card\" content=\"summary_large_image\" \/>\n\t\t<meta name=\"twitter:title\" content=\"El rey Felipe VI inaugura el Museo \u00cdbero de Ja\u00e9n - El Digital de Asturias\" \/>\n\t\t<meta name=\"twitter:description\" content=\"El rey Felipe VI inaugura hoy el Museo \u00cdbero de Ja\u00e9n, en un acto en el que tambi\u00e9n participa la presidenta de la Junta de Andaluc\u00eda, Susana D\u00edaz. El centro cultural abrir\u00e1 sus puertas al p\u00fablico ma\u00f1ana, martes 12, con un horario ininterrumpido de 9 a 20 horas. El nuevo espacio de la Junta de\" \/>\n\t\t<meta name=\"twitter:image\" content=\"https:\/\/www.eldigitaldeasturias.com\/noticias\/wp-content\/uploads\/2020\/12\/EDA-1.jpg\" \/>\n\t\t<meta name=\"twitter:label1\" content=\"Escrito por\" \/>\n\t\t<meta name=\"twitter:data1\" content=\"El Digital de Asturias\" \/>\n\t\t<meta name=\"twitter:label2\" content=\"Tiempo de lectura estimado\" \/>\n\t\t<meta name=\"twitter:data2\" content=\"2 minutos\" \/>\n\t\t<script type=\"application\/ld+json\" class=\"aioseo-schema\">\n\t\t\t{\"@context\":\"https:\\\/\\\/schema.org\",\"@graph\":[{\"@type\":\"BlogPosting\",\"@id\":\"https:\\\/\\\/www.eldigitaldeasturias.com\\\/noticias\\\/el-rey-felipe-vi-inaugura-el-museo-ibero-de-jaen\\\/#blogposting\",\"name\":\"El rey Felipe VI inaugura el Museo \\u00cdbero de Ja\\u00e9n - El Digital de Asturias\",\"headline\":\"El rey Felipe VI inaugura el Museo \\u00cdbero de Ja\\u00e9n\",\"author\":{\"@id\":\"https:\\\/\\\/www.eldigitaldeasturias.com\\\/noticias\\\/author\\\/admin\\\/#author\"},\"publisher\":{\"@id\":\"https:\\\/\\\/www.eldigitaldeasturias.com\\\/noticias\\\/#organization\"},\"image\":{\"@type\":\"ImageObject\",\"url\":963031},\"datePublished\":\"2017-12-11T18:42:06+01:00\",\"dateModified\":\"2017-12-11T18:42:06+01:00\",\"inLanguage\":\"es-ES\",\"mainEntityOfPage\":{\"@id\":\"https:\\\/\\\/www.eldigitaldeasturias.com\\\/noticias\\\/el-rey-felipe-vi-inaugura-el-museo-ibero-de-jaen\\\/#webpage\"},\"isPartOf\":{\"@id\":\"https:\\\/\\\/www.eldigitaldeasturias.com\\\/noticias\\\/el-rey-felipe-vi-inaugura-el-museo-ibero-de-jaen\\\/#webpage\"},\"articleSection\":\"Actualidad\"},{\"@type\":\"BreadcrumbList\",\"@id\":\"https:\\\/\\\/www.eldigitaldeasturias.com\\\/noticias\\\/el-rey-felipe-vi-inaugura-el-museo-ibero-de-jaen\\\/#breadcrumblist\",\"itemListElement\":[{\"@type\":\"ListItem\",\"@id\":\"https:\\\/\\\/www.eldigitaldeasturias.com\\\/noticias#listItem\",\"position\":1,\"name\":\"Home\",\"item\":\"https:\\\/\\\/www.eldigitaldeasturias.com\\\/noticias\",\"nextItem\":{\"@type\":\"ListItem\",\"@id\":\"https:\\\/\\\/www.eldigitaldeasturias.com\\\/noticias\\\/category\\\/actualidad\\\/#listItem\",\"name\":\"Actualidad\"}},{\"@type\":\"ListItem\",\"@id\":\"https:\\\/\\\/www.eldigitaldeasturias.com\\\/noticias\\\/category\\\/actualidad\\\/#listItem\",\"position\":2,\"name\":\"Actualidad\",\"item\":\"https:\\\/\\\/www.eldigitaldeasturias.com\\\/noticias\\\/category\\\/actualidad\\\/\",\"nextItem\":{\"@type\":\"ListItem\",\"@id\":\"https:\\\/\\\/www.eldigitaldeasturias.com\\\/noticias\\\/el-rey-felipe-vi-inaugura-el-museo-ibero-de-jaen\\\/#listItem\",\"name\":\"El rey Felipe VI inaugura el Museo \\u00cdbero de Ja\\u00e9n\"},\"previousItem\":{\"@type\":\"ListItem\",\"@id\":\"https:\\\/\\\/www.eldigitaldeasturias.com\\\/noticias#listItem\",\"name\":\"Home\"}},{\"@type\":\"ListItem\",\"@id\":\"https:\\\/\\\/www.eldigitaldeasturias.com\\\/noticias\\\/el-rey-felipe-vi-inaugura-el-museo-ibero-de-jaen\\\/#listItem\",\"position\":3,\"name\":\"El rey Felipe VI inaugura el Museo \\u00cdbero de Ja\\u00e9n\",\"previousItem\":{\"@type\":\"ListItem\",\"@id\":\"https:\\\/\\\/www.eldigitaldeasturias.com\\\/noticias\\\/category\\\/actualidad\\\/#listItem\",\"name\":\"Actualidad\"}}]},{\"@type\":\"Organization\",\"@id\":\"https:\\\/\\\/www.eldigitaldeasturias.com\\\/noticias\\\/#organization\",\"name\":\"El Digital de Asturias\",\"description\":\"Hemeroteca\",\"url\":\"https:\\\/\\\/www.eldigitaldeasturias.com\\\/noticias\\\/\",\"email\":\"info@eldigitaldeasturias.com\",\"telephone\":\"+34652131393\",\"logo\":{\"@type\":\"ImageObject\",\"url\":\"https:\\\/\\\/www.eldigitaldeasturias.com\\\/noticias\\\/wp-content\\\/uploads\\\/2020\\\/12\\\/EDA.jpg\",\"@id\":\"https:\\\/\\\/www.eldigitaldeasturias.com\\\/noticias\\\/el-rey-felipe-vi-inaugura-el-museo-ibero-de-jaen\\\/#organizationLogo\"},\"image\":{\"@id\":\"https:\\\/\\\/www.eldigitaldeasturias.com\\\/noticias\\\/el-rey-felipe-vi-inaugura-el-museo-ibero-de-jaen\\\/#organizationLogo\"},\"sameAs\":[\"https:\\\/\\\/facebook.com\\\/eldigitaldeasturias\",\"https:\\\/\\\/www.youtube.com\\\/channel\\\/UCZP-2wLEB9Rv6erhFmqVnvg\"],\"address\":{\"@id\":\"https:\\\/\\\/www.eldigitaldeasturias.com\\\/noticias\\\/#postaladdress\",\"@type\":\"PostalAddress\",\"streetAddress\":\"san antonio 4\",\"postalCode\":\"33430\",\"addressLocality\":\"Cand\\u00e1s\",\"addressRegion\":\"Asturias\",\"addressCountry\":\"ES\"}},{\"@type\":\"Person\",\"@id\":\"https:\\\/\\\/www.eldigitaldeasturias.com\\\/noticias\\\/author\\\/admin\\\/#author\",\"url\":\"https:\\\/\\\/www.eldigitaldeasturias.com\\\/noticias\\\/author\\\/admin\\\/\",\"name\":\"El Digital de Asturias\",\"image\":{\"@type\":\"ImageObject\",\"@id\":\"https:\\\/\\\/www.eldigitaldeasturias.com\\\/noticias\\\/el-rey-felipe-vi-inaugura-el-museo-ibero-de-jaen\\\/#authorImage\",\"url\":\"https:\\\/\\\/secure.gravatar.com\\\/avatar\\\/df2aeffc32bcd13f8d26072ef8a91b623d677766deac7f97ca815868cd41bf5e?s=96&d=mm&r=g\",\"width\":96,\"height\":96,\"caption\":\"El Digital de Asturias\"}},{\"@type\":\"WebPage\",\"@id\":\"https:\\\/\\\/www.eldigitaldeasturias.com\\\/noticias\\\/el-rey-felipe-vi-inaugura-el-museo-ibero-de-jaen\\\/#webpage\",\"url\":\"https:\\\/\\\/www.eldigitaldeasturias.com\\\/noticias\\\/el-rey-felipe-vi-inaugura-el-museo-ibero-de-jaen\\\/\",\"name\":\"El rey Felipe VI inaugura el Museo \\u00cdbero de Ja\\u00e9n - El Digital de Asturias\",\"description\":\"El rey Felipe VI inaugura hoy el Museo \\u00cdbero de Ja\\u00e9n, en un acto en el que tambi\\u00e9n participa la presidenta de la Junta de Andaluc\\u00eda, Susana D\\u00edaz. El centro cultural abrir\\u00e1 sus puertas al p\\u00fablico ma\\u00f1ana, martes 12, con un horario ininterrumpido de 9 a 20 horas. El nuevo espacio de la Junta de\",\"inLanguage\":\"es-ES\",\"isPartOf\":{\"@id\":\"https:\\\/\\\/www.eldigitaldeasturias.com\\\/noticias\\\/#website\"},\"breadcrumb\":{\"@id\":\"https:\\\/\\\/www.eldigitaldeasturias.com\\\/noticias\\\/el-rey-felipe-vi-inaugura-el-museo-ibero-de-jaen\\\/#breadcrumblist\"},\"author\":{\"@id\":\"https:\\\/\\\/www.eldigitaldeasturias.com\\\/noticias\\\/author\\\/admin\\\/#author\"},\"creator\":{\"@id\":\"https:\\\/\\\/www.eldigitaldeasturias.com\\\/noticias\\\/author\\\/admin\\\/#author\"},\"image\":{\"@type\":\"ImageObject\",\"url\":963031,\"@id\":\"https:\\\/\\\/www.eldigitaldeasturias.com\\\/noticias\\\/el-rey-felipe-vi-inaugura-el-museo-ibero-de-jaen\\\/#mainImage\"},\"primaryImageOfPage\":{\"@id\":\"https:\\\/\\\/www.eldigitaldeasturias.com\\\/noticias\\\/el-rey-felipe-vi-inaugura-el-museo-ibero-de-jaen\\\/#mainImage\"},\"datePublished\":\"2017-12-11T18:42:06+01:00\",\"dateModified\":\"2017-12-11T18:42:06+01:00\"},{\"@type\":\"WebSite\",\"@id\":\"https:\\\/\\\/www.eldigitaldeasturias.com\\\/noticias\\\/#website\",\"url\":\"https:\\\/\\\/www.eldigitaldeasturias.com\\\/noticias\\\/\",\"name\":\"El Digital de Asturias - Diario de actualidad y noticias\",\"alternateName\":\"El Digital de Asturias - Diario de actualidad y noticias\",\"description\":\"Hemeroteca\",\"inLanguage\":\"es-ES\",\"publisher\":{\"@id\":\"https:\\\/\\\/www.eldigitaldeasturias.com\\\/noticias\\\/#organization\"}}]}\n\t\t<\/script>\n\t\t<!-- All in One SEO Pro -->\r\n\t\t<title>El rey Felipe VI inaugura el Museo \u00cdbero de Ja\u00e9n - El Digital de Asturias<\/title>\n\n","aioseo_head_json":{"title":"El rey Felipe VI inaugura el Museo \u00cdbero de Ja\u00e9n - El Digital de Asturias","description":"El rey Felipe VI inaugura hoy el Museo \u00cdbero de Ja\u00e9n, en un acto en el que tambi\u00e9n participa la presidenta de la Junta de Andaluc\u00eda, Susana D\u00edaz. El centro cultural abrir\u00e1 sus puertas al p\u00fablico ma\u00f1ana, martes 12, con un horario ininterrumpido de 9 a 20 horas. El nuevo espacio de la Junta de","canonical_url":"https:\/\/www.eldigitaldeasturias.com\/noticias\/el-rey-felipe-vi-inaugura-el-museo-ibero-de-jaen\/","robots":"max-image-preview:large","keywords":"actualidad","webmasterTools":{"google-site-verification":"UA-38556648-1","msvalidate.01":"7dfe9f3f1b24437ab69f4f2559babe99","miscellaneous":""},"schema":{"@context":"https:\/\/schema.org","@graph":[{"@type":"BlogPosting","@id":"https:\/\/www.eldigitaldeasturias.com\/noticias\/el-rey-felipe-vi-inaugura-el-museo-ibero-de-jaen\/#blogposting","name":"El rey Felipe VI inaugura el Museo \u00cdbero de Ja\u00e9n - El Digital de Asturias","headline":"El rey Felipe VI inaugura el Museo \u00cdbero de Ja\u00e9n","author":{"@id":"https:\/\/www.eldigitaldeasturias.com\/noticias\/author\/admin\/#author"},"publisher":{"@id":"https:\/\/www.eldigitaldeasturias.com\/noticias\/#organization"},"image":{"@type":"ImageObject","url":963031},"datePublished":"2017-12-11T18:42:06+01:00","dateModified":"2017-12-11T18:42:06+01:00","inLanguage":"es-ES","mainEntityOfPage":{"@id":"https:\/\/www.eldigitaldeasturias.com\/noticias\/el-rey-felipe-vi-inaugura-el-museo-ibero-de-jaen\/#webpage"},"isPartOf":{"@id":"https:\/\/www.eldigitaldeasturias.com\/noticias\/el-rey-felipe-vi-inaugura-el-museo-ibero-de-jaen\/#webpage"},"articleSection":"Actualidad"},{"@type":"BreadcrumbList","@id":"https:\/\/www.eldigitaldeasturias.com\/noticias\/el-rey-felipe-vi-inaugura-el-museo-ibero-de-jaen\/#breadcrumblist","itemListElement":[{"@type":"ListItem","@id":"https:\/\/www.eldigitaldeasturias.com\/noticias#listItem","position":1,"name":"Home","item":"https:\/\/www.eldigitaldeasturias.com\/noticias","nextItem":{"@type":"ListItem","@id":"https:\/\/www.eldigitaldeasturias.com\/noticias\/category\/actualidad\/#listItem","name":"Actualidad"}},{"@type":"ListItem","@id":"https:\/\/www.eldigitaldeasturias.com\/noticias\/category\/actualidad\/#listItem","position":2,"name":"Actualidad","item":"https:\/\/www.eldigitaldeasturias.com\/noticias\/category\/actualidad\/","nextItem":{"@type":"ListItem","@id":"https:\/\/www.eldigitaldeasturias.com\/noticias\/el-rey-felipe-vi-inaugura-el-museo-ibero-de-jaen\/#listItem","name":"El rey Felipe VI inaugura el Museo \u00cdbero de Ja\u00e9n"},"previousItem":{"@type":"ListItem","@id":"https:\/\/www.eldigitaldeasturias.com\/noticias#listItem","name":"Home"}},{"@type":"ListItem","@id":"https:\/\/www.eldigitaldeasturias.com\/noticias\/el-rey-felipe-vi-inaugura-el-museo-ibero-de-jaen\/#listItem","position":3,"name":"El rey Felipe VI inaugura el Museo \u00cdbero de Ja\u00e9n","previousItem":{"@type":"ListItem","@id":"https:\/\/www.eldigitaldeasturias.com\/noticias\/category\/actualidad\/#listItem","name":"Actualidad"}}]},{"@type":"Organization","@id":"https:\/\/www.eldigitaldeasturias.com\/noticias\/#organization","name":"El Digital de Asturias","description":"Hemeroteca","url":"https:\/\/www.eldigitaldeasturias.com\/noticias\/","email":"info@eldigitaldeasturias.com","telephone":"+34652131393","logo":{"@type":"ImageObject","url":"https:\/\/www.eldigitaldeasturias.com\/noticias\/wp-content\/uploads\/2020\/12\/EDA.jpg","@id":"https:\/\/www.eldigitaldeasturias.com\/noticias\/el-rey-felipe-vi-inaugura-el-museo-ibero-de-jaen\/#organizationLogo"},"image":{"@id":"https:\/\/www.eldigitaldeasturias.com\/noticias\/el-rey-felipe-vi-inaugura-el-museo-ibero-de-jaen\/#organizationLogo"},"sameAs":["https:\/\/facebook.com\/eldigitaldeasturias","https:\/\/www.youtube.com\/channel\/UCZP-2wLEB9Rv6erhFmqVnvg"],"address":{"@id":"https:\/\/www.eldigitaldeasturias.com\/noticias\/#postaladdress","@type":"PostalAddress","streetAddress":"san antonio 4","postalCode":"33430","addressLocality":"Cand\u00e1s","addressRegion":"Asturias","addressCountry":"ES"}},{"@type":"Person","@id":"https:\/\/www.eldigitaldeasturias.com\/noticias\/author\/admin\/#author","url":"https:\/\/www.eldigitaldeasturias.com\/noticias\/author\/admin\/","name":"El Digital de Asturias","image":{"@type":"ImageObject","@id":"https:\/\/www.eldigitaldeasturias.com\/noticias\/el-rey-felipe-vi-inaugura-el-museo-ibero-de-jaen\/#authorImage","url":"https:\/\/secure.gravatar.com\/avatar\/df2aeffc32bcd13f8d26072ef8a91b623d677766deac7f97ca815868cd41bf5e?s=96&d=mm&r=g","width":96,"height":96,"caption":"El Digital de Asturias"}},{"@type":"WebPage","@id":"https:\/\/www.eldigitaldeasturias.com\/noticias\/el-rey-felipe-vi-inaugura-el-museo-ibero-de-jaen\/#webpage","url":"https:\/\/www.eldigitaldeasturias.com\/noticias\/el-rey-felipe-vi-inaugura-el-museo-ibero-de-jaen\/","name":"El rey Felipe VI inaugura el Museo \u00cdbero de Ja\u00e9n - El Digital de Asturias","description":"El rey Felipe VI inaugura hoy el Museo \u00cdbero de Ja\u00e9n, en un acto en el que tambi\u00e9n participa la presidenta de la Junta de Andaluc\u00eda, Susana D\u00edaz. El centro cultural abrir\u00e1 sus puertas al p\u00fablico ma\u00f1ana, martes 12, con un horario ininterrumpido de 9 a 20 horas. El nuevo espacio de la Junta de","inLanguage":"es-ES","isPartOf":{"@id":"https:\/\/www.eldigitaldeasturias.com\/noticias\/#website"},"breadcrumb":{"@id":"https:\/\/www.eldigitaldeasturias.com\/noticias\/el-rey-felipe-vi-inaugura-el-museo-ibero-de-jaen\/#breadcrumblist"},"author":{"@id":"https:\/\/www.eldigitaldeasturias.com\/noticias\/author\/admin\/#author"},"creator":{"@id":"https:\/\/www.eldigitaldeasturias.com\/noticias\/author\/admin\/#author"},"image":{"@type":"ImageObject","url":963031,"@id":"https:\/\/www.eldigitaldeasturias.com\/noticias\/el-rey-felipe-vi-inaugura-el-museo-ibero-de-jaen\/#mainImage"},"primaryImageOfPage":{"@id":"https:\/\/www.eldigitaldeasturias.com\/noticias\/el-rey-felipe-vi-inaugura-el-museo-ibero-de-jaen\/#mainImage"},"datePublished":"2017-12-11T18:42:06+01:00","dateModified":"2017-12-11T18:42:06+01:00"},{"@type":"WebSite","@id":"https:\/\/www.eldigitaldeasturias.com\/noticias\/#website","url":"https:\/\/www.eldigitaldeasturias.com\/noticias\/","name":"El Digital de Asturias - Diario de actualidad y noticias","alternateName":"El Digital de Asturias - Diario de actualidad y noticias","description":"Hemeroteca","inLanguage":"es-ES","publisher":{"@id":"https:\/\/www.eldigitaldeasturias.com\/noticias\/#organization"}}]},"og:locale":"es_ES","og:site_name":"El Digital de Asturias","og:type":"article","og:title":"El rey Felipe VI inaugura el Museo \u00cdbero de Ja\u00e9n - El Digital de Asturias","og:description":"El rey Felipe VI inaugura hoy el Museo \u00cdbero de Ja\u00e9n, en un acto en el que tambi\u00e9n participa la presidenta de la Junta de Andaluc\u00eda, Susana D\u00edaz. El centro cultural abrir\u00e1 sus puertas al p\u00fablico ma\u00f1ana, martes 12, con un horario ininterrumpido de 9 a 20 horas. El nuevo espacio de la Junta de","og:url":"https:\/\/www.eldigitaldeasturias.com\/noticias\/el-rey-felipe-vi-inaugura-el-museo-ibero-de-jaen\/","article:tag":["actualidad"],"article:published_time":"2017-12-11T18:42:06+00:00","article:modified_time":"2017-12-11T18:42:06+00:00","article:publisher":"https:\/\/facebook.com\/eldigitaldeasturias","twitter:card":"summary_large_image","twitter:title":"El rey Felipe VI inaugura el Museo \u00cdbero de Ja\u00e9n - El Digital de Asturias","twitter:description":"El rey Felipe VI inaugura hoy el Museo \u00cdbero de Ja\u00e9n, en un acto en el que tambi\u00e9n participa la presidenta de la Junta de Andaluc\u00eda, Susana D\u00edaz. El centro cultural abrir\u00e1 sus puertas al p\u00fablico ma\u00f1ana, martes 12, con un horario ininterrumpido de 9 a 20 horas. El nuevo espacio de la Junta de","twitter:image":"https:\/\/www.eldigitaldeasturias.com\/noticias\/wp-content\/uploads\/2020\/12\/EDA-1.jpg","twitter:label1":"Escrito por","twitter:data1":"El Digital de Asturias","twitter:label2":"Tiempo de lectura estimado","twitter:data2":"2 minutos"},"aioseo_meta_data":{"post_id":"963030","title":null,"description":null,"keywords":null,"keyphrases":null,"primary_term":null,"canonical_url":null,"og_title":null,"og_description":null,"og_object_type":"default","og_image_type":"default","og_image_url":null,"og_image_width":null,"og_image_height":null,"og_image_custom_url":null,"og_image_custom_fields":null,"og_video":null,"og_custom_url":null,"og_article_section":null,"og_article_tags":null,"twitter_use_og":false,"twitter_card":"default","twitter_image_type":"default","twitter_image_url":null,"twitter_image_custom_url":null,"twitter_image_custom_fields":null,"twitter_title":null,"twitter_description":null,"schema":{"blockGraphs":[],"customGraphs":[],"default":{"data":{"Article":[],"Course":[],"Dataset":[],"FAQPage":[],"Movie":[],"Person":[],"Product":[],"ProductReview":[],"Car":[],"Recipe":[],"Service":[],"SoftwareApplication":[],"WebPage":[]},"graphName":"","isEnabled":true},"graphs":[],"defaultGraph":"","defaultPostTypeGraph":""},"schema_type":null,"schema_type_options":null,"pillar_content":false,"robots_default":true,"robots_noindex":false,"robots_noarchive":false,"robots_nosnippet":false,"robots_nofollow":false,"robots_noimageindex":false,"robots_noodp":false,"robots_notranslate":false,"robots_max_snippet":null,"robots_max_videopreview":null,"robots_max_imagepreview":"large","priority":null,"frequency":null,"local_seo":null,"seo_analyzer_scan_date":"2025-12-07 14:35:07","breadcrumb_settings":null,"limit_modified_date":false,"open_ai":null,"ai":null,"created":"2020-12-21 12:44:41","updated":"2025-12-07 14:35:07","focus_keyword":null,"additional_keywords":null,"truseo_locale":null},"aioseo_breadcrumb":"<div class=\"aioseo-breadcrumbs\"><span class=\"aioseo-breadcrumb\">\n\t<a href=\"https:\/\/www.eldigitaldeasturias.com\/noticias\" title=\"Home\">Home<\/a>\n<\/span><span class=\"aioseo-breadcrumb-separator\">\u2013<\/span><span class=\"aioseo-breadcrumb\">\n\t<a href=\"https:\/\/www.eldigitaldeasturias.com\/noticias\/category\/actualidad\/\" title=\"Actualidad\">Actualidad<\/a>\n<\/span><span class=\"aioseo-breadcrumb-separator\">\u2013<\/span><span class=\"aioseo-breadcrumb\">\n\t<a href=\"https:\/\/www.eldigitaldeasturias.com\/noticias\/el-rey-felipe-vi-inaugura-el-museo-ibero-de-jaen\/\" title=\"El rey Felipe VI inaugura el Museo \u00cdbero de Ja\u00e9n\">El rey Felipe VI inaugura el Museo \u00cdbero de Ja\u00e9n<\/a>\n<\/span><\/div>","aioseo_breadcrumb_json":[{"label":"Home","link":"https:\/\/www.eldigitaldeasturias.com\/noticias"},{"label":"Actualidad","link":"https:\/\/www.eldigitaldeasturias.com\/noticias\/category\/actualidad\/"},{"label":"El rey Felipe VI inaugura el Museo \u00cdbero de Ja\u00e9n","link":"https:\/\/www.eldigitaldeasturias.com\/noticias\/el-rey-felipe-vi-inaugura-el-museo-ibero-de-jaen\/"}],"_links":{"self":[{"href":"https:\/\/www.eldigitaldeasturias.com\/noticias\/wp-json\/wp\/v2\/posts\/963030","targetHints":{"allow":["GET"]}}],"collection":[{"href":"https:\/\/www.eldigitaldeasturias.com\/noticias\/wp-json\/wp\/v2\/posts"}],"about":[{"href":"https:\/\/www.eldigitaldeasturias.com\/noticias\/wp-json\/wp\/v2\/types\/post"}],"author":[{"embeddable":true,"href":"https:\/\/www.eldigitaldeasturias.com\/noticias\/wp-json\/wp\/v2\/users\/1"}],"replies":[{"embeddable":true,"href":"https:\/\/www.eldigitaldeasturias.com\/noticias\/wp-json\/wp\/v2\/comments?post=963030"}],"version-history":[{"count":0,"href":"https:\/\/www.eldigitaldeasturias.com\/noticias\/wp-json\/wp\/v2\/posts\/963030\/revisions"}],"wp:attachment":[{"href":"https:\/\/www.eldigitaldeasturias.com\/noticias\/wp-json\/wp\/v2\/media?parent=963030"}],"wp:term":[{"taxonomy":"category","embeddable":true,"href":"https:\/\/www.eldigitaldeasturias.com\/noticias\/wp-json\/wp\/v2\/categories?post=963030"},{"taxonomy":"post_tag","embeddable":true,"href":"https:\/\/www.eldigitaldeasturias.com\/noticias\/wp-json\/wp\/v2\/tags?post=963030"}],"curies":[{"name":"wp","href":"https:\/\/api.w.org\/{rel}","templated":true}]}}