{"id":963009,"date":"2017-12-11T16:28:54","date_gmt":"2017-12-11T16:28:54","guid":{"rendered":"http:\/\/www.eldigitaldeasturias.com\/noticias\/?p=963009"},"modified":"2017-12-11T16:28:54","modified_gmt":"2017-12-11T16:28:54","slug":"una-renta-vitalicia-y-a-vivir","status":"publish","type":"post","link":"https:\/\/www.eldigitaldeasturias.com\/noticias\/una-renta-vitalicia-y-a-vivir\/","title":{"rendered":"Una renta vitalicia y a vivir"},"content":{"rendered":"<p><img loading=\"lazy\" decoding=\"async\" class=\"alignleft size-medium wp-image-963010\" src=\"https:\/\/www.eldigitaldeasturias.com\/noticias\/wp-content\/uploads\/2017\/12\/1512679560_renta_vitalicia_inmobiliaria-360x153.jpg\" alt=\"\" width=\"360\" height=\"153\" srcset=\"https:\/\/www.eldigitaldeasturias.com\/noticias\/wp-content\/uploads\/2017\/12\/1512679560_renta_vitalicia_inmobiliaria-360x153.jpg 360w, https:\/\/www.eldigitaldeasturias.com\/noticias\/wp-content\/uploads\/2017\/12\/1512679560_renta_vitalicia_inmobiliaria-768x326.jpg 768w, https:\/\/www.eldigitaldeasturias.com\/noticias\/wp-content\/uploads\/2017\/12\/1512679560_renta_vitalicia_inmobiliaria-650x276.jpg 650w, https:\/\/www.eldigitaldeasturias.com\/noticias\/wp-content\/uploads\/2017\/12\/1512679560_renta_vitalicia_inmobiliaria.jpg 1238w\" sizes=\"auto, (max-width: 360px) 100vw, 360px\" \/>Bajo el eslogan \u201cuna renta vitalicia y a vivir\u201d la empresa Gesti\u00f3n Vitalicio Vivienda (GVV) presenta su producto estrella destinado a personas mayores de 65 a\u00f1os, la\u00a0<a dir=\"ltr\" href=\"http:\/\/www.gvv.es\/renta-vitalicia\" target=\"_blank\" rel=\"noopener\"><span style=\"color: #ff6600;\"><strong>renta vitalicia inmobiliaria<\/strong><\/span><\/a>.<\/p>\n<p>La\u00a0<strong>renta vitalicia inmobiliaria<\/strong>\u00a0permite a todas aquellas personas con m\u00e1s de 65 a\u00f1os y propietarias de un inmueble disfrutar del usufructo de su propiedad en vida. Este producto financiero consiste en ceder la nuda propiedad de la vivienda a un inversor.<\/p>\n<p><iframe loading=\"lazy\" src=\"https:\/\/www.youtube.com\/embed\/RS3zfHZP47Y\" width=\"650\" height=\"453\" frameborder=\"0\" allowfullscreen=\"allowfullscreen\"><span data-mce-type=\"bookmark\" style=\"display: inline-block; width: 0px; overflow: hidden; line-height: 0;\" class=\"mce_SELRES_start\">\ufeff<\/span><span data-mce-type=\"bookmark\" style=\"display: inline-block; width: 0px; overflow: hidden; line-height: 0;\" class=\"mce_SELRES_start\">\ufeff<\/span><\/iframe><\/p>\n<p>El inversor adquiere el compromiso de por vida con el propietario o propietarios a pagar una cantidad fija mensual y, en algunos casos, el desembolso de una cantidad fija en el momento de la firma. Asimismo cualquier derrama extraordinaria de la comunidad de propietarios correr\u00eda a cargo de \u00e9ste.<\/p>\n<p>Los propietarios de la vivienda no pierden el derecho seguir disfrutando de su propiedad pudiendo, por ejemplo, alquilarla y recibir su renta vitalicia m\u00e1s el dinero del alquiler.<\/p>\n<p>GVV es una de las empresas pioneras en el pa\u00eds en ofrecer estos servicios desde al a\u00f1o 1998. En estos m\u00e1s de 15 a\u00f1os en el sector lleva ofreciendo en Barcelona y Madrid este servicio con las mayores garant\u00edas para sus clientes. La empresa cuenta con el respaldo de Generali Seguros y una amplia cartera de inversores de gran solvencia.<\/p>\n<p><strong>\u00bfQu\u00e9 garant\u00edas ofrece la renta vitalicia de GVV?\u00a0<\/strong><\/p>\n<p>Actualmente GVV ofrece unas muy buenas garant\u00edas. Existen don maneras de contratar este producto: mediante Generali Seguros o con Fondos de Inversi\u00f3n. En los dos casos las garant\u00edas son inmejorables.<\/p>\n<p>Si la operaci\u00f3n se lleva a cabo por Fondos de Inversi\u00f3n existe una condici\u00f3n resolutoria mediante la cual en caso de impago de tres mensualidades consecutivas o alternas el propietario recupera la propiedad de forma inmediata.<\/p>\n<p>Si el producto es avalado por Generali Seguros las operaciones vienen garantizadas por la Direcci\u00f3n General de Seguros, organismo p\u00fablico dependiente de la administraci\u00f3n.<\/p>\n<p><strong>\u00bfQu\u00e9 impuestos u obligaciones fiscales conlleva contratar una renta vitalicia?<\/strong><\/p>\n<p>La contrataci\u00f3n de la Renta Vitalicia no conlleva ning\u00fan pago de impuesto alguno. Respecto a incremento patrimonial, las personas mayores de 65 a\u00f1os est\u00e1n exentas de este cuando es su vivienda habitual. La plusval\u00eda municipal es absorbida \u00edntegramente por GVV.<\/p>\n<p><strong>\u00bfTiene que pagar impuestos el propietario por la percepci\u00f3n de la renta?<\/strong><\/p>\n<p>Las personas mayores de 65 a\u00f1os tienen unas deducciones sobre este tipo de productos de hasta el 92 por ciento. Esto hace que la tributaci\u00f3n por las cantidades obtenidas sea casi imperceptible.<\/p>\n","protected":false},"excerpt":{"rendered":"<p>Bajo el eslogan \u201cuna renta vitalicia y a vivir\u201d la empresa Gesti\u00f3n Vitalicio Vivienda (GVV) presenta su producto estrella destinado a personas mayores de 65 a\u00f1os, la\u00a0renta vitalicia inmobiliaria. La\u00a0renta vitalicia inmobiliaria\u00a0permite a todas aquellas personas con m\u00e1s de 65 a\u00f1os y propietarias de un inmueble disfrutar del usufructo de su propiedad en vida. Este [&hellip;]<\/p>\n","protected":false},"author":1,"featured_media":963010,"comment_status":"closed","ping_status":"closed","sticky":false,"template":"","format":"standard","meta":{"footnotes":""},"categories":[187],"tags":[],"class_list":["post-963009","post","type-post","status-publish","format-standard","has-post-thumbnail","hentry","category-economia"],"aioseo_notices":[],"aioseo_head":"\n\t\t<!-- All in One SEO Pro 4.9.6.2 - aioseo.com -->\n\t<meta name=\"description\" content=\"Bajo el eslogan \u201cuna renta vitalicia y a vivir\u201d la empresa Gesti\u00f3n Vitalicio Vivienda (GVV) presenta su producto estrella destinado a personas mayores de 65 a\u00f1os, la renta vitalicia inmobiliaria. La renta vitalicia inmobiliaria permite a todas aquellas personas con m\u00e1s de 65 a\u00f1os y propietarias de un inmueble disfrutar del usufructo de su propiedad en vida. Este\" \/>\n\t<meta name=\"robots\" content=\"max-image-preview:large\" \/>\n\t<meta name=\"author\" content=\"El Digital de Asturias\"\/>\n\t<meta name=\"google-site-verification\" content=\"UA-38556648-1\" \/>\n\t<meta name=\"msvalidate.01\" content=\"7dfe9f3f1b24437ab69f4f2559babe99\" \/>\n\t<meta name=\"keywords\" content=\"econom\u00eda\" \/>\n\t<link rel=\"canonical\" href=\"https:\/\/www.eldigitaldeasturias.com\/noticias\/una-renta-vitalicia-y-a-vivir\/\" \/>\n\t<meta name=\"generator\" content=\"All in One SEO Pro (AIOSEO) 4.9.6.2\" \/>\n\t\t<meta property=\"og:locale\" content=\"es_ES\" \/>\n\t\t<meta property=\"og:site_name\" content=\"El Digital de Asturias\" \/>\n\t\t<meta property=\"og:type\" content=\"article\" \/>\n\t\t<meta property=\"og:title\" content=\"Una renta vitalicia y a vivir - El Digital de Asturias\" \/>\n\t\t<meta property=\"og:description\" content=\"Bajo el eslogan \u201cuna renta vitalicia y a vivir\u201d la empresa Gesti\u00f3n Vitalicio Vivienda (GVV) presenta su producto estrella destinado a personas mayores de 65 a\u00f1os, la renta vitalicia inmobiliaria. La renta vitalicia inmobiliaria permite a todas aquellas personas con m\u00e1s de 65 a\u00f1os y propietarias de un inmueble disfrutar del usufructo de su propiedad en vida. Este\" \/>\n\t\t<meta property=\"og:url\" content=\"https:\/\/www.eldigitaldeasturias.com\/noticias\/una-renta-vitalicia-y-a-vivir\/\" \/>\n\t\t<meta property=\"og:image\" content=\"https:\/\/www.eldigitaldeasturias.com\/noticias\/wp-content\/uploads\/2017\/12\/1512679560_renta_vitalicia_inmobiliaria.jpg\" \/>\n\t\t<meta property=\"og:image:secure_url\" content=\"https:\/\/www.eldigitaldeasturias.com\/noticias\/wp-content\/uploads\/2017\/12\/1512679560_renta_vitalicia_inmobiliaria.jpg\" \/>\n\t\t<meta property=\"og:image:width\" content=\"1238\" \/>\n\t\t<meta property=\"og:image:height\" content=\"526\" \/>\n\t\t<meta property=\"article:tag\" content=\"econom\u00eda\" \/>\n\t\t<meta property=\"article:published_time\" content=\"2017-12-11T16:28:54+00:00\" \/>\n\t\t<meta property=\"article:modified_time\" content=\"2017-12-11T16:28:54+00:00\" \/>\n\t\t<meta property=\"article:publisher\" content=\"https:\/\/facebook.com\/eldigitaldeasturias\" \/>\n\t\t<meta name=\"twitter:card\" content=\"summary_large_image\" \/>\n\t\t<meta name=\"twitter:title\" content=\"Una renta vitalicia y a vivir - El Digital de Asturias\" \/>\n\t\t<meta name=\"twitter:description\" content=\"Bajo el eslogan \u201cuna renta vitalicia y a vivir\u201d la empresa Gesti\u00f3n Vitalicio Vivienda (GVV) presenta su producto estrella destinado a personas mayores de 65 a\u00f1os, la renta vitalicia inmobiliaria. La renta vitalicia inmobiliaria permite a todas aquellas personas con m\u00e1s de 65 a\u00f1os y propietarias de un inmueble disfrutar del usufructo de su propiedad en vida. Este\" \/>\n\t\t<meta name=\"twitter:image\" content=\"https:\/\/www.eldigitaldeasturias.com\/noticias\/wp-content\/uploads\/2017\/12\/1512679560_renta_vitalicia_inmobiliaria.jpg\" \/>\n\t\t<meta name=\"twitter:label1\" content=\"Escrito por\" \/>\n\t\t<meta name=\"twitter:data1\" content=\"El Digital de Asturias\" \/>\n\t\t<meta name=\"twitter:label2\" content=\"Tiempo de lectura estimado\" \/>\n\t\t<meta name=\"twitter:data2\" content=\"2 minutos\" \/>\n\t\t<script type=\"application\/ld+json\" class=\"aioseo-schema\">\n\t\t\t{\"@context\":\"https:\\\/\\\/schema.org\",\"@graph\":[{\"@type\":\"BlogPosting\",\"@id\":\"https:\\\/\\\/www.eldigitaldeasturias.com\\\/noticias\\\/una-renta-vitalicia-y-a-vivir\\\/#blogposting\",\"name\":\"Una renta vitalicia y a vivir - El Digital de Asturias\",\"headline\":\"Una renta vitalicia y a vivir\",\"author\":{\"@id\":\"https:\\\/\\\/www.eldigitaldeasturias.com\\\/noticias\\\/author\\\/admin\\\/#author\"},\"publisher\":{\"@id\":\"https:\\\/\\\/www.eldigitaldeasturias.com\\\/noticias\\\/#organization\"},\"image\":{\"@type\":\"ImageObject\",\"url\":\"https:\\\/\\\/www.eldigitaldeasturias.com\\\/noticias\\\/wp-content\\\/uploads\\\/2017\\\/12\\\/1512679560_renta_vitalicia_inmobiliaria.jpg\",\"width\":1238,\"height\":526},\"datePublished\":\"2017-12-11T16:28:54+01:00\",\"dateModified\":\"2017-12-11T16:28:54+01:00\",\"inLanguage\":\"es-ES\",\"mainEntityOfPage\":{\"@id\":\"https:\\\/\\\/www.eldigitaldeasturias.com\\\/noticias\\\/una-renta-vitalicia-y-a-vivir\\\/#webpage\"},\"isPartOf\":{\"@id\":\"https:\\\/\\\/www.eldigitaldeasturias.com\\\/noticias\\\/una-renta-vitalicia-y-a-vivir\\\/#webpage\"},\"articleSection\":\"Econom\\u00eda\"},{\"@type\":\"BreadcrumbList\",\"@id\":\"https:\\\/\\\/www.eldigitaldeasturias.com\\\/noticias\\\/una-renta-vitalicia-y-a-vivir\\\/#breadcrumblist\",\"itemListElement\":[{\"@type\":\"ListItem\",\"@id\":\"https:\\\/\\\/www.eldigitaldeasturias.com\\\/noticias#listItem\",\"position\":1,\"name\":\"Home\",\"item\":\"https:\\\/\\\/www.eldigitaldeasturias.com\\\/noticias\",\"nextItem\":{\"@type\":\"ListItem\",\"@id\":\"https:\\\/\\\/www.eldigitaldeasturias.com\\\/noticias\\\/category\\\/economia\\\/#listItem\",\"name\":\"Econom\\u00eda\"}},{\"@type\":\"ListItem\",\"@id\":\"https:\\\/\\\/www.eldigitaldeasturias.com\\\/noticias\\\/category\\\/economia\\\/#listItem\",\"position\":2,\"name\":\"Econom\\u00eda\",\"item\":\"https:\\\/\\\/www.eldigitaldeasturias.com\\\/noticias\\\/category\\\/economia\\\/\",\"nextItem\":{\"@type\":\"ListItem\",\"@id\":\"https:\\\/\\\/www.eldigitaldeasturias.com\\\/noticias\\\/una-renta-vitalicia-y-a-vivir\\\/#listItem\",\"name\":\"Una renta vitalicia y a vivir\"},\"previousItem\":{\"@type\":\"ListItem\",\"@id\":\"https:\\\/\\\/www.eldigitaldeasturias.com\\\/noticias#listItem\",\"name\":\"Home\"}},{\"@type\":\"ListItem\",\"@id\":\"https:\\\/\\\/www.eldigitaldeasturias.com\\\/noticias\\\/una-renta-vitalicia-y-a-vivir\\\/#listItem\",\"position\":3,\"name\":\"Una renta vitalicia y a vivir\",\"previousItem\":{\"@type\":\"ListItem\",\"@id\":\"https:\\\/\\\/www.eldigitaldeasturias.com\\\/noticias\\\/category\\\/economia\\\/#listItem\",\"name\":\"Econom\\u00eda\"}}]},{\"@type\":\"Organization\",\"@id\":\"https:\\\/\\\/www.eldigitaldeasturias.com\\\/noticias\\\/#organization\",\"name\":\"El Digital de Asturias\",\"description\":\"Hemeroteca\",\"url\":\"https:\\\/\\\/www.eldigitaldeasturias.com\\\/noticias\\\/\",\"email\":\"info@eldigitaldeasturias.com\",\"telephone\":\"+34652131393\",\"logo\":{\"@type\":\"ImageObject\",\"url\":\"https:\\\/\\\/www.eldigitaldeasturias.com\\\/noticias\\\/wp-content\\\/uploads\\\/2020\\\/12\\\/EDA.jpg\",\"@id\":\"https:\\\/\\\/www.eldigitaldeasturias.com\\\/noticias\\\/una-renta-vitalicia-y-a-vivir\\\/#organizationLogo\",\"width\":649,\"height\":297},\"image\":{\"@id\":\"https:\\\/\\\/www.eldigitaldeasturias.com\\\/noticias\\\/una-renta-vitalicia-y-a-vivir\\\/#organizationLogo\"},\"sameAs\":[\"https:\\\/\\\/facebook.com\\\/eldigitaldeasturias\",\"https:\\\/\\\/www.youtube.com\\\/channel\\\/UCZP-2wLEB9Rv6erhFmqVnvg\"],\"address\":{\"@id\":\"https:\\\/\\\/www.eldigitaldeasturias.com\\\/noticias\\\/#postaladdress\",\"@type\":\"PostalAddress\",\"streetAddress\":\"san antonio 4,\",\"postalCode\":\"33430\",\"addressLocality\":\"Cand\\u00e1s\",\"addressRegion\":\"Asturias\",\"addressCountry\":\"ES\"}},{\"@type\":\"Person\",\"@id\":\"https:\\\/\\\/www.eldigitaldeasturias.com\\\/noticias\\\/author\\\/admin\\\/#author\",\"url\":\"https:\\\/\\\/www.eldigitaldeasturias.com\\\/noticias\\\/author\\\/admin\\\/\",\"name\":\"El Digital de Asturias\",\"image\":{\"@type\":\"ImageObject\",\"@id\":\"https:\\\/\\\/www.eldigitaldeasturias.com\\\/noticias\\\/una-renta-vitalicia-y-a-vivir\\\/#authorImage\",\"url\":\"https:\\\/\\\/www.eldigitaldeasturias.com\\\/noticias\\\/wp-content\\\/litespeed\\\/avatar\\\/18677e78aa0546b92d9dbf31ec7d7668.jpg?ver=1777290358\",\"width\":96,\"height\":96,\"caption\":\"El Digital de Asturias\"}},{\"@type\":\"WebPage\",\"@id\":\"https:\\\/\\\/www.eldigitaldeasturias.com\\\/noticias\\\/una-renta-vitalicia-y-a-vivir\\\/#webpage\",\"url\":\"https:\\\/\\\/www.eldigitaldeasturias.com\\\/noticias\\\/una-renta-vitalicia-y-a-vivir\\\/\",\"name\":\"Una renta vitalicia y a vivir - El Digital de Asturias\",\"description\":\"Bajo el eslogan \\u201cuna renta vitalicia y a vivir\\u201d la empresa Gesti\\u00f3n Vitalicio Vivienda (GVV) presenta su producto estrella destinado a personas mayores de 65 a\\u00f1os, la renta vitalicia inmobiliaria. La renta vitalicia inmobiliaria permite a todas aquellas personas con m\\u00e1s de 65 a\\u00f1os y propietarias de un inmueble disfrutar del usufructo de su propiedad en vida. Este\",\"inLanguage\":\"es-ES\",\"isPartOf\":{\"@id\":\"https:\\\/\\\/www.eldigitaldeasturias.com\\\/noticias\\\/#website\"},\"breadcrumb\":{\"@id\":\"https:\\\/\\\/www.eldigitaldeasturias.com\\\/noticias\\\/una-renta-vitalicia-y-a-vivir\\\/#breadcrumblist\"},\"author\":{\"@id\":\"https:\\\/\\\/www.eldigitaldeasturias.com\\\/noticias\\\/author\\\/admin\\\/#author\"},\"creator\":{\"@id\":\"https:\\\/\\\/www.eldigitaldeasturias.com\\\/noticias\\\/author\\\/admin\\\/#author\"},\"image\":{\"@type\":\"ImageObject\",\"url\":\"https:\\\/\\\/www.eldigitaldeasturias.com\\\/noticias\\\/wp-content\\\/uploads\\\/2017\\\/12\\\/1512679560_renta_vitalicia_inmobiliaria.jpg\",\"@id\":\"https:\\\/\\\/www.eldigitaldeasturias.com\\\/noticias\\\/una-renta-vitalicia-y-a-vivir\\\/#mainImage\",\"width\":1238,\"height\":526},\"primaryImageOfPage\":{\"@id\":\"https:\\\/\\\/www.eldigitaldeasturias.com\\\/noticias\\\/una-renta-vitalicia-y-a-vivir\\\/#mainImage\"},\"datePublished\":\"2017-12-11T16:28:54+01:00\",\"dateModified\":\"2017-12-11T16:28:54+01:00\"},{\"@type\":\"WebSite\",\"@id\":\"https:\\\/\\\/www.eldigitaldeasturias.com\\\/noticias\\\/#website\",\"url\":\"https:\\\/\\\/www.eldigitaldeasturias.com\\\/noticias\\\/\",\"name\":\"El Digital de Asturias - Diario de actualidad y noticias\",\"alternateName\":\"El Digital de Asturias - Diario de actualidad y noticias\",\"description\":\"Hemeroteca\",\"inLanguage\":\"es-ES\",\"publisher\":{\"@id\":\"https:\\\/\\\/www.eldigitaldeasturias.com\\\/noticias\\\/#organization\"}}]}\n\t\t<\/script>\n\t\t<!-- All in One SEO Pro -->\r\n\t\t<title>Una renta vitalicia y a vivir - El Digital de Asturias<\/title>\n\n","aioseo_head_json":{"title":"Una renta vitalicia y a vivir - El Digital de Asturias","description":"Bajo el eslogan \u201cuna renta vitalicia y a vivir\u201d la empresa Gesti\u00f3n Vitalicio Vivienda (GVV) presenta su producto estrella destinado a personas mayores de 65 a\u00f1os, la renta vitalicia inmobiliaria. La renta vitalicia inmobiliaria permite a todas aquellas personas con m\u00e1s de 65 a\u00f1os y propietarias de un inmueble disfrutar del usufructo de su propiedad en vida. Este","canonical_url":"https:\/\/www.eldigitaldeasturias.com\/noticias\/una-renta-vitalicia-y-a-vivir\/","robots":"max-image-preview:large","keywords":"econom\u00eda","webmasterTools":{"google-site-verification":"UA-38556648-1","msvalidate.01":"7dfe9f3f1b24437ab69f4f2559babe99","miscellaneous":""},"schema":{"@context":"https:\/\/schema.org","@graph":[{"@type":"BlogPosting","@id":"https:\/\/www.eldigitaldeasturias.com\/noticias\/una-renta-vitalicia-y-a-vivir\/#blogposting","name":"Una renta vitalicia y a vivir - El Digital de Asturias","headline":"Una renta vitalicia y a vivir","author":{"@id":"https:\/\/www.eldigitaldeasturias.com\/noticias\/author\/admin\/#author"},"publisher":{"@id":"https:\/\/www.eldigitaldeasturias.com\/noticias\/#organization"},"image":{"@type":"ImageObject","url":"https:\/\/www.eldigitaldeasturias.com\/noticias\/wp-content\/uploads\/2017\/12\/1512679560_renta_vitalicia_inmobiliaria.jpg","width":1238,"height":526},"datePublished":"2017-12-11T16:28:54+01:00","dateModified":"2017-12-11T16:28:54+01:00","inLanguage":"es-ES","mainEntityOfPage":{"@id":"https:\/\/www.eldigitaldeasturias.com\/noticias\/una-renta-vitalicia-y-a-vivir\/#webpage"},"isPartOf":{"@id":"https:\/\/www.eldigitaldeasturias.com\/noticias\/una-renta-vitalicia-y-a-vivir\/#webpage"},"articleSection":"Econom\u00eda"},{"@type":"BreadcrumbList","@id":"https:\/\/www.eldigitaldeasturias.com\/noticias\/una-renta-vitalicia-y-a-vivir\/#breadcrumblist","itemListElement":[{"@type":"ListItem","@id":"https:\/\/www.eldigitaldeasturias.com\/noticias#listItem","position":1,"name":"Home","item":"https:\/\/www.eldigitaldeasturias.com\/noticias","nextItem":{"@type":"ListItem","@id":"https:\/\/www.eldigitaldeasturias.com\/noticias\/category\/economia\/#listItem","name":"Econom\u00eda"}},{"@type":"ListItem","@id":"https:\/\/www.eldigitaldeasturias.com\/noticias\/category\/economia\/#listItem","position":2,"name":"Econom\u00eda","item":"https:\/\/www.eldigitaldeasturias.com\/noticias\/category\/economia\/","nextItem":{"@type":"ListItem","@id":"https:\/\/www.eldigitaldeasturias.com\/noticias\/una-renta-vitalicia-y-a-vivir\/#listItem","name":"Una renta vitalicia y a vivir"},"previousItem":{"@type":"ListItem","@id":"https:\/\/www.eldigitaldeasturias.com\/noticias#listItem","name":"Home"}},{"@type":"ListItem","@id":"https:\/\/www.eldigitaldeasturias.com\/noticias\/una-renta-vitalicia-y-a-vivir\/#listItem","position":3,"name":"Una renta vitalicia y a vivir","previousItem":{"@type":"ListItem","@id":"https:\/\/www.eldigitaldeasturias.com\/noticias\/category\/economia\/#listItem","name":"Econom\u00eda"}}]},{"@type":"Organization","@id":"https:\/\/www.eldigitaldeasturias.com\/noticias\/#organization","name":"El Digital de Asturias","description":"Hemeroteca","url":"https:\/\/www.eldigitaldeasturias.com\/noticias\/","email":"info@eldigitaldeasturias.com","telephone":"+34652131393","logo":{"@type":"ImageObject","url":"https:\/\/www.eldigitaldeasturias.com\/noticias\/wp-content\/uploads\/2020\/12\/EDA.jpg","@id":"https:\/\/www.eldigitaldeasturias.com\/noticias\/una-renta-vitalicia-y-a-vivir\/#organizationLogo","width":649,"height":297},"image":{"@id":"https:\/\/www.eldigitaldeasturias.com\/noticias\/una-renta-vitalicia-y-a-vivir\/#organizationLogo"},"sameAs":["https:\/\/facebook.com\/eldigitaldeasturias","https:\/\/www.youtube.com\/channel\/UCZP-2wLEB9Rv6erhFmqVnvg"],"address":{"@id":"https:\/\/www.eldigitaldeasturias.com\/noticias\/#postaladdress","@type":"PostalAddress","streetAddress":"san antonio 4,","postalCode":"33430","addressLocality":"Cand\u00e1s","addressRegion":"Asturias","addressCountry":"ES"}},{"@type":"Person","@id":"https:\/\/www.eldigitaldeasturias.com\/noticias\/author\/admin\/#author","url":"https:\/\/www.eldigitaldeasturias.com\/noticias\/author\/admin\/","name":"El Digital de Asturias","image":{"@type":"ImageObject","@id":"https:\/\/www.eldigitaldeasturias.com\/noticias\/una-renta-vitalicia-y-a-vivir\/#authorImage","url":"https:\/\/www.eldigitaldeasturias.com\/noticias\/wp-content\/litespeed\/avatar\/18677e78aa0546b92d9dbf31ec7d7668.jpg?ver=1777290358","width":96,"height":96,"caption":"El Digital de Asturias"}},{"@type":"WebPage","@id":"https:\/\/www.eldigitaldeasturias.com\/noticias\/una-renta-vitalicia-y-a-vivir\/#webpage","url":"https:\/\/www.eldigitaldeasturias.com\/noticias\/una-renta-vitalicia-y-a-vivir\/","name":"Una renta vitalicia y a vivir - El Digital de Asturias","description":"Bajo el eslogan \u201cuna renta vitalicia y a vivir\u201d la empresa Gesti\u00f3n Vitalicio Vivienda (GVV) presenta su producto estrella destinado a personas mayores de 65 a\u00f1os, la renta vitalicia inmobiliaria. La renta vitalicia inmobiliaria permite a todas aquellas personas con m\u00e1s de 65 a\u00f1os y propietarias de un inmueble disfrutar del usufructo de su propiedad en vida. Este","inLanguage":"es-ES","isPartOf":{"@id":"https:\/\/www.eldigitaldeasturias.com\/noticias\/#website"},"breadcrumb":{"@id":"https:\/\/www.eldigitaldeasturias.com\/noticias\/una-renta-vitalicia-y-a-vivir\/#breadcrumblist"},"author":{"@id":"https:\/\/www.eldigitaldeasturias.com\/noticias\/author\/admin\/#author"},"creator":{"@id":"https:\/\/www.eldigitaldeasturias.com\/noticias\/author\/admin\/#author"},"image":{"@type":"ImageObject","url":"https:\/\/www.eldigitaldeasturias.com\/noticias\/wp-content\/uploads\/2017\/12\/1512679560_renta_vitalicia_inmobiliaria.jpg","@id":"https:\/\/www.eldigitaldeasturias.com\/noticias\/una-renta-vitalicia-y-a-vivir\/#mainImage","width":1238,"height":526},"primaryImageOfPage":{"@id":"https:\/\/www.eldigitaldeasturias.com\/noticias\/una-renta-vitalicia-y-a-vivir\/#mainImage"},"datePublished":"2017-12-11T16:28:54+01:00","dateModified":"2017-12-11T16:28:54+01:00"},{"@type":"WebSite","@id":"https:\/\/www.eldigitaldeasturias.com\/noticias\/#website","url":"https:\/\/www.eldigitaldeasturias.com\/noticias\/","name":"El Digital de Asturias - Diario de actualidad y noticias","alternateName":"El Digital de Asturias - Diario de actualidad y noticias","description":"Hemeroteca","inLanguage":"es-ES","publisher":{"@id":"https:\/\/www.eldigitaldeasturias.com\/noticias\/#organization"}}]},"og:locale":"es_ES","og:site_name":"El Digital de Asturias","og:type":"article","og:title":"Una renta vitalicia y a vivir - El Digital de Asturias","og:description":"Bajo el eslogan \u201cuna renta vitalicia y a vivir\u201d la empresa Gesti\u00f3n Vitalicio Vivienda (GVV) presenta su producto estrella destinado a personas mayores de 65 a\u00f1os, la renta vitalicia inmobiliaria. La renta vitalicia inmobiliaria permite a todas aquellas personas con m\u00e1s de 65 a\u00f1os y propietarias de un inmueble disfrutar del usufructo de su propiedad en vida. Este","og:url":"https:\/\/www.eldigitaldeasturias.com\/noticias\/una-renta-vitalicia-y-a-vivir\/","og:image":"https:\/\/www.eldigitaldeasturias.com\/noticias\/wp-content\/uploads\/2017\/12\/1512679560_renta_vitalicia_inmobiliaria.jpg","og:image:secure_url":"https:\/\/www.eldigitaldeasturias.com\/noticias\/wp-content\/uploads\/2017\/12\/1512679560_renta_vitalicia_inmobiliaria.jpg","og:image:width":1238,"og:image:height":526,"article:tag":["econom\u00eda"],"article:published_time":"2017-12-11T16:28:54+00:00","article:modified_time":"2017-12-11T16:28:54+00:00","article:publisher":"https:\/\/facebook.com\/eldigitaldeasturias","twitter:card":"summary_large_image","twitter:title":"Una renta vitalicia y a vivir - El Digital de Asturias","twitter:description":"Bajo el eslogan \u201cuna renta vitalicia y a vivir\u201d la empresa Gesti\u00f3n Vitalicio Vivienda (GVV) presenta su producto estrella destinado a personas mayores de 65 a\u00f1os, la renta vitalicia inmobiliaria. La renta vitalicia inmobiliaria permite a todas aquellas personas con m\u00e1s de 65 a\u00f1os y propietarias de un inmueble disfrutar del usufructo de su propiedad en vida. Este","twitter:image":"https:\/\/www.eldigitaldeasturias.com\/noticias\/wp-content\/uploads\/2017\/12\/1512679560_renta_vitalicia_inmobiliaria.jpg","twitter:label1":"Escrito por","twitter:data1":"El Digital de Asturias","twitter:label2":"Tiempo de lectura estimado","twitter:data2":"2 minutos"},"aioseo_meta_data":{"post_id":"963009","title":null,"description":null,"keywords":null,"keyphrases":null,"primary_term":null,"canonical_url":null,"og_title":null,"og_description":null,"og_object_type":"default","og_image_type":"default","og_image_url":null,"og_image_width":null,"og_image_height":null,"og_image_custom_url":null,"og_image_custom_fields":null,"og_video":null,"og_custom_url":null,"og_article_section":null,"og_article_tags":null,"twitter_use_og":false,"twitter_card":"default","twitter_image_type":"default","twitter_image_url":null,"twitter_image_custom_url":null,"twitter_image_custom_fields":null,"twitter_title":null,"twitter_description":null,"schema":{"blockGraphs":[],"customGraphs":[],"default":{"data":{"Article":[],"Course":[],"Dataset":[],"FAQPage":[],"Movie":[],"Person":[],"Product":[],"ProductReview":[],"Car":[],"Recipe":[],"Service":[],"SoftwareApplication":[],"WebPage":[]},"graphName":"","isEnabled":true},"graphs":[],"defaultGraph":"","defaultPostTypeGraph":""},"schema_type":null,"schema_type_options":null,"pillar_content":false,"robots_default":true,"robots_noindex":false,"robots_noarchive":false,"robots_nosnippet":false,"robots_nofollow":false,"robots_noimageindex":false,"robots_noodp":false,"robots_notranslate":false,"robots_max_snippet":null,"robots_max_videopreview":null,"robots_max_imagepreview":"large","priority":null,"frequency":null,"local_seo":null,"seo_analyzer_scan_date":"2025-12-07 14:31:12","breadcrumb_settings":null,"limit_modified_date":false,"open_ai":null,"ai":null,"created":"2020-12-21 12:44:41","updated":"2025-12-07 14:31:12"},"aioseo_breadcrumb":"<div class=\"aioseo-breadcrumbs\"><span class=\"aioseo-breadcrumb\">\n\t<a href=\"https:\/\/www.eldigitaldeasturias.com\/noticias\" title=\"Home\">Home<\/a>\n<\/span><span class=\"aioseo-breadcrumb-separator\">\u2013<\/span><span class=\"aioseo-breadcrumb\">\n\t<a href=\"https:\/\/www.eldigitaldeasturias.com\/noticias\/category\/economia\/\" title=\"Econom\u00eda\">Econom\u00eda<\/a>\n<\/span><span class=\"aioseo-breadcrumb-separator\">\u2013<\/span><span class=\"aioseo-breadcrumb\">\n\t<a href=\"https:\/\/www.eldigitaldeasturias.com\/noticias\/una-renta-vitalicia-y-a-vivir\/\" title=\"Una renta vitalicia y a vivir\">Una renta vitalicia y a vivir<\/a>\n<\/span><\/div>","aioseo_breadcrumb_json":[{"label":"Home","link":"https:\/\/www.eldigitaldeasturias.com\/noticias"},{"label":"Econom\u00eda","link":"https:\/\/www.eldigitaldeasturias.com\/noticias\/category\/economia\/"},{"label":"Una renta vitalicia y a vivir","link":"https:\/\/www.eldigitaldeasturias.com\/noticias\/una-renta-vitalicia-y-a-vivir\/"}],"_links":{"self":[{"href":"https:\/\/www.eldigitaldeasturias.com\/noticias\/wp-json\/wp\/v2\/posts\/963009","targetHints":{"allow":["GET"]}}],"collection":[{"href":"https:\/\/www.eldigitaldeasturias.com\/noticias\/wp-json\/wp\/v2\/posts"}],"about":[{"href":"https:\/\/www.eldigitaldeasturias.com\/noticias\/wp-json\/wp\/v2\/types\/post"}],"author":[{"embeddable":true,"href":"https:\/\/www.eldigitaldeasturias.com\/noticias\/wp-json\/wp\/v2\/users\/1"}],"replies":[{"embeddable":true,"href":"https:\/\/www.eldigitaldeasturias.com\/noticias\/wp-json\/wp\/v2\/comments?post=963009"}],"version-history":[{"count":0,"href":"https:\/\/www.eldigitaldeasturias.com\/noticias\/wp-json\/wp\/v2\/posts\/963009\/revisions"}],"wp:featuredmedia":[{"embeddable":true,"href":"https:\/\/www.eldigitaldeasturias.com\/noticias\/wp-json\/wp\/v2\/media\/963010"}],"wp:attachment":[{"href":"https:\/\/www.eldigitaldeasturias.com\/noticias\/wp-json\/wp\/v2\/media?parent=963009"}],"wp:term":[{"taxonomy":"category","embeddable":true,"href":"https:\/\/www.eldigitaldeasturias.com\/noticias\/wp-json\/wp\/v2\/categories?post=963009"},{"taxonomy":"post_tag","embeddable":true,"href":"https:\/\/www.eldigitaldeasturias.com\/noticias\/wp-json\/wp\/v2\/tags?post=963009"}],"curies":[{"name":"wp","href":"https:\/\/api.w.org\/{rel}","templated":true}]}}