{"id":962869,"date":"2017-12-09T22:41:59","date_gmt":"2017-12-09T22:41:59","guid":{"rendered":"http:\/\/www.eldigitaldeasturias.com\/noticias\/?p=962869"},"modified":"2017-12-09T22:41:59","modified_gmt":"2017-12-09T22:41:59","slug":"aragon-distinguira-la-responsabilidad-social-de-337-empresas-con-el-sello-rsa","status":"publish","type":"post","link":"https:\/\/www.eldigitaldeasturias.com\/noticias\/aragon-distinguira-la-responsabilidad-social-de-337-empresas-con-el-sello-rsa\/","title":{"rendered":"Arag\u00f3n distinguir\u00e1 la responsabilidad social de 337 empresas con el Sello RSA"},"content":{"rendered":"<p><img loading=\"lazy\" decoding=\"async\" class=\"alignleft size-medium wp-image-962870\" src=\"https:\/\/www.eldigitaldeasturias.com\/noticias\/wp-content\/uploads\/2017\/12\/imagenes_RSA_3f99b25b-360x159.png\" alt=\"\" width=\"360\" height=\"159\" srcset=\"https:\/\/www.eldigitaldeasturias.com\/noticias\/wp-content\/uploads\/2017\/12\/imagenes_RSA_3f99b25b-360x159.png 360w, https:\/\/www.eldigitaldeasturias.com\/noticias\/wp-content\/uploads\/2017\/12\/imagenes_RSA_3f99b25b-650x288.png 650w, https:\/\/www.eldigitaldeasturias.com\/noticias\/wp-content\/uploads\/2017\/12\/imagenes_RSA_3f99b25b-250x110.png 250w, https:\/\/www.eldigitaldeasturias.com\/noticias\/wp-content\/uploads\/2017\/12\/imagenes_RSA_3f99b25b.png 700w\" sizes=\"auto, (max-width: 360px) 100vw, 360px\" \/>Un total de 377 aut\u00f3nomos\/as, pymes, empresas y organizaciones recibir\u00e1n el 18 de diciembre el Sello de la Responsabilidad Social de Arag\u00f3n (RSA), lo que significa que poseer\u00e1n durante todo el 2018 esta acreditaci\u00f3n que debe renovarse anualmente. As\u00ed lo ha decidido en su \u00faltima reuni\u00f3n la Mesa de la Responsabilidad Social de Arag\u00f3n, que coordina la implantaci\u00f3n del Plan RSA y que est\u00e1 formada por el Gobierno de Arag\u00f3n, representado por el Instituto Aragon\u00e9s de Fomento (IAF), CEOE Arag\u00f3n, Cepyme Arag\u00f3n, UGT Arag\u00f3n y CC.OO. Arag\u00f3n.<\/p>\n<p>Por categor\u00edas, obtendr\u00e1n el Sello RSA 20 aut\u00f3nomos, 198 pymes, 56 grandes empresas (15 de ellas empresas p\u00fablicas) y 103 entidades de car\u00e1cter no lucrativo (36 ONGs y 67 asociaciones). En su conjunto, implican 75.000 empleos directos en Arag\u00f3n. Por provincias, 297 de las entidades reconocidas son de Zaragoza, 58 de Huesca y 22 de Teruel.<\/p>\n<p>De las 377 organizaciones que van a recibir el Sello RSA, hay 32 que aspiran al Premio \u201cResponsabilidad Social de Arag\u00f3n\u201d por sus buenas pr\u00e1cticas. Este galard\u00f3n reconoce las experiencias de \u00e9xito en la gesti\u00f3n socialmente responsable que sean aplicables en otras organizaciones, en esas cuatro categor\u00edas: aut\u00f3nomo\/a, pyme, gran empresa y entidad de car\u00e1cter no lucrativo.<\/p>\n<p><strong>Nuevo Sello RSA+<\/strong><\/p>\n<p>La mesa de la RSA tambi\u00e9n ha aprobado la creaci\u00f3n para el pr\u00f3ximo a\u00f1o del Sello RSA+, que va m\u00e1s all\u00e1 de la responsabilidad social y busca impulsar que las organizaciones profundicen en aspectos clave. En concreto, en 2018 apuesta por impulsar cuatro factores: la conciliaci\u00f3n de la vida personal, familiar y laboral, aline\u00e1ndose con las directrices impulsadas por la direcci\u00f3n general de Igualdad y Familias; la elaboraci\u00f3n de planes de igualdad, m\u00e1s all\u00e1 de las exigencias legales, donde se prime alcanzar la igualdad de trato y de oportunidades y eliminar la discriminaci\u00f3n por raz\u00f3n de sexo; el voluntariado corporativo, promocionando la colaboraci\u00f3n estable entre ONGs y empresas, e impulsando la ya existente \u201cVentana de la Cooperaci\u00f3n\u201d; y, por \u00faltimo, la implicaci\u00f3n de las organizaciones socialmente responsables en la promoci\u00f3n de la cultura de Arag\u00f3n, promoviendo su relaci\u00f3n con su entorno.<\/p>\n<p>El pasado mes de octubre, el Plan RSA abri\u00f3 la mencionada \u201cVentana de la Cooperaci\u00f3n\u201d, una iniciativa que permite poner en contacto proyectos de entidades sin \u00e1nimo de lucro con empresas y organizaciones para establecer colaboraciones entre ellos. Media docena de ONGs inscritas en el Plan RSA han a\u00f1adido ya algunos de sus principales proyectos a la Ventana de Cooperaci\u00f3n para que las empresas puedan colaborar en ellos.<\/p>\n<p>El Plan RSA se puso en marcha el a\u00f1o pasado, impulsado por el Gobierno de Arag\u00f3n y los agentes sociales, y con gran aceptaci\u00f3n por parte de las empresas y organizaciones aragonesas. La Jornada de la Responsabilidad Social en Arag\u00f3n, en la que se entregar\u00e1n los Sellos y los Premios RSA, se celebrar\u00e1 el lunes 18 de diciembre en la Sala de la Corona del edificio Pignatelli, sede central del Gobierno de Arag\u00f3n<\/p>\n<p>&nbsp;<\/p>\n","protected":false},"excerpt":{"rendered":"<p>Un total de 377 aut\u00f3nomos\/as, pymes, empresas y organizaciones recibir\u00e1n el 18 de diciembre el Sello de la Responsabilidad Social de Arag\u00f3n (RSA), lo que significa que poseer\u00e1n durante todo el 2018 esta acreditaci\u00f3n que debe renovarse anualmente. As\u00ed lo ha decidido en su \u00faltima reuni\u00f3n la Mesa de la Responsabilidad Social de Arag\u00f3n, que [&hellip;]<\/p>\n","protected":false},"author":1,"featured_media":962870,"comment_status":"closed","ping_status":"closed","sticky":false,"template":"","format":"standard","meta":{"footnotes":""},"categories":[187],"tags":[],"class_list":["post-962869","post","type-post","status-publish","format-standard","has-post-thumbnail","hentry","category-economia"],"aioseo_notices":[],"aioseo_head":"\n\t\t<!-- All in One SEO Pro 4.9.6.2 - aioseo.com -->\n\t<meta name=\"description\" content=\"Un total de 377 aut\u00f3nomos\/as, pymes, empresas y organizaciones recibir\u00e1n el 18 de diciembre el Sello de la Responsabilidad Social de Arag\u00f3n (RSA), lo que significa que poseer\u00e1n durante todo el 2018 esta acreditaci\u00f3n que debe renovarse anualmente. As\u00ed lo ha decidido en su \u00faltima reuni\u00f3n la Mesa de la Responsabilidad Social de Arag\u00f3n, que\" \/>\n\t<meta name=\"robots\" content=\"max-image-preview:large\" \/>\n\t<meta name=\"author\" content=\"El Digital de Asturias\"\/>\n\t<meta name=\"google-site-verification\" content=\"UA-38556648-1\" \/>\n\t<meta name=\"msvalidate.01\" content=\"7dfe9f3f1b24437ab69f4f2559babe99\" \/>\n\t<meta name=\"keywords\" content=\"econom\u00eda\" \/>\n\t<link rel=\"canonical\" href=\"https:\/\/www.eldigitaldeasturias.com\/noticias\/aragon-distinguira-la-responsabilidad-social-de-337-empresas-con-el-sello-rsa\/\" \/>\n\t<meta name=\"generator\" content=\"All in One SEO Pro (AIOSEO) 4.9.6.2\" \/>\n\t\t<meta property=\"og:locale\" content=\"es_ES\" \/>\n\t\t<meta property=\"og:site_name\" content=\"El Digital de Asturias\" \/>\n\t\t<meta property=\"og:type\" content=\"article\" \/>\n\t\t<meta property=\"og:title\" content=\"Arag\u00f3n distinguir\u00e1 la responsabilidad social de 337 empresas con el Sello RSA - El Digital de Asturias\" \/>\n\t\t<meta property=\"og:description\" content=\"Un total de 377 aut\u00f3nomos\/as, pymes, empresas y organizaciones recibir\u00e1n el 18 de diciembre el Sello de la Responsabilidad Social de Arag\u00f3n (RSA), lo que significa que poseer\u00e1n durante todo el 2018 esta acreditaci\u00f3n que debe renovarse anualmente. As\u00ed lo ha decidido en su \u00faltima reuni\u00f3n la Mesa de la Responsabilidad Social de Arag\u00f3n, que\" \/>\n\t\t<meta property=\"og:url\" content=\"https:\/\/www.eldigitaldeasturias.com\/noticias\/aragon-distinguira-la-responsabilidad-social-de-337-empresas-con-el-sello-rsa\/\" \/>\n\t\t<meta property=\"og:image\" content=\"https:\/\/www.eldigitaldeasturias.com\/noticias\/wp-content\/uploads\/2017\/12\/imagenes_RSA_3f99b25b.png\" \/>\n\t\t<meta property=\"og:image:secure_url\" content=\"https:\/\/www.eldigitaldeasturias.com\/noticias\/wp-content\/uploads\/2017\/12\/imagenes_RSA_3f99b25b.png\" \/>\n\t\t<meta property=\"og:image:width\" content=\"700\" \/>\n\t\t<meta property=\"og:image:height\" content=\"310\" \/>\n\t\t<meta property=\"article:tag\" content=\"econom\u00eda\" \/>\n\t\t<meta property=\"article:published_time\" content=\"2017-12-09T22:41:59+00:00\" \/>\n\t\t<meta property=\"article:modified_time\" content=\"2017-12-09T22:41:59+00:00\" \/>\n\t\t<meta property=\"article:publisher\" content=\"https:\/\/facebook.com\/eldigitaldeasturias\" \/>\n\t\t<meta name=\"twitter:card\" content=\"summary_large_image\" \/>\n\t\t<meta name=\"twitter:title\" content=\"Arag\u00f3n distinguir\u00e1 la responsabilidad social de 337 empresas con el Sello RSA - El Digital de Asturias\" \/>\n\t\t<meta name=\"twitter:description\" content=\"Un total de 377 aut\u00f3nomos\/as, pymes, empresas y organizaciones recibir\u00e1n el 18 de diciembre el Sello de la Responsabilidad Social de Arag\u00f3n (RSA), lo que significa que poseer\u00e1n durante todo el 2018 esta acreditaci\u00f3n que debe renovarse anualmente. As\u00ed lo ha decidido en su \u00faltima reuni\u00f3n la Mesa de la Responsabilidad Social de Arag\u00f3n, que\" \/>\n\t\t<meta name=\"twitter:image\" content=\"https:\/\/www.eldigitaldeasturias.com\/noticias\/wp-content\/uploads\/2017\/12\/imagenes_RSA_3f99b25b.png\" \/>\n\t\t<meta name=\"twitter:label1\" content=\"Escrito por\" \/>\n\t\t<meta name=\"twitter:data1\" content=\"El Digital de Asturias\" \/>\n\t\t<meta name=\"twitter:label2\" content=\"Tiempo de lectura estimado\" \/>\n\t\t<meta name=\"twitter:data2\" content=\"3 minutos\" \/>\n\t\t<script type=\"application\/ld+json\" class=\"aioseo-schema\">\n\t\t\t{\"@context\":\"https:\\\/\\\/schema.org\",\"@graph\":[{\"@type\":\"BlogPosting\",\"@id\":\"https:\\\/\\\/www.eldigitaldeasturias.com\\\/noticias\\\/aragon-distinguira-la-responsabilidad-social-de-337-empresas-con-el-sello-rsa\\\/#blogposting\",\"name\":\"Arag\\u00f3n distinguir\\u00e1 la responsabilidad social de 337 empresas con el Sello RSA - El Digital de Asturias\",\"headline\":\"Arag\\u00f3n distinguir\\u00e1 la responsabilidad social de 337 empresas con el Sello RSA\",\"author\":{\"@id\":\"https:\\\/\\\/www.eldigitaldeasturias.com\\\/noticias\\\/author\\\/admin\\\/#author\"},\"publisher\":{\"@id\":\"https:\\\/\\\/www.eldigitaldeasturias.com\\\/noticias\\\/#organization\"},\"image\":{\"@type\":\"ImageObject\",\"url\":\"https:\\\/\\\/www.eldigitaldeasturias.com\\\/noticias\\\/wp-content\\\/uploads\\\/2017\\\/12\\\/imagenes_RSA_3f99b25b.png\",\"width\":700,\"height\":310},\"datePublished\":\"2017-12-09T22:41:59+01:00\",\"dateModified\":\"2017-12-09T22:41:59+01:00\",\"inLanguage\":\"es-ES\",\"mainEntityOfPage\":{\"@id\":\"https:\\\/\\\/www.eldigitaldeasturias.com\\\/noticias\\\/aragon-distinguira-la-responsabilidad-social-de-337-empresas-con-el-sello-rsa\\\/#webpage\"},\"isPartOf\":{\"@id\":\"https:\\\/\\\/www.eldigitaldeasturias.com\\\/noticias\\\/aragon-distinguira-la-responsabilidad-social-de-337-empresas-con-el-sello-rsa\\\/#webpage\"},\"articleSection\":\"Econom\\u00eda\"},{\"@type\":\"BreadcrumbList\",\"@id\":\"https:\\\/\\\/www.eldigitaldeasturias.com\\\/noticias\\\/aragon-distinguira-la-responsabilidad-social-de-337-empresas-con-el-sello-rsa\\\/#breadcrumblist\",\"itemListElement\":[{\"@type\":\"ListItem\",\"@id\":\"https:\\\/\\\/www.eldigitaldeasturias.com\\\/noticias#listItem\",\"position\":1,\"name\":\"Home\",\"item\":\"https:\\\/\\\/www.eldigitaldeasturias.com\\\/noticias\",\"nextItem\":{\"@type\":\"ListItem\",\"@id\":\"https:\\\/\\\/www.eldigitaldeasturias.com\\\/noticias\\\/category\\\/economia\\\/#listItem\",\"name\":\"Econom\\u00eda\"}},{\"@type\":\"ListItem\",\"@id\":\"https:\\\/\\\/www.eldigitaldeasturias.com\\\/noticias\\\/category\\\/economia\\\/#listItem\",\"position\":2,\"name\":\"Econom\\u00eda\",\"item\":\"https:\\\/\\\/www.eldigitaldeasturias.com\\\/noticias\\\/category\\\/economia\\\/\",\"nextItem\":{\"@type\":\"ListItem\",\"@id\":\"https:\\\/\\\/www.eldigitaldeasturias.com\\\/noticias\\\/aragon-distinguira-la-responsabilidad-social-de-337-empresas-con-el-sello-rsa\\\/#listItem\",\"name\":\"Arag\\u00f3n distinguir\\u00e1 la responsabilidad social de 337 empresas con el Sello RSA\"},\"previousItem\":{\"@type\":\"ListItem\",\"@id\":\"https:\\\/\\\/www.eldigitaldeasturias.com\\\/noticias#listItem\",\"name\":\"Home\"}},{\"@type\":\"ListItem\",\"@id\":\"https:\\\/\\\/www.eldigitaldeasturias.com\\\/noticias\\\/aragon-distinguira-la-responsabilidad-social-de-337-empresas-con-el-sello-rsa\\\/#listItem\",\"position\":3,\"name\":\"Arag\\u00f3n distinguir\\u00e1 la responsabilidad social de 337 empresas con el Sello RSA\",\"previousItem\":{\"@type\":\"ListItem\",\"@id\":\"https:\\\/\\\/www.eldigitaldeasturias.com\\\/noticias\\\/category\\\/economia\\\/#listItem\",\"name\":\"Econom\\u00eda\"}}]},{\"@type\":\"Organization\",\"@id\":\"https:\\\/\\\/www.eldigitaldeasturias.com\\\/noticias\\\/#organization\",\"name\":\"El Digital de Asturias\",\"description\":\"Hemeroteca\",\"url\":\"https:\\\/\\\/www.eldigitaldeasturias.com\\\/noticias\\\/\",\"email\":\"info@eldigitaldeasturias.com\",\"telephone\":\"+34652131393\",\"logo\":{\"@type\":\"ImageObject\",\"url\":\"https:\\\/\\\/www.eldigitaldeasturias.com\\\/noticias\\\/wp-content\\\/uploads\\\/2020\\\/12\\\/EDA.jpg\",\"@id\":\"https:\\\/\\\/www.eldigitaldeasturias.com\\\/noticias\\\/aragon-distinguira-la-responsabilidad-social-de-337-empresas-con-el-sello-rsa\\\/#organizationLogo\",\"width\":649,\"height\":297},\"image\":{\"@id\":\"https:\\\/\\\/www.eldigitaldeasturias.com\\\/noticias\\\/aragon-distinguira-la-responsabilidad-social-de-337-empresas-con-el-sello-rsa\\\/#organizationLogo\"},\"sameAs\":[\"https:\\\/\\\/facebook.com\\\/eldigitaldeasturias\",\"https:\\\/\\\/www.youtube.com\\\/channel\\\/UCZP-2wLEB9Rv6erhFmqVnvg\"],\"address\":{\"@id\":\"https:\\\/\\\/www.eldigitaldeasturias.com\\\/noticias\\\/#postaladdress\",\"@type\":\"PostalAddress\",\"streetAddress\":\"san antonio 4,\",\"postalCode\":\"33430\",\"addressLocality\":\"Cand\\u00e1s\",\"addressRegion\":\"Asturias\",\"addressCountry\":\"ES\"}},{\"@type\":\"Person\",\"@id\":\"https:\\\/\\\/www.eldigitaldeasturias.com\\\/noticias\\\/author\\\/admin\\\/#author\",\"url\":\"https:\\\/\\\/www.eldigitaldeasturias.com\\\/noticias\\\/author\\\/admin\\\/\",\"name\":\"El Digital de Asturias\",\"image\":{\"@type\":\"ImageObject\",\"@id\":\"https:\\\/\\\/www.eldigitaldeasturias.com\\\/noticias\\\/aragon-distinguira-la-responsabilidad-social-de-337-empresas-con-el-sello-rsa\\\/#authorImage\",\"url\":\"https:\\\/\\\/www.eldigitaldeasturias.com\\\/noticias\\\/wp-content\\\/litespeed\\\/avatar\\\/18677e78aa0546b92d9dbf31ec7d7668.jpg?ver=1777290358\",\"width\":96,\"height\":96,\"caption\":\"El Digital de Asturias\"}},{\"@type\":\"WebPage\",\"@id\":\"https:\\\/\\\/www.eldigitaldeasturias.com\\\/noticias\\\/aragon-distinguira-la-responsabilidad-social-de-337-empresas-con-el-sello-rsa\\\/#webpage\",\"url\":\"https:\\\/\\\/www.eldigitaldeasturias.com\\\/noticias\\\/aragon-distinguira-la-responsabilidad-social-de-337-empresas-con-el-sello-rsa\\\/\",\"name\":\"Arag\\u00f3n distinguir\\u00e1 la responsabilidad social de 337 empresas con el Sello RSA - El Digital de Asturias\",\"description\":\"Un total de 377 aut\\u00f3nomos\\\/as, pymes, empresas y organizaciones recibir\\u00e1n el 18 de diciembre el Sello de la Responsabilidad Social de Arag\\u00f3n (RSA), lo que significa que poseer\\u00e1n durante todo el 2018 esta acreditaci\\u00f3n que debe renovarse anualmente. As\\u00ed lo ha decidido en su \\u00faltima reuni\\u00f3n la Mesa de la Responsabilidad Social de Arag\\u00f3n, que\",\"inLanguage\":\"es-ES\",\"isPartOf\":{\"@id\":\"https:\\\/\\\/www.eldigitaldeasturias.com\\\/noticias\\\/#website\"},\"breadcrumb\":{\"@id\":\"https:\\\/\\\/www.eldigitaldeasturias.com\\\/noticias\\\/aragon-distinguira-la-responsabilidad-social-de-337-empresas-con-el-sello-rsa\\\/#breadcrumblist\"},\"author\":{\"@id\":\"https:\\\/\\\/www.eldigitaldeasturias.com\\\/noticias\\\/author\\\/admin\\\/#author\"},\"creator\":{\"@id\":\"https:\\\/\\\/www.eldigitaldeasturias.com\\\/noticias\\\/author\\\/admin\\\/#author\"},\"image\":{\"@type\":\"ImageObject\",\"url\":\"https:\\\/\\\/www.eldigitaldeasturias.com\\\/noticias\\\/wp-content\\\/uploads\\\/2017\\\/12\\\/imagenes_RSA_3f99b25b.png\",\"@id\":\"https:\\\/\\\/www.eldigitaldeasturias.com\\\/noticias\\\/aragon-distinguira-la-responsabilidad-social-de-337-empresas-con-el-sello-rsa\\\/#mainImage\",\"width\":700,\"height\":310},\"primaryImageOfPage\":{\"@id\":\"https:\\\/\\\/www.eldigitaldeasturias.com\\\/noticias\\\/aragon-distinguira-la-responsabilidad-social-de-337-empresas-con-el-sello-rsa\\\/#mainImage\"},\"datePublished\":\"2017-12-09T22:41:59+01:00\",\"dateModified\":\"2017-12-09T22:41:59+01:00\"},{\"@type\":\"WebSite\",\"@id\":\"https:\\\/\\\/www.eldigitaldeasturias.com\\\/noticias\\\/#website\",\"url\":\"https:\\\/\\\/www.eldigitaldeasturias.com\\\/noticias\\\/\",\"name\":\"El Digital de Asturias - Diario de actualidad y noticias\",\"alternateName\":\"El Digital de Asturias - Diario de actualidad y noticias\",\"description\":\"Hemeroteca\",\"inLanguage\":\"es-ES\",\"publisher\":{\"@id\":\"https:\\\/\\\/www.eldigitaldeasturias.com\\\/noticias\\\/#organization\"}}]}\n\t\t<\/script>\n\t\t<!-- All in One SEO Pro -->\r\n\t\t<title>Arag\u00f3n distinguir\u00e1 la responsabilidad social de 337 empresas con el Sello RSA - El Digital de Asturias<\/title>\n\n","aioseo_head_json":{"title":"Arag\u00f3n distinguir\u00e1 la responsabilidad social de 337 empresas con el Sello RSA - El Digital de Asturias","description":"Un total de 377 aut\u00f3nomos\/as, pymes, empresas y organizaciones recibir\u00e1n el 18 de diciembre el Sello de la Responsabilidad Social de Arag\u00f3n (RSA), lo que significa que poseer\u00e1n durante todo el 2018 esta acreditaci\u00f3n que debe renovarse anualmente. As\u00ed lo ha decidido en su \u00faltima reuni\u00f3n la Mesa de la Responsabilidad Social de Arag\u00f3n, que","canonical_url":"https:\/\/www.eldigitaldeasturias.com\/noticias\/aragon-distinguira-la-responsabilidad-social-de-337-empresas-con-el-sello-rsa\/","robots":"max-image-preview:large","keywords":"econom\u00eda","webmasterTools":{"google-site-verification":"UA-38556648-1","msvalidate.01":"7dfe9f3f1b24437ab69f4f2559babe99","miscellaneous":""},"schema":{"@context":"https:\/\/schema.org","@graph":[{"@type":"BlogPosting","@id":"https:\/\/www.eldigitaldeasturias.com\/noticias\/aragon-distinguira-la-responsabilidad-social-de-337-empresas-con-el-sello-rsa\/#blogposting","name":"Arag\u00f3n distinguir\u00e1 la responsabilidad social de 337 empresas con el Sello RSA - El Digital de Asturias","headline":"Arag\u00f3n distinguir\u00e1 la responsabilidad social de 337 empresas con el Sello RSA","author":{"@id":"https:\/\/www.eldigitaldeasturias.com\/noticias\/author\/admin\/#author"},"publisher":{"@id":"https:\/\/www.eldigitaldeasturias.com\/noticias\/#organization"},"image":{"@type":"ImageObject","url":"https:\/\/www.eldigitaldeasturias.com\/noticias\/wp-content\/uploads\/2017\/12\/imagenes_RSA_3f99b25b.png","width":700,"height":310},"datePublished":"2017-12-09T22:41:59+01:00","dateModified":"2017-12-09T22:41:59+01:00","inLanguage":"es-ES","mainEntityOfPage":{"@id":"https:\/\/www.eldigitaldeasturias.com\/noticias\/aragon-distinguira-la-responsabilidad-social-de-337-empresas-con-el-sello-rsa\/#webpage"},"isPartOf":{"@id":"https:\/\/www.eldigitaldeasturias.com\/noticias\/aragon-distinguira-la-responsabilidad-social-de-337-empresas-con-el-sello-rsa\/#webpage"},"articleSection":"Econom\u00eda"},{"@type":"BreadcrumbList","@id":"https:\/\/www.eldigitaldeasturias.com\/noticias\/aragon-distinguira-la-responsabilidad-social-de-337-empresas-con-el-sello-rsa\/#breadcrumblist","itemListElement":[{"@type":"ListItem","@id":"https:\/\/www.eldigitaldeasturias.com\/noticias#listItem","position":1,"name":"Home","item":"https:\/\/www.eldigitaldeasturias.com\/noticias","nextItem":{"@type":"ListItem","@id":"https:\/\/www.eldigitaldeasturias.com\/noticias\/category\/economia\/#listItem","name":"Econom\u00eda"}},{"@type":"ListItem","@id":"https:\/\/www.eldigitaldeasturias.com\/noticias\/category\/economia\/#listItem","position":2,"name":"Econom\u00eda","item":"https:\/\/www.eldigitaldeasturias.com\/noticias\/category\/economia\/","nextItem":{"@type":"ListItem","@id":"https:\/\/www.eldigitaldeasturias.com\/noticias\/aragon-distinguira-la-responsabilidad-social-de-337-empresas-con-el-sello-rsa\/#listItem","name":"Arag\u00f3n distinguir\u00e1 la responsabilidad social de 337 empresas con el Sello RSA"},"previousItem":{"@type":"ListItem","@id":"https:\/\/www.eldigitaldeasturias.com\/noticias#listItem","name":"Home"}},{"@type":"ListItem","@id":"https:\/\/www.eldigitaldeasturias.com\/noticias\/aragon-distinguira-la-responsabilidad-social-de-337-empresas-con-el-sello-rsa\/#listItem","position":3,"name":"Arag\u00f3n distinguir\u00e1 la responsabilidad social de 337 empresas con el Sello RSA","previousItem":{"@type":"ListItem","@id":"https:\/\/www.eldigitaldeasturias.com\/noticias\/category\/economia\/#listItem","name":"Econom\u00eda"}}]},{"@type":"Organization","@id":"https:\/\/www.eldigitaldeasturias.com\/noticias\/#organization","name":"El Digital de Asturias","description":"Hemeroteca","url":"https:\/\/www.eldigitaldeasturias.com\/noticias\/","email":"info@eldigitaldeasturias.com","telephone":"+34652131393","logo":{"@type":"ImageObject","url":"https:\/\/www.eldigitaldeasturias.com\/noticias\/wp-content\/uploads\/2020\/12\/EDA.jpg","@id":"https:\/\/www.eldigitaldeasturias.com\/noticias\/aragon-distinguira-la-responsabilidad-social-de-337-empresas-con-el-sello-rsa\/#organizationLogo","width":649,"height":297},"image":{"@id":"https:\/\/www.eldigitaldeasturias.com\/noticias\/aragon-distinguira-la-responsabilidad-social-de-337-empresas-con-el-sello-rsa\/#organizationLogo"},"sameAs":["https:\/\/facebook.com\/eldigitaldeasturias","https:\/\/www.youtube.com\/channel\/UCZP-2wLEB9Rv6erhFmqVnvg"],"address":{"@id":"https:\/\/www.eldigitaldeasturias.com\/noticias\/#postaladdress","@type":"PostalAddress","streetAddress":"san antonio 4,","postalCode":"33430","addressLocality":"Cand\u00e1s","addressRegion":"Asturias","addressCountry":"ES"}},{"@type":"Person","@id":"https:\/\/www.eldigitaldeasturias.com\/noticias\/author\/admin\/#author","url":"https:\/\/www.eldigitaldeasturias.com\/noticias\/author\/admin\/","name":"El Digital de Asturias","image":{"@type":"ImageObject","@id":"https:\/\/www.eldigitaldeasturias.com\/noticias\/aragon-distinguira-la-responsabilidad-social-de-337-empresas-con-el-sello-rsa\/#authorImage","url":"https:\/\/www.eldigitaldeasturias.com\/noticias\/wp-content\/litespeed\/avatar\/18677e78aa0546b92d9dbf31ec7d7668.jpg?ver=1777290358","width":96,"height":96,"caption":"El Digital de Asturias"}},{"@type":"WebPage","@id":"https:\/\/www.eldigitaldeasturias.com\/noticias\/aragon-distinguira-la-responsabilidad-social-de-337-empresas-con-el-sello-rsa\/#webpage","url":"https:\/\/www.eldigitaldeasturias.com\/noticias\/aragon-distinguira-la-responsabilidad-social-de-337-empresas-con-el-sello-rsa\/","name":"Arag\u00f3n distinguir\u00e1 la responsabilidad social de 337 empresas con el Sello RSA - El Digital de Asturias","description":"Un total de 377 aut\u00f3nomos\/as, pymes, empresas y organizaciones recibir\u00e1n el 18 de diciembre el Sello de la Responsabilidad Social de Arag\u00f3n (RSA), lo que significa que poseer\u00e1n durante todo el 2018 esta acreditaci\u00f3n que debe renovarse anualmente. As\u00ed lo ha decidido en su \u00faltima reuni\u00f3n la Mesa de la Responsabilidad Social de Arag\u00f3n, que","inLanguage":"es-ES","isPartOf":{"@id":"https:\/\/www.eldigitaldeasturias.com\/noticias\/#website"},"breadcrumb":{"@id":"https:\/\/www.eldigitaldeasturias.com\/noticias\/aragon-distinguira-la-responsabilidad-social-de-337-empresas-con-el-sello-rsa\/#breadcrumblist"},"author":{"@id":"https:\/\/www.eldigitaldeasturias.com\/noticias\/author\/admin\/#author"},"creator":{"@id":"https:\/\/www.eldigitaldeasturias.com\/noticias\/author\/admin\/#author"},"image":{"@type":"ImageObject","url":"https:\/\/www.eldigitaldeasturias.com\/noticias\/wp-content\/uploads\/2017\/12\/imagenes_RSA_3f99b25b.png","@id":"https:\/\/www.eldigitaldeasturias.com\/noticias\/aragon-distinguira-la-responsabilidad-social-de-337-empresas-con-el-sello-rsa\/#mainImage","width":700,"height":310},"primaryImageOfPage":{"@id":"https:\/\/www.eldigitaldeasturias.com\/noticias\/aragon-distinguira-la-responsabilidad-social-de-337-empresas-con-el-sello-rsa\/#mainImage"},"datePublished":"2017-12-09T22:41:59+01:00","dateModified":"2017-12-09T22:41:59+01:00"},{"@type":"WebSite","@id":"https:\/\/www.eldigitaldeasturias.com\/noticias\/#website","url":"https:\/\/www.eldigitaldeasturias.com\/noticias\/","name":"El Digital de Asturias - Diario de actualidad y noticias","alternateName":"El Digital de Asturias - Diario de actualidad y noticias","description":"Hemeroteca","inLanguage":"es-ES","publisher":{"@id":"https:\/\/www.eldigitaldeasturias.com\/noticias\/#organization"}}]},"og:locale":"es_ES","og:site_name":"El Digital de Asturias","og:type":"article","og:title":"Arag\u00f3n distinguir\u00e1 la responsabilidad social de 337 empresas con el Sello RSA - El Digital de Asturias","og:description":"Un total de 377 aut\u00f3nomos\/as, pymes, empresas y organizaciones recibir\u00e1n el 18 de diciembre el Sello de la Responsabilidad Social de Arag\u00f3n (RSA), lo que significa que poseer\u00e1n durante todo el 2018 esta acreditaci\u00f3n que debe renovarse anualmente. As\u00ed lo ha decidido en su \u00faltima reuni\u00f3n la Mesa de la Responsabilidad Social de Arag\u00f3n, que","og:url":"https:\/\/www.eldigitaldeasturias.com\/noticias\/aragon-distinguira-la-responsabilidad-social-de-337-empresas-con-el-sello-rsa\/","og:image":"https:\/\/www.eldigitaldeasturias.com\/noticias\/wp-content\/uploads\/2017\/12\/imagenes_RSA_3f99b25b.png","og:image:secure_url":"https:\/\/www.eldigitaldeasturias.com\/noticias\/wp-content\/uploads\/2017\/12\/imagenes_RSA_3f99b25b.png","og:image:width":700,"og:image:height":310,"article:tag":["econom\u00eda"],"article:published_time":"2017-12-09T22:41:59+00:00","article:modified_time":"2017-12-09T22:41:59+00:00","article:publisher":"https:\/\/facebook.com\/eldigitaldeasturias","twitter:card":"summary_large_image","twitter:title":"Arag\u00f3n distinguir\u00e1 la responsabilidad social de 337 empresas con el Sello RSA - El Digital de Asturias","twitter:description":"Un total de 377 aut\u00f3nomos\/as, pymes, empresas y organizaciones recibir\u00e1n el 18 de diciembre el Sello de la Responsabilidad Social de Arag\u00f3n (RSA), lo que significa que poseer\u00e1n durante todo el 2018 esta acreditaci\u00f3n que debe renovarse anualmente. As\u00ed lo ha decidido en su \u00faltima reuni\u00f3n la Mesa de la Responsabilidad Social de Arag\u00f3n, que","twitter:image":"https:\/\/www.eldigitaldeasturias.com\/noticias\/wp-content\/uploads\/2017\/12\/imagenes_RSA_3f99b25b.png","twitter:label1":"Escrito por","twitter:data1":"El Digital de Asturias","twitter:label2":"Tiempo de lectura estimado","twitter:data2":"3 minutos"},"aioseo_meta_data":{"post_id":"962869","title":null,"description":null,"keywords":null,"keyphrases":null,"primary_term":null,"canonical_url":null,"og_title":null,"og_description":null,"og_object_type":"default","og_image_type":"default","og_image_url":null,"og_image_width":null,"og_image_height":null,"og_image_custom_url":null,"og_image_custom_fields":null,"og_video":null,"og_custom_url":null,"og_article_section":null,"og_article_tags":null,"twitter_use_og":false,"twitter_card":"default","twitter_image_type":"default","twitter_image_url":null,"twitter_image_custom_url":null,"twitter_image_custom_fields":null,"twitter_title":null,"twitter_description":null,"schema":{"blockGraphs":[],"customGraphs":[],"default":{"data":{"Article":[],"Course":[],"Dataset":[],"FAQPage":[],"Movie":[],"Person":[],"Product":[],"ProductReview":[],"Car":[],"Recipe":[],"Service":[],"SoftwareApplication":[],"WebPage":[]},"graphName":"","isEnabled":true},"graphs":[],"defaultGraph":"","defaultPostTypeGraph":""},"schema_type":null,"schema_type_options":null,"pillar_content":false,"robots_default":true,"robots_noindex":false,"robots_noarchive":false,"robots_nosnippet":false,"robots_nofollow":false,"robots_noimageindex":false,"robots_noodp":false,"robots_notranslate":false,"robots_max_snippet":null,"robots_max_videopreview":null,"robots_max_imagepreview":"large","priority":null,"frequency":null,"local_seo":null,"seo_analyzer_scan_date":"2025-12-07 14:00:58","breadcrumb_settings":null,"limit_modified_date":false,"open_ai":null,"ai":null,"created":"2020-12-21 12:45:41","updated":"2025-12-07 14:00:58"},"aioseo_breadcrumb":"<div class=\"aioseo-breadcrumbs\"><span class=\"aioseo-breadcrumb\">\n\t<a href=\"https:\/\/www.eldigitaldeasturias.com\/noticias\" title=\"Home\">Home<\/a>\n<\/span><span class=\"aioseo-breadcrumb-separator\">\u2013<\/span><span class=\"aioseo-breadcrumb\">\n\t<a href=\"https:\/\/www.eldigitaldeasturias.com\/noticias\/category\/economia\/\" title=\"Econom\u00eda\">Econom\u00eda<\/a>\n<\/span><span class=\"aioseo-breadcrumb-separator\">\u2013<\/span><span class=\"aioseo-breadcrumb\">\n\t<a href=\"https:\/\/www.eldigitaldeasturias.com\/noticias\/aragon-distinguira-la-responsabilidad-social-de-337-empresas-con-el-sello-rsa\/\" title=\"Arag\u00f3n distinguir\u00e1 la responsabilidad social de 337 empresas con el Sello RSA\">Arag\u00f3n distinguir\u00e1 la responsabilidad social de 337 empresas con el Sello RSA<\/a>\n<\/span><\/div>","aioseo_breadcrumb_json":[{"label":"Home","link":"https:\/\/www.eldigitaldeasturias.com\/noticias"},{"label":"Econom\u00eda","link":"https:\/\/www.eldigitaldeasturias.com\/noticias\/category\/economia\/"},{"label":"Arag\u00f3n distinguir\u00e1 la responsabilidad social de 337 empresas con el Sello RSA","link":"https:\/\/www.eldigitaldeasturias.com\/noticias\/aragon-distinguira-la-responsabilidad-social-de-337-empresas-con-el-sello-rsa\/"}],"_links":{"self":[{"href":"https:\/\/www.eldigitaldeasturias.com\/noticias\/wp-json\/wp\/v2\/posts\/962869","targetHints":{"allow":["GET"]}}],"collection":[{"href":"https:\/\/www.eldigitaldeasturias.com\/noticias\/wp-json\/wp\/v2\/posts"}],"about":[{"href":"https:\/\/www.eldigitaldeasturias.com\/noticias\/wp-json\/wp\/v2\/types\/post"}],"author":[{"embeddable":true,"href":"https:\/\/www.eldigitaldeasturias.com\/noticias\/wp-json\/wp\/v2\/users\/1"}],"replies":[{"embeddable":true,"href":"https:\/\/www.eldigitaldeasturias.com\/noticias\/wp-json\/wp\/v2\/comments?post=962869"}],"version-history":[{"count":0,"href":"https:\/\/www.eldigitaldeasturias.com\/noticias\/wp-json\/wp\/v2\/posts\/962869\/revisions"}],"wp:featuredmedia":[{"embeddable":true,"href":"https:\/\/www.eldigitaldeasturias.com\/noticias\/wp-json\/wp\/v2\/media\/962870"}],"wp:attachment":[{"href":"https:\/\/www.eldigitaldeasturias.com\/noticias\/wp-json\/wp\/v2\/media?parent=962869"}],"wp:term":[{"taxonomy":"category","embeddable":true,"href":"https:\/\/www.eldigitaldeasturias.com\/noticias\/wp-json\/wp\/v2\/categories?post=962869"},{"taxonomy":"post_tag","embeddable":true,"href":"https:\/\/www.eldigitaldeasturias.com\/noticias\/wp-json\/wp\/v2\/tags?post=962869"}],"curies":[{"name":"wp","href":"https:\/\/api.w.org\/{rel}","templated":true}]}}