{"id":962817,"date":"2017-12-08T22:15:03","date_gmt":"2017-12-08T22:15:03","guid":{"rendered":"http:\/\/www.eldigitaldeasturias.com\/noticias\/?p=962817"},"modified":"2017-12-08T22:15:03","modified_gmt":"2017-12-08T22:15:03","slug":"rajoy-el-voto-al-pp-es-un-voto-seguro","status":"publish","type":"post","link":"https:\/\/www.eldigitaldeasturias.com\/noticias\/rajoy-el-voto-al-pp-es-un-voto-seguro\/","title":{"rendered":"Rajoy: \u201cEl voto al PP es un voto seguro\u00bb"},"content":{"rendered":"<p><img loading=\"lazy\" decoding=\"async\" class=\"alignleft size-medium wp-image-962818\" src=\"https:\/\/www.eldigitaldeasturias.com\/noticias\/wp-content\/uploads\/2017\/12\/38915319271_94906b3feb_z-360x231.jpg\" alt=\"\" width=\"360\" height=\"231\" \/>El presidente del Partido Popular, Mariano Rajoy, ha solicitado esta ma\u00f1ana el voto para Xavier Garc\u00eda Albiol el pr\u00f3ximo 21 de diciembre, ya que el l\u00edder catal\u00e1n no se va a poner al servicio de ninguna causa de la que nadie tenga que arrepentirse nunca.<\/p>\n<p>As\u00ed, Rajoy ha declarado que el voto para el Partido Popular representa la defenda de nuestra Constituci\u00f3n, la ley, la soberan\u00eda nacional, el crecimiento econ\u00f3mico, la creaci\u00f3n de empleo y la atenci\u00f3n a los problemas que verderamente les importan a los ciudadanos. \u201cOs pido el voto para empezar una nueva etapa en la que se atiendan los problemas de las personas y se dejen a un lado las enso\u00f1aciones y las quimeras de algunos dirigentes pol\u00edticos\u201d, ha expresado el presidente del Gobierno.<\/p>\n<p>Prescisamente, y en esta semana que se cumple el 39 aniversario de la Constituci\u00f3n Espa\u00f1ola, el presidente del Gobierno la ha definido, en grandes rasgos, como \u201cun espacio de soluciones que garantiza nuestra convivencia en libertad\u201d.<\/p>\n<p>Asimismo ha querido poner de manifiesto que, gracias a la acci\u00f3n tomada por su gobierno con la aplicaci\u00f3n del art\u00edculo 155 de la Constituci\u00f3n, \u201cla deriva de la ley de los gobernantes, su intento de romper todo y la declaraci\u00f3n de independencia en Catalu\u00f1a han sido frenadas en seco con la ley en la mano, que es lo que se hace en los pa\u00edses democr\u00e1ticos con Constituciones democr\u00e1ticas\u201d.<\/p>\n<p><strong>VALORA EL PRINCIPIO DE ACUERDO ENTRE LA UE Y EL REINO UNIDO COMO \u201cBUENA NOTICIA\u201d.<\/strong><\/p>\n<p>Antes del comienzo del acto celebrado en Lleida, Mariano Rajoy ha atendido a los medios, donde ha realizado declaraciones acerca del principio de acuerdo, ayer, entre la UE y el Reino Unido con motivo del Brexit.<\/p>\n<p>Rajoy ha indicado, al respecto, que es una \u201cbuena noticia porque evita el riesgo de una ruptura traum\u00e1tica\u201d, y se hace respetando las leyes en vigor y los procedimientos comunitarios.<\/p>\n<p>&nbsp;<\/p>\n","protected":false},"excerpt":{"rendered":"<p>El presidente del Partido Popular, Mariano Rajoy, ha solicitado esta ma\u00f1ana el voto para Xavier Garc\u00eda Albiol el pr\u00f3ximo 21 de diciembre, ya que el l\u00edder catal\u00e1n no se va a poner al servicio de ninguna causa de la que nadie tenga que arrepentirse nunca. As\u00ed, Rajoy ha declarado que el voto para el Partido [&hellip;]<\/p>\n","protected":false},"author":1,"featured_media":962818,"comment_status":"closed","ping_status":"closed","sticky":false,"template":"","format":"standard","meta":{"footnotes":""},"categories":[1],"tags":[],"class_list":["post-962817","post","type-post","status-publish","format-standard","has-post-thumbnail","hentry","category-actualidad"],"aioseo_notices":[],"aioseo_head":"\n\t\t<!-- All in One SEO Pro 5.0.1 - aioseo.com -->\n\t<meta name=\"description\" content=\"El presidente del Partido Popular, Mariano Rajoy, ha solicitado esta ma\u00f1ana el voto para Xavier Garc\u00eda Albiol el pr\u00f3ximo 21 de diciembre, ya que el l\u00edder catal\u00e1n no se va a poner al servicio de ninguna causa de la que nadie tenga que arrepentirse nunca. As\u00ed, Rajoy ha declarado que el voto para el Partido\" \/>\n\t<meta name=\"robots\" content=\"max-image-preview:large\" \/>\n\t<meta name=\"author\" content=\"El Digital de Asturias\"\/>\n\t<meta name=\"google-site-verification\" content=\"UA-38556648-1\" \/>\n\t<meta name=\"msvalidate.01\" content=\"7dfe9f3f1b24437ab69f4f2559babe99\" \/>\n\t<meta name=\"keywords\" content=\"actualidad\" \/>\n\t<link rel=\"canonical\" href=\"https:\/\/www.eldigitaldeasturias.com\/noticias\/rajoy-el-voto-al-pp-es-un-voto-seguro\/\" \/>\n\t<meta name=\"generator\" content=\"All in One SEO Pro (AIOSEO) 5.0.1\" \/>\n\t\t<meta property=\"og:locale\" content=\"es_ES\" \/>\n\t\t<meta property=\"og:site_name\" content=\"El Digital de Asturias\" \/>\n\t\t<meta property=\"og:type\" content=\"article\" \/>\n\t\t<meta property=\"og:title\" content=\"Rajoy: \u201cEl voto al PP es un voto seguro\u00bb - El Digital de Asturias\" \/>\n\t\t<meta property=\"og:description\" content=\"El presidente del Partido Popular, Mariano Rajoy, ha solicitado esta ma\u00f1ana el voto para Xavier Garc\u00eda Albiol el pr\u00f3ximo 21 de diciembre, ya que el l\u00edder catal\u00e1n no se va a poner al servicio de ninguna causa de la que nadie tenga que arrepentirse nunca. As\u00ed, Rajoy ha declarado que el voto para el Partido\" \/>\n\t\t<meta property=\"og:url\" content=\"https:\/\/www.eldigitaldeasturias.com\/noticias\/rajoy-el-voto-al-pp-es-un-voto-seguro\/\" \/>\n\t\t<meta property=\"article:tag\" content=\"actualidad\" \/>\n\t\t<meta property=\"article:published_time\" content=\"2017-12-08T22:15:03+00:00\" \/>\n\t\t<meta property=\"article:modified_time\" content=\"2017-12-08T22:15:03+00:00\" \/>\n\t\t<meta property=\"article:publisher\" content=\"https:\/\/facebook.com\/eldigitaldeasturias\" \/>\n\t\t<meta name=\"twitter:card\" content=\"summary_large_image\" \/>\n\t\t<meta name=\"twitter:title\" content=\"Rajoy: \u201cEl voto al PP es un voto seguro\u00bb - El Digital de Asturias\" \/>\n\t\t<meta name=\"twitter:description\" content=\"El presidente del Partido Popular, Mariano Rajoy, ha solicitado esta ma\u00f1ana el voto para Xavier Garc\u00eda Albiol el pr\u00f3ximo 21 de diciembre, ya que el l\u00edder catal\u00e1n no se va a poner al servicio de ninguna causa de la que nadie tenga que arrepentirse nunca. As\u00ed, Rajoy ha declarado que el voto para el Partido\" \/>\n\t\t<meta name=\"twitter:image\" content=\"https:\/\/www.eldigitaldeasturias.com\/noticias\/wp-content\/uploads\/2020\/12\/EDA-1.jpg\" \/>\n\t\t<meta name=\"twitter:label1\" content=\"Escrito por\" \/>\n\t\t<meta name=\"twitter:data1\" content=\"El Digital de Asturias\" \/>\n\t\t<meta name=\"twitter:label2\" content=\"Tiempo de lectura estimado\" \/>\n\t\t<meta name=\"twitter:data2\" content=\"2 minutos\" \/>\n\t\t<script type=\"application\/ld+json\" class=\"aioseo-schema\">\n\t\t\t{\"@context\":\"https:\\\/\\\/schema.org\",\"@graph\":[{\"@type\":\"BlogPosting\",\"@id\":\"https:\\\/\\\/www.eldigitaldeasturias.com\\\/noticias\\\/rajoy-el-voto-al-pp-es-un-voto-seguro\\\/#blogposting\",\"name\":\"Rajoy: \\u201cEl voto al PP es un voto seguro\\u00bb - El Digital de Asturias\",\"headline\":\"Rajoy: \\u201cEl voto al PP es un voto seguro\\u00bb\",\"author\":{\"@id\":\"https:\\\/\\\/www.eldigitaldeasturias.com\\\/noticias\\\/author\\\/admin\\\/#author\"},\"publisher\":{\"@id\":\"https:\\\/\\\/www.eldigitaldeasturias.com\\\/noticias\\\/#organization\"},\"image\":{\"@type\":\"ImageObject\",\"url\":962818},\"datePublished\":\"2017-12-08T22:15:03+01:00\",\"dateModified\":\"2017-12-08T22:15:03+01:00\",\"inLanguage\":\"es-ES\",\"mainEntityOfPage\":{\"@id\":\"https:\\\/\\\/www.eldigitaldeasturias.com\\\/noticias\\\/rajoy-el-voto-al-pp-es-un-voto-seguro\\\/#webpage\"},\"isPartOf\":{\"@id\":\"https:\\\/\\\/www.eldigitaldeasturias.com\\\/noticias\\\/rajoy-el-voto-al-pp-es-un-voto-seguro\\\/#webpage\"},\"articleSection\":\"Actualidad\"},{\"@type\":\"BreadcrumbList\",\"@id\":\"https:\\\/\\\/www.eldigitaldeasturias.com\\\/noticias\\\/rajoy-el-voto-al-pp-es-un-voto-seguro\\\/#breadcrumblist\",\"itemListElement\":[{\"@type\":\"ListItem\",\"@id\":\"https:\\\/\\\/www.eldigitaldeasturias.com\\\/noticias#listItem\",\"position\":1,\"name\":\"Home\",\"item\":\"https:\\\/\\\/www.eldigitaldeasturias.com\\\/noticias\",\"nextItem\":{\"@type\":\"ListItem\",\"@id\":\"https:\\\/\\\/www.eldigitaldeasturias.com\\\/noticias\\\/category\\\/actualidad\\\/#listItem\",\"name\":\"Actualidad\"}},{\"@type\":\"ListItem\",\"@id\":\"https:\\\/\\\/www.eldigitaldeasturias.com\\\/noticias\\\/category\\\/actualidad\\\/#listItem\",\"position\":2,\"name\":\"Actualidad\",\"item\":\"https:\\\/\\\/www.eldigitaldeasturias.com\\\/noticias\\\/category\\\/actualidad\\\/\",\"nextItem\":{\"@type\":\"ListItem\",\"@id\":\"https:\\\/\\\/www.eldigitaldeasturias.com\\\/noticias\\\/rajoy-el-voto-al-pp-es-un-voto-seguro\\\/#listItem\",\"name\":\"Rajoy: \\u201cEl voto al PP es un voto seguro\\u00bb\"},\"previousItem\":{\"@type\":\"ListItem\",\"@id\":\"https:\\\/\\\/www.eldigitaldeasturias.com\\\/noticias#listItem\",\"name\":\"Home\"}},{\"@type\":\"ListItem\",\"@id\":\"https:\\\/\\\/www.eldigitaldeasturias.com\\\/noticias\\\/rajoy-el-voto-al-pp-es-un-voto-seguro\\\/#listItem\",\"position\":3,\"name\":\"Rajoy: \\u201cEl voto al PP es un voto seguro\\u00bb\",\"previousItem\":{\"@type\":\"ListItem\",\"@id\":\"https:\\\/\\\/www.eldigitaldeasturias.com\\\/noticias\\\/category\\\/actualidad\\\/#listItem\",\"name\":\"Actualidad\"}}]},{\"@type\":\"Organization\",\"@id\":\"https:\\\/\\\/www.eldigitaldeasturias.com\\\/noticias\\\/#organization\",\"name\":\"El Digital de Asturias\",\"description\":\"Hemeroteca\",\"url\":\"https:\\\/\\\/www.eldigitaldeasturias.com\\\/noticias\\\/\",\"email\":\"info@eldigitaldeasturias.com\",\"telephone\":\"+34652131393\",\"logo\":{\"@type\":\"ImageObject\",\"url\":\"https:\\\/\\\/www.eldigitaldeasturias.com\\\/noticias\\\/wp-content\\\/uploads\\\/2020\\\/12\\\/EDA.jpg\",\"@id\":\"https:\\\/\\\/www.eldigitaldeasturias.com\\\/noticias\\\/rajoy-el-voto-al-pp-es-un-voto-seguro\\\/#organizationLogo\"},\"image\":{\"@id\":\"https:\\\/\\\/www.eldigitaldeasturias.com\\\/noticias\\\/rajoy-el-voto-al-pp-es-un-voto-seguro\\\/#organizationLogo\"},\"sameAs\":[\"https:\\\/\\\/facebook.com\\\/eldigitaldeasturias\",\"https:\\\/\\\/www.youtube.com\\\/channel\\\/UCZP-2wLEB9Rv6erhFmqVnvg\"],\"address\":{\"@id\":\"https:\\\/\\\/www.eldigitaldeasturias.com\\\/noticias\\\/#postaladdress\",\"@type\":\"PostalAddress\",\"streetAddress\":\"san antonio 4\",\"postalCode\":\"33430\",\"addressLocality\":\"Cand\\u00e1s\",\"addressRegion\":\"Asturias\",\"addressCountry\":\"ES\"}},{\"@type\":\"Person\",\"@id\":\"https:\\\/\\\/www.eldigitaldeasturias.com\\\/noticias\\\/author\\\/admin\\\/#author\",\"url\":\"https:\\\/\\\/www.eldigitaldeasturias.com\\\/noticias\\\/author\\\/admin\\\/\",\"name\":\"El Digital de Asturias\",\"image\":{\"@type\":\"ImageObject\",\"@id\":\"https:\\\/\\\/www.eldigitaldeasturias.com\\\/noticias\\\/rajoy-el-voto-al-pp-es-un-voto-seguro\\\/#authorImage\",\"url\":\"https:\\\/\\\/secure.gravatar.com\\\/avatar\\\/df2aeffc32bcd13f8d26072ef8a91b623d677766deac7f97ca815868cd41bf5e?s=96&d=mm&r=g\",\"width\":96,\"height\":96,\"caption\":\"El Digital de Asturias\"}},{\"@type\":\"WebPage\",\"@id\":\"https:\\\/\\\/www.eldigitaldeasturias.com\\\/noticias\\\/rajoy-el-voto-al-pp-es-un-voto-seguro\\\/#webpage\",\"url\":\"https:\\\/\\\/www.eldigitaldeasturias.com\\\/noticias\\\/rajoy-el-voto-al-pp-es-un-voto-seguro\\\/\",\"name\":\"Rajoy: \\u201cEl voto al PP es un voto seguro\\u00bb - El Digital de Asturias\",\"description\":\"El presidente del Partido Popular, Mariano Rajoy, ha solicitado esta ma\\u00f1ana el voto para Xavier Garc\\u00eda Albiol el pr\\u00f3ximo 21 de diciembre, ya que el l\\u00edder catal\\u00e1n no se va a poner al servicio de ninguna causa de la que nadie tenga que arrepentirse nunca. As\\u00ed, Rajoy ha declarado que el voto para el Partido\",\"inLanguage\":\"es-ES\",\"isPartOf\":{\"@id\":\"https:\\\/\\\/www.eldigitaldeasturias.com\\\/noticias\\\/#website\"},\"breadcrumb\":{\"@id\":\"https:\\\/\\\/www.eldigitaldeasturias.com\\\/noticias\\\/rajoy-el-voto-al-pp-es-un-voto-seguro\\\/#breadcrumblist\"},\"author\":{\"@id\":\"https:\\\/\\\/www.eldigitaldeasturias.com\\\/noticias\\\/author\\\/admin\\\/#author\"},\"creator\":{\"@id\":\"https:\\\/\\\/www.eldigitaldeasturias.com\\\/noticias\\\/author\\\/admin\\\/#author\"},\"image\":{\"@type\":\"ImageObject\",\"url\":962818,\"@id\":\"https:\\\/\\\/www.eldigitaldeasturias.com\\\/noticias\\\/rajoy-el-voto-al-pp-es-un-voto-seguro\\\/#mainImage\"},\"primaryImageOfPage\":{\"@id\":\"https:\\\/\\\/www.eldigitaldeasturias.com\\\/noticias\\\/rajoy-el-voto-al-pp-es-un-voto-seguro\\\/#mainImage\"},\"datePublished\":\"2017-12-08T22:15:03+01:00\",\"dateModified\":\"2017-12-08T22:15:03+01:00\"},{\"@type\":\"WebSite\",\"@id\":\"https:\\\/\\\/www.eldigitaldeasturias.com\\\/noticias\\\/#website\",\"url\":\"https:\\\/\\\/www.eldigitaldeasturias.com\\\/noticias\\\/\",\"name\":\"El Digital de Asturias - Diario de actualidad y noticias\",\"alternateName\":\"El Digital de Asturias - Diario de actualidad y noticias\",\"description\":\"Hemeroteca\",\"inLanguage\":\"es-ES\",\"publisher\":{\"@id\":\"https:\\\/\\\/www.eldigitaldeasturias.com\\\/noticias\\\/#organization\"}}]}\n\t\t<\/script>\n\t\t<!-- All in One SEO Pro -->\r\n\t\t<title>Rajoy: \u201cEl voto al PP es un voto seguro\u00bb - El Digital de Asturias<\/title>\n\n","aioseo_head_json":{"title":"Rajoy: \u201cEl voto al PP es un voto seguro\u00bb - El Digital de Asturias","description":"El presidente del Partido Popular, Mariano Rajoy, ha solicitado esta ma\u00f1ana el voto para Xavier Garc\u00eda Albiol el pr\u00f3ximo 21 de diciembre, ya que el l\u00edder catal\u00e1n no se va a poner al servicio de ninguna causa de la que nadie tenga que arrepentirse nunca. As\u00ed, Rajoy ha declarado que el voto para el Partido","canonical_url":"https:\/\/www.eldigitaldeasturias.com\/noticias\/rajoy-el-voto-al-pp-es-un-voto-seguro\/","robots":"max-image-preview:large","keywords":"actualidad","webmasterTools":{"google-site-verification":"UA-38556648-1","msvalidate.01":"7dfe9f3f1b24437ab69f4f2559babe99","miscellaneous":""},"schema":{"@context":"https:\/\/schema.org","@graph":[{"@type":"BlogPosting","@id":"https:\/\/www.eldigitaldeasturias.com\/noticias\/rajoy-el-voto-al-pp-es-un-voto-seguro\/#blogposting","name":"Rajoy: \u201cEl voto al PP es un voto seguro\u00bb - El Digital de Asturias","headline":"Rajoy: \u201cEl voto al PP es un voto seguro\u00bb","author":{"@id":"https:\/\/www.eldigitaldeasturias.com\/noticias\/author\/admin\/#author"},"publisher":{"@id":"https:\/\/www.eldigitaldeasturias.com\/noticias\/#organization"},"image":{"@type":"ImageObject","url":962818},"datePublished":"2017-12-08T22:15:03+01:00","dateModified":"2017-12-08T22:15:03+01:00","inLanguage":"es-ES","mainEntityOfPage":{"@id":"https:\/\/www.eldigitaldeasturias.com\/noticias\/rajoy-el-voto-al-pp-es-un-voto-seguro\/#webpage"},"isPartOf":{"@id":"https:\/\/www.eldigitaldeasturias.com\/noticias\/rajoy-el-voto-al-pp-es-un-voto-seguro\/#webpage"},"articleSection":"Actualidad"},{"@type":"BreadcrumbList","@id":"https:\/\/www.eldigitaldeasturias.com\/noticias\/rajoy-el-voto-al-pp-es-un-voto-seguro\/#breadcrumblist","itemListElement":[{"@type":"ListItem","@id":"https:\/\/www.eldigitaldeasturias.com\/noticias#listItem","position":1,"name":"Home","item":"https:\/\/www.eldigitaldeasturias.com\/noticias","nextItem":{"@type":"ListItem","@id":"https:\/\/www.eldigitaldeasturias.com\/noticias\/category\/actualidad\/#listItem","name":"Actualidad"}},{"@type":"ListItem","@id":"https:\/\/www.eldigitaldeasturias.com\/noticias\/category\/actualidad\/#listItem","position":2,"name":"Actualidad","item":"https:\/\/www.eldigitaldeasturias.com\/noticias\/category\/actualidad\/","nextItem":{"@type":"ListItem","@id":"https:\/\/www.eldigitaldeasturias.com\/noticias\/rajoy-el-voto-al-pp-es-un-voto-seguro\/#listItem","name":"Rajoy: \u201cEl voto al PP es un voto seguro\u00bb"},"previousItem":{"@type":"ListItem","@id":"https:\/\/www.eldigitaldeasturias.com\/noticias#listItem","name":"Home"}},{"@type":"ListItem","@id":"https:\/\/www.eldigitaldeasturias.com\/noticias\/rajoy-el-voto-al-pp-es-un-voto-seguro\/#listItem","position":3,"name":"Rajoy: \u201cEl voto al PP es un voto seguro\u00bb","previousItem":{"@type":"ListItem","@id":"https:\/\/www.eldigitaldeasturias.com\/noticias\/category\/actualidad\/#listItem","name":"Actualidad"}}]},{"@type":"Organization","@id":"https:\/\/www.eldigitaldeasturias.com\/noticias\/#organization","name":"El Digital de Asturias","description":"Hemeroteca","url":"https:\/\/www.eldigitaldeasturias.com\/noticias\/","email":"info@eldigitaldeasturias.com","telephone":"+34652131393","logo":{"@type":"ImageObject","url":"https:\/\/www.eldigitaldeasturias.com\/noticias\/wp-content\/uploads\/2020\/12\/EDA.jpg","@id":"https:\/\/www.eldigitaldeasturias.com\/noticias\/rajoy-el-voto-al-pp-es-un-voto-seguro\/#organizationLogo"},"image":{"@id":"https:\/\/www.eldigitaldeasturias.com\/noticias\/rajoy-el-voto-al-pp-es-un-voto-seguro\/#organizationLogo"},"sameAs":["https:\/\/facebook.com\/eldigitaldeasturias","https:\/\/www.youtube.com\/channel\/UCZP-2wLEB9Rv6erhFmqVnvg"],"address":{"@id":"https:\/\/www.eldigitaldeasturias.com\/noticias\/#postaladdress","@type":"PostalAddress","streetAddress":"san antonio 4","postalCode":"33430","addressLocality":"Cand\u00e1s","addressRegion":"Asturias","addressCountry":"ES"}},{"@type":"Person","@id":"https:\/\/www.eldigitaldeasturias.com\/noticias\/author\/admin\/#author","url":"https:\/\/www.eldigitaldeasturias.com\/noticias\/author\/admin\/","name":"El Digital de Asturias","image":{"@type":"ImageObject","@id":"https:\/\/www.eldigitaldeasturias.com\/noticias\/rajoy-el-voto-al-pp-es-un-voto-seguro\/#authorImage","url":"https:\/\/secure.gravatar.com\/avatar\/df2aeffc32bcd13f8d26072ef8a91b623d677766deac7f97ca815868cd41bf5e?s=96&d=mm&r=g","width":96,"height":96,"caption":"El Digital de Asturias"}},{"@type":"WebPage","@id":"https:\/\/www.eldigitaldeasturias.com\/noticias\/rajoy-el-voto-al-pp-es-un-voto-seguro\/#webpage","url":"https:\/\/www.eldigitaldeasturias.com\/noticias\/rajoy-el-voto-al-pp-es-un-voto-seguro\/","name":"Rajoy: \u201cEl voto al PP es un voto seguro\u00bb - El Digital de Asturias","description":"El presidente del Partido Popular, Mariano Rajoy, ha solicitado esta ma\u00f1ana el voto para Xavier Garc\u00eda Albiol el pr\u00f3ximo 21 de diciembre, ya que el l\u00edder catal\u00e1n no se va a poner al servicio de ninguna causa de la que nadie tenga que arrepentirse nunca. As\u00ed, Rajoy ha declarado que el voto para el Partido","inLanguage":"es-ES","isPartOf":{"@id":"https:\/\/www.eldigitaldeasturias.com\/noticias\/#website"},"breadcrumb":{"@id":"https:\/\/www.eldigitaldeasturias.com\/noticias\/rajoy-el-voto-al-pp-es-un-voto-seguro\/#breadcrumblist"},"author":{"@id":"https:\/\/www.eldigitaldeasturias.com\/noticias\/author\/admin\/#author"},"creator":{"@id":"https:\/\/www.eldigitaldeasturias.com\/noticias\/author\/admin\/#author"},"image":{"@type":"ImageObject","url":962818,"@id":"https:\/\/www.eldigitaldeasturias.com\/noticias\/rajoy-el-voto-al-pp-es-un-voto-seguro\/#mainImage"},"primaryImageOfPage":{"@id":"https:\/\/www.eldigitaldeasturias.com\/noticias\/rajoy-el-voto-al-pp-es-un-voto-seguro\/#mainImage"},"datePublished":"2017-12-08T22:15:03+01:00","dateModified":"2017-12-08T22:15:03+01:00"},{"@type":"WebSite","@id":"https:\/\/www.eldigitaldeasturias.com\/noticias\/#website","url":"https:\/\/www.eldigitaldeasturias.com\/noticias\/","name":"El Digital de Asturias - Diario de actualidad y noticias","alternateName":"El Digital de Asturias - Diario de actualidad y noticias","description":"Hemeroteca","inLanguage":"es-ES","publisher":{"@id":"https:\/\/www.eldigitaldeasturias.com\/noticias\/#organization"}}]},"og:locale":"es_ES","og:site_name":"El Digital de Asturias","og:type":"article","og:title":"Rajoy: \u201cEl voto al PP es un voto seguro\u00bb - El Digital de Asturias","og:description":"El presidente del Partido Popular, Mariano Rajoy, ha solicitado esta ma\u00f1ana el voto para Xavier Garc\u00eda Albiol el pr\u00f3ximo 21 de diciembre, ya que el l\u00edder catal\u00e1n no se va a poner al servicio de ninguna causa de la que nadie tenga que arrepentirse nunca. As\u00ed, Rajoy ha declarado que el voto para el Partido","og:url":"https:\/\/www.eldigitaldeasturias.com\/noticias\/rajoy-el-voto-al-pp-es-un-voto-seguro\/","article:tag":["actualidad"],"article:published_time":"2017-12-08T22:15:03+00:00","article:modified_time":"2017-12-08T22:15:03+00:00","article:publisher":"https:\/\/facebook.com\/eldigitaldeasturias","twitter:card":"summary_large_image","twitter:title":"Rajoy: \u201cEl voto al PP es un voto seguro\u00bb - El Digital de Asturias","twitter:description":"El presidente del Partido Popular, Mariano Rajoy, ha solicitado esta ma\u00f1ana el voto para Xavier Garc\u00eda Albiol el pr\u00f3ximo 21 de diciembre, ya que el l\u00edder catal\u00e1n no se va a poner al servicio de ninguna causa de la que nadie tenga que arrepentirse nunca. As\u00ed, Rajoy ha declarado que el voto para el Partido","twitter:image":"https:\/\/www.eldigitaldeasturias.com\/noticias\/wp-content\/uploads\/2020\/12\/EDA-1.jpg","twitter:label1":"Escrito por","twitter:data1":"El Digital de Asturias","twitter:label2":"Tiempo de lectura estimado","twitter:data2":"2 minutos"},"aioseo_meta_data":{"post_id":"962817","title":null,"description":null,"keywords":null,"keyphrases":null,"primary_term":null,"canonical_url":null,"og_title":null,"og_description":null,"og_object_type":"default","og_image_type":"default","og_image_url":null,"og_image_width":null,"og_image_height":null,"og_image_custom_url":null,"og_image_custom_fields":null,"og_video":null,"og_custom_url":null,"og_article_section":null,"og_article_tags":null,"twitter_use_og":false,"twitter_card":"default","twitter_image_type":"default","twitter_image_url":null,"twitter_image_custom_url":null,"twitter_image_custom_fields":null,"twitter_title":null,"twitter_description":null,"schema":{"blockGraphs":[],"customGraphs":[],"default":{"data":{"Article":[],"Course":[],"Dataset":[],"FAQPage":[],"Movie":[],"Person":[],"Product":[],"ProductReview":[],"Car":[],"Recipe":[],"Service":[],"SoftwareApplication":[],"WebPage":[]},"graphName":"","isEnabled":true},"graphs":[],"defaultGraph":"","defaultPostTypeGraph":""},"schema_type":null,"schema_type_options":null,"pillar_content":false,"robots_default":true,"robots_noindex":false,"robots_noarchive":false,"robots_nosnippet":false,"robots_nofollow":false,"robots_noimageindex":false,"robots_noodp":false,"robots_notranslate":false,"robots_max_snippet":null,"robots_max_videopreview":null,"robots_max_imagepreview":"large","priority":null,"frequency":null,"local_seo":null,"seo_analyzer_scan_date":"2025-12-07 13:48:55","breadcrumb_settings":null,"limit_modified_date":false,"open_ai":null,"ai":null,"created":"2020-12-21 12:45:42","updated":"2025-12-07 13:48:55","focus_keyword":null,"additional_keywords":null,"truseo_locale":null},"aioseo_breadcrumb":"<div class=\"aioseo-breadcrumbs\"><span class=\"aioseo-breadcrumb\">\n\t<a href=\"https:\/\/www.eldigitaldeasturias.com\/noticias\" title=\"Home\">Home<\/a>\n<\/span><span class=\"aioseo-breadcrumb-separator\">\u2013<\/span><span class=\"aioseo-breadcrumb\">\n\t<a href=\"https:\/\/www.eldigitaldeasturias.com\/noticias\/category\/actualidad\/\" title=\"Actualidad\">Actualidad<\/a>\n<\/span><span class=\"aioseo-breadcrumb-separator\">\u2013<\/span><span class=\"aioseo-breadcrumb\">\n\t<a href=\"https:\/\/www.eldigitaldeasturias.com\/noticias\/rajoy-el-voto-al-pp-es-un-voto-seguro\/\" title=\"Rajoy: \u201cEl voto al PP es un voto seguro\u00bb\">Rajoy: \u201cEl voto al PP es un voto seguro\u00bb<\/a>\n<\/span><\/div>","aioseo_breadcrumb_json":[{"label":"Home","link":"https:\/\/www.eldigitaldeasturias.com\/noticias"},{"label":"Actualidad","link":"https:\/\/www.eldigitaldeasturias.com\/noticias\/category\/actualidad\/"},{"label":"Rajoy: \u201cEl voto al PP es un voto seguro\u00bb","link":"https:\/\/www.eldigitaldeasturias.com\/noticias\/rajoy-el-voto-al-pp-es-un-voto-seguro\/"}],"_links":{"self":[{"href":"https:\/\/www.eldigitaldeasturias.com\/noticias\/wp-json\/wp\/v2\/posts\/962817","targetHints":{"allow":["GET"]}}],"collection":[{"href":"https:\/\/www.eldigitaldeasturias.com\/noticias\/wp-json\/wp\/v2\/posts"}],"about":[{"href":"https:\/\/www.eldigitaldeasturias.com\/noticias\/wp-json\/wp\/v2\/types\/post"}],"author":[{"embeddable":true,"href":"https:\/\/www.eldigitaldeasturias.com\/noticias\/wp-json\/wp\/v2\/users\/1"}],"replies":[{"embeddable":true,"href":"https:\/\/www.eldigitaldeasturias.com\/noticias\/wp-json\/wp\/v2\/comments?post=962817"}],"version-history":[{"count":0,"href":"https:\/\/www.eldigitaldeasturias.com\/noticias\/wp-json\/wp\/v2\/posts\/962817\/revisions"}],"wp:attachment":[{"href":"https:\/\/www.eldigitaldeasturias.com\/noticias\/wp-json\/wp\/v2\/media?parent=962817"}],"wp:term":[{"taxonomy":"category","embeddable":true,"href":"https:\/\/www.eldigitaldeasturias.com\/noticias\/wp-json\/wp\/v2\/categories?post=962817"},{"taxonomy":"post_tag","embeddable":true,"href":"https:\/\/www.eldigitaldeasturias.com\/noticias\/wp-json\/wp\/v2\/tags?post=962817"}],"curies":[{"name":"wp","href":"https:\/\/api.w.org\/{rel}","templated":true}]}}