{"id":962811,"date":"2017-12-08T22:08:23","date_gmt":"2017-12-08T22:08:23","guid":{"rendered":"http:\/\/www.eldigitaldeasturias.com\/noticias\/?p=962811"},"modified":"2017-12-08T22:08:23","modified_gmt":"2017-12-08T22:08:23","slug":"andrea-levy-el-pp-esta-haciendo-campana-al-lado-de-los-catalanes","status":"publish","type":"post","link":"https:\/\/www.eldigitaldeasturias.com\/noticias\/andrea-levy-el-pp-esta-haciendo-campana-al-lado-de-los-catalanes\/","title":{"rendered":"Andrea Levy: \u00abEl PP est\u00e1 haciendo campa\u00f1a al lado de los catalanes\u201d"},"content":{"rendered":"<p><img loading=\"lazy\" decoding=\"async\" class=\"alignleft size-medium wp-image-962812\" src=\"https:\/\/www.eldigitaldeasturias.com\/noticias\/wp-content\/uploads\/2017\/12\/img_9758-360x163.jpg\" alt=\"\" width=\"360\" height=\"163\" \/>La vicesecretaria de Estudios y Programas del Partido Popular y candidata n\u00famero 2 del PPC por Barcelona, Andrea Levy, ha afirmado hoy que el PP est\u00e1 haciendo campa\u00f1a \u201cal lado de los catalanes\u201d y \u201clos viajes internacionales se los dejamos a otros, porque no benefician en nada a las prioridades reales\u201d de los ciudadanos. As\u00ed, ha explicado que la candidatura de la que forma parte tiene la ilusi\u00f3n para trabajar y dar soluciones de futuro a toda la sociedad de Catalu\u00f1a; y no solo a una parte, como se ha visto durante estos a\u00f1os de gobierno independentista.<\/p>\n<p>\u201cEl voto al Partido Popular es un voto de confianza, seguro y fiable, para la alternativa pol\u00edtica que puede producirse a partir del 22 de diciembre\u201d, ha subrayado la dirigente popular.<\/p>\n<p>Durante una visita a Platja d\u2019Aro, en la que ha mantenido un encuentro con miembros del PP y de Nuevas Generaciones en la carpa electoral que el PPC tiene all\u00ed instalada, la vicesecretaria popular ha recordado que los \u00faltimos a\u00f1os de Govern independentista han supuesto \u201cuna etapa de tensi\u00f3n social, de divisi\u00f3n, de caos econ\u00f3mico y de p\u00e9rdida de oportunidades\u201d.<\/p>\n<p>Esta situaci\u00f3n, ha destacado, ha influido negativamente en el sector del turismo, tan importante en zonas como la costa de Girona, donde las reservas y visitas se han visto afectadas \u201cpor la intranquilidad por la pol\u00edtica catalana\u201d, provocada por unos pol\u00edticos irresponsables al frente del Govern.<\/p>\n<p>\u201cQueremos poner remedio y soluci\u00f3n a estos elementos negativos que han centrado la pol\u00edtica catalana. Vamos a superar esta etapa con un cambio pol\u00edtico en el que el PP sea esencia en ese Gobierno. Esperamos y confiamos en que los que han sido el problema estos \u00faltimos a\u00f1os, no vuelvan a ser parte de ese Gobierno, porque si no, Catalu\u00f1a continuar\u00eda estancada en esa etapa gris\u201d, ha concluido Levy.<\/p>\n","protected":false},"excerpt":{"rendered":"<p>La vicesecretaria de Estudios y Programas del Partido Popular y candidata n\u00famero 2 del PPC por Barcelona, Andrea Levy, ha afirmado hoy que el PP est\u00e1 haciendo campa\u00f1a \u201cal lado de los catalanes\u201d y \u201clos viajes internacionales se los dejamos a otros, porque no benefician en nada a las prioridades reales\u201d de los ciudadanos. As\u00ed, [&hellip;]<\/p>\n","protected":false},"author":1,"featured_media":962812,"comment_status":"closed","ping_status":"closed","sticky":false,"template":"","format":"standard","meta":{"footnotes":""},"categories":[1],"tags":[],"class_list":["post-962811","post","type-post","status-publish","format-standard","has-post-thumbnail","hentry","category-actualidad"],"aioseo_notices":[],"aioseo_head":"\n\t\t<!-- All in One SEO Pro 5.0.1 - aioseo.com -->\n\t<meta name=\"description\" content=\"La vicesecretaria de Estudios y Programas del Partido Popular y candidata n\u00famero 2 del PPC por Barcelona, Andrea Levy, ha afirmado hoy que el PP est\u00e1 haciendo campa\u00f1a \u201cal lado de los catalanes\u201d y \u201clos viajes internacionales se los dejamos a otros, porque no benefician en nada a las prioridades reales\u201d de los ciudadanos. As\u00ed,\" \/>\n\t<meta name=\"robots\" content=\"max-image-preview:large\" \/>\n\t<meta name=\"author\" content=\"El Digital de Asturias\"\/>\n\t<meta name=\"google-site-verification\" content=\"UA-38556648-1\" \/>\n\t<meta name=\"msvalidate.01\" content=\"7dfe9f3f1b24437ab69f4f2559babe99\" \/>\n\t<meta name=\"keywords\" content=\"actualidad\" \/>\n\t<link rel=\"canonical\" href=\"https:\/\/www.eldigitaldeasturias.com\/noticias\/andrea-levy-el-pp-esta-haciendo-campana-al-lado-de-los-catalanes\/\" \/>\n\t<meta name=\"generator\" content=\"All in One SEO Pro (AIOSEO) 5.0.1\" \/>\n\t\t<meta property=\"og:locale\" content=\"es_ES\" \/>\n\t\t<meta property=\"og:site_name\" content=\"El Digital de Asturias\" \/>\n\t\t<meta property=\"og:type\" content=\"article\" \/>\n\t\t<meta property=\"og:title\" content=\"Andrea Levy: \u00abEl PP est\u00e1 haciendo campa\u00f1a al lado de los catalanes\u201d - El Digital de Asturias\" \/>\n\t\t<meta property=\"og:description\" content=\"La vicesecretaria de Estudios y Programas del Partido Popular y candidata n\u00famero 2 del PPC por Barcelona, Andrea Levy, ha afirmado hoy que el PP est\u00e1 haciendo campa\u00f1a \u201cal lado de los catalanes\u201d y \u201clos viajes internacionales se los dejamos a otros, porque no benefician en nada a las prioridades reales\u201d de los ciudadanos. As\u00ed,\" \/>\n\t\t<meta property=\"og:url\" content=\"https:\/\/www.eldigitaldeasturias.com\/noticias\/andrea-levy-el-pp-esta-haciendo-campana-al-lado-de-los-catalanes\/\" \/>\n\t\t<meta property=\"article:tag\" content=\"actualidad\" \/>\n\t\t<meta property=\"article:published_time\" content=\"2017-12-08T22:08:23+00:00\" \/>\n\t\t<meta property=\"article:modified_time\" content=\"2017-12-08T22:08:23+00:00\" \/>\n\t\t<meta property=\"article:publisher\" content=\"https:\/\/facebook.com\/eldigitaldeasturias\" \/>\n\t\t<meta name=\"twitter:card\" content=\"summary_large_image\" \/>\n\t\t<meta name=\"twitter:title\" content=\"Andrea Levy: \u00abEl PP est\u00e1 haciendo campa\u00f1a al lado de los catalanes\u201d - El Digital de Asturias\" \/>\n\t\t<meta name=\"twitter:description\" content=\"La vicesecretaria de Estudios y Programas del Partido Popular y candidata n\u00famero 2 del PPC por Barcelona, Andrea Levy, ha afirmado hoy que el PP est\u00e1 haciendo campa\u00f1a \u201cal lado de los catalanes\u201d y \u201clos viajes internacionales se los dejamos a otros, porque no benefician en nada a las prioridades reales\u201d de los ciudadanos. As\u00ed,\" \/>\n\t\t<meta name=\"twitter:image\" content=\"https:\/\/www.eldigitaldeasturias.com\/noticias\/wp-content\/uploads\/2020\/12\/EDA-1.jpg\" \/>\n\t\t<meta name=\"twitter:label1\" content=\"Escrito por\" \/>\n\t\t<meta name=\"twitter:data1\" content=\"El Digital de Asturias\" \/>\n\t\t<meta name=\"twitter:label2\" content=\"Tiempo de lectura estimado\" \/>\n\t\t<meta name=\"twitter:data2\" content=\"2 minutos\" \/>\n\t\t<script type=\"application\/ld+json\" class=\"aioseo-schema\">\n\t\t\t{\"@context\":\"https:\\\/\\\/schema.org\",\"@graph\":[{\"@type\":\"BlogPosting\",\"@id\":\"https:\\\/\\\/www.eldigitaldeasturias.com\\\/noticias\\\/andrea-levy-el-pp-esta-haciendo-campana-al-lado-de-los-catalanes\\\/#blogposting\",\"name\":\"Andrea Levy: \\u00abEl PP est\\u00e1 haciendo campa\\u00f1a al lado de los catalanes\\u201d - El Digital de Asturias\",\"headline\":\"Andrea Levy: \\u00abEl PP est\\u00e1 haciendo campa\\u00f1a al lado de los catalanes\\u201d\",\"author\":{\"@id\":\"https:\\\/\\\/www.eldigitaldeasturias.com\\\/noticias\\\/author\\\/admin\\\/#author\"},\"publisher\":{\"@id\":\"https:\\\/\\\/www.eldigitaldeasturias.com\\\/noticias\\\/#organization\"},\"image\":{\"@type\":\"ImageObject\",\"url\":962812},\"datePublished\":\"2017-12-08T22:08:23+01:00\",\"dateModified\":\"2017-12-08T22:08:23+01:00\",\"inLanguage\":\"es-ES\",\"mainEntityOfPage\":{\"@id\":\"https:\\\/\\\/www.eldigitaldeasturias.com\\\/noticias\\\/andrea-levy-el-pp-esta-haciendo-campana-al-lado-de-los-catalanes\\\/#webpage\"},\"isPartOf\":{\"@id\":\"https:\\\/\\\/www.eldigitaldeasturias.com\\\/noticias\\\/andrea-levy-el-pp-esta-haciendo-campana-al-lado-de-los-catalanes\\\/#webpage\"},\"articleSection\":\"Actualidad\"},{\"@type\":\"BreadcrumbList\",\"@id\":\"https:\\\/\\\/www.eldigitaldeasturias.com\\\/noticias\\\/andrea-levy-el-pp-esta-haciendo-campana-al-lado-de-los-catalanes\\\/#breadcrumblist\",\"itemListElement\":[{\"@type\":\"ListItem\",\"@id\":\"https:\\\/\\\/www.eldigitaldeasturias.com\\\/noticias#listItem\",\"position\":1,\"name\":\"Home\",\"item\":\"https:\\\/\\\/www.eldigitaldeasturias.com\\\/noticias\",\"nextItem\":{\"@type\":\"ListItem\",\"@id\":\"https:\\\/\\\/www.eldigitaldeasturias.com\\\/noticias\\\/category\\\/actualidad\\\/#listItem\",\"name\":\"Actualidad\"}},{\"@type\":\"ListItem\",\"@id\":\"https:\\\/\\\/www.eldigitaldeasturias.com\\\/noticias\\\/category\\\/actualidad\\\/#listItem\",\"position\":2,\"name\":\"Actualidad\",\"item\":\"https:\\\/\\\/www.eldigitaldeasturias.com\\\/noticias\\\/category\\\/actualidad\\\/\",\"nextItem\":{\"@type\":\"ListItem\",\"@id\":\"https:\\\/\\\/www.eldigitaldeasturias.com\\\/noticias\\\/andrea-levy-el-pp-esta-haciendo-campana-al-lado-de-los-catalanes\\\/#listItem\",\"name\":\"Andrea Levy: \\u00abEl PP est\\u00e1 haciendo campa\\u00f1a al lado de los catalanes\\u201d\"},\"previousItem\":{\"@type\":\"ListItem\",\"@id\":\"https:\\\/\\\/www.eldigitaldeasturias.com\\\/noticias#listItem\",\"name\":\"Home\"}},{\"@type\":\"ListItem\",\"@id\":\"https:\\\/\\\/www.eldigitaldeasturias.com\\\/noticias\\\/andrea-levy-el-pp-esta-haciendo-campana-al-lado-de-los-catalanes\\\/#listItem\",\"position\":3,\"name\":\"Andrea Levy: \\u00abEl PP est\\u00e1 haciendo campa\\u00f1a al lado de los catalanes\\u201d\",\"previousItem\":{\"@type\":\"ListItem\",\"@id\":\"https:\\\/\\\/www.eldigitaldeasturias.com\\\/noticias\\\/category\\\/actualidad\\\/#listItem\",\"name\":\"Actualidad\"}}]},{\"@type\":\"Organization\",\"@id\":\"https:\\\/\\\/www.eldigitaldeasturias.com\\\/noticias\\\/#organization\",\"name\":\"El Digital de Asturias\",\"description\":\"Hemeroteca\",\"url\":\"https:\\\/\\\/www.eldigitaldeasturias.com\\\/noticias\\\/\",\"email\":\"info@eldigitaldeasturias.com\",\"telephone\":\"+34652131393\",\"logo\":{\"@type\":\"ImageObject\",\"url\":\"https:\\\/\\\/www.eldigitaldeasturias.com\\\/noticias\\\/wp-content\\\/uploads\\\/2020\\\/12\\\/EDA.jpg\",\"@id\":\"https:\\\/\\\/www.eldigitaldeasturias.com\\\/noticias\\\/andrea-levy-el-pp-esta-haciendo-campana-al-lado-de-los-catalanes\\\/#organizationLogo\"},\"image\":{\"@id\":\"https:\\\/\\\/www.eldigitaldeasturias.com\\\/noticias\\\/andrea-levy-el-pp-esta-haciendo-campana-al-lado-de-los-catalanes\\\/#organizationLogo\"},\"sameAs\":[\"https:\\\/\\\/facebook.com\\\/eldigitaldeasturias\",\"https:\\\/\\\/www.youtube.com\\\/channel\\\/UCZP-2wLEB9Rv6erhFmqVnvg\"],\"address\":{\"@id\":\"https:\\\/\\\/www.eldigitaldeasturias.com\\\/noticias\\\/#postaladdress\",\"@type\":\"PostalAddress\",\"streetAddress\":\"san antonio 4\",\"postalCode\":\"33430\",\"addressLocality\":\"Cand\\u00e1s\",\"addressRegion\":\"Asturias\",\"addressCountry\":\"ES\"}},{\"@type\":\"Person\",\"@id\":\"https:\\\/\\\/www.eldigitaldeasturias.com\\\/noticias\\\/author\\\/admin\\\/#author\",\"url\":\"https:\\\/\\\/www.eldigitaldeasturias.com\\\/noticias\\\/author\\\/admin\\\/\",\"name\":\"El Digital de Asturias\",\"image\":{\"@type\":\"ImageObject\",\"@id\":\"https:\\\/\\\/www.eldigitaldeasturias.com\\\/noticias\\\/andrea-levy-el-pp-esta-haciendo-campana-al-lado-de-los-catalanes\\\/#authorImage\",\"url\":\"https:\\\/\\\/secure.gravatar.com\\\/avatar\\\/df2aeffc32bcd13f8d26072ef8a91b623d677766deac7f97ca815868cd41bf5e?s=96&d=mm&r=g\",\"width\":96,\"height\":96,\"caption\":\"El Digital de Asturias\"}},{\"@type\":\"WebPage\",\"@id\":\"https:\\\/\\\/www.eldigitaldeasturias.com\\\/noticias\\\/andrea-levy-el-pp-esta-haciendo-campana-al-lado-de-los-catalanes\\\/#webpage\",\"url\":\"https:\\\/\\\/www.eldigitaldeasturias.com\\\/noticias\\\/andrea-levy-el-pp-esta-haciendo-campana-al-lado-de-los-catalanes\\\/\",\"name\":\"Andrea Levy: \\u00abEl PP est\\u00e1 haciendo campa\\u00f1a al lado de los catalanes\\u201d - El Digital de Asturias\",\"description\":\"La vicesecretaria de Estudios y Programas del Partido Popular y candidata n\\u00famero 2 del PPC por Barcelona, Andrea Levy, ha afirmado hoy que el PP est\\u00e1 haciendo campa\\u00f1a \\u201cal lado de los catalanes\\u201d y \\u201clos viajes internacionales se los dejamos a otros, porque no benefician en nada a las prioridades reales\\u201d de los ciudadanos. As\\u00ed,\",\"inLanguage\":\"es-ES\",\"isPartOf\":{\"@id\":\"https:\\\/\\\/www.eldigitaldeasturias.com\\\/noticias\\\/#website\"},\"breadcrumb\":{\"@id\":\"https:\\\/\\\/www.eldigitaldeasturias.com\\\/noticias\\\/andrea-levy-el-pp-esta-haciendo-campana-al-lado-de-los-catalanes\\\/#breadcrumblist\"},\"author\":{\"@id\":\"https:\\\/\\\/www.eldigitaldeasturias.com\\\/noticias\\\/author\\\/admin\\\/#author\"},\"creator\":{\"@id\":\"https:\\\/\\\/www.eldigitaldeasturias.com\\\/noticias\\\/author\\\/admin\\\/#author\"},\"image\":{\"@type\":\"ImageObject\",\"url\":962812,\"@id\":\"https:\\\/\\\/www.eldigitaldeasturias.com\\\/noticias\\\/andrea-levy-el-pp-esta-haciendo-campana-al-lado-de-los-catalanes\\\/#mainImage\"},\"primaryImageOfPage\":{\"@id\":\"https:\\\/\\\/www.eldigitaldeasturias.com\\\/noticias\\\/andrea-levy-el-pp-esta-haciendo-campana-al-lado-de-los-catalanes\\\/#mainImage\"},\"datePublished\":\"2017-12-08T22:08:23+01:00\",\"dateModified\":\"2017-12-08T22:08:23+01:00\"},{\"@type\":\"WebSite\",\"@id\":\"https:\\\/\\\/www.eldigitaldeasturias.com\\\/noticias\\\/#website\",\"url\":\"https:\\\/\\\/www.eldigitaldeasturias.com\\\/noticias\\\/\",\"name\":\"El Digital de Asturias - Diario de actualidad y noticias\",\"alternateName\":\"El Digital de Asturias - Diario de actualidad y noticias\",\"description\":\"Hemeroteca\",\"inLanguage\":\"es-ES\",\"publisher\":{\"@id\":\"https:\\\/\\\/www.eldigitaldeasturias.com\\\/noticias\\\/#organization\"}}]}\n\t\t<\/script>\n\t\t<!-- All in One SEO Pro -->\r\n\t\t<title>Andrea Levy: \u00abEl PP est\u00e1 haciendo campa\u00f1a al lado de los catalanes\u201d - El Digital de Asturias<\/title>\n\n","aioseo_head_json":{"title":"Andrea Levy: \u00abEl PP est\u00e1 haciendo campa\u00f1a al lado de los catalanes\u201d - El Digital de Asturias","description":"La vicesecretaria de Estudios y Programas del Partido Popular y candidata n\u00famero 2 del PPC por Barcelona, Andrea Levy, ha afirmado hoy que el PP est\u00e1 haciendo campa\u00f1a \u201cal lado de los catalanes\u201d y \u201clos viajes internacionales se los dejamos a otros, porque no benefician en nada a las prioridades reales\u201d de los ciudadanos. As\u00ed,","canonical_url":"https:\/\/www.eldigitaldeasturias.com\/noticias\/andrea-levy-el-pp-esta-haciendo-campana-al-lado-de-los-catalanes\/","robots":"max-image-preview:large","keywords":"actualidad","webmasterTools":{"google-site-verification":"UA-38556648-1","msvalidate.01":"7dfe9f3f1b24437ab69f4f2559babe99","miscellaneous":""},"schema":{"@context":"https:\/\/schema.org","@graph":[{"@type":"BlogPosting","@id":"https:\/\/www.eldigitaldeasturias.com\/noticias\/andrea-levy-el-pp-esta-haciendo-campana-al-lado-de-los-catalanes\/#blogposting","name":"Andrea Levy: \u00abEl PP est\u00e1 haciendo campa\u00f1a al lado de los catalanes\u201d - El Digital de Asturias","headline":"Andrea Levy: \u00abEl PP est\u00e1 haciendo campa\u00f1a al lado de los catalanes\u201d","author":{"@id":"https:\/\/www.eldigitaldeasturias.com\/noticias\/author\/admin\/#author"},"publisher":{"@id":"https:\/\/www.eldigitaldeasturias.com\/noticias\/#organization"},"image":{"@type":"ImageObject","url":962812},"datePublished":"2017-12-08T22:08:23+01:00","dateModified":"2017-12-08T22:08:23+01:00","inLanguage":"es-ES","mainEntityOfPage":{"@id":"https:\/\/www.eldigitaldeasturias.com\/noticias\/andrea-levy-el-pp-esta-haciendo-campana-al-lado-de-los-catalanes\/#webpage"},"isPartOf":{"@id":"https:\/\/www.eldigitaldeasturias.com\/noticias\/andrea-levy-el-pp-esta-haciendo-campana-al-lado-de-los-catalanes\/#webpage"},"articleSection":"Actualidad"},{"@type":"BreadcrumbList","@id":"https:\/\/www.eldigitaldeasturias.com\/noticias\/andrea-levy-el-pp-esta-haciendo-campana-al-lado-de-los-catalanes\/#breadcrumblist","itemListElement":[{"@type":"ListItem","@id":"https:\/\/www.eldigitaldeasturias.com\/noticias#listItem","position":1,"name":"Home","item":"https:\/\/www.eldigitaldeasturias.com\/noticias","nextItem":{"@type":"ListItem","@id":"https:\/\/www.eldigitaldeasturias.com\/noticias\/category\/actualidad\/#listItem","name":"Actualidad"}},{"@type":"ListItem","@id":"https:\/\/www.eldigitaldeasturias.com\/noticias\/category\/actualidad\/#listItem","position":2,"name":"Actualidad","item":"https:\/\/www.eldigitaldeasturias.com\/noticias\/category\/actualidad\/","nextItem":{"@type":"ListItem","@id":"https:\/\/www.eldigitaldeasturias.com\/noticias\/andrea-levy-el-pp-esta-haciendo-campana-al-lado-de-los-catalanes\/#listItem","name":"Andrea Levy: \u00abEl PP est\u00e1 haciendo campa\u00f1a al lado de los catalanes\u201d"},"previousItem":{"@type":"ListItem","@id":"https:\/\/www.eldigitaldeasturias.com\/noticias#listItem","name":"Home"}},{"@type":"ListItem","@id":"https:\/\/www.eldigitaldeasturias.com\/noticias\/andrea-levy-el-pp-esta-haciendo-campana-al-lado-de-los-catalanes\/#listItem","position":3,"name":"Andrea Levy: \u00abEl PP est\u00e1 haciendo campa\u00f1a al lado de los catalanes\u201d","previousItem":{"@type":"ListItem","@id":"https:\/\/www.eldigitaldeasturias.com\/noticias\/category\/actualidad\/#listItem","name":"Actualidad"}}]},{"@type":"Organization","@id":"https:\/\/www.eldigitaldeasturias.com\/noticias\/#organization","name":"El Digital de Asturias","description":"Hemeroteca","url":"https:\/\/www.eldigitaldeasturias.com\/noticias\/","email":"info@eldigitaldeasturias.com","telephone":"+34652131393","logo":{"@type":"ImageObject","url":"https:\/\/www.eldigitaldeasturias.com\/noticias\/wp-content\/uploads\/2020\/12\/EDA.jpg","@id":"https:\/\/www.eldigitaldeasturias.com\/noticias\/andrea-levy-el-pp-esta-haciendo-campana-al-lado-de-los-catalanes\/#organizationLogo"},"image":{"@id":"https:\/\/www.eldigitaldeasturias.com\/noticias\/andrea-levy-el-pp-esta-haciendo-campana-al-lado-de-los-catalanes\/#organizationLogo"},"sameAs":["https:\/\/facebook.com\/eldigitaldeasturias","https:\/\/www.youtube.com\/channel\/UCZP-2wLEB9Rv6erhFmqVnvg"],"address":{"@id":"https:\/\/www.eldigitaldeasturias.com\/noticias\/#postaladdress","@type":"PostalAddress","streetAddress":"san antonio 4","postalCode":"33430","addressLocality":"Cand\u00e1s","addressRegion":"Asturias","addressCountry":"ES"}},{"@type":"Person","@id":"https:\/\/www.eldigitaldeasturias.com\/noticias\/author\/admin\/#author","url":"https:\/\/www.eldigitaldeasturias.com\/noticias\/author\/admin\/","name":"El Digital de Asturias","image":{"@type":"ImageObject","@id":"https:\/\/www.eldigitaldeasturias.com\/noticias\/andrea-levy-el-pp-esta-haciendo-campana-al-lado-de-los-catalanes\/#authorImage","url":"https:\/\/secure.gravatar.com\/avatar\/df2aeffc32bcd13f8d26072ef8a91b623d677766deac7f97ca815868cd41bf5e?s=96&d=mm&r=g","width":96,"height":96,"caption":"El Digital de Asturias"}},{"@type":"WebPage","@id":"https:\/\/www.eldigitaldeasturias.com\/noticias\/andrea-levy-el-pp-esta-haciendo-campana-al-lado-de-los-catalanes\/#webpage","url":"https:\/\/www.eldigitaldeasturias.com\/noticias\/andrea-levy-el-pp-esta-haciendo-campana-al-lado-de-los-catalanes\/","name":"Andrea Levy: \u00abEl PP est\u00e1 haciendo campa\u00f1a al lado de los catalanes\u201d - El Digital de Asturias","description":"La vicesecretaria de Estudios y Programas del Partido Popular y candidata n\u00famero 2 del PPC por Barcelona, Andrea Levy, ha afirmado hoy que el PP est\u00e1 haciendo campa\u00f1a \u201cal lado de los catalanes\u201d y \u201clos viajes internacionales se los dejamos a otros, porque no benefician en nada a las prioridades reales\u201d de los ciudadanos. As\u00ed,","inLanguage":"es-ES","isPartOf":{"@id":"https:\/\/www.eldigitaldeasturias.com\/noticias\/#website"},"breadcrumb":{"@id":"https:\/\/www.eldigitaldeasturias.com\/noticias\/andrea-levy-el-pp-esta-haciendo-campana-al-lado-de-los-catalanes\/#breadcrumblist"},"author":{"@id":"https:\/\/www.eldigitaldeasturias.com\/noticias\/author\/admin\/#author"},"creator":{"@id":"https:\/\/www.eldigitaldeasturias.com\/noticias\/author\/admin\/#author"},"image":{"@type":"ImageObject","url":962812,"@id":"https:\/\/www.eldigitaldeasturias.com\/noticias\/andrea-levy-el-pp-esta-haciendo-campana-al-lado-de-los-catalanes\/#mainImage"},"primaryImageOfPage":{"@id":"https:\/\/www.eldigitaldeasturias.com\/noticias\/andrea-levy-el-pp-esta-haciendo-campana-al-lado-de-los-catalanes\/#mainImage"},"datePublished":"2017-12-08T22:08:23+01:00","dateModified":"2017-12-08T22:08:23+01:00"},{"@type":"WebSite","@id":"https:\/\/www.eldigitaldeasturias.com\/noticias\/#website","url":"https:\/\/www.eldigitaldeasturias.com\/noticias\/","name":"El Digital de Asturias - Diario de actualidad y noticias","alternateName":"El Digital de Asturias - Diario de actualidad y noticias","description":"Hemeroteca","inLanguage":"es-ES","publisher":{"@id":"https:\/\/www.eldigitaldeasturias.com\/noticias\/#organization"}}]},"og:locale":"es_ES","og:site_name":"El Digital de Asturias","og:type":"article","og:title":"Andrea Levy: \u00abEl PP est\u00e1 haciendo campa\u00f1a al lado de los catalanes\u201d - El Digital de Asturias","og:description":"La vicesecretaria de Estudios y Programas del Partido Popular y candidata n\u00famero 2 del PPC por Barcelona, Andrea Levy, ha afirmado hoy que el PP est\u00e1 haciendo campa\u00f1a \u201cal lado de los catalanes\u201d y \u201clos viajes internacionales se los dejamos a otros, porque no benefician en nada a las prioridades reales\u201d de los ciudadanos. As\u00ed,","og:url":"https:\/\/www.eldigitaldeasturias.com\/noticias\/andrea-levy-el-pp-esta-haciendo-campana-al-lado-de-los-catalanes\/","article:tag":["actualidad"],"article:published_time":"2017-12-08T22:08:23+00:00","article:modified_time":"2017-12-08T22:08:23+00:00","article:publisher":"https:\/\/facebook.com\/eldigitaldeasturias","twitter:card":"summary_large_image","twitter:title":"Andrea Levy: \u00abEl PP est\u00e1 haciendo campa\u00f1a al lado de los catalanes\u201d - El Digital de Asturias","twitter:description":"La vicesecretaria de Estudios y Programas del Partido Popular y candidata n\u00famero 2 del PPC por Barcelona, Andrea Levy, ha afirmado hoy que el PP est\u00e1 haciendo campa\u00f1a \u201cal lado de los catalanes\u201d y \u201clos viajes internacionales se los dejamos a otros, porque no benefician en nada a las prioridades reales\u201d de los ciudadanos. As\u00ed,","twitter:image":"https:\/\/www.eldigitaldeasturias.com\/noticias\/wp-content\/uploads\/2020\/12\/EDA-1.jpg","twitter:label1":"Escrito por","twitter:data1":"El Digital de Asturias","twitter:label2":"Tiempo de lectura estimado","twitter:data2":"2 minutos"},"aioseo_meta_data":{"post_id":"962811","title":null,"description":null,"keywords":null,"keyphrases":null,"primary_term":null,"canonical_url":null,"og_title":null,"og_description":null,"og_object_type":"default","og_image_type":"default","og_image_url":null,"og_image_width":null,"og_image_height":null,"og_image_custom_url":null,"og_image_custom_fields":null,"og_video":null,"og_custom_url":null,"og_article_section":null,"og_article_tags":null,"twitter_use_og":false,"twitter_card":"default","twitter_image_type":"default","twitter_image_url":null,"twitter_image_custom_url":null,"twitter_image_custom_fields":null,"twitter_title":null,"twitter_description":null,"schema":{"blockGraphs":[],"customGraphs":[],"default":{"data":{"Article":[],"Course":[],"Dataset":[],"FAQPage":[],"Movie":[],"Person":[],"Product":[],"ProductReview":[],"Car":[],"Recipe":[],"Service":[],"SoftwareApplication":[],"WebPage":[]},"graphName":"","isEnabled":true},"graphs":[],"defaultGraph":"","defaultPostTypeGraph":""},"schema_type":null,"schema_type_options":null,"pillar_content":false,"robots_default":true,"robots_noindex":false,"robots_noarchive":false,"robots_nosnippet":false,"robots_nofollow":false,"robots_noimageindex":false,"robots_noodp":false,"robots_notranslate":false,"robots_max_snippet":null,"robots_max_videopreview":null,"robots_max_imagepreview":"large","priority":null,"frequency":null,"local_seo":null,"seo_analyzer_scan_date":"2025-12-07 13:47:04","breadcrumb_settings":null,"limit_modified_date":false,"open_ai":null,"ai":null,"created":"2020-12-21 12:45:42","updated":"2025-12-07 13:47:04","focus_keyword":null,"additional_keywords":null,"truseo_locale":null},"aioseo_breadcrumb":"<div class=\"aioseo-breadcrumbs\"><span class=\"aioseo-breadcrumb\">\n\t<a href=\"https:\/\/www.eldigitaldeasturias.com\/noticias\" title=\"Home\">Home<\/a>\n<\/span><span class=\"aioseo-breadcrumb-separator\">\u2013<\/span><span class=\"aioseo-breadcrumb\">\n\t<a href=\"https:\/\/www.eldigitaldeasturias.com\/noticias\/category\/actualidad\/\" title=\"Actualidad\">Actualidad<\/a>\n<\/span><span class=\"aioseo-breadcrumb-separator\">\u2013<\/span><span class=\"aioseo-breadcrumb\">\n\t<a href=\"https:\/\/www.eldigitaldeasturias.com\/noticias\/andrea-levy-el-pp-esta-haciendo-campana-al-lado-de-los-catalanes\/\" title=\"Andrea Levy: \u00abEl PP est\u00e1 haciendo campa\u00f1a al lado de los catalanes\u201d\">Andrea Levy: \u00abEl PP est\u00e1 haciendo campa\u00f1a al lado de los catalanes\u201d<\/a>\n<\/span><\/div>","aioseo_breadcrumb_json":[{"label":"Home","link":"https:\/\/www.eldigitaldeasturias.com\/noticias"},{"label":"Actualidad","link":"https:\/\/www.eldigitaldeasturias.com\/noticias\/category\/actualidad\/"},{"label":"Andrea Levy: \u00abEl PP est\u00e1 haciendo campa\u00f1a al lado de los catalanes\u201d","link":"https:\/\/www.eldigitaldeasturias.com\/noticias\/andrea-levy-el-pp-esta-haciendo-campana-al-lado-de-los-catalanes\/"}],"_links":{"self":[{"href":"https:\/\/www.eldigitaldeasturias.com\/noticias\/wp-json\/wp\/v2\/posts\/962811","targetHints":{"allow":["GET"]}}],"collection":[{"href":"https:\/\/www.eldigitaldeasturias.com\/noticias\/wp-json\/wp\/v2\/posts"}],"about":[{"href":"https:\/\/www.eldigitaldeasturias.com\/noticias\/wp-json\/wp\/v2\/types\/post"}],"author":[{"embeddable":true,"href":"https:\/\/www.eldigitaldeasturias.com\/noticias\/wp-json\/wp\/v2\/users\/1"}],"replies":[{"embeddable":true,"href":"https:\/\/www.eldigitaldeasturias.com\/noticias\/wp-json\/wp\/v2\/comments?post=962811"}],"version-history":[{"count":0,"href":"https:\/\/www.eldigitaldeasturias.com\/noticias\/wp-json\/wp\/v2\/posts\/962811\/revisions"}],"wp:attachment":[{"href":"https:\/\/www.eldigitaldeasturias.com\/noticias\/wp-json\/wp\/v2\/media?parent=962811"}],"wp:term":[{"taxonomy":"category","embeddable":true,"href":"https:\/\/www.eldigitaldeasturias.com\/noticias\/wp-json\/wp\/v2\/categories?post=962811"},{"taxonomy":"post_tag","embeddable":true,"href":"https:\/\/www.eldigitaldeasturias.com\/noticias\/wp-json\/wp\/v2\/tags?post=962811"}],"curies":[{"name":"wp","href":"https:\/\/api.w.org\/{rel}","templated":true}]}}