{"id":962800,"date":"2017-12-08T21:42:54","date_gmt":"2017-12-08T21:42:54","guid":{"rendered":"http:\/\/www.eldigitaldeasturias.com\/noticias\/?p=962800"},"modified":"2017-12-08T21:42:54","modified_gmt":"2017-12-08T21:42:54","slug":"el-gobierno-de-espana-satisfecho-con-el-acuerdo-sobre-el-brexit","status":"publish","type":"post","link":"https:\/\/www.eldigitaldeasturias.com\/noticias\/el-gobierno-de-espana-satisfecho-con-el-acuerdo-sobre-el-brexit\/","title":{"rendered":"El Gobierno de Espa\u00f1a satisfecho con el acuerdo sobre el \u201cBrexit\u201d"},"content":{"rendered":"<p><img loading=\"lazy\" decoding=\"async\" class=\"alignleft size-medium wp-image-962801\" src=\"https:\/\/www.eldigitaldeasturias.com\/noticias\/wp-content\/uploads\/2017\/12\/09032017_SedeMinisterio-1-360x239.jpg\" alt=\"\" width=\"360\" height=\"239\" srcset=\"https:\/\/www.eldigitaldeasturias.com\/noticias\/wp-content\/uploads\/2017\/12\/09032017_SedeMinisterio-1-360x239.jpg 360w, https:\/\/www.eldigitaldeasturias.com\/noticias\/wp-content\/uploads\/2017\/12\/09032017_SedeMinisterio-1.jpg 496w\" sizes=\"auto, (max-width: 360px) 100vw, 360px\" \/>El Gobierno de Espa\u00f1a da la bienvenida al acuerdo alcanzado hoy entre los equipos negociadores de la Uni\u00f3n Europea y del Reino Unido sobre la primera fase de las negociaciones del acuerdo de retirada del Reino Unido de la Uni\u00f3n Europea, centradas en el mantenimiento de los derechos de los ciudadanos, el arreglo financiero y las cuestiones ligadas a Irlanda del Norte. El Gobierno quiere transmitir su felicitaci\u00f3n a la Comisi\u00f3n Europea, al negociador Michel Barnier y a su equipo por su excelente trabajo.<\/p>\n<p>Dicho acuerdo de los equipos negociadores se someter\u00e1 a la valoraci\u00f3n del Consejo Europeo en su formaci\u00f3n del art\u00edculo 50 del pr\u00f3ximo 15 de diciembre, que deber\u00e1 constatar, a propuesta de la Comisi\u00f3n Europea, si ha habido progreso suficiente en la primera fase de las negociaciones para iniciar la segunda fase, que se centrar\u00e1 en el eventual periodo transitorio y el marco de futuras relaciones entre la Uni\u00f3n Europea y el Reino Unido, as\u00ed como en cerrar los textos jur\u00eddicos del acuerdo.<\/p>\n<p>Los derechos e intereses de los ciudadanos han sido, son y seguir\u00e1n siendo la principal prioridad del Gobierno de Espa\u00f1a en las negociaciones del Brexit. El Gobierno se asegurar\u00e1 tambi\u00e9n de que el acuerdo garantice certidumbre y seguridad jur\u00eddica tanto para los ciudadanos como para los operadores econ\u00f3micos tanto durante el periodo transitorio y como en la relaci\u00f3n futura entre la Uni\u00f3n Europea y el Reino Unido; una relaci\u00f3n que el Gobierno espa\u00f1ol desea que, garantizando la integridad del Mercado \u00danico, el presente y el futuro del proceso de integraci\u00f3n europea, preserve al m\u00e1ximo las excelentes relaciones entre el Reino Unido y Espa\u00f1a.<\/p>\n","protected":false},"excerpt":{"rendered":"<p>El Gobierno de Espa\u00f1a da la bienvenida al acuerdo alcanzado hoy entre los equipos negociadores de la Uni\u00f3n Europea y del Reino Unido sobre la primera fase de las negociaciones del acuerdo de retirada del Reino Unido de la Uni\u00f3n Europea, centradas en el mantenimiento de los derechos de los ciudadanos, el arreglo financiero y [&hellip;]<\/p>\n","protected":false},"author":1,"featured_media":962801,"comment_status":"closed","ping_status":"closed","sticky":false,"template":"","format":"standard","meta":{"footnotes":""},"categories":[187],"tags":[],"class_list":["post-962800","post","type-post","status-publish","format-standard","has-post-thumbnail","hentry","category-economia"],"aioseo_notices":[],"aioseo_head":"\n\t\t<!-- All in One SEO Pro 4.9.6.2 - aioseo.com -->\n\t<meta name=\"description\" content=\"El Gobierno de Espa\u00f1a da la bienvenida al acuerdo alcanzado hoy entre los equipos negociadores de la Uni\u00f3n Europea y del Reino Unido sobre la primera fase de las negociaciones del acuerdo de retirada del Reino Unido de la Uni\u00f3n Europea, centradas en el mantenimiento de los derechos de los ciudadanos, el arreglo financiero y\" \/>\n\t<meta name=\"robots\" content=\"max-image-preview:large\" \/>\n\t<meta name=\"author\" content=\"El Digital de Asturias\"\/>\n\t<meta name=\"google-site-verification\" content=\"UA-38556648-1\" \/>\n\t<meta name=\"msvalidate.01\" content=\"7dfe9f3f1b24437ab69f4f2559babe99\" \/>\n\t<meta name=\"keywords\" content=\"econom\u00eda\" \/>\n\t<link rel=\"canonical\" href=\"https:\/\/www.eldigitaldeasturias.com\/noticias\/el-gobierno-de-espana-satisfecho-con-el-acuerdo-sobre-el-brexit\/\" \/>\n\t<meta name=\"generator\" content=\"All in One SEO Pro (AIOSEO) 4.9.6.2\" \/>\n\t\t<meta property=\"og:locale\" content=\"es_ES\" \/>\n\t\t<meta property=\"og:site_name\" content=\"El Digital de Asturias\" \/>\n\t\t<meta property=\"og:type\" content=\"article\" \/>\n\t\t<meta property=\"og:title\" content=\"El Gobierno de Espa\u00f1a satisfecho con el acuerdo sobre el \u201cBrexit\u201d - El Digital de Asturias\" \/>\n\t\t<meta property=\"og:description\" content=\"El Gobierno de Espa\u00f1a da la bienvenida al acuerdo alcanzado hoy entre los equipos negociadores de la Uni\u00f3n Europea y del Reino Unido sobre la primera fase de las negociaciones del acuerdo de retirada del Reino Unido de la Uni\u00f3n Europea, centradas en el mantenimiento de los derechos de los ciudadanos, el arreglo financiero y\" \/>\n\t\t<meta property=\"og:url\" content=\"https:\/\/www.eldigitaldeasturias.com\/noticias\/el-gobierno-de-espana-satisfecho-con-el-acuerdo-sobre-el-brexit\/\" \/>\n\t\t<meta property=\"og:image\" content=\"https:\/\/www.eldigitaldeasturias.com\/noticias\/wp-content\/uploads\/2017\/12\/09032017_SedeMinisterio-1.jpg\" \/>\n\t\t<meta property=\"og:image:secure_url\" content=\"https:\/\/www.eldigitaldeasturias.com\/noticias\/wp-content\/uploads\/2017\/12\/09032017_SedeMinisterio-1.jpg\" \/>\n\t\t<meta property=\"og:image:width\" content=\"496\" \/>\n\t\t<meta property=\"og:image:height\" content=\"329\" \/>\n\t\t<meta property=\"article:tag\" content=\"econom\u00eda\" \/>\n\t\t<meta property=\"article:published_time\" content=\"2017-12-08T21:42:54+00:00\" \/>\n\t\t<meta property=\"article:modified_time\" content=\"2017-12-08T21:42:54+00:00\" \/>\n\t\t<meta property=\"article:publisher\" content=\"https:\/\/facebook.com\/eldigitaldeasturias\" \/>\n\t\t<meta name=\"twitter:card\" content=\"summary_large_image\" \/>\n\t\t<meta name=\"twitter:title\" content=\"El Gobierno de Espa\u00f1a satisfecho con el acuerdo sobre el \u201cBrexit\u201d - El Digital de Asturias\" \/>\n\t\t<meta name=\"twitter:description\" content=\"El Gobierno de Espa\u00f1a da la bienvenida al acuerdo alcanzado hoy entre los equipos negociadores de la Uni\u00f3n Europea y del Reino Unido sobre la primera fase de las negociaciones del acuerdo de retirada del Reino Unido de la Uni\u00f3n Europea, centradas en el mantenimiento de los derechos de los ciudadanos, el arreglo financiero y\" \/>\n\t\t<meta name=\"twitter:image\" content=\"https:\/\/www.eldigitaldeasturias.com\/noticias\/wp-content\/uploads\/2017\/12\/09032017_SedeMinisterio-1.jpg\" \/>\n\t\t<meta name=\"twitter:label1\" content=\"Escrito por\" \/>\n\t\t<meta name=\"twitter:data1\" content=\"El Digital de Asturias\" \/>\n\t\t<meta name=\"twitter:label2\" content=\"Tiempo de lectura estimado\" \/>\n\t\t<meta name=\"twitter:data2\" content=\"1 minuto\" \/>\n\t\t<script type=\"application\/ld+json\" class=\"aioseo-schema\">\n\t\t\t{\"@context\":\"https:\\\/\\\/schema.org\",\"@graph\":[{\"@type\":\"BlogPosting\",\"@id\":\"https:\\\/\\\/www.eldigitaldeasturias.com\\\/noticias\\\/el-gobierno-de-espana-satisfecho-con-el-acuerdo-sobre-el-brexit\\\/#blogposting\",\"name\":\"El Gobierno de Espa\\u00f1a satisfecho con el acuerdo sobre el \\u201cBrexit\\u201d - El Digital de Asturias\",\"headline\":\"El Gobierno de Espa\\u00f1a satisfecho con el acuerdo sobre el \\u201cBrexit\\u201d\",\"author\":{\"@id\":\"https:\\\/\\\/www.eldigitaldeasturias.com\\\/noticias\\\/author\\\/admin\\\/#author\"},\"publisher\":{\"@id\":\"https:\\\/\\\/www.eldigitaldeasturias.com\\\/noticias\\\/#organization\"},\"image\":{\"@type\":\"ImageObject\",\"url\":\"https:\\\/\\\/www.eldigitaldeasturias.com\\\/noticias\\\/wp-content\\\/uploads\\\/2017\\\/12\\\/09032017_SedeMinisterio-1.jpg\",\"width\":496,\"height\":329},\"datePublished\":\"2017-12-08T21:42:54+01:00\",\"dateModified\":\"2017-12-08T21:42:54+01:00\",\"inLanguage\":\"es-ES\",\"mainEntityOfPage\":{\"@id\":\"https:\\\/\\\/www.eldigitaldeasturias.com\\\/noticias\\\/el-gobierno-de-espana-satisfecho-con-el-acuerdo-sobre-el-brexit\\\/#webpage\"},\"isPartOf\":{\"@id\":\"https:\\\/\\\/www.eldigitaldeasturias.com\\\/noticias\\\/el-gobierno-de-espana-satisfecho-con-el-acuerdo-sobre-el-brexit\\\/#webpage\"},\"articleSection\":\"Econom\\u00eda\"},{\"@type\":\"BreadcrumbList\",\"@id\":\"https:\\\/\\\/www.eldigitaldeasturias.com\\\/noticias\\\/el-gobierno-de-espana-satisfecho-con-el-acuerdo-sobre-el-brexit\\\/#breadcrumblist\",\"itemListElement\":[{\"@type\":\"ListItem\",\"@id\":\"https:\\\/\\\/www.eldigitaldeasturias.com\\\/noticias#listItem\",\"position\":1,\"name\":\"Home\",\"item\":\"https:\\\/\\\/www.eldigitaldeasturias.com\\\/noticias\",\"nextItem\":{\"@type\":\"ListItem\",\"@id\":\"https:\\\/\\\/www.eldigitaldeasturias.com\\\/noticias\\\/category\\\/economia\\\/#listItem\",\"name\":\"Econom\\u00eda\"}},{\"@type\":\"ListItem\",\"@id\":\"https:\\\/\\\/www.eldigitaldeasturias.com\\\/noticias\\\/category\\\/economia\\\/#listItem\",\"position\":2,\"name\":\"Econom\\u00eda\",\"item\":\"https:\\\/\\\/www.eldigitaldeasturias.com\\\/noticias\\\/category\\\/economia\\\/\",\"nextItem\":{\"@type\":\"ListItem\",\"@id\":\"https:\\\/\\\/www.eldigitaldeasturias.com\\\/noticias\\\/el-gobierno-de-espana-satisfecho-con-el-acuerdo-sobre-el-brexit\\\/#listItem\",\"name\":\"El Gobierno de Espa\\u00f1a satisfecho con el acuerdo sobre el \\u201cBrexit\\u201d\"},\"previousItem\":{\"@type\":\"ListItem\",\"@id\":\"https:\\\/\\\/www.eldigitaldeasturias.com\\\/noticias#listItem\",\"name\":\"Home\"}},{\"@type\":\"ListItem\",\"@id\":\"https:\\\/\\\/www.eldigitaldeasturias.com\\\/noticias\\\/el-gobierno-de-espana-satisfecho-con-el-acuerdo-sobre-el-brexit\\\/#listItem\",\"position\":3,\"name\":\"El Gobierno de Espa\\u00f1a satisfecho con el acuerdo sobre el \\u201cBrexit\\u201d\",\"previousItem\":{\"@type\":\"ListItem\",\"@id\":\"https:\\\/\\\/www.eldigitaldeasturias.com\\\/noticias\\\/category\\\/economia\\\/#listItem\",\"name\":\"Econom\\u00eda\"}}]},{\"@type\":\"Organization\",\"@id\":\"https:\\\/\\\/www.eldigitaldeasturias.com\\\/noticias\\\/#organization\",\"name\":\"El Digital de Asturias\",\"description\":\"Hemeroteca\",\"url\":\"https:\\\/\\\/www.eldigitaldeasturias.com\\\/noticias\\\/\",\"email\":\"info@eldigitaldeasturias.com\",\"telephone\":\"+34652131393\",\"logo\":{\"@type\":\"ImageObject\",\"url\":\"https:\\\/\\\/www.eldigitaldeasturias.com\\\/noticias\\\/wp-content\\\/uploads\\\/2020\\\/12\\\/EDA.jpg\",\"@id\":\"https:\\\/\\\/www.eldigitaldeasturias.com\\\/noticias\\\/el-gobierno-de-espana-satisfecho-con-el-acuerdo-sobre-el-brexit\\\/#organizationLogo\",\"width\":649,\"height\":297},\"image\":{\"@id\":\"https:\\\/\\\/www.eldigitaldeasturias.com\\\/noticias\\\/el-gobierno-de-espana-satisfecho-con-el-acuerdo-sobre-el-brexit\\\/#organizationLogo\"},\"sameAs\":[\"https:\\\/\\\/facebook.com\\\/eldigitaldeasturias\",\"https:\\\/\\\/www.youtube.com\\\/channel\\\/UCZP-2wLEB9Rv6erhFmqVnvg\"],\"address\":{\"@id\":\"https:\\\/\\\/www.eldigitaldeasturias.com\\\/noticias\\\/#postaladdress\",\"@type\":\"PostalAddress\",\"streetAddress\":\"san antonio 4,\",\"postalCode\":\"33430\",\"addressLocality\":\"Cand\\u00e1s\",\"addressRegion\":\"Asturias\",\"addressCountry\":\"ES\"}},{\"@type\":\"Person\",\"@id\":\"https:\\\/\\\/www.eldigitaldeasturias.com\\\/noticias\\\/author\\\/admin\\\/#author\",\"url\":\"https:\\\/\\\/www.eldigitaldeasturias.com\\\/noticias\\\/author\\\/admin\\\/\",\"name\":\"El Digital de Asturias\",\"image\":{\"@type\":\"ImageObject\",\"@id\":\"https:\\\/\\\/www.eldigitaldeasturias.com\\\/noticias\\\/el-gobierno-de-espana-satisfecho-con-el-acuerdo-sobre-el-brexit\\\/#authorImage\",\"url\":\"https:\\\/\\\/www.eldigitaldeasturias.com\\\/noticias\\\/wp-content\\\/litespeed\\\/avatar\\\/18677e78aa0546b92d9dbf31ec7d7668.jpg?ver=1777290358\",\"width\":96,\"height\":96,\"caption\":\"El Digital de Asturias\"}},{\"@type\":\"WebPage\",\"@id\":\"https:\\\/\\\/www.eldigitaldeasturias.com\\\/noticias\\\/el-gobierno-de-espana-satisfecho-con-el-acuerdo-sobre-el-brexit\\\/#webpage\",\"url\":\"https:\\\/\\\/www.eldigitaldeasturias.com\\\/noticias\\\/el-gobierno-de-espana-satisfecho-con-el-acuerdo-sobre-el-brexit\\\/\",\"name\":\"El Gobierno de Espa\\u00f1a satisfecho con el acuerdo sobre el \\u201cBrexit\\u201d - El Digital de Asturias\",\"description\":\"El Gobierno de Espa\\u00f1a da la bienvenida al acuerdo alcanzado hoy entre los equipos negociadores de la Uni\\u00f3n Europea y del Reino Unido sobre la primera fase de las negociaciones del acuerdo de retirada del Reino Unido de la Uni\\u00f3n Europea, centradas en el mantenimiento de los derechos de los ciudadanos, el arreglo financiero y\",\"inLanguage\":\"es-ES\",\"isPartOf\":{\"@id\":\"https:\\\/\\\/www.eldigitaldeasturias.com\\\/noticias\\\/#website\"},\"breadcrumb\":{\"@id\":\"https:\\\/\\\/www.eldigitaldeasturias.com\\\/noticias\\\/el-gobierno-de-espana-satisfecho-con-el-acuerdo-sobre-el-brexit\\\/#breadcrumblist\"},\"author\":{\"@id\":\"https:\\\/\\\/www.eldigitaldeasturias.com\\\/noticias\\\/author\\\/admin\\\/#author\"},\"creator\":{\"@id\":\"https:\\\/\\\/www.eldigitaldeasturias.com\\\/noticias\\\/author\\\/admin\\\/#author\"},\"image\":{\"@type\":\"ImageObject\",\"url\":\"https:\\\/\\\/www.eldigitaldeasturias.com\\\/noticias\\\/wp-content\\\/uploads\\\/2017\\\/12\\\/09032017_SedeMinisterio-1.jpg\",\"@id\":\"https:\\\/\\\/www.eldigitaldeasturias.com\\\/noticias\\\/el-gobierno-de-espana-satisfecho-con-el-acuerdo-sobre-el-brexit\\\/#mainImage\",\"width\":496,\"height\":329},\"primaryImageOfPage\":{\"@id\":\"https:\\\/\\\/www.eldigitaldeasturias.com\\\/noticias\\\/el-gobierno-de-espana-satisfecho-con-el-acuerdo-sobre-el-brexit\\\/#mainImage\"},\"datePublished\":\"2017-12-08T21:42:54+01:00\",\"dateModified\":\"2017-12-08T21:42:54+01:00\"},{\"@type\":\"WebSite\",\"@id\":\"https:\\\/\\\/www.eldigitaldeasturias.com\\\/noticias\\\/#website\",\"url\":\"https:\\\/\\\/www.eldigitaldeasturias.com\\\/noticias\\\/\",\"name\":\"El Digital de Asturias - Diario de actualidad y noticias\",\"alternateName\":\"El Digital de Asturias - Diario de actualidad y noticias\",\"description\":\"Hemeroteca\",\"inLanguage\":\"es-ES\",\"publisher\":{\"@id\":\"https:\\\/\\\/www.eldigitaldeasturias.com\\\/noticias\\\/#organization\"}}]}\n\t\t<\/script>\n\t\t<!-- All in One SEO Pro -->\r\n\t\t<title>El Gobierno de Espa\u00f1a satisfecho con el acuerdo sobre el \u201cBrexit\u201d - El Digital de Asturias<\/title>\n\n","aioseo_head_json":{"title":"El Gobierno de Espa\u00f1a satisfecho con el acuerdo sobre el \u201cBrexit\u201d - El Digital de Asturias","description":"El Gobierno de Espa\u00f1a da la bienvenida al acuerdo alcanzado hoy entre los equipos negociadores de la Uni\u00f3n Europea y del Reino Unido sobre la primera fase de las negociaciones del acuerdo de retirada del Reino Unido de la Uni\u00f3n Europea, centradas en el mantenimiento de los derechos de los ciudadanos, el arreglo financiero y","canonical_url":"https:\/\/www.eldigitaldeasturias.com\/noticias\/el-gobierno-de-espana-satisfecho-con-el-acuerdo-sobre-el-brexit\/","robots":"max-image-preview:large","keywords":"econom\u00eda","webmasterTools":{"google-site-verification":"UA-38556648-1","msvalidate.01":"7dfe9f3f1b24437ab69f4f2559babe99","miscellaneous":""},"schema":{"@context":"https:\/\/schema.org","@graph":[{"@type":"BlogPosting","@id":"https:\/\/www.eldigitaldeasturias.com\/noticias\/el-gobierno-de-espana-satisfecho-con-el-acuerdo-sobre-el-brexit\/#blogposting","name":"El Gobierno de Espa\u00f1a satisfecho con el acuerdo sobre el \u201cBrexit\u201d - El Digital de Asturias","headline":"El Gobierno de Espa\u00f1a satisfecho con el acuerdo sobre el \u201cBrexit\u201d","author":{"@id":"https:\/\/www.eldigitaldeasturias.com\/noticias\/author\/admin\/#author"},"publisher":{"@id":"https:\/\/www.eldigitaldeasturias.com\/noticias\/#organization"},"image":{"@type":"ImageObject","url":"https:\/\/www.eldigitaldeasturias.com\/noticias\/wp-content\/uploads\/2017\/12\/09032017_SedeMinisterio-1.jpg","width":496,"height":329},"datePublished":"2017-12-08T21:42:54+01:00","dateModified":"2017-12-08T21:42:54+01:00","inLanguage":"es-ES","mainEntityOfPage":{"@id":"https:\/\/www.eldigitaldeasturias.com\/noticias\/el-gobierno-de-espana-satisfecho-con-el-acuerdo-sobre-el-brexit\/#webpage"},"isPartOf":{"@id":"https:\/\/www.eldigitaldeasturias.com\/noticias\/el-gobierno-de-espana-satisfecho-con-el-acuerdo-sobre-el-brexit\/#webpage"},"articleSection":"Econom\u00eda"},{"@type":"BreadcrumbList","@id":"https:\/\/www.eldigitaldeasturias.com\/noticias\/el-gobierno-de-espana-satisfecho-con-el-acuerdo-sobre-el-brexit\/#breadcrumblist","itemListElement":[{"@type":"ListItem","@id":"https:\/\/www.eldigitaldeasturias.com\/noticias#listItem","position":1,"name":"Home","item":"https:\/\/www.eldigitaldeasturias.com\/noticias","nextItem":{"@type":"ListItem","@id":"https:\/\/www.eldigitaldeasturias.com\/noticias\/category\/economia\/#listItem","name":"Econom\u00eda"}},{"@type":"ListItem","@id":"https:\/\/www.eldigitaldeasturias.com\/noticias\/category\/economia\/#listItem","position":2,"name":"Econom\u00eda","item":"https:\/\/www.eldigitaldeasturias.com\/noticias\/category\/economia\/","nextItem":{"@type":"ListItem","@id":"https:\/\/www.eldigitaldeasturias.com\/noticias\/el-gobierno-de-espana-satisfecho-con-el-acuerdo-sobre-el-brexit\/#listItem","name":"El Gobierno de Espa\u00f1a satisfecho con el acuerdo sobre el \u201cBrexit\u201d"},"previousItem":{"@type":"ListItem","@id":"https:\/\/www.eldigitaldeasturias.com\/noticias#listItem","name":"Home"}},{"@type":"ListItem","@id":"https:\/\/www.eldigitaldeasturias.com\/noticias\/el-gobierno-de-espana-satisfecho-con-el-acuerdo-sobre-el-brexit\/#listItem","position":3,"name":"El Gobierno de Espa\u00f1a satisfecho con el acuerdo sobre el \u201cBrexit\u201d","previousItem":{"@type":"ListItem","@id":"https:\/\/www.eldigitaldeasturias.com\/noticias\/category\/economia\/#listItem","name":"Econom\u00eda"}}]},{"@type":"Organization","@id":"https:\/\/www.eldigitaldeasturias.com\/noticias\/#organization","name":"El Digital de Asturias","description":"Hemeroteca","url":"https:\/\/www.eldigitaldeasturias.com\/noticias\/","email":"info@eldigitaldeasturias.com","telephone":"+34652131393","logo":{"@type":"ImageObject","url":"https:\/\/www.eldigitaldeasturias.com\/noticias\/wp-content\/uploads\/2020\/12\/EDA.jpg","@id":"https:\/\/www.eldigitaldeasturias.com\/noticias\/el-gobierno-de-espana-satisfecho-con-el-acuerdo-sobre-el-brexit\/#organizationLogo","width":649,"height":297},"image":{"@id":"https:\/\/www.eldigitaldeasturias.com\/noticias\/el-gobierno-de-espana-satisfecho-con-el-acuerdo-sobre-el-brexit\/#organizationLogo"},"sameAs":["https:\/\/facebook.com\/eldigitaldeasturias","https:\/\/www.youtube.com\/channel\/UCZP-2wLEB9Rv6erhFmqVnvg"],"address":{"@id":"https:\/\/www.eldigitaldeasturias.com\/noticias\/#postaladdress","@type":"PostalAddress","streetAddress":"san antonio 4,","postalCode":"33430","addressLocality":"Cand\u00e1s","addressRegion":"Asturias","addressCountry":"ES"}},{"@type":"Person","@id":"https:\/\/www.eldigitaldeasturias.com\/noticias\/author\/admin\/#author","url":"https:\/\/www.eldigitaldeasturias.com\/noticias\/author\/admin\/","name":"El Digital de Asturias","image":{"@type":"ImageObject","@id":"https:\/\/www.eldigitaldeasturias.com\/noticias\/el-gobierno-de-espana-satisfecho-con-el-acuerdo-sobre-el-brexit\/#authorImage","url":"https:\/\/www.eldigitaldeasturias.com\/noticias\/wp-content\/litespeed\/avatar\/18677e78aa0546b92d9dbf31ec7d7668.jpg?ver=1777290358","width":96,"height":96,"caption":"El Digital de Asturias"}},{"@type":"WebPage","@id":"https:\/\/www.eldigitaldeasturias.com\/noticias\/el-gobierno-de-espana-satisfecho-con-el-acuerdo-sobre-el-brexit\/#webpage","url":"https:\/\/www.eldigitaldeasturias.com\/noticias\/el-gobierno-de-espana-satisfecho-con-el-acuerdo-sobre-el-brexit\/","name":"El Gobierno de Espa\u00f1a satisfecho con el acuerdo sobre el \u201cBrexit\u201d - El Digital de Asturias","description":"El Gobierno de Espa\u00f1a da la bienvenida al acuerdo alcanzado hoy entre los equipos negociadores de la Uni\u00f3n Europea y del Reino Unido sobre la primera fase de las negociaciones del acuerdo de retirada del Reino Unido de la Uni\u00f3n Europea, centradas en el mantenimiento de los derechos de los ciudadanos, el arreglo financiero y","inLanguage":"es-ES","isPartOf":{"@id":"https:\/\/www.eldigitaldeasturias.com\/noticias\/#website"},"breadcrumb":{"@id":"https:\/\/www.eldigitaldeasturias.com\/noticias\/el-gobierno-de-espana-satisfecho-con-el-acuerdo-sobre-el-brexit\/#breadcrumblist"},"author":{"@id":"https:\/\/www.eldigitaldeasturias.com\/noticias\/author\/admin\/#author"},"creator":{"@id":"https:\/\/www.eldigitaldeasturias.com\/noticias\/author\/admin\/#author"},"image":{"@type":"ImageObject","url":"https:\/\/www.eldigitaldeasturias.com\/noticias\/wp-content\/uploads\/2017\/12\/09032017_SedeMinisterio-1.jpg","@id":"https:\/\/www.eldigitaldeasturias.com\/noticias\/el-gobierno-de-espana-satisfecho-con-el-acuerdo-sobre-el-brexit\/#mainImage","width":496,"height":329},"primaryImageOfPage":{"@id":"https:\/\/www.eldigitaldeasturias.com\/noticias\/el-gobierno-de-espana-satisfecho-con-el-acuerdo-sobre-el-brexit\/#mainImage"},"datePublished":"2017-12-08T21:42:54+01:00","dateModified":"2017-12-08T21:42:54+01:00"},{"@type":"WebSite","@id":"https:\/\/www.eldigitaldeasturias.com\/noticias\/#website","url":"https:\/\/www.eldigitaldeasturias.com\/noticias\/","name":"El Digital de Asturias - Diario de actualidad y noticias","alternateName":"El Digital de Asturias - Diario de actualidad y noticias","description":"Hemeroteca","inLanguage":"es-ES","publisher":{"@id":"https:\/\/www.eldigitaldeasturias.com\/noticias\/#organization"}}]},"og:locale":"es_ES","og:site_name":"El Digital de Asturias","og:type":"article","og:title":"El Gobierno de Espa\u00f1a satisfecho con el acuerdo sobre el \u201cBrexit\u201d - El Digital de Asturias","og:description":"El Gobierno de Espa\u00f1a da la bienvenida al acuerdo alcanzado hoy entre los equipos negociadores de la Uni\u00f3n Europea y del Reino Unido sobre la primera fase de las negociaciones del acuerdo de retirada del Reino Unido de la Uni\u00f3n Europea, centradas en el mantenimiento de los derechos de los ciudadanos, el arreglo financiero y","og:url":"https:\/\/www.eldigitaldeasturias.com\/noticias\/el-gobierno-de-espana-satisfecho-con-el-acuerdo-sobre-el-brexit\/","og:image":"https:\/\/www.eldigitaldeasturias.com\/noticias\/wp-content\/uploads\/2017\/12\/09032017_SedeMinisterio-1.jpg","og:image:secure_url":"https:\/\/www.eldigitaldeasturias.com\/noticias\/wp-content\/uploads\/2017\/12\/09032017_SedeMinisterio-1.jpg","og:image:width":496,"og:image:height":329,"article:tag":["econom\u00eda"],"article:published_time":"2017-12-08T21:42:54+00:00","article:modified_time":"2017-12-08T21:42:54+00:00","article:publisher":"https:\/\/facebook.com\/eldigitaldeasturias","twitter:card":"summary_large_image","twitter:title":"El Gobierno de Espa\u00f1a satisfecho con el acuerdo sobre el \u201cBrexit\u201d - El Digital de Asturias","twitter:description":"El Gobierno de Espa\u00f1a da la bienvenida al acuerdo alcanzado hoy entre los equipos negociadores de la Uni\u00f3n Europea y del Reino Unido sobre la primera fase de las negociaciones del acuerdo de retirada del Reino Unido de la Uni\u00f3n Europea, centradas en el mantenimiento de los derechos de los ciudadanos, el arreglo financiero y","twitter:image":"https:\/\/www.eldigitaldeasturias.com\/noticias\/wp-content\/uploads\/2017\/12\/09032017_SedeMinisterio-1.jpg","twitter:label1":"Escrito por","twitter:data1":"El Digital de Asturias","twitter:label2":"Tiempo de lectura estimado","twitter:data2":"1 minuto"},"aioseo_meta_data":{"post_id":"962800","title":null,"description":null,"keywords":null,"keyphrases":null,"primary_term":null,"canonical_url":null,"og_title":null,"og_description":null,"og_object_type":"default","og_image_type":"default","og_image_url":null,"og_image_width":null,"og_image_height":null,"og_image_custom_url":null,"og_image_custom_fields":null,"og_video":null,"og_custom_url":null,"og_article_section":null,"og_article_tags":null,"twitter_use_og":false,"twitter_card":"default","twitter_image_type":"default","twitter_image_url":null,"twitter_image_custom_url":null,"twitter_image_custom_fields":null,"twitter_title":null,"twitter_description":null,"schema":{"blockGraphs":[],"customGraphs":[],"default":{"data":{"Article":[],"Course":[],"Dataset":[],"FAQPage":[],"Movie":[],"Person":[],"Product":[],"ProductReview":[],"Car":[],"Recipe":[],"Service":[],"SoftwareApplication":[],"WebPage":[]},"graphName":"","isEnabled":true},"graphs":[],"defaultGraph":"","defaultPostTypeGraph":""},"schema_type":null,"schema_type_options":null,"pillar_content":false,"robots_default":true,"robots_noindex":false,"robots_noarchive":false,"robots_nosnippet":false,"robots_nofollow":false,"robots_noimageindex":false,"robots_noodp":false,"robots_notranslate":false,"robots_max_snippet":null,"robots_max_videopreview":null,"robots_max_imagepreview":"large","priority":null,"frequency":null,"local_seo":null,"seo_analyzer_scan_date":"2025-12-07 13:45:12","breadcrumb_settings":null,"limit_modified_date":false,"open_ai":null,"ai":null,"created":"2020-12-21 12:45:42","updated":"2025-12-07 13:45:12"},"aioseo_breadcrumb":"<div class=\"aioseo-breadcrumbs\"><span class=\"aioseo-breadcrumb\">\n\t<a href=\"https:\/\/www.eldigitaldeasturias.com\/noticias\" title=\"Home\">Home<\/a>\n<\/span><span class=\"aioseo-breadcrumb-separator\">\u2013<\/span><span class=\"aioseo-breadcrumb\">\n\t<a href=\"https:\/\/www.eldigitaldeasturias.com\/noticias\/category\/economia\/\" title=\"Econom\u00eda\">Econom\u00eda<\/a>\n<\/span><span class=\"aioseo-breadcrumb-separator\">\u2013<\/span><span class=\"aioseo-breadcrumb\">\n\t<a href=\"https:\/\/www.eldigitaldeasturias.com\/noticias\/el-gobierno-de-espana-satisfecho-con-el-acuerdo-sobre-el-brexit\/\" title=\"El Gobierno de Espa\u00f1a satisfecho con el acuerdo sobre el \u201cBrexit\u201d\">El Gobierno de Espa\u00f1a satisfecho con el acuerdo sobre el \u201cBrexit\u201d<\/a>\n<\/span><\/div>","aioseo_breadcrumb_json":[{"label":"Home","link":"https:\/\/www.eldigitaldeasturias.com\/noticias"},{"label":"Econom\u00eda","link":"https:\/\/www.eldigitaldeasturias.com\/noticias\/category\/economia\/"},{"label":"El Gobierno de Espa\u00f1a satisfecho con el acuerdo sobre el \u201cBrexit\u201d","link":"https:\/\/www.eldigitaldeasturias.com\/noticias\/el-gobierno-de-espana-satisfecho-con-el-acuerdo-sobre-el-brexit\/"}],"_links":{"self":[{"href":"https:\/\/www.eldigitaldeasturias.com\/noticias\/wp-json\/wp\/v2\/posts\/962800","targetHints":{"allow":["GET"]}}],"collection":[{"href":"https:\/\/www.eldigitaldeasturias.com\/noticias\/wp-json\/wp\/v2\/posts"}],"about":[{"href":"https:\/\/www.eldigitaldeasturias.com\/noticias\/wp-json\/wp\/v2\/types\/post"}],"author":[{"embeddable":true,"href":"https:\/\/www.eldigitaldeasturias.com\/noticias\/wp-json\/wp\/v2\/users\/1"}],"replies":[{"embeddable":true,"href":"https:\/\/www.eldigitaldeasturias.com\/noticias\/wp-json\/wp\/v2\/comments?post=962800"}],"version-history":[{"count":0,"href":"https:\/\/www.eldigitaldeasturias.com\/noticias\/wp-json\/wp\/v2\/posts\/962800\/revisions"}],"wp:featuredmedia":[{"embeddable":true,"href":"https:\/\/www.eldigitaldeasturias.com\/noticias\/wp-json\/wp\/v2\/media\/962801"}],"wp:attachment":[{"href":"https:\/\/www.eldigitaldeasturias.com\/noticias\/wp-json\/wp\/v2\/media?parent=962800"}],"wp:term":[{"taxonomy":"category","embeddable":true,"href":"https:\/\/www.eldigitaldeasturias.com\/noticias\/wp-json\/wp\/v2\/categories?post=962800"},{"taxonomy":"post_tag","embeddable":true,"href":"https:\/\/www.eldigitaldeasturias.com\/noticias\/wp-json\/wp\/v2\/tags?post=962800"}],"curies":[{"name":"wp","href":"https:\/\/api.w.org\/{rel}","templated":true}]}}