{"id":962797,"date":"2017-12-08T21:38:36","date_gmt":"2017-12-08T21:38:36","guid":{"rendered":"http:\/\/www.eldigitaldeasturias.com\/noticias\/?p=962797"},"modified":"2017-12-08T21:38:36","modified_gmt":"2017-12-08T21:38:36","slug":"catala-defiende-la-union-europea-como-espacio-unico-de-libertad-justicia-y-seguridad","status":"publish","type":"post","link":"https:\/\/www.eldigitaldeasturias.com\/noticias\/catala-defiende-la-union-europea-como-espacio-unico-de-libertad-justicia-y-seguridad\/","title":{"rendered":"Catal\u00e1 defiende la Uni\u00f3n Europea como espacio \u00fanico de libertad, justicia y seguridad"},"content":{"rendered":"<p><img loading=\"lazy\" decoding=\"async\" class=\"alignleft size-medium wp-image-962798\" src=\"https:\/\/www.eldigitaldeasturias.com\/noticias\/wp-content\/uploads\/2017\/12\/08032016_ArchivoCatal\u00e1-360x239.jpg\" alt=\"\" width=\"360\" height=\"239\" \/>El ministro de Justicia, Rafael Catal\u00e1, ha subrayado hoy durante su participaci\u00f3n en el Consejo de Ministros de Justicia y Asuntos de Interior (JAI) celebrado en Bruselas, la voluntad de Espa\u00f1a de avanzar en la consolidaci\u00f3n de la Uni\u00f3n Europa como espacio \u00fanico de libertad, justicia y seguridad basado en los principios de confianza y reconocimiento mutuo entre los socios europeos.<\/p>\n<p>En este sentido, el ministro ha se\u00f1alado la necesidad de seguir reforzando la cooperaci\u00f3n judicial en la UE en materias como la lucha contra la criminalidad y ha celebrado la propuesta de Reglamento para el establecimiento de un sistema centralizado de antecedentes penales que incluya tambi\u00e9n informaci\u00f3n sobre condenas a nacionales de terceros pa\u00edses y ap\u00e1tridas. Igualmente, se ha debatido sobre el futuro de la e-Justice o Justicia electr\u00f3nica en el seno de la UE y sobre dos importantes propuestas normativas en materia de derecho civil y de derecho mercantil.<\/p>\n<p>La primera de ellas, la revisi\u00f3n del denominado Reglamento Bruselas II bis se refiere a la competencia, el reconocimiento y la ejecuci\u00f3n de resoluciones judiciales en materia matrimonial y de responsabilidad parental y en el \u00e1mbito de la sustracci\u00f3n internacional de menores. La segunda es la propuesta de Directiva sobre marcos de reestructuraci\u00f3n, segunda oportunidad y medidas para mejorar la eficiencia de la reestructuraci\u00f3n, la insolvencia y los procedimientos de exoneraci\u00f3n.<\/p>\n<p>Asimismo, se ha debatido sobre la sensible cuesti\u00f3n de la retenci\u00f3n de datos como consecuencia de la sentencia del Tribunal de Justicia de la UE de 21 de diciembre de 2016 (el denominado caso Tele2), tratando de identificar cu\u00e1l es el equilibrio adecuado entre la conservaci\u00f3n generalizada e indiscriminada de datos en el tr\u00e1fico electr\u00f3nico, a lo que la sentencia se opone, con la necesaria conservaci\u00f3n de aquellos que resulten necesarios para las finalidades de prevenci\u00f3n y enjuiciamiento de los delitos.<\/p>\n<p>Por \u00faltimo, se ha adoptado por los ministros de Justicia una propuesta de Reglamento sobre reconocimiento mutuo de resoluciones de embargo y decomiso. As\u00ed, se perfecciona una herramienta ya existente que resulta muy eficaz en la lucha contra el crimen, en especial el crimen organizado, pues permite desposeer a los delincuentes de los frutos de su delito, est\u00e9n donde est\u00e9n y con todas las garant\u00edas procesales. Espa\u00f1a, tras la creaci\u00f3n hace dos a\u00f1os de la Oficina de Recuperaci\u00f3n y Gesti\u00f3n de Activos (ORGA) cuenta ya con un marco legislativo avanzado que permite evitar que los criminales que se han enriquecido il\u00edcitamente puedan, una vez cumplida su condena penal, conservar esos bienes.<\/p>\n<p><strong>Cooperaci\u00f3n judicial y reconocimiento mutuo de resoluciones judiciales<\/strong><\/p>\n<p>Pero el Reglamento que hoy han aprobado los ministros de Justicia de la UE se inscribe tambi\u00e9n dentro del conjunto de normas que refuerzan el espacio jur\u00eddico \u00fanico de libertad, justicia y seguridad que la Uni\u00f3n quiere ser, eliminando espacios de impunidad y facilitando la ejecuci\u00f3n de las resoluciones emitidas por las autoridades judiciales de un Estado miembro en el territorio de los restantes Estados.<\/p>\n<p>En este contexto, Catal\u00e1 ha destacado ante sus colegas que Espa\u00f1a apoya decididamente esta nueva norma, pues profundiza en algo que para nuestro pa\u00eds resulta esencial, como es la cooperaci\u00f3n judicial y el reconocimiento mutuo de resoluciones judiciales. En materia de cooperaci\u00f3n judicial europea, Espa\u00f1a siempre ha manifestado confianza respecto de los sistemas legales y judiciales de nuestros socios. Como muestra, en los \u00faltimos tres a\u00f1os nuestro pa\u00eds ha incoado un total de 212 \u00d3rdenes Europeas de Detenci\u00f3n y Entrega procedentes de autoridades belgas, de las que \u00fanicamente se ha denegado una y se han suspendido dos entregas por razones humanitarias. Esto es as\u00ed, ha dicho el ministro, porque pertenecemos a una Uni\u00f3n que defiende con celo el marco jur\u00eddico-pol\u00edtico que le es propio, el Estado de derecho. Los pa\u00edses que no acatan ese marco no pueden ingresar en la misma y los que una vez dentro no lo respetan, se exponen a los mecanismos correctores o sancionadores previstos.<\/p>\n<p>Espa\u00f1a, ha a\u00f1adido, cree en un europe\u00edsmo genuinamente integrador, en un sistema de confianza y reconocimiento mutuo entre todos los socios y en el que la ausencia de fronteras no puede convertirse en un mecanismo para facilitar que se eluda la acci\u00f3n de la Justicia. No entenderlo as\u00ed, ha concluido Catal\u00e1, nos aleja de los fundamentos de la Uni\u00f3n en la que creemos y en la que los unos confiamos en la protecci\u00f3n que los otros otorgan a los derechos fundamentales y al conjunto del sistema jur\u00eddico que compartimos.<\/p>\n<p>&nbsp;<\/p>\n","protected":false},"excerpt":{"rendered":"<p>El ministro de Justicia, Rafael Catal\u00e1, ha subrayado hoy durante su participaci\u00f3n en el Consejo de Ministros de Justicia y Asuntos de Interior (JAI) celebrado en Bruselas, la voluntad de Espa\u00f1a de avanzar en la consolidaci\u00f3n de la Uni\u00f3n Europa como espacio \u00fanico de libertad, justicia y seguridad basado en los principios de confianza y [&hellip;]<\/p>\n","protected":false},"author":1,"featured_media":962798,"comment_status":"closed","ping_status":"closed","sticky":false,"template":"","format":"standard","meta":{"footnotes":""},"categories":[1],"tags":[],"class_list":["post-962797","post","type-post","status-publish","format-standard","has-post-thumbnail","hentry","category-actualidad"],"aioseo_notices":[],"aioseo_head":"\n\t\t<!-- All in One SEO Pro 5.0.1 - aioseo.com -->\n\t<meta name=\"description\" content=\"El ministro de Justicia, Rafael Catal\u00e1, ha subrayado hoy durante su participaci\u00f3n en el Consejo de Ministros de Justicia y Asuntos de Interior (JAI) celebrado en Bruselas, la voluntad de Espa\u00f1a de avanzar en la consolidaci\u00f3n de la Uni\u00f3n Europa como espacio \u00fanico de libertad, justicia y seguridad basado en los principios de confianza y\" \/>\n\t<meta name=\"robots\" content=\"max-image-preview:large\" \/>\n\t<meta name=\"author\" content=\"El Digital de Asturias\"\/>\n\t<meta name=\"google-site-verification\" content=\"UA-38556648-1\" \/>\n\t<meta name=\"msvalidate.01\" content=\"7dfe9f3f1b24437ab69f4f2559babe99\" \/>\n\t<meta name=\"keywords\" content=\"actualidad\" \/>\n\t<link rel=\"canonical\" href=\"https:\/\/www.eldigitaldeasturias.com\/noticias\/catala-defiende-la-union-europea-como-espacio-unico-de-libertad-justicia-y-seguridad\/\" \/>\n\t<meta name=\"generator\" content=\"All in One SEO Pro (AIOSEO) 5.0.1\" \/>\n\t\t<meta property=\"og:locale\" content=\"es_ES\" \/>\n\t\t<meta property=\"og:site_name\" content=\"El Digital de Asturias\" \/>\n\t\t<meta property=\"og:type\" content=\"article\" \/>\n\t\t<meta property=\"og:title\" content=\"Catal\u00e1 defiende la Uni\u00f3n Europea como espacio \u00fanico de libertad, justicia y seguridad - El Digital de Asturias\" \/>\n\t\t<meta property=\"og:description\" content=\"El ministro de Justicia, Rafael Catal\u00e1, ha subrayado hoy durante su participaci\u00f3n en el Consejo de Ministros de Justicia y Asuntos de Interior (JAI) celebrado en Bruselas, la voluntad de Espa\u00f1a de avanzar en la consolidaci\u00f3n de la Uni\u00f3n Europa como espacio \u00fanico de libertad, justicia y seguridad basado en los principios de confianza y\" \/>\n\t\t<meta property=\"og:url\" content=\"https:\/\/www.eldigitaldeasturias.com\/noticias\/catala-defiende-la-union-europea-como-espacio-unico-de-libertad-justicia-y-seguridad\/\" \/>\n\t\t<meta property=\"article:tag\" content=\"actualidad\" \/>\n\t\t<meta property=\"article:published_time\" content=\"2017-12-08T21:38:36+00:00\" \/>\n\t\t<meta property=\"article:modified_time\" content=\"2017-12-08T21:38:36+00:00\" \/>\n\t\t<meta property=\"article:publisher\" content=\"https:\/\/facebook.com\/eldigitaldeasturias\" \/>\n\t\t<meta name=\"twitter:card\" content=\"summary_large_image\" \/>\n\t\t<meta name=\"twitter:title\" content=\"Catal\u00e1 defiende la Uni\u00f3n Europea como espacio \u00fanico de libertad, justicia y seguridad - El Digital de Asturias\" \/>\n\t\t<meta name=\"twitter:description\" content=\"El ministro de Justicia, Rafael Catal\u00e1, ha subrayado hoy durante su participaci\u00f3n en el Consejo de Ministros de Justicia y Asuntos de Interior (JAI) celebrado en Bruselas, la voluntad de Espa\u00f1a de avanzar en la consolidaci\u00f3n de la Uni\u00f3n Europa como espacio \u00fanico de libertad, justicia y seguridad basado en los principios de confianza y\" \/>\n\t\t<meta name=\"twitter:image\" content=\"https:\/\/www.eldigitaldeasturias.com\/noticias\/wp-content\/uploads\/2020\/12\/EDA-1.jpg\" \/>\n\t\t<meta name=\"twitter:label1\" content=\"Escrito por\" \/>\n\t\t<meta name=\"twitter:data1\" content=\"El Digital de Asturias\" \/>\n\t\t<meta name=\"twitter:label2\" content=\"Tiempo de lectura estimado\" \/>\n\t\t<meta name=\"twitter:data2\" content=\"4 minutos\" \/>\n\t\t<script type=\"application\/ld+json\" class=\"aioseo-schema\">\n\t\t\t{\"@context\":\"https:\\\/\\\/schema.org\",\"@graph\":[{\"@type\":\"BlogPosting\",\"@id\":\"https:\\\/\\\/www.eldigitaldeasturias.com\\\/noticias\\\/catala-defiende-la-union-europea-como-espacio-unico-de-libertad-justicia-y-seguridad\\\/#blogposting\",\"name\":\"Catal\\u00e1 defiende la Uni\\u00f3n Europea como espacio \\u00fanico de libertad, justicia y seguridad - El Digital de Asturias\",\"headline\":\"Catal\\u00e1 defiende la Uni\\u00f3n Europea como espacio \\u00fanico de libertad, justicia y seguridad\",\"author\":{\"@id\":\"https:\\\/\\\/www.eldigitaldeasturias.com\\\/noticias\\\/author\\\/admin\\\/#author\"},\"publisher\":{\"@id\":\"https:\\\/\\\/www.eldigitaldeasturias.com\\\/noticias\\\/#organization\"},\"image\":{\"@type\":\"ImageObject\",\"url\":962798},\"datePublished\":\"2017-12-08T21:38:36+01:00\",\"dateModified\":\"2017-12-08T21:38:36+01:00\",\"inLanguage\":\"es-ES\",\"mainEntityOfPage\":{\"@id\":\"https:\\\/\\\/www.eldigitaldeasturias.com\\\/noticias\\\/catala-defiende-la-union-europea-como-espacio-unico-de-libertad-justicia-y-seguridad\\\/#webpage\"},\"isPartOf\":{\"@id\":\"https:\\\/\\\/www.eldigitaldeasturias.com\\\/noticias\\\/catala-defiende-la-union-europea-como-espacio-unico-de-libertad-justicia-y-seguridad\\\/#webpage\"},\"articleSection\":\"Actualidad\"},{\"@type\":\"BreadcrumbList\",\"@id\":\"https:\\\/\\\/www.eldigitaldeasturias.com\\\/noticias\\\/catala-defiende-la-union-europea-como-espacio-unico-de-libertad-justicia-y-seguridad\\\/#breadcrumblist\",\"itemListElement\":[{\"@type\":\"ListItem\",\"@id\":\"https:\\\/\\\/www.eldigitaldeasturias.com\\\/noticias#listItem\",\"position\":1,\"name\":\"Home\",\"item\":\"https:\\\/\\\/www.eldigitaldeasturias.com\\\/noticias\",\"nextItem\":{\"@type\":\"ListItem\",\"@id\":\"https:\\\/\\\/www.eldigitaldeasturias.com\\\/noticias\\\/category\\\/actualidad\\\/#listItem\",\"name\":\"Actualidad\"}},{\"@type\":\"ListItem\",\"@id\":\"https:\\\/\\\/www.eldigitaldeasturias.com\\\/noticias\\\/category\\\/actualidad\\\/#listItem\",\"position\":2,\"name\":\"Actualidad\",\"item\":\"https:\\\/\\\/www.eldigitaldeasturias.com\\\/noticias\\\/category\\\/actualidad\\\/\",\"nextItem\":{\"@type\":\"ListItem\",\"@id\":\"https:\\\/\\\/www.eldigitaldeasturias.com\\\/noticias\\\/catala-defiende-la-union-europea-como-espacio-unico-de-libertad-justicia-y-seguridad\\\/#listItem\",\"name\":\"Catal\\u00e1 defiende la Uni\\u00f3n Europea como espacio \\u00fanico de libertad, justicia y seguridad\"},\"previousItem\":{\"@type\":\"ListItem\",\"@id\":\"https:\\\/\\\/www.eldigitaldeasturias.com\\\/noticias#listItem\",\"name\":\"Home\"}},{\"@type\":\"ListItem\",\"@id\":\"https:\\\/\\\/www.eldigitaldeasturias.com\\\/noticias\\\/catala-defiende-la-union-europea-como-espacio-unico-de-libertad-justicia-y-seguridad\\\/#listItem\",\"position\":3,\"name\":\"Catal\\u00e1 defiende la Uni\\u00f3n Europea como espacio \\u00fanico de libertad, justicia y seguridad\",\"previousItem\":{\"@type\":\"ListItem\",\"@id\":\"https:\\\/\\\/www.eldigitaldeasturias.com\\\/noticias\\\/category\\\/actualidad\\\/#listItem\",\"name\":\"Actualidad\"}}]},{\"@type\":\"Organization\",\"@id\":\"https:\\\/\\\/www.eldigitaldeasturias.com\\\/noticias\\\/#organization\",\"name\":\"El Digital de Asturias\",\"description\":\"Hemeroteca\",\"url\":\"https:\\\/\\\/www.eldigitaldeasturias.com\\\/noticias\\\/\",\"email\":\"info@eldigitaldeasturias.com\",\"telephone\":\"+34652131393\",\"logo\":{\"@type\":\"ImageObject\",\"url\":\"https:\\\/\\\/www.eldigitaldeasturias.com\\\/noticias\\\/wp-content\\\/uploads\\\/2020\\\/12\\\/EDA.jpg\",\"@id\":\"https:\\\/\\\/www.eldigitaldeasturias.com\\\/noticias\\\/catala-defiende-la-union-europea-como-espacio-unico-de-libertad-justicia-y-seguridad\\\/#organizationLogo\"},\"image\":{\"@id\":\"https:\\\/\\\/www.eldigitaldeasturias.com\\\/noticias\\\/catala-defiende-la-union-europea-como-espacio-unico-de-libertad-justicia-y-seguridad\\\/#organizationLogo\"},\"sameAs\":[\"https:\\\/\\\/facebook.com\\\/eldigitaldeasturias\",\"https:\\\/\\\/www.youtube.com\\\/channel\\\/UCZP-2wLEB9Rv6erhFmqVnvg\"],\"address\":{\"@id\":\"https:\\\/\\\/www.eldigitaldeasturias.com\\\/noticias\\\/#postaladdress\",\"@type\":\"PostalAddress\",\"streetAddress\":\"san antonio 4\",\"postalCode\":\"33430\",\"addressLocality\":\"Cand\\u00e1s\",\"addressRegion\":\"Asturias\",\"addressCountry\":\"ES\"}},{\"@type\":\"Person\",\"@id\":\"https:\\\/\\\/www.eldigitaldeasturias.com\\\/noticias\\\/author\\\/admin\\\/#author\",\"url\":\"https:\\\/\\\/www.eldigitaldeasturias.com\\\/noticias\\\/author\\\/admin\\\/\",\"name\":\"El Digital de Asturias\",\"image\":{\"@type\":\"ImageObject\",\"@id\":\"https:\\\/\\\/www.eldigitaldeasturias.com\\\/noticias\\\/catala-defiende-la-union-europea-como-espacio-unico-de-libertad-justicia-y-seguridad\\\/#authorImage\",\"url\":\"https:\\\/\\\/secure.gravatar.com\\\/avatar\\\/df2aeffc32bcd13f8d26072ef8a91b623d677766deac7f97ca815868cd41bf5e?s=96&d=mm&r=g\",\"width\":96,\"height\":96,\"caption\":\"El Digital de Asturias\"}},{\"@type\":\"WebPage\",\"@id\":\"https:\\\/\\\/www.eldigitaldeasturias.com\\\/noticias\\\/catala-defiende-la-union-europea-como-espacio-unico-de-libertad-justicia-y-seguridad\\\/#webpage\",\"url\":\"https:\\\/\\\/www.eldigitaldeasturias.com\\\/noticias\\\/catala-defiende-la-union-europea-como-espacio-unico-de-libertad-justicia-y-seguridad\\\/\",\"name\":\"Catal\\u00e1 defiende la Uni\\u00f3n Europea como espacio \\u00fanico de libertad, justicia y seguridad - El Digital de Asturias\",\"description\":\"El ministro de Justicia, Rafael Catal\\u00e1, ha subrayado hoy durante su participaci\\u00f3n en el Consejo de Ministros de Justicia y Asuntos de Interior (JAI) celebrado en Bruselas, la voluntad de Espa\\u00f1a de avanzar en la consolidaci\\u00f3n de la Uni\\u00f3n Europa como espacio \\u00fanico de libertad, justicia y seguridad basado en los principios de confianza y\",\"inLanguage\":\"es-ES\",\"isPartOf\":{\"@id\":\"https:\\\/\\\/www.eldigitaldeasturias.com\\\/noticias\\\/#website\"},\"breadcrumb\":{\"@id\":\"https:\\\/\\\/www.eldigitaldeasturias.com\\\/noticias\\\/catala-defiende-la-union-europea-como-espacio-unico-de-libertad-justicia-y-seguridad\\\/#breadcrumblist\"},\"author\":{\"@id\":\"https:\\\/\\\/www.eldigitaldeasturias.com\\\/noticias\\\/author\\\/admin\\\/#author\"},\"creator\":{\"@id\":\"https:\\\/\\\/www.eldigitaldeasturias.com\\\/noticias\\\/author\\\/admin\\\/#author\"},\"image\":{\"@type\":\"ImageObject\",\"url\":962798,\"@id\":\"https:\\\/\\\/www.eldigitaldeasturias.com\\\/noticias\\\/catala-defiende-la-union-europea-como-espacio-unico-de-libertad-justicia-y-seguridad\\\/#mainImage\"},\"primaryImageOfPage\":{\"@id\":\"https:\\\/\\\/www.eldigitaldeasturias.com\\\/noticias\\\/catala-defiende-la-union-europea-como-espacio-unico-de-libertad-justicia-y-seguridad\\\/#mainImage\"},\"datePublished\":\"2017-12-08T21:38:36+01:00\",\"dateModified\":\"2017-12-08T21:38:36+01:00\"},{\"@type\":\"WebSite\",\"@id\":\"https:\\\/\\\/www.eldigitaldeasturias.com\\\/noticias\\\/#website\",\"url\":\"https:\\\/\\\/www.eldigitaldeasturias.com\\\/noticias\\\/\",\"name\":\"El Digital de Asturias - Diario de actualidad y noticias\",\"alternateName\":\"El Digital de Asturias - Diario de actualidad y noticias\",\"description\":\"Hemeroteca\",\"inLanguage\":\"es-ES\",\"publisher\":{\"@id\":\"https:\\\/\\\/www.eldigitaldeasturias.com\\\/noticias\\\/#organization\"}}]}\n\t\t<\/script>\n\t\t<!-- All in One SEO Pro -->\r\n\t\t<title>Catal\u00e1 defiende la Uni\u00f3n Europea como espacio \u00fanico de libertad, justicia y seguridad - El Digital de Asturias<\/title>\n\n","aioseo_head_json":{"title":"Catal\u00e1 defiende la Uni\u00f3n Europea como espacio \u00fanico de libertad, justicia y seguridad - El Digital de Asturias","description":"El ministro de Justicia, Rafael Catal\u00e1, ha subrayado hoy durante su participaci\u00f3n en el Consejo de Ministros de Justicia y Asuntos de Interior (JAI) celebrado en Bruselas, la voluntad de Espa\u00f1a de avanzar en la consolidaci\u00f3n de la Uni\u00f3n Europa como espacio \u00fanico de libertad, justicia y seguridad basado en los principios de confianza y","canonical_url":"https:\/\/www.eldigitaldeasturias.com\/noticias\/catala-defiende-la-union-europea-como-espacio-unico-de-libertad-justicia-y-seguridad\/","robots":"max-image-preview:large","keywords":"actualidad","webmasterTools":{"google-site-verification":"UA-38556648-1","msvalidate.01":"7dfe9f3f1b24437ab69f4f2559babe99","miscellaneous":""},"schema":{"@context":"https:\/\/schema.org","@graph":[{"@type":"BlogPosting","@id":"https:\/\/www.eldigitaldeasturias.com\/noticias\/catala-defiende-la-union-europea-como-espacio-unico-de-libertad-justicia-y-seguridad\/#blogposting","name":"Catal\u00e1 defiende la Uni\u00f3n Europea como espacio \u00fanico de libertad, justicia y seguridad - El Digital de Asturias","headline":"Catal\u00e1 defiende la Uni\u00f3n Europea como espacio \u00fanico de libertad, justicia y seguridad","author":{"@id":"https:\/\/www.eldigitaldeasturias.com\/noticias\/author\/admin\/#author"},"publisher":{"@id":"https:\/\/www.eldigitaldeasturias.com\/noticias\/#organization"},"image":{"@type":"ImageObject","url":962798},"datePublished":"2017-12-08T21:38:36+01:00","dateModified":"2017-12-08T21:38:36+01:00","inLanguage":"es-ES","mainEntityOfPage":{"@id":"https:\/\/www.eldigitaldeasturias.com\/noticias\/catala-defiende-la-union-europea-como-espacio-unico-de-libertad-justicia-y-seguridad\/#webpage"},"isPartOf":{"@id":"https:\/\/www.eldigitaldeasturias.com\/noticias\/catala-defiende-la-union-europea-como-espacio-unico-de-libertad-justicia-y-seguridad\/#webpage"},"articleSection":"Actualidad"},{"@type":"BreadcrumbList","@id":"https:\/\/www.eldigitaldeasturias.com\/noticias\/catala-defiende-la-union-europea-como-espacio-unico-de-libertad-justicia-y-seguridad\/#breadcrumblist","itemListElement":[{"@type":"ListItem","@id":"https:\/\/www.eldigitaldeasturias.com\/noticias#listItem","position":1,"name":"Home","item":"https:\/\/www.eldigitaldeasturias.com\/noticias","nextItem":{"@type":"ListItem","@id":"https:\/\/www.eldigitaldeasturias.com\/noticias\/category\/actualidad\/#listItem","name":"Actualidad"}},{"@type":"ListItem","@id":"https:\/\/www.eldigitaldeasturias.com\/noticias\/category\/actualidad\/#listItem","position":2,"name":"Actualidad","item":"https:\/\/www.eldigitaldeasturias.com\/noticias\/category\/actualidad\/","nextItem":{"@type":"ListItem","@id":"https:\/\/www.eldigitaldeasturias.com\/noticias\/catala-defiende-la-union-europea-como-espacio-unico-de-libertad-justicia-y-seguridad\/#listItem","name":"Catal\u00e1 defiende la Uni\u00f3n Europea como espacio \u00fanico de libertad, justicia y seguridad"},"previousItem":{"@type":"ListItem","@id":"https:\/\/www.eldigitaldeasturias.com\/noticias#listItem","name":"Home"}},{"@type":"ListItem","@id":"https:\/\/www.eldigitaldeasturias.com\/noticias\/catala-defiende-la-union-europea-como-espacio-unico-de-libertad-justicia-y-seguridad\/#listItem","position":3,"name":"Catal\u00e1 defiende la Uni\u00f3n Europea como espacio \u00fanico de libertad, justicia y seguridad","previousItem":{"@type":"ListItem","@id":"https:\/\/www.eldigitaldeasturias.com\/noticias\/category\/actualidad\/#listItem","name":"Actualidad"}}]},{"@type":"Organization","@id":"https:\/\/www.eldigitaldeasturias.com\/noticias\/#organization","name":"El Digital de Asturias","description":"Hemeroteca","url":"https:\/\/www.eldigitaldeasturias.com\/noticias\/","email":"info@eldigitaldeasturias.com","telephone":"+34652131393","logo":{"@type":"ImageObject","url":"https:\/\/www.eldigitaldeasturias.com\/noticias\/wp-content\/uploads\/2020\/12\/EDA.jpg","@id":"https:\/\/www.eldigitaldeasturias.com\/noticias\/catala-defiende-la-union-europea-como-espacio-unico-de-libertad-justicia-y-seguridad\/#organizationLogo"},"image":{"@id":"https:\/\/www.eldigitaldeasturias.com\/noticias\/catala-defiende-la-union-europea-como-espacio-unico-de-libertad-justicia-y-seguridad\/#organizationLogo"},"sameAs":["https:\/\/facebook.com\/eldigitaldeasturias","https:\/\/www.youtube.com\/channel\/UCZP-2wLEB9Rv6erhFmqVnvg"],"address":{"@id":"https:\/\/www.eldigitaldeasturias.com\/noticias\/#postaladdress","@type":"PostalAddress","streetAddress":"san antonio 4","postalCode":"33430","addressLocality":"Cand\u00e1s","addressRegion":"Asturias","addressCountry":"ES"}},{"@type":"Person","@id":"https:\/\/www.eldigitaldeasturias.com\/noticias\/author\/admin\/#author","url":"https:\/\/www.eldigitaldeasturias.com\/noticias\/author\/admin\/","name":"El Digital de Asturias","image":{"@type":"ImageObject","@id":"https:\/\/www.eldigitaldeasturias.com\/noticias\/catala-defiende-la-union-europea-como-espacio-unico-de-libertad-justicia-y-seguridad\/#authorImage","url":"https:\/\/secure.gravatar.com\/avatar\/df2aeffc32bcd13f8d26072ef8a91b623d677766deac7f97ca815868cd41bf5e?s=96&d=mm&r=g","width":96,"height":96,"caption":"El Digital de Asturias"}},{"@type":"WebPage","@id":"https:\/\/www.eldigitaldeasturias.com\/noticias\/catala-defiende-la-union-europea-como-espacio-unico-de-libertad-justicia-y-seguridad\/#webpage","url":"https:\/\/www.eldigitaldeasturias.com\/noticias\/catala-defiende-la-union-europea-como-espacio-unico-de-libertad-justicia-y-seguridad\/","name":"Catal\u00e1 defiende la Uni\u00f3n Europea como espacio \u00fanico de libertad, justicia y seguridad - El Digital de Asturias","description":"El ministro de Justicia, Rafael Catal\u00e1, ha subrayado hoy durante su participaci\u00f3n en el Consejo de Ministros de Justicia y Asuntos de Interior (JAI) celebrado en Bruselas, la voluntad de Espa\u00f1a de avanzar en la consolidaci\u00f3n de la Uni\u00f3n Europa como espacio \u00fanico de libertad, justicia y seguridad basado en los principios de confianza y","inLanguage":"es-ES","isPartOf":{"@id":"https:\/\/www.eldigitaldeasturias.com\/noticias\/#website"},"breadcrumb":{"@id":"https:\/\/www.eldigitaldeasturias.com\/noticias\/catala-defiende-la-union-europea-como-espacio-unico-de-libertad-justicia-y-seguridad\/#breadcrumblist"},"author":{"@id":"https:\/\/www.eldigitaldeasturias.com\/noticias\/author\/admin\/#author"},"creator":{"@id":"https:\/\/www.eldigitaldeasturias.com\/noticias\/author\/admin\/#author"},"image":{"@type":"ImageObject","url":962798,"@id":"https:\/\/www.eldigitaldeasturias.com\/noticias\/catala-defiende-la-union-europea-como-espacio-unico-de-libertad-justicia-y-seguridad\/#mainImage"},"primaryImageOfPage":{"@id":"https:\/\/www.eldigitaldeasturias.com\/noticias\/catala-defiende-la-union-europea-como-espacio-unico-de-libertad-justicia-y-seguridad\/#mainImage"},"datePublished":"2017-12-08T21:38:36+01:00","dateModified":"2017-12-08T21:38:36+01:00"},{"@type":"WebSite","@id":"https:\/\/www.eldigitaldeasturias.com\/noticias\/#website","url":"https:\/\/www.eldigitaldeasturias.com\/noticias\/","name":"El Digital de Asturias - Diario de actualidad y noticias","alternateName":"El Digital de Asturias - Diario de actualidad y noticias","description":"Hemeroteca","inLanguage":"es-ES","publisher":{"@id":"https:\/\/www.eldigitaldeasturias.com\/noticias\/#organization"}}]},"og:locale":"es_ES","og:site_name":"El Digital de Asturias","og:type":"article","og:title":"Catal\u00e1 defiende la Uni\u00f3n Europea como espacio \u00fanico de libertad, justicia y seguridad - El Digital de Asturias","og:description":"El ministro de Justicia, Rafael Catal\u00e1, ha subrayado hoy durante su participaci\u00f3n en el Consejo de Ministros de Justicia y Asuntos de Interior (JAI) celebrado en Bruselas, la voluntad de Espa\u00f1a de avanzar en la consolidaci\u00f3n de la Uni\u00f3n Europa como espacio \u00fanico de libertad, justicia y seguridad basado en los principios de confianza y","og:url":"https:\/\/www.eldigitaldeasturias.com\/noticias\/catala-defiende-la-union-europea-como-espacio-unico-de-libertad-justicia-y-seguridad\/","article:tag":["actualidad"],"article:published_time":"2017-12-08T21:38:36+00:00","article:modified_time":"2017-12-08T21:38:36+00:00","article:publisher":"https:\/\/facebook.com\/eldigitaldeasturias","twitter:card":"summary_large_image","twitter:title":"Catal\u00e1 defiende la Uni\u00f3n Europea como espacio \u00fanico de libertad, justicia y seguridad - El Digital de Asturias","twitter:description":"El ministro de Justicia, Rafael Catal\u00e1, ha subrayado hoy durante su participaci\u00f3n en el Consejo de Ministros de Justicia y Asuntos de Interior (JAI) celebrado en Bruselas, la voluntad de Espa\u00f1a de avanzar en la consolidaci\u00f3n de la Uni\u00f3n Europa como espacio \u00fanico de libertad, justicia y seguridad basado en los principios de confianza y","twitter:image":"https:\/\/www.eldigitaldeasturias.com\/noticias\/wp-content\/uploads\/2020\/12\/EDA-1.jpg","twitter:label1":"Escrito por","twitter:data1":"El Digital de Asturias","twitter:label2":"Tiempo de lectura estimado","twitter:data2":"4 minutos"},"aioseo_meta_data":{"post_id":"962797","title":null,"description":null,"keywords":null,"keyphrases":null,"primary_term":null,"canonical_url":null,"og_title":null,"og_description":null,"og_object_type":"default","og_image_type":"default","og_image_url":null,"og_image_width":null,"og_image_height":null,"og_image_custom_url":null,"og_image_custom_fields":null,"og_video":null,"og_custom_url":null,"og_article_section":null,"og_article_tags":null,"twitter_use_og":false,"twitter_card":"default","twitter_image_type":"default","twitter_image_url":null,"twitter_image_custom_url":null,"twitter_image_custom_fields":null,"twitter_title":null,"twitter_description":null,"schema":{"blockGraphs":[],"customGraphs":[],"default":{"data":{"Article":[],"Course":[],"Dataset":[],"FAQPage":[],"Movie":[],"Person":[],"Product":[],"ProductReview":[],"Car":[],"Recipe":[],"Service":[],"SoftwareApplication":[],"WebPage":[]},"graphName":"","isEnabled":true},"graphs":[],"defaultGraph":"","defaultPostTypeGraph":""},"schema_type":null,"schema_type_options":null,"pillar_content":false,"robots_default":true,"robots_noindex":false,"robots_noarchive":false,"robots_nosnippet":false,"robots_nofollow":false,"robots_noimageindex":false,"robots_noodp":false,"robots_notranslate":false,"robots_max_snippet":null,"robots_max_videopreview":null,"robots_max_imagepreview":"large","priority":null,"frequency":null,"local_seo":null,"seo_analyzer_scan_date":"2025-12-07 13:45:11","breadcrumb_settings":null,"limit_modified_date":false,"open_ai":null,"ai":null,"created":"2020-12-21 12:45:42","updated":"2025-12-07 13:45:11","focus_keyword":null,"additional_keywords":null,"truseo_locale":null},"aioseo_breadcrumb":"<div class=\"aioseo-breadcrumbs\"><span class=\"aioseo-breadcrumb\">\n\t<a href=\"https:\/\/www.eldigitaldeasturias.com\/noticias\" title=\"Home\">Home<\/a>\n<\/span><span class=\"aioseo-breadcrumb-separator\">\u2013<\/span><span class=\"aioseo-breadcrumb\">\n\t<a href=\"https:\/\/www.eldigitaldeasturias.com\/noticias\/category\/actualidad\/\" title=\"Actualidad\">Actualidad<\/a>\n<\/span><span class=\"aioseo-breadcrumb-separator\">\u2013<\/span><span class=\"aioseo-breadcrumb\">\n\t<a href=\"https:\/\/www.eldigitaldeasturias.com\/noticias\/catala-defiende-la-union-europea-como-espacio-unico-de-libertad-justicia-y-seguridad\/\" title=\"Catal\u00e1 defiende la Uni\u00f3n Europea como espacio \u00fanico de libertad, justicia y seguridad\">Catal\u00e1 defiende la Uni\u00f3n Europea como espacio \u00fanico de libertad, justicia y seguridad<\/a>\n<\/span><\/div>","aioseo_breadcrumb_json":[{"label":"Home","link":"https:\/\/www.eldigitaldeasturias.com\/noticias"},{"label":"Actualidad","link":"https:\/\/www.eldigitaldeasturias.com\/noticias\/category\/actualidad\/"},{"label":"Catal\u00e1 defiende la Uni\u00f3n Europea como espacio \u00fanico de libertad, justicia y seguridad","link":"https:\/\/www.eldigitaldeasturias.com\/noticias\/catala-defiende-la-union-europea-como-espacio-unico-de-libertad-justicia-y-seguridad\/"}],"_links":{"self":[{"href":"https:\/\/www.eldigitaldeasturias.com\/noticias\/wp-json\/wp\/v2\/posts\/962797","targetHints":{"allow":["GET"]}}],"collection":[{"href":"https:\/\/www.eldigitaldeasturias.com\/noticias\/wp-json\/wp\/v2\/posts"}],"about":[{"href":"https:\/\/www.eldigitaldeasturias.com\/noticias\/wp-json\/wp\/v2\/types\/post"}],"author":[{"embeddable":true,"href":"https:\/\/www.eldigitaldeasturias.com\/noticias\/wp-json\/wp\/v2\/users\/1"}],"replies":[{"embeddable":true,"href":"https:\/\/www.eldigitaldeasturias.com\/noticias\/wp-json\/wp\/v2\/comments?post=962797"}],"version-history":[{"count":0,"href":"https:\/\/www.eldigitaldeasturias.com\/noticias\/wp-json\/wp\/v2\/posts\/962797\/revisions"}],"wp:attachment":[{"href":"https:\/\/www.eldigitaldeasturias.com\/noticias\/wp-json\/wp\/v2\/media?parent=962797"}],"wp:term":[{"taxonomy":"category","embeddable":true,"href":"https:\/\/www.eldigitaldeasturias.com\/noticias\/wp-json\/wp\/v2\/categories?post=962797"},{"taxonomy":"post_tag","embeddable":true,"href":"https:\/\/www.eldigitaldeasturias.com\/noticias\/wp-json\/wp\/v2\/tags?post=962797"}],"curies":[{"name":"wp","href":"https:\/\/api.w.org\/{rel}","templated":true}]}}