{"id":962748,"date":"2017-12-08T14:40:29","date_gmt":"2017-12-08T14:40:29","guid":{"rendered":"http:\/\/www.eldigitaldeasturias.com\/noticias\/?p=962748"},"modified":"2017-12-08T14:40:29","modified_gmt":"2017-12-08T14:40:29","slug":"el-cita-participa-en-la-iniciativa-de-empleo-juvenil-de-la-union-europea","status":"publish","type":"post","link":"https:\/\/www.eldigitaldeasturias.com\/noticias\/el-cita-participa-en-la-iniciativa-de-empleo-juvenil-de-la-union-europea\/","title":{"rendered":"El CITA participa en la Iniciativa de Empleo Juvenil de la Uni\u00f3n Europea"},"content":{"rendered":"<p><img loading=\"lazy\" decoding=\"async\" class=\"alignleft size-medium wp-image-962749\" src=\"https:\/\/www.eldigitaldeasturias.com\/noticias\/wp-content\/uploads\/2017\/12\/imagenes_foto_fachada_cita_c83abd24-360x159.jpg\" alt=\"\" width=\"360\" height=\"159\" srcset=\"https:\/\/www.eldigitaldeasturias.com\/noticias\/wp-content\/uploads\/2017\/12\/imagenes_foto_fachada_cita_c83abd24-360x159.jpg 360w, https:\/\/www.eldigitaldeasturias.com\/noticias\/wp-content\/uploads\/2017\/12\/imagenes_foto_fachada_cita_c83abd24-650x288.jpg 650w, https:\/\/www.eldigitaldeasturias.com\/noticias\/wp-content\/uploads\/2017\/12\/imagenes_foto_fachada_cita_c83abd24-250x110.jpg 250w, https:\/\/www.eldigitaldeasturias.com\/noticias\/wp-content\/uploads\/2017\/12\/imagenes_foto_fachada_cita_c83abd24.jpg 700w\" sizes=\"auto, (max-width: 360px) 100vw, 360px\" \/>El Centro de Investigaci\u00f3n y Tecnolog\u00eda Agroalimentaria de Arag\u00f3n, organismo adscrito al departamento de Innovaci\u00f3n, Investigaci\u00f3n y Universidad, ha incorporado a su plantilla a tres j\u00f3venes desempleados inscritos en el Sistema Nacional de Garant\u00eda Juvenil para la ejecuci\u00f3n de diferentes proyectos relacionados con el centro y sus trabajos.<\/p>\n<p>El CITA quiere ayudar a la empleabilidad de los j\u00f3venes, ofreci\u00e9ndoles su incorporaci\u00f3n al mercado laboral, el comienzo de su curriculum profesional y formaci\u00f3n pr\u00e1ctica. Una acci\u00f3n que, adem\u00e1s, refuerza las actividades del centro.<\/p>\n<p>Dependiendo de su perfil los j\u00f3venes est\u00e1n trabajando en diversos proyectos asociados a las actividades del centro, como la creaci\u00f3n de una base de datos digital de las infraestructuras del CITA para la elaboraci\u00f3n de una base digital de planos, que por una parte refleje la situaci\u00f3n actual de las parcelas agr\u00edcolas, de las instalaciones y de los edificios, y que adem\u00e1s permita la posibilidad de modificaci\u00f3n cuando sea precisa. Tambi\u00e9n la verificaci\u00f3n del estado actual de las instalaciones el\u00e9ctricas del CITA para la revisi\u00f3n y comprobaci\u00f3n de la idoneidad de las actuales instalaciones el\u00e9ctricas, realizar un diagn\u00f3stico de la situaci\u00f3n actual de peque\u00f1o equipamientos de los laboratorios y utillaje de las fincas y el dise\u00f1o y ejecuci\u00f3n de nuevas instalaciones donde sea necesario. Por \u00faltimo, la revisi\u00f3n sistem\u00e1tica de instalaciones de fr\u00edo y calor para el reconocimiento sistem\u00e1tico de los sistemas de control de temperaturas en edificios, invernaderos, laboratorios, etc..; diagn\u00f3stico de aver\u00edas de peque\u00f1o equipamientos de los laboratorios y utillaje de las fincas y la instalaci\u00f3n de nuevos equipos de fr\u00edo o de calefacci\u00f3n si fueran necesarios.<\/p>\n<p>Esta iniciativa se enmarca dentro del Plan para la Promoci\u00f3n de Empleo Joven e Implantaci\u00f3n de la Garant\u00eda Juvenil, mediante la resoluci\u00f3n de 2 de octubre de 2017 de la Directora Gerente del Instituto Aragon\u00e9s de Empleo que concedi\u00f3 al CITA una subvenci\u00f3n cofinanciada con fondos del Programa Operativo del Fondo Social Europeo de Empleo juvenil, para la contrataci\u00f3n de tres personas j\u00f3venes desempleadas, inscritas en el Sistema Nacional de Garant\u00eda Juvenil.<\/p>\n","protected":false},"excerpt":{"rendered":"<p>El Centro de Investigaci\u00f3n y Tecnolog\u00eda Agroalimentaria de Arag\u00f3n, organismo adscrito al departamento de Innovaci\u00f3n, Investigaci\u00f3n y Universidad, ha incorporado a su plantilla a tres j\u00f3venes desempleados inscritos en el Sistema Nacional de Garant\u00eda Juvenil para la ejecuci\u00f3n de diferentes proyectos relacionados con el centro y sus trabajos. El CITA quiere ayudar a la empleabilidad [&hellip;]<\/p>\n","protected":false},"author":1,"featured_media":962749,"comment_status":"closed","ping_status":"closed","sticky":false,"template":"","format":"standard","meta":{"footnotes":""},"categories":[187],"tags":[],"class_list":["post-962748","post","type-post","status-publish","format-standard","has-post-thumbnail","hentry","category-economia"],"aioseo_notices":[],"aioseo_head":"\n\t\t<!-- All in One SEO Pro 4.9.6.2 - aioseo.com -->\n\t<meta name=\"description\" content=\"El Centro de Investigaci\u00f3n y Tecnolog\u00eda Agroalimentaria de Arag\u00f3n, organismo adscrito al departamento de Innovaci\u00f3n, Investigaci\u00f3n y Universidad, ha incorporado a su plantilla a tres j\u00f3venes desempleados inscritos en el Sistema Nacional de Garant\u00eda Juvenil para la ejecuci\u00f3n de diferentes proyectos relacionados con el centro y sus trabajos. El CITA quiere ayudar a la empleabilidad\" \/>\n\t<meta name=\"robots\" content=\"max-image-preview:large\" \/>\n\t<meta name=\"author\" content=\"El Digital de Asturias\"\/>\n\t<meta name=\"google-site-verification\" content=\"UA-38556648-1\" \/>\n\t<meta name=\"msvalidate.01\" content=\"7dfe9f3f1b24437ab69f4f2559babe99\" \/>\n\t<meta name=\"keywords\" content=\"econom\u00eda\" \/>\n\t<link rel=\"canonical\" href=\"https:\/\/www.eldigitaldeasturias.com\/noticias\/el-cita-participa-en-la-iniciativa-de-empleo-juvenil-de-la-union-europea\/\" \/>\n\t<meta name=\"generator\" content=\"All in One SEO Pro (AIOSEO) 4.9.6.2\" \/>\n\t\t<meta property=\"og:locale\" content=\"es_ES\" \/>\n\t\t<meta property=\"og:site_name\" content=\"El Digital de Asturias\" \/>\n\t\t<meta property=\"og:type\" content=\"article\" \/>\n\t\t<meta property=\"og:title\" content=\"El CITA participa en la Iniciativa de Empleo Juvenil de la Uni\u00f3n Europea - El Digital de Asturias\" \/>\n\t\t<meta property=\"og:description\" content=\"El Centro de Investigaci\u00f3n y Tecnolog\u00eda Agroalimentaria de Arag\u00f3n, organismo adscrito al departamento de Innovaci\u00f3n, Investigaci\u00f3n y Universidad, ha incorporado a su plantilla a tres j\u00f3venes desempleados inscritos en el Sistema Nacional de Garant\u00eda Juvenil para la ejecuci\u00f3n de diferentes proyectos relacionados con el centro y sus trabajos. El CITA quiere ayudar a la empleabilidad\" \/>\n\t\t<meta property=\"og:url\" content=\"https:\/\/www.eldigitaldeasturias.com\/noticias\/el-cita-participa-en-la-iniciativa-de-empleo-juvenil-de-la-union-europea\/\" \/>\n\t\t<meta property=\"og:image\" content=\"https:\/\/www.eldigitaldeasturias.com\/noticias\/wp-content\/uploads\/2017\/12\/imagenes_foto_fachada_cita_c83abd24.jpg\" \/>\n\t\t<meta property=\"og:image:secure_url\" content=\"https:\/\/www.eldigitaldeasturias.com\/noticias\/wp-content\/uploads\/2017\/12\/imagenes_foto_fachada_cita_c83abd24.jpg\" \/>\n\t\t<meta property=\"og:image:width\" content=\"700\" \/>\n\t\t<meta property=\"og:image:height\" content=\"310\" \/>\n\t\t<meta property=\"article:tag\" content=\"econom\u00eda\" \/>\n\t\t<meta property=\"article:published_time\" content=\"2017-12-08T14:40:29+00:00\" \/>\n\t\t<meta property=\"article:modified_time\" content=\"2017-12-08T14:40:29+00:00\" \/>\n\t\t<meta property=\"article:publisher\" content=\"https:\/\/facebook.com\/eldigitaldeasturias\" \/>\n\t\t<meta name=\"twitter:card\" content=\"summary_large_image\" \/>\n\t\t<meta name=\"twitter:title\" content=\"El CITA participa en la Iniciativa de Empleo Juvenil de la Uni\u00f3n Europea - El Digital de Asturias\" \/>\n\t\t<meta name=\"twitter:description\" content=\"El Centro de Investigaci\u00f3n y Tecnolog\u00eda Agroalimentaria de Arag\u00f3n, organismo adscrito al departamento de Innovaci\u00f3n, Investigaci\u00f3n y Universidad, ha incorporado a su plantilla a tres j\u00f3venes desempleados inscritos en el Sistema Nacional de Garant\u00eda Juvenil para la ejecuci\u00f3n de diferentes proyectos relacionados con el centro y sus trabajos. El CITA quiere ayudar a la empleabilidad\" \/>\n\t\t<meta name=\"twitter:image\" content=\"https:\/\/www.eldigitaldeasturias.com\/noticias\/wp-content\/uploads\/2017\/12\/imagenes_foto_fachada_cita_c83abd24.jpg\" \/>\n\t\t<meta name=\"twitter:label1\" content=\"Escrito por\" \/>\n\t\t<meta name=\"twitter:data1\" content=\"El Digital de Asturias\" \/>\n\t\t<meta name=\"twitter:label2\" content=\"Tiempo de lectura estimado\" \/>\n\t\t<meta name=\"twitter:data2\" content=\"2 minutos\" \/>\n\t\t<script type=\"application\/ld+json\" class=\"aioseo-schema\">\n\t\t\t{\"@context\":\"https:\\\/\\\/schema.org\",\"@graph\":[{\"@type\":\"BlogPosting\",\"@id\":\"https:\\\/\\\/www.eldigitaldeasturias.com\\\/noticias\\\/el-cita-participa-en-la-iniciativa-de-empleo-juvenil-de-la-union-europea\\\/#blogposting\",\"name\":\"El CITA participa en la Iniciativa de Empleo Juvenil de la Uni\\u00f3n Europea - El Digital de Asturias\",\"headline\":\"El CITA participa en la Iniciativa de Empleo Juvenil de la Uni\\u00f3n Europea\",\"author\":{\"@id\":\"https:\\\/\\\/www.eldigitaldeasturias.com\\\/noticias\\\/author\\\/admin\\\/#author\"},\"publisher\":{\"@id\":\"https:\\\/\\\/www.eldigitaldeasturias.com\\\/noticias\\\/#organization\"},\"image\":{\"@type\":\"ImageObject\",\"url\":\"https:\\\/\\\/www.eldigitaldeasturias.com\\\/noticias\\\/wp-content\\\/uploads\\\/2017\\\/12\\\/imagenes_foto_fachada_cita_c83abd24.jpg\",\"width\":700,\"height\":310},\"datePublished\":\"2017-12-08T14:40:29+01:00\",\"dateModified\":\"2017-12-08T14:40:29+01:00\",\"inLanguage\":\"es-ES\",\"mainEntityOfPage\":{\"@id\":\"https:\\\/\\\/www.eldigitaldeasturias.com\\\/noticias\\\/el-cita-participa-en-la-iniciativa-de-empleo-juvenil-de-la-union-europea\\\/#webpage\"},\"isPartOf\":{\"@id\":\"https:\\\/\\\/www.eldigitaldeasturias.com\\\/noticias\\\/el-cita-participa-en-la-iniciativa-de-empleo-juvenil-de-la-union-europea\\\/#webpage\"},\"articleSection\":\"Econom\\u00eda\"},{\"@type\":\"BreadcrumbList\",\"@id\":\"https:\\\/\\\/www.eldigitaldeasturias.com\\\/noticias\\\/el-cita-participa-en-la-iniciativa-de-empleo-juvenil-de-la-union-europea\\\/#breadcrumblist\",\"itemListElement\":[{\"@type\":\"ListItem\",\"@id\":\"https:\\\/\\\/www.eldigitaldeasturias.com\\\/noticias#listItem\",\"position\":1,\"name\":\"Home\",\"item\":\"https:\\\/\\\/www.eldigitaldeasturias.com\\\/noticias\",\"nextItem\":{\"@type\":\"ListItem\",\"@id\":\"https:\\\/\\\/www.eldigitaldeasturias.com\\\/noticias\\\/category\\\/economia\\\/#listItem\",\"name\":\"Econom\\u00eda\"}},{\"@type\":\"ListItem\",\"@id\":\"https:\\\/\\\/www.eldigitaldeasturias.com\\\/noticias\\\/category\\\/economia\\\/#listItem\",\"position\":2,\"name\":\"Econom\\u00eda\",\"item\":\"https:\\\/\\\/www.eldigitaldeasturias.com\\\/noticias\\\/category\\\/economia\\\/\",\"nextItem\":{\"@type\":\"ListItem\",\"@id\":\"https:\\\/\\\/www.eldigitaldeasturias.com\\\/noticias\\\/el-cita-participa-en-la-iniciativa-de-empleo-juvenil-de-la-union-europea\\\/#listItem\",\"name\":\"El CITA participa en la Iniciativa de Empleo Juvenil de la Uni\\u00f3n Europea\"},\"previousItem\":{\"@type\":\"ListItem\",\"@id\":\"https:\\\/\\\/www.eldigitaldeasturias.com\\\/noticias#listItem\",\"name\":\"Home\"}},{\"@type\":\"ListItem\",\"@id\":\"https:\\\/\\\/www.eldigitaldeasturias.com\\\/noticias\\\/el-cita-participa-en-la-iniciativa-de-empleo-juvenil-de-la-union-europea\\\/#listItem\",\"position\":3,\"name\":\"El CITA participa en la Iniciativa de Empleo Juvenil de la Uni\\u00f3n Europea\",\"previousItem\":{\"@type\":\"ListItem\",\"@id\":\"https:\\\/\\\/www.eldigitaldeasturias.com\\\/noticias\\\/category\\\/economia\\\/#listItem\",\"name\":\"Econom\\u00eda\"}}]},{\"@type\":\"Organization\",\"@id\":\"https:\\\/\\\/www.eldigitaldeasturias.com\\\/noticias\\\/#organization\",\"name\":\"El Digital de Asturias\",\"description\":\"Hemeroteca\",\"url\":\"https:\\\/\\\/www.eldigitaldeasturias.com\\\/noticias\\\/\",\"email\":\"info@eldigitaldeasturias.com\",\"telephone\":\"+34652131393\",\"logo\":{\"@type\":\"ImageObject\",\"url\":\"https:\\\/\\\/www.eldigitaldeasturias.com\\\/noticias\\\/wp-content\\\/uploads\\\/2020\\\/12\\\/EDA.jpg\",\"@id\":\"https:\\\/\\\/www.eldigitaldeasturias.com\\\/noticias\\\/el-cita-participa-en-la-iniciativa-de-empleo-juvenil-de-la-union-europea\\\/#organizationLogo\",\"width\":649,\"height\":297},\"image\":{\"@id\":\"https:\\\/\\\/www.eldigitaldeasturias.com\\\/noticias\\\/el-cita-participa-en-la-iniciativa-de-empleo-juvenil-de-la-union-europea\\\/#organizationLogo\"},\"sameAs\":[\"https:\\\/\\\/facebook.com\\\/eldigitaldeasturias\",\"https:\\\/\\\/www.youtube.com\\\/channel\\\/UCZP-2wLEB9Rv6erhFmqVnvg\"],\"address\":{\"@id\":\"https:\\\/\\\/www.eldigitaldeasturias.com\\\/noticias\\\/#postaladdress\",\"@type\":\"PostalAddress\",\"streetAddress\":\"san antonio 4,\",\"postalCode\":\"33430\",\"addressLocality\":\"Cand\\u00e1s\",\"addressRegion\":\"Asturias\",\"addressCountry\":\"ES\"}},{\"@type\":\"Person\",\"@id\":\"https:\\\/\\\/www.eldigitaldeasturias.com\\\/noticias\\\/author\\\/admin\\\/#author\",\"url\":\"https:\\\/\\\/www.eldigitaldeasturias.com\\\/noticias\\\/author\\\/admin\\\/\",\"name\":\"El Digital de Asturias\",\"image\":{\"@type\":\"ImageObject\",\"@id\":\"https:\\\/\\\/www.eldigitaldeasturias.com\\\/noticias\\\/el-cita-participa-en-la-iniciativa-de-empleo-juvenil-de-la-union-europea\\\/#authorImage\",\"url\":\"https:\\\/\\\/www.eldigitaldeasturias.com\\\/noticias\\\/wp-content\\\/litespeed\\\/avatar\\\/18677e78aa0546b92d9dbf31ec7d7668.jpg?ver=1777290358\",\"width\":96,\"height\":96,\"caption\":\"El Digital de Asturias\"}},{\"@type\":\"WebPage\",\"@id\":\"https:\\\/\\\/www.eldigitaldeasturias.com\\\/noticias\\\/el-cita-participa-en-la-iniciativa-de-empleo-juvenil-de-la-union-europea\\\/#webpage\",\"url\":\"https:\\\/\\\/www.eldigitaldeasturias.com\\\/noticias\\\/el-cita-participa-en-la-iniciativa-de-empleo-juvenil-de-la-union-europea\\\/\",\"name\":\"El CITA participa en la Iniciativa de Empleo Juvenil de la Uni\\u00f3n Europea - El Digital de Asturias\",\"description\":\"El Centro de Investigaci\\u00f3n y Tecnolog\\u00eda Agroalimentaria de Arag\\u00f3n, organismo adscrito al departamento de Innovaci\\u00f3n, Investigaci\\u00f3n y Universidad, ha incorporado a su plantilla a tres j\\u00f3venes desempleados inscritos en el Sistema Nacional de Garant\\u00eda Juvenil para la ejecuci\\u00f3n de diferentes proyectos relacionados con el centro y sus trabajos. El CITA quiere ayudar a la empleabilidad\",\"inLanguage\":\"es-ES\",\"isPartOf\":{\"@id\":\"https:\\\/\\\/www.eldigitaldeasturias.com\\\/noticias\\\/#website\"},\"breadcrumb\":{\"@id\":\"https:\\\/\\\/www.eldigitaldeasturias.com\\\/noticias\\\/el-cita-participa-en-la-iniciativa-de-empleo-juvenil-de-la-union-europea\\\/#breadcrumblist\"},\"author\":{\"@id\":\"https:\\\/\\\/www.eldigitaldeasturias.com\\\/noticias\\\/author\\\/admin\\\/#author\"},\"creator\":{\"@id\":\"https:\\\/\\\/www.eldigitaldeasturias.com\\\/noticias\\\/author\\\/admin\\\/#author\"},\"image\":{\"@type\":\"ImageObject\",\"url\":\"https:\\\/\\\/www.eldigitaldeasturias.com\\\/noticias\\\/wp-content\\\/uploads\\\/2017\\\/12\\\/imagenes_foto_fachada_cita_c83abd24.jpg\",\"@id\":\"https:\\\/\\\/www.eldigitaldeasturias.com\\\/noticias\\\/el-cita-participa-en-la-iniciativa-de-empleo-juvenil-de-la-union-europea\\\/#mainImage\",\"width\":700,\"height\":310},\"primaryImageOfPage\":{\"@id\":\"https:\\\/\\\/www.eldigitaldeasturias.com\\\/noticias\\\/el-cita-participa-en-la-iniciativa-de-empleo-juvenil-de-la-union-europea\\\/#mainImage\"},\"datePublished\":\"2017-12-08T14:40:29+01:00\",\"dateModified\":\"2017-12-08T14:40:29+01:00\"},{\"@type\":\"WebSite\",\"@id\":\"https:\\\/\\\/www.eldigitaldeasturias.com\\\/noticias\\\/#website\",\"url\":\"https:\\\/\\\/www.eldigitaldeasturias.com\\\/noticias\\\/\",\"name\":\"El Digital de Asturias - Diario de actualidad y noticias\",\"alternateName\":\"El Digital de Asturias - Diario de actualidad y noticias\",\"description\":\"Hemeroteca\",\"inLanguage\":\"es-ES\",\"publisher\":{\"@id\":\"https:\\\/\\\/www.eldigitaldeasturias.com\\\/noticias\\\/#organization\"}}]}\n\t\t<\/script>\n\t\t<!-- All in One SEO Pro -->\r\n\t\t<title>El CITA participa en la Iniciativa de Empleo Juvenil de la Uni\u00f3n Europea - El Digital de Asturias<\/title>\n\n","aioseo_head_json":{"title":"El CITA participa en la Iniciativa de Empleo Juvenil de la Uni\u00f3n Europea - El Digital de Asturias","description":"El Centro de Investigaci\u00f3n y Tecnolog\u00eda Agroalimentaria de Arag\u00f3n, organismo adscrito al departamento de Innovaci\u00f3n, Investigaci\u00f3n y Universidad, ha incorporado a su plantilla a tres j\u00f3venes desempleados inscritos en el Sistema Nacional de Garant\u00eda Juvenil para la ejecuci\u00f3n de diferentes proyectos relacionados con el centro y sus trabajos. El CITA quiere ayudar a la empleabilidad","canonical_url":"https:\/\/www.eldigitaldeasturias.com\/noticias\/el-cita-participa-en-la-iniciativa-de-empleo-juvenil-de-la-union-europea\/","robots":"max-image-preview:large","keywords":"econom\u00eda","webmasterTools":{"google-site-verification":"UA-38556648-1","msvalidate.01":"7dfe9f3f1b24437ab69f4f2559babe99","miscellaneous":""},"schema":{"@context":"https:\/\/schema.org","@graph":[{"@type":"BlogPosting","@id":"https:\/\/www.eldigitaldeasturias.com\/noticias\/el-cita-participa-en-la-iniciativa-de-empleo-juvenil-de-la-union-europea\/#blogposting","name":"El CITA participa en la Iniciativa de Empleo Juvenil de la Uni\u00f3n Europea - El Digital de Asturias","headline":"El CITA participa en la Iniciativa de Empleo Juvenil de la Uni\u00f3n Europea","author":{"@id":"https:\/\/www.eldigitaldeasturias.com\/noticias\/author\/admin\/#author"},"publisher":{"@id":"https:\/\/www.eldigitaldeasturias.com\/noticias\/#organization"},"image":{"@type":"ImageObject","url":"https:\/\/www.eldigitaldeasturias.com\/noticias\/wp-content\/uploads\/2017\/12\/imagenes_foto_fachada_cita_c83abd24.jpg","width":700,"height":310},"datePublished":"2017-12-08T14:40:29+01:00","dateModified":"2017-12-08T14:40:29+01:00","inLanguage":"es-ES","mainEntityOfPage":{"@id":"https:\/\/www.eldigitaldeasturias.com\/noticias\/el-cita-participa-en-la-iniciativa-de-empleo-juvenil-de-la-union-europea\/#webpage"},"isPartOf":{"@id":"https:\/\/www.eldigitaldeasturias.com\/noticias\/el-cita-participa-en-la-iniciativa-de-empleo-juvenil-de-la-union-europea\/#webpage"},"articleSection":"Econom\u00eda"},{"@type":"BreadcrumbList","@id":"https:\/\/www.eldigitaldeasturias.com\/noticias\/el-cita-participa-en-la-iniciativa-de-empleo-juvenil-de-la-union-europea\/#breadcrumblist","itemListElement":[{"@type":"ListItem","@id":"https:\/\/www.eldigitaldeasturias.com\/noticias#listItem","position":1,"name":"Home","item":"https:\/\/www.eldigitaldeasturias.com\/noticias","nextItem":{"@type":"ListItem","@id":"https:\/\/www.eldigitaldeasturias.com\/noticias\/category\/economia\/#listItem","name":"Econom\u00eda"}},{"@type":"ListItem","@id":"https:\/\/www.eldigitaldeasturias.com\/noticias\/category\/economia\/#listItem","position":2,"name":"Econom\u00eda","item":"https:\/\/www.eldigitaldeasturias.com\/noticias\/category\/economia\/","nextItem":{"@type":"ListItem","@id":"https:\/\/www.eldigitaldeasturias.com\/noticias\/el-cita-participa-en-la-iniciativa-de-empleo-juvenil-de-la-union-europea\/#listItem","name":"El CITA participa en la Iniciativa de Empleo Juvenil de la Uni\u00f3n Europea"},"previousItem":{"@type":"ListItem","@id":"https:\/\/www.eldigitaldeasturias.com\/noticias#listItem","name":"Home"}},{"@type":"ListItem","@id":"https:\/\/www.eldigitaldeasturias.com\/noticias\/el-cita-participa-en-la-iniciativa-de-empleo-juvenil-de-la-union-europea\/#listItem","position":3,"name":"El CITA participa en la Iniciativa de Empleo Juvenil de la Uni\u00f3n Europea","previousItem":{"@type":"ListItem","@id":"https:\/\/www.eldigitaldeasturias.com\/noticias\/category\/economia\/#listItem","name":"Econom\u00eda"}}]},{"@type":"Organization","@id":"https:\/\/www.eldigitaldeasturias.com\/noticias\/#organization","name":"El Digital de Asturias","description":"Hemeroteca","url":"https:\/\/www.eldigitaldeasturias.com\/noticias\/","email":"info@eldigitaldeasturias.com","telephone":"+34652131393","logo":{"@type":"ImageObject","url":"https:\/\/www.eldigitaldeasturias.com\/noticias\/wp-content\/uploads\/2020\/12\/EDA.jpg","@id":"https:\/\/www.eldigitaldeasturias.com\/noticias\/el-cita-participa-en-la-iniciativa-de-empleo-juvenil-de-la-union-europea\/#organizationLogo","width":649,"height":297},"image":{"@id":"https:\/\/www.eldigitaldeasturias.com\/noticias\/el-cita-participa-en-la-iniciativa-de-empleo-juvenil-de-la-union-europea\/#organizationLogo"},"sameAs":["https:\/\/facebook.com\/eldigitaldeasturias","https:\/\/www.youtube.com\/channel\/UCZP-2wLEB9Rv6erhFmqVnvg"],"address":{"@id":"https:\/\/www.eldigitaldeasturias.com\/noticias\/#postaladdress","@type":"PostalAddress","streetAddress":"san antonio 4,","postalCode":"33430","addressLocality":"Cand\u00e1s","addressRegion":"Asturias","addressCountry":"ES"}},{"@type":"Person","@id":"https:\/\/www.eldigitaldeasturias.com\/noticias\/author\/admin\/#author","url":"https:\/\/www.eldigitaldeasturias.com\/noticias\/author\/admin\/","name":"El Digital de Asturias","image":{"@type":"ImageObject","@id":"https:\/\/www.eldigitaldeasturias.com\/noticias\/el-cita-participa-en-la-iniciativa-de-empleo-juvenil-de-la-union-europea\/#authorImage","url":"https:\/\/www.eldigitaldeasturias.com\/noticias\/wp-content\/litespeed\/avatar\/18677e78aa0546b92d9dbf31ec7d7668.jpg?ver=1777290358","width":96,"height":96,"caption":"El Digital de Asturias"}},{"@type":"WebPage","@id":"https:\/\/www.eldigitaldeasturias.com\/noticias\/el-cita-participa-en-la-iniciativa-de-empleo-juvenil-de-la-union-europea\/#webpage","url":"https:\/\/www.eldigitaldeasturias.com\/noticias\/el-cita-participa-en-la-iniciativa-de-empleo-juvenil-de-la-union-europea\/","name":"El CITA participa en la Iniciativa de Empleo Juvenil de la Uni\u00f3n Europea - El Digital de Asturias","description":"El Centro de Investigaci\u00f3n y Tecnolog\u00eda Agroalimentaria de Arag\u00f3n, organismo adscrito al departamento de Innovaci\u00f3n, Investigaci\u00f3n y Universidad, ha incorporado a su plantilla a tres j\u00f3venes desempleados inscritos en el Sistema Nacional de Garant\u00eda Juvenil para la ejecuci\u00f3n de diferentes proyectos relacionados con el centro y sus trabajos. El CITA quiere ayudar a la empleabilidad","inLanguage":"es-ES","isPartOf":{"@id":"https:\/\/www.eldigitaldeasturias.com\/noticias\/#website"},"breadcrumb":{"@id":"https:\/\/www.eldigitaldeasturias.com\/noticias\/el-cita-participa-en-la-iniciativa-de-empleo-juvenil-de-la-union-europea\/#breadcrumblist"},"author":{"@id":"https:\/\/www.eldigitaldeasturias.com\/noticias\/author\/admin\/#author"},"creator":{"@id":"https:\/\/www.eldigitaldeasturias.com\/noticias\/author\/admin\/#author"},"image":{"@type":"ImageObject","url":"https:\/\/www.eldigitaldeasturias.com\/noticias\/wp-content\/uploads\/2017\/12\/imagenes_foto_fachada_cita_c83abd24.jpg","@id":"https:\/\/www.eldigitaldeasturias.com\/noticias\/el-cita-participa-en-la-iniciativa-de-empleo-juvenil-de-la-union-europea\/#mainImage","width":700,"height":310},"primaryImageOfPage":{"@id":"https:\/\/www.eldigitaldeasturias.com\/noticias\/el-cita-participa-en-la-iniciativa-de-empleo-juvenil-de-la-union-europea\/#mainImage"},"datePublished":"2017-12-08T14:40:29+01:00","dateModified":"2017-12-08T14:40:29+01:00"},{"@type":"WebSite","@id":"https:\/\/www.eldigitaldeasturias.com\/noticias\/#website","url":"https:\/\/www.eldigitaldeasturias.com\/noticias\/","name":"El Digital de Asturias - Diario de actualidad y noticias","alternateName":"El Digital de Asturias - Diario de actualidad y noticias","description":"Hemeroteca","inLanguage":"es-ES","publisher":{"@id":"https:\/\/www.eldigitaldeasturias.com\/noticias\/#organization"}}]},"og:locale":"es_ES","og:site_name":"El Digital de Asturias","og:type":"article","og:title":"El CITA participa en la Iniciativa de Empleo Juvenil de la Uni\u00f3n Europea - El Digital de Asturias","og:description":"El Centro de Investigaci\u00f3n y Tecnolog\u00eda Agroalimentaria de Arag\u00f3n, organismo adscrito al departamento de Innovaci\u00f3n, Investigaci\u00f3n y Universidad, ha incorporado a su plantilla a tres j\u00f3venes desempleados inscritos en el Sistema Nacional de Garant\u00eda Juvenil para la ejecuci\u00f3n de diferentes proyectos relacionados con el centro y sus trabajos. El CITA quiere ayudar a la empleabilidad","og:url":"https:\/\/www.eldigitaldeasturias.com\/noticias\/el-cita-participa-en-la-iniciativa-de-empleo-juvenil-de-la-union-europea\/","og:image":"https:\/\/www.eldigitaldeasturias.com\/noticias\/wp-content\/uploads\/2017\/12\/imagenes_foto_fachada_cita_c83abd24.jpg","og:image:secure_url":"https:\/\/www.eldigitaldeasturias.com\/noticias\/wp-content\/uploads\/2017\/12\/imagenes_foto_fachada_cita_c83abd24.jpg","og:image:width":700,"og:image:height":310,"article:tag":["econom\u00eda"],"article:published_time":"2017-12-08T14:40:29+00:00","article:modified_time":"2017-12-08T14:40:29+00:00","article:publisher":"https:\/\/facebook.com\/eldigitaldeasturias","twitter:card":"summary_large_image","twitter:title":"El CITA participa en la Iniciativa de Empleo Juvenil de la Uni\u00f3n Europea - El Digital de Asturias","twitter:description":"El Centro de Investigaci\u00f3n y Tecnolog\u00eda Agroalimentaria de Arag\u00f3n, organismo adscrito al departamento de Innovaci\u00f3n, Investigaci\u00f3n y Universidad, ha incorporado a su plantilla a tres j\u00f3venes desempleados inscritos en el Sistema Nacional de Garant\u00eda Juvenil para la ejecuci\u00f3n de diferentes proyectos relacionados con el centro y sus trabajos. El CITA quiere ayudar a la empleabilidad","twitter:image":"https:\/\/www.eldigitaldeasturias.com\/noticias\/wp-content\/uploads\/2017\/12\/imagenes_foto_fachada_cita_c83abd24.jpg","twitter:label1":"Escrito por","twitter:data1":"El Digital de Asturias","twitter:label2":"Tiempo de lectura estimado","twitter:data2":"2 minutos"},"aioseo_meta_data":{"post_id":"962748","title":null,"description":null,"keywords":null,"keyphrases":null,"primary_term":null,"canonical_url":null,"og_title":null,"og_description":null,"og_object_type":"default","og_image_type":"default","og_image_url":null,"og_image_width":null,"og_image_height":null,"og_image_custom_url":null,"og_image_custom_fields":null,"og_video":null,"og_custom_url":null,"og_article_section":null,"og_article_tags":null,"twitter_use_og":false,"twitter_card":"default","twitter_image_type":"default","twitter_image_url":null,"twitter_image_custom_url":null,"twitter_image_custom_fields":null,"twitter_title":null,"twitter_description":null,"schema":{"blockGraphs":[],"customGraphs":[],"default":{"data":{"Article":[],"Course":[],"Dataset":[],"FAQPage":[],"Movie":[],"Person":[],"Product":[],"ProductReview":[],"Car":[],"Recipe":[],"Service":[],"SoftwareApplication":[],"WebPage":[]},"graphName":"","isEnabled":true},"graphs":[]},"schema_type":null,"schema_type_options":null,"pillar_content":false,"robots_default":true,"robots_noindex":false,"robots_noarchive":false,"robots_nosnippet":false,"robots_nofollow":false,"robots_noimageindex":false,"robots_noodp":false,"robots_notranslate":false,"robots_max_snippet":null,"robots_max_videopreview":null,"robots_max_imagepreview":"large","priority":null,"frequency":null,"local_seo":null,"seo_analyzer_scan_date":"2025-12-07 13:32:09","breadcrumb_settings":null,"limit_modified_date":false,"open_ai":null,"ai":null,"created":"2020-12-21 12:45:42","updated":"2025-12-07 13:32:09"},"aioseo_breadcrumb":"<div class=\"aioseo-breadcrumbs\"><span class=\"aioseo-breadcrumb\">\n\t<a href=\"https:\/\/www.eldigitaldeasturias.com\/noticias\" title=\"Home\">Home<\/a>\n<\/span><span class=\"aioseo-breadcrumb-separator\">\u2013<\/span><span class=\"aioseo-breadcrumb\">\n\t<a href=\"https:\/\/www.eldigitaldeasturias.com\/noticias\/category\/economia\/\" title=\"Econom\u00eda\">Econom\u00eda<\/a>\n<\/span><span class=\"aioseo-breadcrumb-separator\">\u2013<\/span><span class=\"aioseo-breadcrumb\">\n\t<a href=\"https:\/\/www.eldigitaldeasturias.com\/noticias\/el-cita-participa-en-la-iniciativa-de-empleo-juvenil-de-la-union-europea\/\" title=\"El CITA participa en la Iniciativa de Empleo Juvenil de la Uni\u00f3n Europea\">El CITA participa en la Iniciativa de Empleo Juvenil de la Uni\u00f3n Europea<\/a>\n<\/span><\/div>","aioseo_breadcrumb_json":[{"label":"Home","link":"https:\/\/www.eldigitaldeasturias.com\/noticias"},{"label":"Econom\u00eda","link":"https:\/\/www.eldigitaldeasturias.com\/noticias\/category\/economia\/"},{"label":"El CITA participa en la Iniciativa de Empleo Juvenil de la Uni\u00f3n Europea","link":"https:\/\/www.eldigitaldeasturias.com\/noticias\/el-cita-participa-en-la-iniciativa-de-empleo-juvenil-de-la-union-europea\/"}],"_links":{"self":[{"href":"https:\/\/www.eldigitaldeasturias.com\/noticias\/wp-json\/wp\/v2\/posts\/962748","targetHints":{"allow":["GET"]}}],"collection":[{"href":"https:\/\/www.eldigitaldeasturias.com\/noticias\/wp-json\/wp\/v2\/posts"}],"about":[{"href":"https:\/\/www.eldigitaldeasturias.com\/noticias\/wp-json\/wp\/v2\/types\/post"}],"author":[{"embeddable":true,"href":"https:\/\/www.eldigitaldeasturias.com\/noticias\/wp-json\/wp\/v2\/users\/1"}],"replies":[{"embeddable":true,"href":"https:\/\/www.eldigitaldeasturias.com\/noticias\/wp-json\/wp\/v2\/comments?post=962748"}],"version-history":[{"count":0,"href":"https:\/\/www.eldigitaldeasturias.com\/noticias\/wp-json\/wp\/v2\/posts\/962748\/revisions"}],"wp:featuredmedia":[{"embeddable":true,"href":"https:\/\/www.eldigitaldeasturias.com\/noticias\/wp-json\/wp\/v2\/media\/962749"}],"wp:attachment":[{"href":"https:\/\/www.eldigitaldeasturias.com\/noticias\/wp-json\/wp\/v2\/media?parent=962748"}],"wp:term":[{"taxonomy":"category","embeddable":true,"href":"https:\/\/www.eldigitaldeasturias.com\/noticias\/wp-json\/wp\/v2\/categories?post=962748"},{"taxonomy":"post_tag","embeddable":true,"href":"https:\/\/www.eldigitaldeasturias.com\/noticias\/wp-json\/wp\/v2\/tags?post=962748"}],"curies":[{"name":"wp","href":"https:\/\/api.w.org\/{rel}","templated":true}]}}