{"id":962725,"date":"2017-12-07T21:32:26","date_gmt":"2017-12-07T21:32:26","guid":{"rendered":"http:\/\/www.eldigitaldeasturias.com\/noticias\/?p=962725"},"modified":"2017-12-07T21:32:26","modified_gmt":"2017-12-07T21:32:26","slug":"maillo-las-mentiras-independentistas-ya-no-cuelan-en-ninguna-parte","status":"publish","type":"post","link":"https:\/\/www.eldigitaldeasturias.com\/noticias\/maillo-las-mentiras-independentistas-ya-no-cuelan-en-ninguna-parte\/","title":{"rendered":"Ma\u00edllo: \u201cLas mentiras independentistas ya no cuelan en ninguna parte\u00bb"},"content":{"rendered":"<p><img loading=\"lazy\" decoding=\"async\" class=\"alignleft size-medium wp-image-927609\" src=\"https:\/\/www.eldigitaldeasturias.com\/noticias\/wp-content\/uploads\/2017\/02\/Maillo-360x163.jpg\" alt=\"\" width=\"360\" height=\"163\" \/>El coordinador general del Partido Popular, Fernando Mart\u00ednez-Ma\u00edllo, ha asegurado hoy, respecto a la manifestaci\u00f3n en Bruselas convocada por ANC y \u00d2mnium Cultural en apoyo a la independencia de Catalu\u00f1a, que \u201clas mentiras independentistas ya no cuelan en ninguna parte, tampoco en Europa\u201d. Para el dirigente popular, las instituciones europeas y los gobiernos de los estados miembro hace ya mucho tiempo que han abierto los ojos ante estas farsas.<\/p>\n<p>En declaraciones a los medios de comunicaci\u00f3n en Girona, tras visitar el Mercado de Can Gibert del Pla, Mart\u00ednez-Ma\u00edllo se ha preguntado qu\u00e9 hacen los independentistas manifest\u00e1ndose contra Europa en Bruselas. \u201cEl independentismo, cuando no se le da la raz\u00f3n, arremete contra \u00e9stos, da igual quien sea\u201d, ha a\u00f1a\u00f1dido Ma\u00edllo, quien adem\u00e1s ha destacado que precisamente las instituciones comunitarias defienden la libertad, la democracia y los derechos fundamentales.<\/p>\n<p><strong>GARANT\u00cdA DE UNIDAD ENTRE CONSTITUCIONALISTAS<\/strong><\/p>\n<p>Por otro lado, Fernando Mart\u00ednez-Ma\u00edllo ha lamentado que los l\u00edderes de los otros dos partidos constitucionalistas, Miquel Iceta e In\u00e9s Arrimada, est\u00e9n enfrent\u00e1ndose en campa\u00f1a con el \u00fanico prop\u00f3sito de quitarse votos entre ellos, \u201cprobablemente porque se han cre\u00eddo las encuestas\u201d. \u201cLo lamento, porque creo que una campa\u00f1a electoral peg\u00e1ndose entre constitucionalistas no es lo m\u00e1s razonable ni lo m\u00e1s \u00fatil\u201d, ha afirmado.<\/p>\n<p>\u201cEl PP es el \u00fanico partido que ha conseguido pactar con ambos partidos constitucionalistas a la vez, en el 155. Por lo tanto, el PP tiene tambi\u00e9n consolidada su capacidad de acuerdo y pacto. El eje de acuerdo futuro pasa sin duda por el PP. Somos el eje del acuerdo, somos la garant\u00eda de unidad y de uni\u00f3n de los partidos constitucionalistas. Y somos fundamentalmente un voto seguro, nosotros no dudamos\u201d, ha subrayado.<\/p>\n<p>En este sentido, el coordinador general del PP se ha dirigido a los votantes del PP en elecciones generales y que votaron a Mariano Rajoy para consolidar la recuperaci\u00f3n econ\u00f3mica y para poner fin al proceso independentista. \u201cMariano Rajoy y el Partido Popular han cumplido. El voto al PP es \u00fatil y sirve para ambas cuestiones\u201d, ha explicado Ma\u00edllo, para quien \u201cel voto al PP fue \u00fatil en las elecciones generales y lo es en las catalanas porque tenemos que empezar un nuevo proceso de normalizaci\u00f3n\u201d.<\/p>\n<p>Por \u00faltimo, Mart\u00ednez-Ma\u00edllo ha insistido en que el proc\u00e9s ha fracasado y ha muerto gracias a Rajoy y al PP, y a la aplicaci\u00f3n consensuada del art\u00edculo 155 de la Constituci\u00f3n espa\u00f1ola. \u201cLo que hay que hacer en las elecciones es mirar al futuro e iniciar un nuevo proceso dentro de la legalidad, de la normalidad, devolviendo las empresas a Catalu\u00f1a y trabajando por los problemas que afectan al conjunto de los ciudadanos\u201d, ha finalizado.<\/p>\n","protected":false},"excerpt":{"rendered":"<p>El coordinador general del Partido Popular, Fernando Mart\u00ednez-Ma\u00edllo, ha asegurado hoy, respecto a la manifestaci\u00f3n en Bruselas convocada por ANC y \u00d2mnium Cultural en apoyo a la independencia de Catalu\u00f1a, que \u201clas mentiras independentistas ya no cuelan en ninguna parte, tampoco en Europa\u201d. Para el dirigente popular, las instituciones europeas y los gobiernos de los [&hellip;]<\/p>\n","protected":false},"author":1,"featured_media":927609,"comment_status":"closed","ping_status":"closed","sticky":false,"template":"","format":"standard","meta":{"footnotes":""},"categories":[1],"tags":[],"class_list":["post-962725","post","type-post","status-publish","format-standard","has-post-thumbnail","hentry","category-actualidad"],"aioseo_notices":[],"aioseo_head":"\n\t\t<!-- All in One SEO Pro 5.0.1 - aioseo.com -->\n\t<meta name=\"description\" content=\"El coordinador general del Partido Popular, Fernando Mart\u00ednez-Ma\u00edllo, ha asegurado hoy, respecto a la manifestaci\u00f3n en Bruselas convocada por ANC y \u00d2mnium Cultural en apoyo a la independencia de Catalu\u00f1a, que \u201clas mentiras independentistas ya no cuelan en ninguna parte, tampoco en Europa\u201d. Para el dirigente popular, las instituciones europeas y los gobiernos de los\" \/>\n\t<meta name=\"robots\" content=\"max-image-preview:large\" \/>\n\t<meta name=\"author\" content=\"El Digital de Asturias\"\/>\n\t<meta name=\"google-site-verification\" content=\"UA-38556648-1\" \/>\n\t<meta name=\"msvalidate.01\" content=\"7dfe9f3f1b24437ab69f4f2559babe99\" \/>\n\t<meta name=\"keywords\" content=\"actualidad\" \/>\n\t<link rel=\"canonical\" href=\"https:\/\/www.eldigitaldeasturias.com\/noticias\/maillo-las-mentiras-independentistas-ya-no-cuelan-en-ninguna-parte\/\" \/>\n\t<meta name=\"generator\" content=\"All in One SEO Pro (AIOSEO) 5.0.1\" \/>\n\t\t<meta property=\"og:locale\" content=\"es_ES\" \/>\n\t\t<meta property=\"og:site_name\" content=\"El Digital de Asturias\" \/>\n\t\t<meta property=\"og:type\" content=\"article\" \/>\n\t\t<meta property=\"og:title\" content=\"Ma\u00edllo: \u201cLas mentiras independentistas ya no cuelan en ninguna parte\u00bb - El Digital de Asturias\" \/>\n\t\t<meta property=\"og:description\" content=\"El coordinador general del Partido Popular, Fernando Mart\u00ednez-Ma\u00edllo, ha asegurado hoy, respecto a la manifestaci\u00f3n en Bruselas convocada por ANC y \u00d2mnium Cultural en apoyo a la independencia de Catalu\u00f1a, que \u201clas mentiras independentistas ya no cuelan en ninguna parte, tampoco en Europa\u201d. Para el dirigente popular, las instituciones europeas y los gobiernos de los\" \/>\n\t\t<meta property=\"og:url\" content=\"https:\/\/www.eldigitaldeasturias.com\/noticias\/maillo-las-mentiras-independentistas-ya-no-cuelan-en-ninguna-parte\/\" \/>\n\t\t<meta property=\"article:tag\" content=\"actualidad\" \/>\n\t\t<meta property=\"article:published_time\" content=\"2017-12-07T21:32:26+00:00\" \/>\n\t\t<meta property=\"article:modified_time\" content=\"2017-12-07T21:32:26+00:00\" \/>\n\t\t<meta property=\"article:publisher\" content=\"https:\/\/facebook.com\/eldigitaldeasturias\" \/>\n\t\t<meta name=\"twitter:card\" content=\"summary_large_image\" \/>\n\t\t<meta name=\"twitter:title\" content=\"Ma\u00edllo: \u201cLas mentiras independentistas ya no cuelan en ninguna parte\u00bb - El Digital de Asturias\" \/>\n\t\t<meta name=\"twitter:description\" content=\"El coordinador general del Partido Popular, Fernando Mart\u00ednez-Ma\u00edllo, ha asegurado hoy, respecto a la manifestaci\u00f3n en Bruselas convocada por ANC y \u00d2mnium Cultural en apoyo a la independencia de Catalu\u00f1a, que \u201clas mentiras independentistas ya no cuelan en ninguna parte, tampoco en Europa\u201d. Para el dirigente popular, las instituciones europeas y los gobiernos de los\" \/>\n\t\t<meta name=\"twitter:image\" content=\"https:\/\/www.eldigitaldeasturias.com\/noticias\/wp-content\/uploads\/2020\/12\/EDA-1.jpg\" \/>\n\t\t<meta name=\"twitter:label1\" content=\"Escrito por\" \/>\n\t\t<meta name=\"twitter:data1\" content=\"El Digital de Asturias\" \/>\n\t\t<meta name=\"twitter:label2\" content=\"Tiempo de lectura estimado\" \/>\n\t\t<meta name=\"twitter:data2\" content=\"2 minutos\" \/>\n\t\t<script type=\"application\/ld+json\" class=\"aioseo-schema\">\n\t\t\t{\"@context\":\"https:\\\/\\\/schema.org\",\"@graph\":[{\"@type\":\"BlogPosting\",\"@id\":\"https:\\\/\\\/www.eldigitaldeasturias.com\\\/noticias\\\/maillo-las-mentiras-independentistas-ya-no-cuelan-en-ninguna-parte\\\/#blogposting\",\"name\":\"Ma\\u00edllo: \\u201cLas mentiras independentistas ya no cuelan en ninguna parte\\u00bb - El Digital de Asturias\",\"headline\":\"Ma\\u00edllo: \\u201cLas mentiras independentistas ya no cuelan en ninguna parte\\u00bb\",\"author\":{\"@id\":\"https:\\\/\\\/www.eldigitaldeasturias.com\\\/noticias\\\/author\\\/admin\\\/#author\"},\"publisher\":{\"@id\":\"https:\\\/\\\/www.eldigitaldeasturias.com\\\/noticias\\\/#organization\"},\"image\":{\"@type\":\"ImageObject\",\"url\":927609},\"datePublished\":\"2017-12-07T21:32:26+01:00\",\"dateModified\":\"2017-12-07T21:32:26+01:00\",\"inLanguage\":\"es-ES\",\"mainEntityOfPage\":{\"@id\":\"https:\\\/\\\/www.eldigitaldeasturias.com\\\/noticias\\\/maillo-las-mentiras-independentistas-ya-no-cuelan-en-ninguna-parte\\\/#webpage\"},\"isPartOf\":{\"@id\":\"https:\\\/\\\/www.eldigitaldeasturias.com\\\/noticias\\\/maillo-las-mentiras-independentistas-ya-no-cuelan-en-ninguna-parte\\\/#webpage\"},\"articleSection\":\"Actualidad\"},{\"@type\":\"BreadcrumbList\",\"@id\":\"https:\\\/\\\/www.eldigitaldeasturias.com\\\/noticias\\\/maillo-las-mentiras-independentistas-ya-no-cuelan-en-ninguna-parte\\\/#breadcrumblist\",\"itemListElement\":[{\"@type\":\"ListItem\",\"@id\":\"https:\\\/\\\/www.eldigitaldeasturias.com\\\/noticias#listItem\",\"position\":1,\"name\":\"Home\",\"item\":\"https:\\\/\\\/www.eldigitaldeasturias.com\\\/noticias\",\"nextItem\":{\"@type\":\"ListItem\",\"@id\":\"https:\\\/\\\/www.eldigitaldeasturias.com\\\/noticias\\\/category\\\/actualidad\\\/#listItem\",\"name\":\"Actualidad\"}},{\"@type\":\"ListItem\",\"@id\":\"https:\\\/\\\/www.eldigitaldeasturias.com\\\/noticias\\\/category\\\/actualidad\\\/#listItem\",\"position\":2,\"name\":\"Actualidad\",\"item\":\"https:\\\/\\\/www.eldigitaldeasturias.com\\\/noticias\\\/category\\\/actualidad\\\/\",\"nextItem\":{\"@type\":\"ListItem\",\"@id\":\"https:\\\/\\\/www.eldigitaldeasturias.com\\\/noticias\\\/maillo-las-mentiras-independentistas-ya-no-cuelan-en-ninguna-parte\\\/#listItem\",\"name\":\"Ma\\u00edllo: \\u201cLas mentiras independentistas ya no cuelan en ninguna parte\\u00bb\"},\"previousItem\":{\"@type\":\"ListItem\",\"@id\":\"https:\\\/\\\/www.eldigitaldeasturias.com\\\/noticias#listItem\",\"name\":\"Home\"}},{\"@type\":\"ListItem\",\"@id\":\"https:\\\/\\\/www.eldigitaldeasturias.com\\\/noticias\\\/maillo-las-mentiras-independentistas-ya-no-cuelan-en-ninguna-parte\\\/#listItem\",\"position\":3,\"name\":\"Ma\\u00edllo: \\u201cLas mentiras independentistas ya no cuelan en ninguna parte\\u00bb\",\"previousItem\":{\"@type\":\"ListItem\",\"@id\":\"https:\\\/\\\/www.eldigitaldeasturias.com\\\/noticias\\\/category\\\/actualidad\\\/#listItem\",\"name\":\"Actualidad\"}}]},{\"@type\":\"Organization\",\"@id\":\"https:\\\/\\\/www.eldigitaldeasturias.com\\\/noticias\\\/#organization\",\"name\":\"El Digital de Asturias\",\"description\":\"Hemeroteca\",\"url\":\"https:\\\/\\\/www.eldigitaldeasturias.com\\\/noticias\\\/\",\"email\":\"info@eldigitaldeasturias.com\",\"telephone\":\"+34652131393\",\"logo\":{\"@type\":\"ImageObject\",\"url\":\"https:\\\/\\\/www.eldigitaldeasturias.com\\\/noticias\\\/wp-content\\\/uploads\\\/2020\\\/12\\\/EDA.jpg\",\"@id\":\"https:\\\/\\\/www.eldigitaldeasturias.com\\\/noticias\\\/maillo-las-mentiras-independentistas-ya-no-cuelan-en-ninguna-parte\\\/#organizationLogo\"},\"image\":{\"@id\":\"https:\\\/\\\/www.eldigitaldeasturias.com\\\/noticias\\\/maillo-las-mentiras-independentistas-ya-no-cuelan-en-ninguna-parte\\\/#organizationLogo\"},\"sameAs\":[\"https:\\\/\\\/facebook.com\\\/eldigitaldeasturias\",\"https:\\\/\\\/www.youtube.com\\\/channel\\\/UCZP-2wLEB9Rv6erhFmqVnvg\"],\"address\":{\"@id\":\"https:\\\/\\\/www.eldigitaldeasturias.com\\\/noticias\\\/#postaladdress\",\"@type\":\"PostalAddress\",\"streetAddress\":\"san antonio 4\",\"postalCode\":\"33430\",\"addressLocality\":\"Cand\\u00e1s\",\"addressRegion\":\"Asturias\",\"addressCountry\":\"ES\"}},{\"@type\":\"Person\",\"@id\":\"https:\\\/\\\/www.eldigitaldeasturias.com\\\/noticias\\\/author\\\/admin\\\/#author\",\"url\":\"https:\\\/\\\/www.eldigitaldeasturias.com\\\/noticias\\\/author\\\/admin\\\/\",\"name\":\"El Digital de Asturias\",\"image\":{\"@type\":\"ImageObject\",\"@id\":\"https:\\\/\\\/www.eldigitaldeasturias.com\\\/noticias\\\/maillo-las-mentiras-independentistas-ya-no-cuelan-en-ninguna-parte\\\/#authorImage\",\"url\":\"https:\\\/\\\/secure.gravatar.com\\\/avatar\\\/df2aeffc32bcd13f8d26072ef8a91b623d677766deac7f97ca815868cd41bf5e?s=96&d=mm&r=g\",\"width\":96,\"height\":96,\"caption\":\"El Digital de Asturias\"}},{\"@type\":\"WebPage\",\"@id\":\"https:\\\/\\\/www.eldigitaldeasturias.com\\\/noticias\\\/maillo-las-mentiras-independentistas-ya-no-cuelan-en-ninguna-parte\\\/#webpage\",\"url\":\"https:\\\/\\\/www.eldigitaldeasturias.com\\\/noticias\\\/maillo-las-mentiras-independentistas-ya-no-cuelan-en-ninguna-parte\\\/\",\"name\":\"Ma\\u00edllo: \\u201cLas mentiras independentistas ya no cuelan en ninguna parte\\u00bb - El Digital de Asturias\",\"description\":\"El coordinador general del Partido Popular, Fernando Mart\\u00ednez-Ma\\u00edllo, ha asegurado hoy, respecto a la manifestaci\\u00f3n en Bruselas convocada por ANC y \\u00d2mnium Cultural en apoyo a la independencia de Catalu\\u00f1a, que \\u201clas mentiras independentistas ya no cuelan en ninguna parte, tampoco en Europa\\u201d. Para el dirigente popular, las instituciones europeas y los gobiernos de los\",\"inLanguage\":\"es-ES\",\"isPartOf\":{\"@id\":\"https:\\\/\\\/www.eldigitaldeasturias.com\\\/noticias\\\/#website\"},\"breadcrumb\":{\"@id\":\"https:\\\/\\\/www.eldigitaldeasturias.com\\\/noticias\\\/maillo-las-mentiras-independentistas-ya-no-cuelan-en-ninguna-parte\\\/#breadcrumblist\"},\"author\":{\"@id\":\"https:\\\/\\\/www.eldigitaldeasturias.com\\\/noticias\\\/author\\\/admin\\\/#author\"},\"creator\":{\"@id\":\"https:\\\/\\\/www.eldigitaldeasturias.com\\\/noticias\\\/author\\\/admin\\\/#author\"},\"image\":{\"@type\":\"ImageObject\",\"url\":927609,\"@id\":\"https:\\\/\\\/www.eldigitaldeasturias.com\\\/noticias\\\/maillo-las-mentiras-independentistas-ya-no-cuelan-en-ninguna-parte\\\/#mainImage\"},\"primaryImageOfPage\":{\"@id\":\"https:\\\/\\\/www.eldigitaldeasturias.com\\\/noticias\\\/maillo-las-mentiras-independentistas-ya-no-cuelan-en-ninguna-parte\\\/#mainImage\"},\"datePublished\":\"2017-12-07T21:32:26+01:00\",\"dateModified\":\"2017-12-07T21:32:26+01:00\"},{\"@type\":\"WebSite\",\"@id\":\"https:\\\/\\\/www.eldigitaldeasturias.com\\\/noticias\\\/#website\",\"url\":\"https:\\\/\\\/www.eldigitaldeasturias.com\\\/noticias\\\/\",\"name\":\"El Digital de Asturias - Diario de actualidad y noticias\",\"alternateName\":\"El Digital de Asturias - Diario de actualidad y noticias\",\"description\":\"Hemeroteca\",\"inLanguage\":\"es-ES\",\"publisher\":{\"@id\":\"https:\\\/\\\/www.eldigitaldeasturias.com\\\/noticias\\\/#organization\"}}]}\n\t\t<\/script>\n\t\t<!-- All in One SEO Pro -->\r\n\t\t<title>Ma\u00edllo: \u201cLas mentiras independentistas ya no cuelan en ninguna parte\u00bb - El Digital de Asturias<\/title>\n\n","aioseo_head_json":{"title":"Ma\u00edllo: \u201cLas mentiras independentistas ya no cuelan en ninguna parte\u00bb - El Digital de Asturias","description":"El coordinador general del Partido Popular, Fernando Mart\u00ednez-Ma\u00edllo, ha asegurado hoy, respecto a la manifestaci\u00f3n en Bruselas convocada por ANC y \u00d2mnium Cultural en apoyo a la independencia de Catalu\u00f1a, que \u201clas mentiras independentistas ya no cuelan en ninguna parte, tampoco en Europa\u201d. Para el dirigente popular, las instituciones europeas y los gobiernos de los","canonical_url":"https:\/\/www.eldigitaldeasturias.com\/noticias\/maillo-las-mentiras-independentistas-ya-no-cuelan-en-ninguna-parte\/","robots":"max-image-preview:large","keywords":"actualidad","webmasterTools":{"google-site-verification":"UA-38556648-1","msvalidate.01":"7dfe9f3f1b24437ab69f4f2559babe99","miscellaneous":""},"schema":{"@context":"https:\/\/schema.org","@graph":[{"@type":"BlogPosting","@id":"https:\/\/www.eldigitaldeasturias.com\/noticias\/maillo-las-mentiras-independentistas-ya-no-cuelan-en-ninguna-parte\/#blogposting","name":"Ma\u00edllo: \u201cLas mentiras independentistas ya no cuelan en ninguna parte\u00bb - El Digital de Asturias","headline":"Ma\u00edllo: \u201cLas mentiras independentistas ya no cuelan en ninguna parte\u00bb","author":{"@id":"https:\/\/www.eldigitaldeasturias.com\/noticias\/author\/admin\/#author"},"publisher":{"@id":"https:\/\/www.eldigitaldeasturias.com\/noticias\/#organization"},"image":{"@type":"ImageObject","url":927609},"datePublished":"2017-12-07T21:32:26+01:00","dateModified":"2017-12-07T21:32:26+01:00","inLanguage":"es-ES","mainEntityOfPage":{"@id":"https:\/\/www.eldigitaldeasturias.com\/noticias\/maillo-las-mentiras-independentistas-ya-no-cuelan-en-ninguna-parte\/#webpage"},"isPartOf":{"@id":"https:\/\/www.eldigitaldeasturias.com\/noticias\/maillo-las-mentiras-independentistas-ya-no-cuelan-en-ninguna-parte\/#webpage"},"articleSection":"Actualidad"},{"@type":"BreadcrumbList","@id":"https:\/\/www.eldigitaldeasturias.com\/noticias\/maillo-las-mentiras-independentistas-ya-no-cuelan-en-ninguna-parte\/#breadcrumblist","itemListElement":[{"@type":"ListItem","@id":"https:\/\/www.eldigitaldeasturias.com\/noticias#listItem","position":1,"name":"Home","item":"https:\/\/www.eldigitaldeasturias.com\/noticias","nextItem":{"@type":"ListItem","@id":"https:\/\/www.eldigitaldeasturias.com\/noticias\/category\/actualidad\/#listItem","name":"Actualidad"}},{"@type":"ListItem","@id":"https:\/\/www.eldigitaldeasturias.com\/noticias\/category\/actualidad\/#listItem","position":2,"name":"Actualidad","item":"https:\/\/www.eldigitaldeasturias.com\/noticias\/category\/actualidad\/","nextItem":{"@type":"ListItem","@id":"https:\/\/www.eldigitaldeasturias.com\/noticias\/maillo-las-mentiras-independentistas-ya-no-cuelan-en-ninguna-parte\/#listItem","name":"Ma\u00edllo: \u201cLas mentiras independentistas ya no cuelan en ninguna parte\u00bb"},"previousItem":{"@type":"ListItem","@id":"https:\/\/www.eldigitaldeasturias.com\/noticias#listItem","name":"Home"}},{"@type":"ListItem","@id":"https:\/\/www.eldigitaldeasturias.com\/noticias\/maillo-las-mentiras-independentistas-ya-no-cuelan-en-ninguna-parte\/#listItem","position":3,"name":"Ma\u00edllo: \u201cLas mentiras independentistas ya no cuelan en ninguna parte\u00bb","previousItem":{"@type":"ListItem","@id":"https:\/\/www.eldigitaldeasturias.com\/noticias\/category\/actualidad\/#listItem","name":"Actualidad"}}]},{"@type":"Organization","@id":"https:\/\/www.eldigitaldeasturias.com\/noticias\/#organization","name":"El Digital de Asturias","description":"Hemeroteca","url":"https:\/\/www.eldigitaldeasturias.com\/noticias\/","email":"info@eldigitaldeasturias.com","telephone":"+34652131393","logo":{"@type":"ImageObject","url":"https:\/\/www.eldigitaldeasturias.com\/noticias\/wp-content\/uploads\/2020\/12\/EDA.jpg","@id":"https:\/\/www.eldigitaldeasturias.com\/noticias\/maillo-las-mentiras-independentistas-ya-no-cuelan-en-ninguna-parte\/#organizationLogo"},"image":{"@id":"https:\/\/www.eldigitaldeasturias.com\/noticias\/maillo-las-mentiras-independentistas-ya-no-cuelan-en-ninguna-parte\/#organizationLogo"},"sameAs":["https:\/\/facebook.com\/eldigitaldeasturias","https:\/\/www.youtube.com\/channel\/UCZP-2wLEB9Rv6erhFmqVnvg"],"address":{"@id":"https:\/\/www.eldigitaldeasturias.com\/noticias\/#postaladdress","@type":"PostalAddress","streetAddress":"san antonio 4","postalCode":"33430","addressLocality":"Cand\u00e1s","addressRegion":"Asturias","addressCountry":"ES"}},{"@type":"Person","@id":"https:\/\/www.eldigitaldeasturias.com\/noticias\/author\/admin\/#author","url":"https:\/\/www.eldigitaldeasturias.com\/noticias\/author\/admin\/","name":"El Digital de Asturias","image":{"@type":"ImageObject","@id":"https:\/\/www.eldigitaldeasturias.com\/noticias\/maillo-las-mentiras-independentistas-ya-no-cuelan-en-ninguna-parte\/#authorImage","url":"https:\/\/secure.gravatar.com\/avatar\/df2aeffc32bcd13f8d26072ef8a91b623d677766deac7f97ca815868cd41bf5e?s=96&d=mm&r=g","width":96,"height":96,"caption":"El Digital de Asturias"}},{"@type":"WebPage","@id":"https:\/\/www.eldigitaldeasturias.com\/noticias\/maillo-las-mentiras-independentistas-ya-no-cuelan-en-ninguna-parte\/#webpage","url":"https:\/\/www.eldigitaldeasturias.com\/noticias\/maillo-las-mentiras-independentistas-ya-no-cuelan-en-ninguna-parte\/","name":"Ma\u00edllo: \u201cLas mentiras independentistas ya no cuelan en ninguna parte\u00bb - El Digital de Asturias","description":"El coordinador general del Partido Popular, Fernando Mart\u00ednez-Ma\u00edllo, ha asegurado hoy, respecto a la manifestaci\u00f3n en Bruselas convocada por ANC y \u00d2mnium Cultural en apoyo a la independencia de Catalu\u00f1a, que \u201clas mentiras independentistas ya no cuelan en ninguna parte, tampoco en Europa\u201d. Para el dirigente popular, las instituciones europeas y los gobiernos de los","inLanguage":"es-ES","isPartOf":{"@id":"https:\/\/www.eldigitaldeasturias.com\/noticias\/#website"},"breadcrumb":{"@id":"https:\/\/www.eldigitaldeasturias.com\/noticias\/maillo-las-mentiras-independentistas-ya-no-cuelan-en-ninguna-parte\/#breadcrumblist"},"author":{"@id":"https:\/\/www.eldigitaldeasturias.com\/noticias\/author\/admin\/#author"},"creator":{"@id":"https:\/\/www.eldigitaldeasturias.com\/noticias\/author\/admin\/#author"},"image":{"@type":"ImageObject","url":927609,"@id":"https:\/\/www.eldigitaldeasturias.com\/noticias\/maillo-las-mentiras-independentistas-ya-no-cuelan-en-ninguna-parte\/#mainImage"},"primaryImageOfPage":{"@id":"https:\/\/www.eldigitaldeasturias.com\/noticias\/maillo-las-mentiras-independentistas-ya-no-cuelan-en-ninguna-parte\/#mainImage"},"datePublished":"2017-12-07T21:32:26+01:00","dateModified":"2017-12-07T21:32:26+01:00"},{"@type":"WebSite","@id":"https:\/\/www.eldigitaldeasturias.com\/noticias\/#website","url":"https:\/\/www.eldigitaldeasturias.com\/noticias\/","name":"El Digital de Asturias - Diario de actualidad y noticias","alternateName":"El Digital de Asturias - Diario de actualidad y noticias","description":"Hemeroteca","inLanguage":"es-ES","publisher":{"@id":"https:\/\/www.eldigitaldeasturias.com\/noticias\/#organization"}}]},"og:locale":"es_ES","og:site_name":"El Digital de Asturias","og:type":"article","og:title":"Ma\u00edllo: \u201cLas mentiras independentistas ya no cuelan en ninguna parte\u00bb - El Digital de Asturias","og:description":"El coordinador general del Partido Popular, Fernando Mart\u00ednez-Ma\u00edllo, ha asegurado hoy, respecto a la manifestaci\u00f3n en Bruselas convocada por ANC y \u00d2mnium Cultural en apoyo a la independencia de Catalu\u00f1a, que \u201clas mentiras independentistas ya no cuelan en ninguna parte, tampoco en Europa\u201d. Para el dirigente popular, las instituciones europeas y los gobiernos de los","og:url":"https:\/\/www.eldigitaldeasturias.com\/noticias\/maillo-las-mentiras-independentistas-ya-no-cuelan-en-ninguna-parte\/","article:tag":["actualidad"],"article:published_time":"2017-12-07T21:32:26+00:00","article:modified_time":"2017-12-07T21:32:26+00:00","article:publisher":"https:\/\/facebook.com\/eldigitaldeasturias","twitter:card":"summary_large_image","twitter:title":"Ma\u00edllo: \u201cLas mentiras independentistas ya no cuelan en ninguna parte\u00bb - El Digital de Asturias","twitter:description":"El coordinador general del Partido Popular, Fernando Mart\u00ednez-Ma\u00edllo, ha asegurado hoy, respecto a la manifestaci\u00f3n en Bruselas convocada por ANC y \u00d2mnium Cultural en apoyo a la independencia de Catalu\u00f1a, que \u201clas mentiras independentistas ya no cuelan en ninguna parte, tampoco en Europa\u201d. Para el dirigente popular, las instituciones europeas y los gobiernos de los","twitter:image":"https:\/\/www.eldigitaldeasturias.com\/noticias\/wp-content\/uploads\/2020\/12\/EDA-1.jpg","twitter:label1":"Escrito por","twitter:data1":"El Digital de Asturias","twitter:label2":"Tiempo de lectura estimado","twitter:data2":"2 minutos"},"aioseo_meta_data":{"post_id":"962725","title":null,"description":null,"keywords":null,"keyphrases":null,"primary_term":null,"canonical_url":null,"og_title":null,"og_description":null,"og_object_type":"default","og_image_type":"default","og_image_url":null,"og_image_width":null,"og_image_height":null,"og_image_custom_url":null,"og_image_custom_fields":null,"og_video":null,"og_custom_url":null,"og_article_section":null,"og_article_tags":null,"twitter_use_og":false,"twitter_card":"default","twitter_image_type":"default","twitter_image_url":null,"twitter_image_custom_url":null,"twitter_image_custom_fields":null,"twitter_title":null,"twitter_description":null,"schema":{"blockGraphs":[],"customGraphs":[],"default":{"data":{"Article":[],"Course":[],"Dataset":[],"FAQPage":[],"Movie":[],"Person":[],"Product":[],"ProductReview":[],"Car":[],"Recipe":[],"Service":[],"SoftwareApplication":[],"WebPage":[]},"graphName":"","isEnabled":true},"graphs":[],"defaultGraph":"","defaultPostTypeGraph":""},"schema_type":null,"schema_type_options":null,"pillar_content":false,"robots_default":true,"robots_noindex":false,"robots_noarchive":false,"robots_nosnippet":false,"robots_nofollow":false,"robots_noimageindex":false,"robots_noodp":false,"robots_notranslate":false,"robots_max_snippet":null,"robots_max_videopreview":null,"robots_max_imagepreview":"large","priority":null,"frequency":null,"local_seo":null,"seo_analyzer_scan_date":"2025-12-07 13:28:09","breadcrumb_settings":null,"limit_modified_date":false,"open_ai":null,"ai":null,"created":"2020-12-21 12:45:42","updated":"2025-12-07 13:28:09","focus_keyword":null,"additional_keywords":null,"truseo_locale":null},"aioseo_breadcrumb":"<div class=\"aioseo-breadcrumbs\"><span class=\"aioseo-breadcrumb\">\n\t<a href=\"https:\/\/www.eldigitaldeasturias.com\/noticias\" title=\"Home\">Home<\/a>\n<\/span><span class=\"aioseo-breadcrumb-separator\">\u2013<\/span><span class=\"aioseo-breadcrumb\">\n\t<a href=\"https:\/\/www.eldigitaldeasturias.com\/noticias\/category\/actualidad\/\" title=\"Actualidad\">Actualidad<\/a>\n<\/span><span class=\"aioseo-breadcrumb-separator\">\u2013<\/span><span class=\"aioseo-breadcrumb\">\n\t<a href=\"https:\/\/www.eldigitaldeasturias.com\/noticias\/maillo-las-mentiras-independentistas-ya-no-cuelan-en-ninguna-parte\/\" title=\"Ma\u00edllo: \u201cLas mentiras independentistas ya no cuelan en ninguna parte\u00bb\">Ma\u00edllo: \u201cLas mentiras independentistas ya no cuelan en ninguna parte\u00bb<\/a>\n<\/span><\/div>","aioseo_breadcrumb_json":[{"label":"Home","link":"https:\/\/www.eldigitaldeasturias.com\/noticias"},{"label":"Actualidad","link":"https:\/\/www.eldigitaldeasturias.com\/noticias\/category\/actualidad\/"},{"label":"Ma\u00edllo: \u201cLas mentiras independentistas ya no cuelan en ninguna parte\u00bb","link":"https:\/\/www.eldigitaldeasturias.com\/noticias\/maillo-las-mentiras-independentistas-ya-no-cuelan-en-ninguna-parte\/"}],"_links":{"self":[{"href":"https:\/\/www.eldigitaldeasturias.com\/noticias\/wp-json\/wp\/v2\/posts\/962725","targetHints":{"allow":["GET"]}}],"collection":[{"href":"https:\/\/www.eldigitaldeasturias.com\/noticias\/wp-json\/wp\/v2\/posts"}],"about":[{"href":"https:\/\/www.eldigitaldeasturias.com\/noticias\/wp-json\/wp\/v2\/types\/post"}],"author":[{"embeddable":true,"href":"https:\/\/www.eldigitaldeasturias.com\/noticias\/wp-json\/wp\/v2\/users\/1"}],"replies":[{"embeddable":true,"href":"https:\/\/www.eldigitaldeasturias.com\/noticias\/wp-json\/wp\/v2\/comments?post=962725"}],"version-history":[{"count":0,"href":"https:\/\/www.eldigitaldeasturias.com\/noticias\/wp-json\/wp\/v2\/posts\/962725\/revisions"}],"wp:attachment":[{"href":"https:\/\/www.eldigitaldeasturias.com\/noticias\/wp-json\/wp\/v2\/media?parent=962725"}],"wp:term":[{"taxonomy":"category","embeddable":true,"href":"https:\/\/www.eldigitaldeasturias.com\/noticias\/wp-json\/wp\/v2\/categories?post=962725"},{"taxonomy":"post_tag","embeddable":true,"href":"https:\/\/www.eldigitaldeasturias.com\/noticias\/wp-json\/wp\/v2\/tags?post=962725"}],"curies":[{"name":"wp","href":"https:\/\/api.w.org\/{rel}","templated":true}]}}