{"id":962569,"date":"2017-12-06T21:09:34","date_gmt":"2017-12-06T21:09:34","guid":{"rendered":"http:\/\/www.eldigitaldeasturias.com\/noticias\/?p=962569"},"modified":"2017-12-06T21:09:34","modified_gmt":"2017-12-06T21:09:34","slug":"la-dgt-pone-en-marcha-el-plan-para-el-puente","status":"publish","type":"post","link":"https:\/\/www.eldigitaldeasturias.com\/noticias\/la-dgt-pone-en-marcha-el-plan-para-el-puente\/","title":{"rendered":"La DGT pone en marcha el Plan para el Puente"},"content":{"rendered":"<p><img loading=\"lazy\" decoding=\"async\" class=\"alignleft size-medium wp-image-818649\" src=\"https:\/\/www.eldigitaldeasturias.com\/noticias\/wp-content\/uploads\/2015\/10\/CARRETERA-360x239.jpg\" alt=\"\" width=\"360\" height=\"239\" \/>Las festividades de \u00e1mbito nacional de la Constituci\u00f3n el mi\u00e9rcoles 6 y de La Inmaculada el viernes 8 de diciembre, junto con el fin de semana posterior, dar\u00e1n lugar a un periodo de d\u00edas \u201cPuente\u201d de descanso y ocio comprendido entre el mi\u00e9rcoles 6 y el domingo 10 de diciembre.<\/p>\n<p>Respecto a la circulaci\u00f3n por las carreteras, en este periodo de d\u00edas festivos tendr\u00e1n lugar multitud de desplazamientos de largo y corto recorrido en los que destacar\u00e1n por intensidad los siguientes sentidos de circulaci\u00f3n:<\/p>\n<p>La SALIDA de los grandes n\u00facleos urbanos tendr\u00e1 lugar en dos fases, la primera, el martes 5 y mi\u00e9rcoles 6 por el inicio del periodo \u201cPuente\u201d; la segunda, m\u00e1s significativa, comprender\u00e1 el jueves 7 y viernes 8 por comienzo de d\u00eda festivo y fin de semana. Por otro lado, el RETORNO estar\u00e1 centrado principalmente en el \u00faltimo d\u00eda 10 de diciembre. En el resto de d\u00edas intermedios dentro de este mismo periodo festivo, se producir\u00e1n movimientos en sentido alterno salida-entrada coincidiendo con los d\u00edas festivos incluidos dentro de esta Operaci\u00f3n de Tr\u00e1fico.<\/p>\n<p>Por ello, la Direcci\u00f3n General de Tr\u00e1fico pone en marcha una serie de medidas de regulaci\u00f3n, ordenaci\u00f3n y vigilancia del tr\u00e1fico denominadas Operaci\u00f3n Especial Puente de la \u201cConstituci\u00f3n &#8211; Inmaculada &#8211; 2017\u201d.<\/p>\n","protected":false},"excerpt":{"rendered":"<p>Las festividades de \u00e1mbito nacional de la Constituci\u00f3n el mi\u00e9rcoles 6 y de La Inmaculada el viernes 8 de diciembre, junto con el fin de semana posterior, dar\u00e1n lugar a un periodo de d\u00edas \u201cPuente\u201d de descanso y ocio comprendido entre el mi\u00e9rcoles 6 y el domingo 10 de diciembre. Respecto a la circulaci\u00f3n por [&hellip;]<\/p>\n","protected":false},"author":1,"featured_media":818649,"comment_status":"closed","ping_status":"closed","sticky":false,"template":"","format":"standard","meta":{"footnotes":""},"categories":[1],"tags":[],"class_list":["post-962569","post","type-post","status-publish","format-standard","has-post-thumbnail","hentry","category-actualidad"],"aioseo_notices":[],"aioseo_head":"\n\t\t<!-- All in One SEO Pro 5.0.1 - aioseo.com -->\n\t<meta name=\"description\" content=\"Las festividades de \u00e1mbito nacional de la Constituci\u00f3n el mi\u00e9rcoles 6 y de La Inmaculada el viernes 8 de diciembre, junto con el fin de semana posterior, dar\u00e1n lugar a un periodo de d\u00edas \u201cPuente\u201d de descanso y ocio comprendido entre el mi\u00e9rcoles 6 y el domingo 10 de diciembre. Respecto a la circulaci\u00f3n por\" \/>\n\t<meta name=\"robots\" content=\"max-image-preview:large\" \/>\n\t<meta name=\"author\" content=\"El Digital de Asturias\"\/>\n\t<meta name=\"google-site-verification\" content=\"UA-38556648-1\" \/>\n\t<meta name=\"msvalidate.01\" content=\"7dfe9f3f1b24437ab69f4f2559babe99\" \/>\n\t<meta name=\"keywords\" content=\"actualidad\" \/>\n\t<link rel=\"canonical\" href=\"https:\/\/www.eldigitaldeasturias.com\/noticias\/la-dgt-pone-en-marcha-el-plan-para-el-puente\/\" \/>\n\t<meta name=\"generator\" content=\"All in One SEO Pro (AIOSEO) 5.0.1\" \/>\n\t\t<meta property=\"og:locale\" content=\"es_ES\" \/>\n\t\t<meta property=\"og:site_name\" content=\"El Digital de Asturias\" \/>\n\t\t<meta property=\"og:type\" content=\"article\" \/>\n\t\t<meta property=\"og:title\" content=\"La DGT pone en marcha el Plan para el Puente - El Digital de Asturias\" \/>\n\t\t<meta property=\"og:description\" content=\"Las festividades de \u00e1mbito nacional de la Constituci\u00f3n el mi\u00e9rcoles 6 y de La Inmaculada el viernes 8 de diciembre, junto con el fin de semana posterior, dar\u00e1n lugar a un periodo de d\u00edas \u201cPuente\u201d de descanso y ocio comprendido entre el mi\u00e9rcoles 6 y el domingo 10 de diciembre. Respecto a la circulaci\u00f3n por\" \/>\n\t\t<meta property=\"og:url\" content=\"https:\/\/www.eldigitaldeasturias.com\/noticias\/la-dgt-pone-en-marcha-el-plan-para-el-puente\/\" \/>\n\t\t<meta property=\"article:tag\" content=\"actualidad\" \/>\n\t\t<meta property=\"article:published_time\" content=\"2017-12-06T21:09:34+00:00\" \/>\n\t\t<meta property=\"article:modified_time\" content=\"2017-12-06T21:09:34+00:00\" \/>\n\t\t<meta property=\"article:publisher\" content=\"https:\/\/facebook.com\/eldigitaldeasturias\" \/>\n\t\t<meta name=\"twitter:card\" content=\"summary_large_image\" \/>\n\t\t<meta name=\"twitter:title\" content=\"La DGT pone en marcha el Plan para el Puente - El Digital de Asturias\" \/>\n\t\t<meta name=\"twitter:description\" content=\"Las festividades de \u00e1mbito nacional de la Constituci\u00f3n el mi\u00e9rcoles 6 y de La Inmaculada el viernes 8 de diciembre, junto con el fin de semana posterior, dar\u00e1n lugar a un periodo de d\u00edas \u201cPuente\u201d de descanso y ocio comprendido entre el mi\u00e9rcoles 6 y el domingo 10 de diciembre. Respecto a la circulaci\u00f3n por\" \/>\n\t\t<meta name=\"twitter:image\" content=\"https:\/\/www.eldigitaldeasturias.com\/noticias\/wp-content\/uploads\/2020\/12\/EDA-1.jpg\" \/>\n\t\t<meta name=\"twitter:label1\" content=\"Escrito por\" \/>\n\t\t<meta name=\"twitter:data1\" content=\"El Digital de Asturias\" \/>\n\t\t<meta name=\"twitter:label2\" content=\"Tiempo de lectura estimado\" \/>\n\t\t<meta name=\"twitter:data2\" content=\"1 minuto\" \/>\n\t\t<script type=\"application\/ld+json\" class=\"aioseo-schema\">\n\t\t\t{\"@context\":\"https:\\\/\\\/schema.org\",\"@graph\":[{\"@type\":\"BlogPosting\",\"@id\":\"https:\\\/\\\/www.eldigitaldeasturias.com\\\/noticias\\\/la-dgt-pone-en-marcha-el-plan-para-el-puente\\\/#blogposting\",\"name\":\"La DGT pone en marcha el Plan para el Puente - El Digital de Asturias\",\"headline\":\"La DGT pone en marcha el Plan para el Puente\",\"author\":{\"@id\":\"https:\\\/\\\/www.eldigitaldeasturias.com\\\/noticias\\\/author\\\/admin\\\/#author\"},\"publisher\":{\"@id\":\"https:\\\/\\\/www.eldigitaldeasturias.com\\\/noticias\\\/#organization\"},\"image\":{\"@type\":\"ImageObject\",\"url\":818649},\"datePublished\":\"2017-12-06T21:09:34+01:00\",\"dateModified\":\"2017-12-06T21:09:34+01:00\",\"inLanguage\":\"es-ES\",\"mainEntityOfPage\":{\"@id\":\"https:\\\/\\\/www.eldigitaldeasturias.com\\\/noticias\\\/la-dgt-pone-en-marcha-el-plan-para-el-puente\\\/#webpage\"},\"isPartOf\":{\"@id\":\"https:\\\/\\\/www.eldigitaldeasturias.com\\\/noticias\\\/la-dgt-pone-en-marcha-el-plan-para-el-puente\\\/#webpage\"},\"articleSection\":\"Actualidad\"},{\"@type\":\"BreadcrumbList\",\"@id\":\"https:\\\/\\\/www.eldigitaldeasturias.com\\\/noticias\\\/la-dgt-pone-en-marcha-el-plan-para-el-puente\\\/#breadcrumblist\",\"itemListElement\":[{\"@type\":\"ListItem\",\"@id\":\"https:\\\/\\\/www.eldigitaldeasturias.com\\\/noticias#listItem\",\"position\":1,\"name\":\"Home\",\"item\":\"https:\\\/\\\/www.eldigitaldeasturias.com\\\/noticias\",\"nextItem\":{\"@type\":\"ListItem\",\"@id\":\"https:\\\/\\\/www.eldigitaldeasturias.com\\\/noticias\\\/category\\\/actualidad\\\/#listItem\",\"name\":\"Actualidad\"}},{\"@type\":\"ListItem\",\"@id\":\"https:\\\/\\\/www.eldigitaldeasturias.com\\\/noticias\\\/category\\\/actualidad\\\/#listItem\",\"position\":2,\"name\":\"Actualidad\",\"item\":\"https:\\\/\\\/www.eldigitaldeasturias.com\\\/noticias\\\/category\\\/actualidad\\\/\",\"nextItem\":{\"@type\":\"ListItem\",\"@id\":\"https:\\\/\\\/www.eldigitaldeasturias.com\\\/noticias\\\/la-dgt-pone-en-marcha-el-plan-para-el-puente\\\/#listItem\",\"name\":\"La DGT pone en marcha el Plan para el Puente\"},\"previousItem\":{\"@type\":\"ListItem\",\"@id\":\"https:\\\/\\\/www.eldigitaldeasturias.com\\\/noticias#listItem\",\"name\":\"Home\"}},{\"@type\":\"ListItem\",\"@id\":\"https:\\\/\\\/www.eldigitaldeasturias.com\\\/noticias\\\/la-dgt-pone-en-marcha-el-plan-para-el-puente\\\/#listItem\",\"position\":3,\"name\":\"La DGT pone en marcha el Plan para el Puente\",\"previousItem\":{\"@type\":\"ListItem\",\"@id\":\"https:\\\/\\\/www.eldigitaldeasturias.com\\\/noticias\\\/category\\\/actualidad\\\/#listItem\",\"name\":\"Actualidad\"}}]},{\"@type\":\"Organization\",\"@id\":\"https:\\\/\\\/www.eldigitaldeasturias.com\\\/noticias\\\/#organization\",\"name\":\"El Digital de Asturias\",\"description\":\"Hemeroteca\",\"url\":\"https:\\\/\\\/www.eldigitaldeasturias.com\\\/noticias\\\/\",\"email\":\"info@eldigitaldeasturias.com\",\"telephone\":\"+34652131393\",\"logo\":{\"@type\":\"ImageObject\",\"url\":\"https:\\\/\\\/www.eldigitaldeasturias.com\\\/noticias\\\/wp-content\\\/uploads\\\/2020\\\/12\\\/EDA.jpg\",\"@id\":\"https:\\\/\\\/www.eldigitaldeasturias.com\\\/noticias\\\/la-dgt-pone-en-marcha-el-plan-para-el-puente\\\/#organizationLogo\"},\"image\":{\"@id\":\"https:\\\/\\\/www.eldigitaldeasturias.com\\\/noticias\\\/la-dgt-pone-en-marcha-el-plan-para-el-puente\\\/#organizationLogo\"},\"sameAs\":[\"https:\\\/\\\/facebook.com\\\/eldigitaldeasturias\",\"https:\\\/\\\/www.youtube.com\\\/channel\\\/UCZP-2wLEB9Rv6erhFmqVnvg\"],\"address\":{\"@id\":\"https:\\\/\\\/www.eldigitaldeasturias.com\\\/noticias\\\/#postaladdress\",\"@type\":\"PostalAddress\",\"streetAddress\":\"san antonio 4\",\"postalCode\":\"33430\",\"addressLocality\":\"Cand\\u00e1s\",\"addressRegion\":\"Asturias\",\"addressCountry\":\"ES\"}},{\"@type\":\"Person\",\"@id\":\"https:\\\/\\\/www.eldigitaldeasturias.com\\\/noticias\\\/author\\\/admin\\\/#author\",\"url\":\"https:\\\/\\\/www.eldigitaldeasturias.com\\\/noticias\\\/author\\\/admin\\\/\",\"name\":\"El Digital de Asturias\",\"image\":{\"@type\":\"ImageObject\",\"@id\":\"https:\\\/\\\/www.eldigitaldeasturias.com\\\/noticias\\\/la-dgt-pone-en-marcha-el-plan-para-el-puente\\\/#authorImage\",\"url\":\"https:\\\/\\\/secure.gravatar.com\\\/avatar\\\/df2aeffc32bcd13f8d26072ef8a91b623d677766deac7f97ca815868cd41bf5e?s=96&d=mm&r=g\",\"width\":96,\"height\":96,\"caption\":\"El Digital de Asturias\"}},{\"@type\":\"WebPage\",\"@id\":\"https:\\\/\\\/www.eldigitaldeasturias.com\\\/noticias\\\/la-dgt-pone-en-marcha-el-plan-para-el-puente\\\/#webpage\",\"url\":\"https:\\\/\\\/www.eldigitaldeasturias.com\\\/noticias\\\/la-dgt-pone-en-marcha-el-plan-para-el-puente\\\/\",\"name\":\"La DGT pone en marcha el Plan para el Puente - El Digital de Asturias\",\"description\":\"Las festividades de \\u00e1mbito nacional de la Constituci\\u00f3n el mi\\u00e9rcoles 6 y de La Inmaculada el viernes 8 de diciembre, junto con el fin de semana posterior, dar\\u00e1n lugar a un periodo de d\\u00edas \\u201cPuente\\u201d de descanso y ocio comprendido entre el mi\\u00e9rcoles 6 y el domingo 10 de diciembre. Respecto a la circulaci\\u00f3n por\",\"inLanguage\":\"es-ES\",\"isPartOf\":{\"@id\":\"https:\\\/\\\/www.eldigitaldeasturias.com\\\/noticias\\\/#website\"},\"breadcrumb\":{\"@id\":\"https:\\\/\\\/www.eldigitaldeasturias.com\\\/noticias\\\/la-dgt-pone-en-marcha-el-plan-para-el-puente\\\/#breadcrumblist\"},\"author\":{\"@id\":\"https:\\\/\\\/www.eldigitaldeasturias.com\\\/noticias\\\/author\\\/admin\\\/#author\"},\"creator\":{\"@id\":\"https:\\\/\\\/www.eldigitaldeasturias.com\\\/noticias\\\/author\\\/admin\\\/#author\"},\"image\":{\"@type\":\"ImageObject\",\"url\":818649,\"@id\":\"https:\\\/\\\/www.eldigitaldeasturias.com\\\/noticias\\\/la-dgt-pone-en-marcha-el-plan-para-el-puente\\\/#mainImage\"},\"primaryImageOfPage\":{\"@id\":\"https:\\\/\\\/www.eldigitaldeasturias.com\\\/noticias\\\/la-dgt-pone-en-marcha-el-plan-para-el-puente\\\/#mainImage\"},\"datePublished\":\"2017-12-06T21:09:34+01:00\",\"dateModified\":\"2017-12-06T21:09:34+01:00\"},{\"@type\":\"WebSite\",\"@id\":\"https:\\\/\\\/www.eldigitaldeasturias.com\\\/noticias\\\/#website\",\"url\":\"https:\\\/\\\/www.eldigitaldeasturias.com\\\/noticias\\\/\",\"name\":\"El Digital de Asturias - Diario de actualidad y noticias\",\"alternateName\":\"El Digital de Asturias - Diario de actualidad y noticias\",\"description\":\"Hemeroteca\",\"inLanguage\":\"es-ES\",\"publisher\":{\"@id\":\"https:\\\/\\\/www.eldigitaldeasturias.com\\\/noticias\\\/#organization\"}}]}\n\t\t<\/script>\n\t\t<!-- All in One SEO Pro -->\r\n\t\t<title>La DGT pone en marcha el Plan para el Puente - El Digital de Asturias<\/title>\n\n","aioseo_head_json":{"title":"La DGT pone en marcha el Plan para el Puente - El Digital de Asturias","description":"Las festividades de \u00e1mbito nacional de la Constituci\u00f3n el mi\u00e9rcoles 6 y de La Inmaculada el viernes 8 de diciembre, junto con el fin de semana posterior, dar\u00e1n lugar a un periodo de d\u00edas \u201cPuente\u201d de descanso y ocio comprendido entre el mi\u00e9rcoles 6 y el domingo 10 de diciembre. Respecto a la circulaci\u00f3n por","canonical_url":"https:\/\/www.eldigitaldeasturias.com\/noticias\/la-dgt-pone-en-marcha-el-plan-para-el-puente\/","robots":"max-image-preview:large","keywords":"actualidad","webmasterTools":{"google-site-verification":"UA-38556648-1","msvalidate.01":"7dfe9f3f1b24437ab69f4f2559babe99","miscellaneous":""},"schema":{"@context":"https:\/\/schema.org","@graph":[{"@type":"BlogPosting","@id":"https:\/\/www.eldigitaldeasturias.com\/noticias\/la-dgt-pone-en-marcha-el-plan-para-el-puente\/#blogposting","name":"La DGT pone en marcha el Plan para el Puente - El Digital de Asturias","headline":"La DGT pone en marcha el Plan para el Puente","author":{"@id":"https:\/\/www.eldigitaldeasturias.com\/noticias\/author\/admin\/#author"},"publisher":{"@id":"https:\/\/www.eldigitaldeasturias.com\/noticias\/#organization"},"image":{"@type":"ImageObject","url":818649},"datePublished":"2017-12-06T21:09:34+01:00","dateModified":"2017-12-06T21:09:34+01:00","inLanguage":"es-ES","mainEntityOfPage":{"@id":"https:\/\/www.eldigitaldeasturias.com\/noticias\/la-dgt-pone-en-marcha-el-plan-para-el-puente\/#webpage"},"isPartOf":{"@id":"https:\/\/www.eldigitaldeasturias.com\/noticias\/la-dgt-pone-en-marcha-el-plan-para-el-puente\/#webpage"},"articleSection":"Actualidad"},{"@type":"BreadcrumbList","@id":"https:\/\/www.eldigitaldeasturias.com\/noticias\/la-dgt-pone-en-marcha-el-plan-para-el-puente\/#breadcrumblist","itemListElement":[{"@type":"ListItem","@id":"https:\/\/www.eldigitaldeasturias.com\/noticias#listItem","position":1,"name":"Home","item":"https:\/\/www.eldigitaldeasturias.com\/noticias","nextItem":{"@type":"ListItem","@id":"https:\/\/www.eldigitaldeasturias.com\/noticias\/category\/actualidad\/#listItem","name":"Actualidad"}},{"@type":"ListItem","@id":"https:\/\/www.eldigitaldeasturias.com\/noticias\/category\/actualidad\/#listItem","position":2,"name":"Actualidad","item":"https:\/\/www.eldigitaldeasturias.com\/noticias\/category\/actualidad\/","nextItem":{"@type":"ListItem","@id":"https:\/\/www.eldigitaldeasturias.com\/noticias\/la-dgt-pone-en-marcha-el-plan-para-el-puente\/#listItem","name":"La DGT pone en marcha el Plan para el Puente"},"previousItem":{"@type":"ListItem","@id":"https:\/\/www.eldigitaldeasturias.com\/noticias#listItem","name":"Home"}},{"@type":"ListItem","@id":"https:\/\/www.eldigitaldeasturias.com\/noticias\/la-dgt-pone-en-marcha-el-plan-para-el-puente\/#listItem","position":3,"name":"La DGT pone en marcha el Plan para el Puente","previousItem":{"@type":"ListItem","@id":"https:\/\/www.eldigitaldeasturias.com\/noticias\/category\/actualidad\/#listItem","name":"Actualidad"}}]},{"@type":"Organization","@id":"https:\/\/www.eldigitaldeasturias.com\/noticias\/#organization","name":"El Digital de Asturias","description":"Hemeroteca","url":"https:\/\/www.eldigitaldeasturias.com\/noticias\/","email":"info@eldigitaldeasturias.com","telephone":"+34652131393","logo":{"@type":"ImageObject","url":"https:\/\/www.eldigitaldeasturias.com\/noticias\/wp-content\/uploads\/2020\/12\/EDA.jpg","@id":"https:\/\/www.eldigitaldeasturias.com\/noticias\/la-dgt-pone-en-marcha-el-plan-para-el-puente\/#organizationLogo"},"image":{"@id":"https:\/\/www.eldigitaldeasturias.com\/noticias\/la-dgt-pone-en-marcha-el-plan-para-el-puente\/#organizationLogo"},"sameAs":["https:\/\/facebook.com\/eldigitaldeasturias","https:\/\/www.youtube.com\/channel\/UCZP-2wLEB9Rv6erhFmqVnvg"],"address":{"@id":"https:\/\/www.eldigitaldeasturias.com\/noticias\/#postaladdress","@type":"PostalAddress","streetAddress":"san antonio 4","postalCode":"33430","addressLocality":"Cand\u00e1s","addressRegion":"Asturias","addressCountry":"ES"}},{"@type":"Person","@id":"https:\/\/www.eldigitaldeasturias.com\/noticias\/author\/admin\/#author","url":"https:\/\/www.eldigitaldeasturias.com\/noticias\/author\/admin\/","name":"El Digital de Asturias","image":{"@type":"ImageObject","@id":"https:\/\/www.eldigitaldeasturias.com\/noticias\/la-dgt-pone-en-marcha-el-plan-para-el-puente\/#authorImage","url":"https:\/\/secure.gravatar.com\/avatar\/df2aeffc32bcd13f8d26072ef8a91b623d677766deac7f97ca815868cd41bf5e?s=96&d=mm&r=g","width":96,"height":96,"caption":"El Digital de Asturias"}},{"@type":"WebPage","@id":"https:\/\/www.eldigitaldeasturias.com\/noticias\/la-dgt-pone-en-marcha-el-plan-para-el-puente\/#webpage","url":"https:\/\/www.eldigitaldeasturias.com\/noticias\/la-dgt-pone-en-marcha-el-plan-para-el-puente\/","name":"La DGT pone en marcha el Plan para el Puente - El Digital de Asturias","description":"Las festividades de \u00e1mbito nacional de la Constituci\u00f3n el mi\u00e9rcoles 6 y de La Inmaculada el viernes 8 de diciembre, junto con el fin de semana posterior, dar\u00e1n lugar a un periodo de d\u00edas \u201cPuente\u201d de descanso y ocio comprendido entre el mi\u00e9rcoles 6 y el domingo 10 de diciembre. Respecto a la circulaci\u00f3n por","inLanguage":"es-ES","isPartOf":{"@id":"https:\/\/www.eldigitaldeasturias.com\/noticias\/#website"},"breadcrumb":{"@id":"https:\/\/www.eldigitaldeasturias.com\/noticias\/la-dgt-pone-en-marcha-el-plan-para-el-puente\/#breadcrumblist"},"author":{"@id":"https:\/\/www.eldigitaldeasturias.com\/noticias\/author\/admin\/#author"},"creator":{"@id":"https:\/\/www.eldigitaldeasturias.com\/noticias\/author\/admin\/#author"},"image":{"@type":"ImageObject","url":818649,"@id":"https:\/\/www.eldigitaldeasturias.com\/noticias\/la-dgt-pone-en-marcha-el-plan-para-el-puente\/#mainImage"},"primaryImageOfPage":{"@id":"https:\/\/www.eldigitaldeasturias.com\/noticias\/la-dgt-pone-en-marcha-el-plan-para-el-puente\/#mainImage"},"datePublished":"2017-12-06T21:09:34+01:00","dateModified":"2017-12-06T21:09:34+01:00"},{"@type":"WebSite","@id":"https:\/\/www.eldigitaldeasturias.com\/noticias\/#website","url":"https:\/\/www.eldigitaldeasturias.com\/noticias\/","name":"El Digital de Asturias - Diario de actualidad y noticias","alternateName":"El Digital de Asturias - Diario de actualidad y noticias","description":"Hemeroteca","inLanguage":"es-ES","publisher":{"@id":"https:\/\/www.eldigitaldeasturias.com\/noticias\/#organization"}}]},"og:locale":"es_ES","og:site_name":"El Digital de Asturias","og:type":"article","og:title":"La DGT pone en marcha el Plan para el Puente - El Digital de Asturias","og:description":"Las festividades de \u00e1mbito nacional de la Constituci\u00f3n el mi\u00e9rcoles 6 y de La Inmaculada el viernes 8 de diciembre, junto con el fin de semana posterior, dar\u00e1n lugar a un periodo de d\u00edas \u201cPuente\u201d de descanso y ocio comprendido entre el mi\u00e9rcoles 6 y el domingo 10 de diciembre. Respecto a la circulaci\u00f3n por","og:url":"https:\/\/www.eldigitaldeasturias.com\/noticias\/la-dgt-pone-en-marcha-el-plan-para-el-puente\/","article:tag":["actualidad"],"article:published_time":"2017-12-06T21:09:34+00:00","article:modified_time":"2017-12-06T21:09:34+00:00","article:publisher":"https:\/\/facebook.com\/eldigitaldeasturias","twitter:card":"summary_large_image","twitter:title":"La DGT pone en marcha el Plan para el Puente - El Digital de Asturias","twitter:description":"Las festividades de \u00e1mbito nacional de la Constituci\u00f3n el mi\u00e9rcoles 6 y de La Inmaculada el viernes 8 de diciembre, junto con el fin de semana posterior, dar\u00e1n lugar a un periodo de d\u00edas \u201cPuente\u201d de descanso y ocio comprendido entre el mi\u00e9rcoles 6 y el domingo 10 de diciembre. Respecto a la circulaci\u00f3n por","twitter:image":"https:\/\/www.eldigitaldeasturias.com\/noticias\/wp-content\/uploads\/2020\/12\/EDA-1.jpg","twitter:label1":"Escrito por","twitter:data1":"El Digital de Asturias","twitter:label2":"Tiempo de lectura estimado","twitter:data2":"1 minuto"},"aioseo_meta_data":{"post_id":"962569","title":null,"description":null,"keywords":null,"keyphrases":null,"primary_term":null,"canonical_url":null,"og_title":null,"og_description":null,"og_object_type":"default","og_image_type":"default","og_image_url":null,"og_image_width":null,"og_image_height":null,"og_image_custom_url":null,"og_image_custom_fields":null,"og_video":null,"og_custom_url":null,"og_article_section":null,"og_article_tags":null,"twitter_use_og":false,"twitter_card":"default","twitter_image_type":"default","twitter_image_url":null,"twitter_image_custom_url":null,"twitter_image_custom_fields":null,"twitter_title":null,"twitter_description":null,"schema":{"blockGraphs":[],"customGraphs":[],"default":{"data":{"Article":[],"Course":[],"Dataset":[],"FAQPage":[],"Movie":[],"Person":[],"Product":[],"ProductReview":[],"Car":[],"Recipe":[],"Service":[],"SoftwareApplication":[],"WebPage":[]},"graphName":"","isEnabled":true},"graphs":[],"defaultGraph":"","defaultPostTypeGraph":""},"schema_type":null,"schema_type_options":null,"pillar_content":false,"robots_default":true,"robots_noindex":false,"robots_noarchive":false,"robots_nosnippet":false,"robots_nofollow":false,"robots_noimageindex":false,"robots_noodp":false,"robots_notranslate":false,"robots_max_snippet":null,"robots_max_videopreview":null,"robots_max_imagepreview":"large","priority":null,"frequency":null,"local_seo":null,"seo_analyzer_scan_date":"2025-12-07 12:58:05","breadcrumb_settings":null,"limit_modified_date":false,"open_ai":null,"ai":null,"created":"2020-12-21 12:45:43","updated":"2025-12-07 12:58:05","focus_keyword":null,"additional_keywords":null,"truseo_locale":null},"aioseo_breadcrumb":"<div class=\"aioseo-breadcrumbs\"><span class=\"aioseo-breadcrumb\">\n\t<a href=\"https:\/\/www.eldigitaldeasturias.com\/noticias\" title=\"Home\">Home<\/a>\n<\/span><span class=\"aioseo-breadcrumb-separator\">\u2013<\/span><span class=\"aioseo-breadcrumb\">\n\t<a href=\"https:\/\/www.eldigitaldeasturias.com\/noticias\/category\/actualidad\/\" title=\"Actualidad\">Actualidad<\/a>\n<\/span><span class=\"aioseo-breadcrumb-separator\">\u2013<\/span><span class=\"aioseo-breadcrumb\">\n\t<a href=\"https:\/\/www.eldigitaldeasturias.com\/noticias\/la-dgt-pone-en-marcha-el-plan-para-el-puente\/\" title=\"La DGT pone en marcha el Plan para el Puente\">La DGT pone en marcha el Plan para el Puente<\/a>\n<\/span><\/div>","aioseo_breadcrumb_json":[{"label":"Home","link":"https:\/\/www.eldigitaldeasturias.com\/noticias"},{"label":"Actualidad","link":"https:\/\/www.eldigitaldeasturias.com\/noticias\/category\/actualidad\/"},{"label":"La DGT pone en marcha el Plan para el Puente","link":"https:\/\/www.eldigitaldeasturias.com\/noticias\/la-dgt-pone-en-marcha-el-plan-para-el-puente\/"}],"_links":{"self":[{"href":"https:\/\/www.eldigitaldeasturias.com\/noticias\/wp-json\/wp\/v2\/posts\/962569","targetHints":{"allow":["GET"]}}],"collection":[{"href":"https:\/\/www.eldigitaldeasturias.com\/noticias\/wp-json\/wp\/v2\/posts"}],"about":[{"href":"https:\/\/www.eldigitaldeasturias.com\/noticias\/wp-json\/wp\/v2\/types\/post"}],"author":[{"embeddable":true,"href":"https:\/\/www.eldigitaldeasturias.com\/noticias\/wp-json\/wp\/v2\/users\/1"}],"replies":[{"embeddable":true,"href":"https:\/\/www.eldigitaldeasturias.com\/noticias\/wp-json\/wp\/v2\/comments?post=962569"}],"version-history":[{"count":0,"href":"https:\/\/www.eldigitaldeasturias.com\/noticias\/wp-json\/wp\/v2\/posts\/962569\/revisions"}],"wp:attachment":[{"href":"https:\/\/www.eldigitaldeasturias.com\/noticias\/wp-json\/wp\/v2\/media?parent=962569"}],"wp:term":[{"taxonomy":"category","embeddable":true,"href":"https:\/\/www.eldigitaldeasturias.com\/noticias\/wp-json\/wp\/v2\/categories?post=962569"},{"taxonomy":"post_tag","embeddable":true,"href":"https:\/\/www.eldigitaldeasturias.com\/noticias\/wp-json\/wp\/v2\/tags?post=962569"}],"curies":[{"name":"wp","href":"https:\/\/api.w.org\/{rel}","templated":true}]}}