{"id":962484,"date":"2017-12-06T01:08:09","date_gmt":"2017-12-06T01:08:09","guid":{"rendered":"http:\/\/www.eldigitaldeasturias.com\/noticias\/?p=962484"},"modified":"2017-12-06T01:08:09","modified_gmt":"2017-12-06T01:08:09","slug":"cospedal-anuncia-el-impulso-a-un-nuevo-ciclo-inversor-en-defensa","status":"publish","type":"post","link":"https:\/\/www.eldigitaldeasturias.com\/noticias\/cospedal-anuncia-el-impulso-a-un-nuevo-ciclo-inversor-en-defensa\/","title":{"rendered":"Cospedal anuncia el impulso a un nuevo ciclo inversor en Defensa"},"content":{"rendered":"<p><img loading=\"lazy\" decoding=\"async\" class=\"alignleft size-medium wp-image-962485\" src=\"https:\/\/www.eldigitaldeasturias.com\/noticias\/wp-content\/uploads\/2017\/12\/051217Cospedal-360x239.jpg\" alt=\"\" width=\"360\" height=\"239\" \/>La ministra de Defensa, Mar\u00eda Dolores de Cospedal, ha asegurado que \u00abse est\u00e1 trabajando para impulsar un ciclo inversor, en el que se incluir\u00e1n nuevos programas\u00bb y que \u00absin lugar a dudas, supondr\u00e1 un cambio de paso y de ritmo en la industria de la defensa espa\u00f1ola\u00bb.<\/p>\n<p>\u200bEn su intervenci\u00f3n durante la inauguraci\u00f3n de las Jornadas &#8216;La industria de Defensa: nuevo escenario presupuestario&#8217;, organizadas por el diario El Economista en Madrid, Mar\u00eda Dolores de Cospedal ha reivindicado \u00abun planeamiento ambicioso en la industria de la defensa\u00bb a trav\u00e9s de una apuesta \u00abintegral e inmediata, decidida y generosa\u00bb.<\/p>\n<p><strong>Un compromiso con la protecci\u00f3n<\/strong><\/p>\n<p>De esta forma, la ministra ha destacado que su departamento \u00abasumir\u00e1 el papel que le corresponde como gestor de la pol\u00edtica de adquisiciones, as\u00ed como de responsable primero de la pol\u00edtica de defensa, de la que la industria es parte esencial\u00bb. Para ello, ha subrayado que Espa\u00f1a est\u00e1 dispuesta a incrementar su inversi\u00f3n en Defensa no \u00abporque se sienta obligada por otros, al haber firmado un papel junto al resto de pa\u00edses aliados hace tres a\u00f1os\u00bb, en referencia a la Cumbre de la OTAN en Cardiff de 2014 por la que los pa\u00edses miembros de la Alianza se comprometieron a alcanzar el 2% de gasto dedicado a la defensa.<\/p>\n<p>\u00abEl documento que Espa\u00f1a firm\u00f3 voluntariamente en Gales es tan solo la consecuencia l\u00f3gica de un compromiso anterior y much\u00edsimo m\u00e1s importante y trascendente para el Gobierno de Espa\u00f1a. Hablo del compromiso de este Gobierno con la defensa y seguridad de sus ciudadanos. Ese, y no otro, es nuestro principal compromiso: El de proteger a todos los espa\u00f1oles de forma eficaz, de forma eficiente y con todos los recursos que sean necesarios en un espacio cada vez m\u00e1s demandante\u00bb, ha incidido Cospedal.<\/p>\n<p><strong>Un sector en alza<\/strong><\/p>\n<p>Para este objetivo, el papel de la industria es fundamental. \u00abUna naci\u00f3n sin el concurso de una industria eficaz, capaz, eficiente, competitiva y a la vanguardia de la innovaci\u00f3n, es un pa\u00eds d\u00e9bil. En un sector estrat\u00e9gico y sensible como es el sector de la Defensa, no podemos ser meros compradores de servicios\u00bb, ha explicado la responsable de Defensa para destacar que, \u00abgracias a la pujanza del sector en los \u00faltimos a\u00f1os, Espa\u00f1a ha pasado de ser un mero usuario de sistemas a planear, desarrollar, ejecutar y operar sistemas de armas complejos, unas veces de manera aut\u00f3noma, otras, en conjunci\u00f3n con nuestros socios europeos\u00bb.<\/p>\n<p>\u00abLa industria espa\u00f1ola a\u00fana dos cualidades fundamentales: juega un papel como actor imprescindible en la seguridad y protecci\u00f3n de los ciudadanos, y es adem\u00e1s un sector industrial estrat\u00e9gico generador de una gran capacidad productiva y desarrollo tecnol\u00f3gico\u00bb, ha apuntado.<\/p>\n<p><strong>El ejemplo de los Planes Especiales de Armamento<\/strong><\/p>\n<p>Tras proporcionar algunos datos, como los m\u00e1s de 100.000 empleos entre directos e indirectos que genera el sector en Espa\u00f1a y que cada euro invertido genera 2,5 euros de retorno para toda la econom\u00eda, Mar\u00eda Dolores de Cospedal ha se\u00f1alado que afrontamos \u00abun cambio de ciclo, parecido al que se afront\u00f3 en los a\u00f1os noventa\u00bb, y la industria espa\u00f1ola debe estar dispuesta a asumir el reto, centrado tanto en la capacidad de internacionalizaci\u00f3n como en la investigaci\u00f3n, el desarrollo y la innovaci\u00f3n.<\/p>\n<p>En este sentido, la ministra de Defensa ha puesto como ejemplo a los Planes Especiales de Armamento (PEA), cuya partida de gasto se incluy\u00f3 por primera vez en los Presupuestos de Defensa en 2017 y que han supuesto un \u00abimpulso modernizador que ha logrado transformar ya el tejido industrial de Defensa, que en la actualidad es mucho m\u00e1s din\u00e1mico y competitivo, generador de empleo altamente cualificado y que incluso redunda de manera muy importante en la cohesi\u00f3n territorial de nuestro pa\u00eds\u00bb.<\/p>\n","protected":false},"excerpt":{"rendered":"<p>La ministra de Defensa, Mar\u00eda Dolores de Cospedal, ha asegurado que \u00abse est\u00e1 trabajando para impulsar un ciclo inversor, en el que se incluir\u00e1n nuevos programas\u00bb y que \u00absin lugar a dudas, supondr\u00e1 un cambio de paso y de ritmo en la industria de la defensa espa\u00f1ola\u00bb. \u200bEn su intervenci\u00f3n durante la inauguraci\u00f3n de las [&hellip;]<\/p>\n","protected":false},"author":1,"featured_media":962485,"comment_status":"closed","ping_status":"closed","sticky":false,"template":"","format":"standard","meta":{"footnotes":""},"categories":[1],"tags":[],"class_list":["post-962484","post","type-post","status-publish","format-standard","has-post-thumbnail","hentry","category-actualidad"],"aioseo_notices":[],"aioseo_head":"\n\t\t<!-- All in One SEO Pro 5.0.1 - aioseo.com -->\n\t<meta name=\"description\" content=\"La ministra de Defensa, Mar\u00eda Dolores de Cospedal, ha asegurado que &quot;se est\u00e1 trabajando para impulsar un ciclo inversor, en el que se incluir\u00e1n nuevos programas&quot; y que &quot;sin lugar a dudas, supondr\u00e1 un cambio de paso y de ritmo en la industria de la defensa espa\u00f1ola&quot;. \u200bEn su intervenci\u00f3n durante la inauguraci\u00f3n de las\" \/>\n\t<meta name=\"robots\" content=\"max-image-preview:large\" \/>\n\t<meta name=\"author\" content=\"El Digital de Asturias\"\/>\n\t<meta name=\"google-site-verification\" content=\"UA-38556648-1\" \/>\n\t<meta name=\"msvalidate.01\" content=\"7dfe9f3f1b24437ab69f4f2559babe99\" \/>\n\t<meta name=\"keywords\" content=\"actualidad\" \/>\n\t<link rel=\"canonical\" href=\"https:\/\/www.eldigitaldeasturias.com\/noticias\/cospedal-anuncia-el-impulso-a-un-nuevo-ciclo-inversor-en-defensa\/\" \/>\n\t<meta name=\"generator\" content=\"All in One SEO Pro (AIOSEO) 5.0.1\" \/>\n\t\t<meta property=\"og:locale\" content=\"es_ES\" \/>\n\t\t<meta property=\"og:site_name\" content=\"El Digital de Asturias\" \/>\n\t\t<meta property=\"og:type\" content=\"article\" \/>\n\t\t<meta property=\"og:title\" content=\"Cospedal anuncia el impulso a un nuevo ciclo inversor en Defensa - El Digital de Asturias\" \/>\n\t\t<meta property=\"og:description\" content=\"La ministra de Defensa, Mar\u00eda Dolores de Cospedal, ha asegurado que &quot;se est\u00e1 trabajando para impulsar un ciclo inversor, en el que se incluir\u00e1n nuevos programas&quot; y que &quot;sin lugar a dudas, supondr\u00e1 un cambio de paso y de ritmo en la industria de la defensa espa\u00f1ola&quot;. \u200bEn su intervenci\u00f3n durante la inauguraci\u00f3n de las\" \/>\n\t\t<meta property=\"og:url\" content=\"https:\/\/www.eldigitaldeasturias.com\/noticias\/cospedal-anuncia-el-impulso-a-un-nuevo-ciclo-inversor-en-defensa\/\" \/>\n\t\t<meta property=\"article:tag\" content=\"actualidad\" \/>\n\t\t<meta property=\"article:published_time\" content=\"2017-12-06T01:08:09+00:00\" \/>\n\t\t<meta property=\"article:modified_time\" content=\"2017-12-06T01:08:09+00:00\" \/>\n\t\t<meta property=\"article:publisher\" content=\"https:\/\/facebook.com\/eldigitaldeasturias\" \/>\n\t\t<meta name=\"twitter:card\" content=\"summary_large_image\" \/>\n\t\t<meta name=\"twitter:title\" content=\"Cospedal anuncia el impulso a un nuevo ciclo inversor en Defensa - El Digital de Asturias\" \/>\n\t\t<meta name=\"twitter:description\" content=\"La ministra de Defensa, Mar\u00eda Dolores de Cospedal, ha asegurado que &quot;se est\u00e1 trabajando para impulsar un ciclo inversor, en el que se incluir\u00e1n nuevos programas&quot; y que &quot;sin lugar a dudas, supondr\u00e1 un cambio de paso y de ritmo en la industria de la defensa espa\u00f1ola&quot;. \u200bEn su intervenci\u00f3n durante la inauguraci\u00f3n de las\" \/>\n\t\t<meta name=\"twitter:image\" content=\"https:\/\/www.eldigitaldeasturias.com\/noticias\/wp-content\/uploads\/2020\/12\/EDA-1.jpg\" \/>\n\t\t<meta name=\"twitter:label1\" content=\"Escrito por\" \/>\n\t\t<meta name=\"twitter:data1\" content=\"El Digital de Asturias\" \/>\n\t\t<meta name=\"twitter:label2\" content=\"Tiempo de lectura estimado\" \/>\n\t\t<meta name=\"twitter:data2\" content=\"3 minutos\" \/>\n\t\t<script type=\"application\/ld+json\" class=\"aioseo-schema\">\n\t\t\t{\"@context\":\"https:\\\/\\\/schema.org\",\"@graph\":[{\"@type\":\"BlogPosting\",\"@id\":\"https:\\\/\\\/www.eldigitaldeasturias.com\\\/noticias\\\/cospedal-anuncia-el-impulso-a-un-nuevo-ciclo-inversor-en-defensa\\\/#blogposting\",\"name\":\"Cospedal anuncia el impulso a un nuevo ciclo inversor en Defensa - El Digital de Asturias\",\"headline\":\"Cospedal anuncia el impulso a un nuevo ciclo inversor en Defensa\",\"author\":{\"@id\":\"https:\\\/\\\/www.eldigitaldeasturias.com\\\/noticias\\\/author\\\/admin\\\/#author\"},\"publisher\":{\"@id\":\"https:\\\/\\\/www.eldigitaldeasturias.com\\\/noticias\\\/#organization\"},\"image\":{\"@type\":\"ImageObject\",\"url\":962485},\"datePublished\":\"2017-12-06T01:08:09+01:00\",\"dateModified\":\"2017-12-06T01:08:09+01:00\",\"inLanguage\":\"es-ES\",\"mainEntityOfPage\":{\"@id\":\"https:\\\/\\\/www.eldigitaldeasturias.com\\\/noticias\\\/cospedal-anuncia-el-impulso-a-un-nuevo-ciclo-inversor-en-defensa\\\/#webpage\"},\"isPartOf\":{\"@id\":\"https:\\\/\\\/www.eldigitaldeasturias.com\\\/noticias\\\/cospedal-anuncia-el-impulso-a-un-nuevo-ciclo-inversor-en-defensa\\\/#webpage\"},\"articleSection\":\"Actualidad\"},{\"@type\":\"BreadcrumbList\",\"@id\":\"https:\\\/\\\/www.eldigitaldeasturias.com\\\/noticias\\\/cospedal-anuncia-el-impulso-a-un-nuevo-ciclo-inversor-en-defensa\\\/#breadcrumblist\",\"itemListElement\":[{\"@type\":\"ListItem\",\"@id\":\"https:\\\/\\\/www.eldigitaldeasturias.com\\\/noticias#listItem\",\"position\":1,\"name\":\"Home\",\"item\":\"https:\\\/\\\/www.eldigitaldeasturias.com\\\/noticias\",\"nextItem\":{\"@type\":\"ListItem\",\"@id\":\"https:\\\/\\\/www.eldigitaldeasturias.com\\\/noticias\\\/category\\\/actualidad\\\/#listItem\",\"name\":\"Actualidad\"}},{\"@type\":\"ListItem\",\"@id\":\"https:\\\/\\\/www.eldigitaldeasturias.com\\\/noticias\\\/category\\\/actualidad\\\/#listItem\",\"position\":2,\"name\":\"Actualidad\",\"item\":\"https:\\\/\\\/www.eldigitaldeasturias.com\\\/noticias\\\/category\\\/actualidad\\\/\",\"nextItem\":{\"@type\":\"ListItem\",\"@id\":\"https:\\\/\\\/www.eldigitaldeasturias.com\\\/noticias\\\/cospedal-anuncia-el-impulso-a-un-nuevo-ciclo-inversor-en-defensa\\\/#listItem\",\"name\":\"Cospedal anuncia el impulso a un nuevo ciclo inversor en Defensa\"},\"previousItem\":{\"@type\":\"ListItem\",\"@id\":\"https:\\\/\\\/www.eldigitaldeasturias.com\\\/noticias#listItem\",\"name\":\"Home\"}},{\"@type\":\"ListItem\",\"@id\":\"https:\\\/\\\/www.eldigitaldeasturias.com\\\/noticias\\\/cospedal-anuncia-el-impulso-a-un-nuevo-ciclo-inversor-en-defensa\\\/#listItem\",\"position\":3,\"name\":\"Cospedal anuncia el impulso a un nuevo ciclo inversor en Defensa\",\"previousItem\":{\"@type\":\"ListItem\",\"@id\":\"https:\\\/\\\/www.eldigitaldeasturias.com\\\/noticias\\\/category\\\/actualidad\\\/#listItem\",\"name\":\"Actualidad\"}}]},{\"@type\":\"Organization\",\"@id\":\"https:\\\/\\\/www.eldigitaldeasturias.com\\\/noticias\\\/#organization\",\"name\":\"El Digital de Asturias\",\"description\":\"Hemeroteca\",\"url\":\"https:\\\/\\\/www.eldigitaldeasturias.com\\\/noticias\\\/\",\"email\":\"info@eldigitaldeasturias.com\",\"telephone\":\"+34652131393\",\"logo\":{\"@type\":\"ImageObject\",\"url\":\"https:\\\/\\\/www.eldigitaldeasturias.com\\\/noticias\\\/wp-content\\\/uploads\\\/2020\\\/12\\\/EDA.jpg\",\"@id\":\"https:\\\/\\\/www.eldigitaldeasturias.com\\\/noticias\\\/cospedal-anuncia-el-impulso-a-un-nuevo-ciclo-inversor-en-defensa\\\/#organizationLogo\"},\"image\":{\"@id\":\"https:\\\/\\\/www.eldigitaldeasturias.com\\\/noticias\\\/cospedal-anuncia-el-impulso-a-un-nuevo-ciclo-inversor-en-defensa\\\/#organizationLogo\"},\"sameAs\":[\"https:\\\/\\\/facebook.com\\\/eldigitaldeasturias\",\"https:\\\/\\\/www.youtube.com\\\/channel\\\/UCZP-2wLEB9Rv6erhFmqVnvg\"],\"address\":{\"@id\":\"https:\\\/\\\/www.eldigitaldeasturias.com\\\/noticias\\\/#postaladdress\",\"@type\":\"PostalAddress\",\"streetAddress\":\"san antonio 4\",\"postalCode\":\"33430\",\"addressLocality\":\"Cand\\u00e1s\",\"addressRegion\":\"Asturias\",\"addressCountry\":\"ES\"}},{\"@type\":\"Person\",\"@id\":\"https:\\\/\\\/www.eldigitaldeasturias.com\\\/noticias\\\/author\\\/admin\\\/#author\",\"url\":\"https:\\\/\\\/www.eldigitaldeasturias.com\\\/noticias\\\/author\\\/admin\\\/\",\"name\":\"El Digital de Asturias\",\"image\":{\"@type\":\"ImageObject\",\"@id\":\"https:\\\/\\\/www.eldigitaldeasturias.com\\\/noticias\\\/cospedal-anuncia-el-impulso-a-un-nuevo-ciclo-inversor-en-defensa\\\/#authorImage\",\"url\":\"https:\\\/\\\/secure.gravatar.com\\\/avatar\\\/df2aeffc32bcd13f8d26072ef8a91b623d677766deac7f97ca815868cd41bf5e?s=96&d=mm&r=g\",\"width\":96,\"height\":96,\"caption\":\"El Digital de Asturias\"}},{\"@type\":\"WebPage\",\"@id\":\"https:\\\/\\\/www.eldigitaldeasturias.com\\\/noticias\\\/cospedal-anuncia-el-impulso-a-un-nuevo-ciclo-inversor-en-defensa\\\/#webpage\",\"url\":\"https:\\\/\\\/www.eldigitaldeasturias.com\\\/noticias\\\/cospedal-anuncia-el-impulso-a-un-nuevo-ciclo-inversor-en-defensa\\\/\",\"name\":\"Cospedal anuncia el impulso a un nuevo ciclo inversor en Defensa - El Digital de Asturias\",\"description\":\"La ministra de Defensa, Mar\\u00eda Dolores de Cospedal, ha asegurado que \\\"se est\\u00e1 trabajando para impulsar un ciclo inversor, en el que se incluir\\u00e1n nuevos programas\\\" y que \\\"sin lugar a dudas, supondr\\u00e1 un cambio de paso y de ritmo en la industria de la defensa espa\\u00f1ola\\\". \\u200bEn su intervenci\\u00f3n durante la inauguraci\\u00f3n de las\",\"inLanguage\":\"es-ES\",\"isPartOf\":{\"@id\":\"https:\\\/\\\/www.eldigitaldeasturias.com\\\/noticias\\\/#website\"},\"breadcrumb\":{\"@id\":\"https:\\\/\\\/www.eldigitaldeasturias.com\\\/noticias\\\/cospedal-anuncia-el-impulso-a-un-nuevo-ciclo-inversor-en-defensa\\\/#breadcrumblist\"},\"author\":{\"@id\":\"https:\\\/\\\/www.eldigitaldeasturias.com\\\/noticias\\\/author\\\/admin\\\/#author\"},\"creator\":{\"@id\":\"https:\\\/\\\/www.eldigitaldeasturias.com\\\/noticias\\\/author\\\/admin\\\/#author\"},\"image\":{\"@type\":\"ImageObject\",\"url\":962485,\"@id\":\"https:\\\/\\\/www.eldigitaldeasturias.com\\\/noticias\\\/cospedal-anuncia-el-impulso-a-un-nuevo-ciclo-inversor-en-defensa\\\/#mainImage\"},\"primaryImageOfPage\":{\"@id\":\"https:\\\/\\\/www.eldigitaldeasturias.com\\\/noticias\\\/cospedal-anuncia-el-impulso-a-un-nuevo-ciclo-inversor-en-defensa\\\/#mainImage\"},\"datePublished\":\"2017-12-06T01:08:09+01:00\",\"dateModified\":\"2017-12-06T01:08:09+01:00\"},{\"@type\":\"WebSite\",\"@id\":\"https:\\\/\\\/www.eldigitaldeasturias.com\\\/noticias\\\/#website\",\"url\":\"https:\\\/\\\/www.eldigitaldeasturias.com\\\/noticias\\\/\",\"name\":\"El Digital de Asturias - Diario de actualidad y noticias\",\"alternateName\":\"El Digital de Asturias - Diario de actualidad y noticias\",\"description\":\"Hemeroteca\",\"inLanguage\":\"es-ES\",\"publisher\":{\"@id\":\"https:\\\/\\\/www.eldigitaldeasturias.com\\\/noticias\\\/#organization\"}}]}\n\t\t<\/script>\n\t\t<!-- All in One SEO Pro -->\r\n\t\t<title>Cospedal anuncia el impulso a un nuevo ciclo inversor en Defensa - El Digital de Asturias<\/title>\n\n","aioseo_head_json":{"title":"Cospedal anuncia el impulso a un nuevo ciclo inversor en Defensa - El Digital de Asturias","description":"La ministra de Defensa, Mar\u00eda Dolores de Cospedal, ha asegurado que \"se est\u00e1 trabajando para impulsar un ciclo inversor, en el que se incluir\u00e1n nuevos programas\" y que \"sin lugar a dudas, supondr\u00e1 un cambio de paso y de ritmo en la industria de la defensa espa\u00f1ola\". \u200bEn su intervenci\u00f3n durante la inauguraci\u00f3n de las","canonical_url":"https:\/\/www.eldigitaldeasturias.com\/noticias\/cospedal-anuncia-el-impulso-a-un-nuevo-ciclo-inversor-en-defensa\/","robots":"max-image-preview:large","keywords":"actualidad","webmasterTools":{"google-site-verification":"UA-38556648-1","msvalidate.01":"7dfe9f3f1b24437ab69f4f2559babe99","miscellaneous":""},"schema":{"@context":"https:\/\/schema.org","@graph":[{"@type":"BlogPosting","@id":"https:\/\/www.eldigitaldeasturias.com\/noticias\/cospedal-anuncia-el-impulso-a-un-nuevo-ciclo-inversor-en-defensa\/#blogposting","name":"Cospedal anuncia el impulso a un nuevo ciclo inversor en Defensa - El Digital de Asturias","headline":"Cospedal anuncia el impulso a un nuevo ciclo inversor en Defensa","author":{"@id":"https:\/\/www.eldigitaldeasturias.com\/noticias\/author\/admin\/#author"},"publisher":{"@id":"https:\/\/www.eldigitaldeasturias.com\/noticias\/#organization"},"image":{"@type":"ImageObject","url":962485},"datePublished":"2017-12-06T01:08:09+01:00","dateModified":"2017-12-06T01:08:09+01:00","inLanguage":"es-ES","mainEntityOfPage":{"@id":"https:\/\/www.eldigitaldeasturias.com\/noticias\/cospedal-anuncia-el-impulso-a-un-nuevo-ciclo-inversor-en-defensa\/#webpage"},"isPartOf":{"@id":"https:\/\/www.eldigitaldeasturias.com\/noticias\/cospedal-anuncia-el-impulso-a-un-nuevo-ciclo-inversor-en-defensa\/#webpage"},"articleSection":"Actualidad"},{"@type":"BreadcrumbList","@id":"https:\/\/www.eldigitaldeasturias.com\/noticias\/cospedal-anuncia-el-impulso-a-un-nuevo-ciclo-inversor-en-defensa\/#breadcrumblist","itemListElement":[{"@type":"ListItem","@id":"https:\/\/www.eldigitaldeasturias.com\/noticias#listItem","position":1,"name":"Home","item":"https:\/\/www.eldigitaldeasturias.com\/noticias","nextItem":{"@type":"ListItem","@id":"https:\/\/www.eldigitaldeasturias.com\/noticias\/category\/actualidad\/#listItem","name":"Actualidad"}},{"@type":"ListItem","@id":"https:\/\/www.eldigitaldeasturias.com\/noticias\/category\/actualidad\/#listItem","position":2,"name":"Actualidad","item":"https:\/\/www.eldigitaldeasturias.com\/noticias\/category\/actualidad\/","nextItem":{"@type":"ListItem","@id":"https:\/\/www.eldigitaldeasturias.com\/noticias\/cospedal-anuncia-el-impulso-a-un-nuevo-ciclo-inversor-en-defensa\/#listItem","name":"Cospedal anuncia el impulso a un nuevo ciclo inversor en Defensa"},"previousItem":{"@type":"ListItem","@id":"https:\/\/www.eldigitaldeasturias.com\/noticias#listItem","name":"Home"}},{"@type":"ListItem","@id":"https:\/\/www.eldigitaldeasturias.com\/noticias\/cospedal-anuncia-el-impulso-a-un-nuevo-ciclo-inversor-en-defensa\/#listItem","position":3,"name":"Cospedal anuncia el impulso a un nuevo ciclo inversor en Defensa","previousItem":{"@type":"ListItem","@id":"https:\/\/www.eldigitaldeasturias.com\/noticias\/category\/actualidad\/#listItem","name":"Actualidad"}}]},{"@type":"Organization","@id":"https:\/\/www.eldigitaldeasturias.com\/noticias\/#organization","name":"El Digital de Asturias","description":"Hemeroteca","url":"https:\/\/www.eldigitaldeasturias.com\/noticias\/","email":"info@eldigitaldeasturias.com","telephone":"+34652131393","logo":{"@type":"ImageObject","url":"https:\/\/www.eldigitaldeasturias.com\/noticias\/wp-content\/uploads\/2020\/12\/EDA.jpg","@id":"https:\/\/www.eldigitaldeasturias.com\/noticias\/cospedal-anuncia-el-impulso-a-un-nuevo-ciclo-inversor-en-defensa\/#organizationLogo"},"image":{"@id":"https:\/\/www.eldigitaldeasturias.com\/noticias\/cospedal-anuncia-el-impulso-a-un-nuevo-ciclo-inversor-en-defensa\/#organizationLogo"},"sameAs":["https:\/\/facebook.com\/eldigitaldeasturias","https:\/\/www.youtube.com\/channel\/UCZP-2wLEB9Rv6erhFmqVnvg"],"address":{"@id":"https:\/\/www.eldigitaldeasturias.com\/noticias\/#postaladdress","@type":"PostalAddress","streetAddress":"san antonio 4","postalCode":"33430","addressLocality":"Cand\u00e1s","addressRegion":"Asturias","addressCountry":"ES"}},{"@type":"Person","@id":"https:\/\/www.eldigitaldeasturias.com\/noticias\/author\/admin\/#author","url":"https:\/\/www.eldigitaldeasturias.com\/noticias\/author\/admin\/","name":"El Digital de Asturias","image":{"@type":"ImageObject","@id":"https:\/\/www.eldigitaldeasturias.com\/noticias\/cospedal-anuncia-el-impulso-a-un-nuevo-ciclo-inversor-en-defensa\/#authorImage","url":"https:\/\/secure.gravatar.com\/avatar\/df2aeffc32bcd13f8d26072ef8a91b623d677766deac7f97ca815868cd41bf5e?s=96&d=mm&r=g","width":96,"height":96,"caption":"El Digital de Asturias"}},{"@type":"WebPage","@id":"https:\/\/www.eldigitaldeasturias.com\/noticias\/cospedal-anuncia-el-impulso-a-un-nuevo-ciclo-inversor-en-defensa\/#webpage","url":"https:\/\/www.eldigitaldeasturias.com\/noticias\/cospedal-anuncia-el-impulso-a-un-nuevo-ciclo-inversor-en-defensa\/","name":"Cospedal anuncia el impulso a un nuevo ciclo inversor en Defensa - El Digital de Asturias","description":"La ministra de Defensa, Mar\u00eda Dolores de Cospedal, ha asegurado que \"se est\u00e1 trabajando para impulsar un ciclo inversor, en el que se incluir\u00e1n nuevos programas\" y que \"sin lugar a dudas, supondr\u00e1 un cambio de paso y de ritmo en la industria de la defensa espa\u00f1ola\". \u200bEn su intervenci\u00f3n durante la inauguraci\u00f3n de las","inLanguage":"es-ES","isPartOf":{"@id":"https:\/\/www.eldigitaldeasturias.com\/noticias\/#website"},"breadcrumb":{"@id":"https:\/\/www.eldigitaldeasturias.com\/noticias\/cospedal-anuncia-el-impulso-a-un-nuevo-ciclo-inversor-en-defensa\/#breadcrumblist"},"author":{"@id":"https:\/\/www.eldigitaldeasturias.com\/noticias\/author\/admin\/#author"},"creator":{"@id":"https:\/\/www.eldigitaldeasturias.com\/noticias\/author\/admin\/#author"},"image":{"@type":"ImageObject","url":962485,"@id":"https:\/\/www.eldigitaldeasturias.com\/noticias\/cospedal-anuncia-el-impulso-a-un-nuevo-ciclo-inversor-en-defensa\/#mainImage"},"primaryImageOfPage":{"@id":"https:\/\/www.eldigitaldeasturias.com\/noticias\/cospedal-anuncia-el-impulso-a-un-nuevo-ciclo-inversor-en-defensa\/#mainImage"},"datePublished":"2017-12-06T01:08:09+01:00","dateModified":"2017-12-06T01:08:09+01:00"},{"@type":"WebSite","@id":"https:\/\/www.eldigitaldeasturias.com\/noticias\/#website","url":"https:\/\/www.eldigitaldeasturias.com\/noticias\/","name":"El Digital de Asturias - Diario de actualidad y noticias","alternateName":"El Digital de Asturias - Diario de actualidad y noticias","description":"Hemeroteca","inLanguage":"es-ES","publisher":{"@id":"https:\/\/www.eldigitaldeasturias.com\/noticias\/#organization"}}]},"og:locale":"es_ES","og:site_name":"El Digital de Asturias","og:type":"article","og:title":"Cospedal anuncia el impulso a un nuevo ciclo inversor en Defensa - El Digital de Asturias","og:description":"La ministra de Defensa, Mar\u00eda Dolores de Cospedal, ha asegurado que &quot;se est\u00e1 trabajando para impulsar un ciclo inversor, en el que se incluir\u00e1n nuevos programas&quot; y que &quot;sin lugar a dudas, supondr\u00e1 un cambio de paso y de ritmo en la industria de la defensa espa\u00f1ola&quot;. \u200bEn su intervenci\u00f3n durante la inauguraci\u00f3n de las","og:url":"https:\/\/www.eldigitaldeasturias.com\/noticias\/cospedal-anuncia-el-impulso-a-un-nuevo-ciclo-inversor-en-defensa\/","article:tag":["actualidad"],"article:published_time":"2017-12-06T01:08:09+00:00","article:modified_time":"2017-12-06T01:08:09+00:00","article:publisher":"https:\/\/facebook.com\/eldigitaldeasturias","twitter:card":"summary_large_image","twitter:title":"Cospedal anuncia el impulso a un nuevo ciclo inversor en Defensa - El Digital de Asturias","twitter:description":"La ministra de Defensa, Mar\u00eda Dolores de Cospedal, ha asegurado que &quot;se est\u00e1 trabajando para impulsar un ciclo inversor, en el que se incluir\u00e1n nuevos programas&quot; y que &quot;sin lugar a dudas, supondr\u00e1 un cambio de paso y de ritmo en la industria de la defensa espa\u00f1ola&quot;. \u200bEn su intervenci\u00f3n durante la inauguraci\u00f3n de las","twitter:image":"https:\/\/www.eldigitaldeasturias.com\/noticias\/wp-content\/uploads\/2020\/12\/EDA-1.jpg","twitter:label1":"Escrito por","twitter:data1":"El Digital de Asturias","twitter:label2":"Tiempo de lectura estimado","twitter:data2":"3 minutos"},"aioseo_meta_data":{"post_id":"962484","title":null,"description":null,"keywords":null,"keyphrases":null,"primary_term":null,"canonical_url":null,"og_title":null,"og_description":null,"og_object_type":"default","og_image_type":"default","og_image_url":null,"og_image_width":null,"og_image_height":null,"og_image_custom_url":null,"og_image_custom_fields":null,"og_video":null,"og_custom_url":null,"og_article_section":null,"og_article_tags":null,"twitter_use_og":false,"twitter_card":"default","twitter_image_type":"default","twitter_image_url":null,"twitter_image_custom_url":null,"twitter_image_custom_fields":null,"twitter_title":null,"twitter_description":null,"schema":{"blockGraphs":[],"customGraphs":[],"default":{"data":{"Article":[],"Course":[],"Dataset":[],"FAQPage":[],"Movie":[],"Person":[],"Product":[],"ProductReview":[],"Car":[],"Recipe":[],"Service":[],"SoftwareApplication":[],"WebPage":[]},"graphName":"","isEnabled":true},"graphs":[],"defaultGraph":"","defaultPostTypeGraph":""},"schema_type":null,"schema_type_options":null,"pillar_content":false,"robots_default":true,"robots_noindex":false,"robots_noarchive":false,"robots_nosnippet":false,"robots_nofollow":false,"robots_noimageindex":false,"robots_noodp":false,"robots_notranslate":false,"robots_max_snippet":null,"robots_max_videopreview":null,"robots_max_imagepreview":"large","priority":null,"frequency":null,"local_seo":null,"seo_analyzer_scan_date":"2025-12-07 12:42:00","breadcrumb_settings":null,"limit_modified_date":false,"open_ai":null,"ai":null,"created":"2020-12-21 12:46:37","updated":"2025-12-07 12:42:00","focus_keyword":null,"additional_keywords":null,"truseo_locale":null},"aioseo_breadcrumb":"<div class=\"aioseo-breadcrumbs\"><span class=\"aioseo-breadcrumb\">\n\t<a href=\"https:\/\/www.eldigitaldeasturias.com\/noticias\" title=\"Home\">Home<\/a>\n<\/span><span class=\"aioseo-breadcrumb-separator\">\u2013<\/span><span class=\"aioseo-breadcrumb\">\n\t<a href=\"https:\/\/www.eldigitaldeasturias.com\/noticias\/category\/actualidad\/\" title=\"Actualidad\">Actualidad<\/a>\n<\/span><span class=\"aioseo-breadcrumb-separator\">\u2013<\/span><span class=\"aioseo-breadcrumb\">\n\t<a href=\"https:\/\/www.eldigitaldeasturias.com\/noticias\/cospedal-anuncia-el-impulso-a-un-nuevo-ciclo-inversor-en-defensa\/\" title=\"Cospedal anuncia el impulso a un nuevo ciclo inversor en Defensa\">Cospedal anuncia el impulso a un nuevo ciclo inversor en Defensa<\/a>\n<\/span><\/div>","aioseo_breadcrumb_json":[{"label":"Home","link":"https:\/\/www.eldigitaldeasturias.com\/noticias"},{"label":"Actualidad","link":"https:\/\/www.eldigitaldeasturias.com\/noticias\/category\/actualidad\/"},{"label":"Cospedal anuncia el impulso a un nuevo ciclo inversor en Defensa","link":"https:\/\/www.eldigitaldeasturias.com\/noticias\/cospedal-anuncia-el-impulso-a-un-nuevo-ciclo-inversor-en-defensa\/"}],"_links":{"self":[{"href":"https:\/\/www.eldigitaldeasturias.com\/noticias\/wp-json\/wp\/v2\/posts\/962484","targetHints":{"allow":["GET"]}}],"collection":[{"href":"https:\/\/www.eldigitaldeasturias.com\/noticias\/wp-json\/wp\/v2\/posts"}],"about":[{"href":"https:\/\/www.eldigitaldeasturias.com\/noticias\/wp-json\/wp\/v2\/types\/post"}],"author":[{"embeddable":true,"href":"https:\/\/www.eldigitaldeasturias.com\/noticias\/wp-json\/wp\/v2\/users\/1"}],"replies":[{"embeddable":true,"href":"https:\/\/www.eldigitaldeasturias.com\/noticias\/wp-json\/wp\/v2\/comments?post=962484"}],"version-history":[{"count":0,"href":"https:\/\/www.eldigitaldeasturias.com\/noticias\/wp-json\/wp\/v2\/posts\/962484\/revisions"}],"wp:attachment":[{"href":"https:\/\/www.eldigitaldeasturias.com\/noticias\/wp-json\/wp\/v2\/media?parent=962484"}],"wp:term":[{"taxonomy":"category","embeddable":true,"href":"https:\/\/www.eldigitaldeasturias.com\/noticias\/wp-json\/wp\/v2\/categories?post=962484"},{"taxonomy":"post_tag","embeddable":true,"href":"https:\/\/www.eldigitaldeasturias.com\/noticias\/wp-json\/wp\/v2\/tags?post=962484"}],"curies":[{"name":"wp","href":"https:\/\/api.w.org\/{rel}","templated":true}]}}