{"id":962481,"date":"2017-12-06T01:01:53","date_gmt":"2017-12-06T01:01:53","guid":{"rendered":"http:\/\/www.eldigitaldeasturias.com\/noticias\/?p=962481"},"modified":"2017-12-06T01:01:53","modified_gmt":"2017-12-06T01:01:53","slug":"de-la-serna-defiende-la-competitividad-y-los-derechos-sociales-de-los-transportistas","status":"publish","type":"post","link":"https:\/\/www.eldigitaldeasturias.com\/noticias\/de-la-serna-defiende-la-competitividad-y-los-derechos-sociales-de-los-transportistas\/","title":{"rendered":"De la Serna defiende la competitividad y los derechos sociales de los transportistas"},"content":{"rendered":"<p><img loading=\"lazy\" decoding=\"async\" class=\"alignleft size-medium wp-image-962482\" src=\"https:\/\/www.eldigitaldeasturias.com\/noticias\/wp-content\/uploads\/2017\/12\/07122016_I\u00f1igodelaSerna-360x239.jpg\" alt=\"\" width=\"360\" height=\"239\" srcset=\"https:\/\/www.eldigitaldeasturias.com\/noticias\/wp-content\/uploads\/2017\/12\/07122016_I\u00f1igodelaSerna-360x239.jpg 360w, https:\/\/www.eldigitaldeasturias.com\/noticias\/wp-content\/uploads\/2017\/12\/07122016_I\u00f1igodelaSerna.jpg 496w\" sizes=\"auto, (max-width: 360px) 100vw, 360px\" \/>El ministro de Fomento, \u00cd\u00f1igo de la Serna, ha defendido en el Consejo de Ministros de Transportes de la Uni\u00f3n Europea la competitividad y los derechos sociales de los transportistas como los dos referentes que gu\u00edan la posici\u00f3n de Espa\u00f1a con respecto al Paquete de Movilidad.<\/p>\n<p>El Paquete incluye una serie de propuestas legislativas dirigidas a modificar aspectos de la normativa comunitaria en vigor en transporte por carretera. La primera parte, anunciada el pasado mes de mayo, contiene propuestas para regular las reglas de acceso a la profesi\u00f3n y al mercado; medidas sobre el alquiler de veh\u00edculos de mercanc\u00edas sin conductor; las normas sobre trabajadores desplazados; y tiempos de conducci\u00f3n y descanso (tac\u00f3grafo digital). Asimismo, se complementa con otras dos propuestas legislativas adicionales sobre la Eurovi\u00f1eta y los peajes electr\u00f3nicos.<\/p>\n<p>Durante el Consejo, la Comisi\u00f3n ha presentado tambi\u00e9n la segunda parte del Paquete de Movilidad, que incluye cuatro propuestas legislativas: reglas comunes en el acceso al mercado de servicios de autob\u00fas y autocar, reglas comunes sobre transporte combinado de mercanc\u00edas, promoci\u00f3n de un transporte limpio y energ\u00e9ticamente eficiente y un plan de acci\u00f3n sobre infraestructuras de combustibles alternativos.<\/p>\n<p><strong>Primera parte del Paquete de Movilidad<\/strong><\/p>\n<p>Durante su intervenci\u00f3n sobre la primera parte del Paquete de Movilidad, De la Serna ha defendido la necesidad de garantizar el funcionamiento del mercado \u00fanico de la Uni\u00f3n Europea y la competitividad, a la vez que se preservan los derechos de los trabajadores y se mejoran las condiciones de trabajo de los transportistas.<\/p>\n<p>\u00abEl transporte internacional es un veh\u00edculo indispensable para el funcionamiento del mercado \u00fanico de la Uni\u00f3n y para la competitividad de nuestras econom\u00edas\u00bb, ha se\u00f1alado el ministro.<\/p>\n<p>Adem\u00e1s, el titular de Fomento ha destacado que la alta movilidad inherente al transporte internacional hace necesaria la aplicaci\u00f3n flexible de la normativa de los trabajadores desplazados, lo que se lograr\u00eda introduciendo un per\u00edodo de excepci\u00f3n mensual para las operaciones de transporte internacional y cabotaje. Si no es posible encontrar un consenso en el n\u00famero de d\u00edas, el ministro ha propuesto buscar nuevos par\u00e1metros para alcanzar un equilibro entre las distintas posiciones.<\/p>\n<p>Respecto al cabotaje, la posici\u00f3n inicial de la Comisi\u00f3n es pasar de los siete d\u00edas actuales durante los cuales se pueden hacer tres operaciones de cabotaje, a permitir un n\u00famero ilimitado de operaciones de cabotaje durante cinco d\u00edas. Espa\u00f1a es partidaria de que no se especifique un n\u00famero m\u00ednimo de controles y admitir\u00eda la propuesta, pero sin restricciones adicionales como el establecimiento de un periodo m\u00ednimo entre operaciones o un m\u00e1ximo mensual.<\/p>\n<p>En cuanto a la lucha contra el fraude, el titular de Fomento ha defendido la necesidad de impulsar estas pol\u00edticas aunque sin imponer a los transportistas una carga burocr\u00e1tica que da\u00f1e su competitividad y el funcionamiento del mercado \u00fanico.<\/p>\n<p>Por \u00faltimo en este punto, De la Serna ha apoyado la propuesta de la Comisi\u00f3n que permite una mayor flexibilizaci\u00f3n de los tiempos de conducci\u00f3n y descanso.<\/p>\n<p><strong>Red Transeuropea de Transportes y fondos CEF<\/strong><\/p>\n<p>El Consejo de Ministros de transporte de la Uni\u00f3n Europea ha adoptado, asimismo, tres textos de conclusiones sobre diferentes asuntos como el progreso en la implementaci\u00f3n de la Red Transeuropea de Transportes (RTE-T) y el mecanismo conectar Europa (CEF); sobre la digitalizaci\u00f3n del transporte; y sobre la evaluaci\u00f3n intermedia de Galileo, EGNOS y la Agencia GNSS.<\/p>\n<p>En lo referente a la Red Transeuropea de Transportes y los fondos CEF, las conclusiones presentadas en el seno del Consejo refuerzan el compromiso de los Estados miembros con la ejecuci\u00f3n de dicha red. Hasta la fecha, se ha comprometido el 92% del presupuesto y los corredores se han revelado como un instrumento \u00fatil para el impulso de la red. Pero, a pesar de estos datos, el Consejo reconoce que todav\u00eda hay puntos importantes sobre los que trabajar, como la continuaci\u00f3n del instrumento de los corredores, nuevas herramientas de financiaci\u00f3n que apoyen el mecanismo CEF y resaltar la importancia de los proyectos transfronterizos.<\/p>\n<p>En esta l\u00ednea, el ministro de la Serna ha anunciado que Espa\u00f1a y Portugal est\u00e1n preparando, con el apoyo del coordinador del Corredor Atl\u00e1ntico, una decisi\u00f3n de ejecuci\u00f3n para el tramo transfronterizo y que supondr\u00e1 un compromiso a\u00fan mayor en el desarrollo de la conexi\u00f3n de ambos territorios, un trabajo que esperan sea respaldado financieramente por la Comisi\u00f3n.<\/p>\n<p>Cabe recordar que el pasado 28 de noviembre la Comisi\u00f3n Europea public\u00f3 la relaci\u00f3n de proyectos aprobados inicialmente para recibir ayudas de la convocatoria CEF Blending 2017, entre los que se incluyen 3 propuestas espa\u00f1olas que recibir\u00e1n ayudas por valor de 72 millones de euros. Estos proyectos corresponden a la implantaci\u00f3n del ancho UIC en el tramo Castellbisbal-Villaseca, al proyecto SESAR para implementaci\u00f3n operativa del sistema de comunicaciones voz bajo el protocolo Internet (VoIP), y a la autopista del mar entre Barcelona y Civitavecchia.<\/p>\n<p>En las tres convocatorias anteriores del CEF en el actual marco la Comisi\u00f3n ha otorgado un total de 981 millones de euros para inversiones en Espa\u00f1a de un total de 5.470 millones de euros aprobados para toda Europa.<\/p>\n<p>En cuanto a la conclusi\u00f3n del Consejo sobre la digitalizaci\u00f3n del transporte, el titular de Fomento ha mostrado su apoyo a la Comisi\u00f3n para que presente una nueva estrategia, y ha recordado que este nuevo escenario requerir\u00e1 un esfuerzo para adaptar el sector tanto en la formaci\u00f3n como en cualificaci\u00f3n a las nuevas circunstancias.<\/p>\n<p>Por otra parte, y en lo referente a las ventanillas \u00fanicas portuarias, el ministro espa\u00f1ol ha recordado que Espa\u00f1a ya desarrolla este sistema de trabajo en su red portuaria y por ello ha pedido que cualquier iniciativa se inscriba en un entorno descentralizado.<\/p>\n<p>De la Serna ha aprovechado esta conclusi\u00f3n sobre digitalizaci\u00f3n para presentar el Plan de Innovaci\u00f3n para el transporte y las infraestructuras para el periodo 2017-2020, elaborado por el Ministerio de Fomento, y que refleja la apuesta clara del Gobierno espa\u00f1ol por la digitalizaci\u00f3n.<\/p>\n<p><strong>Transporte a\u00e9reo<\/strong><\/p>\n<p>En materia de transporte a\u00e9reo, el titular de Fomento ha apoyado la revisi\u00f3n del Reglamento sobre la defensa de la competencia en el transporte a\u00e9reo y la adopci\u00f3n de un nuevo instrumento que proteja a las aerol\u00edneas comunitarias de pr\u00e1cticas desleales que distorsionen la competencia justa.<\/p>\n<p>Por ello, ha insistido en que los mecanismos que se desarrollen deben tener en cuenta los intereses de todos los estados miembros y ser especialmente sensibles con las relaciones bilaterales que mantengan \u00e9stos con terceros estados.<\/p>\n<p>Asimismo, ha asegurado que es necesario continuar avanzando en el desarrollo del nuevo reglamento para buscar puntos de encuentro y ha reiterado el compromiso de Espa\u00f1a en seguir colaborando con la labor que se desarrolla en el seno del Grupo de Aviaci\u00f3n del Consenso a fin de contar con las herramientas \u00f3ptimas que garanticen la competitividad de nuestras aerol\u00edneas.<\/p>\n<p><strong>Espa\u00f1a, reelegida en el Consejo de la OMI<\/strong><\/p>\n<p>Espa\u00f1a fue el viernes pasado reelegida como miembro del Consejo de la Organizaci\u00f3n Mar\u00edtima Internacional (OMI), tras las elecciones celebradas por la Asamblea de la OMI, en la que participaban 162 delegaciones.<\/p>\n<p>El ministro ha transmitido su agradecimiento a todos los Estados miembros que han depositado su confianza en la candidatura espa\u00f1ola.<\/p>\n","protected":false},"excerpt":{"rendered":"<p>El ministro de Fomento, \u00cd\u00f1igo de la Serna, ha defendido en el Consejo de Ministros de Transportes de la Uni\u00f3n Europea la competitividad y los derechos sociales de los transportistas como los dos referentes que gu\u00edan la posici\u00f3n de Espa\u00f1a con respecto al Paquete de Movilidad. El Paquete incluye una serie de propuestas legislativas dirigidas [&hellip;]<\/p>\n","protected":false},"author":1,"featured_media":962482,"comment_status":"closed","ping_status":"closed","sticky":false,"template":"","format":"standard","meta":{"footnotes":""},"categories":[187],"tags":[],"class_list":["post-962481","post","type-post","status-publish","format-standard","has-post-thumbnail","hentry","category-economia"],"aioseo_notices":[],"aioseo_head":"\n\t\t<!-- All in One SEO Pro 4.9.6.2 - aioseo.com -->\n\t<meta name=\"description\" content=\"El ministro de Fomento, \u00cd\u00f1igo de la Serna, ha defendido en el Consejo de Ministros de Transportes de la Uni\u00f3n Europea la competitividad y los derechos sociales de los transportistas como los dos referentes que gu\u00edan la posici\u00f3n de Espa\u00f1a con respecto al Paquete de Movilidad. El Paquete incluye una serie de propuestas legislativas dirigidas\" \/>\n\t<meta name=\"robots\" content=\"max-image-preview:large\" \/>\n\t<meta name=\"author\" content=\"El Digital de Asturias\"\/>\n\t<meta name=\"google-site-verification\" content=\"UA-38556648-1\" \/>\n\t<meta name=\"msvalidate.01\" content=\"7dfe9f3f1b24437ab69f4f2559babe99\" \/>\n\t<meta name=\"keywords\" content=\"econom\u00eda\" \/>\n\t<link rel=\"canonical\" href=\"https:\/\/www.eldigitaldeasturias.com\/noticias\/de-la-serna-defiende-la-competitividad-y-los-derechos-sociales-de-los-transportistas\/\" \/>\n\t<meta name=\"generator\" content=\"All in One SEO Pro (AIOSEO) 4.9.6.2\" \/>\n\t\t<meta property=\"og:locale\" content=\"es_ES\" \/>\n\t\t<meta property=\"og:site_name\" content=\"El Digital de Asturias\" \/>\n\t\t<meta property=\"og:type\" content=\"article\" \/>\n\t\t<meta property=\"og:title\" content=\"De la Serna defiende la competitividad y los derechos sociales de los transportistas - El Digital de Asturias\" \/>\n\t\t<meta property=\"og:description\" content=\"El ministro de Fomento, \u00cd\u00f1igo de la Serna, ha defendido en el Consejo de Ministros de Transportes de la Uni\u00f3n Europea la competitividad y los derechos sociales de los transportistas como los dos referentes que gu\u00edan la posici\u00f3n de Espa\u00f1a con respecto al Paquete de Movilidad. El Paquete incluye una serie de propuestas legislativas dirigidas\" \/>\n\t\t<meta property=\"og:url\" content=\"https:\/\/www.eldigitaldeasturias.com\/noticias\/de-la-serna-defiende-la-competitividad-y-los-derechos-sociales-de-los-transportistas\/\" \/>\n\t\t<meta property=\"og:image\" content=\"https:\/\/www.eldigitaldeasturias.com\/noticias\/wp-content\/uploads\/2017\/12\/07122016_I\u00f1igodelaSerna.jpg\" \/>\n\t\t<meta property=\"og:image:secure_url\" content=\"https:\/\/www.eldigitaldeasturias.com\/noticias\/wp-content\/uploads\/2017\/12\/07122016_I\u00f1igodelaSerna.jpg\" \/>\n\t\t<meta property=\"og:image:width\" content=\"496\" \/>\n\t\t<meta property=\"og:image:height\" content=\"329\" \/>\n\t\t<meta property=\"article:tag\" content=\"econom\u00eda\" \/>\n\t\t<meta property=\"article:published_time\" content=\"2017-12-06T01:01:53+00:00\" \/>\n\t\t<meta property=\"article:modified_time\" content=\"2017-12-06T01:01:53+00:00\" \/>\n\t\t<meta property=\"article:publisher\" content=\"https:\/\/facebook.com\/eldigitaldeasturias\" \/>\n\t\t<meta name=\"twitter:card\" content=\"summary_large_image\" \/>\n\t\t<meta name=\"twitter:title\" content=\"De la Serna defiende la competitividad y los derechos sociales de los transportistas - El Digital de Asturias\" \/>\n\t\t<meta name=\"twitter:description\" content=\"El ministro de Fomento, \u00cd\u00f1igo de la Serna, ha defendido en el Consejo de Ministros de Transportes de la Uni\u00f3n Europea la competitividad y los derechos sociales de los transportistas como los dos referentes que gu\u00edan la posici\u00f3n de Espa\u00f1a con respecto al Paquete de Movilidad. El Paquete incluye una serie de propuestas legislativas dirigidas\" \/>\n\t\t<meta name=\"twitter:image\" content=\"https:\/\/www.eldigitaldeasturias.com\/noticias\/wp-content\/uploads\/2017\/12\/07122016_I\u00f1igodelaSerna.jpg\" \/>\n\t\t<meta name=\"twitter:label1\" content=\"Escrito por\" \/>\n\t\t<meta name=\"twitter:data1\" content=\"El Digital de Asturias\" \/>\n\t\t<meta name=\"twitter:label2\" content=\"Tiempo de lectura estimado\" \/>\n\t\t<meta name=\"twitter:data2\" content=\"6 minutos\" \/>\n\t\t<script type=\"application\/ld+json\" class=\"aioseo-schema\">\n\t\t\t{\"@context\":\"https:\\\/\\\/schema.org\",\"@graph\":[{\"@type\":\"BlogPosting\",\"@id\":\"https:\\\/\\\/www.eldigitaldeasturias.com\\\/noticias\\\/de-la-serna-defiende-la-competitividad-y-los-derechos-sociales-de-los-transportistas\\\/#blogposting\",\"name\":\"De la Serna defiende la competitividad y los derechos sociales de los transportistas - El Digital de Asturias\",\"headline\":\"De la Serna defiende la competitividad y los derechos sociales de los transportistas\",\"author\":{\"@id\":\"https:\\\/\\\/www.eldigitaldeasturias.com\\\/noticias\\\/author\\\/admin\\\/#author\"},\"publisher\":{\"@id\":\"https:\\\/\\\/www.eldigitaldeasturias.com\\\/noticias\\\/#organization\"},\"image\":{\"@type\":\"ImageObject\",\"url\":\"https:\\\/\\\/www.eldigitaldeasturias.com\\\/noticias\\\/wp-content\\\/uploads\\\/2017\\\/12\\\/07122016_I\\u00f1igodelaSerna.jpg\",\"width\":496,\"height\":329},\"datePublished\":\"2017-12-06T01:01:53+01:00\",\"dateModified\":\"2017-12-06T01:01:53+01:00\",\"inLanguage\":\"es-ES\",\"mainEntityOfPage\":{\"@id\":\"https:\\\/\\\/www.eldigitaldeasturias.com\\\/noticias\\\/de-la-serna-defiende-la-competitividad-y-los-derechos-sociales-de-los-transportistas\\\/#webpage\"},\"isPartOf\":{\"@id\":\"https:\\\/\\\/www.eldigitaldeasturias.com\\\/noticias\\\/de-la-serna-defiende-la-competitividad-y-los-derechos-sociales-de-los-transportistas\\\/#webpage\"},\"articleSection\":\"Econom\\u00eda\"},{\"@type\":\"BreadcrumbList\",\"@id\":\"https:\\\/\\\/www.eldigitaldeasturias.com\\\/noticias\\\/de-la-serna-defiende-la-competitividad-y-los-derechos-sociales-de-los-transportistas\\\/#breadcrumblist\",\"itemListElement\":[{\"@type\":\"ListItem\",\"@id\":\"https:\\\/\\\/www.eldigitaldeasturias.com\\\/noticias#listItem\",\"position\":1,\"name\":\"Home\",\"item\":\"https:\\\/\\\/www.eldigitaldeasturias.com\\\/noticias\",\"nextItem\":{\"@type\":\"ListItem\",\"@id\":\"https:\\\/\\\/www.eldigitaldeasturias.com\\\/noticias\\\/category\\\/economia\\\/#listItem\",\"name\":\"Econom\\u00eda\"}},{\"@type\":\"ListItem\",\"@id\":\"https:\\\/\\\/www.eldigitaldeasturias.com\\\/noticias\\\/category\\\/economia\\\/#listItem\",\"position\":2,\"name\":\"Econom\\u00eda\",\"item\":\"https:\\\/\\\/www.eldigitaldeasturias.com\\\/noticias\\\/category\\\/economia\\\/\",\"nextItem\":{\"@type\":\"ListItem\",\"@id\":\"https:\\\/\\\/www.eldigitaldeasturias.com\\\/noticias\\\/de-la-serna-defiende-la-competitividad-y-los-derechos-sociales-de-los-transportistas\\\/#listItem\",\"name\":\"De la Serna defiende la competitividad y los derechos sociales de los transportistas\"},\"previousItem\":{\"@type\":\"ListItem\",\"@id\":\"https:\\\/\\\/www.eldigitaldeasturias.com\\\/noticias#listItem\",\"name\":\"Home\"}},{\"@type\":\"ListItem\",\"@id\":\"https:\\\/\\\/www.eldigitaldeasturias.com\\\/noticias\\\/de-la-serna-defiende-la-competitividad-y-los-derechos-sociales-de-los-transportistas\\\/#listItem\",\"position\":3,\"name\":\"De la Serna defiende la competitividad y los derechos sociales de los transportistas\",\"previousItem\":{\"@type\":\"ListItem\",\"@id\":\"https:\\\/\\\/www.eldigitaldeasturias.com\\\/noticias\\\/category\\\/economia\\\/#listItem\",\"name\":\"Econom\\u00eda\"}}]},{\"@type\":\"Organization\",\"@id\":\"https:\\\/\\\/www.eldigitaldeasturias.com\\\/noticias\\\/#organization\",\"name\":\"El Digital de Asturias\",\"description\":\"Hemeroteca\",\"url\":\"https:\\\/\\\/www.eldigitaldeasturias.com\\\/noticias\\\/\",\"email\":\"info@eldigitaldeasturias.com\",\"telephone\":\"+34652131393\",\"logo\":{\"@type\":\"ImageObject\",\"url\":\"https:\\\/\\\/www.eldigitaldeasturias.com\\\/noticias\\\/wp-content\\\/uploads\\\/2020\\\/12\\\/EDA.jpg\",\"@id\":\"https:\\\/\\\/www.eldigitaldeasturias.com\\\/noticias\\\/de-la-serna-defiende-la-competitividad-y-los-derechos-sociales-de-los-transportistas\\\/#organizationLogo\",\"width\":649,\"height\":297},\"image\":{\"@id\":\"https:\\\/\\\/www.eldigitaldeasturias.com\\\/noticias\\\/de-la-serna-defiende-la-competitividad-y-los-derechos-sociales-de-los-transportistas\\\/#organizationLogo\"},\"sameAs\":[\"https:\\\/\\\/facebook.com\\\/eldigitaldeasturias\",\"https:\\\/\\\/www.youtube.com\\\/channel\\\/UCZP-2wLEB9Rv6erhFmqVnvg\"],\"address\":{\"@id\":\"https:\\\/\\\/www.eldigitaldeasturias.com\\\/noticias\\\/#postaladdress\",\"@type\":\"PostalAddress\",\"streetAddress\":\"san antonio 4,\",\"postalCode\":\"33430\",\"addressLocality\":\"Cand\\u00e1s\",\"addressRegion\":\"Asturias\",\"addressCountry\":\"ES\"}},{\"@type\":\"Person\",\"@id\":\"https:\\\/\\\/www.eldigitaldeasturias.com\\\/noticias\\\/author\\\/admin\\\/#author\",\"url\":\"https:\\\/\\\/www.eldigitaldeasturias.com\\\/noticias\\\/author\\\/admin\\\/\",\"name\":\"El Digital de Asturias\",\"image\":{\"@type\":\"ImageObject\",\"@id\":\"https:\\\/\\\/www.eldigitaldeasturias.com\\\/noticias\\\/de-la-serna-defiende-la-competitividad-y-los-derechos-sociales-de-los-transportistas\\\/#authorImage\",\"url\":\"https:\\\/\\\/www.eldigitaldeasturias.com\\\/noticias\\\/wp-content\\\/litespeed\\\/avatar\\\/18677e78aa0546b92d9dbf31ec7d7668.jpg?ver=1777290358\",\"width\":96,\"height\":96,\"caption\":\"El Digital de Asturias\"}},{\"@type\":\"WebPage\",\"@id\":\"https:\\\/\\\/www.eldigitaldeasturias.com\\\/noticias\\\/de-la-serna-defiende-la-competitividad-y-los-derechos-sociales-de-los-transportistas\\\/#webpage\",\"url\":\"https:\\\/\\\/www.eldigitaldeasturias.com\\\/noticias\\\/de-la-serna-defiende-la-competitividad-y-los-derechos-sociales-de-los-transportistas\\\/\",\"name\":\"De la Serna defiende la competitividad y los derechos sociales de los transportistas - El Digital de Asturias\",\"description\":\"El ministro de Fomento, \\u00cd\\u00f1igo de la Serna, ha defendido en el Consejo de Ministros de Transportes de la Uni\\u00f3n Europea la competitividad y los derechos sociales de los transportistas como los dos referentes que gu\\u00edan la posici\\u00f3n de Espa\\u00f1a con respecto al Paquete de Movilidad. El Paquete incluye una serie de propuestas legislativas dirigidas\",\"inLanguage\":\"es-ES\",\"isPartOf\":{\"@id\":\"https:\\\/\\\/www.eldigitaldeasturias.com\\\/noticias\\\/#website\"},\"breadcrumb\":{\"@id\":\"https:\\\/\\\/www.eldigitaldeasturias.com\\\/noticias\\\/de-la-serna-defiende-la-competitividad-y-los-derechos-sociales-de-los-transportistas\\\/#breadcrumblist\"},\"author\":{\"@id\":\"https:\\\/\\\/www.eldigitaldeasturias.com\\\/noticias\\\/author\\\/admin\\\/#author\"},\"creator\":{\"@id\":\"https:\\\/\\\/www.eldigitaldeasturias.com\\\/noticias\\\/author\\\/admin\\\/#author\"},\"image\":{\"@type\":\"ImageObject\",\"url\":\"https:\\\/\\\/www.eldigitaldeasturias.com\\\/noticias\\\/wp-content\\\/uploads\\\/2017\\\/12\\\/07122016_I\\u00f1igodelaSerna.jpg\",\"@id\":\"https:\\\/\\\/www.eldigitaldeasturias.com\\\/noticias\\\/de-la-serna-defiende-la-competitividad-y-los-derechos-sociales-de-los-transportistas\\\/#mainImage\",\"width\":496,\"height\":329},\"primaryImageOfPage\":{\"@id\":\"https:\\\/\\\/www.eldigitaldeasturias.com\\\/noticias\\\/de-la-serna-defiende-la-competitividad-y-los-derechos-sociales-de-los-transportistas\\\/#mainImage\"},\"datePublished\":\"2017-12-06T01:01:53+01:00\",\"dateModified\":\"2017-12-06T01:01:53+01:00\"},{\"@type\":\"WebSite\",\"@id\":\"https:\\\/\\\/www.eldigitaldeasturias.com\\\/noticias\\\/#website\",\"url\":\"https:\\\/\\\/www.eldigitaldeasturias.com\\\/noticias\\\/\",\"name\":\"El Digital de Asturias - Diario de actualidad y noticias\",\"alternateName\":\"El Digital de Asturias - Diario de actualidad y noticias\",\"description\":\"Hemeroteca\",\"inLanguage\":\"es-ES\",\"publisher\":{\"@id\":\"https:\\\/\\\/www.eldigitaldeasturias.com\\\/noticias\\\/#organization\"}}]}\n\t\t<\/script>\n\t\t<!-- All in One SEO Pro -->\r\n\t\t<title>De la Serna defiende la competitividad y los derechos sociales de los transportistas - El Digital de Asturias<\/title>\n\n","aioseo_head_json":{"title":"De la Serna defiende la competitividad y los derechos sociales de los transportistas - El Digital de Asturias","description":"El ministro de Fomento, \u00cd\u00f1igo de la Serna, ha defendido en el Consejo de Ministros de Transportes de la Uni\u00f3n Europea la competitividad y los derechos sociales de los transportistas como los dos referentes que gu\u00edan la posici\u00f3n de Espa\u00f1a con respecto al Paquete de Movilidad. El Paquete incluye una serie de propuestas legislativas dirigidas","canonical_url":"https:\/\/www.eldigitaldeasturias.com\/noticias\/de-la-serna-defiende-la-competitividad-y-los-derechos-sociales-de-los-transportistas\/","robots":"max-image-preview:large","keywords":"econom\u00eda","webmasterTools":{"google-site-verification":"UA-38556648-1","msvalidate.01":"7dfe9f3f1b24437ab69f4f2559babe99","miscellaneous":""},"schema":{"@context":"https:\/\/schema.org","@graph":[{"@type":"BlogPosting","@id":"https:\/\/www.eldigitaldeasturias.com\/noticias\/de-la-serna-defiende-la-competitividad-y-los-derechos-sociales-de-los-transportistas\/#blogposting","name":"De la Serna defiende la competitividad y los derechos sociales de los transportistas - El Digital de Asturias","headline":"De la Serna defiende la competitividad y los derechos sociales de los transportistas","author":{"@id":"https:\/\/www.eldigitaldeasturias.com\/noticias\/author\/admin\/#author"},"publisher":{"@id":"https:\/\/www.eldigitaldeasturias.com\/noticias\/#organization"},"image":{"@type":"ImageObject","url":"https:\/\/www.eldigitaldeasturias.com\/noticias\/wp-content\/uploads\/2017\/12\/07122016_I\u00f1igodelaSerna.jpg","width":496,"height":329},"datePublished":"2017-12-06T01:01:53+01:00","dateModified":"2017-12-06T01:01:53+01:00","inLanguage":"es-ES","mainEntityOfPage":{"@id":"https:\/\/www.eldigitaldeasturias.com\/noticias\/de-la-serna-defiende-la-competitividad-y-los-derechos-sociales-de-los-transportistas\/#webpage"},"isPartOf":{"@id":"https:\/\/www.eldigitaldeasturias.com\/noticias\/de-la-serna-defiende-la-competitividad-y-los-derechos-sociales-de-los-transportistas\/#webpage"},"articleSection":"Econom\u00eda"},{"@type":"BreadcrumbList","@id":"https:\/\/www.eldigitaldeasturias.com\/noticias\/de-la-serna-defiende-la-competitividad-y-los-derechos-sociales-de-los-transportistas\/#breadcrumblist","itemListElement":[{"@type":"ListItem","@id":"https:\/\/www.eldigitaldeasturias.com\/noticias#listItem","position":1,"name":"Home","item":"https:\/\/www.eldigitaldeasturias.com\/noticias","nextItem":{"@type":"ListItem","@id":"https:\/\/www.eldigitaldeasturias.com\/noticias\/category\/economia\/#listItem","name":"Econom\u00eda"}},{"@type":"ListItem","@id":"https:\/\/www.eldigitaldeasturias.com\/noticias\/category\/economia\/#listItem","position":2,"name":"Econom\u00eda","item":"https:\/\/www.eldigitaldeasturias.com\/noticias\/category\/economia\/","nextItem":{"@type":"ListItem","@id":"https:\/\/www.eldigitaldeasturias.com\/noticias\/de-la-serna-defiende-la-competitividad-y-los-derechos-sociales-de-los-transportistas\/#listItem","name":"De la Serna defiende la competitividad y los derechos sociales de los transportistas"},"previousItem":{"@type":"ListItem","@id":"https:\/\/www.eldigitaldeasturias.com\/noticias#listItem","name":"Home"}},{"@type":"ListItem","@id":"https:\/\/www.eldigitaldeasturias.com\/noticias\/de-la-serna-defiende-la-competitividad-y-los-derechos-sociales-de-los-transportistas\/#listItem","position":3,"name":"De la Serna defiende la competitividad y los derechos sociales de los transportistas","previousItem":{"@type":"ListItem","@id":"https:\/\/www.eldigitaldeasturias.com\/noticias\/category\/economia\/#listItem","name":"Econom\u00eda"}}]},{"@type":"Organization","@id":"https:\/\/www.eldigitaldeasturias.com\/noticias\/#organization","name":"El Digital de Asturias","description":"Hemeroteca","url":"https:\/\/www.eldigitaldeasturias.com\/noticias\/","email":"info@eldigitaldeasturias.com","telephone":"+34652131393","logo":{"@type":"ImageObject","url":"https:\/\/www.eldigitaldeasturias.com\/noticias\/wp-content\/uploads\/2020\/12\/EDA.jpg","@id":"https:\/\/www.eldigitaldeasturias.com\/noticias\/de-la-serna-defiende-la-competitividad-y-los-derechos-sociales-de-los-transportistas\/#organizationLogo","width":649,"height":297},"image":{"@id":"https:\/\/www.eldigitaldeasturias.com\/noticias\/de-la-serna-defiende-la-competitividad-y-los-derechos-sociales-de-los-transportistas\/#organizationLogo"},"sameAs":["https:\/\/facebook.com\/eldigitaldeasturias","https:\/\/www.youtube.com\/channel\/UCZP-2wLEB9Rv6erhFmqVnvg"],"address":{"@id":"https:\/\/www.eldigitaldeasturias.com\/noticias\/#postaladdress","@type":"PostalAddress","streetAddress":"san antonio 4,","postalCode":"33430","addressLocality":"Cand\u00e1s","addressRegion":"Asturias","addressCountry":"ES"}},{"@type":"Person","@id":"https:\/\/www.eldigitaldeasturias.com\/noticias\/author\/admin\/#author","url":"https:\/\/www.eldigitaldeasturias.com\/noticias\/author\/admin\/","name":"El Digital de Asturias","image":{"@type":"ImageObject","@id":"https:\/\/www.eldigitaldeasturias.com\/noticias\/de-la-serna-defiende-la-competitividad-y-los-derechos-sociales-de-los-transportistas\/#authorImage","url":"https:\/\/www.eldigitaldeasturias.com\/noticias\/wp-content\/litespeed\/avatar\/18677e78aa0546b92d9dbf31ec7d7668.jpg?ver=1777290358","width":96,"height":96,"caption":"El Digital de Asturias"}},{"@type":"WebPage","@id":"https:\/\/www.eldigitaldeasturias.com\/noticias\/de-la-serna-defiende-la-competitividad-y-los-derechos-sociales-de-los-transportistas\/#webpage","url":"https:\/\/www.eldigitaldeasturias.com\/noticias\/de-la-serna-defiende-la-competitividad-y-los-derechos-sociales-de-los-transportistas\/","name":"De la Serna defiende la competitividad y los derechos sociales de los transportistas - El Digital de Asturias","description":"El ministro de Fomento, \u00cd\u00f1igo de la Serna, ha defendido en el Consejo de Ministros de Transportes de la Uni\u00f3n Europea la competitividad y los derechos sociales de los transportistas como los dos referentes que gu\u00edan la posici\u00f3n de Espa\u00f1a con respecto al Paquete de Movilidad. El Paquete incluye una serie de propuestas legislativas dirigidas","inLanguage":"es-ES","isPartOf":{"@id":"https:\/\/www.eldigitaldeasturias.com\/noticias\/#website"},"breadcrumb":{"@id":"https:\/\/www.eldigitaldeasturias.com\/noticias\/de-la-serna-defiende-la-competitividad-y-los-derechos-sociales-de-los-transportistas\/#breadcrumblist"},"author":{"@id":"https:\/\/www.eldigitaldeasturias.com\/noticias\/author\/admin\/#author"},"creator":{"@id":"https:\/\/www.eldigitaldeasturias.com\/noticias\/author\/admin\/#author"},"image":{"@type":"ImageObject","url":"https:\/\/www.eldigitaldeasturias.com\/noticias\/wp-content\/uploads\/2017\/12\/07122016_I\u00f1igodelaSerna.jpg","@id":"https:\/\/www.eldigitaldeasturias.com\/noticias\/de-la-serna-defiende-la-competitividad-y-los-derechos-sociales-de-los-transportistas\/#mainImage","width":496,"height":329},"primaryImageOfPage":{"@id":"https:\/\/www.eldigitaldeasturias.com\/noticias\/de-la-serna-defiende-la-competitividad-y-los-derechos-sociales-de-los-transportistas\/#mainImage"},"datePublished":"2017-12-06T01:01:53+01:00","dateModified":"2017-12-06T01:01:53+01:00"},{"@type":"WebSite","@id":"https:\/\/www.eldigitaldeasturias.com\/noticias\/#website","url":"https:\/\/www.eldigitaldeasturias.com\/noticias\/","name":"El Digital de Asturias - Diario de actualidad y noticias","alternateName":"El Digital de Asturias - Diario de actualidad y noticias","description":"Hemeroteca","inLanguage":"es-ES","publisher":{"@id":"https:\/\/www.eldigitaldeasturias.com\/noticias\/#organization"}}]},"og:locale":"es_ES","og:site_name":"El Digital de Asturias","og:type":"article","og:title":"De la Serna defiende la competitividad y los derechos sociales de los transportistas - El Digital de Asturias","og:description":"El ministro de Fomento, \u00cd\u00f1igo de la Serna, ha defendido en el Consejo de Ministros de Transportes de la Uni\u00f3n Europea la competitividad y los derechos sociales de los transportistas como los dos referentes que gu\u00edan la posici\u00f3n de Espa\u00f1a con respecto al Paquete de Movilidad. El Paquete incluye una serie de propuestas legislativas dirigidas","og:url":"https:\/\/www.eldigitaldeasturias.com\/noticias\/de-la-serna-defiende-la-competitividad-y-los-derechos-sociales-de-los-transportistas\/","og:image":"https:\/\/www.eldigitaldeasturias.com\/noticias\/wp-content\/uploads\/2017\/12\/07122016_I\u00f1igodelaSerna.jpg","og:image:secure_url":"https:\/\/www.eldigitaldeasturias.com\/noticias\/wp-content\/uploads\/2017\/12\/07122016_I\u00f1igodelaSerna.jpg","og:image:width":496,"og:image:height":329,"article:tag":["econom\u00eda"],"article:published_time":"2017-12-06T01:01:53+00:00","article:modified_time":"2017-12-06T01:01:53+00:00","article:publisher":"https:\/\/facebook.com\/eldigitaldeasturias","twitter:card":"summary_large_image","twitter:title":"De la Serna defiende la competitividad y los derechos sociales de los transportistas - El Digital de Asturias","twitter:description":"El ministro de Fomento, \u00cd\u00f1igo de la Serna, ha defendido en el Consejo de Ministros de Transportes de la Uni\u00f3n Europea la competitividad y los derechos sociales de los transportistas como los dos referentes que gu\u00edan la posici\u00f3n de Espa\u00f1a con respecto al Paquete de Movilidad. El Paquete incluye una serie de propuestas legislativas dirigidas","twitter:image":"https:\/\/www.eldigitaldeasturias.com\/noticias\/wp-content\/uploads\/2017\/12\/07122016_I\u00f1igodelaSerna.jpg","twitter:label1":"Escrito por","twitter:data1":"El Digital de Asturias","twitter:label2":"Tiempo de lectura estimado","twitter:data2":"6 minutos"},"aioseo_meta_data":{"post_id":"962481","title":null,"description":null,"keywords":null,"keyphrases":null,"primary_term":null,"canonical_url":null,"og_title":null,"og_description":null,"og_object_type":"default","og_image_type":"default","og_image_url":null,"og_image_width":null,"og_image_height":null,"og_image_custom_url":null,"og_image_custom_fields":null,"og_video":null,"og_custom_url":null,"og_article_section":null,"og_article_tags":null,"twitter_use_og":false,"twitter_card":"default","twitter_image_type":"default","twitter_image_url":null,"twitter_image_custom_url":null,"twitter_image_custom_fields":null,"twitter_title":null,"twitter_description":null,"schema":{"blockGraphs":[],"customGraphs":[],"default":{"data":{"Article":[],"Course":[],"Dataset":[],"FAQPage":[],"Movie":[],"Person":[],"Product":[],"ProductReview":[],"Car":[],"Recipe":[],"Service":[],"SoftwareApplication":[],"WebPage":[]},"graphName":"","isEnabled":true},"graphs":[],"defaultGraph":"","defaultPostTypeGraph":""},"schema_type":null,"schema_type_options":null,"pillar_content":false,"robots_default":true,"robots_noindex":false,"robots_noarchive":false,"robots_nosnippet":false,"robots_nofollow":false,"robots_noimageindex":false,"robots_noodp":false,"robots_notranslate":false,"robots_max_snippet":null,"robots_max_videopreview":null,"robots_max_imagepreview":"large","priority":null,"frequency":null,"local_seo":null,"seo_analyzer_scan_date":"2025-12-07 12:39:58","breadcrumb_settings":null,"limit_modified_date":false,"open_ai":null,"ai":null,"created":"2020-12-21 12:46:37","updated":"2025-12-07 12:39:58"},"aioseo_breadcrumb":"<div class=\"aioseo-breadcrumbs\"><span class=\"aioseo-breadcrumb\">\n\t<a href=\"https:\/\/www.eldigitaldeasturias.com\/noticias\" title=\"Home\">Home<\/a>\n<\/span><span class=\"aioseo-breadcrumb-separator\">\u2013<\/span><span class=\"aioseo-breadcrumb\">\n\t<a href=\"https:\/\/www.eldigitaldeasturias.com\/noticias\/category\/economia\/\" title=\"Econom\u00eda\">Econom\u00eda<\/a>\n<\/span><span class=\"aioseo-breadcrumb-separator\">\u2013<\/span><span class=\"aioseo-breadcrumb\">\n\t<a href=\"https:\/\/www.eldigitaldeasturias.com\/noticias\/de-la-serna-defiende-la-competitividad-y-los-derechos-sociales-de-los-transportistas\/\" title=\"De la Serna defiende la competitividad y los derechos sociales de los transportistas\">De la Serna defiende la competitividad y los derechos sociales de los transportistas<\/a>\n<\/span><\/div>","aioseo_breadcrumb_json":[{"label":"Home","link":"https:\/\/www.eldigitaldeasturias.com\/noticias"},{"label":"Econom\u00eda","link":"https:\/\/www.eldigitaldeasturias.com\/noticias\/category\/economia\/"},{"label":"De la Serna defiende la competitividad y los derechos sociales de los transportistas","link":"https:\/\/www.eldigitaldeasturias.com\/noticias\/de-la-serna-defiende-la-competitividad-y-los-derechos-sociales-de-los-transportistas\/"}],"_links":{"self":[{"href":"https:\/\/www.eldigitaldeasturias.com\/noticias\/wp-json\/wp\/v2\/posts\/962481","targetHints":{"allow":["GET"]}}],"collection":[{"href":"https:\/\/www.eldigitaldeasturias.com\/noticias\/wp-json\/wp\/v2\/posts"}],"about":[{"href":"https:\/\/www.eldigitaldeasturias.com\/noticias\/wp-json\/wp\/v2\/types\/post"}],"author":[{"embeddable":true,"href":"https:\/\/www.eldigitaldeasturias.com\/noticias\/wp-json\/wp\/v2\/users\/1"}],"replies":[{"embeddable":true,"href":"https:\/\/www.eldigitaldeasturias.com\/noticias\/wp-json\/wp\/v2\/comments?post=962481"}],"version-history":[{"count":0,"href":"https:\/\/www.eldigitaldeasturias.com\/noticias\/wp-json\/wp\/v2\/posts\/962481\/revisions"}],"wp:featuredmedia":[{"embeddable":true,"href":"https:\/\/www.eldigitaldeasturias.com\/noticias\/wp-json\/wp\/v2\/media\/962482"}],"wp:attachment":[{"href":"https:\/\/www.eldigitaldeasturias.com\/noticias\/wp-json\/wp\/v2\/media?parent=962481"}],"wp:term":[{"taxonomy":"category","embeddable":true,"href":"https:\/\/www.eldigitaldeasturias.com\/noticias\/wp-json\/wp\/v2\/categories?post=962481"},{"taxonomy":"post_tag","embeddable":true,"href":"https:\/\/www.eldigitaldeasturias.com\/noticias\/wp-json\/wp\/v2\/tags?post=962481"}],"curies":[{"name":"wp","href":"https:\/\/api.w.org\/{rel}","templated":true}]}}