{"id":962478,"date":"2017-12-06T00:57:14","date_gmt":"2017-12-06T00:57:14","guid":{"rendered":"http:\/\/www.eldigitaldeasturias.com\/noticias\/?p=962478"},"modified":"2017-12-06T00:57:14","modified_gmt":"2017-12-06T00:57:14","slug":"preparan-el-dispositivo-policial-para-las-elecciones-del-21-d-en-cataluna","status":"publish","type":"post","link":"https:\/\/www.eldigitaldeasturias.com\/noticias\/preparan-el-dispositivo-policial-para-las-elecciones-del-21-d-en-cataluna\/","title":{"rendered":"Preparan el dispositivo policial para las elecciones del 21-D en Catalu\u00f1a"},"content":{"rendered":"<p><img loading=\"lazy\" decoding=\"async\" class=\"alignleft size-medium wp-image-962479\" src=\"https:\/\/www.eldigitaldeasturias.com\/noticias\/wp-content\/uploads\/2017\/12\/041217-Elecciones-360x239.jpg\" alt=\"\" width=\"360\" height=\"239\" \/>El secretario de Estado de Seguridad, Jos\u00e9 Antonio Nieto, se ha reunido esta tarde en la sede de la Delegaci\u00f3n del Gobierno en Catalu\u00f1a con los m\u00e1ximos responsables de la Guardia Civil, Polic\u00eda Nacional y Polic\u00eda de la Generalitat-Mossos d&#8217;Esquadra para coordinar el dispositivo policial de las elecciones del pr\u00f3ximo d\u00eda 21 de diciembre en Catalu\u00f1a.<\/p>\n<p>En la reuni\u00f3n, los responsables de la Guardia Civil, Polic\u00eda Nacional y Polic\u00eda de la Generalitat-Mossos d&#8217;Esquadra han realizado, en primer lugar, una actualizaci\u00f3n del an\u00e1lisis de riesgos sobre la celebraci\u00f3n de las elecciones auton\u00f3micas al Parlamento de Catalu\u00f1a, en la que se han valorado las diferentes amenazas existentes principalmente terrorismo yihadista, ciberseguridad, conflictividad social y movimientos antisistema.<\/p>\n<p>Posteriormente, se han revisado los Planes Operativos que cada Cuerpo policial deber\u00e1 ejecutar para dar cumplimiento a las funciones asignadas de acuerdo a sus respectivos \u00e1mbitos de competencia.<\/p>\n<p>Finalmente, se han acordado las correspondientes medidas de coordinaci\u00f3n mediante la constituci\u00f3n de un Centro de Coordinaci\u00f3n de Seguridad de las Elecciones (CECOSE) en el que, bajo la direcci\u00f3n del director del Gabinete de Coordinaci\u00f3n y Estudios de la Secretar\u00eda de Estado de Seguridad, se integrar\u00e1n representantes de la Guardia Civil, Polic\u00eda Nacional y Polic\u00eda de la Generalitat-Mossos d&#8217;Esquadra, as\u00ed como del mencionado Gabinete.<\/p>\n<p>A la reuni\u00f3n, dirigida por el secretario de Estado de Seguridad, han asistido el secretario general del Departamento de Interior de la Generalitat de Catalu\u00f1a, Juan Antonio Puigserver; el delegado del Gobierno en Catalu\u00f1a, Enric Mill\u00f3, y el director del Gabinete de Coordinaci\u00f3n y Estudios de la Secretar\u00eda de Estado de Seguridad, Diego P\u00e9rez de los Cobos. Tambi\u00e9n han asistido en representaci\u00f3n de la Guardia Civil el mando de Operaciones Territoriales, Laurentino Ce\u00f1a; el mando de Informaci\u00f3n, Investigaci\u00f3n y Ciberdelincuencia, Fernando Santaf\u00e9, y el general jefe de la zona de la Guardia Civil en Catalu\u00f1a, \u00c1ngel Gozalo.<\/p>\n<p>En representaci\u00f3n de la Polic\u00eda Nacional han asistido el jefe central de Seguridad Ciudadana y Coordinaci\u00f3n, Jos\u00e9 Antonio de la Rosa; el jefe de Informaci\u00f3n, Investigaci\u00f3n y Ciberdelincuencia, Juan Carlos Ortiz, y el jefe Superior de la Polic\u00eda Nacional en Catalu\u00f1a, Sebasti\u00e1n Trapote. En representaci\u00f3n de la Polic\u00eda de la Generalitat-Mossos d&#8217;Esquadra han estado en la reuni\u00f3n el jefe de la Prefectura de la Polic\u00eda, Ferr\u00e1n L\u00f3pez; el jefe del \u00c1rea T\u00e9cnica de Planificaci\u00f3n y Dispositivos, Joan Cord\u00f3n, y Eduard Sallent, intendente de la Comisar\u00eda General de Informaci\u00f3n.<\/p>\n<p>El objetivo de la reuni\u00f3n era establecer una adecuada planificaci\u00f3n de las funciones asignadas a cada Cuerpo policial de acuerdo con las fases y condiciones de ejecuci\u00f3n establecidas en la instrucci\u00f3n n\u00famero 5\/2017 dictada el pasado 17 de noviembre por el secretario de Estado de Seguridad con motivo de la celebraci\u00f3n de elecciones al Parlamento de Catalu\u00f1a el 21 de diciembre de 2017.<\/p>\n<p>Esta instrucci\u00f3n tiene por objeto establecer las directrices generales para la actuaci\u00f3n operativa y coordinaci\u00f3n de las Fuerzas y Cuerpos de Seguridad del Estado, la Polic\u00eda de la Generalitat-Mossos d&#8217;Esquadra, as\u00ed como de otros Cuerpos de Seguridad de \u00e1mbito local, con la finalidad de asegurar el libre y pac\u00edfico ejercicio de los derechos y libertades y la seguridad ciudadana, con ocasi\u00f3n de los pr\u00f3ximos comicios el d\u00eda 21 de diciembre de 2017.<\/p>\n","protected":false},"excerpt":{"rendered":"<p>El secretario de Estado de Seguridad, Jos\u00e9 Antonio Nieto, se ha reunido esta tarde en la sede de la Delegaci\u00f3n del Gobierno en Catalu\u00f1a con los m\u00e1ximos responsables de la Guardia Civil, Polic\u00eda Nacional y Polic\u00eda de la Generalitat-Mossos d&#8217;Esquadra para coordinar el dispositivo policial de las elecciones del pr\u00f3ximo d\u00eda 21 de diciembre en [&hellip;]<\/p>\n","protected":false},"author":1,"featured_media":962479,"comment_status":"closed","ping_status":"closed","sticky":false,"template":"","format":"standard","meta":{"footnotes":""},"categories":[1],"tags":[],"class_list":["post-962478","post","type-post","status-publish","format-standard","has-post-thumbnail","hentry","category-actualidad"],"aioseo_notices":[],"aioseo_head":"\n\t\t<!-- All in One SEO Pro 5.0.1 - aioseo.com -->\n\t<meta name=\"description\" content=\"El secretario de Estado de Seguridad, Jos\u00e9 Antonio Nieto, se ha reunido esta tarde en la sede de la Delegaci\u00f3n del Gobierno en Catalu\u00f1a con los m\u00e1ximos responsables de la Guardia Civil, Polic\u00eda Nacional y Polic\u00eda de la Generalitat-Mossos d&#039;Esquadra para coordinar el dispositivo policial de las elecciones del pr\u00f3ximo d\u00eda 21 de diciembre en\" \/>\n\t<meta name=\"robots\" content=\"max-image-preview:large\" \/>\n\t<meta name=\"author\" content=\"El Digital de Asturias\"\/>\n\t<meta name=\"google-site-verification\" content=\"UA-38556648-1\" \/>\n\t<meta name=\"msvalidate.01\" content=\"7dfe9f3f1b24437ab69f4f2559babe99\" \/>\n\t<meta name=\"keywords\" content=\"actualidad\" \/>\n\t<link rel=\"canonical\" href=\"https:\/\/www.eldigitaldeasturias.com\/noticias\/preparan-el-dispositivo-policial-para-las-elecciones-del-21-d-en-cataluna\/\" \/>\n\t<meta name=\"generator\" content=\"All in One SEO Pro (AIOSEO) 5.0.1\" \/>\n\t\t<meta property=\"og:locale\" content=\"es_ES\" \/>\n\t\t<meta property=\"og:site_name\" content=\"El Digital de Asturias\" \/>\n\t\t<meta property=\"og:type\" content=\"article\" \/>\n\t\t<meta property=\"og:title\" content=\"Preparan el dispositivo policial para las elecciones del 21-D en Catalu\u00f1a - El Digital de Asturias\" \/>\n\t\t<meta property=\"og:description\" content=\"El secretario de Estado de Seguridad, Jos\u00e9 Antonio Nieto, se ha reunido esta tarde en la sede de la Delegaci\u00f3n del Gobierno en Catalu\u00f1a con los m\u00e1ximos responsables de la Guardia Civil, Polic\u00eda Nacional y Polic\u00eda de la Generalitat-Mossos d&#039;Esquadra para coordinar el dispositivo policial de las elecciones del pr\u00f3ximo d\u00eda 21 de diciembre en\" \/>\n\t\t<meta property=\"og:url\" content=\"https:\/\/www.eldigitaldeasturias.com\/noticias\/preparan-el-dispositivo-policial-para-las-elecciones-del-21-d-en-cataluna\/\" \/>\n\t\t<meta property=\"article:tag\" content=\"actualidad\" \/>\n\t\t<meta property=\"article:published_time\" content=\"2017-12-06T00:57:14+00:00\" \/>\n\t\t<meta property=\"article:modified_time\" content=\"2017-12-06T00:57:14+00:00\" \/>\n\t\t<meta property=\"article:publisher\" content=\"https:\/\/facebook.com\/eldigitaldeasturias\" \/>\n\t\t<meta name=\"twitter:card\" content=\"summary_large_image\" \/>\n\t\t<meta name=\"twitter:title\" content=\"Preparan el dispositivo policial para las elecciones del 21-D en Catalu\u00f1a - El Digital de Asturias\" \/>\n\t\t<meta name=\"twitter:description\" content=\"El secretario de Estado de Seguridad, Jos\u00e9 Antonio Nieto, se ha reunido esta tarde en la sede de la Delegaci\u00f3n del Gobierno en Catalu\u00f1a con los m\u00e1ximos responsables de la Guardia Civil, Polic\u00eda Nacional y Polic\u00eda de la Generalitat-Mossos d&#039;Esquadra para coordinar el dispositivo policial de las elecciones del pr\u00f3ximo d\u00eda 21 de diciembre en\" \/>\n\t\t<meta name=\"twitter:image\" content=\"https:\/\/www.eldigitaldeasturias.com\/noticias\/wp-content\/uploads\/2020\/12\/EDA-1.jpg\" \/>\n\t\t<meta name=\"twitter:label1\" content=\"Escrito por\" \/>\n\t\t<meta name=\"twitter:data1\" content=\"El Digital de Asturias\" \/>\n\t\t<meta name=\"twitter:label2\" content=\"Tiempo de lectura estimado\" \/>\n\t\t<meta name=\"twitter:data2\" content=\"3 minutos\" \/>\n\t\t<script type=\"application\/ld+json\" class=\"aioseo-schema\">\n\t\t\t{\"@context\":\"https:\\\/\\\/schema.org\",\"@graph\":[{\"@type\":\"BlogPosting\",\"@id\":\"https:\\\/\\\/www.eldigitaldeasturias.com\\\/noticias\\\/preparan-el-dispositivo-policial-para-las-elecciones-del-21-d-en-cataluna\\\/#blogposting\",\"name\":\"Preparan el dispositivo policial para las elecciones del 21-D en Catalu\\u00f1a - El Digital de Asturias\",\"headline\":\"Preparan el dispositivo policial para las elecciones del 21-D en Catalu\\u00f1a\",\"author\":{\"@id\":\"https:\\\/\\\/www.eldigitaldeasturias.com\\\/noticias\\\/author\\\/admin\\\/#author\"},\"publisher\":{\"@id\":\"https:\\\/\\\/www.eldigitaldeasturias.com\\\/noticias\\\/#organization\"},\"image\":{\"@type\":\"ImageObject\",\"url\":962479},\"datePublished\":\"2017-12-06T00:57:14+01:00\",\"dateModified\":\"2017-12-06T00:57:14+01:00\",\"inLanguage\":\"es-ES\",\"mainEntityOfPage\":{\"@id\":\"https:\\\/\\\/www.eldigitaldeasturias.com\\\/noticias\\\/preparan-el-dispositivo-policial-para-las-elecciones-del-21-d-en-cataluna\\\/#webpage\"},\"isPartOf\":{\"@id\":\"https:\\\/\\\/www.eldigitaldeasturias.com\\\/noticias\\\/preparan-el-dispositivo-policial-para-las-elecciones-del-21-d-en-cataluna\\\/#webpage\"},\"articleSection\":\"Actualidad\"},{\"@type\":\"BreadcrumbList\",\"@id\":\"https:\\\/\\\/www.eldigitaldeasturias.com\\\/noticias\\\/preparan-el-dispositivo-policial-para-las-elecciones-del-21-d-en-cataluna\\\/#breadcrumblist\",\"itemListElement\":[{\"@type\":\"ListItem\",\"@id\":\"https:\\\/\\\/www.eldigitaldeasturias.com\\\/noticias#listItem\",\"position\":1,\"name\":\"Home\",\"item\":\"https:\\\/\\\/www.eldigitaldeasturias.com\\\/noticias\",\"nextItem\":{\"@type\":\"ListItem\",\"@id\":\"https:\\\/\\\/www.eldigitaldeasturias.com\\\/noticias\\\/category\\\/actualidad\\\/#listItem\",\"name\":\"Actualidad\"}},{\"@type\":\"ListItem\",\"@id\":\"https:\\\/\\\/www.eldigitaldeasturias.com\\\/noticias\\\/category\\\/actualidad\\\/#listItem\",\"position\":2,\"name\":\"Actualidad\",\"item\":\"https:\\\/\\\/www.eldigitaldeasturias.com\\\/noticias\\\/category\\\/actualidad\\\/\",\"nextItem\":{\"@type\":\"ListItem\",\"@id\":\"https:\\\/\\\/www.eldigitaldeasturias.com\\\/noticias\\\/preparan-el-dispositivo-policial-para-las-elecciones-del-21-d-en-cataluna\\\/#listItem\",\"name\":\"Preparan el dispositivo policial para las elecciones del 21-D en Catalu\\u00f1a\"},\"previousItem\":{\"@type\":\"ListItem\",\"@id\":\"https:\\\/\\\/www.eldigitaldeasturias.com\\\/noticias#listItem\",\"name\":\"Home\"}},{\"@type\":\"ListItem\",\"@id\":\"https:\\\/\\\/www.eldigitaldeasturias.com\\\/noticias\\\/preparan-el-dispositivo-policial-para-las-elecciones-del-21-d-en-cataluna\\\/#listItem\",\"position\":3,\"name\":\"Preparan el dispositivo policial para las elecciones del 21-D en Catalu\\u00f1a\",\"previousItem\":{\"@type\":\"ListItem\",\"@id\":\"https:\\\/\\\/www.eldigitaldeasturias.com\\\/noticias\\\/category\\\/actualidad\\\/#listItem\",\"name\":\"Actualidad\"}}]},{\"@type\":\"Organization\",\"@id\":\"https:\\\/\\\/www.eldigitaldeasturias.com\\\/noticias\\\/#organization\",\"name\":\"El Digital de Asturias\",\"description\":\"Hemeroteca\",\"url\":\"https:\\\/\\\/www.eldigitaldeasturias.com\\\/noticias\\\/\",\"email\":\"info@eldigitaldeasturias.com\",\"telephone\":\"+34652131393\",\"logo\":{\"@type\":\"ImageObject\",\"url\":\"https:\\\/\\\/www.eldigitaldeasturias.com\\\/noticias\\\/wp-content\\\/uploads\\\/2020\\\/12\\\/EDA.jpg\",\"@id\":\"https:\\\/\\\/www.eldigitaldeasturias.com\\\/noticias\\\/preparan-el-dispositivo-policial-para-las-elecciones-del-21-d-en-cataluna\\\/#organizationLogo\"},\"image\":{\"@id\":\"https:\\\/\\\/www.eldigitaldeasturias.com\\\/noticias\\\/preparan-el-dispositivo-policial-para-las-elecciones-del-21-d-en-cataluna\\\/#organizationLogo\"},\"sameAs\":[\"https:\\\/\\\/facebook.com\\\/eldigitaldeasturias\",\"https:\\\/\\\/www.youtube.com\\\/channel\\\/UCZP-2wLEB9Rv6erhFmqVnvg\"],\"address\":{\"@id\":\"https:\\\/\\\/www.eldigitaldeasturias.com\\\/noticias\\\/#postaladdress\",\"@type\":\"PostalAddress\",\"streetAddress\":\"san antonio 4\",\"postalCode\":\"33430\",\"addressLocality\":\"Cand\\u00e1s\",\"addressRegion\":\"Asturias\",\"addressCountry\":\"ES\"}},{\"@type\":\"Person\",\"@id\":\"https:\\\/\\\/www.eldigitaldeasturias.com\\\/noticias\\\/author\\\/admin\\\/#author\",\"url\":\"https:\\\/\\\/www.eldigitaldeasturias.com\\\/noticias\\\/author\\\/admin\\\/\",\"name\":\"El Digital de Asturias\",\"image\":{\"@type\":\"ImageObject\",\"@id\":\"https:\\\/\\\/www.eldigitaldeasturias.com\\\/noticias\\\/preparan-el-dispositivo-policial-para-las-elecciones-del-21-d-en-cataluna\\\/#authorImage\",\"url\":\"https:\\\/\\\/secure.gravatar.com\\\/avatar\\\/df2aeffc32bcd13f8d26072ef8a91b623d677766deac7f97ca815868cd41bf5e?s=96&d=mm&r=g\",\"width\":96,\"height\":96,\"caption\":\"El Digital de Asturias\"}},{\"@type\":\"WebPage\",\"@id\":\"https:\\\/\\\/www.eldigitaldeasturias.com\\\/noticias\\\/preparan-el-dispositivo-policial-para-las-elecciones-del-21-d-en-cataluna\\\/#webpage\",\"url\":\"https:\\\/\\\/www.eldigitaldeasturias.com\\\/noticias\\\/preparan-el-dispositivo-policial-para-las-elecciones-del-21-d-en-cataluna\\\/\",\"name\":\"Preparan el dispositivo policial para las elecciones del 21-D en Catalu\\u00f1a - El Digital de Asturias\",\"description\":\"El secretario de Estado de Seguridad, Jos\\u00e9 Antonio Nieto, se ha reunido esta tarde en la sede de la Delegaci\\u00f3n del Gobierno en Catalu\\u00f1a con los m\\u00e1ximos responsables de la Guardia Civil, Polic\\u00eda Nacional y Polic\\u00eda de la Generalitat-Mossos d'Esquadra para coordinar el dispositivo policial de las elecciones del pr\\u00f3ximo d\\u00eda 21 de diciembre en\",\"inLanguage\":\"es-ES\",\"isPartOf\":{\"@id\":\"https:\\\/\\\/www.eldigitaldeasturias.com\\\/noticias\\\/#website\"},\"breadcrumb\":{\"@id\":\"https:\\\/\\\/www.eldigitaldeasturias.com\\\/noticias\\\/preparan-el-dispositivo-policial-para-las-elecciones-del-21-d-en-cataluna\\\/#breadcrumblist\"},\"author\":{\"@id\":\"https:\\\/\\\/www.eldigitaldeasturias.com\\\/noticias\\\/author\\\/admin\\\/#author\"},\"creator\":{\"@id\":\"https:\\\/\\\/www.eldigitaldeasturias.com\\\/noticias\\\/author\\\/admin\\\/#author\"},\"image\":{\"@type\":\"ImageObject\",\"url\":962479,\"@id\":\"https:\\\/\\\/www.eldigitaldeasturias.com\\\/noticias\\\/preparan-el-dispositivo-policial-para-las-elecciones-del-21-d-en-cataluna\\\/#mainImage\"},\"primaryImageOfPage\":{\"@id\":\"https:\\\/\\\/www.eldigitaldeasturias.com\\\/noticias\\\/preparan-el-dispositivo-policial-para-las-elecciones-del-21-d-en-cataluna\\\/#mainImage\"},\"datePublished\":\"2017-12-06T00:57:14+01:00\",\"dateModified\":\"2017-12-06T00:57:14+01:00\"},{\"@type\":\"WebSite\",\"@id\":\"https:\\\/\\\/www.eldigitaldeasturias.com\\\/noticias\\\/#website\",\"url\":\"https:\\\/\\\/www.eldigitaldeasturias.com\\\/noticias\\\/\",\"name\":\"El Digital de Asturias - Diario de actualidad y noticias\",\"alternateName\":\"El Digital de Asturias - Diario de actualidad y noticias\",\"description\":\"Hemeroteca\",\"inLanguage\":\"es-ES\",\"publisher\":{\"@id\":\"https:\\\/\\\/www.eldigitaldeasturias.com\\\/noticias\\\/#organization\"}}]}\n\t\t<\/script>\n\t\t<!-- All in One SEO Pro -->\r\n\t\t<title>Preparan el dispositivo policial para las elecciones del 21-D en Catalu\u00f1a - El Digital de Asturias<\/title>\n\n","aioseo_head_json":{"title":"Preparan el dispositivo policial para las elecciones del 21-D en Catalu\u00f1a - El Digital de Asturias","description":"El secretario de Estado de Seguridad, Jos\u00e9 Antonio Nieto, se ha reunido esta tarde en la sede de la Delegaci\u00f3n del Gobierno en Catalu\u00f1a con los m\u00e1ximos responsables de la Guardia Civil, Polic\u00eda Nacional y Polic\u00eda de la Generalitat-Mossos d'Esquadra para coordinar el dispositivo policial de las elecciones del pr\u00f3ximo d\u00eda 21 de diciembre en","canonical_url":"https:\/\/www.eldigitaldeasturias.com\/noticias\/preparan-el-dispositivo-policial-para-las-elecciones-del-21-d-en-cataluna\/","robots":"max-image-preview:large","keywords":"actualidad","webmasterTools":{"google-site-verification":"UA-38556648-1","msvalidate.01":"7dfe9f3f1b24437ab69f4f2559babe99","miscellaneous":""},"schema":{"@context":"https:\/\/schema.org","@graph":[{"@type":"BlogPosting","@id":"https:\/\/www.eldigitaldeasturias.com\/noticias\/preparan-el-dispositivo-policial-para-las-elecciones-del-21-d-en-cataluna\/#blogposting","name":"Preparan el dispositivo policial para las elecciones del 21-D en Catalu\u00f1a - El Digital de Asturias","headline":"Preparan el dispositivo policial para las elecciones del 21-D en Catalu\u00f1a","author":{"@id":"https:\/\/www.eldigitaldeasturias.com\/noticias\/author\/admin\/#author"},"publisher":{"@id":"https:\/\/www.eldigitaldeasturias.com\/noticias\/#organization"},"image":{"@type":"ImageObject","url":962479},"datePublished":"2017-12-06T00:57:14+01:00","dateModified":"2017-12-06T00:57:14+01:00","inLanguage":"es-ES","mainEntityOfPage":{"@id":"https:\/\/www.eldigitaldeasturias.com\/noticias\/preparan-el-dispositivo-policial-para-las-elecciones-del-21-d-en-cataluna\/#webpage"},"isPartOf":{"@id":"https:\/\/www.eldigitaldeasturias.com\/noticias\/preparan-el-dispositivo-policial-para-las-elecciones-del-21-d-en-cataluna\/#webpage"},"articleSection":"Actualidad"},{"@type":"BreadcrumbList","@id":"https:\/\/www.eldigitaldeasturias.com\/noticias\/preparan-el-dispositivo-policial-para-las-elecciones-del-21-d-en-cataluna\/#breadcrumblist","itemListElement":[{"@type":"ListItem","@id":"https:\/\/www.eldigitaldeasturias.com\/noticias#listItem","position":1,"name":"Home","item":"https:\/\/www.eldigitaldeasturias.com\/noticias","nextItem":{"@type":"ListItem","@id":"https:\/\/www.eldigitaldeasturias.com\/noticias\/category\/actualidad\/#listItem","name":"Actualidad"}},{"@type":"ListItem","@id":"https:\/\/www.eldigitaldeasturias.com\/noticias\/category\/actualidad\/#listItem","position":2,"name":"Actualidad","item":"https:\/\/www.eldigitaldeasturias.com\/noticias\/category\/actualidad\/","nextItem":{"@type":"ListItem","@id":"https:\/\/www.eldigitaldeasturias.com\/noticias\/preparan-el-dispositivo-policial-para-las-elecciones-del-21-d-en-cataluna\/#listItem","name":"Preparan el dispositivo policial para las elecciones del 21-D en Catalu\u00f1a"},"previousItem":{"@type":"ListItem","@id":"https:\/\/www.eldigitaldeasturias.com\/noticias#listItem","name":"Home"}},{"@type":"ListItem","@id":"https:\/\/www.eldigitaldeasturias.com\/noticias\/preparan-el-dispositivo-policial-para-las-elecciones-del-21-d-en-cataluna\/#listItem","position":3,"name":"Preparan el dispositivo policial para las elecciones del 21-D en Catalu\u00f1a","previousItem":{"@type":"ListItem","@id":"https:\/\/www.eldigitaldeasturias.com\/noticias\/category\/actualidad\/#listItem","name":"Actualidad"}}]},{"@type":"Organization","@id":"https:\/\/www.eldigitaldeasturias.com\/noticias\/#organization","name":"El Digital de Asturias","description":"Hemeroteca","url":"https:\/\/www.eldigitaldeasturias.com\/noticias\/","email":"info@eldigitaldeasturias.com","telephone":"+34652131393","logo":{"@type":"ImageObject","url":"https:\/\/www.eldigitaldeasturias.com\/noticias\/wp-content\/uploads\/2020\/12\/EDA.jpg","@id":"https:\/\/www.eldigitaldeasturias.com\/noticias\/preparan-el-dispositivo-policial-para-las-elecciones-del-21-d-en-cataluna\/#organizationLogo"},"image":{"@id":"https:\/\/www.eldigitaldeasturias.com\/noticias\/preparan-el-dispositivo-policial-para-las-elecciones-del-21-d-en-cataluna\/#organizationLogo"},"sameAs":["https:\/\/facebook.com\/eldigitaldeasturias","https:\/\/www.youtube.com\/channel\/UCZP-2wLEB9Rv6erhFmqVnvg"],"address":{"@id":"https:\/\/www.eldigitaldeasturias.com\/noticias\/#postaladdress","@type":"PostalAddress","streetAddress":"san antonio 4","postalCode":"33430","addressLocality":"Cand\u00e1s","addressRegion":"Asturias","addressCountry":"ES"}},{"@type":"Person","@id":"https:\/\/www.eldigitaldeasturias.com\/noticias\/author\/admin\/#author","url":"https:\/\/www.eldigitaldeasturias.com\/noticias\/author\/admin\/","name":"El Digital de Asturias","image":{"@type":"ImageObject","@id":"https:\/\/www.eldigitaldeasturias.com\/noticias\/preparan-el-dispositivo-policial-para-las-elecciones-del-21-d-en-cataluna\/#authorImage","url":"https:\/\/secure.gravatar.com\/avatar\/df2aeffc32bcd13f8d26072ef8a91b623d677766deac7f97ca815868cd41bf5e?s=96&d=mm&r=g","width":96,"height":96,"caption":"El Digital de Asturias"}},{"@type":"WebPage","@id":"https:\/\/www.eldigitaldeasturias.com\/noticias\/preparan-el-dispositivo-policial-para-las-elecciones-del-21-d-en-cataluna\/#webpage","url":"https:\/\/www.eldigitaldeasturias.com\/noticias\/preparan-el-dispositivo-policial-para-las-elecciones-del-21-d-en-cataluna\/","name":"Preparan el dispositivo policial para las elecciones del 21-D en Catalu\u00f1a - El Digital de Asturias","description":"El secretario de Estado de Seguridad, Jos\u00e9 Antonio Nieto, se ha reunido esta tarde en la sede de la Delegaci\u00f3n del Gobierno en Catalu\u00f1a con los m\u00e1ximos responsables de la Guardia Civil, Polic\u00eda Nacional y Polic\u00eda de la Generalitat-Mossos d'Esquadra para coordinar el dispositivo policial de las elecciones del pr\u00f3ximo d\u00eda 21 de diciembre en","inLanguage":"es-ES","isPartOf":{"@id":"https:\/\/www.eldigitaldeasturias.com\/noticias\/#website"},"breadcrumb":{"@id":"https:\/\/www.eldigitaldeasturias.com\/noticias\/preparan-el-dispositivo-policial-para-las-elecciones-del-21-d-en-cataluna\/#breadcrumblist"},"author":{"@id":"https:\/\/www.eldigitaldeasturias.com\/noticias\/author\/admin\/#author"},"creator":{"@id":"https:\/\/www.eldigitaldeasturias.com\/noticias\/author\/admin\/#author"},"image":{"@type":"ImageObject","url":962479,"@id":"https:\/\/www.eldigitaldeasturias.com\/noticias\/preparan-el-dispositivo-policial-para-las-elecciones-del-21-d-en-cataluna\/#mainImage"},"primaryImageOfPage":{"@id":"https:\/\/www.eldigitaldeasturias.com\/noticias\/preparan-el-dispositivo-policial-para-las-elecciones-del-21-d-en-cataluna\/#mainImage"},"datePublished":"2017-12-06T00:57:14+01:00","dateModified":"2017-12-06T00:57:14+01:00"},{"@type":"WebSite","@id":"https:\/\/www.eldigitaldeasturias.com\/noticias\/#website","url":"https:\/\/www.eldigitaldeasturias.com\/noticias\/","name":"El Digital de Asturias - Diario de actualidad y noticias","alternateName":"El Digital de Asturias - Diario de actualidad y noticias","description":"Hemeroteca","inLanguage":"es-ES","publisher":{"@id":"https:\/\/www.eldigitaldeasturias.com\/noticias\/#organization"}}]},"og:locale":"es_ES","og:site_name":"El Digital de Asturias","og:type":"article","og:title":"Preparan el dispositivo policial para las elecciones del 21-D en Catalu\u00f1a - El Digital de Asturias","og:description":"El secretario de Estado de Seguridad, Jos\u00e9 Antonio Nieto, se ha reunido esta tarde en la sede de la Delegaci\u00f3n del Gobierno en Catalu\u00f1a con los m\u00e1ximos responsables de la Guardia Civil, Polic\u00eda Nacional y Polic\u00eda de la Generalitat-Mossos d'Esquadra para coordinar el dispositivo policial de las elecciones del pr\u00f3ximo d\u00eda 21 de diciembre en","og:url":"https:\/\/www.eldigitaldeasturias.com\/noticias\/preparan-el-dispositivo-policial-para-las-elecciones-del-21-d-en-cataluna\/","article:tag":["actualidad"],"article:published_time":"2017-12-06T00:57:14+00:00","article:modified_time":"2017-12-06T00:57:14+00:00","article:publisher":"https:\/\/facebook.com\/eldigitaldeasturias","twitter:card":"summary_large_image","twitter:title":"Preparan el dispositivo policial para las elecciones del 21-D en Catalu\u00f1a - El Digital de Asturias","twitter:description":"El secretario de Estado de Seguridad, Jos\u00e9 Antonio Nieto, se ha reunido esta tarde en la sede de la Delegaci\u00f3n del Gobierno en Catalu\u00f1a con los m\u00e1ximos responsables de la Guardia Civil, Polic\u00eda Nacional y Polic\u00eda de la Generalitat-Mossos d'Esquadra para coordinar el dispositivo policial de las elecciones del pr\u00f3ximo d\u00eda 21 de diciembre en","twitter:image":"https:\/\/www.eldigitaldeasturias.com\/noticias\/wp-content\/uploads\/2020\/12\/EDA-1.jpg","twitter:label1":"Escrito por","twitter:data1":"El Digital de Asturias","twitter:label2":"Tiempo de lectura estimado","twitter:data2":"3 minutos"},"aioseo_meta_data":{"post_id":"962478","title":null,"description":null,"keywords":null,"keyphrases":null,"primary_term":null,"canonical_url":null,"og_title":null,"og_description":null,"og_object_type":"default","og_image_type":"default","og_image_url":null,"og_image_width":null,"og_image_height":null,"og_image_custom_url":null,"og_image_custom_fields":null,"og_video":null,"og_custom_url":null,"og_article_section":null,"og_article_tags":null,"twitter_use_og":false,"twitter_card":"default","twitter_image_type":"default","twitter_image_url":null,"twitter_image_custom_url":null,"twitter_image_custom_fields":null,"twitter_title":null,"twitter_description":null,"schema":{"blockGraphs":[],"customGraphs":[],"default":{"data":{"Article":[],"Course":[],"Dataset":[],"FAQPage":[],"Movie":[],"Person":[],"Product":[],"ProductReview":[],"Car":[],"Recipe":[],"Service":[],"SoftwareApplication":[],"WebPage":[]},"graphName":"","isEnabled":true},"graphs":[],"defaultGraph":"","defaultPostTypeGraph":""},"schema_type":null,"schema_type_options":null,"pillar_content":false,"robots_default":true,"robots_noindex":false,"robots_noarchive":false,"robots_nosnippet":false,"robots_nofollow":false,"robots_noimageindex":false,"robots_noodp":false,"robots_notranslate":false,"robots_max_snippet":null,"robots_max_videopreview":null,"robots_max_imagepreview":"large","priority":null,"frequency":null,"local_seo":null,"seo_analyzer_scan_date":"2025-12-07 12:39:57","breadcrumb_settings":null,"limit_modified_date":false,"open_ai":null,"ai":null,"created":"2020-12-21 12:46:37","updated":"2025-12-07 12:39:57","focus_keyword":null,"additional_keywords":null,"truseo_locale":null},"aioseo_breadcrumb":"<div class=\"aioseo-breadcrumbs\"><span class=\"aioseo-breadcrumb\">\n\t<a href=\"https:\/\/www.eldigitaldeasturias.com\/noticias\" title=\"Home\">Home<\/a>\n<\/span><span class=\"aioseo-breadcrumb-separator\">\u2013<\/span><span class=\"aioseo-breadcrumb\">\n\t<a href=\"https:\/\/www.eldigitaldeasturias.com\/noticias\/category\/actualidad\/\" title=\"Actualidad\">Actualidad<\/a>\n<\/span><span class=\"aioseo-breadcrumb-separator\">\u2013<\/span><span class=\"aioseo-breadcrumb\">\n\t<a href=\"https:\/\/www.eldigitaldeasturias.com\/noticias\/preparan-el-dispositivo-policial-para-las-elecciones-del-21-d-en-cataluna\/\" title=\"Preparan el dispositivo policial para las elecciones del 21-D en Catalu\u00f1a\">Preparan el dispositivo policial para las elecciones del 21-D en Catalu\u00f1a<\/a>\n<\/span><\/div>","aioseo_breadcrumb_json":[{"label":"Home","link":"https:\/\/www.eldigitaldeasturias.com\/noticias"},{"label":"Actualidad","link":"https:\/\/www.eldigitaldeasturias.com\/noticias\/category\/actualidad\/"},{"label":"Preparan el dispositivo policial para las elecciones del 21-D en Catalu\u00f1a","link":"https:\/\/www.eldigitaldeasturias.com\/noticias\/preparan-el-dispositivo-policial-para-las-elecciones-del-21-d-en-cataluna\/"}],"_links":{"self":[{"href":"https:\/\/www.eldigitaldeasturias.com\/noticias\/wp-json\/wp\/v2\/posts\/962478","targetHints":{"allow":["GET"]}}],"collection":[{"href":"https:\/\/www.eldigitaldeasturias.com\/noticias\/wp-json\/wp\/v2\/posts"}],"about":[{"href":"https:\/\/www.eldigitaldeasturias.com\/noticias\/wp-json\/wp\/v2\/types\/post"}],"author":[{"embeddable":true,"href":"https:\/\/www.eldigitaldeasturias.com\/noticias\/wp-json\/wp\/v2\/users\/1"}],"replies":[{"embeddable":true,"href":"https:\/\/www.eldigitaldeasturias.com\/noticias\/wp-json\/wp\/v2\/comments?post=962478"}],"version-history":[{"count":0,"href":"https:\/\/www.eldigitaldeasturias.com\/noticias\/wp-json\/wp\/v2\/posts\/962478\/revisions"}],"wp:attachment":[{"href":"https:\/\/www.eldigitaldeasturias.com\/noticias\/wp-json\/wp\/v2\/media?parent=962478"}],"wp:term":[{"taxonomy":"category","embeddable":true,"href":"https:\/\/www.eldigitaldeasturias.com\/noticias\/wp-json\/wp\/v2\/categories?post=962478"},{"taxonomy":"post_tag","embeddable":true,"href":"https:\/\/www.eldigitaldeasturias.com\/noticias\/wp-json\/wp\/v2\/tags?post=962478"}],"curies":[{"name":"wp","href":"https:\/\/api.w.org\/{rel}","templated":true}]}}