{"id":962475,"date":"2017-12-06T00:55:31","date_gmt":"2017-12-06T00:55:31","guid":{"rendered":"http:\/\/www.eldigitaldeasturias.com\/noticias\/?p=962475"},"modified":"2017-12-06T00:55:31","modified_gmt":"2017-12-06T00:55:31","slug":"fernandez-de-moya-la-estabilidad-presupuestaria-y-la-sostenibilidad-financiera-de-las-ccaa","status":"publish","type":"post","link":"https:\/\/www.eldigitaldeasturias.com\/noticias\/fernandez-de-moya-la-estabilidad-presupuestaria-y-la-sostenibilidad-financiera-de-las-ccaa\/","title":{"rendered":"Fern\u00e1ndez de Moya la estabilidad presupuestaria y la sostenibilidad financiera de las CCAA"},"content":{"rendered":"<p><img loading=\"lazy\" decoding=\"async\" class=\"alignleft size-medium wp-image-962476\" src=\"https:\/\/www.eldigitaldeasturias.com\/noticias\/wp-content\/uploads\/2017\/12\/041217-Senado-360x239.jpg\" alt=\"\" width=\"360\" height=\"239\" srcset=\"https:\/\/www.eldigitaldeasturias.com\/noticias\/wp-content\/uploads\/2017\/12\/041217-Senado-360x239.jpg 360w, https:\/\/www.eldigitaldeasturias.com\/noticias\/wp-content\/uploads\/2017\/12\/041217-Senado.jpg 496w\" sizes=\"auto, (max-width: 360px) 100vw, 360px\" \/>El secretario de Estado de Hacienda, Jos\u00e9 Enrique Fern\u00e1ndez de Moya, ha se\u00f1alado que el objetivo del Gobierno en el marco de la Reforma del Sistema de Financiaci\u00f3n Auton\u00f3mica es alcanzar un modelo que preserve la estabilidad presupuestaria y la sostenibilidad financiera que han contribuido a que Espa\u00f1a haya experimentado el crecimiento econ\u00f3mico \u00abm\u00e1s sano\u00bb de su historia.<\/p>\n<p>Fern\u00e1ndez de Moya, que ha comparecido ante la Comisi\u00f3n de Hacienda y Funci\u00f3n P\u00fablica del Senado, ha insistido en que el Gobierno mantiene su intenci\u00f3n de contar con un nuevo Sistema de Financiaci\u00f3n Auton\u00f3mica (SFA) \u00ablo antes posible\u00bb, recordando que \u00e9ste \u00abdebe nacer del m\u00e1ximo consenso entre el Estado y las Comunidades Aut\u00f3nomas y con el respaldo del mayor n\u00famero de fuerzas pol\u00edticas\u00bb, por lo que ha incidido una vez m\u00e1s en que \u00abno habr\u00e1 nuevo modelo sin el apoyo parlamentario del Grupo Socialista\u00bb, cuyo partido gobierna en siete CCAA.<\/p>\n<p>El secretario de Estado de Hacienda se ha referido al trabajo del Comit\u00e9 T\u00e9cnico Permanente de Evaluaci\u00f3n (CTPE), dependiente del Consejo de Pol\u00edtica Fiscal y Financiera (CPFF), avanzando que se reunir\u00e1 el pr\u00f3ximo 14 de diciembre, despu\u00e9s de que las CCAA hayan hecho llegar sus propuestas sobre el Informe presentado por la Comisi\u00f3n de Expertos para la Reforma del Sistema de Financiaci\u00f3n Auton\u00f3mica.<\/p>\n<p>\u00abEstamos cumpliendo con la hoja de ruta que se estableci\u00f3 en la Conferencia de Presidentes el pasado mes de enero\u00bb, ha dicho Fern\u00e1ndez de Moya, para a\u00f1adir a continuaci\u00f3n que a partir de ahora, el CTPE analizar\u00e1 las propuestas realizadas, debatir\u00e1 sobre los elementos que configuran el sistema y elaborar\u00e1 finalmente un documento para que sea valorado por el Consejo de Pol\u00edtica Fiscal y Financiera. Una vez alcanzado un acuerdo en el CPFF, se elaborar\u00e1n los correspondientes anteproyectos legislativos, procediendo a su tramitaci\u00f3n parlamentaria.<\/p>\n<p>El secretario de Estado de Hacienda ha defendido en la C\u00e1mara Alta la necesidad de contar con un SFA que garantice que todas las CCAA cuenten con los recursos necesarios para hacer frente a los servicios p\u00fablicos que desarrollan en el marco de sus competencias y se cumplan, as\u00ed, los principios de autonom\u00eda y suficiencia financiera que recoge la Constituci\u00f3n.<\/p>\n<p><strong>Cumplimiento del objetivo de d\u00e9ficit de las CCAA<\/strong><\/p>\n<p>Jos\u00e9 Enrique Fern\u00e1ndez de Moya ha se\u00f1alado que, mientras se alcanza el acuerdo para la Reforma del Sistema de Financiaci\u00f3n, \u00abes necesario poner en valor la mejora de la situaci\u00f3n econ\u00f3mica que est\u00e1n experimentando las CCAA y que les va a permitir cumplir este a\u00f1o con el objetivo de d\u00e9ficit comprometido del 0,6% del PIB\u00bb.<\/p>\n<p>As\u00ed, se ha referido a los datos de ejecuci\u00f3n presupuestaria del tercer trimestre, seg\u00fan los cuales, la Administraci\u00f3n Regional ha pasado de un d\u00e9ficit de 2.044 millones de euros en septiembre de 2016, casi dos d\u00e9cimas de PIB, a un super\u00e1vit de 992 millones, cifra que equivale a casi una d\u00e9cima de PIB. Adem\u00e1s, ha destacado que este a\u00f1o las CCAA cuentan con 8.653 millones de la liquidaci\u00f3n definitiva del ejercicio 2015, 983 millones m\u00e1s que la anterior liquidaci\u00f3n, y con unas entregas a cuenta hasta septiembre m\u00e1s elevadas, en concreto, casi 3.150 millones m\u00e1s. A final de a\u00f1o, sumando las entregas a cuenta que faltan, el incremento total de recursos en 2017 para las CCAA superar\u00e1 los 6.500 millones de euros.<\/p>\n<p>El secretario de Estado tambi\u00e9n ha mencionado las medidas extraordinarias de liquidez que se han articulado desde 2012 y que han permitido que las CCAA hayan recibido cuando finalice 2017 un total de 231.786,5 millones de euros, 29.000 millones de euros s\u00f3lo en 2017. Sumando los recursos que se han destinado a las Entidades Locales a trav\u00e9s de mecanismos extraordinarios de financiaci\u00f3n, el Estado habr\u00e1 movilizado entre 2012 y 2017 un total de 251.872 millones de euros, permitiendo al conjunto de las Administraciones P\u00fablicas beneficiarias obtener un ahorro considerable en intereses.<\/p>\n","protected":false},"excerpt":{"rendered":"<p>El secretario de Estado de Hacienda, Jos\u00e9 Enrique Fern\u00e1ndez de Moya, ha se\u00f1alado que el objetivo del Gobierno en el marco de la Reforma del Sistema de Financiaci\u00f3n Auton\u00f3mica es alcanzar un modelo que preserve la estabilidad presupuestaria y la sostenibilidad financiera que han contribuido a que Espa\u00f1a haya experimentado el crecimiento econ\u00f3mico \u00abm\u00e1s sano\u00bb [&hellip;]<\/p>\n","protected":false},"author":1,"featured_media":962476,"comment_status":"closed","ping_status":"closed","sticky":false,"template":"","format":"standard","meta":{"footnotes":""},"categories":[187],"tags":[],"class_list":["post-962475","post","type-post","status-publish","format-standard","has-post-thumbnail","hentry","category-economia"],"aioseo_notices":[],"aioseo_head":"\n\t\t<!-- All in One SEO Pro 4.9.6.2 - aioseo.com -->\n\t<meta name=\"description\" content=\"El secretario de Estado de Hacienda, Jos\u00e9 Enrique Fern\u00e1ndez de Moya, ha se\u00f1alado que el objetivo del Gobierno en el marco de la Reforma del Sistema de Financiaci\u00f3n Auton\u00f3mica es alcanzar un modelo que preserve la estabilidad presupuestaria y la sostenibilidad financiera que han contribuido a que Espa\u00f1a haya experimentado el crecimiento econ\u00f3mico &quot;m\u00e1s sano&quot;\" \/>\n\t<meta name=\"robots\" content=\"max-image-preview:large\" \/>\n\t<meta name=\"author\" content=\"El Digital de Asturias\"\/>\n\t<meta name=\"google-site-verification\" content=\"UA-38556648-1\" \/>\n\t<meta name=\"msvalidate.01\" content=\"7dfe9f3f1b24437ab69f4f2559babe99\" \/>\n\t<meta name=\"keywords\" content=\"econom\u00eda\" \/>\n\t<link rel=\"canonical\" href=\"https:\/\/www.eldigitaldeasturias.com\/noticias\/fernandez-de-moya-la-estabilidad-presupuestaria-y-la-sostenibilidad-financiera-de-las-ccaa\/\" \/>\n\t<meta name=\"generator\" content=\"All in One SEO Pro (AIOSEO) 4.9.6.2\" \/>\n\t\t<meta property=\"og:locale\" content=\"es_ES\" \/>\n\t\t<meta property=\"og:site_name\" content=\"El Digital de Asturias\" \/>\n\t\t<meta property=\"og:type\" content=\"article\" \/>\n\t\t<meta property=\"og:title\" content=\"Fern\u00e1ndez de Moya la estabilidad presupuestaria y la sostenibilidad financiera de las CCAA - El Digital de Asturias\" \/>\n\t\t<meta property=\"og:description\" content=\"El secretario de Estado de Hacienda, Jos\u00e9 Enrique Fern\u00e1ndez de Moya, ha se\u00f1alado que el objetivo del Gobierno en el marco de la Reforma del Sistema de Financiaci\u00f3n Auton\u00f3mica es alcanzar un modelo que preserve la estabilidad presupuestaria y la sostenibilidad financiera que han contribuido a que Espa\u00f1a haya experimentado el crecimiento econ\u00f3mico &quot;m\u00e1s sano&quot;\" \/>\n\t\t<meta property=\"og:url\" content=\"https:\/\/www.eldigitaldeasturias.com\/noticias\/fernandez-de-moya-la-estabilidad-presupuestaria-y-la-sostenibilidad-financiera-de-las-ccaa\/\" \/>\n\t\t<meta property=\"og:image\" content=\"https:\/\/www.eldigitaldeasturias.com\/noticias\/wp-content\/uploads\/2017\/12\/041217-Senado.jpg\" \/>\n\t\t<meta property=\"og:image:secure_url\" content=\"https:\/\/www.eldigitaldeasturias.com\/noticias\/wp-content\/uploads\/2017\/12\/041217-Senado.jpg\" \/>\n\t\t<meta property=\"og:image:width\" content=\"496\" \/>\n\t\t<meta property=\"og:image:height\" content=\"329\" \/>\n\t\t<meta property=\"article:tag\" content=\"econom\u00eda\" \/>\n\t\t<meta property=\"article:published_time\" content=\"2017-12-06T00:55:31+00:00\" \/>\n\t\t<meta property=\"article:modified_time\" content=\"2017-12-06T00:55:31+00:00\" \/>\n\t\t<meta property=\"article:publisher\" content=\"https:\/\/facebook.com\/eldigitaldeasturias\" \/>\n\t\t<meta name=\"twitter:card\" content=\"summary_large_image\" \/>\n\t\t<meta name=\"twitter:title\" content=\"Fern\u00e1ndez de Moya la estabilidad presupuestaria y la sostenibilidad financiera de las CCAA - El Digital de Asturias\" \/>\n\t\t<meta name=\"twitter:description\" content=\"El secretario de Estado de Hacienda, Jos\u00e9 Enrique Fern\u00e1ndez de Moya, ha se\u00f1alado que el objetivo del Gobierno en el marco de la Reforma del Sistema de Financiaci\u00f3n Auton\u00f3mica es alcanzar un modelo que preserve la estabilidad presupuestaria y la sostenibilidad financiera que han contribuido a que Espa\u00f1a haya experimentado el crecimiento econ\u00f3mico &quot;m\u00e1s sano&quot;\" \/>\n\t\t<meta name=\"twitter:image\" content=\"https:\/\/www.eldigitaldeasturias.com\/noticias\/wp-content\/uploads\/2017\/12\/041217-Senado.jpg\" \/>\n\t\t<meta name=\"twitter:label1\" content=\"Escrito por\" \/>\n\t\t<meta name=\"twitter:data1\" content=\"El Digital de Asturias\" \/>\n\t\t<meta name=\"twitter:label2\" content=\"Tiempo de lectura estimado\" \/>\n\t\t<meta name=\"twitter:data2\" content=\"3 minutos\" \/>\n\t\t<script type=\"application\/ld+json\" class=\"aioseo-schema\">\n\t\t\t{\"@context\":\"https:\\\/\\\/schema.org\",\"@graph\":[{\"@type\":\"BlogPosting\",\"@id\":\"https:\\\/\\\/www.eldigitaldeasturias.com\\\/noticias\\\/fernandez-de-moya-la-estabilidad-presupuestaria-y-la-sostenibilidad-financiera-de-las-ccaa\\\/#blogposting\",\"name\":\"Fern\\u00e1ndez de Moya la estabilidad presupuestaria y la sostenibilidad financiera de las CCAA - El Digital de Asturias\",\"headline\":\"Fern\\u00e1ndez de Moya la estabilidad presupuestaria y la sostenibilidad financiera de las CCAA\",\"author\":{\"@id\":\"https:\\\/\\\/www.eldigitaldeasturias.com\\\/noticias\\\/author\\\/admin\\\/#author\"},\"publisher\":{\"@id\":\"https:\\\/\\\/www.eldigitaldeasturias.com\\\/noticias\\\/#organization\"},\"image\":{\"@type\":\"ImageObject\",\"url\":\"https:\\\/\\\/www.eldigitaldeasturias.com\\\/noticias\\\/wp-content\\\/uploads\\\/2017\\\/12\\\/041217-Senado.jpg\",\"width\":496,\"height\":329},\"datePublished\":\"2017-12-06T00:55:31+01:00\",\"dateModified\":\"2017-12-06T00:55:31+01:00\",\"inLanguage\":\"es-ES\",\"mainEntityOfPage\":{\"@id\":\"https:\\\/\\\/www.eldigitaldeasturias.com\\\/noticias\\\/fernandez-de-moya-la-estabilidad-presupuestaria-y-la-sostenibilidad-financiera-de-las-ccaa\\\/#webpage\"},\"isPartOf\":{\"@id\":\"https:\\\/\\\/www.eldigitaldeasturias.com\\\/noticias\\\/fernandez-de-moya-la-estabilidad-presupuestaria-y-la-sostenibilidad-financiera-de-las-ccaa\\\/#webpage\"},\"articleSection\":\"Econom\\u00eda\"},{\"@type\":\"BreadcrumbList\",\"@id\":\"https:\\\/\\\/www.eldigitaldeasturias.com\\\/noticias\\\/fernandez-de-moya-la-estabilidad-presupuestaria-y-la-sostenibilidad-financiera-de-las-ccaa\\\/#breadcrumblist\",\"itemListElement\":[{\"@type\":\"ListItem\",\"@id\":\"https:\\\/\\\/www.eldigitaldeasturias.com\\\/noticias#listItem\",\"position\":1,\"name\":\"Home\",\"item\":\"https:\\\/\\\/www.eldigitaldeasturias.com\\\/noticias\",\"nextItem\":{\"@type\":\"ListItem\",\"@id\":\"https:\\\/\\\/www.eldigitaldeasturias.com\\\/noticias\\\/category\\\/economia\\\/#listItem\",\"name\":\"Econom\\u00eda\"}},{\"@type\":\"ListItem\",\"@id\":\"https:\\\/\\\/www.eldigitaldeasturias.com\\\/noticias\\\/category\\\/economia\\\/#listItem\",\"position\":2,\"name\":\"Econom\\u00eda\",\"item\":\"https:\\\/\\\/www.eldigitaldeasturias.com\\\/noticias\\\/category\\\/economia\\\/\",\"nextItem\":{\"@type\":\"ListItem\",\"@id\":\"https:\\\/\\\/www.eldigitaldeasturias.com\\\/noticias\\\/fernandez-de-moya-la-estabilidad-presupuestaria-y-la-sostenibilidad-financiera-de-las-ccaa\\\/#listItem\",\"name\":\"Fern\\u00e1ndez de Moya la estabilidad presupuestaria y la sostenibilidad financiera de las CCAA\"},\"previousItem\":{\"@type\":\"ListItem\",\"@id\":\"https:\\\/\\\/www.eldigitaldeasturias.com\\\/noticias#listItem\",\"name\":\"Home\"}},{\"@type\":\"ListItem\",\"@id\":\"https:\\\/\\\/www.eldigitaldeasturias.com\\\/noticias\\\/fernandez-de-moya-la-estabilidad-presupuestaria-y-la-sostenibilidad-financiera-de-las-ccaa\\\/#listItem\",\"position\":3,\"name\":\"Fern\\u00e1ndez de Moya la estabilidad presupuestaria y la sostenibilidad financiera de las CCAA\",\"previousItem\":{\"@type\":\"ListItem\",\"@id\":\"https:\\\/\\\/www.eldigitaldeasturias.com\\\/noticias\\\/category\\\/economia\\\/#listItem\",\"name\":\"Econom\\u00eda\"}}]},{\"@type\":\"Organization\",\"@id\":\"https:\\\/\\\/www.eldigitaldeasturias.com\\\/noticias\\\/#organization\",\"name\":\"El Digital de Asturias\",\"description\":\"Hemeroteca\",\"url\":\"https:\\\/\\\/www.eldigitaldeasturias.com\\\/noticias\\\/\",\"email\":\"info@eldigitaldeasturias.com\",\"telephone\":\"+34652131393\",\"logo\":{\"@type\":\"ImageObject\",\"url\":\"https:\\\/\\\/www.eldigitaldeasturias.com\\\/noticias\\\/wp-content\\\/uploads\\\/2020\\\/12\\\/EDA.jpg\",\"@id\":\"https:\\\/\\\/www.eldigitaldeasturias.com\\\/noticias\\\/fernandez-de-moya-la-estabilidad-presupuestaria-y-la-sostenibilidad-financiera-de-las-ccaa\\\/#organizationLogo\",\"width\":649,\"height\":297},\"image\":{\"@id\":\"https:\\\/\\\/www.eldigitaldeasturias.com\\\/noticias\\\/fernandez-de-moya-la-estabilidad-presupuestaria-y-la-sostenibilidad-financiera-de-las-ccaa\\\/#organizationLogo\"},\"sameAs\":[\"https:\\\/\\\/facebook.com\\\/eldigitaldeasturias\",\"https:\\\/\\\/www.youtube.com\\\/channel\\\/UCZP-2wLEB9Rv6erhFmqVnvg\"],\"address\":{\"@id\":\"https:\\\/\\\/www.eldigitaldeasturias.com\\\/noticias\\\/#postaladdress\",\"@type\":\"PostalAddress\",\"streetAddress\":\"san antonio 4,\",\"postalCode\":\"33430\",\"addressLocality\":\"Cand\\u00e1s\",\"addressRegion\":\"Asturias\",\"addressCountry\":\"ES\"}},{\"@type\":\"Person\",\"@id\":\"https:\\\/\\\/www.eldigitaldeasturias.com\\\/noticias\\\/author\\\/admin\\\/#author\",\"url\":\"https:\\\/\\\/www.eldigitaldeasturias.com\\\/noticias\\\/author\\\/admin\\\/\",\"name\":\"El Digital de Asturias\",\"image\":{\"@type\":\"ImageObject\",\"@id\":\"https:\\\/\\\/www.eldigitaldeasturias.com\\\/noticias\\\/fernandez-de-moya-la-estabilidad-presupuestaria-y-la-sostenibilidad-financiera-de-las-ccaa\\\/#authorImage\",\"url\":\"https:\\\/\\\/www.eldigitaldeasturias.com\\\/noticias\\\/wp-content\\\/litespeed\\\/avatar\\\/18677e78aa0546b92d9dbf31ec7d7668.jpg?ver=1777290358\",\"width\":96,\"height\":96,\"caption\":\"El Digital de Asturias\"}},{\"@type\":\"WebPage\",\"@id\":\"https:\\\/\\\/www.eldigitaldeasturias.com\\\/noticias\\\/fernandez-de-moya-la-estabilidad-presupuestaria-y-la-sostenibilidad-financiera-de-las-ccaa\\\/#webpage\",\"url\":\"https:\\\/\\\/www.eldigitaldeasturias.com\\\/noticias\\\/fernandez-de-moya-la-estabilidad-presupuestaria-y-la-sostenibilidad-financiera-de-las-ccaa\\\/\",\"name\":\"Fern\\u00e1ndez de Moya la estabilidad presupuestaria y la sostenibilidad financiera de las CCAA - El Digital de Asturias\",\"description\":\"El secretario de Estado de Hacienda, Jos\\u00e9 Enrique Fern\\u00e1ndez de Moya, ha se\\u00f1alado que el objetivo del Gobierno en el marco de la Reforma del Sistema de Financiaci\\u00f3n Auton\\u00f3mica es alcanzar un modelo que preserve la estabilidad presupuestaria y la sostenibilidad financiera que han contribuido a que Espa\\u00f1a haya experimentado el crecimiento econ\\u00f3mico \\\"m\\u00e1s sano\\\"\",\"inLanguage\":\"es-ES\",\"isPartOf\":{\"@id\":\"https:\\\/\\\/www.eldigitaldeasturias.com\\\/noticias\\\/#website\"},\"breadcrumb\":{\"@id\":\"https:\\\/\\\/www.eldigitaldeasturias.com\\\/noticias\\\/fernandez-de-moya-la-estabilidad-presupuestaria-y-la-sostenibilidad-financiera-de-las-ccaa\\\/#breadcrumblist\"},\"author\":{\"@id\":\"https:\\\/\\\/www.eldigitaldeasturias.com\\\/noticias\\\/author\\\/admin\\\/#author\"},\"creator\":{\"@id\":\"https:\\\/\\\/www.eldigitaldeasturias.com\\\/noticias\\\/author\\\/admin\\\/#author\"},\"image\":{\"@type\":\"ImageObject\",\"url\":\"https:\\\/\\\/www.eldigitaldeasturias.com\\\/noticias\\\/wp-content\\\/uploads\\\/2017\\\/12\\\/041217-Senado.jpg\",\"@id\":\"https:\\\/\\\/www.eldigitaldeasturias.com\\\/noticias\\\/fernandez-de-moya-la-estabilidad-presupuestaria-y-la-sostenibilidad-financiera-de-las-ccaa\\\/#mainImage\",\"width\":496,\"height\":329},\"primaryImageOfPage\":{\"@id\":\"https:\\\/\\\/www.eldigitaldeasturias.com\\\/noticias\\\/fernandez-de-moya-la-estabilidad-presupuestaria-y-la-sostenibilidad-financiera-de-las-ccaa\\\/#mainImage\"},\"datePublished\":\"2017-12-06T00:55:31+01:00\",\"dateModified\":\"2017-12-06T00:55:31+01:00\"},{\"@type\":\"WebSite\",\"@id\":\"https:\\\/\\\/www.eldigitaldeasturias.com\\\/noticias\\\/#website\",\"url\":\"https:\\\/\\\/www.eldigitaldeasturias.com\\\/noticias\\\/\",\"name\":\"El Digital de Asturias - Diario de actualidad y noticias\",\"alternateName\":\"El Digital de Asturias - Diario de actualidad y noticias\",\"description\":\"Hemeroteca\",\"inLanguage\":\"es-ES\",\"publisher\":{\"@id\":\"https:\\\/\\\/www.eldigitaldeasturias.com\\\/noticias\\\/#organization\"}}]}\n\t\t<\/script>\n\t\t<!-- All in One SEO Pro -->\r\n\t\t<title>Fern\u00e1ndez de Moya la estabilidad presupuestaria y la sostenibilidad financiera de las CCAA - El Digital de Asturias<\/title>\n\n","aioseo_head_json":{"title":"Fern\u00e1ndez de Moya la estabilidad presupuestaria y la sostenibilidad financiera de las CCAA - El Digital de Asturias","description":"El secretario de Estado de Hacienda, Jos\u00e9 Enrique Fern\u00e1ndez de Moya, ha se\u00f1alado que el objetivo del Gobierno en el marco de la Reforma del Sistema de Financiaci\u00f3n Auton\u00f3mica es alcanzar un modelo que preserve la estabilidad presupuestaria y la sostenibilidad financiera que han contribuido a que Espa\u00f1a haya experimentado el crecimiento econ\u00f3mico \"m\u00e1s sano\"","canonical_url":"https:\/\/www.eldigitaldeasturias.com\/noticias\/fernandez-de-moya-la-estabilidad-presupuestaria-y-la-sostenibilidad-financiera-de-las-ccaa\/","robots":"max-image-preview:large","keywords":"econom\u00eda","webmasterTools":{"google-site-verification":"UA-38556648-1","msvalidate.01":"7dfe9f3f1b24437ab69f4f2559babe99","miscellaneous":""},"schema":{"@context":"https:\/\/schema.org","@graph":[{"@type":"BlogPosting","@id":"https:\/\/www.eldigitaldeasturias.com\/noticias\/fernandez-de-moya-la-estabilidad-presupuestaria-y-la-sostenibilidad-financiera-de-las-ccaa\/#blogposting","name":"Fern\u00e1ndez de Moya la estabilidad presupuestaria y la sostenibilidad financiera de las CCAA - El Digital de Asturias","headline":"Fern\u00e1ndez de Moya la estabilidad presupuestaria y la sostenibilidad financiera de las CCAA","author":{"@id":"https:\/\/www.eldigitaldeasturias.com\/noticias\/author\/admin\/#author"},"publisher":{"@id":"https:\/\/www.eldigitaldeasturias.com\/noticias\/#organization"},"image":{"@type":"ImageObject","url":"https:\/\/www.eldigitaldeasturias.com\/noticias\/wp-content\/uploads\/2017\/12\/041217-Senado.jpg","width":496,"height":329},"datePublished":"2017-12-06T00:55:31+01:00","dateModified":"2017-12-06T00:55:31+01:00","inLanguage":"es-ES","mainEntityOfPage":{"@id":"https:\/\/www.eldigitaldeasturias.com\/noticias\/fernandez-de-moya-la-estabilidad-presupuestaria-y-la-sostenibilidad-financiera-de-las-ccaa\/#webpage"},"isPartOf":{"@id":"https:\/\/www.eldigitaldeasturias.com\/noticias\/fernandez-de-moya-la-estabilidad-presupuestaria-y-la-sostenibilidad-financiera-de-las-ccaa\/#webpage"},"articleSection":"Econom\u00eda"},{"@type":"BreadcrumbList","@id":"https:\/\/www.eldigitaldeasturias.com\/noticias\/fernandez-de-moya-la-estabilidad-presupuestaria-y-la-sostenibilidad-financiera-de-las-ccaa\/#breadcrumblist","itemListElement":[{"@type":"ListItem","@id":"https:\/\/www.eldigitaldeasturias.com\/noticias#listItem","position":1,"name":"Home","item":"https:\/\/www.eldigitaldeasturias.com\/noticias","nextItem":{"@type":"ListItem","@id":"https:\/\/www.eldigitaldeasturias.com\/noticias\/category\/economia\/#listItem","name":"Econom\u00eda"}},{"@type":"ListItem","@id":"https:\/\/www.eldigitaldeasturias.com\/noticias\/category\/economia\/#listItem","position":2,"name":"Econom\u00eda","item":"https:\/\/www.eldigitaldeasturias.com\/noticias\/category\/economia\/","nextItem":{"@type":"ListItem","@id":"https:\/\/www.eldigitaldeasturias.com\/noticias\/fernandez-de-moya-la-estabilidad-presupuestaria-y-la-sostenibilidad-financiera-de-las-ccaa\/#listItem","name":"Fern\u00e1ndez de Moya la estabilidad presupuestaria y la sostenibilidad financiera de las CCAA"},"previousItem":{"@type":"ListItem","@id":"https:\/\/www.eldigitaldeasturias.com\/noticias#listItem","name":"Home"}},{"@type":"ListItem","@id":"https:\/\/www.eldigitaldeasturias.com\/noticias\/fernandez-de-moya-la-estabilidad-presupuestaria-y-la-sostenibilidad-financiera-de-las-ccaa\/#listItem","position":3,"name":"Fern\u00e1ndez de Moya la estabilidad presupuestaria y la sostenibilidad financiera de las CCAA","previousItem":{"@type":"ListItem","@id":"https:\/\/www.eldigitaldeasturias.com\/noticias\/category\/economia\/#listItem","name":"Econom\u00eda"}}]},{"@type":"Organization","@id":"https:\/\/www.eldigitaldeasturias.com\/noticias\/#organization","name":"El Digital de Asturias","description":"Hemeroteca","url":"https:\/\/www.eldigitaldeasturias.com\/noticias\/","email":"info@eldigitaldeasturias.com","telephone":"+34652131393","logo":{"@type":"ImageObject","url":"https:\/\/www.eldigitaldeasturias.com\/noticias\/wp-content\/uploads\/2020\/12\/EDA.jpg","@id":"https:\/\/www.eldigitaldeasturias.com\/noticias\/fernandez-de-moya-la-estabilidad-presupuestaria-y-la-sostenibilidad-financiera-de-las-ccaa\/#organizationLogo","width":649,"height":297},"image":{"@id":"https:\/\/www.eldigitaldeasturias.com\/noticias\/fernandez-de-moya-la-estabilidad-presupuestaria-y-la-sostenibilidad-financiera-de-las-ccaa\/#organizationLogo"},"sameAs":["https:\/\/facebook.com\/eldigitaldeasturias","https:\/\/www.youtube.com\/channel\/UCZP-2wLEB9Rv6erhFmqVnvg"],"address":{"@id":"https:\/\/www.eldigitaldeasturias.com\/noticias\/#postaladdress","@type":"PostalAddress","streetAddress":"san antonio 4,","postalCode":"33430","addressLocality":"Cand\u00e1s","addressRegion":"Asturias","addressCountry":"ES"}},{"@type":"Person","@id":"https:\/\/www.eldigitaldeasturias.com\/noticias\/author\/admin\/#author","url":"https:\/\/www.eldigitaldeasturias.com\/noticias\/author\/admin\/","name":"El Digital de Asturias","image":{"@type":"ImageObject","@id":"https:\/\/www.eldigitaldeasturias.com\/noticias\/fernandez-de-moya-la-estabilidad-presupuestaria-y-la-sostenibilidad-financiera-de-las-ccaa\/#authorImage","url":"https:\/\/www.eldigitaldeasturias.com\/noticias\/wp-content\/litespeed\/avatar\/18677e78aa0546b92d9dbf31ec7d7668.jpg?ver=1777290358","width":96,"height":96,"caption":"El Digital de Asturias"}},{"@type":"WebPage","@id":"https:\/\/www.eldigitaldeasturias.com\/noticias\/fernandez-de-moya-la-estabilidad-presupuestaria-y-la-sostenibilidad-financiera-de-las-ccaa\/#webpage","url":"https:\/\/www.eldigitaldeasturias.com\/noticias\/fernandez-de-moya-la-estabilidad-presupuestaria-y-la-sostenibilidad-financiera-de-las-ccaa\/","name":"Fern\u00e1ndez de Moya la estabilidad presupuestaria y la sostenibilidad financiera de las CCAA - El Digital de Asturias","description":"El secretario de Estado de Hacienda, Jos\u00e9 Enrique Fern\u00e1ndez de Moya, ha se\u00f1alado que el objetivo del Gobierno en el marco de la Reforma del Sistema de Financiaci\u00f3n Auton\u00f3mica es alcanzar un modelo que preserve la estabilidad presupuestaria y la sostenibilidad financiera que han contribuido a que Espa\u00f1a haya experimentado el crecimiento econ\u00f3mico \"m\u00e1s sano\"","inLanguage":"es-ES","isPartOf":{"@id":"https:\/\/www.eldigitaldeasturias.com\/noticias\/#website"},"breadcrumb":{"@id":"https:\/\/www.eldigitaldeasturias.com\/noticias\/fernandez-de-moya-la-estabilidad-presupuestaria-y-la-sostenibilidad-financiera-de-las-ccaa\/#breadcrumblist"},"author":{"@id":"https:\/\/www.eldigitaldeasturias.com\/noticias\/author\/admin\/#author"},"creator":{"@id":"https:\/\/www.eldigitaldeasturias.com\/noticias\/author\/admin\/#author"},"image":{"@type":"ImageObject","url":"https:\/\/www.eldigitaldeasturias.com\/noticias\/wp-content\/uploads\/2017\/12\/041217-Senado.jpg","@id":"https:\/\/www.eldigitaldeasturias.com\/noticias\/fernandez-de-moya-la-estabilidad-presupuestaria-y-la-sostenibilidad-financiera-de-las-ccaa\/#mainImage","width":496,"height":329},"primaryImageOfPage":{"@id":"https:\/\/www.eldigitaldeasturias.com\/noticias\/fernandez-de-moya-la-estabilidad-presupuestaria-y-la-sostenibilidad-financiera-de-las-ccaa\/#mainImage"},"datePublished":"2017-12-06T00:55:31+01:00","dateModified":"2017-12-06T00:55:31+01:00"},{"@type":"WebSite","@id":"https:\/\/www.eldigitaldeasturias.com\/noticias\/#website","url":"https:\/\/www.eldigitaldeasturias.com\/noticias\/","name":"El Digital de Asturias - Diario de actualidad y noticias","alternateName":"El Digital de Asturias - Diario de actualidad y noticias","description":"Hemeroteca","inLanguage":"es-ES","publisher":{"@id":"https:\/\/www.eldigitaldeasturias.com\/noticias\/#organization"}}]},"og:locale":"es_ES","og:site_name":"El Digital de Asturias","og:type":"article","og:title":"Fern\u00e1ndez de Moya la estabilidad presupuestaria y la sostenibilidad financiera de las CCAA - El Digital de Asturias","og:description":"El secretario de Estado de Hacienda, Jos\u00e9 Enrique Fern\u00e1ndez de Moya, ha se\u00f1alado que el objetivo del Gobierno en el marco de la Reforma del Sistema de Financiaci\u00f3n Auton\u00f3mica es alcanzar un modelo que preserve la estabilidad presupuestaria y la sostenibilidad financiera que han contribuido a que Espa\u00f1a haya experimentado el crecimiento econ\u00f3mico &quot;m\u00e1s sano&quot;","og:url":"https:\/\/www.eldigitaldeasturias.com\/noticias\/fernandez-de-moya-la-estabilidad-presupuestaria-y-la-sostenibilidad-financiera-de-las-ccaa\/","og:image":"https:\/\/www.eldigitaldeasturias.com\/noticias\/wp-content\/uploads\/2017\/12\/041217-Senado.jpg","og:image:secure_url":"https:\/\/www.eldigitaldeasturias.com\/noticias\/wp-content\/uploads\/2017\/12\/041217-Senado.jpg","og:image:width":496,"og:image:height":329,"article:tag":["econom\u00eda"],"article:published_time":"2017-12-06T00:55:31+00:00","article:modified_time":"2017-12-06T00:55:31+00:00","article:publisher":"https:\/\/facebook.com\/eldigitaldeasturias","twitter:card":"summary_large_image","twitter:title":"Fern\u00e1ndez de Moya la estabilidad presupuestaria y la sostenibilidad financiera de las CCAA - El Digital de Asturias","twitter:description":"El secretario de Estado de Hacienda, Jos\u00e9 Enrique Fern\u00e1ndez de Moya, ha se\u00f1alado que el objetivo del Gobierno en el marco de la Reforma del Sistema de Financiaci\u00f3n Auton\u00f3mica es alcanzar un modelo que preserve la estabilidad presupuestaria y la sostenibilidad financiera que han contribuido a que Espa\u00f1a haya experimentado el crecimiento econ\u00f3mico &quot;m\u00e1s sano&quot;","twitter:image":"https:\/\/www.eldigitaldeasturias.com\/noticias\/wp-content\/uploads\/2017\/12\/041217-Senado.jpg","twitter:label1":"Escrito por","twitter:data1":"El Digital de Asturias","twitter:label2":"Tiempo de lectura estimado","twitter:data2":"3 minutos"},"aioseo_meta_data":{"post_id":"962475","title":null,"description":null,"keywords":null,"keyphrases":null,"primary_term":null,"canonical_url":null,"og_title":null,"og_description":null,"og_object_type":"default","og_image_type":"default","og_image_url":null,"og_image_width":null,"og_image_height":null,"og_image_custom_url":null,"og_image_custom_fields":null,"og_video":null,"og_custom_url":null,"og_article_section":null,"og_article_tags":null,"twitter_use_og":false,"twitter_card":"default","twitter_image_type":"default","twitter_image_url":null,"twitter_image_custom_url":null,"twitter_image_custom_fields":null,"twitter_title":null,"twitter_description":null,"schema":{"blockGraphs":[],"customGraphs":[],"default":{"data":{"Article":[],"Course":[],"Dataset":[],"FAQPage":[],"Movie":[],"Person":[],"Product":[],"ProductReview":[],"Car":[],"Recipe":[],"Service":[],"SoftwareApplication":[],"WebPage":[]},"graphName":"","isEnabled":true},"graphs":[],"defaultGraph":"","defaultPostTypeGraph":""},"schema_type":null,"schema_type_options":null,"pillar_content":false,"robots_default":true,"robots_noindex":false,"robots_noarchive":false,"robots_nosnippet":false,"robots_nofollow":false,"robots_noimageindex":false,"robots_noodp":false,"robots_notranslate":false,"robots_max_snippet":null,"robots_max_videopreview":null,"robots_max_imagepreview":"large","priority":null,"frequency":null,"local_seo":null,"seo_analyzer_scan_date":"2025-12-07 12:39:57","breadcrumb_settings":null,"limit_modified_date":false,"open_ai":null,"ai":null,"created":"2020-12-21 12:46:37","updated":"2025-12-07 12:39:57"},"aioseo_breadcrumb":"<div class=\"aioseo-breadcrumbs\"><span class=\"aioseo-breadcrumb\">\n\t<a href=\"https:\/\/www.eldigitaldeasturias.com\/noticias\" title=\"Home\">Home<\/a>\n<\/span><span class=\"aioseo-breadcrumb-separator\">\u2013<\/span><span class=\"aioseo-breadcrumb\">\n\t<a href=\"https:\/\/www.eldigitaldeasturias.com\/noticias\/category\/economia\/\" title=\"Econom\u00eda\">Econom\u00eda<\/a>\n<\/span><span class=\"aioseo-breadcrumb-separator\">\u2013<\/span><span class=\"aioseo-breadcrumb\">\n\t<a href=\"https:\/\/www.eldigitaldeasturias.com\/noticias\/fernandez-de-moya-la-estabilidad-presupuestaria-y-la-sostenibilidad-financiera-de-las-ccaa\/\" title=\"Fern\u00e1ndez de Moya la estabilidad presupuestaria y la sostenibilidad financiera de las CCAA\">Fern\u00e1ndez de Moya la estabilidad presupuestaria y la sostenibilidad financiera de las CCAA<\/a>\n<\/span><\/div>","aioseo_breadcrumb_json":[{"label":"Home","link":"https:\/\/www.eldigitaldeasturias.com\/noticias"},{"label":"Econom\u00eda","link":"https:\/\/www.eldigitaldeasturias.com\/noticias\/category\/economia\/"},{"label":"Fern\u00e1ndez de Moya la estabilidad presupuestaria y la sostenibilidad financiera de las CCAA","link":"https:\/\/www.eldigitaldeasturias.com\/noticias\/fernandez-de-moya-la-estabilidad-presupuestaria-y-la-sostenibilidad-financiera-de-las-ccaa\/"}],"_links":{"self":[{"href":"https:\/\/www.eldigitaldeasturias.com\/noticias\/wp-json\/wp\/v2\/posts\/962475","targetHints":{"allow":["GET"]}}],"collection":[{"href":"https:\/\/www.eldigitaldeasturias.com\/noticias\/wp-json\/wp\/v2\/posts"}],"about":[{"href":"https:\/\/www.eldigitaldeasturias.com\/noticias\/wp-json\/wp\/v2\/types\/post"}],"author":[{"embeddable":true,"href":"https:\/\/www.eldigitaldeasturias.com\/noticias\/wp-json\/wp\/v2\/users\/1"}],"replies":[{"embeddable":true,"href":"https:\/\/www.eldigitaldeasturias.com\/noticias\/wp-json\/wp\/v2\/comments?post=962475"}],"version-history":[{"count":0,"href":"https:\/\/www.eldigitaldeasturias.com\/noticias\/wp-json\/wp\/v2\/posts\/962475\/revisions"}],"wp:featuredmedia":[{"embeddable":true,"href":"https:\/\/www.eldigitaldeasturias.com\/noticias\/wp-json\/wp\/v2\/media\/962476"}],"wp:attachment":[{"href":"https:\/\/www.eldigitaldeasturias.com\/noticias\/wp-json\/wp\/v2\/media?parent=962475"}],"wp:term":[{"taxonomy":"category","embeddable":true,"href":"https:\/\/www.eldigitaldeasturias.com\/noticias\/wp-json\/wp\/v2\/categories?post=962475"},{"taxonomy":"post_tag","embeddable":true,"href":"https:\/\/www.eldigitaldeasturias.com\/noticias\/wp-json\/wp\/v2\/tags?post=962475"}],"curies":[{"name":"wp","href":"https:\/\/api.w.org\/{rel}","templated":true}]}}