{"id":962337,"date":"2017-12-04T16:51:58","date_gmt":"2017-12-04T16:51:58","guid":{"rendered":"http:\/\/www.eldigitaldeasturias.com\/noticias\/?p=962337"},"modified":"2017-12-04T16:51:58","modified_gmt":"2017-12-04T16:51:58","slug":"entrega-de-los-xiii-premios-plaza-de-espana-a-los-valores-constitucionales","status":"publish","type":"post","link":"https:\/\/www.eldigitaldeasturias.com\/noticias\/entrega-de-los-xiii-premios-plaza-de-espana-a-los-valores-constitucionales\/","title":{"rendered":"Entrega de los XIII Premios Plaza de Espa\u00f1a a los valores constitucionales"},"content":{"rendered":"<p><img loading=\"lazy\" decoding=\"async\" class=\"alignleft size-medium wp-image-962338\" src=\"https:\/\/www.eldigitaldeasturias.com\/noticias\/wp-content\/uploads\/2017\/12\/041217Zoido-360x239.jpg\" alt=\"\" width=\"360\" height=\"239\" \/>El ministro del Interior, Juan Ignacio Zoido, ha presidido en Sevilla el acto homenaje a la Constituci\u00f3n en el que se ha hecho entrega de los XIII Premios Plaza de Espa\u00f1a a los valores constitucionales, concedidos por la Delegaci\u00f3n del Gobierno en Andaluc\u00eda.<\/p>\n<p>Los distinguidos han sido el exvicepresidente del Gobierno Alfonso Guerra, el catedr\u00e1tico de Derecho Mercantil Manuel Olivencia, al cantante Raphael, la firma Airbus Espa\u00f1a, el Diario de C\u00e1diz, la Vuelta Ciclista a Espa\u00f1a, Cruz Roja en Andaluc\u00eda y la Fundaci\u00f3n Pers\u00e1n. Con estos premios, que conmemoran el 39\u00ba aniversario de la Constituci\u00f3n Espa\u00f1ola, se reconoce el cumplimiento, la defensa y la difusi\u00f3n de los valores democr\u00e1ticos recogidos en la Carta Magna espa\u00f1ola, y en especial los valores institucionales, la proyecci\u00f3n internacional, la promoci\u00f3n cultural, la convivencia democr\u00e1tica, la cooperaci\u00f3n internacional, la solidaridad y la labor social.<\/p>\n<p>En su intervenci\u00f3n, el ministro del Interior ha subrayado que la Constituci\u00f3n, \u00abla que todos los espa\u00f1oles quisimos otorgarnos fruto del di\u00e1logo, el entendimiento y la capacidad de renuncia bien entendida, cumple el pr\u00f3ximo mi\u00e9rcoles 39 a\u00f1os y lo hace con una salud envidiable y con una absoluta vigencia que no debe ponerse en cuesti\u00f3n\u00bb.<\/p>\n<p>Juan Ignacio Zoido se ha referido al desaf\u00edo independentista, \u00abel mayor de las cuatro d\u00e9cadas de vida de la Constituci\u00f3n\u00bb, para subrayar que \u00abprecisamente en estos momentos tan delicados es cuando m\u00e1s ha quedado demostrada su absoluta vigencia. Porque la aplicaci\u00f3n de un art\u00edculo de la Constituci\u00f3n que nunca en casi 40 a\u00f1os hab\u00eda tenido que ser utilizado antes, afortunadamente, as\u00ed lo ha dejado claro. Porque al hacerlo se ha recuperado la legalidad y la normalidad democr\u00e1tica, que hab\u00edan estado amenazadas seriamente. Y se ha hecho de un modo sereno, moderado y proporcionado que ha servido para defender la ley, las instituciones y la convivencia ordenada. Demostrando as\u00ed que nuestra Constituci\u00f3n tiene las herramientas necesarias para preservar los valores esenciales de nuestra convivencia: la democracia, la libertad, los derechos individuales de las personas, el Estado de derecho y el imperio de la ley. Por lo una Constituci\u00f3n que hace 40 a\u00f1os ya contempl\u00f3 este recurso est\u00e1 absolutamente vigente\u00bb.<\/p>\n<p>Seguidamente, el ministro del Interior ha destacado que \u00abeso no quiere decir que sea un documento inamovible ni un dogma de fe. Por supuesto que puede, y debe, ser revisado, adaptado y actualizado en aquello que sea necesario, pero sin caer en la reforma por la reforma, sino s\u00f3lo como producto de un proceso marcado por el sentido com\u00fan, la sensatez y el mayor acuerdo posible\u00bb.<\/p>\n<p>Juan Ignacio Zoido ha elogiado la trayectoria profesional de todos los galardonados, pero al tratarse de un acto de celebraci\u00f3n del 39\u00ba aniversario de la Constituci\u00f3n ha resaltado a Alfonso Guerra, \u00abcuya aportaci\u00f3n a la Constituci\u00f3n es indudable. Ha dicho recientemente que su reforma es posible, pero siempre que exista la lealtad institucional necesaria para ello y hay muy pocas voces tan autorizadas como la suya para decirlo\u00bb.<\/p>\n","protected":false},"excerpt":{"rendered":"<p>El ministro del Interior, Juan Ignacio Zoido, ha presidido en Sevilla el acto homenaje a la Constituci\u00f3n en el que se ha hecho entrega de los XIII Premios Plaza de Espa\u00f1a a los valores constitucionales, concedidos por la Delegaci\u00f3n del Gobierno en Andaluc\u00eda. Los distinguidos han sido el exvicepresidente del Gobierno Alfonso Guerra, el catedr\u00e1tico [&hellip;]<\/p>\n","protected":false},"author":1,"featured_media":962338,"comment_status":"closed","ping_status":"closed","sticky":false,"template":"","format":"standard","meta":{"footnotes":""},"categories":[1],"tags":[],"class_list":["post-962337","post","type-post","status-publish","format-standard","has-post-thumbnail","hentry","category-actualidad"],"aioseo_notices":[],"aioseo_head":"\n\t\t<!-- All in One SEO Pro 5.0.1 - aioseo.com -->\n\t<meta name=\"description\" content=\"El ministro del Interior, Juan Ignacio Zoido, ha presidido en Sevilla el acto homenaje a la Constituci\u00f3n en el que se ha hecho entrega de los XIII Premios Plaza de Espa\u00f1a a los valores constitucionales, concedidos por la Delegaci\u00f3n del Gobierno en Andaluc\u00eda. Los distinguidos han sido el exvicepresidente del Gobierno Alfonso Guerra, el catedr\u00e1tico\" \/>\n\t<meta name=\"robots\" content=\"max-image-preview:large\" \/>\n\t<meta name=\"author\" content=\"El Digital de Asturias\"\/>\n\t<meta name=\"google-site-verification\" content=\"UA-38556648-1\" \/>\n\t<meta name=\"msvalidate.01\" content=\"7dfe9f3f1b24437ab69f4f2559babe99\" \/>\n\t<meta name=\"keywords\" content=\"actualidad\" \/>\n\t<link rel=\"canonical\" href=\"https:\/\/www.eldigitaldeasturias.com\/noticias\/entrega-de-los-xiii-premios-plaza-de-espana-a-los-valores-constitucionales\/\" \/>\n\t<meta name=\"generator\" content=\"All in One SEO Pro (AIOSEO) 5.0.1\" \/>\n\t\t<meta property=\"og:locale\" content=\"es_ES\" \/>\n\t\t<meta property=\"og:site_name\" content=\"El Digital de Asturias\" \/>\n\t\t<meta property=\"og:type\" content=\"article\" \/>\n\t\t<meta property=\"og:title\" content=\"Entrega de los XIII Premios Plaza de Espa\u00f1a a los valores constitucionales - El Digital de Asturias\" \/>\n\t\t<meta property=\"og:description\" content=\"El ministro del Interior, Juan Ignacio Zoido, ha presidido en Sevilla el acto homenaje a la Constituci\u00f3n en el que se ha hecho entrega de los XIII Premios Plaza de Espa\u00f1a a los valores constitucionales, concedidos por la Delegaci\u00f3n del Gobierno en Andaluc\u00eda. Los distinguidos han sido el exvicepresidente del Gobierno Alfonso Guerra, el catedr\u00e1tico\" \/>\n\t\t<meta property=\"og:url\" content=\"https:\/\/www.eldigitaldeasturias.com\/noticias\/entrega-de-los-xiii-premios-plaza-de-espana-a-los-valores-constitucionales\/\" \/>\n\t\t<meta property=\"article:tag\" content=\"actualidad\" \/>\n\t\t<meta property=\"article:published_time\" content=\"2017-12-04T16:51:58+00:00\" \/>\n\t\t<meta property=\"article:modified_time\" content=\"2017-12-04T16:51:58+00:00\" \/>\n\t\t<meta property=\"article:publisher\" content=\"https:\/\/facebook.com\/eldigitaldeasturias\" \/>\n\t\t<meta name=\"twitter:card\" content=\"summary_large_image\" \/>\n\t\t<meta name=\"twitter:title\" content=\"Entrega de los XIII Premios Plaza de Espa\u00f1a a los valores constitucionales - El Digital de Asturias\" \/>\n\t\t<meta name=\"twitter:description\" content=\"El ministro del Interior, Juan Ignacio Zoido, ha presidido en Sevilla el acto homenaje a la Constituci\u00f3n en el que se ha hecho entrega de los XIII Premios Plaza de Espa\u00f1a a los valores constitucionales, concedidos por la Delegaci\u00f3n del Gobierno en Andaluc\u00eda. Los distinguidos han sido el exvicepresidente del Gobierno Alfonso Guerra, el catedr\u00e1tico\" \/>\n\t\t<meta name=\"twitter:image\" content=\"https:\/\/www.eldigitaldeasturias.com\/noticias\/wp-content\/uploads\/2020\/12\/EDA-1.jpg\" \/>\n\t\t<meta name=\"twitter:label1\" content=\"Escrito por\" \/>\n\t\t<meta name=\"twitter:data1\" content=\"El Digital de Asturias\" \/>\n\t\t<meta name=\"twitter:label2\" content=\"Tiempo de lectura estimado\" \/>\n\t\t<meta name=\"twitter:data2\" content=\"3 minutos\" \/>\n\t\t<script type=\"application\/ld+json\" class=\"aioseo-schema\">\n\t\t\t{\"@context\":\"https:\\\/\\\/schema.org\",\"@graph\":[{\"@type\":\"BlogPosting\",\"@id\":\"https:\\\/\\\/www.eldigitaldeasturias.com\\\/noticias\\\/entrega-de-los-xiii-premios-plaza-de-espana-a-los-valores-constitucionales\\\/#blogposting\",\"name\":\"Entrega de los XIII Premios Plaza de Espa\\u00f1a a los valores constitucionales - El Digital de Asturias\",\"headline\":\"Entrega de los XIII Premios Plaza de Espa\\u00f1a a los valores constitucionales\",\"author\":{\"@id\":\"https:\\\/\\\/www.eldigitaldeasturias.com\\\/noticias\\\/author\\\/admin\\\/#author\"},\"publisher\":{\"@id\":\"https:\\\/\\\/www.eldigitaldeasturias.com\\\/noticias\\\/#organization\"},\"image\":{\"@type\":\"ImageObject\",\"url\":962338},\"datePublished\":\"2017-12-04T16:51:58+01:00\",\"dateModified\":\"2017-12-04T16:51:58+01:00\",\"inLanguage\":\"es-ES\",\"mainEntityOfPage\":{\"@id\":\"https:\\\/\\\/www.eldigitaldeasturias.com\\\/noticias\\\/entrega-de-los-xiii-premios-plaza-de-espana-a-los-valores-constitucionales\\\/#webpage\"},\"isPartOf\":{\"@id\":\"https:\\\/\\\/www.eldigitaldeasturias.com\\\/noticias\\\/entrega-de-los-xiii-premios-plaza-de-espana-a-los-valores-constitucionales\\\/#webpage\"},\"articleSection\":\"Actualidad\"},{\"@type\":\"BreadcrumbList\",\"@id\":\"https:\\\/\\\/www.eldigitaldeasturias.com\\\/noticias\\\/entrega-de-los-xiii-premios-plaza-de-espana-a-los-valores-constitucionales\\\/#breadcrumblist\",\"itemListElement\":[{\"@type\":\"ListItem\",\"@id\":\"https:\\\/\\\/www.eldigitaldeasturias.com\\\/noticias#listItem\",\"position\":1,\"name\":\"Home\",\"item\":\"https:\\\/\\\/www.eldigitaldeasturias.com\\\/noticias\",\"nextItem\":{\"@type\":\"ListItem\",\"@id\":\"https:\\\/\\\/www.eldigitaldeasturias.com\\\/noticias\\\/category\\\/actualidad\\\/#listItem\",\"name\":\"Actualidad\"}},{\"@type\":\"ListItem\",\"@id\":\"https:\\\/\\\/www.eldigitaldeasturias.com\\\/noticias\\\/category\\\/actualidad\\\/#listItem\",\"position\":2,\"name\":\"Actualidad\",\"item\":\"https:\\\/\\\/www.eldigitaldeasturias.com\\\/noticias\\\/category\\\/actualidad\\\/\",\"nextItem\":{\"@type\":\"ListItem\",\"@id\":\"https:\\\/\\\/www.eldigitaldeasturias.com\\\/noticias\\\/entrega-de-los-xiii-premios-plaza-de-espana-a-los-valores-constitucionales\\\/#listItem\",\"name\":\"Entrega de los XIII Premios Plaza de Espa\\u00f1a a los valores constitucionales\"},\"previousItem\":{\"@type\":\"ListItem\",\"@id\":\"https:\\\/\\\/www.eldigitaldeasturias.com\\\/noticias#listItem\",\"name\":\"Home\"}},{\"@type\":\"ListItem\",\"@id\":\"https:\\\/\\\/www.eldigitaldeasturias.com\\\/noticias\\\/entrega-de-los-xiii-premios-plaza-de-espana-a-los-valores-constitucionales\\\/#listItem\",\"position\":3,\"name\":\"Entrega de los XIII Premios Plaza de Espa\\u00f1a a los valores constitucionales\",\"previousItem\":{\"@type\":\"ListItem\",\"@id\":\"https:\\\/\\\/www.eldigitaldeasturias.com\\\/noticias\\\/category\\\/actualidad\\\/#listItem\",\"name\":\"Actualidad\"}}]},{\"@type\":\"Organization\",\"@id\":\"https:\\\/\\\/www.eldigitaldeasturias.com\\\/noticias\\\/#organization\",\"name\":\"El Digital de Asturias\",\"description\":\"Hemeroteca\",\"url\":\"https:\\\/\\\/www.eldigitaldeasturias.com\\\/noticias\\\/\",\"email\":\"info@eldigitaldeasturias.com\",\"telephone\":\"+34652131393\",\"logo\":{\"@type\":\"ImageObject\",\"url\":\"https:\\\/\\\/www.eldigitaldeasturias.com\\\/noticias\\\/wp-content\\\/uploads\\\/2020\\\/12\\\/EDA.jpg\",\"@id\":\"https:\\\/\\\/www.eldigitaldeasturias.com\\\/noticias\\\/entrega-de-los-xiii-premios-plaza-de-espana-a-los-valores-constitucionales\\\/#organizationLogo\"},\"image\":{\"@id\":\"https:\\\/\\\/www.eldigitaldeasturias.com\\\/noticias\\\/entrega-de-los-xiii-premios-plaza-de-espana-a-los-valores-constitucionales\\\/#organizationLogo\"},\"sameAs\":[\"https:\\\/\\\/facebook.com\\\/eldigitaldeasturias\",\"https:\\\/\\\/www.youtube.com\\\/channel\\\/UCZP-2wLEB9Rv6erhFmqVnvg\"],\"address\":{\"@id\":\"https:\\\/\\\/www.eldigitaldeasturias.com\\\/noticias\\\/#postaladdress\",\"@type\":\"PostalAddress\",\"streetAddress\":\"san antonio 4\",\"postalCode\":\"33430\",\"addressLocality\":\"Cand\\u00e1s\",\"addressRegion\":\"Asturias\",\"addressCountry\":\"ES\"}},{\"@type\":\"Person\",\"@id\":\"https:\\\/\\\/www.eldigitaldeasturias.com\\\/noticias\\\/author\\\/admin\\\/#author\",\"url\":\"https:\\\/\\\/www.eldigitaldeasturias.com\\\/noticias\\\/author\\\/admin\\\/\",\"name\":\"El Digital de Asturias\",\"image\":{\"@type\":\"ImageObject\",\"@id\":\"https:\\\/\\\/www.eldigitaldeasturias.com\\\/noticias\\\/entrega-de-los-xiii-premios-plaza-de-espana-a-los-valores-constitucionales\\\/#authorImage\",\"url\":\"https:\\\/\\\/secure.gravatar.com\\\/avatar\\\/df2aeffc32bcd13f8d26072ef8a91b623d677766deac7f97ca815868cd41bf5e?s=96&d=mm&r=g\",\"width\":96,\"height\":96,\"caption\":\"El Digital de Asturias\"}},{\"@type\":\"WebPage\",\"@id\":\"https:\\\/\\\/www.eldigitaldeasturias.com\\\/noticias\\\/entrega-de-los-xiii-premios-plaza-de-espana-a-los-valores-constitucionales\\\/#webpage\",\"url\":\"https:\\\/\\\/www.eldigitaldeasturias.com\\\/noticias\\\/entrega-de-los-xiii-premios-plaza-de-espana-a-los-valores-constitucionales\\\/\",\"name\":\"Entrega de los XIII Premios Plaza de Espa\\u00f1a a los valores constitucionales - El Digital de Asturias\",\"description\":\"El ministro del Interior, Juan Ignacio Zoido, ha presidido en Sevilla el acto homenaje a la Constituci\\u00f3n en el que se ha hecho entrega de los XIII Premios Plaza de Espa\\u00f1a a los valores constitucionales, concedidos por la Delegaci\\u00f3n del Gobierno en Andaluc\\u00eda. Los distinguidos han sido el exvicepresidente del Gobierno Alfonso Guerra, el catedr\\u00e1tico\",\"inLanguage\":\"es-ES\",\"isPartOf\":{\"@id\":\"https:\\\/\\\/www.eldigitaldeasturias.com\\\/noticias\\\/#website\"},\"breadcrumb\":{\"@id\":\"https:\\\/\\\/www.eldigitaldeasturias.com\\\/noticias\\\/entrega-de-los-xiii-premios-plaza-de-espana-a-los-valores-constitucionales\\\/#breadcrumblist\"},\"author\":{\"@id\":\"https:\\\/\\\/www.eldigitaldeasturias.com\\\/noticias\\\/author\\\/admin\\\/#author\"},\"creator\":{\"@id\":\"https:\\\/\\\/www.eldigitaldeasturias.com\\\/noticias\\\/author\\\/admin\\\/#author\"},\"image\":{\"@type\":\"ImageObject\",\"url\":962338,\"@id\":\"https:\\\/\\\/www.eldigitaldeasturias.com\\\/noticias\\\/entrega-de-los-xiii-premios-plaza-de-espana-a-los-valores-constitucionales\\\/#mainImage\"},\"primaryImageOfPage\":{\"@id\":\"https:\\\/\\\/www.eldigitaldeasturias.com\\\/noticias\\\/entrega-de-los-xiii-premios-plaza-de-espana-a-los-valores-constitucionales\\\/#mainImage\"},\"datePublished\":\"2017-12-04T16:51:58+01:00\",\"dateModified\":\"2017-12-04T16:51:58+01:00\"},{\"@type\":\"WebSite\",\"@id\":\"https:\\\/\\\/www.eldigitaldeasturias.com\\\/noticias\\\/#website\",\"url\":\"https:\\\/\\\/www.eldigitaldeasturias.com\\\/noticias\\\/\",\"name\":\"El Digital de Asturias - Diario de actualidad y noticias\",\"alternateName\":\"El Digital de Asturias - Diario de actualidad y noticias\",\"description\":\"Hemeroteca\",\"inLanguage\":\"es-ES\",\"publisher\":{\"@id\":\"https:\\\/\\\/www.eldigitaldeasturias.com\\\/noticias\\\/#organization\"}}]}\n\t\t<\/script>\n\t\t<!-- All in One SEO Pro -->\r\n\t\t<title>Entrega de los XIII Premios Plaza de Espa\u00f1a a los valores constitucionales - El Digital de Asturias<\/title>\n\n","aioseo_head_json":{"title":"Entrega de los XIII Premios Plaza de Espa\u00f1a a los valores constitucionales - El Digital de Asturias","description":"El ministro del Interior, Juan Ignacio Zoido, ha presidido en Sevilla el acto homenaje a la Constituci\u00f3n en el que se ha hecho entrega de los XIII Premios Plaza de Espa\u00f1a a los valores constitucionales, concedidos por la Delegaci\u00f3n del Gobierno en Andaluc\u00eda. Los distinguidos han sido el exvicepresidente del Gobierno Alfonso Guerra, el catedr\u00e1tico","canonical_url":"https:\/\/www.eldigitaldeasturias.com\/noticias\/entrega-de-los-xiii-premios-plaza-de-espana-a-los-valores-constitucionales\/","robots":"max-image-preview:large","keywords":"actualidad","webmasterTools":{"google-site-verification":"UA-38556648-1","msvalidate.01":"7dfe9f3f1b24437ab69f4f2559babe99","miscellaneous":""},"schema":{"@context":"https:\/\/schema.org","@graph":[{"@type":"BlogPosting","@id":"https:\/\/www.eldigitaldeasturias.com\/noticias\/entrega-de-los-xiii-premios-plaza-de-espana-a-los-valores-constitucionales\/#blogposting","name":"Entrega de los XIII Premios Plaza de Espa\u00f1a a los valores constitucionales - El Digital de Asturias","headline":"Entrega de los XIII Premios Plaza de Espa\u00f1a a los valores constitucionales","author":{"@id":"https:\/\/www.eldigitaldeasturias.com\/noticias\/author\/admin\/#author"},"publisher":{"@id":"https:\/\/www.eldigitaldeasturias.com\/noticias\/#organization"},"image":{"@type":"ImageObject","url":962338},"datePublished":"2017-12-04T16:51:58+01:00","dateModified":"2017-12-04T16:51:58+01:00","inLanguage":"es-ES","mainEntityOfPage":{"@id":"https:\/\/www.eldigitaldeasturias.com\/noticias\/entrega-de-los-xiii-premios-plaza-de-espana-a-los-valores-constitucionales\/#webpage"},"isPartOf":{"@id":"https:\/\/www.eldigitaldeasturias.com\/noticias\/entrega-de-los-xiii-premios-plaza-de-espana-a-los-valores-constitucionales\/#webpage"},"articleSection":"Actualidad"},{"@type":"BreadcrumbList","@id":"https:\/\/www.eldigitaldeasturias.com\/noticias\/entrega-de-los-xiii-premios-plaza-de-espana-a-los-valores-constitucionales\/#breadcrumblist","itemListElement":[{"@type":"ListItem","@id":"https:\/\/www.eldigitaldeasturias.com\/noticias#listItem","position":1,"name":"Home","item":"https:\/\/www.eldigitaldeasturias.com\/noticias","nextItem":{"@type":"ListItem","@id":"https:\/\/www.eldigitaldeasturias.com\/noticias\/category\/actualidad\/#listItem","name":"Actualidad"}},{"@type":"ListItem","@id":"https:\/\/www.eldigitaldeasturias.com\/noticias\/category\/actualidad\/#listItem","position":2,"name":"Actualidad","item":"https:\/\/www.eldigitaldeasturias.com\/noticias\/category\/actualidad\/","nextItem":{"@type":"ListItem","@id":"https:\/\/www.eldigitaldeasturias.com\/noticias\/entrega-de-los-xiii-premios-plaza-de-espana-a-los-valores-constitucionales\/#listItem","name":"Entrega de los XIII Premios Plaza de Espa\u00f1a a los valores constitucionales"},"previousItem":{"@type":"ListItem","@id":"https:\/\/www.eldigitaldeasturias.com\/noticias#listItem","name":"Home"}},{"@type":"ListItem","@id":"https:\/\/www.eldigitaldeasturias.com\/noticias\/entrega-de-los-xiii-premios-plaza-de-espana-a-los-valores-constitucionales\/#listItem","position":3,"name":"Entrega de los XIII Premios Plaza de Espa\u00f1a a los valores constitucionales","previousItem":{"@type":"ListItem","@id":"https:\/\/www.eldigitaldeasturias.com\/noticias\/category\/actualidad\/#listItem","name":"Actualidad"}}]},{"@type":"Organization","@id":"https:\/\/www.eldigitaldeasturias.com\/noticias\/#organization","name":"El Digital de Asturias","description":"Hemeroteca","url":"https:\/\/www.eldigitaldeasturias.com\/noticias\/","email":"info@eldigitaldeasturias.com","telephone":"+34652131393","logo":{"@type":"ImageObject","url":"https:\/\/www.eldigitaldeasturias.com\/noticias\/wp-content\/uploads\/2020\/12\/EDA.jpg","@id":"https:\/\/www.eldigitaldeasturias.com\/noticias\/entrega-de-los-xiii-premios-plaza-de-espana-a-los-valores-constitucionales\/#organizationLogo"},"image":{"@id":"https:\/\/www.eldigitaldeasturias.com\/noticias\/entrega-de-los-xiii-premios-plaza-de-espana-a-los-valores-constitucionales\/#organizationLogo"},"sameAs":["https:\/\/facebook.com\/eldigitaldeasturias","https:\/\/www.youtube.com\/channel\/UCZP-2wLEB9Rv6erhFmqVnvg"],"address":{"@id":"https:\/\/www.eldigitaldeasturias.com\/noticias\/#postaladdress","@type":"PostalAddress","streetAddress":"san antonio 4","postalCode":"33430","addressLocality":"Cand\u00e1s","addressRegion":"Asturias","addressCountry":"ES"}},{"@type":"Person","@id":"https:\/\/www.eldigitaldeasturias.com\/noticias\/author\/admin\/#author","url":"https:\/\/www.eldigitaldeasturias.com\/noticias\/author\/admin\/","name":"El Digital de Asturias","image":{"@type":"ImageObject","@id":"https:\/\/www.eldigitaldeasturias.com\/noticias\/entrega-de-los-xiii-premios-plaza-de-espana-a-los-valores-constitucionales\/#authorImage","url":"https:\/\/secure.gravatar.com\/avatar\/df2aeffc32bcd13f8d26072ef8a91b623d677766deac7f97ca815868cd41bf5e?s=96&d=mm&r=g","width":96,"height":96,"caption":"El Digital de Asturias"}},{"@type":"WebPage","@id":"https:\/\/www.eldigitaldeasturias.com\/noticias\/entrega-de-los-xiii-premios-plaza-de-espana-a-los-valores-constitucionales\/#webpage","url":"https:\/\/www.eldigitaldeasturias.com\/noticias\/entrega-de-los-xiii-premios-plaza-de-espana-a-los-valores-constitucionales\/","name":"Entrega de los XIII Premios Plaza de Espa\u00f1a a los valores constitucionales - El Digital de Asturias","description":"El ministro del Interior, Juan Ignacio Zoido, ha presidido en Sevilla el acto homenaje a la Constituci\u00f3n en el que se ha hecho entrega de los XIII Premios Plaza de Espa\u00f1a a los valores constitucionales, concedidos por la Delegaci\u00f3n del Gobierno en Andaluc\u00eda. Los distinguidos han sido el exvicepresidente del Gobierno Alfonso Guerra, el catedr\u00e1tico","inLanguage":"es-ES","isPartOf":{"@id":"https:\/\/www.eldigitaldeasturias.com\/noticias\/#website"},"breadcrumb":{"@id":"https:\/\/www.eldigitaldeasturias.com\/noticias\/entrega-de-los-xiii-premios-plaza-de-espana-a-los-valores-constitucionales\/#breadcrumblist"},"author":{"@id":"https:\/\/www.eldigitaldeasturias.com\/noticias\/author\/admin\/#author"},"creator":{"@id":"https:\/\/www.eldigitaldeasturias.com\/noticias\/author\/admin\/#author"},"image":{"@type":"ImageObject","url":962338,"@id":"https:\/\/www.eldigitaldeasturias.com\/noticias\/entrega-de-los-xiii-premios-plaza-de-espana-a-los-valores-constitucionales\/#mainImage"},"primaryImageOfPage":{"@id":"https:\/\/www.eldigitaldeasturias.com\/noticias\/entrega-de-los-xiii-premios-plaza-de-espana-a-los-valores-constitucionales\/#mainImage"},"datePublished":"2017-12-04T16:51:58+01:00","dateModified":"2017-12-04T16:51:58+01:00"},{"@type":"WebSite","@id":"https:\/\/www.eldigitaldeasturias.com\/noticias\/#website","url":"https:\/\/www.eldigitaldeasturias.com\/noticias\/","name":"El Digital de Asturias - Diario de actualidad y noticias","alternateName":"El Digital de Asturias - Diario de actualidad y noticias","description":"Hemeroteca","inLanguage":"es-ES","publisher":{"@id":"https:\/\/www.eldigitaldeasturias.com\/noticias\/#organization"}}]},"og:locale":"es_ES","og:site_name":"El Digital de Asturias","og:type":"article","og:title":"Entrega de los XIII Premios Plaza de Espa\u00f1a a los valores constitucionales - El Digital de Asturias","og:description":"El ministro del Interior, Juan Ignacio Zoido, ha presidido en Sevilla el acto homenaje a la Constituci\u00f3n en el que se ha hecho entrega de los XIII Premios Plaza de Espa\u00f1a a los valores constitucionales, concedidos por la Delegaci\u00f3n del Gobierno en Andaluc\u00eda. Los distinguidos han sido el exvicepresidente del Gobierno Alfonso Guerra, el catedr\u00e1tico","og:url":"https:\/\/www.eldigitaldeasturias.com\/noticias\/entrega-de-los-xiii-premios-plaza-de-espana-a-los-valores-constitucionales\/","article:tag":["actualidad"],"article:published_time":"2017-12-04T16:51:58+00:00","article:modified_time":"2017-12-04T16:51:58+00:00","article:publisher":"https:\/\/facebook.com\/eldigitaldeasturias","twitter:card":"summary_large_image","twitter:title":"Entrega de los XIII Premios Plaza de Espa\u00f1a a los valores constitucionales - El Digital de Asturias","twitter:description":"El ministro del Interior, Juan Ignacio Zoido, ha presidido en Sevilla el acto homenaje a la Constituci\u00f3n en el que se ha hecho entrega de los XIII Premios Plaza de Espa\u00f1a a los valores constitucionales, concedidos por la Delegaci\u00f3n del Gobierno en Andaluc\u00eda. Los distinguidos han sido el exvicepresidente del Gobierno Alfonso Guerra, el catedr\u00e1tico","twitter:image":"https:\/\/www.eldigitaldeasturias.com\/noticias\/wp-content\/uploads\/2020\/12\/EDA-1.jpg","twitter:label1":"Escrito por","twitter:data1":"El Digital de Asturias","twitter:label2":"Tiempo de lectura estimado","twitter:data2":"3 minutos"},"aioseo_meta_data":{"post_id":"962337","title":null,"description":null,"keywords":null,"keyphrases":null,"primary_term":null,"canonical_url":null,"og_title":null,"og_description":null,"og_object_type":"default","og_image_type":"default","og_image_url":null,"og_image_width":null,"og_image_height":null,"og_image_custom_url":null,"og_image_custom_fields":null,"og_video":null,"og_custom_url":null,"og_article_section":null,"og_article_tags":null,"twitter_use_og":false,"twitter_card":"default","twitter_image_type":"default","twitter_image_url":null,"twitter_image_custom_url":null,"twitter_image_custom_fields":null,"twitter_title":null,"twitter_description":null,"schema":{"blockGraphs":[],"customGraphs":[],"default":{"data":{"Article":[],"Course":[],"Dataset":[],"FAQPage":[],"Movie":[],"Person":[],"Product":[],"ProductReview":[],"Car":[],"Recipe":[],"Service":[],"SoftwareApplication":[],"WebPage":[]},"graphName":"","isEnabled":true},"graphs":[],"defaultGraph":"","defaultPostTypeGraph":""},"schema_type":null,"schema_type_options":null,"pillar_content":false,"robots_default":true,"robots_noindex":false,"robots_noarchive":false,"robots_nosnippet":false,"robots_nofollow":false,"robots_noimageindex":false,"robots_noodp":false,"robots_notranslate":false,"robots_max_snippet":null,"robots_max_videopreview":null,"robots_max_imagepreview":"large","priority":null,"frequency":null,"local_seo":null,"seo_analyzer_scan_date":"2025-12-07 12:10:40","breadcrumb_settings":null,"limit_modified_date":false,"open_ai":null,"ai":null,"created":"2020-12-21 12:46:39","updated":"2025-12-07 12:10:40","focus_keyword":null,"additional_keywords":null,"truseo_locale":null},"aioseo_breadcrumb":"<div class=\"aioseo-breadcrumbs\"><span class=\"aioseo-breadcrumb\">\n\t<a href=\"https:\/\/www.eldigitaldeasturias.com\/noticias\" title=\"Home\">Home<\/a>\n<\/span><span class=\"aioseo-breadcrumb-separator\">\u2013<\/span><span class=\"aioseo-breadcrumb\">\n\t<a href=\"https:\/\/www.eldigitaldeasturias.com\/noticias\/category\/actualidad\/\" title=\"Actualidad\">Actualidad<\/a>\n<\/span><span class=\"aioseo-breadcrumb-separator\">\u2013<\/span><span class=\"aioseo-breadcrumb\">\n\t<a href=\"https:\/\/www.eldigitaldeasturias.com\/noticias\/entrega-de-los-xiii-premios-plaza-de-espana-a-los-valores-constitucionales\/\" title=\"Entrega de los XIII Premios Plaza de Espa\u00f1a a los valores constitucionales\">Entrega de los XIII Premios Plaza de Espa\u00f1a a los valores constitucionales<\/a>\n<\/span><\/div>","aioseo_breadcrumb_json":[{"label":"Home","link":"https:\/\/www.eldigitaldeasturias.com\/noticias"},{"label":"Actualidad","link":"https:\/\/www.eldigitaldeasturias.com\/noticias\/category\/actualidad\/"},{"label":"Entrega de los XIII Premios Plaza de Espa\u00f1a a los valores constitucionales","link":"https:\/\/www.eldigitaldeasturias.com\/noticias\/entrega-de-los-xiii-premios-plaza-de-espana-a-los-valores-constitucionales\/"}],"_links":{"self":[{"href":"https:\/\/www.eldigitaldeasturias.com\/noticias\/wp-json\/wp\/v2\/posts\/962337","targetHints":{"allow":["GET"]}}],"collection":[{"href":"https:\/\/www.eldigitaldeasturias.com\/noticias\/wp-json\/wp\/v2\/posts"}],"about":[{"href":"https:\/\/www.eldigitaldeasturias.com\/noticias\/wp-json\/wp\/v2\/types\/post"}],"author":[{"embeddable":true,"href":"https:\/\/www.eldigitaldeasturias.com\/noticias\/wp-json\/wp\/v2\/users\/1"}],"replies":[{"embeddable":true,"href":"https:\/\/www.eldigitaldeasturias.com\/noticias\/wp-json\/wp\/v2\/comments?post=962337"}],"version-history":[{"count":0,"href":"https:\/\/www.eldigitaldeasturias.com\/noticias\/wp-json\/wp\/v2\/posts\/962337\/revisions"}],"wp:attachment":[{"href":"https:\/\/www.eldigitaldeasturias.com\/noticias\/wp-json\/wp\/v2\/media?parent=962337"}],"wp:term":[{"taxonomy":"category","embeddable":true,"href":"https:\/\/www.eldigitaldeasturias.com\/noticias\/wp-json\/wp\/v2\/categories?post=962337"},{"taxonomy":"post_tag","embeddable":true,"href":"https:\/\/www.eldigitaldeasturias.com\/noticias\/wp-json\/wp\/v2\/tags?post=962337"}],"curies":[{"name":"wp","href":"https:\/\/api.w.org\/{rel}","templated":true}]}}