{"id":962291,"date":"2017-12-04T13:17:11","date_gmt":"2017-12-04T13:17:11","guid":{"rendered":"http:\/\/www.eldigitaldeasturias.com\/noticias\/?p=962291"},"modified":"2017-12-04T13:17:11","modified_gmt":"2017-12-04T13:17:11","slug":"la-seguridad-social-suma-637-232-afiliados-en-el-ultimo-ano","status":"publish","type":"post","link":"https:\/\/www.eldigitaldeasturias.com\/noticias\/la-seguridad-social-suma-637-232-afiliados-en-el-ultimo-ano\/","title":{"rendered":"La Seguridad Social suma 637.232 afiliados en el \u00faltimo a\u00f1o"},"content":{"rendered":"<p><img loading=\"lazy\" decoding=\"async\" class=\"alignleft size-medium wp-image-962292\" src=\"https:\/\/www.eldigitaldeasturias.com\/noticias\/wp-content\/uploads\/2017\/12\/1010915_SedeINSS-360x239.jpg\" alt=\"\" width=\"360\" height=\"239\" srcset=\"https:\/\/www.eldigitaldeasturias.com\/noticias\/wp-content\/uploads\/2017\/12\/1010915_SedeINSS-360x239.jpg 360w, https:\/\/www.eldigitaldeasturias.com\/noticias\/wp-content\/uploads\/2017\/12\/1010915_SedeINSS.jpg 496w\" sizes=\"auto, (max-width: 360px) 100vw, 360px\" \/>La afiliaci\u00f3n media a la Seguridad Social alcanza 18.417.756 ocupados en noviembre, tras registrar el mayor incremento interanual de la serie hist\u00f3rica en ese mes, a excepci\u00f3n de 2005 (a\u00f1o condicionado por la regularizaci\u00f3n extraordinaria de inmigrantes) con 637.232 afiliados m\u00e1s respecto a 2016. El mes de noviembre la Seguridad Social rest\u00f3 12.773 ocupados (-0,07%).<\/p>\n<p>El n\u00famero de mujeres afiliadas a la Seguridad Social totaliza 8.521.826 trabajadoras, representando el 46,27% del total de ocupados.<\/p>\n<p>El dato desestacionalizado, que sirve para hacer un seguimiento de la tendencia de fondo que subyace en la evoluci\u00f3n del n\u00famero de afiliados, crece en el mes en 43.437 ocupados.<\/p>\n<p><strong>Respecto a octubre<\/strong><\/p>\n<p>El r\u00e9gimen general registr\u00f3 un descenso de 4.855 personas (-0,03%), hasta situarse en 15.139.984 ocupados. En noviembre, la afiliaci\u00f3n creci\u00f3 en t\u00e9rminos absolutos principalmente en educaci\u00f3n (28.400), comercio, reparaci\u00f3n de veh\u00edculos de motor y motocicletas, con 18.874 ocupados y construcci\u00f3n, con 15.846 ocupados.<\/p>\n<p>En cuanto al sistema especial agrario, incorpor\u00f3 10.065 afiliados medios m\u00e1s (1,33%), hasta situarse ahora en 765.898 personas. Por su parte, el sistema especial del empleados del hogar gan\u00f3 932 (0,22%) y ahora alcanza los 420.999 ocupados.<\/p>\n<p>El r\u00e9gimen de aut\u00f3nomos cuenta con 3.210.880 personas, tras decrecer en 7.022 (-0,22%) en el \u00faltimo mes. Respecto al r\u00e9gimen especial del mar, desciende en 841 ocupados (-1,29%) hasta situarse en 64.468 ocupados. Finalmente, el carb\u00f3n est\u00e1 constituido por 2.424 afiliados medios tras descender en 55 personas (-2,21%).<\/p>\n<p>Por comunidades aut\u00f3nomas, el n\u00famero de afiliados avanz\u00f3 en noviembre en Madrid (28.387), Comunidad Valenciana (21.324), Andaluc\u00eda (11.786), Canarias (5.157), Regi\u00f3n de Murcia (4.968), Pa\u00eds Vasco (3.846), Castilla-La Mancha (2.217), Melilla (1.004), Navarra (247), La Rioja (78) y Ceuta (38).<\/p>\n<p>Por el contrario, noviembre registr\u00f3 descensos en Baleares (-78.975), Castilla y Le\u00f3n (-5-833), Catalu\u00f1a (-4.038), Cantabria (-876), Galicia (-747) Arag\u00f3n (-587), Extremadura (-511), y Asturias (-259),<\/p>\n<p><strong>Respecto a 2016<\/strong><\/p>\n<p>En relaci\u00f3n al a\u00f1o pasado, el sistema ha ganado 637.232 ocupados, el 3,58%, junto con noviembre del a\u00f1o pasado, el mejor resultado desde 2005. En concreto, destaca el buen comportamiento del r\u00e9gimen general, que incorpora 620.189 trabajadores (4,27%). El crecimiento alcanza el 4,70% si hablamos del r\u00e9gimen general propiamente dicho (sin agrario ni hogar).<\/p>\n<p>En el r\u00e9gimen especial de trabajadores aut\u00f3nomos hay que se\u00f1alar que la tasa aument\u00f3 un 0,53%, lo que se traduce en un crecimiento de 16.986 personas. El r\u00e9gimen del mar creci\u00f3 un 0,60% (385) y el carb\u00f3n registr\u00f3 un descenso de 328 (-11,92%).<\/p>\n<p>En t\u00e9rminos anuales, la afiliaci\u00f3n creci\u00f3 en todas las comunidades aut\u00f3nomas, destacando en cifras absolutas los incrementos de Madrid (121.729), Catalu\u00f1a (115.288) y Andaluc\u00eda (110.779).<\/p>\n","protected":false},"excerpt":{"rendered":"<p>La afiliaci\u00f3n media a la Seguridad Social alcanza 18.417.756 ocupados en noviembre, tras registrar el mayor incremento interanual de la serie hist\u00f3rica en ese mes, a excepci\u00f3n de 2005 (a\u00f1o condicionado por la regularizaci\u00f3n extraordinaria de inmigrantes) con 637.232 afiliados m\u00e1s respecto a 2016. El mes de noviembre la Seguridad Social rest\u00f3 12.773 ocupados (-0,07%). [&hellip;]<\/p>\n","protected":false},"author":1,"featured_media":962292,"comment_status":"closed","ping_status":"closed","sticky":false,"template":"","format":"standard","meta":{"footnotes":""},"categories":[187],"tags":[],"class_list":["post-962291","post","type-post","status-publish","format-standard","has-post-thumbnail","hentry","category-economia"],"aioseo_notices":[],"aioseo_head":"\n\t\t<!-- All in One SEO Pro 4.9.6.2 - aioseo.com -->\n\t<meta name=\"description\" content=\"La afiliaci\u00f3n media a la Seguridad Social alcanza 18.417.756 ocupados en noviembre, tras registrar el mayor incremento interanual de la serie hist\u00f3rica en ese mes, a excepci\u00f3n de 2005 (a\u00f1o condicionado por la regularizaci\u00f3n extraordinaria de inmigrantes) con 637.232 afiliados m\u00e1s respecto a 2016. El mes de noviembre la Seguridad Social rest\u00f3 12.773 ocupados (-0,07%).\" \/>\n\t<meta name=\"robots\" content=\"max-image-preview:large\" \/>\n\t<meta name=\"author\" content=\"El Digital de Asturias\"\/>\n\t<meta name=\"google-site-verification\" content=\"UA-38556648-1\" \/>\n\t<meta name=\"msvalidate.01\" content=\"7dfe9f3f1b24437ab69f4f2559babe99\" \/>\n\t<meta name=\"keywords\" content=\"econom\u00eda\" \/>\n\t<link rel=\"canonical\" href=\"https:\/\/www.eldigitaldeasturias.com\/noticias\/la-seguridad-social-suma-637-232-afiliados-en-el-ultimo-ano\/\" \/>\n\t<meta name=\"generator\" content=\"All in One SEO Pro (AIOSEO) 4.9.6.2\" \/>\n\t\t<meta property=\"og:locale\" content=\"es_ES\" \/>\n\t\t<meta property=\"og:site_name\" content=\"El Digital de Asturias\" \/>\n\t\t<meta property=\"og:type\" content=\"article\" \/>\n\t\t<meta property=\"og:title\" content=\"La Seguridad Social suma 637.232 afiliados en el \u00faltimo a\u00f1o - El Digital de Asturias\" \/>\n\t\t<meta property=\"og:description\" content=\"La afiliaci\u00f3n media a la Seguridad Social alcanza 18.417.756 ocupados en noviembre, tras registrar el mayor incremento interanual de la serie hist\u00f3rica en ese mes, a excepci\u00f3n de 2005 (a\u00f1o condicionado por la regularizaci\u00f3n extraordinaria de inmigrantes) con 637.232 afiliados m\u00e1s respecto a 2016. El mes de noviembre la Seguridad Social rest\u00f3 12.773 ocupados (-0,07%).\" \/>\n\t\t<meta property=\"og:url\" content=\"https:\/\/www.eldigitaldeasturias.com\/noticias\/la-seguridad-social-suma-637-232-afiliados-en-el-ultimo-ano\/\" \/>\n\t\t<meta property=\"og:image\" content=\"https:\/\/www.eldigitaldeasturias.com\/noticias\/wp-content\/uploads\/2017\/12\/1010915_SedeINSS.jpg\" \/>\n\t\t<meta property=\"og:image:secure_url\" content=\"https:\/\/www.eldigitaldeasturias.com\/noticias\/wp-content\/uploads\/2017\/12\/1010915_SedeINSS.jpg\" \/>\n\t\t<meta property=\"og:image:width\" content=\"496\" \/>\n\t\t<meta property=\"og:image:height\" content=\"329\" \/>\n\t\t<meta property=\"article:tag\" content=\"econom\u00eda\" \/>\n\t\t<meta property=\"article:published_time\" content=\"2017-12-04T13:17:11+00:00\" \/>\n\t\t<meta property=\"article:modified_time\" content=\"2017-12-04T13:17:11+00:00\" \/>\n\t\t<meta property=\"article:publisher\" content=\"https:\/\/facebook.com\/eldigitaldeasturias\" \/>\n\t\t<meta name=\"twitter:card\" content=\"summary_large_image\" \/>\n\t\t<meta name=\"twitter:title\" content=\"La Seguridad Social suma 637.232 afiliados en el \u00faltimo a\u00f1o - El Digital de Asturias\" \/>\n\t\t<meta name=\"twitter:description\" content=\"La afiliaci\u00f3n media a la Seguridad Social alcanza 18.417.756 ocupados en noviembre, tras registrar el mayor incremento interanual de la serie hist\u00f3rica en ese mes, a excepci\u00f3n de 2005 (a\u00f1o condicionado por la regularizaci\u00f3n extraordinaria de inmigrantes) con 637.232 afiliados m\u00e1s respecto a 2016. El mes de noviembre la Seguridad Social rest\u00f3 12.773 ocupados (-0,07%).\" \/>\n\t\t<meta name=\"twitter:image\" content=\"https:\/\/www.eldigitaldeasturias.com\/noticias\/wp-content\/uploads\/2017\/12\/1010915_SedeINSS.jpg\" \/>\n\t\t<meta name=\"twitter:label1\" content=\"Escrito por\" \/>\n\t\t<meta name=\"twitter:data1\" content=\"El Digital de Asturias\" \/>\n\t\t<meta name=\"twitter:label2\" content=\"Tiempo de lectura estimado\" \/>\n\t\t<meta name=\"twitter:data2\" content=\"2 minutos\" \/>\n\t\t<script type=\"application\/ld+json\" class=\"aioseo-schema\">\n\t\t\t{\"@context\":\"https:\\\/\\\/schema.org\",\"@graph\":[{\"@type\":\"BlogPosting\",\"@id\":\"https:\\\/\\\/www.eldigitaldeasturias.com\\\/noticias\\\/la-seguridad-social-suma-637-232-afiliados-en-el-ultimo-ano\\\/#blogposting\",\"name\":\"La Seguridad Social suma 637.232 afiliados en el \\u00faltimo a\\u00f1o - El Digital de Asturias\",\"headline\":\"La Seguridad Social suma 637.232 afiliados en el \\u00faltimo a\\u00f1o\",\"author\":{\"@id\":\"https:\\\/\\\/www.eldigitaldeasturias.com\\\/noticias\\\/author\\\/admin\\\/#author\"},\"publisher\":{\"@id\":\"https:\\\/\\\/www.eldigitaldeasturias.com\\\/noticias\\\/#organization\"},\"image\":{\"@type\":\"ImageObject\",\"url\":\"https:\\\/\\\/www.eldigitaldeasturias.com\\\/noticias\\\/wp-content\\\/uploads\\\/2017\\\/12\\\/1010915_SedeINSS.jpg\",\"width\":496,\"height\":329},\"datePublished\":\"2017-12-04T13:17:11+01:00\",\"dateModified\":\"2017-12-04T13:17:11+01:00\",\"inLanguage\":\"es-ES\",\"mainEntityOfPage\":{\"@id\":\"https:\\\/\\\/www.eldigitaldeasturias.com\\\/noticias\\\/la-seguridad-social-suma-637-232-afiliados-en-el-ultimo-ano\\\/#webpage\"},\"isPartOf\":{\"@id\":\"https:\\\/\\\/www.eldigitaldeasturias.com\\\/noticias\\\/la-seguridad-social-suma-637-232-afiliados-en-el-ultimo-ano\\\/#webpage\"},\"articleSection\":\"Econom\\u00eda\"},{\"@type\":\"BreadcrumbList\",\"@id\":\"https:\\\/\\\/www.eldigitaldeasturias.com\\\/noticias\\\/la-seguridad-social-suma-637-232-afiliados-en-el-ultimo-ano\\\/#breadcrumblist\",\"itemListElement\":[{\"@type\":\"ListItem\",\"@id\":\"https:\\\/\\\/www.eldigitaldeasturias.com\\\/noticias#listItem\",\"position\":1,\"name\":\"Home\",\"item\":\"https:\\\/\\\/www.eldigitaldeasturias.com\\\/noticias\",\"nextItem\":{\"@type\":\"ListItem\",\"@id\":\"https:\\\/\\\/www.eldigitaldeasturias.com\\\/noticias\\\/category\\\/economia\\\/#listItem\",\"name\":\"Econom\\u00eda\"}},{\"@type\":\"ListItem\",\"@id\":\"https:\\\/\\\/www.eldigitaldeasturias.com\\\/noticias\\\/category\\\/economia\\\/#listItem\",\"position\":2,\"name\":\"Econom\\u00eda\",\"item\":\"https:\\\/\\\/www.eldigitaldeasturias.com\\\/noticias\\\/category\\\/economia\\\/\",\"nextItem\":{\"@type\":\"ListItem\",\"@id\":\"https:\\\/\\\/www.eldigitaldeasturias.com\\\/noticias\\\/la-seguridad-social-suma-637-232-afiliados-en-el-ultimo-ano\\\/#listItem\",\"name\":\"La Seguridad Social suma 637.232 afiliados en el \\u00faltimo a\\u00f1o\"},\"previousItem\":{\"@type\":\"ListItem\",\"@id\":\"https:\\\/\\\/www.eldigitaldeasturias.com\\\/noticias#listItem\",\"name\":\"Home\"}},{\"@type\":\"ListItem\",\"@id\":\"https:\\\/\\\/www.eldigitaldeasturias.com\\\/noticias\\\/la-seguridad-social-suma-637-232-afiliados-en-el-ultimo-ano\\\/#listItem\",\"position\":3,\"name\":\"La Seguridad Social suma 637.232 afiliados en el \\u00faltimo a\\u00f1o\",\"previousItem\":{\"@type\":\"ListItem\",\"@id\":\"https:\\\/\\\/www.eldigitaldeasturias.com\\\/noticias\\\/category\\\/economia\\\/#listItem\",\"name\":\"Econom\\u00eda\"}}]},{\"@type\":\"Organization\",\"@id\":\"https:\\\/\\\/www.eldigitaldeasturias.com\\\/noticias\\\/#organization\",\"name\":\"El Digital de Asturias\",\"description\":\"Hemeroteca\",\"url\":\"https:\\\/\\\/www.eldigitaldeasturias.com\\\/noticias\\\/\",\"email\":\"info@eldigitaldeasturias.com\",\"telephone\":\"+34652131393\",\"logo\":{\"@type\":\"ImageObject\",\"url\":\"https:\\\/\\\/www.eldigitaldeasturias.com\\\/noticias\\\/wp-content\\\/uploads\\\/2020\\\/12\\\/EDA.jpg\",\"@id\":\"https:\\\/\\\/www.eldigitaldeasturias.com\\\/noticias\\\/la-seguridad-social-suma-637-232-afiliados-en-el-ultimo-ano\\\/#organizationLogo\",\"width\":649,\"height\":297},\"image\":{\"@id\":\"https:\\\/\\\/www.eldigitaldeasturias.com\\\/noticias\\\/la-seguridad-social-suma-637-232-afiliados-en-el-ultimo-ano\\\/#organizationLogo\"},\"sameAs\":[\"https:\\\/\\\/facebook.com\\\/eldigitaldeasturias\",\"https:\\\/\\\/www.youtube.com\\\/channel\\\/UCZP-2wLEB9Rv6erhFmqVnvg\"],\"address\":{\"@id\":\"https:\\\/\\\/www.eldigitaldeasturias.com\\\/noticias\\\/#postaladdress\",\"@type\":\"PostalAddress\",\"streetAddress\":\"san antonio 4,\",\"postalCode\":\"33430\",\"addressLocality\":\"Cand\\u00e1s\",\"addressRegion\":\"Asturias\",\"addressCountry\":\"ES\"}},{\"@type\":\"Person\",\"@id\":\"https:\\\/\\\/www.eldigitaldeasturias.com\\\/noticias\\\/author\\\/admin\\\/#author\",\"url\":\"https:\\\/\\\/www.eldigitaldeasturias.com\\\/noticias\\\/author\\\/admin\\\/\",\"name\":\"El Digital de Asturias\",\"image\":{\"@type\":\"ImageObject\",\"@id\":\"https:\\\/\\\/www.eldigitaldeasturias.com\\\/noticias\\\/la-seguridad-social-suma-637-232-afiliados-en-el-ultimo-ano\\\/#authorImage\",\"url\":\"https:\\\/\\\/www.eldigitaldeasturias.com\\\/noticias\\\/wp-content\\\/litespeed\\\/avatar\\\/18677e78aa0546b92d9dbf31ec7d7668.jpg?ver=1777290358\",\"width\":96,\"height\":96,\"caption\":\"El Digital de Asturias\"}},{\"@type\":\"WebPage\",\"@id\":\"https:\\\/\\\/www.eldigitaldeasturias.com\\\/noticias\\\/la-seguridad-social-suma-637-232-afiliados-en-el-ultimo-ano\\\/#webpage\",\"url\":\"https:\\\/\\\/www.eldigitaldeasturias.com\\\/noticias\\\/la-seguridad-social-suma-637-232-afiliados-en-el-ultimo-ano\\\/\",\"name\":\"La Seguridad Social suma 637.232 afiliados en el \\u00faltimo a\\u00f1o - El Digital de Asturias\",\"description\":\"La afiliaci\\u00f3n media a la Seguridad Social alcanza 18.417.756 ocupados en noviembre, tras registrar el mayor incremento interanual de la serie hist\\u00f3rica en ese mes, a excepci\\u00f3n de 2005 (a\\u00f1o condicionado por la regularizaci\\u00f3n extraordinaria de inmigrantes) con 637.232 afiliados m\\u00e1s respecto a 2016. El mes de noviembre la Seguridad Social rest\\u00f3 12.773 ocupados (-0,07%).\",\"inLanguage\":\"es-ES\",\"isPartOf\":{\"@id\":\"https:\\\/\\\/www.eldigitaldeasturias.com\\\/noticias\\\/#website\"},\"breadcrumb\":{\"@id\":\"https:\\\/\\\/www.eldigitaldeasturias.com\\\/noticias\\\/la-seguridad-social-suma-637-232-afiliados-en-el-ultimo-ano\\\/#breadcrumblist\"},\"author\":{\"@id\":\"https:\\\/\\\/www.eldigitaldeasturias.com\\\/noticias\\\/author\\\/admin\\\/#author\"},\"creator\":{\"@id\":\"https:\\\/\\\/www.eldigitaldeasturias.com\\\/noticias\\\/author\\\/admin\\\/#author\"},\"image\":{\"@type\":\"ImageObject\",\"url\":\"https:\\\/\\\/www.eldigitaldeasturias.com\\\/noticias\\\/wp-content\\\/uploads\\\/2017\\\/12\\\/1010915_SedeINSS.jpg\",\"@id\":\"https:\\\/\\\/www.eldigitaldeasturias.com\\\/noticias\\\/la-seguridad-social-suma-637-232-afiliados-en-el-ultimo-ano\\\/#mainImage\",\"width\":496,\"height\":329},\"primaryImageOfPage\":{\"@id\":\"https:\\\/\\\/www.eldigitaldeasturias.com\\\/noticias\\\/la-seguridad-social-suma-637-232-afiliados-en-el-ultimo-ano\\\/#mainImage\"},\"datePublished\":\"2017-12-04T13:17:11+01:00\",\"dateModified\":\"2017-12-04T13:17:11+01:00\"},{\"@type\":\"WebSite\",\"@id\":\"https:\\\/\\\/www.eldigitaldeasturias.com\\\/noticias\\\/#website\",\"url\":\"https:\\\/\\\/www.eldigitaldeasturias.com\\\/noticias\\\/\",\"name\":\"El Digital de Asturias - Diario de actualidad y noticias\",\"alternateName\":\"El Digital de Asturias - Diario de actualidad y noticias\",\"description\":\"Hemeroteca\",\"inLanguage\":\"es-ES\",\"publisher\":{\"@id\":\"https:\\\/\\\/www.eldigitaldeasturias.com\\\/noticias\\\/#organization\"}}]}\n\t\t<\/script>\n\t\t<!-- All in One SEO Pro -->\r\n\t\t<title>La Seguridad Social suma 637.232 afiliados en el \u00faltimo a\u00f1o - El Digital de Asturias<\/title>\n\n","aioseo_head_json":{"title":"La Seguridad Social suma 637.232 afiliados en el \u00faltimo a\u00f1o - El Digital de Asturias","description":"La afiliaci\u00f3n media a la Seguridad Social alcanza 18.417.756 ocupados en noviembre, tras registrar el mayor incremento interanual de la serie hist\u00f3rica en ese mes, a excepci\u00f3n de 2005 (a\u00f1o condicionado por la regularizaci\u00f3n extraordinaria de inmigrantes) con 637.232 afiliados m\u00e1s respecto a 2016. El mes de noviembre la Seguridad Social rest\u00f3 12.773 ocupados (-0,07%).","canonical_url":"https:\/\/www.eldigitaldeasturias.com\/noticias\/la-seguridad-social-suma-637-232-afiliados-en-el-ultimo-ano\/","robots":"max-image-preview:large","keywords":"econom\u00eda","webmasterTools":{"google-site-verification":"UA-38556648-1","msvalidate.01":"7dfe9f3f1b24437ab69f4f2559babe99","miscellaneous":""},"schema":{"@context":"https:\/\/schema.org","@graph":[{"@type":"BlogPosting","@id":"https:\/\/www.eldigitaldeasturias.com\/noticias\/la-seguridad-social-suma-637-232-afiliados-en-el-ultimo-ano\/#blogposting","name":"La Seguridad Social suma 637.232 afiliados en el \u00faltimo a\u00f1o - El Digital de Asturias","headline":"La Seguridad Social suma 637.232 afiliados en el \u00faltimo a\u00f1o","author":{"@id":"https:\/\/www.eldigitaldeasturias.com\/noticias\/author\/admin\/#author"},"publisher":{"@id":"https:\/\/www.eldigitaldeasturias.com\/noticias\/#organization"},"image":{"@type":"ImageObject","url":"https:\/\/www.eldigitaldeasturias.com\/noticias\/wp-content\/uploads\/2017\/12\/1010915_SedeINSS.jpg","width":496,"height":329},"datePublished":"2017-12-04T13:17:11+01:00","dateModified":"2017-12-04T13:17:11+01:00","inLanguage":"es-ES","mainEntityOfPage":{"@id":"https:\/\/www.eldigitaldeasturias.com\/noticias\/la-seguridad-social-suma-637-232-afiliados-en-el-ultimo-ano\/#webpage"},"isPartOf":{"@id":"https:\/\/www.eldigitaldeasturias.com\/noticias\/la-seguridad-social-suma-637-232-afiliados-en-el-ultimo-ano\/#webpage"},"articleSection":"Econom\u00eda"},{"@type":"BreadcrumbList","@id":"https:\/\/www.eldigitaldeasturias.com\/noticias\/la-seguridad-social-suma-637-232-afiliados-en-el-ultimo-ano\/#breadcrumblist","itemListElement":[{"@type":"ListItem","@id":"https:\/\/www.eldigitaldeasturias.com\/noticias#listItem","position":1,"name":"Home","item":"https:\/\/www.eldigitaldeasturias.com\/noticias","nextItem":{"@type":"ListItem","@id":"https:\/\/www.eldigitaldeasturias.com\/noticias\/category\/economia\/#listItem","name":"Econom\u00eda"}},{"@type":"ListItem","@id":"https:\/\/www.eldigitaldeasturias.com\/noticias\/category\/economia\/#listItem","position":2,"name":"Econom\u00eda","item":"https:\/\/www.eldigitaldeasturias.com\/noticias\/category\/economia\/","nextItem":{"@type":"ListItem","@id":"https:\/\/www.eldigitaldeasturias.com\/noticias\/la-seguridad-social-suma-637-232-afiliados-en-el-ultimo-ano\/#listItem","name":"La Seguridad Social suma 637.232 afiliados en el \u00faltimo a\u00f1o"},"previousItem":{"@type":"ListItem","@id":"https:\/\/www.eldigitaldeasturias.com\/noticias#listItem","name":"Home"}},{"@type":"ListItem","@id":"https:\/\/www.eldigitaldeasturias.com\/noticias\/la-seguridad-social-suma-637-232-afiliados-en-el-ultimo-ano\/#listItem","position":3,"name":"La Seguridad Social suma 637.232 afiliados en el \u00faltimo a\u00f1o","previousItem":{"@type":"ListItem","@id":"https:\/\/www.eldigitaldeasturias.com\/noticias\/category\/economia\/#listItem","name":"Econom\u00eda"}}]},{"@type":"Organization","@id":"https:\/\/www.eldigitaldeasturias.com\/noticias\/#organization","name":"El Digital de Asturias","description":"Hemeroteca","url":"https:\/\/www.eldigitaldeasturias.com\/noticias\/","email":"info@eldigitaldeasturias.com","telephone":"+34652131393","logo":{"@type":"ImageObject","url":"https:\/\/www.eldigitaldeasturias.com\/noticias\/wp-content\/uploads\/2020\/12\/EDA.jpg","@id":"https:\/\/www.eldigitaldeasturias.com\/noticias\/la-seguridad-social-suma-637-232-afiliados-en-el-ultimo-ano\/#organizationLogo","width":649,"height":297},"image":{"@id":"https:\/\/www.eldigitaldeasturias.com\/noticias\/la-seguridad-social-suma-637-232-afiliados-en-el-ultimo-ano\/#organizationLogo"},"sameAs":["https:\/\/facebook.com\/eldigitaldeasturias","https:\/\/www.youtube.com\/channel\/UCZP-2wLEB9Rv6erhFmqVnvg"],"address":{"@id":"https:\/\/www.eldigitaldeasturias.com\/noticias\/#postaladdress","@type":"PostalAddress","streetAddress":"san antonio 4,","postalCode":"33430","addressLocality":"Cand\u00e1s","addressRegion":"Asturias","addressCountry":"ES"}},{"@type":"Person","@id":"https:\/\/www.eldigitaldeasturias.com\/noticias\/author\/admin\/#author","url":"https:\/\/www.eldigitaldeasturias.com\/noticias\/author\/admin\/","name":"El Digital de Asturias","image":{"@type":"ImageObject","@id":"https:\/\/www.eldigitaldeasturias.com\/noticias\/la-seguridad-social-suma-637-232-afiliados-en-el-ultimo-ano\/#authorImage","url":"https:\/\/www.eldigitaldeasturias.com\/noticias\/wp-content\/litespeed\/avatar\/18677e78aa0546b92d9dbf31ec7d7668.jpg?ver=1777290358","width":96,"height":96,"caption":"El Digital de Asturias"}},{"@type":"WebPage","@id":"https:\/\/www.eldigitaldeasturias.com\/noticias\/la-seguridad-social-suma-637-232-afiliados-en-el-ultimo-ano\/#webpage","url":"https:\/\/www.eldigitaldeasturias.com\/noticias\/la-seguridad-social-suma-637-232-afiliados-en-el-ultimo-ano\/","name":"La Seguridad Social suma 637.232 afiliados en el \u00faltimo a\u00f1o - El Digital de Asturias","description":"La afiliaci\u00f3n media a la Seguridad Social alcanza 18.417.756 ocupados en noviembre, tras registrar el mayor incremento interanual de la serie hist\u00f3rica en ese mes, a excepci\u00f3n de 2005 (a\u00f1o condicionado por la regularizaci\u00f3n extraordinaria de inmigrantes) con 637.232 afiliados m\u00e1s respecto a 2016. El mes de noviembre la Seguridad Social rest\u00f3 12.773 ocupados (-0,07%).","inLanguage":"es-ES","isPartOf":{"@id":"https:\/\/www.eldigitaldeasturias.com\/noticias\/#website"},"breadcrumb":{"@id":"https:\/\/www.eldigitaldeasturias.com\/noticias\/la-seguridad-social-suma-637-232-afiliados-en-el-ultimo-ano\/#breadcrumblist"},"author":{"@id":"https:\/\/www.eldigitaldeasturias.com\/noticias\/author\/admin\/#author"},"creator":{"@id":"https:\/\/www.eldigitaldeasturias.com\/noticias\/author\/admin\/#author"},"image":{"@type":"ImageObject","url":"https:\/\/www.eldigitaldeasturias.com\/noticias\/wp-content\/uploads\/2017\/12\/1010915_SedeINSS.jpg","@id":"https:\/\/www.eldigitaldeasturias.com\/noticias\/la-seguridad-social-suma-637-232-afiliados-en-el-ultimo-ano\/#mainImage","width":496,"height":329},"primaryImageOfPage":{"@id":"https:\/\/www.eldigitaldeasturias.com\/noticias\/la-seguridad-social-suma-637-232-afiliados-en-el-ultimo-ano\/#mainImage"},"datePublished":"2017-12-04T13:17:11+01:00","dateModified":"2017-12-04T13:17:11+01:00"},{"@type":"WebSite","@id":"https:\/\/www.eldigitaldeasturias.com\/noticias\/#website","url":"https:\/\/www.eldigitaldeasturias.com\/noticias\/","name":"El Digital de Asturias - Diario de actualidad y noticias","alternateName":"El Digital de Asturias - Diario de actualidad y noticias","description":"Hemeroteca","inLanguage":"es-ES","publisher":{"@id":"https:\/\/www.eldigitaldeasturias.com\/noticias\/#organization"}}]},"og:locale":"es_ES","og:site_name":"El Digital de Asturias","og:type":"article","og:title":"La Seguridad Social suma 637.232 afiliados en el \u00faltimo a\u00f1o - El Digital de Asturias","og:description":"La afiliaci\u00f3n media a la Seguridad Social alcanza 18.417.756 ocupados en noviembre, tras registrar el mayor incremento interanual de la serie hist\u00f3rica en ese mes, a excepci\u00f3n de 2005 (a\u00f1o condicionado por la regularizaci\u00f3n extraordinaria de inmigrantes) con 637.232 afiliados m\u00e1s respecto a 2016. El mes de noviembre la Seguridad Social rest\u00f3 12.773 ocupados (-0,07%).","og:url":"https:\/\/www.eldigitaldeasturias.com\/noticias\/la-seguridad-social-suma-637-232-afiliados-en-el-ultimo-ano\/","og:image":"https:\/\/www.eldigitaldeasturias.com\/noticias\/wp-content\/uploads\/2017\/12\/1010915_SedeINSS.jpg","og:image:secure_url":"https:\/\/www.eldigitaldeasturias.com\/noticias\/wp-content\/uploads\/2017\/12\/1010915_SedeINSS.jpg","og:image:width":496,"og:image:height":329,"article:tag":["econom\u00eda"],"article:published_time":"2017-12-04T13:17:11+00:00","article:modified_time":"2017-12-04T13:17:11+00:00","article:publisher":"https:\/\/facebook.com\/eldigitaldeasturias","twitter:card":"summary_large_image","twitter:title":"La Seguridad Social suma 637.232 afiliados en el \u00faltimo a\u00f1o - El Digital de Asturias","twitter:description":"La afiliaci\u00f3n media a la Seguridad Social alcanza 18.417.756 ocupados en noviembre, tras registrar el mayor incremento interanual de la serie hist\u00f3rica en ese mes, a excepci\u00f3n de 2005 (a\u00f1o condicionado por la regularizaci\u00f3n extraordinaria de inmigrantes) con 637.232 afiliados m\u00e1s respecto a 2016. El mes de noviembre la Seguridad Social rest\u00f3 12.773 ocupados (-0,07%).","twitter:image":"https:\/\/www.eldigitaldeasturias.com\/noticias\/wp-content\/uploads\/2017\/12\/1010915_SedeINSS.jpg","twitter:label1":"Escrito por","twitter:data1":"El Digital de Asturias","twitter:label2":"Tiempo de lectura estimado","twitter:data2":"2 minutos"},"aioseo_meta_data":{"post_id":"962291","title":null,"description":null,"keywords":null,"keyphrases":null,"primary_term":null,"canonical_url":null,"og_title":null,"og_description":null,"og_object_type":"default","og_image_type":"default","og_image_url":null,"og_image_width":null,"og_image_height":null,"og_image_custom_url":null,"og_image_custom_fields":null,"og_video":null,"og_custom_url":null,"og_article_section":null,"og_article_tags":null,"twitter_use_og":false,"twitter_card":"default","twitter_image_type":"default","twitter_image_url":null,"twitter_image_custom_url":null,"twitter_image_custom_fields":null,"twitter_title":null,"twitter_description":null,"schema":{"blockGraphs":[],"customGraphs":[],"default":{"data":{"Article":[],"Course":[],"Dataset":[],"FAQPage":[],"Movie":[],"Person":[],"Product":[],"ProductReview":[],"Car":[],"Recipe":[],"Service":[],"SoftwareApplication":[],"WebPage":[]},"graphName":"","isEnabled":true},"graphs":[],"defaultGraph":"","defaultPostTypeGraph":""},"schema_type":null,"schema_type_options":null,"pillar_content":false,"robots_default":true,"robots_noindex":false,"robots_noarchive":false,"robots_nosnippet":false,"robots_nofollow":false,"robots_noimageindex":false,"robots_noodp":false,"robots_notranslate":false,"robots_max_snippet":null,"robots_max_videopreview":null,"robots_max_imagepreview":"large","priority":null,"frequency":null,"local_seo":null,"seo_analyzer_scan_date":"2025-12-07 11:54:55","breadcrumb_settings":null,"limit_modified_date":false,"open_ai":null,"ai":null,"created":"2020-12-21 12:46:39","updated":"2025-12-07 11:54:55"},"aioseo_breadcrumb":"<div class=\"aioseo-breadcrumbs\"><span class=\"aioseo-breadcrumb\">\n\t<a href=\"https:\/\/www.eldigitaldeasturias.com\/noticias\" title=\"Home\">Home<\/a>\n<\/span><span class=\"aioseo-breadcrumb-separator\">\u2013<\/span><span class=\"aioseo-breadcrumb\">\n\t<a href=\"https:\/\/www.eldigitaldeasturias.com\/noticias\/category\/economia\/\" title=\"Econom\u00eda\">Econom\u00eda<\/a>\n<\/span><span class=\"aioseo-breadcrumb-separator\">\u2013<\/span><span class=\"aioseo-breadcrumb\">\n\t<a href=\"https:\/\/www.eldigitaldeasturias.com\/noticias\/la-seguridad-social-suma-637-232-afiliados-en-el-ultimo-ano\/\" title=\"La Seguridad Social suma 637.232 afiliados en el \u00faltimo a\u00f1o\">La Seguridad Social suma 637.232 afiliados en el \u00faltimo a\u00f1o<\/a>\n<\/span><\/div>","aioseo_breadcrumb_json":[{"label":"Home","link":"https:\/\/www.eldigitaldeasturias.com\/noticias"},{"label":"Econom\u00eda","link":"https:\/\/www.eldigitaldeasturias.com\/noticias\/category\/economia\/"},{"label":"La Seguridad Social suma 637.232 afiliados en el \u00faltimo a\u00f1o","link":"https:\/\/www.eldigitaldeasturias.com\/noticias\/la-seguridad-social-suma-637-232-afiliados-en-el-ultimo-ano\/"}],"_links":{"self":[{"href":"https:\/\/www.eldigitaldeasturias.com\/noticias\/wp-json\/wp\/v2\/posts\/962291","targetHints":{"allow":["GET"]}}],"collection":[{"href":"https:\/\/www.eldigitaldeasturias.com\/noticias\/wp-json\/wp\/v2\/posts"}],"about":[{"href":"https:\/\/www.eldigitaldeasturias.com\/noticias\/wp-json\/wp\/v2\/types\/post"}],"author":[{"embeddable":true,"href":"https:\/\/www.eldigitaldeasturias.com\/noticias\/wp-json\/wp\/v2\/users\/1"}],"replies":[{"embeddable":true,"href":"https:\/\/www.eldigitaldeasturias.com\/noticias\/wp-json\/wp\/v2\/comments?post=962291"}],"version-history":[{"count":0,"href":"https:\/\/www.eldigitaldeasturias.com\/noticias\/wp-json\/wp\/v2\/posts\/962291\/revisions"}],"wp:featuredmedia":[{"embeddable":true,"href":"https:\/\/www.eldigitaldeasturias.com\/noticias\/wp-json\/wp\/v2\/media\/962292"}],"wp:attachment":[{"href":"https:\/\/www.eldigitaldeasturias.com\/noticias\/wp-json\/wp\/v2\/media?parent=962291"}],"wp:term":[{"taxonomy":"category","embeddable":true,"href":"https:\/\/www.eldigitaldeasturias.com\/noticias\/wp-json\/wp\/v2\/categories?post=962291"},{"taxonomy":"post_tag","embeddable":true,"href":"https:\/\/www.eldigitaldeasturias.com\/noticias\/wp-json\/wp\/v2\/tags?post=962291"}],"curies":[{"name":"wp","href":"https:\/\/api.w.org\/{rel}","templated":true}]}}