{"id":962240,"date":"2017-12-03T21:54:42","date_gmt":"2017-12-03T21:54:42","guid":{"rendered":"http:\/\/www.eldigitaldeasturias.com\/noticias\/?p=962240"},"modified":"2017-12-03T21:54:42","modified_gmt":"2017-12-03T21:54:42","slug":"albiol-pide-a-rivera-que-no-cambie-de-opinion-cada-semana","status":"publish","type":"post","link":"https:\/\/www.eldigitaldeasturias.com\/noticias\/albiol-pide-a-rivera-que-no-cambie-de-opinion-cada-semana\/","title":{"rendered":"Albiol pide a Rivera que \u201cno cambie de opini\u00f3n cada semana\u201d"},"content":{"rendered":"<p><img loading=\"lazy\" decoding=\"async\" class=\"alignleft size-medium wp-image-962241\" src=\"https:\/\/www.eldigitaldeasturias.com\/noticias\/wp-content\/uploads\/2017\/12\/albiol_presentacioncartel-360x163.jpg\" alt=\"\" width=\"360\" height=\"163\" \/>El candidato a la Generalitat y presidente del Partido Popular Catal\u00e1n, Xavier Garc\u00eda Albiol, ha situado hoy al PPC como \u201cel partido constitucionalista con las ideas m\u00e1s claras. \u201cFrente a los aventureros y oportunistas, est\u00e1 el PPC, un partido con ideas firmes respecto a la Constituci\u00f3n y la unidad de Espa\u00f1a y con capacidad de gesti\u00f3n demostrada\u201d, ha asegurado. Por ello, el l\u00edder popular considera, que el PPC ha de ser un partido \u201cclave y decisivo\u201d del pr\u00f3ximo gobierno que se configure en Catalu\u00f1a tras el 21D<\/p>\n<p>Garc\u00eda Albiol ha realizado estas declaraciones durante el acto de presentaci\u00f3n esta ma\u00f1ana de la imagen de campa\u00f1a en el que ha aprovechado para pedir al l\u00edder de Ciudadanos, Albert Rivera, \u201cm\u00e1s seriedad y claridad\u201d. \u201cEn estos momentos excepcionales que est\u00e1 viviendo Catalu\u00f1a no podemos estar cambiando de criterio cada semana\u201d, ha se\u00f1alado el l\u00edder popular en referencia al cambi\u00f3 de posici\u00f3n de Ciudadanos respecto al art\u00edculo 155 y, tambi\u00e9n en relaci\u00f3n a sus declaraciones sobre un posible acercamiento a Podemos, partido al que hoy, sin embargo, Rivera ha criticado por tratarse de un partido que quiere \u201cliquidar el marco constitucional\u201d.<\/p>\n<p>En este sentido, Garc\u00eda Albiol ha remarcado que \u201cahora m\u00e1s que nunca e imprescindible que los partidos que no somos independentistas dejemos al margen nuestras diferencias y avancemos hacia un proyecto com\u00fan para sacar a Catalu\u00f1a de la peor crisis que hemos vivido\u201d.<\/p>\n<p>Para el candidato popular a la Generalitat, las elecciones del 21D se dirimen entre \u201cPuigdemont &#8211; que quiere derogar el 155-, o aquellos que queremos avalar el 155 que Mariano Rajoy ha aplicado y que nos ha permitido retornar cierta normalidad en Catalu\u00f1a y ha supuesto que el proyecto independentista est\u00e9 llegando a su fin\u201d.<\/p>\n<p>Por \u00faltimo, el candidato popular ha destacado que la imagen de la campa\u00f1a \u201crepresenta el convencimiento de que Espa\u00f1a es la soluci\u00f3n a los problemas de los catalanes que ha provocado el independentismo\u201d.<\/p>\n","protected":false},"excerpt":{"rendered":"<p>El candidato a la Generalitat y presidente del Partido Popular Catal\u00e1n, Xavier Garc\u00eda Albiol, ha situado hoy al PPC como \u201cel partido constitucionalista con las ideas m\u00e1s claras. \u201cFrente a los aventureros y oportunistas, est\u00e1 el PPC, un partido con ideas firmes respecto a la Constituci\u00f3n y la unidad de Espa\u00f1a y con capacidad de [&hellip;]<\/p>\n","protected":false},"author":1,"featured_media":962241,"comment_status":"closed","ping_status":"closed","sticky":false,"template":"","format":"standard","meta":{"footnotes":""},"categories":[1],"tags":[],"class_list":["post-962240","post","type-post","status-publish","format-standard","has-post-thumbnail","hentry","category-actualidad"],"aioseo_notices":[],"aioseo_head":"\n\t\t<!-- All in One SEO Pro 5.0.1 - aioseo.com -->\n\t<meta name=\"description\" content=\"El candidato a la Generalitat y presidente del Partido Popular Catal\u00e1n, Xavier Garc\u00eda Albiol, ha situado hoy al PPC como \u201cel partido constitucionalista con las ideas m\u00e1s claras. \u201cFrente a los aventureros y oportunistas, est\u00e1 el PPC, un partido con ideas firmes respecto a la Constituci\u00f3n y la unidad de Espa\u00f1a y con capacidad de\" \/>\n\t<meta name=\"robots\" content=\"max-image-preview:large\" \/>\n\t<meta name=\"author\" content=\"El Digital de Asturias\"\/>\n\t<meta name=\"google-site-verification\" content=\"UA-38556648-1\" \/>\n\t<meta name=\"msvalidate.01\" content=\"7dfe9f3f1b24437ab69f4f2559babe99\" \/>\n\t<meta name=\"keywords\" content=\"actualidad\" \/>\n\t<link rel=\"canonical\" href=\"https:\/\/www.eldigitaldeasturias.com\/noticias\/albiol-pide-a-rivera-que-no-cambie-de-opinion-cada-semana\/\" \/>\n\t<meta name=\"generator\" content=\"All in One SEO Pro (AIOSEO) 5.0.1\" \/>\n\t\t<meta property=\"og:locale\" content=\"es_ES\" \/>\n\t\t<meta property=\"og:site_name\" content=\"El Digital de Asturias\" \/>\n\t\t<meta property=\"og:type\" content=\"article\" \/>\n\t\t<meta property=\"og:title\" content=\"Albiol pide a Rivera que \u201cno cambie de opini\u00f3n cada semana\u201d - El Digital de Asturias\" \/>\n\t\t<meta property=\"og:description\" content=\"El candidato a la Generalitat y presidente del Partido Popular Catal\u00e1n, Xavier Garc\u00eda Albiol, ha situado hoy al PPC como \u201cel partido constitucionalista con las ideas m\u00e1s claras. \u201cFrente a los aventureros y oportunistas, est\u00e1 el PPC, un partido con ideas firmes respecto a la Constituci\u00f3n y la unidad de Espa\u00f1a y con capacidad de\" \/>\n\t\t<meta property=\"og:url\" content=\"https:\/\/www.eldigitaldeasturias.com\/noticias\/albiol-pide-a-rivera-que-no-cambie-de-opinion-cada-semana\/\" \/>\n\t\t<meta property=\"article:tag\" content=\"actualidad\" \/>\n\t\t<meta property=\"article:published_time\" content=\"2017-12-03T21:54:42+00:00\" \/>\n\t\t<meta property=\"article:modified_time\" content=\"2017-12-03T21:54:42+00:00\" \/>\n\t\t<meta property=\"article:publisher\" content=\"https:\/\/facebook.com\/eldigitaldeasturias\" \/>\n\t\t<meta name=\"twitter:card\" content=\"summary_large_image\" \/>\n\t\t<meta name=\"twitter:title\" content=\"Albiol pide a Rivera que \u201cno cambie de opini\u00f3n cada semana\u201d - El Digital de Asturias\" \/>\n\t\t<meta name=\"twitter:description\" content=\"El candidato a la Generalitat y presidente del Partido Popular Catal\u00e1n, Xavier Garc\u00eda Albiol, ha situado hoy al PPC como \u201cel partido constitucionalista con las ideas m\u00e1s claras. \u201cFrente a los aventureros y oportunistas, est\u00e1 el PPC, un partido con ideas firmes respecto a la Constituci\u00f3n y la unidad de Espa\u00f1a y con capacidad de\" \/>\n\t\t<meta name=\"twitter:image\" content=\"https:\/\/www.eldigitaldeasturias.com\/noticias\/wp-content\/uploads\/2020\/12\/EDA-1.jpg\" \/>\n\t\t<meta name=\"twitter:label1\" content=\"Escrito por\" \/>\n\t\t<meta name=\"twitter:data1\" content=\"El Digital de Asturias\" \/>\n\t\t<meta name=\"twitter:label2\" content=\"Tiempo de lectura estimado\" \/>\n\t\t<meta name=\"twitter:data2\" content=\"2 minutos\" \/>\n\t\t<script type=\"application\/ld+json\" class=\"aioseo-schema\">\n\t\t\t{\"@context\":\"https:\\\/\\\/schema.org\",\"@graph\":[{\"@type\":\"BlogPosting\",\"@id\":\"https:\\\/\\\/www.eldigitaldeasturias.com\\\/noticias\\\/albiol-pide-a-rivera-que-no-cambie-de-opinion-cada-semana\\\/#blogposting\",\"name\":\"Albiol pide a Rivera que \\u201cno cambie de opini\\u00f3n cada semana\\u201d - El Digital de Asturias\",\"headline\":\"Albiol pide a Rivera que \\u201cno cambie de opini\\u00f3n cada semana\\u201d\",\"author\":{\"@id\":\"https:\\\/\\\/www.eldigitaldeasturias.com\\\/noticias\\\/author\\\/admin\\\/#author\"},\"publisher\":{\"@id\":\"https:\\\/\\\/www.eldigitaldeasturias.com\\\/noticias\\\/#organization\"},\"image\":{\"@type\":\"ImageObject\",\"url\":962241},\"datePublished\":\"2017-12-03T21:54:42+01:00\",\"dateModified\":\"2017-12-03T21:54:42+01:00\",\"inLanguage\":\"es-ES\",\"mainEntityOfPage\":{\"@id\":\"https:\\\/\\\/www.eldigitaldeasturias.com\\\/noticias\\\/albiol-pide-a-rivera-que-no-cambie-de-opinion-cada-semana\\\/#webpage\"},\"isPartOf\":{\"@id\":\"https:\\\/\\\/www.eldigitaldeasturias.com\\\/noticias\\\/albiol-pide-a-rivera-que-no-cambie-de-opinion-cada-semana\\\/#webpage\"},\"articleSection\":\"Actualidad\"},{\"@type\":\"BreadcrumbList\",\"@id\":\"https:\\\/\\\/www.eldigitaldeasturias.com\\\/noticias\\\/albiol-pide-a-rivera-que-no-cambie-de-opinion-cada-semana\\\/#breadcrumblist\",\"itemListElement\":[{\"@type\":\"ListItem\",\"@id\":\"https:\\\/\\\/www.eldigitaldeasturias.com\\\/noticias#listItem\",\"position\":1,\"name\":\"Home\",\"item\":\"https:\\\/\\\/www.eldigitaldeasturias.com\\\/noticias\",\"nextItem\":{\"@type\":\"ListItem\",\"@id\":\"https:\\\/\\\/www.eldigitaldeasturias.com\\\/noticias\\\/category\\\/actualidad\\\/#listItem\",\"name\":\"Actualidad\"}},{\"@type\":\"ListItem\",\"@id\":\"https:\\\/\\\/www.eldigitaldeasturias.com\\\/noticias\\\/category\\\/actualidad\\\/#listItem\",\"position\":2,\"name\":\"Actualidad\",\"item\":\"https:\\\/\\\/www.eldigitaldeasturias.com\\\/noticias\\\/category\\\/actualidad\\\/\",\"nextItem\":{\"@type\":\"ListItem\",\"@id\":\"https:\\\/\\\/www.eldigitaldeasturias.com\\\/noticias\\\/albiol-pide-a-rivera-que-no-cambie-de-opinion-cada-semana\\\/#listItem\",\"name\":\"Albiol pide a Rivera que \\u201cno cambie de opini\\u00f3n cada semana\\u201d\"},\"previousItem\":{\"@type\":\"ListItem\",\"@id\":\"https:\\\/\\\/www.eldigitaldeasturias.com\\\/noticias#listItem\",\"name\":\"Home\"}},{\"@type\":\"ListItem\",\"@id\":\"https:\\\/\\\/www.eldigitaldeasturias.com\\\/noticias\\\/albiol-pide-a-rivera-que-no-cambie-de-opinion-cada-semana\\\/#listItem\",\"position\":3,\"name\":\"Albiol pide a Rivera que \\u201cno cambie de opini\\u00f3n cada semana\\u201d\",\"previousItem\":{\"@type\":\"ListItem\",\"@id\":\"https:\\\/\\\/www.eldigitaldeasturias.com\\\/noticias\\\/category\\\/actualidad\\\/#listItem\",\"name\":\"Actualidad\"}}]},{\"@type\":\"Organization\",\"@id\":\"https:\\\/\\\/www.eldigitaldeasturias.com\\\/noticias\\\/#organization\",\"name\":\"El Digital de Asturias\",\"description\":\"Hemeroteca\",\"url\":\"https:\\\/\\\/www.eldigitaldeasturias.com\\\/noticias\\\/\",\"email\":\"info@eldigitaldeasturias.com\",\"telephone\":\"+34652131393\",\"logo\":{\"@type\":\"ImageObject\",\"url\":\"https:\\\/\\\/www.eldigitaldeasturias.com\\\/noticias\\\/wp-content\\\/uploads\\\/2020\\\/12\\\/EDA.jpg\",\"@id\":\"https:\\\/\\\/www.eldigitaldeasturias.com\\\/noticias\\\/albiol-pide-a-rivera-que-no-cambie-de-opinion-cada-semana\\\/#organizationLogo\"},\"image\":{\"@id\":\"https:\\\/\\\/www.eldigitaldeasturias.com\\\/noticias\\\/albiol-pide-a-rivera-que-no-cambie-de-opinion-cada-semana\\\/#organizationLogo\"},\"sameAs\":[\"https:\\\/\\\/facebook.com\\\/eldigitaldeasturias\",\"https:\\\/\\\/www.youtube.com\\\/channel\\\/UCZP-2wLEB9Rv6erhFmqVnvg\"],\"address\":{\"@id\":\"https:\\\/\\\/www.eldigitaldeasturias.com\\\/noticias\\\/#postaladdress\",\"@type\":\"PostalAddress\",\"streetAddress\":\"san antonio 4\",\"postalCode\":\"33430\",\"addressLocality\":\"Cand\\u00e1s\",\"addressRegion\":\"Asturias\",\"addressCountry\":\"ES\"}},{\"@type\":\"Person\",\"@id\":\"https:\\\/\\\/www.eldigitaldeasturias.com\\\/noticias\\\/author\\\/admin\\\/#author\",\"url\":\"https:\\\/\\\/www.eldigitaldeasturias.com\\\/noticias\\\/author\\\/admin\\\/\",\"name\":\"El Digital de Asturias\",\"image\":{\"@type\":\"ImageObject\",\"@id\":\"https:\\\/\\\/www.eldigitaldeasturias.com\\\/noticias\\\/albiol-pide-a-rivera-que-no-cambie-de-opinion-cada-semana\\\/#authorImage\",\"url\":\"https:\\\/\\\/secure.gravatar.com\\\/avatar\\\/df2aeffc32bcd13f8d26072ef8a91b623d677766deac7f97ca815868cd41bf5e?s=96&d=mm&r=g\",\"width\":96,\"height\":96,\"caption\":\"El Digital de Asturias\"}},{\"@type\":\"WebPage\",\"@id\":\"https:\\\/\\\/www.eldigitaldeasturias.com\\\/noticias\\\/albiol-pide-a-rivera-que-no-cambie-de-opinion-cada-semana\\\/#webpage\",\"url\":\"https:\\\/\\\/www.eldigitaldeasturias.com\\\/noticias\\\/albiol-pide-a-rivera-que-no-cambie-de-opinion-cada-semana\\\/\",\"name\":\"Albiol pide a Rivera que \\u201cno cambie de opini\\u00f3n cada semana\\u201d - El Digital de Asturias\",\"description\":\"El candidato a la Generalitat y presidente del Partido Popular Catal\\u00e1n, Xavier Garc\\u00eda Albiol, ha situado hoy al PPC como \\u201cel partido constitucionalista con las ideas m\\u00e1s claras. \\u201cFrente a los aventureros y oportunistas, est\\u00e1 el PPC, un partido con ideas firmes respecto a la Constituci\\u00f3n y la unidad de Espa\\u00f1a y con capacidad de\",\"inLanguage\":\"es-ES\",\"isPartOf\":{\"@id\":\"https:\\\/\\\/www.eldigitaldeasturias.com\\\/noticias\\\/#website\"},\"breadcrumb\":{\"@id\":\"https:\\\/\\\/www.eldigitaldeasturias.com\\\/noticias\\\/albiol-pide-a-rivera-que-no-cambie-de-opinion-cada-semana\\\/#breadcrumblist\"},\"author\":{\"@id\":\"https:\\\/\\\/www.eldigitaldeasturias.com\\\/noticias\\\/author\\\/admin\\\/#author\"},\"creator\":{\"@id\":\"https:\\\/\\\/www.eldigitaldeasturias.com\\\/noticias\\\/author\\\/admin\\\/#author\"},\"image\":{\"@type\":\"ImageObject\",\"url\":962241,\"@id\":\"https:\\\/\\\/www.eldigitaldeasturias.com\\\/noticias\\\/albiol-pide-a-rivera-que-no-cambie-de-opinion-cada-semana\\\/#mainImage\"},\"primaryImageOfPage\":{\"@id\":\"https:\\\/\\\/www.eldigitaldeasturias.com\\\/noticias\\\/albiol-pide-a-rivera-que-no-cambie-de-opinion-cada-semana\\\/#mainImage\"},\"datePublished\":\"2017-12-03T21:54:42+01:00\",\"dateModified\":\"2017-12-03T21:54:42+01:00\"},{\"@type\":\"WebSite\",\"@id\":\"https:\\\/\\\/www.eldigitaldeasturias.com\\\/noticias\\\/#website\",\"url\":\"https:\\\/\\\/www.eldigitaldeasturias.com\\\/noticias\\\/\",\"name\":\"El Digital de Asturias - Diario de actualidad y noticias\",\"alternateName\":\"El Digital de Asturias - Diario de actualidad y noticias\",\"description\":\"Hemeroteca\",\"inLanguage\":\"es-ES\",\"publisher\":{\"@id\":\"https:\\\/\\\/www.eldigitaldeasturias.com\\\/noticias\\\/#organization\"}}]}\n\t\t<\/script>\n\t\t<!-- All in One SEO Pro -->\r\n\t\t<title>Albiol pide a Rivera que \u201cno cambie de opini\u00f3n cada semana\u201d - El Digital de Asturias<\/title>\n\n","aioseo_head_json":{"title":"Albiol pide a Rivera que \u201cno cambie de opini\u00f3n cada semana\u201d - El Digital de Asturias","description":"El candidato a la Generalitat y presidente del Partido Popular Catal\u00e1n, Xavier Garc\u00eda Albiol, ha situado hoy al PPC como \u201cel partido constitucionalista con las ideas m\u00e1s claras. \u201cFrente a los aventureros y oportunistas, est\u00e1 el PPC, un partido con ideas firmes respecto a la Constituci\u00f3n y la unidad de Espa\u00f1a y con capacidad de","canonical_url":"https:\/\/www.eldigitaldeasturias.com\/noticias\/albiol-pide-a-rivera-que-no-cambie-de-opinion-cada-semana\/","robots":"max-image-preview:large","keywords":"actualidad","webmasterTools":{"google-site-verification":"UA-38556648-1","msvalidate.01":"7dfe9f3f1b24437ab69f4f2559babe99","miscellaneous":""},"schema":{"@context":"https:\/\/schema.org","@graph":[{"@type":"BlogPosting","@id":"https:\/\/www.eldigitaldeasturias.com\/noticias\/albiol-pide-a-rivera-que-no-cambie-de-opinion-cada-semana\/#blogposting","name":"Albiol pide a Rivera que \u201cno cambie de opini\u00f3n cada semana\u201d - El Digital de Asturias","headline":"Albiol pide a Rivera que \u201cno cambie de opini\u00f3n cada semana\u201d","author":{"@id":"https:\/\/www.eldigitaldeasturias.com\/noticias\/author\/admin\/#author"},"publisher":{"@id":"https:\/\/www.eldigitaldeasturias.com\/noticias\/#organization"},"image":{"@type":"ImageObject","url":962241},"datePublished":"2017-12-03T21:54:42+01:00","dateModified":"2017-12-03T21:54:42+01:00","inLanguage":"es-ES","mainEntityOfPage":{"@id":"https:\/\/www.eldigitaldeasturias.com\/noticias\/albiol-pide-a-rivera-que-no-cambie-de-opinion-cada-semana\/#webpage"},"isPartOf":{"@id":"https:\/\/www.eldigitaldeasturias.com\/noticias\/albiol-pide-a-rivera-que-no-cambie-de-opinion-cada-semana\/#webpage"},"articleSection":"Actualidad"},{"@type":"BreadcrumbList","@id":"https:\/\/www.eldigitaldeasturias.com\/noticias\/albiol-pide-a-rivera-que-no-cambie-de-opinion-cada-semana\/#breadcrumblist","itemListElement":[{"@type":"ListItem","@id":"https:\/\/www.eldigitaldeasturias.com\/noticias#listItem","position":1,"name":"Home","item":"https:\/\/www.eldigitaldeasturias.com\/noticias","nextItem":{"@type":"ListItem","@id":"https:\/\/www.eldigitaldeasturias.com\/noticias\/category\/actualidad\/#listItem","name":"Actualidad"}},{"@type":"ListItem","@id":"https:\/\/www.eldigitaldeasturias.com\/noticias\/category\/actualidad\/#listItem","position":2,"name":"Actualidad","item":"https:\/\/www.eldigitaldeasturias.com\/noticias\/category\/actualidad\/","nextItem":{"@type":"ListItem","@id":"https:\/\/www.eldigitaldeasturias.com\/noticias\/albiol-pide-a-rivera-que-no-cambie-de-opinion-cada-semana\/#listItem","name":"Albiol pide a Rivera que \u201cno cambie de opini\u00f3n cada semana\u201d"},"previousItem":{"@type":"ListItem","@id":"https:\/\/www.eldigitaldeasturias.com\/noticias#listItem","name":"Home"}},{"@type":"ListItem","@id":"https:\/\/www.eldigitaldeasturias.com\/noticias\/albiol-pide-a-rivera-que-no-cambie-de-opinion-cada-semana\/#listItem","position":3,"name":"Albiol pide a Rivera que \u201cno cambie de opini\u00f3n cada semana\u201d","previousItem":{"@type":"ListItem","@id":"https:\/\/www.eldigitaldeasturias.com\/noticias\/category\/actualidad\/#listItem","name":"Actualidad"}}]},{"@type":"Organization","@id":"https:\/\/www.eldigitaldeasturias.com\/noticias\/#organization","name":"El Digital de Asturias","description":"Hemeroteca","url":"https:\/\/www.eldigitaldeasturias.com\/noticias\/","email":"info@eldigitaldeasturias.com","telephone":"+34652131393","logo":{"@type":"ImageObject","url":"https:\/\/www.eldigitaldeasturias.com\/noticias\/wp-content\/uploads\/2020\/12\/EDA.jpg","@id":"https:\/\/www.eldigitaldeasturias.com\/noticias\/albiol-pide-a-rivera-que-no-cambie-de-opinion-cada-semana\/#organizationLogo"},"image":{"@id":"https:\/\/www.eldigitaldeasturias.com\/noticias\/albiol-pide-a-rivera-que-no-cambie-de-opinion-cada-semana\/#organizationLogo"},"sameAs":["https:\/\/facebook.com\/eldigitaldeasturias","https:\/\/www.youtube.com\/channel\/UCZP-2wLEB9Rv6erhFmqVnvg"],"address":{"@id":"https:\/\/www.eldigitaldeasturias.com\/noticias\/#postaladdress","@type":"PostalAddress","streetAddress":"san antonio 4","postalCode":"33430","addressLocality":"Cand\u00e1s","addressRegion":"Asturias","addressCountry":"ES"}},{"@type":"Person","@id":"https:\/\/www.eldigitaldeasturias.com\/noticias\/author\/admin\/#author","url":"https:\/\/www.eldigitaldeasturias.com\/noticias\/author\/admin\/","name":"El Digital de Asturias","image":{"@type":"ImageObject","@id":"https:\/\/www.eldigitaldeasturias.com\/noticias\/albiol-pide-a-rivera-que-no-cambie-de-opinion-cada-semana\/#authorImage","url":"https:\/\/secure.gravatar.com\/avatar\/df2aeffc32bcd13f8d26072ef8a91b623d677766deac7f97ca815868cd41bf5e?s=96&d=mm&r=g","width":96,"height":96,"caption":"El Digital de Asturias"}},{"@type":"WebPage","@id":"https:\/\/www.eldigitaldeasturias.com\/noticias\/albiol-pide-a-rivera-que-no-cambie-de-opinion-cada-semana\/#webpage","url":"https:\/\/www.eldigitaldeasturias.com\/noticias\/albiol-pide-a-rivera-que-no-cambie-de-opinion-cada-semana\/","name":"Albiol pide a Rivera que \u201cno cambie de opini\u00f3n cada semana\u201d - El Digital de Asturias","description":"El candidato a la Generalitat y presidente del Partido Popular Catal\u00e1n, Xavier Garc\u00eda Albiol, ha situado hoy al PPC como \u201cel partido constitucionalista con las ideas m\u00e1s claras. \u201cFrente a los aventureros y oportunistas, est\u00e1 el PPC, un partido con ideas firmes respecto a la Constituci\u00f3n y la unidad de Espa\u00f1a y con capacidad de","inLanguage":"es-ES","isPartOf":{"@id":"https:\/\/www.eldigitaldeasturias.com\/noticias\/#website"},"breadcrumb":{"@id":"https:\/\/www.eldigitaldeasturias.com\/noticias\/albiol-pide-a-rivera-que-no-cambie-de-opinion-cada-semana\/#breadcrumblist"},"author":{"@id":"https:\/\/www.eldigitaldeasturias.com\/noticias\/author\/admin\/#author"},"creator":{"@id":"https:\/\/www.eldigitaldeasturias.com\/noticias\/author\/admin\/#author"},"image":{"@type":"ImageObject","url":962241,"@id":"https:\/\/www.eldigitaldeasturias.com\/noticias\/albiol-pide-a-rivera-que-no-cambie-de-opinion-cada-semana\/#mainImage"},"primaryImageOfPage":{"@id":"https:\/\/www.eldigitaldeasturias.com\/noticias\/albiol-pide-a-rivera-que-no-cambie-de-opinion-cada-semana\/#mainImage"},"datePublished":"2017-12-03T21:54:42+01:00","dateModified":"2017-12-03T21:54:42+01:00"},{"@type":"WebSite","@id":"https:\/\/www.eldigitaldeasturias.com\/noticias\/#website","url":"https:\/\/www.eldigitaldeasturias.com\/noticias\/","name":"El Digital de Asturias - Diario de actualidad y noticias","alternateName":"El Digital de Asturias - Diario de actualidad y noticias","description":"Hemeroteca","inLanguage":"es-ES","publisher":{"@id":"https:\/\/www.eldigitaldeasturias.com\/noticias\/#organization"}}]},"og:locale":"es_ES","og:site_name":"El Digital de Asturias","og:type":"article","og:title":"Albiol pide a Rivera que \u201cno cambie de opini\u00f3n cada semana\u201d - El Digital de Asturias","og:description":"El candidato a la Generalitat y presidente del Partido Popular Catal\u00e1n, Xavier Garc\u00eda Albiol, ha situado hoy al PPC como \u201cel partido constitucionalista con las ideas m\u00e1s claras. \u201cFrente a los aventureros y oportunistas, est\u00e1 el PPC, un partido con ideas firmes respecto a la Constituci\u00f3n y la unidad de Espa\u00f1a y con capacidad de","og:url":"https:\/\/www.eldigitaldeasturias.com\/noticias\/albiol-pide-a-rivera-que-no-cambie-de-opinion-cada-semana\/","article:tag":["actualidad"],"article:published_time":"2017-12-03T21:54:42+00:00","article:modified_time":"2017-12-03T21:54:42+00:00","article:publisher":"https:\/\/facebook.com\/eldigitaldeasturias","twitter:card":"summary_large_image","twitter:title":"Albiol pide a Rivera que \u201cno cambie de opini\u00f3n cada semana\u201d - El Digital de Asturias","twitter:description":"El candidato a la Generalitat y presidente del Partido Popular Catal\u00e1n, Xavier Garc\u00eda Albiol, ha situado hoy al PPC como \u201cel partido constitucionalista con las ideas m\u00e1s claras. \u201cFrente a los aventureros y oportunistas, est\u00e1 el PPC, un partido con ideas firmes respecto a la Constituci\u00f3n y la unidad de Espa\u00f1a y con capacidad de","twitter:image":"https:\/\/www.eldigitaldeasturias.com\/noticias\/wp-content\/uploads\/2020\/12\/EDA-1.jpg","twitter:label1":"Escrito por","twitter:data1":"El Digital de Asturias","twitter:label2":"Tiempo de lectura estimado","twitter:data2":"2 minutos"},"aioseo_meta_data":{"post_id":"962240","title":null,"description":null,"keywords":null,"keyphrases":null,"primary_term":null,"canonical_url":null,"og_title":null,"og_description":null,"og_object_type":"default","og_image_type":"default","og_image_url":null,"og_image_width":null,"og_image_height":null,"og_image_custom_url":null,"og_image_custom_fields":null,"og_video":null,"og_custom_url":null,"og_article_section":null,"og_article_tags":null,"twitter_use_og":false,"twitter_card":"default","twitter_image_type":"default","twitter_image_url":null,"twitter_image_custom_url":null,"twitter_image_custom_fields":null,"twitter_title":null,"twitter_description":null,"schema":{"blockGraphs":[],"customGraphs":[],"default":{"data":{"Article":[],"Course":[],"Dataset":[],"FAQPage":[],"Movie":[],"Person":[],"Product":[],"ProductReview":[],"Car":[],"Recipe":[],"Service":[],"SoftwareApplication":[],"WebPage":[]},"graphName":"","isEnabled":true},"graphs":[],"defaultGraph":"","defaultPostTypeGraph":""},"schema_type":null,"schema_type_options":null,"pillar_content":false,"robots_default":true,"robots_noindex":false,"robots_noarchive":false,"robots_nosnippet":false,"robots_nofollow":false,"robots_noimageindex":false,"robots_noodp":false,"robots_notranslate":false,"robots_max_snippet":null,"robots_max_videopreview":null,"robots_max_imagepreview":"large","priority":null,"frequency":null,"local_seo":null,"seo_analyzer_scan_date":"2025-12-07 11:43:08","breadcrumb_settings":null,"limit_modified_date":false,"open_ai":null,"ai":null,"created":"2020-12-21 12:46:39","updated":"2025-12-07 11:43:08","focus_keyword":null,"additional_keywords":null,"truseo_locale":null},"aioseo_breadcrumb":"<div class=\"aioseo-breadcrumbs\"><span class=\"aioseo-breadcrumb\">\n\t<a href=\"https:\/\/www.eldigitaldeasturias.com\/noticias\" title=\"Home\">Home<\/a>\n<\/span><span class=\"aioseo-breadcrumb-separator\">\u2013<\/span><span class=\"aioseo-breadcrumb\">\n\t<a href=\"https:\/\/www.eldigitaldeasturias.com\/noticias\/category\/actualidad\/\" title=\"Actualidad\">Actualidad<\/a>\n<\/span><span class=\"aioseo-breadcrumb-separator\">\u2013<\/span><span class=\"aioseo-breadcrumb\">\n\t<a href=\"https:\/\/www.eldigitaldeasturias.com\/noticias\/albiol-pide-a-rivera-que-no-cambie-de-opinion-cada-semana\/\" title=\"Albiol pide a Rivera que \u201cno cambie de opini\u00f3n cada semana\u201d\">Albiol pide a Rivera que \u201cno cambie de opini\u00f3n cada semana\u201d<\/a>\n<\/span><\/div>","aioseo_breadcrumb_json":[{"label":"Home","link":"https:\/\/www.eldigitaldeasturias.com\/noticias"},{"label":"Actualidad","link":"https:\/\/www.eldigitaldeasturias.com\/noticias\/category\/actualidad\/"},{"label":"Albiol pide a Rivera que \u201cno cambie de opini\u00f3n cada semana\u201d","link":"https:\/\/www.eldigitaldeasturias.com\/noticias\/albiol-pide-a-rivera-que-no-cambie-de-opinion-cada-semana\/"}],"_links":{"self":[{"href":"https:\/\/www.eldigitaldeasturias.com\/noticias\/wp-json\/wp\/v2\/posts\/962240","targetHints":{"allow":["GET"]}}],"collection":[{"href":"https:\/\/www.eldigitaldeasturias.com\/noticias\/wp-json\/wp\/v2\/posts"}],"about":[{"href":"https:\/\/www.eldigitaldeasturias.com\/noticias\/wp-json\/wp\/v2\/types\/post"}],"author":[{"embeddable":true,"href":"https:\/\/www.eldigitaldeasturias.com\/noticias\/wp-json\/wp\/v2\/users\/1"}],"replies":[{"embeddable":true,"href":"https:\/\/www.eldigitaldeasturias.com\/noticias\/wp-json\/wp\/v2\/comments?post=962240"}],"version-history":[{"count":0,"href":"https:\/\/www.eldigitaldeasturias.com\/noticias\/wp-json\/wp\/v2\/posts\/962240\/revisions"}],"wp:attachment":[{"href":"https:\/\/www.eldigitaldeasturias.com\/noticias\/wp-json\/wp\/v2\/media?parent=962240"}],"wp:term":[{"taxonomy":"category","embeddable":true,"href":"https:\/\/www.eldigitaldeasturias.com\/noticias\/wp-json\/wp\/v2\/categories?post=962240"},{"taxonomy":"post_tag","embeddable":true,"href":"https:\/\/www.eldigitaldeasturias.com\/noticias\/wp-json\/wp\/v2\/tags?post=962240"}],"curies":[{"name":"wp","href":"https:\/\/api.w.org\/{rel}","templated":true}]}}